{"id":28587,"date":"2026-03-12T16:29:06","date_gmt":"2026-03-12T19:29:06","guid":{"rendered":"https:\/\/ciencia.ufpr.br\/portal\/?p=28587"},"modified":"2026-03-23T11:47:38","modified_gmt":"2026-03-23T14:47:38","slug":"rebeldia-sobre-rodas-como-o-skate-tensionou-a-ordem-urbana-em-curitiba","status":"publish","type":"post","link":"https:\/\/ciencia.ufpr.br\/portal\/rebeldia-sobre-rodas-como-o-skate-tensionou-a-ordem-urbana-em-curitiba\/","title":{"rendered":"Rebeldia sobre rodas: como o skate tensionou a ordem urbana em Curitiba"},"content":{"rendered":"<p>O skate, al\u00e9m de uma pr\u00e1tica esportiva, \u00e9 uma express\u00e3o cultural. Mas, no Brasil e at\u00e9 nos Estados Unidos, onde nasceu, ele foi visto com maus olhos por conservadores que o associavam \u00e0 rebeldia. Um estudo da UFPR (Universidade Federal do Paran\u00e1) investigou esse cen\u00e1rio em Curitiba. A pesquisa resultou na disserta\u00e7\u00e3o de mestrado em Educa\u00e7\u00e3o F\u00edsica de Joana Caroline Corr\u00eaa da Silva, que analisou a institucionaliza\u00e7\u00e3o do skate como esporte e sua dimens\u00e3o sociocultural na capital paranaense. A pesquisadora partiu da an\u00e1lise de reportagens publicadas em jornais locais entre 1975 e 1999.<\/p>\n<p>Segundo ela, as primeiras pistas e espa\u00e7os dedicados \u00e0 modalidade no Brasil surgiram nos anos 1970, primeiramente em S\u00e3o Paulo e no Rio de Janeiro, e depois em outras capitais. Em Curitiba, o esporte veio ao encontro com o projeto de cidade modelo que o munic\u00edpio pretendia consolidar \u00e0 \u00e9poca por meio da constru\u00e7\u00e3o de pistas e uma est\u00e9tica moderna.<\/p>\n<blockquote><p>As primeiras pistas p\u00fablicas, como a do Jardim Ambiental e a da Pra\u00e7a do Redentor (Pista do Ga\u00facho), inauguradas entre 1977 e 1978, foram celebradas como marcos de inova\u00e7\u00e3o. Os projetos mimetizavam elementos de cidades internacionais de refer\u00eancia. O desenho da Pista do Ga\u00facho, por exemplo, foi baseado em fotos da revista estadunidense Skateboarder, reproduzindo a arquitetura das piscinas californianas de fundo arredondado.<\/p><\/blockquote>\n<p>A constru\u00e7\u00e3o dessas pistas, que estavam entre as primeiras do pa\u00eds, materializava a inten\u00e7\u00e3o do munic\u00edpio de se apresentar como um centro urbano de vanguarda. \u201cA capital paranaense se tornou um polo do skate\u201d, diz o professor Andr\u00e9 Mendes Capraro, que orientou o estudo.<\/p>\n<h2>Democratiza\u00e7\u00e3o do skate gerou tens\u00f5es urbanas<\/h2>\n<p>A pesquisa lembra, entretanto, que, no in\u00edcio, o skate era acess\u00edvel a uma pequena elite, j\u00e1 que itens importados eram caros e a produ\u00e7\u00e3o nacional era pequena. Em uma not\u00edcia de 1977, um skatista relata que os melhores skates variavam de Cr$ 1.000,00 \u00e0 Cr$ 2.500,0041 (a moeda da \u00e9poca no Brasil era o Cruzeiro). A t\u00edtulo de compara\u00e7\u00e3o, um ano antes uma TV \u201cSemp\u201d de 24 polegadas foi anunciada por Cr$ 1.999,00 e um fog\u00e3o \u201cSemer\u201d com tampa por Cr$ 499,9042.<\/p>\n<p>Mas a cria\u00e7\u00e3o de skates artesanais pelos jovens e o desenvolvimento da ind\u00fastria nacional entre os anos 1980 e 1990, somados \u00e0 pr\u00f3pria constru\u00e7\u00e3o de pistas gratuitas no centro e em bairros perif\u00e9ricos democratizaram a pr\u00e1tica. Com isso, a cultura do skate passou a se associar a movimentos de contracultura. E foi a\u00ed que brotaram tens\u00f5es com o projeto de ordem urbana da cidade modelo.<\/p>\n<p>A vis\u00e3o dos skatistas pela sociedade curitibana provocou atritos em 1999, quando a instala\u00e7\u00e3o de uma pista de skate na Pra\u00e7a Afonso Botelho, no \u00c1gua Verde, bairro de classe m\u00e9dia alta, era uma possibilidade. Segundo a Gazeta do Povo, moradores da regi\u00e3o protestaram contra a novidade, postergando a inaugura\u00e7\u00e3o.<\/p>\n<blockquote><p>Diante desses conflitos, o poder p\u00fablico adotou uma estrat\u00e9gia de afastar o skate das \u00e1reas centrais, pontos tur\u00edsticos e regi\u00f5es enobrecidas, movimentando a constru\u00e7\u00e3o de novas pistas para a periferia. Onde a tens\u00e3o era maior, a a\u00e7\u00e3o muitas vezes foi a elimina\u00e7\u00e3o dos espa\u00e7os. Um exemplo emblem\u00e1tico foi o soterramento de uma pista improvisada na Pra\u00e7a da Ucr\u00e2nia em 1999, em uma regi\u00e3o nobre, realizado pela prefeitura ap\u00f3s queixas de moradores sobre a polui\u00e7\u00e3o sonora gerada pelos skatistas.<\/p><\/blockquote>\n<p>Em paralelo, Curitiba seguiu como refer\u00eancia nacional na modalidade. A import\u00e2ncia da cidade na hist\u00f3ria do esporte era tanta que a Confedera\u00e7\u00e3o Brasileira de Skate foi fundada no munic\u00edpio. A entidade nasceu em 1999, com a uni\u00e3o da Federa\u00e7\u00e3o de Skate do Paran\u00e1, Associa\u00e7\u00e3o Porto-Alegrense de Skate, Associa\u00e7\u00e3o de Skate Londrinense, Associa\u00e7\u00e3o de Skate da Zona Sul de S\u00e3o Paulo, Associa\u00e7\u00e3o Brasiliense de Skate e Associa\u00e7\u00e3o Baiana de Skate. A sede foi por um ano em Curitiba, para ent\u00e3o se transferir para S\u00e3o Paulo.<\/p>\n<h2>Mulheres enfrentavam machismo nas pistas<\/h2>\n<p>Outro ponto investigado pelo estudo foi a presen\u00e7a de mulheres praticando o esporte no munic\u00edpio. Silva encontrou relatos e documentos que colocam atletas como pioneiras nas primeiras competi\u00e7\u00f5es da hist\u00f3ria do munic\u00edpio. Foi o caso de Maria Elaigne Ferreira, que levou o segundo lugar no primeiro campeonato nacional em 1976.<\/p>\n<p>Mas, mesmo o skate sendo vinculado a um cen\u00e1rio progressista, havia rejei\u00e7\u00e3o dos homens frente a mulheres no esporte e situa\u00e7\u00f5es de misoginia, diz a pesquisadora. Relatos de jornais da \u00e9poca mostram que os homens as preferiam como espectadoras em vez de praticantes.<\/p>\n<blockquote><p>\u201cAs mulheres eram aceitas, mais at\u00e9 do que em outros esportes. Ao mesmo tempo, havia uma preocupa\u00e7\u00e3o em dizer: `olha, isso n\u00e3o \u00e9 para mulher pois pode machucar`. Sempre existiu esse cerceamento\u201d, diz Silva.<\/p><\/blockquote>\n<p>A pesquisadora acredita que o acesso e a pr\u00e1tica do skate em Curitiba contribu\u00edram para que a cidade se tornasse refer\u00eancia no esporte, mas destaca a import\u00e2ncia de elementos culturais constru\u00eddos a partir da modalidade.<\/p>\n<p>\u201cEm torno das pistas de skate, h\u00e1 apresenta\u00e7\u00f5es, batalhas de rima, ent\u00e3o, as pessoas querem estar naquele momento, participar. Gente que n\u00e3o necessariamente tem o intuito de al\u00e7ar grandes perspectivas nacionais e internacionais de competi\u00e7\u00e3o vai estar ali porque elas querem participar do momento e tudo isso vai aumentando o potencial de poss\u00edveis atletas\u201d, completa.<\/p>\n<p>Capraro refor\u00e7a o papel das universidades na promo\u00e7\u00e3o do skate por meio da pesquisa acad\u00eamica. \u201cExistem outras modalidades al\u00e9m daquelas com bolas, e a academia tem que se abrir a isso\u201d, diz.<\/p>\n<p style=\"text-align: right\">\u2795 Leia a disserta\u00e7\u00e3o <a href=\"https:\/\/acervodigital.ufpr.br\/xmlui\/bitstream\/handle\/1884\/92172\/R%20-%20D%20-%20JOANA%20CAROLINE%20CORREA%20DA%20SILVA.pdf?sequence=1&amp;isAllowed=y\"><em>Skate: uma express\u00e3o da cidade, as pistas p\u00fablicas e os prel\u00fadios da pr\u00e1tica em Curitiba<\/em><\/a><\/p>\n<p>Edi\u00e7\u00e3o: L\u00edvia In\u00e1cio<\/p>\n","protected":false},"excerpt":{"rendered":"<p>O skate, al\u00e9m de uma pr\u00e1tica esportiva, \u00e9 uma express\u00e3o cultural. Mas, no Brasil e at\u00e9 nos Estados Unidos, onde&#8230;<\/p>\n","protected":false},"author":2828,"featured_media":28591,"comment_status":"open","ping_status":"closed","sticky":false,"template":"","format":"standard","meta":{"_acf_changed":false,"footnotes":"","fifu_image_url":"","fifu_image_alt":"","_jetpack_memberships_contains_paid_content":false},"categories":[1608,1126,1618,1612,1],"tags":[2854,2035,1629,2883],"acf":[],"yoast_head":"<!-- This site is optimized with the Yoast SEO plugin v23.5 - https:\/\/yoast.com\/wordpress\/plugins\/seo\/ -->\n<title>Rebeldia sobre rodas: como o skate tensionou a ordem urbana em Curitiba - Ci\u00eancia UFPR<\/title>\n<meta name=\"description\" content=\"Estudo da UFPR analisa como a expans\u00e3o do skate em Curitiba transformou um esporte inicialmente elitizado em pr\u00e1tica popular\" \/>\n<meta name=\"robots\" content=\"index, follow, max-snippet:-1, max-image-preview:large, max-video-preview:-1\" \/>\n<link rel=\"canonical\" href=\"https:\/\/ciencia.ufpr.br\/portal\/rebeldia-sobre-rodas-como-o-skate-tensionou-a-ordem-urbana-em-curitiba\/\" \/>\n<meta property=\"og:locale\" content=\"pt_BR\" \/>\n<meta property=\"og:type\" content=\"article\" \/>\n<meta property=\"og:title\" content=\"Rebeldia sobre rodas: como o skate tensionou a ordem urbana em Curitiba - Ci\u00eancia UFPR\" \/>\n<meta property=\"og:description\" content=\"Estudo da UFPR analisa como a expans\u00e3o do skate em Curitiba transformou um esporte inicialmente elitizado em pr\u00e1tica popular\" \/>\n<meta property=\"og:url\" content=\"https:\/\/ciencia.ufpr.br\/portal\/rebeldia-sobre-rodas-como-o-skate-tensionou-a-ordem-urbana-em-curitiba\/\" \/>\n<meta property=\"og:site_name\" content=\"Ci\u00eancia UFPR\" \/>\n<meta property=\"article:publisher\" content=\"https:\/\/www.facebook.com\/cienciaufproficial\" \/>\n<meta property=\"article:published_time\" content=\"2026-03-12T19:29:06+00:00\" \/>\n<meta property=\"article:modified_time\" content=\"2026-03-23T14:47:38+00:00\" \/>\n<meta property=\"og:image\" content=\"https:\/\/ciencia.ufpr.br\/portal\/wp-content\/uploads\/2026\/03\/00444606.jpg\" \/>\n\t<meta property=\"og:image:width\" content=\"2560\" \/>\n\t<meta property=\"og:image:height\" content=\"1703\" \/>\n\t<meta property=\"og:image:type\" content=\"image\/jpeg\" \/>\n<meta name=\"author\" content=\"jo\u00e3o heim\" \/>\n<meta name=\"twitter:card\" content=\"summary_large_image\" \/>\n<meta name=\"twitter:creator\" content=\"@cienciaufpr\" \/>\n<meta name=\"twitter:site\" content=\"@cienciaufpr\" \/>\n<meta name=\"twitter:label1\" content=\"Escrito por\" \/>\n\t<meta name=\"twitter:data1\" content=\"jo\u00e3o heim\" \/>\n\t<meta name=\"twitter:label2\" content=\"Est. tempo de leitura\" \/>\n\t<meta name=\"twitter:data2\" content=\"5 minutos\" \/>\n<script type=\"application\/ld+json\" class=\"yoast-schema-graph\">{\"@context\":\"https:\/\/schema.org\",\"@graph\":[{\"@type\":\"Article\",\"@id\":\"https:\/\/ciencia.ufpr.br\/portal\/rebeldia-sobre-rodas-como-o-skate-tensionou-a-ordem-urbana-em-curitiba\/#article\",\"isPartOf\":{\"@id\":\"https:\/\/ciencia.ufpr.br\/portal\/rebeldia-sobre-rodas-como-o-skate-tensionou-a-ordem-urbana-em-curitiba\/\"},\"author\":{\"name\":\"jo\u00e3o heim\",\"@id\":\"https:\/\/ciencia.ufpr.br\/portal\/#\/schema\/person\/5c4fbe04dc4979754c214f295d50aa4a\"},\"headline\":\"Rebeldia sobre rodas: como o skate tensionou a ordem urbana em Curitiba\",\"datePublished\":\"2026-03-12T19:29:06+00:00\",\"dateModified\":\"2026-03-23T14:47:38+00:00\",\"mainEntityOfPage\":{\"@id\":\"https:\/\/ciencia.ufpr.br\/portal\/rebeldia-sobre-rodas-como-o-skate-tensionou-a-ordem-urbana-em-curitiba\/\"},\"wordCount\":998,\"commentCount\":0,\"publisher\":{\"@id\":\"https:\/\/ciencia.ufpr.br\/portal\/#organization\"},\"image\":{\"@id\":\"https:\/\/ciencia.ufpr.br\/portal\/rebeldia-sobre-rodas-como-o-skate-tensionou-a-ordem-urbana-em-curitiba\/#primaryimage\"},\"thumbnailUrl\":\"https:\/\/ciencia.ufpr.br\/portal\/wp-content\/uploads\/2026\/03\/00444606.jpg\",\"keywords\":[\"2026\",\"Curitiba\",\"esporte\",\"skate\"],\"articleSection\":[\"Biol\u00f3gicas\",\"Comunidade\",\"Humanas\",\"Meio ambiente\",\"Reportagem\"],\"inLanguage\":\"pt-BR\",\"potentialAction\":[{\"@type\":\"CommentAction\",\"name\":\"Comment\",\"target\":[\"https:\/\/ciencia.ufpr.br\/portal\/rebeldia-sobre-rodas-como-o-skate-tensionou-a-ordem-urbana-em-curitiba\/#respond\"]}]},{\"@type\":\"WebPage\",\"@id\":\"https:\/\/ciencia.ufpr.br\/portal\/rebeldia-sobre-rodas-como-o-skate-tensionou-a-ordem-urbana-em-curitiba\/\",\"url\":\"https:\/\/ciencia.ufpr.br\/portal\/rebeldia-sobre-rodas-como-o-skate-tensionou-a-ordem-urbana-em-curitiba\/\",\"name\":\"Rebeldia sobre rodas: como o skate tensionou a ordem urbana em Curitiba - Ci\u00eancia UFPR\",\"isPartOf\":{\"@id\":\"https:\/\/ciencia.ufpr.br\/portal\/#website\"},\"primaryImageOfPage\":{\"@id\":\"https:\/\/ciencia.ufpr.br\/portal\/rebeldia-sobre-rodas-como-o-skate-tensionou-a-ordem-urbana-em-curitiba\/#primaryimage\"},\"image\":{\"@id\":\"https:\/\/ciencia.ufpr.br\/portal\/rebeldia-sobre-rodas-como-o-skate-tensionou-a-ordem-urbana-em-curitiba\/#primaryimage\"},\"thumbnailUrl\":\"https:\/\/ciencia.ufpr.br\/portal\/wp-content\/uploads\/2026\/03\/00444606.jpg\",\"datePublished\":\"2026-03-12T19:29:06+00:00\",\"dateModified\":\"2026-03-23T14:47:38+00:00\",\"description\":\"Estudo da UFPR analisa como a expans\u00e3o do skate em Curitiba transformou um esporte inicialmente elitizado em pr\u00e1tica popular\",\"breadcrumb\":{\"@id\":\"https:\/\/ciencia.ufpr.br\/portal\/rebeldia-sobre-rodas-como-o-skate-tensionou-a-ordem-urbana-em-curitiba\/#breadcrumb\"},\"inLanguage\":\"pt-BR\",\"potentialAction\":[{\"@type\":\"ReadAction\",\"target\":[\"https:\/\/ciencia.ufpr.br\/portal\/rebeldia-sobre-rodas-como-o-skate-tensionou-a-ordem-urbana-em-curitiba\/\"]}]},{\"@type\":\"ImageObject\",\"inLanguage\":\"pt-BR\",\"@id\":\"https:\/\/ciencia.ufpr.br\/portal\/rebeldia-sobre-rodas-como-o-skate-tensionou-a-ordem-urbana-em-curitiba\/#primaryimage\",\"url\":\"https:\/\/ciencia.ufpr.br\/portal\/wp-content\/uploads\/2026\/03\/00444606.jpg\",\"contentUrl\":\"https:\/\/ciencia.ufpr.br\/portal\/wp-content\/uploads\/2026\/03\/00444606.jpg\",\"width\":2560,\"height\":1703,\"caption\":\"Pista do Ga\u00facho, em Curitiba, \u00e9 uma das primeiras do Brasil. (Jos\u00e9 Fernando Ogura\/Prefeitura de Curitiba)\"},{\"@type\":\"BreadcrumbList\",\"@id\":\"https:\/\/ciencia.ufpr.br\/portal\/rebeldia-sobre-rodas-como-o-skate-tensionou-a-ordem-urbana-em-curitiba\/#breadcrumb\",\"itemListElement\":[{\"@type\":\"ListItem\",\"position\":1,\"name\":\"Home\",\"item\":\"https:\/\/ciencia.ufpr.br\/portal\/\"},{\"@type\":\"ListItem\",\"position\":2,\"name\":\"Rebeldia sobre rodas: como o skate tensionou a ordem urbana em Curitiba\"}]},{\"@type\":\"WebSite\",\"@id\":\"https:\/\/ciencia.ufpr.br\/portal\/#website\",\"url\":\"https:\/\/ciencia.ufpr.br\/portal\/\",\"name\":\"Ci\u00eancia UFPR\",\"description\":\"Site de temas cient\u00edficos com foco no conhecimento produzido na Universidade Federal do Paran\u00e1 (UFPR). Baseado na Revista Ci\u00eancia UFPR.\",\"publisher\":{\"@id\":\"https:\/\/ciencia.ufpr.br\/portal\/#organization\"},\"potentialAction\":[{\"@type\":\"SearchAction\",\"target\":{\"@type\":\"EntryPoint\",\"urlTemplate\":\"https:\/\/ciencia.ufpr.br\/portal\/?s={search_term_string}\"},\"query-input\":{\"@type\":\"PropertyValueSpecification\",\"valueRequired\":true,\"valueName\":\"search_term_string\"}}],\"inLanguage\":\"pt-BR\"},{\"@type\":\"Organization\",\"@id\":\"https:\/\/ciencia.ufpr.br\/portal\/#organization\",\"name\":\"Revista Ci\u00eancia UFPR\",\"url\":\"https:\/\/ciencia.ufpr.br\/portal\/\",\"logo\":{\"@type\":\"ImageObject\",\"inLanguage\":\"pt-BR\",\"@id\":\"https:\/\/ciencia.ufpr.br\/portal\/#\/schema\/logo\/image\/\",\"url\":\"https:\/\/ciencia.ufpr.br\/portal\/wp-content\/uploads\/2020\/12\/Revista-Ciencia-UFPR-vermelho.jpeg\",\"contentUrl\":\"https:\/\/ciencia.ufpr.br\/portal\/wp-content\/uploads\/2020\/12\/Revista-Ciencia-UFPR-vermelho.jpeg\",\"width\":992,\"height\":714,\"caption\":\"Revista Ci\u00eancia UFPR\"},\"image\":{\"@id\":\"https:\/\/ciencia.ufpr.br\/portal\/#\/schema\/logo\/image\/\"},\"sameAs\":[\"https:\/\/www.facebook.com\/cienciaufproficial\",\"https:\/\/x.com\/cienciaufpr\",\"https:\/\/www.instagram.com\/revistacienciaufpr\/\",\"https:\/\/www.linkedin.com\/company\/cienciaufproficial\",\"https:\/\/br.pinterest.com\/cienciaufpr\/\"]},{\"@type\":\"Person\",\"@id\":\"https:\/\/ciencia.ufpr.br\/portal\/#\/schema\/person\/5c4fbe04dc4979754c214f295d50aa4a\",\"name\":\"jo\u00e3o heim\",\"description\":\"Jornalista formado pela UFPR e mestre em Comunica\u00e7\u00e3o Multim\u00eddia. Trabalha atualmente na Superintend\u00eancia de Comunica\u00e7\u00e3o da UFPR como jornalista. J\u00e1 colaborou com os sites Ag\u00eancia Lupa, Revista \u00c9poca e Do Rico ao Pobre.\",\"url\":\"https:\/\/ciencia.ufpr.br\/portal\/author\/joaoheim\/\"}]}<\/script>\n<!-- \/ Yoast SEO plugin. -->","yoast_head_json":{"title":"Rebeldia sobre rodas: como o skate tensionou a ordem urbana em Curitiba - Ci\u00eancia UFPR","description":"Estudo da UFPR analisa como a expans\u00e3o do skate em Curitiba transformou um esporte inicialmente elitizado em pr\u00e1tica popular","robots":{"index":"index","follow":"follow","max-snippet":"max-snippet:-1","max-image-preview":"max-image-preview:large","max-video-preview":"max-video-preview:-1"},"canonical":"https:\/\/ciencia.ufpr.br\/portal\/rebeldia-sobre-rodas-como-o-skate-tensionou-a-ordem-urbana-em-curitiba\/","og_locale":"pt_BR","og_type":"article","og_title":"Rebeldia sobre rodas: como o skate tensionou a ordem urbana em Curitiba - Ci\u00eancia UFPR","og_description":"Estudo da UFPR analisa como a expans\u00e3o do skate em Curitiba transformou um esporte inicialmente elitizado em pr\u00e1tica popular","og_url":"https:\/\/ciencia.ufpr.br\/portal\/rebeldia-sobre-rodas-como-o-skate-tensionou-a-ordem-urbana-em-curitiba\/","og_site_name":"Ci\u00eancia UFPR","article_publisher":"https:\/\/www.facebook.com\/cienciaufproficial","article_published_time":"2026-03-12T19:29:06+00:00","article_modified_time":"2026-03-23T14:47:38+00:00","og_image":[{"width":2560,"height":1703,"url":"https:\/\/ciencia.ufpr.br\/portal\/wp-content\/uploads\/2026\/03\/00444606.jpg","type":"image\/jpeg"}],"author":"jo\u00e3o heim","twitter_card":"summary_large_image","twitter_creator":"@cienciaufpr","twitter_site":"@cienciaufpr","twitter_misc":{"Escrito por":"jo\u00e3o heim","Est. tempo de leitura":"5 minutos"},"schema":{"@context":"https:\/\/schema.org","@graph":[{"@type":"Article","@id":"https:\/\/ciencia.ufpr.br\/portal\/rebeldia-sobre-rodas-como-o-skate-tensionou-a-ordem-urbana-em-curitiba\/#article","isPartOf":{"@id":"https:\/\/ciencia.ufpr.br\/portal\/rebeldia-sobre-rodas-como-o-skate-tensionou-a-ordem-urbana-em-curitiba\/"},"author":{"name":"jo\u00e3o heim","@id":"https:\/\/ciencia.ufpr.br\/portal\/#\/schema\/person\/5c4fbe04dc4979754c214f295d50aa4a"},"headline":"Rebeldia sobre rodas: como o skate tensionou a ordem urbana em Curitiba","datePublished":"2026-03-12T19:29:06+00:00","dateModified":"2026-03-23T14:47:38+00:00","mainEntityOfPage":{"@id":"https:\/\/ciencia.ufpr.br\/portal\/rebeldia-sobre-rodas-como-o-skate-tensionou-a-ordem-urbana-em-curitiba\/"},"wordCount":998,"commentCount":0,"publisher":{"@id":"https:\/\/ciencia.ufpr.br\/portal\/#organization"},"image":{"@id":"https:\/\/ciencia.ufpr.br\/portal\/rebeldia-sobre-rodas-como-o-skate-tensionou-a-ordem-urbana-em-curitiba\/#primaryimage"},"thumbnailUrl":"https:\/\/ciencia.ufpr.br\/portal\/wp-content\/uploads\/2026\/03\/00444606.jpg","keywords":["2026","Curitiba","esporte","skate"],"articleSection":["Biol\u00f3gicas","Comunidade","Humanas","Meio ambiente","Reportagem"],"inLanguage":"pt-BR","potentialAction":[{"@type":"CommentAction","name":"Comment","target":["https:\/\/ciencia.ufpr.br\/portal\/rebeldia-sobre-rodas-como-o-skate-tensionou-a-ordem-urbana-em-curitiba\/#respond"]}]},{"@type":"WebPage","@id":"https:\/\/ciencia.ufpr.br\/portal\/rebeldia-sobre-rodas-como-o-skate-tensionou-a-ordem-urbana-em-curitiba\/","url":"https:\/\/ciencia.ufpr.br\/portal\/rebeldia-sobre-rodas-como-o-skate-tensionou-a-ordem-urbana-em-curitiba\/","name":"Rebeldia sobre rodas: como o skate tensionou a ordem urbana em Curitiba - Ci\u00eancia UFPR","isPartOf":{"@id":"https:\/\/ciencia.ufpr.br\/portal\/#website"},"primaryImageOfPage":{"@id":"https:\/\/ciencia.ufpr.br\/portal\/rebeldia-sobre-rodas-como-o-skate-tensionou-a-ordem-urbana-em-curitiba\/#primaryimage"},"image":{"@id":"https:\/\/ciencia.ufpr.br\/portal\/rebeldia-sobre-rodas-como-o-skate-tensionou-a-ordem-urbana-em-curitiba\/#primaryimage"},"thumbnailUrl":"https:\/\/ciencia.ufpr.br\/portal\/wp-content\/uploads\/2026\/03\/00444606.jpg","datePublished":"2026-03-12T19:29:06+00:00","dateModified":"2026-03-23T14:47:38+00:00","description":"Estudo da UFPR analisa como a expans\u00e3o do skate em Curitiba transformou um esporte inicialmente elitizado em pr\u00e1tica popular","breadcrumb":{"@id":"https:\/\/ciencia.ufpr.br\/portal\/rebeldia-sobre-rodas-como-o-skate-tensionou-a-ordem-urbana-em-curitiba\/#breadcrumb"},"inLanguage":"pt-BR","potentialAction":[{"@type":"ReadAction","target":["https:\/\/ciencia.ufpr.br\/portal\/rebeldia-sobre-rodas-como-o-skate-tensionou-a-ordem-urbana-em-curitiba\/"]}]},{"@type":"ImageObject","inLanguage":"pt-BR","@id":"https:\/\/ciencia.ufpr.br\/portal\/rebeldia-sobre-rodas-como-o-skate-tensionou-a-ordem-urbana-em-curitiba\/#primaryimage","url":"https:\/\/ciencia.ufpr.br\/portal\/wp-content\/uploads\/2026\/03\/00444606.jpg","contentUrl":"https:\/\/ciencia.ufpr.br\/portal\/wp-content\/uploads\/2026\/03\/00444606.jpg","width":2560,"height":1703,"caption":"Pista do Ga\u00facho, em Curitiba, \u00e9 uma das primeiras do Brasil. (Jos\u00e9 Fernando Ogura\/Prefeitura de Curitiba)"},{"@type":"BreadcrumbList","@id":"https:\/\/ciencia.ufpr.br\/portal\/rebeldia-sobre-rodas-como-o-skate-tensionou-a-ordem-urbana-em-curitiba\/#breadcrumb","itemListElement":[{"@type":"ListItem","position":1,"name":"Home","item":"https:\/\/ciencia.ufpr.br\/portal\/"},{"@type":"ListItem","position":2,"name":"Rebeldia sobre rodas: como o skate tensionou a ordem urbana em Curitiba"}]},{"@type":"WebSite","@id":"https:\/\/ciencia.ufpr.br\/portal\/#website","url":"https:\/\/ciencia.ufpr.br\/portal\/","name":"Ci\u00eancia UFPR","description":"Site de temas cient\u00edficos com foco no conhecimento produzido na Universidade Federal do Paran\u00e1 (UFPR). Baseado na Revista Ci\u00eancia UFPR.","publisher":{"@id":"https:\/\/ciencia.ufpr.br\/portal\/#organization"},"potentialAction":[{"@type":"SearchAction","target":{"@type":"EntryPoint","urlTemplate":"https:\/\/ciencia.ufpr.br\/portal\/?s={search_term_string}"},"query-input":{"@type":"PropertyValueSpecification","valueRequired":true,"valueName":"search_term_string"}}],"inLanguage":"pt-BR"},{"@type":"Organization","@id":"https:\/\/ciencia.ufpr.br\/portal\/#organization","name":"Revista Ci\u00eancia UFPR","url":"https:\/\/ciencia.ufpr.br\/portal\/","logo":{"@type":"ImageObject","inLanguage":"pt-BR","@id":"https:\/\/ciencia.ufpr.br\/portal\/#\/schema\/logo\/image\/","url":"https:\/\/ciencia.ufpr.br\/portal\/wp-content\/uploads\/2020\/12\/Revista-Ciencia-UFPR-vermelho.jpeg","contentUrl":"https:\/\/ciencia.ufpr.br\/portal\/wp-content\/uploads\/2020\/12\/Revista-Ciencia-UFPR-vermelho.jpeg","width":992,"height":714,"caption":"Revista Ci\u00eancia UFPR"},"image":{"@id":"https:\/\/ciencia.ufpr.br\/portal\/#\/schema\/logo\/image\/"},"sameAs":["https:\/\/www.facebook.com\/cienciaufproficial","https:\/\/x.com\/cienciaufpr","https:\/\/www.instagram.com\/revistacienciaufpr\/","https:\/\/www.linkedin.com\/company\/cienciaufproficial","https:\/\/br.pinterest.com\/cienciaufpr\/"]},{"@type":"Person","@id":"https:\/\/ciencia.ufpr.br\/portal\/#\/schema\/person\/5c4fbe04dc4979754c214f295d50aa4a","name":"jo\u00e3o heim","description":"Jornalista formado pela UFPR e mestre em Comunica\u00e7\u00e3o Multim\u00eddia. Trabalha atualmente na Superintend\u00eancia de Comunica\u00e7\u00e3o da UFPR como jornalista. J\u00e1 colaborou com os sites Ag\u00eancia Lupa, Revista \u00c9poca e Do Rico ao Pobre.","url":"https:\/\/ciencia.ufpr.br\/portal\/author\/joaoheim\/"}]}},"views":530,"jetpack_sharing_enabled":true,"jetpack_featured_media_url":"https:\/\/ciencia.ufpr.br\/portal\/wp-content\/uploads\/2026\/03\/00444606.jpg","_links":{"self":[{"href":"https:\/\/ciencia.ufpr.br\/portal\/wp-json\/wp\/v2\/posts\/28587"}],"collection":[{"href":"https:\/\/ciencia.ufpr.br\/portal\/wp-json\/wp\/v2\/posts"}],"about":[{"href":"https:\/\/ciencia.ufpr.br\/portal\/wp-json\/wp\/v2\/types\/post"}],"author":[{"embeddable":true,"href":"https:\/\/ciencia.ufpr.br\/portal\/wp-json\/wp\/v2\/users\/2828"}],"replies":[{"embeddable":true,"href":"https:\/\/ciencia.ufpr.br\/portal\/wp-json\/wp\/v2\/comments?post=28587"}],"version-history":[{"count":6,"href":"https:\/\/ciencia.ufpr.br\/portal\/wp-json\/wp\/v2\/posts\/28587\/revisions"}],"predecessor-version":[{"id":28597,"href":"https:\/\/ciencia.ufpr.br\/portal\/wp-json\/wp\/v2\/posts\/28587\/revisions\/28597"}],"wp:featuredmedia":[{"embeddable":true,"href":"https:\/\/ciencia.ufpr.br\/portal\/wp-json\/wp\/v2\/media\/28591"}],"wp:attachment":[{"href":"https:\/\/ciencia.ufpr.br\/portal\/wp-json\/wp\/v2\/media?parent=28587"}],"wp:term":[{"taxonomy":"category","embeddable":true,"href":"https:\/\/ciencia.ufpr.br\/portal\/wp-json\/wp\/v2\/categories?post=28587"},{"taxonomy":"post_tag","embeddable":true,"href":"https:\/\/ciencia.ufpr.br\/portal\/wp-json\/wp\/v2\/tags?post=28587"}],"curies":[{"name":"wp","href":"https:\/\/api.w.org\/{rel}","templated":true}]}}