{"id":28245,"date":"2026-01-26T15:26:25","date_gmt":"2026-01-26T18:26:25","guid":{"rendered":"https:\/\/ciencia.ufpr.br\/portal\/?p=28245"},"modified":"2026-02-23T11:29:05","modified_gmt":"2026-02-23T14:29:05","slug":"pesquisa-investiga-o-uso-da-babosa-em-curativos-mais-flexiveis-e-eficazes","status":"publish","type":"post","link":"https:\/\/ciencia.ufpr.br\/portal\/pesquisa-investiga-o-uso-da-babosa-em-curativos-mais-flexiveis-e-eficazes\/","title":{"rendered":"Pesquisa investiga o uso da babosa para curativos mais flex\u00edveis e eficazes"},"content":{"rendered":"<p>Um bom curativo precisa ser multitarefa: proteger o machucado, possibilitar trocas gasosas e acompanhar os movimentos do corpo sem se romper. Para garantir essa maleabilidade, a ind\u00fastria utiliza pl\u00e1sticos sint\u00e9ticos como base, mas e se houvesse um componente natural que, al\u00e9m de cobrir a ferida com capacidade de ajuste, tamb\u00e9m ajudasse a trat\u00e1-la?<\/p>\n<p>O pesquisador Fernando Miguel Stelmach Alves, do Departamento de Farm\u00e1cia da Universidade Federal do Paran\u00e1 (UFPR), pensou exatamente nisso quando viu a ferida de um amigo. Foi na <em>Aloe vera<\/em>, planta de uso medicinal milenar, popularmente conhecida como babosa, que ele encontrou uma poss\u00edvel resposta.<\/p>\n<p>Os resultados da primeira fase dessa pesquisa foram publicados em um artigo, agraciado com o <a href=\"https:\/\/www.seti.pr.gov.br\/premio2025\">38\u00ba Pr\u00eamio Paranaense de Ci\u00eancia e Tecnologia<\/a>, da Secretaria de Estado da Ci\u00eancia, Tecnologia e Ensino Superior do Paran\u00e1 (Seti), na categoria Estudante de Gradua\u00e7\u00e3o. Alves cursa o terceiro ano de Farm\u00e1cia e integra o projeto de inicia\u00e7\u00e3o cient\u00edfica<em> Desenvolvimento de filmes e hidrog\u00e9is para desordens cut\u00e2neas<\/em>, orientado pela professora Luana Mota Ferreira, do Centro de Estudos de Biofarm\u00e1cia (CEB) da UFPR, em Curitiba.<\/p>\n<h2>Extratos da babosa s\u00e3o a base da proposta<\/h2>\n<p>Planta t\u00edpica de casa de v\u00f3, a babosa \u00e9 composta por uma casca externa verde, uma seiva amarela por baixo (potencialmente t\u00f3xica) e um gel interno, que integra \u00e1gua e um caldo de amino\u00e1cidos, vitaminas, minerais, enzimas e os chamados polissacar\u00eddeos. Eles s\u00e3o carboidratos complexos, formados por longas cadeias de a\u00e7\u00facares, respons\u00e1veis por boa parte das propriedades hidratantes, cicatrizantes e moduladoras do sistema imune atribu\u00eddas \u00e0 babosa. E \u00e9 a\u00ed onde entra a pesquisa de Fernando.<\/p>\n<p>O discente investigou se esses compostos poderiam ir al\u00e9m do efeito terap\u00eautico tradicional e cumprir uma fun\u00e7\u00e3o estrutural em adesivos para machucados. A ideia foi usar o extrato da planta como parte do pr\u00f3prio material do curativo, substituindo plastificantes sint\u00e9ticos, e o resultado foi o desenvolvimento de filmes finos, naturais e bioadesivos, capazes n\u00e3o apenas de proteger a ferida, mas de contribuir com a cicatriza\u00e7\u00e3o.<\/p>\n<div style=\"width: 810px;\" class=\"wp-video\"><!--[if lt IE 9]><script>document.createElement('video');<\/script><![endif]-->\n<video class=\"wp-video-shortcode\" id=\"video-28245-1\" width=\"810\" height=\"1440\" preload=\"metadata\" controls=\"controls\"><source type=\"video\/mp4\" src=\"https:\/\/ciencia.ufpr.br\/portal\/wp-content\/uploads\/2026\/01\/ciencia-ufpr-Babosa-29.01_3.mp4?_=1\" \/><a href=\"https:\/\/ciencia.ufpr.br\/portal\/wp-content\/uploads\/2026\/01\/ciencia-ufpr-Babosa-29.01_3.mp4\">https:\/\/ciencia.ufpr.br\/portal\/wp-content\/uploads\/2026\/01\/ciencia-ufpr-Babosa-29.01_3.mp4<\/a><\/video><\/div>\n<p>Fernando explica que materiais ricos em polissacar\u00eddeos como a babosa conferem maleabilidade porque essas mol\u00e9culas se comportam como fios longos e flex\u00edveis, capazes de se mover, se dobrar e reter \u00e1gua sem se romper, j\u00e1 que s\u00e3o formadas por longas cadeias de a\u00e7\u00facares ligadas entre si.<\/p>\n<p>O aluno trabalhou com os principais polissacar\u00eddeos presentes no gel da Aloe vera junto a dois agentes muito usados pela ind\u00fastria farmac\u00eautica: a goma gelana, produzida por bact\u00e9rias, e a carragena, extra\u00edda de algas vermelhas. A partir dessas subst\u00e2ncias, desenvolveram-se filmes finos por um m\u00e9todo simples de laborat\u00f3rio, no qual os componentes s\u00e3o dissolvidos em \u00e1gua aquecida e depois secos at\u00e9 formar uma pel\u00edcula cont\u00ednua.<\/p>\n<p>O diferencial do experimento foi incorporar o extrato de babosa \u00e0 formula\u00e7\u00e3o n\u00e3o apenas como ativo cicatrizante, mas como parte do material, permitindo que os polissacar\u00eddeos da planta interagissem com as gomas e conferissem capacidade de ajuste ao curativo.<\/p>\n<h2>Resultados em laborat\u00f3rio s\u00e3o promissores<\/h2>\n<p>Os testes, ainda feitos em laborat\u00f3rio, mostraram que os dois materiais se comportam de formas distintas. Os filmes \u00e0 base de carragena apresentaram maior elasticidade e capacidade de absor\u00e7\u00e3o de l\u00edquidos, caracter\u00edsticas importantes para feridas que liberam secre\u00e7\u00e3o. J\u00e1 os filmes de goma gelana se mostraram mais r\u00edgidos e resistentes, oferecendo maior prote\u00e7\u00e3o mec\u00e2nica. Mas, nos dois casos, a presen\u00e7a do extrato de babosa melhorou a ades\u00e3o \u00e0 pele e contribuiu para a manuten\u00e7\u00e3o de um ambiente \u00famido, condi\u00e7\u00e3o importante para a cicatriza\u00e7\u00e3o. Segundo Alves, o projeto abre caminho para produtos biocompat\u00edveis, sustent\u00e1veis e acess\u00edveis.<\/p>\n<blockquote><p>\u201cOs materiais naturais t\u00eam sido cada vez mais explorados no campo farmac\u00eautico. Al\u00e9m disso, nossa formula\u00e7\u00e3o visa reduzir o n\u00famero de componentes envolvidos na fabrica\u00e7\u00e3o dos curativos\u201d, acrescenta a orientadora.<\/p><\/blockquote>\n<p>Os pr\u00f3ximos passos do estudo envolvem a realiza\u00e7\u00e3o de testes de biocompatibilidade e avalia\u00e7\u00f5es em modelos <em>in vivo<\/em>, etapas necess\u00e1rias para confirmar a seguran\u00e7a e a efic\u00e1cia dos filmes em condi\u00e7\u00f5es mais pr\u00f3ximas do uso real. A equipe tamb\u00e9m pretende investigar a incorpora\u00e7\u00e3o de outros compostos terap\u00eauticos \u00e0s pel\u00edculas, explorando efeitos sin\u00e9rgicos e ampliando as aplica\u00e7\u00f5es do material no cuidado de feridas.<\/p>\n<p>Para os pesquisadores, o principal desafio em trabalhar com ativos naturais \u00e9 a complexidade de suas matrizes. Diferente do que ocorre nos estudos com ativos sint\u00e9ticos, em que se avalia apenas uma subst\u00e2ncia, uma planta tem v\u00e1rios ativos que, somados, proporcionam seu efeito, e todos eles precisam ser avaliados.<\/p>\n<p>\u201cNossa pr\u00f3xima miss\u00e3o \u00e9 caracterizar fitoquimicamente esse extrato e dar um foco mais terap\u00eautico para a formula\u00e7\u00e3o, com avalia\u00e7\u00f5es de performance <em>in vitro<\/em> e <em>in vivo<\/em> e determinar a permea\u00e7\u00e3o cut\u00e2nea desses ativos\u201d, diz Ferreira.<\/p>\n<blockquote class=\"alignright\"><p>Aten\u00e7\u00e3o: o fato de a babosa ter se mostrado com potencial cient\u00edfico para uso em feridas n\u00e3o significa que se pode queimar etapas e adotar o produto in natura para isso \u00c9 importante ainda lembrar que <a href=\"https:\/\/antigo.anvisa.gov.br\/en\/noticias\/-\/asset_publisher\/FXrpx9qY7FbU\/content\/consumo-de-alimentos-a-base-de-aloe-vera-nao-e-seguro\/219201?inheritRedirect=false\" target=\"_blank\" rel=\"noopener\">o uso da babosa est\u00e1 hoje restrito pela Ag\u00eancia Nacional de Vigil\u00e2ncia Sanit\u00e1ria (Anvisa) a alguns produtos t\u00f3picos<\/a> (principalmente cosm\u00e9ticos), sendo proibida como ingrediente de bebidas e alimentos, salvo na fun\u00e7\u00e3o de aromatizante.<\/p><\/blockquote>\n<h2>Combina\u00e7\u00e3o entre ci\u00eancia aplicada e inova\u00e7\u00e3o pode ter levado a pr\u00eamio, diz docente<\/h2>\n<p>Alves est\u00e1 em sua terceira inicia\u00e7\u00e3o cient\u00edfica (IC) e teve sua proposta reconhecida em uma cerim\u00f4nia realizada em 28 de novembro de 2025 pela Seti. O evento valoriza iniciativas de pesquisa cient\u00edfica e tecnol\u00f3gica nas \u00e1reas de Ci\u00eancias da Sa\u00fade e Ci\u00eancias Exatas e da Terra, pesquisadores e cientistas vinculados \u00e0s institui\u00e7\u00f5es p\u00fablicas e privadas de ensino superior e de pesquisa, al\u00e9m de inventores independentes e jornalistas.<\/p>\n<p>Para a orientadora, v\u00e1rios fatores ajudam a explicar o reconhecimento do trabalho de Alves. Um deles \u00e9 o fato de a proposta de utilizar ativos naturais e biocompat\u00edveis, aliada ao emprego de t\u00e9cnicas avan\u00e7adas de quimiometria (conjunto de m\u00e9todos estat\u00edsticos para analisar grandes volumes de dados e compreender como diferentes componentes de uma formula\u00e7\u00e3o interagem).<\/p>\n<p>Essas ferramentas ajudam a garantir que os ingredientes n\u00e3o apenas funcionem juntos, mas com previsibilidade e seguran\u00e7a. Ainda, segundo a docente, o estudo ajuda a ampliar a discuss\u00e3o sobre a seguran\u00e7a de subst\u00e2ncias aplicadas diretamente na pele.<\/p>\n<p>A expertise cient\u00edfica do pesquisador por si s\u00f3 tamb\u00e9m foi um ponto relevante para o pr\u00eamio, diz a orientadora. \u201cO Fernando, como um aluno de gradua\u00e7\u00e3o, superou as expectativas. Um trabalho como esse \u00e9 compat\u00edvel com disserta\u00e7\u00f5es de mestrado e ele, mesmo em meio a disciplinas e poucos hor\u00e1rios, executou com maestria\u201d, diz.<\/p>\n<h5 style=\"text-align: right;\">\u2795 Leia a pesquisa <em><a href=\"https:\/\/www.sciencedirect.com\/science\/article\/abs\/pii\/S1773224724006518\">Aloe vera Miller extract as a plasticizer agent to polymeric films: A structural and functional component<\/a><\/em>, publicada no <em>Journal of Drug Delivery Science and Technology<\/em><\/h5>\n<p>&nbsp;<\/p>\n","protected":false},"excerpt":{"rendered":"<p>Um bom curativo precisa ser multitarefa: proteger o machucado, possibilitar trocas gasosas e acompanhar os movimentos do corpo sem se&#8230;<\/p>\n","protected":false},"author":2822,"featured_media":28248,"comment_status":"open","ping_status":"closed","sticky":false,"template":"","format":"standard","meta":{"_acf_changed":false,"footnotes":"","fifu_image_url":"","fifu_image_alt":"","_jetpack_memberships_contains_paid_content":false},"categories":[1608,1620,2202,1610,1613],"tags":[2854,2541,2745,1663,1930,1819],"acf":[],"yoast_head":"<!-- This site is optimized with the Yoast SEO plugin v23.5 - https:\/\/yoast.com\/wordpress\/plugins\/seo\/ -->\n<title>Pesquisa investiga o uso da babosa para curativos mais flex\u00edveis e eficazes - Ci\u00eancia UFPR<\/title>\n<meta name=\"description\" content=\"Pesquisa da UFPR investiga o uso da babosa para substituir plastificantes sint\u00e9ticos em curativos e leva pr\u00eamio de ci\u00eancia e tecnologia\" \/>\n<meta name=\"robots\" content=\"index, follow, max-snippet:-1, max-image-preview:large, max-video-preview:-1\" \/>\n<link rel=\"canonical\" href=\"https:\/\/ciencia.ufpr.br\/portal\/pesquisa-investiga-o-uso-da-babosa-em-curativos-mais-flexiveis-e-eficazes\/\" \/>\n<meta property=\"og:locale\" content=\"pt_BR\" \/>\n<meta property=\"og:type\" content=\"article\" \/>\n<meta property=\"og:title\" content=\"Pesquisa investiga o uso da babosa para curativos mais flex\u00edveis e eficazes - Ci\u00eancia UFPR\" \/>\n<meta property=\"og:description\" content=\"Pesquisa da UFPR investiga o uso da babosa para substituir plastificantes sint\u00e9ticos em curativos e leva pr\u00eamio de ci\u00eancia e tecnologia\" \/>\n<meta property=\"og:url\" content=\"https:\/\/ciencia.ufpr.br\/portal\/pesquisa-investiga-o-uso-da-babosa-em-curativos-mais-flexiveis-e-eficazes\/\" \/>\n<meta property=\"og:site_name\" content=\"Ci\u00eancia UFPR\" \/>\n<meta property=\"article:publisher\" content=\"https:\/\/www.facebook.com\/cienciaufproficial\" \/>\n<meta property=\"article:published_time\" content=\"2026-01-26T18:26:25+00:00\" \/>\n<meta property=\"article:modified_time\" content=\"2026-02-23T14:29:05+00:00\" \/>\n<meta property=\"og:image\" content=\"https:\/\/ciencia.ufpr.br\/portal\/wp-content\/uploads\/2026\/01\/Fernando_Stelmach-15-1.jpg\" \/>\n\t<meta property=\"og:image:width\" content=\"2048\" \/>\n\t<meta property=\"og:image:height\" content=\"1365\" \/>\n\t<meta property=\"og:image:type\" content=\"image\/jpeg\" \/>\n<meta name=\"author\" content=\"Livia Inacio\" \/>\n<meta name=\"twitter:card\" content=\"summary_large_image\" \/>\n<meta name=\"twitter:creator\" content=\"@cienciaufpr\" \/>\n<meta name=\"twitter:site\" content=\"@cienciaufpr\" \/>\n<meta name=\"twitter:label1\" content=\"Escrito por\" \/>\n\t<meta name=\"twitter:data1\" content=\"Livia Inacio\" \/>\n\t<meta name=\"twitter:label2\" content=\"Est. tempo de leitura\" \/>\n\t<meta name=\"twitter:data2\" content=\"6 minutos\" \/>\n<script type=\"application\/ld+json\" class=\"yoast-schema-graph\">{\"@context\":\"https:\/\/schema.org\",\"@graph\":[{\"@type\":\"Article\",\"@id\":\"https:\/\/ciencia.ufpr.br\/portal\/pesquisa-investiga-o-uso-da-babosa-em-curativos-mais-flexiveis-e-eficazes\/#article\",\"isPartOf\":{\"@id\":\"https:\/\/ciencia.ufpr.br\/portal\/pesquisa-investiga-o-uso-da-babosa-em-curativos-mais-flexiveis-e-eficazes\/\"},\"author\":{\"name\":\"Livia Inacio\",\"@id\":\"https:\/\/ciencia.ufpr.br\/portal\/#\/schema\/person\/350891bfb68c2eff623c71cdf0d4b48d\"},\"headline\":\"Pesquisa investiga o uso da babosa para curativos mais flex\u00edveis e eficazes\",\"datePublished\":\"2026-01-26T18:26:25+00:00\",\"dateModified\":\"2026-02-23T14:29:05+00:00\",\"mainEntityOfPage\":{\"@id\":\"https:\/\/ciencia.ufpr.br\/portal\/pesquisa-investiga-o-uso-da-babosa-em-curativos-mais-flexiveis-e-eficazes\/\"},\"wordCount\":1232,\"commentCount\":2,\"publisher\":{\"@id\":\"https:\/\/ciencia.ufpr.br\/portal\/#organization\"},\"image\":{\"@id\":\"https:\/\/ciencia.ufpr.br\/portal\/pesquisa-investiga-o-uso-da-babosa-em-curativos-mais-flexiveis-e-eficazes\/#primaryimage\"},\"thumbnailUrl\":\"https:\/\/ciencia.ufpr.br\/portal\/wp-content\/uploads\/2026\/01\/Fernando_Stelmach-15-1.jpg\",\"keywords\":[\"2026\",\"ci\u00eancia e tecnologia\",\"farm\u00e1cia\",\"farmacologia\",\"inicia\u00e7\u00e3o cient\u00edfica\",\"sa\u00fade\"],\"articleSection\":[\"Biol\u00f3gicas\",\"Inova\u00e7\u00e3o\",\"Not\u00edcia\",\"Sa\u00fade\",\"Tecnologia\"],\"inLanguage\":\"pt-BR\",\"potentialAction\":[{\"@type\":\"CommentAction\",\"name\":\"Comment\",\"target\":[\"https:\/\/ciencia.ufpr.br\/portal\/pesquisa-investiga-o-uso-da-babosa-em-curativos-mais-flexiveis-e-eficazes\/#respond\"]}]},{\"@type\":\"WebPage\",\"@id\":\"https:\/\/ciencia.ufpr.br\/portal\/pesquisa-investiga-o-uso-da-babosa-em-curativos-mais-flexiveis-e-eficazes\/\",\"url\":\"https:\/\/ciencia.ufpr.br\/portal\/pesquisa-investiga-o-uso-da-babosa-em-curativos-mais-flexiveis-e-eficazes\/\",\"name\":\"Pesquisa investiga o uso da babosa para curativos mais flex\u00edveis e eficazes - Ci\u00eancia UFPR\",\"isPartOf\":{\"@id\":\"https:\/\/ciencia.ufpr.br\/portal\/#website\"},\"primaryImageOfPage\":{\"@id\":\"https:\/\/ciencia.ufpr.br\/portal\/pesquisa-investiga-o-uso-da-babosa-em-curativos-mais-flexiveis-e-eficazes\/#primaryimage\"},\"image\":{\"@id\":\"https:\/\/ciencia.ufpr.br\/portal\/pesquisa-investiga-o-uso-da-babosa-em-curativos-mais-flexiveis-e-eficazes\/#primaryimage\"},\"thumbnailUrl\":\"https:\/\/ciencia.ufpr.br\/portal\/wp-content\/uploads\/2026\/01\/Fernando_Stelmach-15-1.jpg\",\"datePublished\":\"2026-01-26T18:26:25+00:00\",\"dateModified\":\"2026-02-23T14:29:05+00:00\",\"description\":\"Pesquisa da UFPR investiga o uso da babosa para substituir plastificantes sint\u00e9ticos em curativos e leva pr\u00eamio de ci\u00eancia e tecnologia\",\"breadcrumb\":{\"@id\":\"https:\/\/ciencia.ufpr.br\/portal\/pesquisa-investiga-o-uso-da-babosa-em-curativos-mais-flexiveis-e-eficazes\/#breadcrumb\"},\"inLanguage\":\"pt-BR\",\"potentialAction\":[{\"@type\":\"ReadAction\",\"target\":[\"https:\/\/ciencia.ufpr.br\/portal\/pesquisa-investiga-o-uso-da-babosa-em-curativos-mais-flexiveis-e-eficazes\/\"]}]},{\"@type\":\"ImageObject\",\"inLanguage\":\"pt-BR\",\"@id\":\"https:\/\/ciencia.ufpr.br\/portal\/pesquisa-investiga-o-uso-da-babosa-em-curativos-mais-flexiveis-e-eficazes\/#primaryimage\",\"url\":\"https:\/\/ciencia.ufpr.br\/portal\/wp-content\/uploads\/2026\/01\/Fernando_Stelmach-15-1.jpg\",\"contentUrl\":\"https:\/\/ciencia.ufpr.br\/portal\/wp-content\/uploads\/2026\/01\/Fernando_Stelmach-15-1.jpg\",\"width\":2048,\"height\":1365,\"caption\":\"Discente da UFPR desenvolve curativo male\u00e1vel \u00e0 base de babosa. Proposta est\u00e1 em fase de testes. (Foto: Marcos Solivan\/Sucom\/UFPR)\"},{\"@type\":\"BreadcrumbList\",\"@id\":\"https:\/\/ciencia.ufpr.br\/portal\/pesquisa-investiga-o-uso-da-babosa-em-curativos-mais-flexiveis-e-eficazes\/#breadcrumb\",\"itemListElement\":[{\"@type\":\"ListItem\",\"position\":1,\"name\":\"Home\",\"item\":\"https:\/\/ciencia.ufpr.br\/portal\/\"},{\"@type\":\"ListItem\",\"position\":2,\"name\":\"Pesquisa investiga o uso da babosa para curativos mais flex\u00edveis e eficazes\"}]},{\"@type\":\"WebSite\",\"@id\":\"https:\/\/ciencia.ufpr.br\/portal\/#website\",\"url\":\"https:\/\/ciencia.ufpr.br\/portal\/\",\"name\":\"Ci\u00eancia UFPR\",\"description\":\"Site de temas cient\u00edficos com foco no conhecimento produzido na Universidade Federal do Paran\u00e1 (UFPR). Baseado na Revista Ci\u00eancia UFPR.\",\"publisher\":{\"@id\":\"https:\/\/ciencia.ufpr.br\/portal\/#organization\"},\"potentialAction\":[{\"@type\":\"SearchAction\",\"target\":{\"@type\":\"EntryPoint\",\"urlTemplate\":\"https:\/\/ciencia.ufpr.br\/portal\/?s={search_term_string}\"},\"query-input\":{\"@type\":\"PropertyValueSpecification\",\"valueRequired\":true,\"valueName\":\"search_term_string\"}}],\"inLanguage\":\"pt-BR\"},{\"@type\":\"Organization\",\"@id\":\"https:\/\/ciencia.ufpr.br\/portal\/#organization\",\"name\":\"Revista Ci\u00eancia UFPR\",\"url\":\"https:\/\/ciencia.ufpr.br\/portal\/\",\"logo\":{\"@type\":\"ImageObject\",\"inLanguage\":\"pt-BR\",\"@id\":\"https:\/\/ciencia.ufpr.br\/portal\/#\/schema\/logo\/image\/\",\"url\":\"https:\/\/ciencia.ufpr.br\/portal\/wp-content\/uploads\/2020\/12\/Revista-Ciencia-UFPR-vermelho.jpeg\",\"contentUrl\":\"https:\/\/ciencia.ufpr.br\/portal\/wp-content\/uploads\/2020\/12\/Revista-Ciencia-UFPR-vermelho.jpeg\",\"width\":992,\"height\":714,\"caption\":\"Revista Ci\u00eancia UFPR\"},\"image\":{\"@id\":\"https:\/\/ciencia.ufpr.br\/portal\/#\/schema\/logo\/image\/\"},\"sameAs\":[\"https:\/\/www.facebook.com\/cienciaufproficial\",\"https:\/\/x.com\/cienciaufpr\",\"https:\/\/www.instagram.com\/revistacienciaufpr\/\",\"https:\/\/www.linkedin.com\/company\/cienciaufproficial\",\"https:\/\/br.pinterest.com\/cienciaufpr\/\"]},{\"@type\":\"Person\",\"@id\":\"https:\/\/ciencia.ufpr.br\/portal\/#\/schema\/person\/350891bfb68c2eff623c71cdf0d4b48d\",\"name\":\"Livia Inacio\",\"description\":\"Jornalista na Se\u00e7\u00e3o de Divulga\u00e7\u00e3o Cient\u00edfica da UFPR. Foi trainee de Ci\u00eancia e Sa\u00fade da Folha e j\u00e1 colaborou com UOL, Mina Bem-Estar, BBC e o podcast Ci\u00eancia Suja, que investiga crimes contra a ci\u00eancia.\",\"url\":\"https:\/\/ciencia.ufpr.br\/portal\/author\/livia-inacio\/\"}]}<\/script>\n<!-- \/ Yoast SEO plugin. -->","yoast_head_json":{"title":"Pesquisa investiga o uso da babosa para curativos mais flex\u00edveis e eficazes - Ci\u00eancia UFPR","description":"Pesquisa da UFPR investiga o uso da babosa para substituir plastificantes sint\u00e9ticos em curativos e leva pr\u00eamio de ci\u00eancia e tecnologia","robots":{"index":"index","follow":"follow","max-snippet":"max-snippet:-1","max-image-preview":"max-image-preview:large","max-video-preview":"max-video-preview:-1"},"canonical":"https:\/\/ciencia.ufpr.br\/portal\/pesquisa-investiga-o-uso-da-babosa-em-curativos-mais-flexiveis-e-eficazes\/","og_locale":"pt_BR","og_type":"article","og_title":"Pesquisa investiga o uso da babosa para curativos mais flex\u00edveis e eficazes - Ci\u00eancia UFPR","og_description":"Pesquisa da UFPR investiga o uso da babosa para substituir plastificantes sint\u00e9ticos em curativos e leva pr\u00eamio de ci\u00eancia e tecnologia","og_url":"https:\/\/ciencia.ufpr.br\/portal\/pesquisa-investiga-o-uso-da-babosa-em-curativos-mais-flexiveis-e-eficazes\/","og_site_name":"Ci\u00eancia UFPR","article_publisher":"https:\/\/www.facebook.com\/cienciaufproficial","article_published_time":"2026-01-26T18:26:25+00:00","article_modified_time":"2026-02-23T14:29:05+00:00","og_image":[{"width":2048,"height":1365,"url":"https:\/\/ciencia.ufpr.br\/portal\/wp-content\/uploads\/2026\/01\/Fernando_Stelmach-15-1.jpg","type":"image\/jpeg"}],"author":"Livia Inacio","twitter_card":"summary_large_image","twitter_creator":"@cienciaufpr","twitter_site":"@cienciaufpr","twitter_misc":{"Escrito por":"Livia Inacio","Est. tempo de leitura":"6 minutos"},"schema":{"@context":"https:\/\/schema.org","@graph":[{"@type":"Article","@id":"https:\/\/ciencia.ufpr.br\/portal\/pesquisa-investiga-o-uso-da-babosa-em-curativos-mais-flexiveis-e-eficazes\/#article","isPartOf":{"@id":"https:\/\/ciencia.ufpr.br\/portal\/pesquisa-investiga-o-uso-da-babosa-em-curativos-mais-flexiveis-e-eficazes\/"},"author":{"name":"Livia Inacio","@id":"https:\/\/ciencia.ufpr.br\/portal\/#\/schema\/person\/350891bfb68c2eff623c71cdf0d4b48d"},"headline":"Pesquisa investiga o uso da babosa para curativos mais flex\u00edveis e eficazes","datePublished":"2026-01-26T18:26:25+00:00","dateModified":"2026-02-23T14:29:05+00:00","mainEntityOfPage":{"@id":"https:\/\/ciencia.ufpr.br\/portal\/pesquisa-investiga-o-uso-da-babosa-em-curativos-mais-flexiveis-e-eficazes\/"},"wordCount":1232,"commentCount":2,"publisher":{"@id":"https:\/\/ciencia.ufpr.br\/portal\/#organization"},"image":{"@id":"https:\/\/ciencia.ufpr.br\/portal\/pesquisa-investiga-o-uso-da-babosa-em-curativos-mais-flexiveis-e-eficazes\/#primaryimage"},"thumbnailUrl":"https:\/\/ciencia.ufpr.br\/portal\/wp-content\/uploads\/2026\/01\/Fernando_Stelmach-15-1.jpg","keywords":["2026","ci\u00eancia e tecnologia","farm\u00e1cia","farmacologia","inicia\u00e7\u00e3o cient\u00edfica","sa\u00fade"],"articleSection":["Biol\u00f3gicas","Inova\u00e7\u00e3o","Not\u00edcia","Sa\u00fade","Tecnologia"],"inLanguage":"pt-BR","potentialAction":[{"@type":"CommentAction","name":"Comment","target":["https:\/\/ciencia.ufpr.br\/portal\/pesquisa-investiga-o-uso-da-babosa-em-curativos-mais-flexiveis-e-eficazes\/#respond"]}]},{"@type":"WebPage","@id":"https:\/\/ciencia.ufpr.br\/portal\/pesquisa-investiga-o-uso-da-babosa-em-curativos-mais-flexiveis-e-eficazes\/","url":"https:\/\/ciencia.ufpr.br\/portal\/pesquisa-investiga-o-uso-da-babosa-em-curativos-mais-flexiveis-e-eficazes\/","name":"Pesquisa investiga o uso da babosa para curativos mais flex\u00edveis e eficazes - Ci\u00eancia UFPR","isPartOf":{"@id":"https:\/\/ciencia.ufpr.br\/portal\/#website"},"primaryImageOfPage":{"@id":"https:\/\/ciencia.ufpr.br\/portal\/pesquisa-investiga-o-uso-da-babosa-em-curativos-mais-flexiveis-e-eficazes\/#primaryimage"},"image":{"@id":"https:\/\/ciencia.ufpr.br\/portal\/pesquisa-investiga-o-uso-da-babosa-em-curativos-mais-flexiveis-e-eficazes\/#primaryimage"},"thumbnailUrl":"https:\/\/ciencia.ufpr.br\/portal\/wp-content\/uploads\/2026\/01\/Fernando_Stelmach-15-1.jpg","datePublished":"2026-01-26T18:26:25+00:00","dateModified":"2026-02-23T14:29:05+00:00","description":"Pesquisa da UFPR investiga o uso da babosa para substituir plastificantes sint\u00e9ticos em curativos e leva pr\u00eamio de ci\u00eancia e tecnologia","breadcrumb":{"@id":"https:\/\/ciencia.ufpr.br\/portal\/pesquisa-investiga-o-uso-da-babosa-em-curativos-mais-flexiveis-e-eficazes\/#breadcrumb"},"inLanguage":"pt-BR","potentialAction":[{"@type":"ReadAction","target":["https:\/\/ciencia.ufpr.br\/portal\/pesquisa-investiga-o-uso-da-babosa-em-curativos-mais-flexiveis-e-eficazes\/"]}]},{"@type":"ImageObject","inLanguage":"pt-BR","@id":"https:\/\/ciencia.ufpr.br\/portal\/pesquisa-investiga-o-uso-da-babosa-em-curativos-mais-flexiveis-e-eficazes\/#primaryimage","url":"https:\/\/ciencia.ufpr.br\/portal\/wp-content\/uploads\/2026\/01\/Fernando_Stelmach-15-1.jpg","contentUrl":"https:\/\/ciencia.ufpr.br\/portal\/wp-content\/uploads\/2026\/01\/Fernando_Stelmach-15-1.jpg","width":2048,"height":1365,"caption":"Discente da UFPR desenvolve curativo male\u00e1vel \u00e0 base de babosa. Proposta est\u00e1 em fase de testes. (Foto: Marcos Solivan\/Sucom\/UFPR)"},{"@type":"BreadcrumbList","@id":"https:\/\/ciencia.ufpr.br\/portal\/pesquisa-investiga-o-uso-da-babosa-em-curativos-mais-flexiveis-e-eficazes\/#breadcrumb","itemListElement":[{"@type":"ListItem","position":1,"name":"Home","item":"https:\/\/ciencia.ufpr.br\/portal\/"},{"@type":"ListItem","position":2,"name":"Pesquisa investiga o uso da babosa para curativos mais flex\u00edveis e eficazes"}]},{"@type":"WebSite","@id":"https:\/\/ciencia.ufpr.br\/portal\/#website","url":"https:\/\/ciencia.ufpr.br\/portal\/","name":"Ci\u00eancia UFPR","description":"Site de temas cient\u00edficos com foco no conhecimento produzido na Universidade Federal do Paran\u00e1 (UFPR). Baseado na Revista Ci\u00eancia UFPR.","publisher":{"@id":"https:\/\/ciencia.ufpr.br\/portal\/#organization"},"potentialAction":[{"@type":"SearchAction","target":{"@type":"EntryPoint","urlTemplate":"https:\/\/ciencia.ufpr.br\/portal\/?s={search_term_string}"},"query-input":{"@type":"PropertyValueSpecification","valueRequired":true,"valueName":"search_term_string"}}],"inLanguage":"pt-BR"},{"@type":"Organization","@id":"https:\/\/ciencia.ufpr.br\/portal\/#organization","name":"Revista Ci\u00eancia UFPR","url":"https:\/\/ciencia.ufpr.br\/portal\/","logo":{"@type":"ImageObject","inLanguage":"pt-BR","@id":"https:\/\/ciencia.ufpr.br\/portal\/#\/schema\/logo\/image\/","url":"https:\/\/ciencia.ufpr.br\/portal\/wp-content\/uploads\/2020\/12\/Revista-Ciencia-UFPR-vermelho.jpeg","contentUrl":"https:\/\/ciencia.ufpr.br\/portal\/wp-content\/uploads\/2020\/12\/Revista-Ciencia-UFPR-vermelho.jpeg","width":992,"height":714,"caption":"Revista Ci\u00eancia UFPR"},"image":{"@id":"https:\/\/ciencia.ufpr.br\/portal\/#\/schema\/logo\/image\/"},"sameAs":["https:\/\/www.facebook.com\/cienciaufproficial","https:\/\/x.com\/cienciaufpr","https:\/\/www.instagram.com\/revistacienciaufpr\/","https:\/\/www.linkedin.com\/company\/cienciaufproficial","https:\/\/br.pinterest.com\/cienciaufpr\/"]},{"@type":"Person","@id":"https:\/\/ciencia.ufpr.br\/portal\/#\/schema\/person\/350891bfb68c2eff623c71cdf0d4b48d","name":"Livia Inacio","description":"Jornalista na Se\u00e7\u00e3o de Divulga\u00e7\u00e3o Cient\u00edfica da UFPR. Foi trainee de Ci\u00eancia e Sa\u00fade da Folha e j\u00e1 colaborou com UOL, Mina Bem-Estar, BBC e o podcast Ci\u00eancia Suja, que investiga crimes contra a ci\u00eancia.","url":"https:\/\/ciencia.ufpr.br\/portal\/author\/livia-inacio\/"}]}},"views":946,"jetpack_sharing_enabled":true,"jetpack_featured_media_url":"https:\/\/ciencia.ufpr.br\/portal\/wp-content\/uploads\/2026\/01\/Fernando_Stelmach-15-1.jpg","_links":{"self":[{"href":"https:\/\/ciencia.ufpr.br\/portal\/wp-json\/wp\/v2\/posts\/28245"}],"collection":[{"href":"https:\/\/ciencia.ufpr.br\/portal\/wp-json\/wp\/v2\/posts"}],"about":[{"href":"https:\/\/ciencia.ufpr.br\/portal\/wp-json\/wp\/v2\/types\/post"}],"author":[{"embeddable":true,"href":"https:\/\/ciencia.ufpr.br\/portal\/wp-json\/wp\/v2\/users\/2822"}],"replies":[{"embeddable":true,"href":"https:\/\/ciencia.ufpr.br\/portal\/wp-json\/wp\/v2\/comments?post=28245"}],"version-history":[{"count":11,"href":"https:\/\/ciencia.ufpr.br\/portal\/wp-json\/wp\/v2\/posts\/28245\/revisions"}],"predecessor-version":[{"id":28282,"href":"https:\/\/ciencia.ufpr.br\/portal\/wp-json\/wp\/v2\/posts\/28245\/revisions\/28282"}],"wp:featuredmedia":[{"embeddable":true,"href":"https:\/\/ciencia.ufpr.br\/portal\/wp-json\/wp\/v2\/media\/28248"}],"wp:attachment":[{"href":"https:\/\/ciencia.ufpr.br\/portal\/wp-json\/wp\/v2\/media?parent=28245"}],"wp:term":[{"taxonomy":"category","embeddable":true,"href":"https:\/\/ciencia.ufpr.br\/portal\/wp-json\/wp\/v2\/categories?post=28245"},{"taxonomy":"post_tag","embeddable":true,"href":"https:\/\/ciencia.ufpr.br\/portal\/wp-json\/wp\/v2\/tags?post=28245"}],"curies":[{"name":"wp","href":"https:\/\/api.w.org\/{rel}","templated":true}]}}