{"id":27689,"date":"2025-11-20T15:22:15","date_gmt":"2025-11-20T18:22:15","guid":{"rendered":"https:\/\/ciencia.ufpr.br\/portal\/?p=27689"},"modified":"2025-12-04T22:34:09","modified_gmt":"2025-12-05T01:34:09","slug":"dora-bertulio-procuradora-negra-ajudou-a-implementar-cotas-raciais-na-ufpr","status":"publish","type":"post","link":"https:\/\/ciencia.ufpr.br\/portal\/dora-bertulio-procuradora-negra-ajudou-a-implementar-cotas-raciais-na-ufpr\/","title":{"rendered":"Dora Bert\u00falio: procuradora negra ajudou a implementar cotas raciais na UFPR"},"content":{"rendered":"<p>\u201cSe as pessoas negras n\u00e3o t\u00eam acesso \u00e0 universidade, como \u00e9 que voc\u00ea est\u00e1 aqui?\u201d. N\u00e3o foram poucas as vezes em que Dora L\u00facia de Lima Bert\u00falio (1949-2025) ouviu provoca\u00e7\u00f5es assim enquanto se dedicava \u00e0 luta por cotas raciais na Universidade Federal do Paran\u00e1 (UFPR), onde ingressou como aluna nos anos 1960 e atuou como procuradora e pesquisadora nas \u00faltimas tr\u00eas d\u00e9cadas.<\/p>\n<p>Nascida em Itaja\u00ed (SC), foi pe\u00e7a-chave na implementa\u00e7\u00e3o da pol\u00edtica que fez da institui\u00e7\u00e3o a segunda universidade federal brasileira a adotar a a\u00e7\u00e3o afirmativa, em 2005. Bert\u00falio sabia do seu papel transformador, mas tamb\u00e9m entendia que ser uma em milh\u00f5es n\u00e3o supria a urg\u00eancia por mudan\u00e7as estruturais.<\/p>\n<p>Seu olhar para quest\u00f5es sociais come\u00e7ou em casa. Seu pai, o oper\u00e1rio da constru\u00e7\u00e3o civil Jos\u00e9 Adil de Lima, era comunista e foi preso pela Ditadura Militar v\u00e1rias vezes; e a m\u00e3e, Teodora de Lima, sempre lembrava que a educa\u00e7\u00e3o tinha o poder de mudar destinos. O debate racial tamb\u00e9m fazia parte das conversas na inf\u00e2ncia: o casal frequentemente refor\u00e7ava que a negritude n\u00e3o podia ser motivo de vergonha.<\/p>\n<p>Nos anos 1960, a fam\u00edlia precisou se mudar para Curitiba (PR), devido \u00e3s persegui\u00e7\u00f5es pol\u00edticas sofridas por Adil. Na capital paranaense, Bert\u00falio cursou segundo grau na UFPR e decidiu iniciar gradua\u00e7\u00e3o em Direito na mesma institui\u00e7\u00e3o. \u201cS\u00f3 tive coragem de entrar pela porta da frente quando ingressei como acad\u00eamica\u201d, lembrou em entrevista \u00e0 UFPR TV.<\/p>\n<p>Ela era a \u00fanica mulher negra em uma turma de 100 alunos. \u201cA maioria dos estudantes era de classe m\u00e9dia alta e sobrenome elegante\u201d, disse. Em pouco tempo, come\u00e7ou a atuar no Centro Acad\u00eamico, aprimorando na pr\u00e1tica seu vi\u00e9s pol\u00edtico. Ap\u00f3s se formar em Direito, assumiu o cargo de assistente jur\u00eddica da Universidade Federal do Mato Grosso (UFMT), em Cuiab\u00e1.<\/p>\n<p>Nos anos 1980, cursou mestrado na Universidade Federal de Santa Catarina (UFSC) e defendeu a disserta\u00e7\u00e3o \u201cDireito e rela\u00e7\u00f5es raciais: uma introdu\u00e7\u00e3o cr\u00edtica ao racismo\u201d. Em seguida, foi aluna visitante na <em>Harvard Law School<\/em>, em Cambridge (Massachusetts, EUA), o que a levou a conhecer os principais debates em ascens\u00e3o nos Estados Unidos sobre politicas afirmativas.<\/p>\n<blockquote><p>\u201cNo in\u00edcio, eu n\u00e3o queria pesquisar no ber\u00e7o do imperialismo, mas depois me encantei com os estudos que estavam desenvolvendo\u201d.<\/p><\/blockquote>\n<p>Toda a bagagem cr\u00edtica e te\u00f3rica adquirida l\u00e1 fora foi fundamental para sua atua\u00e7\u00e3o no enfrentamento \u00e3 desigualdade racial por aqui. De volta ao Brasil, Bert\u00falio coordenou um f\u00f3rum com o apoio da Fundacao Ford que reuniu profissionais negros do Direito do Brasil e dos Estados Unidos durante uma semana de estudos.<\/p>\n<p>Em 2001, Bertulio participou da Confer\u00eancia de Durban, a Terceira Confer\u00eancia Mundial contra o Racismo, Discrimina\u00e7\u00e3o Racial, Xenofobia e Intoler\u00e2ncias Correlatas, realizada na \u00c1frica do Sul. O evento resultou em uma declara\u00e7\u00e3o da Organiza\u00e7\u00e3o das Na\u00e7oes Unidas (ONU) com propostas globais para combater o racismo. Em 2002, assumiu a chefia da procuradoria da UFPR com amplo ac\u00famulo t\u00e9cnico, te\u00f3rico e pol\u00edtico para fortalecer a\u00e7\u00f5es afirmativas na UFPR.<\/p>\n<p>Durante os anos 2000, foram promovidos in\u00fameros debates dentro e fora da universidade. Pessoas negras assumiam seus cabelos, pessoas brancas acessavam debates sobre demandas da popula\u00e7\u00e3o negra, e a UFPR vivenciava um per\u00edodo de intensos debates e efervesc\u00eancia politica. Foi nesse per\u00edodo que a universidade passou a debater que o vestibular destinasse 20% das suas vagas para pessoas negras.<\/p>\n<p>\u201cQuando voc\u00ea diz que, na Medicina, das 100 vagas, 20 ser\u00e3o para negros, a sociedade cai\u201d, argumentou. Segundo a procuradora, as pessoas confundiam cotas sociais com cotas raciais e era comum chegarem criticas de quem n\u00e3o sabia ou sabia muito pouco da import\u00e2ncia da medida.<\/p>\n<blockquote><p>\u201cSe eu n\u00e3o conhe\u00e7o de febre aftosa, eu n\u00e3o vou falar disso com propriedade. Mas pessoas que n\u00e3o entendiam nada sobre cotas queriam dar sua opini\u00e3o. A branquitude traz essa prepot\u00eancia\u201d.<\/p><\/blockquote>\n<p>Assim, em 2004, os Conselhos Superiores da UFPR aprovaram um plano de metas para a inclus\u00e3o racial e social. No ano seguinte, a institui\u00e7\u00e3o realizou seu primeiro vestibular com cotas: 20% das vagas foram reservadas para candidatos negros e outros 20% para egressos de escolas p\u00fablicas, marcando um passo hist\u00f3rico na promo\u00e7\u00e3o da igualdade no ensino superior. \u201cN\u00e3o ganhamos por unanimidade, mas ganhamos no argumento\u201d, disse.<\/p>\n<p>Alem de atuar como procuradora na UFPR, Bert\u00falio foi procuradora da Funda\u00e7\u00e3o Cultural Palmares entre 2009 e 2016; foi homenageada como personalidade Afro-Paranaense pelo Governo do Estado do Paran\u00e1, e recebeu o t\u00edtulo de cidad\u00e3 honor\u00e1ria da C\u00e2mara Municipal de Curitiba. Tamb\u00e9m foi cofundadora do N\u00facleo de Estudos Afro-Brasileiros da UFPR e se aposentou em agosto de 2023. Morreu em 14 de fevereiro de 2025, mas seu legado segue vivo.<\/p>\n<h5 style=\"text-align: right\">\u2795Leia a <a href=\"https:\/\/www.youtube.com\/watch?v=g2oRp8G1BwM\">entrevista completa de Dora Bert\u00falio para a UFPR TV<\/a><br \/>\n\u2795Leia a <a href=\"https:\/\/repositorio.ufsc.br\/handle\/123456789\/106299\">disserta\u00e7\u00e3o de mestrado de Dora Bert\u00falio, publicada em 1989<\/a><br \/>\n\u2795Leia a <a href=\"https:\/\/ufpr.br\/cotas-raciais-completam-20-anos-na-ufpr-o-legado-de-uma-universidade-mais-diversa\/\">mat\u00e9ria sobre a implanta\u00e7\u00e3o de cotas raciais na UFPR, que completa 20 anos<\/a><\/h5>\n","protected":false},"excerpt":{"rendered":"<p>\u201cSe as pessoas negras n\u00e3o t\u00eam acesso \u00e0 universidade, como \u00e9 que voc\u00ea est\u00e1 aqui?\u201d. N\u00e3o foram poucas as vezes&#8230;<\/p>\n","protected":false},"author":2822,"featured_media":27691,"comment_status":"open","ping_status":"closed","sticky":false,"template":"","format":"standard","meta":{"_acf_changed":false,"footnotes":"","fifu_image_url":"","fifu_image_alt":"","_jetpack_memberships_contains_paid_content":false},"categories":[1128,1130,1],"tags":[2607,2823,2824,2825],"acf":[],"yoast_head":"<!-- This site is optimized with the Yoast SEO plugin v23.5 - https:\/\/yoast.com\/wordpress\/plugins\/seo\/ -->\n<title>Dora Bert\u00falio: procuradora negra ajudou a implementar cotas raciais na UFPR - Ci\u00eancia UFPR<\/title>\n<meta name=\"description\" content=\"Conhe\u00e7a a hist\u00f3ria de uma das protagonistas da implanta\u00e7\u00e3o de cotas raciais na UFPR, segunda federal do pa\u00eds adotar a pol\u00edtica afirmativa\" \/>\n<meta name=\"robots\" content=\"index, follow, max-snippet:-1, max-image-preview:large, max-video-preview:-1\" \/>\n<link rel=\"canonical\" href=\"https:\/\/ciencia.ufpr.br\/portal\/dora-bertulio-procuradora-negra-ajudou-a-implementar-cotas-raciais-na-ufpr\/\" \/>\n<meta property=\"og:locale\" content=\"pt_BR\" \/>\n<meta property=\"og:type\" content=\"article\" \/>\n<meta property=\"og:title\" content=\"Dora Bert\u00falio: procuradora negra ajudou a implementar cotas raciais na UFPR - Ci\u00eancia UFPR\" \/>\n<meta property=\"og:description\" content=\"Conhe\u00e7a a hist\u00f3ria de uma das protagonistas da implanta\u00e7\u00e3o de cotas raciais na UFPR, segunda federal do pa\u00eds adotar a pol\u00edtica afirmativa\" \/>\n<meta property=\"og:url\" content=\"https:\/\/ciencia.ufpr.br\/portal\/dora-bertulio-procuradora-negra-ajudou-a-implementar-cotas-raciais-na-ufpr\/\" \/>\n<meta property=\"og:site_name\" content=\"Ci\u00eancia UFPR\" \/>\n<meta property=\"article:publisher\" content=\"https:\/\/www.facebook.com\/cienciaufproficial\" \/>\n<meta property=\"article:published_time\" content=\"2025-11-20T18:22:15+00:00\" \/>\n<meta property=\"article:modified_time\" content=\"2025-12-05T01:34:09+00:00\" \/>\n<meta property=\"og:image\" content=\"https:\/\/ciencia.ufpr.br\/portal\/wp-content\/uploads\/2025\/11\/1699383207654a87a79c82c_1699383207_3x2_xl.jpg\" \/>\n\t<meta property=\"og:image:width\" content=\"1200\" \/>\n\t<meta property=\"og:image:height\" content=\"800\" \/>\n\t<meta property=\"og:image:type\" content=\"image\/jpeg\" \/>\n<meta name=\"author\" content=\"Livia Inacio\" \/>\n<meta name=\"twitter:card\" content=\"summary_large_image\" \/>\n<meta name=\"twitter:creator\" content=\"@cienciaufpr\" \/>\n<meta name=\"twitter:site\" content=\"@cienciaufpr\" \/>\n<meta name=\"twitter:label1\" content=\"Escrito por\" \/>\n\t<meta name=\"twitter:data1\" content=\"Livia Inacio\" \/>\n\t<meta name=\"twitter:label2\" content=\"Est. tempo de leitura\" \/>\n\t<meta name=\"twitter:data2\" content=\"4 minutos\" \/>\n<script type=\"application\/ld+json\" class=\"yoast-schema-graph\">{\"@context\":\"https:\/\/schema.org\",\"@graph\":[{\"@type\":\"Article\",\"@id\":\"https:\/\/ciencia.ufpr.br\/portal\/dora-bertulio-procuradora-negra-ajudou-a-implementar-cotas-raciais-na-ufpr\/#article\",\"isPartOf\":{\"@id\":\"https:\/\/ciencia.ufpr.br\/portal\/dora-bertulio-procuradora-negra-ajudou-a-implementar-cotas-raciais-na-ufpr\/\"},\"author\":{\"name\":\"Livia Inacio\",\"@id\":\"https:\/\/ciencia.ufpr.br\/portal\/#\/schema\/person\/350891bfb68c2eff623c71cdf0d4b48d\"},\"headline\":\"Dora Bert\u00falio: procuradora negra ajudou a implementar cotas raciais na UFPR\",\"datePublished\":\"2025-11-20T18:22:15+00:00\",\"dateModified\":\"2025-12-05T01:34:09+00:00\",\"mainEntityOfPage\":{\"@id\":\"https:\/\/ciencia.ufpr.br\/portal\/dora-bertulio-procuradora-negra-ajudou-a-implementar-cotas-raciais-na-ufpr\/\"},\"wordCount\":883,\"commentCount\":0,\"publisher\":{\"@id\":\"https:\/\/ciencia.ufpr.br\/portal\/#organization\"},\"image\":{\"@id\":\"https:\/\/ciencia.ufpr.br\/portal\/dora-bertulio-procuradora-negra-ajudou-a-implementar-cotas-raciais-na-ufpr\/#primaryimage\"},\"thumbnailUrl\":\"https:\/\/ciencia.ufpr.br\/portal\/wp-content\/uploads\/2025\/11\/1699383207654a87a79c82c_1699383207_3x2_xl.jpg\",\"keywords\":[\"2025\",\"cotas raciais\",\"cotas raciais UFPR\",\"Dora L\u00facia de Lima Bert\u00falio\"],\"articleSection\":[\"Ideias\",\"Mem\u00f3ria\",\"Reportagem\"],\"inLanguage\":\"pt-BR\",\"potentialAction\":[{\"@type\":\"CommentAction\",\"name\":\"Comment\",\"target\":[\"https:\/\/ciencia.ufpr.br\/portal\/dora-bertulio-procuradora-negra-ajudou-a-implementar-cotas-raciais-na-ufpr\/#respond\"]}]},{\"@type\":\"WebPage\",\"@id\":\"https:\/\/ciencia.ufpr.br\/portal\/dora-bertulio-procuradora-negra-ajudou-a-implementar-cotas-raciais-na-ufpr\/\",\"url\":\"https:\/\/ciencia.ufpr.br\/portal\/dora-bertulio-procuradora-negra-ajudou-a-implementar-cotas-raciais-na-ufpr\/\",\"name\":\"Dora Bert\u00falio: procuradora negra ajudou a implementar cotas raciais na UFPR - Ci\u00eancia UFPR\",\"isPartOf\":{\"@id\":\"https:\/\/ciencia.ufpr.br\/portal\/#website\"},\"primaryImageOfPage\":{\"@id\":\"https:\/\/ciencia.ufpr.br\/portal\/dora-bertulio-procuradora-negra-ajudou-a-implementar-cotas-raciais-na-ufpr\/#primaryimage\"},\"image\":{\"@id\":\"https:\/\/ciencia.ufpr.br\/portal\/dora-bertulio-procuradora-negra-ajudou-a-implementar-cotas-raciais-na-ufpr\/#primaryimage\"},\"thumbnailUrl\":\"https:\/\/ciencia.ufpr.br\/portal\/wp-content\/uploads\/2025\/11\/1699383207654a87a79c82c_1699383207_3x2_xl.jpg\",\"datePublished\":\"2025-11-20T18:22:15+00:00\",\"dateModified\":\"2025-12-05T01:34:09+00:00\",\"description\":\"Conhe\u00e7a a hist\u00f3ria de uma das protagonistas da implanta\u00e7\u00e3o de cotas raciais na UFPR, segunda federal do pa\u00eds adotar a pol\u00edtica afirmativa\",\"breadcrumb\":{\"@id\":\"https:\/\/ciencia.ufpr.br\/portal\/dora-bertulio-procuradora-negra-ajudou-a-implementar-cotas-raciais-na-ufpr\/#breadcrumb\"},\"inLanguage\":\"pt-BR\",\"potentialAction\":[{\"@type\":\"ReadAction\",\"target\":[\"https:\/\/ciencia.ufpr.br\/portal\/dora-bertulio-procuradora-negra-ajudou-a-implementar-cotas-raciais-na-ufpr\/\"]}]},{\"@type\":\"ImageObject\",\"inLanguage\":\"pt-BR\",\"@id\":\"https:\/\/ciencia.ufpr.br\/portal\/dora-bertulio-procuradora-negra-ajudou-a-implementar-cotas-raciais-na-ufpr\/#primaryimage\",\"url\":\"https:\/\/ciencia.ufpr.br\/portal\/wp-content\/uploads\/2025\/11\/1699383207654a87a79c82c_1699383207_3x2_xl.jpg\",\"contentUrl\":\"https:\/\/ciencia.ufpr.br\/portal\/wp-content\/uploads\/2025\/11\/1699383207654a87a79c82c_1699383207_3x2_xl.jpg\",\"width\":1200,\"height\":800,\"caption\":\"Dora L\u00facia de Lima Bert\u00falio ajudou a implementar cotas raciais na UFPR (Foto: Marcos Solivan\/Sucom\/UFPR)\"},{\"@type\":\"BreadcrumbList\",\"@id\":\"https:\/\/ciencia.ufpr.br\/portal\/dora-bertulio-procuradora-negra-ajudou-a-implementar-cotas-raciais-na-ufpr\/#breadcrumb\",\"itemListElement\":[{\"@type\":\"ListItem\",\"position\":1,\"name\":\"Home\",\"item\":\"https:\/\/ciencia.ufpr.br\/portal\/\"},{\"@type\":\"ListItem\",\"position\":2,\"name\":\"Dora Bert\u00falio: procuradora negra ajudou a implementar cotas raciais na UFPR\"}]},{\"@type\":\"WebSite\",\"@id\":\"https:\/\/ciencia.ufpr.br\/portal\/#website\",\"url\":\"https:\/\/ciencia.ufpr.br\/portal\/\",\"name\":\"Ci\u00eancia UFPR\",\"description\":\"Site de temas cient\u00edficos com foco no conhecimento produzido na Universidade Federal do Paran\u00e1 (UFPR). Baseado na Revista Ci\u00eancia UFPR.\",\"publisher\":{\"@id\":\"https:\/\/ciencia.ufpr.br\/portal\/#organization\"},\"potentialAction\":[{\"@type\":\"SearchAction\",\"target\":{\"@type\":\"EntryPoint\",\"urlTemplate\":\"https:\/\/ciencia.ufpr.br\/portal\/?s={search_term_string}\"},\"query-input\":{\"@type\":\"PropertyValueSpecification\",\"valueRequired\":true,\"valueName\":\"search_term_string\"}}],\"inLanguage\":\"pt-BR\"},{\"@type\":\"Organization\",\"@id\":\"https:\/\/ciencia.ufpr.br\/portal\/#organization\",\"name\":\"Revista Ci\u00eancia UFPR\",\"url\":\"https:\/\/ciencia.ufpr.br\/portal\/\",\"logo\":{\"@type\":\"ImageObject\",\"inLanguage\":\"pt-BR\",\"@id\":\"https:\/\/ciencia.ufpr.br\/portal\/#\/schema\/logo\/image\/\",\"url\":\"https:\/\/ciencia.ufpr.br\/portal\/wp-content\/uploads\/2020\/12\/Revista-Ciencia-UFPR-vermelho.jpeg\",\"contentUrl\":\"https:\/\/ciencia.ufpr.br\/portal\/wp-content\/uploads\/2020\/12\/Revista-Ciencia-UFPR-vermelho.jpeg\",\"width\":992,\"height\":714,\"caption\":\"Revista Ci\u00eancia UFPR\"},\"image\":{\"@id\":\"https:\/\/ciencia.ufpr.br\/portal\/#\/schema\/logo\/image\/\"},\"sameAs\":[\"https:\/\/www.facebook.com\/cienciaufproficial\",\"https:\/\/x.com\/cienciaufpr\",\"https:\/\/www.instagram.com\/revistacienciaufpr\/\",\"https:\/\/www.linkedin.com\/company\/cienciaufproficial\",\"https:\/\/br.pinterest.com\/cienciaufpr\/\"]},{\"@type\":\"Person\",\"@id\":\"https:\/\/ciencia.ufpr.br\/portal\/#\/schema\/person\/350891bfb68c2eff623c71cdf0d4b48d\",\"name\":\"Livia Inacio\",\"description\":\"Jornalista na Se\u00e7\u00e3o de Divulga\u00e7\u00e3o Cient\u00edfica da UFPR. Foi trainee de Ci\u00eancia e Sa\u00fade da Folha e j\u00e1 colaborou com UOL, Mina Bem-Estar, BBC e o podcast Ci\u00eancia Suja, que investiga crimes contra a ci\u00eancia.\",\"url\":\"https:\/\/ciencia.ufpr.br\/portal\/author\/livia-inacio\/\"}]}<\/script>\n<!-- \/ Yoast SEO plugin. -->","yoast_head_json":{"title":"Dora Bert\u00falio: procuradora negra ajudou a implementar cotas raciais na UFPR - Ci\u00eancia UFPR","description":"Conhe\u00e7a a hist\u00f3ria de uma das protagonistas da implanta\u00e7\u00e3o de cotas raciais na UFPR, segunda federal do pa\u00eds adotar a pol\u00edtica afirmativa","robots":{"index":"index","follow":"follow","max-snippet":"max-snippet:-1","max-image-preview":"max-image-preview:large","max-video-preview":"max-video-preview:-1"},"canonical":"https:\/\/ciencia.ufpr.br\/portal\/dora-bertulio-procuradora-negra-ajudou-a-implementar-cotas-raciais-na-ufpr\/","og_locale":"pt_BR","og_type":"article","og_title":"Dora Bert\u00falio: procuradora negra ajudou a implementar cotas raciais na UFPR - Ci\u00eancia UFPR","og_description":"Conhe\u00e7a a hist\u00f3ria de uma das protagonistas da implanta\u00e7\u00e3o de cotas raciais na UFPR, segunda federal do pa\u00eds adotar a pol\u00edtica afirmativa","og_url":"https:\/\/ciencia.ufpr.br\/portal\/dora-bertulio-procuradora-negra-ajudou-a-implementar-cotas-raciais-na-ufpr\/","og_site_name":"Ci\u00eancia UFPR","article_publisher":"https:\/\/www.facebook.com\/cienciaufproficial","article_published_time":"2025-11-20T18:22:15+00:00","article_modified_time":"2025-12-05T01:34:09+00:00","og_image":[{"width":1200,"height":800,"url":"https:\/\/ciencia.ufpr.br\/portal\/wp-content\/uploads\/2025\/11\/1699383207654a87a79c82c_1699383207_3x2_xl.jpg","type":"image\/jpeg"}],"author":"Livia Inacio","twitter_card":"summary_large_image","twitter_creator":"@cienciaufpr","twitter_site":"@cienciaufpr","twitter_misc":{"Escrito por":"Livia Inacio","Est. tempo de leitura":"4 minutos"},"schema":{"@context":"https:\/\/schema.org","@graph":[{"@type":"Article","@id":"https:\/\/ciencia.ufpr.br\/portal\/dora-bertulio-procuradora-negra-ajudou-a-implementar-cotas-raciais-na-ufpr\/#article","isPartOf":{"@id":"https:\/\/ciencia.ufpr.br\/portal\/dora-bertulio-procuradora-negra-ajudou-a-implementar-cotas-raciais-na-ufpr\/"},"author":{"name":"Livia Inacio","@id":"https:\/\/ciencia.ufpr.br\/portal\/#\/schema\/person\/350891bfb68c2eff623c71cdf0d4b48d"},"headline":"Dora Bert\u00falio: procuradora negra ajudou a implementar cotas raciais na UFPR","datePublished":"2025-11-20T18:22:15+00:00","dateModified":"2025-12-05T01:34:09+00:00","mainEntityOfPage":{"@id":"https:\/\/ciencia.ufpr.br\/portal\/dora-bertulio-procuradora-negra-ajudou-a-implementar-cotas-raciais-na-ufpr\/"},"wordCount":883,"commentCount":0,"publisher":{"@id":"https:\/\/ciencia.ufpr.br\/portal\/#organization"},"image":{"@id":"https:\/\/ciencia.ufpr.br\/portal\/dora-bertulio-procuradora-negra-ajudou-a-implementar-cotas-raciais-na-ufpr\/#primaryimage"},"thumbnailUrl":"https:\/\/ciencia.ufpr.br\/portal\/wp-content\/uploads\/2025\/11\/1699383207654a87a79c82c_1699383207_3x2_xl.jpg","keywords":["2025","cotas raciais","cotas raciais UFPR","Dora L\u00facia de Lima Bert\u00falio"],"articleSection":["Ideias","Mem\u00f3ria","Reportagem"],"inLanguage":"pt-BR","potentialAction":[{"@type":"CommentAction","name":"Comment","target":["https:\/\/ciencia.ufpr.br\/portal\/dora-bertulio-procuradora-negra-ajudou-a-implementar-cotas-raciais-na-ufpr\/#respond"]}]},{"@type":"WebPage","@id":"https:\/\/ciencia.ufpr.br\/portal\/dora-bertulio-procuradora-negra-ajudou-a-implementar-cotas-raciais-na-ufpr\/","url":"https:\/\/ciencia.ufpr.br\/portal\/dora-bertulio-procuradora-negra-ajudou-a-implementar-cotas-raciais-na-ufpr\/","name":"Dora Bert\u00falio: procuradora negra ajudou a implementar cotas raciais na UFPR - Ci\u00eancia UFPR","isPartOf":{"@id":"https:\/\/ciencia.ufpr.br\/portal\/#website"},"primaryImageOfPage":{"@id":"https:\/\/ciencia.ufpr.br\/portal\/dora-bertulio-procuradora-negra-ajudou-a-implementar-cotas-raciais-na-ufpr\/#primaryimage"},"image":{"@id":"https:\/\/ciencia.ufpr.br\/portal\/dora-bertulio-procuradora-negra-ajudou-a-implementar-cotas-raciais-na-ufpr\/#primaryimage"},"thumbnailUrl":"https:\/\/ciencia.ufpr.br\/portal\/wp-content\/uploads\/2025\/11\/1699383207654a87a79c82c_1699383207_3x2_xl.jpg","datePublished":"2025-11-20T18:22:15+00:00","dateModified":"2025-12-05T01:34:09+00:00","description":"Conhe\u00e7a a hist\u00f3ria de uma das protagonistas da implanta\u00e7\u00e3o de cotas raciais na UFPR, segunda federal do pa\u00eds adotar a pol\u00edtica afirmativa","breadcrumb":{"@id":"https:\/\/ciencia.ufpr.br\/portal\/dora-bertulio-procuradora-negra-ajudou-a-implementar-cotas-raciais-na-ufpr\/#breadcrumb"},"inLanguage":"pt-BR","potentialAction":[{"@type":"ReadAction","target":["https:\/\/ciencia.ufpr.br\/portal\/dora-bertulio-procuradora-negra-ajudou-a-implementar-cotas-raciais-na-ufpr\/"]}]},{"@type":"ImageObject","inLanguage":"pt-BR","@id":"https:\/\/ciencia.ufpr.br\/portal\/dora-bertulio-procuradora-negra-ajudou-a-implementar-cotas-raciais-na-ufpr\/#primaryimage","url":"https:\/\/ciencia.ufpr.br\/portal\/wp-content\/uploads\/2025\/11\/1699383207654a87a79c82c_1699383207_3x2_xl.jpg","contentUrl":"https:\/\/ciencia.ufpr.br\/portal\/wp-content\/uploads\/2025\/11\/1699383207654a87a79c82c_1699383207_3x2_xl.jpg","width":1200,"height":800,"caption":"Dora L\u00facia de Lima Bert\u00falio ajudou a implementar cotas raciais na UFPR (Foto: Marcos Solivan\/Sucom\/UFPR)"},{"@type":"BreadcrumbList","@id":"https:\/\/ciencia.ufpr.br\/portal\/dora-bertulio-procuradora-negra-ajudou-a-implementar-cotas-raciais-na-ufpr\/#breadcrumb","itemListElement":[{"@type":"ListItem","position":1,"name":"Home","item":"https:\/\/ciencia.ufpr.br\/portal\/"},{"@type":"ListItem","position":2,"name":"Dora Bert\u00falio: procuradora negra ajudou a implementar cotas raciais na UFPR"}]},{"@type":"WebSite","@id":"https:\/\/ciencia.ufpr.br\/portal\/#website","url":"https:\/\/ciencia.ufpr.br\/portal\/","name":"Ci\u00eancia UFPR","description":"Site de temas cient\u00edficos com foco no conhecimento produzido na Universidade Federal do Paran\u00e1 (UFPR). Baseado na Revista Ci\u00eancia UFPR.","publisher":{"@id":"https:\/\/ciencia.ufpr.br\/portal\/#organization"},"potentialAction":[{"@type":"SearchAction","target":{"@type":"EntryPoint","urlTemplate":"https:\/\/ciencia.ufpr.br\/portal\/?s={search_term_string}"},"query-input":{"@type":"PropertyValueSpecification","valueRequired":true,"valueName":"search_term_string"}}],"inLanguage":"pt-BR"},{"@type":"Organization","@id":"https:\/\/ciencia.ufpr.br\/portal\/#organization","name":"Revista Ci\u00eancia UFPR","url":"https:\/\/ciencia.ufpr.br\/portal\/","logo":{"@type":"ImageObject","inLanguage":"pt-BR","@id":"https:\/\/ciencia.ufpr.br\/portal\/#\/schema\/logo\/image\/","url":"https:\/\/ciencia.ufpr.br\/portal\/wp-content\/uploads\/2020\/12\/Revista-Ciencia-UFPR-vermelho.jpeg","contentUrl":"https:\/\/ciencia.ufpr.br\/portal\/wp-content\/uploads\/2020\/12\/Revista-Ciencia-UFPR-vermelho.jpeg","width":992,"height":714,"caption":"Revista Ci\u00eancia UFPR"},"image":{"@id":"https:\/\/ciencia.ufpr.br\/portal\/#\/schema\/logo\/image\/"},"sameAs":["https:\/\/www.facebook.com\/cienciaufproficial","https:\/\/x.com\/cienciaufpr","https:\/\/www.instagram.com\/revistacienciaufpr\/","https:\/\/www.linkedin.com\/company\/cienciaufproficial","https:\/\/br.pinterest.com\/cienciaufpr\/"]},{"@type":"Person","@id":"https:\/\/ciencia.ufpr.br\/portal\/#\/schema\/person\/350891bfb68c2eff623c71cdf0d4b48d","name":"Livia Inacio","description":"Jornalista na Se\u00e7\u00e3o de Divulga\u00e7\u00e3o Cient\u00edfica da UFPR. Foi trainee de Ci\u00eancia e Sa\u00fade da Folha e j\u00e1 colaborou com UOL, Mina Bem-Estar, BBC e o podcast Ci\u00eancia Suja, que investiga crimes contra a ci\u00eancia.","url":"https:\/\/ciencia.ufpr.br\/portal\/author\/livia-inacio\/"}]}},"views":407,"jetpack_sharing_enabled":true,"jetpack_featured_media_url":"https:\/\/ciencia.ufpr.br\/portal\/wp-content\/uploads\/2025\/11\/1699383207654a87a79c82c_1699383207_3x2_xl.jpg","_links":{"self":[{"href":"https:\/\/ciencia.ufpr.br\/portal\/wp-json\/wp\/v2\/posts\/27689"}],"collection":[{"href":"https:\/\/ciencia.ufpr.br\/portal\/wp-json\/wp\/v2\/posts"}],"about":[{"href":"https:\/\/ciencia.ufpr.br\/portal\/wp-json\/wp\/v2\/types\/post"}],"author":[{"embeddable":true,"href":"https:\/\/ciencia.ufpr.br\/portal\/wp-json\/wp\/v2\/users\/2822"}],"replies":[{"embeddable":true,"href":"https:\/\/ciencia.ufpr.br\/portal\/wp-json\/wp\/v2\/comments?post=27689"}],"version-history":[{"count":13,"href":"https:\/\/ciencia.ufpr.br\/portal\/wp-json\/wp\/v2\/posts\/27689\/revisions"}],"predecessor-version":[{"id":27702,"href":"https:\/\/ciencia.ufpr.br\/portal\/wp-json\/wp\/v2\/posts\/27689\/revisions\/27702"}],"wp:featuredmedia":[{"embeddable":true,"href":"https:\/\/ciencia.ufpr.br\/portal\/wp-json\/wp\/v2\/media\/27691"}],"wp:attachment":[{"href":"https:\/\/ciencia.ufpr.br\/portal\/wp-json\/wp\/v2\/media?parent=27689"}],"wp:term":[{"taxonomy":"category","embeddable":true,"href":"https:\/\/ciencia.ufpr.br\/portal\/wp-json\/wp\/v2\/categories?post=27689"},{"taxonomy":"post_tag","embeddable":true,"href":"https:\/\/ciencia.ufpr.br\/portal\/wp-json\/wp\/v2\/tags?post=27689"}],"curies":[{"name":"wp","href":"https:\/\/api.w.org\/{rel}","templated":true}]}}