{"id":27118,"date":"2025-11-13T07:06:30","date_gmt":"2025-11-13T10:06:30","guid":{"rendered":"https:\/\/ciencia.ufpr.br\/portal\/?p=27118"},"modified":"2026-02-02T15:08:15","modified_gmt":"2026-02-02T18:08:15","slug":"tendencia-a-disturbios-alimentares-em-bebes-prematuros-exige-atencao-das-familias","status":"publish","type":"post","link":"https:\/\/ciencia.ufpr.br\/portal\/tendencia-a-disturbios-alimentares-em-bebes-prematuros-exige-atencao-das-familias\/","title":{"rendered":"Tend\u00eancia a dist\u00farbios alimentares em beb\u00eas prematuros exige aten\u00e7\u00e3o das fam\u00edlias"},"content":{"rendered":"<p>Pesquisadores do Ambulat\u00f3rio de Dificuldades Alimentares da Crian\u00e7a (Ada), do Complexo Hospital de Cl\u00ednicas da Universidade Federal do Paran\u00e1 (CHC-UFPR), realizaram um estudo para identificar a preval\u00eancia de dificuldades alimentares em crian\u00e7as nascidas prematuras e analisar fatores que contribuem para o problema. Liderado pelo pediatra C\u00edcero Alaor Kluppel, o trabalho amplia a compreens\u00e3o sobre o impacto da prematuridade na alimenta\u00e7\u00e3o e refor\u00e7a a necessidade de aten\u00e7\u00e3o por parte de fam\u00edlias, profissionais de sa\u00fade e formuladores de pol\u00edticas p\u00fablicas.<\/p>\n<p>A pesquisa, <a href=\"https:\/\/www.scielo.br\/j\/codas\/a\/vTb86tvXbGGJqFrcL5WCRWy\/?lang=pt\" target=\"_blank\" rel=\"noopener\">publicada no peri\u00f3dico <em data-start=\"2421\" data-end=\"2480\">Communication Disorders, Audiology and Swallowing (CoDAS)<\/em><\/a>, da Sociedade Brasileira de Fonoaudiologia, revelou que mais de 11% das crian\u00e7as avaliadas, com idades entre seis meses e seis anos, apresentaram dificuldades alimentares, principalmente as que nasceram pequenas para a idade gestacional. O estudo tamb\u00e9m marca a primeira aplica\u00e7\u00e3o da Escala Brasileira de Alimenta\u00e7\u00e3o Infantil (Ebai) em crian\u00e7as brasileiras prematuras, instrumento de triagem que avalia aspectos como motricidade orofacial, sens\u00f3rio-oral, apetite, preocupa\u00e7\u00f5es maternas, comportamento da crian\u00e7a nas refei\u00e7\u00f5es, estrat\u00e9gias parentais e rea\u00e7\u00f5es familiares.<\/p>\n<p>\u201cCrian\u00e7as nascidas prematuras s\u00e3o mais suscet\u00edveis a problemas como imaturidade de \u00f3rg\u00e3os e sistemas; complica\u00e7\u00f5es neurol\u00f3gicas; dificuldades para mamar; doen\u00e7as card\u00edacas, pulmonares e gastrointestinais; e d\u00e9ficits no processamento sensorial, ou seja, na forma como lidam com est\u00edmulos visuais, t\u00e1teis, gustativos, olfativos e proprioceptivos\u201d, explica Kluppel.<\/p>\n<p>Segundo o pesquisador, fatores como uso prolongado de suporte ventilat\u00f3rio e fototerapia apresentaram rela\u00e7\u00e3o direta com limita\u00e7\u00f5es nas habilidades motoras e sensoriais orais, al\u00e9m de preju\u00edzos nas rela\u00e7\u00f5es psicossociais, inclusive no v\u00ednculo com a m\u00e3e.<\/p>\n<p>A experi\u00eancia da m\u00e3e Let\u00edcia Padilha ilustra o impacto da prematuridade. M\u00e3e dos g\u00eameos V\u00edtor e Gustavo, ela relata que desde cedo enfrentou dificuldades na alimenta\u00e7\u00e3o dos filhos. \u201cAs primeiras foram a introdu\u00e7\u00e3o da f\u00f3rmula infantil, a alergia \u00e0 prote\u00edna do leite de vaca (um deles apresentou o quadro at\u00e9 um ano de idade) e a amamenta\u00e7\u00e3o, pois n\u00e3o consegui amamentar por muito tempo: eles eram pequenos, perdiam peso e preferiam a mamadeira pelo fluxo cont\u00ednuo e menor esfor\u00e7o em compara\u00e7\u00e3o ao peito\u201d.<\/p>\n<p>Atualmente, com cinco anos de idade, os meninos ainda apresentam seletividade alimentar e dificuldades com algumas texturas. \u201cEles tamb\u00e9m continuam com dist\u00farbios gastrointestinais\u201d, completa a m\u00e3e.<\/p>\n<figure id=\"attachment_27119\" aria-describedby=\"caption-attachment-27119\" style=\"width: 1179px\" class=\"wp-caption alignleft\"><a href=\"https:\/\/ciencia.ufpr.br\/portal\/wp-content\/uploads\/2025\/09\/da-prematuros-2.jpeg\"><img loading=\"lazy\" decoding=\"async\" class=\"size-full wp-image-27119\" src=\"https:\/\/ciencia.ufpr.br\/portal\/wp-content\/uploads\/2025\/09\/da-prematuros-2.jpeg\" alt=\"\" width=\"1179\" height=\"993\" \/><\/a><figcaption id=\"caption-attachment-27119\" class=\"wp-caption-text\"><em>Fam\u00edlia Padilha com os g\u00eameos V\u00edtor e Gustavo, atualmente com 5 anos de idade. Foto: Arquivo Pessoal<\/em><\/figcaption><\/figure>\n<p>Al\u00e9m disso, desenvolveram altera\u00e7\u00f5es card\u00edacas ainda sem origem identificada; problemas respirat\u00f3rios, como asma e rinite; e neurol\u00f3gicos. \u201cEles tiveram atraso de fala e precisaram de fisioterapia para fases motoras como rolar, engatinhar e andar. Desde sempre fazemos acompanhamentos peri\u00f3dicos com gastroenterologista, cardiologista e neurologista\u201d, relata Let\u00edcia.<\/p>\n<h2 data-start=\"4533\" data-end=\"4586\"><strong data-start=\"4533\" data-end=\"4584\">Alimenta\u00e7\u00e3o n\u00e3o \u00e9 apenas ingest\u00e3o de nutrientes<\/strong><\/h2>\n<p data-start=\"4594\" data-end=\"4993\">A frase \u201cmeu filho n\u00e3o come\u201d, comumente dita por pais, vai al\u00e9m de uma simples preocupa\u00e7\u00e3o e pode esconder causas org\u00e2nicas ou neuropsiqui\u00e1tricas. \u201cNo ambulat\u00f3rio, identificamos que essa queixa \u00e9 especialmente frequente em crian\u00e7as autistas, mas tamb\u00e9m pode refletir interpreta\u00e7\u00f5es equivocadas de pais que acreditam que o filho n\u00e3o se alimenta, mesmo quando a ingest\u00e3o \u00e9 adequada\u201d, afirma Kluppel.<\/p>\n<p data-start=\"4594\" data-end=\"4993\">O pesquisador destaca que comer n\u00e3o se resume \u00e0 nutri\u00e7\u00e3o. \u201cA alimenta\u00e7\u00e3o \u00e9 a primeira rela\u00e7\u00e3o estabelecida pelo beb\u00ea, \u00e9 tamb\u00e9m um ato social. Quando h\u00e1 dificuldade nesse processo, o impacto pode ser profundo nas rela\u00e7\u00f5es familiares e no desenvolvimento da crian\u00e7a\u201d.<\/p>\n<p data-start=\"4594\" data-end=\"4993\">Os dados do estudo refor\u00e7am a import\u00e2ncia de interven\u00e7\u00f5es precoces e acompanhamento abrangente.<\/p>\n<blockquote>\n<p data-start=\"4594\" data-end=\"4993\">\u201cN\u00e3o podemos subestimar a gravidade do problema, nem for\u00e7ar a crian\u00e7a a comer, o que s\u00f3 agrava a situa\u00e7\u00e3o. O caminho \u00e9 o di\u00e1logo, a paci\u00eancia e o suporte profissional qualificado\u201d, afirma o pediatra.<\/p>\n<\/blockquote>\n<h2 data-start=\"737\" data-end=\"803\"><strong data-start=\"737\" data-end=\"801\">Atendimento interdisciplinar e lacunas em pol\u00edticas p\u00fablicas<\/strong><\/h2>\n<p data-start=\"811\" data-end=\"1221\">O Ambulat\u00f3rio de Dificuldades Alimentares j\u00e1 realizou cerca de tr\u00eas mil atendimentos desde sua cria\u00e7\u00e3o, com o objetivo de atualizar pr\u00e1ticas pedi\u00e1tricas e adotar uma abordagem mais humanizada.<\/p>\n<blockquote>\n<p data-start=\"811\" data-end=\"1221\">\u201cMinha gera\u00e7\u00e3o de pediatras cresceu ouvindo que se deixar a crian\u00e7a passar fome, ela come. Isso \u00e9 ultrapassado e prejudicial. Precisamos educar m\u00e9dicos e fam\u00edlias para adotar uma vis\u00e3o mais moderna sobre as dificuldades alimentares\u201d, observa Kluppel.<\/p>\n<\/blockquote>\n<p data-start=\"811\" data-end=\"1221\">Entre os casos atendidos, predominam crian\u00e7as com seletividade alimentar, a maioria delas autistas. Contudo, o m\u00e9dico alerta para a neglig\u00eancia em rela\u00e7\u00e3o a crian\u00e7as neurot\u00edpicas que tamb\u00e9m enfrentam dificuldades. \u201cFaltam pol\u00edticas p\u00fablicas para conscientiza\u00e7\u00e3o e cria\u00e7\u00e3o de centros multiprofissionais. Muitas crian\u00e7as que necessitam de apoio de fonoaudiologia e psicologia acabam sem atendimento\u201d, afirma.<\/p>\n<p data-start=\"811\" data-end=\"1221\">No Brasil, existem apenas dois centros pedi\u00e1tricos especializados no tratamento de dificuldades alimentares, e o ADA, do CHC-UFPR, \u00e9 o \u00fanico que atende exclusivamente pelo Sistema \u00danico de Sa\u00fade (SUS), al\u00e9m de receber residentes para est\u00e1gio.<\/p>\n<p data-start=\"811\" data-end=\"1221\">O trabalho inovador da equipe da UFPR amplia o entendimento sobre as causas e consequ\u00eancias das dificuldades alimentares em prematuros e lan\u00e7a um apelo por mudan\u00e7as estruturais que garantam atendimento inclusivo e humanizado a todas as crian\u00e7as que precisam de apoio.<\/p>\n<h5 data-start=\"811\" data-end=\"1221\">Edi\u00e7\u00e3o: Camille Bropp<\/h5>\n<h5 style=\"text-align: right\" data-start=\"811\" data-end=\"1221\"><span class=\"TextRun SCXW187670684 BCX0\" lang=\"PT-BR\" xml:lang=\"PT-BR\" data-contrast=\"auto\"><span class=\"NormalTextRun SCXW187670684 BCX0\">\u2795 <\/span><span class=\"NormalTextRun SCXW187670684 BCX0\">Leia o artigo <a href=\"https:\/\/www.scielo.br\/j\/codas\/a\/vTb86tvXbGGJqFrcL5WCRWy\/?lang=pt\" target=\"_blank\" rel=\"noopener\">\u201cPreval\u00eancia de dificuldades alimentares em crian\u00e7as entre seis meses e seis anos que nasceram prematuras\u201d<\/a>, publicado no peri\u00f3dico <em>Communication <\/em><\/span><em><span class=\"NormalTextRun SpellingErrorV2Themed SCXW187670684 BCX0\">Disorders<\/span><span class=\"NormalTextRun SCXW187670684 BCX0\">, <\/span><span class=\"NormalTextRun SpellingErrorV2Themed SCXW187670684 BCX0\">Audiology<\/span> <span class=\"NormalTextRun SpellingErrorV2Themed SCXW187670684 BCX0\">and<\/span> <span class=\"NormalTextRun SpellingErrorV2Themed SCXW187670684 BCX0\">Swallowing<\/span><span class=\"NormalTextRun SCXW187670684 BCX0\"> (<\/span><span class=\"NormalTextRun SpellingErrorV2Themed SCXW187670684 BCX0\">CoDAS<\/span><\/em><span class=\"NormalTextRun SCXW187670684 BCX0\"><em>)<\/em>, da Sociedade Brasileira de Fonoaudiologia<\/span><\/span><span class=\"EOP SCXW187670684 BCX0\" data-ccp-props=\"{}\">\u00a0<\/span><\/h5>\n","protected":false},"excerpt":{"rendered":"<p>Pesquisadores do Ambulat\u00f3rio de Dificuldades Alimentares da Crian\u00e7a (Ada), do Complexo Hospital de Cl\u00ednicas da Universidade Federal do Paran\u00e1 (CHC-UFPR),&#8230;<\/p>\n","protected":false},"author":2805,"featured_media":27267,"comment_status":"open","ping_status":"closed","sticky":false,"template":"","format":"standard","meta":{"_acf_changed":false,"footnotes":"","fifu_image_url":"","fifu_image_alt":"","_jetpack_memberships_contains_paid_content":false},"categories":[1,1610],"tags":[2607,2740,2802,2605,2735,2801,2741,2860,2803,1753,2804,2483,1819],"acf":[],"yoast_head":"<!-- This site is optimized with the Yoast SEO plugin v23.5 - https:\/\/yoast.com\/wordpress\/plugins\/seo\/ -->\n<title>Tend\u00eancia a dist\u00farbios alimentares em beb\u00eas prematuros exige aten\u00e7\u00e3o das fam\u00edlias - Ci\u00eancia UFPR<\/title>\n<meta name=\"description\" content=\"Especialista do HC da UFPR aponta fatores de risco na prematuridade e defende amplia\u00e7\u00e3o do atendimento a crian\u00e7as com seletividade alimentar.\" \/>\n<meta name=\"robots\" content=\"index, follow, max-snippet:-1, max-image-preview:large, max-video-preview:-1\" \/>\n<link rel=\"canonical\" href=\"https:\/\/ciencia.ufpr.br\/portal\/tendencia-a-disturbios-alimentares-em-bebes-prematuros-exige-atencao-das-familias\/\" \/>\n<meta property=\"og:locale\" content=\"pt_BR\" \/>\n<meta property=\"og:type\" content=\"article\" \/>\n<meta property=\"og:title\" content=\"Tend\u00eancia a dist\u00farbios alimentares em beb\u00eas prematuros exige aten\u00e7\u00e3o das fam\u00edlias - Ci\u00eancia UFPR\" \/>\n<meta property=\"og:description\" content=\"Especialista do HC da UFPR aponta fatores de risco na prematuridade e defende amplia\u00e7\u00e3o do atendimento a crian\u00e7as com seletividade alimentar.\" \/>\n<meta property=\"og:url\" content=\"https:\/\/ciencia.ufpr.br\/portal\/tendencia-a-disturbios-alimentares-em-bebes-prematuros-exige-atencao-das-familias\/\" \/>\n<meta property=\"og:site_name\" content=\"Ci\u00eancia UFPR\" \/>\n<meta property=\"article:publisher\" content=\"https:\/\/www.facebook.com\/cienciaufproficial\" \/>\n<meta property=\"article:published_time\" content=\"2025-11-13T10:06:30+00:00\" \/>\n<meta property=\"article:modified_time\" content=\"2026-02-02T18:08:15+00:00\" \/>\n<meta property=\"og:image\" content=\"https:\/\/ciencia.ufpr.br\/portal\/wp-content\/uploads\/2025\/09\/daprematuros_cienciaufpr_portal.jpg\" \/>\n\t<meta property=\"og:image:width\" content=\"5760\" \/>\n\t<meta property=\"og:image:height\" content=\"3240\" \/>\n\t<meta property=\"og:image:type\" content=\"image\/jpeg\" \/>\n<meta name=\"author\" content=\"J\u00e9ssica Tokarski\" \/>\n<meta name=\"twitter:card\" content=\"summary_large_image\" \/>\n<meta name=\"twitter:creator\" content=\"@cienciaufpr\" \/>\n<meta name=\"twitter:site\" content=\"@cienciaufpr\" \/>\n<meta name=\"twitter:label1\" content=\"Escrito por\" \/>\n\t<meta name=\"twitter:data1\" content=\"J\u00e9ssica Tokarski\" \/>\n\t<meta name=\"twitter:label2\" content=\"Est. tempo de leitura\" \/>\n\t<meta name=\"twitter:data2\" content=\"5 minutos\" \/>\n<script type=\"application\/ld+json\" class=\"yoast-schema-graph\">{\"@context\":\"https:\/\/schema.org\",\"@graph\":[{\"@type\":\"Article\",\"@id\":\"https:\/\/ciencia.ufpr.br\/portal\/tendencia-a-disturbios-alimentares-em-bebes-prematuros-exige-atencao-das-familias\/#article\",\"isPartOf\":{\"@id\":\"https:\/\/ciencia.ufpr.br\/portal\/tendencia-a-disturbios-alimentares-em-bebes-prematuros-exige-atencao-das-familias\/\"},\"author\":{\"name\":\"J\u00e9ssica Tokarski\",\"@id\":\"https:\/\/ciencia.ufpr.br\/portal\/#\/schema\/person\/e85d61d7e7853aeee7c3a597e5f23e43\"},\"headline\":\"Tend\u00eancia a dist\u00farbios alimentares em beb\u00eas prematuros exige aten\u00e7\u00e3o das fam\u00edlias\",\"datePublished\":\"2025-11-13T10:06:30+00:00\",\"dateModified\":\"2026-02-02T18:08:15+00:00\",\"mainEntityOfPage\":{\"@id\":\"https:\/\/ciencia.ufpr.br\/portal\/tendencia-a-disturbios-alimentares-em-bebes-prematuros-exige-atencao-das-familias\/\"},\"wordCount\":957,\"commentCount\":0,\"publisher\":{\"@id\":\"https:\/\/ciencia.ufpr.br\/portal\/#organization\"},\"image\":{\"@id\":\"https:\/\/ciencia.ufpr.br\/portal\/tendencia-a-disturbios-alimentares-em-bebes-prematuros-exige-atencao-das-familias\/#primaryimage\"},\"thumbnailUrl\":\"https:\/\/ciencia.ufpr.br\/portal\/wp-content\/uploads\/2025\/09\/daprematuros_cienciaufpr_portal.jpg\",\"keywords\":[\"2025\",\"Alimenta\u00e7\u00e3o\",\"Ambulat\u00f3rio de Dificuldades Alimentares da Crian\u00e7a\",\"CHC\",\"Complexo Hospital de Cl\u00ednicas\",\"Dia Mundial da Prematuridade\",\"Dificuldades alimentares\",\"hospitais universit\u00e1rios\",\"Hospital de Cl\u00ednicas\",\"inf\u00e2ncia\",\"Novembro Roxo\",\"pediatria\",\"sa\u00fade\"],\"articleSection\":[\"Reportagem\",\"Sa\u00fade\"],\"inLanguage\":\"pt-BR\",\"potentialAction\":[{\"@type\":\"CommentAction\",\"name\":\"Comment\",\"target\":[\"https:\/\/ciencia.ufpr.br\/portal\/tendencia-a-disturbios-alimentares-em-bebes-prematuros-exige-atencao-das-familias\/#respond\"]}]},{\"@type\":\"WebPage\",\"@id\":\"https:\/\/ciencia.ufpr.br\/portal\/tendencia-a-disturbios-alimentares-em-bebes-prematuros-exige-atencao-das-familias\/\",\"url\":\"https:\/\/ciencia.ufpr.br\/portal\/tendencia-a-disturbios-alimentares-em-bebes-prematuros-exige-atencao-das-familias\/\",\"name\":\"Tend\u00eancia a dist\u00farbios alimentares em beb\u00eas prematuros exige aten\u00e7\u00e3o das fam\u00edlias - Ci\u00eancia UFPR\",\"isPartOf\":{\"@id\":\"https:\/\/ciencia.ufpr.br\/portal\/#website\"},\"primaryImageOfPage\":{\"@id\":\"https:\/\/ciencia.ufpr.br\/portal\/tendencia-a-disturbios-alimentares-em-bebes-prematuros-exige-atencao-das-familias\/#primaryimage\"},\"image\":{\"@id\":\"https:\/\/ciencia.ufpr.br\/portal\/tendencia-a-disturbios-alimentares-em-bebes-prematuros-exige-atencao-das-familias\/#primaryimage\"},\"thumbnailUrl\":\"https:\/\/ciencia.ufpr.br\/portal\/wp-content\/uploads\/2025\/09\/daprematuros_cienciaufpr_portal.jpg\",\"datePublished\":\"2025-11-13T10:06:30+00:00\",\"dateModified\":\"2026-02-02T18:08:15+00:00\",\"description\":\"Especialista do HC da UFPR aponta fatores de risco na prematuridade e defende amplia\u00e7\u00e3o do atendimento a crian\u00e7as com seletividade alimentar.\",\"breadcrumb\":{\"@id\":\"https:\/\/ciencia.ufpr.br\/portal\/tendencia-a-disturbios-alimentares-em-bebes-prematuros-exige-atencao-das-familias\/#breadcrumb\"},\"inLanguage\":\"pt-BR\",\"potentialAction\":[{\"@type\":\"ReadAction\",\"target\":[\"https:\/\/ciencia.ufpr.br\/portal\/tendencia-a-disturbios-alimentares-em-bebes-prematuros-exige-atencao-das-familias\/\"]}]},{\"@type\":\"ImageObject\",\"inLanguage\":\"pt-BR\",\"@id\":\"https:\/\/ciencia.ufpr.br\/portal\/tendencia-a-disturbios-alimentares-em-bebes-prematuros-exige-atencao-das-familias\/#primaryimage\",\"url\":\"https:\/\/ciencia.ufpr.br\/portal\/wp-content\/uploads\/2025\/09\/daprematuros_cienciaufpr_portal.jpg\",\"contentUrl\":\"https:\/\/ciencia.ufpr.br\/portal\/wp-content\/uploads\/2025\/09\/daprematuros_cienciaufpr_portal.jpg\",\"width\":5760,\"height\":3240,\"caption\":\"Apoio familiar e multiprofissional s\u00e3o essenciais para superar desafios alimentares em crian\u00e7as nascidas prematuras. Foto: Alexander Grey\/Unsplash\"},{\"@type\":\"BreadcrumbList\",\"@id\":\"https:\/\/ciencia.ufpr.br\/portal\/tendencia-a-disturbios-alimentares-em-bebes-prematuros-exige-atencao-das-familias\/#breadcrumb\",\"itemListElement\":[{\"@type\":\"ListItem\",\"position\":1,\"name\":\"Home\",\"item\":\"https:\/\/ciencia.ufpr.br\/portal\/\"},{\"@type\":\"ListItem\",\"position\":2,\"name\":\"Tend\u00eancia a dist\u00farbios alimentares em beb\u00eas prematuros exige aten\u00e7\u00e3o das fam\u00edlias\"}]},{\"@type\":\"WebSite\",\"@id\":\"https:\/\/ciencia.ufpr.br\/portal\/#website\",\"url\":\"https:\/\/ciencia.ufpr.br\/portal\/\",\"name\":\"Ci\u00eancia UFPR\",\"description\":\"Site de temas cient\u00edficos com foco no conhecimento produzido na Universidade Federal do Paran\u00e1 (UFPR). Baseado na Revista Ci\u00eancia UFPR.\",\"publisher\":{\"@id\":\"https:\/\/ciencia.ufpr.br\/portal\/#organization\"},\"potentialAction\":[{\"@type\":\"SearchAction\",\"target\":{\"@type\":\"EntryPoint\",\"urlTemplate\":\"https:\/\/ciencia.ufpr.br\/portal\/?s={search_term_string}\"},\"query-input\":{\"@type\":\"PropertyValueSpecification\",\"valueRequired\":true,\"valueName\":\"search_term_string\"}}],\"inLanguage\":\"pt-BR\"},{\"@type\":\"Organization\",\"@id\":\"https:\/\/ciencia.ufpr.br\/portal\/#organization\",\"name\":\"Revista Ci\u00eancia UFPR\",\"url\":\"https:\/\/ciencia.ufpr.br\/portal\/\",\"logo\":{\"@type\":\"ImageObject\",\"inLanguage\":\"pt-BR\",\"@id\":\"https:\/\/ciencia.ufpr.br\/portal\/#\/schema\/logo\/image\/\",\"url\":\"https:\/\/ciencia.ufpr.br\/portal\/wp-content\/uploads\/2020\/12\/Revista-Ciencia-UFPR-vermelho.jpeg\",\"contentUrl\":\"https:\/\/ciencia.ufpr.br\/portal\/wp-content\/uploads\/2020\/12\/Revista-Ciencia-UFPR-vermelho.jpeg\",\"width\":992,\"height\":714,\"caption\":\"Revista Ci\u00eancia UFPR\"},\"image\":{\"@id\":\"https:\/\/ciencia.ufpr.br\/portal\/#\/schema\/logo\/image\/\"},\"sameAs\":[\"https:\/\/www.facebook.com\/cienciaufproficial\",\"https:\/\/x.com\/cienciaufpr\",\"https:\/\/www.instagram.com\/revistacienciaufpr\/\",\"https:\/\/www.linkedin.com\/company\/cienciaufproficial\",\"https:\/\/br.pinterest.com\/cienciaufpr\/\"]},{\"@type\":\"Person\",\"@id\":\"https:\/\/ciencia.ufpr.br\/portal\/#\/schema\/person\/e85d61d7e7853aeee7c3a597e5f23e43\",\"name\":\"J\u00e9ssica Tokarski\",\"url\":\"https:\/\/ciencia.ufpr.br\/portal\/author\/jessicatokarski\/\"}]}<\/script>\n<!-- \/ Yoast SEO plugin. -->","yoast_head_json":{"title":"Tend\u00eancia a dist\u00farbios alimentares em beb\u00eas prematuros exige aten\u00e7\u00e3o das fam\u00edlias - Ci\u00eancia UFPR","description":"Especialista do HC da UFPR aponta fatores de risco na prematuridade e defende amplia\u00e7\u00e3o do atendimento a crian\u00e7as com seletividade alimentar.","robots":{"index":"index","follow":"follow","max-snippet":"max-snippet:-1","max-image-preview":"max-image-preview:large","max-video-preview":"max-video-preview:-1"},"canonical":"https:\/\/ciencia.ufpr.br\/portal\/tendencia-a-disturbios-alimentares-em-bebes-prematuros-exige-atencao-das-familias\/","og_locale":"pt_BR","og_type":"article","og_title":"Tend\u00eancia a dist\u00farbios alimentares em beb\u00eas prematuros exige aten\u00e7\u00e3o das fam\u00edlias - Ci\u00eancia UFPR","og_description":"Especialista do HC da UFPR aponta fatores de risco na prematuridade e defende amplia\u00e7\u00e3o do atendimento a crian\u00e7as com seletividade alimentar.","og_url":"https:\/\/ciencia.ufpr.br\/portal\/tendencia-a-disturbios-alimentares-em-bebes-prematuros-exige-atencao-das-familias\/","og_site_name":"Ci\u00eancia UFPR","article_publisher":"https:\/\/www.facebook.com\/cienciaufproficial","article_published_time":"2025-11-13T10:06:30+00:00","article_modified_time":"2026-02-02T18:08:15+00:00","og_image":[{"width":5760,"height":3240,"url":"https:\/\/ciencia.ufpr.br\/portal\/wp-content\/uploads\/2025\/09\/daprematuros_cienciaufpr_portal.jpg","type":"image\/jpeg"}],"author":"J\u00e9ssica Tokarski","twitter_card":"summary_large_image","twitter_creator":"@cienciaufpr","twitter_site":"@cienciaufpr","twitter_misc":{"Escrito por":"J\u00e9ssica Tokarski","Est. tempo de leitura":"5 minutos"},"schema":{"@context":"https:\/\/schema.org","@graph":[{"@type":"Article","@id":"https:\/\/ciencia.ufpr.br\/portal\/tendencia-a-disturbios-alimentares-em-bebes-prematuros-exige-atencao-das-familias\/#article","isPartOf":{"@id":"https:\/\/ciencia.ufpr.br\/portal\/tendencia-a-disturbios-alimentares-em-bebes-prematuros-exige-atencao-das-familias\/"},"author":{"name":"J\u00e9ssica Tokarski","@id":"https:\/\/ciencia.ufpr.br\/portal\/#\/schema\/person\/e85d61d7e7853aeee7c3a597e5f23e43"},"headline":"Tend\u00eancia a dist\u00farbios alimentares em beb\u00eas prematuros exige aten\u00e7\u00e3o das fam\u00edlias","datePublished":"2025-11-13T10:06:30+00:00","dateModified":"2026-02-02T18:08:15+00:00","mainEntityOfPage":{"@id":"https:\/\/ciencia.ufpr.br\/portal\/tendencia-a-disturbios-alimentares-em-bebes-prematuros-exige-atencao-das-familias\/"},"wordCount":957,"commentCount":0,"publisher":{"@id":"https:\/\/ciencia.ufpr.br\/portal\/#organization"},"image":{"@id":"https:\/\/ciencia.ufpr.br\/portal\/tendencia-a-disturbios-alimentares-em-bebes-prematuros-exige-atencao-das-familias\/#primaryimage"},"thumbnailUrl":"https:\/\/ciencia.ufpr.br\/portal\/wp-content\/uploads\/2025\/09\/daprematuros_cienciaufpr_portal.jpg","keywords":["2025","Alimenta\u00e7\u00e3o","Ambulat\u00f3rio de Dificuldades Alimentares da Crian\u00e7a","CHC","Complexo Hospital de Cl\u00ednicas","Dia Mundial da Prematuridade","Dificuldades alimentares","hospitais universit\u00e1rios","Hospital de Cl\u00ednicas","inf\u00e2ncia","Novembro Roxo","pediatria","sa\u00fade"],"articleSection":["Reportagem","Sa\u00fade"],"inLanguage":"pt-BR","potentialAction":[{"@type":"CommentAction","name":"Comment","target":["https:\/\/ciencia.ufpr.br\/portal\/tendencia-a-disturbios-alimentares-em-bebes-prematuros-exige-atencao-das-familias\/#respond"]}]},{"@type":"WebPage","@id":"https:\/\/ciencia.ufpr.br\/portal\/tendencia-a-disturbios-alimentares-em-bebes-prematuros-exige-atencao-das-familias\/","url":"https:\/\/ciencia.ufpr.br\/portal\/tendencia-a-disturbios-alimentares-em-bebes-prematuros-exige-atencao-das-familias\/","name":"Tend\u00eancia a dist\u00farbios alimentares em beb\u00eas prematuros exige aten\u00e7\u00e3o das fam\u00edlias - Ci\u00eancia UFPR","isPartOf":{"@id":"https:\/\/ciencia.ufpr.br\/portal\/#website"},"primaryImageOfPage":{"@id":"https:\/\/ciencia.ufpr.br\/portal\/tendencia-a-disturbios-alimentares-em-bebes-prematuros-exige-atencao-das-familias\/#primaryimage"},"image":{"@id":"https:\/\/ciencia.ufpr.br\/portal\/tendencia-a-disturbios-alimentares-em-bebes-prematuros-exige-atencao-das-familias\/#primaryimage"},"thumbnailUrl":"https:\/\/ciencia.ufpr.br\/portal\/wp-content\/uploads\/2025\/09\/daprematuros_cienciaufpr_portal.jpg","datePublished":"2025-11-13T10:06:30+00:00","dateModified":"2026-02-02T18:08:15+00:00","description":"Especialista do HC da UFPR aponta fatores de risco na prematuridade e defende amplia\u00e7\u00e3o do atendimento a crian\u00e7as com seletividade alimentar.","breadcrumb":{"@id":"https:\/\/ciencia.ufpr.br\/portal\/tendencia-a-disturbios-alimentares-em-bebes-prematuros-exige-atencao-das-familias\/#breadcrumb"},"inLanguage":"pt-BR","potentialAction":[{"@type":"ReadAction","target":["https:\/\/ciencia.ufpr.br\/portal\/tendencia-a-disturbios-alimentares-em-bebes-prematuros-exige-atencao-das-familias\/"]}]},{"@type":"ImageObject","inLanguage":"pt-BR","@id":"https:\/\/ciencia.ufpr.br\/portal\/tendencia-a-disturbios-alimentares-em-bebes-prematuros-exige-atencao-das-familias\/#primaryimage","url":"https:\/\/ciencia.ufpr.br\/portal\/wp-content\/uploads\/2025\/09\/daprematuros_cienciaufpr_portal.jpg","contentUrl":"https:\/\/ciencia.ufpr.br\/portal\/wp-content\/uploads\/2025\/09\/daprematuros_cienciaufpr_portal.jpg","width":5760,"height":3240,"caption":"Apoio familiar e multiprofissional s\u00e3o essenciais para superar desafios alimentares em crian\u00e7as nascidas prematuras. Foto: Alexander Grey\/Unsplash"},{"@type":"BreadcrumbList","@id":"https:\/\/ciencia.ufpr.br\/portal\/tendencia-a-disturbios-alimentares-em-bebes-prematuros-exige-atencao-das-familias\/#breadcrumb","itemListElement":[{"@type":"ListItem","position":1,"name":"Home","item":"https:\/\/ciencia.ufpr.br\/portal\/"},{"@type":"ListItem","position":2,"name":"Tend\u00eancia a dist\u00farbios alimentares em beb\u00eas prematuros exige aten\u00e7\u00e3o das fam\u00edlias"}]},{"@type":"WebSite","@id":"https:\/\/ciencia.ufpr.br\/portal\/#website","url":"https:\/\/ciencia.ufpr.br\/portal\/","name":"Ci\u00eancia UFPR","description":"Site de temas cient\u00edficos com foco no conhecimento produzido na Universidade Federal do Paran\u00e1 (UFPR). Baseado na Revista Ci\u00eancia UFPR.","publisher":{"@id":"https:\/\/ciencia.ufpr.br\/portal\/#organization"},"potentialAction":[{"@type":"SearchAction","target":{"@type":"EntryPoint","urlTemplate":"https:\/\/ciencia.ufpr.br\/portal\/?s={search_term_string}"},"query-input":{"@type":"PropertyValueSpecification","valueRequired":true,"valueName":"search_term_string"}}],"inLanguage":"pt-BR"},{"@type":"Organization","@id":"https:\/\/ciencia.ufpr.br\/portal\/#organization","name":"Revista Ci\u00eancia UFPR","url":"https:\/\/ciencia.ufpr.br\/portal\/","logo":{"@type":"ImageObject","inLanguage":"pt-BR","@id":"https:\/\/ciencia.ufpr.br\/portal\/#\/schema\/logo\/image\/","url":"https:\/\/ciencia.ufpr.br\/portal\/wp-content\/uploads\/2020\/12\/Revista-Ciencia-UFPR-vermelho.jpeg","contentUrl":"https:\/\/ciencia.ufpr.br\/portal\/wp-content\/uploads\/2020\/12\/Revista-Ciencia-UFPR-vermelho.jpeg","width":992,"height":714,"caption":"Revista Ci\u00eancia UFPR"},"image":{"@id":"https:\/\/ciencia.ufpr.br\/portal\/#\/schema\/logo\/image\/"},"sameAs":["https:\/\/www.facebook.com\/cienciaufproficial","https:\/\/x.com\/cienciaufpr","https:\/\/www.instagram.com\/revistacienciaufpr\/","https:\/\/www.linkedin.com\/company\/cienciaufproficial","https:\/\/br.pinterest.com\/cienciaufpr\/"]},{"@type":"Person","@id":"https:\/\/ciencia.ufpr.br\/portal\/#\/schema\/person\/e85d61d7e7853aeee7c3a597e5f23e43","name":"J\u00e9ssica Tokarski","url":"https:\/\/ciencia.ufpr.br\/portal\/author\/jessicatokarski\/"}]}},"views":686,"jetpack_sharing_enabled":true,"jetpack_featured_media_url":"https:\/\/ciencia.ufpr.br\/portal\/wp-content\/uploads\/2025\/09\/daprematuros_cienciaufpr_portal.jpg","_links":{"self":[{"href":"https:\/\/ciencia.ufpr.br\/portal\/wp-json\/wp\/v2\/posts\/27118"}],"collection":[{"href":"https:\/\/ciencia.ufpr.br\/portal\/wp-json\/wp\/v2\/posts"}],"about":[{"href":"https:\/\/ciencia.ufpr.br\/portal\/wp-json\/wp\/v2\/types\/post"}],"author":[{"embeddable":true,"href":"https:\/\/ciencia.ufpr.br\/portal\/wp-json\/wp\/v2\/users\/2805"}],"replies":[{"embeddable":true,"href":"https:\/\/ciencia.ufpr.br\/portal\/wp-json\/wp\/v2\/comments?post=27118"}],"version-history":[{"count":11,"href":"https:\/\/ciencia.ufpr.br\/portal\/wp-json\/wp\/v2\/posts\/27118\/revisions"}],"predecessor-version":[{"id":27717,"href":"https:\/\/ciencia.ufpr.br\/portal\/wp-json\/wp\/v2\/posts\/27118\/revisions\/27717"}],"wp:featuredmedia":[{"embeddable":true,"href":"https:\/\/ciencia.ufpr.br\/portal\/wp-json\/wp\/v2\/media\/27267"}],"wp:attachment":[{"href":"https:\/\/ciencia.ufpr.br\/portal\/wp-json\/wp\/v2\/media?parent=27118"}],"wp:term":[{"taxonomy":"category","embeddable":true,"href":"https:\/\/ciencia.ufpr.br\/portal\/wp-json\/wp\/v2\/categories?post=27118"},{"taxonomy":"post_tag","embeddable":true,"href":"https:\/\/ciencia.ufpr.br\/portal\/wp-json\/wp\/v2\/tags?post=27118"}],"curies":[{"name":"wp","href":"https:\/\/api.w.org\/{rel}","templated":true}]}}