{"id":26864,"date":"2026-03-23T08:48:21","date_gmt":"2026-03-23T11:48:21","guid":{"rendered":"https:\/\/ciencia.ufpr.br\/portal\/?p=26864"},"modified":"2026-04-14T12:25:01","modified_gmt":"2026-04-14T15:25:01","slug":"a-aluna-de-iniciacao-cientifica-que-descobriu-quatro-especies-de-abelhas","status":"publish","type":"post","link":"https:\/\/ciencia.ufpr.br\/portal\/a-aluna-de-iniciacao-cientifica-que-descobriu-quatro-especies-de-abelhas\/","title":{"rendered":"A aluna de inicia\u00e7\u00e3o cient\u00edfica que descobriu quatro esp\u00e9cies de abelhas"},"content":{"rendered":"<p>A abelha da esp\u00e9cie <em>Habralictus obscuratus<\/em> tem o seu corpo de cerca de seis mil\u00edmetros quase todo preto \u2014 a exce\u00e7\u00e3o s\u00e3o as asas transparentes nas quais se enxergam, ao microsc\u00f3pio, finas veias escuras. S\u00e3o as abelhas preferidas de J\u00falia Alberti de Liz, a estudante de Ci\u00eancias Biol\u00f3gicas da Universidade Federal do Paran\u00e1 (UFPR) que primeiro descreveu a esp\u00e9cie, junto com tr\u00eas outras, em artigo publicado no peri\u00f3dico <em>European Journal of Taxonomy<\/em>.<\/p>\n<p>Quem descobre a esp\u00e9cie tamb\u00e9m pode batiz\u00e1-la e, no Laborat\u00f3rio de Abelhas (Labe) da UFPR, onde J\u00falia faz inicia\u00e7\u00e3o cientifica, ningu\u00e9m se surpreendeu que tenha escolhido destacar no nome cient\u00edfico o tom escuro das <em>H. obscuratus<\/em>. Na \u00e9poca em que havia mais de uma estudante chamada J\u00falia no laborat\u00f3rio, o jeito de os pesquisadores diferenci\u00e1-las foi chamar J\u00falia de Liz de \u201cJ\u00falia de preto\u201d, por estar sempre vestida com essa cor.<\/p>\n<p>A identifica\u00e7\u00e3o da estudante com a esp\u00e9cie de abelha que descreveu \u00e9 um bastidor curioso, mas tamb\u00e9m simb\u00f3lico de como a inicia\u00e7\u00e3o cient\u00edfica ajuda estudantes de gradua\u00e7\u00e3o a desenvolver paix\u00e3o pela ci\u00eancia, al\u00e9m de ferramentas profissionais que tamb\u00e9m funcionam fora do meio acad\u00eamico.<\/p>\n<p>\u201cQuando voc\u00ea entra na inicia\u00e7\u00e3o cient\u00edfica, consegue ter uma experi\u00eancia mais profissional no sentido de criar um repert\u00f3rio pr\u00f3prio, desenvolver habilidades individuais ao ponto de conseguir manejar o seu pr\u00f3prio trabalho na pesquisa\u201d, disse J\u00falia de Liz \u00e0 <em>Ci\u00eancia UFPR<\/em>.<\/p>\n<blockquote><p>\u201cS\u00e3o muitas horas que voc\u00ea fica sentada olhando v\u00e1rios bichos pela lupa e tentando entender realmente quais s\u00e3o os limites entre as esp\u00e9cies. Porque esp\u00e9cies tamb\u00e9m s\u00e3o hip\u00f3teses, n\u00e9?\u201d, explica.<\/p><\/blockquote>\n<figure id=\"attachment_28614\" aria-describedby=\"caption-attachment-28614\" style=\"width: 1440px\" class=\"wp-caption alignleft\"><a href=\"https:\/\/ciencia.ufpr.br\/portal\/wp-content\/uploads\/2026\/03\/NovasAbelhas-15.jpg\"><img loading=\"lazy\" decoding=\"async\" class=\"size-full wp-image-28614\" src=\"https:\/\/ciencia.ufpr.br\/portal\/wp-content\/uploads\/2026\/03\/NovasAbelhas-15.jpg\" alt=\"\" width=\"1440\" height=\"1080\" srcset=\"https:\/\/ciencia.ufpr.br\/portal\/wp-content\/uploads\/2026\/03\/NovasAbelhas-15.jpg 1440w, https:\/\/ciencia.ufpr.br\/portal\/wp-content\/uploads\/2026\/03\/NovasAbelhas-15-300x225.jpg 300w, https:\/\/ciencia.ufpr.br\/portal\/wp-content\/uploads\/2026\/03\/NovasAbelhas-15-1024x768.jpg 1024w, https:\/\/ciencia.ufpr.br\/portal\/wp-content\/uploads\/2026\/03\/NovasAbelhas-15-768x576.jpg 768w, https:\/\/ciencia.ufpr.br\/portal\/wp-content\/uploads\/2026\/03\/NovasAbelhas-15-150x113.jpg 150w\" sizes=\"(max-width: 1440px) 100vw, 1440px\" \/><\/a><figcaption id=\"caption-attachment-28614\" class=\"wp-caption-text\">O brilho discreto da <em>H. obscuratus<\/em>, a nova esp\u00e9cie preferida de J\u00falia de Liz<\/figcaption><\/figure>\n<p>O Laborat\u00f3rio de Abelhas, com o seu vasto cat\u00e1logo de esp\u00e9cimes de abelhas para serem avaliados (chamado de cole\u00e7\u00e3o zool\u00f3gica), \u00e9 um exemplo das oportunidades que estudantes de gradua\u00e7\u00e3o t\u00eam na UFPR de experimentar as ferramentas do m\u00e9todo cient\u00edfico \u2014 <a href=\"https:\/\/ciencia.ufpr.br\/portal\/a-iniciacao-cientifica-tambem-prepara-para-o-mercado-vida-academica\/\">seja o uso de um microsc\u00f3pio ou mesmo o senso cr\u00edtico<\/a>.<\/p>\n<p>Ao todo, cerca de sete milh\u00f5es de insetos \u2014 incluindo abelhas coletadas h\u00e1 coisa de 60 anos \u2014 esperam nas gavetas silenciosas das cole\u00e7\u00f5es da UFPR para sair do limbo taxon\u00f4mico, \u00e0s vezes ganhando um novo nome cient\u00edfico. As que n\u00e3o t\u00eam identifica\u00e7\u00e3o ocupam os espa\u00e7os chamados pelos pesquisadores de \u201cmiscel\u00e2nea\u201d. Preencher essas lacunas \u00e9 um trabalho de \u201cpeneiramento\u201d, ao mesmo tempo extenso e rigoroso.<\/p>\n<h5><strong>GALERIA <span style=\"color: #cf6777;\">|<\/span><\/strong> A alegria da descoberta proporcionada pela inicia\u00e7\u00e3o cient\u00edfica<br \/>\n<\/h5>\n<p>Nele a inicia\u00e7\u00e3o cient\u00edfica tem mostrado um papel importante na descoberta de novas esp\u00e9cies, de quebra despertando o interesse pela taxonomia e qualificando pesquisadores \u2014 um d\u00e9ficit da \u00e1rea.<\/p>\n<blockquote><p>\u201c\u00c9 um trabalho meio que de detetive\u201d, resume o professor e pesquisador Rodrigo Barbosa Gon\u00e7alves, que coordena o Laborat\u00f3rio de Abelhas.<\/p><\/blockquote>\n<p>Os estagi\u00e1rios de inicia\u00e7\u00e3o cient\u00edfica assumem a tarefa de triagem dos insetos das cole\u00e7\u00f5es, o que treina o olhar para diferenciar as caracter\u00edsticas de cada grupo de esp\u00e9cies. Quando j\u00e1 est\u00e3o por dentro do que procurar, tornam-se candidatos a conseguir diferenciar novas esp\u00e9cies e ajudar a descrev\u00ea-las em artigos.<\/p>\n<p>O artigo no qual saiu a <em>H. obscuratus<\/em> inclui ainda outras tr\u00eas novas esp\u00e9cies (<em>H. acuminatus<\/em>, <em>H. cyaneus<\/em>, <em>H. nitidus<\/em>), todas coletadas na Mata Atl\u00e2ntica do Norte e do Sudeste, por\u00e9m em momentos diferentes, que v\u00e3o dos anos 1960 a 2019.<\/p>\n<p>Outras sete esp\u00e9cies do g\u00eanero <em>Habralictus<\/em> foram redescritas ou revisadas. Isso significa que s\u00e3o esp\u00e9cies j\u00e1 nomeadas que receberam descri\u00e7\u00f5es mais detalhadas e foram reorganizadas dentro dos grupos do g\u00eanero. Para a revis\u00e3o, pesquisadores examinaram mais de 1,5 mil exemplares de abelhas brasileiras depositadas em cole\u00e7\u00f5es entomol\u00f3gicas.<\/p>\n<h2>Abelhas do g\u00eanero chamam aten\u00e7\u00e3o pelo brilho hologr\u00e1fico<\/h2>\n<p>As abelhas <em>Habralictus<\/em> s\u00e3o pequenas (medem entre quatro e oito mil\u00edmetros), mas brilham como metal. Olhando para elas, a impress\u00e3o \u00e9 de que reluzem em tons frios, como verde e azul.<\/p>\n<p>Como isso acontece? N\u00e3o se trata de pigmento qu\u00edmico, como ocorre com tons de preto, amarelo e vermelho que percebemos em animais. \u00c9 uma ilus\u00e3o de \u00f3tica gerada por um fen\u00f4meno f\u00edsico chamado iridesc\u00eancia. O brilho met\u00e1lico \u00e9 resultado da intera\u00e7\u00e3o da luz com a camada de revestimento do exoesqueleto da abelha. Dependendo da composi\u00e7\u00e3o dessa cut\u00edcula, ela libera reflexos espec\u00edficos.<\/p>\n<blockquote><p>&#8220;Tanto que esses bichos com grande reflexo, dependendo de como \u00e9 que voc\u00ea [os] gira na luz, \u00e0s vezes o tipo do reflexo muda. Porque n\u00e3o \u00e9 o pigmento, \u00e9 um efeito da luz&#8221;, explica Gon\u00e7alves.<\/p><\/blockquote>\n<p>(Deixe anotado: a cor azul n\u00e3o \u00e9 encontrada em animais que n\u00e3o seja por causa dos reflexos coloridos).<\/p>\n<p>No caso do g\u00eanero <em>Habralictus<\/em>, os reflexos met\u00e1licos na cabe\u00e7a e no mesossoma (t\u00f3rax) s\u00e3o t\u00e3o marcantes que \u00e9 uma das principais caracter\u00edsticas utilizadas para identificar essas abelhas.<\/p>\n<p>As novas esp\u00e9cies descritas no artigo, por\u00e9m, t\u00eam suas particularidades de cores. Enquanto a <em>H. acuminatus<\/em> e a <em>H. nitidus<\/em> s\u00e3o de um verde brilhante, a <em>H. cyaneus<\/em> \u00e9 azul esverdeada com reflexos met\u00e1licos no abd\u00f4men, o seu diferencial dentro do grupo. J\u00e1 a <em>H. obscuratus<\/em> apresenta tons mais escuros, onde se v\u00ea do verde oliva ao roxo.<\/p>\n<p>As <em>Habralictus<\/em> podem ainda apresentar manchas amarelas, chamadas de macula\u00e7\u00f5es, no abd\u00f4men. Esses sim s\u00e3o pigmentos reais.<\/p>\n<h2>Polinizadoras generalistas, as abelhas do g\u00eanero mant\u00e9m redes de intera\u00e7\u00e3o que protegem a biodiversidade<\/h2>\n<p>Fora a curiosidade que suas cores despertam, as pequenas <em>Habralictus<\/em> s\u00e3o polinizadoras essenciais nos ecossistemas onde s\u00e3o encontradas, no continente americano entre o Brasil e o M\u00e9xico. T\u00eam rela\u00e7\u00e3o profunda com palmeiras e cultivos agr\u00edcolas brasileiros, entre eles o de a\u00e7a\u00ed \u2014 a esp\u00e9cie <em>Habralictus cyaneus<\/em> foi coletada em cultivos de a\u00e7a\u00ed no Amap\u00e1 por pesquisadores que estudam os polinizadores dessa planta.<\/p>\n<p>Fato \u00e9 que algumas intera\u00e7\u00f5es entre abelhas do g\u00eanero e certas plantas s\u00e3o t\u00e3o espec\u00edficas \u2014 gerando depend\u00eancia para reprodu\u00e7\u00e3o dessas plantas \u2014 que a perda de esp\u00e9cies que comp\u00f5em a rede de biodiversidade das <em>Habralictus<\/em> significa risco de levar florestas ao colapso.<\/p>\n<blockquote class=\"instagram-media\" style=\"background: #FFF; border: 0; border-radius: 3px; box-shadow: 0 0 1px 0 rgba(0,0,0,0.5),0 1px 10px 0 rgba(0,0,0,0.15); margin: 1px; max-width: 540px; min-width: 326px; padding: 0; width: calc(100% - 2px);\" data-instgrm-permalink=\"https:\/\/www.instagram.com\/reel\/DW_ggBMgSc8\/?utm_source=ig_embed&amp;utm_campaign=loading\" data-instgrm-version=\"14\">\n<div style=\"padding: 16px;\">\n<p>&nbsp;<\/p>\n<div style=\"display: flex; flex-direction: row; align-items: center;\">\n<div style=\"background-color: #f4f4f4; border-radius: 50%; flex-grow: 0; height: 40px; margin-right: 14px; width: 40px;\"><\/div>\n<div style=\"display: flex; flex-direction: column; flex-grow: 1; justify-content: center;\">\n<div style=\"background-color: #f4f4f4; border-radius: 4px; flex-grow: 0; height: 14px; margin-bottom: 6px; width: 100px;\"><\/div>\n<div style=\"background-color: #f4f4f4; border-radius: 4px; flex-grow: 0; height: 14px; width: 60px;\"><\/div>\n<\/div>\n<\/div>\n<div style=\"padding: 19% 0;\"><\/div>\n<div style=\"display: block; height: 50px; margin: 0 auto 12px; width: 50px;\"><\/div>\n<div style=\"padding-top: 8px;\">\n<div style=\"color: #3897f0; font-family: Arial,sans-serif; font-size: 14px; font-style: normal; font-weight: 550; line-height: 18px;\">Ver essa foto no Instagram<\/div>\n<\/div>\n<div style=\"padding: 12.5% 0;\"><\/div>\n<div style=\"display: flex; flex-direction: row; margin-bottom: 14px; align-items: center;\">\n<div>\n<div style=\"background-color: #f4f4f4; border-radius: 50%; height: 12.5px; width: 12.5px; transform: translateX(0px) translateY(7px);\"><\/div>\n<div style=\"background-color: #f4f4f4; height: 12.5px; transform: rotate(-45deg) translateX(3px) translateY(1px); width: 12.5px; flex-grow: 0; margin-right: 14px; margin-left: 2px;\"><\/div>\n<div style=\"background-color: #f4f4f4; border-radius: 50%; height: 12.5px; width: 12.5px; transform: translateX(9px) translateY(-18px);\"><\/div>\n<\/div>\n<div style=\"margin-left: 8px;\">\n<div style=\"background-color: #f4f4f4; border-radius: 50%; flex-grow: 0; height: 20px; width: 20px;\"><\/div>\n<div style=\"width: 0; height: 0; border-top: 2px solid transparent; border-left: 6px solid #f4f4f4; border-bottom: 2px solid transparent; transform: translateX(16px) translateY(-4px) rotate(30deg);\"><\/div>\n<\/div>\n<div style=\"margin-left: auto;\">\n<div style=\"width: 0px; border-top: 8px solid #F4F4F4; border-right: 8px solid transparent; transform: translateY(16px);\"><\/div>\n<div style=\"background-color: #f4f4f4; flex-grow: 0; height: 12px; width: 16px; transform: translateY(-4px);\"><\/div>\n<div style=\"width: 0; height: 0; border-top: 8px solid #F4F4F4; border-left: 8px solid transparent; transform: translateY(-4px) translateX(8px);\"><\/div>\n<\/div>\n<\/div>\n<div style=\"display: flex; flex-direction: column; flex-grow: 1; justify-content: center; margin-bottom: 24px;\">\n<div style=\"background-color: #f4f4f4; border-radius: 4px; flex-grow: 0; height: 14px; margin-bottom: 6px; width: 224px;\"><\/div>\n<div style=\"background-color: #f4f4f4; border-radius: 4px; flex-grow: 0; height: 14px; width: 144px;\"><\/div>\n<\/div>\n<p>&nbsp;<\/p>\n<p style=\"color: #c9c8cd; font-family: Arial,sans-serif; font-size: 14px; line-height: 17px; margin-bottom: 0; margin-top: 8px; overflow: hidden; padding: 8px 0 7px; text-align: center; text-overflow: ellipsis; white-space: nowrap;\"><a style=\"color: #c9c8cd; font-family: Arial,sans-serif; font-size: 14px; font-style: normal; font-weight: normal; line-height: 17px; text-decoration: none;\" href=\"https:\/\/www.instagram.com\/reel\/DW_ggBMgSc8\/?utm_source=ig_embed&amp;utm_campaign=loading\" target=\"_blank\" rel=\"noopener\">Um post compartilhado por Universidade Federal do Paran\u00e1 (@ufpr_oficial)<\/a><\/p>\n<\/div>\n<\/blockquote>\n<p><script async src=\"\/\/www.instagram.com\/embed.js\"><\/script> Por sua vez, as <em>Habralictus<\/em> t\u00eam prefer\u00eancia por algumas plantas, mas procuram diversificar sua busca por p\u00f3len. Por isso s\u00e3o chamadas de polil\u00e9ticas: visitam p\u00e9s de mandioca, tomateiros, abacateiros, seringueiras, gard\u00eanias, entre outros. Esse h\u00e1bito generalista gera redes de intera\u00e7\u00e3o do qual participam as diversas plantas que s\u00e3o polinizadas simultaneamente e diferentes polinizadores, permitindo mais oportunidades de manuten\u00e7\u00e3o da biodiversidade.<\/p>\n<p>Assim como a constru\u00e7\u00e3o dos ninhos e o cuidado com a prole, a poliniza\u00e7\u00e3o \u00e9 realizada exclusivamente pelas f\u00eameas, porque s\u00e3o as que possuem as estruturas especializadas para essa coleta \u2014 as escopas, localizadas no f\u00eamur posterior do inseto.<\/p>\n<p>Depois de coletar n\u00e9ctar e p\u00f3len das plantas, transportam essa pasta para ninhos solit\u00e1rios, constru\u00eddos em barrancos de terra ou diretamente no solo, onde alimentam as suas larvas.<\/p>\n<p>Aqui um alerta importante: se encontrar um desses ninhos, n\u00e3o atrapalhe o trabalho das abelhas. Al\u00e9m de n\u00e3o serem agressivas e nem produzirem mel para consumo humano, essas s\u00e3o abelhas silvestres, <a href=\"https:\/\/ciencia.ufpr.br\/portal\/a-maioria-das-abelhas-nao-e-como-pensamos-e-essas-sao-as-mais-ameacadas-rodrigo-goncalves\/\">portanto as que mais precisam de prote\u00e7\u00e3o contra amea\u00e7as de extin\u00e7\u00e3o<\/a>.<\/p>\n<blockquote><p>\u201cAs pessoas t\u00eam o instinto de tentar resolver [a presen\u00e7a de insetos] como se fosse uma praga, mas n\u00e3o \u00e9 necess\u00e1rio isso quando encontramos locais com pequenos insetos saindo e entrando. Temos que entender que ali \u00e9 uma \u00e1rea de nidifica\u00e7\u00e3o, de constru\u00e7\u00e3o de ninhos\u201d, explica Gon\u00e7alves.<\/p><\/blockquote>\n<h2>Novas esp\u00e9cies em meio \u00e0 miscel\u00e2nea e dando sopa em parques<\/h2>\n<p>E para que serve conhecer uma esp\u00e9cie? Na cadeia cient\u00edfica, a identifica\u00e7\u00e3o de esp\u00e9cies \u00e9 o pilar para futuras abordagens, incluindo, na ponta mais extrema, os estudos que influem em pol\u00edticas p\u00fablicas. Rodrigo Barbosa Gon\u00e7alves chama os trabalhos de inicia\u00e7\u00e3o cient\u00edfica de &#8220;tijolinhos&#8221; para outras \u00e1reas, como a ecologia, visto que dar nome e identificar as esp\u00e9cies \u00e9 o primeiro passo para depois estudar como respondem, <a href=\"https:\/\/ciencia.ufpr.br\/portal\/mudancas-climaticas-empurram-abelhas-sul-americanas-mais-para-o-sul\/\">por exemplo, \u00e0s mudan\u00e7as clim\u00e1ticas<\/a>.<\/p>\n<p>Um dos projetos associados \u00e0 cole\u00e7\u00e3o, por exemplo, \u00e9 o &#8220;Abelhas de Curitiba: a Cole\u00e7\u00e3o Rudolf Lange&#8221;, que busca identificar os exemplares coletados pelo engenheiro alem\u00e3o, um conhecido naturalista, falecido na capital paranaense em 2016. \u00c0 medida que novas esp\u00e9cies s\u00e3o descobertas, pesquisadores em diversos n\u00edveis de pesquisa, da gradua\u00e7\u00e3o ao doutorado, desvendam a diversidade das abelhas da cidade.<\/p>\n<p>Al\u00e9m do material hist\u00f3rico das cole\u00e7\u00f5es, novas descobertas e registros de esp\u00e9cies ocorrem em parques e locais p\u00fablicos de Curitiba. Tanto que esp\u00e9cies do mesmo g\u00eanero das que esta mat\u00e9ria trata \u2014 a <em>Habralictus canaliculatus<\/em> e a <em>Habralictus macrospilophorus<\/em> \u2014 foram identificadas anteriormente a partir de coletas nos parques Barigui, Tingui, Tangu\u00e1, Atuba, Cemit\u00e9rio Parque Igua\u00e7u e at\u00e9 em quart\u00e9is generais da cidade.<\/p>\n<h5 style=\"text-align: right;\">\u2795 Leia no artigo <a href=\"https:\/\/europeanjournaloftaxonomy.eu\/index.php\/ejt\/article\/view\/2907\" target=\"_blank\" rel=\"noopener\">\u201cA taxonomic revision of Habralictus Moure, 1941 from Brazil, with description of four new species (Hymenoptera: Apidae)\u201d<\/a>, publicado no European Journal of Taxonomy (em ingl\u00eas; aberto)<\/h5>\n","protected":false},"excerpt":{"rendered":"<p>A abelha da esp\u00e9cie Habralictus obscuratus tem o seu corpo de cerca de seis mil\u00edmetros quase todo preto \u2014 a&#8230;<\/p>\n","protected":false},"author":2800,"featured_media":28610,"comment_status":"open","ping_status":"closed","sticky":false,"template":"","format":"standard","meta":{"_acf_changed":false,"footnotes":"","fifu_image_url":"","fifu_image_alt":"","_jetpack_memberships_contains_paid_content":false},"categories":[1608,1622,2202,1604],"tags":[2854,1909,2675,2695,1669,1930,2711,1725,2512,2354,1665],"acf":[],"yoast_head":"<!-- This site is optimized with the Yoast SEO plugin v23.5 - https:\/\/yoast.com\/wordpress\/plugins\/seo\/ -->\n<title>A aluna de inicia\u00e7\u00e3o cient\u00edfica que descobriu quatro esp\u00e9cies de abelhas - Ci\u00eancia UFPR<\/title>\n<meta name=\"description\" content=\"Hist\u00f3ria dos achados de J\u00falia Alberti de Liz, de 22 anos, no Laborat\u00f3rio de Abelhas da UFPR ilustra o impacto positivo da forma\u00e7\u00e3o em pesquisa para estudantes de gradua\u00e7\u00e3o.\" \/>\n<meta name=\"robots\" content=\"index, follow, max-snippet:-1, max-image-preview:large, max-video-preview:-1\" \/>\n<link rel=\"canonical\" href=\"https:\/\/ciencia.ufpr.br\/portal\/a-aluna-de-iniciacao-cientifica-que-descobriu-quatro-especies-de-abelhas\/\" \/>\n<meta property=\"og:locale\" content=\"pt_BR\" \/>\n<meta property=\"og:type\" content=\"article\" \/>\n<meta property=\"og:title\" content=\"A aluna de inicia\u00e7\u00e3o cient\u00edfica que descobriu quatro esp\u00e9cies de abelhas - Ci\u00eancia UFPR\" \/>\n<meta property=\"og:description\" content=\"Hist\u00f3ria dos achados de J\u00falia Alberti de Liz, de 22 anos, no Laborat\u00f3rio de Abelhas da UFPR ilustra o impacto positivo da forma\u00e7\u00e3o em pesquisa para estudantes de gradua\u00e7\u00e3o.\" \/>\n<meta property=\"og:url\" content=\"https:\/\/ciencia.ufpr.br\/portal\/a-aluna-de-iniciacao-cientifica-que-descobriu-quatro-especies-de-abelhas\/\" \/>\n<meta property=\"og:site_name\" content=\"Ci\u00eancia UFPR\" \/>\n<meta property=\"article:publisher\" content=\"https:\/\/www.facebook.com\/cienciaufproficial\" \/>\n<meta property=\"article:published_time\" content=\"2026-03-23T11:48:21+00:00\" \/>\n<meta property=\"article:modified_time\" content=\"2026-04-14T15:25:01+00:00\" \/>\n<meta property=\"og:image\" content=\"https:\/\/ciencia.ufpr.br\/portal\/wp-content\/uploads\/2025\/06\/julia_labe_cienciaufpr_fotomarcossolivan.jpg\" \/>\n\t<meta property=\"og:image:width\" content=\"1920\" \/>\n\t<meta property=\"og:image:height\" content=\"1080\" \/>\n\t<meta property=\"og:image:type\" content=\"image\/jpeg\" \/>\n<meta name=\"author\" content=\"Camille Bropp\" \/>\n<meta name=\"twitter:card\" content=\"summary_large_image\" \/>\n<meta name=\"twitter:creator\" content=\"@cienciaufpr\" \/>\n<meta name=\"twitter:site\" content=\"@cienciaufpr\" \/>\n<meta name=\"twitter:label1\" content=\"Escrito por\" \/>\n\t<meta name=\"twitter:data1\" content=\"Camille Bropp\" \/>\n\t<meta name=\"twitter:label2\" content=\"Est. tempo de leitura\" \/>\n\t<meta name=\"twitter:data2\" content=\"8 minutos\" \/>\n<script type=\"application\/ld+json\" class=\"yoast-schema-graph\">{\"@context\":\"https:\/\/schema.org\",\"@graph\":[{\"@type\":\"Article\",\"@id\":\"https:\/\/ciencia.ufpr.br\/portal\/a-aluna-de-iniciacao-cientifica-que-descobriu-quatro-especies-de-abelhas\/#article\",\"isPartOf\":{\"@id\":\"https:\/\/ciencia.ufpr.br\/portal\/a-aluna-de-iniciacao-cientifica-que-descobriu-quatro-especies-de-abelhas\/\"},\"author\":{\"name\":\"Camille Bropp\",\"@id\":\"https:\/\/ciencia.ufpr.br\/portal\/#\/schema\/person\/b2d3b2036ea31f22ae6f5f6424e9c020\"},\"headline\":\"A aluna de inicia\u00e7\u00e3o cient\u00edfica que descobriu quatro esp\u00e9cies de abelhas\",\"datePublished\":\"2026-03-23T11:48:21+00:00\",\"dateModified\":\"2026-04-14T15:25:01+00:00\",\"mainEntityOfPage\":{\"@id\":\"https:\/\/ciencia.ufpr.br\/portal\/a-aluna-de-iniciacao-cientifica-que-descobriu-quatro-especies-de-abelhas\/\"},\"wordCount\":1637,\"commentCount\":0,\"publisher\":{\"@id\":\"https:\/\/ciencia.ufpr.br\/portal\/#organization\"},\"image\":{\"@id\":\"https:\/\/ciencia.ufpr.br\/portal\/a-aluna-de-iniciacao-cientifica-que-descobriu-quatro-especies-de-abelhas\/#primaryimage\"},\"thumbnailUrl\":\"https:\/\/ciencia.ufpr.br\/portal\/wp-content\/uploads\/2025\/06\/julia_labe_cienciaufpr_fotomarcossolivan.jpg\",\"keywords\":[\"2026\",\"biodiversidade\",\"Cole\u00e7\u00e3o Entomol\u00f3gica Padre Jesus Santiago Moure\",\"cole\u00e7\u00f5es biol\u00f3gicas\",\"entomologia\",\"inicia\u00e7\u00e3o cient\u00edfica\",\"Laborat\u00f3rio de Abelhas\",\"Mata Atl\u00e2ntica\",\"polinizadores\",\"taxonomia\",\"zoologia\"],\"articleSection\":[\"Biol\u00f3gicas\",\"Galeria\",\"Not\u00edcia\",\"V\u00eddeos\"],\"inLanguage\":\"pt-BR\",\"potentialAction\":[{\"@type\":\"CommentAction\",\"name\":\"Comment\",\"target\":[\"https:\/\/ciencia.ufpr.br\/portal\/a-aluna-de-iniciacao-cientifica-que-descobriu-quatro-especies-de-abelhas\/#respond\"]}]},{\"@type\":\"WebPage\",\"@id\":\"https:\/\/ciencia.ufpr.br\/portal\/a-aluna-de-iniciacao-cientifica-que-descobriu-quatro-especies-de-abelhas\/\",\"url\":\"https:\/\/ciencia.ufpr.br\/portal\/a-aluna-de-iniciacao-cientifica-que-descobriu-quatro-especies-de-abelhas\/\",\"name\":\"A aluna de inicia\u00e7\u00e3o cient\u00edfica que descobriu quatro esp\u00e9cies de abelhas - Ci\u00eancia UFPR\",\"isPartOf\":{\"@id\":\"https:\/\/ciencia.ufpr.br\/portal\/#website\"},\"primaryImageOfPage\":{\"@id\":\"https:\/\/ciencia.ufpr.br\/portal\/a-aluna-de-iniciacao-cientifica-que-descobriu-quatro-especies-de-abelhas\/#primaryimage\"},\"image\":{\"@id\":\"https:\/\/ciencia.ufpr.br\/portal\/a-aluna-de-iniciacao-cientifica-que-descobriu-quatro-especies-de-abelhas\/#primaryimage\"},\"thumbnailUrl\":\"https:\/\/ciencia.ufpr.br\/portal\/wp-content\/uploads\/2025\/06\/julia_labe_cienciaufpr_fotomarcossolivan.jpg\",\"datePublished\":\"2026-03-23T11:48:21+00:00\",\"dateModified\":\"2026-04-14T15:25:01+00:00\",\"description\":\"Hist\u00f3ria dos achados de J\u00falia Alberti de Liz, de 22 anos, no Laborat\u00f3rio de Abelhas da UFPR ilustra o impacto positivo da forma\u00e7\u00e3o em pesquisa para estudantes de gradua\u00e7\u00e3o.\",\"breadcrumb\":{\"@id\":\"https:\/\/ciencia.ufpr.br\/portal\/a-aluna-de-iniciacao-cientifica-que-descobriu-quatro-especies-de-abelhas\/#breadcrumb\"},\"inLanguage\":\"pt-BR\",\"potentialAction\":[{\"@type\":\"ReadAction\",\"target\":[\"https:\/\/ciencia.ufpr.br\/portal\/a-aluna-de-iniciacao-cientifica-que-descobriu-quatro-especies-de-abelhas\/\"]}]},{\"@type\":\"ImageObject\",\"inLanguage\":\"pt-BR\",\"@id\":\"https:\/\/ciencia.ufpr.br\/portal\/a-aluna-de-iniciacao-cientifica-que-descobriu-quatro-especies-de-abelhas\/#primaryimage\",\"url\":\"https:\/\/ciencia.ufpr.br\/portal\/wp-content\/uploads\/2025\/06\/julia_labe_cienciaufpr_fotomarcossolivan.jpg\",\"contentUrl\":\"https:\/\/ciencia.ufpr.br\/portal\/wp-content\/uploads\/2025\/06\/julia_labe_cienciaufpr_fotomarcossolivan.jpg\",\"width\":1920,\"height\":1080,\"caption\":\"Estudante de Ci\u00eancias Biol\u00f3gicas da UFPR conta que definir esp\u00e9cies \u00e9 como testar hip\u00f3teses cient\u00edficas. Fotos: Marcos Solivan\/Sucom\/UFPR\"},{\"@type\":\"BreadcrumbList\",\"@id\":\"https:\/\/ciencia.ufpr.br\/portal\/a-aluna-de-iniciacao-cientifica-que-descobriu-quatro-especies-de-abelhas\/#breadcrumb\",\"itemListElement\":[{\"@type\":\"ListItem\",\"position\":1,\"name\":\"Home\",\"item\":\"https:\/\/ciencia.ufpr.br\/portal\/\"},{\"@type\":\"ListItem\",\"position\":2,\"name\":\"A aluna de inicia\u00e7\u00e3o cient\u00edfica que descobriu quatro esp\u00e9cies de abelhas\"}]},{\"@type\":\"WebSite\",\"@id\":\"https:\/\/ciencia.ufpr.br\/portal\/#website\",\"url\":\"https:\/\/ciencia.ufpr.br\/portal\/\",\"name\":\"Ci\u00eancia UFPR\",\"description\":\"Site de temas cient\u00edficos com foco no conhecimento produzido na Universidade Federal do Paran\u00e1 (UFPR). Baseado na Revista Ci\u00eancia UFPR.\",\"publisher\":{\"@id\":\"https:\/\/ciencia.ufpr.br\/portal\/#organization\"},\"potentialAction\":[{\"@type\":\"SearchAction\",\"target\":{\"@type\":\"EntryPoint\",\"urlTemplate\":\"https:\/\/ciencia.ufpr.br\/portal\/?s={search_term_string}\"},\"query-input\":{\"@type\":\"PropertyValueSpecification\",\"valueRequired\":true,\"valueName\":\"search_term_string\"}}],\"inLanguage\":\"pt-BR\"},{\"@type\":\"Organization\",\"@id\":\"https:\/\/ciencia.ufpr.br\/portal\/#organization\",\"name\":\"Revista Ci\u00eancia UFPR\",\"url\":\"https:\/\/ciencia.ufpr.br\/portal\/\",\"logo\":{\"@type\":\"ImageObject\",\"inLanguage\":\"pt-BR\",\"@id\":\"https:\/\/ciencia.ufpr.br\/portal\/#\/schema\/logo\/image\/\",\"url\":\"https:\/\/ciencia.ufpr.br\/portal\/wp-content\/uploads\/2020\/12\/Revista-Ciencia-UFPR-vermelho.jpeg\",\"contentUrl\":\"https:\/\/ciencia.ufpr.br\/portal\/wp-content\/uploads\/2020\/12\/Revista-Ciencia-UFPR-vermelho.jpeg\",\"width\":992,\"height\":714,\"caption\":\"Revista Ci\u00eancia UFPR\"},\"image\":{\"@id\":\"https:\/\/ciencia.ufpr.br\/portal\/#\/schema\/logo\/image\/\"},\"sameAs\":[\"https:\/\/www.facebook.com\/cienciaufproficial\",\"https:\/\/x.com\/cienciaufpr\",\"https:\/\/www.instagram.com\/revistacienciaufpr\/\",\"https:\/\/www.linkedin.com\/company\/cienciaufproficial\",\"https:\/\/br.pinterest.com\/cienciaufpr\/\"]},{\"@type\":\"Person\",\"@id\":\"https:\/\/ciencia.ufpr.br\/portal\/#\/schema\/person\/b2d3b2036ea31f22ae6f5f6424e9c020\",\"name\":\"Camille Bropp\",\"description\":\"Formada em jornalismo (UFSC), com especializa\u00e7\u00e3o em sociologia pol\u00edtica (UFPR) e mestra em Divulga\u00e7\u00e3o Cient\u00edfica e Cultural (Unicamp). Jornalista na UFPR.\",\"sameAs\":[\"https:\/\/www.linkedin.com\/in\/camille-b-cardoso-1b229b21\/\"],\"url\":\"https:\/\/ciencia.ufpr.br\/portal\/author\/camille-bropp\/\"}]}<\/script>\n<!-- \/ Yoast SEO plugin. -->","yoast_head_json":{"title":"A aluna de inicia\u00e7\u00e3o cient\u00edfica que descobriu quatro esp\u00e9cies de abelhas - Ci\u00eancia UFPR","description":"Hist\u00f3ria dos achados de J\u00falia Alberti de Liz, de 22 anos, no Laborat\u00f3rio de Abelhas da UFPR ilustra o impacto positivo da forma\u00e7\u00e3o em pesquisa para estudantes de gradua\u00e7\u00e3o.","robots":{"index":"index","follow":"follow","max-snippet":"max-snippet:-1","max-image-preview":"max-image-preview:large","max-video-preview":"max-video-preview:-1"},"canonical":"https:\/\/ciencia.ufpr.br\/portal\/a-aluna-de-iniciacao-cientifica-que-descobriu-quatro-especies-de-abelhas\/","og_locale":"pt_BR","og_type":"article","og_title":"A aluna de inicia\u00e7\u00e3o cient\u00edfica que descobriu quatro esp\u00e9cies de abelhas - Ci\u00eancia UFPR","og_description":"Hist\u00f3ria dos achados de J\u00falia Alberti de Liz, de 22 anos, no Laborat\u00f3rio de Abelhas da UFPR ilustra o impacto positivo da forma\u00e7\u00e3o em pesquisa para estudantes de gradua\u00e7\u00e3o.","og_url":"https:\/\/ciencia.ufpr.br\/portal\/a-aluna-de-iniciacao-cientifica-que-descobriu-quatro-especies-de-abelhas\/","og_site_name":"Ci\u00eancia UFPR","article_publisher":"https:\/\/www.facebook.com\/cienciaufproficial","article_published_time":"2026-03-23T11:48:21+00:00","article_modified_time":"2026-04-14T15:25:01+00:00","og_image":[{"width":1920,"height":1080,"url":"https:\/\/ciencia.ufpr.br\/portal\/wp-content\/uploads\/2025\/06\/julia_labe_cienciaufpr_fotomarcossolivan.jpg","type":"image\/jpeg"}],"author":"Camille Bropp","twitter_card":"summary_large_image","twitter_creator":"@cienciaufpr","twitter_site":"@cienciaufpr","twitter_misc":{"Escrito por":"Camille Bropp","Est. tempo de leitura":"8 minutos"},"schema":{"@context":"https:\/\/schema.org","@graph":[{"@type":"Article","@id":"https:\/\/ciencia.ufpr.br\/portal\/a-aluna-de-iniciacao-cientifica-que-descobriu-quatro-especies-de-abelhas\/#article","isPartOf":{"@id":"https:\/\/ciencia.ufpr.br\/portal\/a-aluna-de-iniciacao-cientifica-que-descobriu-quatro-especies-de-abelhas\/"},"author":{"name":"Camille Bropp","@id":"https:\/\/ciencia.ufpr.br\/portal\/#\/schema\/person\/b2d3b2036ea31f22ae6f5f6424e9c020"},"headline":"A aluna de inicia\u00e7\u00e3o cient\u00edfica que descobriu quatro esp\u00e9cies de abelhas","datePublished":"2026-03-23T11:48:21+00:00","dateModified":"2026-04-14T15:25:01+00:00","mainEntityOfPage":{"@id":"https:\/\/ciencia.ufpr.br\/portal\/a-aluna-de-iniciacao-cientifica-que-descobriu-quatro-especies-de-abelhas\/"},"wordCount":1637,"commentCount":0,"publisher":{"@id":"https:\/\/ciencia.ufpr.br\/portal\/#organization"},"image":{"@id":"https:\/\/ciencia.ufpr.br\/portal\/a-aluna-de-iniciacao-cientifica-que-descobriu-quatro-especies-de-abelhas\/#primaryimage"},"thumbnailUrl":"https:\/\/ciencia.ufpr.br\/portal\/wp-content\/uploads\/2025\/06\/julia_labe_cienciaufpr_fotomarcossolivan.jpg","keywords":["2026","biodiversidade","Cole\u00e7\u00e3o Entomol\u00f3gica Padre Jesus Santiago Moure","cole\u00e7\u00f5es biol\u00f3gicas","entomologia","inicia\u00e7\u00e3o cient\u00edfica","Laborat\u00f3rio de Abelhas","Mata Atl\u00e2ntica","polinizadores","taxonomia","zoologia"],"articleSection":["Biol\u00f3gicas","Galeria","Not\u00edcia","V\u00eddeos"],"inLanguage":"pt-BR","potentialAction":[{"@type":"CommentAction","name":"Comment","target":["https:\/\/ciencia.ufpr.br\/portal\/a-aluna-de-iniciacao-cientifica-que-descobriu-quatro-especies-de-abelhas\/#respond"]}]},{"@type":"WebPage","@id":"https:\/\/ciencia.ufpr.br\/portal\/a-aluna-de-iniciacao-cientifica-que-descobriu-quatro-especies-de-abelhas\/","url":"https:\/\/ciencia.ufpr.br\/portal\/a-aluna-de-iniciacao-cientifica-que-descobriu-quatro-especies-de-abelhas\/","name":"A aluna de inicia\u00e7\u00e3o cient\u00edfica que descobriu quatro esp\u00e9cies de abelhas - Ci\u00eancia UFPR","isPartOf":{"@id":"https:\/\/ciencia.ufpr.br\/portal\/#website"},"primaryImageOfPage":{"@id":"https:\/\/ciencia.ufpr.br\/portal\/a-aluna-de-iniciacao-cientifica-que-descobriu-quatro-especies-de-abelhas\/#primaryimage"},"image":{"@id":"https:\/\/ciencia.ufpr.br\/portal\/a-aluna-de-iniciacao-cientifica-que-descobriu-quatro-especies-de-abelhas\/#primaryimage"},"thumbnailUrl":"https:\/\/ciencia.ufpr.br\/portal\/wp-content\/uploads\/2025\/06\/julia_labe_cienciaufpr_fotomarcossolivan.jpg","datePublished":"2026-03-23T11:48:21+00:00","dateModified":"2026-04-14T15:25:01+00:00","description":"Hist\u00f3ria dos achados de J\u00falia Alberti de Liz, de 22 anos, no Laborat\u00f3rio de Abelhas da UFPR ilustra o impacto positivo da forma\u00e7\u00e3o em pesquisa para estudantes de gradua\u00e7\u00e3o.","breadcrumb":{"@id":"https:\/\/ciencia.ufpr.br\/portal\/a-aluna-de-iniciacao-cientifica-que-descobriu-quatro-especies-de-abelhas\/#breadcrumb"},"inLanguage":"pt-BR","potentialAction":[{"@type":"ReadAction","target":["https:\/\/ciencia.ufpr.br\/portal\/a-aluna-de-iniciacao-cientifica-que-descobriu-quatro-especies-de-abelhas\/"]}]},{"@type":"ImageObject","inLanguage":"pt-BR","@id":"https:\/\/ciencia.ufpr.br\/portal\/a-aluna-de-iniciacao-cientifica-que-descobriu-quatro-especies-de-abelhas\/#primaryimage","url":"https:\/\/ciencia.ufpr.br\/portal\/wp-content\/uploads\/2025\/06\/julia_labe_cienciaufpr_fotomarcossolivan.jpg","contentUrl":"https:\/\/ciencia.ufpr.br\/portal\/wp-content\/uploads\/2025\/06\/julia_labe_cienciaufpr_fotomarcossolivan.jpg","width":1920,"height":1080,"caption":"Estudante de Ci\u00eancias Biol\u00f3gicas da UFPR conta que definir esp\u00e9cies \u00e9 como testar hip\u00f3teses cient\u00edficas. Fotos: Marcos Solivan\/Sucom\/UFPR"},{"@type":"BreadcrumbList","@id":"https:\/\/ciencia.ufpr.br\/portal\/a-aluna-de-iniciacao-cientifica-que-descobriu-quatro-especies-de-abelhas\/#breadcrumb","itemListElement":[{"@type":"ListItem","position":1,"name":"Home","item":"https:\/\/ciencia.ufpr.br\/portal\/"},{"@type":"ListItem","position":2,"name":"A aluna de inicia\u00e7\u00e3o cient\u00edfica que descobriu quatro esp\u00e9cies de abelhas"}]},{"@type":"WebSite","@id":"https:\/\/ciencia.ufpr.br\/portal\/#website","url":"https:\/\/ciencia.ufpr.br\/portal\/","name":"Ci\u00eancia UFPR","description":"Site de temas cient\u00edficos com foco no conhecimento produzido na Universidade Federal do Paran\u00e1 (UFPR). Baseado na Revista Ci\u00eancia UFPR.","publisher":{"@id":"https:\/\/ciencia.ufpr.br\/portal\/#organization"},"potentialAction":[{"@type":"SearchAction","target":{"@type":"EntryPoint","urlTemplate":"https:\/\/ciencia.ufpr.br\/portal\/?s={search_term_string}"},"query-input":{"@type":"PropertyValueSpecification","valueRequired":true,"valueName":"search_term_string"}}],"inLanguage":"pt-BR"},{"@type":"Organization","@id":"https:\/\/ciencia.ufpr.br\/portal\/#organization","name":"Revista Ci\u00eancia UFPR","url":"https:\/\/ciencia.ufpr.br\/portal\/","logo":{"@type":"ImageObject","inLanguage":"pt-BR","@id":"https:\/\/ciencia.ufpr.br\/portal\/#\/schema\/logo\/image\/","url":"https:\/\/ciencia.ufpr.br\/portal\/wp-content\/uploads\/2020\/12\/Revista-Ciencia-UFPR-vermelho.jpeg","contentUrl":"https:\/\/ciencia.ufpr.br\/portal\/wp-content\/uploads\/2020\/12\/Revista-Ciencia-UFPR-vermelho.jpeg","width":992,"height":714,"caption":"Revista Ci\u00eancia UFPR"},"image":{"@id":"https:\/\/ciencia.ufpr.br\/portal\/#\/schema\/logo\/image\/"},"sameAs":["https:\/\/www.facebook.com\/cienciaufproficial","https:\/\/x.com\/cienciaufpr","https:\/\/www.instagram.com\/revistacienciaufpr\/","https:\/\/www.linkedin.com\/company\/cienciaufproficial","https:\/\/br.pinterest.com\/cienciaufpr\/"]},{"@type":"Person","@id":"https:\/\/ciencia.ufpr.br\/portal\/#\/schema\/person\/b2d3b2036ea31f22ae6f5f6424e9c020","name":"Camille Bropp","description":"Formada em jornalismo (UFSC), com especializa\u00e7\u00e3o em sociologia pol\u00edtica (UFPR) e mestra em Divulga\u00e7\u00e3o Cient\u00edfica e Cultural (Unicamp). Jornalista na UFPR.","sameAs":["https:\/\/www.linkedin.com\/in\/camille-b-cardoso-1b229b21\/"],"url":"https:\/\/ciencia.ufpr.br\/portal\/author\/camille-bropp\/"}]}},"views":729,"jetpack_sharing_enabled":true,"jetpack_featured_media_url":"https:\/\/ciencia.ufpr.br\/portal\/wp-content\/uploads\/2025\/06\/julia_labe_cienciaufpr_fotomarcossolivan.jpg","_links":{"self":[{"href":"https:\/\/ciencia.ufpr.br\/portal\/wp-json\/wp\/v2\/posts\/26864"}],"collection":[{"href":"https:\/\/ciencia.ufpr.br\/portal\/wp-json\/wp\/v2\/posts"}],"about":[{"href":"https:\/\/ciencia.ufpr.br\/portal\/wp-json\/wp\/v2\/types\/post"}],"author":[{"embeddable":true,"href":"https:\/\/ciencia.ufpr.br\/portal\/wp-json\/wp\/v2\/users\/2800"}],"replies":[{"embeddable":true,"href":"https:\/\/ciencia.ufpr.br\/portal\/wp-json\/wp\/v2\/comments?post=26864"}],"version-history":[{"count":14,"href":"https:\/\/ciencia.ufpr.br\/portal\/wp-json\/wp\/v2\/posts\/26864\/revisions"}],"predecessor-version":[{"id":28990,"href":"https:\/\/ciencia.ufpr.br\/portal\/wp-json\/wp\/v2\/posts\/26864\/revisions\/28990"}],"wp:featuredmedia":[{"embeddable":true,"href":"https:\/\/ciencia.ufpr.br\/portal\/wp-json\/wp\/v2\/media\/28610"}],"wp:attachment":[{"href":"https:\/\/ciencia.ufpr.br\/portal\/wp-json\/wp\/v2\/media?parent=26864"}],"wp:term":[{"taxonomy":"category","embeddable":true,"href":"https:\/\/ciencia.ufpr.br\/portal\/wp-json\/wp\/v2\/categories?post=26864"},{"taxonomy":"post_tag","embeddable":true,"href":"https:\/\/ciencia.ufpr.br\/portal\/wp-json\/wp\/v2\/tags?post=26864"}],"curies":[{"name":"wp","href":"https:\/\/api.w.org\/{rel}","templated":true}]}}