{"id":26769,"date":"2025-06-09T15:47:12","date_gmt":"2025-06-09T18:47:12","guid":{"rendered":"https:\/\/ciencia.ufpr.br\/portal\/?p=26769"},"modified":"2025-06-18T16:28:01","modified_gmt":"2025-06-18T19:28:01","slug":"conheca-o-tatu-que-viveu-no-parana-ha-40-milhoes-de-anos","status":"publish","type":"post","link":"https:\/\/ciencia.ufpr.br\/portal\/conheca-o-tatu-que-viveu-no-parana-ha-40-milhoes-de-anos\/","title":{"rendered":"Conhe\u00e7a o tatu que viveu no Paran\u00e1 h\u00e1 40 milh\u00f5es de anos"},"content":{"rendered":"<p>Se pud\u00e9ssemos voltar \u00e0 Curitiba de 40 milh\u00f5es de anos atr\u00e1s, encontrar\u00edamos um clima quente e \u00e1reas pantanosas. Vislumbrar esse passado s\u00f3 \u00e9 poss\u00edvel gra\u00e7as aos vest\u00edgios acumulados na Bacia Sedimentar de Curitiba (Forma\u00e7\u00e3o Guabirotuba), conjunto de rochas descoberto nos anos 1960 no Paran\u00e1, e onde v\u00eam sendo achados f\u00f3sseis de animais desde 2010.<\/p>\n<p>No in\u00edcio deste ano, um artigo que estampou a capa do <em>Journal of Vertebrate Paleontology<\/em>, assinado por pesquisadores do Museu de Ci\u00eancias Naturais (MCN) da Universidade Federal do Paran\u00e1 (UFPR), apresentou uma nova esp\u00e9cie j\u00e1 extinta de tatu <em>Parutaetus<\/em>, que apresenta diferen\u00e7as das demais esp\u00e9cies j\u00e1 descritas desse g\u00eanero.<\/p>\n<p>O estudo foi desenvolvido pela pesquisadora Tabata D\u2019Maiella Freitas Kllimeck, doutoranda no Programa de P\u00f3s-Gradua\u00e7\u00e3o em Zoologia da UFPR, e Fernando Ant\u00f4nio Sedor, coordenador do MCN-UFPR; em parceria com Mart\u00edn Ciancio, do Museu de Ci\u00eancias Naturais de La Plata, na Argentina, e Leonardo Kerber, do Centro de Ci\u00eancias Naturais e Exatas da Universidade Federal de Santa Maria (UFSM).<\/p>\n<h5><strong>GALERIA <span style=\"color: #30415d;\">|<\/span><\/strong> Pesquisadores analisaram f\u00f3ssil tombado do acervo do museu<br \/>\n<\/h5>\n<p>O animal recebeu o nome de <em>Parutaetus oliveirai<\/em>, em homenagem ao paleont\u00f3logo \u00c9dison Vicente Oliveira, que descreveu outras esp\u00e9cies de tatu extintas, como <em>Riostegotherium yanei<\/em> e <em>Proeocoleophorus carlinii<\/em>. \u201cFoi uma forma de dizer obrigado por suas contribui\u00e7\u00f5es \u00e0 ci\u00eancia\u201d, diz Klimeck.<\/p>\n<h2>Achado complementa conhecimento sobre a fauna de quando o Paran\u00e1 era um vale pantanoso<\/h2>\n<p>A descri\u00e7\u00e3o do <em>Parutaetus oliveirai<\/em> traz uma nova pe\u00e7a do quebra-cabe\u00e7a que tenta recriar a imagem da regi\u00e3o de Curitiba na \u00e9poca do Eoceno, intervalo entre 56 e 33,9 milh\u00f5es de anos atr\u00e1s. Hoje, j\u00e1 se sabe que o local compreendia um grande vale, onde desaguavam pequenos riachos, formando rios, lagos tempor\u00e1rios e p\u00e2ntanos rasos.<\/p>\n<blockquote><p>\u201cUm cen\u00e1rio semelhante ao do atual pantanal\u201d, compara Klimeck.<\/p><\/blockquote>\n<p>A fauna de vertebrados era diversificada: pesquisadores j\u00e1 identificaram f\u00f3sseis de peixes, anf\u00edbios, crocodilianos, tartarugas, aves carn\u00edvoras gigantes e mam\u00edferos, incluindo sete formas de tatus, tamb\u00e9m chamados de cingulados. Foram encontrados ainda vest\u00edgios de marsupiais extintos, parentes dos gamb\u00e1s e cangurus de diferentes tamanhos.<\/p>\n<p>Um dos tatus descritos anteriormente, o <em>Proeocoleophorus carlinii<\/em>, atingiu a dimens\u00e3o do atual tatu canastra, a maior esp\u00e9cie viva hoje. J\u00e1 o <em>Parutaetus oliveirai<\/em>,\u00a0descrito pelo recente estudo do MCN-UFPR, tinha o tamanho do atual tatu-peludo (<em>Euphractus sexcinctus<\/em>), que pode chegar a 40 cent\u00edmetros de comprimento.<\/p>\n<h2>Tatus da Bacia Sedimentar de Curitiba continuam no foco dos cientistas<\/h2>\n<p>A pesquisa come\u00e7ou com a an\u00e1lise de um f\u00f3ssil de tatu tombado no MCN-UFPR. \u201cNotamos que certas caracter\u00edsticas n\u00e3o se encaixavam nas descritas para as esp\u00e9cies de <em>Parutaetus<\/em> j\u00e1 conhecidas. Ap\u00f3s discuss\u00f5es com especialistas em nosso grupo de pesquisa, conclu\u00edmos que seria uma nova esp\u00e9cie\u201d, diz a pesquisadora.<\/p>\n<p>Uma das caracter\u00edsticas dos tatus \u00e9 a presen\u00e7a dos chamados osteodermos, estruturas \u00f3sseas que se formam na camada mais profunda da pele (derme), funcionando como uma armadura natural, explicam os pesquisadores. Essa carapa\u00e7a \u00e9 composta por v\u00e1rios osteodermos, que apresentam forames pil\u00edferos, aberturas por onde saem os pelos que recobrem seus corpos.<\/p>\n<p>Klimeck e os colegas perceberam que o f\u00f3ssil analisado apresentava maior quantidade de forames pil\u00edferos e os osteodermos eram mais espessos do que os conhecidos at\u00e9 ent\u00e3o. \u201cCom essas caracter\u00edsticas, provavelmente os osteodermos apresentavam maior armazenamento de gordura e mais p\u00ealos, para seu equil\u00edbrio t\u00e9rmico\u201d.<\/p>\n<p>O <em>Parutaetus oliveira<\/em> foi a quinta esp\u00e9cie de tatu do g\u00eanero <em>Parutaetus<\/em> descoberta na Am\u00e9rica do Sul.<\/p>\n<p>\u201cA capa do JVP n\u00e3o \u00e9 apenas um espa\u00e7o bonito. \u00c9 um selo de qualidade que abre portas para colabora\u00e7\u00f5es, facilita o acesso a recursos e faz com que nossos colegas no exterior descubram e valorizem o patrim\u00f4nio paleontol\u00f3gico brasileiro\u201d, diz a pesquisadora.<\/p>\n<p>Klimeck continua trabalhando para identificar novas esp\u00e9cies, com foco nos cingulados da Bacia Sedimentar de Curitiba. Para ela, o conhecimento gerado agora, somado aos anos de coletas em campo, an\u00e1lises detalhadas e compara\u00e7\u00f5es com materiais de museus nacionais e internacionais, ser\u00e1 fundamental para desvendar a hist\u00f3ria evolutiva desse grupo de mam\u00edferos sul-americanos.<\/p>\n<p>Mas, al\u00e9m dos cingulados, a Forma\u00e7\u00e3o Guabirotuba abriga uma ampla diversidade de vertebrados f\u00f3sseis. \u201cNossa equipe est\u00e1 pronta para produzir estudos de alto impacto e continuar desenterrando hist\u00f3rias que esperaram milh\u00f5es de anos para serem contadas\u201d, finaliza Klimeck.<\/p>\n<h5 style=\"text-align: right;\">\u2795 Leia com mais detalhes no artigo <a href=\"https:\/\/www.tandfonline.com\/doi\/abs\/10.1080\/02724634.2024.2403581\" target=\"_blank\" rel=\"noopener\">&#8220;Revealing the diversity of Paleogene cingulates from Brazil: a new species of Parutaetus (Euphractinae) in the Guabirotuba Formation (middle-late Eocene)&#8221;<\/a>, publicado na <em>Journal of Vertebrate Paleontology<\/em> (aberto, em ingl\u00eas)<\/h5>\n<hr \/>\n<h6 style=\"text-align: right;\">Conte\u00fado disponibilizado para replica\u00e7\u00e3o por meio da licen\u00e7a <a href=\"https:\/\/creativecommons.org\/licenses\/by\/4.0\/deed.pt-br\" target=\"_blank\" rel=\"noopener\">CC BY 4.0 DEED<\/a> (com cita\u00e7\u00e3o de fonte).<\/h6>\n","protected":false},"excerpt":{"rendered":"<p>Se pud\u00e9ssemos voltar \u00e0 Curitiba de 40 milh\u00f5es de anos atr\u00e1s, encontrar\u00edamos um clima quente e \u00e1reas pantanosas. Vislumbrar esse&#8230;<\/p>\n","protected":false},"author":2822,"featured_media":26770,"comment_status":"open","ping_status":"closed","sticky":false,"template":"","format":"standard","meta":{"_acf_changed":false,"footnotes":"","fifu_image_url":"","fifu_image_alt":"","_jetpack_memberships_contains_paid_content":false},"categories":[1608,2202],"tags":[2607,2698,2700,2697,2699,2701,2168,2673,1665],"acf":[],"yoast_head":"<!-- This site is optimized with the Yoast SEO plugin v23.5 - https:\/\/yoast.com\/wordpress\/plugins\/seo\/ -->\n<title>Conhe\u00e7a o tatu que viveu no Paran\u00e1 h\u00e1 40 milh\u00f5es de anos - Ci\u00eancia UFPR<\/title>\n<meta name=\"description\" content=\"Descri\u00e7\u00e3o do mam\u00edfero, registrado por um f\u00f3ssil do Museu de Ci\u00eancias Naturais da UFPR, ajuda a compreender o passado da regi\u00e3o de Curitiba\" \/>\n<meta name=\"robots\" content=\"index, follow, max-snippet:-1, max-image-preview:large, max-video-preview:-1\" \/>\n<link rel=\"canonical\" href=\"https:\/\/ciencia.ufpr.br\/portal\/conheca-o-tatu-que-viveu-no-parana-ha-40-milhoes-de-anos\/\" \/>\n<meta property=\"og:locale\" content=\"pt_BR\" \/>\n<meta property=\"og:type\" content=\"article\" \/>\n<meta property=\"og:title\" content=\"Conhe\u00e7a o tatu que viveu no Paran\u00e1 h\u00e1 40 milh\u00f5es de anos - Ci\u00eancia UFPR\" \/>\n<meta property=\"og:description\" content=\"Descri\u00e7\u00e3o do mam\u00edfero, registrado por um f\u00f3ssil do Museu de Ci\u00eancias Naturais da UFPR, ajuda a compreender o passado da regi\u00e3o de Curitiba\" \/>\n<meta property=\"og:url\" content=\"https:\/\/ciencia.ufpr.br\/portal\/conheca-o-tatu-que-viveu-no-parana-ha-40-milhoes-de-anos\/\" \/>\n<meta property=\"og:site_name\" content=\"Ci\u00eancia UFPR\" \/>\n<meta property=\"article:publisher\" content=\"https:\/\/www.facebook.com\/cienciaufproficial\" \/>\n<meta property=\"article:published_time\" content=\"2025-06-09T18:47:12+00:00\" \/>\n<meta property=\"article:modified_time\" content=\"2025-06-18T19:28:01+00:00\" \/>\n<meta property=\"og:image\" content=\"https:\/\/ciencia.ufpr.br\/portal\/wp-content\/uploads\/2025\/06\/img1517.jpg\" \/>\n\t<meta property=\"og:image:width\" content=\"640\" \/>\n\t<meta property=\"og:image:height\" content=\"360\" \/>\n\t<meta property=\"og:image:type\" content=\"image\/jpeg\" \/>\n<meta name=\"author\" content=\"Livia Inacio\" \/>\n<meta name=\"twitter:card\" content=\"summary_large_image\" \/>\n<meta name=\"twitter:creator\" content=\"@cienciaufpr\" \/>\n<meta name=\"twitter:site\" content=\"@cienciaufpr\" \/>\n<meta name=\"twitter:label1\" content=\"Escrito por\" \/>\n\t<meta name=\"twitter:data1\" content=\"Livia Inacio\" \/>\n\t<meta name=\"twitter:label2\" content=\"Est. tempo de leitura\" \/>\n\t<meta name=\"twitter:data2\" content=\"4 minutos\" \/>\n<script type=\"application\/ld+json\" class=\"yoast-schema-graph\">{\"@context\":\"https:\/\/schema.org\",\"@graph\":[{\"@type\":\"Article\",\"@id\":\"https:\/\/ciencia.ufpr.br\/portal\/conheca-o-tatu-que-viveu-no-parana-ha-40-milhoes-de-anos\/#article\",\"isPartOf\":{\"@id\":\"https:\/\/ciencia.ufpr.br\/portal\/conheca-o-tatu-que-viveu-no-parana-ha-40-milhoes-de-anos\/\"},\"author\":{\"name\":\"Livia Inacio\",\"@id\":\"https:\/\/ciencia.ufpr.br\/portal\/#\/schema\/person\/350891bfb68c2eff623c71cdf0d4b48d\"},\"headline\":\"Conhe\u00e7a o tatu que viveu no Paran\u00e1 h\u00e1 40 milh\u00f5es de anos\",\"datePublished\":\"2025-06-09T18:47:12+00:00\",\"dateModified\":\"2025-06-18T19:28:01+00:00\",\"mainEntityOfPage\":{\"@id\":\"https:\/\/ciencia.ufpr.br\/portal\/conheca-o-tatu-que-viveu-no-parana-ha-40-milhoes-de-anos\/\"},\"wordCount\":829,\"commentCount\":0,\"publisher\":{\"@id\":\"https:\/\/ciencia.ufpr.br\/portal\/#organization\"},\"image\":{\"@id\":\"https:\/\/ciencia.ufpr.br\/portal\/conheca-o-tatu-que-viveu-no-parana-ha-40-milhoes-de-anos\/#primaryimage\"},\"thumbnailUrl\":\"https:\/\/ciencia.ufpr.br\/portal\/wp-content\/uploads\/2025\/06\/img1517.jpg\",\"keywords\":[\"2025\",\"Bacia Sedimentar de Curitiba\",\"Eoceno\",\"Forma\u00e7\u00e3o Guabirotuba\",\"Museu de Ci\u00eancias Naturais\",\"osteodermos\",\"paleontologia\",\"Setor de Ci\u00eancias Biol\u00f3gicas\",\"zoologia\"],\"articleSection\":[\"Biol\u00f3gicas\",\"Not\u00edcia\"],\"inLanguage\":\"pt-BR\",\"potentialAction\":[{\"@type\":\"CommentAction\",\"name\":\"Comment\",\"target\":[\"https:\/\/ciencia.ufpr.br\/portal\/conheca-o-tatu-que-viveu-no-parana-ha-40-milhoes-de-anos\/#respond\"]}]},{\"@type\":\"WebPage\",\"@id\":\"https:\/\/ciencia.ufpr.br\/portal\/conheca-o-tatu-que-viveu-no-parana-ha-40-milhoes-de-anos\/\",\"url\":\"https:\/\/ciencia.ufpr.br\/portal\/conheca-o-tatu-que-viveu-no-parana-ha-40-milhoes-de-anos\/\",\"name\":\"Conhe\u00e7a o tatu que viveu no Paran\u00e1 h\u00e1 40 milh\u00f5es de anos - Ci\u00eancia UFPR\",\"isPartOf\":{\"@id\":\"https:\/\/ciencia.ufpr.br\/portal\/#website\"},\"primaryImageOfPage\":{\"@id\":\"https:\/\/ciencia.ufpr.br\/portal\/conheca-o-tatu-que-viveu-no-parana-ha-40-milhoes-de-anos\/#primaryimage\"},\"image\":{\"@id\":\"https:\/\/ciencia.ufpr.br\/portal\/conheca-o-tatu-que-viveu-no-parana-ha-40-milhoes-de-anos\/#primaryimage\"},\"thumbnailUrl\":\"https:\/\/ciencia.ufpr.br\/portal\/wp-content\/uploads\/2025\/06\/img1517.jpg\",\"datePublished\":\"2025-06-09T18:47:12+00:00\",\"dateModified\":\"2025-06-18T19:28:01+00:00\",\"description\":\"Descri\u00e7\u00e3o do mam\u00edfero, registrado por um f\u00f3ssil do Museu de Ci\u00eancias Naturais da UFPR, ajuda a compreender o passado da regi\u00e3o de Curitiba\",\"breadcrumb\":{\"@id\":\"https:\/\/ciencia.ufpr.br\/portal\/conheca-o-tatu-que-viveu-no-parana-ha-40-milhoes-de-anos\/#breadcrumb\"},\"inLanguage\":\"pt-BR\",\"potentialAction\":[{\"@type\":\"ReadAction\",\"target\":[\"https:\/\/ciencia.ufpr.br\/portal\/conheca-o-tatu-que-viveu-no-parana-ha-40-milhoes-de-anos\/\"]}]},{\"@type\":\"ImageObject\",\"inLanguage\":\"pt-BR\",\"@id\":\"https:\/\/ciencia.ufpr.br\/portal\/conheca-o-tatu-que-viveu-no-parana-ha-40-milhoes-de-anos\/#primaryimage\",\"url\":\"https:\/\/ciencia.ufpr.br\/portal\/wp-content\/uploads\/2025\/06\/img1517.jpg\",\"contentUrl\":\"https:\/\/ciencia.ufpr.br\/portal\/wp-content\/uploads\/2025\/06\/img1517.jpg\",\"width\":640,\"height\":360,\"caption\":\"Reconstru\u00e7\u00e3o art\u00edstica hipot\u00e9tica do tatu que viveu no Eoceno m\u00e9dio-tardio do Brasil. Ilustra\u00e7\u00e3o: M\u00e1rcio L. Castro\/Reprodu\u00e7\u00e3o\"},{\"@type\":\"BreadcrumbList\",\"@id\":\"https:\/\/ciencia.ufpr.br\/portal\/conheca-o-tatu-que-viveu-no-parana-ha-40-milhoes-de-anos\/#breadcrumb\",\"itemListElement\":[{\"@type\":\"ListItem\",\"position\":1,\"name\":\"Home\",\"item\":\"https:\/\/ciencia.ufpr.br\/portal\/\"},{\"@type\":\"ListItem\",\"position\":2,\"name\":\"Conhe\u00e7a o tatu que viveu no Paran\u00e1 h\u00e1 40 milh\u00f5es de anos\"}]},{\"@type\":\"WebSite\",\"@id\":\"https:\/\/ciencia.ufpr.br\/portal\/#website\",\"url\":\"https:\/\/ciencia.ufpr.br\/portal\/\",\"name\":\"Ci\u00eancia UFPR\",\"description\":\"Site de temas cient\u00edficos com foco no conhecimento produzido na Universidade Federal do Paran\u00e1 (UFPR). Baseado na Revista Ci\u00eancia UFPR.\",\"publisher\":{\"@id\":\"https:\/\/ciencia.ufpr.br\/portal\/#organization\"},\"potentialAction\":[{\"@type\":\"SearchAction\",\"target\":{\"@type\":\"EntryPoint\",\"urlTemplate\":\"https:\/\/ciencia.ufpr.br\/portal\/?s={search_term_string}\"},\"query-input\":{\"@type\":\"PropertyValueSpecification\",\"valueRequired\":true,\"valueName\":\"search_term_string\"}}],\"inLanguage\":\"pt-BR\"},{\"@type\":\"Organization\",\"@id\":\"https:\/\/ciencia.ufpr.br\/portal\/#organization\",\"name\":\"Revista Ci\u00eancia UFPR\",\"url\":\"https:\/\/ciencia.ufpr.br\/portal\/\",\"logo\":{\"@type\":\"ImageObject\",\"inLanguage\":\"pt-BR\",\"@id\":\"https:\/\/ciencia.ufpr.br\/portal\/#\/schema\/logo\/image\/\",\"url\":\"https:\/\/ciencia.ufpr.br\/portal\/wp-content\/uploads\/2020\/12\/Revista-Ciencia-UFPR-vermelho.jpeg\",\"contentUrl\":\"https:\/\/ciencia.ufpr.br\/portal\/wp-content\/uploads\/2020\/12\/Revista-Ciencia-UFPR-vermelho.jpeg\",\"width\":992,\"height\":714,\"caption\":\"Revista Ci\u00eancia UFPR\"},\"image\":{\"@id\":\"https:\/\/ciencia.ufpr.br\/portal\/#\/schema\/logo\/image\/\"},\"sameAs\":[\"https:\/\/www.facebook.com\/cienciaufproficial\",\"https:\/\/x.com\/cienciaufpr\",\"https:\/\/www.instagram.com\/revistacienciaufpr\/\",\"https:\/\/www.linkedin.com\/company\/cienciaufproficial\",\"https:\/\/br.pinterest.com\/cienciaufpr\/\"]},{\"@type\":\"Person\",\"@id\":\"https:\/\/ciencia.ufpr.br\/portal\/#\/schema\/person\/350891bfb68c2eff623c71cdf0d4b48d\",\"name\":\"Livia Inacio\",\"description\":\"Jornalista na Se\u00e7\u00e3o de Divulga\u00e7\u00e3o Cient\u00edfica da UFPR. Foi trainee de Ci\u00eancia e Sa\u00fade da Folha e j\u00e1 colaborou com UOL, Mina Bem-Estar, BBC e o podcast Ci\u00eancia Suja, que investiga crimes contra a ci\u00eancia.\",\"url\":\"https:\/\/ciencia.ufpr.br\/portal\/author\/livia-inacio\/\"}]}<\/script>\n<!-- \/ Yoast SEO plugin. -->","yoast_head_json":{"title":"Conhe\u00e7a o tatu que viveu no Paran\u00e1 h\u00e1 40 milh\u00f5es de anos - Ci\u00eancia UFPR","description":"Descri\u00e7\u00e3o do mam\u00edfero, registrado por um f\u00f3ssil do Museu de Ci\u00eancias Naturais da UFPR, ajuda a compreender o passado da regi\u00e3o de Curitiba","robots":{"index":"index","follow":"follow","max-snippet":"max-snippet:-1","max-image-preview":"max-image-preview:large","max-video-preview":"max-video-preview:-1"},"canonical":"https:\/\/ciencia.ufpr.br\/portal\/conheca-o-tatu-que-viveu-no-parana-ha-40-milhoes-de-anos\/","og_locale":"pt_BR","og_type":"article","og_title":"Conhe\u00e7a o tatu que viveu no Paran\u00e1 h\u00e1 40 milh\u00f5es de anos - Ci\u00eancia UFPR","og_description":"Descri\u00e7\u00e3o do mam\u00edfero, registrado por um f\u00f3ssil do Museu de Ci\u00eancias Naturais da UFPR, ajuda a compreender o passado da regi\u00e3o de Curitiba","og_url":"https:\/\/ciencia.ufpr.br\/portal\/conheca-o-tatu-que-viveu-no-parana-ha-40-milhoes-de-anos\/","og_site_name":"Ci\u00eancia UFPR","article_publisher":"https:\/\/www.facebook.com\/cienciaufproficial","article_published_time":"2025-06-09T18:47:12+00:00","article_modified_time":"2025-06-18T19:28:01+00:00","og_image":[{"width":640,"height":360,"url":"https:\/\/ciencia.ufpr.br\/portal\/wp-content\/uploads\/2025\/06\/img1517.jpg","type":"image\/jpeg"}],"author":"Livia Inacio","twitter_card":"summary_large_image","twitter_creator":"@cienciaufpr","twitter_site":"@cienciaufpr","twitter_misc":{"Escrito por":"Livia Inacio","Est. tempo de leitura":"4 minutos"},"schema":{"@context":"https:\/\/schema.org","@graph":[{"@type":"Article","@id":"https:\/\/ciencia.ufpr.br\/portal\/conheca-o-tatu-que-viveu-no-parana-ha-40-milhoes-de-anos\/#article","isPartOf":{"@id":"https:\/\/ciencia.ufpr.br\/portal\/conheca-o-tatu-que-viveu-no-parana-ha-40-milhoes-de-anos\/"},"author":{"name":"Livia Inacio","@id":"https:\/\/ciencia.ufpr.br\/portal\/#\/schema\/person\/350891bfb68c2eff623c71cdf0d4b48d"},"headline":"Conhe\u00e7a o tatu que viveu no Paran\u00e1 h\u00e1 40 milh\u00f5es de anos","datePublished":"2025-06-09T18:47:12+00:00","dateModified":"2025-06-18T19:28:01+00:00","mainEntityOfPage":{"@id":"https:\/\/ciencia.ufpr.br\/portal\/conheca-o-tatu-que-viveu-no-parana-ha-40-milhoes-de-anos\/"},"wordCount":829,"commentCount":0,"publisher":{"@id":"https:\/\/ciencia.ufpr.br\/portal\/#organization"},"image":{"@id":"https:\/\/ciencia.ufpr.br\/portal\/conheca-o-tatu-que-viveu-no-parana-ha-40-milhoes-de-anos\/#primaryimage"},"thumbnailUrl":"https:\/\/ciencia.ufpr.br\/portal\/wp-content\/uploads\/2025\/06\/img1517.jpg","keywords":["2025","Bacia Sedimentar de Curitiba","Eoceno","Forma\u00e7\u00e3o Guabirotuba","Museu de Ci\u00eancias Naturais","osteodermos","paleontologia","Setor de Ci\u00eancias Biol\u00f3gicas","zoologia"],"articleSection":["Biol\u00f3gicas","Not\u00edcia"],"inLanguage":"pt-BR","potentialAction":[{"@type":"CommentAction","name":"Comment","target":["https:\/\/ciencia.ufpr.br\/portal\/conheca-o-tatu-que-viveu-no-parana-ha-40-milhoes-de-anos\/#respond"]}]},{"@type":"WebPage","@id":"https:\/\/ciencia.ufpr.br\/portal\/conheca-o-tatu-que-viveu-no-parana-ha-40-milhoes-de-anos\/","url":"https:\/\/ciencia.ufpr.br\/portal\/conheca-o-tatu-que-viveu-no-parana-ha-40-milhoes-de-anos\/","name":"Conhe\u00e7a o tatu que viveu no Paran\u00e1 h\u00e1 40 milh\u00f5es de anos - Ci\u00eancia UFPR","isPartOf":{"@id":"https:\/\/ciencia.ufpr.br\/portal\/#website"},"primaryImageOfPage":{"@id":"https:\/\/ciencia.ufpr.br\/portal\/conheca-o-tatu-que-viveu-no-parana-ha-40-milhoes-de-anos\/#primaryimage"},"image":{"@id":"https:\/\/ciencia.ufpr.br\/portal\/conheca-o-tatu-que-viveu-no-parana-ha-40-milhoes-de-anos\/#primaryimage"},"thumbnailUrl":"https:\/\/ciencia.ufpr.br\/portal\/wp-content\/uploads\/2025\/06\/img1517.jpg","datePublished":"2025-06-09T18:47:12+00:00","dateModified":"2025-06-18T19:28:01+00:00","description":"Descri\u00e7\u00e3o do mam\u00edfero, registrado por um f\u00f3ssil do Museu de Ci\u00eancias Naturais da UFPR, ajuda a compreender o passado da regi\u00e3o de Curitiba","breadcrumb":{"@id":"https:\/\/ciencia.ufpr.br\/portal\/conheca-o-tatu-que-viveu-no-parana-ha-40-milhoes-de-anos\/#breadcrumb"},"inLanguage":"pt-BR","potentialAction":[{"@type":"ReadAction","target":["https:\/\/ciencia.ufpr.br\/portal\/conheca-o-tatu-que-viveu-no-parana-ha-40-milhoes-de-anos\/"]}]},{"@type":"ImageObject","inLanguage":"pt-BR","@id":"https:\/\/ciencia.ufpr.br\/portal\/conheca-o-tatu-que-viveu-no-parana-ha-40-milhoes-de-anos\/#primaryimage","url":"https:\/\/ciencia.ufpr.br\/portal\/wp-content\/uploads\/2025\/06\/img1517.jpg","contentUrl":"https:\/\/ciencia.ufpr.br\/portal\/wp-content\/uploads\/2025\/06\/img1517.jpg","width":640,"height":360,"caption":"Reconstru\u00e7\u00e3o art\u00edstica hipot\u00e9tica do tatu que viveu no Eoceno m\u00e9dio-tardio do Brasil. Ilustra\u00e7\u00e3o: M\u00e1rcio L. Castro\/Reprodu\u00e7\u00e3o"},{"@type":"BreadcrumbList","@id":"https:\/\/ciencia.ufpr.br\/portal\/conheca-o-tatu-que-viveu-no-parana-ha-40-milhoes-de-anos\/#breadcrumb","itemListElement":[{"@type":"ListItem","position":1,"name":"Home","item":"https:\/\/ciencia.ufpr.br\/portal\/"},{"@type":"ListItem","position":2,"name":"Conhe\u00e7a o tatu que viveu no Paran\u00e1 h\u00e1 40 milh\u00f5es de anos"}]},{"@type":"WebSite","@id":"https:\/\/ciencia.ufpr.br\/portal\/#website","url":"https:\/\/ciencia.ufpr.br\/portal\/","name":"Ci\u00eancia UFPR","description":"Site de temas cient\u00edficos com foco no conhecimento produzido na Universidade Federal do Paran\u00e1 (UFPR). Baseado na Revista Ci\u00eancia UFPR.","publisher":{"@id":"https:\/\/ciencia.ufpr.br\/portal\/#organization"},"potentialAction":[{"@type":"SearchAction","target":{"@type":"EntryPoint","urlTemplate":"https:\/\/ciencia.ufpr.br\/portal\/?s={search_term_string}"},"query-input":{"@type":"PropertyValueSpecification","valueRequired":true,"valueName":"search_term_string"}}],"inLanguage":"pt-BR"},{"@type":"Organization","@id":"https:\/\/ciencia.ufpr.br\/portal\/#organization","name":"Revista Ci\u00eancia UFPR","url":"https:\/\/ciencia.ufpr.br\/portal\/","logo":{"@type":"ImageObject","inLanguage":"pt-BR","@id":"https:\/\/ciencia.ufpr.br\/portal\/#\/schema\/logo\/image\/","url":"https:\/\/ciencia.ufpr.br\/portal\/wp-content\/uploads\/2020\/12\/Revista-Ciencia-UFPR-vermelho.jpeg","contentUrl":"https:\/\/ciencia.ufpr.br\/portal\/wp-content\/uploads\/2020\/12\/Revista-Ciencia-UFPR-vermelho.jpeg","width":992,"height":714,"caption":"Revista Ci\u00eancia UFPR"},"image":{"@id":"https:\/\/ciencia.ufpr.br\/portal\/#\/schema\/logo\/image\/"},"sameAs":["https:\/\/www.facebook.com\/cienciaufproficial","https:\/\/x.com\/cienciaufpr","https:\/\/www.instagram.com\/revistacienciaufpr\/","https:\/\/www.linkedin.com\/company\/cienciaufproficial","https:\/\/br.pinterest.com\/cienciaufpr\/"]},{"@type":"Person","@id":"https:\/\/ciencia.ufpr.br\/portal\/#\/schema\/person\/350891bfb68c2eff623c71cdf0d4b48d","name":"Livia Inacio","description":"Jornalista na Se\u00e7\u00e3o de Divulga\u00e7\u00e3o Cient\u00edfica da UFPR. Foi trainee de Ci\u00eancia e Sa\u00fade da Folha e j\u00e1 colaborou com UOL, Mina Bem-Estar, BBC e o podcast Ci\u00eancia Suja, que investiga crimes contra a ci\u00eancia.","url":"https:\/\/ciencia.ufpr.br\/portal\/author\/livia-inacio\/"}]}},"views":2412,"jetpack_sharing_enabled":true,"jetpack_featured_media_url":"https:\/\/ciencia.ufpr.br\/portal\/wp-content\/uploads\/2025\/06\/img1517.jpg","_links":{"self":[{"href":"https:\/\/ciencia.ufpr.br\/portal\/wp-json\/wp\/v2\/posts\/26769"}],"collection":[{"href":"https:\/\/ciencia.ufpr.br\/portal\/wp-json\/wp\/v2\/posts"}],"about":[{"href":"https:\/\/ciencia.ufpr.br\/portal\/wp-json\/wp\/v2\/types\/post"}],"author":[{"embeddable":true,"href":"https:\/\/ciencia.ufpr.br\/portal\/wp-json\/wp\/v2\/users\/2822"}],"replies":[{"embeddable":true,"href":"https:\/\/ciencia.ufpr.br\/portal\/wp-json\/wp\/v2\/comments?post=26769"}],"version-history":[{"count":11,"href":"https:\/\/ciencia.ufpr.br\/portal\/wp-json\/wp\/v2\/posts\/26769\/revisions"}],"predecessor-version":[{"id":26790,"href":"https:\/\/ciencia.ufpr.br\/portal\/wp-json\/wp\/v2\/posts\/26769\/revisions\/26790"}],"wp:featuredmedia":[{"embeddable":true,"href":"https:\/\/ciencia.ufpr.br\/portal\/wp-json\/wp\/v2\/media\/26770"}],"wp:attachment":[{"href":"https:\/\/ciencia.ufpr.br\/portal\/wp-json\/wp\/v2\/media?parent=26769"}],"wp:term":[{"taxonomy":"category","embeddable":true,"href":"https:\/\/ciencia.ufpr.br\/portal\/wp-json\/wp\/v2\/categories?post=26769"},{"taxonomy":"post_tag","embeddable":true,"href":"https:\/\/ciencia.ufpr.br\/portal\/wp-json\/wp\/v2\/tags?post=26769"}],"curies":[{"name":"wp","href":"https:\/\/api.w.org\/{rel}","templated":true}]}}