{"id":26235,"date":"2025-02-06T08:12:47","date_gmt":"2025-02-06T11:12:47","guid":{"rendered":"https:\/\/ciencia.ufpr.br\/portal\/?p=26235"},"modified":"2025-03-09T14:53:51","modified_gmt":"2025-03-09T17:53:51","slug":"app-gratuito-usa-informacao-no-tratamento-da-disfuncao-temporomandibular","status":"publish","type":"post","link":"https:\/\/ciencia.ufpr.br\/portal\/app-gratuito-usa-informacao-no-tratamento-da-disfuncao-temporomandibular\/","title":{"rendered":"App gratuito usa informa\u00e7\u00e3o como ferramenta no tratamento da DTM"},"content":{"rendered":"<p id=\"block-faced318-8546-44fa-93c9-091b89e62c79\" class=\"block-editor-rich-text__editable block-editor-block-list__block wp-block wp-block-paragraph rich-text\" role=\"document\" contenteditable=\"true\" aria-multiline=\"true\" aria-label=\"Bloco: Par\u00e1grafo\" aria-readonly=\"false\" data-block=\"faced318-8546-44fa-93c9-091b89e62c79\" data-type=\"core\/paragraph\" data-title=\"Par\u00e1grafo\" data-empty=\"false\" data-wp-block-attribute-key=\"content\">A articula\u00e7\u00e3o temporomandibular (ATM) desempenha um papel crucial ao conectar a mand\u00edbula ao cr\u00e2nio, permitindo a movimenta\u00e7\u00e3o da boca para fun\u00e7\u00f5es essenciais, como falar e mastigar \u2014 movimentos que podem se repetir duas mil vezes por dia. A alta frequ\u00eancia de uso tamb\u00e9m aumenta o risco de disfun\u00e7\u00f5es, entre as quais destaca-se a disfun\u00e7\u00e3o temporomandibular (DTM).<\/p>\n<p>Ru\u00eddos, estalos, dor na mand\u00edbula e dor de cabe\u00e7a s\u00e3o sintomas de pessoas que sofrem com a DTM e comuns em relatos de atendimentos cl\u00ednicos odontol\u00f3gicos realizados na Universidade Federal do Paran\u00e1 (UFPR). Trata-se de um conjunto de condi\u00e7\u00f5es que afetam as articula\u00e7\u00f5es temporomandibulares, causando dor cr\u00f4nica e impacto significativo na qualidade de vida.<\/p>\n<p>O tratamento envolve o conhecimento sobre a forma do processo de dor e inclui h\u00e1bitos que auxiliem nesse controle, como exerc\u00edcio mandibular, compressa e a n\u00e3o ingest\u00e3o de determinados alimentos.<\/p>\n<figure style=\"width: 270px\" class=\"wp-caption alignleft\"><img loading=\"lazy\" decoding=\"async\" class=\"size-full\" src=\"https:\/\/media4.giphy.com\/media\/v1.Y2lkPTc5MGI3NjExdWdnZnRyMjN3ejJsN3o5a21rbnUzcGFhcm1kYmd5anhlcHA2ZDdnOSZlcD12MV9pbnRlcm5hbF9naWZfYnlfaWQmY3Q9Zw\/af1LM2lP0f9yFmqJ6H\/giphy.gif\" width=\"270\" height=\"480\" \/><figcaption class=\"wp-caption-text\">\ud83c\udf9e\ufe0f Navega\u00e7\u00e3o pelo app EducaDOR. V\u00eddeo: Camille Bropp\/Sucom UFPR<\/figcaption><\/figure>\n<p>Estima-se que de 1,5% a 5% da popula\u00e7\u00e3o precise de tratamento para disfun\u00e7\u00e3o temporomandibular e que mais de 30% apresente algum sinal ou sintoma.<\/p>\n<p>&#8220;As causas s\u00e3o multifatoriais, podem abranger condi\u00e7\u00f5es gen\u00e9ticas, comportamentais, psicoemocionais, trauma, sobrecarga por bruxismo\u201d, explica o docente do curso de Odontologia Daniel Bonotto, um dos respons\u00e1veis pelo projeto de extens\u00e3o Servi\u00e7o Ambulatorial em DTM e Dor Orofacial (Samdof) da UFPR.<\/p>\n<p>Pensando em facilitar a rotina de tratamento, estudantes do curso de Odontologia criaram o aplicativo EducaDOR. O app oferece informa\u00e7\u00f5es sobre a doen\u00e7a e desmistifica aspectos relacionados \u00e0 dor cr\u00f4nica, incentivando pr\u00e1ticas de autocuidado.<\/p>\n<h2>Tratamento da DTM exige papel ativo do paciente<\/h2>\n<p>A ideia surgiu da necessidade percebida em atendimentos cl\u00ednicos e de conversas com pacientes, que frequentemente relatavam dificuldades em encontrar orienta\u00e7\u00f5es pr\u00e1ticas para lidar com os desafios do tratamento. As orienta\u00e7\u00f5es repassadas durante as consultas n\u00e3o eram seguidas com efetividade e algumas tentativas chegaram a ser implementadas, como a elabora\u00e7\u00e3o de um folder educativo, sem sucesso.<\/p>\n<p>\u201cSempre foi dif\u00edcil educar o paciente que tem dor cr\u00f4nica orofacial ligadas a problemas de ATM e faz\u00ea-lo compreender seu papel ativo no tratamento\u201d, afirma Bonotto.<\/p>\n<p id=\"block-bbfe9897-88fa-4b42-bc4f-f9e423604c8c\" class=\"block-editor-rich-text__editable block-editor-block-list__block wp-block wp-block-paragraph rich-text\" role=\"document\" contenteditable=\"true\" aria-multiline=\"true\" aria-label=\"Bloco: Par\u00e1grafo\" aria-readonly=\"false\" data-block=\"bbfe9897-88fa-4b42-bc4f-f9e423604c8c\" data-type=\"core\/paragraph\" data-title=\"Par\u00e1grafo\" data-empty=\"false\" data-wp-block-attribute-key=\"content\">Embasado em evid\u00eancias cient\u00edficas, o aplicativo re\u00fane conte\u00fado confi\u00e1vel e \u00fatil para pacientes e profissionais da \u00e1rea de sa\u00fade. A iniciativa foi desenvolvida pelas estudantes Julia Fabris e Maria Cec\u00edlia Miranda, com colabora\u00e7\u00e3o dos mestrandos Gustavo Begnini, Gabriela Schuma e graduandos em Odontologia Pedro Czmola, Ana Carolina e Luana Jendik. O projeto foi orientado pelos professores da disciplina de DTM, Daniel Bonotto e Priscila Hilgenberg Sydney, e tamb\u00e9m contou com a participa\u00e7\u00e3o do designer Jo\u00e3o Vitor Oliveira dos Anjos.<\/p>\n<p id=\"block-b3252a33-769d-44e9-88fb-c3bfdbe29841\" class=\"block-editor-rich-text__editable block-editor-block-list__block wp-block wp-block-paragraph rich-text\" role=\"document\" contenteditable=\"true\" aria-multiline=\"true\" aria-label=\"Bloco: Par\u00e1grafo\" aria-readonly=\"false\" data-block=\"b3252a33-769d-44e9-88fb-c3bfdbe29841\" data-type=\"core\/paragraph\" data-title=\"Par\u00e1grafo\" data-empty=\"false\" data-wp-block-attribute-key=\"content\">A produ\u00e7\u00e3o do app envolveu pesquisas em literatura cient\u00edfica e identifica\u00e7\u00e3o das necessidades mais urgentes. Al\u00e9m de concentrar instru\u00e7\u00f5es voltadas aos pacientes, o aplicativo tamb\u00e9m traz informa\u00e7\u00f5es que devem ser orientadas por um cirurgi\u00e3o dentista, de acordo com a condi\u00e7\u00e3o de cada caso.<\/p>\n<p id=\"block-e8ba33c4-6c78-4c1e-b871-b233818c3f0f\" class=\"block-editor-rich-text__editable block-editor-block-list__block wp-block wp-block-paragraph rich-text\" role=\"document\" contenteditable=\"true\" aria-multiline=\"true\" aria-label=\"Bloco: Par\u00e1grafo\" aria-readonly=\"false\" data-block=\"e8ba33c4-6c78-4c1e-b871-b233818c3f0f\" data-type=\"core\/paragraph\" data-title=\"Par\u00e1grafo\" data-empty=\"false\" data-wp-block-attribute-key=\"content\">\u201cNos preocupamos em explicar o conte\u00fado de maneira sucinta e interessante. Abordamos mecanismos dif\u00edceis como modula\u00e7\u00e3o da dor, usamos analogias, exemplos para os pacientes entenderem o processo e como orienta\u00e7\u00f5es poderiam melhorar o quadro de dor\u201d, relata Maria Cec\u00edlia.<\/p>\n<div class=\"wp-block\" data-align=\"center\">\n<figure id=\"block-2797428b-e0a1-4691-ae13-b56fea961079\" class=\"block-editor-block-list__block is-resized size-full wp-block-image\" tabindex=\"0\" role=\"document\" aria-label=\"Bloco: Imagem\" data-block=\"2797428b-e0a1-4691-ae13-b56fea961079\" data-type=\"core\/image\" data-title=\"Imagem\">\n<div class=\"components-resizable-box__container\">\n<figure style=\"width: 382px\" class=\"wp-caption alignright\"><img loading=\"lazy\" decoding=\"async\" class=\"\" src=\"https:\/\/ufpr.br\/wp-content\/uploads\/2025\/01\/equipe.jpg\" alt=\"O atributo alt desta imagem est\u00e1 vazio. O nome do arquivo \u00e9 equipe.jpg\" width=\"382\" height=\"382\" \/><figcaption class=\"wp-caption-text\">\ud83d\udcf7 Equipe do EducaDOR, da esq. para a dir.: os professores Daniel Bonotto; estudantes J\u00falia e Maria Cec\u00edlia; e Priscila Sydney. Foto: Arquivo Pessoal<\/figcaption><\/figure>\n<p><span style=\"font-size: 15px;\">O desenvolvimento do app durou cerca de um ano e, agora, j\u00e1 est\u00e1 dispon\u00edvel para download gratuito nas principais plataformas digitais (<\/span><a style=\"font-size: 15px; background-color: #ffffff;\" title=\"Android\" href=\"https:\/\/play.google.com\/store\/apps\/details?id=br.com.app.gpu3112737.gpueaae0baaf3c9b78c0616d3ed46179697\" target=\"_blank\" rel=\"noopener\">Android<\/a><span style=\"font-size: 15px;\"> e <\/span><a style=\"font-size: 15px; background-color: #ffffff;\" title=\"iOS\" href=\"https:\/\/apps.apple.com\/br\/app\/educador\/id6670755665\" target=\"_blank\" rel=\"noopener\">iOS<\/a><span style=\"font-size: 15px;\">).<\/span><\/p>\n<\/div>\n<\/figure>\n<\/div>\n<p>\u201cH\u00e1 necessidade de ades\u00e3o do paciente para o tratamento, ele deve lembrar-se das orienta\u00e7\u00f5es para o manejo adequado. O paciente precisa ser protagonista do seu processo de cura e autocuidado\u201d, destaca Julia.<\/p>\n<p>\u201cCom o aplicativo, o acesso \u00e0 informa\u00e7\u00e3o de qualidade est\u00e1 sempre \u00e0 m\u00e3o, com fonte segura de informa\u00e7\u00f5es e linguagem acess\u00edvel\u201d,<\/p>\n<h2 id=\"block-633defad-b5db-442c-b57f-203a9fc95f6c\" class=\"block-editor-rich-text__editable block-editor-block-list__block wp-block wp-block-heading rich-text\" role=\"document\" contenteditable=\"true\" aria-multiline=\"true\" aria-label=\"Bloco: T\u00edtulo\" aria-readonly=\"false\" data-block=\"633defad-b5db-442c-b57f-203a9fc95f6c\" data-type=\"core\/heading\" data-title=\"T\u00edtulo\" data-wp-block-attribute-key=\"content\">De exerc\u00edcios a automassagem<\/h2>\n<p id=\"block-8ae4d7e0-d0c4-4b3d-9654-a74880a3f336\" class=\"block-editor-rich-text__editable block-editor-block-list__block wp-block wp-block-paragraph rich-text\" role=\"document\" contenteditable=\"true\" aria-multiline=\"true\" aria-label=\"Bloco: Par\u00e1grafo\" aria-readonly=\"false\" data-block=\"8ae4d7e0-d0c4-4b3d-9654-a74880a3f336\" data-type=\"core\/paragraph\" data-title=\"Par\u00e1grafo\" data-empty=\"false\" data-wp-block-attribute-key=\"content\">O EducaDOR apresenta se\u00e7\u00f5es interativas, que incluem informa\u00e7\u00f5es gerais sobre a DTM (causas e sintomas); educa\u00e7\u00e3o sobre dor cr\u00f4nica; autocuidado e exerc\u00edcios terap\u00eauticos, com orienta\u00e7\u00f5es pr\u00e1ticas para auxiliar o manejo da dor; orienta\u00e7\u00f5es sobre a rela\u00e7\u00e3o entre exerc\u00edcios f\u00edsicos e a dor cr\u00f4nica e dicas de alimenta\u00e7\u00e3o.<\/p>\n<p>A equipe tamb\u00e9m criou um di\u00e1rio de dor, um recurso em que o paciente registra diariamente a intensidade da dor, auxiliando o profissional a identificar a evolu\u00e7\u00e3o de cada caso.<\/p>\n<p>O projeto aproveita ainda as redes sociais <a href=\"https:\/\/www.instagram.com\/educador.dtm\" target=\"_blank\" rel=\"noopener\">Instagram<\/a> e <a href=\"https:\/\/www.youtube.com\/@samdof-ufpr331\" target=\"_blank\" rel=\"noopener\">YouTube<\/a> para informar sobre suas atividades e dar dicas para quem sofre com a DTM.<\/p>\n","protected":false},"excerpt":{"rendered":"<p>A articula\u00e7\u00e3o temporomandibular (ATM) desempenha um papel crucial ao conectar a mand\u00edbula ao cr\u00e2nio, permitindo a movimenta\u00e7\u00e3o da boca para&#8230;<\/p>\n","protected":false},"author":2810,"featured_media":26257,"comment_status":"open","ping_status":"closed","sticky":false,"template":"","format":"standard","meta":{"_acf_changed":false,"footnotes":"","fifu_image_url":"https:\/\/media1.giphy.com\/media\/v1.Y2lkPTc5MGI3NjExbmhwdWVxMnNha2tvbWRld2czNmhsZXBva201cmowZzhhdWlqdHlqdyZlcD12MV9pbnRlcm5hbF9naWZfYnlfaWQmY3Q9Zw\/weSp5PJkXv3Ox3evmx\/giphy.gif","fifu_image_alt":"\ud83d\udcf7 Dor orofacial (na face e na boca) \u00e9 o principal sintoma da DTM. V\u00eddeo: Freepik","_jetpack_memberships_contains_paid_content":false},"categories":[2202,1610],"tags":[2607,2651,2648,2647,2649,2650,1930,1896],"acf":[],"yoast_head":"<!-- This site is optimized with the Yoast SEO plugin v23.5 - https:\/\/yoast.com\/wordpress\/plugins\/seo\/ -->\n<title>App gratuito usa informa\u00e7\u00e3o como ferramenta no tratamento da DTM - Ci\u00eancia UFPR<\/title>\n<meta name=\"description\" content=\"Mudan\u00e7as comportamentais podem ser guiadas com ajuda do aplicativo EducaDOR, desenvolvido em projeto de extens\u00e3o em odontologia da UFPR.\" \/>\n<meta name=\"robots\" content=\"index, follow, max-snippet:-1, max-image-preview:large, max-video-preview:-1\" \/>\n<link rel=\"canonical\" href=\"https:\/\/ciencia.ufpr.br\/portal\/app-gratuito-usa-informacao-no-tratamento-da-disfuncao-temporomandibular\/\" \/>\n<meta property=\"og:locale\" content=\"pt_BR\" \/>\n<meta property=\"og:type\" content=\"article\" \/>\n<meta property=\"og:title\" content=\"App gratuito usa informa\u00e7\u00e3o como ferramenta no tratamento da DTM - Ci\u00eancia UFPR\" \/>\n<meta property=\"og:description\" content=\"Mudan\u00e7as comportamentais podem ser guiadas com ajuda do aplicativo EducaDOR, desenvolvido em projeto de extens\u00e3o em odontologia da UFPR.\" \/>\n<meta property=\"og:url\" content=\"https:\/\/ciencia.ufpr.br\/portal\/app-gratuito-usa-informacao-no-tratamento-da-disfuncao-temporomandibular\/\" \/>\n<meta property=\"og:site_name\" content=\"Ci\u00eancia UFPR\" \/>\n<meta property=\"article:publisher\" content=\"https:\/\/www.facebook.com\/cienciaufproficial\" \/>\n<meta property=\"article:published_time\" content=\"2025-02-06T11:12:47+00:00\" \/>\n<meta property=\"article:modified_time\" content=\"2025-03-09T17:53:51+00:00\" \/>\n<meta property=\"og:image\" content=\"https:\/\/ciencia.ufpr.br\/portal\/wp-content\/uploads\/2025\/02\/dtm_cienciaufpr.jpg\" \/>\n\t<meta property=\"og:image:width\" content=\"1920\" \/>\n\t<meta property=\"og:image:height\" content=\"1080\" \/>\n\t<meta property=\"og:image:type\" content=\"image\/jpeg\" \/>\n<meta name=\"author\" content=\"Aline Fernandes Fran\u00e7a\" \/>\n<meta name=\"twitter:card\" content=\"summary_large_image\" \/>\n<meta name=\"twitter:creator\" content=\"@cienciaufpr\" \/>\n<meta name=\"twitter:site\" content=\"@cienciaufpr\" \/>\n<meta name=\"twitter:label1\" content=\"Escrito por\" \/>\n\t<meta name=\"twitter:data1\" content=\"Aline Fernandes Fran\u00e7a\" \/>\n\t<meta name=\"twitter:label2\" content=\"Est. tempo de leitura\" \/>\n\t<meta name=\"twitter:data2\" content=\"4 minutos\" \/>\n<script type=\"application\/ld+json\" class=\"yoast-schema-graph\">{\"@context\":\"https:\/\/schema.org\",\"@graph\":[{\"@type\":\"Article\",\"@id\":\"https:\/\/ciencia.ufpr.br\/portal\/app-gratuito-usa-informacao-no-tratamento-da-disfuncao-temporomandibular\/#article\",\"isPartOf\":{\"@id\":\"https:\/\/ciencia.ufpr.br\/portal\/app-gratuito-usa-informacao-no-tratamento-da-disfuncao-temporomandibular\/\"},\"author\":{\"name\":\"Aline Fernandes Fran\u00e7a\",\"@id\":\"https:\/\/ciencia.ufpr.br\/portal\/#\/schema\/person\/6ad1bd43be8e06328f01e945a560bba3\"},\"headline\":\"App gratuito usa informa\u00e7\u00e3o como ferramenta no tratamento da DTM\",\"datePublished\":\"2025-02-06T11:12:47+00:00\",\"dateModified\":\"2025-03-09T17:53:51+00:00\",\"mainEntityOfPage\":{\"@id\":\"https:\/\/ciencia.ufpr.br\/portal\/app-gratuito-usa-informacao-no-tratamento-da-disfuncao-temporomandibular\/\"},\"wordCount\":816,\"commentCount\":0,\"publisher\":{\"@id\":\"https:\/\/ciencia.ufpr.br\/portal\/#organization\"},\"image\":{\"@id\":\"https:\/\/ciencia.ufpr.br\/portal\/app-gratuito-usa-informacao-no-tratamento-da-disfuncao-temporomandibular\/#primaryimage\"},\"thumbnailUrl\":\"https:\/\/media1.giphy.com\/media\/v1.Y2lkPTc5MGI3NjExbmhwdWVxMnNha2tvbWRld2czNmhsZXBva201cmowZzhhdWlqdHlqdyZlcD12MV9pbnRlcm5hbF9naWZfYnlfaWQmY3Q9Zw\/weSp5PJkXv3Ox3evmx\/giphy.gif\",\"keywords\":[\"2025\",\"ATM\",\"bruxismo\",\"disfun\u00e7\u00e3o temporomandibular\",\"dor orofacial\",\"DTM\",\"inicia\u00e7\u00e3o cient\u00edfica\",\"odontologia\"],\"articleSection\":[\"Not\u00edcia\",\"Sa\u00fade\"],\"inLanguage\":\"pt-BR\",\"potentialAction\":[{\"@type\":\"CommentAction\",\"name\":\"Comment\",\"target\":[\"https:\/\/ciencia.ufpr.br\/portal\/app-gratuito-usa-informacao-no-tratamento-da-disfuncao-temporomandibular\/#respond\"]}]},{\"@type\":\"WebPage\",\"@id\":\"https:\/\/ciencia.ufpr.br\/portal\/app-gratuito-usa-informacao-no-tratamento-da-disfuncao-temporomandibular\/\",\"url\":\"https:\/\/ciencia.ufpr.br\/portal\/app-gratuito-usa-informacao-no-tratamento-da-disfuncao-temporomandibular\/\",\"name\":\"App gratuito usa informa\u00e7\u00e3o como ferramenta no tratamento da DTM - Ci\u00eancia UFPR\",\"isPartOf\":{\"@id\":\"https:\/\/ciencia.ufpr.br\/portal\/#website\"},\"primaryImageOfPage\":{\"@id\":\"https:\/\/ciencia.ufpr.br\/portal\/app-gratuito-usa-informacao-no-tratamento-da-disfuncao-temporomandibular\/#primaryimage\"},\"image\":{\"@id\":\"https:\/\/ciencia.ufpr.br\/portal\/app-gratuito-usa-informacao-no-tratamento-da-disfuncao-temporomandibular\/#primaryimage\"},\"thumbnailUrl\":\"https:\/\/media1.giphy.com\/media\/v1.Y2lkPTc5MGI3NjExbmhwdWVxMnNha2tvbWRld2czNmhsZXBva201cmowZzhhdWlqdHlqdyZlcD12MV9pbnRlcm5hbF9naWZfYnlfaWQmY3Q9Zw\/weSp5PJkXv3Ox3evmx\/giphy.gif\",\"datePublished\":\"2025-02-06T11:12:47+00:00\",\"dateModified\":\"2025-03-09T17:53:51+00:00\",\"description\":\"Mudan\u00e7as comportamentais podem ser guiadas com ajuda do aplicativo EducaDOR, desenvolvido em projeto de extens\u00e3o em odontologia da UFPR.\",\"breadcrumb\":{\"@id\":\"https:\/\/ciencia.ufpr.br\/portal\/app-gratuito-usa-informacao-no-tratamento-da-disfuncao-temporomandibular\/#breadcrumb\"},\"inLanguage\":\"pt-BR\",\"potentialAction\":[{\"@type\":\"ReadAction\",\"target\":[\"https:\/\/ciencia.ufpr.br\/portal\/app-gratuito-usa-informacao-no-tratamento-da-disfuncao-temporomandibular\/\"]}]},{\"@type\":\"ImageObject\",\"inLanguage\":\"pt-BR\",\"@id\":\"https:\/\/ciencia.ufpr.br\/portal\/app-gratuito-usa-informacao-no-tratamento-da-disfuncao-temporomandibular\/#primaryimage\",\"url\":\"https:\/\/media1.giphy.com\/media\/v1.Y2lkPTc5MGI3NjExbmhwdWVxMnNha2tvbWRld2czNmhsZXBva201cmowZzhhdWlqdHlqdyZlcD12MV9pbnRlcm5hbF9naWZfYnlfaWQmY3Q9Zw\/weSp5PJkXv3Ox3evmx\/giphy.gif\",\"contentUrl\":\"https:\/\/media1.giphy.com\/media\/v1.Y2lkPTc5MGI3NjExbmhwdWVxMnNha2tvbWRld2czNmhsZXBva201cmowZzhhdWlqdHlqdyZlcD12MV9pbnRlcm5hbF9naWZfYnlfaWQmY3Q9Zw\/weSp5PJkXv3Ox3evmx\/giphy.gif\",\"width\":\"480\",\"height\":\"270\",\"caption\":\"\ud83d\udcf7 Dor orofacial (na face e na boca) \u00e9 o principal sintoma da DTM. V\u00eddeo: Freepik\"},{\"@type\":\"BreadcrumbList\",\"@id\":\"https:\/\/ciencia.ufpr.br\/portal\/app-gratuito-usa-informacao-no-tratamento-da-disfuncao-temporomandibular\/#breadcrumb\",\"itemListElement\":[{\"@type\":\"ListItem\",\"position\":1,\"name\":\"Home\",\"item\":\"https:\/\/ciencia.ufpr.br\/portal\/\"},{\"@type\":\"ListItem\",\"position\":2,\"name\":\"App gratuito usa informa\u00e7\u00e3o como ferramenta no tratamento da DTM\"}]},{\"@type\":\"WebSite\",\"@id\":\"https:\/\/ciencia.ufpr.br\/portal\/#website\",\"url\":\"https:\/\/ciencia.ufpr.br\/portal\/\",\"name\":\"Ci\u00eancia UFPR\",\"description\":\"Site de temas cient\u00edficos com foco no conhecimento produzido na Universidade Federal do Paran\u00e1 (UFPR). Baseado na Revista Ci\u00eancia UFPR.\",\"publisher\":{\"@id\":\"https:\/\/ciencia.ufpr.br\/portal\/#organization\"},\"potentialAction\":[{\"@type\":\"SearchAction\",\"target\":{\"@type\":\"EntryPoint\",\"urlTemplate\":\"https:\/\/ciencia.ufpr.br\/portal\/?s={search_term_string}\"},\"query-input\":{\"@type\":\"PropertyValueSpecification\",\"valueRequired\":true,\"valueName\":\"search_term_string\"}}],\"inLanguage\":\"pt-BR\"},{\"@type\":\"Organization\",\"@id\":\"https:\/\/ciencia.ufpr.br\/portal\/#organization\",\"name\":\"Revista Ci\u00eancia UFPR\",\"url\":\"https:\/\/ciencia.ufpr.br\/portal\/\",\"logo\":{\"@type\":\"ImageObject\",\"inLanguage\":\"pt-BR\",\"@id\":\"https:\/\/ciencia.ufpr.br\/portal\/#\/schema\/logo\/image\/\",\"url\":\"https:\/\/ciencia.ufpr.br\/portal\/wp-content\/uploads\/2020\/12\/Revista-Ciencia-UFPR-vermelho.jpeg\",\"contentUrl\":\"https:\/\/ciencia.ufpr.br\/portal\/wp-content\/uploads\/2020\/12\/Revista-Ciencia-UFPR-vermelho.jpeg\",\"width\":992,\"height\":714,\"caption\":\"Revista Ci\u00eancia UFPR\"},\"image\":{\"@id\":\"https:\/\/ciencia.ufpr.br\/portal\/#\/schema\/logo\/image\/\"},\"sameAs\":[\"https:\/\/www.facebook.com\/cienciaufproficial\",\"https:\/\/x.com\/cienciaufpr\",\"https:\/\/www.instagram.com\/revistacienciaufpr\/\",\"https:\/\/www.linkedin.com\/company\/cienciaufproficial\",\"https:\/\/br.pinterest.com\/cienciaufpr\/\"]},{\"@type\":\"Person\",\"@id\":\"https:\/\/ciencia.ufpr.br\/portal\/#\/schema\/person\/6ad1bd43be8e06328f01e945a560bba3\",\"name\":\"Aline Fernandes Fran\u00e7a\",\"description\":\"Formada em jornalismo (UEPG), com especializa\u00e7\u00e3o em m\u00eddia, pol\u00edtica e atores sociais (UEPG). Jornalista na UFPR.\",\"url\":\"https:\/\/ciencia.ufpr.br\/portal\/author\/alinefernandes\/\"}]}<\/script>\n<!-- \/ Yoast SEO plugin. -->","yoast_head_json":{"title":"App gratuito usa informa\u00e7\u00e3o como ferramenta no tratamento da DTM - Ci\u00eancia UFPR","description":"Mudan\u00e7as comportamentais podem ser guiadas com ajuda do aplicativo EducaDOR, desenvolvido em projeto de extens\u00e3o em odontologia da UFPR.","robots":{"index":"index","follow":"follow","max-snippet":"max-snippet:-1","max-image-preview":"max-image-preview:large","max-video-preview":"max-video-preview:-1"},"canonical":"https:\/\/ciencia.ufpr.br\/portal\/app-gratuito-usa-informacao-no-tratamento-da-disfuncao-temporomandibular\/","og_locale":"pt_BR","og_type":"article","og_title":"App gratuito usa informa\u00e7\u00e3o como ferramenta no tratamento da DTM - Ci\u00eancia UFPR","og_description":"Mudan\u00e7as comportamentais podem ser guiadas com ajuda do aplicativo EducaDOR, desenvolvido em projeto de extens\u00e3o em odontologia da UFPR.","og_url":"https:\/\/ciencia.ufpr.br\/portal\/app-gratuito-usa-informacao-no-tratamento-da-disfuncao-temporomandibular\/","og_site_name":"Ci\u00eancia UFPR","article_publisher":"https:\/\/www.facebook.com\/cienciaufproficial","article_published_time":"2025-02-06T11:12:47+00:00","article_modified_time":"2025-03-09T17:53:51+00:00","og_image":[{"width":1920,"height":1080,"url":"https:\/\/ciencia.ufpr.br\/portal\/wp-content\/uploads\/2025\/02\/dtm_cienciaufpr.jpg","type":"image\/jpeg"}],"author":"Aline Fernandes Fran\u00e7a","twitter_card":"summary_large_image","twitter_creator":"@cienciaufpr","twitter_site":"@cienciaufpr","twitter_misc":{"Escrito por":"Aline Fernandes Fran\u00e7a","Est. tempo de leitura":"4 minutos"},"schema":{"@context":"https:\/\/schema.org","@graph":[{"@type":"Article","@id":"https:\/\/ciencia.ufpr.br\/portal\/app-gratuito-usa-informacao-no-tratamento-da-disfuncao-temporomandibular\/#article","isPartOf":{"@id":"https:\/\/ciencia.ufpr.br\/portal\/app-gratuito-usa-informacao-no-tratamento-da-disfuncao-temporomandibular\/"},"author":{"name":"Aline Fernandes Fran\u00e7a","@id":"https:\/\/ciencia.ufpr.br\/portal\/#\/schema\/person\/6ad1bd43be8e06328f01e945a560bba3"},"headline":"App gratuito usa informa\u00e7\u00e3o como ferramenta no tratamento da DTM","datePublished":"2025-02-06T11:12:47+00:00","dateModified":"2025-03-09T17:53:51+00:00","mainEntityOfPage":{"@id":"https:\/\/ciencia.ufpr.br\/portal\/app-gratuito-usa-informacao-no-tratamento-da-disfuncao-temporomandibular\/"},"wordCount":816,"commentCount":0,"publisher":{"@id":"https:\/\/ciencia.ufpr.br\/portal\/#organization"},"image":{"@id":"https:\/\/ciencia.ufpr.br\/portal\/app-gratuito-usa-informacao-no-tratamento-da-disfuncao-temporomandibular\/#primaryimage"},"thumbnailUrl":"https:\/\/media1.giphy.com\/media\/v1.Y2lkPTc5MGI3NjExbmhwdWVxMnNha2tvbWRld2czNmhsZXBva201cmowZzhhdWlqdHlqdyZlcD12MV9pbnRlcm5hbF9naWZfYnlfaWQmY3Q9Zw\/weSp5PJkXv3Ox3evmx\/giphy.gif","keywords":["2025","ATM","bruxismo","disfun\u00e7\u00e3o temporomandibular","dor orofacial","DTM","inicia\u00e7\u00e3o cient\u00edfica","odontologia"],"articleSection":["Not\u00edcia","Sa\u00fade"],"inLanguage":"pt-BR","potentialAction":[{"@type":"CommentAction","name":"Comment","target":["https:\/\/ciencia.ufpr.br\/portal\/app-gratuito-usa-informacao-no-tratamento-da-disfuncao-temporomandibular\/#respond"]}]},{"@type":"WebPage","@id":"https:\/\/ciencia.ufpr.br\/portal\/app-gratuito-usa-informacao-no-tratamento-da-disfuncao-temporomandibular\/","url":"https:\/\/ciencia.ufpr.br\/portal\/app-gratuito-usa-informacao-no-tratamento-da-disfuncao-temporomandibular\/","name":"App gratuito usa informa\u00e7\u00e3o como ferramenta no tratamento da DTM - Ci\u00eancia UFPR","isPartOf":{"@id":"https:\/\/ciencia.ufpr.br\/portal\/#website"},"primaryImageOfPage":{"@id":"https:\/\/ciencia.ufpr.br\/portal\/app-gratuito-usa-informacao-no-tratamento-da-disfuncao-temporomandibular\/#primaryimage"},"image":{"@id":"https:\/\/ciencia.ufpr.br\/portal\/app-gratuito-usa-informacao-no-tratamento-da-disfuncao-temporomandibular\/#primaryimage"},"thumbnailUrl":"https:\/\/media1.giphy.com\/media\/v1.Y2lkPTc5MGI3NjExbmhwdWVxMnNha2tvbWRld2czNmhsZXBva201cmowZzhhdWlqdHlqdyZlcD12MV9pbnRlcm5hbF9naWZfYnlfaWQmY3Q9Zw\/weSp5PJkXv3Ox3evmx\/giphy.gif","datePublished":"2025-02-06T11:12:47+00:00","dateModified":"2025-03-09T17:53:51+00:00","description":"Mudan\u00e7as comportamentais podem ser guiadas com ajuda do aplicativo EducaDOR, desenvolvido em projeto de extens\u00e3o em odontologia da UFPR.","breadcrumb":{"@id":"https:\/\/ciencia.ufpr.br\/portal\/app-gratuito-usa-informacao-no-tratamento-da-disfuncao-temporomandibular\/#breadcrumb"},"inLanguage":"pt-BR","potentialAction":[{"@type":"ReadAction","target":["https:\/\/ciencia.ufpr.br\/portal\/app-gratuito-usa-informacao-no-tratamento-da-disfuncao-temporomandibular\/"]}]},{"@type":"ImageObject","inLanguage":"pt-BR","@id":"https:\/\/ciencia.ufpr.br\/portal\/app-gratuito-usa-informacao-no-tratamento-da-disfuncao-temporomandibular\/#primaryimage","url":"https:\/\/media1.giphy.com\/media\/v1.Y2lkPTc5MGI3NjExbmhwdWVxMnNha2tvbWRld2czNmhsZXBva201cmowZzhhdWlqdHlqdyZlcD12MV9pbnRlcm5hbF9naWZfYnlfaWQmY3Q9Zw\/weSp5PJkXv3Ox3evmx\/giphy.gif","contentUrl":"https:\/\/media1.giphy.com\/media\/v1.Y2lkPTc5MGI3NjExbmhwdWVxMnNha2tvbWRld2czNmhsZXBva201cmowZzhhdWlqdHlqdyZlcD12MV9pbnRlcm5hbF9naWZfYnlfaWQmY3Q9Zw\/weSp5PJkXv3Ox3evmx\/giphy.gif","width":"480","height":"270","caption":"\ud83d\udcf7 Dor orofacial (na face e na boca) \u00e9 o principal sintoma da DTM. V\u00eddeo: Freepik"},{"@type":"BreadcrumbList","@id":"https:\/\/ciencia.ufpr.br\/portal\/app-gratuito-usa-informacao-no-tratamento-da-disfuncao-temporomandibular\/#breadcrumb","itemListElement":[{"@type":"ListItem","position":1,"name":"Home","item":"https:\/\/ciencia.ufpr.br\/portal\/"},{"@type":"ListItem","position":2,"name":"App gratuito usa informa\u00e7\u00e3o como ferramenta no tratamento da DTM"}]},{"@type":"WebSite","@id":"https:\/\/ciencia.ufpr.br\/portal\/#website","url":"https:\/\/ciencia.ufpr.br\/portal\/","name":"Ci\u00eancia UFPR","description":"Site de temas cient\u00edficos com foco no conhecimento produzido na Universidade Federal do Paran\u00e1 (UFPR). Baseado na Revista Ci\u00eancia UFPR.","publisher":{"@id":"https:\/\/ciencia.ufpr.br\/portal\/#organization"},"potentialAction":[{"@type":"SearchAction","target":{"@type":"EntryPoint","urlTemplate":"https:\/\/ciencia.ufpr.br\/portal\/?s={search_term_string}"},"query-input":{"@type":"PropertyValueSpecification","valueRequired":true,"valueName":"search_term_string"}}],"inLanguage":"pt-BR"},{"@type":"Organization","@id":"https:\/\/ciencia.ufpr.br\/portal\/#organization","name":"Revista Ci\u00eancia UFPR","url":"https:\/\/ciencia.ufpr.br\/portal\/","logo":{"@type":"ImageObject","inLanguage":"pt-BR","@id":"https:\/\/ciencia.ufpr.br\/portal\/#\/schema\/logo\/image\/","url":"https:\/\/ciencia.ufpr.br\/portal\/wp-content\/uploads\/2020\/12\/Revista-Ciencia-UFPR-vermelho.jpeg","contentUrl":"https:\/\/ciencia.ufpr.br\/portal\/wp-content\/uploads\/2020\/12\/Revista-Ciencia-UFPR-vermelho.jpeg","width":992,"height":714,"caption":"Revista Ci\u00eancia UFPR"},"image":{"@id":"https:\/\/ciencia.ufpr.br\/portal\/#\/schema\/logo\/image\/"},"sameAs":["https:\/\/www.facebook.com\/cienciaufproficial","https:\/\/x.com\/cienciaufpr","https:\/\/www.instagram.com\/revistacienciaufpr\/","https:\/\/www.linkedin.com\/company\/cienciaufproficial","https:\/\/br.pinterest.com\/cienciaufpr\/"]},{"@type":"Person","@id":"https:\/\/ciencia.ufpr.br\/portal\/#\/schema\/person\/6ad1bd43be8e06328f01e945a560bba3","name":"Aline Fernandes Fran\u00e7a","description":"Formada em jornalismo (UEPG), com especializa\u00e7\u00e3o em m\u00eddia, pol\u00edtica e atores sociais (UEPG). Jornalista na UFPR.","url":"https:\/\/ciencia.ufpr.br\/portal\/author\/alinefernandes\/"}]}},"views":2875,"jetpack_sharing_enabled":true,"jetpack_featured_media_url":"https:\/\/media1.giphy.com\/media\/v1.Y2lkPTc5MGI3NjExbmhwdWVxMnNha2tvbWRld2czNmhsZXBva201cmowZzhhdWlqdHlqdyZlcD12MV9pbnRlcm5hbF9naWZfYnlfaWQmY3Q9Zw\/weSp5PJkXv3Ox3evmx\/giphy.gif","_links":{"self":[{"href":"https:\/\/ciencia.ufpr.br\/portal\/wp-json\/wp\/v2\/posts\/26235"}],"collection":[{"href":"https:\/\/ciencia.ufpr.br\/portal\/wp-json\/wp\/v2\/posts"}],"about":[{"href":"https:\/\/ciencia.ufpr.br\/portal\/wp-json\/wp\/v2\/types\/post"}],"author":[{"embeddable":true,"href":"https:\/\/ciencia.ufpr.br\/portal\/wp-json\/wp\/v2\/users\/2810"}],"replies":[{"embeddable":true,"href":"https:\/\/ciencia.ufpr.br\/portal\/wp-json\/wp\/v2\/comments?post=26235"}],"version-history":[{"count":21,"href":"https:\/\/ciencia.ufpr.br\/portal\/wp-json\/wp\/v2\/posts\/26235\/revisions"}],"predecessor-version":[{"id":26269,"href":"https:\/\/ciencia.ufpr.br\/portal\/wp-json\/wp\/v2\/posts\/26235\/revisions\/26269"}],"wp:featuredmedia":[{"embeddable":true,"href":"https:\/\/ciencia.ufpr.br\/portal\/wp-json\/wp\/v2\/media\/26257"}],"wp:attachment":[{"href":"https:\/\/ciencia.ufpr.br\/portal\/wp-json\/wp\/v2\/media?parent=26235"}],"wp:term":[{"taxonomy":"category","embeddable":true,"href":"https:\/\/ciencia.ufpr.br\/portal\/wp-json\/wp\/v2\/categories?post=26235"},{"taxonomy":"post_tag","embeddable":true,"href":"https:\/\/ciencia.ufpr.br\/portal\/wp-json\/wp\/v2\/tags?post=26235"}],"curies":[{"name":"wp","href":"https:\/\/api.w.org\/{rel}","templated":true}]}}