{"id":25823,"date":"2024-11-05T17:23:09","date_gmt":"2024-11-05T20:23:09","guid":{"rendered":"https:\/\/ciencia.ufpr.br\/portal\/?p=25823"},"modified":"2025-06-11T19:16:55","modified_gmt":"2025-06-11T22:16:55","slug":"a-pressa-para-catalogar-especies-de-insetos-antes-de-que-sejam-extintas","status":"publish","type":"post","link":"https:\/\/ciencia.ufpr.br\/portal\/a-pressa-para-catalogar-especies-de-insetos-antes-de-que-sejam-extintas\/","title":{"rendered":"A pressa para catalogar esp\u00e9cies de insetos antes que sejam extintas"},"content":{"rendered":"<p>Classificar a imensa gama de insetos do Brasil \u00e9 um verdadeiro trabalho de formiguinha. O desafio come\u00e7a com a diversidade dessa classe, que abra\u00e7a 73% das 125 mil esp\u00e9cies de animais registradas no pa\u00eds. O n\u00famero impressiona, mas n\u00e3o para por a\u00ed: se todas as esp\u00e9cies de insetos brasileiros fossem identificadas, sua quantidade saltaria quase cinco vezes, resultando em algo pr\u00f3ximo de 500 mil. Em outras palavras: h\u00e1 muito a ser descoberto nesse campo.<\/p>\n<p>Isso \u00e9 o que mostra a segunda edi\u00e7\u00e3o do livro <a href=\"https:\/\/repositorio.inpa.gov.br\/handle\/1\/40223\" target=\"_blank\" rel=\"noopener\"><em>Insetos do Brasil \u2014 Diversidade e Taxonomia<\/em><\/a>, publicado este ano pela Editora Inpa, do Instituto Nacional de Pesquisas da Amaz\u00f4nia. A obra de 880 p\u00e1ginas, com artigos de 97 entomologistas (pesquisadores de insetos), teve a coordena\u00e7\u00e3o de dois professores da Universidade Federal do Paran\u00e1 (UFPR): Gabriel Augusto Rodrigues de Melo e Claudio Jos\u00e9 Barros de Carvalho, ambos do Departamento de Zoologia.<\/p>\n<h5><strong>GALERIA <span style=\"color: #cf6777;\">|<\/span><\/strong> Cenas de dois laborat\u00f3rios de insetos da UFPR<br \/>\n<\/h5>\n<p>Ao lado dos pesquisadores Jos\u00e9 Albertino Rafael, do Inpa; S\u00f4nia Casari, da Universidade de S\u00e3o Paulo (USP); e Reginaldo Constantino, da Universidade de Bras\u00edlia (UnB), os entom\u00f3logos do Setor de Ci\u00eancias Biol\u00f3gicas se dedicaram \u00e0 atualiza\u00e7\u00e3o do livro publicado em 2012, que levou dez anos para ser elaborado e descreveu todos os insetos brasileiros descobertos at\u00e9 ent\u00e3o.<\/p>\n<p>A primeira grande sistematiza\u00e7\u00e3o dos insetos do Brasil foi feita pelo m\u00e9dico e entomologista \u00c2ngelo Moreira da Costa Lima, entre os anos 1950 e 1960. Considerado o pai da entomologia brasileira, o pesquisador fluminense morreu sem conseguir mapear todas as ordens de insetos, deixando um legado, mas tamb\u00e9m uma miss\u00e3o \u00e0s pr\u00f3ximas gera\u00e7\u00f5es de pesquisadores.<\/p>\n<p>Ao assumir essa empreitada, h\u00e1 mais de duas d\u00e9cadas, os pesquisadores da UFPR e seus colegas se propuseram a criar um mapa taxon\u00f4mico parecido com o livro <em>The Insects of Australia<\/em>, obra minuciosa e did\u00e1tica publicada pela primeira vez nos anos 1970 e atualizada em 1991.<\/p>\n<figure id=\"attachment_25955\" aria-describedby=\"caption-attachment-25955\" style=\"width: 400px\" class=\"wp-caption alignleft\"><a href=\"https:\/\/ciencia.ufpr.br\/portal\/wp-content\/uploads\/2024\/11\/info_insetosdobrasil_cienciaufpr.jpg\"><img loading=\"lazy\" decoding=\"async\" class=\"wp-image-25955\" src=\"https:\/\/ciencia.ufpr.br\/portal\/wp-content\/uploads\/2024\/11\/info_insetosdobrasil_cienciaufpr.jpg\" alt=\"\" width=\"400\" height=\"2381\" srcset=\"https:\/\/ciencia.ufpr.br\/portal\/wp-content\/uploads\/2024\/11\/info_insetosdobrasil_cienciaufpr.jpg 420w, https:\/\/ciencia.ufpr.br\/portal\/wp-content\/uploads\/2024\/11\/info_insetosdobrasil_cienciaufpr-172x1024.jpg 172w, https:\/\/ciencia.ufpr.br\/portal\/wp-content\/uploads\/2024\/11\/info_insetosdobrasil_cienciaufpr-258x1536.jpg 258w, https:\/\/ciencia.ufpr.br\/portal\/wp-content\/uploads\/2024\/11\/info_insetosdobrasil_cienciaufpr-344x2048.jpg 344w, https:\/\/ciencia.ufpr.br\/portal\/wp-content\/uploads\/2024\/11\/info_insetosdobrasil_cienciaufpr-150x893.jpg 150w\" sizes=\"(max-width: 400px) 100vw, 400px\" \/><\/a><figcaption id=\"caption-attachment-25955\" class=\"wp-caption-text\">(Clique para ampliar | <a href=\"https:\/\/ciencia.ufpr.br\/portal\/wp-content\/uploads\/2024\/11\/info_insetosdobrasil_cienciaufpr_compressed.pdf\" target=\"_blank\" rel=\"noopener\">Baixe em pdf<\/a>)<\/figcaption><\/figure>\n<p>Tendo a segunda maior cole\u00e7\u00e3o entomol\u00f3gica do Brasil, fundada por Padre Jesus Santiago Moure, e uma expertise de d\u00e9cadas no assunto, a UFPR foi pe\u00e7a-chave nesse mapeamento, realizado em duas edi\u00e7\u00f5es, uma em 2012 e outra em 2024.<\/p>\n<p>\u201cProvavelmente, um pr\u00f3ximo livro que saia daqui a dez anos tenha ainda mais esp\u00e9cies. Acabamos de encontrar uma nova na casa onde viveu Padre Moure. Olha s\u00f3 que ironia!\u201d, diz Melo. \u201cMas a terceira edi\u00e7\u00e3o com certeza ser\u00e1 mais f\u00e1cil para todos n\u00f3s, devido ao ac\u00famulo de conhecimento que temos sedimentado\u201d, acrescenta.<\/p>\n<h2>Cataloga\u00e7\u00e3o \u00e9 uma corrida contra o tempo<\/h2>\n<p>Conhecidos na literatura cient\u00edfica como hex\u00e1podes, por terem seis patas, os insetos s\u00e3o fundamentais para o equil\u00edbrio ecol\u00f3gico, mas muitos podem desaparecer sem sequer terem sido identificados, diz Melo.<\/p>\n<p>Segundo o professor, a velocidade com que os ecossistemas est\u00e3o sendo destru\u00eddos vem se acelerando nos \u00faltimos anos em todos os biomas, comprometendo a diversidade das esp\u00e9cies nativas.<\/p>\n<p>O entom\u00f3logo cita o exemplo do Cerrado, cujo grau de devasta\u00e7\u00e3o \u00e9 maior que o da Amaz\u00f4nia, devido \u00e0 expans\u00e3o agr\u00edcola. Dados do Instituto Nacional de Pesquisas Espaciais (Inpe) apontam que, s\u00f3 entre 2022 e 2023, o desmatamento no Cerrado cresceu 16,5%.<\/p>\n<p>Al\u00e9m dos problemas ambientais, essa dificuldade tamb\u00e9m \u00e9 perpassada pela escassez de taxonomistas especializados em entomologia e de recursos financeiros destinados \u00e0 forma\u00e7\u00e3o desses profissionais. Nessa corrida contra o tempo, Melo espera que cada vez mais gente comece a valorizar a natureza ultrapassando qualquer vi\u00e9s utilit\u00e1rio.<\/p>\n<p>\u201cPrecisamos recuar da vis\u00e3o imediatista que enxerga os recursos naturais com base no que eles podem nos oferecer. O certo \u00e9 a gente criar uma vis\u00e3o mais contemplativa, de aprecia\u00e7\u00e3o da natureza pela natureza. Porque se isso acaba, vai ser caro ou imposs\u00edvel restaurar\u201d.<\/p>\n<h5 style=\"text-align: right;\"><span class=\"TextRun SCXW158794147 BCX0\" lang=\"PT-BR\" xml:lang=\"PT-BR\" data-contrast=\"auto\"><span class=\"NormalTextRun SCXW158794147 BCX0\">\u2795\u00a0<\/span><span class=\"NormalTextRun SCXW158794147 BCX0\">Baixe o livro <a href=\"https:\/\/repositorio.inpa.gov.br\/handle\/1\/40223\" target=\"_blank\" rel=\"noopener\">\u201cInsetos do Brasil\u201d<\/a>, editado por <\/span><span class=\"NormalTextRun SCXW158794147 BCX0\">Jos\u00e9 Albertino Rafael, Gabriel Augusto Rodrigues de Melo, Claudio Jos\u00e9 Barros de Carvalho, S\u00f4nia Aparecida <\/span><span class=\"NormalTextRun SpellingErrorV2Themed SCXW158794147 BCX0\">Casari<\/span><span class=\"NormalTextRun SCXW158794147 BCX0\"> e Reginaldo Constantino <\/span><span class=\"NormalTextRun SCXW158794147 BCX0\">(Inpa, 2024)<\/span><\/span><span class=\"EOP SCXW158794147 BCX0\" data-ccp-props=\"{}\">\u00a0<\/span><\/h5>\n","protected":false},"excerpt":{"rendered":"<p>Classificar a imensa gama de insetos do Brasil \u00e9 um verdadeiro trabalho de formiguinha. O desafio come\u00e7a com a diversidade&#8230;<\/p>\n","protected":false},"author":2822,"featured_media":25826,"comment_status":"open","ping_status":"closed","sticky":false,"template":"","format":"standard","meta":{"_acf_changed":false,"footnotes":"","fifu_image_url":"","fifu_image_alt":"","_jetpack_memberships_contains_paid_content":false},"categories":[1608,1622,2186,1612,2202],"tags":[2420,1909,2031,2603,1669,1670,2595,2606,1665],"acf":[],"yoast_head":"<!-- This site is optimized with the Yoast SEO plugin v23.5 - https:\/\/yoast.com\/wordpress\/plugins\/seo\/ -->\n<title>A pressa para catalogar esp\u00e9cies de insetos antes que sejam extintas - Ci\u00eancia UFPR<\/title>\n<meta name=\"description\" content=\"Editores de \ud835\ude10\ud835\ude2f\ud835\ude34\ud835\ude26\ud835\ude35\ud835\ude30\ud835\ude34 \ud835\ude25\ud835\ude30 \ud835\ude09\ud835\ude33\ud835\ude22\ud835\ude34\ud835\ude2a\ud835\ude2d, professores pesquisadores da UFPR estimam que h\u00e1 mais esp\u00e9cies para serem descobertas do que as mapeadas at\u00e9 agora.\" \/>\n<meta name=\"robots\" content=\"index, follow, max-snippet:-1, max-image-preview:large, max-video-preview:-1\" \/>\n<link rel=\"canonical\" href=\"https:\/\/ciencia.ufpr.br\/portal\/a-pressa-para-catalogar-especies-de-insetos-antes-de-que-sejam-extintas\/\" \/>\n<meta property=\"og:locale\" content=\"pt_BR\" \/>\n<meta property=\"og:type\" content=\"article\" \/>\n<meta property=\"og:title\" content=\"A pressa para catalogar esp\u00e9cies de insetos antes que sejam extintas - Ci\u00eancia UFPR\" \/>\n<meta property=\"og:description\" content=\"Editores de \ud835\ude10\ud835\ude2f\ud835\ude34\ud835\ude26\ud835\ude35\ud835\ude30\ud835\ude34 \ud835\ude25\ud835\ude30 \ud835\ude09\ud835\ude33\ud835\ude22\ud835\ude34\ud835\ude2a\ud835\ude2d, professores pesquisadores da UFPR estimam que h\u00e1 mais esp\u00e9cies para serem descobertas do que as mapeadas at\u00e9 agora.\" \/>\n<meta property=\"og:url\" content=\"https:\/\/ciencia.ufpr.br\/portal\/a-pressa-para-catalogar-especies-de-insetos-antes-de-que-sejam-extintas\/\" \/>\n<meta property=\"og:site_name\" content=\"Ci\u00eancia UFPR\" \/>\n<meta property=\"article:publisher\" content=\"https:\/\/www.facebook.com\/cienciaufproficial\" \/>\n<meta property=\"article:published_time\" content=\"2024-11-05T20:23:09+00:00\" \/>\n<meta property=\"article:modified_time\" content=\"2025-06-11T22:16:55+00:00\" \/>\n<meta property=\"og:image\" content=\"https:\/\/ciencia.ufpr.br\/portal\/wp-content\/uploads\/2024\/10\/Claudio_Samira_Sucom.jpg\" \/>\n\t<meta property=\"og:image:width\" content=\"1920\" \/>\n\t<meta property=\"og:image:height\" content=\"1080\" \/>\n\t<meta property=\"og:image:type\" content=\"image\/jpeg\" \/>\n<meta name=\"author\" content=\"Livia Inacio\" \/>\n<meta name=\"twitter:card\" content=\"summary_large_image\" \/>\n<meta name=\"twitter:creator\" content=\"@cienciaufpr\" \/>\n<meta name=\"twitter:site\" content=\"@cienciaufpr\" \/>\n<meta name=\"twitter:label1\" content=\"Escrito por\" \/>\n\t<meta name=\"twitter:data1\" content=\"Livia Inacio\" \/>\n\t<meta name=\"twitter:label2\" content=\"Est. tempo de leitura\" \/>\n\t<meta name=\"twitter:data2\" content=\"3 minutos\" \/>\n<script type=\"application\/ld+json\" class=\"yoast-schema-graph\">{\"@context\":\"https:\/\/schema.org\",\"@graph\":[{\"@type\":\"Article\",\"@id\":\"https:\/\/ciencia.ufpr.br\/portal\/a-pressa-para-catalogar-especies-de-insetos-antes-de-que-sejam-extintas\/#article\",\"isPartOf\":{\"@id\":\"https:\/\/ciencia.ufpr.br\/portal\/a-pressa-para-catalogar-especies-de-insetos-antes-de-que-sejam-extintas\/\"},\"author\":{\"name\":\"Livia Inacio\",\"@id\":\"https:\/\/ciencia.ufpr.br\/portal\/#\/schema\/person\/350891bfb68c2eff623c71cdf0d4b48d\"},\"headline\":\"A pressa para catalogar esp\u00e9cies de insetos antes que sejam extintas\",\"datePublished\":\"2024-11-05T20:23:09+00:00\",\"dateModified\":\"2025-06-11T22:16:55+00:00\",\"mainEntityOfPage\":{\"@id\":\"https:\/\/ciencia.ufpr.br\/portal\/a-pressa-para-catalogar-especies-de-insetos-antes-de-que-sejam-extintas\/\"},\"wordCount\":693,\"commentCount\":1,\"publisher\":{\"@id\":\"https:\/\/ciencia.ufpr.br\/portal\/#organization\"},\"image\":{\"@id\":\"https:\/\/ciencia.ufpr.br\/portal\/a-pressa-para-catalogar-especies-de-insetos-antes-de-que-sejam-extintas\/#primaryimage\"},\"thumbnailUrl\":\"https:\/\/ciencia.ufpr.br\/portal\/wp-content\/uploads\/2024\/10\/Claudio_Samira_Sucom.jpg\",\"keywords\":[\"2024\",\"biodiversidade\",\"cerrado\",\"Diptera Lab\",\"entomologia\",\"insetos\",\"Insetos do Brasil\",\"livro\",\"zoologia\"],\"articleSection\":[\"Biol\u00f3gicas\",\"Galeria\",\"Infogr\u00e1fico\",\"Meio ambiente\",\"Not\u00edcia\"],\"inLanguage\":\"pt-BR\",\"potentialAction\":[{\"@type\":\"CommentAction\",\"name\":\"Comment\",\"target\":[\"https:\/\/ciencia.ufpr.br\/portal\/a-pressa-para-catalogar-especies-de-insetos-antes-de-que-sejam-extintas\/#respond\"]}]},{\"@type\":\"WebPage\",\"@id\":\"https:\/\/ciencia.ufpr.br\/portal\/a-pressa-para-catalogar-especies-de-insetos-antes-de-que-sejam-extintas\/\",\"url\":\"https:\/\/ciencia.ufpr.br\/portal\/a-pressa-para-catalogar-especies-de-insetos-antes-de-que-sejam-extintas\/\",\"name\":\"A pressa para catalogar esp\u00e9cies de insetos antes que sejam extintas - Ci\u00eancia UFPR\",\"isPartOf\":{\"@id\":\"https:\/\/ciencia.ufpr.br\/portal\/#website\"},\"primaryImageOfPage\":{\"@id\":\"https:\/\/ciencia.ufpr.br\/portal\/a-pressa-para-catalogar-especies-de-insetos-antes-de-que-sejam-extintas\/#primaryimage\"},\"image\":{\"@id\":\"https:\/\/ciencia.ufpr.br\/portal\/a-pressa-para-catalogar-especies-de-insetos-antes-de-que-sejam-extintas\/#primaryimage\"},\"thumbnailUrl\":\"https:\/\/ciencia.ufpr.br\/portal\/wp-content\/uploads\/2024\/10\/Claudio_Samira_Sucom.jpg\",\"datePublished\":\"2024-11-05T20:23:09+00:00\",\"dateModified\":\"2025-06-11T22:16:55+00:00\",\"description\":\"Editores de \ud835\ude10\ud835\ude2f\ud835\ude34\ud835\ude26\ud835\ude35\ud835\ude30\ud835\ude34 \ud835\ude25\ud835\ude30 \ud835\ude09\ud835\ude33\ud835\ude22\ud835\ude34\ud835\ude2a\ud835\ude2d, professores pesquisadores da UFPR estimam que h\u00e1 mais esp\u00e9cies para serem descobertas do que as mapeadas at\u00e9 agora.\",\"breadcrumb\":{\"@id\":\"https:\/\/ciencia.ufpr.br\/portal\/a-pressa-para-catalogar-especies-de-insetos-antes-de-que-sejam-extintas\/#breadcrumb\"},\"inLanguage\":\"pt-BR\",\"potentialAction\":[{\"@type\":\"ReadAction\",\"target\":[\"https:\/\/ciencia.ufpr.br\/portal\/a-pressa-para-catalogar-especies-de-insetos-antes-de-que-sejam-extintas\/\"]}]},{\"@type\":\"ImageObject\",\"inLanguage\":\"pt-BR\",\"@id\":\"https:\/\/ciencia.ufpr.br\/portal\/a-pressa-para-catalogar-especies-de-insetos-antes-de-que-sejam-extintas\/#primaryimage\",\"url\":\"https:\/\/ciencia.ufpr.br\/portal\/wp-content\/uploads\/2024\/10\/Claudio_Samira_Sucom.jpg\",\"contentUrl\":\"https:\/\/ciencia.ufpr.br\/portal\/wp-content\/uploads\/2024\/10\/Claudio_Samira_Sucom.jpg\",\"width\":1920,\"height\":1080,\"caption\":\"UFPR tem sido pe\u00e7a-chave no mapeamento de insetos brasileiros. Na foto, cole\u00e7\u00e3o de moscas no Diptera Lab, em Curitiba. Fotos: Samira Neves\/Sucom UFPR\"},{\"@type\":\"BreadcrumbList\",\"@id\":\"https:\/\/ciencia.ufpr.br\/portal\/a-pressa-para-catalogar-especies-de-insetos-antes-de-que-sejam-extintas\/#breadcrumb\",\"itemListElement\":[{\"@type\":\"ListItem\",\"position\":1,\"name\":\"Home\",\"item\":\"https:\/\/ciencia.ufpr.br\/portal\/\"},{\"@type\":\"ListItem\",\"position\":2,\"name\":\"A pressa para catalogar esp\u00e9cies de insetos antes que sejam extintas\"}]},{\"@type\":\"WebSite\",\"@id\":\"https:\/\/ciencia.ufpr.br\/portal\/#website\",\"url\":\"https:\/\/ciencia.ufpr.br\/portal\/\",\"name\":\"Ci\u00eancia UFPR\",\"description\":\"Site de temas cient\u00edficos com foco no conhecimento produzido na Universidade Federal do Paran\u00e1 (UFPR). Baseado na Revista Ci\u00eancia UFPR.\",\"publisher\":{\"@id\":\"https:\/\/ciencia.ufpr.br\/portal\/#organization\"},\"potentialAction\":[{\"@type\":\"SearchAction\",\"target\":{\"@type\":\"EntryPoint\",\"urlTemplate\":\"https:\/\/ciencia.ufpr.br\/portal\/?s={search_term_string}\"},\"query-input\":{\"@type\":\"PropertyValueSpecification\",\"valueRequired\":true,\"valueName\":\"search_term_string\"}}],\"inLanguage\":\"pt-BR\"},{\"@type\":\"Organization\",\"@id\":\"https:\/\/ciencia.ufpr.br\/portal\/#organization\",\"name\":\"Revista Ci\u00eancia UFPR\",\"url\":\"https:\/\/ciencia.ufpr.br\/portal\/\",\"logo\":{\"@type\":\"ImageObject\",\"inLanguage\":\"pt-BR\",\"@id\":\"https:\/\/ciencia.ufpr.br\/portal\/#\/schema\/logo\/image\/\",\"url\":\"https:\/\/ciencia.ufpr.br\/portal\/wp-content\/uploads\/2020\/12\/Revista-Ciencia-UFPR-vermelho.jpeg\",\"contentUrl\":\"https:\/\/ciencia.ufpr.br\/portal\/wp-content\/uploads\/2020\/12\/Revista-Ciencia-UFPR-vermelho.jpeg\",\"width\":992,\"height\":714,\"caption\":\"Revista Ci\u00eancia UFPR\"},\"image\":{\"@id\":\"https:\/\/ciencia.ufpr.br\/portal\/#\/schema\/logo\/image\/\"},\"sameAs\":[\"https:\/\/www.facebook.com\/cienciaufproficial\",\"https:\/\/x.com\/cienciaufpr\",\"https:\/\/www.instagram.com\/revistacienciaufpr\/\",\"https:\/\/www.linkedin.com\/company\/cienciaufproficial\",\"https:\/\/br.pinterest.com\/cienciaufpr\/\"]},{\"@type\":\"Person\",\"@id\":\"https:\/\/ciencia.ufpr.br\/portal\/#\/schema\/person\/350891bfb68c2eff623c71cdf0d4b48d\",\"name\":\"Livia Inacio\",\"description\":\"Jornalista na Se\u00e7\u00e3o de Divulga\u00e7\u00e3o Cient\u00edfica da UFPR. Foi trainee de Ci\u00eancia e Sa\u00fade da Folha e j\u00e1 colaborou com UOL, Mina Bem-Estar, BBC e o podcast Ci\u00eancia Suja, que investiga crimes contra a ci\u00eancia.\",\"url\":\"https:\/\/ciencia.ufpr.br\/portal\/author\/livia-inacio\/\"}]}<\/script>\n<!-- \/ Yoast SEO plugin. -->","yoast_head_json":{"title":"A pressa para catalogar esp\u00e9cies de insetos antes que sejam extintas - Ci\u00eancia UFPR","description":"Editores de \ud835\ude10\ud835\ude2f\ud835\ude34\ud835\ude26\ud835\ude35\ud835\ude30\ud835\ude34 \ud835\ude25\ud835\ude30 \ud835\ude09\ud835\ude33\ud835\ude22\ud835\ude34\ud835\ude2a\ud835\ude2d, professores pesquisadores da UFPR estimam que h\u00e1 mais esp\u00e9cies para serem descobertas do que as mapeadas at\u00e9 agora.","robots":{"index":"index","follow":"follow","max-snippet":"max-snippet:-1","max-image-preview":"max-image-preview:large","max-video-preview":"max-video-preview:-1"},"canonical":"https:\/\/ciencia.ufpr.br\/portal\/a-pressa-para-catalogar-especies-de-insetos-antes-de-que-sejam-extintas\/","og_locale":"pt_BR","og_type":"article","og_title":"A pressa para catalogar esp\u00e9cies de insetos antes que sejam extintas - Ci\u00eancia UFPR","og_description":"Editores de \ud835\ude10\ud835\ude2f\ud835\ude34\ud835\ude26\ud835\ude35\ud835\ude30\ud835\ude34 \ud835\ude25\ud835\ude30 \ud835\ude09\ud835\ude33\ud835\ude22\ud835\ude34\ud835\ude2a\ud835\ude2d, professores pesquisadores da UFPR estimam que h\u00e1 mais esp\u00e9cies para serem descobertas do que as mapeadas at\u00e9 agora.","og_url":"https:\/\/ciencia.ufpr.br\/portal\/a-pressa-para-catalogar-especies-de-insetos-antes-de-que-sejam-extintas\/","og_site_name":"Ci\u00eancia UFPR","article_publisher":"https:\/\/www.facebook.com\/cienciaufproficial","article_published_time":"2024-11-05T20:23:09+00:00","article_modified_time":"2025-06-11T22:16:55+00:00","og_image":[{"width":1920,"height":1080,"url":"https:\/\/ciencia.ufpr.br\/portal\/wp-content\/uploads\/2024\/10\/Claudio_Samira_Sucom.jpg","type":"image\/jpeg"}],"author":"Livia Inacio","twitter_card":"summary_large_image","twitter_creator":"@cienciaufpr","twitter_site":"@cienciaufpr","twitter_misc":{"Escrito por":"Livia Inacio","Est. tempo de leitura":"3 minutos"},"schema":{"@context":"https:\/\/schema.org","@graph":[{"@type":"Article","@id":"https:\/\/ciencia.ufpr.br\/portal\/a-pressa-para-catalogar-especies-de-insetos-antes-de-que-sejam-extintas\/#article","isPartOf":{"@id":"https:\/\/ciencia.ufpr.br\/portal\/a-pressa-para-catalogar-especies-de-insetos-antes-de-que-sejam-extintas\/"},"author":{"name":"Livia Inacio","@id":"https:\/\/ciencia.ufpr.br\/portal\/#\/schema\/person\/350891bfb68c2eff623c71cdf0d4b48d"},"headline":"A pressa para catalogar esp\u00e9cies de insetos antes que sejam extintas","datePublished":"2024-11-05T20:23:09+00:00","dateModified":"2025-06-11T22:16:55+00:00","mainEntityOfPage":{"@id":"https:\/\/ciencia.ufpr.br\/portal\/a-pressa-para-catalogar-especies-de-insetos-antes-de-que-sejam-extintas\/"},"wordCount":693,"commentCount":1,"publisher":{"@id":"https:\/\/ciencia.ufpr.br\/portal\/#organization"},"image":{"@id":"https:\/\/ciencia.ufpr.br\/portal\/a-pressa-para-catalogar-especies-de-insetos-antes-de-que-sejam-extintas\/#primaryimage"},"thumbnailUrl":"https:\/\/ciencia.ufpr.br\/portal\/wp-content\/uploads\/2024\/10\/Claudio_Samira_Sucom.jpg","keywords":["2024","biodiversidade","cerrado","Diptera Lab","entomologia","insetos","Insetos do Brasil","livro","zoologia"],"articleSection":["Biol\u00f3gicas","Galeria","Infogr\u00e1fico","Meio ambiente","Not\u00edcia"],"inLanguage":"pt-BR","potentialAction":[{"@type":"CommentAction","name":"Comment","target":["https:\/\/ciencia.ufpr.br\/portal\/a-pressa-para-catalogar-especies-de-insetos-antes-de-que-sejam-extintas\/#respond"]}]},{"@type":"WebPage","@id":"https:\/\/ciencia.ufpr.br\/portal\/a-pressa-para-catalogar-especies-de-insetos-antes-de-que-sejam-extintas\/","url":"https:\/\/ciencia.ufpr.br\/portal\/a-pressa-para-catalogar-especies-de-insetos-antes-de-que-sejam-extintas\/","name":"A pressa para catalogar esp\u00e9cies de insetos antes que sejam extintas - Ci\u00eancia UFPR","isPartOf":{"@id":"https:\/\/ciencia.ufpr.br\/portal\/#website"},"primaryImageOfPage":{"@id":"https:\/\/ciencia.ufpr.br\/portal\/a-pressa-para-catalogar-especies-de-insetos-antes-de-que-sejam-extintas\/#primaryimage"},"image":{"@id":"https:\/\/ciencia.ufpr.br\/portal\/a-pressa-para-catalogar-especies-de-insetos-antes-de-que-sejam-extintas\/#primaryimage"},"thumbnailUrl":"https:\/\/ciencia.ufpr.br\/portal\/wp-content\/uploads\/2024\/10\/Claudio_Samira_Sucom.jpg","datePublished":"2024-11-05T20:23:09+00:00","dateModified":"2025-06-11T22:16:55+00:00","description":"Editores de \ud835\ude10\ud835\ude2f\ud835\ude34\ud835\ude26\ud835\ude35\ud835\ude30\ud835\ude34 \ud835\ude25\ud835\ude30 \ud835\ude09\ud835\ude33\ud835\ude22\ud835\ude34\ud835\ude2a\ud835\ude2d, professores pesquisadores da UFPR estimam que h\u00e1 mais esp\u00e9cies para serem descobertas do que as mapeadas at\u00e9 agora.","breadcrumb":{"@id":"https:\/\/ciencia.ufpr.br\/portal\/a-pressa-para-catalogar-especies-de-insetos-antes-de-que-sejam-extintas\/#breadcrumb"},"inLanguage":"pt-BR","potentialAction":[{"@type":"ReadAction","target":["https:\/\/ciencia.ufpr.br\/portal\/a-pressa-para-catalogar-especies-de-insetos-antes-de-que-sejam-extintas\/"]}]},{"@type":"ImageObject","inLanguage":"pt-BR","@id":"https:\/\/ciencia.ufpr.br\/portal\/a-pressa-para-catalogar-especies-de-insetos-antes-de-que-sejam-extintas\/#primaryimage","url":"https:\/\/ciencia.ufpr.br\/portal\/wp-content\/uploads\/2024\/10\/Claudio_Samira_Sucom.jpg","contentUrl":"https:\/\/ciencia.ufpr.br\/portal\/wp-content\/uploads\/2024\/10\/Claudio_Samira_Sucom.jpg","width":1920,"height":1080,"caption":"UFPR tem sido pe\u00e7a-chave no mapeamento de insetos brasileiros. Na foto, cole\u00e7\u00e3o de moscas no Diptera Lab, em Curitiba. Fotos: Samira Neves\/Sucom UFPR"},{"@type":"BreadcrumbList","@id":"https:\/\/ciencia.ufpr.br\/portal\/a-pressa-para-catalogar-especies-de-insetos-antes-de-que-sejam-extintas\/#breadcrumb","itemListElement":[{"@type":"ListItem","position":1,"name":"Home","item":"https:\/\/ciencia.ufpr.br\/portal\/"},{"@type":"ListItem","position":2,"name":"A pressa para catalogar esp\u00e9cies de insetos antes que sejam extintas"}]},{"@type":"WebSite","@id":"https:\/\/ciencia.ufpr.br\/portal\/#website","url":"https:\/\/ciencia.ufpr.br\/portal\/","name":"Ci\u00eancia UFPR","description":"Site de temas cient\u00edficos com foco no conhecimento produzido na Universidade Federal do Paran\u00e1 (UFPR). Baseado na Revista Ci\u00eancia UFPR.","publisher":{"@id":"https:\/\/ciencia.ufpr.br\/portal\/#organization"},"potentialAction":[{"@type":"SearchAction","target":{"@type":"EntryPoint","urlTemplate":"https:\/\/ciencia.ufpr.br\/portal\/?s={search_term_string}"},"query-input":{"@type":"PropertyValueSpecification","valueRequired":true,"valueName":"search_term_string"}}],"inLanguage":"pt-BR"},{"@type":"Organization","@id":"https:\/\/ciencia.ufpr.br\/portal\/#organization","name":"Revista Ci\u00eancia UFPR","url":"https:\/\/ciencia.ufpr.br\/portal\/","logo":{"@type":"ImageObject","inLanguage":"pt-BR","@id":"https:\/\/ciencia.ufpr.br\/portal\/#\/schema\/logo\/image\/","url":"https:\/\/ciencia.ufpr.br\/portal\/wp-content\/uploads\/2020\/12\/Revista-Ciencia-UFPR-vermelho.jpeg","contentUrl":"https:\/\/ciencia.ufpr.br\/portal\/wp-content\/uploads\/2020\/12\/Revista-Ciencia-UFPR-vermelho.jpeg","width":992,"height":714,"caption":"Revista Ci\u00eancia UFPR"},"image":{"@id":"https:\/\/ciencia.ufpr.br\/portal\/#\/schema\/logo\/image\/"},"sameAs":["https:\/\/www.facebook.com\/cienciaufproficial","https:\/\/x.com\/cienciaufpr","https:\/\/www.instagram.com\/revistacienciaufpr\/","https:\/\/www.linkedin.com\/company\/cienciaufproficial","https:\/\/br.pinterest.com\/cienciaufpr\/"]},{"@type":"Person","@id":"https:\/\/ciencia.ufpr.br\/portal\/#\/schema\/person\/350891bfb68c2eff623c71cdf0d4b48d","name":"Livia Inacio","description":"Jornalista na Se\u00e7\u00e3o de Divulga\u00e7\u00e3o Cient\u00edfica da UFPR. Foi trainee de Ci\u00eancia e Sa\u00fade da Folha e j\u00e1 colaborou com UOL, Mina Bem-Estar, BBC e o podcast Ci\u00eancia Suja, que investiga crimes contra a ci\u00eancia.","url":"https:\/\/ciencia.ufpr.br\/portal\/author\/livia-inacio\/"}]}},"views":3081,"jetpack_sharing_enabled":true,"jetpack_featured_media_url":"https:\/\/ciencia.ufpr.br\/portal\/wp-content\/uploads\/2024\/10\/Claudio_Samira_Sucom.jpg","_links":{"self":[{"href":"https:\/\/ciencia.ufpr.br\/portal\/wp-json\/wp\/v2\/posts\/25823"}],"collection":[{"href":"https:\/\/ciencia.ufpr.br\/portal\/wp-json\/wp\/v2\/posts"}],"about":[{"href":"https:\/\/ciencia.ufpr.br\/portal\/wp-json\/wp\/v2\/types\/post"}],"author":[{"embeddable":true,"href":"https:\/\/ciencia.ufpr.br\/portal\/wp-json\/wp\/v2\/users\/2822"}],"replies":[{"embeddable":true,"href":"https:\/\/ciencia.ufpr.br\/portal\/wp-json\/wp\/v2\/comments?post=25823"}],"version-history":[{"count":16,"href":"https:\/\/ciencia.ufpr.br\/portal\/wp-json\/wp\/v2\/posts\/25823\/revisions"}],"predecessor-version":[{"id":25960,"href":"https:\/\/ciencia.ufpr.br\/portal\/wp-json\/wp\/v2\/posts\/25823\/revisions\/25960"}],"wp:featuredmedia":[{"embeddable":true,"href":"https:\/\/ciencia.ufpr.br\/portal\/wp-json\/wp\/v2\/media\/25826"}],"wp:attachment":[{"href":"https:\/\/ciencia.ufpr.br\/portal\/wp-json\/wp\/v2\/media?parent=25823"}],"wp:term":[{"taxonomy":"category","embeddable":true,"href":"https:\/\/ciencia.ufpr.br\/portal\/wp-json\/wp\/v2\/categories?post=25823"},{"taxonomy":"post_tag","embeddable":true,"href":"https:\/\/ciencia.ufpr.br\/portal\/wp-json\/wp\/v2\/tags?post=25823"}],"curies":[{"name":"wp","href":"https:\/\/api.w.org\/{rel}","templated":true}]}}