{"id":25411,"date":"2024-08-15T07:23:34","date_gmt":"2024-08-15T10:23:34","guid":{"rendered":"https:\/\/ciencia.ufpr.br\/portal\/?p=25411"},"modified":"2024-09-12T13:22:40","modified_gmt":"2024-09-12T16:22:40","slug":"a-maioria-das-abelhas-nao-e-como-pensamos-e-essas-sao-as-mais-ameacadas-rodrigo-goncalves","status":"publish","type":"post","link":"https:\/\/ciencia.ufpr.br\/portal\/a-maioria-das-abelhas-nao-e-como-pensamos-e-essas-sao-as-mais-ameacadas-rodrigo-goncalves\/","title":{"rendered":"\u201cA maioria das abelhas n\u00e3o \u00e9 como pensamos e essas s\u00e3o as mais amea\u00e7adas\u201d | Rodrigo Gon\u00e7alves"},"content":{"rendered":"<p>J\u00e1 chegou at\u00e9 n\u00f3s a mensagem de que abelhas s\u00e3o vulner\u00e1veis \u00e0s crises ambientais e isso impacta a sobreviv\u00eancia humana, pela import\u00e2ncia desses insetos na poliniza\u00e7\u00e3o de plantas \u2014 e, por consequ\u00eancia, na vida como um todo. Vimos imagens preocupantes da mortandade de abelhas pelo mundo. Lemos at\u00e9 manchetes sobre propostas tecnol\u00f3gicas para substituir esses insetos por drones polinizadores. Mas ser\u00e1 que essas informa\u00e7\u00f5es ajudam a entender as abelhas?<\/p>\n<p>Segundo o pesquisador Rodrigo Barbosa Gon\u00e7alves, professor no Departamento de Zoologia da Universidade Federal do Paran\u00e1 (UFPR) e especialista em entomologia (estudo de insetos), ainda falta certa compreens\u00e3o sobre as abelhas e sobre como podemos proteg\u00ea-las.<\/p>\n<p>Isso porque as esp\u00e9cies mais amea\u00e7adas pelo aquecimento global, pela urbaniza\u00e7\u00e3o e pelos agrot\u00f3xicos s\u00e3o tamb\u00e9m polinizadoras, mas n\u00e3o produzem mel nem vivem em colmeias.<\/p>\n<p>Confundidas com vespas (tamb\u00e9m polinizadoras!) ou outros insetos, nem sempre s\u00e3o vistas como animais que precisam de prote\u00e7\u00e3o.<\/p>\n<p>\u201cS\u00e3o milhares de esp\u00e9cies que n\u00e3o podem ser criadas <span class=\"TextRun SCXW15202459 BCX0\" lang=\"PT-BR\" xml:lang=\"PT-BR\" data-contrast=\"auto\"><span class=\"NormalTextRun SCXW15202459 BCX0\">[para a produ\u00e7\u00e3o de mel]<\/span><\/span>, mas mant\u00e9m um papel silencioso na poliniza\u00e7\u00e3o das plantas\u201d, explica \u00e0 <em>Ci\u00eancia UFPR<\/em>.<\/p>\n<p>Autor do livro <a href=\"https:\/\/www.editora.ufpr.br\/produto\/520\/desvendando-as-abelhas--o-que-sao-e-por-que-conservalas\" target=\"_blank\" rel=\"noopener\"><em>Desvendando as abelhas<\/em><\/a>, rec\u00e9m-lan\u00e7ado pela Editora da UFPR, Gon\u00e7alves ajuda nesta entrevista a vermos as abelhas como elas s\u00e3o. Tamb\u00e9m fala do trabalho do <a href=\"https:\/\/docs.ufpr.br\/~rbg\/\" target=\"_blank\" rel=\"noopener\">Laborat\u00f3rio de Abelhas (LAbe) da UFPR<\/a>, que coordena em Curitiba, na descoberta de esp\u00e9cies nativas do Paran\u00e1.<\/p>\n<p><strong>O que pode ser classificado como mito no imagin\u00e1rio popular sobre abelhas, em termos de modos de vida, subgrupos, constru\u00e7\u00e3o de ninhos, comportamento social e rela\u00e7\u00f5es com as flores?\u00a0\u00a0<\/strong><\/p>\n<hr \/>\n<p><strong>Rodrigo Barbosa Gon\u00e7alves <span style=\"color: #cf6777;\">|<\/span><\/strong> Por muito tempo as pessoas entendiam como abelha apenas a [esp\u00e9cie] <em>Apis mellifera<\/em>, o que levava a uma vis\u00e3o que se baseava em algumas de suas particularidades, como por exemplo o h\u00e1bito de uma oper\u00e1ria ferroar para se defender e morrer nesse processo.<\/p>\n<p>Recentemente os brasileiros descobriram as abelhas-sem-ferr\u00e3o. Elas na verdade j\u00e1 s\u00e3o criadas h\u00e1 muito tempo, inclusive pelos povos origin\u00e1rios, mas recentemente furaram a bolha e est\u00e3o em alta, devido especialmente ao fato de serem d\u00f3ceis para criar. \u00c9 comum vermos manchetes exaltando o fato que elas podem ser criadas at\u00e9 em apartamentos.<\/p>\n<p>Entretanto, a sua biologia se assemelha a da <em>Apis<\/em>, por serem altamente sociais e produzirem mel, o que mantem uma vis\u00e3o ainda limitada sobre o que s\u00e3o abelhas.<\/p>\n<h5><strong>GALERIA <span style=\"color: #cf6777;\">|<\/span><\/strong> As abelhas como elas s\u00e3o<br \/>\n<\/h5>\n<p>De fato, as abelhas como um todo \u00e9 muito mais diverso em termos de biologia e agrupa, em sua maioria, esp\u00e9cies com h\u00e1bito solit\u00e1rio a levemente social. Al\u00e9m disso uma propor\u00e7\u00e3o importante s\u00e3o parasitas de ninhos e provis\u00f5es de outras esp\u00e9cies de abelhas. S\u00e3o milhares de esp\u00e9cies que n\u00e3o podem ser criadas, mas mant\u00e9m um papel silencioso na poliniza\u00e7\u00e3o das plantas.<\/p>\n<p>Creio que agora \u00e9 hora de um passo importante para a sociedade reconhecer de vez as abelhas como um todo e entender essa enorme diversidade que n\u00f3s temos. Grande parte do livro se dedica a isso, oferecer uma vis\u00e3o mais ampla.<\/p>\n<p><strong>Voc\u00ea tem investigado o efeito da urbaniza\u00e7\u00e3o sobre a popula\u00e7\u00e3o de abelhas, que leva a expressiva queda. O que considera como urbaniza\u00e7\u00e3o? E quais os papeis das abelhas em ambiente urbano?\u00a0\u00a0<\/strong><\/p>\n<hr \/>\n<p><strong>RBG <span style=\"color: #cf6777;\">|<\/span><\/strong> As cidades, apesar de n\u00e3o parecer, s\u00e3o ecossistemas complexos, com uma esp\u00e9cie alterando radicalmente o meio em que vive. Em um primeiro momento a fragmenta\u00e7\u00e3o dos ambientes e a impermeabiliza\u00e7\u00e3o do solo causam uma grande redu\u00e7\u00e3o da diversidade. Em um outro momento do ciclo, o que n\u00f3s vivemos, as \u00e1reas verdes, a floresta urbana, s\u00e3o reconhecidas como importantes para nossa pr\u00f3pria qualidade de vida.<\/p>\n<p>Alguns estudos, inclusive os nossos, tem apontado que um entorno que preserve mais de 50% de solo n\u00e3o impermeabilizado, isto \u00e9, jardins, campos e matas, apresenta uma riqueza de esp\u00e9cies de abelhas semelhante a \u00e1reas conservadas. Encontramos mais de 100 esp\u00e9cies em \u00e1reas como o parque Barigui e o parque Tangu\u00e1 em Curitiba, por exemplo.<\/p>\n<p>Muitas \u00e1reas das cidades, como cintur\u00f5es verdes, t\u00eam a capacidade de preservar a biodiversidade, entretanto, em \u00e1reas centrais muito cinzas, notamos o acentuado decl\u00ednio. No Passeio P\u00fablico, o parque urbano mais antigo da cidade, essa diversidade cai pela metade.<\/p>\n<blockquote><p>Sobre a import\u00e2ncia das abelhas no meio urbano, elas atuam na manuten\u00e7\u00e3o das plantas e consequentemente da sa\u00fade das \u00e1reas verdes, garantindo o seu futuro.<\/p><\/blockquote>\n<p>Estar sediado em Curitiba \u00e9 muito estrat\u00e9gico para estudar ecologia urbana, pois o grupo de pesquisa com abelhas aqui \u00e9 muito antigo, o <a href=\"https:\/\/collectory.sibbr.gov.br\/collectory\/public\/show\/co0\" target=\"_blank\" rel=\"noopener\">Padre Jesus Moure<\/a>, que foi docente da UFPR, j\u00e1 coletava abelhas aqui desde a d\u00e9cada de 1930, e, portanto, temos um rico acervo que registra a diversidade de esp\u00e9cies da cidade ao longo do tempo. J\u00e1 contamos mais de 360 esp\u00e9cies vivendo aqui.<\/p>\n<p>Esses dados est\u00e3o no <a href=\"https:\/\/archive.org\/details\/inventario-da-fauna-de-curitiba-straube-ed-2023\" target=\"_blank\" rel=\"noopener\">Invent\u00e1rio da Fauna de Curitiba<\/a>, publicado no ano passado.<\/p>\n<p><strong>A mortandade das abelhas em n\u00edvel global tem sido assunto midi\u00e1tico j\u00e1 faz um tempo, com manchetes preocupantes e at\u00e9 an\u00fancios de substitutos tecnol\u00f3gicos para esses insetos. O que existe de verdade e de exagero e at\u00e9 desservi\u00e7o nessas informa\u00e7\u00f5es e nas abordagens?\u00a0\u00a0<\/strong><\/p>\n<hr \/>\n<p><strong>RBG <span style=\"color: #cf6777;\">|<\/span><\/strong> \u00c9 preciso separar relatos da mortandade de col\u00f4nias de <em>Apis<\/em> do decl\u00ednio das esp\u00e9cies e das popula\u00e7\u00f5es de abelhas e outros insetos. Muitas perdas de col\u00f4nias s\u00e3o dr\u00e1sticas e chamam muito a aten\u00e7\u00e3o porque um api\u00e1rio pode reunir milh\u00f5es de oper\u00e1rias. Muitas vezes a causa \u00e9 local, como uso incorreto de agrot\u00f3xicos.<\/p>\n<p>Entretanto o n\u00famero de col\u00f4nias e a produ\u00e7\u00e3o de mel aumenta a todo o ano no planeta, indicando que apesar de todos os riscos e perdas, os apicultores ainda conseguem aumentar a sua produ\u00e7\u00e3o.<\/p>\n<blockquote><p>A situa\u00e7\u00e3o \u00e9 mais preocupante para as esp\u00e9cies nativas. Elas sofrem com a fragmenta\u00e7\u00e3o, com inseticidas, com o aquecimento global. Mas como s\u00e3o menos ou n\u00e3o manej\u00e1veis, e mais sens\u00edveis, o impacto deve ser muito severo.<\/p><\/blockquote>\n<p>\u00c9 preciso entender melhor como esse decl\u00ednio est\u00e1 acontecendo: quais esp\u00e9cies j\u00e1 diminu\u00edram a sua abund\u00e2ncia ou sumiram? Essa \u00e9 uma resposta que buscamos em nossas pesquisas.<\/p>\n<p><strong>Entende que produtores de mel em geral t\u00eam vis\u00e3o sustent\u00e1vel sobre a sua produ\u00e7\u00e3o? O que fazer para melhorar?\u00a0\u00a0<\/strong><\/p>\n<hr \/>\n<p><strong>RBG <span style=\"color: #cf6777;\">|<\/span><\/strong> Sim, a eles interessa um meio ambiente equilibrado, pois em muitos casos o mel depende de flores e \u00e1reas verdes naturais. Eles n\u00e3o gostam de inseticidas, pois \u00e9 um risco ao api\u00e1rio ou meliponario.<\/p>\n<p>Mais pesquisa para aumentar a produ\u00e7\u00e3o nacional e estadual, especialmente de produtos das abelhas-sem-ferr\u00e3o e mais est\u00edmulo para o manejo de col\u00f4nias para a poliniza\u00e7\u00e3o agr\u00edcola s\u00e3o desafios que permanecem.<\/p>\n<p><strong>Facilitar a libera\u00e7\u00e3o de agrot\u00f3xicos, como prev\u00ea a Lei do Veneno (<a href=\"https:\/\/www.planalto.gov.br\/ccivil_03\/_ato2023-2026\/2023\/lei\/l14785.htm\" target=\"_blank\" rel=\"noopener\">Lei n.\u00ba 14.785 de 27\/12\/2023<\/a>), influi na mortandade de abelhas?\u00a0\u00a0<\/strong><\/p>\n<hr \/>\n<p><strong>RBG <span style=\"color: #cf6777;\">|<\/span><\/strong> Muitos dos compostos agrot\u00f3xicos n\u00e3o t\u00eam especificidade nenhuma, sendo nocivos n\u00e3o s\u00f3 \u00e0s pragas, mas aos outros insetos e animais, inclusive a n\u00f3s mesmos. O mundo j\u00e1 tem ci\u00eancia disso e pa\u00edses desenvolvidos est\u00e3o preocupados em reduzir agrot\u00f3xicos e buscar alternativas mais seletivas e sustent\u00e1veis.<\/p>\n<blockquote><p>O nosso pa\u00eds est\u00e1 na contram\u00e3o, seus pol\u00edticos n\u00e3o legislam com o conhecimento cient\u00edfico e cedem a press\u00e3o do poder financeiro das grandes empresas multinacionais que comercializam esses produtos.<\/p><\/blockquote>\n<p>As pesquisas em solo nacional est\u00e3o se voltando aos efeitos nas esp\u00e9cies nativas.<\/p>\n<p><strong>\u00a0O conceito de \u201cagric\u00eddio\u201d, de que a explora\u00e7\u00e3o desenfreada de oportunidades com retorno imediato pelo agroneg\u00f3cio tem impactos futuros negativos e irrevers\u00edveis sobre a produ\u00e7\u00e3o, tem raz\u00e3o de ser? Polinizadores, como as abelhas, est\u00e3o na centralidade desta previs\u00e3o?\u00a0 \u00a0<\/strong><\/p>\n<hr \/>\n<p><strong>RBG <span style=\"color: #cf6777;\">|<\/span><\/strong> N\u00e3o gosto desses termos densos que reduzem o di\u00e1logo sobre o cen\u00e1rio agr\u00edcola devido a insist\u00eancia de uma vis\u00e3o dualista. Por exemplo, no meio existem v\u00e1rios tipos de produtores e muitos respeitam a legisla\u00e7\u00e3o e s\u00e3o conscientes. Precisamos deles para conservar a natureza, pois det\u00e9m \u00e1reas de reserva legal por exemplo. Mas isso n\u00e3o \u00e9 corroborar o modelo em que vivemos.<\/p>\n<p>Est\u00e1 f\u00e1cil de perceber que os danos infligidos pela convers\u00e3o de \u00e1reas naturais em \u00e1reas agr\u00edcolas mudaram o nosso clima, o que \u00e9 ruim para todos, inclusive aos produtores. Os polinizadores s\u00e3o important\u00edssimos nesse contexto, porque s\u00e3o importantes tanto para o agroneg\u00f3cio como para a preserva\u00e7\u00e3o da natureza. Existe algo mais central do que isso?<\/p>\n<p><strong>A ideia de fazer um livro com linguagem mais popular, com charges, vai ao encontro de que meta da sua pesquisa?\u00a0<\/strong><\/p>\n<hr \/>\n<p><strong>RBG <span style=\"color: #cf6777;\">|<\/span><\/strong> Eu me sinto incomodado com o modelo vigente de escrever nossos resultados apenas para cientistas e encerrar o conhecimento no meio herm\u00e9tico da ci\u00eancia.<\/p>\n<blockquote><p>Como pesquiso para o pa\u00eds, acho importante fazer parte da ponte entre o conhecimento e as pessoas.<\/p><\/blockquote>\n<p>Isto \u00e9 mais importante do que a press\u00e3o para internacionalizar a ci\u00eancia brasileira. Me inspiro em figuras como Jay Gould ou Carl Sagan, que ultrapassam essa barreira como ensa\u00edstas.<\/p>\n<p>A linguagem popular tamb\u00e9m d\u00e1 mais liberdade para se expressar e provocar. Nessa linha, as charges do Anderson Lepeco s\u00e3o fant\u00e1sticas, porque ele genialmente traduz o conhecimento em uma reflex\u00e3o mundana. Ele foi meu orientado de inicia\u00e7\u00e3o cient\u00edfica e \u00e9 um jovem pesquisador promissor, a ilustra\u00e7\u00e3o e apenas parte dos seus dons.<\/p>\n<p><strong>Avalia que \u00e9 necess\u00e1ria alguma pol\u00edtica p\u00fablica no Brasil para a preserva\u00e7\u00e3o de polinizadores, talvez regionalizada, com foco nas regi\u00f5es com maior exposi\u00e7\u00e3o solar, que t\u00eam biodiversidade maior de himen\u00f3pteros?\u00a0\u00a0<\/strong><\/p>\n<hr \/>\n<p><strong>RBG <span style=\"color: #cf6777;\">|<\/span><\/strong> Temos muitos pesquisadores ativos com polinizadores e eles est\u00e3o fazendo um grande servi\u00e7o em chamar aten\u00e7\u00e3o da sociedade e da pol\u00edtica. Temos visto revis\u00f5es de lista de fauna amea\u00e7ada, plano nacional de polinizadores, legisla\u00e7\u00f5es federais e estaduais sobre meliponicultura. Tem muita coisa para acontecer, mas n\u00e3o estamos parados, isso \u00e9 importante.<\/p>\n<p><strong>Fale um pouco sobre o Laborat\u00f3rio de Abelhas da UFPR: que pesquisas est\u00e3o tocando, como os assuntos t\u00eam se desenvolvido ao longo dos anos, que objetivos movem esse n\u00facleo de pesquisa?\u00a0\u00a0<\/strong><\/p>\n<hr \/>\n<p><strong>RBG <span style=\"color: #cf6777;\">|<\/span><\/strong> O LAbe pesquisa a diversidade em duas frentes, registrando e acompanhando as esp\u00e9cies em ambientes naturais e antropizados e revisando e descrevendo novas esp\u00e9cies. As oportunidades de pesquisa, como projetos financiados, e os recursos humanos, os estudantes de gradua\u00e7\u00e3o e p\u00f3s-gradua\u00e7\u00e3o, d\u00e3o o ajuste fino na dire\u00e7\u00e3o da nossa pesquisa.<\/p>\n<p>Atualmente estamos pesquisando metais pesados no mel no ambiente urbano, monitorando as esp\u00e9cies nos campos atuariais do Parque Estadual de Vila Velha, e mantendo a linha de descrever novas esp\u00e9cies para o Brasil. J\u00e1 rescrevemos quase uma centena de novas esp\u00e9cies e tem muito mais para fazer.<\/p>\n<p>Dentre as colabora\u00e7\u00f5es em rede, destaco que estamos em uma nova proposta rec\u00e9m aprovada junto \u00e0 Funda\u00e7\u00e3o Arauc\u00e1ria, o NAPI [<a href=\"https:\/\/www.iaraucaria.pr.gov.br\/#napis\" target=\"_blank\" rel=\"noopener\">Novos Arranjos de Pesquisa e Inova\u00e7\u00e3o<\/a>] Abelhas. Esse NAPI vai estudar abelhas paranaenses e sua cria\u00e7\u00e3o em v\u00e1rias frentes, no caso do nosso laborat\u00f3rio, estamos interessados em conhecer a fundo as esp\u00e9cies do estado.<\/p>\n<h5 style=\"text-align: right;\"><span data-contrast=\"none\">\u2795 Adquira <a href=\"https:\/\/www.editora.ufpr.br\/produto\/520\/desvendando-as-abelhas--o-que-sao-e-por-que-conservalas\" target=\"_blank\" rel=\"noopener\"><em>Desvendando as abelhas: o que s\u00e3o e por qu\u00ea conserv\u00e1-las?<\/em><\/a> pelo site da Editora da UFPR<\/span><\/h5>\n<h5 style=\"text-align: right;\"><span data-contrast=\"none\">\u2795 Leia o artigo <a href=\"https:\/\/link.springer.com\/article\/10.1007\/s11252-018-0773-7\" target=\"_blank\" rel=\"noopener\">\u201cReduction by half: the impact on bees of 34 years of urbanization\u201d<\/a>, publicado na <em>Urban Ecosystems\u00a0<\/em><\/span><\/h5>\n<h5 style=\"text-align: right;\"><span data-contrast=\"none\">\u2795 Leia o artigo <a href=\"https:\/\/www.scielo.br\/j\/rbent\/a\/pkjCyFSjpysVKvmnfSpXpcy\/?lang=en\" target=\"_blank\" rel=\"noopener\">\u201cLiving in the sunlight: micro-environments with higher exposure of sunlight have more abundance and diversity of Hymenoptera in a Brazilian Atlantic Forest fragment\u201d,<\/a> publicado na <em>Revista Brasileira de Entomologia<\/em><\/span><\/h5>\n<h5 style=\"text-align: right;\"><span data-contrast=\"none\">\u2795 <\/span><span data-contrast=\"none\">Leia o artigo <a href=\"https:\/\/revistas.ufpr.br\/acta\/article\/view\/88613\" target=\"_blank\" rel=\"noopener\">\u201cO valor econ\u00f4mico do servi\u00e7o de poliniza\u00e7\u00e3o na Regi\u00e3o Metropolitana de Curitiba\u201d<\/a>, publicado na <em>Acta Biol\u00f3gica Paranaense<\/em><\/span><\/h5>\n<h5 style=\"text-align: right;\"><span data-contrast=\"none\">\u2795 Leia o artigo <a href=\"https:\/\/www.scielo.br\/j\/rbzool\/a\/CtLF7LJR9CFxvFj8PC9szCh\/?lang=en&amp;format=html\" target=\"_blank\" rel=\"noopener\">\u201cHigher-level bee classifications (Hymenoptera, Apoidea, Apidae sensu lato)\u201d<\/a>, publicado na <em>Revista Brasileira de Zoologia<\/em><\/span><em>\u00a0<\/em><\/h5>\n","protected":false},"excerpt":{"rendered":"<p>J\u00e1 chegou at\u00e9 n\u00f3s a mensagem de que abelhas s\u00e3o vulner\u00e1veis \u00e0s crises ambientais e isso impacta a sobreviv\u00eancia humana,&#8230;<\/p>\n","protected":false},"author":2800,"featured_media":25427,"comment_status":"open","ping_status":"closed","sticky":false,"template":"","format":"standard","meta":{"_acf_changed":false,"footnotes":"","fifu_image_url":"","fifu_image_alt":"","_jetpack_memberships_contains_paid_content":false},"categories":[1608,1614,1612],"tags":[2420,2511,2524,2146,2513,2139,2516,2140,1669,2523,2514,2525,2512],"acf":[],"yoast_head":"<!-- This site is optimized with the Yoast SEO plugin v23.5 - https:\/\/yoast.com\/wordpress\/plugins\/seo\/ -->\n<title>\u201cA maioria das abelhas n\u00e3o \u00e9 como pensamos e essas s\u00e3o as mais amea\u00e7adas\u201d | Rodrigo Gon\u00e7alves - Ci\u00eancia UFPR<\/title>\n<meta name=\"robots\" content=\"index, follow, max-snippet:-1, max-image-preview:large, max-video-preview:-1\" \/>\n<link rel=\"canonical\" href=\"https:\/\/ciencia.ufpr.br\/portal\/a-maioria-das-abelhas-nao-e-como-pensamos-e-essas-sao-as-mais-ameacadas-rodrigo-goncalves\/\" \/>\n<meta property=\"og:locale\" content=\"pt_BR\" \/>\n<meta property=\"og:type\" content=\"article\" \/>\n<meta property=\"og:title\" content=\"\u201cA maioria das abelhas n\u00e3o \u00e9 como pensamos e essas s\u00e3o as mais amea\u00e7adas\u201d | Rodrigo Gon\u00e7alves - Ci\u00eancia UFPR\" \/>\n<meta property=\"og:description\" content=\"J\u00e1 chegou at\u00e9 n\u00f3s a mensagem de que abelhas s\u00e3o vulner\u00e1veis \u00e0s crises ambientais e isso impacta a sobreviv\u00eancia humana,...\" \/>\n<meta property=\"og:url\" content=\"https:\/\/ciencia.ufpr.br\/portal\/a-maioria-das-abelhas-nao-e-como-pensamos-e-essas-sao-as-mais-ameacadas-rodrigo-goncalves\/\" \/>\n<meta property=\"og:site_name\" content=\"Ci\u00eancia UFPR\" \/>\n<meta property=\"article:publisher\" content=\"https:\/\/www.facebook.com\/cienciaufproficial\" \/>\n<meta property=\"article:published_time\" content=\"2024-08-15T10:23:34+00:00\" \/>\n<meta property=\"article:modified_time\" content=\"2024-09-12T16:22:40+00:00\" \/>\n<meta property=\"og:image\" content=\"https:\/\/ciencia.ufpr.br\/portal\/wp-content\/uploads\/2024\/08\/rodrigobgoncalves_daniellesalmoria_cienciaufpr_m-1.jpg\" \/>\n\t<meta property=\"og:image:width\" content=\"1920\" \/>\n\t<meta property=\"og:image:height\" content=\"1080\" \/>\n\t<meta property=\"og:image:type\" content=\"image\/jpeg\" \/>\n<meta name=\"author\" content=\"Camille Bropp\" \/>\n<meta name=\"twitter:card\" content=\"summary_large_image\" \/>\n<meta name=\"twitter:creator\" content=\"@cienciaufpr\" \/>\n<meta name=\"twitter:site\" content=\"@cienciaufpr\" \/>\n<meta name=\"twitter:label1\" content=\"Escrito por\" \/>\n\t<meta name=\"twitter:data1\" content=\"Camille Bropp\" \/>\n\t<meta name=\"twitter:label2\" content=\"Est. tempo de leitura\" \/>\n\t<meta name=\"twitter:data2\" content=\"10 minutos\" \/>\n<script type=\"application\/ld+json\" class=\"yoast-schema-graph\">{\"@context\":\"https:\/\/schema.org\",\"@graph\":[{\"@type\":\"Article\",\"@id\":\"https:\/\/ciencia.ufpr.br\/portal\/a-maioria-das-abelhas-nao-e-como-pensamos-e-essas-sao-as-mais-ameacadas-rodrigo-goncalves\/#article\",\"isPartOf\":{\"@id\":\"https:\/\/ciencia.ufpr.br\/portal\/a-maioria-das-abelhas-nao-e-como-pensamos-e-essas-sao-as-mais-ameacadas-rodrigo-goncalves\/\"},\"author\":{\"name\":\"Camille Bropp\",\"@id\":\"https:\/\/ciencia.ufpr.br\/portal\/#\/schema\/person\/b2d3b2036ea31f22ae6f5f6424e9c020\"},\"headline\":\"\u201cA maioria das abelhas n\u00e3o \u00e9 como pensamos e essas s\u00e3o as mais amea\u00e7adas\u201d | Rodrigo Gon\u00e7alves\",\"datePublished\":\"2024-08-15T10:23:34+00:00\",\"dateModified\":\"2024-09-12T16:22:40+00:00\",\"mainEntityOfPage\":{\"@id\":\"https:\/\/ciencia.ufpr.br\/portal\/a-maioria-das-abelhas-nao-e-como-pensamos-e-essas-sao-as-mais-ameacadas-rodrigo-goncalves\/\"},\"wordCount\":2071,\"commentCount\":0,\"publisher\":{\"@id\":\"https:\/\/ciencia.ufpr.br\/portal\/#organization\"},\"image\":{\"@id\":\"https:\/\/ciencia.ufpr.br\/portal\/a-maioria-das-abelhas-nao-e-como-pensamos-e-essas-sao-as-mais-ameacadas-rodrigo-goncalves\/#primaryimage\"},\"thumbnailUrl\":\"https:\/\/ciencia.ufpr.br\/portal\/wp-content\/uploads\/2024\/08\/rodrigobgoncalves_daniellesalmoria_cienciaufpr_m-1.jpg\",\"keywords\":[\"2024\",\"abelhas\",\"abelhas-sem-ferr\u00e3o\",\"agrot\u00f3xicos\",\"apicultura\",\"crise clim\u00e1tica\",\"Editora da UFPR\",\"emerg\u00eancia clim\u00e1tica\",\"entomologia\",\"Lei do Veneno\",\"meliponicultura\",\"melipon\u00edneos\",\"polinizadores\"],\"articleSection\":[\"Biol\u00f3gicas\",\"Entrevista\",\"Meio ambiente\"],\"inLanguage\":\"pt-BR\",\"potentialAction\":[{\"@type\":\"CommentAction\",\"name\":\"Comment\",\"target\":[\"https:\/\/ciencia.ufpr.br\/portal\/a-maioria-das-abelhas-nao-e-como-pensamos-e-essas-sao-as-mais-ameacadas-rodrigo-goncalves\/#respond\"]}]},{\"@type\":\"WebPage\",\"@id\":\"https:\/\/ciencia.ufpr.br\/portal\/a-maioria-das-abelhas-nao-e-como-pensamos-e-essas-sao-as-mais-ameacadas-rodrigo-goncalves\/\",\"url\":\"https:\/\/ciencia.ufpr.br\/portal\/a-maioria-das-abelhas-nao-e-como-pensamos-e-essas-sao-as-mais-ameacadas-rodrigo-goncalves\/\",\"name\":\"\u201cA maioria das abelhas n\u00e3o \u00e9 como pensamos e essas s\u00e3o as mais amea\u00e7adas\u201d | Rodrigo Gon\u00e7alves - Ci\u00eancia UFPR\",\"isPartOf\":{\"@id\":\"https:\/\/ciencia.ufpr.br\/portal\/#website\"},\"primaryImageOfPage\":{\"@id\":\"https:\/\/ciencia.ufpr.br\/portal\/a-maioria-das-abelhas-nao-e-como-pensamos-e-essas-sao-as-mais-ameacadas-rodrigo-goncalves\/#primaryimage\"},\"image\":{\"@id\":\"https:\/\/ciencia.ufpr.br\/portal\/a-maioria-das-abelhas-nao-e-como-pensamos-e-essas-sao-as-mais-ameacadas-rodrigo-goncalves\/#primaryimage\"},\"thumbnailUrl\":\"https:\/\/ciencia.ufpr.br\/portal\/wp-content\/uploads\/2024\/08\/rodrigobgoncalves_daniellesalmoria_cienciaufpr_m-1.jpg\",\"datePublished\":\"2024-08-15T10:23:34+00:00\",\"dateModified\":\"2024-09-12T16:22:40+00:00\",\"breadcrumb\":{\"@id\":\"https:\/\/ciencia.ufpr.br\/portal\/a-maioria-das-abelhas-nao-e-como-pensamos-e-essas-sao-as-mais-ameacadas-rodrigo-goncalves\/#breadcrumb\"},\"inLanguage\":\"pt-BR\",\"potentialAction\":[{\"@type\":\"ReadAction\",\"target\":[\"https:\/\/ciencia.ufpr.br\/portal\/a-maioria-das-abelhas-nao-e-como-pensamos-e-essas-sao-as-mais-ameacadas-rodrigo-goncalves\/\"]}]},{\"@type\":\"ImageObject\",\"inLanguage\":\"pt-BR\",\"@id\":\"https:\/\/ciencia.ufpr.br\/portal\/a-maioria-das-abelhas-nao-e-como-pensamos-e-essas-sao-as-mais-ameacadas-rodrigo-goncalves\/#primaryimage\",\"url\":\"https:\/\/ciencia.ufpr.br\/portal\/wp-content\/uploads\/2024\/08\/rodrigobgoncalves_daniellesalmoria_cienciaufpr_m-1.jpg\",\"contentUrl\":\"https:\/\/ciencia.ufpr.br\/portal\/wp-content\/uploads\/2024\/08\/rodrigobgoncalves_daniellesalmoria_cienciaufpr_m-1.jpg\",\"width\":1920,\"height\":1080,\"caption\":\"Rodrigo Gon\u00e7alves se inspirou em divulgadores cient\u00edficos como Carl Sagan e Jay Gould para escrever livro de apelo popular sobre abelhas. Foto: Danielle Salm\u00f3ria\/Aspec\/SCB\/UFPR\"},{\"@type\":\"BreadcrumbList\",\"@id\":\"https:\/\/ciencia.ufpr.br\/portal\/a-maioria-das-abelhas-nao-e-como-pensamos-e-essas-sao-as-mais-ameacadas-rodrigo-goncalves\/#breadcrumb\",\"itemListElement\":[{\"@type\":\"ListItem\",\"position\":1,\"name\":\"Home\",\"item\":\"https:\/\/ciencia.ufpr.br\/portal\/\"},{\"@type\":\"ListItem\",\"position\":2,\"name\":\"\u201cA maioria das abelhas n\u00e3o \u00e9 como pensamos e essas s\u00e3o as mais amea\u00e7adas\u201d | Rodrigo Gon\u00e7alves\"}]},{\"@type\":\"WebSite\",\"@id\":\"https:\/\/ciencia.ufpr.br\/portal\/#website\",\"url\":\"https:\/\/ciencia.ufpr.br\/portal\/\",\"name\":\"Ci\u00eancia UFPR\",\"description\":\"Site de temas cient\u00edficos com foco no conhecimento produzido na Universidade Federal do Paran\u00e1 (UFPR). Baseado na Revista Ci\u00eancia UFPR.\",\"publisher\":{\"@id\":\"https:\/\/ciencia.ufpr.br\/portal\/#organization\"},\"potentialAction\":[{\"@type\":\"SearchAction\",\"target\":{\"@type\":\"EntryPoint\",\"urlTemplate\":\"https:\/\/ciencia.ufpr.br\/portal\/?s={search_term_string}\"},\"query-input\":{\"@type\":\"PropertyValueSpecification\",\"valueRequired\":true,\"valueName\":\"search_term_string\"}}],\"inLanguage\":\"pt-BR\"},{\"@type\":\"Organization\",\"@id\":\"https:\/\/ciencia.ufpr.br\/portal\/#organization\",\"name\":\"Revista Ci\u00eancia UFPR\",\"url\":\"https:\/\/ciencia.ufpr.br\/portal\/\",\"logo\":{\"@type\":\"ImageObject\",\"inLanguage\":\"pt-BR\",\"@id\":\"https:\/\/ciencia.ufpr.br\/portal\/#\/schema\/logo\/image\/\",\"url\":\"https:\/\/ciencia.ufpr.br\/portal\/wp-content\/uploads\/2020\/12\/Revista-Ciencia-UFPR-vermelho.jpeg\",\"contentUrl\":\"https:\/\/ciencia.ufpr.br\/portal\/wp-content\/uploads\/2020\/12\/Revista-Ciencia-UFPR-vermelho.jpeg\",\"width\":992,\"height\":714,\"caption\":\"Revista Ci\u00eancia UFPR\"},\"image\":{\"@id\":\"https:\/\/ciencia.ufpr.br\/portal\/#\/schema\/logo\/image\/\"},\"sameAs\":[\"https:\/\/www.facebook.com\/cienciaufproficial\",\"https:\/\/x.com\/cienciaufpr\",\"https:\/\/www.instagram.com\/revistacienciaufpr\/\",\"https:\/\/www.linkedin.com\/company\/cienciaufproficial\",\"https:\/\/br.pinterest.com\/cienciaufpr\/\"]},{\"@type\":\"Person\",\"@id\":\"https:\/\/ciencia.ufpr.br\/portal\/#\/schema\/person\/b2d3b2036ea31f22ae6f5f6424e9c020\",\"name\":\"Camille Bropp\",\"description\":\"Formada em jornalismo (UFSC), com especializa\u00e7\u00e3o em sociologia pol\u00edtica (UFPR) e mestra em Divulga\u00e7\u00e3o Cient\u00edfica e Cultural (Unicamp). Jornalista na UFPR.\",\"sameAs\":[\"https:\/\/www.linkedin.com\/in\/camille-b-cardoso-1b229b21\/\"],\"url\":\"https:\/\/ciencia.ufpr.br\/portal\/author\/camille-bropp\/\"}]}<\/script>\n<!-- \/ Yoast SEO plugin. -->","yoast_head_json":{"title":"\u201cA maioria das abelhas n\u00e3o \u00e9 como pensamos e essas s\u00e3o as mais amea\u00e7adas\u201d | Rodrigo Gon\u00e7alves - Ci\u00eancia UFPR","robots":{"index":"index","follow":"follow","max-snippet":"max-snippet:-1","max-image-preview":"max-image-preview:large","max-video-preview":"max-video-preview:-1"},"canonical":"https:\/\/ciencia.ufpr.br\/portal\/a-maioria-das-abelhas-nao-e-como-pensamos-e-essas-sao-as-mais-ameacadas-rodrigo-goncalves\/","og_locale":"pt_BR","og_type":"article","og_title":"\u201cA maioria das abelhas n\u00e3o \u00e9 como pensamos e essas s\u00e3o as mais amea\u00e7adas\u201d | Rodrigo Gon\u00e7alves - Ci\u00eancia UFPR","og_description":"J\u00e1 chegou at\u00e9 n\u00f3s a mensagem de que abelhas s\u00e3o vulner\u00e1veis \u00e0s crises ambientais e isso impacta a sobreviv\u00eancia humana,...","og_url":"https:\/\/ciencia.ufpr.br\/portal\/a-maioria-das-abelhas-nao-e-como-pensamos-e-essas-sao-as-mais-ameacadas-rodrigo-goncalves\/","og_site_name":"Ci\u00eancia UFPR","article_publisher":"https:\/\/www.facebook.com\/cienciaufproficial","article_published_time":"2024-08-15T10:23:34+00:00","article_modified_time":"2024-09-12T16:22:40+00:00","og_image":[{"width":1920,"height":1080,"url":"https:\/\/ciencia.ufpr.br\/portal\/wp-content\/uploads\/2024\/08\/rodrigobgoncalves_daniellesalmoria_cienciaufpr_m-1.jpg","type":"image\/jpeg"}],"author":"Camille Bropp","twitter_card":"summary_large_image","twitter_creator":"@cienciaufpr","twitter_site":"@cienciaufpr","twitter_misc":{"Escrito por":"Camille Bropp","Est. tempo de leitura":"10 minutos"},"schema":{"@context":"https:\/\/schema.org","@graph":[{"@type":"Article","@id":"https:\/\/ciencia.ufpr.br\/portal\/a-maioria-das-abelhas-nao-e-como-pensamos-e-essas-sao-as-mais-ameacadas-rodrigo-goncalves\/#article","isPartOf":{"@id":"https:\/\/ciencia.ufpr.br\/portal\/a-maioria-das-abelhas-nao-e-como-pensamos-e-essas-sao-as-mais-ameacadas-rodrigo-goncalves\/"},"author":{"name":"Camille Bropp","@id":"https:\/\/ciencia.ufpr.br\/portal\/#\/schema\/person\/b2d3b2036ea31f22ae6f5f6424e9c020"},"headline":"\u201cA maioria das abelhas n\u00e3o \u00e9 como pensamos e essas s\u00e3o as mais amea\u00e7adas\u201d | Rodrigo Gon\u00e7alves","datePublished":"2024-08-15T10:23:34+00:00","dateModified":"2024-09-12T16:22:40+00:00","mainEntityOfPage":{"@id":"https:\/\/ciencia.ufpr.br\/portal\/a-maioria-das-abelhas-nao-e-como-pensamos-e-essas-sao-as-mais-ameacadas-rodrigo-goncalves\/"},"wordCount":2071,"commentCount":0,"publisher":{"@id":"https:\/\/ciencia.ufpr.br\/portal\/#organization"},"image":{"@id":"https:\/\/ciencia.ufpr.br\/portal\/a-maioria-das-abelhas-nao-e-como-pensamos-e-essas-sao-as-mais-ameacadas-rodrigo-goncalves\/#primaryimage"},"thumbnailUrl":"https:\/\/ciencia.ufpr.br\/portal\/wp-content\/uploads\/2024\/08\/rodrigobgoncalves_daniellesalmoria_cienciaufpr_m-1.jpg","keywords":["2024","abelhas","abelhas-sem-ferr\u00e3o","agrot\u00f3xicos","apicultura","crise clim\u00e1tica","Editora da UFPR","emerg\u00eancia clim\u00e1tica","entomologia","Lei do Veneno","meliponicultura","melipon\u00edneos","polinizadores"],"articleSection":["Biol\u00f3gicas","Entrevista","Meio ambiente"],"inLanguage":"pt-BR","potentialAction":[{"@type":"CommentAction","name":"Comment","target":["https:\/\/ciencia.ufpr.br\/portal\/a-maioria-das-abelhas-nao-e-como-pensamos-e-essas-sao-as-mais-ameacadas-rodrigo-goncalves\/#respond"]}]},{"@type":"WebPage","@id":"https:\/\/ciencia.ufpr.br\/portal\/a-maioria-das-abelhas-nao-e-como-pensamos-e-essas-sao-as-mais-ameacadas-rodrigo-goncalves\/","url":"https:\/\/ciencia.ufpr.br\/portal\/a-maioria-das-abelhas-nao-e-como-pensamos-e-essas-sao-as-mais-ameacadas-rodrigo-goncalves\/","name":"\u201cA maioria das abelhas n\u00e3o \u00e9 como pensamos e essas s\u00e3o as mais amea\u00e7adas\u201d | Rodrigo Gon\u00e7alves - Ci\u00eancia UFPR","isPartOf":{"@id":"https:\/\/ciencia.ufpr.br\/portal\/#website"},"primaryImageOfPage":{"@id":"https:\/\/ciencia.ufpr.br\/portal\/a-maioria-das-abelhas-nao-e-como-pensamos-e-essas-sao-as-mais-ameacadas-rodrigo-goncalves\/#primaryimage"},"image":{"@id":"https:\/\/ciencia.ufpr.br\/portal\/a-maioria-das-abelhas-nao-e-como-pensamos-e-essas-sao-as-mais-ameacadas-rodrigo-goncalves\/#primaryimage"},"thumbnailUrl":"https:\/\/ciencia.ufpr.br\/portal\/wp-content\/uploads\/2024\/08\/rodrigobgoncalves_daniellesalmoria_cienciaufpr_m-1.jpg","datePublished":"2024-08-15T10:23:34+00:00","dateModified":"2024-09-12T16:22:40+00:00","breadcrumb":{"@id":"https:\/\/ciencia.ufpr.br\/portal\/a-maioria-das-abelhas-nao-e-como-pensamos-e-essas-sao-as-mais-ameacadas-rodrigo-goncalves\/#breadcrumb"},"inLanguage":"pt-BR","potentialAction":[{"@type":"ReadAction","target":["https:\/\/ciencia.ufpr.br\/portal\/a-maioria-das-abelhas-nao-e-como-pensamos-e-essas-sao-as-mais-ameacadas-rodrigo-goncalves\/"]}]},{"@type":"ImageObject","inLanguage":"pt-BR","@id":"https:\/\/ciencia.ufpr.br\/portal\/a-maioria-das-abelhas-nao-e-como-pensamos-e-essas-sao-as-mais-ameacadas-rodrigo-goncalves\/#primaryimage","url":"https:\/\/ciencia.ufpr.br\/portal\/wp-content\/uploads\/2024\/08\/rodrigobgoncalves_daniellesalmoria_cienciaufpr_m-1.jpg","contentUrl":"https:\/\/ciencia.ufpr.br\/portal\/wp-content\/uploads\/2024\/08\/rodrigobgoncalves_daniellesalmoria_cienciaufpr_m-1.jpg","width":1920,"height":1080,"caption":"Rodrigo Gon\u00e7alves se inspirou em divulgadores cient\u00edficos como Carl Sagan e Jay Gould para escrever livro de apelo popular sobre abelhas. Foto: Danielle Salm\u00f3ria\/Aspec\/SCB\/UFPR"},{"@type":"BreadcrumbList","@id":"https:\/\/ciencia.ufpr.br\/portal\/a-maioria-das-abelhas-nao-e-como-pensamos-e-essas-sao-as-mais-ameacadas-rodrigo-goncalves\/#breadcrumb","itemListElement":[{"@type":"ListItem","position":1,"name":"Home","item":"https:\/\/ciencia.ufpr.br\/portal\/"},{"@type":"ListItem","position":2,"name":"\u201cA maioria das abelhas n\u00e3o \u00e9 como pensamos e essas s\u00e3o as mais amea\u00e7adas\u201d | Rodrigo Gon\u00e7alves"}]},{"@type":"WebSite","@id":"https:\/\/ciencia.ufpr.br\/portal\/#website","url":"https:\/\/ciencia.ufpr.br\/portal\/","name":"Ci\u00eancia UFPR","description":"Site de temas cient\u00edficos com foco no conhecimento produzido na Universidade Federal do Paran\u00e1 (UFPR). Baseado na Revista Ci\u00eancia UFPR.","publisher":{"@id":"https:\/\/ciencia.ufpr.br\/portal\/#organization"},"potentialAction":[{"@type":"SearchAction","target":{"@type":"EntryPoint","urlTemplate":"https:\/\/ciencia.ufpr.br\/portal\/?s={search_term_string}"},"query-input":{"@type":"PropertyValueSpecification","valueRequired":true,"valueName":"search_term_string"}}],"inLanguage":"pt-BR"},{"@type":"Organization","@id":"https:\/\/ciencia.ufpr.br\/portal\/#organization","name":"Revista Ci\u00eancia UFPR","url":"https:\/\/ciencia.ufpr.br\/portal\/","logo":{"@type":"ImageObject","inLanguage":"pt-BR","@id":"https:\/\/ciencia.ufpr.br\/portal\/#\/schema\/logo\/image\/","url":"https:\/\/ciencia.ufpr.br\/portal\/wp-content\/uploads\/2020\/12\/Revista-Ciencia-UFPR-vermelho.jpeg","contentUrl":"https:\/\/ciencia.ufpr.br\/portal\/wp-content\/uploads\/2020\/12\/Revista-Ciencia-UFPR-vermelho.jpeg","width":992,"height":714,"caption":"Revista Ci\u00eancia UFPR"},"image":{"@id":"https:\/\/ciencia.ufpr.br\/portal\/#\/schema\/logo\/image\/"},"sameAs":["https:\/\/www.facebook.com\/cienciaufproficial","https:\/\/x.com\/cienciaufpr","https:\/\/www.instagram.com\/revistacienciaufpr\/","https:\/\/www.linkedin.com\/company\/cienciaufproficial","https:\/\/br.pinterest.com\/cienciaufpr\/"]},{"@type":"Person","@id":"https:\/\/ciencia.ufpr.br\/portal\/#\/schema\/person\/b2d3b2036ea31f22ae6f5f6424e9c020","name":"Camille Bropp","description":"Formada em jornalismo (UFSC), com especializa\u00e7\u00e3o em sociologia pol\u00edtica (UFPR) e mestra em Divulga\u00e7\u00e3o Cient\u00edfica e Cultural (Unicamp). Jornalista na UFPR.","sameAs":["https:\/\/www.linkedin.com\/in\/camille-b-cardoso-1b229b21\/"],"url":"https:\/\/ciencia.ufpr.br\/portal\/author\/camille-bropp\/"}]}},"views":3901,"jetpack_sharing_enabled":true,"jetpack_featured_media_url":"https:\/\/ciencia.ufpr.br\/portal\/wp-content\/uploads\/2024\/08\/rodrigobgoncalves_daniellesalmoria_cienciaufpr_m-1.jpg","_links":{"self":[{"href":"https:\/\/ciencia.ufpr.br\/portal\/wp-json\/wp\/v2\/posts\/25411"}],"collection":[{"href":"https:\/\/ciencia.ufpr.br\/portal\/wp-json\/wp\/v2\/posts"}],"about":[{"href":"https:\/\/ciencia.ufpr.br\/portal\/wp-json\/wp\/v2\/types\/post"}],"author":[{"embeddable":true,"href":"https:\/\/ciencia.ufpr.br\/portal\/wp-json\/wp\/v2\/users\/2800"}],"replies":[{"embeddable":true,"href":"https:\/\/ciencia.ufpr.br\/portal\/wp-json\/wp\/v2\/comments?post=25411"}],"version-history":[{"count":21,"href":"https:\/\/ciencia.ufpr.br\/portal\/wp-json\/wp\/v2\/posts\/25411\/revisions"}],"predecessor-version":[{"id":25656,"href":"https:\/\/ciencia.ufpr.br\/portal\/wp-json\/wp\/v2\/posts\/25411\/revisions\/25656"}],"wp:featuredmedia":[{"embeddable":true,"href":"https:\/\/ciencia.ufpr.br\/portal\/wp-json\/wp\/v2\/media\/25427"}],"wp:attachment":[{"href":"https:\/\/ciencia.ufpr.br\/portal\/wp-json\/wp\/v2\/media?parent=25411"}],"wp:term":[{"taxonomy":"category","embeddable":true,"href":"https:\/\/ciencia.ufpr.br\/portal\/wp-json\/wp\/v2\/categories?post=25411"},{"taxonomy":"post_tag","embeddable":true,"href":"https:\/\/ciencia.ufpr.br\/portal\/wp-json\/wp\/v2\/tags?post=25411"}],"curies":[{"name":"wp","href":"https:\/\/api.w.org\/{rel}","templated":true}]}}