{"id":25305,"date":"2024-07-24T18:10:10","date_gmt":"2024-07-24T21:10:10","guid":{"rendered":"https:\/\/ciencia.ufpr.br\/portal\/?p=25305"},"modified":"2025-10-23T18:50:11","modified_gmt":"2025-10-23T21:50:11","slug":"conheca-a-coalizao-parana-pela-decada-do-oceano-rede-de-pesquisa-liderada-pela-ufpr","status":"publish","type":"post","link":"https:\/\/ciencia.ufpr.br\/portal\/conheca-a-coalizao-parana-pela-decada-do-oceano-rede-de-pesquisa-liderada-pela-ufpr\/","title":{"rendered":"Conhe\u00e7a a Coaliz\u00e3o Paran\u00e1 pela D\u00e9cada do Oceano, rede de pesquisa liderada pela UFPR"},"content":{"rendered":"\r\n<p>Centrada em ci\u00eancia oce\u00e2nica, uma \u00e1rea de conhecimento que toca profundamente o Brasil, a rede de pesquisa <a title=\"\" href=\"https:\/\/ufpr.br\/coalizao-ufpr-pela-decada-do-oceano\/\">Coaliz\u00e3o Paran\u00e1 pela D\u00e9cada do Oceano<\/a> j\u00e1 re\u00fane cerca de 90 cientistas, sob lideran\u00e7a do <a title=\"\" href=\"https:\/\/www.lecufpr.net\/\" target=\"_blank\" rel=\"noopener\">Laborat\u00f3rio de Ecologia e Conserva\u00e7\u00e3o (LEC)<\/a> da Universidade Federal do Paran\u00e1 (UFPR). S\u00e3o pesquisadores jovens e s\u00eaniores da UFPR, da Universidade Estadual do Paran\u00e1 (Unespar) e do Instituto Federal do Paran\u00e1 (IFPR) que se dedicam a estudar ecossistemas, como manguezais e estu\u00e1rios; biologia marinha; crise clim\u00e1tica; comunica\u00e7\u00e3o de ci\u00eancia, entre outros assuntos. A variedade tem\u00e1tica revela o papel essencial que o oceano desempenha para a vida na Terra e as possibilidades estrat\u00e9gicas de colabora\u00e7\u00e3o que a rede possibilita.<\/p>\r\n\r\n\r\n\r\n<p>&#8220;A rede Coaliz\u00e3o \u00e9 um espa\u00e7o para que nossa comunidade cient\u00edfica some e ganhe for\u00e7a para conectar e engajar, uma oportunidade de trabalhar de forma colaborativa e integrar experi\u00eancias para o bem coletivo. \u00c9 hora de a ci\u00eancia aplicada e aberta banhar nosso litoral do Paran\u00e1. A Coaliz\u00e3o vem trazer essa bandeira&#8221;, diz Camila Domit, professora na <a title=\"\" href=\"https:\/\/litoral.ufpr.br\/\" target=\"_blank\" rel=\"noopener\">UFPR Litoral<\/a>, em Matinhos (PR), e coordenadora da rede.<\/p>\r\n\r\n\r\n\r\n<p>Enquanto <a title=\"\" href=\"https:\/\/forms.gle\/GQe1U5B5gmVjSAj69\" target=\"_blank\" rel=\"noopener\">permanece aberta a interessados<\/a> na coopera\u00e7\u00e3o cient\u00edfica, a Coaliz\u00e3o trabalha nas metas de divulga\u00e7\u00e3o cient\u00edfica propostas no edital CNPq\/MCTI-FNDCT N\u00ba 61\/2022, de fortalecimento do <a title=\"\" href=\"https:\/\/www.gov.br\/mcti\/pt-br\/acompanhe-o-mcti\/oceano-e-antartica\" target=\"_blank\" rel=\"noopener\">Programa Ci\u00eancia no Mar e Ci\u00eancia Ant\u00e1rtica<\/a> do Minist\u00e9rio da Ci\u00eancia, Tecnologia e Inova\u00e7\u00e3o (MCTI).<\/p>\r\n<p>Outra frente de atua\u00e7\u00e3o est\u00e1 relacionada \u00e0 D\u00e9cada das Na\u00e7\u00f5es Unidas da Ci\u00eancia Oce\u00e2nica para o Desenvolvimento Sustent\u00e1vel, cujas a\u00e7\u00f5es nacionais s\u00e3o coordenadas e executadas pelo MCTI. Recentemente a rede Coaliz\u00e3o Paran\u00e1 foi <a title=\"\" href=\"https:\/\/oceandecade.org\/actions\/coalizao-parana-pela-decada-do-oceano\/\" target=\"_blank\" rel=\"noopener\">endossada pela Organiza\u00e7\u00e3o das Na\u00e7\u00f5es Unidas para a Educa\u00e7\u00e3o, a Ci\u00eancia e a Cultura (Unesco)<\/a> como a\u00e7\u00e3o local vinculada \u00e0 iniciativa global da D\u00e9cada do Oceano.<\/p>\r\n<p>O Paran\u00e1 \u00e9 um estado chave para essa atua\u00e7\u00e3o, visto que a sua zona costeira abriga alta biodiversidade, incluindo esp\u00e9cies migrat\u00f3rias e end\u00eamicas, muitas delas em risco de extin\u00e7\u00e3o e expostas a m\u00faltiplos impactos. Al\u00e9m disso, conta com \u00e1reas de ba\u00edas e estu\u00e1rios com altos n\u00edveis de produtividade biol\u00f3gica, incluindo \u00e1reas de ber\u00e7\u00e1rio para animais marinhos e recursos pesqueiros.<\/p>\r\n<p><\/p>\r\n<h2><strong>Oportunidade para coopera\u00e7\u00f5es interdisciplinares<\/strong><\/h2>\r\n<p>\r\n\r\n<\/p>\r\n<p>A Coaliz\u00e3o paranaense \u00e9 uma amplia\u00e7\u00e3o da <a title=\"\" href=\"https:\/\/decada.ciencianomar.mctic.gov.br\/iniciativas\/coalizao-ufpr-pela-decada-dos-oceanos\/\" target=\"_blank\" rel=\"noopener\">Coaliz\u00e3o UFPR pela D\u00e9cada do Oceano<\/a>, que teve in\u00edcio em 2019 por meio de uma articula\u00e7\u00e3o dos docentes e discentes do <a title=\"\" href=\"http:\/\/www.cem.ufpr.br\/portal\/pgsisco\/\" target=\"_blank\" rel=\"noopener\">Programa de P\u00f3s-Gradua\u00e7\u00e3o em Sistemas Costeiros e Oce\u00e2nicos (PGSISCO)<\/a> do Centro de Estudos do Mar (CEM) da UFPR, em Pontal do Paran\u00e1.<\/p>\r\n<p>A\u00e7\u00f5es e produtos s\u00e3o baseados em cinco eixos tem\u00e1ticos: ecossistemas marinhos e costeiros; biodiversidade marinha e costeira;\u00a0 humanidades e oceano; intera\u00e7\u00e3o continente-atmosfera-oceano; e futuro do oceano.\u00a0<\/p>\r\n<p>Por meio da rede, pesquisadores de todos os n\u00edveis de pesquisa trocam conhecimento e experi\u00eancias, al\u00e9m de poderem unir resultados e bancos de dados. Assim, conseguem elencar prioridades em termos de linhas e \u00e1reas cient\u00edficas, bem como encontram os melhores caminhos para ajudar a governan\u00e7a local e regional a tomar decis\u00f5es sustent\u00e1veis que agreguem justi\u00e7a social, prote\u00e7\u00e3o ambiental e ganhos econ\u00f4micos.<\/p>\r\n<p><\/p>\r\n<h2><strong>Refor\u00e7o de uma cultura cient\u00edfica oce\u00e2nica<\/strong><\/h2>\r\n<h2>\r\n\r\n<\/h2>\r\n<p>A Coaliz\u00e3o Paran\u00e1 prop\u00f5e ainda uma abordagem multifacetada a fim de fomentar conex\u00f5es com v\u00e1rios grupos e atores atuantes no territ\u00f3rio litor\u00e2neo, facilitando a divulga\u00e7\u00e3o de ideias e experi\u00eancias relacionadas aos objetivos. \u00c9 dessa forma, alinhada com os esfor\u00e7os nacionais em apoio \u00e0 D\u00e9cada das Na\u00e7\u00f5es Unidas da Ci\u00eancia Oce\u00e2nica para o Desenvolvimento Sustent\u00e1vel, que o projeto e a rede associada se colocam como pontos de impulso para o avan\u00e7o da divulga\u00e7\u00e3o e na cultura cient\u00edfica, promovendo a alfabetiza\u00e7\u00e3o e cultura oce\u00e2nica.<\/p>\r\n<p>\r\n\r\n<\/p>\r\n<p>O foco \u00e9 instigar mudan\u00e7as comportamentais em toda a sociedade por meio da ci\u00eancia. A proposta \u00e9 que isso seja obtido por meio da comunica\u00e7\u00e3o p\u00fablica da ci\u00eancia, um conceito fundado em di\u00e1logo que age para fortalecer o elo ci\u00eancia-sociedade-pol\u00edtica. Dessa forma, a Coaliz\u00e3o busca consolidar uma cultura cient\u00edfica e oce\u00e2nica que d\u00e1 ao oceano o seu peso em import\u00e2ncia tamb\u00e9m no imagin\u00e1rio social e que surge da apropria\u00e7\u00e3o de conhecimento pela sociedade. No ponto final desse processo, chega-se ao desenvolvimento de resultados e produtos para diversos p\u00fablicos, tais como oficinas, confer\u00eancias, eventos e materiais de comunica\u00e7\u00e3o.<\/p>\r\n<p>\r\n\r\n<\/p>\r\n<p>O projeto vem colaborando com outras iniciativas regionais, incentivando o aprendizado m\u00fatuo e a troca de conhecimentos. \u00c9 o caso das intera\u00e7\u00f5es com o INCT-Mar COI e a C\u00e1tedra Unesco para Sustentabilidade Oce\u00e2nica (IO-USP); o <a title=\"\" href=\"https:\/\/painelmar.com.br\/\" target=\"_blank\" rel=\"noopener\">Painel Futuro Oce\u00e2nico Brasileiro (PainelMar)<\/a>; o grupo de mobiliza\u00e7\u00e3o nacional para a implementa\u00e7\u00e3o dos <a title=\"\" href=\"https:\/\/decada.ciencianomar.mctic.gov.br\/grupo-de-apoio-a-mobilizacao-sul\/\" target=\"_blank\" rel=\"noopener\">Grupos de Apoio \u00e0 Mobiliza\u00e7\u00e3o Regional da D\u00e9cada do Oceano (GAM)<\/a>, bem como com a Mar\u00e9 de Ci\u00eancia e a Alian\u00e7a Brasileira para a Alfabetiza\u00e7\u00e3o Oce\u00e2nica \u2014 ambos da Universidade Federal de S\u00e3o Paulo (Unifesp) \u2014, e a <a title=\"\" href=\"https:\/\/www.mulherespelosoceanos.com.br\/\" target=\"_blank\" rel=\"noopener\">Liga das Mulheres pelo Oceano<\/a>.<\/p>\r\n<p><\/p>\r\n<p>\r\n\r\n<\/p>\r\n<p><\/p>\r\n\r\n<h5 style=\"text-align: right;\">Publicado originalmente no Portal da UFPR (www.ufpr.br)<\/h5>","protected":false},"excerpt":{"rendered":"<p>Centrada em ci\u00eancia oce\u00e2nica, uma \u00e1rea de conhecimento que toca profundamente o Brasil, a rede de pesquisa Coaliz\u00e3o Paran\u00e1 pela&#8230;<\/p>\n","protected":false},"author":2806,"featured_media":25306,"comment_status":"open","ping_status":"closed","sticky":false,"template":"","format":"standard","meta":{"_acf_changed":false,"footnotes":"","fifu_image_url":"","fifu_image_alt":"","_jetpack_memberships_contains_paid_content":false},"categories":[1723,2219,1612],"tags":[2420,1909,1693,2477,2503,2413,2506,2504,2505,2502],"acf":[],"yoast_head":"<!-- This site is optimized with the Yoast SEO plugin v23.5 - https:\/\/yoast.com\/wordpress\/plugins\/seo\/ -->\n<title>Conhe\u00e7a a Coaliz\u00e3o Paran\u00e1 pela D\u00e9cada do Oceano, rede de pesquisa liderada pela UFPR - Ci\u00eancia UFPR<\/title>\n<meta name=\"description\" content=\"Por meio do projeto, cerca de 90 pesquisadores se mobilizam em torno da coopera\u00e7\u00e3o e da divulga\u00e7\u00e3o de conhecimento sobre temas oce\u00e2nicos.\" \/>\n<meta name=\"robots\" content=\"index, follow, max-snippet:-1, max-image-preview:large, max-video-preview:-1\" \/>\n<link rel=\"canonical\" href=\"https:\/\/ciencia.ufpr.br\/portal\/conheca-a-coalizao-parana-pela-decada-do-oceano-rede-de-pesquisa-liderada-pela-ufpr\/\" \/>\n<meta property=\"og:locale\" content=\"pt_BR\" \/>\n<meta property=\"og:type\" content=\"article\" \/>\n<meta property=\"og:title\" content=\"Conhe\u00e7a a Coaliz\u00e3o Paran\u00e1 pela D\u00e9cada do Oceano, rede de pesquisa liderada pela UFPR - Ci\u00eancia UFPR\" \/>\n<meta property=\"og:description\" content=\"Por meio do projeto, cerca de 90 pesquisadores se mobilizam em torno da coopera\u00e7\u00e3o e da divulga\u00e7\u00e3o de conhecimento sobre temas oce\u00e2nicos.\" \/>\n<meta property=\"og:url\" content=\"https:\/\/ciencia.ufpr.br\/portal\/conheca-a-coalizao-parana-pela-decada-do-oceano-rede-de-pesquisa-liderada-pela-ufpr\/\" \/>\n<meta property=\"og:site_name\" content=\"Ci\u00eancia UFPR\" \/>\n<meta property=\"article:publisher\" content=\"https:\/\/www.facebook.com\/cienciaufproficial\" \/>\n<meta property=\"article:author\" content=\"https:\/\/facebook.com\/cienciaufproficial\/\" \/>\n<meta property=\"article:published_time\" content=\"2024-07-24T21:10:10+00:00\" \/>\n<meta property=\"article:modified_time\" content=\"2025-10-23T21:50:11+00:00\" \/>\n<meta property=\"og:image\" content=\"https:\/\/ciencia.ufpr.br\/portal\/wp-content\/uploads\/2024\/07\/3.-Eixo-Humanidades-e-Oceano_Credito_-L32_LEC_UFPR.jpg\" \/>\n\t<meta property=\"og:image:width\" content=\"1920\" \/>\n\t<meta property=\"og:image:height\" content=\"1080\" \/>\n\t<meta property=\"og:image:type\" content=\"image\/jpeg\" \/>\n<meta name=\"author\" content=\"Reda\u00e7\u00e3o Ci\u00eancia UFPR\" \/>\n<meta name=\"twitter:card\" content=\"summary_large_image\" \/>\n<meta name=\"twitter:creator\" content=\"@cienciaufpr\" \/>\n<meta name=\"twitter:site\" content=\"@cienciaufpr\" \/>\n<meta name=\"twitter:label1\" content=\"Escrito por\" \/>\n\t<meta name=\"twitter:data1\" content=\"Reda\u00e7\u00e3o Ci\u00eancia UFPR\" \/>\n\t<meta name=\"twitter:label2\" content=\"Est. tempo de leitura\" \/>\n\t<meta name=\"twitter:data2\" content=\"4 minutos\" \/>\n<script type=\"application\/ld+json\" class=\"yoast-schema-graph\">{\"@context\":\"https:\/\/schema.org\",\"@graph\":[{\"@type\":\"Article\",\"@id\":\"https:\/\/ciencia.ufpr.br\/portal\/conheca-a-coalizao-parana-pela-decada-do-oceano-rede-de-pesquisa-liderada-pela-ufpr\/#article\",\"isPartOf\":{\"@id\":\"https:\/\/ciencia.ufpr.br\/portal\/conheca-a-coalizao-parana-pela-decada-do-oceano-rede-de-pesquisa-liderada-pela-ufpr\/\"},\"author\":{\"name\":\"Reda\u00e7\u00e3o Ci\u00eancia UFPR\",\"@id\":\"https:\/\/ciencia.ufpr.br\/portal\/#\/schema\/person\/562217e00c1aa3a8c132639249490a83\"},\"headline\":\"Conhe\u00e7a a Coaliz\u00e3o Paran\u00e1 pela D\u00e9cada do Oceano, rede de pesquisa liderada pela UFPR\",\"datePublished\":\"2024-07-24T21:10:10+00:00\",\"dateModified\":\"2025-10-23T21:50:11+00:00\",\"mainEntityOfPage\":{\"@id\":\"https:\/\/ciencia.ufpr.br\/portal\/conheca-a-coalizao-parana-pela-decada-do-oceano-rede-de-pesquisa-liderada-pela-ufpr\/\"},\"wordCount\":902,\"commentCount\":0,\"publisher\":{\"@id\":\"https:\/\/ciencia.ufpr.br\/portal\/#organization\"},\"image\":{\"@id\":\"https:\/\/ciencia.ufpr.br\/portal\/conheca-a-coalizao-parana-pela-decada-do-oceano-rede-de-pesquisa-liderada-pela-ufpr\/#primaryimage\"},\"thumbnailUrl\":\"https:\/\/ciencia.ufpr.br\/portal\/wp-content\/uploads\/2024\/07\/3.-Eixo-Humanidades-e-Oceano_Credito_-L32_LEC_UFPR.jpg\",\"keywords\":[\"2024\",\"biodiversidade\",\"biologia marinha\",\"Coaliz\u00e3o Paran\u00e1 pela D\u00e9cada do Oceano\",\"d\u00e9cada do oceano\",\"Laborat\u00f3rio de Ecologia e Conserva\u00e7\u00e3o\",\"LEC\",\"oceanografia\",\"preserva\u00e7\u00e3o\",\"Setor Litoral\"],\"articleSection\":[\"D\u00e9cada dos Oceanos\",\"Institucional\",\"Meio ambiente\"],\"inLanguage\":\"pt-BR\",\"potentialAction\":[{\"@type\":\"CommentAction\",\"name\":\"Comment\",\"target\":[\"https:\/\/ciencia.ufpr.br\/portal\/conheca-a-coalizao-parana-pela-decada-do-oceano-rede-de-pesquisa-liderada-pela-ufpr\/#respond\"]}]},{\"@type\":\"WebPage\",\"@id\":\"https:\/\/ciencia.ufpr.br\/portal\/conheca-a-coalizao-parana-pela-decada-do-oceano-rede-de-pesquisa-liderada-pela-ufpr\/\",\"url\":\"https:\/\/ciencia.ufpr.br\/portal\/conheca-a-coalizao-parana-pela-decada-do-oceano-rede-de-pesquisa-liderada-pela-ufpr\/\",\"name\":\"Conhe\u00e7a a Coaliz\u00e3o Paran\u00e1 pela D\u00e9cada do Oceano, rede de pesquisa liderada pela UFPR - Ci\u00eancia UFPR\",\"isPartOf\":{\"@id\":\"https:\/\/ciencia.ufpr.br\/portal\/#website\"},\"primaryImageOfPage\":{\"@id\":\"https:\/\/ciencia.ufpr.br\/portal\/conheca-a-coalizao-parana-pela-decada-do-oceano-rede-de-pesquisa-liderada-pela-ufpr\/#primaryimage\"},\"image\":{\"@id\":\"https:\/\/ciencia.ufpr.br\/portal\/conheca-a-coalizao-parana-pela-decada-do-oceano-rede-de-pesquisa-liderada-pela-ufpr\/#primaryimage\"},\"thumbnailUrl\":\"https:\/\/ciencia.ufpr.br\/portal\/wp-content\/uploads\/2024\/07\/3.-Eixo-Humanidades-e-Oceano_Credito_-L32_LEC_UFPR.jpg\",\"datePublished\":\"2024-07-24T21:10:10+00:00\",\"dateModified\":\"2025-10-23T21:50:11+00:00\",\"description\":\"Por meio do projeto, cerca de 90 pesquisadores se mobilizam em torno da coopera\u00e7\u00e3o e da divulga\u00e7\u00e3o de conhecimento sobre temas oce\u00e2nicos.\",\"breadcrumb\":{\"@id\":\"https:\/\/ciencia.ufpr.br\/portal\/conheca-a-coalizao-parana-pela-decada-do-oceano-rede-de-pesquisa-liderada-pela-ufpr\/#breadcrumb\"},\"inLanguage\":\"pt-BR\",\"potentialAction\":[{\"@type\":\"ReadAction\",\"target\":[\"https:\/\/ciencia.ufpr.br\/portal\/conheca-a-coalizao-parana-pela-decada-do-oceano-rede-de-pesquisa-liderada-pela-ufpr\/\"]}]},{\"@type\":\"ImageObject\",\"inLanguage\":\"pt-BR\",\"@id\":\"https:\/\/ciencia.ufpr.br\/portal\/conheca-a-coalizao-parana-pela-decada-do-oceano-rede-de-pesquisa-liderada-pela-ufpr\/#primaryimage\",\"url\":\"https:\/\/ciencia.ufpr.br\/portal\/wp-content\/uploads\/2024\/07\/3.-Eixo-Humanidades-e-Oceano_Credito_-L32_LEC_UFPR.jpg\",\"contentUrl\":\"https:\/\/ciencia.ufpr.br\/portal\/wp-content\/uploads\/2024\/07\/3.-Eixo-Humanidades-e-Oceano_Credito_-L32_LEC_UFPR.jpg\",\"width\":1920,\"height\":1080,\"caption\":\"Terceiro eixo da rede de ci\u00eancia abrange a atividade humana sobre o oceano. Foto: LEC UFPR\/Acervo\"},{\"@type\":\"BreadcrumbList\",\"@id\":\"https:\/\/ciencia.ufpr.br\/portal\/conheca-a-coalizao-parana-pela-decada-do-oceano-rede-de-pesquisa-liderada-pela-ufpr\/#breadcrumb\",\"itemListElement\":[{\"@type\":\"ListItem\",\"position\":1,\"name\":\"Home\",\"item\":\"https:\/\/ciencia.ufpr.br\/portal\/\"},{\"@type\":\"ListItem\",\"position\":2,\"name\":\"Conhe\u00e7a a Coaliz\u00e3o Paran\u00e1 pela D\u00e9cada do Oceano, rede de pesquisa liderada pela UFPR\"}]},{\"@type\":\"WebSite\",\"@id\":\"https:\/\/ciencia.ufpr.br\/portal\/#website\",\"url\":\"https:\/\/ciencia.ufpr.br\/portal\/\",\"name\":\"Ci\u00eancia UFPR\",\"description\":\"Site de temas cient\u00edficos com foco no conhecimento produzido na Universidade Federal do Paran\u00e1 (UFPR). Baseado na Revista Ci\u00eancia UFPR.\",\"publisher\":{\"@id\":\"https:\/\/ciencia.ufpr.br\/portal\/#organization\"},\"potentialAction\":[{\"@type\":\"SearchAction\",\"target\":{\"@type\":\"EntryPoint\",\"urlTemplate\":\"https:\/\/ciencia.ufpr.br\/portal\/?s={search_term_string}\"},\"query-input\":{\"@type\":\"PropertyValueSpecification\",\"valueRequired\":true,\"valueName\":\"search_term_string\"}}],\"inLanguage\":\"pt-BR\"},{\"@type\":\"Organization\",\"@id\":\"https:\/\/ciencia.ufpr.br\/portal\/#organization\",\"name\":\"Revista Ci\u00eancia UFPR\",\"url\":\"https:\/\/ciencia.ufpr.br\/portal\/\",\"logo\":{\"@type\":\"ImageObject\",\"inLanguage\":\"pt-BR\",\"@id\":\"https:\/\/ciencia.ufpr.br\/portal\/#\/schema\/logo\/image\/\",\"url\":\"https:\/\/ciencia.ufpr.br\/portal\/wp-content\/uploads\/2020\/12\/Revista-Ciencia-UFPR-vermelho.jpeg\",\"contentUrl\":\"https:\/\/ciencia.ufpr.br\/portal\/wp-content\/uploads\/2020\/12\/Revista-Ciencia-UFPR-vermelho.jpeg\",\"width\":992,\"height\":714,\"caption\":\"Revista Ci\u00eancia UFPR\"},\"image\":{\"@id\":\"https:\/\/ciencia.ufpr.br\/portal\/#\/schema\/logo\/image\/\"},\"sameAs\":[\"https:\/\/www.facebook.com\/cienciaufproficial\",\"https:\/\/x.com\/cienciaufpr\",\"https:\/\/www.instagram.com\/revistacienciaufpr\/\",\"https:\/\/www.linkedin.com\/company\/cienciaufproficial\",\"https:\/\/br.pinterest.com\/cienciaufpr\/\"]},{\"@type\":\"Person\",\"@id\":\"https:\/\/ciencia.ufpr.br\/portal\/#\/schema\/person\/562217e00c1aa3a8c132639249490a83\",\"name\":\"Reda\u00e7\u00e3o Ci\u00eancia UFPR\",\"description\":\"Site de jornalismo e divulga\u00e7\u00e3o cient\u00edficos sobre o conhecimento produzido na Universidade Federal do Paran\u00e1 (UFPR). Baseado na Revista Ci\u00eancia UFPR, editada pela Superintend\u00eancia de Comunica\u00e7\u00e3o (Sucom) desde 2016.\",\"sameAs\":[\"https:\/\/facebook.com\/cienciaufproficial\/\",\"https:\/\/www.instagram.com\/revistacienciaufpr\/\",\"https:\/\/x.com\/cienciaufpr\"],\"url\":\"https:\/\/ciencia.ufpr.br\/portal\/author\/revistacienciaufpr\/\"}]}<\/script>\n<!-- \/ Yoast SEO plugin. -->","yoast_head_json":{"title":"Conhe\u00e7a a Coaliz\u00e3o Paran\u00e1 pela D\u00e9cada do Oceano, rede de pesquisa liderada pela UFPR - Ci\u00eancia UFPR","description":"Por meio do projeto, cerca de 90 pesquisadores se mobilizam em torno da coopera\u00e7\u00e3o e da divulga\u00e7\u00e3o de conhecimento sobre temas oce\u00e2nicos.","robots":{"index":"index","follow":"follow","max-snippet":"max-snippet:-1","max-image-preview":"max-image-preview:large","max-video-preview":"max-video-preview:-1"},"canonical":"https:\/\/ciencia.ufpr.br\/portal\/conheca-a-coalizao-parana-pela-decada-do-oceano-rede-de-pesquisa-liderada-pela-ufpr\/","og_locale":"pt_BR","og_type":"article","og_title":"Conhe\u00e7a a Coaliz\u00e3o Paran\u00e1 pela D\u00e9cada do Oceano, rede de pesquisa liderada pela UFPR - Ci\u00eancia UFPR","og_description":"Por meio do projeto, cerca de 90 pesquisadores se mobilizam em torno da coopera\u00e7\u00e3o e da divulga\u00e7\u00e3o de conhecimento sobre temas oce\u00e2nicos.","og_url":"https:\/\/ciencia.ufpr.br\/portal\/conheca-a-coalizao-parana-pela-decada-do-oceano-rede-de-pesquisa-liderada-pela-ufpr\/","og_site_name":"Ci\u00eancia UFPR","article_publisher":"https:\/\/www.facebook.com\/cienciaufproficial","article_author":"https:\/\/facebook.com\/cienciaufproficial\/","article_published_time":"2024-07-24T21:10:10+00:00","article_modified_time":"2025-10-23T21:50:11+00:00","og_image":[{"width":1920,"height":1080,"url":"https:\/\/ciencia.ufpr.br\/portal\/wp-content\/uploads\/2024\/07\/3.-Eixo-Humanidades-e-Oceano_Credito_-L32_LEC_UFPR.jpg","type":"image\/jpeg"}],"author":"Reda\u00e7\u00e3o Ci\u00eancia UFPR","twitter_card":"summary_large_image","twitter_creator":"@cienciaufpr","twitter_site":"@cienciaufpr","twitter_misc":{"Escrito por":"Reda\u00e7\u00e3o Ci\u00eancia UFPR","Est. tempo de leitura":"4 minutos"},"schema":{"@context":"https:\/\/schema.org","@graph":[{"@type":"Article","@id":"https:\/\/ciencia.ufpr.br\/portal\/conheca-a-coalizao-parana-pela-decada-do-oceano-rede-de-pesquisa-liderada-pela-ufpr\/#article","isPartOf":{"@id":"https:\/\/ciencia.ufpr.br\/portal\/conheca-a-coalizao-parana-pela-decada-do-oceano-rede-de-pesquisa-liderada-pela-ufpr\/"},"author":{"name":"Reda\u00e7\u00e3o Ci\u00eancia UFPR","@id":"https:\/\/ciencia.ufpr.br\/portal\/#\/schema\/person\/562217e00c1aa3a8c132639249490a83"},"headline":"Conhe\u00e7a a Coaliz\u00e3o Paran\u00e1 pela D\u00e9cada do Oceano, rede de pesquisa liderada pela UFPR","datePublished":"2024-07-24T21:10:10+00:00","dateModified":"2025-10-23T21:50:11+00:00","mainEntityOfPage":{"@id":"https:\/\/ciencia.ufpr.br\/portal\/conheca-a-coalizao-parana-pela-decada-do-oceano-rede-de-pesquisa-liderada-pela-ufpr\/"},"wordCount":902,"commentCount":0,"publisher":{"@id":"https:\/\/ciencia.ufpr.br\/portal\/#organization"},"image":{"@id":"https:\/\/ciencia.ufpr.br\/portal\/conheca-a-coalizao-parana-pela-decada-do-oceano-rede-de-pesquisa-liderada-pela-ufpr\/#primaryimage"},"thumbnailUrl":"https:\/\/ciencia.ufpr.br\/portal\/wp-content\/uploads\/2024\/07\/3.-Eixo-Humanidades-e-Oceano_Credito_-L32_LEC_UFPR.jpg","keywords":["2024","biodiversidade","biologia marinha","Coaliz\u00e3o Paran\u00e1 pela D\u00e9cada do Oceano","d\u00e9cada do oceano","Laborat\u00f3rio de Ecologia e Conserva\u00e7\u00e3o","LEC","oceanografia","preserva\u00e7\u00e3o","Setor Litoral"],"articleSection":["D\u00e9cada dos Oceanos","Institucional","Meio ambiente"],"inLanguage":"pt-BR","potentialAction":[{"@type":"CommentAction","name":"Comment","target":["https:\/\/ciencia.ufpr.br\/portal\/conheca-a-coalizao-parana-pela-decada-do-oceano-rede-de-pesquisa-liderada-pela-ufpr\/#respond"]}]},{"@type":"WebPage","@id":"https:\/\/ciencia.ufpr.br\/portal\/conheca-a-coalizao-parana-pela-decada-do-oceano-rede-de-pesquisa-liderada-pela-ufpr\/","url":"https:\/\/ciencia.ufpr.br\/portal\/conheca-a-coalizao-parana-pela-decada-do-oceano-rede-de-pesquisa-liderada-pela-ufpr\/","name":"Conhe\u00e7a a Coaliz\u00e3o Paran\u00e1 pela D\u00e9cada do Oceano, rede de pesquisa liderada pela UFPR - Ci\u00eancia UFPR","isPartOf":{"@id":"https:\/\/ciencia.ufpr.br\/portal\/#website"},"primaryImageOfPage":{"@id":"https:\/\/ciencia.ufpr.br\/portal\/conheca-a-coalizao-parana-pela-decada-do-oceano-rede-de-pesquisa-liderada-pela-ufpr\/#primaryimage"},"image":{"@id":"https:\/\/ciencia.ufpr.br\/portal\/conheca-a-coalizao-parana-pela-decada-do-oceano-rede-de-pesquisa-liderada-pela-ufpr\/#primaryimage"},"thumbnailUrl":"https:\/\/ciencia.ufpr.br\/portal\/wp-content\/uploads\/2024\/07\/3.-Eixo-Humanidades-e-Oceano_Credito_-L32_LEC_UFPR.jpg","datePublished":"2024-07-24T21:10:10+00:00","dateModified":"2025-10-23T21:50:11+00:00","description":"Por meio do projeto, cerca de 90 pesquisadores se mobilizam em torno da coopera\u00e7\u00e3o e da divulga\u00e7\u00e3o de conhecimento sobre temas oce\u00e2nicos.","breadcrumb":{"@id":"https:\/\/ciencia.ufpr.br\/portal\/conheca-a-coalizao-parana-pela-decada-do-oceano-rede-de-pesquisa-liderada-pela-ufpr\/#breadcrumb"},"inLanguage":"pt-BR","potentialAction":[{"@type":"ReadAction","target":["https:\/\/ciencia.ufpr.br\/portal\/conheca-a-coalizao-parana-pela-decada-do-oceano-rede-de-pesquisa-liderada-pela-ufpr\/"]}]},{"@type":"ImageObject","inLanguage":"pt-BR","@id":"https:\/\/ciencia.ufpr.br\/portal\/conheca-a-coalizao-parana-pela-decada-do-oceano-rede-de-pesquisa-liderada-pela-ufpr\/#primaryimage","url":"https:\/\/ciencia.ufpr.br\/portal\/wp-content\/uploads\/2024\/07\/3.-Eixo-Humanidades-e-Oceano_Credito_-L32_LEC_UFPR.jpg","contentUrl":"https:\/\/ciencia.ufpr.br\/portal\/wp-content\/uploads\/2024\/07\/3.-Eixo-Humanidades-e-Oceano_Credito_-L32_LEC_UFPR.jpg","width":1920,"height":1080,"caption":"Terceiro eixo da rede de ci\u00eancia abrange a atividade humana sobre o oceano. Foto: LEC UFPR\/Acervo"},{"@type":"BreadcrumbList","@id":"https:\/\/ciencia.ufpr.br\/portal\/conheca-a-coalizao-parana-pela-decada-do-oceano-rede-de-pesquisa-liderada-pela-ufpr\/#breadcrumb","itemListElement":[{"@type":"ListItem","position":1,"name":"Home","item":"https:\/\/ciencia.ufpr.br\/portal\/"},{"@type":"ListItem","position":2,"name":"Conhe\u00e7a a Coaliz\u00e3o Paran\u00e1 pela D\u00e9cada do Oceano, rede de pesquisa liderada pela UFPR"}]},{"@type":"WebSite","@id":"https:\/\/ciencia.ufpr.br\/portal\/#website","url":"https:\/\/ciencia.ufpr.br\/portal\/","name":"Ci\u00eancia UFPR","description":"Site de temas cient\u00edficos com foco no conhecimento produzido na Universidade Federal do Paran\u00e1 (UFPR). Baseado na Revista Ci\u00eancia UFPR.","publisher":{"@id":"https:\/\/ciencia.ufpr.br\/portal\/#organization"},"potentialAction":[{"@type":"SearchAction","target":{"@type":"EntryPoint","urlTemplate":"https:\/\/ciencia.ufpr.br\/portal\/?s={search_term_string}"},"query-input":{"@type":"PropertyValueSpecification","valueRequired":true,"valueName":"search_term_string"}}],"inLanguage":"pt-BR"},{"@type":"Organization","@id":"https:\/\/ciencia.ufpr.br\/portal\/#organization","name":"Revista Ci\u00eancia UFPR","url":"https:\/\/ciencia.ufpr.br\/portal\/","logo":{"@type":"ImageObject","inLanguage":"pt-BR","@id":"https:\/\/ciencia.ufpr.br\/portal\/#\/schema\/logo\/image\/","url":"https:\/\/ciencia.ufpr.br\/portal\/wp-content\/uploads\/2020\/12\/Revista-Ciencia-UFPR-vermelho.jpeg","contentUrl":"https:\/\/ciencia.ufpr.br\/portal\/wp-content\/uploads\/2020\/12\/Revista-Ciencia-UFPR-vermelho.jpeg","width":992,"height":714,"caption":"Revista Ci\u00eancia UFPR"},"image":{"@id":"https:\/\/ciencia.ufpr.br\/portal\/#\/schema\/logo\/image\/"},"sameAs":["https:\/\/www.facebook.com\/cienciaufproficial","https:\/\/x.com\/cienciaufpr","https:\/\/www.instagram.com\/revistacienciaufpr\/","https:\/\/www.linkedin.com\/company\/cienciaufproficial","https:\/\/br.pinterest.com\/cienciaufpr\/"]},{"@type":"Person","@id":"https:\/\/ciencia.ufpr.br\/portal\/#\/schema\/person\/562217e00c1aa3a8c132639249490a83","name":"Reda\u00e7\u00e3o Ci\u00eancia UFPR","description":"Site de jornalismo e divulga\u00e7\u00e3o cient\u00edficos sobre o conhecimento produzido na Universidade Federal do Paran\u00e1 (UFPR). Baseado na Revista Ci\u00eancia UFPR, editada pela Superintend\u00eancia de Comunica\u00e7\u00e3o (Sucom) desde 2016.","sameAs":["https:\/\/facebook.com\/cienciaufproficial\/","https:\/\/www.instagram.com\/revistacienciaufpr\/","https:\/\/x.com\/cienciaufpr"],"url":"https:\/\/ciencia.ufpr.br\/portal\/author\/revistacienciaufpr\/"}]}},"views":958,"jetpack_sharing_enabled":true,"jetpack_featured_media_url":"https:\/\/ciencia.ufpr.br\/portal\/wp-content\/uploads\/2024\/07\/3.-Eixo-Humanidades-e-Oceano_Credito_-L32_LEC_UFPR.jpg","_links":{"self":[{"href":"https:\/\/ciencia.ufpr.br\/portal\/wp-json\/wp\/v2\/posts\/25305"}],"collection":[{"href":"https:\/\/ciencia.ufpr.br\/portal\/wp-json\/wp\/v2\/posts"}],"about":[{"href":"https:\/\/ciencia.ufpr.br\/portal\/wp-json\/wp\/v2\/types\/post"}],"author":[{"embeddable":true,"href":"https:\/\/ciencia.ufpr.br\/portal\/wp-json\/wp\/v2\/users\/2806"}],"replies":[{"embeddable":true,"href":"https:\/\/ciencia.ufpr.br\/portal\/wp-json\/wp\/v2\/comments?post=25305"}],"version-history":[{"count":16,"href":"https:\/\/ciencia.ufpr.br\/portal\/wp-json\/wp\/v2\/posts\/25305\/revisions"}],"predecessor-version":[{"id":27442,"href":"https:\/\/ciencia.ufpr.br\/portal\/wp-json\/wp\/v2\/posts\/25305\/revisions\/27442"}],"wp:featuredmedia":[{"embeddable":true,"href":"https:\/\/ciencia.ufpr.br\/portal\/wp-json\/wp\/v2\/media\/25306"}],"wp:attachment":[{"href":"https:\/\/ciencia.ufpr.br\/portal\/wp-json\/wp\/v2\/media?parent=25305"}],"wp:term":[{"taxonomy":"category","embeddable":true,"href":"https:\/\/ciencia.ufpr.br\/portal\/wp-json\/wp\/v2\/categories?post=25305"},{"taxonomy":"post_tag","embeddable":true,"href":"https:\/\/ciencia.ufpr.br\/portal\/wp-json\/wp\/v2\/tags?post=25305"}],"curies":[{"name":"wp","href":"https:\/\/api.w.org\/{rel}","templated":true}]}}