{"id":25204,"date":"2024-07-10T20:05:38","date_gmt":"2024-07-10T23:05:38","guid":{"rendered":"https:\/\/ciencia.ufpr.br\/portal\/?p=25204"},"modified":"2024-08-29T16:26:02","modified_gmt":"2024-08-29T19:26:02","slug":"levantamento-busca-entender-ambientes-de-trabalho-dos-cientistas-sociais-no-brasil","status":"publish","type":"post","link":"https:\/\/ciencia.ufpr.br\/portal\/levantamento-busca-entender-ambientes-de-trabalho-dos-cientistas-sociais-no-brasil\/","title":{"rendered":"Levantamento busca entender ambientes de trabalho dos cientistas sociais no Brasil"},"content":{"rendered":"<h2 class=\"entry-subtitle\" style=\"opacity: 0.65!important;\">Iniciativa da Associa\u00e7\u00e3o Nacional de P\u00f3s-Gradua\u00e7\u00e3o em Ci\u00eancias Sociais (Anpocs) tem como meta mapear perfil e mercado de trabalho de formados em Ci\u00eancias Sociais, Antropologia, Ci\u00eancia Pol\u00edtica e Sociologia<\/h2>\n<p>A Associa\u00e7\u00e3o Nacional de P\u00f3s-Gradua\u00e7\u00e3o em Ci\u00eancias Sociais (Anpocs) recebe respostas para a pesquisa &#8220;Onde est\u00e3o os cientistas sociais? Conhecendo a profiss\u00e3o e o mercado de trabalho&#8221;.<\/p>\n<p>A pesquisa tem como objetivo conhecer mais sobre o mercado de trabalho para pessoas formadas em Ci\u00eancias Sociais, Antropologia, Ci\u00eancia Pol\u00edtica e Sociologia, seja em n\u00edvel de gradua\u00e7\u00e3o ou de p\u00f3s-gradua\u00e7\u00e3o.<\/p>\n<p>O question\u00e1rio pode ser acessado <a href=\"https:\/\/anpocs.org.br\/2024\/07\/01\/onde-estao-os-cientistas-sociais-conhecendo-a-profissao-e-o-mercado-de-trabalho\/\" target=\"_blank\" rel=\"noopener\">neste link<\/a>. O tempo estimado de conclus\u00e3o \u00e9 de 15 a 20 minutos.<\/p>\n<p>Mais informa\u00e7\u00f5es podem ser solicitadas pelo e-mail <a href=\"mailto:secretaria@anpocs.org.br\" target=\"_blank\" rel=\"noopener\">secretaria@anpocs.org.br<\/a>.<\/p>\n<h5 style=\"text-align: right;\"><em>Com informa\u00e7\u00f5es da Anpocs<\/em><\/h5>\n","protected":false},"excerpt":{"rendered":"<p>Iniciativa da Associa\u00e7\u00e3o Nacional de P\u00f3s-Gradua\u00e7\u00e3o em Ci\u00eancias Sociais (Anpocs) tem como meta mapear perfil e mercado de trabalho de&#8230;<\/p>\n","protected":false},"author":2806,"featured_media":25207,"comment_status":"open","ping_status":"closed","sticky":false,"template":"","format":"standard","meta":{"_acf_changed":false,"footnotes":"","fifu_image_url":"","fifu_image_alt":"","_jetpack_memberships_contains_paid_content":false},"categories":[1144,1680],"tags":[2420,2490,2489,2491,2492,1993,2493],"acf":[],"yoast_head":"<!-- This site is optimized with the Yoast SEO plugin v23.5 - https:\/\/yoast.com\/wordpress\/plugins\/seo\/ -->\n<title>Levantamento busca entender ambientes de trabalho dos cientistas sociais no Brasil - Ci\u00eancia UFPR<\/title>\n<meta name=\"robots\" content=\"index, follow, max-snippet:-1, max-image-preview:large, max-video-preview:-1\" \/>\n<link rel=\"canonical\" href=\"https:\/\/ciencia.ufpr.br\/portal\/levantamento-busca-entender-ambientes-de-trabalho-dos-cientistas-sociais-no-brasil\/\" \/>\n<meta property=\"og:locale\" content=\"pt_BR\" \/>\n<meta property=\"og:type\" content=\"article\" \/>\n<meta property=\"og:title\" content=\"Levantamento busca entender ambientes de trabalho dos cientistas sociais no Brasil - Ci\u00eancia UFPR\" \/>\n<meta property=\"og:description\" content=\"Iniciativa da Associa\u00e7\u00e3o Nacional de P\u00f3s-Gradua\u00e7\u00e3o em Ci\u00eancias Sociais (Anpocs) tem como meta mapear perfil e mercado de trabalho de...\" \/>\n<meta property=\"og:url\" content=\"https:\/\/ciencia.ufpr.br\/portal\/levantamento-busca-entender-ambientes-de-trabalho-dos-cientistas-sociais-no-brasil\/\" \/>\n<meta property=\"og:site_name\" content=\"Ci\u00eancia UFPR\" \/>\n<meta property=\"article:publisher\" content=\"https:\/\/www.facebook.com\/cienciaufproficial\" \/>\n<meta property=\"article:author\" content=\"https:\/\/facebook.com\/cienciaufproficial\/\" \/>\n<meta property=\"article:published_time\" content=\"2024-07-10T23:05:38+00:00\" \/>\n<meta property=\"article:modified_time\" content=\"2024-08-29T19:26:02+00:00\" \/>\n<meta property=\"og:image\" content=\"https:\/\/ciencia.ufpr.br\/portal\/wp-content\/uploads\/2024\/07\/Pesquisa-cientistas-sociais2.jpg\" \/>\n\t<meta property=\"og:image:width\" content=\"1920\" \/>\n\t<meta property=\"og:image:height\" content=\"1080\" \/>\n\t<meta property=\"og:image:type\" content=\"image\/jpeg\" \/>\n<meta name=\"author\" content=\"Reda\u00e7\u00e3o Ci\u00eancia UFPR\" \/>\n<meta name=\"twitter:card\" content=\"summary_large_image\" \/>\n<meta name=\"twitter:creator\" content=\"@cienciaufpr\" \/>\n<meta name=\"twitter:site\" content=\"@cienciaufpr\" \/>\n<meta name=\"twitter:label1\" content=\"Escrito por\" \/>\n\t<meta name=\"twitter:data1\" content=\"Reda\u00e7\u00e3o Ci\u00eancia UFPR\" \/>\n\t<meta name=\"twitter:label2\" content=\"Est. tempo de leitura\" \/>\n\t<meta name=\"twitter:data2\" content=\"1 minuto\" \/>\n<script type=\"application\/ld+json\" class=\"yoast-schema-graph\">{\"@context\":\"https:\/\/schema.org\",\"@graph\":[{\"@type\":\"Article\",\"@id\":\"https:\/\/ciencia.ufpr.br\/portal\/levantamento-busca-entender-ambientes-de-trabalho-dos-cientistas-sociais-no-brasil\/#article\",\"isPartOf\":{\"@id\":\"https:\/\/ciencia.ufpr.br\/portal\/levantamento-busca-entender-ambientes-de-trabalho-dos-cientistas-sociais-no-brasil\/\"},\"author\":{\"name\":\"Reda\u00e7\u00e3o Ci\u00eancia UFPR\",\"@id\":\"https:\/\/ciencia.ufpr.br\/portal\/#\/schema\/person\/562217e00c1aa3a8c132639249490a83\"},\"headline\":\"Levantamento busca entender ambientes de trabalho dos cientistas sociais no Brasil\",\"datePublished\":\"2024-07-10T23:05:38+00:00\",\"dateModified\":\"2024-08-29T19:26:02+00:00\",\"mainEntityOfPage\":{\"@id\":\"https:\/\/ciencia.ufpr.br\/portal\/levantamento-busca-entender-ambientes-de-trabalho-dos-cientistas-sociais-no-brasil\/\"},\"wordCount\":152,\"commentCount\":0,\"publisher\":{\"@id\":\"https:\/\/ciencia.ufpr.br\/portal\/#organization\"},\"image\":{\"@id\":\"https:\/\/ciencia.ufpr.br\/portal\/levantamento-busca-entender-ambientes-de-trabalho-dos-cientistas-sociais-no-brasil\/#primaryimage\"},\"thumbnailUrl\":\"https:\/\/ciencia.ufpr.br\/portal\/wp-content\/uploads\/2024\/07\/Pesquisa-cientistas-sociais2.jpg\",\"keywords\":[\"2024\",\"Anpocs\",\"Associa\u00e7\u00e3o Nacional de P\u00f3s-Gradua\u00e7\u00e3o em Ci\u00eancias Sociais\",\"ci\u00eancias sociais\",\"mercado de trabalho\",\"pesquisa\",\"survey\"],\"articleSection\":[\"Agenda\",\"Eventos\"],\"inLanguage\":\"pt-BR\",\"potentialAction\":[{\"@type\":\"CommentAction\",\"name\":\"Comment\",\"target\":[\"https:\/\/ciencia.ufpr.br\/portal\/levantamento-busca-entender-ambientes-de-trabalho-dos-cientistas-sociais-no-brasil\/#respond\"]}]},{\"@type\":\"WebPage\",\"@id\":\"https:\/\/ciencia.ufpr.br\/portal\/levantamento-busca-entender-ambientes-de-trabalho-dos-cientistas-sociais-no-brasil\/\",\"url\":\"https:\/\/ciencia.ufpr.br\/portal\/levantamento-busca-entender-ambientes-de-trabalho-dos-cientistas-sociais-no-brasil\/\",\"name\":\"Levantamento busca entender ambientes de trabalho dos cientistas sociais no Brasil - Ci\u00eancia UFPR\",\"isPartOf\":{\"@id\":\"https:\/\/ciencia.ufpr.br\/portal\/#website\"},\"primaryImageOfPage\":{\"@id\":\"https:\/\/ciencia.ufpr.br\/portal\/levantamento-busca-entender-ambientes-de-trabalho-dos-cientistas-sociais-no-brasil\/#primaryimage\"},\"image\":{\"@id\":\"https:\/\/ciencia.ufpr.br\/portal\/levantamento-busca-entender-ambientes-de-trabalho-dos-cientistas-sociais-no-brasil\/#primaryimage\"},\"thumbnailUrl\":\"https:\/\/ciencia.ufpr.br\/portal\/wp-content\/uploads\/2024\/07\/Pesquisa-cientistas-sociais2.jpg\",\"datePublished\":\"2024-07-10T23:05:38+00:00\",\"dateModified\":\"2024-08-29T19:26:02+00:00\",\"breadcrumb\":{\"@id\":\"https:\/\/ciencia.ufpr.br\/portal\/levantamento-busca-entender-ambientes-de-trabalho-dos-cientistas-sociais-no-brasil\/#breadcrumb\"},\"inLanguage\":\"pt-BR\",\"potentialAction\":[{\"@type\":\"ReadAction\",\"target\":[\"https:\/\/ciencia.ufpr.br\/portal\/levantamento-busca-entender-ambientes-de-trabalho-dos-cientistas-sociais-no-brasil\/\"]}]},{\"@type\":\"ImageObject\",\"inLanguage\":\"pt-BR\",\"@id\":\"https:\/\/ciencia.ufpr.br\/portal\/levantamento-busca-entender-ambientes-de-trabalho-dos-cientistas-sociais-no-brasil\/#primaryimage\",\"url\":\"https:\/\/ciencia.ufpr.br\/portal\/wp-content\/uploads\/2024\/07\/Pesquisa-cientistas-sociais2.jpg\",\"contentUrl\":\"https:\/\/ciencia.ufpr.br\/portal\/wp-content\/uploads\/2024\/07\/Pesquisa-cientistas-sociais2.jpg\",\"width\":1920,\"height\":1080},{\"@type\":\"BreadcrumbList\",\"@id\":\"https:\/\/ciencia.ufpr.br\/portal\/levantamento-busca-entender-ambientes-de-trabalho-dos-cientistas-sociais-no-brasil\/#breadcrumb\",\"itemListElement\":[{\"@type\":\"ListItem\",\"position\":1,\"name\":\"Home\",\"item\":\"https:\/\/ciencia.ufpr.br\/portal\/\"},{\"@type\":\"ListItem\",\"position\":2,\"name\":\"Levantamento busca entender ambientes de trabalho dos cientistas sociais no Brasil\"}]},{\"@type\":\"WebSite\",\"@id\":\"https:\/\/ciencia.ufpr.br\/portal\/#website\",\"url\":\"https:\/\/ciencia.ufpr.br\/portal\/\",\"name\":\"Ci\u00eancia UFPR\",\"description\":\"Site de temas cient\u00edficos com foco no conhecimento produzido na Universidade Federal do Paran\u00e1 (UFPR). Baseado na Revista Ci\u00eancia UFPR.\",\"publisher\":{\"@id\":\"https:\/\/ciencia.ufpr.br\/portal\/#organization\"},\"potentialAction\":[{\"@type\":\"SearchAction\",\"target\":{\"@type\":\"EntryPoint\",\"urlTemplate\":\"https:\/\/ciencia.ufpr.br\/portal\/?s={search_term_string}\"},\"query-input\":{\"@type\":\"PropertyValueSpecification\",\"valueRequired\":true,\"valueName\":\"search_term_string\"}}],\"inLanguage\":\"pt-BR\"},{\"@type\":\"Organization\",\"@id\":\"https:\/\/ciencia.ufpr.br\/portal\/#organization\",\"name\":\"Revista Ci\u00eancia UFPR\",\"url\":\"https:\/\/ciencia.ufpr.br\/portal\/\",\"logo\":{\"@type\":\"ImageObject\",\"inLanguage\":\"pt-BR\",\"@id\":\"https:\/\/ciencia.ufpr.br\/portal\/#\/schema\/logo\/image\/\",\"url\":\"https:\/\/ciencia.ufpr.br\/portal\/wp-content\/uploads\/2020\/12\/Revista-Ciencia-UFPR-vermelho.jpeg\",\"contentUrl\":\"https:\/\/ciencia.ufpr.br\/portal\/wp-content\/uploads\/2020\/12\/Revista-Ciencia-UFPR-vermelho.jpeg\",\"width\":992,\"height\":714,\"caption\":\"Revista Ci\u00eancia UFPR\"},\"image\":{\"@id\":\"https:\/\/ciencia.ufpr.br\/portal\/#\/schema\/logo\/image\/\"},\"sameAs\":[\"https:\/\/www.facebook.com\/cienciaufproficial\",\"https:\/\/x.com\/cienciaufpr\",\"https:\/\/www.instagram.com\/revistacienciaufpr\/\",\"https:\/\/www.linkedin.com\/company\/cienciaufproficial\",\"https:\/\/br.pinterest.com\/cienciaufpr\/\"]},{\"@type\":\"Person\",\"@id\":\"https:\/\/ciencia.ufpr.br\/portal\/#\/schema\/person\/562217e00c1aa3a8c132639249490a83\",\"name\":\"Reda\u00e7\u00e3o Ci\u00eancia UFPR\",\"description\":\"Site de jornalismo e divulga\u00e7\u00e3o cient\u00edficos sobre o conhecimento produzido na Universidade Federal do Paran\u00e1 (UFPR). Baseado na Revista Ci\u00eancia UFPR, editada pela Superintend\u00eancia de Comunica\u00e7\u00e3o (Sucom) desde 2016.\",\"sameAs\":[\"https:\/\/facebook.com\/cienciaufproficial\/\",\"https:\/\/www.instagram.com\/revistacienciaufpr\/\",\"https:\/\/x.com\/cienciaufpr\"],\"url\":\"https:\/\/ciencia.ufpr.br\/portal\/author\/revistacienciaufpr\/\"}]}<\/script>\n<!-- \/ Yoast SEO plugin. -->","yoast_head_json":{"title":"Levantamento busca entender ambientes de trabalho dos cientistas sociais no Brasil - Ci\u00eancia UFPR","robots":{"index":"index","follow":"follow","max-snippet":"max-snippet:-1","max-image-preview":"max-image-preview:large","max-video-preview":"max-video-preview:-1"},"canonical":"https:\/\/ciencia.ufpr.br\/portal\/levantamento-busca-entender-ambientes-de-trabalho-dos-cientistas-sociais-no-brasil\/","og_locale":"pt_BR","og_type":"article","og_title":"Levantamento busca entender ambientes de trabalho dos cientistas sociais no Brasil - Ci\u00eancia UFPR","og_description":"Iniciativa da Associa\u00e7\u00e3o Nacional de P\u00f3s-Gradua\u00e7\u00e3o em Ci\u00eancias Sociais (Anpocs) tem como meta mapear perfil e mercado de trabalho de...","og_url":"https:\/\/ciencia.ufpr.br\/portal\/levantamento-busca-entender-ambientes-de-trabalho-dos-cientistas-sociais-no-brasil\/","og_site_name":"Ci\u00eancia UFPR","article_publisher":"https:\/\/www.facebook.com\/cienciaufproficial","article_author":"https:\/\/facebook.com\/cienciaufproficial\/","article_published_time":"2024-07-10T23:05:38+00:00","article_modified_time":"2024-08-29T19:26:02+00:00","og_image":[{"width":1920,"height":1080,"url":"https:\/\/ciencia.ufpr.br\/portal\/wp-content\/uploads\/2024\/07\/Pesquisa-cientistas-sociais2.jpg","type":"image\/jpeg"}],"author":"Reda\u00e7\u00e3o Ci\u00eancia UFPR","twitter_card":"summary_large_image","twitter_creator":"@cienciaufpr","twitter_site":"@cienciaufpr","twitter_misc":{"Escrito por":"Reda\u00e7\u00e3o Ci\u00eancia UFPR","Est. tempo de leitura":"1 minuto"},"schema":{"@context":"https:\/\/schema.org","@graph":[{"@type":"Article","@id":"https:\/\/ciencia.ufpr.br\/portal\/levantamento-busca-entender-ambientes-de-trabalho-dos-cientistas-sociais-no-brasil\/#article","isPartOf":{"@id":"https:\/\/ciencia.ufpr.br\/portal\/levantamento-busca-entender-ambientes-de-trabalho-dos-cientistas-sociais-no-brasil\/"},"author":{"name":"Reda\u00e7\u00e3o Ci\u00eancia UFPR","@id":"https:\/\/ciencia.ufpr.br\/portal\/#\/schema\/person\/562217e00c1aa3a8c132639249490a83"},"headline":"Levantamento busca entender ambientes de trabalho dos cientistas sociais no Brasil","datePublished":"2024-07-10T23:05:38+00:00","dateModified":"2024-08-29T19:26:02+00:00","mainEntityOfPage":{"@id":"https:\/\/ciencia.ufpr.br\/portal\/levantamento-busca-entender-ambientes-de-trabalho-dos-cientistas-sociais-no-brasil\/"},"wordCount":152,"commentCount":0,"publisher":{"@id":"https:\/\/ciencia.ufpr.br\/portal\/#organization"},"image":{"@id":"https:\/\/ciencia.ufpr.br\/portal\/levantamento-busca-entender-ambientes-de-trabalho-dos-cientistas-sociais-no-brasil\/#primaryimage"},"thumbnailUrl":"https:\/\/ciencia.ufpr.br\/portal\/wp-content\/uploads\/2024\/07\/Pesquisa-cientistas-sociais2.jpg","keywords":["2024","Anpocs","Associa\u00e7\u00e3o Nacional de P\u00f3s-Gradua\u00e7\u00e3o em Ci\u00eancias Sociais","ci\u00eancias sociais","mercado de trabalho","pesquisa","survey"],"articleSection":["Agenda","Eventos"],"inLanguage":"pt-BR","potentialAction":[{"@type":"CommentAction","name":"Comment","target":["https:\/\/ciencia.ufpr.br\/portal\/levantamento-busca-entender-ambientes-de-trabalho-dos-cientistas-sociais-no-brasil\/#respond"]}]},{"@type":"WebPage","@id":"https:\/\/ciencia.ufpr.br\/portal\/levantamento-busca-entender-ambientes-de-trabalho-dos-cientistas-sociais-no-brasil\/","url":"https:\/\/ciencia.ufpr.br\/portal\/levantamento-busca-entender-ambientes-de-trabalho-dos-cientistas-sociais-no-brasil\/","name":"Levantamento busca entender ambientes de trabalho dos cientistas sociais no Brasil - Ci\u00eancia UFPR","isPartOf":{"@id":"https:\/\/ciencia.ufpr.br\/portal\/#website"},"primaryImageOfPage":{"@id":"https:\/\/ciencia.ufpr.br\/portal\/levantamento-busca-entender-ambientes-de-trabalho-dos-cientistas-sociais-no-brasil\/#primaryimage"},"image":{"@id":"https:\/\/ciencia.ufpr.br\/portal\/levantamento-busca-entender-ambientes-de-trabalho-dos-cientistas-sociais-no-brasil\/#primaryimage"},"thumbnailUrl":"https:\/\/ciencia.ufpr.br\/portal\/wp-content\/uploads\/2024\/07\/Pesquisa-cientistas-sociais2.jpg","datePublished":"2024-07-10T23:05:38+00:00","dateModified":"2024-08-29T19:26:02+00:00","breadcrumb":{"@id":"https:\/\/ciencia.ufpr.br\/portal\/levantamento-busca-entender-ambientes-de-trabalho-dos-cientistas-sociais-no-brasil\/#breadcrumb"},"inLanguage":"pt-BR","potentialAction":[{"@type":"ReadAction","target":["https:\/\/ciencia.ufpr.br\/portal\/levantamento-busca-entender-ambientes-de-trabalho-dos-cientistas-sociais-no-brasil\/"]}]},{"@type":"ImageObject","inLanguage":"pt-BR","@id":"https:\/\/ciencia.ufpr.br\/portal\/levantamento-busca-entender-ambientes-de-trabalho-dos-cientistas-sociais-no-brasil\/#primaryimage","url":"https:\/\/ciencia.ufpr.br\/portal\/wp-content\/uploads\/2024\/07\/Pesquisa-cientistas-sociais2.jpg","contentUrl":"https:\/\/ciencia.ufpr.br\/portal\/wp-content\/uploads\/2024\/07\/Pesquisa-cientistas-sociais2.jpg","width":1920,"height":1080},{"@type":"BreadcrumbList","@id":"https:\/\/ciencia.ufpr.br\/portal\/levantamento-busca-entender-ambientes-de-trabalho-dos-cientistas-sociais-no-brasil\/#breadcrumb","itemListElement":[{"@type":"ListItem","position":1,"name":"Home","item":"https:\/\/ciencia.ufpr.br\/portal\/"},{"@type":"ListItem","position":2,"name":"Levantamento busca entender ambientes de trabalho dos cientistas sociais no Brasil"}]},{"@type":"WebSite","@id":"https:\/\/ciencia.ufpr.br\/portal\/#website","url":"https:\/\/ciencia.ufpr.br\/portal\/","name":"Ci\u00eancia UFPR","description":"Site de temas cient\u00edficos com foco no conhecimento produzido na Universidade Federal do Paran\u00e1 (UFPR). Baseado na Revista Ci\u00eancia UFPR.","publisher":{"@id":"https:\/\/ciencia.ufpr.br\/portal\/#organization"},"potentialAction":[{"@type":"SearchAction","target":{"@type":"EntryPoint","urlTemplate":"https:\/\/ciencia.ufpr.br\/portal\/?s={search_term_string}"},"query-input":{"@type":"PropertyValueSpecification","valueRequired":true,"valueName":"search_term_string"}}],"inLanguage":"pt-BR"},{"@type":"Organization","@id":"https:\/\/ciencia.ufpr.br\/portal\/#organization","name":"Revista Ci\u00eancia UFPR","url":"https:\/\/ciencia.ufpr.br\/portal\/","logo":{"@type":"ImageObject","inLanguage":"pt-BR","@id":"https:\/\/ciencia.ufpr.br\/portal\/#\/schema\/logo\/image\/","url":"https:\/\/ciencia.ufpr.br\/portal\/wp-content\/uploads\/2020\/12\/Revista-Ciencia-UFPR-vermelho.jpeg","contentUrl":"https:\/\/ciencia.ufpr.br\/portal\/wp-content\/uploads\/2020\/12\/Revista-Ciencia-UFPR-vermelho.jpeg","width":992,"height":714,"caption":"Revista Ci\u00eancia UFPR"},"image":{"@id":"https:\/\/ciencia.ufpr.br\/portal\/#\/schema\/logo\/image\/"},"sameAs":["https:\/\/www.facebook.com\/cienciaufproficial","https:\/\/x.com\/cienciaufpr","https:\/\/www.instagram.com\/revistacienciaufpr\/","https:\/\/www.linkedin.com\/company\/cienciaufproficial","https:\/\/br.pinterest.com\/cienciaufpr\/"]},{"@type":"Person","@id":"https:\/\/ciencia.ufpr.br\/portal\/#\/schema\/person\/562217e00c1aa3a8c132639249490a83","name":"Reda\u00e7\u00e3o Ci\u00eancia UFPR","description":"Site de jornalismo e divulga\u00e7\u00e3o cient\u00edficos sobre o conhecimento produzido na Universidade Federal do Paran\u00e1 (UFPR). Baseado na Revista Ci\u00eancia UFPR, editada pela Superintend\u00eancia de Comunica\u00e7\u00e3o (Sucom) desde 2016.","sameAs":["https:\/\/facebook.com\/cienciaufproficial\/","https:\/\/www.instagram.com\/revistacienciaufpr\/","https:\/\/x.com\/cienciaufpr"],"url":"https:\/\/ciencia.ufpr.br\/portal\/author\/revistacienciaufpr\/"}]}},"views":595,"jetpack_sharing_enabled":true,"jetpack_featured_media_url":"https:\/\/ciencia.ufpr.br\/portal\/wp-content\/uploads\/2024\/07\/Pesquisa-cientistas-sociais2.jpg","_links":{"self":[{"href":"https:\/\/ciencia.ufpr.br\/portal\/wp-json\/wp\/v2\/posts\/25204"}],"collection":[{"href":"https:\/\/ciencia.ufpr.br\/portal\/wp-json\/wp\/v2\/posts"}],"about":[{"href":"https:\/\/ciencia.ufpr.br\/portal\/wp-json\/wp\/v2\/types\/post"}],"author":[{"embeddable":true,"href":"https:\/\/ciencia.ufpr.br\/portal\/wp-json\/wp\/v2\/users\/2806"}],"replies":[{"embeddable":true,"href":"https:\/\/ciencia.ufpr.br\/portal\/wp-json\/wp\/v2\/comments?post=25204"}],"version-history":[{"count":7,"href":"https:\/\/ciencia.ufpr.br\/portal\/wp-json\/wp\/v2\/posts\/25204\/revisions"}],"predecessor-version":[{"id":25356,"href":"https:\/\/ciencia.ufpr.br\/portal\/wp-json\/wp\/v2\/posts\/25204\/revisions\/25356"}],"wp:featuredmedia":[{"embeddable":true,"href":"https:\/\/ciencia.ufpr.br\/portal\/wp-json\/wp\/v2\/media\/25207"}],"wp:attachment":[{"href":"https:\/\/ciencia.ufpr.br\/portal\/wp-json\/wp\/v2\/media?parent=25204"}],"wp:term":[{"taxonomy":"category","embeddable":true,"href":"https:\/\/ciencia.ufpr.br\/portal\/wp-json\/wp\/v2\/categories?post=25204"},{"taxonomy":"post_tag","embeddable":true,"href":"https:\/\/ciencia.ufpr.br\/portal\/wp-json\/wp\/v2\/tags?post=25204"}],"curies":[{"name":"wp","href":"https:\/\/api.w.org\/{rel}","templated":true}]}}