{"id":25058,"date":"2024-03-08T07:42:50","date_gmt":"2024-03-08T10:42:50","guid":{"rendered":"https:\/\/ciencia.ufpr.br\/portal\/?p=25058"},"modified":"2025-12-29T19:18:42","modified_gmt":"2025-12-29T22:18:42","slug":"por-que-e-melhor-evitar-produtos-de-higiene-infantil-que-contem-perfume","status":"publish","type":"post","link":"https:\/\/ciencia.ufpr.br\/portal\/por-que-e-melhor-evitar-produtos-de-higiene-infantil-que-contem-perfume\/","title":{"rendered":"Por que \u00e9 melhor evitar produtos de higiene infantil que cont\u00eam perfume"},"content":{"rendered":"<p><a href=\"https:\/\/www.frontiersin.org\/journals\/psychology\/articles\/10.3389\/fpsyg.2013.00597\/full\" target=\"_blank\" rel=\"noopener\"><span data-contrast=\"none\">Estudos cient\u00edficos<\/span><\/a><span data-contrast=\"auto\"> j\u00e1 comprovaram que o cheirinho de beb\u00eas rec\u00e9m-nascidos produz grande quantidade do horm\u00f4nio dopamina, causando o mesmo efeito de recompensa e satisfa\u00e7\u00e3o que ocorre com a comida, tabaco ou drogas, no caso de pessoas viciadas nas subst\u00e2ncias. Mas se esse aroma \u00e9 t\u00e3o bom, por qual raz\u00e3o as empresas de cosm\u00e9ticos e de artigos de higiene insistem em desenvolver produtos com fragr\u00e2ncia destinados a esse p\u00fablico?<\/span><span data-ccp-props=\"{&quot;134233117&quot;:false,&quot;134233118&quot;:false,&quot;201341983&quot;:0,&quot;335551550&quot;:1,&quot;335551620&quot;:1,&quot;335559685&quot;:0,&quot;335559737&quot;:0,&quot;335559738&quot;:0,&quot;335559739&quot;:160,&quot;335559740&quot;:259}\">\u00a0<\/span><\/p>\n<p><span data-contrast=\"auto\">A resposta est\u00e1 na quest\u00e3o cultural que, principalmente no Brasil, tem rela\u00e7\u00e3o muito forte com a utiliza\u00e7\u00e3o de perfumes. Mas, ao fomentar essa tradi\u00e7\u00e3o, os pais podem acabar expondo desnecessariamente os filhos a elementos causadores de efeitos colaterais como alergias e dermatites, entre outras consequ\u00eancias nocivas para a sa\u00fade. <\/span><span data-ccp-props=\"{&quot;201341983&quot;:0,&quot;335559739&quot;:160,&quot;335559740&quot;:259}\">\u00a0<\/span><\/p>\n<p><span data-contrast=\"auto\">Um estudo desenvolvido por pesquisadoras do Departamento de Pediatria da Universidade Federal do Paran\u00e1 (UFPR) analisou 398 r\u00f3tulos de cosm\u00e9ticos infantis do mercado brasileiro buscando a presen\u00e7a de perfume ou fragr\u00e2ncia entre os ingredientes. A conclus\u00e3o, <\/span><a href=\"https:\/\/www.jped.com.br\/en-frequency-perfume-in-398-children39s-articulo-S0021755723001389\"><span data-contrast=\"none\">publicada em artigo no <em>Jornal de Pediatria<\/em><\/span><\/a><span data-contrast=\"auto\">, mostra que mais de 70% dos r\u00f3tulos apresentavam as subst\u00e2ncias, que apareceram em 90% dos xampus e em 79% dos len\u00e7os umedecidos.<\/span><span data-ccp-props=\"{&quot;201341983&quot;:0,&quot;335559739&quot;:160,&quot;335559740&quot;:259}\">\u00a0<\/span><\/p>\n<p><span data-contrast=\"auto\">Al\u00e9m desses produtos, foram analisadas embalagens de sabonetes l\u00edquidos, sabonetes em barra, condicionadores, hidratantes, cremes para preven\u00e7\u00e3o de assaduras, protetores solares e repelentes, todos indicados para uso infantil.<\/span><span data-ccp-props=\"{&quot;201341983&quot;:0,&quot;335559739&quot;:160,&quot;335559740&quot;:259}\">\u00a0<\/span><\/p>\n<h2>Norma n\u00e3o obriga ind\u00fastria a detalhar composi\u00e7\u00e3o do &#8220;parfum&#8221;<\/h2>\n<p><span data-contrast=\"auto\">O perfume, na maioria das vezes descrito como \u201cparfum\u201d, \u00e9 uma mistura de subst\u00e2ncias n\u00e3o reveladas pelo fabricante \u2014 pois esta n\u00e3o \u00e9 uma exig\u00eancia da Ag\u00eancia Nacional de Vigil\u00e2ncia Sanit\u00e1ria (Anvisa) \u2014, que pode conter ingredientes com potencial para ocasionar danos a quem o utiliza.<\/span><span data-ccp-props=\"{&quot;201341983&quot;:0,&quot;335559739&quot;:160,&quot;335559740&quot;:259}\">\u00a0<\/span><\/p>\n<figure id=\"attachment_25125\" aria-describedby=\"caption-attachment-25125\" style=\"width: 580px\" class=\"wp-caption alignleft\"><a href=\"https:\/\/ciencia.ufpr.br\/portal\/wp-content\/uploads\/2024\/03\/info-perfumes-em-cosmeticos-infantis.jpg\"><img loading=\"lazy\" decoding=\"async\" class=\"wp-image-25125\" src=\"https:\/\/ciencia.ufpr.br\/portal\/wp-content\/uploads\/2024\/03\/info-perfumes-em-cosmeticos-infantis.jpg\" alt=\"\" width=\"580\" height=\"580\" srcset=\"https:\/\/ciencia.ufpr.br\/portal\/wp-content\/uploads\/2024\/03\/info-perfumes-em-cosmeticos-infantis.jpg 840w, https:\/\/ciencia.ufpr.br\/portal\/wp-content\/uploads\/2024\/03\/info-perfumes-em-cosmeticos-infantis-300x300.jpg 300w, https:\/\/ciencia.ufpr.br\/portal\/wp-content\/uploads\/2024\/03\/info-perfumes-em-cosmeticos-infantis-150x150.jpg 150w, https:\/\/ciencia.ufpr.br\/portal\/wp-content\/uploads\/2024\/03\/info-perfumes-em-cosmeticos-infantis-768x768.jpg 768w, https:\/\/ciencia.ufpr.br\/portal\/wp-content\/uploads\/2024\/03\/info-perfumes-em-cosmeticos-infantis-96x96.jpg 96w\" sizes=\"(max-width: 580px) 100vw, 580px\" \/><\/a><figcaption id=\"caption-attachment-25125\" class=\"wp-caption-text\">(Clique para ampliar)<\/figcaption><\/figure>\n<p><span data-contrast=\"auto\">A dermatite de contato \u00e9 uma das doen\u00e7as que pode ser causada pelo uso dessas subst\u00e2ncias. \u201cOs ingredientes que comp\u00f5em os perfumes s\u00e3o muito variados, mas muitos deles est\u00e3o evidentemente associados \u00e0 dermatite de contato na crian\u00e7a e no adulto e esta \u00e9 uma doen\u00e7a que tende a ser pior quanto mais precoce for o contato\u201d, revela Marjorie Uber, primeira autora do artigo, \u00e0 <em>Ci\u00eancia UFPR<\/em>.<\/span><span data-ccp-props=\"{&quot;201341983&quot;:0,&quot;335559739&quot;:160,&quot;335559740&quot;:259}\">\u00a0<\/span><\/p>\n<p><span data-contrast=\"auto\">A professora V\u00e2nia Oliveira de Carvalho, que tamb\u00e9m coordena o curso de especializa\u00e7\u00e3o em dermatologia pedi\u00e1trica da UFPR, explica que as crian\u00e7as t\u00eam uma pele mais fina e com uma barreira cut\u00e2nea menos efetiva, o que facilita a penetra\u00e7\u00e3o de subst\u00e2ncias que causam sensibiliza\u00e7\u00e3o. <\/span><\/p>\n<blockquote><p><span data-contrast=\"auto\">\u201cPor este motivo, crian\u00e7as devem ter menos contato com subst\u00e2ncias com potencial sensibilizante\u201d.\u00a0<\/span><span data-ccp-props=\"{&quot;201341983&quot;:0,&quot;335559739&quot;:160,&quot;335559740&quot;:259}\">\u00a0<\/span><\/p><\/blockquote>\n<p><span data-contrast=\"auto\">Estat\u00edsticas mostram que <a href=\"https:\/\/www.ncbi.nlm.nih.gov\/pmc\/articles\/PMC2828457\/\" target=\"_blank\" rel=\"noopener\">os casos de dermatite de contato al\u00e9rgica, antigamente raros em crian\u00e7as, aumentaram em n\u00famero de diagn\u00f3sticos nas \u00faltimas d\u00e9cadas<\/a> e que a sensibiliza\u00e7\u00e3o est\u00e1 ocorrendo principalmente ao longo dos tr\u00eas primeiros anos de vida.<\/span><span data-ccp-props=\"{&quot;201341983&quot;:0,&quot;335559739&quot;:160,&quot;335559740&quot;:259}\">\u00a0<\/span><\/p>\n<p><span data-contrast=\"auto\">Por isso, a recomenda\u00e7\u00e3o das especialistas \u00e9 evitar cosm\u00e9ticos com fragr\u00e2ncia sint\u00e9tica como uma atitude que deve perdurar por toda a vida, n\u00e3o apenas na inf\u00e2ncia. <\/span><\/p>\n<p><span data-contrast=\"auto\">\u201cN\u00e3o existe uma idade em que eles se tornem mais seguros, sobretudo pelo fato de o seu uso ser frequente, por anos, e os efeitos nocivos podem ocorrer ap\u00f3s anos de absor\u00e7\u00e3o cut\u00e2nea destes ingredientes\u201d, afirma Marjorie.<\/span><span data-ccp-props=\"{&quot;201341983&quot;:0,&quot;335559739&quot;:160,&quot;335559740&quot;:259}\">\u00a0<\/span><\/p>\n<blockquote><p>Dessa forma, os respons\u00e1veis por crian\u00e7as devem usar o bom senso para escolher os produtos de higiene, seguindo a recomenda\u00e7\u00e3o de n\u00e3o deixar de lado produtos importantes \u00e0 sa\u00fade, como repelentes (que podem ser usados a partir dos tr\u00eas meses de vida) e protetores solares (a partir dos seis meses).<\/p><\/blockquote>\n<p>&#8220;A quest\u00e3o \u00e9 que assim: dentre um pool de len\u00e7os umedecidos, por exemplo, h\u00e1 produtos sem fragr\u00e2ncia com mesmo valor de outros com. Mas as pessoas simplesmente n\u00e3o se atentam a isso&#8221;, avalia Marjorie.<\/p>\n<h2>Aos pais, resta prestar aten\u00e7\u00e3o aos r\u00f3tulos e cortar produtos desnecess\u00e1rios<\/h2>\n<p><span data-contrast=\"auto\">Outra importante orienta\u00e7\u00e3o \u00e9 ler os r\u00f3tulos dos produtos antes de adquiri-los e evitar artigos que apresentem \u201cparfum\u201d na descri\u00e7\u00e3o, pois n\u00e3o \u00e9 poss\u00edvel saber quais subst\u00e2ncias de fato est\u00e3o na f\u00f3rmula. <\/span><\/p>\n<blockquote><p><span data-contrast=\"auto\">\u201cAlguns ingredientes de fragr\u00e2ncia, como \u2018Linalool\u2019 e \u2018Limonene\u2019, s\u00e3o adicionados \u00e0s formula\u00e7\u00f5es para conferir cheiro agrad\u00e1vel. Isso pode enganar o consumidor, pois s\u00e3o ingredientes espec\u00edficos e, nestes casos, eles estar\u00e3o descritos deste modo e n\u00e3o como \u2018parfum\u2019\u201d, acrescenta a pesquisadora.\u00a0<\/span><span data-ccp-props=\"{&quot;134233117&quot;:false,&quot;134233118&quot;:false,&quot;201341983&quot;:0,&quot;335551550&quot;:1,&quot;335551620&quot;:1,&quot;335559685&quot;:0,&quot;335559737&quot;:0,&quot;335559738&quot;:0,&quot;335559739&quot;:160,&quot;335559740&quot;:259}\">\u00a0<\/span><\/p><\/blockquote>\n<p><span data-contrast=\"auto\">Cosm\u00e9ticos descritos como sendo de origem natural ou contendo \u00f3leos essenciais tamb\u00e9m devem ser analisados criticamente. &#8220;Podem apresentar os mesmos riscos para a sa\u00fade do que produtos sint\u00e9ticos\u201d, aconselha Kerstin Taniguchi Abagge, tamb\u00e9m professora de Pediatria na UFPR.<\/span><span data-ccp-props=\"{&quot;134233117&quot;:false,&quot;134233118&quot;:false,&quot;201341983&quot;:0,&quot;335551550&quot;:1,&quot;335551620&quot;:1,&quot;335559685&quot;:0,&quot;335559737&quot;:0,&quot;335559738&quot;:0,&quot;335559739&quot;:160,&quot;335559740&quot;:259}\">\u00a0<\/span><\/p>\n<p><span data-contrast=\"auto\">Ela ressalta que buscar informa\u00e7\u00f5es de fontes confi\u00e1veis \u00e9 a principal forma de se resguardar. <\/span><\/p>\n<blockquote><p><span data-contrast=\"auto\">\u201cSites como o da <a href=\"https:\/\/www.sbp.com.br\/especiais\/pediatria-para-familias\/doencas\/dermatite-atopica-que-doenca-e-esta\/\" target=\"_blank\" rel=\"noopener\">Sociedade Brasileira de Pediatria<\/a> trazem v\u00e1rios documentos cient\u00edficos para os profissionais da sa\u00fade e para os pais. Mas, obviamente, as ind\u00fastrias est\u00e3o atentas a isso, mudando a formula\u00e7\u00e3o dos seus produtos, utilizando menos corantes, surfactantes menos agressivos, menos perfumes e menor quantidade de subst\u00e2ncias irritantes\u201d.<\/span><span data-ccp-props=\"{&quot;201341983&quot;:0,&quot;335559739&quot;:160,&quot;335559740&quot;:259}\">\u00a0<\/span><\/p><\/blockquote>\n<h2><b><span data-contrast=\"auto\">Para as pediatras, regulamenta\u00e7\u00e3o deveria ser mais rigorosa<\/span><\/b><\/h2>\n<p><span data-contrast=\"auto\">As pesquisadoras reivindicam a obrigatoriedade da descri\u00e7\u00e3o de todos os ingredientes e\u00a0concentra\u00e7\u00f5es que comp\u00f5em o termo \u201cparfum\u201d, al\u00e9m de uma regulamenta\u00e7\u00e3o mais r\u00edgida, exigindo estudos que provem a aus\u00eancia de risco carcinog\u00eanico ou efeito hormonal antes da libera\u00e7\u00e3o de um ingrediente cosm\u00e9tico para uso infantil.<\/span><span data-ccp-props=\"{&quot;201341983&quot;:0,&quot;335559739&quot;:160,&quot;335559740&quot;:259}\">\u00a0<\/span><\/p>\n<p><span data-contrast=\"auto\">Avaliam que as regulamenta\u00e7\u00f5es sobre cosm\u00e9ticos infantis costumam diferir das regulamenta\u00e7\u00f5es para adultos e, apesar de serem baseadas em conhecimentos cient\u00edficos atuais, esses estudos ainda s\u00e3o limitados no que diz respeito aos efeitos dos ingredientes cosm\u00e9ticos. <\/span><span data-ccp-props=\"{&quot;201341983&quot;:0,&quot;335559739&quot;:160,&quot;335559740&quot;:259}\">\u00a0<\/span><\/p>\n<p><span data-contrast=\"auto\">\u201cS\u00e3o necess\u00e1rios estudos que demonstrem, de forma categ\u00f3rica, quais s\u00e3o os efeitos efetivos dessas subst\u00e2ncias na sa\u00fade do ser humano, especificamente das crian\u00e7as. Respostas a perguntas que envolvam quais concentra\u00e7\u00f5es, qual o tempo de exposi\u00e7\u00e3o preciso para que esses efeitos aconte\u00e7am, se a exposi\u00e7\u00e3o a longo prazo \u00e9 prejudicial e quais seriam os efeitos cumulativos s\u00e3o importantes para a regulamenta\u00e7\u00e3o desses produtos\u201d, avalia Kerstin, que tamb\u00e9m enxerga como primordial a conscientiza\u00e7\u00e3o da popula\u00e7\u00e3o em rela\u00e7\u00e3o ao uso indiscriminado de produtos de higiene e cosm\u00e9ticos nessa faixa et\u00e1ria.<\/span><span data-ccp-props=\"{&quot;201341983&quot;:0,&quot;335559739&quot;:160,&quot;335559740&quot;:259}\">\u00a0<\/span><\/p>\n<h5 style=\"text-align: right;\">\u2795 Leia detalhes no artigo\u00a0<a href=\"https:\/\/www.jped.com.br\/en-frequency-perfume-in-398-children39s-articulo-S0021755723001389\" target=\"_blank\" rel=\"noopener\">&#8220;Frequency of perfume in 398 children&#8217;s cosmetics&#8221;<\/a>, publicado no peri\u00f3dico <em>Jornal de Pediatria<\/em><\/h5>\n","protected":false},"excerpt":{"rendered":"<p>Estudos cient\u00edficos j\u00e1 comprovaram que o cheirinho de beb\u00eas rec\u00e9m-nascidos produz grande quantidade do horm\u00f4nio dopamina, causando o mesmo efeito&#8230;<\/p>\n","protected":false},"author":2805,"featured_media":25135,"comment_status":"open","ping_status":"closed","sticky":false,"template":"","format":"standard","meta":{"_acf_changed":false,"footnotes":"","fifu_image_url":"","fifu_image_alt":"","_jetpack_memberships_contains_paid_content":false},"categories":[2186,2202,1610],"tags":[2420,2638,2853,2482,2479,2480,2378,2481,2483,2478,1819],"acf":[],"yoast_head":"<!-- This site is optimized with the Yoast SEO plugin v23.5 - https:\/\/yoast.com\/wordpress\/plugins\/seo\/ -->\n<title>Por que \u00e9 melhor evitar produtos de higiene infantil que cont\u00eam perfume - Ci\u00eancia UFPR<\/title>\n<meta name=\"description\" content=\"Mesmo ligadas a dermatite e alergias, fragr\u00e2ncias est\u00e3o em mais de 70% dos itens para crian\u00e7as levantados em estudo de Pediatria da UFPR.\" \/>\n<meta name=\"robots\" content=\"index, follow, max-snippet:-1, max-image-preview:large, max-video-preview:-1\" \/>\n<link rel=\"canonical\" href=\"https:\/\/ciencia.ufpr.br\/portal\/por-que-e-melhor-evitar-produtos-de-higiene-infantil-que-contem-perfume\/\" \/>\n<meta property=\"og:locale\" content=\"pt_BR\" \/>\n<meta property=\"og:type\" content=\"article\" \/>\n<meta property=\"og:title\" content=\"Por que \u00e9 melhor evitar produtos de higiene infantil que cont\u00eam perfume - Ci\u00eancia UFPR\" \/>\n<meta property=\"og:description\" content=\"Mesmo ligadas a dermatite e alergias, fragr\u00e2ncias est\u00e3o em mais de 70% dos itens para crian\u00e7as levantados em estudo de Pediatria da UFPR.\" \/>\n<meta property=\"og:url\" content=\"https:\/\/ciencia.ufpr.br\/portal\/por-que-e-melhor-evitar-produtos-de-higiene-infantil-que-contem-perfume\/\" \/>\n<meta property=\"og:site_name\" content=\"Ci\u00eancia UFPR\" \/>\n<meta property=\"article:publisher\" content=\"https:\/\/www.facebook.com\/cienciaufproficial\" \/>\n<meta property=\"article:published_time\" content=\"2024-03-08T10:42:50+00:00\" \/>\n<meta property=\"article:modified_time\" content=\"2025-12-29T22:18:42+00:00\" \/>\n<meta property=\"og:image\" content=\"https:\/\/ciencia.ufpr.br\/portal\/wp-content\/uploads\/2024\/03\/image-from-rawpixel-id-5958210-jpeg1-1.jpg\" \/>\n\t<meta property=\"og:image:width\" content=\"1920\" \/>\n\t<meta property=\"og:image:height\" content=\"1080\" \/>\n\t<meta property=\"og:image:type\" content=\"image\/jpeg\" \/>\n<meta name=\"author\" content=\"J\u00e9ssica Tokarski\" \/>\n<meta name=\"twitter:card\" content=\"summary_large_image\" \/>\n<meta name=\"twitter:creator\" content=\"@cienciaufpr\" \/>\n<meta name=\"twitter:site\" content=\"@cienciaufpr\" \/>\n<meta name=\"twitter:label1\" content=\"Escrito por\" \/>\n\t<meta name=\"twitter:data1\" content=\"J\u00e9ssica Tokarski\" \/>\n\t<meta name=\"twitter:label2\" content=\"Est. tempo de leitura\" \/>\n\t<meta name=\"twitter:data2\" content=\"5 minutos\" \/>\n<script type=\"application\/ld+json\" class=\"yoast-schema-graph\">{\"@context\":\"https:\/\/schema.org\",\"@graph\":[{\"@type\":\"Article\",\"@id\":\"https:\/\/ciencia.ufpr.br\/portal\/por-que-e-melhor-evitar-produtos-de-higiene-infantil-que-contem-perfume\/#article\",\"isPartOf\":{\"@id\":\"https:\/\/ciencia.ufpr.br\/portal\/por-que-e-melhor-evitar-produtos-de-higiene-infantil-que-contem-perfume\/\"},\"author\":{\"name\":\"J\u00e9ssica Tokarski\",\"@id\":\"https:\/\/ciencia.ufpr.br\/portal\/#\/schema\/person\/e85d61d7e7853aeee7c3a597e5f23e43\"},\"headline\":\"Por que \u00e9 melhor evitar produtos de higiene infantil que cont\u00eam perfume\",\"datePublished\":\"2024-03-08T10:42:50+00:00\",\"dateModified\":\"2025-12-29T22:18:42+00:00\",\"mainEntityOfPage\":{\"@id\":\"https:\/\/ciencia.ufpr.br\/portal\/por-que-e-melhor-evitar-produtos-de-higiene-infantil-que-contem-perfume\/\"},\"wordCount\":1109,\"commentCount\":0,\"publisher\":{\"@id\":\"https:\/\/ciencia.ufpr.br\/portal\/#organization\"},\"image\":{\"@id\":\"https:\/\/ciencia.ufpr.br\/portal\/por-que-e-melhor-evitar-produtos-de-higiene-infantil-que-contem-perfume\/#primaryimage\"},\"thumbnailUrl\":\"https:\/\/ciencia.ufpr.br\/portal\/wp-content\/uploads\/2024\/03\/image-from-rawpixel-id-5958210-jpeg1-1.jpg\",\"keywords\":[\"2024\",\"5 mais lidas de 2024\",\"5 mais lidas de 2025\",\"Alergias\",\"Beb\u00eas\",\"Cosm\u00e9ticos\",\"Crian\u00e7as\",\"Dermatite\",\"pediatria\",\"Perfume\",\"sa\u00fade\"],\"articleSection\":[\"Infogr\u00e1fico\",\"Not\u00edcia\",\"Sa\u00fade\"],\"inLanguage\":\"pt-BR\",\"potentialAction\":[{\"@type\":\"CommentAction\",\"name\":\"Comment\",\"target\":[\"https:\/\/ciencia.ufpr.br\/portal\/por-que-e-melhor-evitar-produtos-de-higiene-infantil-que-contem-perfume\/#respond\"]}]},{\"@type\":\"WebPage\",\"@id\":\"https:\/\/ciencia.ufpr.br\/portal\/por-que-e-melhor-evitar-produtos-de-higiene-infantil-que-contem-perfume\/\",\"url\":\"https:\/\/ciencia.ufpr.br\/portal\/por-que-e-melhor-evitar-produtos-de-higiene-infantil-que-contem-perfume\/\",\"name\":\"Por que \u00e9 melhor evitar produtos de higiene infantil que cont\u00eam perfume - Ci\u00eancia UFPR\",\"isPartOf\":{\"@id\":\"https:\/\/ciencia.ufpr.br\/portal\/#website\"},\"primaryImageOfPage\":{\"@id\":\"https:\/\/ciencia.ufpr.br\/portal\/por-que-e-melhor-evitar-produtos-de-higiene-infantil-que-contem-perfume\/#primaryimage\"},\"image\":{\"@id\":\"https:\/\/ciencia.ufpr.br\/portal\/por-que-e-melhor-evitar-produtos-de-higiene-infantil-que-contem-perfume\/#primaryimage\"},\"thumbnailUrl\":\"https:\/\/ciencia.ufpr.br\/portal\/wp-content\/uploads\/2024\/03\/image-from-rawpixel-id-5958210-jpeg1-1.jpg\",\"datePublished\":\"2024-03-08T10:42:50+00:00\",\"dateModified\":\"2025-12-29T22:18:42+00:00\",\"description\":\"Mesmo ligadas a dermatite e alergias, fragr\u00e2ncias est\u00e3o em mais de 70% dos itens para crian\u00e7as levantados em estudo de Pediatria da UFPR.\",\"breadcrumb\":{\"@id\":\"https:\/\/ciencia.ufpr.br\/portal\/por-que-e-melhor-evitar-produtos-de-higiene-infantil-que-contem-perfume\/#breadcrumb\"},\"inLanguage\":\"pt-BR\",\"potentialAction\":[{\"@type\":\"ReadAction\",\"target\":[\"https:\/\/ciencia.ufpr.br\/portal\/por-que-e-melhor-evitar-produtos-de-higiene-infantil-que-contem-perfume\/\"]}]},{\"@type\":\"ImageObject\",\"inLanguage\":\"pt-BR\",\"@id\":\"https:\/\/ciencia.ufpr.br\/portal\/por-que-e-melhor-evitar-produtos-de-higiene-infantil-que-contem-perfume\/#primaryimage\",\"url\":\"https:\/\/ciencia.ufpr.br\/portal\/wp-content\/uploads\/2024\/03\/image-from-rawpixel-id-5958210-jpeg1-1.jpg\",\"contentUrl\":\"https:\/\/ciencia.ufpr.br\/portal\/wp-content\/uploads\/2024\/03\/image-from-rawpixel-id-5958210-jpeg1-1.jpg\",\"width\":1920,\"height\":1080,\"caption\":\"Exposi\u00e7\u00e3o a subst\u00e2ncias que come\u00e7a no per\u00edodo pr\u00e9-natal e continua ap\u00f3s o nascimento pode afetar a sa\u00fade das crian\u00e7as devido \u00e0 imaturidade de seus \u00f3rg\u00e3os e sistemas. Foto: Rawpixel\"},{\"@type\":\"BreadcrumbList\",\"@id\":\"https:\/\/ciencia.ufpr.br\/portal\/por-que-e-melhor-evitar-produtos-de-higiene-infantil-que-contem-perfume\/#breadcrumb\",\"itemListElement\":[{\"@type\":\"ListItem\",\"position\":1,\"name\":\"Home\",\"item\":\"https:\/\/ciencia.ufpr.br\/portal\/\"},{\"@type\":\"ListItem\",\"position\":2,\"name\":\"Por que \u00e9 melhor evitar produtos de higiene infantil que cont\u00eam perfume\"}]},{\"@type\":\"WebSite\",\"@id\":\"https:\/\/ciencia.ufpr.br\/portal\/#website\",\"url\":\"https:\/\/ciencia.ufpr.br\/portal\/\",\"name\":\"Ci\u00eancia UFPR\",\"description\":\"Site de temas cient\u00edficos com foco no conhecimento produzido na Universidade Federal do Paran\u00e1 (UFPR). Baseado na Revista Ci\u00eancia UFPR.\",\"publisher\":{\"@id\":\"https:\/\/ciencia.ufpr.br\/portal\/#organization\"},\"potentialAction\":[{\"@type\":\"SearchAction\",\"target\":{\"@type\":\"EntryPoint\",\"urlTemplate\":\"https:\/\/ciencia.ufpr.br\/portal\/?s={search_term_string}\"},\"query-input\":{\"@type\":\"PropertyValueSpecification\",\"valueRequired\":true,\"valueName\":\"search_term_string\"}}],\"inLanguage\":\"pt-BR\"},{\"@type\":\"Organization\",\"@id\":\"https:\/\/ciencia.ufpr.br\/portal\/#organization\",\"name\":\"Revista Ci\u00eancia UFPR\",\"url\":\"https:\/\/ciencia.ufpr.br\/portal\/\",\"logo\":{\"@type\":\"ImageObject\",\"inLanguage\":\"pt-BR\",\"@id\":\"https:\/\/ciencia.ufpr.br\/portal\/#\/schema\/logo\/image\/\",\"url\":\"https:\/\/ciencia.ufpr.br\/portal\/wp-content\/uploads\/2020\/12\/Revista-Ciencia-UFPR-vermelho.jpeg\",\"contentUrl\":\"https:\/\/ciencia.ufpr.br\/portal\/wp-content\/uploads\/2020\/12\/Revista-Ciencia-UFPR-vermelho.jpeg\",\"width\":992,\"height\":714,\"caption\":\"Revista Ci\u00eancia UFPR\"},\"image\":{\"@id\":\"https:\/\/ciencia.ufpr.br\/portal\/#\/schema\/logo\/image\/\"},\"sameAs\":[\"https:\/\/www.facebook.com\/cienciaufproficial\",\"https:\/\/x.com\/cienciaufpr\",\"https:\/\/www.instagram.com\/revistacienciaufpr\/\",\"https:\/\/www.linkedin.com\/company\/cienciaufproficial\",\"https:\/\/br.pinterest.com\/cienciaufpr\/\"]},{\"@type\":\"Person\",\"@id\":\"https:\/\/ciencia.ufpr.br\/portal\/#\/schema\/person\/e85d61d7e7853aeee7c3a597e5f23e43\",\"name\":\"J\u00e9ssica Tokarski\",\"url\":\"https:\/\/ciencia.ufpr.br\/portal\/author\/jessicatokarski\/\"}]}<\/script>\n<!-- \/ Yoast SEO plugin. -->","yoast_head_json":{"title":"Por que \u00e9 melhor evitar produtos de higiene infantil que cont\u00eam perfume - Ci\u00eancia UFPR","description":"Mesmo ligadas a dermatite e alergias, fragr\u00e2ncias est\u00e3o em mais de 70% dos itens para crian\u00e7as levantados em estudo de Pediatria da UFPR.","robots":{"index":"index","follow":"follow","max-snippet":"max-snippet:-1","max-image-preview":"max-image-preview:large","max-video-preview":"max-video-preview:-1"},"canonical":"https:\/\/ciencia.ufpr.br\/portal\/por-que-e-melhor-evitar-produtos-de-higiene-infantil-que-contem-perfume\/","og_locale":"pt_BR","og_type":"article","og_title":"Por que \u00e9 melhor evitar produtos de higiene infantil que cont\u00eam perfume - Ci\u00eancia UFPR","og_description":"Mesmo ligadas a dermatite e alergias, fragr\u00e2ncias est\u00e3o em mais de 70% dos itens para crian\u00e7as levantados em estudo de Pediatria da UFPR.","og_url":"https:\/\/ciencia.ufpr.br\/portal\/por-que-e-melhor-evitar-produtos-de-higiene-infantil-que-contem-perfume\/","og_site_name":"Ci\u00eancia UFPR","article_publisher":"https:\/\/www.facebook.com\/cienciaufproficial","article_published_time":"2024-03-08T10:42:50+00:00","article_modified_time":"2025-12-29T22:18:42+00:00","og_image":[{"width":1920,"height":1080,"url":"https:\/\/ciencia.ufpr.br\/portal\/wp-content\/uploads\/2024\/03\/image-from-rawpixel-id-5958210-jpeg1-1.jpg","type":"image\/jpeg"}],"author":"J\u00e9ssica Tokarski","twitter_card":"summary_large_image","twitter_creator":"@cienciaufpr","twitter_site":"@cienciaufpr","twitter_misc":{"Escrito por":"J\u00e9ssica Tokarski","Est. tempo de leitura":"5 minutos"},"schema":{"@context":"https:\/\/schema.org","@graph":[{"@type":"Article","@id":"https:\/\/ciencia.ufpr.br\/portal\/por-que-e-melhor-evitar-produtos-de-higiene-infantil-que-contem-perfume\/#article","isPartOf":{"@id":"https:\/\/ciencia.ufpr.br\/portal\/por-que-e-melhor-evitar-produtos-de-higiene-infantil-que-contem-perfume\/"},"author":{"name":"J\u00e9ssica Tokarski","@id":"https:\/\/ciencia.ufpr.br\/portal\/#\/schema\/person\/e85d61d7e7853aeee7c3a597e5f23e43"},"headline":"Por que \u00e9 melhor evitar produtos de higiene infantil que cont\u00eam perfume","datePublished":"2024-03-08T10:42:50+00:00","dateModified":"2025-12-29T22:18:42+00:00","mainEntityOfPage":{"@id":"https:\/\/ciencia.ufpr.br\/portal\/por-que-e-melhor-evitar-produtos-de-higiene-infantil-que-contem-perfume\/"},"wordCount":1109,"commentCount":0,"publisher":{"@id":"https:\/\/ciencia.ufpr.br\/portal\/#organization"},"image":{"@id":"https:\/\/ciencia.ufpr.br\/portal\/por-que-e-melhor-evitar-produtos-de-higiene-infantil-que-contem-perfume\/#primaryimage"},"thumbnailUrl":"https:\/\/ciencia.ufpr.br\/portal\/wp-content\/uploads\/2024\/03\/image-from-rawpixel-id-5958210-jpeg1-1.jpg","keywords":["2024","5 mais lidas de 2024","5 mais lidas de 2025","Alergias","Beb\u00eas","Cosm\u00e9ticos","Crian\u00e7as","Dermatite","pediatria","Perfume","sa\u00fade"],"articleSection":["Infogr\u00e1fico","Not\u00edcia","Sa\u00fade"],"inLanguage":"pt-BR","potentialAction":[{"@type":"CommentAction","name":"Comment","target":["https:\/\/ciencia.ufpr.br\/portal\/por-que-e-melhor-evitar-produtos-de-higiene-infantil-que-contem-perfume\/#respond"]}]},{"@type":"WebPage","@id":"https:\/\/ciencia.ufpr.br\/portal\/por-que-e-melhor-evitar-produtos-de-higiene-infantil-que-contem-perfume\/","url":"https:\/\/ciencia.ufpr.br\/portal\/por-que-e-melhor-evitar-produtos-de-higiene-infantil-que-contem-perfume\/","name":"Por que \u00e9 melhor evitar produtos de higiene infantil que cont\u00eam perfume - Ci\u00eancia UFPR","isPartOf":{"@id":"https:\/\/ciencia.ufpr.br\/portal\/#website"},"primaryImageOfPage":{"@id":"https:\/\/ciencia.ufpr.br\/portal\/por-que-e-melhor-evitar-produtos-de-higiene-infantil-que-contem-perfume\/#primaryimage"},"image":{"@id":"https:\/\/ciencia.ufpr.br\/portal\/por-que-e-melhor-evitar-produtos-de-higiene-infantil-que-contem-perfume\/#primaryimage"},"thumbnailUrl":"https:\/\/ciencia.ufpr.br\/portal\/wp-content\/uploads\/2024\/03\/image-from-rawpixel-id-5958210-jpeg1-1.jpg","datePublished":"2024-03-08T10:42:50+00:00","dateModified":"2025-12-29T22:18:42+00:00","description":"Mesmo ligadas a dermatite e alergias, fragr\u00e2ncias est\u00e3o em mais de 70% dos itens para crian\u00e7as levantados em estudo de Pediatria da UFPR.","breadcrumb":{"@id":"https:\/\/ciencia.ufpr.br\/portal\/por-que-e-melhor-evitar-produtos-de-higiene-infantil-que-contem-perfume\/#breadcrumb"},"inLanguage":"pt-BR","potentialAction":[{"@type":"ReadAction","target":["https:\/\/ciencia.ufpr.br\/portal\/por-que-e-melhor-evitar-produtos-de-higiene-infantil-que-contem-perfume\/"]}]},{"@type":"ImageObject","inLanguage":"pt-BR","@id":"https:\/\/ciencia.ufpr.br\/portal\/por-que-e-melhor-evitar-produtos-de-higiene-infantil-que-contem-perfume\/#primaryimage","url":"https:\/\/ciencia.ufpr.br\/portal\/wp-content\/uploads\/2024\/03\/image-from-rawpixel-id-5958210-jpeg1-1.jpg","contentUrl":"https:\/\/ciencia.ufpr.br\/portal\/wp-content\/uploads\/2024\/03\/image-from-rawpixel-id-5958210-jpeg1-1.jpg","width":1920,"height":1080,"caption":"Exposi\u00e7\u00e3o a subst\u00e2ncias que come\u00e7a no per\u00edodo pr\u00e9-natal e continua ap\u00f3s o nascimento pode afetar a sa\u00fade das crian\u00e7as devido \u00e0 imaturidade de seus \u00f3rg\u00e3os e sistemas. Foto: Rawpixel"},{"@type":"BreadcrumbList","@id":"https:\/\/ciencia.ufpr.br\/portal\/por-que-e-melhor-evitar-produtos-de-higiene-infantil-que-contem-perfume\/#breadcrumb","itemListElement":[{"@type":"ListItem","position":1,"name":"Home","item":"https:\/\/ciencia.ufpr.br\/portal\/"},{"@type":"ListItem","position":2,"name":"Por que \u00e9 melhor evitar produtos de higiene infantil que cont\u00eam perfume"}]},{"@type":"WebSite","@id":"https:\/\/ciencia.ufpr.br\/portal\/#website","url":"https:\/\/ciencia.ufpr.br\/portal\/","name":"Ci\u00eancia UFPR","description":"Site de temas cient\u00edficos com foco no conhecimento produzido na Universidade Federal do Paran\u00e1 (UFPR). Baseado na Revista Ci\u00eancia UFPR.","publisher":{"@id":"https:\/\/ciencia.ufpr.br\/portal\/#organization"},"potentialAction":[{"@type":"SearchAction","target":{"@type":"EntryPoint","urlTemplate":"https:\/\/ciencia.ufpr.br\/portal\/?s={search_term_string}"},"query-input":{"@type":"PropertyValueSpecification","valueRequired":true,"valueName":"search_term_string"}}],"inLanguage":"pt-BR"},{"@type":"Organization","@id":"https:\/\/ciencia.ufpr.br\/portal\/#organization","name":"Revista Ci\u00eancia UFPR","url":"https:\/\/ciencia.ufpr.br\/portal\/","logo":{"@type":"ImageObject","inLanguage":"pt-BR","@id":"https:\/\/ciencia.ufpr.br\/portal\/#\/schema\/logo\/image\/","url":"https:\/\/ciencia.ufpr.br\/portal\/wp-content\/uploads\/2020\/12\/Revista-Ciencia-UFPR-vermelho.jpeg","contentUrl":"https:\/\/ciencia.ufpr.br\/portal\/wp-content\/uploads\/2020\/12\/Revista-Ciencia-UFPR-vermelho.jpeg","width":992,"height":714,"caption":"Revista Ci\u00eancia UFPR"},"image":{"@id":"https:\/\/ciencia.ufpr.br\/portal\/#\/schema\/logo\/image\/"},"sameAs":["https:\/\/www.facebook.com\/cienciaufproficial","https:\/\/x.com\/cienciaufpr","https:\/\/www.instagram.com\/revistacienciaufpr\/","https:\/\/www.linkedin.com\/company\/cienciaufproficial","https:\/\/br.pinterest.com\/cienciaufpr\/"]},{"@type":"Person","@id":"https:\/\/ciencia.ufpr.br\/portal\/#\/schema\/person\/e85d61d7e7853aeee7c3a597e5f23e43","name":"J\u00e9ssica Tokarski","url":"https:\/\/ciencia.ufpr.br\/portal\/author\/jessicatokarski\/"}]}},"views":11675,"jetpack_sharing_enabled":true,"jetpack_featured_media_url":"https:\/\/ciencia.ufpr.br\/portal\/wp-content\/uploads\/2024\/03\/image-from-rawpixel-id-5958210-jpeg1-1.jpg","_links":{"self":[{"href":"https:\/\/ciencia.ufpr.br\/portal\/wp-json\/wp\/v2\/posts\/25058"}],"collection":[{"href":"https:\/\/ciencia.ufpr.br\/portal\/wp-json\/wp\/v2\/posts"}],"about":[{"href":"https:\/\/ciencia.ufpr.br\/portal\/wp-json\/wp\/v2\/types\/post"}],"author":[{"embeddable":true,"href":"https:\/\/ciencia.ufpr.br\/portal\/wp-json\/wp\/v2\/users\/2805"}],"replies":[{"embeddable":true,"href":"https:\/\/ciencia.ufpr.br\/portal\/wp-json\/wp\/v2\/comments?post=25058"}],"version-history":[{"count":29,"href":"https:\/\/ciencia.ufpr.br\/portal\/wp-json\/wp\/v2\/posts\/25058\/revisions"}],"predecessor-version":[{"id":25500,"href":"https:\/\/ciencia.ufpr.br\/portal\/wp-json\/wp\/v2\/posts\/25058\/revisions\/25500"}],"wp:featuredmedia":[{"embeddable":true,"href":"https:\/\/ciencia.ufpr.br\/portal\/wp-json\/wp\/v2\/media\/25135"}],"wp:attachment":[{"href":"https:\/\/ciencia.ufpr.br\/portal\/wp-json\/wp\/v2\/media?parent=25058"}],"wp:term":[{"taxonomy":"category","embeddable":true,"href":"https:\/\/ciencia.ufpr.br\/portal\/wp-json\/wp\/v2\/categories?post=25058"},{"taxonomy":"post_tag","embeddable":true,"href":"https:\/\/ciencia.ufpr.br\/portal\/wp-json\/wp\/v2\/tags?post=25058"}],"curies":[{"name":"wp","href":"https:\/\/api.w.org\/{rel}","templated":true}]}}