{"id":24330,"date":"2023-12-21T23:59:15","date_gmt":"2023-12-22T02:59:15","guid":{"rendered":"https:\/\/ciencia.ufpr.br\/portal\/?p=24330"},"modified":"2024-09-03T23:58:27","modified_gmt":"2024-09-04T02:58:27","slug":"sistema-com-cadeira-especial-incentiva-produtos-especificos-para-pessoas-com-deficiencia-motora","status":"publish","type":"post","link":"https:\/\/ciencia.ufpr.br\/portal\/sistema-com-cadeira-especial-incentiva-produtos-especificos-para-pessoas-com-deficiencia-motora\/","title":{"rendered":"Sistema com cadeira especial incentiva produtos espec\u00edficos para pessoas com defici\u00eancia motora"},"content":{"rendered":"<h5><a href=\"https:\/\/ciencia.ufpr.br\/portal\/editoria\/especiais\/premio-capes-tese\/\"><img loading=\"lazy\" decoding=\"async\" class=\"alignnone wp-image-24424\" src=\"https:\/\/ciencia.ufpr.br\/portal\/wp-content\/uploads\/2023\/11\/seloeditoria_capestese_cienciaufpr_200-150x112.png\" alt=\"\" width=\"180\" height=\"101\" srcset=\"https:\/\/ciencia.ufpr.br\/portal\/wp-content\/uploads\/2023\/11\/seloeditoria_capestese_cienciaufpr_200-150x84.png 150w, https:\/\/ciencia.ufpr.br\/portal\/wp-content\/uploads\/2023\/11\/seloeditoria_capestese_cienciaufpr_200.png 200w\" sizes=\"(max-width: 180px) 100vw, 180px\" \/><\/a><\/h5>\n<p>Quem n\u00e3o tem muita certeza se veste tamanho M ou G tem no\u00e7\u00e3o do desafio industrial que \u00e9 padronizar uma roupa. Em geral, os modelos das roupas \u2014 e dos m\u00f3veis, das pr\u00f3teses e de diversos outros produtos \u2014 v\u00eam de padr\u00f5es criados por meio de medi\u00e7\u00f5es de base populacional. Uma tecnologia em ascens\u00e3o nesta \u00e1rea \u00e9 a antropometria digital, que usa digitalizadores (esc\u00e2neres) para obter as medidas de partes de todo o corpo humano. Desta forma \u00e9 poss\u00edvel obter as dimens\u00f5es de centenas de pessoas, a fim de criar padr\u00f5es mais precisos para determinada popula\u00e7\u00e3o.<\/p>\n<p>A quest\u00e3o \u00e9 que essa tecnologia exclui pessoas com defici\u00eancia motora, que n\u00e3o conseguem ficar em p\u00e9 enquanto esperam o esc\u00e2ner funcionar \u2014 o que pode levar tempo. S\u00e3o pessoas com defici\u00eancia motora, usu\u00e1rios de cadeiras de rodas, muletas e pessoas que t\u00eam dificuldade em permanecer de p\u00e9 por muitas horas. A inclus\u00e3o desse p\u00fablico \u00e9 o alvo da tese defendida pela professora e pesquisadora Isabella Sierra no Programa de P\u00f3s-Gradua\u00e7\u00e3o em Design (PPGDesign) da Universidade Federal do Paran\u00e1 (UFPR), vencedora do Pr\u00eamio Capes de Tese 2023 na \u00e1rea de Arquitetura, Urbanismo e Design.<\/p>\n<p>Com base em revis\u00e3o te\u00f3rica e muita experimenta\u00e7\u00e3o, Isabella prop\u00f5e um sistema, batizado de ADap (sigla para antropometria digital adaptada), que guia a antropometria digital em todas as suas fases para possibilitar a inclus\u00e3o de pessoas com defici\u00eancia motora: planejamento, registro e avalia\u00e7\u00e3o de medidas.<\/p>\n<h5><strong>GALERIA <span style=\"color: #cf6777;\">| <\/span><\/strong>Experimenta\u00e7\u00e3o at\u00e9 chegar ao prot\u00f3tipo ideal<br \/>\n<\/h5>\n<p><span style=\"font-weight: 400;\">Dessa forma, a pesquisa subsidia o mercado para pensar em produtos espec\u00edficos ou at\u00e9 personalizados para esse grupo social, produzidos em escala maior e com adapta\u00e7\u00e3o mais precisa.<\/span><\/p>\n<blockquote><p>\u201cA ind\u00fastria para esse p\u00fablico existe no Brasil, ainda que pequena, e produz produtos adequados usando principalmente outros m\u00e9todos mais antigos, como moldes de gesso e recortes manuais em espuma, por exemplo. No entanto, s\u00e3o m\u00e9todos demorados e caros e n\u00e3o conseguem abranger toda a demanda, que \u00e9 muito grande\u201d, disse Isabella \u00e0 <em>Ci\u00eancia UFPR<\/em>.<\/p><\/blockquote>\n<p><span style=\"font-weight: 400;\">Outro ganho prestado pela pesquisa aos setores que produzem para pessoas com defici\u00eancia motora \u00e9 oferecer um guia de uso das tecnologias mais recentes. Isso ocorre por meio da <a href=\"https:\/\/docs.google.com\/spreadsheets\/d\/1N4ytRpSiDSiiKHmPkUNUh3X2fjBymcmBsMAwdzCOPw0\/edit#gid=666384187\" target=\"_blank\" rel=\"noopener\">plataforma digital que faz parte do ADap<\/a>, respons\u00e1vel por orientar o planejamento do produto, que d\u00e1 tamb\u00e9m no\u00e7\u00f5es sobre os protocolos da antropometria digital.<\/span><\/p>\n<p><img loading=\"lazy\" decoding=\"async\" class=\"size-full aligncenter\" src=\"https:\/\/media.giphy.com\/media\/9yzB7uMHeuikN7vxSK\/giphy.gif\" width=\"480\" height=\"270\" \/><\/p>\n<p>\u201cEssa ind\u00fastria segue os embasamentos cient\u00edficos, s\u00f3 que a maioria dos profissionais n\u00e3o tem forma\u00e7\u00e3o em tecnologia, na \u00e1rea de escaneamento e modelagem 3D, o que dificulta que apliquem essas tecnologias. O sistema tenta ajudar nisso, capacitando os profissionais e auxiliando no desenvolvimento de produtos por meio de uma equipe multidisciplinar que pode usar t\u00e9cnicas inovadoras e muito mais \u00e1geis\u201d.<\/p>\n<h2>Cadeira posiciona pessoas com defici\u00eancia para a antropometria digital<\/h2>\n<p>Al\u00e9m dos protocolos e das ferramentas de aux\u00edlio \u00e0 adapta\u00e7\u00e3o da antropometria digital, o sistema prop\u00f5e um dispositivo ortoposicionador, ou seja, que consegue posicionar, de acordo com a necessidade, os membros da pessoa que ter\u00e1 o corpo escaneado. \u00c9 uma cadeira feita de acr\u00edlico e metal que viabiliza a digitaliza\u00e7\u00e3o do corpo em posi\u00e7\u00f5es sentadas, que tamb\u00e9m foram sistematizadas na pesquisa.<\/p>\n<p><span style=\"font-weight: 400;\">J\u00e1 a antropometria digital convencional exige que a pessoa fique em p\u00e9, com bra\u00e7os e pernas abertos, como na famosa posi\u00e7\u00e3o do homem vitruviano de Leonardo da Vinci.<\/span><\/p>\n<p>Segundo a professora Maria L\u00facia Okimoto, do Departamento de Engenharia Mec\u00e2nica da UFPR e orientadora da pesquisa, o dispositivo vai ao encontro da reformula\u00e7\u00e3o das melhores posturas para medi\u00e7\u00e3o corporal que a literatura cient\u00edfica tem apresentado.<\/p>\n<p><img loading=\"lazy\" decoding=\"async\" class=\"aligncenter\" src=\"https:\/\/media.giphy.com\/media\/EA71djacdCOr5z4oBS\/giphy.gif\" alt=\"\" width=\"480\" height=\"270\" \/><\/p>\n<p>\u201cAlguns estudos de antropometria j\u00e1 haviam identificado que a melhor maneira de medir as pessoas n\u00e3o era necessariamente em p\u00e9. Para medir altura com mais acur\u00e1cia, por exemplo, o uso do estadi\u00f4metro inclinado [esp\u00e9cie de r\u00e9gua], com a pessoa na posi\u00e7\u00e3o inclinada durante a medi\u00e7\u00e3o antropom\u00e9trica, ajuda porque reduz o efeito da compress\u00e3o dos discos intervertebrais. Aplicar esse conceito a pessoas com defici\u00eancia traz grande vantagem, porque evita que elas fiquem em p\u00e9\u201d, afirma Maria L\u00facia, que coordena o Laborat\u00f3rio de Ergonomia e Usabilidade (Laberg) da UFPR.<\/p>\n<p>A pesquisa usou uma t\u00e9cnica chamada design iterativo, segundo a qual se parte de um prot\u00f3tipo m\u00ednimo que \u00e9 aprimorado a cada experimenta\u00e7\u00e3o.<\/p>\n<p>Foi assim que testes com o grupo espec\u00edfico da pesquisa mostraram que a cadeira resolve o principal desafio da antropometria digital adaptada, que \u00e9 permitir o escaneamento dos dois lados do corpo, frente e costas. Os apoios de acr\u00edlico t\u00eam o objetivo de posicionar membros sem interferir na capta\u00e7\u00e3o da imagem. Tamb\u00e9m ajudam que o participante da medi\u00e7\u00e3o possa ficar sem se mexer durante a digitaliza\u00e7\u00e3o.<\/p>\n<p>Apesar de a cadeira ser uma parte do sistema ADap, pode-se dizer que tudo come\u00e7ou com uma cadeira. Ou melhor, o interesse no desenho delas.<\/p>\n<p>\u201cDesde que entrei para a gradua\u00e7\u00e3o em design industrial tive vontade de estudar cadeiras. \u00c9 um assunto de interesse nos cursos de design por se tratar de um produto bastante comum, que possui uma certa complexidade e que \u00e9 bastante antigo, podendo ser analisado em diversos per\u00edodos da hist\u00f3ria do design\u201d, conta Isabella.<\/p>\n<p>No mestrado na Universidade do Estado de Santa Catarina (Udesc), Isabella reuniu cadeiras \u00e0 tecnologia assistiva e pesquisou cadeiras de rodas. \u201cAp\u00f3s o mestrado o interesse s\u00f3 cresceu\u201d, diz, para explicar como chegou \u00e0 pesquisa de doutorado. Atualmente professora no Departamento de Express\u00e3o Gr\u00e1fica da UFPR, Isabella continua as pesquisas na \u00e1rea de tecnologia assistiva.<\/p>\n<h2>Tecnologia assistiva tem linha de pesquisa antiga na UFPR<\/h2>\n<p>Pelos resultados que superam a antropometria manual, que \u00e9 a t\u00e9cnica mais usada para medi\u00e7\u00f5es de pessoas com defici\u00eancia, o ADap foi patenteado e est\u00e1 dispon\u00edvel para licita\u00e7\u00f5es e parcerias por meio da Superintend\u00eancia de Parcerias e Inova\u00e7\u00e3o (SPIn) da UFPR.<\/p>\n<p>\u201cA busca de patentes, em projetos de pesquisas, est\u00e1 cada vez mais atraente. O dispositivo desta pesquisa foi patenteado e, espera-se que em trabalhos futuros sejam geradas outras patentes\u201d, explica M\u00e1rcio Catapan, professor no PPGDesign da UFPR e coorientador da tese.<\/p>\n<p>A tecnologia assistiva \u00e9 um assunto fixo do Laberg desde 2015, com a cria\u00e7\u00e3o da Rede de Pesquisa e Desenvolvimento em Tecnologia Assistiva (RPDTA), que re\u00fane pesquisadores da institui\u00e7\u00e3o e das universidades federais Tecnol\u00f3gica do Paran\u00e1 (UTFPR) e de Santa Catarina (UFSC), e as estaduais Paulista (Unesp) e de Santa Catarina (Udesc).<\/p>\n<p>Mais recentemente, somou-se ainda o trabalho com os Novos Arranjos de Pesquisa e Inova\u00e7\u00e3o em Tecnologia Assistiva (Napi-TA), da Funda\u00e7\u00e3o Arauc\u00e1ria, uma parceria entre universidades paranaenses, Hospital do Trabalhador e Secretaria do Desenvolvimento Social e Fam\u00edlia (Sedef).<\/p>\n<p>Na avalia\u00e7\u00e3o de Maria L\u00facia, h\u00e1 muita ci\u00eancia pela frente para a antropometria digital. Esc\u00e2neres ainda apresentam limita\u00e7\u00f5es para captar imagens de partes complexas do corpo, como m\u00e3os e p\u00e9s.<\/p>\n<p>\u201cAcredito que este seja um desafio a ser superado em breve, com novas tecnologias. Associar a antropometria digital \u00e0 intelig\u00eancia artificial \u00e9 algo tamb\u00e9m desafiador e parece caminho sem volta\u201d.<\/p>\n<h5 style=\"text-align: right;\"><span style=\"font-weight: 400;\">\u2795 Leia detalhes na tese <a href=\"https:\/\/acervodigital.ufpr.br\/handle\/1884\/77143\" target=\"_blank\" rel=\"noopener\">Sistemas de viabiliza\u00e7\u00e3o e padroniza\u00e7\u00e3o da antropometria digital est\u00e1tica para pessoas com defici\u00eancia motora<\/a>, defendida por Isabella de Souza Sierra, sob orienta\u00e7\u00e3o de Maria L\u00facia Okimoto e co-orienta\u00e7\u00e3o de M\u00e1rcio Fontana Catapan, no Programa de P\u00f3s-Gradua\u00e7\u00e3o em Design da UFPR em 2022 e vencedora do Pr\u00eamio Capes de Tese 2023 na \u00e1rea Arquitetura, Urbanismo e Design<\/span><\/h5>\n<h5 style=\"text-align: right;\"><span style=\"font-weight: 400;\">\u2795 Recomendamos o artigo <a href=\"https:\/\/www.rbeg.net\/index.php\/rbeg\/article\/view\/144\" target=\"_blank\" rel=\"noopener\">Sistema ADap para planejamento, registro e avalia\u00e7\u00e3o da antropometria digital de pessoas com defici\u00eancia motora<\/a>, baseado na tese e publicado na <em>Revista Brasileira de Express\u00e3o Gr\u00e1fica<\/em><\/span><\/h5>\n<hr \/>\n<h6 style=\"text-align: right;\">Esta reportagem faz parte de uma s\u00e9rie baseada nas teses de doutorado defendidas na Universidade Federal do Paran\u00e1 que foram destacadas no Pr\u00eamio Capes de Tese 2023. As mat\u00e9rias ser\u00e3o publicadas todas as quintas-feiras entre 23 de novembro e 21 de dezembro de 2023. Acompanhe <a href=\"https:\/\/ciencia.ufpr.br\/portal\/editoria\/especiais\/premio-capes-tese\/\">neste link<\/a><\/h6>\n","protected":false},"excerpt":{"rendered":"<p>Quem n\u00e3o tem muita certeza se veste tamanho M ou G tem no\u00e7\u00e3o do desafio industrial que \u00e9 padronizar uma&#8230;<\/p>\n","protected":false},"author":2800,"featured_media":24749,"comment_status":"open","ping_status":"closed","sticky":false,"template":"","format":"standard","meta":{"_acf_changed":false,"footnotes":"","fifu_image_url":"","fifu_image_alt":"","_jetpack_memberships_contains_paid_content":false},"categories":[2376,1618,1],"tags":[2243,2442,1788,2443,2263,2038],"acf":[],"yoast_head":"<!-- This site is optimized with the Yoast SEO plugin v23.5 - https:\/\/yoast.com\/wordpress\/plugins\/seo\/ -->\n<title>Sistema com cadeira especial incentiva produtos espec\u00edficos para pessoas com defici\u00eancia motora - Ci\u00eancia UFPR<\/title>\n<meta name=\"description\" content=\"Pesquisadora da UFPR desenvolveu sistema que aprimora a antropometria digital, incluindo cadeirantes e pessoas com dificuldades de ficar em p\u00e9.\" \/>\n<meta name=\"robots\" content=\"index, follow, max-snippet:-1, max-image-preview:large, max-video-preview:-1\" \/>\n<link rel=\"canonical\" href=\"https:\/\/ciencia.ufpr.br\/portal\/sistema-com-cadeira-especial-incentiva-produtos-especificos-para-pessoas-com-deficiencia-motora\/\" \/>\n<meta property=\"og:locale\" content=\"pt_BR\" \/>\n<meta property=\"og:type\" content=\"article\" \/>\n<meta property=\"og:title\" content=\"Sistema com cadeira especial incentiva produtos espec\u00edficos para pessoas com defici\u00eancia motora - Ci\u00eancia UFPR\" \/>\n<meta property=\"og:description\" content=\"Pesquisadora da UFPR desenvolveu sistema que aprimora a antropometria digital, incluindo cadeirantes e pessoas com dificuldades de ficar em p\u00e9.\" \/>\n<meta property=\"og:url\" content=\"https:\/\/ciencia.ufpr.br\/portal\/sistema-com-cadeira-especial-incentiva-produtos-especificos-para-pessoas-com-deficiencia-motora\/\" \/>\n<meta property=\"og:site_name\" content=\"Ci\u00eancia UFPR\" \/>\n<meta property=\"article:publisher\" content=\"https:\/\/www.facebook.com\/cienciaufproficial\" \/>\n<meta property=\"article:published_time\" content=\"2023-12-22T02:59:15+00:00\" \/>\n<meta property=\"article:modified_time\" content=\"2024-09-04T02:58:27+00:00\" \/>\n<meta property=\"og:image\" content=\"https:\/\/ciencia.ufpr.br\/portal\/wp-content\/uploads\/2023\/12\/disp1.jpg\" \/>\n\t<meta property=\"og:image:width\" content=\"1920\" \/>\n\t<meta property=\"og:image:height\" content=\"1080\" \/>\n\t<meta property=\"og:image:type\" content=\"image\/jpeg\" \/>\n<meta name=\"author\" content=\"Camille Bropp\" \/>\n<meta name=\"twitter:card\" content=\"summary_large_image\" \/>\n<meta name=\"twitter:creator\" content=\"@cienciaufpr\" \/>\n<meta name=\"twitter:site\" content=\"@cienciaufpr\" \/>\n<meta name=\"twitter:label1\" content=\"Escrito por\" \/>\n\t<meta name=\"twitter:data1\" content=\"Camille Bropp\" \/>\n\t<meta name=\"twitter:label2\" content=\"Est. tempo de leitura\" \/>\n\t<meta name=\"twitter:data2\" content=\"7 minutos\" \/>\n<script type=\"application\/ld+json\" class=\"yoast-schema-graph\">{\"@context\":\"https:\/\/schema.org\",\"@graph\":[{\"@type\":\"Article\",\"@id\":\"https:\/\/ciencia.ufpr.br\/portal\/sistema-com-cadeira-especial-incentiva-produtos-especificos-para-pessoas-com-deficiencia-motora\/#article\",\"isPartOf\":{\"@id\":\"https:\/\/ciencia.ufpr.br\/portal\/sistema-com-cadeira-especial-incentiva-produtos-especificos-para-pessoas-com-deficiencia-motora\/\"},\"author\":{\"name\":\"Camille Bropp\",\"@id\":\"https:\/\/ciencia.ufpr.br\/portal\/#\/schema\/person\/b2d3b2036ea31f22ae6f5f6424e9c020\"},\"headline\":\"Sistema com cadeira especial incentiva produtos espec\u00edficos para pessoas com defici\u00eancia motora\",\"datePublished\":\"2023-12-22T02:59:15+00:00\",\"dateModified\":\"2024-09-04T02:58:27+00:00\",\"mainEntityOfPage\":{\"@id\":\"https:\/\/ciencia.ufpr.br\/portal\/sistema-com-cadeira-especial-incentiva-produtos-especificos-para-pessoas-com-deficiencia-motora\/\"},\"wordCount\":1385,\"commentCount\":0,\"publisher\":{\"@id\":\"https:\/\/ciencia.ufpr.br\/portal\/#organization\"},\"image\":{\"@id\":\"https:\/\/ciencia.ufpr.br\/portal\/sistema-com-cadeira-especial-incentiva-produtos-especificos-para-pessoas-com-deficiencia-motora\/#primaryimage\"},\"thumbnailUrl\":\"https:\/\/ciencia.ufpr.br\/portal\/wp-content\/uploads\/2023\/12\/disp1.jpg\",\"keywords\":[\"2023\",\"design\",\"inclus\u00e3o\",\"itera\u00e7\u00e3o\",\"pessoa com defici\u00eancia\",\"tecnologia assistiva\"],\"articleSection\":[\"Capes de Tese\",\"Humanas\",\"Reportagem\"],\"inLanguage\":\"pt-BR\",\"potentialAction\":[{\"@type\":\"CommentAction\",\"name\":\"Comment\",\"target\":[\"https:\/\/ciencia.ufpr.br\/portal\/sistema-com-cadeira-especial-incentiva-produtos-especificos-para-pessoas-com-deficiencia-motora\/#respond\"]}]},{\"@type\":\"WebPage\",\"@id\":\"https:\/\/ciencia.ufpr.br\/portal\/sistema-com-cadeira-especial-incentiva-produtos-especificos-para-pessoas-com-deficiencia-motora\/\",\"url\":\"https:\/\/ciencia.ufpr.br\/portal\/sistema-com-cadeira-especial-incentiva-produtos-especificos-para-pessoas-com-deficiencia-motora\/\",\"name\":\"Sistema com cadeira especial incentiva produtos espec\u00edficos para pessoas com defici\u00eancia motora - Ci\u00eancia UFPR\",\"isPartOf\":{\"@id\":\"https:\/\/ciencia.ufpr.br\/portal\/#website\"},\"primaryImageOfPage\":{\"@id\":\"https:\/\/ciencia.ufpr.br\/portal\/sistema-com-cadeira-especial-incentiva-produtos-especificos-para-pessoas-com-deficiencia-motora\/#primaryimage\"},\"image\":{\"@id\":\"https:\/\/ciencia.ufpr.br\/portal\/sistema-com-cadeira-especial-incentiva-produtos-especificos-para-pessoas-com-deficiencia-motora\/#primaryimage\"},\"thumbnailUrl\":\"https:\/\/ciencia.ufpr.br\/portal\/wp-content\/uploads\/2023\/12\/disp1.jpg\",\"datePublished\":\"2023-12-22T02:59:15+00:00\",\"dateModified\":\"2024-09-04T02:58:27+00:00\",\"description\":\"Pesquisadora da UFPR desenvolveu sistema que aprimora a antropometria digital, incluindo cadeirantes e pessoas com dificuldades de ficar em p\u00e9.\",\"breadcrumb\":{\"@id\":\"https:\/\/ciencia.ufpr.br\/portal\/sistema-com-cadeira-especial-incentiva-produtos-especificos-para-pessoas-com-deficiencia-motora\/#breadcrumb\"},\"inLanguage\":\"pt-BR\",\"potentialAction\":[{\"@type\":\"ReadAction\",\"target\":[\"https:\/\/ciencia.ufpr.br\/portal\/sistema-com-cadeira-especial-incentiva-produtos-especificos-para-pessoas-com-deficiencia-motora\/\"]}]},{\"@type\":\"ImageObject\",\"inLanguage\":\"pt-BR\",\"@id\":\"https:\/\/ciencia.ufpr.br\/portal\/sistema-com-cadeira-especial-incentiva-produtos-especificos-para-pessoas-com-deficiencia-motora\/#primaryimage\",\"url\":\"https:\/\/ciencia.ufpr.br\/portal\/wp-content\/uploads\/2023\/12\/disp1.jpg\",\"contentUrl\":\"https:\/\/ciencia.ufpr.br\/portal\/wp-content\/uploads\/2023\/12\/disp1.jpg\",\"width\":1920,\"height\":1080,\"caption\":\"Cadeira especial para antropometria digital adaptada \u00e9 feita de metal e tem apoios em acr\u00edlico transparente. Foto: Isabella Sierra\/PPGDesign\/UFPR\/Acervo\"},{\"@type\":\"BreadcrumbList\",\"@id\":\"https:\/\/ciencia.ufpr.br\/portal\/sistema-com-cadeira-especial-incentiva-produtos-especificos-para-pessoas-com-deficiencia-motora\/#breadcrumb\",\"itemListElement\":[{\"@type\":\"ListItem\",\"position\":1,\"name\":\"Home\",\"item\":\"https:\/\/ciencia.ufpr.br\/portal\/\"},{\"@type\":\"ListItem\",\"position\":2,\"name\":\"Sistema com cadeira especial incentiva produtos espec\u00edficos para pessoas com defici\u00eancia motora\"}]},{\"@type\":\"WebSite\",\"@id\":\"https:\/\/ciencia.ufpr.br\/portal\/#website\",\"url\":\"https:\/\/ciencia.ufpr.br\/portal\/\",\"name\":\"Ci\u00eancia UFPR\",\"description\":\"Site de temas cient\u00edficos com foco no conhecimento produzido na Universidade Federal do Paran\u00e1 (UFPR). Baseado na Revista Ci\u00eancia UFPR.\",\"publisher\":{\"@id\":\"https:\/\/ciencia.ufpr.br\/portal\/#organization\"},\"potentialAction\":[{\"@type\":\"SearchAction\",\"target\":{\"@type\":\"EntryPoint\",\"urlTemplate\":\"https:\/\/ciencia.ufpr.br\/portal\/?s={search_term_string}\"},\"query-input\":{\"@type\":\"PropertyValueSpecification\",\"valueRequired\":true,\"valueName\":\"search_term_string\"}}],\"inLanguage\":\"pt-BR\"},{\"@type\":\"Organization\",\"@id\":\"https:\/\/ciencia.ufpr.br\/portal\/#organization\",\"name\":\"Revista Ci\u00eancia UFPR\",\"url\":\"https:\/\/ciencia.ufpr.br\/portal\/\",\"logo\":{\"@type\":\"ImageObject\",\"inLanguage\":\"pt-BR\",\"@id\":\"https:\/\/ciencia.ufpr.br\/portal\/#\/schema\/logo\/image\/\",\"url\":\"https:\/\/ciencia.ufpr.br\/portal\/wp-content\/uploads\/2020\/12\/Revista-Ciencia-UFPR-vermelho.jpeg\",\"contentUrl\":\"https:\/\/ciencia.ufpr.br\/portal\/wp-content\/uploads\/2020\/12\/Revista-Ciencia-UFPR-vermelho.jpeg\",\"width\":992,\"height\":714,\"caption\":\"Revista Ci\u00eancia UFPR\"},\"image\":{\"@id\":\"https:\/\/ciencia.ufpr.br\/portal\/#\/schema\/logo\/image\/\"},\"sameAs\":[\"https:\/\/www.facebook.com\/cienciaufproficial\",\"https:\/\/x.com\/cienciaufpr\",\"https:\/\/www.instagram.com\/revistacienciaufpr\/\",\"https:\/\/www.linkedin.com\/company\/cienciaufproficial\",\"https:\/\/br.pinterest.com\/cienciaufpr\/\"]},{\"@type\":\"Person\",\"@id\":\"https:\/\/ciencia.ufpr.br\/portal\/#\/schema\/person\/b2d3b2036ea31f22ae6f5f6424e9c020\",\"name\":\"Camille Bropp\",\"description\":\"Formada em jornalismo (UFSC), com especializa\u00e7\u00e3o em sociologia pol\u00edtica (UFPR) e mestra em Divulga\u00e7\u00e3o Cient\u00edfica e Cultural (Unicamp). Jornalista na UFPR.\",\"sameAs\":[\"https:\/\/www.linkedin.com\/in\/camille-b-cardoso-1b229b21\/\"],\"url\":\"https:\/\/ciencia.ufpr.br\/portal\/author\/camille-bropp\/\"}]}<\/script>\n<!-- \/ Yoast SEO plugin. -->","yoast_head_json":{"title":"Sistema com cadeira especial incentiva produtos espec\u00edficos para pessoas com defici\u00eancia motora - Ci\u00eancia UFPR","description":"Pesquisadora da UFPR desenvolveu sistema que aprimora a antropometria digital, incluindo cadeirantes e pessoas com dificuldades de ficar em p\u00e9.","robots":{"index":"index","follow":"follow","max-snippet":"max-snippet:-1","max-image-preview":"max-image-preview:large","max-video-preview":"max-video-preview:-1"},"canonical":"https:\/\/ciencia.ufpr.br\/portal\/sistema-com-cadeira-especial-incentiva-produtos-especificos-para-pessoas-com-deficiencia-motora\/","og_locale":"pt_BR","og_type":"article","og_title":"Sistema com cadeira especial incentiva produtos espec\u00edficos para pessoas com defici\u00eancia motora - Ci\u00eancia UFPR","og_description":"Pesquisadora da UFPR desenvolveu sistema que aprimora a antropometria digital, incluindo cadeirantes e pessoas com dificuldades de ficar em p\u00e9.","og_url":"https:\/\/ciencia.ufpr.br\/portal\/sistema-com-cadeira-especial-incentiva-produtos-especificos-para-pessoas-com-deficiencia-motora\/","og_site_name":"Ci\u00eancia UFPR","article_publisher":"https:\/\/www.facebook.com\/cienciaufproficial","article_published_time":"2023-12-22T02:59:15+00:00","article_modified_time":"2024-09-04T02:58:27+00:00","og_image":[{"width":1920,"height":1080,"url":"https:\/\/ciencia.ufpr.br\/portal\/wp-content\/uploads\/2023\/12\/disp1.jpg","type":"image\/jpeg"}],"author":"Camille Bropp","twitter_card":"summary_large_image","twitter_creator":"@cienciaufpr","twitter_site":"@cienciaufpr","twitter_misc":{"Escrito por":"Camille Bropp","Est. tempo de leitura":"7 minutos"},"schema":{"@context":"https:\/\/schema.org","@graph":[{"@type":"Article","@id":"https:\/\/ciencia.ufpr.br\/portal\/sistema-com-cadeira-especial-incentiva-produtos-especificos-para-pessoas-com-deficiencia-motora\/#article","isPartOf":{"@id":"https:\/\/ciencia.ufpr.br\/portal\/sistema-com-cadeira-especial-incentiva-produtos-especificos-para-pessoas-com-deficiencia-motora\/"},"author":{"name":"Camille Bropp","@id":"https:\/\/ciencia.ufpr.br\/portal\/#\/schema\/person\/b2d3b2036ea31f22ae6f5f6424e9c020"},"headline":"Sistema com cadeira especial incentiva produtos espec\u00edficos para pessoas com defici\u00eancia motora","datePublished":"2023-12-22T02:59:15+00:00","dateModified":"2024-09-04T02:58:27+00:00","mainEntityOfPage":{"@id":"https:\/\/ciencia.ufpr.br\/portal\/sistema-com-cadeira-especial-incentiva-produtos-especificos-para-pessoas-com-deficiencia-motora\/"},"wordCount":1385,"commentCount":0,"publisher":{"@id":"https:\/\/ciencia.ufpr.br\/portal\/#organization"},"image":{"@id":"https:\/\/ciencia.ufpr.br\/portal\/sistema-com-cadeira-especial-incentiva-produtos-especificos-para-pessoas-com-deficiencia-motora\/#primaryimage"},"thumbnailUrl":"https:\/\/ciencia.ufpr.br\/portal\/wp-content\/uploads\/2023\/12\/disp1.jpg","keywords":["2023","design","inclus\u00e3o","itera\u00e7\u00e3o","pessoa com defici\u00eancia","tecnologia assistiva"],"articleSection":["Capes de Tese","Humanas","Reportagem"],"inLanguage":"pt-BR","potentialAction":[{"@type":"CommentAction","name":"Comment","target":["https:\/\/ciencia.ufpr.br\/portal\/sistema-com-cadeira-especial-incentiva-produtos-especificos-para-pessoas-com-deficiencia-motora\/#respond"]}]},{"@type":"WebPage","@id":"https:\/\/ciencia.ufpr.br\/portal\/sistema-com-cadeira-especial-incentiva-produtos-especificos-para-pessoas-com-deficiencia-motora\/","url":"https:\/\/ciencia.ufpr.br\/portal\/sistema-com-cadeira-especial-incentiva-produtos-especificos-para-pessoas-com-deficiencia-motora\/","name":"Sistema com cadeira especial incentiva produtos espec\u00edficos para pessoas com defici\u00eancia motora - Ci\u00eancia UFPR","isPartOf":{"@id":"https:\/\/ciencia.ufpr.br\/portal\/#website"},"primaryImageOfPage":{"@id":"https:\/\/ciencia.ufpr.br\/portal\/sistema-com-cadeira-especial-incentiva-produtos-especificos-para-pessoas-com-deficiencia-motora\/#primaryimage"},"image":{"@id":"https:\/\/ciencia.ufpr.br\/portal\/sistema-com-cadeira-especial-incentiva-produtos-especificos-para-pessoas-com-deficiencia-motora\/#primaryimage"},"thumbnailUrl":"https:\/\/ciencia.ufpr.br\/portal\/wp-content\/uploads\/2023\/12\/disp1.jpg","datePublished":"2023-12-22T02:59:15+00:00","dateModified":"2024-09-04T02:58:27+00:00","description":"Pesquisadora da UFPR desenvolveu sistema que aprimora a antropometria digital, incluindo cadeirantes e pessoas com dificuldades de ficar em p\u00e9.","breadcrumb":{"@id":"https:\/\/ciencia.ufpr.br\/portal\/sistema-com-cadeira-especial-incentiva-produtos-especificos-para-pessoas-com-deficiencia-motora\/#breadcrumb"},"inLanguage":"pt-BR","potentialAction":[{"@type":"ReadAction","target":["https:\/\/ciencia.ufpr.br\/portal\/sistema-com-cadeira-especial-incentiva-produtos-especificos-para-pessoas-com-deficiencia-motora\/"]}]},{"@type":"ImageObject","inLanguage":"pt-BR","@id":"https:\/\/ciencia.ufpr.br\/portal\/sistema-com-cadeira-especial-incentiva-produtos-especificos-para-pessoas-com-deficiencia-motora\/#primaryimage","url":"https:\/\/ciencia.ufpr.br\/portal\/wp-content\/uploads\/2023\/12\/disp1.jpg","contentUrl":"https:\/\/ciencia.ufpr.br\/portal\/wp-content\/uploads\/2023\/12\/disp1.jpg","width":1920,"height":1080,"caption":"Cadeira especial para antropometria digital adaptada \u00e9 feita de metal e tem apoios em acr\u00edlico transparente. Foto: Isabella Sierra\/PPGDesign\/UFPR\/Acervo"},{"@type":"BreadcrumbList","@id":"https:\/\/ciencia.ufpr.br\/portal\/sistema-com-cadeira-especial-incentiva-produtos-especificos-para-pessoas-com-deficiencia-motora\/#breadcrumb","itemListElement":[{"@type":"ListItem","position":1,"name":"Home","item":"https:\/\/ciencia.ufpr.br\/portal\/"},{"@type":"ListItem","position":2,"name":"Sistema com cadeira especial incentiva produtos espec\u00edficos para pessoas com defici\u00eancia motora"}]},{"@type":"WebSite","@id":"https:\/\/ciencia.ufpr.br\/portal\/#website","url":"https:\/\/ciencia.ufpr.br\/portal\/","name":"Ci\u00eancia UFPR","description":"Site de temas cient\u00edficos com foco no conhecimento produzido na Universidade Federal do Paran\u00e1 (UFPR). Baseado na Revista Ci\u00eancia UFPR.","publisher":{"@id":"https:\/\/ciencia.ufpr.br\/portal\/#organization"},"potentialAction":[{"@type":"SearchAction","target":{"@type":"EntryPoint","urlTemplate":"https:\/\/ciencia.ufpr.br\/portal\/?s={search_term_string}"},"query-input":{"@type":"PropertyValueSpecification","valueRequired":true,"valueName":"search_term_string"}}],"inLanguage":"pt-BR"},{"@type":"Organization","@id":"https:\/\/ciencia.ufpr.br\/portal\/#organization","name":"Revista Ci\u00eancia UFPR","url":"https:\/\/ciencia.ufpr.br\/portal\/","logo":{"@type":"ImageObject","inLanguage":"pt-BR","@id":"https:\/\/ciencia.ufpr.br\/portal\/#\/schema\/logo\/image\/","url":"https:\/\/ciencia.ufpr.br\/portal\/wp-content\/uploads\/2020\/12\/Revista-Ciencia-UFPR-vermelho.jpeg","contentUrl":"https:\/\/ciencia.ufpr.br\/portal\/wp-content\/uploads\/2020\/12\/Revista-Ciencia-UFPR-vermelho.jpeg","width":992,"height":714,"caption":"Revista Ci\u00eancia UFPR"},"image":{"@id":"https:\/\/ciencia.ufpr.br\/portal\/#\/schema\/logo\/image\/"},"sameAs":["https:\/\/www.facebook.com\/cienciaufproficial","https:\/\/x.com\/cienciaufpr","https:\/\/www.instagram.com\/revistacienciaufpr\/","https:\/\/www.linkedin.com\/company\/cienciaufproficial","https:\/\/br.pinterest.com\/cienciaufpr\/"]},{"@type":"Person","@id":"https:\/\/ciencia.ufpr.br\/portal\/#\/schema\/person\/b2d3b2036ea31f22ae6f5f6424e9c020","name":"Camille Bropp","description":"Formada em jornalismo (UFSC), com especializa\u00e7\u00e3o em sociologia pol\u00edtica (UFPR) e mestra em Divulga\u00e7\u00e3o Cient\u00edfica e Cultural (Unicamp). Jornalista na UFPR.","sameAs":["https:\/\/www.linkedin.com\/in\/camille-b-cardoso-1b229b21\/"],"url":"https:\/\/ciencia.ufpr.br\/portal\/author\/camille-bropp\/"}]}},"views":1476,"jetpack_sharing_enabled":true,"jetpack_featured_media_url":"https:\/\/ciencia.ufpr.br\/portal\/wp-content\/uploads\/2023\/12\/disp1.jpg","_links":{"self":[{"href":"https:\/\/ciencia.ufpr.br\/portal\/wp-json\/wp\/v2\/posts\/24330"}],"collection":[{"href":"https:\/\/ciencia.ufpr.br\/portal\/wp-json\/wp\/v2\/posts"}],"about":[{"href":"https:\/\/ciencia.ufpr.br\/portal\/wp-json\/wp\/v2\/types\/post"}],"author":[{"embeddable":true,"href":"https:\/\/ciencia.ufpr.br\/portal\/wp-json\/wp\/v2\/users\/2800"}],"replies":[{"embeddable":true,"href":"https:\/\/ciencia.ufpr.br\/portal\/wp-json\/wp\/v2\/comments?post=24330"}],"version-history":[{"count":35,"href":"https:\/\/ciencia.ufpr.br\/portal\/wp-json\/wp\/v2\/posts\/24330\/revisions"}],"predecessor-version":[{"id":25556,"href":"https:\/\/ciencia.ufpr.br\/portal\/wp-json\/wp\/v2\/posts\/24330\/revisions\/25556"}],"wp:featuredmedia":[{"embeddable":true,"href":"https:\/\/ciencia.ufpr.br\/portal\/wp-json\/wp\/v2\/media\/24749"}],"wp:attachment":[{"href":"https:\/\/ciencia.ufpr.br\/portal\/wp-json\/wp\/v2\/media?parent=24330"}],"wp:term":[{"taxonomy":"category","embeddable":true,"href":"https:\/\/ciencia.ufpr.br\/portal\/wp-json\/wp\/v2\/categories?post=24330"},{"taxonomy":"post_tag","embeddable":true,"href":"https:\/\/ciencia.ufpr.br\/portal\/wp-json\/wp\/v2\/tags?post=24330"}],"curies":[{"name":"wp","href":"https:\/\/api.w.org\/{rel}","templated":true}]}}