{"id":24249,"date":"2023-10-31T11:14:46","date_gmt":"2023-10-31T14:14:46","guid":{"rendered":"https:\/\/ciencia.ufpr.br\/portal\/?p=24249"},"modified":"2024-10-12T01:27:01","modified_gmt":"2024-10-12T04:27:01","slug":"disturbios-de-sono-em-criancas-podem-ser-sinal-de-saude-bucal-comprometida-alerta-artigo","status":"publish","type":"post","link":"https:\/\/ciencia.ufpr.br\/portal\/disturbios-de-sono-em-criancas-podem-ser-sinal-de-saude-bucal-comprometida-alerta-artigo\/","title":{"rendered":"Dist\u00farbios de sono em crian\u00e7as podem ser sinal de sa\u00fade bucal comprometida, alerta artigo"},"content":{"rendered":"<p><span data-contrast=\"auto\">Boa parte dos brasileiros precisa buscar um dentista com urg\u00eancia. \u00c9 o que aponta a Pesquisa Nacional de Sa\u00fade Bucal de 2023, realizada pelo Minist\u00e9rio da Sa\u00fade. O resultado indica que, entre os adultos de 35 a 44 anos, 48% precisam realizar ao menos um procedimento odontol\u00f3gico eletivo. Nos idosos entre 65 a 74 anos, 45% necessitam de algum tipo de tratamento imediato, seja por causa de dor ou devido a alguma infec\u00e7\u00e3o de origem bucal.<\/span><span data-ccp-props=\"{&quot;201341983&quot;:0,&quot;335551550&quot;:6,&quot;335551620&quot;:6,&quot;335559740&quot;:360}\">\u00a0<\/span><span data-ccp-props=\"{&quot;201341983&quot;:0,&quot;335551550&quot;:6,&quot;335551620&quot;:6,&quot;335559740&quot;:360}\">\u00a0<\/span><\/p>\n<p><span data-contrast=\"auto\">Em 2010, a mesma pesquisa apontou que 66% das crian\u00e7as de 12 anos apresentaram dor de dente e necessidade de tratamento (morbidade dent\u00e1ria autorreferida). Neste grupo, 29% relataram ter sentido dores de dente nos meses anteriores \u00e0 realiza\u00e7\u00e3o da pesquisa. A intensidade de grau cinco (a maior da escala) foi apresentada em 27,5% dos entrevistados.<\/span><span data-ccp-props=\"{&quot;201341983&quot;:0,&quot;335551550&quot;:6,&quot;335551620&quot;:6,&quot;335559740&quot;:360}\">\u00a0<\/span><span data-ccp-props=\"{&quot;201341983&quot;:0,&quot;335551550&quot;:6,&quot;335551620&quot;:6,&quot;335559740&quot;:360}\">\u00a0<\/span><\/p>\n<p><span data-contrast=\"auto\">Quem j\u00e1 teve, sabe: a dor de dente consegue atrapalhar qualquer atividade do cotidiano, sem mencionar a dificuldade enfrentada na hora das refei\u00e7\u00f5es. Mas para al\u00e9m das tarefas do dia a dia, esse desconforto pode ter impacto na hora do descanso.<\/span><span data-ccp-props=\"{&quot;201341983&quot;:0,&quot;335551550&quot;:6,&quot;335551620&quot;:6,&quot;335559740&quot;:360}\">\u00a0<\/span><span data-ccp-props=\"{&quot;201341983&quot;:0,&quot;335551550&quot;:6,&quot;335551620&quot;:6,&quot;335559740&quot;:360}\">\u00a0<\/span><\/p>\n<figure id=\"attachment_24250\" aria-describedby=\"caption-attachment-24250\" style=\"width: 440px\" class=\"wp-caption alignleft\"><a href=\"https:\/\/ciencia.ufpr.br\/portal\/wp-content\/uploads\/2023\/10\/info-saude-bucal-e-problemas-do-sono-revista.jpg\"><img loading=\"lazy\" decoding=\"async\" class=\"wp-image-24250\" src=\"https:\/\/ciencia.ufpr.br\/portal\/wp-content\/uploads\/2023\/10\/info-saude-bucal-e-problemas-do-sono-revista.jpg\" alt=\"\" width=\"440\" height=\"518\" srcset=\"https:\/\/ciencia.ufpr.br\/portal\/wp-content\/uploads\/2023\/10\/info-saude-bucal-e-problemas-do-sono-revista.jpg 840w, https:\/\/ciencia.ufpr.br\/portal\/wp-content\/uploads\/2023\/10\/info-saude-bucal-e-problemas-do-sono-revista-255x300.jpg 255w, https:\/\/ciencia.ufpr.br\/portal\/wp-content\/uploads\/2023\/10\/info-saude-bucal-e-problemas-do-sono-revista-768x904.jpg 768w, https:\/\/ciencia.ufpr.br\/portal\/wp-content\/uploads\/2023\/10\/info-saude-bucal-e-problemas-do-sono-revista-150x177.jpg 150w\" sizes=\"(max-width: 440px) 100vw, 440px\" \/><\/a><figcaption id=\"caption-attachment-24250\" class=\"wp-caption-text\">Clique para ampliar | <a href=\"https:\/\/ciencia.ufpr.br\/portal\/wp-content\/uploads\/2023\/10\/info-saudebucaleproblemasdosono-cropped.pdf\" target=\"_blank\" rel=\"noopener\">Baixe em pdf<\/a><\/figcaption><\/figure>\n<p><span data-contrast=\"auto\">Em <\/span><a href=\"https:\/\/link.springer.com\/article\/10.1007\/s40368-022-00747-1\" target=\"_blank\" rel=\"noopener\"><span data-contrast=\"none\">artigo publicado no peri\u00f3dico <\/span><i><span data-contrast=\"none\">European Archives of Paediatric Dentistry<\/span><\/i><span data-contrast=\"none\">, <\/span><span data-contrast=\"none\">d<\/span><span data-contrast=\"none\">a <\/span><i><span data-contrast=\"none\">Springer Nature<\/span><\/i><\/a><span data-contrast=\"auto\">, Bruna Luiza Maximo Ramos, pesquisadora egressa da p\u00f3s-gradua\u00e7\u00e3o em Odontologia da Universidade Federal do Paran\u00e1 (UFPR), confirmou que a dor de dente e o desconforto dent\u00e1rio est\u00e3o associados a uma maior preval\u00eancia de dist\u00farbios do sono.\u00a0<\/span><span data-ccp-props=\"{&quot;201341983&quot;:0,&quot;335551550&quot;:6,&quot;335551620&quot;:6,&quot;335559740&quot;:360}\">\u00a0<\/span><span data-ccp-props=\"{&quot;201341983&quot;:0,&quot;335551550&quot;:6,&quot;335551620&quot;:6,&quot;335559740&quot;:360}\">\u00a0<\/span><\/p>\n<p><span data-contrast=\"auto\">A publica\u00e7\u00e3o \u00e9 decorr\u00eancia de sua disserta\u00e7\u00e3o de mestrado, que trata da mesma tem\u00e1tica. Colaboraram com o estudo a ent\u00e3o mestranda do mesmo programa, Aline Midori Batista Umemura; o orientador Jos\u00e9 Vitor Nogara Borges de Menezes; e a co-orientadora Juliana Feltrin de Souza, ambos professores do Departamento de Estomatologia da UFPR; al\u00e9m do professor Oliviero Bruni, da Universidade Sapienza de Roma (It\u00e1lia).<\/span><span data-ccp-props=\"{&quot;134233117&quot;:false,&quot;134233118&quot;:false,&quot;201341983&quot;:0,&quot;335551550&quot;:6,&quot;335551620&quot;:6,&quot;335559685&quot;:0,&quot;335559737&quot;:0,&quot;335559738&quot;:0,&quot;335559739&quot;:0,&quot;335559740&quot;:360}\">\u00a0<\/span><span data-ccp-props=\"{&quot;201341983&quot;:0,&quot;335551550&quot;:6,&quot;335551620&quot;:6,&quot;335559740&quot;:360}\">\u00a0<\/span><\/p>\n<p><span data-contrast=\"auto\">O estudo teve como objetivo avaliar a preval\u00eancia de dist\u00farbios do sono em crian\u00e7as brasileiras entre quatro e cinco anos de idade a partir do relato dos pais sobre desconforto e dor dent\u00e1ria. A pesquisa transversal \u2013 cuja coleta de dados \u00e9 feita em um momento e em um local espec\u00edficos \u2013 foi realizada na cidade de Itaja\u00ed, em Santa Catarina, com 604 crian\u00e7as em fase pr\u00e9-escolar, matriculadas em escolas municipais.<\/span><span data-ccp-props=\"{&quot;201341983&quot;:0,&quot;335551550&quot;:6,&quot;335551620&quot;:6,&quot;335559740&quot;:360}\">\u00a0<\/span><\/p>\n<p><span data-contrast=\"auto\">Para a produ\u00e7\u00e3o de dados, os pesquisadores utilizaram tr\u00eas question\u00e1rios, respondidos pelos respons\u00e1veis pelas crian\u00e7as participantes. Um desses question\u00e1rios foi o socioecon\u00f4mico, que buscou entender a renda familiar mensal, a escolaridade dos pais e cuidadores, bem como a estrutura familiar das crian\u00e7as.<\/span><span data-ccp-props=\"{&quot;201341983&quot;:0,&quot;335551550&quot;:6,&quot;335551620&quot;:6,&quot;335559740&quot;:360}\">\u00a0<\/span><span data-ccp-props=\"{&quot;201341983&quot;:0,&quot;335551550&quot;:6,&quot;335551620&quot;:6,&quot;335559740&quot;:360}\">\u00a0<\/span><\/p>\n<p><span data-contrast=\"auto\">J\u00e1 o question\u00e1rio denominado <\/span><i><span data-contrast=\"auto\">\u201cSleep Disturbance Scale for Children\u201d <\/span><\/i><span data-contrast=\"auto\">(SDSC) &#8211; que, em tradu\u00e7\u00e3o livre, significa \u201cEscala de Dist\u00farbios do Sono para Crian\u00e7as\u201d &#8211; teve o objetivo de detectar os dist\u00farbios do sono em crian\u00e7as.<\/span><span data-ccp-props=\"{&quot;201341983&quot;:0,&quot;335551550&quot;:6,&quot;335551620&quot;:6,&quot;335559740&quot;:360}\">\u00a0<\/span><span data-ccp-props=\"{&quot;201341983&quot;:0,&quot;335551550&quot;:6,&quot;335551620&quot;:6,&quot;335559740&quot;:360}\">\u00a0<\/span><\/p>\n<p><span data-contrast=\"auto\">Entre os resultados observados nas respostas ao formul\u00e1rio, destaca-se que 21% das crian\u00e7as apresentavam dist\u00farbios respirat\u00f3rios do sono, como apneias; 19% tinham transtornos da transi\u00e7\u00e3o sono-vig\u00edlia, quando se tem sono muito mais cedo ou muito mais tarde do que o exigido pelo ambiente; e 13% suavam excessivamente dormindo, hiperidrose do sono.<\/span><span data-ccp-props=\"{&quot;201341983&quot;:0,&quot;335551550&quot;:6,&quot;335551620&quot;:6,&quot;335559740&quot;:360}\">\u00a0<\/span><\/p>\n<p><span data-contrast=\"auto\">O terceiro question\u00e1rio utilizado pelos pesquisadores &#8211; intitulado <\/span><i><span data-contrast=\"auto\">\u201cDental Discomfort Questionnaire\u201d <\/span><\/i><span data-contrast=\"auto\">(DDQ-B), que pode ser traduzido como \u201cQuestion\u00e1rio de Desconforto Dental\u201d -, diz respeito \u00e0 observa\u00e7\u00e3o de dor de dente nas crian\u00e7as por parte dos pais e em qual per\u00edodo isso ocorria; al\u00e9m de comportamentos relacionados \u00e0 dor e ao desconforto de origem dental.\u00a0<\/span><span data-ccp-props=\"{&quot;201341983&quot;:0,&quot;335551550&quot;:6,&quot;335551620&quot;:6,&quot;335559740&quot;:360}\">\u00a0<\/span><span data-ccp-props=\"{&quot;201341983&quot;:0,&quot;335551550&quot;:6,&quot;335551620&quot;:6,&quot;335559740&quot;:360}\">\u00a0<\/span><\/p>\n<p><span data-contrast=\"auto\">A partir dele, foi poss\u00edvel concluir que 62% (363) das crian\u00e7as apresentavam pelo menos um sinal indicativo de dor e de desconforto dent\u00e1rio. Tamb\u00e9m foi observado que 8% (49) dos participantes necessitavam tratamento odontol\u00f3gico mais invasivo.<\/span><span data-ccp-props=\"{&quot;201341983&quot;:0,&quot;335551550&quot;:6,&quot;335551620&quot;:6,&quot;335559740&quot;:360}\">\u00a0<\/span><\/p>\n<p><span data-contrast=\"auto\">Os pesquisadores ainda realizaram uma avalia\u00e7\u00e3o cl\u00ednica dentro do ambiente escolar para examinar a sa\u00fade bucal das crian\u00e7as. Observou-se que 42% (255) dos participantes apresentavam pelo menos um dente cariado e que a m\u00e9dia de dentes afetados pela c\u00e1rie chegava a quase dois. Al\u00e9m disso, 8% (48) tinham ao menos um dente com les\u00f5es, pus, f\u00edstulas ou envolvimento pulpar.<\/span><span data-ccp-props=\"{&quot;201341983&quot;:0,&quot;335551550&quot;:6,&quot;335551620&quot;:6,&quot;335559740&quot;:360}\">\u00a0<\/span><\/p>\n<h2><b><span data-contrast=\"auto\">Quando h\u00e1 dor de dente, tamb\u00e9m h\u00e1 chances de ocorrer problemas para dormir<\/span><\/b><span data-ccp-props=\"{&quot;201341983&quot;:0,&quot;335551550&quot;:6,&quot;335551620&quot;:6,&quot;335559740&quot;:360}\">\u00a0<\/span><span data-ccp-props=\"{&quot;201341983&quot;:0,&quot;335551550&quot;:6,&quot;335551620&quot;:6,&quot;335559740&quot;:360}\">\u00a0<\/span><\/h2>\n<p><span data-contrast=\"auto\">A partir da rela\u00e7\u00e3o dos dados obtidos pelos formul\u00e1rios e da an\u00e1lise cl\u00ednica das crian\u00e7as participantes, a hip\u00f3tese de que a dor de dente e o desconforto dent\u00e1rio est\u00e3o associados a uma maior preval\u00eancia de dist\u00farbios do sono foi confirmada: \u201cOs resultados evidenciaram que crian\u00e7as que tiveram problemas de dor de dente recente t\u00eam mais chances de desenvolver dist\u00farbios de sono como hiperidrose e parassonias, como sonambulismo ou pesadelos\u201d, destaca Bruna.<\/span><span data-ccp-props=\"{&quot;201341983&quot;:0,&quot;335551550&quot;:6,&quot;335551620&quot;:6,&quot;335559740&quot;:360}\">\u00a0<\/span><span data-ccp-props=\"{&quot;201341983&quot;:0,&quot;335551550&quot;:6,&quot;335551620&quot;:6,&quot;335559740&quot;:360}\">\u00a0<\/span><\/p>\n<p><span data-contrast=\"auto\">De acordo com a converg\u00eancia de dados entre respostas aos formul\u00e1rios e an\u00e1lise cl\u00ednica, 72% (34) das crian\u00e7as que apresentavam dor dent\u00e1ria tamb\u00e9m apresentavam algum dist\u00farbio do sono. A mesma porcentagem foi observada na rela\u00e7\u00e3o entre desordens em iniciar e em manter o sono e dor dent\u00e1ria.<\/span><span data-ccp-props=\"{&quot;201341983&quot;:0,&quot;335551550&quot;:6,&quot;335551620&quot;:6,&quot;335559740&quot;:360}\">\u00a0<\/span><span data-ccp-props=\"{&quot;201341983&quot;:0,&quot;335551550&quot;:6,&quot;335551620&quot;:6,&quot;335559740&quot;:360}\">\u00a0<\/span><\/p>\n<p><span data-contrast=\"auto\">Entre aqueles que apresentaram problemas de am\u00edgdala ou de adenoide, 70% (45) tinham algum dist\u00farbio do sono. Do total de 64 crian\u00e7as que possuem esse problema, 56% (36) tinham dist\u00farbio de transi\u00e7\u00e3o sono-vig\u00edlia.<\/span><span data-ccp-props=\"{&quot;201341983&quot;:0,&quot;335551550&quot;:6,&quot;335551620&quot;:6,&quot;335559740&quot;:360}\">\u00a0<\/span><\/p>\n<p><span data-contrast=\"auto\">O estudo ainda revelou que entre as crian\u00e7as que dormiam de boca aberta, 76% (195) possu\u00edam algum dist\u00farbio do sono. Nessa condi\u00e7\u00e3o, 65% (168) tamb\u00e9m apresentavam dist\u00farbio de transi\u00e7\u00e3o sono-vig\u00edlia. Confira mais detalhes no infogr\u00e1fico abaixo:<\/span><span data-ccp-props=\"{&quot;201341983&quot;:0,&quot;335551550&quot;:6,&quot;335551620&quot;:6,&quot;335559740&quot;:360}\">\u00a0<\/span><span data-ccp-props=\"{&quot;201341983&quot;:0,&quot;335551550&quot;:6,&quot;335551620&quot;:6,&quot;335559740&quot;:360}\">\u00a0<\/span><\/p>\n<h2><b><span data-contrast=\"auto\">Os pais precisam ficar atentos<\/span><\/b><span data-ccp-props=\"{&quot;201341983&quot;:0,&quot;335551550&quot;:6,&quot;335551620&quot;:6,&quot;335559740&quot;:360}\">\u00a0<\/span><span data-ccp-props=\"{&quot;201341983&quot;:0,&quot;335551550&quot;:6,&quot;335551620&quot;:6,&quot;335559740&quot;:360}\">\u00a0<\/span><\/h2>\n<p><span data-contrast=\"auto\">De acordo com os pesquisadores, a sa\u00fade bucal e os dist\u00farbios do sono podem ter uma rela\u00e7\u00e3o bidirecional. Isso porque as doen\u00e7as e as altera\u00e7\u00f5es bucais podem impactar negativamente na qualidade do sono, da mesma forma que determinados dist\u00farbios podem ter influ\u00eancia na condi\u00e7\u00e3o bucal. \u201cAlguns estudos mostram o impacto negativo da condi\u00e7\u00e3o bucal como c\u00e1rie dent\u00e1ria, dor e desconforto de origem dent\u00e1ria e at\u00e9 a presen\u00e7a de altera\u00e7\u00f5es oclusais &#8211; como mordida aberta &#8211; na qualidade do sono, assim como h\u00e1 dados sobre o impacto de dist\u00farbios do sono na ocorr\u00eancia de bruxismo do sono ou vice-versa\u201d, ressalta Souza.<\/span><span data-ccp-props=\"{&quot;201341983&quot;:0,&quot;335551550&quot;:6,&quot;335551620&quot;:6,&quot;335559740&quot;:360}\">\u00a0<\/span><\/p>\n<p><span data-contrast=\"auto\">Os autores do artigo alertam para que a sa\u00fade bucal seja observada como um fator relevante na qualidade de vida das crian\u00e7as. \u201cOutro ponto muito importante \u00e9 que os respons\u00e1veis de crian\u00e7as devem buscar por informa\u00e7\u00f5es sobre como manter a sa\u00fade bucal adequada nas diversas faixas et\u00e1rias\u201d, refor\u00e7am.\u00a0<\/span><span data-ccp-props=\"{&quot;201341983&quot;:0,&quot;335551550&quot;:6,&quot;335551620&quot;:6,&quot;335559740&quot;:360}\">\u00a0<\/span><span data-ccp-props=\"{&quot;201341983&quot;:0,&quot;335551550&quot;:6,&quot;335551620&quot;:6,&quot;335559740&quot;:360}\">\u00a0<\/span><\/p>\n<p><span data-contrast=\"auto\">Dentre as medidas de cuidado, observar as altera\u00e7\u00f5es bucais ou comportamentos da crian\u00e7a durante as refei\u00e7\u00f5es pode contribuir para identificar problemas. Segundo os cientistas, a demora na alimenta\u00e7\u00e3o, evitar a utiliza\u00e7\u00e3o dos dentes da frente para morder e levar as m\u00e3os \u00e0 boca com frequ\u00eancia podem ser sinais de problemas.<\/span><span data-ccp-props=\"{&quot;201341983&quot;:0,&quot;335551550&quot;:6,&quot;335551620&quot;:6,&quot;335559740&quot;:360}\">\u00a0<\/span><\/p>\n<h5 style=\"text-align: right;\"><span style=\"font-weight: 400;\">\u2795 Leia detalhes no artigo &#8220;<a href=\"https:\/\/link.springer.com\/article\/10.1007\/s40368-022-00747-1\" target=\"_blank\" rel=\"noopener\">Parental report of dental pain and discomfort in preschool children is associated with sleep disorders: a cross-sectional study in Brazilian families<\/a><\/span><span style=\"font-weight: 400;\">&#8220;, publicado no peri\u00f3dico <em>European Archives of Paediatric Dentistry<\/em>.<\/span><\/h5>\n<p style=\"text-align: right;\"><i><span data-contrast=\"auto\">Por Thiago Fedacz, sob supervis\u00e3o de J\u00e9ssica Tokarski<\/span><\/i><span data-ccp-props=\"{&quot;201341983&quot;:0,&quot;335551550&quot;:3,&quot;335551620&quot;:3,&quot;335559740&quot;:360}\">\u00a0<\/span><\/p>\n","protected":false},"excerpt":{"rendered":"<p>Boa parte dos brasileiros precisa buscar um dentista com urg\u00eancia. \u00c9 o que aponta a Pesquisa Nacional de Sa\u00fade Bucal&#8230;<\/p>\n","protected":false},"author":2801,"featured_media":24251,"comment_status":"open","ping_status":"closed","sticky":false,"template":"","format":"standard","meta":{"_acf_changed":false,"footnotes":"","fifu_image_url":"","fifu_image_alt":"","_jetpack_memberships_contains_paid_content":false},"categories":[2186,1,1610],"tags":[2243,2378,2382,2381,2380,2385,1896,2384,2383,2379,1819,2377,1966],"acf":[],"yoast_head":"<!-- This site is optimized with the Yoast SEO plugin v23.5 - https:\/\/yoast.com\/wordpress\/plugins\/seo\/ -->\n<title>Dist\u00farbios de sono em crian\u00e7as podem ser sinal de sa\u00fade bucal comprometida, alerta artigo - Ci\u00eancia UFPR<\/title>\n<meta name=\"robots\" content=\"index, follow, max-snippet:-1, max-image-preview:large, max-video-preview:-1\" \/>\n<link rel=\"canonical\" href=\"https:\/\/ciencia.ufpr.br\/portal\/disturbios-de-sono-em-criancas-podem-ser-sinal-de-saude-bucal-comprometida-alerta-artigo\/\" \/>\n<meta property=\"og:locale\" content=\"pt_BR\" \/>\n<meta property=\"og:type\" content=\"article\" \/>\n<meta property=\"og:title\" content=\"Dist\u00farbios de sono em crian\u00e7as podem ser sinal de sa\u00fade bucal comprometida, alerta artigo - Ci\u00eancia UFPR\" \/>\n<meta property=\"og:description\" content=\"Boa parte dos brasileiros precisa buscar um dentista com urg\u00eancia. \u00c9 o que aponta a Pesquisa Nacional de Sa\u00fade Bucal...\" \/>\n<meta property=\"og:url\" content=\"https:\/\/ciencia.ufpr.br\/portal\/disturbios-de-sono-em-criancas-podem-ser-sinal-de-saude-bucal-comprometida-alerta-artigo\/\" \/>\n<meta property=\"og:site_name\" content=\"Ci\u00eancia UFPR\" \/>\n<meta property=\"article:publisher\" content=\"https:\/\/www.facebook.com\/cienciaufproficial\" \/>\n<meta property=\"article:author\" content=\"https:\/\/facebook.com\/cienciaufproficial\/\" \/>\n<meta property=\"article:published_time\" content=\"2023-10-31T14:14:46+00:00\" \/>\n<meta property=\"article:modified_time\" content=\"2024-10-12T04:27:01+00:00\" \/>\n<meta property=\"og:image\" content=\"https:\/\/ciencia.ufpr.br\/portal\/wp-content\/uploads\/2023\/10\/dor-de-dente-sono-scaled.jpg\" \/>\n\t<meta property=\"og:image:width\" content=\"2560\" \/>\n\t<meta property=\"og:image:height\" content=\"1920\" \/>\n\t<meta property=\"og:image:type\" content=\"image\/jpeg\" \/>\n<meta name=\"author\" content=\"Revista Ci\u00eancia UFPR\" \/>\n<meta name=\"twitter:card\" content=\"summary_large_image\" \/>\n<meta name=\"twitter:creator\" content=\"@cienciaufpr\" \/>\n<meta name=\"twitter:site\" content=\"@cienciaufpr\" \/>\n<meta name=\"twitter:label1\" content=\"Escrito por\" \/>\n\t<meta name=\"twitter:data1\" content=\"Revista Ci\u00eancia UFPR\" \/>\n\t<meta name=\"twitter:label2\" content=\"Est. tempo de leitura\" \/>\n\t<meta name=\"twitter:data2\" content=\"6 minutos\" \/>\n<script type=\"application\/ld+json\" class=\"yoast-schema-graph\">{\"@context\":\"https:\/\/schema.org\",\"@graph\":[{\"@type\":\"Article\",\"@id\":\"https:\/\/ciencia.ufpr.br\/portal\/disturbios-de-sono-em-criancas-podem-ser-sinal-de-saude-bucal-comprometida-alerta-artigo\/#article\",\"isPartOf\":{\"@id\":\"https:\/\/ciencia.ufpr.br\/portal\/disturbios-de-sono-em-criancas-podem-ser-sinal-de-saude-bucal-comprometida-alerta-artigo\/\"},\"author\":{\"name\":\"Revista Ci\u00eancia UFPR\",\"@id\":\"https:\/\/ciencia.ufpr.br\/portal\/#\/schema\/person\/667496d81ec02b6172c2caededef2737\"},\"headline\":\"Dist\u00farbios de sono em crian\u00e7as podem ser sinal de sa\u00fade bucal comprometida, alerta artigo\",\"datePublished\":\"2023-10-31T14:14:46+00:00\",\"dateModified\":\"2024-10-12T04:27:01+00:00\",\"mainEntityOfPage\":{\"@id\":\"https:\/\/ciencia.ufpr.br\/portal\/disturbios-de-sono-em-criancas-podem-ser-sinal-de-saude-bucal-comprometida-alerta-artigo\/\"},\"wordCount\":1206,\"commentCount\":0,\"publisher\":{\"@id\":\"https:\/\/ciencia.ufpr.br\/portal\/#organization\"},\"image\":{\"@id\":\"https:\/\/ciencia.ufpr.br\/portal\/disturbios-de-sono-em-criancas-podem-ser-sinal-de-saude-bucal-comprometida-alerta-artigo\/#primaryimage\"},\"thumbnailUrl\":\"https:\/\/ciencia.ufpr.br\/portal\/wp-content\/uploads\/2023\/10\/dor-de-dente-sono-scaled.jpg\",\"keywords\":[\"2023\",\"Crian\u00e7as\",\"Dentes\",\"Denti\u00e7\u00e3o\",\"Dist\u00farbios do sono\",\"Estomatologia\",\"odontologia\",\"Pr\u00e9-escolar\",\"Problemas dent\u00e1rios\",\"Problemas respirat\u00f3rios\",\"sa\u00fade\",\"Sa\u00fade bucal\",\"sono\"],\"articleSection\":[\"Infogr\u00e1fico\",\"Reportagem\",\"Sa\u00fade\"],\"inLanguage\":\"pt-BR\",\"potentialAction\":[{\"@type\":\"CommentAction\",\"name\":\"Comment\",\"target\":[\"https:\/\/ciencia.ufpr.br\/portal\/disturbios-de-sono-em-criancas-podem-ser-sinal-de-saude-bucal-comprometida-alerta-artigo\/#respond\"]}]},{\"@type\":\"WebPage\",\"@id\":\"https:\/\/ciencia.ufpr.br\/portal\/disturbios-de-sono-em-criancas-podem-ser-sinal-de-saude-bucal-comprometida-alerta-artigo\/\",\"url\":\"https:\/\/ciencia.ufpr.br\/portal\/disturbios-de-sono-em-criancas-podem-ser-sinal-de-saude-bucal-comprometida-alerta-artigo\/\",\"name\":\"Dist\u00farbios de sono em crian\u00e7as podem ser sinal de sa\u00fade bucal comprometida, alerta artigo - Ci\u00eancia UFPR\",\"isPartOf\":{\"@id\":\"https:\/\/ciencia.ufpr.br\/portal\/#website\"},\"primaryImageOfPage\":{\"@id\":\"https:\/\/ciencia.ufpr.br\/portal\/disturbios-de-sono-em-criancas-podem-ser-sinal-de-saude-bucal-comprometida-alerta-artigo\/#primaryimage\"},\"image\":{\"@id\":\"https:\/\/ciencia.ufpr.br\/portal\/disturbios-de-sono-em-criancas-podem-ser-sinal-de-saude-bucal-comprometida-alerta-artigo\/#primaryimage\"},\"thumbnailUrl\":\"https:\/\/ciencia.ufpr.br\/portal\/wp-content\/uploads\/2023\/10\/dor-de-dente-sono-scaled.jpg\",\"datePublished\":\"2023-10-31T14:14:46+00:00\",\"dateModified\":\"2024-10-12T04:27:01+00:00\",\"breadcrumb\":{\"@id\":\"https:\/\/ciencia.ufpr.br\/portal\/disturbios-de-sono-em-criancas-podem-ser-sinal-de-saude-bucal-comprometida-alerta-artigo\/#breadcrumb\"},\"inLanguage\":\"pt-BR\",\"potentialAction\":[{\"@type\":\"ReadAction\",\"target\":[\"https:\/\/ciencia.ufpr.br\/portal\/disturbios-de-sono-em-criancas-podem-ser-sinal-de-saude-bucal-comprometida-alerta-artigo\/\"]}]},{\"@type\":\"ImageObject\",\"inLanguage\":\"pt-BR\",\"@id\":\"https:\/\/ciencia.ufpr.br\/portal\/disturbios-de-sono-em-criancas-podem-ser-sinal-de-saude-bucal-comprometida-alerta-artigo\/#primaryimage\",\"url\":\"https:\/\/ciencia.ufpr.br\/portal\/wp-content\/uploads\/2023\/10\/dor-de-dente-sono-scaled.jpg\",\"contentUrl\":\"https:\/\/ciencia.ufpr.br\/portal\/wp-content\/uploads\/2023\/10\/dor-de-dente-sono-scaled.jpg\",\"width\":2560,\"height\":1920,\"caption\":\"Demora para comer, usar pouco os dentes da frente e levar as m\u00e3os \u00e0 boca com frequ\u00eancia podem indicar problemas na sa\u00fade bucal.\u00a0Foto: Freepik\"},{\"@type\":\"BreadcrumbList\",\"@id\":\"https:\/\/ciencia.ufpr.br\/portal\/disturbios-de-sono-em-criancas-podem-ser-sinal-de-saude-bucal-comprometida-alerta-artigo\/#breadcrumb\",\"itemListElement\":[{\"@type\":\"ListItem\",\"position\":1,\"name\":\"Home\",\"item\":\"https:\/\/ciencia.ufpr.br\/portal\/\"},{\"@type\":\"ListItem\",\"position\":2,\"name\":\"Dist\u00farbios de sono em crian\u00e7as podem ser sinal de sa\u00fade bucal comprometida, alerta artigo\"}]},{\"@type\":\"WebSite\",\"@id\":\"https:\/\/ciencia.ufpr.br\/portal\/#website\",\"url\":\"https:\/\/ciencia.ufpr.br\/portal\/\",\"name\":\"Ci\u00eancia UFPR\",\"description\":\"Site de temas cient\u00edficos com foco no conhecimento produzido na Universidade Federal do Paran\u00e1 (UFPR). Baseado na Revista Ci\u00eancia UFPR.\",\"publisher\":{\"@id\":\"https:\/\/ciencia.ufpr.br\/portal\/#organization\"},\"potentialAction\":[{\"@type\":\"SearchAction\",\"target\":{\"@type\":\"EntryPoint\",\"urlTemplate\":\"https:\/\/ciencia.ufpr.br\/portal\/?s={search_term_string}\"},\"query-input\":{\"@type\":\"PropertyValueSpecification\",\"valueRequired\":true,\"valueName\":\"search_term_string\"}}],\"inLanguage\":\"pt-BR\"},{\"@type\":\"Organization\",\"@id\":\"https:\/\/ciencia.ufpr.br\/portal\/#organization\",\"name\":\"Revista Ci\u00eancia UFPR\",\"url\":\"https:\/\/ciencia.ufpr.br\/portal\/\",\"logo\":{\"@type\":\"ImageObject\",\"inLanguage\":\"pt-BR\",\"@id\":\"https:\/\/ciencia.ufpr.br\/portal\/#\/schema\/logo\/image\/\",\"url\":\"https:\/\/ciencia.ufpr.br\/portal\/wp-content\/uploads\/2020\/12\/Revista-Ciencia-UFPR-vermelho.jpeg\",\"contentUrl\":\"https:\/\/ciencia.ufpr.br\/portal\/wp-content\/uploads\/2020\/12\/Revista-Ciencia-UFPR-vermelho.jpeg\",\"width\":992,\"height\":714,\"caption\":\"Revista Ci\u00eancia UFPR\"},\"image\":{\"@id\":\"https:\/\/ciencia.ufpr.br\/portal\/#\/schema\/logo\/image\/\"},\"sameAs\":[\"https:\/\/www.facebook.com\/cienciaufproficial\",\"https:\/\/x.com\/cienciaufpr\",\"https:\/\/www.instagram.com\/revistacienciaufpr\/\",\"https:\/\/www.linkedin.com\/company\/cienciaufproficial\",\"https:\/\/br.pinterest.com\/cienciaufpr\/\"]},{\"@type\":\"Person\",\"@id\":\"https:\/\/ciencia.ufpr.br\/portal\/#\/schema\/person\/667496d81ec02b6172c2caededef2737\",\"name\":\"Revista Ci\u00eancia UFPR\",\"description\":\"Site de jornalismo e divulga\u00e7\u00e3o cient\u00edficos sobre o conhecimento produzido na Universidade Federal do Paran\u00e1 (UFPR). Baseado na Revista Ci\u00eancia UFPR, editada pela Superintend\u00eancia de Comunica\u00e7\u00e3o (Sucom) desde 2016.\",\"sameAs\":[\"https:\/\/ciencia.ufpr.br\/portal\/\",\"https:\/\/facebook.com\/cienciaufproficial\/\",\"https:\/\/www.instagram.com\/revistacienciaufpr\/\",\"https:\/\/br.pinterest.com\/cienciaufpr\/\",\"https:\/\/x.com\/cienciaufpr\",\"https:\/\/soundcloud.com\/revista-ciencia-ufpr\"],\"url\":\"https:\/\/ciencia.ufpr.br\/portal\/author\/revistaciencia\/\"}]}<\/script>\n<!-- \/ Yoast SEO plugin. -->","yoast_head_json":{"title":"Dist\u00farbios de sono em crian\u00e7as podem ser sinal de sa\u00fade bucal comprometida, alerta artigo - Ci\u00eancia UFPR","robots":{"index":"index","follow":"follow","max-snippet":"max-snippet:-1","max-image-preview":"max-image-preview:large","max-video-preview":"max-video-preview:-1"},"canonical":"https:\/\/ciencia.ufpr.br\/portal\/disturbios-de-sono-em-criancas-podem-ser-sinal-de-saude-bucal-comprometida-alerta-artigo\/","og_locale":"pt_BR","og_type":"article","og_title":"Dist\u00farbios de sono em crian\u00e7as podem ser sinal de sa\u00fade bucal comprometida, alerta artigo - Ci\u00eancia UFPR","og_description":"Boa parte dos brasileiros precisa buscar um dentista com urg\u00eancia. \u00c9 o que aponta a Pesquisa Nacional de Sa\u00fade Bucal...","og_url":"https:\/\/ciencia.ufpr.br\/portal\/disturbios-de-sono-em-criancas-podem-ser-sinal-de-saude-bucal-comprometida-alerta-artigo\/","og_site_name":"Ci\u00eancia UFPR","article_publisher":"https:\/\/www.facebook.com\/cienciaufproficial","article_author":"https:\/\/facebook.com\/cienciaufproficial\/","article_published_time":"2023-10-31T14:14:46+00:00","article_modified_time":"2024-10-12T04:27:01+00:00","og_image":[{"width":2560,"height":1920,"url":"https:\/\/ciencia.ufpr.br\/portal\/wp-content\/uploads\/2023\/10\/dor-de-dente-sono-scaled.jpg","type":"image\/jpeg"}],"author":"Revista Ci\u00eancia UFPR","twitter_card":"summary_large_image","twitter_creator":"@cienciaufpr","twitter_site":"@cienciaufpr","twitter_misc":{"Escrito por":"Revista Ci\u00eancia UFPR","Est. tempo de leitura":"6 minutos"},"schema":{"@context":"https:\/\/schema.org","@graph":[{"@type":"Article","@id":"https:\/\/ciencia.ufpr.br\/portal\/disturbios-de-sono-em-criancas-podem-ser-sinal-de-saude-bucal-comprometida-alerta-artigo\/#article","isPartOf":{"@id":"https:\/\/ciencia.ufpr.br\/portal\/disturbios-de-sono-em-criancas-podem-ser-sinal-de-saude-bucal-comprometida-alerta-artigo\/"},"author":{"name":"Revista Ci\u00eancia UFPR","@id":"https:\/\/ciencia.ufpr.br\/portal\/#\/schema\/person\/667496d81ec02b6172c2caededef2737"},"headline":"Dist\u00farbios de sono em crian\u00e7as podem ser sinal de sa\u00fade bucal comprometida, alerta artigo","datePublished":"2023-10-31T14:14:46+00:00","dateModified":"2024-10-12T04:27:01+00:00","mainEntityOfPage":{"@id":"https:\/\/ciencia.ufpr.br\/portal\/disturbios-de-sono-em-criancas-podem-ser-sinal-de-saude-bucal-comprometida-alerta-artigo\/"},"wordCount":1206,"commentCount":0,"publisher":{"@id":"https:\/\/ciencia.ufpr.br\/portal\/#organization"},"image":{"@id":"https:\/\/ciencia.ufpr.br\/portal\/disturbios-de-sono-em-criancas-podem-ser-sinal-de-saude-bucal-comprometida-alerta-artigo\/#primaryimage"},"thumbnailUrl":"https:\/\/ciencia.ufpr.br\/portal\/wp-content\/uploads\/2023\/10\/dor-de-dente-sono-scaled.jpg","keywords":["2023","Crian\u00e7as","Dentes","Denti\u00e7\u00e3o","Dist\u00farbios do sono","Estomatologia","odontologia","Pr\u00e9-escolar","Problemas dent\u00e1rios","Problemas respirat\u00f3rios","sa\u00fade","Sa\u00fade bucal","sono"],"articleSection":["Infogr\u00e1fico","Reportagem","Sa\u00fade"],"inLanguage":"pt-BR","potentialAction":[{"@type":"CommentAction","name":"Comment","target":["https:\/\/ciencia.ufpr.br\/portal\/disturbios-de-sono-em-criancas-podem-ser-sinal-de-saude-bucal-comprometida-alerta-artigo\/#respond"]}]},{"@type":"WebPage","@id":"https:\/\/ciencia.ufpr.br\/portal\/disturbios-de-sono-em-criancas-podem-ser-sinal-de-saude-bucal-comprometida-alerta-artigo\/","url":"https:\/\/ciencia.ufpr.br\/portal\/disturbios-de-sono-em-criancas-podem-ser-sinal-de-saude-bucal-comprometida-alerta-artigo\/","name":"Dist\u00farbios de sono em crian\u00e7as podem ser sinal de sa\u00fade bucal comprometida, alerta artigo - Ci\u00eancia UFPR","isPartOf":{"@id":"https:\/\/ciencia.ufpr.br\/portal\/#website"},"primaryImageOfPage":{"@id":"https:\/\/ciencia.ufpr.br\/portal\/disturbios-de-sono-em-criancas-podem-ser-sinal-de-saude-bucal-comprometida-alerta-artigo\/#primaryimage"},"image":{"@id":"https:\/\/ciencia.ufpr.br\/portal\/disturbios-de-sono-em-criancas-podem-ser-sinal-de-saude-bucal-comprometida-alerta-artigo\/#primaryimage"},"thumbnailUrl":"https:\/\/ciencia.ufpr.br\/portal\/wp-content\/uploads\/2023\/10\/dor-de-dente-sono-scaled.jpg","datePublished":"2023-10-31T14:14:46+00:00","dateModified":"2024-10-12T04:27:01+00:00","breadcrumb":{"@id":"https:\/\/ciencia.ufpr.br\/portal\/disturbios-de-sono-em-criancas-podem-ser-sinal-de-saude-bucal-comprometida-alerta-artigo\/#breadcrumb"},"inLanguage":"pt-BR","potentialAction":[{"@type":"ReadAction","target":["https:\/\/ciencia.ufpr.br\/portal\/disturbios-de-sono-em-criancas-podem-ser-sinal-de-saude-bucal-comprometida-alerta-artigo\/"]}]},{"@type":"ImageObject","inLanguage":"pt-BR","@id":"https:\/\/ciencia.ufpr.br\/portal\/disturbios-de-sono-em-criancas-podem-ser-sinal-de-saude-bucal-comprometida-alerta-artigo\/#primaryimage","url":"https:\/\/ciencia.ufpr.br\/portal\/wp-content\/uploads\/2023\/10\/dor-de-dente-sono-scaled.jpg","contentUrl":"https:\/\/ciencia.ufpr.br\/portal\/wp-content\/uploads\/2023\/10\/dor-de-dente-sono-scaled.jpg","width":2560,"height":1920,"caption":"Demora para comer, usar pouco os dentes da frente e levar as m\u00e3os \u00e0 boca com frequ\u00eancia podem indicar problemas na sa\u00fade bucal.\u00a0Foto: Freepik"},{"@type":"BreadcrumbList","@id":"https:\/\/ciencia.ufpr.br\/portal\/disturbios-de-sono-em-criancas-podem-ser-sinal-de-saude-bucal-comprometida-alerta-artigo\/#breadcrumb","itemListElement":[{"@type":"ListItem","position":1,"name":"Home","item":"https:\/\/ciencia.ufpr.br\/portal\/"},{"@type":"ListItem","position":2,"name":"Dist\u00farbios de sono em crian\u00e7as podem ser sinal de sa\u00fade bucal comprometida, alerta artigo"}]},{"@type":"WebSite","@id":"https:\/\/ciencia.ufpr.br\/portal\/#website","url":"https:\/\/ciencia.ufpr.br\/portal\/","name":"Ci\u00eancia UFPR","description":"Site de temas cient\u00edficos com foco no conhecimento produzido na Universidade Federal do Paran\u00e1 (UFPR). Baseado na Revista Ci\u00eancia UFPR.","publisher":{"@id":"https:\/\/ciencia.ufpr.br\/portal\/#organization"},"potentialAction":[{"@type":"SearchAction","target":{"@type":"EntryPoint","urlTemplate":"https:\/\/ciencia.ufpr.br\/portal\/?s={search_term_string}"},"query-input":{"@type":"PropertyValueSpecification","valueRequired":true,"valueName":"search_term_string"}}],"inLanguage":"pt-BR"},{"@type":"Organization","@id":"https:\/\/ciencia.ufpr.br\/portal\/#organization","name":"Revista Ci\u00eancia UFPR","url":"https:\/\/ciencia.ufpr.br\/portal\/","logo":{"@type":"ImageObject","inLanguage":"pt-BR","@id":"https:\/\/ciencia.ufpr.br\/portal\/#\/schema\/logo\/image\/","url":"https:\/\/ciencia.ufpr.br\/portal\/wp-content\/uploads\/2020\/12\/Revista-Ciencia-UFPR-vermelho.jpeg","contentUrl":"https:\/\/ciencia.ufpr.br\/portal\/wp-content\/uploads\/2020\/12\/Revista-Ciencia-UFPR-vermelho.jpeg","width":992,"height":714,"caption":"Revista Ci\u00eancia UFPR"},"image":{"@id":"https:\/\/ciencia.ufpr.br\/portal\/#\/schema\/logo\/image\/"},"sameAs":["https:\/\/www.facebook.com\/cienciaufproficial","https:\/\/x.com\/cienciaufpr","https:\/\/www.instagram.com\/revistacienciaufpr\/","https:\/\/www.linkedin.com\/company\/cienciaufproficial","https:\/\/br.pinterest.com\/cienciaufpr\/"]},{"@type":"Person","@id":"https:\/\/ciencia.ufpr.br\/portal\/#\/schema\/person\/667496d81ec02b6172c2caededef2737","name":"Revista Ci\u00eancia UFPR","description":"Site de jornalismo e divulga\u00e7\u00e3o cient\u00edficos sobre o conhecimento produzido na Universidade Federal do Paran\u00e1 (UFPR). Baseado na Revista Ci\u00eancia UFPR, editada pela Superintend\u00eancia de Comunica\u00e7\u00e3o (Sucom) desde 2016.","sameAs":["https:\/\/ciencia.ufpr.br\/portal\/","https:\/\/facebook.com\/cienciaufproficial\/","https:\/\/www.instagram.com\/revistacienciaufpr\/","https:\/\/br.pinterest.com\/cienciaufpr\/","https:\/\/x.com\/cienciaufpr","https:\/\/soundcloud.com\/revista-ciencia-ufpr"],"url":"https:\/\/ciencia.ufpr.br\/portal\/author\/revistaciencia\/"}]}},"views":3166,"jetpack_sharing_enabled":true,"jetpack_featured_media_url":"https:\/\/ciencia.ufpr.br\/portal\/wp-content\/uploads\/2023\/10\/dor-de-dente-sono-scaled.jpg","_links":{"self":[{"href":"https:\/\/ciencia.ufpr.br\/portal\/wp-json\/wp\/v2\/posts\/24249"}],"collection":[{"href":"https:\/\/ciencia.ufpr.br\/portal\/wp-json\/wp\/v2\/posts"}],"about":[{"href":"https:\/\/ciencia.ufpr.br\/portal\/wp-json\/wp\/v2\/types\/post"}],"author":[{"embeddable":true,"href":"https:\/\/ciencia.ufpr.br\/portal\/wp-json\/wp\/v2\/users\/2801"}],"replies":[{"embeddable":true,"href":"https:\/\/ciencia.ufpr.br\/portal\/wp-json\/wp\/v2\/comments?post=24249"}],"version-history":[{"count":5,"href":"https:\/\/ciencia.ufpr.br\/portal\/wp-json\/wp\/v2\/posts\/24249\/revisions"}],"predecessor-version":[{"id":25814,"href":"https:\/\/ciencia.ufpr.br\/portal\/wp-json\/wp\/v2\/posts\/24249\/revisions\/25814"}],"wp:featuredmedia":[{"embeddable":true,"href":"https:\/\/ciencia.ufpr.br\/portal\/wp-json\/wp\/v2\/media\/24251"}],"wp:attachment":[{"href":"https:\/\/ciencia.ufpr.br\/portal\/wp-json\/wp\/v2\/media?parent=24249"}],"wp:term":[{"taxonomy":"category","embeddable":true,"href":"https:\/\/ciencia.ufpr.br\/portal\/wp-json\/wp\/v2\/categories?post=24249"},{"taxonomy":"post_tag","embeddable":true,"href":"https:\/\/ciencia.ufpr.br\/portal\/wp-json\/wp\/v2\/tags?post=24249"}],"curies":[{"name":"wp","href":"https:\/\/api.w.org\/{rel}","templated":true}]}}