{"id":24202,"date":"2023-11-06T07:05:57","date_gmt":"2023-11-06T10:05:57","guid":{"rendered":"https:\/\/ciencia.ufpr.br\/portal\/?p=24202"},"modified":"2024-11-13T23:30:08","modified_gmt":"2024-11-14T02:30:08","slug":"rna-nao-codificante-ajuda-a-entender-doencas-desafiadoras-revela-estudo-sobre-uso-de-dados-em-medicina","status":"publish","type":"post","link":"https:\/\/ciencia.ufpr.br\/portal\/rna-nao-codificante-ajuda-a-entender-doencas-desafiadoras-revela-estudo-sobre-uso-de-dados-em-medicina\/","title":{"rendered":"RNA n\u00e3o codificante ajuda a entender doen\u00e7as desafiadoras, revela estudo sobre uso de dados em medicina"},"content":{"rendered":"<p>Talvez voc\u00ea nunca tenha ouvido falar em medicina em rede (em ingl\u00eas, <em>network medicine<\/em>), mas provavelmente j\u00e1 usou algum tratamento ou medicamento criado com base nessa tecnologia. Esse campo de pesquisa, que est\u00e1 em expans\u00e3o, re\u00fane conjuntos de dados e evid\u00eancias em sistemas computacionais para compreender melhor como as doen\u00e7as funcionam. Isso inclui dados gen\u00e9ticos, que s\u00e3o estudados nesses sistemas de forma complexa.<\/p>\n<p>Afinal, a ideia por tr\u00e1s da medicina em rede \u00e9 que as doen\u00e7as n\u00e3o s\u00e3o causadas por falhas em um \u00fanico gene ou mol\u00e9cula, mas s\u00e3o o resultado de perturba\u00e7\u00f5es em v\u00e1rios genes, todos conectados por redes intrincadas de intera\u00e7\u00f5es biol\u00f3gicas.<\/p>\n<p>A quest\u00e3o \u00e9 que a medicina em rede pode estar perdendo informa\u00e7\u00f5es importantes ao dispensar dados de elementos do genoma humano que n\u00e3o atuam na produ\u00e7\u00e3o de prote\u00ednas, sendo por isso chamados de \u201cn\u00e3o codificantes\u201d ou \u201cn\u00e3o traduzidos\u201d. A conclus\u00e3o est\u00e1 no <a href=\"https:\/\/www.pnas.org\/doi\/10.1073\/pnas.2301342120\" target=\"_blank\" rel=\"noopener\">artigo publicado no peri\u00f3dico <em>Proceedings of the National Academy of Sciences (PNAS)<\/em><\/a> pelos pesquisadores Deisy Morselli Gysi, professora do Departamento de Estat\u00edstica da Universidade Federal do Paran\u00e1 (UFPR), e Albert-L\u00e1szl\u00f3 Barab\u00e1si, da Northeastern University (Estados Unidos).<\/p>\n<figure id=\"attachment_24270\" aria-describedby=\"caption-attachment-24270\" style=\"width: 440px\" class=\"wp-caption alignleft\"><a href=\"https:\/\/ciencia.ufpr.br\/portal\/wp-content\/uploads\/2023\/11\/info_rnanoncode_cienciaufpr.jpg\"><img loading=\"lazy\" decoding=\"async\" class=\"wp-image-24270\" src=\"https:\/\/ciencia.ufpr.br\/portal\/wp-content\/uploads\/2023\/11\/info_rnanoncode_cienciaufpr.jpg\" alt=\"Infogr\u00e1fico: &quot;\u201cVIZINHAN\u00c7A\u201d GEN\u00c9TICA AJUDA A EXPLICAR DOEN\u00c7AS&quot;. &quot;\u00c9 por meio de um \u201cmapa\u201d complexo do que ocorre no interior das c\u00e9lulas que a bioinform\u00e1tica consegue projetar como doen\u00e7as funcionam. Veja neste infogr\u00e1fico como esse mapa \u00e9 constru\u00eddo e por que o RNA n\u00e3o codificante tem se mostrado uma fonte importante de informa\u00e7\u00f5es&quot;. Em www.ciencia.ufpr.br.\" width=\"440\" height=\"492\" srcset=\"https:\/\/ciencia.ufpr.br\/portal\/wp-content\/uploads\/2023\/11\/info_rnanoncode_cienciaufpr.jpg 840w, https:\/\/ciencia.ufpr.br\/portal\/wp-content\/uploads\/2023\/11\/info_rnanoncode_cienciaufpr-268x300.jpg 268w, https:\/\/ciencia.ufpr.br\/portal\/wp-content\/uploads\/2023\/11\/info_rnanoncode_cienciaufpr-768x859.jpg 768w, https:\/\/ciencia.ufpr.br\/portal\/wp-content\/uploads\/2023\/11\/info_rnanoncode_cienciaufpr-150x168.jpg 150w\" sizes=\"(max-width: 440px) 100vw, 440px\" \/><\/a><figcaption id=\"caption-attachment-24270\" class=\"wp-caption-text\">(Clique para ampliar | <a href=\"https:\/\/ciencia.ufpr.br\/portal\/wp-content\/uploads\/2023\/11\/info-interactoma_cienciaufpr.pdf\" target=\"_blank\" rel=\"noopener\">Baixe em pdf<\/a>)<\/figcaption><\/figure>\n<p>Por n\u00e3o serem respons\u00e1veis diretamente pela produ\u00e7\u00e3o de prote\u00ednas, que \u00e9 uma das formas de express\u00e3o dos genomas (conjunto de genes) nas caracter\u00edsticas do ser vivo, os RNAs n\u00e3o codificantes (ncRNAs) foram tradicionalmente menos estudados pela ci\u00eancia, portanto, menos compreendidos. Consequentemente, s\u00e3o menos considerados pela medicina. O resultado \u00e9 que, por muitos anos, a medicina de redes se concentrou apenas nos genes capazes de codificar prote\u00ednas.<\/p>\n<p>Esse cen\u00e1rio est\u00e1 em mudan\u00e7a faz tempo, porque, pensando bem, cerca de 97% do genoma humano \u00e9 composto por RNAs n\u00e3o codificantes. Mais do que isso, esses elementos \u2014 existem v\u00e1rios tipos de ncRNA \u2014 <a href=\"https:\/\/ciencia.ufpr.br\/portal\/molecula-de-regiao-pouco-estudada-do-dna-e-associada-ao-cancer-de-mama\/\">s\u00e3o cada vez mais associados por cientistas ao desenvolvimento de doen\u00e7as, mesmo que indiretamente<\/a>. Isso porque os ncRNAs t\u00eam o papel de regular processos biol\u00f3gicos importantes, apesar de n\u00e3o estarem diretamente envolvidos neles.<\/p>\n<p>\u201cPodemos pensar em um exemplo. O miRNA124 \u00e9 um microRNA [tipo de ncRNA] importante para a neurogenese, que \u00e9 a forma\u00e7\u00e3o de neur\u00f4nios. Quando esse RNA n\u00e3o \u00e9 expresso, isto \u00e9, quando ele \u00e9 \u2018deletado\u2019, diversos outros miRNAs passam a funcionar de maneira semelhante para cumprir seu papel. Por\u00e9m, se o \u2018deletamos\u2019 junto com um dos genes que ele regula, o ZNF787, n\u00e3o temos a forma\u00e7\u00e3o de neur\u00f4nios\u201d, explica Deisy.<\/p>\n<p>\u201cDeletar\u201d, no caso, \u00e9 um termo t\u00e9cnico para alguma incapacita\u00e7\u00e3o do gene, seja virtual ou real. Genes podem ser \u201cdeletados\u201d durante os testes, para que a pesquisa possa entender melhor suas fun\u00e7\u00f5es, e, biologicamente, quando ocorrem as muta\u00e7\u00f5es que criam as chamadas varia\u00e7\u00f5es gen\u00e9ticas.<\/p>\n<h2>Sistemas medem evolu\u00e7\u00e3o e tratamento de doen\u00e7as, assim como enfermidades relacionadas<\/h2>\n<p>Assim, para testar a import\u00e2ncia do RNA n\u00e3o codificante para a medicina em rede, os cientistas criaram dois sistemas computacionais que foram comparados, um tradicional, com foco apenas no RNA codificante, e outro que contava tamb\u00e9m com a presen\u00e7a do ncRNA.<\/p>\n<p>Durante o estudo foram realizados testes com dados para cerca de 800 doen\u00e7as, das quais tr\u00eas foram destacadas no trabalho.<\/p>\n<p>Duas dessas enfermidades, a artrite reumatoide e a Doen\u00e7a de Crohn, s\u00e3o autoimunes, ou seja, disfun\u00e7\u00f5es no sistema imunol\u00f3gico que fazem com que ele passe a agredir o pr\u00f3prio organismo. Tamb\u00e9m s\u00e3o cr\u00f4nicas, sem cura. A artrite reumatoide, que causa inflama\u00e7\u00f5es nas articula\u00e7\u00f5es, atinge de 0,5% a 1,5% da popula\u00e7\u00e3o, principalmente mulheres. J\u00e1 para a Doen\u00e7a de Crohn, uma s\u00edndrome (conjunto de problemas) que compromete o intestino, s\u00e3o registrados 9,57 novos casos a cada 100 mil habitantes no Brasil.<\/p>\n<figure id=\"attachment_24327\" aria-describedby=\"caption-attachment-24327\" style=\"width: 1920px\" class=\"wp-caption aligncenter\"><a href=\"https:\/\/ciencia.ufpr.br\/portal\/wp-content\/uploads\/2023\/11\/disease_UFPR_page-00011.jpg\"><img loading=\"lazy\" decoding=\"async\" class=\"wp-image-24327 size-full\" src=\"https:\/\/ciencia.ufpr.br\/portal\/wp-content\/uploads\/2023\/11\/disease_UFPR_page-00011.jpg\" alt=\"\" width=\"1920\" height=\"1080\" srcset=\"https:\/\/ciencia.ufpr.br\/portal\/wp-content\/uploads\/2023\/11\/disease_UFPR_page-00011.jpg 1920w, https:\/\/ciencia.ufpr.br\/portal\/wp-content\/uploads\/2023\/11\/disease_UFPR_page-00011-300x169.jpg 300w, https:\/\/ciencia.ufpr.br\/portal\/wp-content\/uploads\/2023\/11\/disease_UFPR_page-00011-1024x576.jpg 1024w, https:\/\/ciencia.ufpr.br\/portal\/wp-content\/uploads\/2023\/11\/disease_UFPR_page-00011-768x432.jpg 768w, https:\/\/ciencia.ufpr.br\/portal\/wp-content\/uploads\/2023\/11\/disease_UFPR_page-00011-1536x864.jpg 1536w, https:\/\/ciencia.ufpr.br\/portal\/wp-content\/uploads\/2023\/11\/disease_UFPR_page-00011-150x84.jpg 150w\" sizes=\"(max-width: 1920px) 100vw, 1920px\" \/><\/a><figcaption id=\"caption-attachment-24327\" class=\"wp-caption-text\">Interactoma (grafo) resultante das avalia\u00e7\u00f5es do estudo: em amarelo est\u00e3o os genes associados a algumas doen\u00e7as. Em azul, genes n\u00e3o associados a nenhuma doen\u00e7a. O tamanho de cada n\u00f3 representa a quantidade de intera\u00e7\u00f5es de um gene. Ilustra\u00e7\u00e3o: Deisy Gysi\/UFPR<\/figcaption><\/figure>\n<p>A terceira doen\u00e7a investigada \u00e9 a pr\u00e9-ecl\u00e2mpsia, tamb\u00e9m chamada de S\u00edndrome Hipertensiva da Gravidez, uma complica\u00e7\u00e3o que leva ao aumento da press\u00e3o arterial em pessoas gr\u00e1vidas nas semanas finais de gesta\u00e7\u00e3o. Em muitos casos \u00e9 fatal.<\/p>\n<p>A expectativa sobre as avalia\u00e7\u00f5es da medicina em rede \u00e9 que elas consigam projetar situa\u00e7\u00f5es de interesse m\u00e9dico com precis\u00e3o e contexto. Por exemplo, avaliar como a doen\u00e7a pode avan\u00e7ar ou retroceder \u2014 a chamada \u201cevolu\u00e7\u00e3o\u201d. Ou quais s\u00e3o os melhores tratamentos para determinado paciente.<\/p>\n<p>Outro aspecto chave \u00e9 a compreens\u00e3o de como doen\u00e7as se relacionam entre si no mesmo organismo. Uma doen\u00e7a pode agravar a evolu\u00e7\u00e3o de outra \u2014 que \u00e9 o que chamamos de comorbidade \u2014 ou uma doen\u00e7a pode gerar outra enfermidade.<\/p>\n<p>Segundo os pesquisadores, a presen\u00e7a do ncRNA na medicina em rede mostrou sua import\u00e2ncia exatamente nesse aspecto.<\/p>\n<p>A leitura desse fator \u00e9 poss\u00edvel devido a uma regra b\u00e1sica: doen\u00e7as semelhantes costumam estar relacionadas ao mesmo agrupamento de genes. \u00c9 por causa disso que o mapa formado por intera\u00e7\u00f5es no interior das c\u00e9lulas, o interactoma, \u00e9 uma pe\u00e7a essencial da medicina em rede. \u00c9 a partir do que se sabe sobre as intera\u00e7\u00f5es das macromol\u00e9culas das c\u00e9lulas que o sistema consegue entender o que ocorre em cada conjunto de gentes, ou seja, em cada \u201cvizinhan\u00e7a\u201d.<\/p>\n<p>&#8220;Um interactoma \u00e9 um grafo que representa as intera\u00e7\u00f5es entre mol\u00e9culas biol\u00f3gicas. Cada ponto \u00e9 um n\u00f3 e representa uma mol\u00e9cula, ou seja, um gene ou seu produto. Quanto mais intera\u00e7\u00f5es, maior \u00e9 esse n\u00f3. J\u00e1 uma linha entre dois n\u00f3s representa que dois genes interagem&#8221;, explica Deisy.<\/p>\n<h2>Aus\u00eancia de RNA n\u00e3o codificante impede leitura de contextos para cada doen\u00e7a<\/h2>\n<p>Deisy compara o conhecimento que os interactomas fornecem sobre doen\u00e7as com o conhecimento que os mapas cartogr\u00e1ficos informam sobre as cidades.<\/p>\n<p>\u201cPodemos pensar o interactoma como um mapa de uma cidade. Casas e estabelecimentos comerciais s\u00e3o os nossos genes. Com\u00e9rcios que vendem coisas parecidas est\u00e3o pr\u00f3ximos uns aos outros e fazem os nossos bairros terem certas caracter\u00edsticas. Da mesma maneira, nossos genes se organizam nessa rede, o interactoma, de acordo com suas fun\u00e7\u00f5es\u201d, compara.<\/p>\n<p>No interactoma, genes, prote\u00ednas e outras mol\u00e9culas seriam as constru\u00e7\u00f5es do mapa. Os genes se agrupam como os bairros se formam: genes associados \u00e0s mesmas doen\u00e7as est\u00e3o na mesma vizinhan\u00e7a. Essa vizinhan\u00e7a com marcas pr\u00f3prias recebe, no interactoma, o nome de \u201cm\u00f3dulo\u201d da doen\u00e7a.<\/p>\n<p>Genes associados \u00e0 artrite, por exemplo, est\u00e3o mais pr\u00f3ximos uns dos outros do que em rela\u00e7\u00e3o a outros genes que n\u00e3o est\u00e3o ligados \u00e0 doen\u00e7a.<\/p>\n<p>Sendo assim, a an\u00e1lise do contexto desse conjunto, do m\u00f3dulo inteiro, que abrange tamb\u00e9m o ncRNA, se mostrou capaz de aumentar muito o entendimento sobre as doen\u00e7as. &#8220;Quando n\u00e3o inclu\u00edmos os ncRNAs para identificar os m\u00f3dulos das doen\u00e7as perdemos muita informa\u00e7\u00e3o&#8221;, afirma Deisy.<\/p>\n<p>No estudo, a pr\u00e9-ecl\u00e2mpsia se mostrou um caso dr\u00e1stico, em que a perda de contexto n\u00e3o permite entender quase nada dos processos biol\u00f3gicos da doen\u00e7a. Apesar de algumas condi\u00e7\u00f5es de risco serem conhecidas, n\u00e3o se sabe o que causa essa complica\u00e7\u00e3o, que nem sempre acarreta sintomas.<\/p>\n<p>&#8220;Quando focamos na pr\u00e9-ecl\u00e2mpsia apenas pelo ponto de vista dos genes codificadores, pouco se sabe sobre a doen\u00e7a, e pior, n\u00e3o somos capazes de definir uma vizinhan\u00e7a para ela. Em resumo, sem os ncRNAs n\u00e3o sabemos como a doen\u00e7a pode se manifestar, pouco se sabe sobre sua biologia e tamb\u00e9m n\u00e3o conseguimos definir quais outras doen\u00e7as est\u00e3o na sua vizinhan\u00e7a&#8221;, avalia Deisy.<\/p>\n<p>J\u00e1 a artrite reumat\u00f3ide tem suas informa\u00e7\u00f5es aprimoradas com a inclus\u00e3o de ncRNAs nos sistemas de proje\u00e7\u00e3o.<\/p>\n<p>&#8220;Pelos RNAs codificadores, a \u00fanica doen\u00e7a que est\u00e1 pr\u00f3xima da artrite reumatoide \u00e9 a Doen\u00e7a de Chron. Por\u00e9m sabemos que artrite reumat\u00f3ide apresenta diversas comorbidades, que s\u00f3 aparecem quando inclu\u00edmos os ncRNAs no interactoma&#8221;.<\/p>\n<h2>Condi\u00e7\u00f5es gen\u00e9ticas tamb\u00e9m ajudam a explicar endemias brasileiras<\/h2>\n<p>A medicina em rede tem <a href=\"https:\/\/arxiv.org\/abs\/2309.08478\" target=\"_blank\" rel=\"noopener\">ganhado espa\u00e7o na chamada medicina personalizada ou medicina de precis\u00e3o<\/a>, um campo ainda elitizado que direciona as escolhas m\u00e9dicas para as necessidades particulares do paciente, mas tem potencial para ajudar na sa\u00fade p\u00fablica brasileira.<\/p>\n<p>\u00c9 uma \u00e1rea de pesquisa que ajuda a <a href=\"https:\/\/www.pnas.org\/doi\/10.1073\/pnas.2025581118\" target=\"_blank\" rel=\"noopener\">agilizar o desenvolvimento de medicamentos para doen\u00e7as novas<\/a>, como foi a Covid-19.<\/p>\n<p>As endemias, que s\u00e3o as doen\u00e7as recorrentes que sempre preocupam regi\u00f5es do pa\u00eds; as enfermidades negligenciadas, que s\u00e3o as endemias de pa\u00edses tropicais; al\u00e9m das raras, que afetam percentual baix\u00edssimo da popula\u00e7\u00e3o, tamb\u00e9m poderiam ser combatidas com aux\u00edlio da medicina em rede.<\/p>\n<p>Entre os planos de pesquisa de Deisy Gysi est\u00e1 usar a medicina em rede para entender melhor as arboviroses, que s\u00e3o as doen\u00e7as causadas por v\u00edrus e transmitidas por mosquitos. O grupo inclui dengue, zika, chicungunha e febre amarela, que ser\u00e3o o foco da pesquisa.<\/p>\n<p>\u201cNenhuma dessas doen\u00e7as apresenta cura e muito menos tratamento adequado. A proposta do projeto \u00e9 compreender as bases gen\u00e9ticas e os mecanismos pelos quais a doen\u00e7a se manifesta para propor tratamentos, principalmente utilizando medicamentos j\u00e1 aprovados\u201d, diz.<\/p>\n<p>Essa seria uma nova fase em rela\u00e7\u00e3o aos estudos que a pesquisadora desenvolveu nos Estados Unidos, onde atuou na Northeastern University e na Harvard Medical School, em Boston.<\/p>\n<h5 style=\"text-align: right;\"><span style=\"font-weight: 400;\">\u2795 Leia detalhes no artigo &#8220;<\/span><a href=\"https:\/\/www.pnas.org\/doi\/10.1073\/pnas.2301342120\" target=\"_blank\" rel=\"noopener\"><span style=\"font-weight: 400;\">Non-Coding RNAs Improve the Predictive Power of Network Medicine<\/span><\/a><span style=\"font-weight: 400;\">&#8220;, publicado no peri\u00f3dico <em>Proceedings of the National Academy of Sciences<\/em> (PNAS).<\/span><\/h5>\n<h5 style=\"text-align: right;\">Edi\u00e7\u00e3o: Camille Bropp<\/h5>\n","protected":false},"excerpt":{"rendered":"<p>Talvez voc\u00ea nunca tenha ouvido falar em medicina em rede (em ingl\u00eas, network medicine), mas provavelmente j\u00e1 usou algum tratamento&#8230;<\/p>\n","protected":false},"author":2800,"featured_media":24273,"comment_status":"open","ping_status":"closed","sticky":false,"template":"","format":"standard","meta":{"_acf_changed":false,"footnotes":"","fifu_image_url":"","fifu_image_alt":"","_jetpack_memberships_contains_paid_content":false},"categories":[1617,2186,2202,1610],"tags":[2243,2373,2368,2374,2375,1652,1818,2369,2387,2370,2372,2371],"acf":[],"yoast_head":"<!-- This site is optimized with the Yoast SEO plugin v23.5 - https:\/\/yoast.com\/wordpress\/plugins\/seo\/ -->\n<title>RNA n\u00e3o codificante ajuda a entender doen\u00e7as desafiadoras, revela estudo sobre uso de dados em medicina - Ci\u00eancia UFPR<\/title>\n<meta name=\"description\" content=\"Pesquisadores indicam que medicina em rede perde informa\u00e7\u00f5es relevantes ao dispensar dados sobre partes do genoma humano que n\u00e3o atuam na produ\u00e7\u00e3o de prote\u00ednas.\" \/>\n<meta name=\"robots\" content=\"index, follow, max-snippet:-1, max-image-preview:large, max-video-preview:-1\" \/>\n<link rel=\"canonical\" href=\"https:\/\/ciencia.ufpr.br\/portal\/rna-nao-codificante-ajuda-a-entender-doencas-desafiadoras-revela-estudo-sobre-uso-de-dados-em-medicina\/\" \/>\n<meta property=\"og:locale\" content=\"pt_BR\" \/>\n<meta property=\"og:type\" content=\"article\" \/>\n<meta property=\"og:title\" content=\"RNA n\u00e3o codificante ajuda a entender doen\u00e7as desafiadoras, revela estudo sobre uso de dados em medicina - Ci\u00eancia UFPR\" \/>\n<meta property=\"og:description\" content=\"Pesquisadores indicam que medicina em rede perde informa\u00e7\u00f5es relevantes ao dispensar dados sobre partes do genoma humano que n\u00e3o atuam na produ\u00e7\u00e3o de prote\u00ednas.\" \/>\n<meta property=\"og:url\" content=\"https:\/\/ciencia.ufpr.br\/portal\/rna-nao-codificante-ajuda-a-entender-doencas-desafiadoras-revela-estudo-sobre-uso-de-dados-em-medicina\/\" \/>\n<meta property=\"og:site_name\" content=\"Ci\u00eancia UFPR\" \/>\n<meta property=\"article:publisher\" content=\"https:\/\/www.facebook.com\/cienciaufproficial\" \/>\n<meta property=\"article:published_time\" content=\"2023-11-06T10:05:57+00:00\" \/>\n<meta property=\"article:modified_time\" content=\"2024-11-14T02:30:08+00:00\" \/>\n<meta property=\"og:image\" content=\"https:\/\/ciencia.ufpr.br\/portal\/wp-content\/uploads\/2023\/11\/Part-of-the-DNA-sequences-fro-the-human-genome.-Foto-Ian-Glover-Flickr.jpg\" \/>\n\t<meta property=\"og:image:width\" content=\"1920\" \/>\n\t<meta property=\"og:image:height\" content=\"1080\" \/>\n\t<meta property=\"og:image:type\" content=\"image\/jpeg\" \/>\n<meta name=\"author\" content=\"Camille Bropp\" \/>\n<meta name=\"twitter:card\" content=\"summary_large_image\" \/>\n<meta name=\"twitter:creator\" content=\"@cienciaufpr\" \/>\n<meta name=\"twitter:site\" content=\"@cienciaufpr\" \/>\n<meta name=\"twitter:label1\" content=\"Escrito por\" \/>\n\t<meta name=\"twitter:data1\" content=\"Camille Bropp\" \/>\n\t<meta name=\"twitter:label2\" content=\"Est. tempo de leitura\" \/>\n\t<meta name=\"twitter:data2\" content=\"8 minutos\" \/>\n<script type=\"application\/ld+json\" class=\"yoast-schema-graph\">{\"@context\":\"https:\/\/schema.org\",\"@graph\":[{\"@type\":\"Article\",\"@id\":\"https:\/\/ciencia.ufpr.br\/portal\/rna-nao-codificante-ajuda-a-entender-doencas-desafiadoras-revela-estudo-sobre-uso-de-dados-em-medicina\/#article\",\"isPartOf\":{\"@id\":\"https:\/\/ciencia.ufpr.br\/portal\/rna-nao-codificante-ajuda-a-entender-doencas-desafiadoras-revela-estudo-sobre-uso-de-dados-em-medicina\/\"},\"author\":{\"name\":\"Camille Bropp\",\"@id\":\"https:\/\/ciencia.ufpr.br\/portal\/#\/schema\/person\/b2d3b2036ea31f22ae6f5f6424e9c020\"},\"headline\":\"RNA n\u00e3o codificante ajuda a entender doen\u00e7as desafiadoras, revela estudo sobre uso de dados em medicina\",\"datePublished\":\"2023-11-06T10:05:57+00:00\",\"dateModified\":\"2024-11-14T02:30:08+00:00\",\"mainEntityOfPage\":{\"@id\":\"https:\/\/ciencia.ufpr.br\/portal\/rna-nao-codificante-ajuda-a-entender-doencas-desafiadoras-revela-estudo-sobre-uso-de-dados-em-medicina\/\"},\"wordCount\":1714,\"commentCount\":0,\"publisher\":{\"@id\":\"https:\/\/ciencia.ufpr.br\/portal\/#organization\"},\"image\":{\"@id\":\"https:\/\/ciencia.ufpr.br\/portal\/rna-nao-codificante-ajuda-a-entender-doencas-desafiadoras-revela-estudo-sobre-uso-de-dados-em-medicina\/#primaryimage\"},\"thumbnailUrl\":\"https:\/\/ciencia.ufpr.br\/portal\/wp-content\/uploads\/2023\/11\/Part-of-the-DNA-sequences-fro-the-human-genome.-Foto-Ian-Glover-Flickr.jpg\",\"keywords\":[\"2023\",\"artrite reumatoide\",\"bioinform\u00e1tica\",\"Doen\u00e7a de Crohn\",\"estat\u00edstica\",\"gen\u00e9tica\",\"medicina\",\"medicina em rede\",\"ncRNA\",\"network medicine\",\"pr\u00e9-ecl\u00e2mpsia\",\"RNA n\u00e3o codificante\"],\"articleSection\":[\"Exatas\",\"Infogr\u00e1fico\",\"Not\u00edcia\",\"Sa\u00fade\"],\"inLanguage\":\"pt-BR\",\"potentialAction\":[{\"@type\":\"CommentAction\",\"name\":\"Comment\",\"target\":[\"https:\/\/ciencia.ufpr.br\/portal\/rna-nao-codificante-ajuda-a-entender-doencas-desafiadoras-revela-estudo-sobre-uso-de-dados-em-medicina\/#respond\"]}]},{\"@type\":\"WebPage\",\"@id\":\"https:\/\/ciencia.ufpr.br\/portal\/rna-nao-codificante-ajuda-a-entender-doencas-desafiadoras-revela-estudo-sobre-uso-de-dados-em-medicina\/\",\"url\":\"https:\/\/ciencia.ufpr.br\/portal\/rna-nao-codificante-ajuda-a-entender-doencas-desafiadoras-revela-estudo-sobre-uso-de-dados-em-medicina\/\",\"name\":\"RNA n\u00e3o codificante ajuda a entender doen\u00e7as desafiadoras, revela estudo sobre uso de dados em medicina - Ci\u00eancia UFPR\",\"isPartOf\":{\"@id\":\"https:\/\/ciencia.ufpr.br\/portal\/#website\"},\"primaryImageOfPage\":{\"@id\":\"https:\/\/ciencia.ufpr.br\/portal\/rna-nao-codificante-ajuda-a-entender-doencas-desafiadoras-revela-estudo-sobre-uso-de-dados-em-medicina\/#primaryimage\"},\"image\":{\"@id\":\"https:\/\/ciencia.ufpr.br\/portal\/rna-nao-codificante-ajuda-a-entender-doencas-desafiadoras-revela-estudo-sobre-uso-de-dados-em-medicina\/#primaryimage\"},\"thumbnailUrl\":\"https:\/\/ciencia.ufpr.br\/portal\/wp-content\/uploads\/2023\/11\/Part-of-the-DNA-sequences-fro-the-human-genome.-Foto-Ian-Glover-Flickr.jpg\",\"datePublished\":\"2023-11-06T10:05:57+00:00\",\"dateModified\":\"2024-11-14T02:30:08+00:00\",\"description\":\"Pesquisadores indicam que medicina em rede perde informa\u00e7\u00f5es relevantes ao dispensar dados sobre partes do genoma humano que n\u00e3o atuam na produ\u00e7\u00e3o de prote\u00ednas.\",\"breadcrumb\":{\"@id\":\"https:\/\/ciencia.ufpr.br\/portal\/rna-nao-codificante-ajuda-a-entender-doencas-desafiadoras-revela-estudo-sobre-uso-de-dados-em-medicina\/#breadcrumb\"},\"inLanguage\":\"pt-BR\",\"potentialAction\":[{\"@type\":\"ReadAction\",\"target\":[\"https:\/\/ciencia.ufpr.br\/portal\/rna-nao-codificante-ajuda-a-entender-doencas-desafiadoras-revela-estudo-sobre-uso-de-dados-em-medicina\/\"]}]},{\"@type\":\"ImageObject\",\"inLanguage\":\"pt-BR\",\"@id\":\"https:\/\/ciencia.ufpr.br\/portal\/rna-nao-codificante-ajuda-a-entender-doencas-desafiadoras-revela-estudo-sobre-uso-de-dados-em-medicina\/#primaryimage\",\"url\":\"https:\/\/ciencia.ufpr.br\/portal\/wp-content\/uploads\/2023\/11\/Part-of-the-DNA-sequences-fro-the-human-genome.-Foto-Ian-Glover-Flickr.jpg\",\"contentUrl\":\"https:\/\/ciencia.ufpr.br\/portal\/wp-content\/uploads\/2023\/11\/Part-of-the-DNA-sequences-fro-the-human-genome.-Foto-Ian-Glover-Flickr.jpg\",\"width\":1920,\"height\":1080,\"caption\":\"Em artigo no peri\u00f3dico \ud835\udc43\ud835\udc5f\ud835\udc5c\ud835\udc50\ud835\udc52\ud835\udc52\ud835\udc51\ud835\udc56\ud835\udc5b\ud835\udc54\ud835\udc60 \ud835\udc5c\ud835\udc53 \ud835\udc61\u210e\ud835\udc52 \ud835\udc41\ud835\udc4e\ud835\udc61\ud835\udc56\ud835\udc5c\ud835\udc5b\ud835\udc4e\ud835\udc59 \ud835\udc34\ud835\udc50\ud835\udc4e\ud835\udc51\ud835\udc52\ud835\udc5a\ud835\udc66 \ud835\udc5c\ud835\udc53 \ud835\udc46\ud835\udc50\ud835\udc56\ud835\udc52\ud835\udc5b\ud835\udc50\ud835\udc52\ud835\udc60 (\ud835\udc43\ud835\udc41\ud835\udc34\ud835\udc46), dupla de cientistas do Brasil e da Hungria registrou ganhos em testes com a inclus\u00e3o do RNA n\u00e3o codificante em ferramentas de diagn\u00f3stico e tratamento. Foto: Ian Glover\/Flickr\"},{\"@type\":\"BreadcrumbList\",\"@id\":\"https:\/\/ciencia.ufpr.br\/portal\/rna-nao-codificante-ajuda-a-entender-doencas-desafiadoras-revela-estudo-sobre-uso-de-dados-em-medicina\/#breadcrumb\",\"itemListElement\":[{\"@type\":\"ListItem\",\"position\":1,\"name\":\"Home\",\"item\":\"https:\/\/ciencia.ufpr.br\/portal\/\"},{\"@type\":\"ListItem\",\"position\":2,\"name\":\"RNA n\u00e3o codificante ajuda a entender doen\u00e7as desafiadoras, revela estudo sobre uso de dados em medicina\"}]},{\"@type\":\"WebSite\",\"@id\":\"https:\/\/ciencia.ufpr.br\/portal\/#website\",\"url\":\"https:\/\/ciencia.ufpr.br\/portal\/\",\"name\":\"Ci\u00eancia UFPR\",\"description\":\"Site de temas cient\u00edficos com foco no conhecimento produzido na Universidade Federal do Paran\u00e1 (UFPR). Baseado na Revista Ci\u00eancia UFPR.\",\"publisher\":{\"@id\":\"https:\/\/ciencia.ufpr.br\/portal\/#organization\"},\"potentialAction\":[{\"@type\":\"SearchAction\",\"target\":{\"@type\":\"EntryPoint\",\"urlTemplate\":\"https:\/\/ciencia.ufpr.br\/portal\/?s={search_term_string}\"},\"query-input\":{\"@type\":\"PropertyValueSpecification\",\"valueRequired\":true,\"valueName\":\"search_term_string\"}}],\"inLanguage\":\"pt-BR\"},{\"@type\":\"Organization\",\"@id\":\"https:\/\/ciencia.ufpr.br\/portal\/#organization\",\"name\":\"Revista Ci\u00eancia UFPR\",\"url\":\"https:\/\/ciencia.ufpr.br\/portal\/\",\"logo\":{\"@type\":\"ImageObject\",\"inLanguage\":\"pt-BR\",\"@id\":\"https:\/\/ciencia.ufpr.br\/portal\/#\/schema\/logo\/image\/\",\"url\":\"https:\/\/ciencia.ufpr.br\/portal\/wp-content\/uploads\/2020\/12\/Revista-Ciencia-UFPR-vermelho.jpeg\",\"contentUrl\":\"https:\/\/ciencia.ufpr.br\/portal\/wp-content\/uploads\/2020\/12\/Revista-Ciencia-UFPR-vermelho.jpeg\",\"width\":992,\"height\":714,\"caption\":\"Revista Ci\u00eancia UFPR\"},\"image\":{\"@id\":\"https:\/\/ciencia.ufpr.br\/portal\/#\/schema\/logo\/image\/\"},\"sameAs\":[\"https:\/\/www.facebook.com\/cienciaufproficial\",\"https:\/\/x.com\/cienciaufpr\",\"https:\/\/www.instagram.com\/revistacienciaufpr\/\",\"https:\/\/www.linkedin.com\/company\/cienciaufproficial\",\"https:\/\/br.pinterest.com\/cienciaufpr\/\"]},{\"@type\":\"Person\",\"@id\":\"https:\/\/ciencia.ufpr.br\/portal\/#\/schema\/person\/b2d3b2036ea31f22ae6f5f6424e9c020\",\"name\":\"Camille Bropp\",\"description\":\"Formada em jornalismo (UFSC), com especializa\u00e7\u00e3o em sociologia pol\u00edtica (UFPR) e mestra em Divulga\u00e7\u00e3o Cient\u00edfica e Cultural (Unicamp). Jornalista na UFPR.\",\"sameAs\":[\"https:\/\/www.linkedin.com\/in\/camille-b-cardoso-1b229b21\/\"],\"url\":\"https:\/\/ciencia.ufpr.br\/portal\/author\/camille-bropp\/\"}]}<\/script>\n<!-- \/ Yoast SEO plugin. -->","yoast_head_json":{"title":"RNA n\u00e3o codificante ajuda a entender doen\u00e7as desafiadoras, revela estudo sobre uso de dados em medicina - Ci\u00eancia UFPR","description":"Pesquisadores indicam que medicina em rede perde informa\u00e7\u00f5es relevantes ao dispensar dados sobre partes do genoma humano que n\u00e3o atuam na produ\u00e7\u00e3o de prote\u00ednas.","robots":{"index":"index","follow":"follow","max-snippet":"max-snippet:-1","max-image-preview":"max-image-preview:large","max-video-preview":"max-video-preview:-1"},"canonical":"https:\/\/ciencia.ufpr.br\/portal\/rna-nao-codificante-ajuda-a-entender-doencas-desafiadoras-revela-estudo-sobre-uso-de-dados-em-medicina\/","og_locale":"pt_BR","og_type":"article","og_title":"RNA n\u00e3o codificante ajuda a entender doen\u00e7as desafiadoras, revela estudo sobre uso de dados em medicina - Ci\u00eancia UFPR","og_description":"Pesquisadores indicam que medicina em rede perde informa\u00e7\u00f5es relevantes ao dispensar dados sobre partes do genoma humano que n\u00e3o atuam na produ\u00e7\u00e3o de prote\u00ednas.","og_url":"https:\/\/ciencia.ufpr.br\/portal\/rna-nao-codificante-ajuda-a-entender-doencas-desafiadoras-revela-estudo-sobre-uso-de-dados-em-medicina\/","og_site_name":"Ci\u00eancia UFPR","article_publisher":"https:\/\/www.facebook.com\/cienciaufproficial","article_published_time":"2023-11-06T10:05:57+00:00","article_modified_time":"2024-11-14T02:30:08+00:00","og_image":[{"width":1920,"height":1080,"url":"https:\/\/ciencia.ufpr.br\/portal\/wp-content\/uploads\/2023\/11\/Part-of-the-DNA-sequences-fro-the-human-genome.-Foto-Ian-Glover-Flickr.jpg","type":"image\/jpeg"}],"author":"Camille Bropp","twitter_card":"summary_large_image","twitter_creator":"@cienciaufpr","twitter_site":"@cienciaufpr","twitter_misc":{"Escrito por":"Camille Bropp","Est. tempo de leitura":"8 minutos"},"schema":{"@context":"https:\/\/schema.org","@graph":[{"@type":"Article","@id":"https:\/\/ciencia.ufpr.br\/portal\/rna-nao-codificante-ajuda-a-entender-doencas-desafiadoras-revela-estudo-sobre-uso-de-dados-em-medicina\/#article","isPartOf":{"@id":"https:\/\/ciencia.ufpr.br\/portal\/rna-nao-codificante-ajuda-a-entender-doencas-desafiadoras-revela-estudo-sobre-uso-de-dados-em-medicina\/"},"author":{"name":"Camille Bropp","@id":"https:\/\/ciencia.ufpr.br\/portal\/#\/schema\/person\/b2d3b2036ea31f22ae6f5f6424e9c020"},"headline":"RNA n\u00e3o codificante ajuda a entender doen\u00e7as desafiadoras, revela estudo sobre uso de dados em medicina","datePublished":"2023-11-06T10:05:57+00:00","dateModified":"2024-11-14T02:30:08+00:00","mainEntityOfPage":{"@id":"https:\/\/ciencia.ufpr.br\/portal\/rna-nao-codificante-ajuda-a-entender-doencas-desafiadoras-revela-estudo-sobre-uso-de-dados-em-medicina\/"},"wordCount":1714,"commentCount":0,"publisher":{"@id":"https:\/\/ciencia.ufpr.br\/portal\/#organization"},"image":{"@id":"https:\/\/ciencia.ufpr.br\/portal\/rna-nao-codificante-ajuda-a-entender-doencas-desafiadoras-revela-estudo-sobre-uso-de-dados-em-medicina\/#primaryimage"},"thumbnailUrl":"https:\/\/ciencia.ufpr.br\/portal\/wp-content\/uploads\/2023\/11\/Part-of-the-DNA-sequences-fro-the-human-genome.-Foto-Ian-Glover-Flickr.jpg","keywords":["2023","artrite reumatoide","bioinform\u00e1tica","Doen\u00e7a de Crohn","estat\u00edstica","gen\u00e9tica","medicina","medicina em rede","ncRNA","network medicine","pr\u00e9-ecl\u00e2mpsia","RNA n\u00e3o codificante"],"articleSection":["Exatas","Infogr\u00e1fico","Not\u00edcia","Sa\u00fade"],"inLanguage":"pt-BR","potentialAction":[{"@type":"CommentAction","name":"Comment","target":["https:\/\/ciencia.ufpr.br\/portal\/rna-nao-codificante-ajuda-a-entender-doencas-desafiadoras-revela-estudo-sobre-uso-de-dados-em-medicina\/#respond"]}]},{"@type":"WebPage","@id":"https:\/\/ciencia.ufpr.br\/portal\/rna-nao-codificante-ajuda-a-entender-doencas-desafiadoras-revela-estudo-sobre-uso-de-dados-em-medicina\/","url":"https:\/\/ciencia.ufpr.br\/portal\/rna-nao-codificante-ajuda-a-entender-doencas-desafiadoras-revela-estudo-sobre-uso-de-dados-em-medicina\/","name":"RNA n\u00e3o codificante ajuda a entender doen\u00e7as desafiadoras, revela estudo sobre uso de dados em medicina - Ci\u00eancia UFPR","isPartOf":{"@id":"https:\/\/ciencia.ufpr.br\/portal\/#website"},"primaryImageOfPage":{"@id":"https:\/\/ciencia.ufpr.br\/portal\/rna-nao-codificante-ajuda-a-entender-doencas-desafiadoras-revela-estudo-sobre-uso-de-dados-em-medicina\/#primaryimage"},"image":{"@id":"https:\/\/ciencia.ufpr.br\/portal\/rna-nao-codificante-ajuda-a-entender-doencas-desafiadoras-revela-estudo-sobre-uso-de-dados-em-medicina\/#primaryimage"},"thumbnailUrl":"https:\/\/ciencia.ufpr.br\/portal\/wp-content\/uploads\/2023\/11\/Part-of-the-DNA-sequences-fro-the-human-genome.-Foto-Ian-Glover-Flickr.jpg","datePublished":"2023-11-06T10:05:57+00:00","dateModified":"2024-11-14T02:30:08+00:00","description":"Pesquisadores indicam que medicina em rede perde informa\u00e7\u00f5es relevantes ao dispensar dados sobre partes do genoma humano que n\u00e3o atuam na produ\u00e7\u00e3o de prote\u00ednas.","breadcrumb":{"@id":"https:\/\/ciencia.ufpr.br\/portal\/rna-nao-codificante-ajuda-a-entender-doencas-desafiadoras-revela-estudo-sobre-uso-de-dados-em-medicina\/#breadcrumb"},"inLanguage":"pt-BR","potentialAction":[{"@type":"ReadAction","target":["https:\/\/ciencia.ufpr.br\/portal\/rna-nao-codificante-ajuda-a-entender-doencas-desafiadoras-revela-estudo-sobre-uso-de-dados-em-medicina\/"]}]},{"@type":"ImageObject","inLanguage":"pt-BR","@id":"https:\/\/ciencia.ufpr.br\/portal\/rna-nao-codificante-ajuda-a-entender-doencas-desafiadoras-revela-estudo-sobre-uso-de-dados-em-medicina\/#primaryimage","url":"https:\/\/ciencia.ufpr.br\/portal\/wp-content\/uploads\/2023\/11\/Part-of-the-DNA-sequences-fro-the-human-genome.-Foto-Ian-Glover-Flickr.jpg","contentUrl":"https:\/\/ciencia.ufpr.br\/portal\/wp-content\/uploads\/2023\/11\/Part-of-the-DNA-sequences-fro-the-human-genome.-Foto-Ian-Glover-Flickr.jpg","width":1920,"height":1080,"caption":"Em artigo no peri\u00f3dico \ud835\udc43\ud835\udc5f\ud835\udc5c\ud835\udc50\ud835\udc52\ud835\udc52\ud835\udc51\ud835\udc56\ud835\udc5b\ud835\udc54\ud835\udc60 \ud835\udc5c\ud835\udc53 \ud835\udc61\u210e\ud835\udc52 \ud835\udc41\ud835\udc4e\ud835\udc61\ud835\udc56\ud835\udc5c\ud835\udc5b\ud835\udc4e\ud835\udc59 \ud835\udc34\ud835\udc50\ud835\udc4e\ud835\udc51\ud835\udc52\ud835\udc5a\ud835\udc66 \ud835\udc5c\ud835\udc53 \ud835\udc46\ud835\udc50\ud835\udc56\ud835\udc52\ud835\udc5b\ud835\udc50\ud835\udc52\ud835\udc60 (\ud835\udc43\ud835\udc41\ud835\udc34\ud835\udc46), dupla de cientistas do Brasil e da Hungria registrou ganhos em testes com a inclus\u00e3o do RNA n\u00e3o codificante em ferramentas de diagn\u00f3stico e tratamento. Foto: Ian Glover\/Flickr"},{"@type":"BreadcrumbList","@id":"https:\/\/ciencia.ufpr.br\/portal\/rna-nao-codificante-ajuda-a-entender-doencas-desafiadoras-revela-estudo-sobre-uso-de-dados-em-medicina\/#breadcrumb","itemListElement":[{"@type":"ListItem","position":1,"name":"Home","item":"https:\/\/ciencia.ufpr.br\/portal\/"},{"@type":"ListItem","position":2,"name":"RNA n\u00e3o codificante ajuda a entender doen\u00e7as desafiadoras, revela estudo sobre uso de dados em medicina"}]},{"@type":"WebSite","@id":"https:\/\/ciencia.ufpr.br\/portal\/#website","url":"https:\/\/ciencia.ufpr.br\/portal\/","name":"Ci\u00eancia UFPR","description":"Site de temas cient\u00edficos com foco no conhecimento produzido na Universidade Federal do Paran\u00e1 (UFPR). Baseado na Revista Ci\u00eancia UFPR.","publisher":{"@id":"https:\/\/ciencia.ufpr.br\/portal\/#organization"},"potentialAction":[{"@type":"SearchAction","target":{"@type":"EntryPoint","urlTemplate":"https:\/\/ciencia.ufpr.br\/portal\/?s={search_term_string}"},"query-input":{"@type":"PropertyValueSpecification","valueRequired":true,"valueName":"search_term_string"}}],"inLanguage":"pt-BR"},{"@type":"Organization","@id":"https:\/\/ciencia.ufpr.br\/portal\/#organization","name":"Revista Ci\u00eancia UFPR","url":"https:\/\/ciencia.ufpr.br\/portal\/","logo":{"@type":"ImageObject","inLanguage":"pt-BR","@id":"https:\/\/ciencia.ufpr.br\/portal\/#\/schema\/logo\/image\/","url":"https:\/\/ciencia.ufpr.br\/portal\/wp-content\/uploads\/2020\/12\/Revista-Ciencia-UFPR-vermelho.jpeg","contentUrl":"https:\/\/ciencia.ufpr.br\/portal\/wp-content\/uploads\/2020\/12\/Revista-Ciencia-UFPR-vermelho.jpeg","width":992,"height":714,"caption":"Revista Ci\u00eancia UFPR"},"image":{"@id":"https:\/\/ciencia.ufpr.br\/portal\/#\/schema\/logo\/image\/"},"sameAs":["https:\/\/www.facebook.com\/cienciaufproficial","https:\/\/x.com\/cienciaufpr","https:\/\/www.instagram.com\/revistacienciaufpr\/","https:\/\/www.linkedin.com\/company\/cienciaufproficial","https:\/\/br.pinterest.com\/cienciaufpr\/"]},{"@type":"Person","@id":"https:\/\/ciencia.ufpr.br\/portal\/#\/schema\/person\/b2d3b2036ea31f22ae6f5f6424e9c020","name":"Camille Bropp","description":"Formada em jornalismo (UFSC), com especializa\u00e7\u00e3o em sociologia pol\u00edtica (UFPR) e mestra em Divulga\u00e7\u00e3o Cient\u00edfica e Cultural (Unicamp). Jornalista na UFPR.","sameAs":["https:\/\/www.linkedin.com\/in\/camille-b-cardoso-1b229b21\/"],"url":"https:\/\/ciencia.ufpr.br\/portal\/author\/camille-bropp\/"}]}},"views":5456,"jetpack_sharing_enabled":true,"jetpack_featured_media_url":"https:\/\/ciencia.ufpr.br\/portal\/wp-content\/uploads\/2023\/11\/Part-of-the-DNA-sequences-fro-the-human-genome.-Foto-Ian-Glover-Flickr.jpg","_links":{"self":[{"href":"https:\/\/ciencia.ufpr.br\/portal\/wp-json\/wp\/v2\/posts\/24202"}],"collection":[{"href":"https:\/\/ciencia.ufpr.br\/portal\/wp-json\/wp\/v2\/posts"}],"about":[{"href":"https:\/\/ciencia.ufpr.br\/portal\/wp-json\/wp\/v2\/types\/post"}],"author":[{"embeddable":true,"href":"https:\/\/ciencia.ufpr.br\/portal\/wp-json\/wp\/v2\/users\/2800"}],"replies":[{"embeddable":true,"href":"https:\/\/ciencia.ufpr.br\/portal\/wp-json\/wp\/v2\/comments?post=24202"}],"version-history":[{"count":22,"href":"https:\/\/ciencia.ufpr.br\/portal\/wp-json\/wp\/v2\/posts\/24202\/revisions"}],"predecessor-version":[{"id":25986,"href":"https:\/\/ciencia.ufpr.br\/portal\/wp-json\/wp\/v2\/posts\/24202\/revisions\/25986"}],"wp:featuredmedia":[{"embeddable":true,"href":"https:\/\/ciencia.ufpr.br\/portal\/wp-json\/wp\/v2\/media\/24273"}],"wp:attachment":[{"href":"https:\/\/ciencia.ufpr.br\/portal\/wp-json\/wp\/v2\/media?parent=24202"}],"wp:term":[{"taxonomy":"category","embeddable":true,"href":"https:\/\/ciencia.ufpr.br\/portal\/wp-json\/wp\/v2\/categories?post=24202"},{"taxonomy":"post_tag","embeddable":true,"href":"https:\/\/ciencia.ufpr.br\/portal\/wp-json\/wp\/v2\/tags?post=24202"}],"curies":[{"name":"wp","href":"https:\/\/api.w.org\/{rel}","templated":true}]}}