{"id":23616,"date":"2023-07-28T07:11:46","date_gmt":"2023-07-28T10:11:46","guid":{"rendered":"https:\/\/ciencia.ufpr.br\/portal\/?p=23616"},"modified":"2023-09-18T13:11:52","modified_gmt":"2023-09-18T16:11:52","slug":"microplasticos-alteram-a-dinamica-de-nutrientes-nos-solos-impactando-a-producao-de-plantas-eloana-bonfleur","status":"publish","type":"post","link":"https:\/\/ciencia.ufpr.br\/portal\/microplasticos-alteram-a-dinamica-de-nutrientes-nos-solos-impactando-a-producao-de-plantas-eloana-bonfleur\/","title":{"rendered":"&#8220;Micropl\u00e1sticos alteram a din\u00e2mica de nutrientes nos solos, impactando a produ\u00e7\u00e3o de plantas&#8221; | Eloana Bonfleur"},"content":{"rendered":"<p><span style=\"font-weight: 400;\">Micropl\u00e1sticos, o lixo na forma de pequenos peda\u00e7os de pl\u00e1stico, alguns microsc\u00f3picos \u2014 de menos de cinco mil\u00edmetros \u2014, n\u00e3o s\u00e3o um problema apenas para os mares. Devido \u00e0 atual preval\u00eancia do pl\u00e1stico nos processos industriais, o micropl\u00e1stico est\u00e1 em todos os lugares da vida humana. Isso inclui os solos que, al\u00e9m de terem sua presen\u00e7a no ciclo da \u00e1gua, s\u00e3o onde cultivamos alimentos. O que isso significa?<\/span><\/p>\n<p><span style=\"font-weight: 400;\">De acordo com a professora e pesquisadora Eloana Bonfleur, coordenadora do Laborat\u00f3rio de <\/span><span style=\"font-weight: 400;\">Qu\u00edmica<\/span><span style=\"font-weight: 400;\"> e Mineralogia do Solo da Universidade Federal do Paran\u00e1 (UFPR), o micropl\u00e1stico no solo altera a forma como as plantas obt\u00eam nutrientes.\u00a0<\/span><\/p>\n<p><span style=\"font-weight: 400;\">Ao mesmo tempo, esse material tamb\u00e9m interfere na forma como subst\u00e2ncias t\u00f3xicas presentes nos solos se movimentam pela cadeia alimentar. Podem piorar a situa\u00e7\u00e3o ou agir como obst\u00e1culo.<\/span><\/p>\n<p><span style=\"font-weight: 400;\">Essa exist\u00eancia um pouco d\u00fabia ainda gera alguma discuss\u00e3o na agricultura sobre se o micropl\u00e1stico \u00e9 um contaminante do solo \u2014 ou seja, uma subst\u00e2ncia em excesso ou fora de lugar \u2014, ou um poluente, que causa danos a organismos vivos. <\/span><\/p>\n<blockquote><p><span style=\"font-weight: 400;\">Segundo Bonfleur, est\u00e1 claro que \u00e9 um poluente. \u201cExiste efeito negativo sobre seres vivos\u201d, afirma.<\/span><\/p><\/blockquote>\n<p><span style=\"font-weight: 400;\">A professora do Departamento de Solos e Engenharia Agr\u00edcola da UFPR far\u00e1 sua fala na 75\u00aa Reuni\u00e3o Anual da SBPC nesta sexta-feira (28), das 9h30 \u00e0s 11 horas, no Anfiteatro 13 do Setor de Ci\u00eancias Biol\u00f3gicas da UFPR, no Centro Polit\u00e9cnico, em Curitiba.<\/span><\/p>\n<p><b>A discuss\u00e3o sobre se micropl\u00e1sticos s\u00e3o contaminantes ou poluentes para o solo significa entender se t\u00eam efeito negativo, ou seja, poluem o ambiente, ou se s\u00f3 o alteram, o contaminam, certo? Qual \u00e9 o indicativo mais evidente hoje?\u00a0\u00a0<\/b><\/p>\n<hr \/>\n<p><span style=\"font-weight: 400;\"><strong>Eloana Bonfleur <span style=\"color: #cf6777;\">|<\/span><\/strong> \u00c9 importante ressaltar que nos dois casos podem existir efeitos negativos. Um ambiente contaminado \u00e9 aquele em que a concentra\u00e7\u00e3o de determinada subst\u00e2ncia est\u00e1 acima do que seria encontrada naturalmente ou simplesmente a subst\u00e2ncia est\u00e1 presente, mas naturalmente n\u00e3o estaria. Um ambiente polu\u00eddo \u00e9 aquele no qual a presen\u00e7a da subst\u00e2ncia ex\u00f3gena ao meio est\u00e1 em concentra\u00e7\u00f5es que causam efeitos nocivos aos componentes bi\u00f3ticos presentes, que s\u00e3o os seres vivos.\u00a0<\/span><\/p>\n<p><span style=\"font-weight: 400;\">A diferen\u00e7a \u00e9 que um contaminante pode alterar processos qu\u00edmicos e f\u00edsicos nos solos sem necessariamente causar um efeito nocivo \u00e0 biota presente no mesmo.\u00a0<\/span><\/p>\n<figure id=\"attachment_23619\" aria-describedby=\"caption-attachment-23619\" style=\"width: 810px\" class=\"wp-caption aligncenter\"><img loading=\"lazy\" decoding=\"async\" class=\"wp-image-23619 size-large\" src=\"https:\/\/ciencia.ufpr.br\/portal\/wp-content\/uploads\/2023\/07\/Strawberry-fields.-Credito-Hedva-Sanderovitz-Commons-1024x576.jpg\" alt=\"\" width=\"810\" height=\"456\" srcset=\"https:\/\/ciencia.ufpr.br\/portal\/wp-content\/uploads\/2023\/07\/Strawberry-fields.-Credito-Hedva-Sanderovitz-Commons-1024x576.jpg 1024w, https:\/\/ciencia.ufpr.br\/portal\/wp-content\/uploads\/2023\/07\/Strawberry-fields.-Credito-Hedva-Sanderovitz-Commons-300x169.jpg 300w, https:\/\/ciencia.ufpr.br\/portal\/wp-content\/uploads\/2023\/07\/Strawberry-fields.-Credito-Hedva-Sanderovitz-Commons-768x432.jpg 768w, https:\/\/ciencia.ufpr.br\/portal\/wp-content\/uploads\/2023\/07\/Strawberry-fields.-Credito-Hedva-Sanderovitz-Commons-1536x864.jpg 1536w, https:\/\/ciencia.ufpr.br\/portal\/wp-content\/uploads\/2023\/07\/Strawberry-fields.-Credito-Hedva-Sanderovitz-Commons-150x84.jpg 150w, https:\/\/ciencia.ufpr.br\/portal\/wp-content\/uploads\/2023\/07\/Strawberry-fields.-Credito-Hedva-Sanderovitz-Commons.jpg 1920w\" sizes=\"(max-width: 810px) 100vw, 810px\" \/><figcaption id=\"caption-attachment-23619\" class=\"wp-caption-text\">Al\u00e9m de os solos receberem micropl\u00e1sticos da fonte mais usual, que \u00e9 a produ\u00e7\u00e3o de lixo pelo ser humano, a agricultura tamb\u00e9m usa pl\u00e1stico nos seus processos, caso do <em>mulching<\/em>, cobertura de pl\u00e1stico comum no cultivo de morango. Foto: Hedva Sanderovitz\/Commons<\/figcaption><\/figure>\n<p><span style=\"font-weight: 400;\">Nosso grupo de trabalho est\u00e1 focado em demonstrar como pol\u00edmeros [no caso, outro nome para os micropl\u00e1sticos, que s\u00e3o formados por macromol\u00e9culas id\u00eanticas] alteram a din\u00e2mica de nutrientes nos solos, o que pode impactar a produ\u00e7\u00e3o das plantas.\u00a0<\/span><\/p>\n<p><span style=\"font-weight: 400;\">Por outro lado, a presen\u00e7a dos micropl\u00e1sticos tamb\u00e9m pode influenciar a disponibilidade de outras subst\u00e2ncias como os metais pesados e poluentes org\u00e2nicos \u2014 a\u00ed se incluem os pesticidas e os f\u00e1rmacos \u2014, aumentando ou impedindo sua transfer\u00eancia na cadeia tr\u00f3fica [alimentar].\u00a0<\/span><\/p>\n<p><span style=\"font-weight: 400;\">Isso ocorre devido \u00e0 possibilidade de reten\u00e7\u00e3o desses poluentes na superf\u00edcie dos micropl\u00e1sticos ou a reten\u00e7\u00e3o dos micropl\u00e1sticos em s\u00edtios onde esses poluentes ficariam retidos nos solos. Em outras palavras, esses pol\u00edmeros podem atuar como carreadores ou facilitadores de subst\u00e2ncias t\u00f3xicas aos seres vivos, incluindo as plantas, ou mesmo transferi-las para outros compartimentos, como a hidrosfera [corpos d\u2019\u00e1gua] e a atmosfera.\u00a0<\/span><\/p>\n<p><span style=\"font-weight: 400;\">Portanto, o conceito de poluente fica bem claro para esses materiais.\u00a0<\/span><\/p>\n<p><b>Existem processos agr\u00edcolas que se utilizam de pl\u00e1stico. Isso ocorre no Paran\u00e1 e no Brasil? Por que o pl\u00e1stico \u00e9 usado dessa forma? Em quais culturas? \u00c9 poss\u00edvel superar essas t\u00e9cnicas? Existem pol\u00edticas p\u00fablicas de substitui\u00e7\u00e3o no Brasil?\u00a0<\/b><\/p>\n<hr \/>\n<p><span style=\"font-weight: 400;\"><strong>EB <span style=\"color: #cf6777;\">|\u00a0<\/span><\/strong><\/span><span style=\"font-weight: 400;\">Todos os processos agr\u00edcolas citados s\u00e3o dependentes do uso de pl\u00e1stico. Na verdade, a nossa sociedade tem grande depend\u00eancia em rela\u00e7\u00e3o a esse material. Basta olharmos ao nosso redor. A ampla utiliza\u00e7\u00e3o dos pl\u00e1sticos se deve a esse material ser resistente e ao mesmo tempo male\u00e1vel, ou seja, facilmente mold\u00e1vel \u00e0s diversas aplica\u00e7\u00f5es.\u00a0<\/span><\/p>\n<p><span style=\"font-weight: 400;\">Na agricultura, o principal exemplo \u00e9 a utiliza\u00e7\u00e3o como cobertura, tamb\u00e9m chamada de <\/span><i><span style=\"font-weight: 400;\">mulching<\/span><\/i><span style=\"font-weight: 400;\">, principalmente na cultura do morango. Essa t\u00e9cnica tem como objetivo reduzir a infesta\u00e7\u00e3o por plantas daninhas e pragas, resultando na diminui\u00e7\u00e3o do uso de pesticidas e mantendo a umidade do solo.\u00a0<\/span><\/p>\n<p><span style=\"font-weight: 400;\">Os pol\u00edmeros tradicionais t\u00eam como mat\u00e9ria-prima o petr\u00f3leo. Entretanto, existem pol\u00edmeros de origem vegetal, ou biopol\u00edmeros, que v\u00eam sendo estudados como substitutos em raz\u00e3o da sua maior biodegradabilidade, o que resulta em menor tempo de perman\u00eancia no ecossistema.\u00a0<\/span><\/p>\n<p><span style=\"font-weight: 400;\">Em rela\u00e7\u00e3o \u00e0s pol\u00edticas p\u00fablicas brasileiras, al\u00e9m da Pol\u00edtica Nacional de Res\u00edduos S\u00f3lidos (PNRS), a <a href=\"https:\/\/www.planalto.gov.br\/ccivil_03\/_ato2007-2010\/2010\/lei\/l12305.htm\" target=\"_blank\" rel=\"noopener\">Lei 12.305 de 2010<\/a>, existem projetos de lei que tratam principalmente de proibir a produ\u00e7\u00e3o de pl\u00e1sticos de uso \u00fanico.\u00a0\u00a0<\/span><\/p>\n<p><b>Fora isso, os micropl\u00e1sticos tamb\u00e9m s\u00e3o encontrados em insumos, como fertilizantes e etc., misturados \u00e0 mat\u00e9ria org\u00e2nica, como o estrume. Existem insumos livres de micropl\u00e1sticos ou isso ainda n\u00e3o \u00e9 preocupa\u00e7\u00e3o da ind\u00fastria, mesmo em linhas de produtos verdes?\u00a0<\/b><\/p>\n<hr \/>\n<p><span style=\"font-weight: 400;\"><strong>EB <span style=\"color: #cf6777;\">|\u00a0<\/span><\/strong>Os micropl\u00e1sticos ainda n\u00e3o disp\u00f5em de limites m\u00e1ximos de res\u00edduos nas diversas matrizes onde s\u00e3o encontrados. Se considerarmos a ampla distribui\u00e7\u00e3o de pl\u00e1sticos por todo o globo terrestre, \u00e9 dif\u00edcil imaginar um ambiente livre desses res\u00edduos.\u00a0<\/span><\/p>\n<p><span style=\"font-weight: 400;\">Por exemplo, <a href=\"https:\/\/www.nature.com\/articles\/s43017-022-00279-8\" target=\"_blank\" rel=\"noopener\">estudos recentes t\u00eam encontrado micropl\u00e1stico no ambiente \u00e1rtico<\/a> mesmo em \u00e1reas sem atividade humana aparente.<\/span><\/p>\n<p><b>De que outras formas os micropl\u00e1sticos poluem o solo? Existem formas de evitar que esses poluentes cheguem tamb\u00e9m aos alimentos? Produtos org\u00e2nicos, por exemplo, s\u00e3o mais seguros?\u202f\u00a0<\/b><\/p>\n<hr \/>\n<p><span style=\"font-weight: 400;\"><strong>EB <span style=\"color: #cf6777;\">|\u00a0<\/span><\/strong>Al\u00e9m da utiliza\u00e7\u00e3o direta dos pl\u00e1sticos nas t\u00e9cnicas agropecu\u00e1rias, a entrada dos pl\u00e1sticos no compartimento solo pode ocorrer pela disposi\u00e7\u00e3o inadequada de lixo, por transporte atmosf\u00e9rico, pela deposi\u00e7\u00e3o pelas \u00e1guas, pela aplica\u00e7\u00e3o de res\u00edduos s\u00f3lidos contendo micropl\u00e1sticos, como lodo de esgoto, e pela utiliza\u00e7\u00e3o de \u00e1gua de re\u00faso na irriga\u00e7\u00e3o.\u00a0<\/span><\/p>\n<p><span style=\"font-weight: 400;\"><a href=\"https:\/\/www.abiplast.org.br\/wp-content\/uploads\/2023\/04\/Preview2022_web.pdf\" target=\"_blank\" rel=\"noopener\">Estima-se que no Brasil apenas 23% das embalagens pl\u00e1sticas passam por processo de reciclagem<\/a>. Isso leva a acreditar que boa parte desses materiais ser\u00e1 disposto nos solos e nas \u00e1guas.\u00a0<\/span><\/p>\n<p><span style=\"font-weight: 400;\">Por isso, \u00e9 imposs\u00edvel admitir que na produ\u00e7\u00e3o org\u00e2nica o ac\u00famulo de micropl\u00e1sticos seja menor ou que a produ\u00e7\u00e3o org\u00e2nica esteja livre desses res\u00edduos.\u00a0<\/span><\/p>\n<p><b>Medidas realmente efetivas para reduzir a presen\u00e7a de micropl\u00e1sticos no solo podem ser tomadas em n\u00edvel individual? Se sim, quais as mais eficientes? Ou seria melhor refor\u00e7ar a reivindica\u00e7\u00e3o de que as mudan\u00e7as precisam ser macro para terem efeito?\u00a0<\/b><\/p>\n<hr \/>\n<p><span style=\"font-weight: 400;\"><strong>EB <span style=\"color: #cf6777;\">|\u00a0<\/span><\/strong>Certamente o esfor\u00e7o individual e coletivo em conjunto \u00e9 a melhor alternativa para redu\u00e7\u00e3o na presen\u00e7a de micropl\u00e1sticos no ambiente. Se, por um lado, \u00e9 necess\u00e1ria a implementa\u00e7\u00e3o de pol\u00edticas p\u00fablicas a n\u00edvel nacional, estadual e municipal, a ader\u00eancia individual a estas a\u00e7\u00f5es vai determinar o sucesso ou o fracasso das pol\u00edticas.\u00a0<\/span><\/p>\n<p><span style=\"font-weight: 400;\">Por exemplo, n\u00e3o adianta existir coleta seletiva se a popula\u00e7\u00e3o n\u00e3o separar seus res\u00edduos dentro das resid\u00eancias.\u00a0<\/span><\/p>\n<p><span style=\"font-weight: 400;\">Ao mesmo tempo, ap\u00f3s a coleta seletiva, o poder p\u00fablico deve garantir o est\u00edmulo e o financiamento de medidas para a reutiliza\u00e7\u00e3o e a reciclagem dos pl\u00e1sticos.<\/span><\/p>\n<hr \/>\n<h6 style=\"text-align: right;\">Esta entrevista faz parte de uma s\u00e9rie de conversas da Ci\u00eancia UFPR com conferencistas da Universidade Federal do Paran\u00e1 que est\u00e3o na programa\u00e7\u00e3o da 75\u00aa Reuni\u00e3o Anual da Sociedade Brasileira para o Progresso da Ci\u00eancia (SBPC), em Curitiba.<\/h6>\n","protected":false},"excerpt":{"rendered":"<p>Micropl\u00e1sticos, o lixo na forma de pequenos peda\u00e7os de pl\u00e1stico, alguns microsc\u00f3picos \u2014 de menos de cinco mil\u00edmetros \u2014, n\u00e3o&#8230;<\/p>\n","protected":false},"author":2800,"featured_media":23621,"comment_status":"open","ping_status":"closed","sticky":false,"template":"","format":"standard","meta":{"_acf_changed":false,"footnotes":"","fifu_image_url":"","fifu_image_alt":"","_jetpack_memberships_contains_paid_content":false},"categories":[2291,1619,1614,1612],"tags":[2243,1654,2120,1895],"acf":[],"yoast_head":"<!-- This site is optimized with the Yoast SEO plugin v23.5 - https:\/\/yoast.com\/wordpress\/plugins\/seo\/ -->\n<title>&quot;Micropl\u00e1sticos alteram a din\u00e2mica de nutrientes nos solos, impactando a produ\u00e7\u00e3o de plantas&quot; | Eloana Bonfleur - Ci\u00eancia UFPR<\/title>\n<meta name=\"description\" content=\"Conversamos com a coordenadora do Laborat\u00f3rio de Mineralogia do Solo da UFPR sobre como os micropl\u00e1sticos agem como poluentes no solo.\" \/>\n<meta name=\"robots\" content=\"index, follow, max-snippet:-1, max-image-preview:large, max-video-preview:-1\" \/>\n<link rel=\"canonical\" href=\"https:\/\/ciencia.ufpr.br\/portal\/microplasticos-alteram-a-dinamica-de-nutrientes-nos-solos-impactando-a-producao-de-plantas-eloana-bonfleur\/\" \/>\n<meta property=\"og:locale\" content=\"pt_BR\" \/>\n<meta property=\"og:type\" content=\"article\" \/>\n<meta property=\"og:title\" content=\"&quot;Micropl\u00e1sticos alteram a din\u00e2mica de nutrientes nos solos, impactando a produ\u00e7\u00e3o de plantas&quot; | Eloana Bonfleur - Ci\u00eancia UFPR\" \/>\n<meta property=\"og:description\" content=\"Conversamos com a coordenadora do Laborat\u00f3rio de Mineralogia do Solo da UFPR sobre como os micropl\u00e1sticos agem como poluentes no solo.\" \/>\n<meta property=\"og:url\" content=\"https:\/\/ciencia.ufpr.br\/portal\/microplasticos-alteram-a-dinamica-de-nutrientes-nos-solos-impactando-a-producao-de-plantas-eloana-bonfleur\/\" \/>\n<meta property=\"og:site_name\" content=\"Ci\u00eancia UFPR\" \/>\n<meta property=\"article:publisher\" content=\"https:\/\/www.facebook.com\/cienciaufproficial\" \/>\n<meta property=\"article:published_time\" content=\"2023-07-28T10:11:46+00:00\" \/>\n<meta property=\"article:modified_time\" content=\"2023-09-18T16:11:52+00:00\" \/>\n<meta property=\"og:image\" content=\"https:\/\/ciencia.ufpr.br\/portal\/wp-content\/uploads\/2023\/07\/Eloana-Bonfleur.-Foto-Acervo-Pessoal.jpg\" \/>\n\t<meta property=\"og:image:width\" content=\"1920\" \/>\n\t<meta property=\"og:image:height\" content=\"1080\" \/>\n\t<meta property=\"og:image:type\" content=\"image\/jpeg\" \/>\n<meta name=\"author\" content=\"Camille Bropp\" \/>\n<meta name=\"twitter:card\" content=\"summary_large_image\" \/>\n<meta name=\"twitter:creator\" content=\"@cienciaufpr\" \/>\n<meta name=\"twitter:site\" content=\"@cienciaufpr\" \/>\n<meta name=\"twitter:label1\" content=\"Escrito por\" \/>\n\t<meta name=\"twitter:data1\" content=\"Camille Bropp\" \/>\n\t<meta name=\"twitter:label2\" content=\"Est. tempo de leitura\" \/>\n\t<meta name=\"twitter:data2\" content=\"7 minutos\" \/>\n<script type=\"application\/ld+json\" class=\"yoast-schema-graph\">{\"@context\":\"https:\/\/schema.org\",\"@graph\":[{\"@type\":\"Article\",\"@id\":\"https:\/\/ciencia.ufpr.br\/portal\/microplasticos-alteram-a-dinamica-de-nutrientes-nos-solos-impactando-a-producao-de-plantas-eloana-bonfleur\/#article\",\"isPartOf\":{\"@id\":\"https:\/\/ciencia.ufpr.br\/portal\/microplasticos-alteram-a-dinamica-de-nutrientes-nos-solos-impactando-a-producao-de-plantas-eloana-bonfleur\/\"},\"author\":{\"name\":\"Camille Bropp\",\"@id\":\"https:\/\/ciencia.ufpr.br\/portal\/#\/schema\/person\/b2d3b2036ea31f22ae6f5f6424e9c020\"},\"headline\":\"&#8220;Micropl\u00e1sticos alteram a din\u00e2mica de nutrientes nos solos, impactando a produ\u00e7\u00e3o de plantas&#8221; | Eloana Bonfleur\",\"datePublished\":\"2023-07-28T10:11:46+00:00\",\"dateModified\":\"2023-09-18T16:11:52+00:00\",\"mainEntityOfPage\":{\"@id\":\"https:\/\/ciencia.ufpr.br\/portal\/microplasticos-alteram-a-dinamica-de-nutrientes-nos-solos-impactando-a-producao-de-plantas-eloana-bonfleur\/\"},\"wordCount\":1365,\"commentCount\":0,\"publisher\":{\"@id\":\"https:\/\/ciencia.ufpr.br\/portal\/#organization\"},\"image\":{\"@id\":\"https:\/\/ciencia.ufpr.br\/portal\/microplasticos-alteram-a-dinamica-de-nutrientes-nos-solos-impactando-a-producao-de-plantas-eloana-bonfleur\/#primaryimage\"},\"thumbnailUrl\":\"https:\/\/ciencia.ufpr.br\/portal\/wp-content\/uploads\/2023\/07\/Eloana-Bonfleur.-Foto-Acervo-Pessoal.jpg\",\"keywords\":[\"2023\",\"agricultura\",\"micropl\u00e1sticos\",\"solos\"],\"articleSection\":[\"75\u00aa Reuni\u00e3o SBPC\",\"Agr\u00e1rias\",\"Entrevista\",\"Meio ambiente\"],\"inLanguage\":\"pt-BR\",\"potentialAction\":[{\"@type\":\"CommentAction\",\"name\":\"Comment\",\"target\":[\"https:\/\/ciencia.ufpr.br\/portal\/microplasticos-alteram-a-dinamica-de-nutrientes-nos-solos-impactando-a-producao-de-plantas-eloana-bonfleur\/#respond\"]}]},{\"@type\":\"WebPage\",\"@id\":\"https:\/\/ciencia.ufpr.br\/portal\/microplasticos-alteram-a-dinamica-de-nutrientes-nos-solos-impactando-a-producao-de-plantas-eloana-bonfleur\/\",\"url\":\"https:\/\/ciencia.ufpr.br\/portal\/microplasticos-alteram-a-dinamica-de-nutrientes-nos-solos-impactando-a-producao-de-plantas-eloana-bonfleur\/\",\"name\":\"\\\"Micropl\u00e1sticos alteram a din\u00e2mica de nutrientes nos solos, impactando a produ\u00e7\u00e3o de plantas\\\" | Eloana Bonfleur - Ci\u00eancia UFPR\",\"isPartOf\":{\"@id\":\"https:\/\/ciencia.ufpr.br\/portal\/#website\"},\"primaryImageOfPage\":{\"@id\":\"https:\/\/ciencia.ufpr.br\/portal\/microplasticos-alteram-a-dinamica-de-nutrientes-nos-solos-impactando-a-producao-de-plantas-eloana-bonfleur\/#primaryimage\"},\"image\":{\"@id\":\"https:\/\/ciencia.ufpr.br\/portal\/microplasticos-alteram-a-dinamica-de-nutrientes-nos-solos-impactando-a-producao-de-plantas-eloana-bonfleur\/#primaryimage\"},\"thumbnailUrl\":\"https:\/\/ciencia.ufpr.br\/portal\/wp-content\/uploads\/2023\/07\/Eloana-Bonfleur.-Foto-Acervo-Pessoal.jpg\",\"datePublished\":\"2023-07-28T10:11:46+00:00\",\"dateModified\":\"2023-09-18T16:11:52+00:00\",\"description\":\"Conversamos com a coordenadora do Laborat\u00f3rio de Mineralogia do Solo da UFPR sobre como os micropl\u00e1sticos agem como poluentes no solo.\",\"breadcrumb\":{\"@id\":\"https:\/\/ciencia.ufpr.br\/portal\/microplasticos-alteram-a-dinamica-de-nutrientes-nos-solos-impactando-a-producao-de-plantas-eloana-bonfleur\/#breadcrumb\"},\"inLanguage\":\"pt-BR\",\"potentialAction\":[{\"@type\":\"ReadAction\",\"target\":[\"https:\/\/ciencia.ufpr.br\/portal\/microplasticos-alteram-a-dinamica-de-nutrientes-nos-solos-impactando-a-producao-de-plantas-eloana-bonfleur\/\"]}]},{\"@type\":\"ImageObject\",\"inLanguage\":\"pt-BR\",\"@id\":\"https:\/\/ciencia.ufpr.br\/portal\/microplasticos-alteram-a-dinamica-de-nutrientes-nos-solos-impactando-a-producao-de-plantas-eloana-bonfleur\/#primaryimage\",\"url\":\"https:\/\/ciencia.ufpr.br\/portal\/wp-content\/uploads\/2023\/07\/Eloana-Bonfleur.-Foto-Acervo-Pessoal.jpg\",\"contentUrl\":\"https:\/\/ciencia.ufpr.br\/portal\/wp-content\/uploads\/2023\/07\/Eloana-Bonfleur.-Foto-Acervo-Pessoal.jpg\",\"width\":1920,\"height\":1080,\"caption\":\"Em sua confer\u00eancia na 75\u00aa SBPC, Eloana Janice Bonfleur far\u00e1 um alerta sobre a presen\u00e7a cada vez mais massiva dos micropl\u00e1sticos nos solos. Foto: Acervo Pessoal\"},{\"@type\":\"BreadcrumbList\",\"@id\":\"https:\/\/ciencia.ufpr.br\/portal\/microplasticos-alteram-a-dinamica-de-nutrientes-nos-solos-impactando-a-producao-de-plantas-eloana-bonfleur\/#breadcrumb\",\"itemListElement\":[{\"@type\":\"ListItem\",\"position\":1,\"name\":\"Home\",\"item\":\"https:\/\/ciencia.ufpr.br\/portal\/\"},{\"@type\":\"ListItem\",\"position\":2,\"name\":\"&#8220;Micropl\u00e1sticos alteram a din\u00e2mica de nutrientes nos solos, impactando a produ\u00e7\u00e3o de plantas&#8221; | Eloana Bonfleur\"}]},{\"@type\":\"WebSite\",\"@id\":\"https:\/\/ciencia.ufpr.br\/portal\/#website\",\"url\":\"https:\/\/ciencia.ufpr.br\/portal\/\",\"name\":\"Ci\u00eancia UFPR\",\"description\":\"Site de temas cient\u00edficos com foco no conhecimento produzido na Universidade Federal do Paran\u00e1 (UFPR). Baseado na Revista Ci\u00eancia UFPR.\",\"publisher\":{\"@id\":\"https:\/\/ciencia.ufpr.br\/portal\/#organization\"},\"potentialAction\":[{\"@type\":\"SearchAction\",\"target\":{\"@type\":\"EntryPoint\",\"urlTemplate\":\"https:\/\/ciencia.ufpr.br\/portal\/?s={search_term_string}\"},\"query-input\":{\"@type\":\"PropertyValueSpecification\",\"valueRequired\":true,\"valueName\":\"search_term_string\"}}],\"inLanguage\":\"pt-BR\"},{\"@type\":\"Organization\",\"@id\":\"https:\/\/ciencia.ufpr.br\/portal\/#organization\",\"name\":\"Revista Ci\u00eancia UFPR\",\"url\":\"https:\/\/ciencia.ufpr.br\/portal\/\",\"logo\":{\"@type\":\"ImageObject\",\"inLanguage\":\"pt-BR\",\"@id\":\"https:\/\/ciencia.ufpr.br\/portal\/#\/schema\/logo\/image\/\",\"url\":\"https:\/\/ciencia.ufpr.br\/portal\/wp-content\/uploads\/2020\/12\/Revista-Ciencia-UFPR-vermelho.jpeg\",\"contentUrl\":\"https:\/\/ciencia.ufpr.br\/portal\/wp-content\/uploads\/2020\/12\/Revista-Ciencia-UFPR-vermelho.jpeg\",\"width\":992,\"height\":714,\"caption\":\"Revista Ci\u00eancia UFPR\"},\"image\":{\"@id\":\"https:\/\/ciencia.ufpr.br\/portal\/#\/schema\/logo\/image\/\"},\"sameAs\":[\"https:\/\/www.facebook.com\/cienciaufproficial\",\"https:\/\/x.com\/cienciaufpr\",\"https:\/\/www.instagram.com\/revistacienciaufpr\/\",\"https:\/\/www.linkedin.com\/company\/cienciaufproficial\",\"https:\/\/br.pinterest.com\/cienciaufpr\/\"]},{\"@type\":\"Person\",\"@id\":\"https:\/\/ciencia.ufpr.br\/portal\/#\/schema\/person\/b2d3b2036ea31f22ae6f5f6424e9c020\",\"name\":\"Camille Bropp\",\"description\":\"Formada em jornalismo (UFSC), com especializa\u00e7\u00e3o em sociologia pol\u00edtica (UFPR) e mestra em Divulga\u00e7\u00e3o Cient\u00edfica e Cultural (Unicamp). Jornalista na UFPR.\",\"sameAs\":[\"https:\/\/www.linkedin.com\/in\/camille-b-cardoso-1b229b21\/\"],\"url\":\"https:\/\/ciencia.ufpr.br\/portal\/author\/camille-bropp\/\"}]}<\/script>\n<!-- \/ Yoast SEO plugin. -->","yoast_head_json":{"title":"\"Micropl\u00e1sticos alteram a din\u00e2mica de nutrientes nos solos, impactando a produ\u00e7\u00e3o de plantas\" | Eloana Bonfleur - Ci\u00eancia UFPR","description":"Conversamos com a coordenadora do Laborat\u00f3rio de Mineralogia do Solo da UFPR sobre como os micropl\u00e1sticos agem como poluentes no solo.","robots":{"index":"index","follow":"follow","max-snippet":"max-snippet:-1","max-image-preview":"max-image-preview:large","max-video-preview":"max-video-preview:-1"},"canonical":"https:\/\/ciencia.ufpr.br\/portal\/microplasticos-alteram-a-dinamica-de-nutrientes-nos-solos-impactando-a-producao-de-plantas-eloana-bonfleur\/","og_locale":"pt_BR","og_type":"article","og_title":"\"Micropl\u00e1sticos alteram a din\u00e2mica de nutrientes nos solos, impactando a produ\u00e7\u00e3o de plantas\" | Eloana Bonfleur - Ci\u00eancia UFPR","og_description":"Conversamos com a coordenadora do Laborat\u00f3rio de Mineralogia do Solo da UFPR sobre como os micropl\u00e1sticos agem como poluentes no solo.","og_url":"https:\/\/ciencia.ufpr.br\/portal\/microplasticos-alteram-a-dinamica-de-nutrientes-nos-solos-impactando-a-producao-de-plantas-eloana-bonfleur\/","og_site_name":"Ci\u00eancia UFPR","article_publisher":"https:\/\/www.facebook.com\/cienciaufproficial","article_published_time":"2023-07-28T10:11:46+00:00","article_modified_time":"2023-09-18T16:11:52+00:00","og_image":[{"width":1920,"height":1080,"url":"https:\/\/ciencia.ufpr.br\/portal\/wp-content\/uploads\/2023\/07\/Eloana-Bonfleur.-Foto-Acervo-Pessoal.jpg","type":"image\/jpeg"}],"author":"Camille Bropp","twitter_card":"summary_large_image","twitter_creator":"@cienciaufpr","twitter_site":"@cienciaufpr","twitter_misc":{"Escrito por":"Camille Bropp","Est. tempo de leitura":"7 minutos"},"schema":{"@context":"https:\/\/schema.org","@graph":[{"@type":"Article","@id":"https:\/\/ciencia.ufpr.br\/portal\/microplasticos-alteram-a-dinamica-de-nutrientes-nos-solos-impactando-a-producao-de-plantas-eloana-bonfleur\/#article","isPartOf":{"@id":"https:\/\/ciencia.ufpr.br\/portal\/microplasticos-alteram-a-dinamica-de-nutrientes-nos-solos-impactando-a-producao-de-plantas-eloana-bonfleur\/"},"author":{"name":"Camille Bropp","@id":"https:\/\/ciencia.ufpr.br\/portal\/#\/schema\/person\/b2d3b2036ea31f22ae6f5f6424e9c020"},"headline":"&#8220;Micropl\u00e1sticos alteram a din\u00e2mica de nutrientes nos solos, impactando a produ\u00e7\u00e3o de plantas&#8221; | Eloana Bonfleur","datePublished":"2023-07-28T10:11:46+00:00","dateModified":"2023-09-18T16:11:52+00:00","mainEntityOfPage":{"@id":"https:\/\/ciencia.ufpr.br\/portal\/microplasticos-alteram-a-dinamica-de-nutrientes-nos-solos-impactando-a-producao-de-plantas-eloana-bonfleur\/"},"wordCount":1365,"commentCount":0,"publisher":{"@id":"https:\/\/ciencia.ufpr.br\/portal\/#organization"},"image":{"@id":"https:\/\/ciencia.ufpr.br\/portal\/microplasticos-alteram-a-dinamica-de-nutrientes-nos-solos-impactando-a-producao-de-plantas-eloana-bonfleur\/#primaryimage"},"thumbnailUrl":"https:\/\/ciencia.ufpr.br\/portal\/wp-content\/uploads\/2023\/07\/Eloana-Bonfleur.-Foto-Acervo-Pessoal.jpg","keywords":["2023","agricultura","micropl\u00e1sticos","solos"],"articleSection":["75\u00aa Reuni\u00e3o SBPC","Agr\u00e1rias","Entrevista","Meio ambiente"],"inLanguage":"pt-BR","potentialAction":[{"@type":"CommentAction","name":"Comment","target":["https:\/\/ciencia.ufpr.br\/portal\/microplasticos-alteram-a-dinamica-de-nutrientes-nos-solos-impactando-a-producao-de-plantas-eloana-bonfleur\/#respond"]}]},{"@type":"WebPage","@id":"https:\/\/ciencia.ufpr.br\/portal\/microplasticos-alteram-a-dinamica-de-nutrientes-nos-solos-impactando-a-producao-de-plantas-eloana-bonfleur\/","url":"https:\/\/ciencia.ufpr.br\/portal\/microplasticos-alteram-a-dinamica-de-nutrientes-nos-solos-impactando-a-producao-de-plantas-eloana-bonfleur\/","name":"\"Micropl\u00e1sticos alteram a din\u00e2mica de nutrientes nos solos, impactando a produ\u00e7\u00e3o de plantas\" | Eloana Bonfleur - Ci\u00eancia UFPR","isPartOf":{"@id":"https:\/\/ciencia.ufpr.br\/portal\/#website"},"primaryImageOfPage":{"@id":"https:\/\/ciencia.ufpr.br\/portal\/microplasticos-alteram-a-dinamica-de-nutrientes-nos-solos-impactando-a-producao-de-plantas-eloana-bonfleur\/#primaryimage"},"image":{"@id":"https:\/\/ciencia.ufpr.br\/portal\/microplasticos-alteram-a-dinamica-de-nutrientes-nos-solos-impactando-a-producao-de-plantas-eloana-bonfleur\/#primaryimage"},"thumbnailUrl":"https:\/\/ciencia.ufpr.br\/portal\/wp-content\/uploads\/2023\/07\/Eloana-Bonfleur.-Foto-Acervo-Pessoal.jpg","datePublished":"2023-07-28T10:11:46+00:00","dateModified":"2023-09-18T16:11:52+00:00","description":"Conversamos com a coordenadora do Laborat\u00f3rio de Mineralogia do Solo da UFPR sobre como os micropl\u00e1sticos agem como poluentes no solo.","breadcrumb":{"@id":"https:\/\/ciencia.ufpr.br\/portal\/microplasticos-alteram-a-dinamica-de-nutrientes-nos-solos-impactando-a-producao-de-plantas-eloana-bonfleur\/#breadcrumb"},"inLanguage":"pt-BR","potentialAction":[{"@type":"ReadAction","target":["https:\/\/ciencia.ufpr.br\/portal\/microplasticos-alteram-a-dinamica-de-nutrientes-nos-solos-impactando-a-producao-de-plantas-eloana-bonfleur\/"]}]},{"@type":"ImageObject","inLanguage":"pt-BR","@id":"https:\/\/ciencia.ufpr.br\/portal\/microplasticos-alteram-a-dinamica-de-nutrientes-nos-solos-impactando-a-producao-de-plantas-eloana-bonfleur\/#primaryimage","url":"https:\/\/ciencia.ufpr.br\/portal\/wp-content\/uploads\/2023\/07\/Eloana-Bonfleur.-Foto-Acervo-Pessoal.jpg","contentUrl":"https:\/\/ciencia.ufpr.br\/portal\/wp-content\/uploads\/2023\/07\/Eloana-Bonfleur.-Foto-Acervo-Pessoal.jpg","width":1920,"height":1080,"caption":"Em sua confer\u00eancia na 75\u00aa SBPC, Eloana Janice Bonfleur far\u00e1 um alerta sobre a presen\u00e7a cada vez mais massiva dos micropl\u00e1sticos nos solos. Foto: Acervo Pessoal"},{"@type":"BreadcrumbList","@id":"https:\/\/ciencia.ufpr.br\/portal\/microplasticos-alteram-a-dinamica-de-nutrientes-nos-solos-impactando-a-producao-de-plantas-eloana-bonfleur\/#breadcrumb","itemListElement":[{"@type":"ListItem","position":1,"name":"Home","item":"https:\/\/ciencia.ufpr.br\/portal\/"},{"@type":"ListItem","position":2,"name":"&#8220;Micropl\u00e1sticos alteram a din\u00e2mica de nutrientes nos solos, impactando a produ\u00e7\u00e3o de plantas&#8221; | Eloana Bonfleur"}]},{"@type":"WebSite","@id":"https:\/\/ciencia.ufpr.br\/portal\/#website","url":"https:\/\/ciencia.ufpr.br\/portal\/","name":"Ci\u00eancia UFPR","description":"Site de temas cient\u00edficos com foco no conhecimento produzido na Universidade Federal do Paran\u00e1 (UFPR). Baseado na Revista Ci\u00eancia UFPR.","publisher":{"@id":"https:\/\/ciencia.ufpr.br\/portal\/#organization"},"potentialAction":[{"@type":"SearchAction","target":{"@type":"EntryPoint","urlTemplate":"https:\/\/ciencia.ufpr.br\/portal\/?s={search_term_string}"},"query-input":{"@type":"PropertyValueSpecification","valueRequired":true,"valueName":"search_term_string"}}],"inLanguage":"pt-BR"},{"@type":"Organization","@id":"https:\/\/ciencia.ufpr.br\/portal\/#organization","name":"Revista Ci\u00eancia UFPR","url":"https:\/\/ciencia.ufpr.br\/portal\/","logo":{"@type":"ImageObject","inLanguage":"pt-BR","@id":"https:\/\/ciencia.ufpr.br\/portal\/#\/schema\/logo\/image\/","url":"https:\/\/ciencia.ufpr.br\/portal\/wp-content\/uploads\/2020\/12\/Revista-Ciencia-UFPR-vermelho.jpeg","contentUrl":"https:\/\/ciencia.ufpr.br\/portal\/wp-content\/uploads\/2020\/12\/Revista-Ciencia-UFPR-vermelho.jpeg","width":992,"height":714,"caption":"Revista Ci\u00eancia UFPR"},"image":{"@id":"https:\/\/ciencia.ufpr.br\/portal\/#\/schema\/logo\/image\/"},"sameAs":["https:\/\/www.facebook.com\/cienciaufproficial","https:\/\/x.com\/cienciaufpr","https:\/\/www.instagram.com\/revistacienciaufpr\/","https:\/\/www.linkedin.com\/company\/cienciaufproficial","https:\/\/br.pinterest.com\/cienciaufpr\/"]},{"@type":"Person","@id":"https:\/\/ciencia.ufpr.br\/portal\/#\/schema\/person\/b2d3b2036ea31f22ae6f5f6424e9c020","name":"Camille Bropp","description":"Formada em jornalismo (UFSC), com especializa\u00e7\u00e3o em sociologia pol\u00edtica (UFPR) e mestra em Divulga\u00e7\u00e3o Cient\u00edfica e Cultural (Unicamp). Jornalista na UFPR.","sameAs":["https:\/\/www.linkedin.com\/in\/camille-b-cardoso-1b229b21\/"],"url":"https:\/\/ciencia.ufpr.br\/portal\/author\/camille-bropp\/"}]}},"views":5173,"jetpack_sharing_enabled":true,"jetpack_featured_media_url":"https:\/\/ciencia.ufpr.br\/portal\/wp-content\/uploads\/2023\/07\/Eloana-Bonfleur.-Foto-Acervo-Pessoal.jpg","_links":{"self":[{"href":"https:\/\/ciencia.ufpr.br\/portal\/wp-json\/wp\/v2\/posts\/23616"}],"collection":[{"href":"https:\/\/ciencia.ufpr.br\/portal\/wp-json\/wp\/v2\/posts"}],"about":[{"href":"https:\/\/ciencia.ufpr.br\/portal\/wp-json\/wp\/v2\/types\/post"}],"author":[{"embeddable":true,"href":"https:\/\/ciencia.ufpr.br\/portal\/wp-json\/wp\/v2\/users\/2800"}],"replies":[{"embeddable":true,"href":"https:\/\/ciencia.ufpr.br\/portal\/wp-json\/wp\/v2\/comments?post=23616"}],"version-history":[{"count":13,"href":"https:\/\/ciencia.ufpr.br\/portal\/wp-json\/wp\/v2\/posts\/23616\/revisions"}],"predecessor-version":[{"id":23622,"href":"https:\/\/ciencia.ufpr.br\/portal\/wp-json\/wp\/v2\/posts\/23616\/revisions\/23622"}],"wp:featuredmedia":[{"embeddable":true,"href":"https:\/\/ciencia.ufpr.br\/portal\/wp-json\/wp\/v2\/media\/23621"}],"wp:attachment":[{"href":"https:\/\/ciencia.ufpr.br\/portal\/wp-json\/wp\/v2\/media?parent=23616"}],"wp:term":[{"taxonomy":"category","embeddable":true,"href":"https:\/\/ciencia.ufpr.br\/portal\/wp-json\/wp\/v2\/categories?post=23616"},{"taxonomy":"post_tag","embeddable":true,"href":"https:\/\/ciencia.ufpr.br\/portal\/wp-json\/wp\/v2\/tags?post=23616"}],"curies":[{"name":"wp","href":"https:\/\/api.w.org\/{rel}","templated":true}]}}