{"id":23459,"date":"2023-07-20T07:42:07","date_gmt":"2023-07-20T10:42:07","guid":{"rendered":"https:\/\/ciencia.ufpr.br\/portal\/?p=23459"},"modified":"2024-01-11T17:34:58","modified_gmt":"2024-01-11T20:34:58","slug":"contato-com-outros-coronavirus-prepararam-defesa-contra-covid-19","status":"publish","type":"post","link":"https:\/\/ciencia.ufpr.br\/portal\/contato-com-outros-coronavirus-prepararam-defesa-contra-covid-19\/","title":{"rendered":"Contato com outros coronav\u00edrus preparou defesa contra Covid-19 e explica casos assintom\u00e1ticos"},"content":{"rendered":"<h5><strong>BOLETIM UFPR <span style=\"color: #cf6777;\">|<\/span><\/strong> Contato com outros coronav\u00edrus explica casos assintom\u00e1ticos<\/h5>\n<p><iframe loading=\"lazy\" style=\"border-radius: 12px;\" src=\"https:\/\/open.spotify.com\/embed\/episode\/4z0uBxFVHw90WMD1sPFdFI?utm_source=generator\" width=\"100%\" height=\"152\" frameborder=\"0\" allowfullscreen=\"allowfullscreen\"><\/iframe><\/p>\n<p>Os resultados de um estudo publicado na <em>Nature<\/em> nesta quarta-feira (19) revelaram o motivo de algumas pessoas n\u00e3o apresentarem sintomas de Covid-19 quando infectadas. Os resultados mostraram que a presen\u00e7a de uma variante gen\u00e9tica prepara o sistema imunol\u00f3gico para combater rapidamente o v\u00edrus Sars-Cov-2, que causa a doen\u00e7a, acabando com a infec\u00e7\u00e3o sem causar sintomas.<\/p>\n<p>A variante foi identificada em um conjunto de genes que regula nosso sistema de defesa, chamado HLA (do ingl\u00eas, <em>Human Leukocyte Antigen<\/em>). Quando temos uma infec\u00e7\u00e3o, esses genes s\u00e3o capazes de guardar c\u00f3pias de partes de v\u00edrus, bact\u00e9rias ou protozo\u00e1rios, formando uma mem\u00f3ria imunol\u00f3gica que permite que as c\u00e9lulas T, uma de nossas c\u00e9lulas de defesa, consigam identificar e eliminar esses microrganismos.<\/p>\n<p>Como explica Danillo Augusto, pesquisador do Laborat\u00f3rio de Gen\u00e9tica Molecular Humana (LGMH) e professor do Programa de P\u00f3s-gradua\u00e7\u00e3o em Gen\u00e9tica da UFPR e na Universidade da Carolina do Norte em Charlotte, nos Estados Unidos, que \u00e9 o primeiro autor desse estudo:<\/p>\n<blockquote><p>\u201cAs c\u00e9lulas T reconhecem part\u00edculas virais apresentadas pelas mol\u00e9culas HLA, e montam uma resposta imune contra essas part\u00edculas. Dessa forma, quando uma c\u00e9lula tiver infectada, as c\u00e9lulas T v\u00e3o perceber a presen\u00e7a dessa part\u00edcula e mat\u00e1-la. Uma vez que a c\u00e9lula T reconheceu uma part\u00edcula uma vez, elas criam um mecanismo de mem\u00f3ria imunol\u00f3gica, de forma que na pr\u00f3xima vez que elas encontrarem essa part\u00edcula viral a resposta ser\u00e1 mais r\u00e1pida e eficaz\u201d.<\/p><\/blockquote>\n<p>O estudo, <a href=\"https:\/\/ciencia.ufpr.br\/portal\/presenca-de-gene-pode-estar-associada-a-casos-assintomaticos-de-covid-19\/\">que consolidou um entendimento j\u00e1 levantado em 2021<\/a>, mostrou que a variante, chamada de HLA-B*15:01, \u00e9 uma resposta imunol\u00f3gica surgida do contato com coronav\u00edrus sazonais que n\u00e3o t\u00eam a capacidade de causar doen\u00e7as graves. Esses v\u00edrus circulam h\u00e1 muito tempo causando pequenos resfriados, sem grande import\u00e2ncia m\u00e9dica.<\/p>\n<p>\u201cOs indiv\u00edduos portadores dessa variante gen\u00e9tica, que foram expostos a outros coronav\u00edrus, conseguiam reconhecer e eliminar as c\u00e9lulas infectadas pelo v\u00edrus da Covid-19 por causa da mem\u00f3ria imunol\u00f3gica causada pela infec\u00e7\u00e3o anterior\u201d, conclui o pesquisador.<\/p>\n<p><a href=\"https:\/\/ciencia.ufpr.br\/portal\/wp-content\/uploads\/2023\/07\/INFO-HLA-e-Covid.jpg\"><img loading=\"lazy\" decoding=\"async\" class=\"aligncenter wp-image-23468 size-full\" src=\"https:\/\/ciencia.ufpr.br\/portal\/wp-content\/uploads\/2023\/07\/INFO-HLA-e-Covid.jpg\" alt=\"\" width=\"840\" height=\"1393\" srcset=\"https:\/\/ciencia.ufpr.br\/portal\/wp-content\/uploads\/2023\/07\/INFO-HLA-e-Covid.jpg 840w, https:\/\/ciencia.ufpr.br\/portal\/wp-content\/uploads\/2023\/07\/INFO-HLA-e-Covid-181x300.jpg 181w, https:\/\/ciencia.ufpr.br\/portal\/wp-content\/uploads\/2023\/07\/INFO-HLA-e-Covid-617x1024.jpg 617w, https:\/\/ciencia.ufpr.br\/portal\/wp-content\/uploads\/2023\/07\/INFO-HLA-e-Covid-768x1274.jpg 768w, https:\/\/ciencia.ufpr.br\/portal\/wp-content\/uploads\/2023\/07\/INFO-HLA-e-Covid-150x249.jpg 150w\" sizes=\"(max-width: 840px) 100vw, 840px\" \/><\/a><\/p>\n<p>O estudo mostrou que a presen\u00e7a do HLA-B*15:01 diminui em cerca de 2,4 vezes as chances de desenvolver sintomas da Covid-19, e quando o indiv\u00edduo tem um par desse gene, as chances eram 8 vezes menores. Al\u00e9m disso, segundo os resultados, cerca de 20% dos casos assintom\u00e1ticos estavam associados \u00e0 presen\u00e7a da variante.<\/p>\n<h2><strong>Estudo comprovou que a resposta imune surgiu de semelhan\u00e7as de outros v\u00edrus com o Sars-Cov-2<\/strong><\/h2>\n<p>No in\u00edcio da pandemia os casos assintom\u00e1ticos chamaram aten\u00e7\u00e3o dos pesquisadores que pensaram que poderia haver algum fator gen\u00e9tico envolvido. Contudo, pessoas sem sintomas normalmente n\u00e3o procuram atendimento m\u00e9dico e seria muito dif\u00edcil coletar amostras biol\u00f3gicas desses casos para estudo.<\/p>\n<p>Augusto explica que foi dessa dificuldade que surgiu a ideia de trabalhar com um registro de doadores de medula \u00f3ssea existente nos Estados Unidos, que j\u00e1 contava com dados gen\u00e9ticos, j\u00e1 que o HLA tamb\u00e9m tem um papel importante nos casos de rejei\u00e7\u00e3o de transplantes. Essas pessoas foram convidadas a baixar um aplicativo pelo qual compartilhavam resultados de testes para Covid-19 e relatavam se haviam tido algum sintoma.<\/p>\n<p>O estudo analisou quase 30 mil volunt\u00e1rios que baixaram o aplicativo, dentre os quais 1.428 reportaram testagem positiva para a infe\u00e7\u00e3o. Foi a an\u00e1lise dos dados gen\u00e9ticos desse grupo que permitiu identificar a correla\u00e7\u00e3o entre os casos assintom\u00e1ticos e a presen\u00e7a do HLA-B*15:01.<\/p>\n<p>A partir desses resultados foram feitas an\u00e1lises com outras duas amostras, que confirmaram os primeiros achados. Com a associa\u00e7\u00e3o bem estabelecida a pesquisa se debru\u00e7ou em saber como a variante atuava, por meio de estudos funcionais.<\/p>\n<p>Augusto explica que a an\u00e1lise de amostras de c\u00e9lulas coletadas antes da pandemia, quando era imposs\u00edvel que algu\u00e9m tivesse tido contato com o v\u00edrus causador da Covid-19, confirmou a exist\u00eancia de mem\u00f3ria imunol\u00f3gica contra o v\u00edrus.<\/p>\n<blockquote><p>\u201cN\u00f3s mostramos diretamente a exist\u00eancia de c\u00e9lulas de mem\u00f3ria contra Sars-Cov-2 nesses indiv\u00edduos, apesar de ser amostras muito antes da pandemia. Fizemos todo o sequenciamento do repert\u00f3rio de c\u00e9lulas T desses indiv\u00edduos. Com isso, n\u00f3s conseguimos mostrar resposta imunol\u00f3gica cruzada com outros tipos de coronav\u00edrus que j\u00e1 existiam antes da pandemia\u201d, relata o pesquisador.<\/p><\/blockquote>\n<p>Isso significa que as c\u00e9lulas T utilizavam a informa\u00e7\u00e3o da variante gerada pelos coronav\u00edrus sazonais para reconhecer o Sars-Cov-2 devido a semelhan\u00e7a de alguns pept\u00eddeos. Em outras palavras, antes mesmo do novo coronav\u00edrus surgir esses indiv\u00edduos estavam preparados para combat\u00ea-lo.<\/p>\n<p>Jill Hollenbach, professora do Departamento de Epidemiologia e Bioestat\u00edstica da Universidade da Calif\u00f3rnia \u2013 S\u00e3o Francisco (UCSF) nos Estados Unidos, que tamb\u00e9m participou do estudo, explica que \u00e9 como se houvesse um ex\u00e9rcito que j\u00e1 sabia o que procurar e conseguia identificar os inimigos por meio das roupas que eles estavam usando.<\/p>\n<h5><span style=\"font-weight: 400;\">\u2795 Leia detalhes no artigo <a href=\"https:\/\/www.nature.com\/articles\/s41586-023-06331-x\" target=\"_blank\" rel=\"noopener\"><em>A genetic basis for asymptomatic SARS-CoV-2 infection<\/em><\/a><\/span><span style=\"font-weight: 400;\">, publicado pelo peri\u00f3dico <em>Nature<\/em>.<\/span><\/h5>\n","protected":false},"excerpt":{"rendered":"<p>BOLETIM UFPR | Contato com outros coronav\u00edrus explica casos assintom\u00e1ticos Os resultados de um estudo publicado na Nature nesta quarta-feira&#8230;<\/p>\n","protected":false},"author":2799,"featured_media":24841,"comment_status":"open","ping_status":"closed","sticky":false,"template":"","format":"standard","meta":{"_acf_changed":false,"footnotes":"","fifu_image_url":"","fifu_image_alt":"","_jetpack_memberships_contains_paid_content":false},"categories":[1608,1710,1131,1,1795],"tags":[2296,1664,1652,2297],"acf":[],"yoast_head":"<!-- This site is optimized with the Yoast SEO plugin v23.5 - https:\/\/yoast.com\/wordpress\/plugins\/seo\/ -->\n<title>Contato com outros coronav\u00edrus preparou defesa contra Covid-19 e explica casos assintom\u00e1ticos - Ci\u00eancia UFPR<\/title>\n<meta name=\"description\" content=\"Pesquisadores descobriram que variante gen\u00e9tica que ajuda sistema imunol\u00f3gico a combater o Sars-Cov-2.\" \/>\n<meta name=\"robots\" content=\"index, follow, max-snippet:-1, max-image-preview:large, max-video-preview:-1\" \/>\n<link rel=\"canonical\" href=\"https:\/\/ciencia.ufpr.br\/portal\/contato-com-outros-coronavirus-prepararam-defesa-contra-covid-19\/\" \/>\n<meta property=\"og:locale\" content=\"pt_BR\" \/>\n<meta property=\"og:type\" content=\"article\" \/>\n<meta property=\"og:title\" content=\"Contato com outros coronav\u00edrus preparou defesa contra Covid-19 e explica casos assintom\u00e1ticos - Ci\u00eancia UFPR\" \/>\n<meta property=\"og:description\" content=\"Pesquisadores descobriram que variante gen\u00e9tica que ajuda sistema imunol\u00f3gico a combater o Sars-Cov-2.\" \/>\n<meta property=\"og:url\" content=\"https:\/\/ciencia.ufpr.br\/portal\/contato-com-outros-coronavirus-prepararam-defesa-contra-covid-19\/\" \/>\n<meta property=\"og:site_name\" content=\"Ci\u00eancia UFPR\" \/>\n<meta property=\"article:publisher\" content=\"https:\/\/www.facebook.com\/cienciaufproficial\" \/>\n<meta property=\"article:published_time\" content=\"2023-07-20T10:42:07+00:00\" \/>\n<meta property=\"article:modified_time\" content=\"2024-01-11T20:34:58+00:00\" \/>\n<meta property=\"og:image\" content=\"https:\/\/ciencia.ufpr.br\/portal\/wp-content\/uploads\/2023\/07\/T-Lymphocyte.-Credito-NIAID-Flickr_destaque.jpg\" \/>\n\t<meta property=\"og:image:width\" content=\"1920\" \/>\n\t<meta property=\"og:image:height\" content=\"1080\" \/>\n\t<meta property=\"og:image:type\" content=\"image\/jpeg\" \/>\n<meta name=\"author\" content=\"Rodrigo Choinski\" \/>\n<meta name=\"twitter:card\" content=\"summary_large_image\" \/>\n<meta name=\"twitter:image\" content=\"https:\/\/ciencia.ufpr.br\/portal\/wp-content\/uploads\/2023\/07\/T-Lymphocyte.-Credito-NIAID-Flickr_destaque.jpg\" \/>\n<meta name=\"twitter:creator\" content=\"@cienciaufpr\" \/>\n<meta name=\"twitter:site\" content=\"@cienciaufpr\" \/>\n<meta name=\"twitter:label1\" content=\"Escrito por\" \/>\n\t<meta name=\"twitter:data1\" content=\"Rodrigo Choinski\" \/>\n\t<meta name=\"twitter:label2\" content=\"Est. tempo de leitura\" \/>\n\t<meta name=\"twitter:data2\" content=\"4 minutos\" \/>\n<script type=\"application\/ld+json\" class=\"yoast-schema-graph\">{\"@context\":\"https:\/\/schema.org\",\"@graph\":[{\"@type\":\"Article\",\"@id\":\"https:\/\/ciencia.ufpr.br\/portal\/contato-com-outros-coronavirus-prepararam-defesa-contra-covid-19\/#article\",\"isPartOf\":{\"@id\":\"https:\/\/ciencia.ufpr.br\/portal\/contato-com-outros-coronavirus-prepararam-defesa-contra-covid-19\/\"},\"author\":{\"name\":\"Rodrigo Choinski\",\"@id\":\"https:\/\/ciencia.ufpr.br\/portal\/#\/schema\/person\/89d17255c82fd8b58e008c4a4418177b\"},\"headline\":\"Contato com outros coronav\u00edrus preparou defesa contra Covid-19 e explica casos assintom\u00e1ticos\",\"datePublished\":\"2023-07-20T10:42:07+00:00\",\"dateModified\":\"2024-01-11T20:34:58+00:00\",\"mainEntityOfPage\":{\"@id\":\"https:\/\/ciencia.ufpr.br\/portal\/contato-com-outros-coronavirus-prepararam-defesa-contra-covid-19\/\"},\"wordCount\":898,\"commentCount\":1,\"publisher\":{\"@id\":\"https:\/\/ciencia.ufpr.br\/portal\/#organization\"},\"image\":{\"@id\":\"https:\/\/ciencia.ufpr.br\/portal\/contato-com-outros-coronavirus-prepararam-defesa-contra-covid-19\/#primaryimage\"},\"thumbnailUrl\":\"https:\/\/ciencia.ufpr.br\/portal\/wp-content\/uploads\/2023\/07\/download-assintomatico.gif\",\"keywords\":[\"casos assintom\u00e1ticos\",\"epidemiologia\",\"gen\u00e9tica\",\"Nature\"],\"articleSection\":[\"Biol\u00f3gicas\",\"Covid\",\"Especiais\",\"Reportagem\",\"\ud83c\udf99 Boletim UFPR\"],\"inLanguage\":\"pt-BR\",\"potentialAction\":[{\"@type\":\"CommentAction\",\"name\":\"Comment\",\"target\":[\"https:\/\/ciencia.ufpr.br\/portal\/contato-com-outros-coronavirus-prepararam-defesa-contra-covid-19\/#respond\"]}]},{\"@type\":\"WebPage\",\"@id\":\"https:\/\/ciencia.ufpr.br\/portal\/contato-com-outros-coronavirus-prepararam-defesa-contra-covid-19\/\",\"url\":\"https:\/\/ciencia.ufpr.br\/portal\/contato-com-outros-coronavirus-prepararam-defesa-contra-covid-19\/\",\"name\":\"Contato com outros coronav\u00edrus preparou defesa contra Covid-19 e explica casos assintom\u00e1ticos - Ci\u00eancia UFPR\",\"isPartOf\":{\"@id\":\"https:\/\/ciencia.ufpr.br\/portal\/#website\"},\"primaryImageOfPage\":{\"@id\":\"https:\/\/ciencia.ufpr.br\/portal\/contato-com-outros-coronavirus-prepararam-defesa-contra-covid-19\/#primaryimage\"},\"image\":{\"@id\":\"https:\/\/ciencia.ufpr.br\/portal\/contato-com-outros-coronavirus-prepararam-defesa-contra-covid-19\/#primaryimage\"},\"thumbnailUrl\":\"https:\/\/ciencia.ufpr.br\/portal\/wp-content\/uploads\/2023\/07\/download-assintomatico.gif\",\"datePublished\":\"2023-07-20T10:42:07+00:00\",\"dateModified\":\"2024-01-11T20:34:58+00:00\",\"description\":\"Pesquisadores descobriram que variante gen\u00e9tica que ajuda sistema imunol\u00f3gico a combater o Sars-Cov-2.\",\"breadcrumb\":{\"@id\":\"https:\/\/ciencia.ufpr.br\/portal\/contato-com-outros-coronavirus-prepararam-defesa-contra-covid-19\/#breadcrumb\"},\"inLanguage\":\"pt-BR\",\"potentialAction\":[{\"@type\":\"ReadAction\",\"target\":[\"https:\/\/ciencia.ufpr.br\/portal\/contato-com-outros-coronavirus-prepararam-defesa-contra-covid-19\/\"]}]},{\"@type\":\"ImageObject\",\"inLanguage\":\"pt-BR\",\"@id\":\"https:\/\/ciencia.ufpr.br\/portal\/contato-com-outros-coronavirus-prepararam-defesa-contra-covid-19\/#primaryimage\",\"url\":\"https:\/\/ciencia.ufpr.br\/portal\/wp-content\/uploads\/2023\/07\/download-assintomatico.gif\",\"contentUrl\":\"https:\/\/ciencia.ufpr.br\/portal\/wp-content\/uploads\/2023\/07\/download-assintomatico.gif\",\"width\":250,\"height\":140,\"caption\":\"As C\u00e9lulas T s\u00e3o essenciais em nosso sistema imunol\u00f3gico, elas s\u00e3o capazes de identificar partes de v\u00edrus, bact\u00e9rias e protozo\u00e1rios e combater as infec\u00e7\u00f5es, anima\u00e7\u00e3o feita a partir de imagens de microscopia. Gif: Evilonan\/Commons\"},{\"@type\":\"BreadcrumbList\",\"@id\":\"https:\/\/ciencia.ufpr.br\/portal\/contato-com-outros-coronavirus-prepararam-defesa-contra-covid-19\/#breadcrumb\",\"itemListElement\":[{\"@type\":\"ListItem\",\"position\":1,\"name\":\"Home\",\"item\":\"https:\/\/ciencia.ufpr.br\/portal\/\"},{\"@type\":\"ListItem\",\"position\":2,\"name\":\"Contato com outros coronav\u00edrus preparou defesa contra Covid-19 e explica casos assintom\u00e1ticos\"}]},{\"@type\":\"WebSite\",\"@id\":\"https:\/\/ciencia.ufpr.br\/portal\/#website\",\"url\":\"https:\/\/ciencia.ufpr.br\/portal\/\",\"name\":\"Ci\u00eancia UFPR\",\"description\":\"Site de temas cient\u00edficos com foco no conhecimento produzido na Universidade Federal do Paran\u00e1 (UFPR). Baseado na Revista Ci\u00eancia UFPR.\",\"publisher\":{\"@id\":\"https:\/\/ciencia.ufpr.br\/portal\/#organization\"},\"potentialAction\":[{\"@type\":\"SearchAction\",\"target\":{\"@type\":\"EntryPoint\",\"urlTemplate\":\"https:\/\/ciencia.ufpr.br\/portal\/?s={search_term_string}\"},\"query-input\":{\"@type\":\"PropertyValueSpecification\",\"valueRequired\":true,\"valueName\":\"search_term_string\"}}],\"inLanguage\":\"pt-BR\"},{\"@type\":\"Organization\",\"@id\":\"https:\/\/ciencia.ufpr.br\/portal\/#organization\",\"name\":\"Revista Ci\u00eancia UFPR\",\"url\":\"https:\/\/ciencia.ufpr.br\/portal\/\",\"logo\":{\"@type\":\"ImageObject\",\"inLanguage\":\"pt-BR\",\"@id\":\"https:\/\/ciencia.ufpr.br\/portal\/#\/schema\/logo\/image\/\",\"url\":\"https:\/\/ciencia.ufpr.br\/portal\/wp-content\/uploads\/2020\/12\/Revista-Ciencia-UFPR-vermelho.jpeg\",\"contentUrl\":\"https:\/\/ciencia.ufpr.br\/portal\/wp-content\/uploads\/2020\/12\/Revista-Ciencia-UFPR-vermelho.jpeg\",\"width\":992,\"height\":714,\"caption\":\"Revista Ci\u00eancia UFPR\"},\"image\":{\"@id\":\"https:\/\/ciencia.ufpr.br\/portal\/#\/schema\/logo\/image\/\"},\"sameAs\":[\"https:\/\/www.facebook.com\/cienciaufproficial\",\"https:\/\/x.com\/cienciaufpr\",\"https:\/\/www.instagram.com\/revistacienciaufpr\/\",\"https:\/\/www.linkedin.com\/company\/cienciaufproficial\",\"https:\/\/br.pinterest.com\/cienciaufpr\/\"]},{\"@type\":\"Person\",\"@id\":\"https:\/\/ciencia.ufpr.br\/portal\/#\/schema\/person\/89d17255c82fd8b58e008c4a4418177b\",\"name\":\"Rodrigo Choinski\",\"description\":\"Jornalista e mestre em sociologia pela Universidade Federal do Paran\u00e1 (UFPR). Trabalhou na TV Brasil e no Programa de Recupera\u00e7\u00e3o da Biodiversidade Marinha. Pesquisa a obra do fil\u00f3sofo h\u00fangaro Istv\u00e1n M\u00e9sz\u00e1ros. Jornalista na UFPR.\",\"url\":\"https:\/\/ciencia.ufpr.br\/portal\/author\/rodrigo-choinski\/\"}]}<\/script>\n<!-- \/ Yoast SEO plugin. -->","yoast_head_json":{"title":"Contato com outros coronav\u00edrus preparou defesa contra Covid-19 e explica casos assintom\u00e1ticos - Ci\u00eancia UFPR","description":"Pesquisadores descobriram que variante gen\u00e9tica que ajuda sistema imunol\u00f3gico a combater o Sars-Cov-2.","robots":{"index":"index","follow":"follow","max-snippet":"max-snippet:-1","max-image-preview":"max-image-preview:large","max-video-preview":"max-video-preview:-1"},"canonical":"https:\/\/ciencia.ufpr.br\/portal\/contato-com-outros-coronavirus-prepararam-defesa-contra-covid-19\/","og_locale":"pt_BR","og_type":"article","og_title":"Contato com outros coronav\u00edrus preparou defesa contra Covid-19 e explica casos assintom\u00e1ticos - Ci\u00eancia UFPR","og_description":"Pesquisadores descobriram que variante gen\u00e9tica que ajuda sistema imunol\u00f3gico a combater o Sars-Cov-2.","og_url":"https:\/\/ciencia.ufpr.br\/portal\/contato-com-outros-coronavirus-prepararam-defesa-contra-covid-19\/","og_site_name":"Ci\u00eancia UFPR","article_publisher":"https:\/\/www.facebook.com\/cienciaufproficial","article_published_time":"2023-07-20T10:42:07+00:00","article_modified_time":"2024-01-11T20:34:58+00:00","og_image":[{"width":1920,"height":1080,"url":"https:\/\/ciencia.ufpr.br\/portal\/wp-content\/uploads\/2023\/07\/T-Lymphocyte.-Credito-NIAID-Flickr_destaque.jpg","type":"image\/jpeg"}],"author":"Rodrigo Choinski","twitter_card":"summary_large_image","twitter_image":"https:\/\/ciencia.ufpr.br\/portal\/wp-content\/uploads\/2023\/07\/T-Lymphocyte.-Credito-NIAID-Flickr_destaque.jpg","twitter_creator":"@cienciaufpr","twitter_site":"@cienciaufpr","twitter_misc":{"Escrito por":"Rodrigo Choinski","Est. tempo de leitura":"4 minutos"},"schema":{"@context":"https:\/\/schema.org","@graph":[{"@type":"Article","@id":"https:\/\/ciencia.ufpr.br\/portal\/contato-com-outros-coronavirus-prepararam-defesa-contra-covid-19\/#article","isPartOf":{"@id":"https:\/\/ciencia.ufpr.br\/portal\/contato-com-outros-coronavirus-prepararam-defesa-contra-covid-19\/"},"author":{"name":"Rodrigo Choinski","@id":"https:\/\/ciencia.ufpr.br\/portal\/#\/schema\/person\/89d17255c82fd8b58e008c4a4418177b"},"headline":"Contato com outros coronav\u00edrus preparou defesa contra Covid-19 e explica casos assintom\u00e1ticos","datePublished":"2023-07-20T10:42:07+00:00","dateModified":"2024-01-11T20:34:58+00:00","mainEntityOfPage":{"@id":"https:\/\/ciencia.ufpr.br\/portal\/contato-com-outros-coronavirus-prepararam-defesa-contra-covid-19\/"},"wordCount":898,"commentCount":1,"publisher":{"@id":"https:\/\/ciencia.ufpr.br\/portal\/#organization"},"image":{"@id":"https:\/\/ciencia.ufpr.br\/portal\/contato-com-outros-coronavirus-prepararam-defesa-contra-covid-19\/#primaryimage"},"thumbnailUrl":"https:\/\/ciencia.ufpr.br\/portal\/wp-content\/uploads\/2023\/07\/download-assintomatico.gif","keywords":["casos assintom\u00e1ticos","epidemiologia","gen\u00e9tica","Nature"],"articleSection":["Biol\u00f3gicas","Covid","Especiais","Reportagem","\ud83c\udf99 Boletim UFPR"],"inLanguage":"pt-BR","potentialAction":[{"@type":"CommentAction","name":"Comment","target":["https:\/\/ciencia.ufpr.br\/portal\/contato-com-outros-coronavirus-prepararam-defesa-contra-covid-19\/#respond"]}]},{"@type":"WebPage","@id":"https:\/\/ciencia.ufpr.br\/portal\/contato-com-outros-coronavirus-prepararam-defesa-contra-covid-19\/","url":"https:\/\/ciencia.ufpr.br\/portal\/contato-com-outros-coronavirus-prepararam-defesa-contra-covid-19\/","name":"Contato com outros coronav\u00edrus preparou defesa contra Covid-19 e explica casos assintom\u00e1ticos - Ci\u00eancia UFPR","isPartOf":{"@id":"https:\/\/ciencia.ufpr.br\/portal\/#website"},"primaryImageOfPage":{"@id":"https:\/\/ciencia.ufpr.br\/portal\/contato-com-outros-coronavirus-prepararam-defesa-contra-covid-19\/#primaryimage"},"image":{"@id":"https:\/\/ciencia.ufpr.br\/portal\/contato-com-outros-coronavirus-prepararam-defesa-contra-covid-19\/#primaryimage"},"thumbnailUrl":"https:\/\/ciencia.ufpr.br\/portal\/wp-content\/uploads\/2023\/07\/download-assintomatico.gif","datePublished":"2023-07-20T10:42:07+00:00","dateModified":"2024-01-11T20:34:58+00:00","description":"Pesquisadores descobriram que variante gen\u00e9tica que ajuda sistema imunol\u00f3gico a combater o Sars-Cov-2.","breadcrumb":{"@id":"https:\/\/ciencia.ufpr.br\/portal\/contato-com-outros-coronavirus-prepararam-defesa-contra-covid-19\/#breadcrumb"},"inLanguage":"pt-BR","potentialAction":[{"@type":"ReadAction","target":["https:\/\/ciencia.ufpr.br\/portal\/contato-com-outros-coronavirus-prepararam-defesa-contra-covid-19\/"]}]},{"@type":"ImageObject","inLanguage":"pt-BR","@id":"https:\/\/ciencia.ufpr.br\/portal\/contato-com-outros-coronavirus-prepararam-defesa-contra-covid-19\/#primaryimage","url":"https:\/\/ciencia.ufpr.br\/portal\/wp-content\/uploads\/2023\/07\/download-assintomatico.gif","contentUrl":"https:\/\/ciencia.ufpr.br\/portal\/wp-content\/uploads\/2023\/07\/download-assintomatico.gif","width":250,"height":140,"caption":"As C\u00e9lulas T s\u00e3o essenciais em nosso sistema imunol\u00f3gico, elas s\u00e3o capazes de identificar partes de v\u00edrus, bact\u00e9rias e protozo\u00e1rios e combater as infec\u00e7\u00f5es, anima\u00e7\u00e3o feita a partir de imagens de microscopia. Gif: Evilonan\/Commons"},{"@type":"BreadcrumbList","@id":"https:\/\/ciencia.ufpr.br\/portal\/contato-com-outros-coronavirus-prepararam-defesa-contra-covid-19\/#breadcrumb","itemListElement":[{"@type":"ListItem","position":1,"name":"Home","item":"https:\/\/ciencia.ufpr.br\/portal\/"},{"@type":"ListItem","position":2,"name":"Contato com outros coronav\u00edrus preparou defesa contra Covid-19 e explica casos assintom\u00e1ticos"}]},{"@type":"WebSite","@id":"https:\/\/ciencia.ufpr.br\/portal\/#website","url":"https:\/\/ciencia.ufpr.br\/portal\/","name":"Ci\u00eancia UFPR","description":"Site de temas cient\u00edficos com foco no conhecimento produzido na Universidade Federal do Paran\u00e1 (UFPR). Baseado na Revista Ci\u00eancia UFPR.","publisher":{"@id":"https:\/\/ciencia.ufpr.br\/portal\/#organization"},"potentialAction":[{"@type":"SearchAction","target":{"@type":"EntryPoint","urlTemplate":"https:\/\/ciencia.ufpr.br\/portal\/?s={search_term_string}"},"query-input":{"@type":"PropertyValueSpecification","valueRequired":true,"valueName":"search_term_string"}}],"inLanguage":"pt-BR"},{"@type":"Organization","@id":"https:\/\/ciencia.ufpr.br\/portal\/#organization","name":"Revista Ci\u00eancia UFPR","url":"https:\/\/ciencia.ufpr.br\/portal\/","logo":{"@type":"ImageObject","inLanguage":"pt-BR","@id":"https:\/\/ciencia.ufpr.br\/portal\/#\/schema\/logo\/image\/","url":"https:\/\/ciencia.ufpr.br\/portal\/wp-content\/uploads\/2020\/12\/Revista-Ciencia-UFPR-vermelho.jpeg","contentUrl":"https:\/\/ciencia.ufpr.br\/portal\/wp-content\/uploads\/2020\/12\/Revista-Ciencia-UFPR-vermelho.jpeg","width":992,"height":714,"caption":"Revista Ci\u00eancia UFPR"},"image":{"@id":"https:\/\/ciencia.ufpr.br\/portal\/#\/schema\/logo\/image\/"},"sameAs":["https:\/\/www.facebook.com\/cienciaufproficial","https:\/\/x.com\/cienciaufpr","https:\/\/www.instagram.com\/revistacienciaufpr\/","https:\/\/www.linkedin.com\/company\/cienciaufproficial","https:\/\/br.pinterest.com\/cienciaufpr\/"]},{"@type":"Person","@id":"https:\/\/ciencia.ufpr.br\/portal\/#\/schema\/person\/89d17255c82fd8b58e008c4a4418177b","name":"Rodrigo Choinski","description":"Jornalista e mestre em sociologia pela Universidade Federal do Paran\u00e1 (UFPR). Trabalhou na TV Brasil e no Programa de Recupera\u00e7\u00e3o da Biodiversidade Marinha. Pesquisa a obra do fil\u00f3sofo h\u00fangaro Istv\u00e1n M\u00e9sz\u00e1ros. Jornalista na UFPR.","url":"https:\/\/ciencia.ufpr.br\/portal\/author\/rodrigo-choinski\/"}]}},"views":4054,"jetpack_sharing_enabled":true,"jetpack_featured_media_url":"https:\/\/ciencia.ufpr.br\/portal\/wp-content\/uploads\/2023\/07\/download-assintomatico.gif","_links":{"self":[{"href":"https:\/\/ciencia.ufpr.br\/portal\/wp-json\/wp\/v2\/posts\/23459"}],"collection":[{"href":"https:\/\/ciencia.ufpr.br\/portal\/wp-json\/wp\/v2\/posts"}],"about":[{"href":"https:\/\/ciencia.ufpr.br\/portal\/wp-json\/wp\/v2\/types\/post"}],"author":[{"embeddable":true,"href":"https:\/\/ciencia.ufpr.br\/portal\/wp-json\/wp\/v2\/users\/2799"}],"replies":[{"embeddable":true,"href":"https:\/\/ciencia.ufpr.br\/portal\/wp-json\/wp\/v2\/comments?post=23459"}],"version-history":[{"count":25,"href":"https:\/\/ciencia.ufpr.br\/portal\/wp-json\/wp\/v2\/posts\/23459\/revisions"}],"predecessor-version":[{"id":24665,"href":"https:\/\/ciencia.ufpr.br\/portal\/wp-json\/wp\/v2\/posts\/23459\/revisions\/24665"}],"wp:featuredmedia":[{"embeddable":true,"href":"https:\/\/ciencia.ufpr.br\/portal\/wp-json\/wp\/v2\/media\/24841"}],"wp:attachment":[{"href":"https:\/\/ciencia.ufpr.br\/portal\/wp-json\/wp\/v2\/media?parent=23459"}],"wp:term":[{"taxonomy":"category","embeddable":true,"href":"https:\/\/ciencia.ufpr.br\/portal\/wp-json\/wp\/v2\/categories?post=23459"},{"taxonomy":"post_tag","embeddable":true,"href":"https:\/\/ciencia.ufpr.br\/portal\/wp-json\/wp\/v2\/tags?post=23459"}],"curies":[{"name":"wp","href":"https:\/\/api.w.org\/{rel}","templated":true}]}}