{"id":23357,"date":"2023-07-21T06:05:09","date_gmt":"2023-07-21T09:05:09","guid":{"rendered":"https:\/\/ciencia.ufpr.br\/portal\/?p=23357"},"modified":"2023-09-22T13:57:49","modified_gmt":"2023-09-22T16:57:49","slug":"a-iniciacao-cientifica-tambem-prepara-para-o-mercado-vida-academica","status":"publish","type":"post","link":"https:\/\/ciencia.ufpr.br\/portal\/a-iniciacao-cientifica-tambem-prepara-para-o-mercado-vida-academica\/","title":{"rendered":"A inicia\u00e7\u00e3o cient\u00edfica tamb\u00e9m prepara para o mercado | Vida Acad\u00eamica"},"content":{"rendered":"<p><span data-contrast=\"auto\">A ci\u00eancia \u00e9 o alicerce da sociedade moderna capaz de impulsionar desenvolvimento, solucionar problemas e melhorar a qualidade de vida. Tem levado a novos medicamentos, tecnologias e pr\u00e1ticas que melhoraram nossa sa\u00fade, nossa capacidade de comunica\u00e7\u00e3o e de produzir alimentos. Com pesquisas e desenvolvimento cont\u00ednuos, podemos avan\u00e7ar: curar doen\u00e7as, desenvolver tecnologias para gerar energia renov\u00e1vel e assim enfrentar a crise clim\u00e1tica. At\u00e9 explorar outros planetas.\u00a0<\/span><span data-ccp-props=\"{&quot;201341983&quot;:0,&quot;335559739&quot;:160,&quot;335559740&quot;:259}\">\u00a0<\/span><\/p>\n<p><span data-contrast=\"auto\">Talvez seja dif\u00edcil acertar o final dessa hist\u00f3ria, mas consigo mostrar onde a jornada come\u00e7a. \u00c9 com a inicia\u00e7\u00e3o cient\u00edfica (IC), o primeiro passo para nos tornarmos pesquisadores, o primeiro contato dos universit\u00e1rios com a ci\u00eancia. Com a ajuda de orientador e grupo de pesquisa, os estudantes s\u00e3o guiados e capacitados para atuar em projetos de pesquisa. Essa oportunidade os desafia a se aprofundarem em uma \u00e1rea espec\u00edfica da ci\u00eancia, estimulando a leitura de artigos e a busca pelo estado da arte sobre o tema.<\/span><span data-ccp-props=\"{&quot;201341983&quot;:0,&quot;335559739&quot;:160,&quot;335559740&quot;:259}\">\u00a0<\/span><\/p>\n<blockquote><p><span data-contrast=\"auto\">No meu caso, a jornada come\u00e7ou no segundo ano de gradua\u00e7\u00e3o. Durante dois anos fui bolsista do CNPq no Departamento de Bioqu\u00edmica e Biologia Molecular da UFPR, sob orienta\u00e7\u00e3o da professora Eva Carnieri. Os desafios e a mentoria me ajudaram a forjar as compet\u00eancias para atuar como pesquisador. Levei a bagagem para o doutorado e at\u00e9 hoje aplico no meu dia a dia.<\/span><span data-ccp-props=\"{&quot;201341983&quot;:0,&quot;335559739&quot;:160,&quot;335559740&quot;:259}\">\u00a0<\/span><\/p><\/blockquote>\n<p><span data-contrast=\"auto\">Al\u00e9m de preparar pesquisadores, a IC tem impacto significativo na forma\u00e7\u00e3o de profissionais para o mercado. Sim, a IC viabiliza capacita\u00e7\u00e3o cient\u00edfica para \u00e1reas espec\u00edficas e gest\u00e3o de projetos. Mas os ganhos v\u00e3o al\u00e9m: alunos aprendem sobre resili\u00eancia, gest\u00e3o de tempo, pensamento inovador para resolver problemas complexos, comunica\u00e7\u00e3o, aprimoram o n\u00edvel de ingl\u00eas e criam rede de relacionamento profissional (networking). Participar de projetos de pesquisa nos tira da zona de conforto (quando ela existe). \u00c9 \u00e1rduo conciliar gradua\u00e7\u00e3o com 20 horas de trabalho extras em laborat\u00f3rio. Mas h\u00e1 retorno.\u00a0<\/span><span data-ccp-props=\"{&quot;201341983&quot;:0,&quot;335559739&quot;:160,&quot;335559740&quot;:259}\">\u00a0<\/span><\/p>\n<p><span data-contrast=\"auto\">Antes de p\u00f4r a m\u00e3o na massa, ou seja, ir para o laborat\u00f3rio, os alunos s\u00e3o treinados nas metodologias do grupo de pesquisa \u2014 processo parecido com a imers\u00e3o em uma empresa de engenharia ou tecnologia. Geralmente s\u00e3o metodologias complexas n\u00e3o aprofundadas na gradua\u00e7\u00e3o. O treinamento aperfei\u00e7oa a perfei\u00e7\u00e3o do m\u00e9todo, a fim de que os resultados variem pouco e tenham representatividade estat\u00edstica. A IC forma estudantes para organizar experimentos cient\u00edficos de modo a n\u00e3o desperdi\u00e7arem tempo ou recursos.\u00a0<\/span><span data-ccp-props=\"{&quot;201341983&quot;:0,&quot;335559739&quot;:160,&quot;335559740&quot;:259}\">\u00a0<\/span><\/p>\n<p><span data-contrast=\"auto\">Na IC aprendemos que a fonte do conhecimento est\u00e1 dispon\u00edvel em artigos cient\u00edficos publicados em revistas qualificadas. Respeito \u00e0 ci\u00eancia e \u00e0 pesquisa escrutinada vale ouro em termos de diferencial de mercado. Isso leva a que toda pesquisa deve ser divulgada. Portanto, \u00e0 capacita\u00e7\u00e3o da comunica\u00e7\u00e3o escrita, ao preparar artigos para publica\u00e7\u00e3o em eventos e revistas. E \u00e0 da comunica\u00e7\u00e3o oral para defender a pesquisa em p\u00fablico.<\/span><span data-ccp-props=\"{&quot;201341983&quot;:0,&quot;335559739&quot;:160,&quot;335559740&quot;:259}\">\u00a0<\/span><\/p>\n<p><span data-contrast=\"auto\">Durante a IC, h\u00e1 o est\u00edmulo para que alunos apresentem as pesquisas em eventos no Brasil e no exterior. Al\u00e9m de conhecer lugares, criam uma rede de contatos que gera oportunidades para interc\u00e2mbios, colabora\u00e7\u00f5es e participa\u00e7\u00e3o em programas de p\u00f3s-gradua\u00e7\u00e3o em outros pa\u00edses.\u00a0<\/span><span data-ccp-props=\"{&quot;201341983&quot;:0,&quot;335559739&quot;:160,&quot;335559740&quot;:259}\">\u00a0<\/span><\/p>\n<p><span data-contrast=\"auto\">Ficou interessado? \u00d3timo! Conhe\u00e7a os grupos de pesquisa e quais estudos est\u00e3o em andamento na sua universidade. Alguma linha de pesquisa vai despertar o seu interesse. Mesmo que n\u00e3o queira ser cientista no futuro, participe desse processo formativo. Tudo o que aprender vai colaborar para o seu sucesso profissional no mercado de trabalho ou ainda na cria\u00e7\u00e3o da sua empresa.<\/span><span data-ccp-props=\"{&quot;201341983&quot;:0,&quot;335559739&quot;:160,&quot;335559740&quot;:259}\">\u00a0<\/span><\/p>\n<h5 style=\"text-align: right;\"><strong>ANDR\u00c9 B. MARIANO<\/strong> \u00e9 professor do Departamento de Engenharia El\u00e9trica (DELT) da UFPR, pesquisa energias renov\u00e1veis e atua com comunica\u00e7\u00e3o de ci\u00eancia e extens\u00e3o por meio do projeto <a href=\"https:\/\/insta.ufpr.br\/projetos\/ciencia-para-todos\/\" target=\"_blank\" rel=\"noopener\">Ci\u00eancia para Todos<\/a>. Tamb\u00e9m \u00e9 bolsista de Produtividade em Desenvolvimento Tecnol\u00f3gico e Extens\u00e3o Inovadora do CNPq (N\u00edvel 2); vice-coordenador do <a href=\"http:\/\/npdeas.blogspot.com\/\" target=\"_blank\" rel=\"noopener\">N\u00facleo de Pesquisa e Desenvolvimento de Energia Autossustent\u00e1vel (NPDEAS)<\/a>; e l\u00edder do grupo de pesquisa i9UFPR: Ecossistema de Inova\u00e7\u00e3o. Estreou na coluna \u201cVida Acad\u00eamica\u201d em 2023.<\/h5>\n<h6 style=\"text-align: right;\">\ud83d\udcd6 Publicado originalmente na Revista Ci\u00eancia UFPR (V. 6, n\u00ba 7, 2023).<\/h6>\n","protected":false},"excerpt":{"rendered":"<p>A ci\u00eancia \u00e9 o alicerce da sociedade moderna capaz de impulsionar desenvolvimento, solucionar problemas e melhorar a qualidade de vida&#8230;.<\/p>\n","protected":false},"author":2818,"featured_media":23366,"comment_status":"open","ping_status":"closed","sticky":false,"template":"","format":"standard","meta":{"_acf_changed":false,"footnotes":"","fifu_image_url":"","fifu_image_alt":"","_jetpack_memberships_contains_paid_content":false},"categories":[2258,1136],"tags":[2243,1899,2273,1930,2277,1749],"acf":[],"yoast_head":"<!-- This site is optimized with the Yoast SEO plugin v23.5 - https:\/\/yoast.com\/wordpress\/plugins\/seo\/ -->\n<title>A inicia\u00e7\u00e3o cient\u00edfica tamb\u00e9m prepara para o mercado | Vida Acad\u00eamica - Ci\u00eancia UFPR<\/title>\n<meta name=\"description\" content=\"Habilidades profissionais, rede de contatos, gest\u00e3o de projetos: tudo isso se ganha com experi\u00eancia em IC na gradua\u00e7\u00e3o.\" \/>\n<meta name=\"robots\" content=\"index, follow, max-snippet:-1, max-image-preview:large, max-video-preview:-1\" \/>\n<link rel=\"canonical\" href=\"https:\/\/ciencia.ufpr.br\/portal\/a-iniciacao-cientifica-tambem-prepara-para-o-mercado-vida-academica\/\" \/>\n<meta property=\"og:locale\" content=\"pt_BR\" \/>\n<meta property=\"og:type\" content=\"article\" \/>\n<meta property=\"og:title\" content=\"A inicia\u00e7\u00e3o cient\u00edfica tamb\u00e9m prepara para o mercado | Vida Acad\u00eamica - Ci\u00eancia UFPR\" \/>\n<meta property=\"og:description\" content=\"Habilidades profissionais, rede de contatos, gest\u00e3o de projetos: tudo isso se ganha com experi\u00eancia em IC na gradua\u00e7\u00e3o.\" \/>\n<meta property=\"og:url\" content=\"https:\/\/ciencia.ufpr.br\/portal\/a-iniciacao-cientifica-tambem-prepara-para-o-mercado-vida-academica\/\" \/>\n<meta property=\"og:site_name\" content=\"Ci\u00eancia UFPR\" \/>\n<meta property=\"article:publisher\" content=\"https:\/\/www.facebook.com\/cienciaufproficial\" \/>\n<meta property=\"article:published_time\" content=\"2023-07-21T09:05:09+00:00\" \/>\n<meta property=\"article:modified_time\" content=\"2023-09-22T16:57:49+00:00\" \/>\n<meta property=\"og:image\" content=\"https:\/\/ciencia.ufpr.br\/portal\/wp-content\/uploads\/2023\/07\/artigo_vidaacadem_ic_destacada-1-scaled.jpg\" \/>\n\t<meta property=\"og:image:width\" content=\"2560\" \/>\n\t<meta property=\"og:image:height\" content=\"1440\" \/>\n\t<meta property=\"og:image:type\" content=\"image\/jpeg\" \/>\n<meta name=\"author\" content=\"Andr\u00e9 Bellin Mariano\" \/>\n<meta name=\"twitter:card\" content=\"summary_large_image\" \/>\n<meta name=\"twitter:creator\" content=\"@andremarianors\" \/>\n<meta name=\"twitter:site\" content=\"@cienciaufpr\" \/>\n<meta name=\"twitter:label1\" content=\"Escrito por\" \/>\n\t<meta name=\"twitter:data1\" content=\"Andr\u00e9 Bellin Mariano\" \/>\n\t<meta name=\"twitter:label2\" content=\"Est. tempo de leitura\" \/>\n\t<meta name=\"twitter:data2\" content=\"4 minutos\" \/>\n<script type=\"application\/ld+json\" class=\"yoast-schema-graph\">{\"@context\":\"https:\/\/schema.org\",\"@graph\":[{\"@type\":\"Article\",\"@id\":\"https:\/\/ciencia.ufpr.br\/portal\/a-iniciacao-cientifica-tambem-prepara-para-o-mercado-vida-academica\/#article\",\"isPartOf\":{\"@id\":\"https:\/\/ciencia.ufpr.br\/portal\/a-iniciacao-cientifica-tambem-prepara-para-o-mercado-vida-academica\/\"},\"author\":{\"name\":\"Andr\u00e9 Bellin Mariano\",\"@id\":\"https:\/\/ciencia.ufpr.br\/portal\/#\/schema\/person\/3ca2c8dca7a0e606e26d83e2ad0138a7\"},\"headline\":\"A inicia\u00e7\u00e3o cient\u00edfica tamb\u00e9m prepara para o mercado | Vida Acad\u00eamica\",\"datePublished\":\"2023-07-21T09:05:09+00:00\",\"dateModified\":\"2023-09-22T16:57:49+00:00\",\"mainEntityOfPage\":{\"@id\":\"https:\/\/ciencia.ufpr.br\/portal\/a-iniciacao-cientifica-tambem-prepara-para-o-mercado-vida-academica\/\"},\"wordCount\":725,\"commentCount\":0,\"publisher\":{\"@id\":\"https:\/\/ciencia.ufpr.br\/portal\/#organization\"},\"image\":{\"@id\":\"https:\/\/ciencia.ufpr.br\/portal\/a-iniciacao-cientifica-tambem-prepara-para-o-mercado-vida-academica\/#primaryimage\"},\"thumbnailUrl\":\"https:\/\/ciencia.ufpr.br\/portal\/wp-content\/uploads\/2023\/07\/artigo_vidaacadem_ic_destacada-1-scaled.jpg\",\"keywords\":[\"2023\",\"carreira\",\"IC\",\"inicia\u00e7\u00e3o cient\u00edfica\",\"V. 6 n\u00ba 7 (2023)\",\"vida acad\u00eamica\"],\"articleSection\":[\"Impressa\",\"Opini\u00e3o\"],\"inLanguage\":\"pt-BR\",\"potentialAction\":[{\"@type\":\"CommentAction\",\"name\":\"Comment\",\"target\":[\"https:\/\/ciencia.ufpr.br\/portal\/a-iniciacao-cientifica-tambem-prepara-para-o-mercado-vida-academica\/#respond\"]}]},{\"@type\":\"WebPage\",\"@id\":\"https:\/\/ciencia.ufpr.br\/portal\/a-iniciacao-cientifica-tambem-prepara-para-o-mercado-vida-academica\/\",\"url\":\"https:\/\/ciencia.ufpr.br\/portal\/a-iniciacao-cientifica-tambem-prepara-para-o-mercado-vida-academica\/\",\"name\":\"A inicia\u00e7\u00e3o cient\u00edfica tamb\u00e9m prepara para o mercado | Vida Acad\u00eamica - Ci\u00eancia UFPR\",\"isPartOf\":{\"@id\":\"https:\/\/ciencia.ufpr.br\/portal\/#website\"},\"primaryImageOfPage\":{\"@id\":\"https:\/\/ciencia.ufpr.br\/portal\/a-iniciacao-cientifica-tambem-prepara-para-o-mercado-vida-academica\/#primaryimage\"},\"image\":{\"@id\":\"https:\/\/ciencia.ufpr.br\/portal\/a-iniciacao-cientifica-tambem-prepara-para-o-mercado-vida-academica\/#primaryimage\"},\"thumbnailUrl\":\"https:\/\/ciencia.ufpr.br\/portal\/wp-content\/uploads\/2023\/07\/artigo_vidaacadem_ic_destacada-1-scaled.jpg\",\"datePublished\":\"2023-07-21T09:05:09+00:00\",\"dateModified\":\"2023-09-22T16:57:49+00:00\",\"description\":\"Habilidades profissionais, rede de contatos, gest\u00e3o de projetos: tudo isso se ganha com experi\u00eancia em IC na gradua\u00e7\u00e3o.\",\"breadcrumb\":{\"@id\":\"https:\/\/ciencia.ufpr.br\/portal\/a-iniciacao-cientifica-tambem-prepara-para-o-mercado-vida-academica\/#breadcrumb\"},\"inLanguage\":\"pt-BR\",\"potentialAction\":[{\"@type\":\"ReadAction\",\"target\":[\"https:\/\/ciencia.ufpr.br\/portal\/a-iniciacao-cientifica-tambem-prepara-para-o-mercado-vida-academica\/\"]}]},{\"@type\":\"ImageObject\",\"inLanguage\":\"pt-BR\",\"@id\":\"https:\/\/ciencia.ufpr.br\/portal\/a-iniciacao-cientifica-tambem-prepara-para-o-mercado-vida-academica\/#primaryimage\",\"url\":\"https:\/\/ciencia.ufpr.br\/portal\/wp-content\/uploads\/2023\/07\/artigo_vidaacadem_ic_destacada-1-scaled.jpg\",\"contentUrl\":\"https:\/\/ciencia.ufpr.br\/portal\/wp-content\/uploads\/2023\/07\/artigo_vidaacadem_ic_destacada-1-scaled.jpg\",\"width\":2560,\"height\":1440,\"caption\":\"Foto: Tim Mossholder\/Unsplash (alterada)\"},{\"@type\":\"BreadcrumbList\",\"@id\":\"https:\/\/ciencia.ufpr.br\/portal\/a-iniciacao-cientifica-tambem-prepara-para-o-mercado-vida-academica\/#breadcrumb\",\"itemListElement\":[{\"@type\":\"ListItem\",\"position\":1,\"name\":\"Home\",\"item\":\"https:\/\/ciencia.ufpr.br\/portal\/\"},{\"@type\":\"ListItem\",\"position\":2,\"name\":\"A inicia\u00e7\u00e3o cient\u00edfica tamb\u00e9m prepara para o mercado | Vida Acad\u00eamica\"}]},{\"@type\":\"WebSite\",\"@id\":\"https:\/\/ciencia.ufpr.br\/portal\/#website\",\"url\":\"https:\/\/ciencia.ufpr.br\/portal\/\",\"name\":\"Ci\u00eancia UFPR\",\"description\":\"Site de temas cient\u00edficos com foco no conhecimento produzido na Universidade Federal do Paran\u00e1 (UFPR). Baseado na Revista Ci\u00eancia UFPR.\",\"publisher\":{\"@id\":\"https:\/\/ciencia.ufpr.br\/portal\/#organization\"},\"potentialAction\":[{\"@type\":\"SearchAction\",\"target\":{\"@type\":\"EntryPoint\",\"urlTemplate\":\"https:\/\/ciencia.ufpr.br\/portal\/?s={search_term_string}\"},\"query-input\":{\"@type\":\"PropertyValueSpecification\",\"valueRequired\":true,\"valueName\":\"search_term_string\"}}],\"inLanguage\":\"pt-BR\"},{\"@type\":\"Organization\",\"@id\":\"https:\/\/ciencia.ufpr.br\/portal\/#organization\",\"name\":\"Revista Ci\u00eancia UFPR\",\"url\":\"https:\/\/ciencia.ufpr.br\/portal\/\",\"logo\":{\"@type\":\"ImageObject\",\"inLanguage\":\"pt-BR\",\"@id\":\"https:\/\/ciencia.ufpr.br\/portal\/#\/schema\/logo\/image\/\",\"url\":\"https:\/\/ciencia.ufpr.br\/portal\/wp-content\/uploads\/2020\/12\/Revista-Ciencia-UFPR-vermelho.jpeg\",\"contentUrl\":\"https:\/\/ciencia.ufpr.br\/portal\/wp-content\/uploads\/2020\/12\/Revista-Ciencia-UFPR-vermelho.jpeg\",\"width\":992,\"height\":714,\"caption\":\"Revista Ci\u00eancia UFPR\"},\"image\":{\"@id\":\"https:\/\/ciencia.ufpr.br\/portal\/#\/schema\/logo\/image\/\"},\"sameAs\":[\"https:\/\/www.facebook.com\/cienciaufproficial\",\"https:\/\/x.com\/cienciaufpr\",\"https:\/\/www.instagram.com\/revistacienciaufpr\/\",\"https:\/\/www.linkedin.com\/company\/cienciaufproficial\",\"https:\/\/br.pinterest.com\/cienciaufpr\/\"]},{\"@type\":\"Person\",\"@id\":\"https:\/\/ciencia.ufpr.br\/portal\/#\/schema\/person\/3ca2c8dca7a0e606e26d83e2ad0138a7\",\"name\":\"Andr\u00e9 Bellin Mariano\",\"description\":\"ANDR\u00c9 B. MARIANO \u00e9 professor do Departamento de Energia El\u00e9trica da UFPR, pesquisa energias renov\u00e1veis e atua com comunica\u00e7\u00e3o de ci\u00eancia e extens\u00e3o por meio do projeto Ci\u00eancia para Todos. Tamb\u00e9m \u00e9 bolsista de Produtividade em Desenvolvimento Tecnol\u00f3gico e Extens\u00e3o Inovadora do CNPq (N\u00edvel 2); vice-coordenador do N\u00facleo de Pesquisa e Desenvolvimento de Energia Autossustent\u00e1vel (NPDEAS); e l\u00edder do grupo de pesquisa i9UFPR: Ecossistema de Inova\u00e7\u00e3o. Estreou na coluna \u201cVida Acad\u00eamica\u201d, da Ci\u00eancia UFPR, em 2023.\",\"sameAs\":[\"https:\/\/br.linkedin.com\/in\/andrebmariano?original_referer=httpswww.google.com\",\"https:\/\/x.com\/@andremarianors\"],\"url\":\"https:\/\/ciencia.ufpr.br\/portal\/author\/andrebmariano\/\"}]}<\/script>\n<!-- \/ Yoast SEO plugin. -->","yoast_head_json":{"title":"A inicia\u00e7\u00e3o cient\u00edfica tamb\u00e9m prepara para o mercado | Vida Acad\u00eamica - Ci\u00eancia UFPR","description":"Habilidades profissionais, rede de contatos, gest\u00e3o de projetos: tudo isso se ganha com experi\u00eancia em IC na gradua\u00e7\u00e3o.","robots":{"index":"index","follow":"follow","max-snippet":"max-snippet:-1","max-image-preview":"max-image-preview:large","max-video-preview":"max-video-preview:-1"},"canonical":"https:\/\/ciencia.ufpr.br\/portal\/a-iniciacao-cientifica-tambem-prepara-para-o-mercado-vida-academica\/","og_locale":"pt_BR","og_type":"article","og_title":"A inicia\u00e7\u00e3o cient\u00edfica tamb\u00e9m prepara para o mercado | Vida Acad\u00eamica - Ci\u00eancia UFPR","og_description":"Habilidades profissionais, rede de contatos, gest\u00e3o de projetos: tudo isso se ganha com experi\u00eancia em IC na gradua\u00e7\u00e3o.","og_url":"https:\/\/ciencia.ufpr.br\/portal\/a-iniciacao-cientifica-tambem-prepara-para-o-mercado-vida-academica\/","og_site_name":"Ci\u00eancia UFPR","article_publisher":"https:\/\/www.facebook.com\/cienciaufproficial","article_published_time":"2023-07-21T09:05:09+00:00","article_modified_time":"2023-09-22T16:57:49+00:00","og_image":[{"width":2560,"height":1440,"url":"https:\/\/ciencia.ufpr.br\/portal\/wp-content\/uploads\/2023\/07\/artigo_vidaacadem_ic_destacada-1-scaled.jpg","type":"image\/jpeg"}],"author":"Andr\u00e9 Bellin Mariano","twitter_card":"summary_large_image","twitter_creator":"@andremarianors","twitter_site":"@cienciaufpr","twitter_misc":{"Escrito por":"Andr\u00e9 Bellin Mariano","Est. tempo de leitura":"4 minutos"},"schema":{"@context":"https:\/\/schema.org","@graph":[{"@type":"Article","@id":"https:\/\/ciencia.ufpr.br\/portal\/a-iniciacao-cientifica-tambem-prepara-para-o-mercado-vida-academica\/#article","isPartOf":{"@id":"https:\/\/ciencia.ufpr.br\/portal\/a-iniciacao-cientifica-tambem-prepara-para-o-mercado-vida-academica\/"},"author":{"name":"Andr\u00e9 Bellin Mariano","@id":"https:\/\/ciencia.ufpr.br\/portal\/#\/schema\/person\/3ca2c8dca7a0e606e26d83e2ad0138a7"},"headline":"A inicia\u00e7\u00e3o cient\u00edfica tamb\u00e9m prepara para o mercado | Vida Acad\u00eamica","datePublished":"2023-07-21T09:05:09+00:00","dateModified":"2023-09-22T16:57:49+00:00","mainEntityOfPage":{"@id":"https:\/\/ciencia.ufpr.br\/portal\/a-iniciacao-cientifica-tambem-prepara-para-o-mercado-vida-academica\/"},"wordCount":725,"commentCount":0,"publisher":{"@id":"https:\/\/ciencia.ufpr.br\/portal\/#organization"},"image":{"@id":"https:\/\/ciencia.ufpr.br\/portal\/a-iniciacao-cientifica-tambem-prepara-para-o-mercado-vida-academica\/#primaryimage"},"thumbnailUrl":"https:\/\/ciencia.ufpr.br\/portal\/wp-content\/uploads\/2023\/07\/artigo_vidaacadem_ic_destacada-1-scaled.jpg","keywords":["2023","carreira","IC","inicia\u00e7\u00e3o cient\u00edfica","V. 6 n\u00ba 7 (2023)","vida acad\u00eamica"],"articleSection":["Impressa","Opini\u00e3o"],"inLanguage":"pt-BR","potentialAction":[{"@type":"CommentAction","name":"Comment","target":["https:\/\/ciencia.ufpr.br\/portal\/a-iniciacao-cientifica-tambem-prepara-para-o-mercado-vida-academica\/#respond"]}]},{"@type":"WebPage","@id":"https:\/\/ciencia.ufpr.br\/portal\/a-iniciacao-cientifica-tambem-prepara-para-o-mercado-vida-academica\/","url":"https:\/\/ciencia.ufpr.br\/portal\/a-iniciacao-cientifica-tambem-prepara-para-o-mercado-vida-academica\/","name":"A inicia\u00e7\u00e3o cient\u00edfica tamb\u00e9m prepara para o mercado | Vida Acad\u00eamica - Ci\u00eancia UFPR","isPartOf":{"@id":"https:\/\/ciencia.ufpr.br\/portal\/#website"},"primaryImageOfPage":{"@id":"https:\/\/ciencia.ufpr.br\/portal\/a-iniciacao-cientifica-tambem-prepara-para-o-mercado-vida-academica\/#primaryimage"},"image":{"@id":"https:\/\/ciencia.ufpr.br\/portal\/a-iniciacao-cientifica-tambem-prepara-para-o-mercado-vida-academica\/#primaryimage"},"thumbnailUrl":"https:\/\/ciencia.ufpr.br\/portal\/wp-content\/uploads\/2023\/07\/artigo_vidaacadem_ic_destacada-1-scaled.jpg","datePublished":"2023-07-21T09:05:09+00:00","dateModified":"2023-09-22T16:57:49+00:00","description":"Habilidades profissionais, rede de contatos, gest\u00e3o de projetos: tudo isso se ganha com experi\u00eancia em IC na gradua\u00e7\u00e3o.","breadcrumb":{"@id":"https:\/\/ciencia.ufpr.br\/portal\/a-iniciacao-cientifica-tambem-prepara-para-o-mercado-vida-academica\/#breadcrumb"},"inLanguage":"pt-BR","potentialAction":[{"@type":"ReadAction","target":["https:\/\/ciencia.ufpr.br\/portal\/a-iniciacao-cientifica-tambem-prepara-para-o-mercado-vida-academica\/"]}]},{"@type":"ImageObject","inLanguage":"pt-BR","@id":"https:\/\/ciencia.ufpr.br\/portal\/a-iniciacao-cientifica-tambem-prepara-para-o-mercado-vida-academica\/#primaryimage","url":"https:\/\/ciencia.ufpr.br\/portal\/wp-content\/uploads\/2023\/07\/artigo_vidaacadem_ic_destacada-1-scaled.jpg","contentUrl":"https:\/\/ciencia.ufpr.br\/portal\/wp-content\/uploads\/2023\/07\/artigo_vidaacadem_ic_destacada-1-scaled.jpg","width":2560,"height":1440,"caption":"Foto: Tim Mossholder\/Unsplash (alterada)"},{"@type":"BreadcrumbList","@id":"https:\/\/ciencia.ufpr.br\/portal\/a-iniciacao-cientifica-tambem-prepara-para-o-mercado-vida-academica\/#breadcrumb","itemListElement":[{"@type":"ListItem","position":1,"name":"Home","item":"https:\/\/ciencia.ufpr.br\/portal\/"},{"@type":"ListItem","position":2,"name":"A inicia\u00e7\u00e3o cient\u00edfica tamb\u00e9m prepara para o mercado | Vida Acad\u00eamica"}]},{"@type":"WebSite","@id":"https:\/\/ciencia.ufpr.br\/portal\/#website","url":"https:\/\/ciencia.ufpr.br\/portal\/","name":"Ci\u00eancia UFPR","description":"Site de temas cient\u00edficos com foco no conhecimento produzido na Universidade Federal do Paran\u00e1 (UFPR). Baseado na Revista Ci\u00eancia UFPR.","publisher":{"@id":"https:\/\/ciencia.ufpr.br\/portal\/#organization"},"potentialAction":[{"@type":"SearchAction","target":{"@type":"EntryPoint","urlTemplate":"https:\/\/ciencia.ufpr.br\/portal\/?s={search_term_string}"},"query-input":{"@type":"PropertyValueSpecification","valueRequired":true,"valueName":"search_term_string"}}],"inLanguage":"pt-BR"},{"@type":"Organization","@id":"https:\/\/ciencia.ufpr.br\/portal\/#organization","name":"Revista Ci\u00eancia UFPR","url":"https:\/\/ciencia.ufpr.br\/portal\/","logo":{"@type":"ImageObject","inLanguage":"pt-BR","@id":"https:\/\/ciencia.ufpr.br\/portal\/#\/schema\/logo\/image\/","url":"https:\/\/ciencia.ufpr.br\/portal\/wp-content\/uploads\/2020\/12\/Revista-Ciencia-UFPR-vermelho.jpeg","contentUrl":"https:\/\/ciencia.ufpr.br\/portal\/wp-content\/uploads\/2020\/12\/Revista-Ciencia-UFPR-vermelho.jpeg","width":992,"height":714,"caption":"Revista Ci\u00eancia UFPR"},"image":{"@id":"https:\/\/ciencia.ufpr.br\/portal\/#\/schema\/logo\/image\/"},"sameAs":["https:\/\/www.facebook.com\/cienciaufproficial","https:\/\/x.com\/cienciaufpr","https:\/\/www.instagram.com\/revistacienciaufpr\/","https:\/\/www.linkedin.com\/company\/cienciaufproficial","https:\/\/br.pinterest.com\/cienciaufpr\/"]},{"@type":"Person","@id":"https:\/\/ciencia.ufpr.br\/portal\/#\/schema\/person\/3ca2c8dca7a0e606e26d83e2ad0138a7","name":"Andr\u00e9 Bellin Mariano","description":"ANDR\u00c9 B. MARIANO \u00e9 professor do Departamento de Energia El\u00e9trica da UFPR, pesquisa energias renov\u00e1veis e atua com comunica\u00e7\u00e3o de ci\u00eancia e extens\u00e3o por meio do projeto Ci\u00eancia para Todos. Tamb\u00e9m \u00e9 bolsista de Produtividade em Desenvolvimento Tecnol\u00f3gico e Extens\u00e3o Inovadora do CNPq (N\u00edvel 2); vice-coordenador do N\u00facleo de Pesquisa e Desenvolvimento de Energia Autossustent\u00e1vel (NPDEAS); e l\u00edder do grupo de pesquisa i9UFPR: Ecossistema de Inova\u00e7\u00e3o. Estreou na coluna \u201cVida Acad\u00eamica\u201d, da Ci\u00eancia UFPR, em 2023.","sameAs":["https:\/\/br.linkedin.com\/in\/andrebmariano?original_referer=httpswww.google.com","https:\/\/x.com\/@andremarianors"],"url":"https:\/\/ciencia.ufpr.br\/portal\/author\/andrebmariano\/"}]}},"views":1437,"jetpack_sharing_enabled":true,"jetpack_featured_media_url":"https:\/\/ciencia.ufpr.br\/portal\/wp-content\/uploads\/2023\/07\/artigo_vidaacadem_ic_destacada-1-scaled.jpg","_links":{"self":[{"href":"https:\/\/ciencia.ufpr.br\/portal\/wp-json\/wp\/v2\/posts\/23357"}],"collection":[{"href":"https:\/\/ciencia.ufpr.br\/portal\/wp-json\/wp\/v2\/posts"}],"about":[{"href":"https:\/\/ciencia.ufpr.br\/portal\/wp-json\/wp\/v2\/types\/post"}],"author":[{"embeddable":true,"href":"https:\/\/ciencia.ufpr.br\/portal\/wp-json\/wp\/v2\/users\/2818"}],"replies":[{"embeddable":true,"href":"https:\/\/ciencia.ufpr.br\/portal\/wp-json\/wp\/v2\/comments?post=23357"}],"version-history":[{"count":9,"href":"https:\/\/ciencia.ufpr.br\/portal\/wp-json\/wp\/v2\/posts\/23357\/revisions"}],"predecessor-version":[{"id":23978,"href":"https:\/\/ciencia.ufpr.br\/portal\/wp-json\/wp\/v2\/posts\/23357\/revisions\/23978"}],"wp:featuredmedia":[{"embeddable":true,"href":"https:\/\/ciencia.ufpr.br\/portal\/wp-json\/wp\/v2\/media\/23366"}],"wp:attachment":[{"href":"https:\/\/ciencia.ufpr.br\/portal\/wp-json\/wp\/v2\/media?parent=23357"}],"wp:term":[{"taxonomy":"category","embeddable":true,"href":"https:\/\/ciencia.ufpr.br\/portal\/wp-json\/wp\/v2\/categories?post=23357"},{"taxonomy":"post_tag","embeddable":true,"href":"https:\/\/ciencia.ufpr.br\/portal\/wp-json\/wp\/v2\/tags?post=23357"}],"curies":[{"name":"wp","href":"https:\/\/api.w.org\/{rel}","templated":true}]}}