{"id":23170,"date":"2023-08-25T13:52:11","date_gmt":"2023-08-25T16:52:11","guid":{"rendered":"https:\/\/ciencia.ufpr.br\/portal\/?p=23170"},"modified":"2023-12-08T10:23:46","modified_gmt":"2023-12-08T13:23:46","slug":"biomarcador-indica-alteracoes-na-retina-de-pacientes-com-esquizofrenia","status":"publish","type":"post","link":"https:\/\/ciencia.ufpr.br\/portal\/biomarcador-indica-alteracoes-na-retina-de-pacientes-com-esquizofrenia\/","title":{"rendered":"Biomarcador indica altera\u00e7\u00f5es na retina de pessoas com esquizofrenia"},"content":{"rendered":"<h5><strong>BOLETIM UFPR <span style=\"color: #cf6777;\">|<\/span><\/strong> Diagn\u00f3stico para esquizofrenia a partir da retina est\u00e1 sendo estudado<\/h5>\n<p><iframe loading=\"lazy\" style=\"border-radius: 12px;\" src=\"https:\/\/open.spotify.com\/embed\/episode\/0QklQ6FOhPAPuVQcsB7Qzr?utm_source=generator\" width=\"100%\" height=\"152\" frameborder=\"0\" allowfullscreen=\"allowfullscreen\"><\/iframe><\/p>\n<p>A associa\u00e7\u00e3o entre manifesta\u00e7\u00f5es da retina e altera\u00e7\u00f5es cerebrais, j\u00e1 documentada pela ci\u00eancia, est\u00e1 na base de uma nova forma de diagn\u00f3stico para esquizofrenia, dist\u00farbio da mente que afeta cerca de 1,7 milh\u00e3o de brasileiros segundo proje\u00e7\u00e3o apoiada em estat\u00edsticas internacionais usada pelo Minist\u00e9rio da Sa\u00fade.<\/p>\n<p>A retina \u00e9 uma estrutura sens\u00edvel \u00e0 luz que est\u00e1 localizada na parte posterior do olho e possui a mesma origem embriol\u00f3gica que o c\u00e9rebro, ou seja, os neur\u00f4nios presentes na retina e os neur\u00f4nios cerebrais t\u00eam a mesma origem. Assim, os olhos podem ser compreendidos tamb\u00e9m como um canal para a avalia\u00e7\u00e3o do c\u00e9rebro.<\/p>\n<p>Um <a href=\"https:\/\/link.springer.com\/article\/10.1007\/s00406-023-01583-0\" target=\"_blank\" rel=\"noopener\">artigo<\/a> publicado no <em>European Archives of Psychiatry and Clinical Neuroscience<\/em>, peri\u00f3dico da Springer Nature, analisou essa rela\u00e7\u00e3o entre c\u00e9rebro e retina em pacientes com esquizofrenia \u2013 dist\u00farbio mental em que a pessoa pode perder o contato com a realidade, apresentar alucina\u00e7\u00f5es e del\u00edrios, entre outros sintomas capazes de interferir na mem\u00f3ria, na aten\u00e7\u00e3o e na capacidade de socializa\u00e7\u00e3o, causando dificuldades para trabalhar ou estudar, por exemplo.<\/p>\n<figure id=\"attachment_23755\" aria-describedby=\"caption-attachment-23755\" style=\"width: 395px\" class=\"wp-caption alignright\"><img loading=\"lazy\" decoding=\"async\" class=\"wp-image-23755\" src=\"https:\/\/ciencia.ufpr.br\/portal\/wp-content\/uploads\/2023\/08\/anatomia-do-olho-humano-Imagem-de-macrovector-no-Freepik-editada-1024x764.jpg\" alt=\"\" width=\"395\" height=\"295\" srcset=\"https:\/\/ciencia.ufpr.br\/portal\/wp-content\/uploads\/2023\/08\/anatomia-do-olho-humano-Imagem-de-macrovector-no-Freepik-editada-1024x764.jpg 1024w, https:\/\/ciencia.ufpr.br\/portal\/wp-content\/uploads\/2023\/08\/anatomia-do-olho-humano-Imagem-de-macrovector-no-Freepik-editada-300x224.jpg 300w, https:\/\/ciencia.ufpr.br\/portal\/wp-content\/uploads\/2023\/08\/anatomia-do-olho-humano-Imagem-de-macrovector-no-Freepik-editada-768x573.jpg 768w, https:\/\/ciencia.ufpr.br\/portal\/wp-content\/uploads\/2023\/08\/anatomia-do-olho-humano-Imagem-de-macrovector-no-Freepik-editada-150x112.jpg 150w, https:\/\/ciencia.ufpr.br\/portal\/wp-content\/uploads\/2023\/08\/anatomia-do-olho-humano-Imagem-de-macrovector-no-Freepik-editada.jpg 1060w\" sizes=\"(max-width: 395px) 100vw, 395px\" \/><figcaption id=\"caption-attachment-23755\" class=\"wp-caption-text\">A retina \u00e9 a parte do olho que identifica os est\u00edmulos luminosos e transmite as informa\u00e7\u00f5es para o c\u00e9rebro. Imagem: macrovector no Freepik \u2013 editada<\/figcaption><\/figure>\n<p>Os cientistas identificaram, nas pessoas com esquizofrenia, redu\u00e7\u00e3o no volume e na espessura da m\u00e1cula \u2013 regi\u00e3o ocular onde se inicia a forma\u00e7\u00e3o das imagens \u2013, al\u00e9m da maior presen\u00e7a de sintomas, como del\u00edrios e alucina\u00e7\u00f5es, nos pacientes que possuem espessura maior da camada de fibras nervosas das retinas (regi\u00e3o papila \u00f3ptica).<\/p>\n<p>De acordo com Raffael Massuda, professor do Departamento de Psiquiatria e Medicina Forense da Universidade Federal do Paran\u00e1 (UFPR) e um dos autores do artigo, a esquizofrenia leva a uma diminui\u00e7\u00e3o difusa dos tamanhos dos neur\u00f4nios, ou seja, no n\u00famero de sinapses que esses neur\u00f4nios fazem.<\/p>\n<blockquote><p>\u201c\u00c9 uma doen\u00e7a que acomete o c\u00e9rebro em v\u00e1rios locais e em v\u00e1rias estruturas cerebrais. Uma das coisas que ela faz, na pr\u00e1tica, \u00e9 diminuir o tamanho do c\u00e9rebro, porque h\u00e1 essa redu\u00e7\u00e3o nas sinapses, as conex\u00f5es entre os neur\u00f4nios\u201d.<\/p><\/blockquote>\n<p>O estudo, ent\u00e3o, partiu do pressuposto de que, se \u00e9 poss\u00edvel observar uma diminui\u00e7\u00e3o do volume cerebral em pacientes com esquizofrenia, talvez haveria tamb\u00e9m diminui\u00e7\u00e3o na estrutura da retina, j\u00e1 que ela \u00e9 formada por neur\u00f4nios. Hip\u00f3tese que foi confirmada.<\/p>\n<p>Al\u00e9m disso, a pesquisa buscou avaliar se h\u00e1 uma associa\u00e7\u00e3o entre as altera\u00e7\u00f5es de retina e marcadores de inflama\u00e7\u00e3o, relacionando as duas teorias. Os autores acreditam que este seja o primeiro estudo sobre esquizofrenia que mede a espessura da retina e associa o volume da retina com a inflama\u00e7\u00e3o utilizando biomarcadores inflamat\u00f3rios.<\/p>\n<h2>Esquizofrenia ocasiona processo inflamat\u00f3rio no sangue<\/h2>\n<p>O m\u00e9dico psiquiatra e preceptor da resid\u00eancia no Hospital de Cl\u00ednicas da UFPR Marcelo Alves Carriello, respons\u00e1vel pelo estudo, cita que \u00e9 comum que quadros infecciosos no sistema nervoso central, por exemplo, apresentem sintomas muito semelhantes aos da esquizofrenia e que o pr\u00f3prio processo de desenvolvimento da doen\u00e7a poderia estar relacionado a um processo inflamat\u00f3rio exagerado.<\/p>\n<blockquote><p>\u201cExiste uma teoria de que um aumento de inflama\u00e7\u00e3o sist\u00eamica poderia levar \u00e0 quebra da barreira hemato encef\u00e1lica, isto \u00e9, a barreira da prote\u00e7\u00e3o do c\u00e9rebro e que essa inflama\u00e7\u00e3o aumentada teria o potencial de mudar as sinapses cerebrais, levando \u00e0 abertura de um quadro de esquizofrenia\u201d, afirma.<\/p><\/blockquote>\n<p>Uma das hip\u00f3teses da literatura \u00e9 que a diminui\u00e7\u00e3o de volume cerebral causada pela esquizofrenia aconte\u00e7a devido ao aumento de inflama\u00e7\u00e3o cerebral.<\/p>\n<p>A pesquisa mostrou que os pacientes com esquizofrenia t\u00eam mais marcadores inflamat\u00f3rios no sangue, ou seja, a prote\u00edna C-reativa, por exemplo, est\u00e1 presente em maiores dosagens, o que significa um processo inflamat\u00f3rio ativo. \u201cNo entanto, n\u00e3o encontramos uma rela\u00e7\u00e3o entre quanto maior inflama\u00e7\u00e3o, menor a retina\u201d, comenta Massuda.<\/p>\n<figure id=\"attachment_23759\" aria-describedby=\"caption-attachment-23759\" style=\"width: 1767px\" class=\"wp-caption alignleft\"><img loading=\"lazy\" decoding=\"async\" class=\"wp-image-23759 size-full\" src=\"https:\/\/ciencia.ufpr.br\/portal\/wp-content\/uploads\/2023\/08\/406_2023_1583_Fig2_HTML.jpeg\" alt=\"\" width=\"1767\" height=\"1142\" srcset=\"https:\/\/ciencia.ufpr.br\/portal\/wp-content\/uploads\/2023\/08\/406_2023_1583_Fig2_HTML.jpeg 1767w, https:\/\/ciencia.ufpr.br\/portal\/wp-content\/uploads\/2023\/08\/406_2023_1583_Fig2_HTML-300x194.jpeg 300w, https:\/\/ciencia.ufpr.br\/portal\/wp-content\/uploads\/2023\/08\/406_2023_1583_Fig2_HTML-1024x662.jpeg 1024w, https:\/\/ciencia.ufpr.br\/portal\/wp-content\/uploads\/2023\/08\/406_2023_1583_Fig2_HTML-768x496.jpeg 768w, https:\/\/ciencia.ufpr.br\/portal\/wp-content\/uploads\/2023\/08\/406_2023_1583_Fig2_HTML-1536x993.jpeg 1536w, https:\/\/ciencia.ufpr.br\/portal\/wp-content\/uploads\/2023\/08\/406_2023_1583_Fig2_HTML-150x97.jpeg 150w\" sizes=\"(max-width: 1767px) 100vw, 1767px\" \/><figcaption id=\"caption-attachment-23759\" class=\"wp-caption-text\">Nesta imagem, a espessura e o volume da m\u00e1cula separados por uma \u00e1rea central, anel interno e anel externo podem ser vistos. Imagem: Do artigo &#8220;Retinal layers and symptoms and inflammation in schizophrenia&#8221;<\/figcaption><\/figure>\n<p>O estudo, vinculado ao Programa de Pesquisa em Transtornos Psic\u00f3ticos, Departamento de Psiquiatria da Universidade Federal do Paran\u00e1 (UFPR), foi realizado com 70 indiv\u00edduos, sendo 35 pacientes com o dist\u00farbio de esquizofrenia, e 35 que n\u00e3o apresentam a doen\u00e7a (grupo controle). Para isso, foram feitos exames de Tomografia de Coer\u00eancia \u00d3ptica, t\u00e9cnica que mede a estrutura da retina de forma r\u00e1pida, indolor e \u00e0 beira do leito.<\/p>\n<h2>Evolu\u00e7\u00e3o da doen\u00e7a poder\u00e1 ser acompanhada a partir da avalia\u00e7\u00e3o da retina<\/h2>\n<p>Carriello explica que o diagn\u00f3stico de esquizofrenia ainda \u00e9 cl\u00ednico, mas que a avalia\u00e7\u00e3o da retina poderia ser muito \u00fatil para o acompanhamento da evolu\u00e7\u00e3o dos casos. \u201cIsso porque entendemos que h\u00e1 um decl\u00ednio cognitivo progressivo na esquizofrenia e talvez, no futuro, esse procedimento possa ajudar no tratamento\u201d.<\/p>\n<p>Segundo ele, a doen\u00e7a est\u00e1 entre os transtornos psiqui\u00e1tricos mais graves, que causam grande sofrimento e piora de qualidade de vida. Por isso considera que um marcador biol\u00f3gico que melhore a avalia\u00e7\u00e3o do status cerebral e da evolu\u00e7\u00e3o da doen\u00e7a poderia contribuir favoravelmente para um melhor tratamento das pessoas com a doen\u00e7a.<\/p>\n<h5 style=\"text-align: right;\"><span style=\"font-weight: 400;\">\u2795 Leia detalhes no artigo &#8220;<a href=\"https:\/\/link.springer.com\/article\/10.1007\/s00406-023-01583-0\" target=\"_blank\" rel=\"noopener\">Retinal layers and symptoms and inflammation in schizophrenia<\/a><\/span><span style=\"font-weight: 400;\">&#8220;, publicado no peri\u00f3dico <em>European Archives of Psychiatry and Clinical Neuroscience<\/em>.<\/span><\/h5>\n","protected":false},"excerpt":{"rendered":"<p>BOLETIM UFPR | Diagn\u00f3stico para esquizofrenia a partir da retina est\u00e1 sendo estudado A associa\u00e7\u00e3o entre manifesta\u00e7\u00f5es da retina e&#8230;<\/p>\n","protected":false},"author":2805,"featured_media":23743,"comment_status":"open","ping_status":"closed","sticky":false,"template":"","format":"standard","meta":{"_acf_changed":false,"footnotes":"","fifu_image_url":"","fifu_image_alt":"","_jetpack_memberships_contains_paid_content":false},"categories":[1131,2202,1610,1795],"tags":[2243,2361,2320,1818,2321,2360],"acf":[],"yoast_head":"<!-- This site is optimized with the Yoast SEO plugin v23.5 - https:\/\/yoast.com\/wordpress\/plugins\/seo\/ -->\n<title>Biomarcador indica altera\u00e7\u00f5es na retina de pessoas com esquizofrenia - Ci\u00eancia UFPR<\/title>\n<meta name=\"description\" content=\"Estudo prop\u00f5e avalia\u00e7\u00e3o de altera\u00e7\u00f5es cerebrais atrav\u00e9s da an\u00e1lise da retina, estrutura tamb\u00e9m formada por neur\u00f4nios.\" \/>\n<meta name=\"robots\" content=\"index, follow, max-snippet:-1, max-image-preview:large, max-video-preview:-1\" \/>\n<link rel=\"canonical\" href=\"https:\/\/ciencia.ufpr.br\/portal\/biomarcador-indica-alteracoes-na-retina-de-pacientes-com-esquizofrenia\/\" \/>\n<meta property=\"og:locale\" content=\"pt_BR\" \/>\n<meta property=\"og:type\" content=\"article\" \/>\n<meta property=\"og:title\" content=\"Biomarcador indica altera\u00e7\u00f5es na retina de pessoas com esquizofrenia - Ci\u00eancia UFPR\" \/>\n<meta property=\"og:description\" content=\"Estudo prop\u00f5e avalia\u00e7\u00e3o de altera\u00e7\u00f5es cerebrais atrav\u00e9s da an\u00e1lise da retina, estrutura tamb\u00e9m formada por neur\u00f4nios.\" \/>\n<meta property=\"og:url\" content=\"https:\/\/ciencia.ufpr.br\/portal\/biomarcador-indica-alteracoes-na-retina-de-pacientes-com-esquizofrenia\/\" \/>\n<meta property=\"og:site_name\" content=\"Ci\u00eancia UFPR\" \/>\n<meta property=\"article:publisher\" content=\"https:\/\/www.facebook.com\/cienciaufproficial\" \/>\n<meta property=\"article:published_time\" content=\"2023-08-25T16:52:11+00:00\" \/>\n<meta property=\"article:modified_time\" content=\"2023-12-08T13:23:46+00:00\" \/>\n<meta property=\"og:image\" content=\"https:\/\/ciencia.ufpr.br\/portal\/wp-content\/uploads\/2023\/05\/eye-388238_KirstenTb-Pixabay.jpg\" \/>\n\t<meta property=\"og:image:width\" content=\"1920\" \/>\n\t<meta property=\"og:image:height\" content=\"1080\" \/>\n\t<meta property=\"og:image:type\" content=\"image\/jpeg\" \/>\n<meta name=\"author\" content=\"J\u00e9ssica Tokarski\" \/>\n<meta name=\"twitter:card\" content=\"summary_large_image\" \/>\n<meta name=\"twitter:creator\" content=\"@cienciaufpr\" \/>\n<meta name=\"twitter:site\" content=\"@cienciaufpr\" \/>\n<meta name=\"twitter:label1\" content=\"Escrito por\" \/>\n\t<meta name=\"twitter:data1\" content=\"J\u00e9ssica Tokarski\" \/>\n\t<meta name=\"twitter:label2\" content=\"Est. tempo de leitura\" \/>\n\t<meta name=\"twitter:data2\" content=\"5 minutos\" \/>\n<script type=\"application\/ld+json\" class=\"yoast-schema-graph\">{\"@context\":\"https:\/\/schema.org\",\"@graph\":[{\"@type\":\"Article\",\"@id\":\"https:\/\/ciencia.ufpr.br\/portal\/biomarcador-indica-alteracoes-na-retina-de-pacientes-com-esquizofrenia\/#article\",\"isPartOf\":{\"@id\":\"https:\/\/ciencia.ufpr.br\/portal\/biomarcador-indica-alteracoes-na-retina-de-pacientes-com-esquizofrenia\/\"},\"author\":{\"name\":\"J\u00e9ssica Tokarski\",\"@id\":\"https:\/\/ciencia.ufpr.br\/portal\/#\/schema\/person\/e85d61d7e7853aeee7c3a597e5f23e43\"},\"headline\":\"Biomarcador indica altera\u00e7\u00f5es na retina de pessoas com esquizofrenia\",\"datePublished\":\"2023-08-25T16:52:11+00:00\",\"dateModified\":\"2023-12-08T13:23:46+00:00\",\"mainEntityOfPage\":{\"@id\":\"https:\/\/ciencia.ufpr.br\/portal\/biomarcador-indica-alteracoes-na-retina-de-pacientes-com-esquizofrenia\/\"},\"wordCount\":969,\"commentCount\":0,\"publisher\":{\"@id\":\"https:\/\/ciencia.ufpr.br\/portal\/#organization\"},\"image\":{\"@id\":\"https:\/\/ciencia.ufpr.br\/portal\/biomarcador-indica-alteracoes-na-retina-de-pacientes-com-esquizofrenia\/#primaryimage\"},\"thumbnailUrl\":\"https:\/\/ciencia.ufpr.br\/portal\/wp-content\/uploads\/2023\/05\/eye-388238_KirstenTb-Pixabay.jpg\",\"keywords\":[\"2023\",\"biomarcador\",\"esquizofrenia\",\"medicina\",\"psiquiatria\",\"retina\"],\"articleSection\":[\"Especiais\",\"Not\u00edcia\",\"Sa\u00fade\",\"\ud83c\udf99 Boletim UFPR\"],\"inLanguage\":\"pt-BR\",\"potentialAction\":[{\"@type\":\"CommentAction\",\"name\":\"Comment\",\"target\":[\"https:\/\/ciencia.ufpr.br\/portal\/biomarcador-indica-alteracoes-na-retina-de-pacientes-com-esquizofrenia\/#respond\"]}]},{\"@type\":\"WebPage\",\"@id\":\"https:\/\/ciencia.ufpr.br\/portal\/biomarcador-indica-alteracoes-na-retina-de-pacientes-com-esquizofrenia\/\",\"url\":\"https:\/\/ciencia.ufpr.br\/portal\/biomarcador-indica-alteracoes-na-retina-de-pacientes-com-esquizofrenia\/\",\"name\":\"Biomarcador indica altera\u00e7\u00f5es na retina de pessoas com esquizofrenia - Ci\u00eancia UFPR\",\"isPartOf\":{\"@id\":\"https:\/\/ciencia.ufpr.br\/portal\/#website\"},\"primaryImageOfPage\":{\"@id\":\"https:\/\/ciencia.ufpr.br\/portal\/biomarcador-indica-alteracoes-na-retina-de-pacientes-com-esquizofrenia\/#primaryimage\"},\"image\":{\"@id\":\"https:\/\/ciencia.ufpr.br\/portal\/biomarcador-indica-alteracoes-na-retina-de-pacientes-com-esquizofrenia\/#primaryimage\"},\"thumbnailUrl\":\"https:\/\/ciencia.ufpr.br\/portal\/wp-content\/uploads\/2023\/05\/eye-388238_KirstenTb-Pixabay.jpg\",\"datePublished\":\"2023-08-25T16:52:11+00:00\",\"dateModified\":\"2023-12-08T13:23:46+00:00\",\"description\":\"Estudo prop\u00f5e avalia\u00e7\u00e3o de altera\u00e7\u00f5es cerebrais atrav\u00e9s da an\u00e1lise da retina, estrutura tamb\u00e9m formada por neur\u00f4nios.\",\"breadcrumb\":{\"@id\":\"https:\/\/ciencia.ufpr.br\/portal\/biomarcador-indica-alteracoes-na-retina-de-pacientes-com-esquizofrenia\/#breadcrumb\"},\"inLanguage\":\"pt-BR\",\"potentialAction\":[{\"@type\":\"ReadAction\",\"target\":[\"https:\/\/ciencia.ufpr.br\/portal\/biomarcador-indica-alteracoes-na-retina-de-pacientes-com-esquizofrenia\/\"]}]},{\"@type\":\"ImageObject\",\"inLanguage\":\"pt-BR\",\"@id\":\"https:\/\/ciencia.ufpr.br\/portal\/biomarcador-indica-alteracoes-na-retina-de-pacientes-com-esquizofrenia\/#primaryimage\",\"url\":\"https:\/\/ciencia.ufpr.br\/portal\/wp-content\/uploads\/2023\/05\/eye-388238_KirstenTb-Pixabay.jpg\",\"contentUrl\":\"https:\/\/ciencia.ufpr.br\/portal\/wp-content\/uploads\/2023\/05\/eye-388238_KirstenTb-Pixabay.jpg\",\"width\":1920,\"height\":1080,\"caption\":\"A retina \u00e9 uma estrutura sens\u00edvel \u00e0 luz que est\u00e1 localizada na parte posterior do olho e que a ci\u00eancia acredita ter potencial para refletir as condi\u00e7\u00f5es de sa\u00fade do c\u00e9rebro. Foto: KirstenTb\/Pixabay\"},{\"@type\":\"BreadcrumbList\",\"@id\":\"https:\/\/ciencia.ufpr.br\/portal\/biomarcador-indica-alteracoes-na-retina-de-pacientes-com-esquizofrenia\/#breadcrumb\",\"itemListElement\":[{\"@type\":\"ListItem\",\"position\":1,\"name\":\"Home\",\"item\":\"https:\/\/ciencia.ufpr.br\/portal\/\"},{\"@type\":\"ListItem\",\"position\":2,\"name\":\"Biomarcador indica altera\u00e7\u00f5es na retina de pessoas com esquizofrenia\"}]},{\"@type\":\"WebSite\",\"@id\":\"https:\/\/ciencia.ufpr.br\/portal\/#website\",\"url\":\"https:\/\/ciencia.ufpr.br\/portal\/\",\"name\":\"Ci\u00eancia UFPR\",\"description\":\"Site de temas cient\u00edficos com foco no conhecimento produzido na Universidade Federal do Paran\u00e1 (UFPR). Baseado na Revista Ci\u00eancia UFPR.\",\"publisher\":{\"@id\":\"https:\/\/ciencia.ufpr.br\/portal\/#organization\"},\"potentialAction\":[{\"@type\":\"SearchAction\",\"target\":{\"@type\":\"EntryPoint\",\"urlTemplate\":\"https:\/\/ciencia.ufpr.br\/portal\/?s={search_term_string}\"},\"query-input\":{\"@type\":\"PropertyValueSpecification\",\"valueRequired\":true,\"valueName\":\"search_term_string\"}}],\"inLanguage\":\"pt-BR\"},{\"@type\":\"Organization\",\"@id\":\"https:\/\/ciencia.ufpr.br\/portal\/#organization\",\"name\":\"Revista Ci\u00eancia UFPR\",\"url\":\"https:\/\/ciencia.ufpr.br\/portal\/\",\"logo\":{\"@type\":\"ImageObject\",\"inLanguage\":\"pt-BR\",\"@id\":\"https:\/\/ciencia.ufpr.br\/portal\/#\/schema\/logo\/image\/\",\"url\":\"https:\/\/ciencia.ufpr.br\/portal\/wp-content\/uploads\/2020\/12\/Revista-Ciencia-UFPR-vermelho.jpeg\",\"contentUrl\":\"https:\/\/ciencia.ufpr.br\/portal\/wp-content\/uploads\/2020\/12\/Revista-Ciencia-UFPR-vermelho.jpeg\",\"width\":992,\"height\":714,\"caption\":\"Revista Ci\u00eancia UFPR\"},\"image\":{\"@id\":\"https:\/\/ciencia.ufpr.br\/portal\/#\/schema\/logo\/image\/\"},\"sameAs\":[\"https:\/\/www.facebook.com\/cienciaufproficial\",\"https:\/\/x.com\/cienciaufpr\",\"https:\/\/www.instagram.com\/revistacienciaufpr\/\",\"https:\/\/www.linkedin.com\/company\/cienciaufproficial\",\"https:\/\/br.pinterest.com\/cienciaufpr\/\"]},{\"@type\":\"Person\",\"@id\":\"https:\/\/ciencia.ufpr.br\/portal\/#\/schema\/person\/e85d61d7e7853aeee7c3a597e5f23e43\",\"name\":\"J\u00e9ssica Tokarski\",\"url\":\"https:\/\/ciencia.ufpr.br\/portal\/author\/jessicatokarski\/\"}]}<\/script>\n<!-- \/ Yoast SEO plugin. -->","yoast_head_json":{"title":"Biomarcador indica altera\u00e7\u00f5es na retina de pessoas com esquizofrenia - Ci\u00eancia UFPR","description":"Estudo prop\u00f5e avalia\u00e7\u00e3o de altera\u00e7\u00f5es cerebrais atrav\u00e9s da an\u00e1lise da retina, estrutura tamb\u00e9m formada por neur\u00f4nios.","robots":{"index":"index","follow":"follow","max-snippet":"max-snippet:-1","max-image-preview":"max-image-preview:large","max-video-preview":"max-video-preview:-1"},"canonical":"https:\/\/ciencia.ufpr.br\/portal\/biomarcador-indica-alteracoes-na-retina-de-pacientes-com-esquizofrenia\/","og_locale":"pt_BR","og_type":"article","og_title":"Biomarcador indica altera\u00e7\u00f5es na retina de pessoas com esquizofrenia - Ci\u00eancia UFPR","og_description":"Estudo prop\u00f5e avalia\u00e7\u00e3o de altera\u00e7\u00f5es cerebrais atrav\u00e9s da an\u00e1lise da retina, estrutura tamb\u00e9m formada por neur\u00f4nios.","og_url":"https:\/\/ciencia.ufpr.br\/portal\/biomarcador-indica-alteracoes-na-retina-de-pacientes-com-esquizofrenia\/","og_site_name":"Ci\u00eancia UFPR","article_publisher":"https:\/\/www.facebook.com\/cienciaufproficial","article_published_time":"2023-08-25T16:52:11+00:00","article_modified_time":"2023-12-08T13:23:46+00:00","og_image":[{"width":1920,"height":1080,"url":"https:\/\/ciencia.ufpr.br\/portal\/wp-content\/uploads\/2023\/05\/eye-388238_KirstenTb-Pixabay.jpg","type":"image\/jpeg"}],"author":"J\u00e9ssica Tokarski","twitter_card":"summary_large_image","twitter_creator":"@cienciaufpr","twitter_site":"@cienciaufpr","twitter_misc":{"Escrito por":"J\u00e9ssica Tokarski","Est. tempo de leitura":"5 minutos"},"schema":{"@context":"https:\/\/schema.org","@graph":[{"@type":"Article","@id":"https:\/\/ciencia.ufpr.br\/portal\/biomarcador-indica-alteracoes-na-retina-de-pacientes-com-esquizofrenia\/#article","isPartOf":{"@id":"https:\/\/ciencia.ufpr.br\/portal\/biomarcador-indica-alteracoes-na-retina-de-pacientes-com-esquizofrenia\/"},"author":{"name":"J\u00e9ssica Tokarski","@id":"https:\/\/ciencia.ufpr.br\/portal\/#\/schema\/person\/e85d61d7e7853aeee7c3a597e5f23e43"},"headline":"Biomarcador indica altera\u00e7\u00f5es na retina de pessoas com esquizofrenia","datePublished":"2023-08-25T16:52:11+00:00","dateModified":"2023-12-08T13:23:46+00:00","mainEntityOfPage":{"@id":"https:\/\/ciencia.ufpr.br\/portal\/biomarcador-indica-alteracoes-na-retina-de-pacientes-com-esquizofrenia\/"},"wordCount":969,"commentCount":0,"publisher":{"@id":"https:\/\/ciencia.ufpr.br\/portal\/#organization"},"image":{"@id":"https:\/\/ciencia.ufpr.br\/portal\/biomarcador-indica-alteracoes-na-retina-de-pacientes-com-esquizofrenia\/#primaryimage"},"thumbnailUrl":"https:\/\/ciencia.ufpr.br\/portal\/wp-content\/uploads\/2023\/05\/eye-388238_KirstenTb-Pixabay.jpg","keywords":["2023","biomarcador","esquizofrenia","medicina","psiquiatria","retina"],"articleSection":["Especiais","Not\u00edcia","Sa\u00fade","\ud83c\udf99 Boletim UFPR"],"inLanguage":"pt-BR","potentialAction":[{"@type":"CommentAction","name":"Comment","target":["https:\/\/ciencia.ufpr.br\/portal\/biomarcador-indica-alteracoes-na-retina-de-pacientes-com-esquizofrenia\/#respond"]}]},{"@type":"WebPage","@id":"https:\/\/ciencia.ufpr.br\/portal\/biomarcador-indica-alteracoes-na-retina-de-pacientes-com-esquizofrenia\/","url":"https:\/\/ciencia.ufpr.br\/portal\/biomarcador-indica-alteracoes-na-retina-de-pacientes-com-esquizofrenia\/","name":"Biomarcador indica altera\u00e7\u00f5es na retina de pessoas com esquizofrenia - Ci\u00eancia UFPR","isPartOf":{"@id":"https:\/\/ciencia.ufpr.br\/portal\/#website"},"primaryImageOfPage":{"@id":"https:\/\/ciencia.ufpr.br\/portal\/biomarcador-indica-alteracoes-na-retina-de-pacientes-com-esquizofrenia\/#primaryimage"},"image":{"@id":"https:\/\/ciencia.ufpr.br\/portal\/biomarcador-indica-alteracoes-na-retina-de-pacientes-com-esquizofrenia\/#primaryimage"},"thumbnailUrl":"https:\/\/ciencia.ufpr.br\/portal\/wp-content\/uploads\/2023\/05\/eye-388238_KirstenTb-Pixabay.jpg","datePublished":"2023-08-25T16:52:11+00:00","dateModified":"2023-12-08T13:23:46+00:00","description":"Estudo prop\u00f5e avalia\u00e7\u00e3o de altera\u00e7\u00f5es cerebrais atrav\u00e9s da an\u00e1lise da retina, estrutura tamb\u00e9m formada por neur\u00f4nios.","breadcrumb":{"@id":"https:\/\/ciencia.ufpr.br\/portal\/biomarcador-indica-alteracoes-na-retina-de-pacientes-com-esquizofrenia\/#breadcrumb"},"inLanguage":"pt-BR","potentialAction":[{"@type":"ReadAction","target":["https:\/\/ciencia.ufpr.br\/portal\/biomarcador-indica-alteracoes-na-retina-de-pacientes-com-esquizofrenia\/"]}]},{"@type":"ImageObject","inLanguage":"pt-BR","@id":"https:\/\/ciencia.ufpr.br\/portal\/biomarcador-indica-alteracoes-na-retina-de-pacientes-com-esquizofrenia\/#primaryimage","url":"https:\/\/ciencia.ufpr.br\/portal\/wp-content\/uploads\/2023\/05\/eye-388238_KirstenTb-Pixabay.jpg","contentUrl":"https:\/\/ciencia.ufpr.br\/portal\/wp-content\/uploads\/2023\/05\/eye-388238_KirstenTb-Pixabay.jpg","width":1920,"height":1080,"caption":"A retina \u00e9 uma estrutura sens\u00edvel \u00e0 luz que est\u00e1 localizada na parte posterior do olho e que a ci\u00eancia acredita ter potencial para refletir as condi\u00e7\u00f5es de sa\u00fade do c\u00e9rebro. Foto: KirstenTb\/Pixabay"},{"@type":"BreadcrumbList","@id":"https:\/\/ciencia.ufpr.br\/portal\/biomarcador-indica-alteracoes-na-retina-de-pacientes-com-esquizofrenia\/#breadcrumb","itemListElement":[{"@type":"ListItem","position":1,"name":"Home","item":"https:\/\/ciencia.ufpr.br\/portal\/"},{"@type":"ListItem","position":2,"name":"Biomarcador indica altera\u00e7\u00f5es na retina de pessoas com esquizofrenia"}]},{"@type":"WebSite","@id":"https:\/\/ciencia.ufpr.br\/portal\/#website","url":"https:\/\/ciencia.ufpr.br\/portal\/","name":"Ci\u00eancia UFPR","description":"Site de temas cient\u00edficos com foco no conhecimento produzido na Universidade Federal do Paran\u00e1 (UFPR). Baseado na Revista Ci\u00eancia UFPR.","publisher":{"@id":"https:\/\/ciencia.ufpr.br\/portal\/#organization"},"potentialAction":[{"@type":"SearchAction","target":{"@type":"EntryPoint","urlTemplate":"https:\/\/ciencia.ufpr.br\/portal\/?s={search_term_string}"},"query-input":{"@type":"PropertyValueSpecification","valueRequired":true,"valueName":"search_term_string"}}],"inLanguage":"pt-BR"},{"@type":"Organization","@id":"https:\/\/ciencia.ufpr.br\/portal\/#organization","name":"Revista Ci\u00eancia UFPR","url":"https:\/\/ciencia.ufpr.br\/portal\/","logo":{"@type":"ImageObject","inLanguage":"pt-BR","@id":"https:\/\/ciencia.ufpr.br\/portal\/#\/schema\/logo\/image\/","url":"https:\/\/ciencia.ufpr.br\/portal\/wp-content\/uploads\/2020\/12\/Revista-Ciencia-UFPR-vermelho.jpeg","contentUrl":"https:\/\/ciencia.ufpr.br\/portal\/wp-content\/uploads\/2020\/12\/Revista-Ciencia-UFPR-vermelho.jpeg","width":992,"height":714,"caption":"Revista Ci\u00eancia UFPR"},"image":{"@id":"https:\/\/ciencia.ufpr.br\/portal\/#\/schema\/logo\/image\/"},"sameAs":["https:\/\/www.facebook.com\/cienciaufproficial","https:\/\/x.com\/cienciaufpr","https:\/\/www.instagram.com\/revistacienciaufpr\/","https:\/\/www.linkedin.com\/company\/cienciaufproficial","https:\/\/br.pinterest.com\/cienciaufpr\/"]},{"@type":"Person","@id":"https:\/\/ciencia.ufpr.br\/portal\/#\/schema\/person\/e85d61d7e7853aeee7c3a597e5f23e43","name":"J\u00e9ssica Tokarski","url":"https:\/\/ciencia.ufpr.br\/portal\/author\/jessicatokarski\/"}]}},"views":2563,"jetpack_sharing_enabled":true,"jetpack_featured_media_url":"https:\/\/ciencia.ufpr.br\/portal\/wp-content\/uploads\/2023\/05\/eye-388238_KirstenTb-Pixabay.jpg","_links":{"self":[{"href":"https:\/\/ciencia.ufpr.br\/portal\/wp-json\/wp\/v2\/posts\/23170"}],"collection":[{"href":"https:\/\/ciencia.ufpr.br\/portal\/wp-json\/wp\/v2\/posts"}],"about":[{"href":"https:\/\/ciencia.ufpr.br\/portal\/wp-json\/wp\/v2\/types\/post"}],"author":[{"embeddable":true,"href":"https:\/\/ciencia.ufpr.br\/portal\/wp-json\/wp\/v2\/users\/2805"}],"replies":[{"embeddable":true,"href":"https:\/\/ciencia.ufpr.br\/portal\/wp-json\/wp\/v2\/comments?post=23170"}],"version-history":[{"count":23,"href":"https:\/\/ciencia.ufpr.br\/portal\/wp-json\/wp\/v2\/posts\/23170\/revisions"}],"predecessor-version":[{"id":24661,"href":"https:\/\/ciencia.ufpr.br\/portal\/wp-json\/wp\/v2\/posts\/23170\/revisions\/24661"}],"wp:featuredmedia":[{"embeddable":true,"href":"https:\/\/ciencia.ufpr.br\/portal\/wp-json\/wp\/v2\/media\/23743"}],"wp:attachment":[{"href":"https:\/\/ciencia.ufpr.br\/portal\/wp-json\/wp\/v2\/media?parent=23170"}],"wp:term":[{"taxonomy":"category","embeddable":true,"href":"https:\/\/ciencia.ufpr.br\/portal\/wp-json\/wp\/v2\/categories?post=23170"},{"taxonomy":"post_tag","embeddable":true,"href":"https:\/\/ciencia.ufpr.br\/portal\/wp-json\/wp\/v2\/tags?post=23170"}],"curies":[{"name":"wp","href":"https:\/\/api.w.org\/{rel}","templated":true}]}}