{"id":23126,"date":"2023-03-24T17:20:19","date_gmt":"2023-03-24T20:20:19","guid":{"rendered":"https:\/\/ciencia.ufpr.br\/portal\/?p=23126"},"modified":"2023-03-24T17:49:26","modified_gmt":"2023-03-24T20:49:26","slug":"inscricoes-abertas-para-o-36o-premio-paranaense-de-ciencia-e-tecnologia","status":"publish","type":"post","link":"https:\/\/ciencia.ufpr.br\/portal\/inscricoes-abertas-para-o-36o-premio-paranaense-de-ciencia-e-tecnologia\/","title":{"rendered":"Inscri\u00e7\u00f5es abertas para o 36\u00ba Pr\u00eamio Paranaense de Ci\u00eancia e Tecnologia"},"content":{"rendered":"<p>Est\u00e3o abertas a partir desta ter\u00e7a-feira (7) as <a href=\"https:\/\/www.seti.pr.gov.br\/premio2023\">inscri\u00e7\u00f5es<\/a> para o 36\u00aa Pr\u00eamio Paranaense de Ci\u00eancia e Tecnologia do Governo do Estado. Nesta edi\u00e7\u00e3o, podem concorrer trabalhos nas \u00e1reas de Ci\u00eancias Agr\u00e1rias e Ci\u00eancias Sociais e Humanas, nas categorias Pesquisador, Extensionista, Estudante de Gradua\u00e7\u00e3o, Inventor Independente e Jornalismo.<\/p>\n<p>Os interessados podem participar em apenas uma \u00e1rea e uma categoria. O prazo para submiss\u00e3o dos projetos segue at\u00e9 7 de julho.<\/p>\n<p>O objetivo \u00e9 reconhecer e estimular a\u00e7\u00f5es de pesquisa e extens\u00e3o, gerar visibilidade para a produ\u00e7\u00e3o paranaense no campo da ci\u00eancia e tecnologia e valorizar a trajet\u00f3ria acad\u00eamica e cient\u00edfica de pesquisadores que atuam em institui\u00e7\u00f5es p\u00fablicas e privadas.<\/p>\n<p>A cada ano, duas \u00e1reas do conhecimento s\u00e3o contempladas, conforme <a href=\"https:\/\/www.gov.br\/capes\/pt-br\/acesso-a-informacao\/acoes-e-programas\/avaliacao\/instrumentos\/documentos-de-apoio-1\/tabela-de-areas-de-conhecimento-avaliacao\">tabela<\/a> da Coordena\u00e7\u00e3o de Aperfei\u00e7oamento de Pessoal de N\u00edvel Superior (Capes).<\/p>\n<p>As dez premia\u00e7\u00f5es somam R$ 184,2 mil, deduzidos os impostos. Os recursos s\u00e3o oriundos do Fundo Paran\u00e1, dota\u00e7\u00e3o administrada pela Secretaria da Ci\u00eancia, Tecnologia e Ensino Superior (Seti), exclusiva para o fomento de iniciativas cient\u00edficas, tecnol\u00f3gicas e de inova\u00e7\u00e3o no territ\u00f3rio paranaense.<\/p>\n<p>Os valores individuais t\u00eam como base o vencimento atribu\u00eddo aos professores das universidades estaduais, no \u00faltimo n\u00edvel da carreira, que atuam em regime de dedica\u00e7\u00e3o exclusiva.<\/p>\n<p>O secret\u00e1rio estadual da Ci\u00eancia, Tecnologia e Ensino Superior do Paran\u00e1, Aldo Nelson Bona, destaca a import\u00e2ncia da premia\u00e7\u00e3o como reconhecimento governamental no \u00e2mbito da difus\u00e3o cient\u00edfica.<\/p>\n<p>\u201cEsse pr\u00eamio \u00e9 importante para incentivar as pessoas envolvidas no fazer cotidiano da ci\u00eancia em todo o Estado, para que busquem a excel\u00eancia e, sobretudo, para que os resultados das pesquisas possam impactar na vida das pessoas e contribuir para transforma\u00e7\u00f5es sociais, inclusive no n\u00edvel do desenvolvimento econ\u00f4mico, na gera\u00e7\u00e3o de emprego e renda e na melhoria da qualidade de vida da sociedade paranaense\u201d, afirma Bona.<\/p>\n<p>O an\u00fancio dos vencedores ocorrer\u00e1 na pr\u00f3pria solenidade de entrega do pr\u00eamio, prevista para acontecer at\u00e9 30 de novembro. Eles ser\u00e3o comunicados com anteced\u00eancia sobre a cerim\u00f4nia.<\/p>\n<h2>Categorias<\/h2>\n<p>As duas primeiras categorias, Pesquisador e Extensionista s\u00e3o destinadas a professores que desenvolvem pesquisas e atividades de extens\u00e3o em institui\u00e7\u00f5es paranaenses de ensino superior ou de pesquisa cient\u00edfica e tecnol\u00f3gica. O valor individual da premia\u00e7\u00e3o em ambas as modalidades \u00e9 R$ 29,4 mil.<\/p>\n<p>A terceira categoria, Estudante de Gradua\u00e7\u00e3o, \u00e9 voltada para alunos de institui\u00e7\u00f5es de ensino superior credenciadas no Minist\u00e9rio da Educa\u00e7\u00e3o (MEC). Os alunos podem inscrever estudos realizados em programas de inicia\u00e7\u00e3o cient\u00edfica, trabalhos de conclus\u00e3o de curso (TCC) e projetos de grupos de pesquisa. Nessa modalidade, cada pr\u00eamio \u00e9 de R$ 9,8 mil.<\/p>\n<p>A quarta categoria, Inventor Independente, contempla residentes do Paran\u00e1, sem v\u00ednculo com institui\u00e7\u00f5es de ensino superior ou de pesquisa, e que n\u00e3o ocupem cargos efetivos, cargos militares e empregos p\u00fablicos. Esses candidatos devem comprovar que a inova\u00e7\u00e3o proposta contribui para o desenvolvimento socioecon\u00f4mico nas \u00e1reas das ci\u00eancias agr\u00e1rias e ci\u00eancias sociais e humanas. Nessa modalidade, o valor individual da premia\u00e7\u00e3o \u00e9 R$ 11,7 mil.<\/p>\n<p>A quinta categoria \u00e9 direcionada para profissionais da imprensa paranaense com reportagens que destacam a ci\u00eancia, tecnologia e inova\u00e7\u00e3o, a partir de a\u00e7\u00f5es desenvolvidas por pesquisadores, grupos de pesquisa e institui\u00e7\u00f5es de ensino superior ou de pesquisa cient\u00edfica e tecnol\u00f3gica.<\/p>\n<p>Com exce\u00e7\u00e3o de produ\u00e7\u00f5es institucionais, os trabalhos podem ser em diferentes formatos e divulgados em meios de comunica\u00e7\u00e3o, como emissoras de r\u00e1dio, TV, podcasts, revistas, jornais e portais de not\u00edcias. As premia\u00e7\u00f5es para essas modalidades s\u00e3o de R$ 11,7 mil, cada uma.<\/p>\n<h2>Avalia\u00e7\u00e3o<\/h2>\n<p>Segundo o <a href=\"https:\/\/www.seti.pr.gov.br\/sites\/default\/arquivos_restritos\/files\/documento\/2022-12\/edital-36oppct_minuta.pdf\">edital<\/a> da premia\u00e7\u00e3o, entre os v\u00e1rios crit\u00e9rios de avalia\u00e7\u00e3o para cada categoria est\u00e3o: a produ\u00e7\u00e3o acad\u00eamica e cient\u00edfica; a participa\u00e7\u00e3o em projetos de ensino, extens\u00e3o, pesquisa e inova\u00e7\u00e3o; participa\u00e7\u00e3o e organiza\u00e7\u00e3o de eventos cient\u00edficos; e o potencial de inova\u00e7\u00e3o, aplicabilidade e de contribui\u00e7\u00e3o para o desenvolvimento social, cient\u00edfico e tecnol\u00f3gico.<\/p>\n<p>Os trabalhos inscritos nas modalidades acad\u00eamicas (Pesquisador, Extensionista e Estudante de Gradua\u00e7\u00e3o) e na modalidade Inventor Independente ser\u00e3o avaliados por pesquisadores de institui\u00e7\u00f5es de outros estados, nos respectivos campos do conhecimento.<\/p>\n<p>J\u00e1 a comiss\u00e3o de avalia\u00e7\u00e3o dos trabalhos de Jornalismo ser\u00e1 composta por pesquisadores da \u00e1rea e por profissionais da imprensa especializada, que atuam em ve\u00edculos de comunica\u00e7\u00e3o de grande circula\u00e7\u00e3o em outros estados brasileiros.<\/p>\n<h2>Servi\u00e7o<\/h2>\n<p>36\u00aa Pr\u00eamio Paranaense de Ci\u00eancia e Tecnologia<\/p>\n<p>Inscri\u00e7\u00f5es: at\u00e9 7 de julho &#8211; <a href=\"https:\/\/www.seti.pr.gov.br\/premio2023\">aqui<\/a><\/p>\n<p>Homologa\u00e7\u00e3o de inscritos: at\u00e9 29 de julho<\/p>\n<p>Entrega das premia\u00e7\u00f5es: at\u00e9 30 de novembro<\/p>\n<h5 style=\"text-align: right;\">Com <a href=\"https:\/\/www.seti.pr.gov.br\/Noticia\/Governo-abre-inscricoes-para-premiacao-na-area-da-Ciencia-e-Tecnologia\">informa\u00e7\u00f5es<\/a> da Secretaria da Ci\u00eancia, Tecnologia e Ensino do Governo do Estado do Paran\u00e1<\/h5>\n","protected":false},"excerpt":{"rendered":"<p>Est\u00e3o abertas a partir desta ter\u00e7a-feira (7) as inscri\u00e7\u00f5es para o 36\u00aa Pr\u00eamio Paranaense de Ci\u00eancia e Tecnologia do Governo&#8230;<\/p>\n","protected":false},"author":2806,"featured_media":23128,"comment_status":"open","ping_status":"closed","sticky":false,"template":"","format":"standard","meta":{"_acf_changed":false,"footnotes":"","fifu_image_url":"https:\/\/www.seti.pr.gov.br\/sites\/default\/arquivos_restritos\/files\/imagem\/2023-03\/pp_fundo_tela_36o_ppct_1920x1080px-01.jpg","fifu_image_alt":"","_jetpack_memberships_contains_paid_content":false},"categories":[1144,1607],"tags":[],"acf":[],"yoast_head":"<!-- This site is optimized with the Yoast SEO plugin v23.5 - https:\/\/yoast.com\/wordpress\/plugins\/seo\/ -->\n<title>Inscri\u00e7\u00f5es abertas para o 36\u00ba Pr\u00eamio Paranaense de Ci\u00eancia e Tecnologia - Ci\u00eancia UFPR<\/title>\n<meta name=\"robots\" content=\"index, follow, max-snippet:-1, max-image-preview:large, max-video-preview:-1\" \/>\n<link rel=\"canonical\" href=\"https:\/\/ciencia.ufpr.br\/portal\/inscricoes-abertas-para-o-36o-premio-paranaense-de-ciencia-e-tecnologia\/\" \/>\n<meta property=\"og:locale\" content=\"pt_BR\" \/>\n<meta property=\"og:type\" content=\"article\" \/>\n<meta property=\"og:title\" content=\"Inscri\u00e7\u00f5es abertas para o 36\u00ba Pr\u00eamio Paranaense de Ci\u00eancia e Tecnologia - Ci\u00eancia UFPR\" \/>\n<meta property=\"og:description\" content=\"Est\u00e3o abertas a partir desta ter\u00e7a-feira (7) as inscri\u00e7\u00f5es para o 36\u00aa Pr\u00eamio Paranaense de Ci\u00eancia e Tecnologia do Governo...\" \/>\n<meta property=\"og:url\" content=\"https:\/\/ciencia.ufpr.br\/portal\/inscricoes-abertas-para-o-36o-premio-paranaense-de-ciencia-e-tecnologia\/\" \/>\n<meta property=\"og:site_name\" content=\"Ci\u00eancia UFPR\" \/>\n<meta property=\"article:publisher\" content=\"https:\/\/www.facebook.com\/cienciaufproficial\" \/>\n<meta property=\"article:author\" content=\"https:\/\/facebook.com\/cienciaufproficial\/\" \/>\n<meta property=\"article:published_time\" content=\"2023-03-24T20:20:19+00:00\" \/>\n<meta property=\"article:modified_time\" content=\"2023-03-24T20:49:26+00:00\" \/>\n<meta property=\"og:image\" content=\"https:\/\/www.seti.pr.gov.br\/sites\/default\/arquivos_restritos\/files\/imagem\/2023-03\/pp_fundo_tela_36o_ppct_1920x1080px-01.jpg\" \/>\n<meta name=\"author\" content=\"Reda\u00e7\u00e3o Ci\u00eancia UFPR\" \/>\n<meta name=\"twitter:card\" content=\"summary_large_image\" \/>\n<meta name=\"twitter:image\" content=\"https:\/\/www.seti.pr.gov.br\/sites\/default\/arquivos_restritos\/files\/imagem\/2023-03\/pp_fundo_tela_36o_ppct_1920x1080px-01.jpg\" \/>\n<meta name=\"twitter:creator\" content=\"@cienciaufpr\" \/>\n<meta name=\"twitter:site\" content=\"@cienciaufpr\" \/>\n<meta name=\"twitter:label1\" content=\"Escrito por\" \/>\n\t<meta name=\"twitter:data1\" content=\"Reda\u00e7\u00e3o Ci\u00eancia UFPR\" \/>\n\t<meta name=\"twitter:label2\" content=\"Est. tempo de leitura\" \/>\n\t<meta name=\"twitter:data2\" content=\"4 minutos\" \/>\n<script type=\"application\/ld+json\" class=\"yoast-schema-graph\">{\"@context\":\"https:\/\/schema.org\",\"@graph\":[{\"@type\":\"Article\",\"@id\":\"https:\/\/ciencia.ufpr.br\/portal\/inscricoes-abertas-para-o-36o-premio-paranaense-de-ciencia-e-tecnologia\/#article\",\"isPartOf\":{\"@id\":\"https:\/\/ciencia.ufpr.br\/portal\/inscricoes-abertas-para-o-36o-premio-paranaense-de-ciencia-e-tecnologia\/\"},\"author\":{\"name\":\"Reda\u00e7\u00e3o Ci\u00eancia UFPR\",\"@id\":\"https:\/\/ciencia.ufpr.br\/portal\/#\/schema\/person\/562217e00c1aa3a8c132639249490a83\"},\"headline\":\"Inscri\u00e7\u00f5es abertas para o 36\u00ba Pr\u00eamio Paranaense de Ci\u00eancia e Tecnologia\",\"datePublished\":\"2023-03-24T20:20:19+00:00\",\"dateModified\":\"2023-03-24T20:49:26+00:00\",\"mainEntityOfPage\":{\"@id\":\"https:\/\/ciencia.ufpr.br\/portal\/inscricoes-abertas-para-o-36o-premio-paranaense-de-ciencia-e-tecnologia\/\"},\"wordCount\":844,\"commentCount\":0,\"publisher\":{\"@id\":\"https:\/\/ciencia.ufpr.br\/portal\/#organization\"},\"image\":{\"@id\":\"https:\/\/ciencia.ufpr.br\/portal\/inscricoes-abertas-para-o-36o-premio-paranaense-de-ciencia-e-tecnologia\/#primaryimage\"},\"thumbnailUrl\":\"https:\/\/www.seti.pr.gov.br\/sites\/default\/arquivos_restritos\/files\/imagem\/2023-03\/pp_fundo_tela_36o_ppct_1920x1080px-01.jpg\",\"articleSection\":[\"Agenda\",\"Pr\u00eamios\"],\"inLanguage\":\"pt-BR\",\"potentialAction\":[{\"@type\":\"CommentAction\",\"name\":\"Comment\",\"target\":[\"https:\/\/ciencia.ufpr.br\/portal\/inscricoes-abertas-para-o-36o-premio-paranaense-de-ciencia-e-tecnologia\/#respond\"]}]},{\"@type\":\"WebPage\",\"@id\":\"https:\/\/ciencia.ufpr.br\/portal\/inscricoes-abertas-para-o-36o-premio-paranaense-de-ciencia-e-tecnologia\/\",\"url\":\"https:\/\/ciencia.ufpr.br\/portal\/inscricoes-abertas-para-o-36o-premio-paranaense-de-ciencia-e-tecnologia\/\",\"name\":\"Inscri\u00e7\u00f5es abertas para o 36\u00ba Pr\u00eamio Paranaense de Ci\u00eancia e Tecnologia - Ci\u00eancia UFPR\",\"isPartOf\":{\"@id\":\"https:\/\/ciencia.ufpr.br\/portal\/#website\"},\"primaryImageOfPage\":{\"@id\":\"https:\/\/ciencia.ufpr.br\/portal\/inscricoes-abertas-para-o-36o-premio-paranaense-de-ciencia-e-tecnologia\/#primaryimage\"},\"image\":{\"@id\":\"https:\/\/ciencia.ufpr.br\/portal\/inscricoes-abertas-para-o-36o-premio-paranaense-de-ciencia-e-tecnologia\/#primaryimage\"},\"thumbnailUrl\":\"https:\/\/www.seti.pr.gov.br\/sites\/default\/arquivos_restritos\/files\/imagem\/2023-03\/pp_fundo_tela_36o_ppct_1920x1080px-01.jpg\",\"datePublished\":\"2023-03-24T20:20:19+00:00\",\"dateModified\":\"2023-03-24T20:49:26+00:00\",\"breadcrumb\":{\"@id\":\"https:\/\/ciencia.ufpr.br\/portal\/inscricoes-abertas-para-o-36o-premio-paranaense-de-ciencia-e-tecnologia\/#breadcrumb\"},\"inLanguage\":\"pt-BR\",\"potentialAction\":[{\"@type\":\"ReadAction\",\"target\":[\"https:\/\/ciencia.ufpr.br\/portal\/inscricoes-abertas-para-o-36o-premio-paranaense-de-ciencia-e-tecnologia\/\"]}]},{\"@type\":\"ImageObject\",\"inLanguage\":\"pt-BR\",\"@id\":\"https:\/\/ciencia.ufpr.br\/portal\/inscricoes-abertas-para-o-36o-premio-paranaense-de-ciencia-e-tecnologia\/#primaryimage\",\"url\":\"https:\/\/www.seti.pr.gov.br\/sites\/default\/arquivos_restritos\/files\/imagem\/2023-03\/pp_fundo_tela_36o_ppct_1920x1080px-01.jpg\",\"contentUrl\":\"https:\/\/www.seti.pr.gov.br\/sites\/default\/arquivos_restritos\/files\/imagem\/2023-03\/pp_fundo_tela_36o_ppct_1920x1080px-01.jpg\",\"width\":\"4000\",\"height\":\"2250\"},{\"@type\":\"BreadcrumbList\",\"@id\":\"https:\/\/ciencia.ufpr.br\/portal\/inscricoes-abertas-para-o-36o-premio-paranaense-de-ciencia-e-tecnologia\/#breadcrumb\",\"itemListElement\":[{\"@type\":\"ListItem\",\"position\":1,\"name\":\"Home\",\"item\":\"https:\/\/ciencia.ufpr.br\/portal\/\"},{\"@type\":\"ListItem\",\"position\":2,\"name\":\"Inscri\u00e7\u00f5es abertas para o 36\u00ba Pr\u00eamio Paranaense de Ci\u00eancia e Tecnologia\"}]},{\"@type\":\"WebSite\",\"@id\":\"https:\/\/ciencia.ufpr.br\/portal\/#website\",\"url\":\"https:\/\/ciencia.ufpr.br\/portal\/\",\"name\":\"Ci\u00eancia UFPR\",\"description\":\"Site de temas cient\u00edficos com foco no conhecimento produzido na Universidade Federal do Paran\u00e1 (UFPR). Baseado na Revista Ci\u00eancia UFPR.\",\"publisher\":{\"@id\":\"https:\/\/ciencia.ufpr.br\/portal\/#organization\"},\"potentialAction\":[{\"@type\":\"SearchAction\",\"target\":{\"@type\":\"EntryPoint\",\"urlTemplate\":\"https:\/\/ciencia.ufpr.br\/portal\/?s={search_term_string}\"},\"query-input\":{\"@type\":\"PropertyValueSpecification\",\"valueRequired\":true,\"valueName\":\"search_term_string\"}}],\"inLanguage\":\"pt-BR\"},{\"@type\":\"Organization\",\"@id\":\"https:\/\/ciencia.ufpr.br\/portal\/#organization\",\"name\":\"Revista Ci\u00eancia UFPR\",\"url\":\"https:\/\/ciencia.ufpr.br\/portal\/\",\"logo\":{\"@type\":\"ImageObject\",\"inLanguage\":\"pt-BR\",\"@id\":\"https:\/\/ciencia.ufpr.br\/portal\/#\/schema\/logo\/image\/\",\"url\":\"https:\/\/ciencia.ufpr.br\/portal\/wp-content\/uploads\/2020\/12\/Revista-Ciencia-UFPR-vermelho.jpeg\",\"contentUrl\":\"https:\/\/ciencia.ufpr.br\/portal\/wp-content\/uploads\/2020\/12\/Revista-Ciencia-UFPR-vermelho.jpeg\",\"width\":992,\"height\":714,\"caption\":\"Revista Ci\u00eancia UFPR\"},\"image\":{\"@id\":\"https:\/\/ciencia.ufpr.br\/portal\/#\/schema\/logo\/image\/\"},\"sameAs\":[\"https:\/\/www.facebook.com\/cienciaufproficial\",\"https:\/\/x.com\/cienciaufpr\",\"https:\/\/www.instagram.com\/revistacienciaufpr\/\",\"https:\/\/www.linkedin.com\/company\/cienciaufproficial\",\"https:\/\/br.pinterest.com\/cienciaufpr\/\"]},{\"@type\":\"Person\",\"@id\":\"https:\/\/ciencia.ufpr.br\/portal\/#\/schema\/person\/562217e00c1aa3a8c132639249490a83\",\"name\":\"Reda\u00e7\u00e3o Ci\u00eancia UFPR\",\"description\":\"Site de jornalismo e divulga\u00e7\u00e3o cient\u00edficos sobre o conhecimento produzido na Universidade Federal do Paran\u00e1 (UFPR). Baseado na Revista Ci\u00eancia UFPR, editada pela Superintend\u00eancia de Comunica\u00e7\u00e3o (Sucom) desde 2016.\",\"sameAs\":[\"https:\/\/facebook.com\/cienciaufproficial\/\",\"https:\/\/www.instagram.com\/revistacienciaufpr\/\",\"https:\/\/x.com\/cienciaufpr\"],\"url\":\"https:\/\/ciencia.ufpr.br\/portal\/author\/revistacienciaufpr\/\"}]}<\/script>\n<!-- \/ Yoast SEO plugin. -->","yoast_head_json":{"title":"Inscri\u00e7\u00f5es abertas para o 36\u00ba Pr\u00eamio Paranaense de Ci\u00eancia e Tecnologia - Ci\u00eancia UFPR","robots":{"index":"index","follow":"follow","max-snippet":"max-snippet:-1","max-image-preview":"max-image-preview:large","max-video-preview":"max-video-preview:-1"},"canonical":"https:\/\/ciencia.ufpr.br\/portal\/inscricoes-abertas-para-o-36o-premio-paranaense-de-ciencia-e-tecnologia\/","og_locale":"pt_BR","og_type":"article","og_title":"Inscri\u00e7\u00f5es abertas para o 36\u00ba Pr\u00eamio Paranaense de Ci\u00eancia e Tecnologia - Ci\u00eancia UFPR","og_description":"Est\u00e3o abertas a partir desta ter\u00e7a-feira (7) as inscri\u00e7\u00f5es para o 36\u00aa Pr\u00eamio Paranaense de Ci\u00eancia e Tecnologia do Governo...","og_url":"https:\/\/ciencia.ufpr.br\/portal\/inscricoes-abertas-para-o-36o-premio-paranaense-de-ciencia-e-tecnologia\/","og_site_name":"Ci\u00eancia UFPR","article_publisher":"https:\/\/www.facebook.com\/cienciaufproficial","article_author":"https:\/\/facebook.com\/cienciaufproficial\/","article_published_time":"2023-03-24T20:20:19+00:00","article_modified_time":"2023-03-24T20:49:26+00:00","og_image":[{"url":"https:\/\/www.seti.pr.gov.br\/sites\/default\/arquivos_restritos\/files\/imagem\/2023-03\/pp_fundo_tela_36o_ppct_1920x1080px-01.jpg"}],"author":"Reda\u00e7\u00e3o Ci\u00eancia UFPR","twitter_card":"summary_large_image","twitter_image":"https:\/\/www.seti.pr.gov.br\/sites\/default\/arquivos_restritos\/files\/imagem\/2023-03\/pp_fundo_tela_36o_ppct_1920x1080px-01.jpg","twitter_creator":"@cienciaufpr","twitter_site":"@cienciaufpr","twitter_misc":{"Escrito por":"Reda\u00e7\u00e3o Ci\u00eancia UFPR","Est. tempo de leitura":"4 minutos"},"schema":{"@context":"https:\/\/schema.org","@graph":[{"@type":"Article","@id":"https:\/\/ciencia.ufpr.br\/portal\/inscricoes-abertas-para-o-36o-premio-paranaense-de-ciencia-e-tecnologia\/#article","isPartOf":{"@id":"https:\/\/ciencia.ufpr.br\/portal\/inscricoes-abertas-para-o-36o-premio-paranaense-de-ciencia-e-tecnologia\/"},"author":{"name":"Reda\u00e7\u00e3o Ci\u00eancia UFPR","@id":"https:\/\/ciencia.ufpr.br\/portal\/#\/schema\/person\/562217e00c1aa3a8c132639249490a83"},"headline":"Inscri\u00e7\u00f5es abertas para o 36\u00ba Pr\u00eamio Paranaense de Ci\u00eancia e Tecnologia","datePublished":"2023-03-24T20:20:19+00:00","dateModified":"2023-03-24T20:49:26+00:00","mainEntityOfPage":{"@id":"https:\/\/ciencia.ufpr.br\/portal\/inscricoes-abertas-para-o-36o-premio-paranaense-de-ciencia-e-tecnologia\/"},"wordCount":844,"commentCount":0,"publisher":{"@id":"https:\/\/ciencia.ufpr.br\/portal\/#organization"},"image":{"@id":"https:\/\/ciencia.ufpr.br\/portal\/inscricoes-abertas-para-o-36o-premio-paranaense-de-ciencia-e-tecnologia\/#primaryimage"},"thumbnailUrl":"https:\/\/www.seti.pr.gov.br\/sites\/default\/arquivos_restritos\/files\/imagem\/2023-03\/pp_fundo_tela_36o_ppct_1920x1080px-01.jpg","articleSection":["Agenda","Pr\u00eamios"],"inLanguage":"pt-BR","potentialAction":[{"@type":"CommentAction","name":"Comment","target":["https:\/\/ciencia.ufpr.br\/portal\/inscricoes-abertas-para-o-36o-premio-paranaense-de-ciencia-e-tecnologia\/#respond"]}]},{"@type":"WebPage","@id":"https:\/\/ciencia.ufpr.br\/portal\/inscricoes-abertas-para-o-36o-premio-paranaense-de-ciencia-e-tecnologia\/","url":"https:\/\/ciencia.ufpr.br\/portal\/inscricoes-abertas-para-o-36o-premio-paranaense-de-ciencia-e-tecnologia\/","name":"Inscri\u00e7\u00f5es abertas para o 36\u00ba Pr\u00eamio Paranaense de Ci\u00eancia e Tecnologia - Ci\u00eancia UFPR","isPartOf":{"@id":"https:\/\/ciencia.ufpr.br\/portal\/#website"},"primaryImageOfPage":{"@id":"https:\/\/ciencia.ufpr.br\/portal\/inscricoes-abertas-para-o-36o-premio-paranaense-de-ciencia-e-tecnologia\/#primaryimage"},"image":{"@id":"https:\/\/ciencia.ufpr.br\/portal\/inscricoes-abertas-para-o-36o-premio-paranaense-de-ciencia-e-tecnologia\/#primaryimage"},"thumbnailUrl":"https:\/\/www.seti.pr.gov.br\/sites\/default\/arquivos_restritos\/files\/imagem\/2023-03\/pp_fundo_tela_36o_ppct_1920x1080px-01.jpg","datePublished":"2023-03-24T20:20:19+00:00","dateModified":"2023-03-24T20:49:26+00:00","breadcrumb":{"@id":"https:\/\/ciencia.ufpr.br\/portal\/inscricoes-abertas-para-o-36o-premio-paranaense-de-ciencia-e-tecnologia\/#breadcrumb"},"inLanguage":"pt-BR","potentialAction":[{"@type":"ReadAction","target":["https:\/\/ciencia.ufpr.br\/portal\/inscricoes-abertas-para-o-36o-premio-paranaense-de-ciencia-e-tecnologia\/"]}]},{"@type":"ImageObject","inLanguage":"pt-BR","@id":"https:\/\/ciencia.ufpr.br\/portal\/inscricoes-abertas-para-o-36o-premio-paranaense-de-ciencia-e-tecnologia\/#primaryimage","url":"https:\/\/www.seti.pr.gov.br\/sites\/default\/arquivos_restritos\/files\/imagem\/2023-03\/pp_fundo_tela_36o_ppct_1920x1080px-01.jpg","contentUrl":"https:\/\/www.seti.pr.gov.br\/sites\/default\/arquivos_restritos\/files\/imagem\/2023-03\/pp_fundo_tela_36o_ppct_1920x1080px-01.jpg","width":"4000","height":"2250"},{"@type":"BreadcrumbList","@id":"https:\/\/ciencia.ufpr.br\/portal\/inscricoes-abertas-para-o-36o-premio-paranaense-de-ciencia-e-tecnologia\/#breadcrumb","itemListElement":[{"@type":"ListItem","position":1,"name":"Home","item":"https:\/\/ciencia.ufpr.br\/portal\/"},{"@type":"ListItem","position":2,"name":"Inscri\u00e7\u00f5es abertas para o 36\u00ba Pr\u00eamio Paranaense de Ci\u00eancia e Tecnologia"}]},{"@type":"WebSite","@id":"https:\/\/ciencia.ufpr.br\/portal\/#website","url":"https:\/\/ciencia.ufpr.br\/portal\/","name":"Ci\u00eancia UFPR","description":"Site de temas cient\u00edficos com foco no conhecimento produzido na Universidade Federal do Paran\u00e1 (UFPR). Baseado na Revista Ci\u00eancia UFPR.","publisher":{"@id":"https:\/\/ciencia.ufpr.br\/portal\/#organization"},"potentialAction":[{"@type":"SearchAction","target":{"@type":"EntryPoint","urlTemplate":"https:\/\/ciencia.ufpr.br\/portal\/?s={search_term_string}"},"query-input":{"@type":"PropertyValueSpecification","valueRequired":true,"valueName":"search_term_string"}}],"inLanguage":"pt-BR"},{"@type":"Organization","@id":"https:\/\/ciencia.ufpr.br\/portal\/#organization","name":"Revista Ci\u00eancia UFPR","url":"https:\/\/ciencia.ufpr.br\/portal\/","logo":{"@type":"ImageObject","inLanguage":"pt-BR","@id":"https:\/\/ciencia.ufpr.br\/portal\/#\/schema\/logo\/image\/","url":"https:\/\/ciencia.ufpr.br\/portal\/wp-content\/uploads\/2020\/12\/Revista-Ciencia-UFPR-vermelho.jpeg","contentUrl":"https:\/\/ciencia.ufpr.br\/portal\/wp-content\/uploads\/2020\/12\/Revista-Ciencia-UFPR-vermelho.jpeg","width":992,"height":714,"caption":"Revista Ci\u00eancia UFPR"},"image":{"@id":"https:\/\/ciencia.ufpr.br\/portal\/#\/schema\/logo\/image\/"},"sameAs":["https:\/\/www.facebook.com\/cienciaufproficial","https:\/\/x.com\/cienciaufpr","https:\/\/www.instagram.com\/revistacienciaufpr\/","https:\/\/www.linkedin.com\/company\/cienciaufproficial","https:\/\/br.pinterest.com\/cienciaufpr\/"]},{"@type":"Person","@id":"https:\/\/ciencia.ufpr.br\/portal\/#\/schema\/person\/562217e00c1aa3a8c132639249490a83","name":"Reda\u00e7\u00e3o Ci\u00eancia UFPR","description":"Site de jornalismo e divulga\u00e7\u00e3o cient\u00edficos sobre o conhecimento produzido na Universidade Federal do Paran\u00e1 (UFPR). Baseado na Revista Ci\u00eancia UFPR, editada pela Superintend\u00eancia de Comunica\u00e7\u00e3o (Sucom) desde 2016.","sameAs":["https:\/\/facebook.com\/cienciaufproficial\/","https:\/\/www.instagram.com\/revistacienciaufpr\/","https:\/\/x.com\/cienciaufpr"],"url":"https:\/\/ciencia.ufpr.br\/portal\/author\/revistacienciaufpr\/"}]}},"views":485,"jetpack_sharing_enabled":true,"jetpack_featured_media_url":"https:\/\/www.seti.pr.gov.br\/sites\/default\/arquivos_restritos\/files\/imagem\/2023-03\/pp_fundo_tela_36o_ppct_1920x1080px-01.jpg","_links":{"self":[{"href":"https:\/\/ciencia.ufpr.br\/portal\/wp-json\/wp\/v2\/posts\/23126"}],"collection":[{"href":"https:\/\/ciencia.ufpr.br\/portal\/wp-json\/wp\/v2\/posts"}],"about":[{"href":"https:\/\/ciencia.ufpr.br\/portal\/wp-json\/wp\/v2\/types\/post"}],"author":[{"embeddable":true,"href":"https:\/\/ciencia.ufpr.br\/portal\/wp-json\/wp\/v2\/users\/2806"}],"replies":[{"embeddable":true,"href":"https:\/\/ciencia.ufpr.br\/portal\/wp-json\/wp\/v2\/comments?post=23126"}],"version-history":[{"count":3,"href":"https:\/\/ciencia.ufpr.br\/portal\/wp-json\/wp\/v2\/posts\/23126\/revisions"}],"predecessor-version":[{"id":23130,"href":"https:\/\/ciencia.ufpr.br\/portal\/wp-json\/wp\/v2\/posts\/23126\/revisions\/23130"}],"wp:featuredmedia":[{"embeddable":true,"href":"https:\/\/ciencia.ufpr.br\/portal\/wp-json\/wp\/v2\/media\/23128"}],"wp:attachment":[{"href":"https:\/\/ciencia.ufpr.br\/portal\/wp-json\/wp\/v2\/media?parent=23126"}],"wp:term":[{"taxonomy":"category","embeddable":true,"href":"https:\/\/ciencia.ufpr.br\/portal\/wp-json\/wp\/v2\/categories?post=23126"},{"taxonomy":"post_tag","embeddable":true,"href":"https:\/\/ciencia.ufpr.br\/portal\/wp-json\/wp\/v2\/tags?post=23126"}],"curies":[{"name":"wp","href":"https:\/\/api.w.org\/{rel}","templated":true}]}}