{"id":23117,"date":"2020-12-15T22:29:04","date_gmt":"2020-12-16T01:29:04","guid":{"rendered":"https:\/\/ciencia.ufpr.br\/portal\/?p=23117"},"modified":"2024-11-22T11:14:55","modified_gmt":"2024-11-22T14:14:55","slug":"ciencia-ufpr-na-midia-2","status":"publish","type":"post","link":"https:\/\/ciencia.ufpr.br\/portal\/ciencia-ufpr-na-midia-2\/","title":{"rendered":"Ci\u00eancia UFPR na M\u00eddia"},"content":{"rendered":"<h2>28\/12<\/h2>\n<h5>TV GLOBO (JORNAL NACIONAL) &#8211; Pesquisadores descobriram uma esp\u00e9cie nova de caramujo no litoral do Paran\u00e1 (<a href=\"https:\/\/globoplay.globo.com\/v\/9136307\/\" target=\"_blank\" rel=\"noopener\">assista<\/a>)<\/h5>\n<h5>LIVRE.JOR &#8211; Grande Curitiba n\u00e3o enfrentou a pandemia, s\u00f3 \u201cgerenciou\u201d, afirmam pesquisadores da UFPR (<a href=\"https:\/\/livre.jor.br\/metropolitana-curitiba-pandemia-ufpr\/\" target=\"_blank\" rel=\"noopener\">leia<\/a>)<\/h5>\n<h2>7\/12<\/h2>\n<h5>VEJA SA\u00daDE &#8211;\u00a0A\u00e7a\u00ed contaminado \u00e9 o grande motivo por tr\u00e1s da Doen\u00e7a de Chagas (<a href=\"https:\/\/saude.abril.com.br\/alimentacao\/acai-contaminado-e-o-grande-motivo-por-tras-da-doenca-de-chagas\/\" target=\"_blank\" rel=\"noopener\">leia<\/a>)<\/h5>\n<h2>1\/12<\/h2>\n<h5>METR\u00d3POLES &#8211; Cientistas brasileiros criam repelente que \u201cconfunde\u201d mosquito da dengue (<a href=\"https:\/\/www.metropoles.com\/saude\/cientistas-brasileiros-criam-repelente-que-confunde-mosquito-da-dengue\" target=\"_blank\" rel=\"noopener\">leia<\/a>)<\/h5>\n<h5>FATO Agenda &#8211; Cientistas da UFPR criam repelente contra mosquito da dengue baseado em t\u00e1tica evolutiva do inseto (<a href=\"https:\/\/fatoagenda.com.br\/2020\/12\/01\/cientistas-da-ufpr-criam-repelente-contra-mosquito-da-dengue-baseado-em-tatica-evolutiva-do-inseto\/\" target=\"_blank\" rel=\"noopener\">leia<\/a>)<\/h5>\n","protected":false},"excerpt":{"rendered":"<p>28\/12 TV GLOBO (JORNAL NACIONAL) &#8211; Pesquisadores descobriram uma esp\u00e9cie nova de caramujo no litoral do Paran\u00e1 (assista) LIVRE.JOR &#8211;&#8230;<\/p>\n","protected":false},"author":2801,"featured_media":23118,"comment_status":"open","ping_status":"closed","sticky":false,"template":"","format":"standard","meta":{"_acf_changed":false,"footnotes":"","fifu_image_url":"","fifu_image_alt":"","_jetpack_memberships_contains_paid_content":false},"categories":[2245],"tags":[1865,2248],"acf":[],"yoast_head":"<!-- This site is optimized with the Yoast SEO plugin v23.5 - https:\/\/yoast.com\/wordpress\/plugins\/seo\/ -->\n<title>Ci\u00eancia UFPR na M\u00eddia - Ci\u00eancia UFPR<\/title>\n<meta name=\"description\" content=\"Repercuss\u00e3o do nosso conte\u00fado na imprensa no ano de 2020.\" \/>\n<meta name=\"robots\" content=\"index, follow, max-snippet:-1, max-image-preview:large, max-video-preview:-1\" \/>\n<link rel=\"canonical\" href=\"https:\/\/ciencia.ufpr.br\/portal\/ciencia-ufpr-na-midia-2\/\" \/>\n<meta property=\"og:locale\" content=\"pt_BR\" \/>\n<meta property=\"og:type\" content=\"article\" \/>\n<meta property=\"og:title\" content=\"Ci\u00eancia UFPR na M\u00eddia - Ci\u00eancia UFPR\" \/>\n<meta property=\"og:description\" content=\"Repercuss\u00e3o do nosso conte\u00fado na imprensa no ano de 2020.\" \/>\n<meta property=\"og:url\" content=\"https:\/\/ciencia.ufpr.br\/portal\/ciencia-ufpr-na-midia-2\/\" \/>\n<meta property=\"og:site_name\" content=\"Ci\u00eancia UFPR\" \/>\n<meta property=\"article:publisher\" content=\"https:\/\/www.facebook.com\/cienciaufproficial\" \/>\n<meta property=\"article:author\" content=\"https:\/\/facebook.com\/cienciaufproficial\/\" \/>\n<meta property=\"article:published_time\" content=\"2020-12-16T01:29:04+00:00\" \/>\n<meta property=\"article:modified_time\" content=\"2024-11-22T14:14:55+00:00\" \/>\n<meta property=\"og:image\" content=\"https:\/\/ciencia.ufpr.br\/portal\/wp-content\/uploads\/2023\/03\/cienciaufprnamidia_2020-scaled.jpg\" \/>\n\t<meta property=\"og:image:width\" content=\"2560\" \/>\n\t<meta property=\"og:image:height\" content=\"1440\" \/>\n\t<meta property=\"og:image:type\" content=\"image\/jpeg\" \/>\n<meta name=\"author\" content=\"Revista Ci\u00eancia UFPR\" \/>\n<meta name=\"twitter:card\" content=\"summary_large_image\" \/>\n<meta name=\"twitter:creator\" content=\"@cienciaufpr\" \/>\n<meta name=\"twitter:site\" content=\"@cienciaufpr\" \/>\n<meta name=\"twitter:label1\" content=\"Escrito por\" \/>\n\t<meta name=\"twitter:data1\" content=\"Revista Ci\u00eancia UFPR\" \/>\n<script type=\"application\/ld+json\" class=\"yoast-schema-graph\">{\"@context\":\"https:\/\/schema.org\",\"@graph\":[{\"@type\":\"Article\",\"@id\":\"https:\/\/ciencia.ufpr.br\/portal\/ciencia-ufpr-na-midia-2\/#article\",\"isPartOf\":{\"@id\":\"https:\/\/ciencia.ufpr.br\/portal\/ciencia-ufpr-na-midia-2\/\"},\"author\":{\"name\":\"Revista Ci\u00eancia UFPR\",\"@id\":\"https:\/\/ciencia.ufpr.br\/portal\/#\/schema\/person\/667496d81ec02b6172c2caededef2737\"},\"headline\":\"Ci\u00eancia UFPR na M\u00eddia\",\"datePublished\":\"2020-12-16T01:29:04+00:00\",\"dateModified\":\"2024-11-22T14:14:55+00:00\",\"mainEntityOfPage\":{\"@id\":\"https:\/\/ciencia.ufpr.br\/portal\/ciencia-ufpr-na-midia-2\/\"},\"wordCount\":93,\"commentCount\":0,\"publisher\":{\"@id\":\"https:\/\/ciencia.ufpr.br\/portal\/#organization\"},\"image\":{\"@id\":\"https:\/\/ciencia.ufpr.br\/portal\/ciencia-ufpr-na-midia-2\/#primaryimage\"},\"thumbnailUrl\":\"https:\/\/ciencia.ufpr.br\/portal\/wp-content\/uploads\/2023\/03\/cienciaufprnamidia_2020-scaled.jpg\",\"keywords\":[\"2020\",\"Ci\u00eancia UFPR na M\u00eddia\"],\"articleSection\":[\"Na m\u00eddia\"],\"inLanguage\":\"pt-BR\",\"potentialAction\":[{\"@type\":\"CommentAction\",\"name\":\"Comment\",\"target\":[\"https:\/\/ciencia.ufpr.br\/portal\/ciencia-ufpr-na-midia-2\/#respond\"]}]},{\"@type\":\"WebPage\",\"@id\":\"https:\/\/ciencia.ufpr.br\/portal\/ciencia-ufpr-na-midia-2\/\",\"url\":\"https:\/\/ciencia.ufpr.br\/portal\/ciencia-ufpr-na-midia-2\/\",\"name\":\"Ci\u00eancia UFPR na M\u00eddia - Ci\u00eancia UFPR\",\"isPartOf\":{\"@id\":\"https:\/\/ciencia.ufpr.br\/portal\/#website\"},\"primaryImageOfPage\":{\"@id\":\"https:\/\/ciencia.ufpr.br\/portal\/ciencia-ufpr-na-midia-2\/#primaryimage\"},\"image\":{\"@id\":\"https:\/\/ciencia.ufpr.br\/portal\/ciencia-ufpr-na-midia-2\/#primaryimage\"},\"thumbnailUrl\":\"https:\/\/ciencia.ufpr.br\/portal\/wp-content\/uploads\/2023\/03\/cienciaufprnamidia_2020-scaled.jpg\",\"datePublished\":\"2020-12-16T01:29:04+00:00\",\"dateModified\":\"2024-11-22T14:14:55+00:00\",\"description\":\"Repercuss\u00e3o do nosso conte\u00fado na imprensa no ano de 2020.\",\"breadcrumb\":{\"@id\":\"https:\/\/ciencia.ufpr.br\/portal\/ciencia-ufpr-na-midia-2\/#breadcrumb\"},\"inLanguage\":\"pt-BR\",\"potentialAction\":[{\"@type\":\"ReadAction\",\"target\":[\"https:\/\/ciencia.ufpr.br\/portal\/ciencia-ufpr-na-midia-2\/\"]}]},{\"@type\":\"ImageObject\",\"inLanguage\":\"pt-BR\",\"@id\":\"https:\/\/ciencia.ufpr.br\/portal\/ciencia-ufpr-na-midia-2\/#primaryimage\",\"url\":\"https:\/\/ciencia.ufpr.br\/portal\/wp-content\/uploads\/2023\/03\/cienciaufprnamidia_2020-scaled.jpg\",\"contentUrl\":\"https:\/\/ciencia.ufpr.br\/portal\/wp-content\/uploads\/2023\/03\/cienciaufprnamidia_2020-scaled.jpg\",\"width\":2560,\"height\":1440},{\"@type\":\"BreadcrumbList\",\"@id\":\"https:\/\/ciencia.ufpr.br\/portal\/ciencia-ufpr-na-midia-2\/#breadcrumb\",\"itemListElement\":[{\"@type\":\"ListItem\",\"position\":1,\"name\":\"Home\",\"item\":\"https:\/\/ciencia.ufpr.br\/portal\/\"},{\"@type\":\"ListItem\",\"position\":2,\"name\":\"Ci\u00eancia UFPR na M\u00eddia\"}]},{\"@type\":\"WebSite\",\"@id\":\"https:\/\/ciencia.ufpr.br\/portal\/#website\",\"url\":\"https:\/\/ciencia.ufpr.br\/portal\/\",\"name\":\"Ci\u00eancia UFPR\",\"description\":\"Site de temas cient\u00edficos com foco no conhecimento produzido na Universidade Federal do Paran\u00e1 (UFPR). Baseado na Revista Ci\u00eancia UFPR.\",\"publisher\":{\"@id\":\"https:\/\/ciencia.ufpr.br\/portal\/#organization\"},\"potentialAction\":[{\"@type\":\"SearchAction\",\"target\":{\"@type\":\"EntryPoint\",\"urlTemplate\":\"https:\/\/ciencia.ufpr.br\/portal\/?s={search_term_string}\"},\"query-input\":{\"@type\":\"PropertyValueSpecification\",\"valueRequired\":true,\"valueName\":\"search_term_string\"}}],\"inLanguage\":\"pt-BR\"},{\"@type\":\"Organization\",\"@id\":\"https:\/\/ciencia.ufpr.br\/portal\/#organization\",\"name\":\"Revista Ci\u00eancia UFPR\",\"url\":\"https:\/\/ciencia.ufpr.br\/portal\/\",\"logo\":{\"@type\":\"ImageObject\",\"inLanguage\":\"pt-BR\",\"@id\":\"https:\/\/ciencia.ufpr.br\/portal\/#\/schema\/logo\/image\/\",\"url\":\"https:\/\/ciencia.ufpr.br\/portal\/wp-content\/uploads\/2020\/12\/Revista-Ciencia-UFPR-vermelho.jpeg\",\"contentUrl\":\"https:\/\/ciencia.ufpr.br\/portal\/wp-content\/uploads\/2020\/12\/Revista-Ciencia-UFPR-vermelho.jpeg\",\"width\":992,\"height\":714,\"caption\":\"Revista Ci\u00eancia UFPR\"},\"image\":{\"@id\":\"https:\/\/ciencia.ufpr.br\/portal\/#\/schema\/logo\/image\/\"},\"sameAs\":[\"https:\/\/www.facebook.com\/cienciaufproficial\",\"https:\/\/x.com\/cienciaufpr\",\"https:\/\/www.instagram.com\/revistacienciaufpr\/\",\"https:\/\/www.linkedin.com\/company\/cienciaufproficial\",\"https:\/\/br.pinterest.com\/cienciaufpr\/\"]},{\"@type\":\"Person\",\"@id\":\"https:\/\/ciencia.ufpr.br\/portal\/#\/schema\/person\/667496d81ec02b6172c2caededef2737\",\"name\":\"Revista Ci\u00eancia UFPR\",\"description\":\"Site de jornalismo e divulga\u00e7\u00e3o cient\u00edficos sobre o conhecimento produzido na Universidade Federal do Paran\u00e1 (UFPR). Baseado na Revista Ci\u00eancia UFPR, editada pela Superintend\u00eancia de Comunica\u00e7\u00e3o (Sucom) desde 2016.\",\"sameAs\":[\"https:\/\/ciencia.ufpr.br\/portal\/\",\"https:\/\/facebook.com\/cienciaufproficial\/\",\"https:\/\/www.instagram.com\/revistacienciaufpr\/\",\"https:\/\/br.pinterest.com\/cienciaufpr\/\",\"https:\/\/x.com\/cienciaufpr\",\"https:\/\/soundcloud.com\/revista-ciencia-ufpr\"],\"url\":\"https:\/\/ciencia.ufpr.br\/portal\/author\/revistaciencia\/\"}]}<\/script>\n<!-- \/ Yoast SEO plugin. -->","yoast_head_json":{"title":"Ci\u00eancia UFPR na M\u00eddia - Ci\u00eancia UFPR","description":"Repercuss\u00e3o do nosso conte\u00fado na imprensa no ano de 2020.","robots":{"index":"index","follow":"follow","max-snippet":"max-snippet:-1","max-image-preview":"max-image-preview:large","max-video-preview":"max-video-preview:-1"},"canonical":"https:\/\/ciencia.ufpr.br\/portal\/ciencia-ufpr-na-midia-2\/","og_locale":"pt_BR","og_type":"article","og_title":"Ci\u00eancia UFPR na M\u00eddia - Ci\u00eancia UFPR","og_description":"Repercuss\u00e3o do nosso conte\u00fado na imprensa no ano de 2020.","og_url":"https:\/\/ciencia.ufpr.br\/portal\/ciencia-ufpr-na-midia-2\/","og_site_name":"Ci\u00eancia UFPR","article_publisher":"https:\/\/www.facebook.com\/cienciaufproficial","article_author":"https:\/\/facebook.com\/cienciaufproficial\/","article_published_time":"2020-12-16T01:29:04+00:00","article_modified_time":"2024-11-22T14:14:55+00:00","og_image":[{"width":2560,"height":1440,"url":"https:\/\/ciencia.ufpr.br\/portal\/wp-content\/uploads\/2023\/03\/cienciaufprnamidia_2020-scaled.jpg","type":"image\/jpeg"}],"author":"Revista Ci\u00eancia UFPR","twitter_card":"summary_large_image","twitter_creator":"@cienciaufpr","twitter_site":"@cienciaufpr","twitter_misc":{"Escrito por":"Revista Ci\u00eancia UFPR"},"schema":{"@context":"https:\/\/schema.org","@graph":[{"@type":"Article","@id":"https:\/\/ciencia.ufpr.br\/portal\/ciencia-ufpr-na-midia-2\/#article","isPartOf":{"@id":"https:\/\/ciencia.ufpr.br\/portal\/ciencia-ufpr-na-midia-2\/"},"author":{"name":"Revista Ci\u00eancia UFPR","@id":"https:\/\/ciencia.ufpr.br\/portal\/#\/schema\/person\/667496d81ec02b6172c2caededef2737"},"headline":"Ci\u00eancia UFPR na M\u00eddia","datePublished":"2020-12-16T01:29:04+00:00","dateModified":"2024-11-22T14:14:55+00:00","mainEntityOfPage":{"@id":"https:\/\/ciencia.ufpr.br\/portal\/ciencia-ufpr-na-midia-2\/"},"wordCount":93,"commentCount":0,"publisher":{"@id":"https:\/\/ciencia.ufpr.br\/portal\/#organization"},"image":{"@id":"https:\/\/ciencia.ufpr.br\/portal\/ciencia-ufpr-na-midia-2\/#primaryimage"},"thumbnailUrl":"https:\/\/ciencia.ufpr.br\/portal\/wp-content\/uploads\/2023\/03\/cienciaufprnamidia_2020-scaled.jpg","keywords":["2020","Ci\u00eancia UFPR na M\u00eddia"],"articleSection":["Na m\u00eddia"],"inLanguage":"pt-BR","potentialAction":[{"@type":"CommentAction","name":"Comment","target":["https:\/\/ciencia.ufpr.br\/portal\/ciencia-ufpr-na-midia-2\/#respond"]}]},{"@type":"WebPage","@id":"https:\/\/ciencia.ufpr.br\/portal\/ciencia-ufpr-na-midia-2\/","url":"https:\/\/ciencia.ufpr.br\/portal\/ciencia-ufpr-na-midia-2\/","name":"Ci\u00eancia UFPR na M\u00eddia - Ci\u00eancia UFPR","isPartOf":{"@id":"https:\/\/ciencia.ufpr.br\/portal\/#website"},"primaryImageOfPage":{"@id":"https:\/\/ciencia.ufpr.br\/portal\/ciencia-ufpr-na-midia-2\/#primaryimage"},"image":{"@id":"https:\/\/ciencia.ufpr.br\/portal\/ciencia-ufpr-na-midia-2\/#primaryimage"},"thumbnailUrl":"https:\/\/ciencia.ufpr.br\/portal\/wp-content\/uploads\/2023\/03\/cienciaufprnamidia_2020-scaled.jpg","datePublished":"2020-12-16T01:29:04+00:00","dateModified":"2024-11-22T14:14:55+00:00","description":"Repercuss\u00e3o do nosso conte\u00fado na imprensa no ano de 2020.","breadcrumb":{"@id":"https:\/\/ciencia.ufpr.br\/portal\/ciencia-ufpr-na-midia-2\/#breadcrumb"},"inLanguage":"pt-BR","potentialAction":[{"@type":"ReadAction","target":["https:\/\/ciencia.ufpr.br\/portal\/ciencia-ufpr-na-midia-2\/"]}]},{"@type":"ImageObject","inLanguage":"pt-BR","@id":"https:\/\/ciencia.ufpr.br\/portal\/ciencia-ufpr-na-midia-2\/#primaryimage","url":"https:\/\/ciencia.ufpr.br\/portal\/wp-content\/uploads\/2023\/03\/cienciaufprnamidia_2020-scaled.jpg","contentUrl":"https:\/\/ciencia.ufpr.br\/portal\/wp-content\/uploads\/2023\/03\/cienciaufprnamidia_2020-scaled.jpg","width":2560,"height":1440},{"@type":"BreadcrumbList","@id":"https:\/\/ciencia.ufpr.br\/portal\/ciencia-ufpr-na-midia-2\/#breadcrumb","itemListElement":[{"@type":"ListItem","position":1,"name":"Home","item":"https:\/\/ciencia.ufpr.br\/portal\/"},{"@type":"ListItem","position":2,"name":"Ci\u00eancia UFPR na M\u00eddia"}]},{"@type":"WebSite","@id":"https:\/\/ciencia.ufpr.br\/portal\/#website","url":"https:\/\/ciencia.ufpr.br\/portal\/","name":"Ci\u00eancia UFPR","description":"Site de temas cient\u00edficos com foco no conhecimento produzido na Universidade Federal do Paran\u00e1 (UFPR). Baseado na Revista Ci\u00eancia UFPR.","publisher":{"@id":"https:\/\/ciencia.ufpr.br\/portal\/#organization"},"potentialAction":[{"@type":"SearchAction","target":{"@type":"EntryPoint","urlTemplate":"https:\/\/ciencia.ufpr.br\/portal\/?s={search_term_string}"},"query-input":{"@type":"PropertyValueSpecification","valueRequired":true,"valueName":"search_term_string"}}],"inLanguage":"pt-BR"},{"@type":"Organization","@id":"https:\/\/ciencia.ufpr.br\/portal\/#organization","name":"Revista Ci\u00eancia UFPR","url":"https:\/\/ciencia.ufpr.br\/portal\/","logo":{"@type":"ImageObject","inLanguage":"pt-BR","@id":"https:\/\/ciencia.ufpr.br\/portal\/#\/schema\/logo\/image\/","url":"https:\/\/ciencia.ufpr.br\/portal\/wp-content\/uploads\/2020\/12\/Revista-Ciencia-UFPR-vermelho.jpeg","contentUrl":"https:\/\/ciencia.ufpr.br\/portal\/wp-content\/uploads\/2020\/12\/Revista-Ciencia-UFPR-vermelho.jpeg","width":992,"height":714,"caption":"Revista Ci\u00eancia UFPR"},"image":{"@id":"https:\/\/ciencia.ufpr.br\/portal\/#\/schema\/logo\/image\/"},"sameAs":["https:\/\/www.facebook.com\/cienciaufproficial","https:\/\/x.com\/cienciaufpr","https:\/\/www.instagram.com\/revistacienciaufpr\/","https:\/\/www.linkedin.com\/company\/cienciaufproficial","https:\/\/br.pinterest.com\/cienciaufpr\/"]},{"@type":"Person","@id":"https:\/\/ciencia.ufpr.br\/portal\/#\/schema\/person\/667496d81ec02b6172c2caededef2737","name":"Revista Ci\u00eancia UFPR","description":"Site de jornalismo e divulga\u00e7\u00e3o cient\u00edficos sobre o conhecimento produzido na Universidade Federal do Paran\u00e1 (UFPR). Baseado na Revista Ci\u00eancia UFPR, editada pela Superintend\u00eancia de Comunica\u00e7\u00e3o (Sucom) desde 2016.","sameAs":["https:\/\/ciencia.ufpr.br\/portal\/","https:\/\/facebook.com\/cienciaufproficial\/","https:\/\/www.instagram.com\/revistacienciaufpr\/","https:\/\/br.pinterest.com\/cienciaufpr\/","https:\/\/x.com\/cienciaufpr","https:\/\/soundcloud.com\/revista-ciencia-ufpr"],"url":"https:\/\/ciencia.ufpr.br\/portal\/author\/revistaciencia\/"}]}},"views":611,"jetpack_sharing_enabled":true,"jetpack_featured_media_url":"https:\/\/ciencia.ufpr.br\/portal\/wp-content\/uploads\/2023\/03\/cienciaufprnamidia_2020-scaled.jpg","_links":{"self":[{"href":"https:\/\/ciencia.ufpr.br\/portal\/wp-json\/wp\/v2\/posts\/23117"}],"collection":[{"href":"https:\/\/ciencia.ufpr.br\/portal\/wp-json\/wp\/v2\/posts"}],"about":[{"href":"https:\/\/ciencia.ufpr.br\/portal\/wp-json\/wp\/v2\/types\/post"}],"author":[{"embeddable":true,"href":"https:\/\/ciencia.ufpr.br\/portal\/wp-json\/wp\/v2\/users\/2801"}],"replies":[{"embeddable":true,"href":"https:\/\/ciencia.ufpr.br\/portal\/wp-json\/wp\/v2\/comments?post=23117"}],"version-history":[{"count":6,"href":"https:\/\/ciencia.ufpr.br\/portal\/wp-json\/wp\/v2\/posts\/23117\/revisions"}],"predecessor-version":[{"id":26001,"href":"https:\/\/ciencia.ufpr.br\/portal\/wp-json\/wp\/v2\/posts\/23117\/revisions\/26001"}],"wp:featuredmedia":[{"embeddable":true,"href":"https:\/\/ciencia.ufpr.br\/portal\/wp-json\/wp\/v2\/media\/23118"}],"wp:attachment":[{"href":"https:\/\/ciencia.ufpr.br\/portal\/wp-json\/wp\/v2\/media?parent=23117"}],"wp:term":[{"taxonomy":"category","embeddable":true,"href":"https:\/\/ciencia.ufpr.br\/portal\/wp-json\/wp\/v2\/categories?post=23117"},{"taxonomy":"post_tag","embeddable":true,"href":"https:\/\/ciencia.ufpr.br\/portal\/wp-json\/wp\/v2\/tags?post=23117"}],"curies":[{"name":"wp","href":"https:\/\/api.w.org\/{rel}","templated":true}]}}