{"id":23101,"date":"2021-01-01T18:41:20","date_gmt":"2021-01-01T21:41:20","guid":{"rendered":"https:\/\/ciencia.ufpr.br\/portal\/?p=23101"},"modified":"2026-01-19T12:58:34","modified_gmt":"2026-01-19T15:58:34","slug":"ciencia-ufpr-na-midia-2021","status":"publish","type":"post","link":"https:\/\/ciencia.ufpr.br\/portal\/ciencia-ufpr-na-midia-2021\/","title":{"rendered":"Ci\u00eancia UFPR na M\u00eddia"},"content":{"rendered":"<h2>6\/12<\/h2>\n<h5>MURAL DO PARAN\u00c1 &#8211; Popula\u00e7\u00e3o negra \u00e9 mais intolerante \u00e0 lactose, explica pesquisa da UFPR (<a href=\"http:\/\/muraldoparana.com.br\/populacao-negra-e-mais-intolerante-a-lactose-explica-pesquisa-da-ufpr\/\" target=\"_blank\" rel=\"noopener\">leia<\/a>)<\/h5>\n<h2>22\/11<\/h2>\n<h5>MEDICINA SA &#8211; Cientistas da UFPR treinam Intelig\u00eancia Artificial para apoiar diagn\u00f3stico de AVC (<a href=\"https:\/\/medicinasa.com.br\/ia-avc\/\" target=\"_blank\" rel=\"noopener\">leia<\/a>)<\/h5>\n<h2>12\/11<\/h2>\n<h5>VEJA SA\u00daDE &#8211;\u00a0Adolescentes dormiram mais e melhor durante a pandemia, aponta estudo (<a href=\"https:\/\/saude.abril.com.br\/familia\/adolescentes-dormiram-mais-e-melhor-durante-a-pandemia-aponta-estudo\/\" target=\"_blank\" rel=\"noopener\">leia<\/a>)<\/h5>\n<h2>8\/10<\/h2>\n<h5>CICLO VIVO &#8211; Polinizadores podem aumentar a produ\u00e7\u00e3o agr\u00edcola do Paran\u00e1 (<a href=\"https:\/\/ciclovivo.com.br\/planeta\/desenvolvimento\/polinizadores-podem-aumentar-a-producao-agricola-do-parana\/\" target=\"_blank\" rel=\"noopener\">leia<\/a>)<\/h5>\n<h2>16\/9<\/h2>\n<h5>O PRESENTE &#8211; UFPR desenvolve m\u00e9todo para detectar fraudes na composi\u00e7\u00e3o do diesel (<a href=\"https:\/\/www.opresente.com.br\/parana\/ufpr-desenvolve-metodo-para-detectar-fraudes-na-composicao-do-diesel\/\" target=\"_blank\" rel=\"noopener\">leia<\/a>)<\/h5>\n<h2>27\/8<\/h2>\n<h5>MEDICINA SA &#8211; Mol\u00e9cula de regi\u00e3o pouco estudada do DNA \u00e9 ligada ao c\u00e2ncer de mama (<a href=\"https:\/\/medicinasa.com.br\/rna-cancer-mama\/\" target=\"_blank\" rel=\"noopener\">leia<\/a>)<\/h5>\n<h2>24\/8<\/h2>\n<h5>VEGAZETA &#8211; Cientistas encontram evid\u00eancias de ac\u00famulo de g\u00e1s metano na ba\u00eda de Paranagu\u00e1 (<a href=\"https:\/\/vegazeta.com.br\/cientistas-encontram-evidencias-de-acumulo-de-gas-metano-na-baia-de-paranagua\/\" target=\"_blank\" rel=\"noopener\">leia<\/a>)<\/h5>\n<h2>3\/8<\/h2>\n<h5>AGRO EM DIA &#8211; Secagem de erva-mate por micro-ondas mant\u00e9m colora\u00e7\u00e3o e propriedades qu\u00edmicas (<a href=\"https:\/\/agroemdia.com.br\/2021\/08\/03\/secagem-de-erva-mate-por-micro-ondas-mantem-coloracao-e-propriedades-quimicas\/\" target=\"_blank\" rel=\"noopener\">leia<\/a>)<\/h5>\n<h2>28\/7<\/h2>\n<h5>ANDIFES &#8211; UFPR \u2013 Dura\u00e7\u00e3o e frequ\u00eancia dos cochilos afetam aprendizado de adolescentes, aponta estudo (<a href=\"https:\/\/www.andifes.org.br\/?p=89194\" target=\"_blank\" rel=\"noopener\">leia<\/a>)<\/h5>\n<h2>6\/7<\/h2>\n<h5>METR\u00d3POLES &#8211; UFPR cria primeiro teste que detecta tr\u00eas anticorpos contra a Covid-19 (<a href=\"https:\/\/www.metropoles.com\/saude\/ufpr-cria-primeiro-teste-que-detecta-tres-anticorpos-contra-a-covid-19\" target=\"_blank\" rel=\"noopener\">leia<\/a>)<\/h5>\n<h2>5\/7<\/h2>\n<h5>CAPES &#8211; Covid-19: UFPR cria primeiro teste que detecta tr\u00eas anticorpos (<a href=\"https:\/\/www.gov.br\/capes\/pt-br\/assuntos\/noticias\/ufpr-cria-primeiro-teste-que-detecta-tres-anticorpos\" target=\"_blank\" rel=\"noopener\">leia<\/a>)<\/h5>\n<h2>17\/6<\/h2>\n<h5>ANDIFES &#8211; UFPR \u2013 M\u00e9todo melhora previs\u00e3o de chuvas no Brasil para per\u00edodo que desafia meteorologistas (<a href=\"https:\/\/www.andifes.org.br\/?p=88084\" target=\"_blank\" rel=\"noopener\">leia<\/a>)<\/h5>\n<h2>27\/4<\/h2>\n<h5>NOT\u00cdCIA SUSTENT\u00c1VEL &#8211; Microalgas ajudam a tratar efluente do etanol (<a href=\"https:\/\/www.noticiasustentavel.com.br\/microalgas-ajudam-tratar-efluente-etanol\/\" target=\"_blank\" rel=\"noopener\">leia<\/a>)<\/h5>\n<h2>26\/4<\/h2>\n<h5>NOVA CANA &#8211; Microalgas encapsuladas ajudam a tratar vinha\u00e7a, aponta pesquisa da UFPR (<a href=\"https:\/\/www.novacana.com\/noticias\/microalgas-encapsuladas-tratar-vinhaca-pesquisa-ufpr-260421\" target=\"_blank\" rel=\"noopener\">leia<\/a>)<\/h5>\n<h2>12\/3<\/h2>\n<h5>VEJA SA\u00daDE &#8211;\u00a0Risco de morte por Covid-19 seria menor em pessoas que j\u00e1 tiveram dengue (<a href=\"https:\/\/saude.abril.com.br\/medicina\/risco-de-morte-por-covid-19-seria-menor-em-pessoas-que-ja-tiveram-dengue\/\" target=\"_blank\" rel=\"noopener\">leia<\/a>)<\/h5>\n<h2>4\/3<\/h2>\n<h5>REVISTA INTERTELAS &#8211; A retomada que n\u00e3o funcionou: um alerta nos n\u00fameros da segunda onda de covid-19 (<a href=\"https:\/\/revistaintertelas.com\/2021\/03\/04\/a-retomada-que-nao-funcionou-um-alerta-nos-numeros-da-segunda-onda-de-covid-19\/#more-18763\" target=\"_blank\" rel=\"noopener\">leia<\/a>)<\/h5>\n<h2>5\/2<\/h2>\n<h5>CARTA CAMPINAS &#8211; Cloroquina pode matar c\u00e9lulas e piorar estado de paciente com Covid-19, revela estudo (<a href=\"https:\/\/cartacampinas.com.br\/2021\/02\/cloroquina-pode-matar-celulas-e-piorar-estado-de-paciente-com-covid-19-revela-estudo\/\" target=\"_blank\" rel=\"noopener\">leia<\/a>)<\/h5>\n<h2>4\/2<\/h2>\n<h5>SIC NOT\u00cdCIAS (PORTUGAL) &#8211; Estudo revela que cloroquina provoca danos em vasos sangu\u00edneos e pode agravar a covid-19 (<a href=\"https:\/\/sicnoticias.pt\/especiais\/coronavirus\/2021-02-04-Estudo-revela-que-cloroquina-provoca-danos-em-vasos-sanguineos-e-pode-agravar-a-covid-19\" target=\"_blank\" rel=\"noopener\">leia<\/a>)<\/h5>\n<h2>23\/1<\/h2>\n<h5>CRESCER &#8211; Dengue pode ser fator de prote\u00e7\u00e3o contra forma grave de covid-19, aponta estudo brasileiro (<a href=\"https:\/\/revistacrescer.globo.com\/Saude\/noticia\/2021\/01\/dengue-pode-ser-fator-de-protecao-contra-forma-grave-de-covid-19-aponta-estudo-brasileiro.html\" target=\"_blank\" rel=\"noopener\">leia<\/a>)<\/h5>\n<h2>11\/1<\/h2>\n<h5>UOL (ECOA) &#8211; Biofertilizante \u00e0 base de alga \u00e9 alternativa sustent\u00e1vel para agricultura (<a href=\"https:\/\/www.uol.com.br\/ecoa\/ultimas-noticias\/2021\/01\/11\/biofertilizante-a-base-de-alga-e-alternativa-sustentavel-para-agricultura.htm\" target=\"_blank\" rel=\"noopener\">leia<\/a>)<\/h5>\n<h2>9\/1<\/h2>\n<h5>FOLHA DO LITORAL &#8211; Descoberta esp\u00e9cie de caracol que s\u00f3 existe no Litoral do Paran\u00e1 (<a href=\"https:\/\/folhadolitoral.com.br\/editorias\/meio-ambiente\/descoberta-especie-de-caracol-que-so-existe-no-litoral-do-parana\/\" target=\"_blank\" rel=\"noopener\">leia<\/a>)<\/h5>\n<h5>CONEX\u00c3O AGRO &#8211; UFPR descobre esp\u00e9cie de molusco que s\u00f3 existe em arquip\u00e9lago paranaense (<a href=\"https:\/\/conexaoagro.com.br\/2021\/01\/09\/ufpr-descobre-especie-de-molusco-que-so-existe-em-arquipelago-paranaense\/\" target=\"_blank\" rel=\"noopener\">leia<\/a>)<\/h5>\n<h2>7\/1<\/h2>\n<h5>PARAN\u00c1 PORTAL &#8211; Pesquisadores descobrem esp\u00e9cie de caracol que s\u00f3 existe em arquip\u00e9lago paranaense (<a href=\"https:\/\/paranaportal.uol.com.br\/cidades\/especie-caracol-arquipelago-paranaense\" target=\"_blank\" rel=\"noopener\">leia<\/a>)<\/h5>\n<h5>MARING\u00c1.COM &#8211; Pesquisadores descobrem esp\u00e9cie de caracol que s\u00f3 existe em arquip\u00e9lago paranaense (<a href=\"https:\/\/noticias.maringa.com\/22217\/pesquisadores-descobrem-especie-de-caracol-que-so-existe-em-arquipelago-paranaense\" target=\"_blank\" rel=\"noopener\">leia<\/a>)<\/h5>\n<h5>VEGAZETA &#8211; Pesquisadores da UFPR descobrem esp\u00e9cie de molusco que s\u00f3 existe em arquip\u00e9lago paranaense (<a href=\"https:\/\/vegazeta.com.br\/pesquisadores-da-ufpr-descobrem-especie-de-molusco-que-so-existe-em-arquipelago-paranaense\/\" target=\"_blank\" rel=\"noopener\">leia<\/a>)<\/h5>\n<h5>NOT\u00cdCIA SUSTENT\u00c1VEL &#8211; Pesquisadores descobrem esp\u00e9cie de molusco que s\u00f3 existe em arquip\u00e9lago paranaense (<a href=\"https:\/\/www.noticiasustentavel.com.br\/pesquisadores-descobrem-especie-molusco-parana\/\" target=\"_blank\" rel=\"noopener\">leia<\/a>)<\/h5>\n","protected":false},"excerpt":{"rendered":"<p>6\/12 MURAL DO PARAN\u00c1 &#8211; Popula\u00e7\u00e3o negra \u00e9 mais intolerante \u00e0 lactose, explica pesquisa da UFPR (leia) 22\/11 MEDICINA SA&#8230;<\/p>\n","protected":false},"author":2801,"featured_media":23102,"comment_status":"open","ping_status":"closed","sticky":false,"template":"","format":"standard","meta":{"_acf_changed":false,"footnotes":"","fifu_image_url":"","fifu_image_alt":"","_jetpack_memberships_contains_paid_content":false},"categories":[2245],"tags":[1976,2248],"acf":[],"yoast_head":"<!-- This site is optimized with the Yoast SEO plugin v23.5 - https:\/\/yoast.com\/wordpress\/plugins\/seo\/ -->\n<title>Ci\u00eancia UFPR na M\u00eddia - Ci\u00eancia UFPR<\/title>\n<meta name=\"description\" content=\"Repercuss\u00e3o do nosso conte\u00fado na imprensa no ano de 2021.\" \/>\n<meta name=\"robots\" content=\"index, follow, max-snippet:-1, max-image-preview:large, max-video-preview:-1\" \/>\n<link rel=\"canonical\" href=\"https:\/\/ciencia.ufpr.br\/portal\/ciencia-ufpr-na-midia-2021\/\" \/>\n<meta property=\"og:locale\" content=\"pt_BR\" \/>\n<meta property=\"og:type\" content=\"article\" \/>\n<meta property=\"og:title\" content=\"Ci\u00eancia UFPR na M\u00eddia - Ci\u00eancia UFPR\" \/>\n<meta property=\"og:description\" content=\"Repercuss\u00e3o do nosso conte\u00fado na imprensa no ano de 2021.\" \/>\n<meta property=\"og:url\" content=\"https:\/\/ciencia.ufpr.br\/portal\/ciencia-ufpr-na-midia-2021\/\" \/>\n<meta property=\"og:site_name\" content=\"Ci\u00eancia UFPR\" \/>\n<meta property=\"article:publisher\" content=\"https:\/\/www.facebook.com\/cienciaufproficial\" \/>\n<meta property=\"article:author\" content=\"https:\/\/facebook.com\/cienciaufproficial\/\" \/>\n<meta property=\"article:published_time\" content=\"2021-01-01T21:41:20+00:00\" \/>\n<meta property=\"article:modified_time\" content=\"2026-01-19T15:58:34+00:00\" \/>\n<meta property=\"og:image\" content=\"https:\/\/ciencia.ufpr.br\/portal\/wp-content\/uploads\/2023\/03\/Ciencia-UFPR-na-Midia-Capa-2021-scaled.jpg\" \/>\n\t<meta property=\"og:image:width\" content=\"2560\" \/>\n\t<meta property=\"og:image:height\" content=\"1440\" \/>\n\t<meta property=\"og:image:type\" content=\"image\/jpeg\" \/>\n<meta name=\"author\" content=\"Revista Ci\u00eancia UFPR\" \/>\n<meta name=\"twitter:card\" content=\"summary_large_image\" \/>\n<meta name=\"twitter:creator\" content=\"@cienciaufpr\" \/>\n<meta name=\"twitter:site\" content=\"@cienciaufpr\" \/>\n<meta name=\"twitter:label1\" content=\"Escrito por\" \/>\n\t<meta name=\"twitter:data1\" content=\"Revista Ci\u00eancia UFPR\" \/>\n\t<meta name=\"twitter:label2\" content=\"Est. tempo de leitura\" \/>\n\t<meta name=\"twitter:data2\" content=\"2 minutos\" \/>\n<script type=\"application\/ld+json\" class=\"yoast-schema-graph\">{\"@context\":\"https:\/\/schema.org\",\"@graph\":[{\"@type\":\"Article\",\"@id\":\"https:\/\/ciencia.ufpr.br\/portal\/ciencia-ufpr-na-midia-2021\/#article\",\"isPartOf\":{\"@id\":\"https:\/\/ciencia.ufpr.br\/portal\/ciencia-ufpr-na-midia-2021\/\"},\"author\":{\"name\":\"Revista Ci\u00eancia UFPR\",\"@id\":\"https:\/\/ciencia.ufpr.br\/portal\/#\/schema\/person\/667496d81ec02b6172c2caededef2737\"},\"headline\":\"Ci\u00eancia UFPR na M\u00eddia\",\"datePublished\":\"2021-01-01T21:41:20+00:00\",\"dateModified\":\"2026-01-19T15:58:34+00:00\",\"mainEntityOfPage\":{\"@id\":\"https:\/\/ciencia.ufpr.br\/portal\/ciencia-ufpr-na-midia-2021\/\"},\"wordCount\":446,\"commentCount\":0,\"publisher\":{\"@id\":\"https:\/\/ciencia.ufpr.br\/portal\/#organization\"},\"image\":{\"@id\":\"https:\/\/ciencia.ufpr.br\/portal\/ciencia-ufpr-na-midia-2021\/#primaryimage\"},\"thumbnailUrl\":\"https:\/\/ciencia.ufpr.br\/portal\/wp-content\/uploads\/2023\/03\/Ciencia-UFPR-na-Midia-Capa-2021-scaled.jpg\",\"keywords\":[\"2021\",\"Ci\u00eancia UFPR na M\u00eddia\"],\"articleSection\":[\"Na m\u00eddia\"],\"inLanguage\":\"pt-BR\",\"potentialAction\":[{\"@type\":\"CommentAction\",\"name\":\"Comment\",\"target\":[\"https:\/\/ciencia.ufpr.br\/portal\/ciencia-ufpr-na-midia-2021\/#respond\"]}]},{\"@type\":\"WebPage\",\"@id\":\"https:\/\/ciencia.ufpr.br\/portal\/ciencia-ufpr-na-midia-2021\/\",\"url\":\"https:\/\/ciencia.ufpr.br\/portal\/ciencia-ufpr-na-midia-2021\/\",\"name\":\"Ci\u00eancia UFPR na M\u00eddia - Ci\u00eancia UFPR\",\"isPartOf\":{\"@id\":\"https:\/\/ciencia.ufpr.br\/portal\/#website\"},\"primaryImageOfPage\":{\"@id\":\"https:\/\/ciencia.ufpr.br\/portal\/ciencia-ufpr-na-midia-2021\/#primaryimage\"},\"image\":{\"@id\":\"https:\/\/ciencia.ufpr.br\/portal\/ciencia-ufpr-na-midia-2021\/#primaryimage\"},\"thumbnailUrl\":\"https:\/\/ciencia.ufpr.br\/portal\/wp-content\/uploads\/2023\/03\/Ciencia-UFPR-na-Midia-Capa-2021-scaled.jpg\",\"datePublished\":\"2021-01-01T21:41:20+00:00\",\"dateModified\":\"2026-01-19T15:58:34+00:00\",\"description\":\"Repercuss\u00e3o do nosso conte\u00fado na imprensa no ano de 2021.\",\"breadcrumb\":{\"@id\":\"https:\/\/ciencia.ufpr.br\/portal\/ciencia-ufpr-na-midia-2021\/#breadcrumb\"},\"inLanguage\":\"pt-BR\",\"potentialAction\":[{\"@type\":\"ReadAction\",\"target\":[\"https:\/\/ciencia.ufpr.br\/portal\/ciencia-ufpr-na-midia-2021\/\"]}]},{\"@type\":\"ImageObject\",\"inLanguage\":\"pt-BR\",\"@id\":\"https:\/\/ciencia.ufpr.br\/portal\/ciencia-ufpr-na-midia-2021\/#primaryimage\",\"url\":\"https:\/\/ciencia.ufpr.br\/portal\/wp-content\/uploads\/2023\/03\/Ciencia-UFPR-na-Midia-Capa-2021-scaled.jpg\",\"contentUrl\":\"https:\/\/ciencia.ufpr.br\/portal\/wp-content\/uploads\/2023\/03\/Ciencia-UFPR-na-Midia-Capa-2021-scaled.jpg\",\"width\":2560,\"height\":1440},{\"@type\":\"BreadcrumbList\",\"@id\":\"https:\/\/ciencia.ufpr.br\/portal\/ciencia-ufpr-na-midia-2021\/#breadcrumb\",\"itemListElement\":[{\"@type\":\"ListItem\",\"position\":1,\"name\":\"Home\",\"item\":\"https:\/\/ciencia.ufpr.br\/portal\/\"},{\"@type\":\"ListItem\",\"position\":2,\"name\":\"Ci\u00eancia UFPR na M\u00eddia\"}]},{\"@type\":\"WebSite\",\"@id\":\"https:\/\/ciencia.ufpr.br\/portal\/#website\",\"url\":\"https:\/\/ciencia.ufpr.br\/portal\/\",\"name\":\"Ci\u00eancia UFPR\",\"description\":\"Site de temas cient\u00edficos com foco no conhecimento produzido na Universidade Federal do Paran\u00e1 (UFPR). Baseado na Revista Ci\u00eancia UFPR.\",\"publisher\":{\"@id\":\"https:\/\/ciencia.ufpr.br\/portal\/#organization\"},\"potentialAction\":[{\"@type\":\"SearchAction\",\"target\":{\"@type\":\"EntryPoint\",\"urlTemplate\":\"https:\/\/ciencia.ufpr.br\/portal\/?s={search_term_string}\"},\"query-input\":{\"@type\":\"PropertyValueSpecification\",\"valueRequired\":true,\"valueName\":\"search_term_string\"}}],\"inLanguage\":\"pt-BR\"},{\"@type\":\"Organization\",\"@id\":\"https:\/\/ciencia.ufpr.br\/portal\/#organization\",\"name\":\"Revista Ci\u00eancia UFPR\",\"url\":\"https:\/\/ciencia.ufpr.br\/portal\/\",\"logo\":{\"@type\":\"ImageObject\",\"inLanguage\":\"pt-BR\",\"@id\":\"https:\/\/ciencia.ufpr.br\/portal\/#\/schema\/logo\/image\/\",\"url\":\"https:\/\/ciencia.ufpr.br\/portal\/wp-content\/uploads\/2020\/12\/Revista-Ciencia-UFPR-vermelho.jpeg\",\"contentUrl\":\"https:\/\/ciencia.ufpr.br\/portal\/wp-content\/uploads\/2020\/12\/Revista-Ciencia-UFPR-vermelho.jpeg\",\"width\":992,\"height\":714,\"caption\":\"Revista Ci\u00eancia UFPR\"},\"image\":{\"@id\":\"https:\/\/ciencia.ufpr.br\/portal\/#\/schema\/logo\/image\/\"},\"sameAs\":[\"https:\/\/www.facebook.com\/cienciaufproficial\",\"https:\/\/x.com\/cienciaufpr\",\"https:\/\/www.instagram.com\/revistacienciaufpr\/\",\"https:\/\/www.linkedin.com\/company\/cienciaufproficial\",\"https:\/\/br.pinterest.com\/cienciaufpr\/\"]},{\"@type\":\"Person\",\"@id\":\"https:\/\/ciencia.ufpr.br\/portal\/#\/schema\/person\/667496d81ec02b6172c2caededef2737\",\"name\":\"Revista Ci\u00eancia UFPR\",\"description\":\"Site de jornalismo e divulga\u00e7\u00e3o cient\u00edficos sobre o conhecimento produzido na Universidade Federal do Paran\u00e1 (UFPR). Baseado na Revista Ci\u00eancia UFPR, editada pela Superintend\u00eancia de Comunica\u00e7\u00e3o (Sucom) desde 2016.\",\"sameAs\":[\"https:\/\/ciencia.ufpr.br\/portal\/\",\"https:\/\/facebook.com\/cienciaufproficial\/\",\"https:\/\/www.instagram.com\/revistacienciaufpr\/\",\"https:\/\/br.pinterest.com\/cienciaufpr\/\",\"https:\/\/x.com\/cienciaufpr\",\"https:\/\/soundcloud.com\/revista-ciencia-ufpr\"],\"url\":\"https:\/\/ciencia.ufpr.br\/portal\/author\/revistaciencia\/\"}]}<\/script>\n<!-- \/ Yoast SEO plugin. -->","yoast_head_json":{"title":"Ci\u00eancia UFPR na M\u00eddia - Ci\u00eancia UFPR","description":"Repercuss\u00e3o do nosso conte\u00fado na imprensa no ano de 2021.","robots":{"index":"index","follow":"follow","max-snippet":"max-snippet:-1","max-image-preview":"max-image-preview:large","max-video-preview":"max-video-preview:-1"},"canonical":"https:\/\/ciencia.ufpr.br\/portal\/ciencia-ufpr-na-midia-2021\/","og_locale":"pt_BR","og_type":"article","og_title":"Ci\u00eancia UFPR na M\u00eddia - Ci\u00eancia UFPR","og_description":"Repercuss\u00e3o do nosso conte\u00fado na imprensa no ano de 2021.","og_url":"https:\/\/ciencia.ufpr.br\/portal\/ciencia-ufpr-na-midia-2021\/","og_site_name":"Ci\u00eancia UFPR","article_publisher":"https:\/\/www.facebook.com\/cienciaufproficial","article_author":"https:\/\/facebook.com\/cienciaufproficial\/","article_published_time":"2021-01-01T21:41:20+00:00","article_modified_time":"2026-01-19T15:58:34+00:00","og_image":[{"width":2560,"height":1440,"url":"https:\/\/ciencia.ufpr.br\/portal\/wp-content\/uploads\/2023\/03\/Ciencia-UFPR-na-Midia-Capa-2021-scaled.jpg","type":"image\/jpeg"}],"author":"Revista Ci\u00eancia UFPR","twitter_card":"summary_large_image","twitter_creator":"@cienciaufpr","twitter_site":"@cienciaufpr","twitter_misc":{"Escrito por":"Revista Ci\u00eancia UFPR","Est. tempo de leitura":"2 minutos"},"schema":{"@context":"https:\/\/schema.org","@graph":[{"@type":"Article","@id":"https:\/\/ciencia.ufpr.br\/portal\/ciencia-ufpr-na-midia-2021\/#article","isPartOf":{"@id":"https:\/\/ciencia.ufpr.br\/portal\/ciencia-ufpr-na-midia-2021\/"},"author":{"name":"Revista Ci\u00eancia UFPR","@id":"https:\/\/ciencia.ufpr.br\/portal\/#\/schema\/person\/667496d81ec02b6172c2caededef2737"},"headline":"Ci\u00eancia UFPR na M\u00eddia","datePublished":"2021-01-01T21:41:20+00:00","dateModified":"2026-01-19T15:58:34+00:00","mainEntityOfPage":{"@id":"https:\/\/ciencia.ufpr.br\/portal\/ciencia-ufpr-na-midia-2021\/"},"wordCount":446,"commentCount":0,"publisher":{"@id":"https:\/\/ciencia.ufpr.br\/portal\/#organization"},"image":{"@id":"https:\/\/ciencia.ufpr.br\/portal\/ciencia-ufpr-na-midia-2021\/#primaryimage"},"thumbnailUrl":"https:\/\/ciencia.ufpr.br\/portal\/wp-content\/uploads\/2023\/03\/Ciencia-UFPR-na-Midia-Capa-2021-scaled.jpg","keywords":["2021","Ci\u00eancia UFPR na M\u00eddia"],"articleSection":["Na m\u00eddia"],"inLanguage":"pt-BR","potentialAction":[{"@type":"CommentAction","name":"Comment","target":["https:\/\/ciencia.ufpr.br\/portal\/ciencia-ufpr-na-midia-2021\/#respond"]}]},{"@type":"WebPage","@id":"https:\/\/ciencia.ufpr.br\/portal\/ciencia-ufpr-na-midia-2021\/","url":"https:\/\/ciencia.ufpr.br\/portal\/ciencia-ufpr-na-midia-2021\/","name":"Ci\u00eancia UFPR na M\u00eddia - Ci\u00eancia UFPR","isPartOf":{"@id":"https:\/\/ciencia.ufpr.br\/portal\/#website"},"primaryImageOfPage":{"@id":"https:\/\/ciencia.ufpr.br\/portal\/ciencia-ufpr-na-midia-2021\/#primaryimage"},"image":{"@id":"https:\/\/ciencia.ufpr.br\/portal\/ciencia-ufpr-na-midia-2021\/#primaryimage"},"thumbnailUrl":"https:\/\/ciencia.ufpr.br\/portal\/wp-content\/uploads\/2023\/03\/Ciencia-UFPR-na-Midia-Capa-2021-scaled.jpg","datePublished":"2021-01-01T21:41:20+00:00","dateModified":"2026-01-19T15:58:34+00:00","description":"Repercuss\u00e3o do nosso conte\u00fado na imprensa no ano de 2021.","breadcrumb":{"@id":"https:\/\/ciencia.ufpr.br\/portal\/ciencia-ufpr-na-midia-2021\/#breadcrumb"},"inLanguage":"pt-BR","potentialAction":[{"@type":"ReadAction","target":["https:\/\/ciencia.ufpr.br\/portal\/ciencia-ufpr-na-midia-2021\/"]}]},{"@type":"ImageObject","inLanguage":"pt-BR","@id":"https:\/\/ciencia.ufpr.br\/portal\/ciencia-ufpr-na-midia-2021\/#primaryimage","url":"https:\/\/ciencia.ufpr.br\/portal\/wp-content\/uploads\/2023\/03\/Ciencia-UFPR-na-Midia-Capa-2021-scaled.jpg","contentUrl":"https:\/\/ciencia.ufpr.br\/portal\/wp-content\/uploads\/2023\/03\/Ciencia-UFPR-na-Midia-Capa-2021-scaled.jpg","width":2560,"height":1440},{"@type":"BreadcrumbList","@id":"https:\/\/ciencia.ufpr.br\/portal\/ciencia-ufpr-na-midia-2021\/#breadcrumb","itemListElement":[{"@type":"ListItem","position":1,"name":"Home","item":"https:\/\/ciencia.ufpr.br\/portal\/"},{"@type":"ListItem","position":2,"name":"Ci\u00eancia UFPR na M\u00eddia"}]},{"@type":"WebSite","@id":"https:\/\/ciencia.ufpr.br\/portal\/#website","url":"https:\/\/ciencia.ufpr.br\/portal\/","name":"Ci\u00eancia UFPR","description":"Site de temas cient\u00edficos com foco no conhecimento produzido na Universidade Federal do Paran\u00e1 (UFPR). Baseado na Revista Ci\u00eancia UFPR.","publisher":{"@id":"https:\/\/ciencia.ufpr.br\/portal\/#organization"},"potentialAction":[{"@type":"SearchAction","target":{"@type":"EntryPoint","urlTemplate":"https:\/\/ciencia.ufpr.br\/portal\/?s={search_term_string}"},"query-input":{"@type":"PropertyValueSpecification","valueRequired":true,"valueName":"search_term_string"}}],"inLanguage":"pt-BR"},{"@type":"Organization","@id":"https:\/\/ciencia.ufpr.br\/portal\/#organization","name":"Revista Ci\u00eancia UFPR","url":"https:\/\/ciencia.ufpr.br\/portal\/","logo":{"@type":"ImageObject","inLanguage":"pt-BR","@id":"https:\/\/ciencia.ufpr.br\/portal\/#\/schema\/logo\/image\/","url":"https:\/\/ciencia.ufpr.br\/portal\/wp-content\/uploads\/2020\/12\/Revista-Ciencia-UFPR-vermelho.jpeg","contentUrl":"https:\/\/ciencia.ufpr.br\/portal\/wp-content\/uploads\/2020\/12\/Revista-Ciencia-UFPR-vermelho.jpeg","width":992,"height":714,"caption":"Revista Ci\u00eancia UFPR"},"image":{"@id":"https:\/\/ciencia.ufpr.br\/portal\/#\/schema\/logo\/image\/"},"sameAs":["https:\/\/www.facebook.com\/cienciaufproficial","https:\/\/x.com\/cienciaufpr","https:\/\/www.instagram.com\/revistacienciaufpr\/","https:\/\/www.linkedin.com\/company\/cienciaufproficial","https:\/\/br.pinterest.com\/cienciaufpr\/"]},{"@type":"Person","@id":"https:\/\/ciencia.ufpr.br\/portal\/#\/schema\/person\/667496d81ec02b6172c2caededef2737","name":"Revista Ci\u00eancia UFPR","description":"Site de jornalismo e divulga\u00e7\u00e3o cient\u00edficos sobre o conhecimento produzido na Universidade Federal do Paran\u00e1 (UFPR). Baseado na Revista Ci\u00eancia UFPR, editada pela Superintend\u00eancia de Comunica\u00e7\u00e3o (Sucom) desde 2016.","sameAs":["https:\/\/ciencia.ufpr.br\/portal\/","https:\/\/facebook.com\/cienciaufproficial\/","https:\/\/www.instagram.com\/revistacienciaufpr\/","https:\/\/br.pinterest.com\/cienciaufpr\/","https:\/\/x.com\/cienciaufpr","https:\/\/soundcloud.com\/revista-ciencia-ufpr"],"url":"https:\/\/ciencia.ufpr.br\/portal\/author\/revistaciencia\/"}]}},"views":629,"jetpack_sharing_enabled":true,"jetpack_featured_media_url":"https:\/\/ciencia.ufpr.br\/portal\/wp-content\/uploads\/2023\/03\/Ciencia-UFPR-na-Midia-Capa-2021-scaled.jpg","_links":{"self":[{"href":"https:\/\/ciencia.ufpr.br\/portal\/wp-json\/wp\/v2\/posts\/23101"}],"collection":[{"href":"https:\/\/ciencia.ufpr.br\/portal\/wp-json\/wp\/v2\/posts"}],"about":[{"href":"https:\/\/ciencia.ufpr.br\/portal\/wp-json\/wp\/v2\/types\/post"}],"author":[{"embeddable":true,"href":"https:\/\/ciencia.ufpr.br\/portal\/wp-json\/wp\/v2\/users\/2801"}],"replies":[{"embeddable":true,"href":"https:\/\/ciencia.ufpr.br\/portal\/wp-json\/wp\/v2\/comments?post=23101"}],"version-history":[{"count":26,"href":"https:\/\/ciencia.ufpr.br\/portal\/wp-json\/wp\/v2\/posts\/23101\/revisions"}],"predecessor-version":[{"id":28200,"href":"https:\/\/ciencia.ufpr.br\/portal\/wp-json\/wp\/v2\/posts\/23101\/revisions\/28200"}],"wp:featuredmedia":[{"embeddable":true,"href":"https:\/\/ciencia.ufpr.br\/portal\/wp-json\/wp\/v2\/media\/23102"}],"wp:attachment":[{"href":"https:\/\/ciencia.ufpr.br\/portal\/wp-json\/wp\/v2\/media?parent=23101"}],"wp:term":[{"taxonomy":"category","embeddable":true,"href":"https:\/\/ciencia.ufpr.br\/portal\/wp-json\/wp\/v2\/categories?post=23101"},{"taxonomy":"post_tag","embeddable":true,"href":"https:\/\/ciencia.ufpr.br\/portal\/wp-json\/wp\/v2\/tags?post=23101"}],"curies":[{"name":"wp","href":"https:\/\/api.w.org\/{rel}","templated":true}]}}