{"id":23049,"date":"2023-03-09T19:31:27","date_gmt":"2023-03-09T22:31:27","guid":{"rendered":"https:\/\/ciencia.ufpr.br\/portal\/?p=23049"},"modified":"2023-03-24T16:16:38","modified_gmt":"2023-03-24T19:16:38","slug":"confira-os-periodicos-cientificos-lancados-pela-ufpr-no-inicio-de-2023","status":"publish","type":"post","link":"https:\/\/ciencia.ufpr.br\/portal\/confira-os-periodicos-cientificos-lancados-pela-ufpr-no-inicio-de-2023\/","title":{"rendered":"Confira os peri\u00f3dicos cient\u00edficos lan\u00e7ados pela UFPR no in\u00edcio de 2023"},"content":{"rendered":"<p>A Universidade Federal do Paran\u00e1 (UFPR) mant\u00e9m diversos peri\u00f3dicos cient\u00edficos ligados a seus programas de p\u00f3s-gradua\u00e7\u00e3o, departamentos, grupos e projetos de pesquisa. Confira os lan\u00e7amentos do primeiro bimestre de 2023.<\/p>\n<p><a href=\"https:\/\/revistas.ufpr.br\/floresta\/issue\/view\/3434\"><strong>Floresta (v. 53, n.1, jan. 2023)<\/strong><\/a><br \/>\nRevista cient\u00edfica mantida pelo Programa de P\u00f3s-gradua\u00e7\u00e3o em Engenharia Florestal da UFPR.<\/p>\n<p><strong><a href=\"https:\/\/revistas.ufpr.br\/extensao\/issue\/view\/3296\">Extens\u00e3o em Foco (n.30, jan.2023)<\/a><br \/>\n<\/strong>Peri\u00f3dico mantido pela Pr\u00f3-reitoria de Extens\u00e3o e Cultura da UFPR (Proec-UFPR).<\/p>\n<p><strong><a href=\"https:\/\/revistas.ufpr.br\/acaomidiatica\/issue\/view\/3394\">A\u00e7\u00e3o Midi\u00e1tica: Estudos em Comunica\u00e7\u00e3o, Sociedade e Cultura (Edi\u00e7\u00e3o n. 25) <\/a><\/strong><br \/>\nRevista cient\u00edfica do Programa de P\u00f3s-Gradua\u00e7\u00e3o em Comunica\u00e7\u00e3o da UFPR.<\/p>\n<p><strong><a href=\"https:\/\/revistas.ufpr.br\/sclplr\/issue\/view\/V.%209%2C%20N.%201%20%282023%29\">Sociologias Plurais, (v.9, n.1, fev. 2023)<\/a><br \/>\n<\/strong>Revista cient\u00edfica discente do Programa de P\u00f3s-gradua\u00e7\u00e3o em Sociologia da UFPR.<\/p>\n<p><strong><a href=\"https:\/\/revistas.ufpr.br\/cogitare\/issue\/view\/3436\">Cogitare Enfermagem (v.28, fev. 2023)<\/a><br \/>\n<\/strong>Revista cient\u00edfica do Departamento de Enfermagem da UFPR.<\/p>\n<p>Voc\u00ea pode acompanhar os novos lan\u00e7amentos e outras informa\u00e7\u00f5es sobre as revistas cient\u00edficas da UFPR no site da <a href=\"https:\/\/revistas.ufpr.br\/wp\/\">Biblioteca Digital de Peri\u00f3dicos<\/a>.<\/p>\n","protected":false},"excerpt":{"rendered":"<p>A Universidade Federal do Paran\u00e1 (UFPR) mant\u00e9m diversos peri\u00f3dicos cient\u00edficos ligados a seus programas de p\u00f3s-gradua\u00e7\u00e3o, departamentos, grupos e projetos&#8230;<\/p>\n","protected":false},"author":2806,"featured_media":23058,"comment_status":"open","ping_status":"closed","sticky":false,"template":"","format":"standard","meta":{"_acf_changed":false,"footnotes":"","fifu_image_url":"","fifu_image_alt":"","_jetpack_memberships_contains_paid_content":false},"categories":[1144],"tags":[],"acf":[],"yoast_head":"<!-- This site is optimized with the Yoast SEO plugin v23.5 - https:\/\/yoast.com\/wordpress\/plugins\/seo\/ -->\n<title>Confira os peri\u00f3dicos cient\u00edficos lan\u00e7ados pela UFPR no in\u00edcio de 2023 - Ci\u00eancia UFPR<\/title>\n<meta name=\"robots\" content=\"index, follow, max-snippet:-1, max-image-preview:large, max-video-preview:-1\" \/>\n<link rel=\"canonical\" href=\"https:\/\/ciencia.ufpr.br\/portal\/confira-os-periodicos-cientificos-lancados-pela-ufpr-no-inicio-de-2023\/\" \/>\n<meta property=\"og:locale\" content=\"pt_BR\" \/>\n<meta property=\"og:type\" content=\"article\" \/>\n<meta property=\"og:title\" content=\"Confira os peri\u00f3dicos cient\u00edficos lan\u00e7ados pela UFPR no in\u00edcio de 2023 - Ci\u00eancia UFPR\" \/>\n<meta property=\"og:description\" content=\"A Universidade Federal do Paran\u00e1 (UFPR) mant\u00e9m diversos peri\u00f3dicos cient\u00edficos ligados a seus programas de p\u00f3s-gradua\u00e7\u00e3o, departamentos, grupos e projetos...\" \/>\n<meta property=\"og:url\" content=\"https:\/\/ciencia.ufpr.br\/portal\/confira-os-periodicos-cientificos-lancados-pela-ufpr-no-inicio-de-2023\/\" \/>\n<meta property=\"og:site_name\" content=\"Ci\u00eancia UFPR\" \/>\n<meta property=\"article:publisher\" content=\"https:\/\/www.facebook.com\/cienciaufproficial\" \/>\n<meta property=\"article:author\" content=\"https:\/\/facebook.com\/cienciaufproficial\/\" \/>\n<meta property=\"article:published_time\" content=\"2023-03-09T22:31:27+00:00\" \/>\n<meta property=\"article:modified_time\" content=\"2023-03-24T19:16:38+00:00\" \/>\n<meta property=\"og:image\" content=\"https:\/\/ciencia.ufpr.br\/portal\/wp-content\/uploads\/2023\/03\/glasses-934922_1280.jpg\" \/>\n\t<meta property=\"og:image:width\" content=\"1280\" \/>\n\t<meta property=\"og:image:height\" content=\"720\" \/>\n\t<meta property=\"og:image:type\" content=\"image\/jpeg\" \/>\n<meta name=\"author\" content=\"Reda\u00e7\u00e3o Ci\u00eancia UFPR\" \/>\n<meta name=\"twitter:card\" content=\"summary_large_image\" \/>\n<meta name=\"twitter:creator\" content=\"@cienciaufpr\" \/>\n<meta name=\"twitter:site\" content=\"@cienciaufpr\" \/>\n<meta name=\"twitter:label1\" content=\"Escrito por\" \/>\n\t<meta name=\"twitter:data1\" content=\"Reda\u00e7\u00e3o Ci\u00eancia UFPR\" \/>\n\t<meta name=\"twitter:label2\" content=\"Est. tempo de leitura\" \/>\n\t<meta name=\"twitter:data2\" content=\"1 minuto\" \/>\n<script type=\"application\/ld+json\" class=\"yoast-schema-graph\">{\"@context\":\"https:\/\/schema.org\",\"@graph\":[{\"@type\":\"Article\",\"@id\":\"https:\/\/ciencia.ufpr.br\/portal\/confira-os-periodicos-cientificos-lancados-pela-ufpr-no-inicio-de-2023\/#article\",\"isPartOf\":{\"@id\":\"https:\/\/ciencia.ufpr.br\/portal\/confira-os-periodicos-cientificos-lancados-pela-ufpr-no-inicio-de-2023\/\"},\"author\":{\"name\":\"Reda\u00e7\u00e3o Ci\u00eancia UFPR\",\"@id\":\"https:\/\/ciencia.ufpr.br\/portal\/#\/schema\/person\/562217e00c1aa3a8c132639249490a83\"},\"headline\":\"Confira os peri\u00f3dicos cient\u00edficos lan\u00e7ados pela UFPR no in\u00edcio de 2023\",\"datePublished\":\"2023-03-09T22:31:27+00:00\",\"dateModified\":\"2023-03-24T19:16:38+00:00\",\"mainEntityOfPage\":{\"@id\":\"https:\/\/ciencia.ufpr.br\/portal\/confira-os-periodicos-cientificos-lancados-pela-ufpr-no-inicio-de-2023\/\"},\"wordCount\":174,\"commentCount\":0,\"publisher\":{\"@id\":\"https:\/\/ciencia.ufpr.br\/portal\/#organization\"},\"image\":{\"@id\":\"https:\/\/ciencia.ufpr.br\/portal\/confira-os-periodicos-cientificos-lancados-pela-ufpr-no-inicio-de-2023\/#primaryimage\"},\"thumbnailUrl\":\"https:\/\/ciencia.ufpr.br\/portal\/wp-content\/uploads\/2023\/03\/glasses-934922_1280.jpg\",\"articleSection\":[\"Agenda\"],\"inLanguage\":\"pt-BR\",\"potentialAction\":[{\"@type\":\"CommentAction\",\"name\":\"Comment\",\"target\":[\"https:\/\/ciencia.ufpr.br\/portal\/confira-os-periodicos-cientificos-lancados-pela-ufpr-no-inicio-de-2023\/#respond\"]}]},{\"@type\":\"WebPage\",\"@id\":\"https:\/\/ciencia.ufpr.br\/portal\/confira-os-periodicos-cientificos-lancados-pela-ufpr-no-inicio-de-2023\/\",\"url\":\"https:\/\/ciencia.ufpr.br\/portal\/confira-os-periodicos-cientificos-lancados-pela-ufpr-no-inicio-de-2023\/\",\"name\":\"Confira os peri\u00f3dicos cient\u00edficos lan\u00e7ados pela UFPR no in\u00edcio de 2023 - Ci\u00eancia UFPR\",\"isPartOf\":{\"@id\":\"https:\/\/ciencia.ufpr.br\/portal\/#website\"},\"primaryImageOfPage\":{\"@id\":\"https:\/\/ciencia.ufpr.br\/portal\/confira-os-periodicos-cientificos-lancados-pela-ufpr-no-inicio-de-2023\/#primaryimage\"},\"image\":{\"@id\":\"https:\/\/ciencia.ufpr.br\/portal\/confira-os-periodicos-cientificos-lancados-pela-ufpr-no-inicio-de-2023\/#primaryimage\"},\"thumbnailUrl\":\"https:\/\/ciencia.ufpr.br\/portal\/wp-content\/uploads\/2023\/03\/glasses-934922_1280.jpg\",\"datePublished\":\"2023-03-09T22:31:27+00:00\",\"dateModified\":\"2023-03-24T19:16:38+00:00\",\"breadcrumb\":{\"@id\":\"https:\/\/ciencia.ufpr.br\/portal\/confira-os-periodicos-cientificos-lancados-pela-ufpr-no-inicio-de-2023\/#breadcrumb\"},\"inLanguage\":\"pt-BR\",\"potentialAction\":[{\"@type\":\"ReadAction\",\"target\":[\"https:\/\/ciencia.ufpr.br\/portal\/confira-os-periodicos-cientificos-lancados-pela-ufpr-no-inicio-de-2023\/\"]}]},{\"@type\":\"ImageObject\",\"inLanguage\":\"pt-BR\",\"@id\":\"https:\/\/ciencia.ufpr.br\/portal\/confira-os-periodicos-cientificos-lancados-pela-ufpr-no-inicio-de-2023\/#primaryimage\",\"url\":\"https:\/\/ciencia.ufpr.br\/portal\/wp-content\/uploads\/2023\/03\/glasses-934922_1280.jpg\",\"contentUrl\":\"https:\/\/ciencia.ufpr.br\/portal\/wp-content\/uploads\/2023\/03\/glasses-934922_1280.jpg\",\"width\":1280,\"height\":720,\"caption\":\"Foto: Cookiephoto\/Pixabay\"},{\"@type\":\"BreadcrumbList\",\"@id\":\"https:\/\/ciencia.ufpr.br\/portal\/confira-os-periodicos-cientificos-lancados-pela-ufpr-no-inicio-de-2023\/#breadcrumb\",\"itemListElement\":[{\"@type\":\"ListItem\",\"position\":1,\"name\":\"Home\",\"item\":\"https:\/\/ciencia.ufpr.br\/portal\/\"},{\"@type\":\"ListItem\",\"position\":2,\"name\":\"Confira os peri\u00f3dicos cient\u00edficos lan\u00e7ados pela UFPR no in\u00edcio de 2023\"}]},{\"@type\":\"WebSite\",\"@id\":\"https:\/\/ciencia.ufpr.br\/portal\/#website\",\"url\":\"https:\/\/ciencia.ufpr.br\/portal\/\",\"name\":\"Ci\u00eancia UFPR\",\"description\":\"Site de temas cient\u00edficos com foco no conhecimento produzido na Universidade Federal do Paran\u00e1 (UFPR). Baseado na Revista Ci\u00eancia UFPR.\",\"publisher\":{\"@id\":\"https:\/\/ciencia.ufpr.br\/portal\/#organization\"},\"potentialAction\":[{\"@type\":\"SearchAction\",\"target\":{\"@type\":\"EntryPoint\",\"urlTemplate\":\"https:\/\/ciencia.ufpr.br\/portal\/?s={search_term_string}\"},\"query-input\":{\"@type\":\"PropertyValueSpecification\",\"valueRequired\":true,\"valueName\":\"search_term_string\"}}],\"inLanguage\":\"pt-BR\"},{\"@type\":\"Organization\",\"@id\":\"https:\/\/ciencia.ufpr.br\/portal\/#organization\",\"name\":\"Revista Ci\u00eancia UFPR\",\"url\":\"https:\/\/ciencia.ufpr.br\/portal\/\",\"logo\":{\"@type\":\"ImageObject\",\"inLanguage\":\"pt-BR\",\"@id\":\"https:\/\/ciencia.ufpr.br\/portal\/#\/schema\/logo\/image\/\",\"url\":\"https:\/\/ciencia.ufpr.br\/portal\/wp-content\/uploads\/2020\/12\/Revista-Ciencia-UFPR-vermelho.jpeg\",\"contentUrl\":\"https:\/\/ciencia.ufpr.br\/portal\/wp-content\/uploads\/2020\/12\/Revista-Ciencia-UFPR-vermelho.jpeg\",\"width\":992,\"height\":714,\"caption\":\"Revista Ci\u00eancia UFPR\"},\"image\":{\"@id\":\"https:\/\/ciencia.ufpr.br\/portal\/#\/schema\/logo\/image\/\"},\"sameAs\":[\"https:\/\/www.facebook.com\/cienciaufproficial\",\"https:\/\/x.com\/cienciaufpr\",\"https:\/\/www.instagram.com\/revistacienciaufpr\/\",\"https:\/\/www.linkedin.com\/company\/cienciaufproficial\",\"https:\/\/br.pinterest.com\/cienciaufpr\/\"]},{\"@type\":\"Person\",\"@id\":\"https:\/\/ciencia.ufpr.br\/portal\/#\/schema\/person\/562217e00c1aa3a8c132639249490a83\",\"name\":\"Reda\u00e7\u00e3o Ci\u00eancia UFPR\",\"description\":\"Site de jornalismo e divulga\u00e7\u00e3o cient\u00edficos sobre o conhecimento produzido na Universidade Federal do Paran\u00e1 (UFPR). Baseado na Revista Ci\u00eancia UFPR, editada pela Superintend\u00eancia de Comunica\u00e7\u00e3o (Sucom) desde 2016.\",\"sameAs\":[\"https:\/\/facebook.com\/cienciaufproficial\/\",\"https:\/\/www.instagram.com\/revistacienciaufpr\/\",\"https:\/\/x.com\/cienciaufpr\"],\"url\":\"https:\/\/ciencia.ufpr.br\/portal\/author\/revistacienciaufpr\/\"}]}<\/script>\n<!-- \/ Yoast SEO plugin. -->","yoast_head_json":{"title":"Confira os peri\u00f3dicos cient\u00edficos lan\u00e7ados pela UFPR no in\u00edcio de 2023 - Ci\u00eancia UFPR","robots":{"index":"index","follow":"follow","max-snippet":"max-snippet:-1","max-image-preview":"max-image-preview:large","max-video-preview":"max-video-preview:-1"},"canonical":"https:\/\/ciencia.ufpr.br\/portal\/confira-os-periodicos-cientificos-lancados-pela-ufpr-no-inicio-de-2023\/","og_locale":"pt_BR","og_type":"article","og_title":"Confira os peri\u00f3dicos cient\u00edficos lan\u00e7ados pela UFPR no in\u00edcio de 2023 - Ci\u00eancia UFPR","og_description":"A Universidade Federal do Paran\u00e1 (UFPR) mant\u00e9m diversos peri\u00f3dicos cient\u00edficos ligados a seus programas de p\u00f3s-gradua\u00e7\u00e3o, departamentos, grupos e projetos...","og_url":"https:\/\/ciencia.ufpr.br\/portal\/confira-os-periodicos-cientificos-lancados-pela-ufpr-no-inicio-de-2023\/","og_site_name":"Ci\u00eancia UFPR","article_publisher":"https:\/\/www.facebook.com\/cienciaufproficial","article_author":"https:\/\/facebook.com\/cienciaufproficial\/","article_published_time":"2023-03-09T22:31:27+00:00","article_modified_time":"2023-03-24T19:16:38+00:00","og_image":[{"width":1280,"height":720,"url":"https:\/\/ciencia.ufpr.br\/portal\/wp-content\/uploads\/2023\/03\/glasses-934922_1280.jpg","type":"image\/jpeg"}],"author":"Reda\u00e7\u00e3o Ci\u00eancia UFPR","twitter_card":"summary_large_image","twitter_creator":"@cienciaufpr","twitter_site":"@cienciaufpr","twitter_misc":{"Escrito por":"Reda\u00e7\u00e3o Ci\u00eancia UFPR","Est. tempo de leitura":"1 minuto"},"schema":{"@context":"https:\/\/schema.org","@graph":[{"@type":"Article","@id":"https:\/\/ciencia.ufpr.br\/portal\/confira-os-periodicos-cientificos-lancados-pela-ufpr-no-inicio-de-2023\/#article","isPartOf":{"@id":"https:\/\/ciencia.ufpr.br\/portal\/confira-os-periodicos-cientificos-lancados-pela-ufpr-no-inicio-de-2023\/"},"author":{"name":"Reda\u00e7\u00e3o Ci\u00eancia UFPR","@id":"https:\/\/ciencia.ufpr.br\/portal\/#\/schema\/person\/562217e00c1aa3a8c132639249490a83"},"headline":"Confira os peri\u00f3dicos cient\u00edficos lan\u00e7ados pela UFPR no in\u00edcio de 2023","datePublished":"2023-03-09T22:31:27+00:00","dateModified":"2023-03-24T19:16:38+00:00","mainEntityOfPage":{"@id":"https:\/\/ciencia.ufpr.br\/portal\/confira-os-periodicos-cientificos-lancados-pela-ufpr-no-inicio-de-2023\/"},"wordCount":174,"commentCount":0,"publisher":{"@id":"https:\/\/ciencia.ufpr.br\/portal\/#organization"},"image":{"@id":"https:\/\/ciencia.ufpr.br\/portal\/confira-os-periodicos-cientificos-lancados-pela-ufpr-no-inicio-de-2023\/#primaryimage"},"thumbnailUrl":"https:\/\/ciencia.ufpr.br\/portal\/wp-content\/uploads\/2023\/03\/glasses-934922_1280.jpg","articleSection":["Agenda"],"inLanguage":"pt-BR","potentialAction":[{"@type":"CommentAction","name":"Comment","target":["https:\/\/ciencia.ufpr.br\/portal\/confira-os-periodicos-cientificos-lancados-pela-ufpr-no-inicio-de-2023\/#respond"]}]},{"@type":"WebPage","@id":"https:\/\/ciencia.ufpr.br\/portal\/confira-os-periodicos-cientificos-lancados-pela-ufpr-no-inicio-de-2023\/","url":"https:\/\/ciencia.ufpr.br\/portal\/confira-os-periodicos-cientificos-lancados-pela-ufpr-no-inicio-de-2023\/","name":"Confira os peri\u00f3dicos cient\u00edficos lan\u00e7ados pela UFPR no in\u00edcio de 2023 - Ci\u00eancia UFPR","isPartOf":{"@id":"https:\/\/ciencia.ufpr.br\/portal\/#website"},"primaryImageOfPage":{"@id":"https:\/\/ciencia.ufpr.br\/portal\/confira-os-periodicos-cientificos-lancados-pela-ufpr-no-inicio-de-2023\/#primaryimage"},"image":{"@id":"https:\/\/ciencia.ufpr.br\/portal\/confira-os-periodicos-cientificos-lancados-pela-ufpr-no-inicio-de-2023\/#primaryimage"},"thumbnailUrl":"https:\/\/ciencia.ufpr.br\/portal\/wp-content\/uploads\/2023\/03\/glasses-934922_1280.jpg","datePublished":"2023-03-09T22:31:27+00:00","dateModified":"2023-03-24T19:16:38+00:00","breadcrumb":{"@id":"https:\/\/ciencia.ufpr.br\/portal\/confira-os-periodicos-cientificos-lancados-pela-ufpr-no-inicio-de-2023\/#breadcrumb"},"inLanguage":"pt-BR","potentialAction":[{"@type":"ReadAction","target":["https:\/\/ciencia.ufpr.br\/portal\/confira-os-periodicos-cientificos-lancados-pela-ufpr-no-inicio-de-2023\/"]}]},{"@type":"ImageObject","inLanguage":"pt-BR","@id":"https:\/\/ciencia.ufpr.br\/portal\/confira-os-periodicos-cientificos-lancados-pela-ufpr-no-inicio-de-2023\/#primaryimage","url":"https:\/\/ciencia.ufpr.br\/portal\/wp-content\/uploads\/2023\/03\/glasses-934922_1280.jpg","contentUrl":"https:\/\/ciencia.ufpr.br\/portal\/wp-content\/uploads\/2023\/03\/glasses-934922_1280.jpg","width":1280,"height":720,"caption":"Foto: Cookiephoto\/Pixabay"},{"@type":"BreadcrumbList","@id":"https:\/\/ciencia.ufpr.br\/portal\/confira-os-periodicos-cientificos-lancados-pela-ufpr-no-inicio-de-2023\/#breadcrumb","itemListElement":[{"@type":"ListItem","position":1,"name":"Home","item":"https:\/\/ciencia.ufpr.br\/portal\/"},{"@type":"ListItem","position":2,"name":"Confira os peri\u00f3dicos cient\u00edficos lan\u00e7ados pela UFPR no in\u00edcio de 2023"}]},{"@type":"WebSite","@id":"https:\/\/ciencia.ufpr.br\/portal\/#website","url":"https:\/\/ciencia.ufpr.br\/portal\/","name":"Ci\u00eancia UFPR","description":"Site de temas cient\u00edficos com foco no conhecimento produzido na Universidade Federal do Paran\u00e1 (UFPR). Baseado na Revista Ci\u00eancia UFPR.","publisher":{"@id":"https:\/\/ciencia.ufpr.br\/portal\/#organization"},"potentialAction":[{"@type":"SearchAction","target":{"@type":"EntryPoint","urlTemplate":"https:\/\/ciencia.ufpr.br\/portal\/?s={search_term_string}"},"query-input":{"@type":"PropertyValueSpecification","valueRequired":true,"valueName":"search_term_string"}}],"inLanguage":"pt-BR"},{"@type":"Organization","@id":"https:\/\/ciencia.ufpr.br\/portal\/#organization","name":"Revista Ci\u00eancia UFPR","url":"https:\/\/ciencia.ufpr.br\/portal\/","logo":{"@type":"ImageObject","inLanguage":"pt-BR","@id":"https:\/\/ciencia.ufpr.br\/portal\/#\/schema\/logo\/image\/","url":"https:\/\/ciencia.ufpr.br\/portal\/wp-content\/uploads\/2020\/12\/Revista-Ciencia-UFPR-vermelho.jpeg","contentUrl":"https:\/\/ciencia.ufpr.br\/portal\/wp-content\/uploads\/2020\/12\/Revista-Ciencia-UFPR-vermelho.jpeg","width":992,"height":714,"caption":"Revista Ci\u00eancia UFPR"},"image":{"@id":"https:\/\/ciencia.ufpr.br\/portal\/#\/schema\/logo\/image\/"},"sameAs":["https:\/\/www.facebook.com\/cienciaufproficial","https:\/\/x.com\/cienciaufpr","https:\/\/www.instagram.com\/revistacienciaufpr\/","https:\/\/www.linkedin.com\/company\/cienciaufproficial","https:\/\/br.pinterest.com\/cienciaufpr\/"]},{"@type":"Person","@id":"https:\/\/ciencia.ufpr.br\/portal\/#\/schema\/person\/562217e00c1aa3a8c132639249490a83","name":"Reda\u00e7\u00e3o Ci\u00eancia UFPR","description":"Site de jornalismo e divulga\u00e7\u00e3o cient\u00edficos sobre o conhecimento produzido na Universidade Federal do Paran\u00e1 (UFPR). Baseado na Revista Ci\u00eancia UFPR, editada pela Superintend\u00eancia de Comunica\u00e7\u00e3o (Sucom) desde 2016.","sameAs":["https:\/\/facebook.com\/cienciaufproficial\/","https:\/\/www.instagram.com\/revistacienciaufpr\/","https:\/\/x.com\/cienciaufpr"],"url":"https:\/\/ciencia.ufpr.br\/portal\/author\/revistacienciaufpr\/"}]}},"views":649,"jetpack_sharing_enabled":true,"jetpack_featured_media_url":"https:\/\/ciencia.ufpr.br\/portal\/wp-content\/uploads\/2023\/03\/glasses-934922_1280.jpg","_links":{"self":[{"href":"https:\/\/ciencia.ufpr.br\/portal\/wp-json\/wp\/v2\/posts\/23049"}],"collection":[{"href":"https:\/\/ciencia.ufpr.br\/portal\/wp-json\/wp\/v2\/posts"}],"about":[{"href":"https:\/\/ciencia.ufpr.br\/portal\/wp-json\/wp\/v2\/types\/post"}],"author":[{"embeddable":true,"href":"https:\/\/ciencia.ufpr.br\/portal\/wp-json\/wp\/v2\/users\/2806"}],"replies":[{"embeddable":true,"href":"https:\/\/ciencia.ufpr.br\/portal\/wp-json\/wp\/v2\/comments?post=23049"}],"version-history":[{"count":8,"href":"https:\/\/ciencia.ufpr.br\/portal\/wp-json\/wp\/v2\/posts\/23049\/revisions"}],"predecessor-version":[{"id":23056,"href":"https:\/\/ciencia.ufpr.br\/portal\/wp-json\/wp\/v2\/posts\/23049\/revisions\/23056"}],"wp:featuredmedia":[{"embeddable":true,"href":"https:\/\/ciencia.ufpr.br\/portal\/wp-json\/wp\/v2\/media\/23058"}],"wp:attachment":[{"href":"https:\/\/ciencia.ufpr.br\/portal\/wp-json\/wp\/v2\/media?parent=23049"}],"wp:term":[{"taxonomy":"category","embeddable":true,"href":"https:\/\/ciencia.ufpr.br\/portal\/wp-json\/wp\/v2\/categories?post=23049"},{"taxonomy":"post_tag","embeddable":true,"href":"https:\/\/ciencia.ufpr.br\/portal\/wp-json\/wp\/v2\/tags?post=23049"}],"curies":[{"name":"wp","href":"https:\/\/api.w.org\/{rel}","templated":true}]}}