{"id":22959,"date":"2022-01-01T23:38:46","date_gmt":"2022-01-02T02:38:46","guid":{"rendered":"https:\/\/ciencia.ufpr.br\/portal\/?p=22959"},"modified":"2026-03-16T11:09:54","modified_gmt":"2026-03-16T14:09:54","slug":"ciencia-ufpr-na-midia-2022","status":"publish","type":"post","link":"https:\/\/ciencia.ufpr.br\/portal\/ciencia-ufpr-na-midia-2022\/","title":{"rendered":"Ci\u00eancia UFPR na M\u00eddia"},"content":{"rendered":"<h2>6\/12<\/h2>\n<h5>ECONOMIC NEWS &#8211; Ci\u00eancia UFPR: A universidade tem a 100\u00aa patente de inova\u00e7\u00e3o em energia solar (<a href=\"https:\/\/economicnewsbrasil.com.br\/2022\/12\/06\/ciencia-ufpr-a-universidade-tem-a-100a-patente-de-inovacao-em-energia-solar\/\" target=\"_blank\" rel=\"noopener\">leia<\/a>)<\/h5>\n<h2>21\/11<\/h2>\n<h5>ANDIFES &#8211; UFPR registra sua 100\u00aa patente com inova\u00e7\u00e3o para energia solar (<a href=\"https:\/\/www.andifes.org.br\/?p=94862\" target=\"_blank\" rel=\"noopener\">leia<\/a>)<\/h5>\n<h2>18\/11<\/h2>\n<h5>CARTA CAMPINAS &#8211; Universidade p\u00fablica cria filme solar 3 vezes mais eficiente e dur\u00e1vel para produzir energia el\u00e9trica (<a href=\"https:\/\/cartacampinas.com.br\/2022\/11\/universidade-publica-cria-filme-solar-3-vezes-mais-eficiente-e-duravel-para-produzir-energia-eletrica\/\" target=\"_blank\" rel=\"noopener\">leia<\/a>)<\/h5>\n<h2>11\/9<\/h2>\n<h5>FOLHA DE SP &#8211; Nova lei de agrot\u00f3xicos pode envenenar o mundo (<a href=\"https:\/\/www1.folha.uol.com.br\/opiniao\/2022\/09\/nova-lei-de-agrotoxicos-pode-envenenar-o-mundo.shtml\" target=\"_blank\" rel=\"noopener\">leia<\/a>)<\/h5>\n<h2>16\/8<\/h2>\n<h5>FATO AGENDA &#8211; Como a ci\u00eancia ajuda a impulsionar a produ\u00e7\u00e3o de l\u00fapulo no Brasil (<a href=\"https:\/\/fatoagenda.com.br\/2022\/08\/16\/como-ciencia-ajuda-impulsionar-producao-de-lupulo-no-brasil\/\" target=\"_blank\" rel=\"noopener\">leia<\/a>)<\/h5>\n<h5>COMPRE RURAL &#8211;\u00a0Como a ci\u00eancia ajuda a impulsionar a produ\u00e7\u00e3o de l\u00fapulo no Brasil (<a href=\"https:\/\/www.comprerural.com\/como-a-ciencia-ajuda-a-impulsionar-a-producao-de-lupulo-no-brasil\/\" target=\"_blank\" rel=\"noopener\">leia<\/a>)<\/h5>\n<h2>12\/8<\/h2>\n<h5>TV PARAN\u00c1 TURISMO &#8211; Paran\u00e1 em Pauta Entrevista: Thammy Ellin Mottin (<a href=\"https:\/\/www.youtube.com\/watch?v=hHeO0pV13Vk\" target=\"_blank\" rel=\"noopener\">assista<\/a>)<\/h5>\n<h2>6\/8<\/h2>\n<h5>FOLHA DE LONDRINA &#8211; Pesquisa da UFPR introduz mudas de alfarroba no Brasil (<a href=\"https:\/\/www.folhadelondrina.com.br\/folha-rural\/pesquisa-da-ufpr-introduz-mudas-de-alfarroba-no-brasil-3219474e.html?d=1\" target=\"_blank\" rel=\"noopener\">leia<\/a>)<\/h5>\n<h2>19\/7<\/h2>\n<h5>A LAVOURA &#8211; Estudo produz as primeiras mudas de alfarroba do Brasil (<a href=\"https:\/\/www.alavoura.com.br\/pesquisa-inovacao\/tecnologia-de-alimentos\/estudo-produz-as-primeiras-mudas-de-alfarroba-do-brasil\/\" target=\"_blank\" rel=\"noopener\">leia<\/a>)<\/h5>\n<h5>TNEWS (PR) &#8211; Pesquisadores da UFPR introduzem cultivo pioneiro de alfarroba, usada em dietas restritivas, no Br (<a href=\"https:\/\/www.tnewsnoar.com.br\/post\/pesquisadores-da-ufpr-introduzem-cultivo-pioneiro-de-alfarroba-usada-em-dietas-restritivas-no-bras\" target=\"_blank\" rel=\"noopener\">leia<\/a>)<\/h5>\n<h2>16\/7<\/h2>\n<h5>AG\u00caNCIA BRASIL (EBC) &#8211; Pesquisa da UFPR estuda a produ\u00e7\u00e3o e introdu\u00e7\u00e3o da alfarroba no pa\u00eds (<a href=\"https:\/\/agenciabrasil.ebc.com.br\/radioagencia-nacional\/pesquisa-e-inovacao\/audio\/2022-07\/pesquisa-da-ufpr-estuda-producao-e-introducao-da-alfarroba-no-pais\" target=\"_blank\" rel=\"noopener\">leia<\/a>)<\/h5>\n<h5>ESPALHE BOAS NOT\u00cdCIAS &#8211; Pesquisa da UFPR estuda a produ\u00e7\u00e3o e introdu\u00e7\u00e3o da alfarroba no pa\u00eds (<a href=\"https:\/\/espalheboasnoticias.com.br\/publicoa-destaque-pesquisa-da-ufpr-estuda-a-producao-e-introducao-da-alfarroba-no-pais\/\" target=\"_blank\" rel=\"noopener\">leia<\/a>)<\/h5>\n<h2>12\/7<\/h2>\n<h5>AGRO EM DIA &#8211; Brasil produz as primeiras mudas de alfarroba a partir de estudo da UFPR (<a href=\"https:\/\/agroemdia.com.br\/2022\/07\/12\/brasil-produz-as-primeiras-mudas-de-alfarroba-a-partir-de-estudo-da-ufpr\/\" target=\"_blank\" rel=\"noopener\">leia<\/a>)<\/h5>\n<h2>30\/6<\/h2>\n<h5>REVISTA SOU ECOL\u00d3GICO (MG) &#8211; Pesquisadora descobre floresta fossilizada de 290 milh\u00f5es de anos (<a href=\"https:\/\/souecologico.com.br\/sou-ecologico\/pesquisadora-descobre-floresta-fossilizada-de-290-milhoes-de-anos\/\" target=\"_blank\" rel=\"noopener\">leia<\/a>)<\/h5>\n<h2>28\/6<\/h2>\n<h5>DW BRASIL &#8211; Floresta de 290 milh\u00f5es de anos &#8211; #shorts (<a href=\"https:\/\/www.youtube.com\/watch?v=KjYlUufS9kg&amp;ab_channel=DWBrasil\" target=\"_blank\" rel=\"noopener\">assista<\/a>)<\/h5>\n<h2>26\/6<\/h2>\n<h5>JORNAL PARAN\u00c1 &#8211; Pesquisadora descobre floresta fossilizada de 290 milh\u00f5es de anos (<a href=\"https:\/\/parana.jor.br\/pesquisadora-descobre-floresta-fossilizada-de-290-milhoes-de-anos\/\" target=\"_blank\" rel=\"noopener\">leia<\/a>)<\/h5>\n<h2>25\/6<\/h2>\n<h5>UM S\u00d3 PLANETA &#8211; Casca de ovo \u00e9 base para fertilizante ecol\u00f3gico mais eficiente do que os convencionais (<a href=\"https:\/\/umsoplaneta.globo.com\/energia\/noticia\/2022\/06\/25\/casca-de-ovo-e-base-para-fertilizante-ecologico-mais-eficiente-do-que-os-convencionais.ghtml\" target=\"_blank\" rel=\"noopener\">leia<\/a>)<\/h5>\n<h5>AG\u00caNCIA BRASIL (EBC) &#8211; Pesquisadora descobre floresta fossilizada de 290 milh\u00f5es de anos (<a href=\"https:\/\/agenciabrasil.ebc.com.br\/geral\/noticia\/2022-06\/pesquisadora-descobre-floresta-fossilizada-de-290-milhoes-de-anos\" target=\"_blank\" rel=\"noopener\">leia<\/a>)<\/h5>\n<h5>EXAME &#8211; Floresta fossilizada de 290 milh\u00f5es de anos \u00e9 encontrada no Paran\u00e1 (<a href=\"https:\/\/exame.com\/ciencia\/floresta-fossilizada-de-290-milhoes-de-anos-e-encontrada-no-parana\/\" target=\"_blank\" rel=\"noopener\">leia<\/a>)<\/h5>\n<h5>CANAL RURAL &#8211; Pesquisadora descobre floresta fossilizada de 290 milh\u00f5es de anos (<a href=\"https:\/\/www.canalrural.com.br\/agricultura\/pesquisadora-descobre-floresta-fossilizada-290-milhoes-anos\/\" target=\"_blank\" rel=\"noopener\">leia<\/a>)<\/h5>\n<h5>PODER 360 (DF) &#8211; Pesquisadora encontra f\u00f3sseis de floresta com 290 milh\u00f5es de anos (<a href=\"https:\/\/www.poder360.com.br\/brasil\/pesquisadora-encontra-fosseis-de-floresta-com-290-milhoes-de-anos\/\" target=\"_blank\" rel=\"noopener\">leia<\/a>)<\/h5>\n<h2>24\/6<\/h2>\n<h5>CNN BRASIL &#8211; Pesquisa descobre floresta fossilizada de 290 milh\u00f5es de anos no Paran\u00e1 (<a href=\"https:\/\/www.cnnbrasil.com.br\/tecnologia\/pesquisa-descobre-floresta-fossilizada-de-290-milhoes-de-anos-no-parana\/\" target=\"_blank\" rel=\"noopener\">leia<\/a>)<\/h5>\n<h5>JORNAL UNI\u00c3O (PR) &#8211; Ortigueira: \u00c1rea em que f\u00f3sseis de \u00e1rvores foram encontrados no Paran\u00e1 (<a href=\"https:\/\/jornaluniao.com.br\/noticias\/outras-cidades\/ortigueira-area-em-que-fosseis-de-arvores-foram-encontrados-no-parana\" target=\"_blank\" rel=\"noopener\">leia<\/a>)<\/h5>\n<h2>23\/6<\/h2>\n<h5>DW BRASIL &#8211; A floresta \u201centerrada viva\u201d descoberta no Brasil (<a href=\"https:\/\/www.youtube.com\/watch?v=qTyDta5Rq4c&amp;ab_channel=DWBrasil\" target=\"_blank\" rel=\"noopener\">assista<\/a>)<\/h5>\n<h5>VERDE VALE (PR) &#8211; F\u00f3sseis de floresta de 290 milh\u00f5es de anos foram encontrados no Paran\u00e1 (<a href=\"https:\/\/www.vvale.com.br\/geral\/fosseis-de-floresta-de-290-milhoes-de-anos-foram-encontrados-no-parana\/\" target=\"_blank\" rel=\"noopener\">leia<\/a>)<\/h5>\n<h2>22\/6<\/h2>\n<h5>GAZETA DO POVO (PR) &#8211; Pesquisadora da UFPR descobre floresta de 290 milh\u00f5es de anos \u201ccongelada no tempo\u201d (<a href=\"https:\/\/www.gazetadopovo.com.br\/parana\/pesquisadora-da-ufpr-descobre-floresta-fossilizada-congelada-no-tempo\/\" target=\"_blank\" rel=\"noopener\">leia<\/a>)<\/h5>\n<h2>20\/6<\/h2>\n<h5>GIZMODO BRASIL &#8211; Floresta fossilizada de 290 milh\u00f5es de anos \u00e9 encontrada no Paran\u00e1 (<a href=\"https:\/\/gizmodo.uol.com.br\/floresta-fossilizada-de-290-milhoes-de-anos-e-encontrada-no-parana\/\" target=\"_blank\" rel=\"noopener\">leia<\/a>)<\/h5>\n<h5>AFP &#8211; Floresta de 290 milh\u00f5es de anos no Brasil (<a href=\"https:\/\/www.youtube.com\/watch?v=PHTxedQXO4g&amp;ab_channel=AFPPortugu%C3%AAs\" target=\"_blank\" rel=\"noopener\">assista<\/a>)<\/h5>\n<h2>17\/6<\/h2>\n<h5>RIC (PR) &#8211; Pesquisadora da UFPR faz descoberta, floresta de 290 milh\u00f5es de anos &#8220;congelada pelo tempo&#8221; (<a href=\"https:\/\/www.youtube.com\/watch?v=GBVLQYuejCY&amp;ab_channel=RICNot%C3%ADcias\" target=\"_blank\" rel=\"noopener\">assista<\/a>)<\/h5>\n<h5>CORREIO DO POVO DO PARAN\u00c1 &#8211; Cientistas encontram no Paran\u00e1 f\u00f3sseis de \u00e1rvores com cerca de 290 milh\u00f5es de anos (<a href=\"https:\/\/www.jcorreiodopovo.com.br\/ultimas-noticias\/cientista-encontram-no-parana-fosseis-de-arvores-com-cerca-de-290-milhoes-de-anos\/\" target=\"_blank\" rel=\"noopener\">leia<\/a>)<\/h5>\n<h2>16\/6<\/h2>\n<h5>JORNALE &#8211; F\u00f3sseis de \u00e1rvores com cerca de 290 milh\u00f5es de anos s\u00e3o encontrados no Paran\u00e1 (<a href=\"https:\/\/www.jornale.com.br\/post\/fosseis-de-arvores-290-milhoes-de-anos-parana-ortigueira\" target=\"_blank\" rel=\"noopener\">leia<\/a>)<\/h5>\n<h5>BAND TV &#8211; Floresta de 290 milh\u00f5es de anos \u00e9 descoberta no Paran\u00e1 (<a href=\"https:\/\/www.youtube.com\/watch?v=F1N7CTsLN2A&amp;ab_channel=BandJornalismo\" target=\"_blank\" rel=\"noopener\">leia<\/a>)<\/h5>\n<h5>AVENTURAS NA HIST\u00d3RIA &#8211; Cientista encontra floresta fossilizada de 290 milh\u00f5es de anos \u2018congelada no tempo\u2019 (<a href=\"https:\/\/aventurasnahistoria.com.br\/noticias\/historia-hoje\/cientista-encontra-floresta-fossilizada-de-290-milhoes-de-anos-congelada-no-tempo.phtml\" target=\"_blank\" rel=\"noopener\">leia<\/a>)<\/h5>\n<h5>CANALTECH &#8211; F\u00f3sseis de floresta de 290 milh\u00f5es de anos s\u00e3o descobertos no Paran\u00e1 (<a href=\"https:\/\/canaltech.com.br\/ciencia\/fosseis-de-floresta-de-290-milhoes-de-anos-sao-descobertos-no-parana-218968\/\" target=\"_blank\" rel=\"noopener\">leia<\/a>)<\/h5>\n<h2>15\/6<\/h2>\n<h5>GALILEU &#8211; Floresta de 290 milh\u00f5es de anos &#8220;congelada no tempo&#8221; \u00e9 descoberta no PR (<a href=\"https:\/\/revistagalileu.globo.com\/Ciencia\/Biologia\/noticia\/2022\/06\/floresta-de-290-milhoes-de-anos-congelada-no-tempo-e-descoberta-no-pr.html\" target=\"_blank\" rel=\"noopener\">leia<\/a>)<\/h5>\n<h5>G1 (PR) &#8211; Cientista encontra f\u00f3sseis de \u00e1rvores com cerca de 290 milh\u00f5es de anos no Paran\u00e1; veja fotos (<a href=\"https:\/\/g1.globo.com\/pr\/campos-gerais-sul\/noticia\/2022\/06\/15\/fosseis-de-arvores-com-cerca-de-290-milhoes-de-anos-sao-descobertos-no-parana-veja-fotos.ghtml\" target=\"_blank\" rel=\"noopener\">leia<\/a>)<\/h5>\n<h5>BEM PARAN\u00c1 &#8211; Pesquisadora descobre no Paran\u00e1 floresta de 290 milh\u00f5es de anos \u2018congelada no tempo\u2019 (<a href=\"https:\/\/www.bemparana.com.br\/ciencia-meio-ambiente\/pesquisadora-descobre-no-parana-floresta-de-290-milhoes-de-anos-congelada-no-tempo\/\" target=\"_blank\" rel=\"noopener\">leia<\/a>)<\/h5>\n<h5>CBN PONTA GROSSA (PR) &#8211; Floresta que existiu h\u00e1 290 milh\u00f5es de anos \u00e9 descoberta em Ortigueira, no Paran\u00e1 (<a href=\"https:\/\/www.cbnpg.com.br\/post\/floresta-que-existiu-h%C3%A1-290-milh%C3%B5es-de-anos-%C3%A9-descoberta-em-ortigueira-no-paran%C3%A1\" target=\"_blank\" rel=\"noopener\">leia<\/a>)<\/h5>\n<h5>GMC ONLINE (PR) &#8211; Floresta com \u00e1rvores de 290 milh\u00f5es de anos \u00e9 encontrada no Paran\u00e1 (<a href=\"https:\/\/gmconline.com.br\/noticias\/parana\/floresta-com-arvores-de-290-milhoes-de-anos-e-encontrada-no-parana\/\" target=\"_blank\" rel=\"noopener\">leia<\/a>)<\/h5>\n<h2>14\/6<\/h2>\n<h5>FOLHA DE SP &#8211; Floresta de 290 milh\u00f5es de anos \u00e9 descoberta no Paran\u00e1 (<a href=\"https:\/\/www1.folha.uol.com.br\/ciencia\/2022\/06\/floresta-de-290-milhoes-de-anos-e-descoberta-no-parana.shtml\" target=\"_blank\" rel=\"noopener\">leia<\/a>)<\/h5>\n<h5>FOLHA DE LONDRINA (PR) &#8211; Floresta de 290 milh\u00f5es de anos \u00e9 descoberta em Ortigueira (<a href=\"https:\/\/www.gazetadopovo.com.br\/parana\/pesquisadora-da-ufpr-descobre-floresta-fossilizada-congelada-no-tempo\/\" target=\"_blank\" rel=\"noopener\">leia<\/a>)<\/h5>\n<h5>WIKI NOT\u00cdCIAS &#8211; Floresta de 290 milh\u00f5es de anos \u00e9 encontrada fossilizada no Sul do Brasil (<a href=\"https:\/\/pt.wikinews.org\/wiki\/Floresta_de_290_milh%C3%B5es_de_anos_%C3%A9_encontrada_fossilizada_no_Sul_do_Brasil\" target=\"_blank\" rel=\"noopener\">leia<\/a>)<\/h5>\n<h5>TN ONLINE (PR) &#8211; Floresta com \u00e1rvores de 290 milh\u00f5es de anos \u00e9 encontrada em Ortigueira (<a href=\"https:\/\/tnonline.uol.com.br\/noticias\/parana\/floresta-com-arvores-de-290-milhoes-de-anos-e-encontrada-em-ortigueira-653992\" target=\"_blank\" rel=\"noopener\">leia<\/a>)<\/h5>\n<h2>23\/5<\/h2>\n<h5>O PRESENTE &#8211; Pesquisa da UFPR mostra que teste de saliva tem precis\u00e3o semelhante ao swab nasal (<a href=\"https:\/\/www.opresente.com.br\/parana\/pesquisa-da-ufpr-mostra-que-teste-de-saliva-tem-precisao-semelhante-ao-swab-nasal\/\" target=\"_blank\" rel=\"noopener\">leia<\/a>)<\/h5>\n<h2>22\/5<\/h2>\n<h5>D&#8217;PONTA NEWS (PR) &#8211; Estudo da UFPR indica que testes de saliva e swab t\u00eam efic\u00e1cia semelhante em testes de covid-19 (<a href=\"https:\/\/dpontanews.com.br\/educacao\/estudo-da-ufpr-indica-que-testes-de-saliva-e-swab-tem-eficacia-semelhante-em-testes-de-covid-19\" target=\"_blank\" rel=\"noopener\">leia<\/a>)<\/h5>\n<h2>26\/3<\/h2>\n<h5>R\u00c1DIO NACIONAL (EBC) &#8211; Pesquisador da UFPR desenvolve fertilizante ecol\u00f3gico com casca de ovo (<a href=\"https:\/\/agenciabrasil.ebc.com.br\/radioagencia-nacional\/pesquisa-e-inovacao\/audio\/2022-03\/pesquisador-da-ufpr-desenvolve-fertilizante-ecologico-com-casca-de-ovo\" target=\"_blank\" rel=\"noopener\">leia<\/a>)<\/h5>\n<h5>ESPALHE BOAS NOT\u00cdCIAS &#8211; Pesquisador da UFPR desenvolve fertilizante ecol\u00f3gico com casca de ovo (<a href=\"https:\/\/espalheboasnoticias.com.br\/publico-a-destaque-pesquisador-da-ufpr-desenvolve-fertilizante-ecologico-com-casca-de-ovo\/\" target=\"_blank\" rel=\"noopener\">leia<\/a>)<\/h5>\n<h2>22\/3<\/h2>\n<h5>A LAVOURA &#8211; Fertilizantes: casca de ovo \u00e9 alternativa sustent\u00e1vel (<a href=\"https:\/\/www.alavoura.com.br\/agricultura\/adubos-e-fertilizantes\/fertilizantes-casca-de-ovo-e-alternativa-sustentavel\/\" target=\"_blank\" rel=\"noopener\">leia<\/a>)<\/h5>\n<h2>15\/3<\/h2>\n<h5>REVISTA SOU ECOL\u00d3GICO (MG) &#8211; Fertilizante ecol\u00f3gico pode reduzir depend\u00eancia de importa\u00e7\u00e3o (<a href=\"https:\/\/souecologico.com.br\/sou-ecologico\/fertilizante-ecologico-pode-reduzir-dependencia-de-importacao\/\" target=\"_blank\" rel=\"noopener\">leia<\/a>)<\/h5>\n<h2>14\/3<\/h2>\n<h5>AMANH\u00c3 &#8211; Fertilizante ecol\u00f3gico pode reduzir depend\u00eancia de importa\u00e7\u00e3o (<a href=\"https:\/\/amanha.com.br\/categoria\/sustentabilidade\/fertilizante-ecologico-pode-reduzir-dependencia-de-importacao\" target=\"_blank\" rel=\"noopener\">leia<\/a>)<\/h5>\n<h2>12\/3<\/h2>\n<h5>AG\u00caNCIA BRASIL (EBC) &#8211; Fertilizante ecol\u00f3gico pode reduzir depend\u00eancia de importa\u00e7\u00e3o (<a href=\"https:\/\/agenciabrasil.ebc.com.br\/economia\/noticia\/2022-03\/fertilizante-ecologico-pode-reduzir-dependencia-de-importacao\" target=\"_blank\" rel=\"noopener\">leia<\/a>)<\/h5>\n<h2>11\/3<\/h2>\n<h5>CARTA CAMPINAS &#8211; Pesquisa de universidade p\u00fablica cria fertilizante de casca de ovo mais eficaz e ecol\u00f3gico (<a href=\"https:\/\/cartacampinas.com.br\/2022\/03\/pesquisa-de-universidade-publica-cria-fertilizante-de-casca-de-ovo-mais-eficaz-e-ecologico\/\" target=\"_blank\" rel=\"noopener\">leia<\/a>)<\/h5>\n<h2>10\/3<\/h2>\n<h5>JORNAL PARAN\u00c1 &#8211; Casca de ovo \u00e9 eficiente como fertilizante ecol\u00f3gico (<a href=\"https:\/\/parana.jor.br\/casca-de-ovo-e-eficiente-como-fertilizante-ecologico\/\" target=\"_blank\" rel=\"noopener\">leia<\/a>)<\/h5>\n<h2>9\/3<\/h2>\n<h5>ENVOLVERDE &#8211; Casca de ovo \u00e9 base para fertilizante ecol\u00f3gico mais eficiente que convencionais (<a href=\"https:\/\/envolverde.com.br\/casca-de-ovo-e-base-para-fertilizante-ecologico-mais-eficiente-que-convencionais\/\" target=\"_blank\" rel=\"noopener\">leia<\/a>)<\/h5>\n<h5>CICLO VIVO &#8211; UFPR produz fertilizante ecol\u00f3gico com casca de ovo (<a href=\"https:\/\/ciclovivo.com.br\/inovacao\/tecnologia\/ufpr-produz-fertilizante-ecologico-com-casca-de-ovo\/\" target=\"_blank\" rel=\"noopener\">leia<\/a>)<\/h5>\n<h2>2\/3<\/h2>\n<h5>COLABORA &#8211; Pesquisa brasileira indica presen\u00e7a de esgoto e combust\u00edvel f\u00f3ssil na Ant\u00e1rtica (<a href=\"https:\/\/projetocolabora.com.br\/ods15\/pesquisa-brasileira-indica-presenca-de-esgoto-e-combustivel-fossil-na-antartica\/\" target=\"_blank\" rel=\"noopener\">leia<\/a>)<\/h5>\n<h2>14\/2<\/h2>\n<h5>ANDIFES &#8211; UFPR \u2013 Biomarcadores indicam presen\u00e7a de esgoto e combust\u00edvel f\u00f3ssil no ambiente da Ant\u00e1rtica (<a href=\"https:\/\/www.andifes.org.br\/?p=91585\" target=\"_blank\" rel=\"noopener\">leia<\/a>)<\/h5>\n<h2>10\/2<\/h2>\n<h5>eCYCLE &#8211; Biomarcadores indicam presen\u00e7a de esgoto e combust\u00edvel f\u00f3ssil no ambiente da Ant\u00e1rtica (<a href=\"https:\/\/www.ecycle.com.br\/biomarcadores-indicam-presenca-de-esgoto-e-combustivel-fossil-no-ambiente-da-antartica\/\" target=\"_blank\" rel=\"noopener\">leia<\/a>)<\/h5>\n<h2>9\/2<\/h2>\n<h5>CRESCER &#8211; Popula\u00e7\u00e3o negra \u00e9 mais propensa a ter intoler\u00e2ncia \u00e0 lactose, aponta estudo brasileiro (<a href=\"https:\/\/revistacrescer.globo.com\/Saude\/noticia\/2022\/02\/populacao-negra-e-mais-propensa-ter-intolerancia-lactose-aponta-estudo-brasileiro.html\" target=\"_blank\" rel=\"noopener\">leia<\/a>)<\/h5>\n<h2>13\/1<\/h2>\n<h5>ANDIFES &#8211; UFPR \u2013 Fragmenta\u00e7\u00e3o de biomas pode colocar pequenos mam\u00edferos em rota de extin\u00e7\u00e3o nos Campos Gerais (<a href=\"https:\/\/www.andifes.org.br\/?p=91174\" target=\"_blank\" rel=\"noopener\">leia<\/a>)<\/h5>\n","protected":false},"excerpt":{"rendered":"<p>6\/12 ECONOMIC NEWS &#8211; Ci\u00eancia UFPR: A universidade tem a 100\u00aa patente de inova\u00e7\u00e3o em energia solar (leia) 21\/11 ANDIFES&#8230;<\/p>\n","protected":false},"author":2801,"featured_media":22960,"comment_status":"open","ping_status":"closed","sticky":false,"template":"","format":"standard","meta":{"_acf_changed":false,"footnotes":"","fifu_image_url":"","fifu_image_alt":"","_jetpack_memberships_contains_paid_content":false},"categories":[2245],"tags":[2076,2248,2254],"acf":[],"yoast_head":"<!-- This site is optimized with the Yoast SEO plugin v23.5 - https:\/\/yoast.com\/wordpress\/plugins\/seo\/ -->\n<title>Ci\u00eancia UFPR na M\u00eddia - Ci\u00eancia UFPR<\/title>\n<meta name=\"description\" content=\"Repercuss\u00e3o do nosso conte\u00fado na imprensa no ano de 2022.\" \/>\n<meta name=\"robots\" content=\"index, follow, max-snippet:-1, max-image-preview:large, max-video-preview:-1\" \/>\n<link rel=\"canonical\" href=\"https:\/\/ciencia.ufpr.br\/portal\/ciencia-ufpr-na-midia-2022\/\" \/>\n<meta property=\"og:locale\" content=\"pt_BR\" \/>\n<meta property=\"og:type\" content=\"article\" \/>\n<meta property=\"og:title\" content=\"Ci\u00eancia UFPR na M\u00eddia - Ci\u00eancia UFPR\" \/>\n<meta property=\"og:description\" content=\"Repercuss\u00e3o do nosso conte\u00fado na imprensa no ano de 2022.\" \/>\n<meta property=\"og:url\" content=\"https:\/\/ciencia.ufpr.br\/portal\/ciencia-ufpr-na-midia-2022\/\" \/>\n<meta property=\"og:site_name\" content=\"Ci\u00eancia UFPR\" \/>\n<meta property=\"article:publisher\" content=\"https:\/\/www.facebook.com\/cienciaufproficial\" \/>\n<meta property=\"article:author\" content=\"https:\/\/facebook.com\/cienciaufproficial\/\" \/>\n<meta property=\"article:published_time\" content=\"2022-01-02T02:38:46+00:00\" \/>\n<meta property=\"article:modified_time\" content=\"2026-03-16T14:09:54+00:00\" \/>\n<meta property=\"og:image\" content=\"https:\/\/ciencia.ufpr.br\/portal\/wp-content\/uploads\/2023\/02\/cienciaufprnamidia_2022-scaled.jpg\" \/>\n\t<meta property=\"og:image:width\" content=\"2560\" \/>\n\t<meta property=\"og:image:height\" content=\"1440\" \/>\n\t<meta property=\"og:image:type\" content=\"image\/jpeg\" \/>\n<meta name=\"author\" content=\"Revista Ci\u00eancia UFPR\" \/>\n<meta name=\"twitter:card\" content=\"summary_large_image\" \/>\n<meta name=\"twitter:creator\" content=\"@cienciaufpr\" \/>\n<meta name=\"twitter:site\" content=\"@cienciaufpr\" \/>\n<meta name=\"twitter:label1\" content=\"Escrito por\" \/>\n\t<meta name=\"twitter:data1\" content=\"Revista Ci\u00eancia UFPR\" \/>\n\t<meta name=\"twitter:label2\" content=\"Est. tempo de leitura\" \/>\n\t<meta name=\"twitter:data2\" content=\"5 minutos\" \/>\n<script type=\"application\/ld+json\" class=\"yoast-schema-graph\">{\"@context\":\"https:\/\/schema.org\",\"@graph\":[{\"@type\":\"Article\",\"@id\":\"https:\/\/ciencia.ufpr.br\/portal\/ciencia-ufpr-na-midia-2022\/#article\",\"isPartOf\":{\"@id\":\"https:\/\/ciencia.ufpr.br\/portal\/ciencia-ufpr-na-midia-2022\/\"},\"author\":{\"name\":\"Revista Ci\u00eancia UFPR\",\"@id\":\"https:\/\/ciencia.ufpr.br\/portal\/#\/schema\/person\/667496d81ec02b6172c2caededef2737\"},\"headline\":\"Ci\u00eancia UFPR na M\u00eddia\",\"datePublished\":\"2022-01-02T02:38:46+00:00\",\"dateModified\":\"2026-03-16T14:09:54+00:00\",\"mainEntityOfPage\":{\"@id\":\"https:\/\/ciencia.ufpr.br\/portal\/ciencia-ufpr-na-midia-2022\/\"},\"wordCount\":995,\"commentCount\":0,\"publisher\":{\"@id\":\"https:\/\/ciencia.ufpr.br\/portal\/#organization\"},\"image\":{\"@id\":\"https:\/\/ciencia.ufpr.br\/portal\/ciencia-ufpr-na-midia-2022\/#primaryimage\"},\"thumbnailUrl\":\"https:\/\/ciencia.ufpr.br\/portal\/wp-content\/uploads\/2023\/02\/cienciaufprnamidia_2022-scaled.jpg\",\"keywords\":[\"2022\",\"Ci\u00eancia UFPR na M\u00eddia\",\"clipping\"],\"articleSection\":[\"Na m\u00eddia\"],\"inLanguage\":\"pt-BR\",\"potentialAction\":[{\"@type\":\"CommentAction\",\"name\":\"Comment\",\"target\":[\"https:\/\/ciencia.ufpr.br\/portal\/ciencia-ufpr-na-midia-2022\/#respond\"]}]},{\"@type\":\"WebPage\",\"@id\":\"https:\/\/ciencia.ufpr.br\/portal\/ciencia-ufpr-na-midia-2022\/\",\"url\":\"https:\/\/ciencia.ufpr.br\/portal\/ciencia-ufpr-na-midia-2022\/\",\"name\":\"Ci\u00eancia UFPR na M\u00eddia - Ci\u00eancia UFPR\",\"isPartOf\":{\"@id\":\"https:\/\/ciencia.ufpr.br\/portal\/#website\"},\"primaryImageOfPage\":{\"@id\":\"https:\/\/ciencia.ufpr.br\/portal\/ciencia-ufpr-na-midia-2022\/#primaryimage\"},\"image\":{\"@id\":\"https:\/\/ciencia.ufpr.br\/portal\/ciencia-ufpr-na-midia-2022\/#primaryimage\"},\"thumbnailUrl\":\"https:\/\/ciencia.ufpr.br\/portal\/wp-content\/uploads\/2023\/02\/cienciaufprnamidia_2022-scaled.jpg\",\"datePublished\":\"2022-01-02T02:38:46+00:00\",\"dateModified\":\"2026-03-16T14:09:54+00:00\",\"description\":\"Repercuss\u00e3o do nosso conte\u00fado na imprensa no ano de 2022.\",\"breadcrumb\":{\"@id\":\"https:\/\/ciencia.ufpr.br\/portal\/ciencia-ufpr-na-midia-2022\/#breadcrumb\"},\"inLanguage\":\"pt-BR\",\"potentialAction\":[{\"@type\":\"ReadAction\",\"target\":[\"https:\/\/ciencia.ufpr.br\/portal\/ciencia-ufpr-na-midia-2022\/\"]}]},{\"@type\":\"ImageObject\",\"inLanguage\":\"pt-BR\",\"@id\":\"https:\/\/ciencia.ufpr.br\/portal\/ciencia-ufpr-na-midia-2022\/#primaryimage\",\"url\":\"https:\/\/ciencia.ufpr.br\/portal\/wp-content\/uploads\/2023\/02\/cienciaufprnamidia_2022-scaled.jpg\",\"contentUrl\":\"https:\/\/ciencia.ufpr.br\/portal\/wp-content\/uploads\/2023\/02\/cienciaufprnamidia_2022-scaled.jpg\",\"width\":2560,\"height\":1440},{\"@type\":\"BreadcrumbList\",\"@id\":\"https:\/\/ciencia.ufpr.br\/portal\/ciencia-ufpr-na-midia-2022\/#breadcrumb\",\"itemListElement\":[{\"@type\":\"ListItem\",\"position\":1,\"name\":\"Home\",\"item\":\"https:\/\/ciencia.ufpr.br\/portal\/\"},{\"@type\":\"ListItem\",\"position\":2,\"name\":\"Ci\u00eancia UFPR na M\u00eddia\"}]},{\"@type\":\"WebSite\",\"@id\":\"https:\/\/ciencia.ufpr.br\/portal\/#website\",\"url\":\"https:\/\/ciencia.ufpr.br\/portal\/\",\"name\":\"Ci\u00eancia UFPR\",\"description\":\"Site de temas cient\u00edficos com foco no conhecimento produzido na Universidade Federal do Paran\u00e1 (UFPR). Baseado na Revista Ci\u00eancia UFPR.\",\"publisher\":{\"@id\":\"https:\/\/ciencia.ufpr.br\/portal\/#organization\"},\"potentialAction\":[{\"@type\":\"SearchAction\",\"target\":{\"@type\":\"EntryPoint\",\"urlTemplate\":\"https:\/\/ciencia.ufpr.br\/portal\/?s={search_term_string}\"},\"query-input\":{\"@type\":\"PropertyValueSpecification\",\"valueRequired\":true,\"valueName\":\"search_term_string\"}}],\"inLanguage\":\"pt-BR\"},{\"@type\":\"Organization\",\"@id\":\"https:\/\/ciencia.ufpr.br\/portal\/#organization\",\"name\":\"Revista Ci\u00eancia UFPR\",\"url\":\"https:\/\/ciencia.ufpr.br\/portal\/\",\"logo\":{\"@type\":\"ImageObject\",\"inLanguage\":\"pt-BR\",\"@id\":\"https:\/\/ciencia.ufpr.br\/portal\/#\/schema\/logo\/image\/\",\"url\":\"https:\/\/ciencia.ufpr.br\/portal\/wp-content\/uploads\/2020\/12\/Revista-Ciencia-UFPR-vermelho.jpeg\",\"contentUrl\":\"https:\/\/ciencia.ufpr.br\/portal\/wp-content\/uploads\/2020\/12\/Revista-Ciencia-UFPR-vermelho.jpeg\",\"width\":992,\"height\":714,\"caption\":\"Revista Ci\u00eancia UFPR\"},\"image\":{\"@id\":\"https:\/\/ciencia.ufpr.br\/portal\/#\/schema\/logo\/image\/\"},\"sameAs\":[\"https:\/\/www.facebook.com\/cienciaufproficial\",\"https:\/\/x.com\/cienciaufpr\",\"https:\/\/www.instagram.com\/revistacienciaufpr\/\",\"https:\/\/www.linkedin.com\/company\/cienciaufproficial\",\"https:\/\/br.pinterest.com\/cienciaufpr\/\"]},{\"@type\":\"Person\",\"@id\":\"https:\/\/ciencia.ufpr.br\/portal\/#\/schema\/person\/667496d81ec02b6172c2caededef2737\",\"name\":\"Revista Ci\u00eancia UFPR\",\"description\":\"Site de jornalismo e divulga\u00e7\u00e3o cient\u00edficos sobre o conhecimento produzido na Universidade Federal do Paran\u00e1 (UFPR). Baseado na Revista Ci\u00eancia UFPR, editada pela Superintend\u00eancia de Comunica\u00e7\u00e3o (Sucom) desde 2016.\",\"sameAs\":[\"https:\/\/ciencia.ufpr.br\/portal\/\",\"https:\/\/facebook.com\/cienciaufproficial\/\",\"https:\/\/www.instagram.com\/revistacienciaufpr\/\",\"https:\/\/br.pinterest.com\/cienciaufpr\/\",\"https:\/\/x.com\/cienciaufpr\",\"https:\/\/soundcloud.com\/revista-ciencia-ufpr\"],\"url\":\"https:\/\/ciencia.ufpr.br\/portal\/author\/revistaciencia\/\"}]}<\/script>\n<!-- \/ Yoast SEO plugin. -->","yoast_head_json":{"title":"Ci\u00eancia UFPR na M\u00eddia - Ci\u00eancia UFPR","description":"Repercuss\u00e3o do nosso conte\u00fado na imprensa no ano de 2022.","robots":{"index":"index","follow":"follow","max-snippet":"max-snippet:-1","max-image-preview":"max-image-preview:large","max-video-preview":"max-video-preview:-1"},"canonical":"https:\/\/ciencia.ufpr.br\/portal\/ciencia-ufpr-na-midia-2022\/","og_locale":"pt_BR","og_type":"article","og_title":"Ci\u00eancia UFPR na M\u00eddia - Ci\u00eancia UFPR","og_description":"Repercuss\u00e3o do nosso conte\u00fado na imprensa no ano de 2022.","og_url":"https:\/\/ciencia.ufpr.br\/portal\/ciencia-ufpr-na-midia-2022\/","og_site_name":"Ci\u00eancia UFPR","article_publisher":"https:\/\/www.facebook.com\/cienciaufproficial","article_author":"https:\/\/facebook.com\/cienciaufproficial\/","article_published_time":"2022-01-02T02:38:46+00:00","article_modified_time":"2026-03-16T14:09:54+00:00","og_image":[{"width":2560,"height":1440,"url":"https:\/\/ciencia.ufpr.br\/portal\/wp-content\/uploads\/2023\/02\/cienciaufprnamidia_2022-scaled.jpg","type":"image\/jpeg"}],"author":"Revista Ci\u00eancia UFPR","twitter_card":"summary_large_image","twitter_creator":"@cienciaufpr","twitter_site":"@cienciaufpr","twitter_misc":{"Escrito por":"Revista Ci\u00eancia UFPR","Est. tempo de leitura":"5 minutos"},"schema":{"@context":"https:\/\/schema.org","@graph":[{"@type":"Article","@id":"https:\/\/ciencia.ufpr.br\/portal\/ciencia-ufpr-na-midia-2022\/#article","isPartOf":{"@id":"https:\/\/ciencia.ufpr.br\/portal\/ciencia-ufpr-na-midia-2022\/"},"author":{"name":"Revista Ci\u00eancia UFPR","@id":"https:\/\/ciencia.ufpr.br\/portal\/#\/schema\/person\/667496d81ec02b6172c2caededef2737"},"headline":"Ci\u00eancia UFPR na M\u00eddia","datePublished":"2022-01-02T02:38:46+00:00","dateModified":"2026-03-16T14:09:54+00:00","mainEntityOfPage":{"@id":"https:\/\/ciencia.ufpr.br\/portal\/ciencia-ufpr-na-midia-2022\/"},"wordCount":995,"commentCount":0,"publisher":{"@id":"https:\/\/ciencia.ufpr.br\/portal\/#organization"},"image":{"@id":"https:\/\/ciencia.ufpr.br\/portal\/ciencia-ufpr-na-midia-2022\/#primaryimage"},"thumbnailUrl":"https:\/\/ciencia.ufpr.br\/portal\/wp-content\/uploads\/2023\/02\/cienciaufprnamidia_2022-scaled.jpg","keywords":["2022","Ci\u00eancia UFPR na M\u00eddia","clipping"],"articleSection":["Na m\u00eddia"],"inLanguage":"pt-BR","potentialAction":[{"@type":"CommentAction","name":"Comment","target":["https:\/\/ciencia.ufpr.br\/portal\/ciencia-ufpr-na-midia-2022\/#respond"]}]},{"@type":"WebPage","@id":"https:\/\/ciencia.ufpr.br\/portal\/ciencia-ufpr-na-midia-2022\/","url":"https:\/\/ciencia.ufpr.br\/portal\/ciencia-ufpr-na-midia-2022\/","name":"Ci\u00eancia UFPR na M\u00eddia - Ci\u00eancia UFPR","isPartOf":{"@id":"https:\/\/ciencia.ufpr.br\/portal\/#website"},"primaryImageOfPage":{"@id":"https:\/\/ciencia.ufpr.br\/portal\/ciencia-ufpr-na-midia-2022\/#primaryimage"},"image":{"@id":"https:\/\/ciencia.ufpr.br\/portal\/ciencia-ufpr-na-midia-2022\/#primaryimage"},"thumbnailUrl":"https:\/\/ciencia.ufpr.br\/portal\/wp-content\/uploads\/2023\/02\/cienciaufprnamidia_2022-scaled.jpg","datePublished":"2022-01-02T02:38:46+00:00","dateModified":"2026-03-16T14:09:54+00:00","description":"Repercuss\u00e3o do nosso conte\u00fado na imprensa no ano de 2022.","breadcrumb":{"@id":"https:\/\/ciencia.ufpr.br\/portal\/ciencia-ufpr-na-midia-2022\/#breadcrumb"},"inLanguage":"pt-BR","potentialAction":[{"@type":"ReadAction","target":["https:\/\/ciencia.ufpr.br\/portal\/ciencia-ufpr-na-midia-2022\/"]}]},{"@type":"ImageObject","inLanguage":"pt-BR","@id":"https:\/\/ciencia.ufpr.br\/portal\/ciencia-ufpr-na-midia-2022\/#primaryimage","url":"https:\/\/ciencia.ufpr.br\/portal\/wp-content\/uploads\/2023\/02\/cienciaufprnamidia_2022-scaled.jpg","contentUrl":"https:\/\/ciencia.ufpr.br\/portal\/wp-content\/uploads\/2023\/02\/cienciaufprnamidia_2022-scaled.jpg","width":2560,"height":1440},{"@type":"BreadcrumbList","@id":"https:\/\/ciencia.ufpr.br\/portal\/ciencia-ufpr-na-midia-2022\/#breadcrumb","itemListElement":[{"@type":"ListItem","position":1,"name":"Home","item":"https:\/\/ciencia.ufpr.br\/portal\/"},{"@type":"ListItem","position":2,"name":"Ci\u00eancia UFPR na M\u00eddia"}]},{"@type":"WebSite","@id":"https:\/\/ciencia.ufpr.br\/portal\/#website","url":"https:\/\/ciencia.ufpr.br\/portal\/","name":"Ci\u00eancia UFPR","description":"Site de temas cient\u00edficos com foco no conhecimento produzido na Universidade Federal do Paran\u00e1 (UFPR). Baseado na Revista Ci\u00eancia UFPR.","publisher":{"@id":"https:\/\/ciencia.ufpr.br\/portal\/#organization"},"potentialAction":[{"@type":"SearchAction","target":{"@type":"EntryPoint","urlTemplate":"https:\/\/ciencia.ufpr.br\/portal\/?s={search_term_string}"},"query-input":{"@type":"PropertyValueSpecification","valueRequired":true,"valueName":"search_term_string"}}],"inLanguage":"pt-BR"},{"@type":"Organization","@id":"https:\/\/ciencia.ufpr.br\/portal\/#organization","name":"Revista Ci\u00eancia UFPR","url":"https:\/\/ciencia.ufpr.br\/portal\/","logo":{"@type":"ImageObject","inLanguage":"pt-BR","@id":"https:\/\/ciencia.ufpr.br\/portal\/#\/schema\/logo\/image\/","url":"https:\/\/ciencia.ufpr.br\/portal\/wp-content\/uploads\/2020\/12\/Revista-Ciencia-UFPR-vermelho.jpeg","contentUrl":"https:\/\/ciencia.ufpr.br\/portal\/wp-content\/uploads\/2020\/12\/Revista-Ciencia-UFPR-vermelho.jpeg","width":992,"height":714,"caption":"Revista Ci\u00eancia UFPR"},"image":{"@id":"https:\/\/ciencia.ufpr.br\/portal\/#\/schema\/logo\/image\/"},"sameAs":["https:\/\/www.facebook.com\/cienciaufproficial","https:\/\/x.com\/cienciaufpr","https:\/\/www.instagram.com\/revistacienciaufpr\/","https:\/\/www.linkedin.com\/company\/cienciaufproficial","https:\/\/br.pinterest.com\/cienciaufpr\/"]},{"@type":"Person","@id":"https:\/\/ciencia.ufpr.br\/portal\/#\/schema\/person\/667496d81ec02b6172c2caededef2737","name":"Revista Ci\u00eancia UFPR","description":"Site de jornalismo e divulga\u00e7\u00e3o cient\u00edficos sobre o conhecimento produzido na Universidade Federal do Paran\u00e1 (UFPR). Baseado na Revista Ci\u00eancia UFPR, editada pela Superintend\u00eancia de Comunica\u00e7\u00e3o (Sucom) desde 2016.","sameAs":["https:\/\/ciencia.ufpr.br\/portal\/","https:\/\/facebook.com\/cienciaufproficial\/","https:\/\/www.instagram.com\/revistacienciaufpr\/","https:\/\/br.pinterest.com\/cienciaufpr\/","https:\/\/x.com\/cienciaufpr","https:\/\/soundcloud.com\/revista-ciencia-ufpr"],"url":"https:\/\/ciencia.ufpr.br\/portal\/author\/revistaciencia\/"}]}},"views":826,"jetpack_sharing_enabled":true,"jetpack_featured_media_url":"https:\/\/ciencia.ufpr.br\/portal\/wp-content\/uploads\/2023\/02\/cienciaufprnamidia_2022-scaled.jpg","_links":{"self":[{"href":"https:\/\/ciencia.ufpr.br\/portal\/wp-json\/wp\/v2\/posts\/22959"}],"collection":[{"href":"https:\/\/ciencia.ufpr.br\/portal\/wp-json\/wp\/v2\/posts"}],"about":[{"href":"https:\/\/ciencia.ufpr.br\/portal\/wp-json\/wp\/v2\/types\/post"}],"author":[{"embeddable":true,"href":"https:\/\/ciencia.ufpr.br\/portal\/wp-json\/wp\/v2\/users\/2801"}],"replies":[{"embeddable":true,"href":"https:\/\/ciencia.ufpr.br\/portal\/wp-json\/wp\/v2\/comments?post=22959"}],"version-history":[{"count":48,"href":"https:\/\/ciencia.ufpr.br\/portal\/wp-json\/wp\/v2\/posts\/22959\/revisions"}],"predecessor-version":[{"id":28598,"href":"https:\/\/ciencia.ufpr.br\/portal\/wp-json\/wp\/v2\/posts\/22959\/revisions\/28598"}],"wp:featuredmedia":[{"embeddable":true,"href":"https:\/\/ciencia.ufpr.br\/portal\/wp-json\/wp\/v2\/media\/22960"}],"wp:attachment":[{"href":"https:\/\/ciencia.ufpr.br\/portal\/wp-json\/wp\/v2\/media?parent=22959"}],"wp:term":[{"taxonomy":"category","embeddable":true,"href":"https:\/\/ciencia.ufpr.br\/portal\/wp-json\/wp\/v2\/categories?post=22959"},{"taxonomy":"post_tag","embeddable":true,"href":"https:\/\/ciencia.ufpr.br\/portal\/wp-json\/wp\/v2\/tags?post=22959"}],"curies":[{"name":"wp","href":"https:\/\/api.w.org\/{rel}","templated":true}]}}