{"id":22931,"date":"2023-01-01T20:11:19","date_gmt":"2023-01-01T23:11:19","guid":{"rendered":"https:\/\/ciencia.ufpr.br\/portal\/?p=22931"},"modified":"2026-01-02T15:58:19","modified_gmt":"2026-01-02T18:58:19","slug":"ciencia-ufpr-na-midia-2023","status":"publish","type":"post","link":"https:\/\/ciencia.ufpr.br\/portal\/ciencia-ufpr-na-midia-2023\/","title":{"rendered":"Ci\u00eancia UFPR na M\u00eddia"},"content":{"rendered":"<h2>29\/12<\/h2>\n<h5>REVISTA INTERTELAS &#8211; Brasileiros sentiram medo e empatia acima da m\u00e9dia durante a pandemia, aponta estudo com 34 pa\u00edses (<a href=\"https:\/\/revistaintertelas.com\/2023\/12\/29\/brasileiros-sentiram-medo-e-empatia-acima-da-media-durante-a-pandemia-aponta-estudo-com-34-paises\/#more-35651\" target=\"_blank\" rel=\"noopener\">leia<\/a>)<\/h5>\n<h2>26\/12<\/h2>\n<h5>REVISTA INTERTELAS &#8211; RNA n\u00e3o codificante ajuda a entender doen\u00e7as desafiadoras, revela estudo sobre uso de dados em medicina (<a href=\"https:\/\/revistaintertelas.com\/2023\/12\/26\/rna-nao-codificante-ajuda-a-entender-doencas-desafiadoras-revela-estudo-sobre-uso-de-dados-em-medicina\/\" target=\"_blank\" rel=\"noopener\">leia<\/a>)<\/h5>\n<h5>MEGA CURIOSO &#8211; Esp\u00e9cie de morcego &#8216;brasileiro&#8217; \u00e9 reencontrada ap\u00f3s mais de 100 anos (<a href=\"https:\/\/www.megacurioso.com.br\/ciencia\/128410-especie-de-morcego-brasileiro-e-reencontrada-apos-mais-de-100-anos.htm\" target=\"_blank\" rel=\"noopener\">leia<\/a>)<\/h5>\n<h5>TN ONLINE &#8211; Pesquisadora da UFPR desenvolve sistema com cadeira especial (<a href=\"https:\/\/tnonline.uol.com.br\/noticias\/parana\/pesquisadora-da-ufpr-desenvolve-sistema-com-cadeira-especial-822314?d=1\" target=\"_blank\" rel=\"noopener\">leia<\/a>)<\/h5>\n<h2>23\/12<\/h2>\n<h5>CBN CURITIBA &#8211; Brasileiros tiveram empatia e sentiram mais medo na pandemia, avalia estudo com participa\u00e7\u00e3o da UFPR, realizado em 34 pa\u00edses (<a href=\"https:\/\/cbncuritiba.com.br\/materias\/brasileiros-tiveram-empatia-e-sentiram-mais-medo-durante-a-pandemia-avalia-estudo-com-participacao-da-ufpr-realizado-em-34-paises\/\" target=\"_blank\" rel=\"noopener\">leia<\/a>)<\/h5>\n<h2>22\/12<\/h2>\n<h5>BEM PARAN\u00c1 &#8211; Brasileiros sentiram medo e empatia acima da m\u00e9dia na pandemia, aponta estudo (<a href=\"https:\/\/www.bemparana.com.br\/bem-estar\/brasileiros-sentiram-medo-e-empatia-acima-da-media-na-pandemia-aponta-estudo\/\" target=\"_blank\" rel=\"noopener\">leia<\/a>)<\/h5>\n<h2>21\/12<\/h2>\n<h5>TUDO EP &#8211; Pesquisadores da UFPR desenvolvem sistema para monitorar conforto t\u00e9rmico na pecu\u00e1ria com custo de US$ 30 (<a href=\"https:\/\/www.tudoep.com\/ep-agro\/noticias\/NOT,0,0,1868963,pesquisados-da-ufpr-desenvolve-sistema-para-monitorar-conforto-termico-na-pecuaria-com-custo-de-us-30.aspx\" target=\"_blank\" rel=\"noopener\">leia<\/a>)<\/h5>\n<h2>20\/12<\/h2>\n<h5>JORNAL DO OESTE (PR) &#8211; Testada em modelo silvipastoril, solu\u00e7\u00e3o barata ajuda na adapta\u00e7\u00e3o da pecu\u00e1ria de leite \u00e0 crise clim\u00e1tica (<a href=\"https:\/\/www.jornaldooeste.com.br\/oeste-rural\/testada-em-modelo-silvipastoril-solucao-barata-ajuda-na-adaptacao-da-pecuaria-de-leite-a-crise-climatica\/\" target=\"_blank\" rel=\"noopener\">leia<\/a>)<\/h5>\n<h2>19\/12<\/h2>\n<h5>BBC BRASIL &#8211; Morcego &#8216;brasileiro&#8217; \u00e9 reencontrado depois de ficar mais de um s\u00e9culo desaparecido (<a href=\"https:\/\/www.bbc.com\/portuguese\/articles\/c25yw01glvlo\" target=\"_blank\" rel=\"noopener\">leia<\/a>)<\/h5>\n<h5>FOLHA DE S.\u00a0PAULO &#8211; Morcego &#8216;brasileiro&#8217; \u00e9 reencontrado depois de ficar mais de um s\u00e9culo desaparecido (<a href=\"https:\/\/www1.folha.uol.com.br\/ciencia\/2023\/12\/morcego-brasileiro-e-reencontrado-depois-de-ficar-mais-de-um-seculo-desaparecido.shtml\" target=\"_blank\" rel=\"noopener\">leia<\/a>)<\/h5>\n<h2>18\/12<\/h2>\n<h5>CANALTECH &#8211; Esp\u00e9cie de morcego \u00e9 reencontrada no Brasil ap\u00f3s mais de 100 anos (<a href=\"https:\/\/canaltech.com.br\/meio-ambiente\/especie-de-morcego-e-reencontrada-no-brasil-apos-mais-de-100-anos-273541\/\" target=\"_blank\" rel=\"noopener\">leia<\/a>)<\/h5>\n<h5>TERRA (BYTE) &#8211;\u00a0Esp\u00e9cie de morcego \u00e9 reencontrada no Brasil ap\u00f3s mais de 100 anos (<a href=\"https:\/\/www.terra.com.br\/byte\/especie-de-morcego-e-reencontrada-no-brasil-apos-mais-de-100-anos,f754ad69087eb196a6f7e0b3b9bbd0c836lmqc4h.html\" target=\"_blank\" rel=\"noopener\">leia<\/a>)<\/h5>\n<h5>THE COOL DOWN (MSN) &#8211; Researchers horrified after discovering mysterious plastic rocks on a remote island \u2014 here\u2019s what they mean (<a href=\"https:\/\/www.msn.com\/en-us\/news\/technology\/researchers-horrified-after-discovering-mysterious-plastic-rocks-on-a-remote-island-here-s-what-they-mean\/ar-AA1aH38U\" target=\"_blank\" rel=\"noopener\">leia<\/a>)<\/h5>\n<h2>15\/12<\/h2>\n<h5>MINUTO RURAL &#8211; Testada em modelo silvipastoril, solu\u00e7\u00e3o barata ajuda na adapta\u00e7\u00e3o da pecu\u00e1ria de leite \u00e0 crise clim\u00e1tica (<a href=\"https:\/\/www.minutorural.com.br\/noticia\/14838\/testada-em-modelo-silvipastoril-solucao-barata-ajuda-na-adaptacao-da-pecuaria-de-leite-a-crise-climatica\" target=\"_blank\" rel=\"noopener\">leia<\/a>)<\/h5>\n<h5>O PRESENTE RURAL &#8211; Testada em modelo silvipastoril, solu\u00e7\u00e3o barata ajuda na adapta\u00e7\u00e3o da pecu\u00e1ria de leite \u00e0 crise clim\u00e1tica (<a href=\"https:\/\/opresenterural.com.br\/testada-em-modelo-silvipastoril-solucao-barata-ajuda-na-adaptacao-da-pecuaria-de-leite-a-crise-climatica\/\" target=\"_blank\" rel=\"noopener\">leia<\/a>)<\/h5>\n<h5>PORTAL PALOTINA &#8211; Testada em modelo silvipastoril, solu\u00e7\u00e3o barata ajuda na adapta\u00e7\u00e3o da pecu\u00e1ria de leite \u00e0 crise clim\u00e1tica (<a href=\"https:\/\/portalpalotina.com.br\/noticias\/agricultura-e-pecuaria\/testada-em-modelo-silvipastoril-solucao-barata-ajuda-na-adaptacao-da-pecuaria-de-leite-a-crise-climatica\/\" target=\"_blank\" rel=\"noopener\">leia<\/a>)<\/h5>\n<h2>11\/12<\/h2>\n<h5>ECONOMIA EM PAUTA &#8211; Se superar desmatamento, Amaz\u00f4nia pode ganhar 15 mil hectares no TO at\u00e9 2050 e ajudar a atenuar crise clim\u00e1tica (<a href=\"https:\/\/economiaempauta.com\/se-superar-desmatamento-amazonia-pode-ganhar-15-mil-hectares-no-to-ate-2050-e-ajudar-a-atenuar-crise-climatica\/\" target=\"_blank\" rel=\"noopener\">leia<\/a>)<\/h5>\n<h2>7\/12<\/h2>\n<h5>ANDA &#8211; Se superar desmatamento, Amaz\u00f4nia pode ganhar 15 mil hectares no TO at\u00e9 2050 e ajudar a atenuar crise clim\u00e1tica (<a href=\"https:\/\/anda.jor.br\/se-superar-desmatamento-amazonia-pode-ganhar-15-mil-hectares-no-to-ate-2050-e-ajudar-a-atenuar-crise-climatica\" target=\"_blank\" rel=\"noopener\">leia<\/a>)<\/h5>\n<h2>6\/12<\/h2>\n<h5>IHU UNISINOS &#8211; Se superar desmatamento, Amaz\u00f4nia pode ganhar 15 mil hectares no TO at\u00e9 2050 e ajudar a atenuar crise clim\u00e1tica (<a href=\"https:\/\/www.ihu.unisinos.br\/634977-se-superar-desmatamento-amazonia-pode-ganhar-15-mil-hectares-no-to-ate-2050-e-ajudar-a-atenuar-crise-climatica\" target=\"_blank\" rel=\"noopener\">leia<\/a>)<\/h5>\n<h2>5\/12<\/h2>\n<h5>RACISMO AMBIENTAL &#8211; Se superar desmatamento, Floresta Amaz\u00f4nica pode ganhar 15 mil hectares at\u00e9 2050 e contribuir para atenuar crise clim\u00e1tica (<a href=\"https:\/\/racismoambiental.net.br\/2023\/12\/05\/se-superar-desmatamento-floresta-amazonica-pode-ganhar-15-mil-hectares-ate-2050-e-contribuir-para-atenuar-crise-climatica\/\" target=\"_blank\" rel=\"noopener\">leia<\/a>)<\/h5>\n<h5>BIOMASSA BR &#8211; Pesquisa da Universidade Federal do Paran\u00e1 mostra o potencial do baga\u00e7o da cana via solvente verde (<a href=\"https:\/\/www.biomassabr.com\/bio\/resultadonoticias.asp?id=6033\" target=\"_blank\" rel=\"noopener\">leia<\/a>)<\/h5>\n<h5>PARAN\u00c1 FAZ CI\u00caNCIA &#8211; Se superar desmatamento, Floresta Amaz\u00f4nica pode ganhar 15 mil hectares at\u00e9 2050 (<a href=\"https:\/\/paranafazciencia.uvpr.pr.gov.br\/se-superar-desmatamento-floresta-amazonica-pode-ganhar-15-mil-hectares-ate-2050\/\" target=\"_blank\" rel=\"noopener\">leia<\/a>)<\/h5>\n<h5>A FOLHA DO SUDOESTE (PR) &#8211; Esp\u00e9cie rara de morcego \u00e9 reencontrada no Brasil ap\u00f3s mais de um s\u00e9culo sem registros (<a href=\"https:\/\/www.jornalafolha.com.br\/noticia\/especie-rara-de-morcego-e-reencontrada-no-brasil-apos-mais-de-um-seculo-sem-registros\" target=\"_blank\" rel=\"noopener\">leia<\/a>)<\/h5>\n<h2>1\/12<\/h2>\n<h5>NOVA CANA &#8211; Biorrefinarias integradas permitem que usinas de cana usem o baga\u00e7o ao m\u00e1ximo (<a href=\"https:\/\/www.novacana.com\/noticias\/biorrefinarias-integradas-permitem-usinas-cana-usem-bagaco-maximo-011223\" target=\"_blank\" rel=\"noopener\">leia<\/a>)<\/h5>\n<h5>UOL (ECOA) &#8211; Lixo pl\u00e1stico vira rocha em \u00e1rea de desova de tartaruga (<a href=\"https:\/\/www.uol.com.br\/ecoa\/ultimas-noticias\/2023\/12\/01\/lixo-plastico-vira-rocha-em-area-de-desova-de-tartaruga.htm\" target=\"_blank\" rel=\"noopener\">leia<\/a>)<\/h5>\n<h2>30\/11<\/h2>\n<h5>ECO &#8211; Esp\u00e9cie de morcego \u00e9 reencontrada ap\u00f3s mais de um s\u00e9culo (<a href=\"https:\/\/oeco.org.br\/noticias\/especie-de-morcego-e-reencontrada-apos-mais-de-um-seculo\/\" target=\"_blank\" rel=\"noopener\">leia<\/a>)<\/h5>\n<h5>BONDE &#8211; Morcego: esp\u00e9cie rara \u00e9 reencontrada no Sul do Brasil ap\u00f3s mais de um s\u00e9culo sem registros (<a href=\"https:\/\/www.bonde.com.br\/educacao\/noticias\/morcego-especie-rara-e-reencontrada-no-sul-do-brasil-apos-mais-de-um-seculo-sem-registros\" target=\"_blank\" rel=\"noopener\">leia<\/a>)<\/h5>\n<h2>28\/11<\/h2>\n<h5>PARAN\u00c1 FAZ CI\u00caNCIA &#8211; Ci\u00eancia UFPR: Esp\u00e9cie rara de morcego \u00e9 reencontrada ap\u00f3s mais de um s\u00e9culo sem registros (<a href=\"https:\/\/paranafazciencia.uvpr.pr.gov.br\/ciencia-ufpr-especie-rara-de-morcego-e-reencontrada-apos-mais-de-um-seculo-sem-registros\/\" target=\"_blank\" rel=\"noopener\">leia<\/a>)<\/h5>\n<h5>CORREIO DO LITORAL &#8211; Agricultura: resist\u00eancia e produ\u00e7\u00e3o de saberes de mulheres camponesas e quilombolas (<a href=\"https:\/\/www.correiodolitoral.com\/71315\/agricultura-resistencia-e-producao-de-saberes-de-mulheres-camponesas-e-quilombolas\/\" target=\"_blank\" rel=\"noopener\">leia<\/a>)<\/h5>\n<h5>AERP &#8211; Morcego raro reaparece no Paran\u00e1 um s\u00e9culo ap\u00f3s ser registrado (<a href=\"https:\/\/aerp.org.br\/redeaerp\/morcego-raro-reaparece-no-parana-um-seculo-apos-ser-registrado\/\" target=\"_blank\" rel=\"noopener\">leia<\/a>)<\/h5>\n<h2>25\/11<\/h2>\n<h5>G1 PR &#8211; Esp\u00e9cie rara de morcego \u00e9 reencontrada no Brasil ap\u00f3s mais de um s\u00e9culo sem registros (<a href=\"https:\/\/g1.globo.com\/pr\/parana\/educacao\/noticia\/2023\/11\/25\/especie-rara-de-morcego-e-reencontrada-no-brasil-apos-mais-de-um-seculo-sem-registros.ghtml\" target=\"_blank\" rel=\"noopener\">leia<\/a>)<\/h5>\n<h5>SOU AGRO &#8211; Esp\u00e9cie de morcego \u00e9 encontrada ap\u00f3s mais de um s\u00e9culo sem registros (<a href=\"https:\/\/souagro.net\/noticia\/2023\/11\/especie-de-morcego-e-encontrada-apos-mais-de-um-seculo-sem-registros\/\" target=\"_blank\" rel=\"noopener\">leia<\/a>)<\/h5>\n<h2>24\/11<\/h2>\n<h5>VEJA &#8211;\u00a0Plantas canibais? Conhe\u00e7a estrat\u00e9gia de p\u00ednus em solos degradados (<a href=\"https:\/\/veja.abril.com.br\/ciencia\/plantas-canibais-conheca-estrategia-de-pinus-em-solos-degradados\/\" target=\"_blank\" rel=\"noopener\">leia<\/a>)<\/h5>\n<h2>23\/11<\/h2>\n<h5>SUPERINTERESSANTE &#8211; No Brasil, pesquisadores encontram esp\u00e9cie de morcego desaparecida h\u00e1 100 anos (<a href=\"https:\/\/super.abril.com.br\/ciencia\/no-brasil-pesquisadores-encontram-especie-de-morcego-desaparecida-ha-100-anos\" target=\"_blank\" rel=\"noopener\">leia<\/a>)<\/h5>\n<h5>METRO &#8211; Esp\u00e9cie rara de morcego surge no brasil ap\u00f3s um s\u00e9culo desaparecida deixando especialistas em alerta (<a href=\"https:\/\/www.metroworldnews.com.br\/social\/2023\/11\/23\/especie-rara-de-morcego-surge-no-brasil-apos-um-seculo-desaparecida-deixando-especialistas-em-alerta\/\" target=\"_blank\" rel=\"noopener\">leia<\/a>)<\/h5>\n<h5>IHU UNISINOS &#8211; Esp\u00e9cie rara de morcego \u00e9 reencontrada no Brasil ap\u00f3s mais de um s\u00e9culo sem registros (<a href=\"https:\/\/www.ihu.unisinos.br\/634477-especie-rara-de-morcego-e-reencontrada-no-brasil-apos-mais-de-um-seculo-sem-registros\" target=\"_blank\" rel=\"noopener\">leia<\/a>)<\/h5>\n<h5>TERRA (PLANETA) &#8211; Morcego raro \u00e9 encontrado no Paran\u00e1 ap\u00f3s um s\u00e9culo (<a href=\"https:\/\/www.terra.com.br\/planeta\/morcego-raro-e-encontrado-no-parana-apos-um-seculo,99f2e666503dc3f8fe8406de4067da64coor0nb6.html\" target=\"_blank\" rel=\"noopener\">leia<\/a>)<\/h5>\n<h2>22\/11<\/h2>\n<h5>GALILEU &#8211; Morcego raro \u00e9 reencontrado no Paran\u00e1 ap\u00f3s mais de um s\u00e9culo sem registros (<a href=\"https:\/\/revistagalileu.globo.com\/ciencia\/biologia\/noticia\/2023\/11\/morcego-raro-e-reencontrado-no-parana-apos-mais-de-um-seculo-sem-registros.ghtml\" target=\"_blank\" rel=\"noopener\">leia<\/a>)<\/h5>\n<h5>UOL &#8211; Esp\u00e9cie rara de morcego \u00e9 reencontrada no Brasil ap\u00f3s mais de um s\u00e9culo (<a href=\"https:\/\/noticias.uol.com.br\/meio-ambiente\/ultimas-noticias\/redacao\/2023\/11\/22\/especie-rara-de-morcego-e-reencontrada-no-brasil-apos-mais-de-um-seculo.htm\" target=\"_blank\" rel=\"noopener\">leia<\/a>)<\/h5>\n<h5>RIC &#8211; \u00c1rvore &#8216;canibal&#8217; \u00e9 descoberta no Paran\u00e1 por pesquisadores da UFPR (<a href=\"https:\/\/ric.com.br\/rn24h\/ciencia\/arvore-canibal-e-descoberta-no-parana-por-pesquisadores-da-ufpr\/\" target=\"_blank\" rel=\"noopener\">leia<\/a>)<\/h5>\n<h5>GMC ONLINE &#8211; Pesquisadores da UFPR descobrem \u2018\u00e1rvores canibais\u2019 no Paran\u00e1 (<a href=\"https:\/\/gmconline.com.br\/noticias\/parana\/pesquisadores-da-ufpr-descobrem-arvores-canibais-no-parana\/\" target=\"_blank\" rel=\"noopener\">leia<\/a>)<\/h5>\n<h5>TN ONLINE &#8211; \u00c1rvore &#8216;canibal&#8217; \u00e9 descoberta no Paran\u00e1 por pesquisadores da UFPR (<a href=\"https:\/\/tnonline.uol.com.br\/noticias\/parana\/arvore-canibal-e-descoberta-no-parana-por-pesquisadores-da-ufpr-812464\" target=\"_blank\" rel=\"noopener\">leia<\/a>)<\/h5>\n<h5>OLHAR DIGITAL &#8211; Rara esp\u00e9cie de morcego \u00e9 encontrada no Brasil ap\u00f3s mais de 100 anos (<a href=\"https:\/\/olhardigital.com.br\/2023\/11\/22\/ciencia-e-espaco\/rara-especie-de-morcego-e-encontrada-no-brasil-apos-mais-de-um-seculo\/\" target=\"_blank\" rel=\"noopener\">leia<\/a>)<\/h5>\n<h2>21\/11<\/h2>\n<h5>GIZ BRASIL &#8211; Morcego raro \u00e9 reencontrado no Brasil ap\u00f3s mais de um s\u00e9culo (<a href=\"https:\/\/gizmodo.uol.com.br\/morcego-raro-e-reencontrado-no-brasil-apos-mais-de-um-seculo\/\" target=\"_blank\" rel=\"noopener\">leia<\/a>)<\/h5>\n<h5>BLOG DO PEDLOWSKI &#8211; Esp\u00e9cie rara de morcego \u00e9 reencontrada no Brasil ap\u00f3s mais de um s\u00e9culo sem registros (<a href=\"https:\/\/blogdopedlowski.com\/2023\/11\/21\/especie-rara-de-morcego-e-reencontrada-no-brasil-apos-mais-de-um-seculo-sem-registros\/\" target=\"_blank\" rel=\"noopener\">leia<\/a>)<\/h5>\n<h5>JORNAL DO OESTE &#8211; Uma experi\u00eancia de forma\u00e7\u00e3o antirracista na gradua\u00e7\u00e3o (<a href=\"https:\/\/www.jornaldooeste.com.br\/educacao\/uma-experiencia-de-formacao-antirracista-na-graduacao\/\" target=\"_blank\" rel=\"noopener\">leia<\/a>)<\/h5>\n<h5>BANDA B &#8211; Esp\u00e9cie rara de morcego \u00e9 reencontrada no Paran\u00e1 ap\u00f3s mais de um s\u00e9culo sem registros (<a href=\"https:\/\/www.bandab.com.br\/noticias-parana\/especie-rara-de-morcego-e-reencontrada-no-parana\/\" target=\"_blank\" rel=\"noopener\">leia<\/a>)<\/h5>\n<h2>16\/11<\/h2>\n<h5>BANDA B &#8211; Plantas canibais: pesquisadores da UFPR descobrem pinus que se \u201calimentam\u201d de \u00e1rvores mortas (<a href=\"https:\/\/www.bandab.com.br\/noticias-parana\/plantas-canibais-pesquisadores-da-ufpr-descobrem-pinus-que-se-alimentam-de-arvores-mortas\/\" target=\"_blank\" rel=\"noopener\">leia<\/a>)<\/h5>\n<h2>15\/11<\/h2>\n<h5>TRIBUNA DO PARAN\u00c1 &#8211;\u00a0Pesquisadores da UFPR descobrem \u2018planta canibal\u2019 no Paran\u00e1 (<a href=\"https:\/\/www.tribunapr.com.br\/noticias\/parana\/pesquisadores-da-ufpr-descobrem-canibalismo-de-planta-no-parana\/\" target=\"_blank\" rel=\"noopener\">leia<\/a>)<\/h5>\n<h2>8\/11<\/h2>\n<h5>GIZ BRASIL &#8211; Lix\u00e3o transformado em parque ainda \u00e9 evitado pelos animais, diz pesquisa da UFPR (<a href=\"https:\/\/gizmodo.uol.com.br\/lixao-transformado-em-parque-ainda-e-evitado-pelos-animais-diz-pesquisa-da-ufpr\/\" target=\"_blank\" rel=\"noopener\">leia<\/a>)<\/h5>\n<h5>IHU UNISINOS &#8211; RNA n\u00e3o codificante ajuda a entender doen\u00e7as desafiadoras, revela estudo sobre uso de dados em medicina (<a href=\"https:\/\/www.ihu.unisinos.br\/categorias\/633998-rna-nao-codificante-ajuda-a-entender-doencas-desafiadoras-revela-estudo-sobre-uso-de-dados-em-medicina\" target=\"_blank\" rel=\"noopener\">leia<\/a>)<\/h5>\n<h5>FARMA T4H &#8211; RNA n\u00e3o codificante ajuda a entender doen\u00e7as desafiadoras, revela estudo sobre uso de dados em medicina (<a href=\"https:\/\/farma.t4h.com.br\/noticias\/destaques\/rna-nao-codificante-ajuda-a-entender-doencas-desafiadoras-revela-estudo-sobre-uso-de-dados-em-medicina\/\" target=\"_blank\" rel=\"noopener\">leia<\/a>)<\/h5>\n<h2>7\/11<\/h2>\n<h5>TRIBUNA DO PARAN\u00c1 &#8211; Seu filho n\u00e3o dorme bem a noite? A resposta pode estar na boca (<a href=\"https:\/\/www.tribunapr.com.br\/saude-e-bem-estar\/seu-filho-nao-dorme-bem-a-noite-a-resposta-pode-estar-na-boca\/\" target=\"_blank\" rel=\"noopener\">leia<\/a>)<\/h5>\n<h2>6\/11<\/h2>\n<h5>LODI VALLEY NEWS &#8211; UFPR Science: Research reveals that non-coding RNA helps understand difficult diseases (<a href=\"https:\/\/www.lodivalleynews.com\/ufpr-science-research-reveals-that-non-coding-rna-helps-understand-difficult-diseases\/\" target=\"_blank\" rel=\"noopener\">leia<\/a>)<\/h5>\n<h2>3\/11<\/h2>\n<h5>JORNAL PARAN\u00c1 &#8211; Dist\u00farbios de sono em crian\u00e7as podem ser sinal de sa\u00fade bucal (<a href=\"https:\/\/parana.jor.br\/disturbios-de-sono-em-criancas-podem-ser-sinal-de-saude-bucal\/\" target=\"_blank\" rel=\"noopener\">leia<\/a>)<\/h5>\n<h2>2\/11<\/h2>\n<h5>IHU UNISINOS &#8211; Pequenos mam\u00edferos evitam \u00e1rea em reserva onde havia lix\u00e3o nos anos 90 (<a href=\"https:\/\/www.ihu.unisinos.br\/categorias\/633857-pequenos-mamiferos-evitam-area-em-reserva-onde-havia-lixao-nos-anos-90\" target=\"_blank\" rel=\"noopener\">leia<\/a>)<\/h5>\n<h2>1\/11<\/h2>\n<h5>PESQUISA FAPESP &#8211; Rochas de pl\u00e1stico (<a href=\"https:\/\/revistapesquisa.fapesp.br\/rochas-de-plastico\/\" target=\"_blank\" rel=\"noopener\">leia<\/a>)<\/h5>\n<h5>D&#8217;PONTA &#8211; Dist\u00farbios de sono em crian\u00e7as podem ser sinal de sa\u00fade bucal comprometida, alerta estudo (<a href=\"https:\/\/dpontanews.com.br\/parana\/disturbios-de-sono-em-criancas-podem-ser-sinal-de-saude-bucal-comprometida-alerta-estudo\/\" target=\"_blank\" rel=\"noopener\">leia<\/a>)<\/h5>\n<h2>31\/10<\/h2>\n<h5>O ECO &#8211; Pequenos mam\u00edferos evitam \u00e1rea em reserva onde havia lix\u00e3o nos anos 90 (<a href=\"https:\/\/oeco.org.br\/salada-verde\/pequenos-mamiferos-evitam-area-em-reserva-onde-havia-lixao-nos-anos-90\/\" target=\"_blank\" rel=\"noopener\">leia<\/a>)<\/h5>\n<h5>SAENSE &#8211; Locais de parque onde havia lix\u00e3o ainda s\u00e3o evitados por pequenos mam\u00edferos d\u00e9cadas depois (<a href=\"https:\/\/saense.com.br\/2023\/10\/locais-de-parque-onde-havia-lixao-ainda-sao-evitados-por-pequenos-mamiferos-decadas-depois\/\" target=\"_blank\" rel=\"noopener\">leia<\/a>)<\/h5>\n<h2>26\/10<\/h2>\n<h5>CORREIO DO LITORAL &#8211; Estudo mostra adapta\u00e7\u00e3o de animais em antigo lix\u00e3o no Parque Rio da On\u00e7a (<a href=\"https:\/\/www.correiodolitoral.com\/70356\/estudo-mostra-adaptacao-de-animais-em-antigo-lixao-no-parque-rio-da-onca\/\" target=\"_blank\" rel=\"noopener\">leia<\/a>)<\/h5>\n<h2>25\/10<\/h2>\n<h5>RIC &#8211; Esp\u00e9cies habitaram mar h\u00e1 milh\u00f5es de anos: pesquisadores da UFPR descobrem f\u00f3sseis bem preservados (<a href=\"https:\/\/ric.com.br\/rictv\/tv-parana\/ric-noticias-noite\/esp-cies-habitaram-mar-h-milh-es-de-anos-pesquisadores-da-ufpr-descobrem-f-sseis-bem-preservados-evhhzbprrug\/\" target=\"_blank\" rel=\"noopener\">assista<\/a>)<\/h5>\n<h5>BEM PARAN\u00c1 &#8211; Estudo mostra como pequenos mam\u00edferos tentam se adaptar a parque onde havia lix\u00e3o no Litoral do Paran\u00e1 (<a href=\"https:\/\/www.bemparana.com.br\/ciencia-meio-ambiente\/estudo-mostra-como-pequenos-mamiferos-tentam-se-adaptar-a-parque-onde-havia-lixao-no-litoral-do-parana\/\" target=\"_blank\" rel=\"noopener\">leia<\/a>)<\/h5>\n<h2>18\/10<\/h2>\n<h5>RALLY MUNDIAL &#8211; Ciencia UFPR: Shirley Nakagaki Bastos Habla De Su Experiencia Al Frente De Una Sociedad Cient\u00edfica (<a href=\"https:\/\/rallymundial.net\/ciencia-ufpr-shirley-nakagaki-bastos-habla-de-su-experiencia-al-frente-de-una-sociedad-cientifica\/\" target=\"_blank\" rel=\"noopener\">leia<\/a>)<\/h5>\n<h2>10\/10<\/h2>\n<h5>A REDE &#8211; F\u00f3ssil de 400 milh\u00f5es de anos \u00e9 descoberto em PG (<a href=\"https:\/\/arede.info\/webstories\/490822\/fossil-de-400-milhoes-de-anos-e-descoberto-em-pg\" target=\"_blank\" rel=\"noopener\">veja<\/a>)<\/h5>\n<h2>9\/10<\/h2>\n<h5>ESCOLA EDUCA\u00c7\u00c3O &#8211; F\u00f3sseis de serpentes-do-mar com 400 milh\u00f5es de anos s\u00e3o encontrados no Paran\u00e1; saiba mais (<a href=\"https:\/\/escolaeducacao.com.br\/fosseis-de-serpentes-do-mar-com-400-milhoes-de-anos-sao-encontrados-no-parana-saiba-mais\/\" target=\"_blank\" rel=\"noopener\">leia<\/a>)<\/h5>\n<h2>7\/10<\/h2>\n<h5>PARAN\u00c1 PORTAL &#8211; UFPR descobre \u00f3rg\u00e3os em f\u00f3sseis de animais marinhos (<a href=\"https:\/\/paranaportal.uol.com.br\/geral\/ufpr-descobre-orgaos-em-fosseis-de-animais-marinhos\" target=\"_blank\" rel=\"noopener\">leia<\/a>)<\/h5>\n<h2>6\/10<\/h2>\n<h5>GIZMODO &#8211; F\u00f3sseis de serpente-do-mar foram preservados de forma rara no Brasil; entenda (<a href=\"https:\/\/gizmodo.uol.com.br\/fosseis-de-serpente-do-mar-foram-preservados-de-forma-rara-no-brasil-entenda\/\" target=\"_blank\" rel=\"noopener\">leia<\/a>)<\/h5>\n<h2>5\/10<\/h2>\n<h5>GALILEU &#8211; Processo raro preservou seres que viveram h\u00e1 400 milh\u00f5es de anos no Paran\u00e1 (<a href=\"https:\/\/revistagalileu.globo.com\/ciencia\/biologia\/noticia\/2023\/10\/processo-raro-preservou-seres-que-viveram-ha-400-milhoes-de-anos-no-parana.ghtml\" target=\"_blank\" rel=\"noopener\">leia<\/a>)<\/h5>\n<h5>AVENTURAS NA HIST\u00d3RIA &#8211; Processo geol\u00f3gico raro preservou f\u00f3sseis no Paran\u00e1 de seres que viveram h\u00e1 400 milh\u00f5es de anos (<a href=\"https:\/\/aventurasnahistoria.uol.com.br\/noticias\/historia-hoje\/processo-geologico-raro-preservou-fosseis-no-parana-de-seres-que-viveram-ha-400-milhoes-de-anos.phtml\" target=\"_blank\" rel=\"noopener\">leia<\/a>)<\/h5>\n<h5>A REDE &#8211; Pesquisa da UFPR descobre f\u00f3ssil de 400 milh\u00f5es de anos em PG (<a href=\"https:\/\/arede.info\/ponta-grossa\/490812\/pesquisa-da-ufpr-descobre-fossil-de-400-milhoes-de-anos-em-pg?d=1\" target=\"_blank\" rel=\"noopener\">leia<\/a>)<\/h5>\n<h2>4\/10<\/h2>\n<h5>BEM PARAN\u00c1 &#8211; Ci\u00eancia UFPR: Processo geol\u00f3gico preservou f\u00f3sseis de serpente-do-mar de forma rara no Brasil (<a href=\"https:\/\/www.bemparana.com.br\/ciencia-meio-ambiente\/ciencia-ufpr-processo-geologico-preservou-fosseis-de-serpente-do-mar-de-forma-rara-no-brasil\/\">leia<\/a>)<\/h5>\n<h2>27\/9<\/h2>\n<h5>PARAN\u00c1 FAZ CI\u00caNCIA &#8211; Por que as dores e perdas impostas pela pandemia est\u00e3o sendo esquecidas? (<a href=\"https:\/\/paranafazciencia.uvpr.pr.gov.br\/ciencia-ufpr-joanneliese-freitas-fala-sobre-como-tamanho-da-dor-pode-estar-gerando-apagamento-da-pandemia\/\" target=\"_blank\" rel=\"noopener\">leia<\/a>)<\/h5>\n<h2>21\/9<\/h2>\n<h5>SAIBA J\u00c1 NEWS &#8211; Entrevista: \u201cJ\u00e1 existe um apagamento da pandemia por n\u00e3o sabermos lidar com tantas perdas\u201d | Joanneliese Freitas (<a href=\"https:\/\/saibajanews.com.br\/ultimas-noticias-do-parana\/2023\/09\/21\/entrevista-ja-existe-um-apagamento-da-pandemia-por-nao-sabermos-lidar-com-tantas-perdas-joanneliese-freitas\/\" target=\"_blank\" rel=\"noopener\">leia<\/a>)<\/h5>\n<h2>20\/9<\/h2>\n<h5>GIZMODO BRASIL &#8211; Esquizofrenia pode ser diagnosticada com exame oftalmol\u00f3gico, diz estudo (<a href=\"https:\/\/gizmodo.uol.com.br\/esquizofrenia-pode-ser-diagnosticada-com-exame-oftalmologico-diz-estudo\/\" target=\"_blank\" rel=\"noopener\">leia<\/a>)<\/h5>\n<h2>12\/9<\/h2>\n<h5>BRASIL DE FATO &#8211; Sistema sensor el\u00e9trico criado por projeto da UFPR alerta para polui\u00e7\u00e3o em rios urbanos de Curitiba (<a href=\"https:\/\/www.brasildefatopr.com.br\/2023\/09\/12\/sistema-sensor-eletrico-criado-por-projeto-da-ufpr-alerta-para-poluicao-em-rios-urbanos-de-curitiba\" target=\"_blank\" rel=\"noopener\">leia<\/a>)<\/h5>\n<h5>SAIBA J\u00c1 NEWS &#8211; Sistema sensor alerta para polui\u00e7\u00e3o em rios urbanos (<a href=\"https:\/\/saibajanews.com.br\/ultimas-noticias-do-parana\/2023\/09\/12\/sistema-sensor-alerta-para-poluicao-em-rios-urbanos\/\" target=\"_blank\" rel=\"noopener\">leia<\/a>)<\/h5>\n<h2>10\/9<\/h2>\n<h5>OLHAR ANIMAL &#8211; O dilema dos javalis: da transmiss\u00e3o de doen\u00e7as ao est\u00edmulo da ca\u00e7a ilegal (<a href=\"https:\/\/olharanimal.org\/o-dilema-dos-javalis-da-transmissao-de-doencas-ao-estimulo-da-caca-ilegal\/\" target=\"_blank\" rel=\"noopener\">leia<\/a>)<\/h5>\n<h2>6\/9<\/h2>\n<h5>PARAN\u00c1 FAZ CI\u00caNCIA &#8211; Entenda como libera\u00e7\u00e3o de ca\u00e7a a javalis piorou o problema (<a href=\"https:\/\/paranafazciencia.uvpr.pr.gov.br\/entenda-como-liberacao-de-caca-a-javalis-piorou-o-problema\/\" target=\"_blank\" rel=\"noopener\">leia<\/a>)<\/h5>\n<h2>5\/9<\/h2>\n<h5>IHU UNISINOS &#8211; O dilema dos javalis: da transmiss\u00e3o de doen\u00e7as ao est\u00edmulo da ca\u00e7a ilegal (<a href=\"https:\/\/www.ihu.unisinos.br\/categorias\/632082-o-dilema-dos-javalis-da-transmissao-de-doencas-ao-estimulo-da-caca-ilegal\" target=\"_blank\" rel=\"noopener\">leia<\/a>)<\/h5>\n<h2>4\/9<\/h2>\n<h5>ECODEBATE &#8211; Como a libera\u00e7\u00e3o da ca\u00e7a de javalis no Brasil agravou o problema (<a href=\"https:\/\/www.ecodebate.com.br\/2023\/09\/04\/como-a-liberacao-da-caca-de-javalis-no-brasil-agravou-o-problema\/\" target=\"_blank\" rel=\"noopener\">leia<\/a>)<\/h5>\n<h5>RACISMO AMBIENTAL &#8211; Voto invis\u00edvel: por que as pesquisas sobre pol\u00edtica deveriam usar a geografia eleitoral (<a href=\"https:\/\/racismoambiental.net.br\/2023\/09\/04\/voto-invisivel-por-que-as-pesquisas-sobre-politica-deveriam-usar-a-geografia-eleitoral\/\" target=\"_blank\" rel=\"noopener\">leia<\/a>)<\/h5>\n<h2>2\/9<\/h2>\n<h5>JORNAL PARAN\u00c1 &#8211; Universidade do Mate (o livro) faz 40 anos (<a href=\"https:\/\/parana.jor.br\/universidade-do-mate-o-livro-faz-40-anos\/\" target=\"_blank\" rel=\"noopener\">leia<\/a>)<\/h5>\n<h2>1\/9<\/h2>\n<h5>C\u00c3ES&amp;GATOS &#8211; \u201cControle de javalis por meio da ca\u00e7a falhou\u201d, diz artigo (<a href=\"https:\/\/caesegatos.com.br\/controle-de-javalis-por-meio-da-caca-falhou-diz-artigo\/\" target=\"_blank\" rel=\"noopener\">leia<\/a>)<\/h5>\n<h2>31\/8<\/h2>\n<h5>GALILEU &#8211; Ca\u00e7a aos javalis tem criado problemas ambientais e de sa\u00fade, indica estudo (<a href=\"https:\/\/revistagalileu.globo.com\/ciencia\/biologia\/noticia\/2023\/08\/caca-aos-javalis-tem-criado-problemas-ambientais-e-de-saude-indica-estudo.ghtml\" target=\"_blank\" rel=\"noopener\">leia<\/a>)<\/h5>\n<h2>26\/8<\/h2>\n<h5>BEM PARAN\u00c1 &#8211; Biomarcador indica altera\u00e7\u00f5es na retina de pessoas com esquizofrenia (<a href=\"https:\/\/www.bemparana.com.br\/bem-estar\/saude-e-beleza\/biomarcador-indica-alteracoes-na-retina-de-pessoas-com-esquizofrenia\/\" target=\"_blank\" rel=\"noopener\">leia<\/a>)<\/h5>\n<h2>23\/8<\/h2>\n<h5>MAB &#8211; Uma das maiores esp\u00e9cies de formigas do mundo ganha o nome de Nicinha (<a href=\"https:\/\/mab.org.br\/2023\/08\/23\/uma-das-maiores-especies-de-formigas-do-mundo-ganha-o-nome-de-nicinha\/\" target=\"_blank\" rel=\"noopener\">leia<\/a>)<\/h5>\n<h5>CAPES &#8211; Estudo encontra praias contaminadas com micropl\u00e1sticos (<a href=\"https:\/\/www.gov.br\/capes\/pt-br\/assuntos\/noticias\/estudo-encontra-praias-contaminadas-com-microplasticos\" target=\"_blank\" rel=\"noopener\">leia<\/a>)<\/h5>\n<h2>21\/8<\/h2>\n<h5>RIC NOT\u00cdCIAS &#8211; UFPR desenvolve uma tecnologia que ir\u00e1 auxiliar nas resson\u00e2ncias (<a href=\"https:\/\/www.youtube.com\/watch?v=Bc-lJBiRRys&amp;ab_channel=RICNot%C3%ADcias24h\" target=\"_blank\" rel=\"noopener\">assista<\/a>)<\/h5>\n<h2>19\/8<\/h2>\n<h5>TV SENADO (ECOSENADO) &#8211; C\u00e9lulas solares ultrafinas desenvolvidas por norte-americanos tiveram a efici\u00eancia aprimorada por pesquisadores da UFPR (<a href=\"https:\/\/www12.senado.leg.br\/tv\/programas\/ecosenado\/2023\/08\/paises-da-otca-assinam-a-declaracao-de-belem-na-cupula-da-amazonia\" target=\"_blank\" rel=\"noopener\">assista<\/a>)<\/h5>\n<h2>17\/8<\/h2>\n<h5>SELE\u00c7\u00d5ES (READER&#8217;S DIGEST) &#8211; Elza Soares \u00e9 homenageada com nomes de novas esp\u00e9cies de formigas; veja como ficou (<a href=\"https:\/\/selecoes.ig.com.br\/noticias\/elza-soares-e-homenageada-em-nomes-de-formigas\/\" target=\"_blank\" rel=\"noopener\">leia<\/a>)<\/h5>\n<h2>15\/8<\/h2>\n<h5>UOL (ECOA) &#8211; Elza Soares e Nicinha s\u00e3o homenageadas em nomes cient\u00edficos de formigas (<a href=\"https:\/\/www.uol.com.br\/ecoa\/ultimas-noticias\/2023\/08\/15\/elza-soares-e-nicinha-sao-homenageadas-em-nomes-cientificos-de-formigas.htm\" target=\"_blank\" rel=\"noopener\">leia<\/a>)<\/h5>\n<h5>ANDIFES &#8211; UFPR desenvolve mol\u00e9cula-\u00edm\u00e3 para revelar a bioqu\u00edmica por tr\u00e1s de doen\u00e7as (<a href=\"https:\/\/www.andifes.org.br\/?p=98322\" target=\"_blank\" rel=\"noopener\">leia<\/a>)<\/h5>\n<h2>14\/8<\/h2>\n<h5>BEM PARAN\u00c1 &#8211; UFPR: Elza Soares e Nicinha Magalh\u00e3es s\u00e3o homenageadas em nomes cient\u00edficos de formigas (<a href=\"https:\/\/www.bemparana.com.br\/noticias\/parana\/ufpr-elza-soares-e-nicinha-magalhaes-sao-homenageadas-em-nomes-cientificos-de-formigas\/\" target=\"_blank\" rel=\"noopener\">leia<\/a>)<\/h5>\n<h2>8\/8<\/h2>\n<h5>RIC Not\u00edcias &#8211; Efeito nocivo dos micropl\u00e1sticos (<a href=\"https:\/\/www.youtube.com\/watch?v=PtzfWWf8ft4&amp;ab_channel=RICNot%C3%ADcias24h\" target=\"_blank\" rel=\"noopener\">veja<\/a>)<\/h5>\n<h5>NOSSO IMPACTO &#8211; Polui\u00e7\u00e3o nos rios: iniciativa no Paran\u00e1 avan\u00e7a em tecnologia para monitorar qualidade da \u00e1gua em tempo real (<a href=\"https:\/\/www.nossoimpacto.com.br\/historias\/poluicao-nos-rios-iniciativa-no-parana-avanca-em-tecnologia-para-monitorar-qualidade-da-agua-em-tempo-real\" target=\"_blank\" rel=\"noopener\">leia<\/a>)<\/h5>\n<h2>3\/8<\/h2>\n<h5>BLOG DO PEDLOWSKI &#8211; \u201cQueremos entender melhor o papel do ferro no crescimento do fitopl\u00e2ncton no mar da Ant\u00e1rtica\u201d | Marco Tadeu Grassi (<a href=\"https:\/\/blogdopedlowski.com\/2023\/08\/03\/queremos-entender-melhor-o-papel-do-ferro-no-crescimento-do-fitoplancton-no-mar-da-antartica-marco-tadeu-grassi\/\" target=\"_blank\" rel=\"noopener\">leia<\/a>)<\/h5>\n<h2>26\/7<\/h2>\n<h5>AMANH\u00c3 &#8211; Pesquisador do Sul ajuda a desvendar Covid assintom\u00e1tica (<a href=\"https:\/\/amanha.com.br\/categoria\/saude\/pesquisador-do-sul-ajuda-a-desvendar-covid-assintomatica\" target=\"_blank\" rel=\"noopener\">leia<\/a>)<\/h5>\n<h2>25\/7<\/h2>\n<h5>CBN CURITIBA &#8211; Estudo de professor da UFPR mostra que variante gen\u00e9tica \u00e9 respons\u00e1vel pela aus\u00eancia de sintomas da Covid-19 em algumas pessoas (<a href=\"https:\/\/cbncuritiba.com.br\/materias\/estudo-de-professor-da-ufpr-mostra-que-variante-genetica-e-responsavel-pela-ausencia-de-sintomas-da-covid-19-em-algumas-pessoas\/\" target=\"_blank\" rel=\"noopener\">leia<\/a>)<\/h5>\n<h2>23\/7<\/h2>\n<h5>FOLHA DE LONDRINA &#8211; DNA pode explicar por que alguns infectados pela Covid ficam sem sintomas (<a href=\"https:\/\/www.folhadelondrina.com.br\/saude\/dna-pode-explicar-por-que-alguns-infectados-pela-covid-ficam-sem-sintomas-3235776e.html?d=1\" target=\"_blank\" rel=\"noopener\">leia<\/a>)<\/h5>\n<h2>21\/7<\/h2>\n<h5>AERP &#8211; Professor da UFPR faz descoberta sobre assintom\u00e1ticos da Covid-19 (<a href=\"https:\/\/aerp.org.br\/redeaerp\/professor-da-ufpr-faz-descoberta-sobre-assintomaticos-da-covid-19\/\" target=\"_blank\" rel=\"noopener\">leia<\/a>)<\/h5>\n<h5>SIMEPAR &#8211; Estudo com pesquisador da UFPR explica pacientes assintom\u00e1ticos de Covid-19 (<a href=\"https:\/\/simepar.org.br\/estudo-com-pesquisador-da-ufpr-explica-pacientes-assintomaticos-de-covid-19\/\" target=\"_blank\" rel=\"noopener\">leia<\/a>)<\/h5>\n<h5>TRIBUNA DO POVO (PR) &#8211;\u00a0Mist\u00e9rio desvendado: estudo da UFPR explica assintom\u00e1ticos da Covid-19 (<a href=\"https:\/\/www.tribunapr.com.br\/saude-e-bem-estar\/misterio-desvendado-estudo-da-ufpr-explica-assintomaticos-da-covid-19\/\" target=\"_blank\" rel=\"noopener\">leia<\/a>)<\/h5>\n<h2>20\/7<\/h2>\n<h5>PLURAL &#8211; Estudo com professor da UFPR desvenda o mist\u00e9rio dos assintom\u00e1ticos de Covid-19 (<a href=\"https:\/\/www.plural.jor.br\/noticias\/vizinhanca\/estudo-com-professor-da-ufpr-desvenda-o-misterio-dos-assintomaticos-de-covid-19\/\" target=\"_blank\" rel=\"noopener\">leia<\/a>)<\/h5>\n<h2>26\/3<\/h2>\n<h5>REVISTA SOU ECOL\u00d3GICO (MG) &#8211; Estudo encontra rochas compostas de pl\u00e1stico na Ilha da Trindade (<a href=\"https:\/\/souecologico.com.br\/sou-ecologico\/estudo-encontra-rochas-compostas-de-plastico-na-ilha-da-trindade\/\" target=\"_blank\" rel=\"noopener\">leia<\/a>)<\/h5>\n<h2>25\/6<\/h2>\n<h5>O GLOBO &#8211; Dengue: gestantes t\u00eam 5,4 vezes mais risco de desenvolver doen\u00e7a grave, alerta estudo (<a href=\"https:\/\/oglobo.globo.com\/saude\/medicina\/noticia\/2023\/06\/dengue-gestantes-tem-54-vezes-mais-risco-de-desenvolver-doenca-grave-alerta-estudo-da-ufpr.ghtml\" target=\"_blank\" rel=\"noopener\">leia<\/a>)<\/h5>\n<h5>PLURAL &#8211; Gr\u00e1vidas t\u00eam mais chances de desenvolver dengue grave (<a href=\"https:\/\/www.plural.jor.br\/noticias\/vizinhanca\/gravidas-tem-mais-chances-de-desenvolver-dengue-grave\/\" target=\"_blank\" rel=\"noopener\">leia<\/a>)<\/h5>\n<h5>PARAN\u00c1 PORTAL &#8211; Gr\u00e1vidas t\u00eam cinco vezes mais risco de desenvolver dengue grave, indica estudo (<a href=\"https:\/\/paranaportal.uol.com.br\/geral\/gravidas-maior-risco-dengue-grave-estudo-ufpr\" target=\"_blank\" rel=\"noopener\">leia<\/a>)<\/h5>\n<h2>22\/6<\/h2>\n<h5>UOL (VIVA BEM) &#8211; Gr\u00e1vidas com dengue t\u00eam risco cinco vezes maior de sintomas graves (<a href=\"https:\/\/www.uol.com.br\/vivabem\/noticias\/redacao\/2023\/06\/22\/gravidas-tem-risco-cinco-vezes-maior-de-desenvolver-dengue-grave.htm\" target=\"_blank\" rel=\"noopener\">leia<\/a>)<\/h5>\n<h2>21\/6<\/h2>\n<h5>PARA\u00cdBA FEMININA &#8211; Gr\u00e1vidas t\u00eam 5,4 vezes mais risco de desenvolver dengue grave (<a href=\"https:\/\/paraibafeminina.com.br\/2023\/06\/21\/gravidas-tem-54-vezes-mais-risco-de-desenvolver-dengue-grave\" target=\"_blank\" rel=\"noopener\">leia<\/a>)<\/h5>\n<h5>BEM PARAN\u00c1 &#8211; Gr\u00e1vidas t\u00eam 5,4 vezes mais risco de desenvolver dengue grave, diz estudo (<a href=\"https:\/\/www.bemparana.com.br\/bem-estar\/saude-e-beleza\/gravidas-tem-54-vezes-mais-risco-de-desenvolver-dengue-grave-diz-estudo\/\" target=\"_blank\" rel=\"noopener\">leia<\/a>)<\/h5>\n<h5>O FATO &#8211; Gr\u00e1vidas t\u00eam 5,4 vezes mais risco de desenvolver dengue grave (<a href=\"https:\/\/ofatomaringa.com\/gravidas-tem-54-vezes-mais-risco-de-desenvolver-dengue-grave\/\" target=\"_blank\" rel=\"noopener\">leia<\/a>)<\/h5>\n<h2>20\/6<\/h2>\n<h5>ALEP &#8211; Deputado Goura (PDT) entrega Men\u00e7\u00e3o Honrosa para cientista que descobriu rochas de pl\u00e1stico no mar (<a href=\"https:\/\/www.assembleia.pr.leg.br\/comunicacao\/noticias\/deputado-goura-pdt-entrega-mencao-honrosa-para-cientista-que-descobriu-rochas-de-plastico\" target=\"_blank\" rel=\"noopener\">leia<\/a>)<\/h5>\n<h2>21\/5<\/h2>\n<h5>UM S\u00d3 PLANETA &#8211; Pesquisadores encontram rochas formadas por pl\u00e1stico na Ilha da Trindade (<a href=\"https:\/\/umsoplaneta.globo.com\/energia\/noticia\/2023\/05\/21\/pesquisadores-encontram-rochas-formadas-por-plastico-na-ilha-da-trindade.ghtml\" target=\"_blank\" rel=\"noopener\">leia<\/a>)<\/h5>\n<h2>19\/5<\/h2>\n<h5>CRMPR &#8211; Pandemia prejudicou combate ao c\u00e2ncer de mama no Brasil, avalia estudo (<a href=\"https:\/\/www.crmpr.org.br\/Pandemia-prejudicou-combate-ao-cancer-de-mama-no-Brasil-avalia-estudo-11-58390.shtml\" target=\"_blank\" rel=\"noopener\">leia<\/a>)<\/h5>\n<h2>1\/5<\/h2>\n<h5>MURAL DO PARAN\u00c1 &#8211; Mapas revelam \u00e1reas que podem esconder novas esp\u00e9cies de formigas (<a href=\"https:\/\/muraldoparana.com.br\/mapas-revelam-areas-que-podem-esconder-novas-especies-de-formigas\/\" target=\"_blank\" rel=\"noopener\">leia<\/a>)<\/h5>\n<h2>21\/3<\/h2>\n<h5>THAI PBS &#8211; Scientists make \u2018disturbing\u2019 find on remote island: plastic rocks (<a href=\"https:\/\/www.thaipbsworld.com\/scientists-make-disturbing-find-on-remote-island-plastic-rocks\/\" target=\"_blank\" rel=\"noopener\">leia<\/a>)<\/h5>\n<h2>19\/3<\/h2>\n<h5>BGR &#8211; Plastic rocks were found on a remote island and we should be horrified (<a href=\"https:\/\/www.msn.com\/en-us\/news\/other\/plastic-rocks-were-found-on-a-remote-island-and-we-should-be-horrified\/ar-AA18P3Iy\" target=\"_blank\" rel=\"noopener\">leia<\/a>)<\/h5>\n<h2>18\/3<\/h2>\n<h5>USA TODAY &#8211; &#8216;Terrifying&#8217; plastic rock finding: Pollution is embedded in this Brazilian island&#8217;s geology (<a href=\"https:\/\/www.usatoday.com\/story\/news\/world\/2023\/03\/18\/plastic-rocks-brazil-trindade-island\/11483158002\/\" target=\"_blank\" rel=\"noopener\">leia<\/a>)<\/h5>\n<h5>THE INDIAN EXPRESS &#8211; Brazilian researchers find \u2018terrifying\u2019 plastic rocks on remote island (<a href=\"https:\/\/indianexpress.com\/article\/technology\/science\/brazil-plastic-rocks-remote-island-8500915\/\" target=\"_blank\" rel=\"noopener\">leia<\/a>)<\/h5>\n<h5>INQUIRER.NET &#8211; \u2018Plastic rocks\u2019: Pollution shapes island\u2019s geology (<a href=\"https:\/\/newsinfo.inquirer.net\/1744682\/plastic-rocks-pollution-shapes-islands-geology\" target=\"_blank\" rel=\"noopener\">leia<\/a>)<\/h5>\n<h2>17\/3<\/h2>\n<h5>NOWTHIS EARTH &#8211; Researchers Discover &#8216;Terrifying&#8217; Plastic Rocks on Remote Turtle Refuge (<a href=\"https:\/\/www.youtube.com\/watch?v=QyudH_7P4tA&amp;ab_channel=NowThisEarth\" target=\"_blank\" rel=\"noopener\">assista<\/a>)<\/h5>\n<h5>DNA &#8211; Scientists discover plastic rocks on Trinidad Island, highlight devastating human impact on environment (<a href=\"https:\/\/www.dnaindia.com\/explainer\/report-scientists-discover-plastic-rocks-on-trinidad-island-highlight-devastating-human-impact-on-environment-3030639\" target=\"_blank\" rel=\"noopener\">leia<\/a>)<\/h5>\n<h2>16\/3<\/h2>\n<h5>NBC NEWS &#8211; \u2018Terrifying\u2019 plastic rocks found on remote Brazilian island (<a href=\"https:\/\/www.nbcnews.com\/news\/world\/terrifying-plastic-rocks-found-remote-brazilian-island-rcna75217\" target=\"_blank\" rel=\"noopener\">leia<\/a>)<\/h5>\n<h5>NBC NEWS (VIDEOS) &#8211; Plastic rocks found on remote Brazilian island are &#8216;terrifying,&#8217; scientists say (<a href=\"https:\/\/www.nbcnews.com\/video\/plastic-rocks-found-on-brazil-s-volcanic-trindade-island-165398085776\" target=\"_blank\" rel=\"noopener\">assista<\/a>)<\/h5>\n<h5>CNN &#8211; Brazilian researchers find \u2018terrifying\u2019 plastic rocks on remote island (<a href=\"https:\/\/edition.cnn.com\/2023\/03\/15\/americas\/brazil-terrifying-plastic-rocks-intl-latam\/index.html\" target=\"_blank\" rel=\"noopener\">leia<\/a>)<\/h5>\n<h5>LATINA PRESS &#8211; Brasilianische Forscher finden \u201eerschreckende\u201c Plastikfelsen (<a href=\"https:\/\/latina-press.com\/news\/310062-brasilianische-forscher-finden-erschreckende-plastikfelsen\/\" target=\"_blank\" rel=\"noopener\">leia<\/a>)<\/h5>\n<h5>THE INERTIA &#8211; Scientists Find \u2018Plastic Rocks\u2019 on Remote Turtle Refuge (<a href=\"https:\/\/www.theinertia.com\/environment\/trinidade-plastic-rocks\/\" target=\"_blank\" rel=\"noopener\">leia<\/a>)<\/h5>\n<h5>ASIAONE &#8211; Brazilian researchers find &#8216;terrifying&#8217; plastic rocks on remote island (<a href=\"https:\/\/www.asiaone.com\/world\/brazilian-researchers-find-terrifying-plastic-rocks-remote-island\" target=\"_blank\" rel=\"noopener\">leia<\/a>)<\/h5>\n<h5>GLOBAL NEWS &#8211; Plastic rocks turn up on a remote Brazilian island, \u2018terrifying\u2019 researchers (<a href=\"https:\/\/globalnews.ca\/news\/9557931\/plastic-rocks-brazil-trindade-island\/\" target=\"_blank\" rel=\"noopener\">leia<\/a>)<\/h5>\n<h2>15\/3<\/h2>\n<h5>REUTERS &#8211; Brazilian researchers find &#8216;terrifying&#8217; plastic rocks on remote island (<a href=\"https:\/\/www.reuters.com\/lifestyle\/science\/brazilian-researchers-find-terrifying-plastic-rocks-remote-island-2023-03-15\/\" target=\"_blank\" rel=\"noopener\">leia<\/a>)<\/h5>\n<h5>YAHOO NEWS &#8211; Plastic rocks found on remote island alarm scientists (<a href=\"https:\/\/news.yahoo.com\/plastic-rocks-found-remote-island-225311273.html\" target=\"_blank\" rel=\"noopener\">assista<\/a>)<\/h5>\n<h5>ISTO\u00c9 DINHEIRO &#8211; Pesquisadores encontram rochas pl\u00e1sticas \u201cassustadoras\u201d em ilha remota no litoral brasileiro (<a href=\"https:\/\/www.istoedinheiro.com.br\/pesquisadores-encontram-rochas-plasticas\/\" target=\"_blank\" rel=\"noopener\">leia<\/a>)<\/h5>\n<h5>VEJA SA\u00daDE &#8211;\u00a0Covid-19 aumenta custos com tratamento de c\u00e2ncer de mama (<a href=\"https:\/\/veja.abril.com.br\/saude\/covid-19-aumenta-custos-com-tratamento-de-cancer-de-mama\/\" target=\"_blank\" rel=\"noopener\">leia<\/a>)<\/h5>\n<h2>8\/3<\/h2>\n<h5>BLOG DO P\u0118D\u0141OWSKI &#8211; \u201cQuanto mais subimos na carreira cient\u00edfica menos mulheres cientistas encontramos\u201d | Camila Silveira da Silva (<a href=\"https:\/\/blogdopedlowski.com\/2023\/03\/08\/quanto-mais-subimos-na-carreira-cientifica-menos-mulheres-cientistas-encontramos-camila-silveira-da-silva\/\" target=\"_blank\" rel=\"noopener\">leia<\/a>)<\/h5>\n<h5>BLOG LUCIANA POMBO &#8211; Dia Internacional da Mulher: revista Ci\u00eancia UFPR entrevista coordenadora do projeto Meninas e Mulheres nas Ci\u00eancias (<a href=\"https:\/\/lucianapombo.com.br\/noticia\/124548\/dia-internacional-da-mulher-revista-ciencia-ufpr-entrevista-coordenadora-do-projeto-meninas-e-mulher.html\" target=\"_blank\" rel=\"noopener\">leia<\/a>)<\/h5>\n<h2>27\/2<\/h2>\n<h5>CAPES &#8211; Cientista encontra rochas de pl\u00e1stico na Ilha da Trindade (<a href=\"https:\/\/www.gov.br\/capes\/pt-br\/assuntos\/noticias\/cientista-encontra-rochas-de-plastico-na-ilha-da-trindade\" target=\"_blank\" rel=\"noopener\">leia<\/a>)<\/h5>\n<h2>23\/2<\/h2>\n<h5>NEO MONDO (REVISTA) &#8211; Estudo encontra rochas compostas de pl\u00e1stico na Ilha da Trindade (<a href=\"https:\/\/neomondo.org.br\/2023\/02\/23\/estudo-encontra-rochas-compostas-de-plastico-na-ilha-da-trindade-2\/\" target=\"_blank\" rel=\"noopener\">leia<\/a>)<\/h5>\n<h2>18\/2<\/h2>\n<h5>HC NOT\u00cdCIAS \u2013 Brasil: pesquisadora encontra rochas feitas de pl\u00e1stico em arquip\u00e9lago no Esp\u00edrito Santo (<a href=\"https:\/\/hcnoticias.com.br\/variedades\/59948\/brasil-pesquisadora-encontra-rochas-feitas-de-plastico-em-arquipelago-no-espirito-santo\" target=\"_blank\" rel=\"noopener\">leia<\/a>)<\/h5>\n<h5>SAGRES \u2013 Forma\u00e7\u00e3o de rochas de pl\u00e1stico no ambiente marinho \u00e9 mais uma prova da a\u00e7\u00e3o do homem no planeta (<a href=\"https:\/\/sagresonline.com.br\/formacao-de-rochas-de-plastico-no-ambiente-marinho-e-mais-uma-prova-da-acao-do-homem-no-planeta\/\" target=\"_blank\" rel=\"noopener\">leia<\/a>)<\/h5>\n<h2>17\/2<\/h2>\n<h5>NEXO JORNAL &#8211; A pesquisa que encontrou rochas formadas por polui\u00e7\u00e3o (<a href=\"https:\/\/www.nexojornal.com.br\/expresso\/2023\/02\/17\/A-pesquisa-que-encontrou-rochas-formadas-por-polui%C3%A7%C3%A3o\" target=\"_blank\" rel=\"noopener\">leia<\/a>)<\/h5>\n<h2>14\/2<\/h2>\n<h5>PIAU\u00cd &#8211; \u00c9 pedra, \u00e9 pl\u00e1stico (<a href=\"https:\/\/piaui.folha.uol.com.br\/e-pedra-e-plastico\/\" target=\"_blank\" rel=\"noopener\">leia<\/a>)<\/h5>\n<h5>CBN CURITIBA &#8211; Pesquisadores da UFPR encontram rochas formadas por pl\u00e1stico em ilha (<a href=\"https:\/\/cbncuritiba.com.br\/materias\/pesquisadores-da-ufpr-encontram-rochas-formadas-por-plastico-em-ilha\/\" target=\"_blank\" rel=\"noopener\">leia<\/a>)<\/h5>\n<h2>13\/2<\/h2>\n<h5>BANDA B &#8211; Cientistas da UFPR descobrem rochas de pl\u00e1stico em arquip\u00e9lago do Esp\u00edrito Santo (<a href=\"https:\/\/www.bandab.com.br\/nacional\/cientistas-da-ufpr-descobrem-rochas-de-plastico-em-arquipelago-do-espirito-santo\/\" target=\"_blank\" rel=\"noopener\">leia<\/a>)<\/h5>\n<h2>10\/2<\/h2>\n<h5>COLABORA &#8211; Pesquisa encontra rochas formadas por pl\u00e1stico na Ilha da Trindade (<a href=\"https:\/\/projetocolabora.com.br\/ods14\/pesquisa-encontra-rochas-formadas-por-plastico-na-ilha-da-trindade\/\" target=\"_blank\" rel=\"noopener\">leia<\/a>)<\/h5>\n<h5>CONEX\u00c3O PLANETA &#8211; Pesquisadores encontram rochas formadas por pl\u00e1sticos em local onde acontece maior desova de tartaruga-verde do Brasil (<a href=\"https:\/\/conexaoplaneta.com.br\/blog\/pesquisadores-encontram-rochas-formadas-por-plasticos-em-local-onde-acontece-maior-desova-de-tartaruga-verde-do-brasil\/\" target=\"_blank\" rel=\"noopener\">leia<\/a>)<\/h5>\n<h5>NEO MONDO &#8211; Estudo encontra rochas compostas de pl\u00e1stico na Ilha da Trindade (<a href=\"https:\/\/neomondo.org.br\/2023\/02\/10\/estudo-encontra-rochas-compostas-de-plastico-na-ilha-da-trindade\/\" target=\"_blank\" rel=\"noopener\">leia<\/a>)<\/h5>\n<h2>9\/2<\/h2>\n<h5>METR\u00d3POLES &#8211; Pesquisadores encontram rochas de pl\u00e1stico em ilha no Brasil (<a href=\"https:\/\/www.metropoles.com\/brasil\/meio-ambiente-brasil\/pesquisadores-encontram-rochas-de-plastico-em-ilha-no-brasil\" target=\"_blank\" rel=\"noopener\">leia<\/a>)<\/h5>\n<h5>CLIMAINFO &#8211; Polui\u00e7\u00e3o: cientistas encontram \u201crochas de pl\u00e1stico\u201d no arquip\u00e9lago mais isolado do Brasil (<a href=\"https:\/\/climainfo.org.br\/2023\/02\/09\/poluicao-cientistas-encontram-rochas-de-plastico-no-arquipelago-mais-isolado-do-brasil\/\" target=\"_blank\" rel=\"noopener\">leia<\/a>)<\/h5>\n<h2>2\/2<\/h2>\n<h5>GEO SEM FRONTEIRAS &#8211; In\u00e9dito: Pesquisadora da UFPR Descobre Rocha de Pl\u00e1stico em praia do Esp\u00edrito Santo (<a href=\"https:\/\/geosemfronteiras.org\/blog\/pesquisadora-descobre-rocha-de-plastico\/\" target=\"_blank\" rel=\"noopener\">leia<\/a>)<\/h5>\n<h5>GIZMODO BRASIL &#8211; Cientistas alertam: Esp\u00edrito Santo j\u00e1 tem rochas formadas por pl\u00e1stico (<a href=\"https:\/\/gizmodo.uol.com.br\/cientistas-alertam-espirito-santo-rochas-formadas-plastico\/amp\/\" target=\"_blank\" rel=\"noopener\">leia<\/a>)<\/h5>\n<h2>31\/1<\/h2>\n<h5>HYPENESS &#8211; Estudo sugere que a polui\u00e7\u00e3o est\u00e1 causando a forma\u00e7\u00e3o de rochas feitas de material pl\u00e1stico (<a href=\"https:\/\/www.hypeness.com.br\/2023\/01\/estudo-sugere-que-a-poluicao-esta-causando-a-formacao-de-rochas-feitas-de-material-plastico\/\" target=\"_blank\" rel=\"noopener\">leia<\/a>)<\/h5>\n<h2>28\/1<\/h2>\n<h5>GZH &#8211; Pesquisadores encontram rochas compostas por pl\u00e1sticos em ilha no Esp\u00edrito Santo (<a href=\"https:\/\/gauchazh.clicrbs.com.br\/ambiente\/noticia\/2023\/01\/pesquisadores-encontram-rochas-compostas-por-plasticos-em-ilha-no-espirito-santo-cldggmxam006b014s06n93o6g.html\" target=\"_blank\" rel=\"noopener\">leia<\/a>)<\/h5>\n<h2>26\/1<\/h2>\n<h5>CORREIO DO POVO DO PARAN\u00c1 &#8211; Pesquisadora da UFPR encontra rocha composta de pl\u00e1stico no Brasil (<a href=\"https:\/\/www.jcorreiodopovo.com.br\/ultimas-noticias\/pesquisadora-da-ufpr-encontra-rocha-composta-de-plastico-no-brasil\/\" target=\"_blank\" rel=\"noopener\">leia<\/a>)<\/h5>\n<h2>23\/1<\/h2>\n<h5>CAPITAL NEWS (MS) &#8211; Estudo encontra rochas compostas de pl\u00e1stico na Ilha da Trindade (<a href=\"https:\/\/www.capitalnews.com.br\/tecnologia\/estudo-encontra-rochas-compostas-de-plastico-na-ilha-da-trindade\/380963\" target=\"_blank\" rel=\"noopener\">leia<\/a>)<\/h5>\n<h2>25\/1<\/h2>\n<h5>AG\u00caNCIA BRASIL &#8211; Estudo encontra rochas compostas de pl\u00e1stico na Ilha da Trindade (<a href=\"https:\/\/agenciabrasil.ebc.com.br\/geral\/noticia\/2023-01\/estudo-encontra-rochas-compostas-de-plastico-na-ilha-da-trindade\" target=\"_blank\" rel=\"noopener\">leia<\/a>)<\/h5>\n<h2>20\/1<\/h2>\n<h5>ANDIFES &#8211; UFPR \u2013 Pesquisadores encontram rochas formadas por pl\u00e1stico na Ilha da Trindade (<a href=\"https:\/\/www.andifes.org.br\/?p=95496\" target=\"_blank\" rel=\"noopener\">leia<\/a>)<\/h5>\n<h2>18\/1<\/h2>\n<h5>BEM PARAN\u00c1 &#8211; Pesquisadores da UFPR encontram \u201crochas pl\u00e1sticas\u201d na Ilha de Trindade, na costa do Esp\u00edrito Santo (<a href=\"https:\/\/www.bemparana.com.br\/ciencia-meio-ambiente\/pesquisadores-da-ufpr-encontram-rochas-plasticas-na-ilha-de-trindade-area-de-protecao-ambiental-na-costa-do-espirito-santo\/\" target=\"_blank\" rel=\"noopener\">leia<\/a>)<\/h5>\n<h5>ENVOLVERDE &#8211; Pesquisadores encontram rochas formadas por pl\u00e1stico na Ilha de Trindade (<a href=\"https:\/\/envolverde.com.br\/pesquisadores-encontram-rochas-formadas-por-plastico-na-ilha-de-trindade\/\" target=\"_blank\" rel=\"noopener\">leia<\/a>)<\/h5>\n<h2>9\/1<\/h2>\n<h5>CICLO VIVO &#8211; UFPR patenteia c\u00e9lula solar org\u00e2nica (<a href=\"https:\/\/ciclovivo.com.br\/inovacao\/tecnologia\/ufpr-patenteia-celula-solar-organica\/\" target=\"_blank\" rel=\"noopener\">leia<\/a>)<\/h5>\n","protected":false},"excerpt":{"rendered":"<p>29\/12 REVISTA INTERTELAS &#8211; Brasileiros sentiram medo e empatia acima da m\u00e9dia durante a pandemia, aponta estudo com 34 pa\u00edses&#8230;<\/p>\n","protected":false},"author":2801,"featured_media":22957,"comment_status":"open","ping_status":"closed","sticky":false,"template":"","format":"standard","meta":{"_acf_changed":false,"footnotes":"","fifu_image_url":"","fifu_image_alt":"","_jetpack_memberships_contains_paid_content":false},"categories":[2245],"tags":[2243,2248],"acf":[],"yoast_head":"<!-- This site is optimized with the Yoast SEO plugin v23.5 - https:\/\/yoast.com\/wordpress\/plugins\/seo\/ -->\n<title>Ci\u00eancia UFPR na M\u00eddia - Ci\u00eancia UFPR<\/title>\n<meta name=\"description\" content=\"Repercuss\u00e3o do nosso conte\u00fado na imprensa no ano de 2023.\" \/>\n<meta name=\"robots\" content=\"index, follow, max-snippet:-1, max-image-preview:large, max-video-preview:-1\" \/>\n<link rel=\"canonical\" href=\"https:\/\/ciencia.ufpr.br\/portal\/ciencia-ufpr-na-midia-2023\/\" \/>\n<meta property=\"og:locale\" content=\"pt_BR\" \/>\n<meta property=\"og:type\" content=\"article\" \/>\n<meta property=\"og:title\" content=\"Ci\u00eancia UFPR na M\u00eddia - Ci\u00eancia UFPR\" \/>\n<meta property=\"og:description\" content=\"Repercuss\u00e3o do nosso conte\u00fado na imprensa no ano de 2023.\" \/>\n<meta property=\"og:url\" content=\"https:\/\/ciencia.ufpr.br\/portal\/ciencia-ufpr-na-midia-2023\/\" \/>\n<meta property=\"og:site_name\" content=\"Ci\u00eancia UFPR\" \/>\n<meta property=\"article:publisher\" content=\"https:\/\/www.facebook.com\/cienciaufproficial\" \/>\n<meta property=\"article:author\" content=\"https:\/\/facebook.com\/cienciaufproficial\/\" \/>\n<meta property=\"article:published_time\" content=\"2023-01-01T23:11:19+00:00\" \/>\n<meta property=\"article:modified_time\" content=\"2026-01-02T18:58:19+00:00\" \/>\n<meta property=\"og:image\" content=\"https:\/\/ciencia.ufpr.br\/portal\/wp-content\/uploads\/2023\/02\/cienciaufprnamidia_2023_2-scaled.jpg\" \/>\n\t<meta property=\"og:image:width\" content=\"2560\" \/>\n\t<meta property=\"og:image:height\" content=\"1440\" \/>\n\t<meta property=\"og:image:type\" content=\"image\/jpeg\" \/>\n<meta name=\"author\" content=\"Revista Ci\u00eancia UFPR\" \/>\n<meta name=\"twitter:card\" content=\"summary_large_image\" \/>\n<meta name=\"twitter:creator\" content=\"@cienciaufpr\" \/>\n<meta name=\"twitter:site\" content=\"@cienciaufpr\" \/>\n<meta name=\"twitter:label1\" content=\"Escrito por\" \/>\n\t<meta name=\"twitter:data1\" content=\"Revista Ci\u00eancia UFPR\" \/>\n\t<meta name=\"twitter:label2\" content=\"Est. tempo de leitura\" \/>\n\t<meta name=\"twitter:data2\" content=\"14 minutos\" \/>\n<script type=\"application\/ld+json\" class=\"yoast-schema-graph\">{\"@context\":\"https:\/\/schema.org\",\"@graph\":[{\"@type\":\"Article\",\"@id\":\"https:\/\/ciencia.ufpr.br\/portal\/ciencia-ufpr-na-midia-2023\/#article\",\"isPartOf\":{\"@id\":\"https:\/\/ciencia.ufpr.br\/portal\/ciencia-ufpr-na-midia-2023\/\"},\"author\":{\"name\":\"Revista Ci\u00eancia UFPR\",\"@id\":\"https:\/\/ciencia.ufpr.br\/portal\/#\/schema\/person\/667496d81ec02b6172c2caededef2737\"},\"headline\":\"Ci\u00eancia UFPR na M\u00eddia\",\"datePublished\":\"2023-01-01T23:11:19+00:00\",\"dateModified\":\"2026-01-02T18:58:19+00:00\",\"mainEntityOfPage\":{\"@id\":\"https:\/\/ciencia.ufpr.br\/portal\/ciencia-ufpr-na-midia-2023\/\"},\"wordCount\":2780,\"commentCount\":0,\"publisher\":{\"@id\":\"https:\/\/ciencia.ufpr.br\/portal\/#organization\"},\"image\":{\"@id\":\"https:\/\/ciencia.ufpr.br\/portal\/ciencia-ufpr-na-midia-2023\/#primaryimage\"},\"thumbnailUrl\":\"https:\/\/ciencia.ufpr.br\/portal\/wp-content\/uploads\/2023\/02\/cienciaufprnamidia_2023_2-scaled.jpg\",\"keywords\":[\"2023\",\"Ci\u00eancia UFPR na M\u00eddia\"],\"articleSection\":[\"Na m\u00eddia\"],\"inLanguage\":\"pt-BR\",\"potentialAction\":[{\"@type\":\"CommentAction\",\"name\":\"Comment\",\"target\":[\"https:\/\/ciencia.ufpr.br\/portal\/ciencia-ufpr-na-midia-2023\/#respond\"]}]},{\"@type\":\"WebPage\",\"@id\":\"https:\/\/ciencia.ufpr.br\/portal\/ciencia-ufpr-na-midia-2023\/\",\"url\":\"https:\/\/ciencia.ufpr.br\/portal\/ciencia-ufpr-na-midia-2023\/\",\"name\":\"Ci\u00eancia UFPR na M\u00eddia - Ci\u00eancia UFPR\",\"isPartOf\":{\"@id\":\"https:\/\/ciencia.ufpr.br\/portal\/#website\"},\"primaryImageOfPage\":{\"@id\":\"https:\/\/ciencia.ufpr.br\/portal\/ciencia-ufpr-na-midia-2023\/#primaryimage\"},\"image\":{\"@id\":\"https:\/\/ciencia.ufpr.br\/portal\/ciencia-ufpr-na-midia-2023\/#primaryimage\"},\"thumbnailUrl\":\"https:\/\/ciencia.ufpr.br\/portal\/wp-content\/uploads\/2023\/02\/cienciaufprnamidia_2023_2-scaled.jpg\",\"datePublished\":\"2023-01-01T23:11:19+00:00\",\"dateModified\":\"2026-01-02T18:58:19+00:00\",\"description\":\"Repercuss\u00e3o do nosso conte\u00fado na imprensa no ano de 2023.\",\"breadcrumb\":{\"@id\":\"https:\/\/ciencia.ufpr.br\/portal\/ciencia-ufpr-na-midia-2023\/#breadcrumb\"},\"inLanguage\":\"pt-BR\",\"potentialAction\":[{\"@type\":\"ReadAction\",\"target\":[\"https:\/\/ciencia.ufpr.br\/portal\/ciencia-ufpr-na-midia-2023\/\"]}]},{\"@type\":\"ImageObject\",\"inLanguage\":\"pt-BR\",\"@id\":\"https:\/\/ciencia.ufpr.br\/portal\/ciencia-ufpr-na-midia-2023\/#primaryimage\",\"url\":\"https:\/\/ciencia.ufpr.br\/portal\/wp-content\/uploads\/2023\/02\/cienciaufprnamidia_2023_2-scaled.jpg\",\"contentUrl\":\"https:\/\/ciencia.ufpr.br\/portal\/wp-content\/uploads\/2023\/02\/cienciaufprnamidia_2023_2-scaled.jpg\",\"width\":2560,\"height\":1440},{\"@type\":\"BreadcrumbList\",\"@id\":\"https:\/\/ciencia.ufpr.br\/portal\/ciencia-ufpr-na-midia-2023\/#breadcrumb\",\"itemListElement\":[{\"@type\":\"ListItem\",\"position\":1,\"name\":\"Home\",\"item\":\"https:\/\/ciencia.ufpr.br\/portal\/\"},{\"@type\":\"ListItem\",\"position\":2,\"name\":\"Ci\u00eancia UFPR na M\u00eddia\"}]},{\"@type\":\"WebSite\",\"@id\":\"https:\/\/ciencia.ufpr.br\/portal\/#website\",\"url\":\"https:\/\/ciencia.ufpr.br\/portal\/\",\"name\":\"Ci\u00eancia UFPR\",\"description\":\"Site de temas cient\u00edficos com foco no conhecimento produzido na Universidade Federal do Paran\u00e1 (UFPR). Baseado na Revista Ci\u00eancia UFPR.\",\"publisher\":{\"@id\":\"https:\/\/ciencia.ufpr.br\/portal\/#organization\"},\"potentialAction\":[{\"@type\":\"SearchAction\",\"target\":{\"@type\":\"EntryPoint\",\"urlTemplate\":\"https:\/\/ciencia.ufpr.br\/portal\/?s={search_term_string}\"},\"query-input\":{\"@type\":\"PropertyValueSpecification\",\"valueRequired\":true,\"valueName\":\"search_term_string\"}}],\"inLanguage\":\"pt-BR\"},{\"@type\":\"Organization\",\"@id\":\"https:\/\/ciencia.ufpr.br\/portal\/#organization\",\"name\":\"Revista Ci\u00eancia UFPR\",\"url\":\"https:\/\/ciencia.ufpr.br\/portal\/\",\"logo\":{\"@type\":\"ImageObject\",\"inLanguage\":\"pt-BR\",\"@id\":\"https:\/\/ciencia.ufpr.br\/portal\/#\/schema\/logo\/image\/\",\"url\":\"https:\/\/ciencia.ufpr.br\/portal\/wp-content\/uploads\/2020\/12\/Revista-Ciencia-UFPR-vermelho.jpeg\",\"contentUrl\":\"https:\/\/ciencia.ufpr.br\/portal\/wp-content\/uploads\/2020\/12\/Revista-Ciencia-UFPR-vermelho.jpeg\",\"width\":992,\"height\":714,\"caption\":\"Revista Ci\u00eancia UFPR\"},\"image\":{\"@id\":\"https:\/\/ciencia.ufpr.br\/portal\/#\/schema\/logo\/image\/\"},\"sameAs\":[\"https:\/\/www.facebook.com\/cienciaufproficial\",\"https:\/\/x.com\/cienciaufpr\",\"https:\/\/www.instagram.com\/revistacienciaufpr\/\",\"https:\/\/www.linkedin.com\/company\/cienciaufproficial\",\"https:\/\/br.pinterest.com\/cienciaufpr\/\"]},{\"@type\":\"Person\",\"@id\":\"https:\/\/ciencia.ufpr.br\/portal\/#\/schema\/person\/667496d81ec02b6172c2caededef2737\",\"name\":\"Revista Ci\u00eancia UFPR\",\"description\":\"Site de jornalismo e divulga\u00e7\u00e3o cient\u00edficos sobre o conhecimento produzido na Universidade Federal do Paran\u00e1 (UFPR). Baseado na Revista Ci\u00eancia UFPR, editada pela Superintend\u00eancia de Comunica\u00e7\u00e3o (Sucom) desde 2016.\",\"sameAs\":[\"https:\/\/ciencia.ufpr.br\/portal\/\",\"https:\/\/facebook.com\/cienciaufproficial\/\",\"https:\/\/www.instagram.com\/revistacienciaufpr\/\",\"https:\/\/br.pinterest.com\/cienciaufpr\/\",\"https:\/\/x.com\/cienciaufpr\",\"https:\/\/soundcloud.com\/revista-ciencia-ufpr\"],\"url\":\"https:\/\/ciencia.ufpr.br\/portal\/author\/revistaciencia\/\"}]}<\/script>\n<!-- \/ Yoast SEO plugin. -->","yoast_head_json":{"title":"Ci\u00eancia UFPR na M\u00eddia - Ci\u00eancia UFPR","description":"Repercuss\u00e3o do nosso conte\u00fado na imprensa no ano de 2023.","robots":{"index":"index","follow":"follow","max-snippet":"max-snippet:-1","max-image-preview":"max-image-preview:large","max-video-preview":"max-video-preview:-1"},"canonical":"https:\/\/ciencia.ufpr.br\/portal\/ciencia-ufpr-na-midia-2023\/","og_locale":"pt_BR","og_type":"article","og_title":"Ci\u00eancia UFPR na M\u00eddia - Ci\u00eancia UFPR","og_description":"Repercuss\u00e3o do nosso conte\u00fado na imprensa no ano de 2023.","og_url":"https:\/\/ciencia.ufpr.br\/portal\/ciencia-ufpr-na-midia-2023\/","og_site_name":"Ci\u00eancia UFPR","article_publisher":"https:\/\/www.facebook.com\/cienciaufproficial","article_author":"https:\/\/facebook.com\/cienciaufproficial\/","article_published_time":"2023-01-01T23:11:19+00:00","article_modified_time":"2026-01-02T18:58:19+00:00","og_image":[{"width":2560,"height":1440,"url":"https:\/\/ciencia.ufpr.br\/portal\/wp-content\/uploads\/2023\/02\/cienciaufprnamidia_2023_2-scaled.jpg","type":"image\/jpeg"}],"author":"Revista Ci\u00eancia UFPR","twitter_card":"summary_large_image","twitter_creator":"@cienciaufpr","twitter_site":"@cienciaufpr","twitter_misc":{"Escrito por":"Revista Ci\u00eancia UFPR","Est. tempo de leitura":"14 minutos"},"schema":{"@context":"https:\/\/schema.org","@graph":[{"@type":"Article","@id":"https:\/\/ciencia.ufpr.br\/portal\/ciencia-ufpr-na-midia-2023\/#article","isPartOf":{"@id":"https:\/\/ciencia.ufpr.br\/portal\/ciencia-ufpr-na-midia-2023\/"},"author":{"name":"Revista Ci\u00eancia UFPR","@id":"https:\/\/ciencia.ufpr.br\/portal\/#\/schema\/person\/667496d81ec02b6172c2caededef2737"},"headline":"Ci\u00eancia UFPR na M\u00eddia","datePublished":"2023-01-01T23:11:19+00:00","dateModified":"2026-01-02T18:58:19+00:00","mainEntityOfPage":{"@id":"https:\/\/ciencia.ufpr.br\/portal\/ciencia-ufpr-na-midia-2023\/"},"wordCount":2780,"commentCount":0,"publisher":{"@id":"https:\/\/ciencia.ufpr.br\/portal\/#organization"},"image":{"@id":"https:\/\/ciencia.ufpr.br\/portal\/ciencia-ufpr-na-midia-2023\/#primaryimage"},"thumbnailUrl":"https:\/\/ciencia.ufpr.br\/portal\/wp-content\/uploads\/2023\/02\/cienciaufprnamidia_2023_2-scaled.jpg","keywords":["2023","Ci\u00eancia UFPR na M\u00eddia"],"articleSection":["Na m\u00eddia"],"inLanguage":"pt-BR","potentialAction":[{"@type":"CommentAction","name":"Comment","target":["https:\/\/ciencia.ufpr.br\/portal\/ciencia-ufpr-na-midia-2023\/#respond"]}]},{"@type":"WebPage","@id":"https:\/\/ciencia.ufpr.br\/portal\/ciencia-ufpr-na-midia-2023\/","url":"https:\/\/ciencia.ufpr.br\/portal\/ciencia-ufpr-na-midia-2023\/","name":"Ci\u00eancia UFPR na M\u00eddia - Ci\u00eancia UFPR","isPartOf":{"@id":"https:\/\/ciencia.ufpr.br\/portal\/#website"},"primaryImageOfPage":{"@id":"https:\/\/ciencia.ufpr.br\/portal\/ciencia-ufpr-na-midia-2023\/#primaryimage"},"image":{"@id":"https:\/\/ciencia.ufpr.br\/portal\/ciencia-ufpr-na-midia-2023\/#primaryimage"},"thumbnailUrl":"https:\/\/ciencia.ufpr.br\/portal\/wp-content\/uploads\/2023\/02\/cienciaufprnamidia_2023_2-scaled.jpg","datePublished":"2023-01-01T23:11:19+00:00","dateModified":"2026-01-02T18:58:19+00:00","description":"Repercuss\u00e3o do nosso conte\u00fado na imprensa no ano de 2023.","breadcrumb":{"@id":"https:\/\/ciencia.ufpr.br\/portal\/ciencia-ufpr-na-midia-2023\/#breadcrumb"},"inLanguage":"pt-BR","potentialAction":[{"@type":"ReadAction","target":["https:\/\/ciencia.ufpr.br\/portal\/ciencia-ufpr-na-midia-2023\/"]}]},{"@type":"ImageObject","inLanguage":"pt-BR","@id":"https:\/\/ciencia.ufpr.br\/portal\/ciencia-ufpr-na-midia-2023\/#primaryimage","url":"https:\/\/ciencia.ufpr.br\/portal\/wp-content\/uploads\/2023\/02\/cienciaufprnamidia_2023_2-scaled.jpg","contentUrl":"https:\/\/ciencia.ufpr.br\/portal\/wp-content\/uploads\/2023\/02\/cienciaufprnamidia_2023_2-scaled.jpg","width":2560,"height":1440},{"@type":"BreadcrumbList","@id":"https:\/\/ciencia.ufpr.br\/portal\/ciencia-ufpr-na-midia-2023\/#breadcrumb","itemListElement":[{"@type":"ListItem","position":1,"name":"Home","item":"https:\/\/ciencia.ufpr.br\/portal\/"},{"@type":"ListItem","position":2,"name":"Ci\u00eancia UFPR na M\u00eddia"}]},{"@type":"WebSite","@id":"https:\/\/ciencia.ufpr.br\/portal\/#website","url":"https:\/\/ciencia.ufpr.br\/portal\/","name":"Ci\u00eancia UFPR","description":"Site de temas cient\u00edficos com foco no conhecimento produzido na Universidade Federal do Paran\u00e1 (UFPR). Baseado na Revista Ci\u00eancia UFPR.","publisher":{"@id":"https:\/\/ciencia.ufpr.br\/portal\/#organization"},"potentialAction":[{"@type":"SearchAction","target":{"@type":"EntryPoint","urlTemplate":"https:\/\/ciencia.ufpr.br\/portal\/?s={search_term_string}"},"query-input":{"@type":"PropertyValueSpecification","valueRequired":true,"valueName":"search_term_string"}}],"inLanguage":"pt-BR"},{"@type":"Organization","@id":"https:\/\/ciencia.ufpr.br\/portal\/#organization","name":"Revista Ci\u00eancia UFPR","url":"https:\/\/ciencia.ufpr.br\/portal\/","logo":{"@type":"ImageObject","inLanguage":"pt-BR","@id":"https:\/\/ciencia.ufpr.br\/portal\/#\/schema\/logo\/image\/","url":"https:\/\/ciencia.ufpr.br\/portal\/wp-content\/uploads\/2020\/12\/Revista-Ciencia-UFPR-vermelho.jpeg","contentUrl":"https:\/\/ciencia.ufpr.br\/portal\/wp-content\/uploads\/2020\/12\/Revista-Ciencia-UFPR-vermelho.jpeg","width":992,"height":714,"caption":"Revista Ci\u00eancia UFPR"},"image":{"@id":"https:\/\/ciencia.ufpr.br\/portal\/#\/schema\/logo\/image\/"},"sameAs":["https:\/\/www.facebook.com\/cienciaufproficial","https:\/\/x.com\/cienciaufpr","https:\/\/www.instagram.com\/revistacienciaufpr\/","https:\/\/www.linkedin.com\/company\/cienciaufproficial","https:\/\/br.pinterest.com\/cienciaufpr\/"]},{"@type":"Person","@id":"https:\/\/ciencia.ufpr.br\/portal\/#\/schema\/person\/667496d81ec02b6172c2caededef2737","name":"Revista Ci\u00eancia UFPR","description":"Site de jornalismo e divulga\u00e7\u00e3o cient\u00edficos sobre o conhecimento produzido na Universidade Federal do Paran\u00e1 (UFPR). Baseado na Revista Ci\u00eancia UFPR, editada pela Superintend\u00eancia de Comunica\u00e7\u00e3o (Sucom) desde 2016.","sameAs":["https:\/\/ciencia.ufpr.br\/portal\/","https:\/\/facebook.com\/cienciaufproficial\/","https:\/\/www.instagram.com\/revistacienciaufpr\/","https:\/\/br.pinterest.com\/cienciaufpr\/","https:\/\/x.com\/cienciaufpr","https:\/\/soundcloud.com\/revista-ciencia-ufpr"],"url":"https:\/\/ciencia.ufpr.br\/portal\/author\/revistaciencia\/"}]}},"views":2252,"jetpack_sharing_enabled":true,"jetpack_featured_media_url":"https:\/\/ciencia.ufpr.br\/portal\/wp-content\/uploads\/2023\/02\/cienciaufprnamidia_2023_2-scaled.jpg","_links":{"self":[{"href":"https:\/\/ciencia.ufpr.br\/portal\/wp-json\/wp\/v2\/posts\/22931"}],"collection":[{"href":"https:\/\/ciencia.ufpr.br\/portal\/wp-json\/wp\/v2\/posts"}],"about":[{"href":"https:\/\/ciencia.ufpr.br\/portal\/wp-json\/wp\/v2\/types\/post"}],"author":[{"embeddable":true,"href":"https:\/\/ciencia.ufpr.br\/portal\/wp-json\/wp\/v2\/users\/2801"}],"replies":[{"embeddable":true,"href":"https:\/\/ciencia.ufpr.br\/portal\/wp-json\/wp\/v2\/comments?post=22931"}],"version-history":[{"count":169,"href":"https:\/\/ciencia.ufpr.br\/portal\/wp-json\/wp\/v2\/posts\/22931\/revisions"}],"predecessor-version":[{"id":23843,"href":"https:\/\/ciencia.ufpr.br\/portal\/wp-json\/wp\/v2\/posts\/22931\/revisions\/23843"}],"wp:featuredmedia":[{"embeddable":true,"href":"https:\/\/ciencia.ufpr.br\/portal\/wp-json\/wp\/v2\/media\/22957"}],"wp:attachment":[{"href":"https:\/\/ciencia.ufpr.br\/portal\/wp-json\/wp\/v2\/media?parent=22931"}],"wp:term":[{"taxonomy":"category","embeddable":true,"href":"https:\/\/ciencia.ufpr.br\/portal\/wp-json\/wp\/v2\/categories?post=22931"},{"taxonomy":"post_tag","embeddable":true,"href":"https:\/\/ciencia.ufpr.br\/portal\/wp-json\/wp\/v2\/tags?post=22931"}],"curies":[{"name":"wp","href":"https:\/\/api.w.org\/{rel}","templated":true}]}}