{"id":22874,"date":"2023-02-15T08:03:46","date_gmt":"2023-02-15T11:03:46","guid":{"rendered":"https:\/\/ciencia.ufpr.br\/portal\/?p=22874"},"modified":"2024-02-06T18:31:33","modified_gmt":"2024-02-06T21:31:33","slug":"cadmio-e-pfoa-podem-causar-malformacao-em-embrioes","status":"publish","type":"post","link":"https:\/\/ciencia.ufpr.br\/portal\/cadmio-e-pfoa-podem-causar-malformacao-em-embrioes\/","title":{"rendered":"C\u00e1dmio e PFOA podem causar malforma\u00e7\u00e3o em embri\u00f5es"},"content":{"rendered":"<h5><strong>BOLETIM UFPR <span style=\"color: #cf6777;\">|<\/span><\/strong> Poluentes capazes de atravessar a placenta<\/h5>\n<p><iframe loading=\"lazy\" style=\"border-radius: 12px;\" src=\"https:\/\/open.spotify.com\/embed\/episode\/6KcCuGJuHDGa5iJGJXcB0C?utm_source=generator\" width=\"100%\" height=\"152\" frameborder=\"0\" allowfullscreen=\"allowfullscreen\"><\/iframe><\/p>\n<p>Todos os dias estamos expostos a diversos componentes qu\u00edmicos que podem afetar nossa sa\u00fade. A preocupa\u00e7\u00e3o \u00e9 maior quando estes materiais podem atravessar a barreira placent\u00e1ria e atingir o embri\u00e3o, pois devido \u00e0 sua fragilidade os efeitos podem levar a problemas graves ou \u00e0 interrup\u00e7\u00e3o espont\u00e2nea da gravidez.<\/p>\n<p>O c\u00e1dmio (Cd) e o \u00e1cido perfluorooctanoico (PFOA) s\u00e3o componentes j\u00e1 reconhecidamente t\u00f3xicos e ainda comuns que s\u00e3o capazes de atravessar a placenta. Resultados de um estudo desenvolvido na Universidade Federal do Paran\u00e1 (UFPR) mostraram que a exposi\u00e7\u00e3o a esses componentes causa graves impactos no desenvolvimento embrion\u00e1rio de galinhas, utilizados para simular as condi\u00e7\u00f5es de contamina\u00e7\u00e3o em seres humanos.<\/p>\n<p>A pesquisadora Melyssa Kmecick, que conduziu o estudo no do Programa de P\u00f3s-Gradua\u00e7\u00e3o em Biologia Celular e Molecular da UFPR, revela que os resultados comprovaram que os dois poluentes causam malforma\u00e7\u00f5es e aumentam a mortalidade embrion\u00e1ria.\u00a0 Os problemas mais comuns dos embri\u00f5es foram o n\u00e3o fechamento do tubo neural ou o seu fechamento incorreto, prejudicando o desenvolvimento do c\u00e9rebro e da medula espinhal, o que pode ser fatal a depender do tipo e da extens\u00e3o da les\u00e3o.<\/p>\n<blockquote><p>Kmecick explica que a semelhan\u00e7a entre os embri\u00f5es humanos e de galinhas nessa fase de desenvolvimento e o fato de as doses testadas serem similares \u00e0s quantidades a que somos expostos cotidianamente apontam que os componentes s\u00e3o potencialmente t\u00f3xicos tamb\u00e9m para humanos. Os resultados foram publicados na tese de doutorado da pesquisadora, intitulada \u201cEmbriotoxicidade induzida pelo \u00e1cido perfluorooctan\u00f3ico e c\u00e1dmio em <em>Gallus gallus<\/em>\u201d.<\/p><\/blockquote>\n<p>Em seres humanos problemas no fechamento do tubo neural podem levar a casos de mortalidade do embri\u00e3o bem como anencefalia e espinha b\u00edfida. <a href=\"https:\/\/www.ncbi.nlm.nih.gov\/pmc\/articles\/PMC4073251\/#:~:text=The%20overall%20burden%20calculated%20using,0.08\u20130.23)%20for%20encephalocele.\">Estima-se<\/a> que no mundo nas\u00e7am cerca de 300 mil beb\u00eas com este tipo de problema e que uma grande parte deles morre antes de completar quatro anos de idade. No Brasil, <a href=\"https:\/\/www.mastereditora.com.br\/periodico\/20200704_160043.pdf\">estudos<\/a> apontam que 1,6 a cada mil beb\u00eas nascidos vivos apresentem a condi\u00e7\u00e3o, sendo esta uma das principais causas de defici\u00eancia motora infantil no pa\u00eds.<\/p>\n<p>O estudo encontrou outros problemas no desenvolvimento embrion\u00e1rio e em processos importantes para as c\u00e9lulas devido \u00e0 exposi\u00e7\u00e3o aos poluentes. Dentre eles destacam-se o controle da morte da c\u00e9lula, a din\u00e2mica do citoesqueleto (respons\u00e1vel por dar forma e sustenta\u00e7\u00e3o para a c\u00e9lula), a ades\u00e3o celular (liga\u00e7\u00e3o com diferentes c\u00e9lulas) e tamb\u00e9m outras intera\u00e7\u00f5es, com outras c\u00e9lulas e componentes extracelulares.<\/p>\n<figure id=\"attachment_22922\" aria-describedby=\"caption-attachment-22922\" style=\"width: 840px\" class=\"wp-caption aligncenter\"><a href=\"https:\/\/ciencia.ufpr.br\/portal\/wp-content\/uploads\/2023\/02\/Copia-de-Info-Embrioes-de-galinha-cadmio.jpg\"><img loading=\"lazy\" decoding=\"async\" class=\"wp-image-22922 size-full\" src=\"https:\/\/ciencia.ufpr.br\/portal\/wp-content\/uploads\/2023\/02\/Copia-de-Info-Embrioes-de-galinha-cadmio.jpg\" alt=\"\" width=\"840\" height=\"1176\" srcset=\"https:\/\/ciencia.ufpr.br\/portal\/wp-content\/uploads\/2023\/02\/Copia-de-Info-Embrioes-de-galinha-cadmio.jpg 840w, https:\/\/ciencia.ufpr.br\/portal\/wp-content\/uploads\/2023\/02\/Copia-de-Info-Embrioes-de-galinha-cadmio-214x300.jpg 214w, https:\/\/ciencia.ufpr.br\/portal\/wp-content\/uploads\/2023\/02\/Copia-de-Info-Embrioes-de-galinha-cadmio-731x1024.jpg 731w, https:\/\/ciencia.ufpr.br\/portal\/wp-content\/uploads\/2023\/02\/Copia-de-Info-Embrioes-de-galinha-cadmio-768x1075.jpg 768w\" sizes=\"(max-width: 840px) 100vw, 840px\" \/><\/a><figcaption id=\"caption-attachment-22922\" class=\"wp-caption-text\">(Clique para ampliar)<\/figcaption><\/figure>\n<p>A professora Claudia Ortolani-Machado, coordenadora do Laborat\u00f3rio de Embriotoxicologia da UFPR, onde o estudo foi conduzido, e orientadora da pesquisa, destaca que o trabalho promove uma amplia\u00e7\u00e3o das informa\u00e7\u00f5es sobre os efeitos dos contaminantes ambientais durante o desenvolvimento embrion\u00e1rio. Ela tamb\u00e9m acredita que o estudo \u00e9 fonte para uma maior reflex\u00e3o sobre a utiliza\u00e7\u00e3o dos componentes qu\u00edmicos.<\/p>\n<p>\u201cCom a nossa pesquisa tentamos contribuir com dados que possam nortear ou auxiliar uma revis\u00e3o na legisla\u00e7\u00e3o atual\u201d, ressalta.<\/p>\n<h2>Resultados destacaram os impactos no desenvolvimento da medula espinhal e c\u00e9rebro<\/h2>\n<p>O foco do trabalho foi na morfologia dos embri\u00f5es, principalmente do tubo neural, de onde se desenvolve o sistema nervoso. A preocupa\u00e7\u00e3o com essa estrutura vem desde o mestrado de Kmecick, no ramo de Biologia Celular e Molecular:<\/p>\n<blockquote><p>\u201cEssa foi a estrutura que sofreu as altera\u00e7\u00f5es mais significativas, evidenciando o tecido nervoso como alvo da a\u00e7\u00e3o desses contaminantes no desenvolvimento. Isso foi observado na an\u00e1lise por montagem total, que \u00e9 uma t\u00e9cnica em que preparamos os pequenos embri\u00f5es inteiros com uma colora\u00e7\u00e3o para que as estruturas do corpo do embri\u00e3o sejam evidenciadas, como o c\u00e9rebro, olhos, ouvidos, membros e cauda. Ent\u00e3o, observando o material preparado dessa forma, sob uma lupa, foi poss\u00edvel verificar quais malforma\u00e7\u00f5es os poluentes s\u00e3o capazes de causar e em quais estruturas\u201d, contou Kmecick.<\/p><\/blockquote>\n<p>A pesquisadora explica que em uma segunda fase o estudo buscou entender quais as altera\u00e7\u00f5es microsc\u00f3picas internas ao corpo do embri\u00e3o que estariam envolvidas nessas malforma\u00e7\u00f5es do tubo neural, sendo este o principal foco da pesquisa.<\/p>\n<p>O estudo acompanhou o embri\u00e3o em ovos fecundados doados ao laborat\u00f3rio. O desenvolvimento do embri\u00e3o \u00e9 iniciado dentro da pr\u00f3pria galinha, mas \u00e9 interrompido quando ela bota o ovo. O processo s\u00f3 \u00e9 retomado quando se atinge a temperatura de 37 \u00baC aproximadamente, que pode ser alcan\u00e7ada quando a ave choca o ovo ou atrav\u00e9s de uma chocadeira.<\/p>\n<p>Foi no processo de pausa do desenvolvimento que os embri\u00f5es foram expostos aos poluentes, ainda no in\u00edcio da etapa de forma\u00e7\u00e3o, chamado de bl\u00e1stula. Em seres humanos, essa fase ocorre durante a primeira semana de gesta\u00e7\u00e3o. Dessa forma, foi poss\u00edvel realizar a pesquisa em um est\u00e1gio no qual h\u00e1 uma maior sensibilidade do embri\u00e3o \u00e0 a\u00e7\u00e3o de agentes externos.<\/p>\n<p>De acordo com a professora Claudia Ortolani-Machado, a utiliza\u00e7\u00e3o de ovos de galinhas para experimentos cient\u00edficos \u00e9 uma pr\u00e1tica milenar, usados desde estudos de anatomia da \u00e9poca de Arist\u00f3teles: \u201c\u00c9 um modelo que det\u00e9m o recorde de longevidade. Muitos conceitos e nomes de estruturas embrion\u00e1rias s\u00e3o originadas de trabalhos realizados nesse modelo\u201d, conta.<\/p>\n<p>Al\u00e9m disso, a professora ressalta que outros modelos de vertebrados s\u00e3o utilizados, como os de roedores, anf\u00edbios e peixes, que auxiliam na realiza\u00e7\u00e3o de pesquisas que tratem de efeitos na anatomia e na fisiologia dos organismos. A professora tamb\u00e9m ressalta que a utiliza\u00e7\u00e3o de ovos de galinhas apresenta algumas vantagens em rela\u00e7\u00e3o aos outros modelos, como a facilidade de obten\u00e7\u00e3o, manipula\u00e7\u00e3o e monitoramento, a aus\u00eancia de necessidade de nutrientes externos para a sua forma\u00e7\u00e3o e o desenvolvimento em um curto per\u00edodo de tempo (21 dias).<\/p>\n<figure id=\"attachment_22896\" aria-describedby=\"caption-attachment-22896\" style=\"width: 369px\" class=\"wp-caption alignright\"><a href=\"https:\/\/ciencia.ufpr.br\/portal\/wp-content\/uploads\/2023\/02\/Embryo_comparisons.jpg\"><img loading=\"lazy\" decoding=\"async\" class=\"wp-image-22896\" src=\"https:\/\/ciencia.ufpr.br\/portal\/wp-content\/uploads\/2023\/02\/Embryo_comparisons.jpg\" alt=\"\" width=\"369\" height=\"394\" srcset=\"https:\/\/ciencia.ufpr.br\/portal\/wp-content\/uploads\/2023\/02\/Embryo_comparisons.jpg 862w, https:\/\/ciencia.ufpr.br\/portal\/wp-content\/uploads\/2023\/02\/Embryo_comparisons-281x300.jpg 281w, https:\/\/ciencia.ufpr.br\/portal\/wp-content\/uploads\/2023\/02\/Embryo_comparisons-768x820.jpg 768w\" sizes=\"(max-width: 369px) 100vw, 369px\" \/><\/a><figcaption id=\"caption-attachment-22896\" class=\"wp-caption-text\">Compara\u00e7\u00e3o entre desenvolvimento de embri\u00f5es em 3 fases, da esquerda para a direita: peixe, salamandra, tartaruga, galinha, coelho e ser humano. Ilustra\u00e7\u00e3o: Starlarvae\/Commons<\/figcaption><\/figure>\n<p>Quando os ovos chegaram ao laborat\u00f3rio, foram pesados e selecionados somente aqueles com a casca completamente \u00edntegra. Ap\u00f3s, foi realizada a inser\u00e7\u00e3o de uma agulha na c\u00e2mara de ar do ovo (regi\u00e3o mais larga da casca) com os contaminantes escolhidos e ent\u00e3o os ovos foram incubados \u00e0 37 \u00baC. Uma pequena janela na lateral da casca foi feita para que fosse poss\u00edvel observar os embri\u00f5es durante o seu desenvolvimento, al\u00e9m de verificar a chamada determina\u00e7\u00e3o de viabilidade, um dado utilizado para avaliar a interfer\u00eancia dos contaminantes na mortalidade embrion\u00e1ria.<\/p>\n<p>Os embri\u00f5es vivos foram preservados em uma solu\u00e7\u00e3o fixadora, para manter as caracter\u00edsticas o mais pr\u00f3ximo poss\u00edvel da situa\u00e7\u00e3o no embri\u00e3o vivo. Em seguida, o material passou por uma resina fixadora e ent\u00e3o foi cortado em fatias finas, chamadas de sec\u00e7\u00f5es histol\u00f3gicas. Por fim, essas fatias receberam colora\u00e7\u00e3o e foram observadas no microsc\u00f3pio de luz para que a morfologia geral do tecido e das c\u00e9lulas fossem observados.<\/p>\n<p>Apesar dos resultados expressivos, nem todos os objetivos iniciais foram alcan\u00e7ados. Um deles era entender como os contaminantes interferiam nos componentes das c\u00e9lulas, durante o processo de desenvolvimento, para ocasionar as malforma\u00e7\u00f5es. Por\u00e9m, n\u00e3o foi poss\u00edvel realizar os experimentos necess\u00e1rios para chegar a um resultado.<\/p>\n<h2>Componentes t\u00f3xicos testados s\u00e3o comuns no dia a dia<\/h2>\n<p>Os componentes pesquisados foram escolhidos por serem capazes de atravessar a barreira placent\u00e1ria e atingir o embri\u00e3o, al\u00e9m de estarem em constante contato com seres humanos. Tamb\u00e9m foi considerada a falta de dados sobre os compostos e os seus efeitos durante o desenvolvimento embrion\u00e1rio como destaca Ortolani-Machado:<\/p>\n<blockquote><p>\u201cA exist\u00eancia de dados populacionais divergentes e inconclusivos a respeito da exposi\u00e7\u00e3o a essas subst\u00e2ncias durante o desenvolvimento pr\u00e9-natal, embrion\u00e1rio e fetal, e a ocorr\u00eancia de efeitos adversos no desenvolvimento, como morte embrion\u00e1ria e o aparecimento de malforma\u00e7\u00f5es tamb\u00e9m foram fatores importantes para a escolha\u201d.<\/p><\/blockquote>\n<p>O \u00e1cido perfluorooctan\u00f3ico (PFOA) \u00e9 considerado um poluente emergente, visto que, apesar da sua utiliza\u00e7\u00e3o acontecer desde a d\u00e9cada de 1950, a preocupa\u00e7\u00e3o com os seus efeitos \u00e9 recente. As suas mol\u00e9culas s\u00e3o hidrof\u00f3bicas e lipof\u00f3bicas, o que significa que elas repelem \u00e1gua e \u00f3leos. Al\u00e9m disso, \u00e9 um composto resistente \u00e0 degrada\u00e7\u00e3o qu\u00edmica e f\u00edsica, o tornando muito atrativo para a produ\u00e7\u00e3o de pol\u00edmeros para revestimentos, como antiaderentes encontrados em panelas e embalagens de alimentos industrializados; imperme\u00e1veis de tecidos e tapetes; e antiest\u00e1tico de componentes eletroeletr\u00f4nicos.<\/p>\n<p>O PFOA pode ser encontrado at\u00e9 mesmo na poeira de casa, visto que est\u00e1 contido em produtos dom\u00e9sticos que liberam o poluente em pequenas quantidades. Essa contamina\u00e7\u00e3o pode chegar aos alimentos e se espalhar pelo ambiente, o que possibilita a manifesta\u00e7\u00e3o de problemas de sa\u00fade.<\/p>\n<p>A sua produ\u00e7\u00e3o chegou a ser proibida pela Conven\u00e7\u00e3o de Estocolmo, realizada em 2001 com o objetivo de proteger a sa\u00fade humana e o meio ambiente dos efeitos dos poluentes org\u00e2nicos permanentes. Mais de 180 pa\u00edses participam do tratado, entre eles, o Brasil. Apesar da proibi\u00e7\u00e3o, em uma atualiza\u00e7\u00e3o do texto da conven\u00e7\u00e3o em 2019, houve uma flexibiliza\u00e7\u00e3o para que o PFOA fosse utilizado em situa\u00e7\u00f5es nas quais a efici\u00eancia de outros produtos substitutos n\u00e3o fosse eficiente.<\/p>\n<figure id=\"attachment_22892\" aria-describedby=\"caption-attachment-22892\" style=\"width: 810px\" class=\"wp-caption aligncenter\"><img loading=\"lazy\" decoding=\"async\" class=\"wp-image-22892 size-large\" src=\"https:\/\/ciencia.ufpr.br\/portal\/wp-content\/uploads\/2023\/02\/1113px-Cadmium-crystal_bar-1024x662.jpg\" alt=\"\" width=\"810\" height=\"524\" srcset=\"https:\/\/ciencia.ufpr.br\/portal\/wp-content\/uploads\/2023\/02\/1113px-Cadmium-crystal_bar-1024x662.jpg 1024w, https:\/\/ciencia.ufpr.br\/portal\/wp-content\/uploads\/2023\/02\/1113px-Cadmium-crystal_bar-300x194.jpg 300w, https:\/\/ciencia.ufpr.br\/portal\/wp-content\/uploads\/2023\/02\/1113px-Cadmium-crystal_bar-768x497.jpg 768w, https:\/\/ciencia.ufpr.br\/portal\/wp-content\/uploads\/2023\/02\/1113px-Cadmium-crystal_bar.jpg 1113w\" sizes=\"(max-width: 810px) 100vw, 810px\" \/><figcaption id=\"caption-attachment-22892\" class=\"wp-caption-text\">Barra de cristal de c\u00e1dmio com pureza de 99,99% e cubo de c\u00e1dmio. O metal \u00e9 utilizado principalmente na produ\u00e7\u00e3o de pilhas, baterias e componentes eletr\u00f4nicos. Foto: Alchemist-hp\/Commons<\/figcaption><\/figure>\n<p>O c\u00e1dmio (Cd), por sua vez, \u00e9 um metal pesado encontrado na natureza em baixas quantidades. Entretanto, alguns fen\u00f4menos naturais, assim como a interfer\u00eancia humana no meio ambiente \u2013 atrav\u00e9s da minera\u00e7\u00e3o, por exemplo \u2013 podem disseminar esse poluente. O seu uso \u00e9 variado (produ\u00e7\u00e3o de baterias, pigmentos, tintas, soldas, fertilizantes fosfatados e componentes eletroeletr\u00f4nicos) e os res\u00edduos industriais que permanecem ap\u00f3s a sua utiliza\u00e7\u00e3o podem contaminar de forma grave a \u00e1gua, o solo e o ar caso n\u00e3o sejam descartados corretamente.<\/p>\n<p>A exposi\u00e7\u00e3o dos seres humanos aos dois contaminantes pode acontecer atrav\u00e9s do consumo de alimentos e \u00e1gua que foram contaminados, al\u00e9m da inala\u00e7\u00e3o da poeira dom\u00e9stica que cont\u00e9m res\u00edduos. Os efeitos dos dois poluentes no organismo s\u00e3o bastante prejudiciais \u00e0 sa\u00fade. Entre os efeitos t\u00f3xicos causados pelo PFOA est\u00e3o os danos ao f\u00edgado, ao sistema imunol\u00f3gico, ao sistema nervoso, a desregula\u00e7\u00e3o da fun\u00e7\u00e3o hormonal normal e a toxicidade reprodutiva. O Cd, por sua vez, est\u00e1 mais envolvido no aparecimento de diferentes tipos de c\u00e2ncer e causa danos aos rins e f\u00edgado.<\/p>\n<h6 style=\"text-align: right;\">Por Thiago Fedacz | Edi\u00e7\u00e3o: Rodrigo Choinski<\/h6>\n","protected":false},"excerpt":{"rendered":"<p>BOLETIM UFPR | Poluentes capazes de atravessar a placenta Todos os dias estamos expostos a diversos componentes qu\u00edmicos que podem&#8230;<\/p>\n","protected":false},"author":2806,"featured_media":24944,"comment_status":"open","ping_status":"closed","sticky":false,"template":"","format":"standard","meta":{"_acf_changed":false,"footnotes":"","fifu_image_url":"","fifu_image_alt":"","_jetpack_memberships_contains_paid_content":false},"categories":[1608,1131,2186,1,1610,1795],"tags":[2243,2241,2239,2242,2236,2244,2240,2238,2237],"acf":[],"yoast_head":"<!-- This site is optimized with the Yoast SEO plugin v23.5 - https:\/\/yoast.com\/wordpress\/plugins\/seo\/ -->\n<title>C\u00e1dmio e PFOA podem causar malforma\u00e7\u00e3o em embri\u00f5es - Ci\u00eancia UFPR %<\/title>\n<meta name=\"robots\" content=\"index, follow, max-snippet:-1, max-image-preview:large, max-video-preview:-1\" \/>\n<link rel=\"canonical\" href=\"https:\/\/ciencia.ufpr.br\/portal\/cadmio-e-pfoa-podem-causar-malformacao-em-embrioes\/\" \/>\n<meta property=\"og:locale\" content=\"pt_BR\" \/>\n<meta property=\"og:type\" content=\"article\" \/>\n<meta property=\"og:title\" content=\"C\u00e1dmio e PFOA podem causar malforma\u00e7\u00e3o em embri\u00f5es - Ci\u00eancia UFPR %\" \/>\n<meta property=\"og:description\" content=\"BOLETIM UFPR | Poluentes capazes de atravessar a placenta Todos os dias estamos expostos a diversos componentes qu\u00edmicos que podem...\" \/>\n<meta property=\"og:url\" content=\"https:\/\/ciencia.ufpr.br\/portal\/cadmio-e-pfoa-podem-causar-malformacao-em-embrioes\/\" \/>\n<meta property=\"og:site_name\" content=\"Ci\u00eancia UFPR\" \/>\n<meta property=\"article:publisher\" content=\"https:\/\/www.facebook.com\/cienciaufproficial\" \/>\n<meta property=\"article:author\" content=\"https:\/\/facebook.com\/cienciaufproficial\/\" \/>\n<meta property=\"article:published_time\" content=\"2023-02-15T11:03:46+00:00\" \/>\n<meta property=\"article:modified_time\" content=\"2024-02-06T21:31:33+00:00\" \/>\n<meta property=\"og:image\" content=\"https:\/\/ciencia.ufpr.br\/portal\/wp-content\/uploads\/2023\/02\/1024px-Chicken-embryo-1week_old-stereomicroscope.jpg\" \/>\n\t<meta property=\"og:image:width\" content=\"1280\" \/>\n\t<meta property=\"og:image:height\" content=\"720\" \/>\n\t<meta property=\"og:image:type\" content=\"image\/jpeg\" \/>\n<meta name=\"author\" content=\"Reda\u00e7\u00e3o Ci\u00eancia UFPR\" \/>\n<meta name=\"twitter:card\" content=\"summary_large_image\" \/>\n<meta name=\"twitter:creator\" content=\"@cienciaufpr\" \/>\n<meta name=\"twitter:site\" content=\"@cienciaufpr\" \/>\n<meta name=\"twitter:label1\" content=\"Escrito por\" \/>\n\t<meta name=\"twitter:data1\" content=\"Reda\u00e7\u00e3o Ci\u00eancia UFPR\" \/>\n\t<meta name=\"twitter:label2\" content=\"Est. tempo de leitura\" \/>\n\t<meta name=\"twitter:data2\" content=\"9 minutos\" \/>\n<script type=\"application\/ld+json\" class=\"yoast-schema-graph\">{\"@context\":\"https:\/\/schema.org\",\"@graph\":[{\"@type\":\"Article\",\"@id\":\"https:\/\/ciencia.ufpr.br\/portal\/cadmio-e-pfoa-podem-causar-malformacao-em-embrioes\/#article\",\"isPartOf\":{\"@id\":\"https:\/\/ciencia.ufpr.br\/portal\/cadmio-e-pfoa-podem-causar-malformacao-em-embrioes\/\"},\"author\":{\"name\":\"Reda\u00e7\u00e3o Ci\u00eancia UFPR\",\"@id\":\"https:\/\/ciencia.ufpr.br\/portal\/#\/schema\/person\/562217e00c1aa3a8c132639249490a83\"},\"headline\":\"C\u00e1dmio e PFOA podem causar malforma\u00e7\u00e3o em embri\u00f5es\",\"datePublished\":\"2023-02-15T11:03:46+00:00\",\"dateModified\":\"2024-02-06T21:31:33+00:00\",\"mainEntityOfPage\":{\"@id\":\"https:\/\/ciencia.ufpr.br\/portal\/cadmio-e-pfoa-podem-causar-malformacao-em-embrioes\/\"},\"wordCount\":1875,\"commentCount\":0,\"publisher\":{\"@id\":\"https:\/\/ciencia.ufpr.br\/portal\/#organization\"},\"image\":{\"@id\":\"https:\/\/ciencia.ufpr.br\/portal\/cadmio-e-pfoa-podem-causar-malformacao-em-embrioes\/#primaryimage\"},\"thumbnailUrl\":\"https:\/\/ciencia.ufpr.br\/portal\/wp-content\/uploads\/2023\/02\/Cadmio-embriao.gif\",\"keywords\":[\"2023\",\"\u00e1cido perfluorooctanoico\",\"c\u00e1dmio\",\"embri\u00e3o\",\"embriologia\",\"Laborat\u00f3rio de Embriotoxicologia\",\"PFOA\",\"poluentes\",\"toxicologia\"],\"articleSection\":[\"Biol\u00f3gicas\",\"Especiais\",\"Infogr\u00e1fico\",\"Reportagem\",\"Sa\u00fade\",\"\ud83c\udf99 Boletim UFPR\"],\"inLanguage\":\"pt-BR\",\"potentialAction\":[{\"@type\":\"CommentAction\",\"name\":\"Comment\",\"target\":[\"https:\/\/ciencia.ufpr.br\/portal\/cadmio-e-pfoa-podem-causar-malformacao-em-embrioes\/#respond\"]}]},{\"@type\":\"WebPage\",\"@id\":\"https:\/\/ciencia.ufpr.br\/portal\/cadmio-e-pfoa-podem-causar-malformacao-em-embrioes\/\",\"url\":\"https:\/\/ciencia.ufpr.br\/portal\/cadmio-e-pfoa-podem-causar-malformacao-em-embrioes\/\",\"name\":\"C\u00e1dmio e PFOA podem causar malforma\u00e7\u00e3o em embri\u00f5es - Ci\u00eancia UFPR %\",\"isPartOf\":{\"@id\":\"https:\/\/ciencia.ufpr.br\/portal\/#website\"},\"primaryImageOfPage\":{\"@id\":\"https:\/\/ciencia.ufpr.br\/portal\/cadmio-e-pfoa-podem-causar-malformacao-em-embrioes\/#primaryimage\"},\"image\":{\"@id\":\"https:\/\/ciencia.ufpr.br\/portal\/cadmio-e-pfoa-podem-causar-malformacao-em-embrioes\/#primaryimage\"},\"thumbnailUrl\":\"https:\/\/ciencia.ufpr.br\/portal\/wp-content\/uploads\/2023\/02\/Cadmio-embriao.gif\",\"datePublished\":\"2023-02-15T11:03:46+00:00\",\"dateModified\":\"2024-02-06T21:31:33+00:00\",\"breadcrumb\":{\"@id\":\"https:\/\/ciencia.ufpr.br\/portal\/cadmio-e-pfoa-podem-causar-malformacao-em-embrioes\/#breadcrumb\"},\"inLanguage\":\"pt-BR\",\"potentialAction\":[{\"@type\":\"ReadAction\",\"target\":[\"https:\/\/ciencia.ufpr.br\/portal\/cadmio-e-pfoa-podem-causar-malformacao-em-embrioes\/\"]}]},{\"@type\":\"ImageObject\",\"inLanguage\":\"pt-BR\",\"@id\":\"https:\/\/ciencia.ufpr.br\/portal\/cadmio-e-pfoa-podem-causar-malformacao-em-embrioes\/#primaryimage\",\"url\":\"https:\/\/ciencia.ufpr.br\/portal\/wp-content\/uploads\/2023\/02\/Cadmio-embriao.gif\",\"contentUrl\":\"https:\/\/ciencia.ufpr.br\/portal\/wp-content\/uploads\/2023\/02\/Cadmio-embriao.gif\",\"width\":442,\"height\":250,\"caption\":\"No estudo foram utilizados embri\u00f5es de galinha, como o da imagem, para verificar a toxicidade dos compostos qu\u00edmicos. Imagem: Ga Il Kim\/Wikimedia Commons\"},{\"@type\":\"BreadcrumbList\",\"@id\":\"https:\/\/ciencia.ufpr.br\/portal\/cadmio-e-pfoa-podem-causar-malformacao-em-embrioes\/#breadcrumb\",\"itemListElement\":[{\"@type\":\"ListItem\",\"position\":1,\"name\":\"Home\",\"item\":\"https:\/\/ciencia.ufpr.br\/portal\/\"},{\"@type\":\"ListItem\",\"position\":2,\"name\":\"C\u00e1dmio e PFOA podem causar malforma\u00e7\u00e3o em embri\u00f5es\"}]},{\"@type\":\"WebSite\",\"@id\":\"https:\/\/ciencia.ufpr.br\/portal\/#website\",\"url\":\"https:\/\/ciencia.ufpr.br\/portal\/\",\"name\":\"Ci\u00eancia UFPR\",\"description\":\"Site de temas cient\u00edficos com foco no conhecimento produzido na Universidade Federal do Paran\u00e1 (UFPR). Baseado na Revista Ci\u00eancia UFPR.\",\"publisher\":{\"@id\":\"https:\/\/ciencia.ufpr.br\/portal\/#organization\"},\"potentialAction\":[{\"@type\":\"SearchAction\",\"target\":{\"@type\":\"EntryPoint\",\"urlTemplate\":\"https:\/\/ciencia.ufpr.br\/portal\/?s={search_term_string}\"},\"query-input\":{\"@type\":\"PropertyValueSpecification\",\"valueRequired\":true,\"valueName\":\"search_term_string\"}}],\"inLanguage\":\"pt-BR\"},{\"@type\":\"Organization\",\"@id\":\"https:\/\/ciencia.ufpr.br\/portal\/#organization\",\"name\":\"Revista Ci\u00eancia UFPR\",\"url\":\"https:\/\/ciencia.ufpr.br\/portal\/\",\"logo\":{\"@type\":\"ImageObject\",\"inLanguage\":\"pt-BR\",\"@id\":\"https:\/\/ciencia.ufpr.br\/portal\/#\/schema\/logo\/image\/\",\"url\":\"https:\/\/ciencia.ufpr.br\/portal\/wp-content\/uploads\/2020\/12\/Revista-Ciencia-UFPR-vermelho.jpeg\",\"contentUrl\":\"https:\/\/ciencia.ufpr.br\/portal\/wp-content\/uploads\/2020\/12\/Revista-Ciencia-UFPR-vermelho.jpeg\",\"width\":992,\"height\":714,\"caption\":\"Revista Ci\u00eancia UFPR\"},\"image\":{\"@id\":\"https:\/\/ciencia.ufpr.br\/portal\/#\/schema\/logo\/image\/\"},\"sameAs\":[\"https:\/\/www.facebook.com\/cienciaufproficial\",\"https:\/\/x.com\/cienciaufpr\",\"https:\/\/www.instagram.com\/revistacienciaufpr\/\",\"https:\/\/www.linkedin.com\/company\/cienciaufproficial\",\"https:\/\/br.pinterest.com\/cienciaufpr\/\"]},{\"@type\":\"Person\",\"@id\":\"https:\/\/ciencia.ufpr.br\/portal\/#\/schema\/person\/562217e00c1aa3a8c132639249490a83\",\"name\":\"Reda\u00e7\u00e3o Ci\u00eancia UFPR\",\"description\":\"Site de jornalismo e divulga\u00e7\u00e3o cient\u00edficos sobre o conhecimento produzido na Universidade Federal do Paran\u00e1 (UFPR). Baseado na Revista Ci\u00eancia UFPR, editada pela Superintend\u00eancia de Comunica\u00e7\u00e3o (Sucom) desde 2016.\",\"sameAs\":[\"https:\/\/facebook.com\/cienciaufproficial\/\",\"https:\/\/www.instagram.com\/revistacienciaufpr\/\",\"https:\/\/x.com\/cienciaufpr\"],\"url\":\"https:\/\/ciencia.ufpr.br\/portal\/author\/revistacienciaufpr\/\"}]}<\/script>\n<!-- \/ Yoast SEO plugin. -->","yoast_head_json":{"title":"C\u00e1dmio e PFOA podem causar malforma\u00e7\u00e3o em embri\u00f5es - Ci\u00eancia UFPR %","robots":{"index":"index","follow":"follow","max-snippet":"max-snippet:-1","max-image-preview":"max-image-preview:large","max-video-preview":"max-video-preview:-1"},"canonical":"https:\/\/ciencia.ufpr.br\/portal\/cadmio-e-pfoa-podem-causar-malformacao-em-embrioes\/","og_locale":"pt_BR","og_type":"article","og_title":"C\u00e1dmio e PFOA podem causar malforma\u00e7\u00e3o em embri\u00f5es - Ci\u00eancia UFPR %","og_description":"BOLETIM UFPR | Poluentes capazes de atravessar a placenta Todos os dias estamos expostos a diversos componentes qu\u00edmicos que podem...","og_url":"https:\/\/ciencia.ufpr.br\/portal\/cadmio-e-pfoa-podem-causar-malformacao-em-embrioes\/","og_site_name":"Ci\u00eancia UFPR","article_publisher":"https:\/\/www.facebook.com\/cienciaufproficial","article_author":"https:\/\/facebook.com\/cienciaufproficial\/","article_published_time":"2023-02-15T11:03:46+00:00","article_modified_time":"2024-02-06T21:31:33+00:00","og_image":[{"width":1280,"height":720,"url":"https:\/\/ciencia.ufpr.br\/portal\/wp-content\/uploads\/2023\/02\/1024px-Chicken-embryo-1week_old-stereomicroscope.jpg","type":"image\/jpeg"}],"author":"Reda\u00e7\u00e3o Ci\u00eancia UFPR","twitter_card":"summary_large_image","twitter_creator":"@cienciaufpr","twitter_site":"@cienciaufpr","twitter_misc":{"Escrito por":"Reda\u00e7\u00e3o Ci\u00eancia UFPR","Est. tempo de leitura":"9 minutos"},"schema":{"@context":"https:\/\/schema.org","@graph":[{"@type":"Article","@id":"https:\/\/ciencia.ufpr.br\/portal\/cadmio-e-pfoa-podem-causar-malformacao-em-embrioes\/#article","isPartOf":{"@id":"https:\/\/ciencia.ufpr.br\/portal\/cadmio-e-pfoa-podem-causar-malformacao-em-embrioes\/"},"author":{"name":"Reda\u00e7\u00e3o Ci\u00eancia UFPR","@id":"https:\/\/ciencia.ufpr.br\/portal\/#\/schema\/person\/562217e00c1aa3a8c132639249490a83"},"headline":"C\u00e1dmio e PFOA podem causar malforma\u00e7\u00e3o em embri\u00f5es","datePublished":"2023-02-15T11:03:46+00:00","dateModified":"2024-02-06T21:31:33+00:00","mainEntityOfPage":{"@id":"https:\/\/ciencia.ufpr.br\/portal\/cadmio-e-pfoa-podem-causar-malformacao-em-embrioes\/"},"wordCount":1875,"commentCount":0,"publisher":{"@id":"https:\/\/ciencia.ufpr.br\/portal\/#organization"},"image":{"@id":"https:\/\/ciencia.ufpr.br\/portal\/cadmio-e-pfoa-podem-causar-malformacao-em-embrioes\/#primaryimage"},"thumbnailUrl":"https:\/\/ciencia.ufpr.br\/portal\/wp-content\/uploads\/2023\/02\/Cadmio-embriao.gif","keywords":["2023","\u00e1cido perfluorooctanoico","c\u00e1dmio","embri\u00e3o","embriologia","Laborat\u00f3rio de Embriotoxicologia","PFOA","poluentes","toxicologia"],"articleSection":["Biol\u00f3gicas","Especiais","Infogr\u00e1fico","Reportagem","Sa\u00fade","\ud83c\udf99 Boletim UFPR"],"inLanguage":"pt-BR","potentialAction":[{"@type":"CommentAction","name":"Comment","target":["https:\/\/ciencia.ufpr.br\/portal\/cadmio-e-pfoa-podem-causar-malformacao-em-embrioes\/#respond"]}]},{"@type":"WebPage","@id":"https:\/\/ciencia.ufpr.br\/portal\/cadmio-e-pfoa-podem-causar-malformacao-em-embrioes\/","url":"https:\/\/ciencia.ufpr.br\/portal\/cadmio-e-pfoa-podem-causar-malformacao-em-embrioes\/","name":"C\u00e1dmio e PFOA podem causar malforma\u00e7\u00e3o em embri\u00f5es - Ci\u00eancia UFPR %","isPartOf":{"@id":"https:\/\/ciencia.ufpr.br\/portal\/#website"},"primaryImageOfPage":{"@id":"https:\/\/ciencia.ufpr.br\/portal\/cadmio-e-pfoa-podem-causar-malformacao-em-embrioes\/#primaryimage"},"image":{"@id":"https:\/\/ciencia.ufpr.br\/portal\/cadmio-e-pfoa-podem-causar-malformacao-em-embrioes\/#primaryimage"},"thumbnailUrl":"https:\/\/ciencia.ufpr.br\/portal\/wp-content\/uploads\/2023\/02\/Cadmio-embriao.gif","datePublished":"2023-02-15T11:03:46+00:00","dateModified":"2024-02-06T21:31:33+00:00","breadcrumb":{"@id":"https:\/\/ciencia.ufpr.br\/portal\/cadmio-e-pfoa-podem-causar-malformacao-em-embrioes\/#breadcrumb"},"inLanguage":"pt-BR","potentialAction":[{"@type":"ReadAction","target":["https:\/\/ciencia.ufpr.br\/portal\/cadmio-e-pfoa-podem-causar-malformacao-em-embrioes\/"]}]},{"@type":"ImageObject","inLanguage":"pt-BR","@id":"https:\/\/ciencia.ufpr.br\/portal\/cadmio-e-pfoa-podem-causar-malformacao-em-embrioes\/#primaryimage","url":"https:\/\/ciencia.ufpr.br\/portal\/wp-content\/uploads\/2023\/02\/Cadmio-embriao.gif","contentUrl":"https:\/\/ciencia.ufpr.br\/portal\/wp-content\/uploads\/2023\/02\/Cadmio-embriao.gif","width":442,"height":250,"caption":"No estudo foram utilizados embri\u00f5es de galinha, como o da imagem, para verificar a toxicidade dos compostos qu\u00edmicos. Imagem: Ga Il Kim\/Wikimedia Commons"},{"@type":"BreadcrumbList","@id":"https:\/\/ciencia.ufpr.br\/portal\/cadmio-e-pfoa-podem-causar-malformacao-em-embrioes\/#breadcrumb","itemListElement":[{"@type":"ListItem","position":1,"name":"Home","item":"https:\/\/ciencia.ufpr.br\/portal\/"},{"@type":"ListItem","position":2,"name":"C\u00e1dmio e PFOA podem causar malforma\u00e7\u00e3o em embri\u00f5es"}]},{"@type":"WebSite","@id":"https:\/\/ciencia.ufpr.br\/portal\/#website","url":"https:\/\/ciencia.ufpr.br\/portal\/","name":"Ci\u00eancia UFPR","description":"Site de temas cient\u00edficos com foco no conhecimento produzido na Universidade Federal do Paran\u00e1 (UFPR). Baseado na Revista Ci\u00eancia UFPR.","publisher":{"@id":"https:\/\/ciencia.ufpr.br\/portal\/#organization"},"potentialAction":[{"@type":"SearchAction","target":{"@type":"EntryPoint","urlTemplate":"https:\/\/ciencia.ufpr.br\/portal\/?s={search_term_string}"},"query-input":{"@type":"PropertyValueSpecification","valueRequired":true,"valueName":"search_term_string"}}],"inLanguage":"pt-BR"},{"@type":"Organization","@id":"https:\/\/ciencia.ufpr.br\/portal\/#organization","name":"Revista Ci\u00eancia UFPR","url":"https:\/\/ciencia.ufpr.br\/portal\/","logo":{"@type":"ImageObject","inLanguage":"pt-BR","@id":"https:\/\/ciencia.ufpr.br\/portal\/#\/schema\/logo\/image\/","url":"https:\/\/ciencia.ufpr.br\/portal\/wp-content\/uploads\/2020\/12\/Revista-Ciencia-UFPR-vermelho.jpeg","contentUrl":"https:\/\/ciencia.ufpr.br\/portal\/wp-content\/uploads\/2020\/12\/Revista-Ciencia-UFPR-vermelho.jpeg","width":992,"height":714,"caption":"Revista Ci\u00eancia UFPR"},"image":{"@id":"https:\/\/ciencia.ufpr.br\/portal\/#\/schema\/logo\/image\/"},"sameAs":["https:\/\/www.facebook.com\/cienciaufproficial","https:\/\/x.com\/cienciaufpr","https:\/\/www.instagram.com\/revistacienciaufpr\/","https:\/\/www.linkedin.com\/company\/cienciaufproficial","https:\/\/br.pinterest.com\/cienciaufpr\/"]},{"@type":"Person","@id":"https:\/\/ciencia.ufpr.br\/portal\/#\/schema\/person\/562217e00c1aa3a8c132639249490a83","name":"Reda\u00e7\u00e3o Ci\u00eancia UFPR","description":"Site de jornalismo e divulga\u00e7\u00e3o cient\u00edficos sobre o conhecimento produzido na Universidade Federal do Paran\u00e1 (UFPR). Baseado na Revista Ci\u00eancia UFPR, editada pela Superintend\u00eancia de Comunica\u00e7\u00e3o (Sucom) desde 2016.","sameAs":["https:\/\/facebook.com\/cienciaufproficial\/","https:\/\/www.instagram.com\/revistacienciaufpr\/","https:\/\/x.com\/cienciaufpr"],"url":"https:\/\/ciencia.ufpr.br\/portal\/author\/revistacienciaufpr\/"}]}},"views":3845,"jetpack_sharing_enabled":true,"jetpack_featured_media_url":"https:\/\/ciencia.ufpr.br\/portal\/wp-content\/uploads\/2023\/02\/Cadmio-embriao.gif","_links":{"self":[{"href":"https:\/\/ciencia.ufpr.br\/portal\/wp-json\/wp\/v2\/posts\/22874"}],"collection":[{"href":"https:\/\/ciencia.ufpr.br\/portal\/wp-json\/wp\/v2\/posts"}],"about":[{"href":"https:\/\/ciencia.ufpr.br\/portal\/wp-json\/wp\/v2\/types\/post"}],"author":[{"embeddable":true,"href":"https:\/\/ciencia.ufpr.br\/portal\/wp-json\/wp\/v2\/users\/2806"}],"replies":[{"embeddable":true,"href":"https:\/\/ciencia.ufpr.br\/portal\/wp-json\/wp\/v2\/comments?post=22874"}],"version-history":[{"count":38,"href":"https:\/\/ciencia.ufpr.br\/portal\/wp-json\/wp\/v2\/posts\/22874\/revisions"}],"predecessor-version":[{"id":22918,"href":"https:\/\/ciencia.ufpr.br\/portal\/wp-json\/wp\/v2\/posts\/22874\/revisions\/22918"}],"wp:featuredmedia":[{"embeddable":true,"href":"https:\/\/ciencia.ufpr.br\/portal\/wp-json\/wp\/v2\/media\/24944"}],"wp:attachment":[{"href":"https:\/\/ciencia.ufpr.br\/portal\/wp-json\/wp\/v2\/media?parent=22874"}],"wp:term":[{"taxonomy":"category","embeddable":true,"href":"https:\/\/ciencia.ufpr.br\/portal\/wp-json\/wp\/v2\/categories?post=22874"},{"taxonomy":"post_tag","embeddable":true,"href":"https:\/\/ciencia.ufpr.br\/portal\/wp-json\/wp\/v2\/tags?post=22874"}],"curies":[{"name":"wp","href":"https:\/\/api.w.org\/{rel}","templated":true}]}}