{"id":22718,"date":"2022-10-20T17:54:10","date_gmt":"2022-10-20T20:54:10","guid":{"rendered":"https:\/\/ciencia.ufpr.br\/portal\/?p=22718"},"modified":"2022-10-21T17:48:58","modified_gmt":"2022-10-21T20:48:58","slug":"ultimos-dias-para-participar-da-selecao-25-mulheres-na-ciencia-da-3m","status":"publish","type":"post","link":"https:\/\/ciencia.ufpr.br\/portal\/ultimos-dias-para-participar-da-selecao-25-mulheres-na-ciencia-da-3m\/","title":{"rendered":"\u00daltimos dias para participar da sele\u00e7\u00e3o 25 Mulheres na Ci\u00eancia &#8211; Am\u00e9rica Latina"},"content":{"rendered":"<p>A 3M lan\u00e7ou a 3\u00aa edi\u00e7\u00e3o do programa 25 Mulheres na Ci\u00eancia, os interessados devem acessar <a href=\"https:\/\/curiosidad.3m.com\/blog\/pt\/25-mulheres-na-ciencia\/\">o site da iniciativa<\/a> para se inscrever. Os projetos selecionados receber\u00e3o suporte da empresa, especialmente na \u00e1rea de comunica\u00e7\u00e3o.<\/p>\n<p>Segundo os organizadores, o objetivo do programa \u00e9 dar visibilidade e amplificar \u00e0s hist\u00f3rias e projetos mais inspiradores para as novas gera\u00e7\u00f5es de mulheres que, de acordo com os resultados do SOSI (\u00cdndice do Estado da Ci\u00eancia) tendem a ser pouco incentivadas no desenvolvimento educacional baseado na filosofia STEM (Ci\u00eancia, Tecnologia, Engenharia e Matem\u00e1tica). Neste sentido, as candidatas e projetos que ser\u00e3o relevantes s\u00e3o aqueles que, devido \u00e0s suas caracter\u00edsticas, resolvem e melhoram aspectos concretos na Am\u00e9rica Latina de forma direta ou indireta.<\/p>\n<h2>Requisitos para participar<\/h2>\n<p><a href=\"https:\/\/ciencia.ufpr.br\/portal\/wp-content\/uploads\/2022\/10\/306644068_6290032828627_8582860156859646195_n-2.jpg\"><img loading=\"lazy\" decoding=\"async\" class=\" wp-image-22723 alignright\" src=\"https:\/\/ciencia.ufpr.br\/portal\/wp-content\/uploads\/2022\/10\/306644068_6290032828627_8582860156859646195_n-2.jpg\" alt=\"\" width=\"395\" height=\"395\" srcset=\"https:\/\/ciencia.ufpr.br\/portal\/wp-content\/uploads\/2022\/10\/306644068_6290032828627_8582860156859646195_n-2.jpg 526w, https:\/\/ciencia.ufpr.br\/portal\/wp-content\/uploads\/2022\/10\/306644068_6290032828627_8582860156859646195_n-2-300x300.jpg 300w, https:\/\/ciencia.ufpr.br\/portal\/wp-content\/uploads\/2022\/10\/306644068_6290032828627_8582860156859646195_n-2-150x150.jpg 150w\" sizes=\"(max-width: 395px) 100vw, 395px\" \/><\/a>1. Ser mulher, maior de idade, nascida, educada e\/ou residente em um pa\u00eds latino-americano.<\/p>\n<p>2. Ser autora ou ter participado na lideran\u00e7a de pelo menos um projeto com no m\u00ednimo um prot\u00f3tipo\/piloto de teste da ideia de inova\u00e7\u00e3o cient\u00edfica baseada nas \u00e1reas de STEM (Ci\u00eancia, Tecnologia, Engenharia e Matem\u00e1tica). \u00c9 essencial ter\u00a0 documenta\u00e7\u00e3o que valide a propriedade intelectual e\/ou a f\u00e9 institucional da participa\u00e7\u00e3o no projeto com o qual voc\u00ea est\u00e1 se candidatando.<\/p>\n<p>3. Para serem consideradas nesta lista, suas carreiras e\/ou projetos devem se encaixar numa das categorias seguintes:<\/p>\n<p>\u2022 Ci\u00eancias da Natureza: Estudos relacionados \u00e0 vida das plantas. Agricultura, agronomia, horticultura, silvicultura, taxonomia, fisiologia vegetal, gen\u00e9tica vegetal, hidroponia etc.<\/p>\n<p>\u2022 Ci\u00eancias Biol\u00f3gicas: Estudos relacionados \u00e0 vida dos animais. Ornitologia, Ictiologia, herpetologia, entomologia, fisiologia celular, ritmos circadianos, citologia, neurofisiologia etc.<\/p>\n<p>\u2022 Bioqu\u00edmica: Qu\u00edmica dos processos dos seres vivos e estudos para compreender a vida a n\u00edvel celular e molecular. Mecanismos de biologia molecular e gen\u00e9tica, enzimas, fotoss\u00edntese, qu\u00edmica do sangue, qu\u00edmica de prote\u00ednas, qu\u00edmica de alimentos etc.<\/p>\n<p>\u2022 Biologia computacional e bioinform\u00e1tica: Estudos focados na disciplina e nas t\u00e9cnicas da inform\u00e1tica em rela\u00e7\u00e3o aos sistemas<br \/>\nbiol\u00f3gicos. Inclui o desenvolvimento e a aplica\u00e7\u00e3o de m\u00e9todos de an\u00e1lise de dados e metodologia te\u00f3rica, modelagem matem\u00e1tica e simula\u00e7\u00e3o computacional para o estudo de sistemas biol\u00f3gicos em todos os n\u00edveis.<\/p>\n<p>\u2022 Ci\u00eancia Inform\u00e1tica\/Computacional: Estudo e desenvolvimento de hardware, engenharia de software, redes de comunica\u00e7\u00e3o e internet, computa\u00e7\u00e3o gr\u00e1fica, simula\u00e7\u00e3o\/realidade virtual, criptologia etc.<\/p>\n<p>\u2022 Ci\u00eancias Ambientais: Estudo da ecologia, sustentabilidade, clima e impactos humanos, incluindo a polui\u00e7\u00e3o ambiental e seu controle ou remedia\u00e7\u00e3o.<\/p>\n<p>\u2022 Ci\u00eancias da Terra e Planet\u00e1rias: Geologia, mineralogia, fisiografia, hidrologia, meteorologia, oceanografia, vulcanologia,<br \/>\ngeomagnetismo, sismologia etc.<\/p>\n<p>\u2022 Gen\u00f4micas: Estudos sobre a natureza do DNA e estudos de sequenciamento, an\u00e1lise filogen\u00e9tica do DNA e outras biomol\u00e9culas, an\u00e1lise do genoma, evolu\u00e7\u00e3o molecular etc.<\/p>\n<p>\u2022 Ci\u00eancia de Materiais: A estrutura, propriedades de engenharia, processamento e uso inovador de metais\/ligas, pol\u00edmeros, cer\u00e2mica, vidros, materiais eletr\u00f4nicos, materiais biom\u00e9dicos, comp\u00f3sitos e outros materiais inovadores que variam de escalas at\u00f4micas a macrosc\u00f3picas.<\/p>\n<p>\u2022 Matem\u00e1ticas: Desenvolvimento de sistemas l\u00f3gicos formais ou c\u00e1lculos num\u00e9ricos ou alg\u00e9bricos e a aplica\u00e7\u00e3o destes princ\u00edpios &#8211; c\u00e1lculo, geometria, \u00e1lgebra abstrata, teoria dos n\u00fameros, estat\u00edstica, an\u00e1lise complexa, probabilidade etc.<\/p>\n<p>\u2022 Medicina e Ci\u00eancias da Sa\u00fade: Estudo das doen\u00e7as e da sa\u00fade humana e animal. Farmacologia, fisiologia, patologia, oftalmologia, oncologia, cardiologia, endocrinologia, dermatologia, nutri\u00e7\u00e3o etc.<\/p>\n<p>\u2022 Neuroci\u00eancia: Estudo da base neural dos processos cognitivos, incluindo aprendizagem e mem\u00f3ria, linguagem e pensamento,<br \/>\npercep\u00e7\u00e3o, aten\u00e7\u00e3o e efeito. Investiga o c\u00e9rebro humano desde a organiza\u00e7\u00e3o em larga escala dos sistemas cerebrais at\u00e9 a<br \/>\ncomposi\u00e7\u00e3o e processos neuroqu\u00edmicos a n\u00edvel microsc\u00f3pico.<\/p>\n<p>\u2022 Engenharia: Tecnologia; projetos que aplicam diretamente princ\u00edpios cient\u00edficos a usos pr\u00e1ticos. Civil, mec\u00e2nico, aeron\u00e1utico, qu\u00edmico, el\u00e9trico, eletr\u00f4nico, \u00e1udio, automotivo, mar\u00edtimo, aquecimento ou resfriamento, transporte, engenharia ambiental etc.<\/p>\n<p>\u2022 Qu\u00edmica: Estudo da natureza e composi\u00e7\u00e3o da mat\u00e9ria e das leis que a regem. F\u00edsico-qu\u00edmica, qu\u00edmica org\u00e2nica (exceto bioqu\u00edmica), qu\u00edmica inorg\u00e2nica, pl\u00e1sticos, combust\u00edveis, pesticidas, metalurgia, qu\u00edmica do solo etc.<\/p>\n","protected":false},"excerpt":{"rendered":"<p>A 3M lan\u00e7ou a 3\u00aa edi\u00e7\u00e3o do programa 25 Mulheres na Ci\u00eancia, os interessados devem acessar o site da iniciativa&#8230;<\/p>\n","protected":false},"author":2801,"featured_media":22724,"comment_status":"open","ping_status":"closed","sticky":false,"template":"","format":"standard","meta":{"_acf_changed":false,"footnotes":"","fifu_image_url":"","fifu_image_alt":"","_jetpack_memberships_contains_paid_content":false},"categories":[1144,1145],"tags":[1932],"acf":[],"yoast_head":"<!-- This site is optimized with the Yoast SEO plugin v23.5 - https:\/\/yoast.com\/wordpress\/plugins\/seo\/ -->\n<title>\u00daltimos dias para participar da sele\u00e7\u00e3o 25 Mulheres na Ci\u00eancia - Am\u00e9rica Latina - Ci\u00eancia UFPR<\/title>\n<meta name=\"robots\" content=\"index, follow, max-snippet:-1, max-image-preview:large, max-video-preview:-1\" \/>\n<link rel=\"canonical\" href=\"https:\/\/ciencia.ufpr.br\/portal\/ultimos-dias-para-participar-da-selecao-25-mulheres-na-ciencia-da-3m\/\" \/>\n<meta property=\"og:locale\" content=\"pt_BR\" \/>\n<meta property=\"og:type\" content=\"article\" \/>\n<meta property=\"og:title\" content=\"\u00daltimos dias para participar da sele\u00e7\u00e3o 25 Mulheres na Ci\u00eancia - Am\u00e9rica Latina - Ci\u00eancia UFPR\" \/>\n<meta property=\"og:description\" content=\"A 3M lan\u00e7ou a 3\u00aa edi\u00e7\u00e3o do programa 25 Mulheres na Ci\u00eancia, os interessados devem acessar o site da iniciativa...\" \/>\n<meta property=\"og:url\" content=\"https:\/\/ciencia.ufpr.br\/portal\/ultimos-dias-para-participar-da-selecao-25-mulheres-na-ciencia-da-3m\/\" \/>\n<meta property=\"og:site_name\" content=\"Ci\u00eancia UFPR\" \/>\n<meta property=\"article:publisher\" content=\"https:\/\/www.facebook.com\/cienciaufproficial\" \/>\n<meta property=\"article:author\" content=\"https:\/\/facebook.com\/cienciaufproficial\/\" \/>\n<meta property=\"article:published_time\" content=\"2022-10-20T20:54:10+00:00\" \/>\n<meta property=\"article:modified_time\" content=\"2022-10-21T20:48:58+00:00\" \/>\n<meta property=\"og:image\" content=\"https:\/\/ciencia.ufpr.br\/portal\/wp-content\/uploads\/2022\/10\/306644068_6290032828627_8582860156859646195_n-3.jpg\" \/>\n\t<meta property=\"og:image:width\" content=\"1280\" \/>\n\t<meta property=\"og:image:height\" content=\"720\" \/>\n\t<meta property=\"og:image:type\" content=\"image\/jpeg\" \/>\n<meta name=\"author\" content=\"Revista Ci\u00eancia UFPR\" \/>\n<meta name=\"twitter:card\" content=\"summary_large_image\" \/>\n<meta name=\"twitter:creator\" content=\"@cienciaufpr\" \/>\n<meta name=\"twitter:site\" content=\"@cienciaufpr\" \/>\n<meta name=\"twitter:label1\" content=\"Escrito por\" \/>\n\t<meta name=\"twitter:data1\" content=\"Revista Ci\u00eancia UFPR\" \/>\n\t<meta name=\"twitter:label2\" content=\"Est. tempo de leitura\" \/>\n\t<meta name=\"twitter:data2\" content=\"4 minutos\" \/>\n<script type=\"application\/ld+json\" class=\"yoast-schema-graph\">{\"@context\":\"https:\/\/schema.org\",\"@graph\":[{\"@type\":\"Article\",\"@id\":\"https:\/\/ciencia.ufpr.br\/portal\/ultimos-dias-para-participar-da-selecao-25-mulheres-na-ciencia-da-3m\/#article\",\"isPartOf\":{\"@id\":\"https:\/\/ciencia.ufpr.br\/portal\/ultimos-dias-para-participar-da-selecao-25-mulheres-na-ciencia-da-3m\/\"},\"author\":{\"name\":\"Revista Ci\u00eancia UFPR\",\"@id\":\"https:\/\/ciencia.ufpr.br\/portal\/#\/schema\/person\/667496d81ec02b6172c2caededef2737\"},\"headline\":\"\u00daltimos dias para participar da sele\u00e7\u00e3o 25 Mulheres na Ci\u00eancia &#8211; Am\u00e9rica Latina\",\"datePublished\":\"2022-10-20T20:54:10+00:00\",\"dateModified\":\"2022-10-21T20:48:58+00:00\",\"mainEntityOfPage\":{\"@id\":\"https:\/\/ciencia.ufpr.br\/portal\/ultimos-dias-para-participar-da-selecao-25-mulheres-na-ciencia-da-3m\/\"},\"wordCount\":732,\"commentCount\":0,\"publisher\":{\"@id\":\"https:\/\/ciencia.ufpr.br\/portal\/#organization\"},\"image\":{\"@id\":\"https:\/\/ciencia.ufpr.br\/portal\/ultimos-dias-para-participar-da-selecao-25-mulheres-na-ciencia-da-3m\/#primaryimage\"},\"thumbnailUrl\":\"https:\/\/ciencia.ufpr.br\/portal\/wp-content\/uploads\/2022\/10\/306644068_6290032828627_8582860156859646195_n-3.jpg\",\"keywords\":[\"Para Mulheres Na Ci\u00eancia\"],\"articleSection\":[\"Agenda\",\"Chamadas\"],\"inLanguage\":\"pt-BR\",\"potentialAction\":[{\"@type\":\"CommentAction\",\"name\":\"Comment\",\"target\":[\"https:\/\/ciencia.ufpr.br\/portal\/ultimos-dias-para-participar-da-selecao-25-mulheres-na-ciencia-da-3m\/#respond\"]}]},{\"@type\":\"WebPage\",\"@id\":\"https:\/\/ciencia.ufpr.br\/portal\/ultimos-dias-para-participar-da-selecao-25-mulheres-na-ciencia-da-3m\/\",\"url\":\"https:\/\/ciencia.ufpr.br\/portal\/ultimos-dias-para-participar-da-selecao-25-mulheres-na-ciencia-da-3m\/\",\"name\":\"\u00daltimos dias para participar da sele\u00e7\u00e3o 25 Mulheres na Ci\u00eancia - Am\u00e9rica Latina - Ci\u00eancia UFPR\",\"isPartOf\":{\"@id\":\"https:\/\/ciencia.ufpr.br\/portal\/#website\"},\"primaryImageOfPage\":{\"@id\":\"https:\/\/ciencia.ufpr.br\/portal\/ultimos-dias-para-participar-da-selecao-25-mulheres-na-ciencia-da-3m\/#primaryimage\"},\"image\":{\"@id\":\"https:\/\/ciencia.ufpr.br\/portal\/ultimos-dias-para-participar-da-selecao-25-mulheres-na-ciencia-da-3m\/#primaryimage\"},\"thumbnailUrl\":\"https:\/\/ciencia.ufpr.br\/portal\/wp-content\/uploads\/2022\/10\/306644068_6290032828627_8582860156859646195_n-3.jpg\",\"datePublished\":\"2022-10-20T20:54:10+00:00\",\"dateModified\":\"2022-10-21T20:48:58+00:00\",\"breadcrumb\":{\"@id\":\"https:\/\/ciencia.ufpr.br\/portal\/ultimos-dias-para-participar-da-selecao-25-mulheres-na-ciencia-da-3m\/#breadcrumb\"},\"inLanguage\":\"pt-BR\",\"potentialAction\":[{\"@type\":\"ReadAction\",\"target\":[\"https:\/\/ciencia.ufpr.br\/portal\/ultimos-dias-para-participar-da-selecao-25-mulheres-na-ciencia-da-3m\/\"]}]},{\"@type\":\"ImageObject\",\"inLanguage\":\"pt-BR\",\"@id\":\"https:\/\/ciencia.ufpr.br\/portal\/ultimos-dias-para-participar-da-selecao-25-mulheres-na-ciencia-da-3m\/#primaryimage\",\"url\":\"https:\/\/ciencia.ufpr.br\/portal\/wp-content\/uploads\/2022\/10\/306644068_6290032828627_8582860156859646195_n-3.jpg\",\"contentUrl\":\"https:\/\/ciencia.ufpr.br\/portal\/wp-content\/uploads\/2022\/10\/306644068_6290032828627_8582860156859646195_n-3.jpg\",\"width\":1280,\"height\":720},{\"@type\":\"BreadcrumbList\",\"@id\":\"https:\/\/ciencia.ufpr.br\/portal\/ultimos-dias-para-participar-da-selecao-25-mulheres-na-ciencia-da-3m\/#breadcrumb\",\"itemListElement\":[{\"@type\":\"ListItem\",\"position\":1,\"name\":\"Home\",\"item\":\"https:\/\/ciencia.ufpr.br\/portal\/\"},{\"@type\":\"ListItem\",\"position\":2,\"name\":\"\u00daltimos dias para participar da sele\u00e7\u00e3o 25 Mulheres na Ci\u00eancia &#8211; Am\u00e9rica Latina\"}]},{\"@type\":\"WebSite\",\"@id\":\"https:\/\/ciencia.ufpr.br\/portal\/#website\",\"url\":\"https:\/\/ciencia.ufpr.br\/portal\/\",\"name\":\"Ci\u00eancia UFPR\",\"description\":\"Site de temas cient\u00edficos com foco no conhecimento produzido na Universidade Federal do Paran\u00e1 (UFPR). Baseado na Revista Ci\u00eancia UFPR.\",\"publisher\":{\"@id\":\"https:\/\/ciencia.ufpr.br\/portal\/#organization\"},\"potentialAction\":[{\"@type\":\"SearchAction\",\"target\":{\"@type\":\"EntryPoint\",\"urlTemplate\":\"https:\/\/ciencia.ufpr.br\/portal\/?s={search_term_string}\"},\"query-input\":{\"@type\":\"PropertyValueSpecification\",\"valueRequired\":true,\"valueName\":\"search_term_string\"}}],\"inLanguage\":\"pt-BR\"},{\"@type\":\"Organization\",\"@id\":\"https:\/\/ciencia.ufpr.br\/portal\/#organization\",\"name\":\"Revista Ci\u00eancia UFPR\",\"url\":\"https:\/\/ciencia.ufpr.br\/portal\/\",\"logo\":{\"@type\":\"ImageObject\",\"inLanguage\":\"pt-BR\",\"@id\":\"https:\/\/ciencia.ufpr.br\/portal\/#\/schema\/logo\/image\/\",\"url\":\"https:\/\/ciencia.ufpr.br\/portal\/wp-content\/uploads\/2020\/12\/Revista-Ciencia-UFPR-vermelho.jpeg\",\"contentUrl\":\"https:\/\/ciencia.ufpr.br\/portal\/wp-content\/uploads\/2020\/12\/Revista-Ciencia-UFPR-vermelho.jpeg\",\"width\":992,\"height\":714,\"caption\":\"Revista Ci\u00eancia UFPR\"},\"image\":{\"@id\":\"https:\/\/ciencia.ufpr.br\/portal\/#\/schema\/logo\/image\/\"},\"sameAs\":[\"https:\/\/www.facebook.com\/cienciaufproficial\",\"https:\/\/x.com\/cienciaufpr\",\"https:\/\/www.instagram.com\/revistacienciaufpr\/\",\"https:\/\/www.linkedin.com\/company\/cienciaufproficial\",\"https:\/\/br.pinterest.com\/cienciaufpr\/\"]},{\"@type\":\"Person\",\"@id\":\"https:\/\/ciencia.ufpr.br\/portal\/#\/schema\/person\/667496d81ec02b6172c2caededef2737\",\"name\":\"Revista Ci\u00eancia UFPR\",\"description\":\"Site de jornalismo e divulga\u00e7\u00e3o cient\u00edficos sobre o conhecimento produzido na Universidade Federal do Paran\u00e1 (UFPR). Baseado na Revista Ci\u00eancia UFPR, editada pela Superintend\u00eancia de Comunica\u00e7\u00e3o (Sucom) desde 2016.\",\"sameAs\":[\"https:\/\/ciencia.ufpr.br\/portal\/\",\"https:\/\/facebook.com\/cienciaufproficial\/\",\"https:\/\/www.instagram.com\/revistacienciaufpr\/\",\"https:\/\/br.pinterest.com\/cienciaufpr\/\",\"https:\/\/x.com\/cienciaufpr\",\"https:\/\/soundcloud.com\/revista-ciencia-ufpr\"],\"url\":\"https:\/\/ciencia.ufpr.br\/portal\/author\/revistaciencia\/\"}]}<\/script>\n<!-- \/ Yoast SEO plugin. -->","yoast_head_json":{"title":"\u00daltimos dias para participar da sele\u00e7\u00e3o 25 Mulheres na Ci\u00eancia - Am\u00e9rica Latina - Ci\u00eancia UFPR","robots":{"index":"index","follow":"follow","max-snippet":"max-snippet:-1","max-image-preview":"max-image-preview:large","max-video-preview":"max-video-preview:-1"},"canonical":"https:\/\/ciencia.ufpr.br\/portal\/ultimos-dias-para-participar-da-selecao-25-mulheres-na-ciencia-da-3m\/","og_locale":"pt_BR","og_type":"article","og_title":"\u00daltimos dias para participar da sele\u00e7\u00e3o 25 Mulheres na Ci\u00eancia - Am\u00e9rica Latina - Ci\u00eancia UFPR","og_description":"A 3M lan\u00e7ou a 3\u00aa edi\u00e7\u00e3o do programa 25 Mulheres na Ci\u00eancia, os interessados devem acessar o site da iniciativa...","og_url":"https:\/\/ciencia.ufpr.br\/portal\/ultimos-dias-para-participar-da-selecao-25-mulheres-na-ciencia-da-3m\/","og_site_name":"Ci\u00eancia UFPR","article_publisher":"https:\/\/www.facebook.com\/cienciaufproficial","article_author":"https:\/\/facebook.com\/cienciaufproficial\/","article_published_time":"2022-10-20T20:54:10+00:00","article_modified_time":"2022-10-21T20:48:58+00:00","og_image":[{"width":1280,"height":720,"url":"https:\/\/ciencia.ufpr.br\/portal\/wp-content\/uploads\/2022\/10\/306644068_6290032828627_8582860156859646195_n-3.jpg","type":"image\/jpeg"}],"author":"Revista Ci\u00eancia UFPR","twitter_card":"summary_large_image","twitter_creator":"@cienciaufpr","twitter_site":"@cienciaufpr","twitter_misc":{"Escrito por":"Revista Ci\u00eancia UFPR","Est. tempo de leitura":"4 minutos"},"schema":{"@context":"https:\/\/schema.org","@graph":[{"@type":"Article","@id":"https:\/\/ciencia.ufpr.br\/portal\/ultimos-dias-para-participar-da-selecao-25-mulheres-na-ciencia-da-3m\/#article","isPartOf":{"@id":"https:\/\/ciencia.ufpr.br\/portal\/ultimos-dias-para-participar-da-selecao-25-mulheres-na-ciencia-da-3m\/"},"author":{"name":"Revista Ci\u00eancia UFPR","@id":"https:\/\/ciencia.ufpr.br\/portal\/#\/schema\/person\/667496d81ec02b6172c2caededef2737"},"headline":"\u00daltimos dias para participar da sele\u00e7\u00e3o 25 Mulheres na Ci\u00eancia &#8211; Am\u00e9rica Latina","datePublished":"2022-10-20T20:54:10+00:00","dateModified":"2022-10-21T20:48:58+00:00","mainEntityOfPage":{"@id":"https:\/\/ciencia.ufpr.br\/portal\/ultimos-dias-para-participar-da-selecao-25-mulheres-na-ciencia-da-3m\/"},"wordCount":732,"commentCount":0,"publisher":{"@id":"https:\/\/ciencia.ufpr.br\/portal\/#organization"},"image":{"@id":"https:\/\/ciencia.ufpr.br\/portal\/ultimos-dias-para-participar-da-selecao-25-mulheres-na-ciencia-da-3m\/#primaryimage"},"thumbnailUrl":"https:\/\/ciencia.ufpr.br\/portal\/wp-content\/uploads\/2022\/10\/306644068_6290032828627_8582860156859646195_n-3.jpg","keywords":["Para Mulheres Na Ci\u00eancia"],"articleSection":["Agenda","Chamadas"],"inLanguage":"pt-BR","potentialAction":[{"@type":"CommentAction","name":"Comment","target":["https:\/\/ciencia.ufpr.br\/portal\/ultimos-dias-para-participar-da-selecao-25-mulheres-na-ciencia-da-3m\/#respond"]}]},{"@type":"WebPage","@id":"https:\/\/ciencia.ufpr.br\/portal\/ultimos-dias-para-participar-da-selecao-25-mulheres-na-ciencia-da-3m\/","url":"https:\/\/ciencia.ufpr.br\/portal\/ultimos-dias-para-participar-da-selecao-25-mulheres-na-ciencia-da-3m\/","name":"\u00daltimos dias para participar da sele\u00e7\u00e3o 25 Mulheres na Ci\u00eancia - Am\u00e9rica Latina - Ci\u00eancia UFPR","isPartOf":{"@id":"https:\/\/ciencia.ufpr.br\/portal\/#website"},"primaryImageOfPage":{"@id":"https:\/\/ciencia.ufpr.br\/portal\/ultimos-dias-para-participar-da-selecao-25-mulheres-na-ciencia-da-3m\/#primaryimage"},"image":{"@id":"https:\/\/ciencia.ufpr.br\/portal\/ultimos-dias-para-participar-da-selecao-25-mulheres-na-ciencia-da-3m\/#primaryimage"},"thumbnailUrl":"https:\/\/ciencia.ufpr.br\/portal\/wp-content\/uploads\/2022\/10\/306644068_6290032828627_8582860156859646195_n-3.jpg","datePublished":"2022-10-20T20:54:10+00:00","dateModified":"2022-10-21T20:48:58+00:00","breadcrumb":{"@id":"https:\/\/ciencia.ufpr.br\/portal\/ultimos-dias-para-participar-da-selecao-25-mulheres-na-ciencia-da-3m\/#breadcrumb"},"inLanguage":"pt-BR","potentialAction":[{"@type":"ReadAction","target":["https:\/\/ciencia.ufpr.br\/portal\/ultimos-dias-para-participar-da-selecao-25-mulheres-na-ciencia-da-3m\/"]}]},{"@type":"ImageObject","inLanguage":"pt-BR","@id":"https:\/\/ciencia.ufpr.br\/portal\/ultimos-dias-para-participar-da-selecao-25-mulheres-na-ciencia-da-3m\/#primaryimage","url":"https:\/\/ciencia.ufpr.br\/portal\/wp-content\/uploads\/2022\/10\/306644068_6290032828627_8582860156859646195_n-3.jpg","contentUrl":"https:\/\/ciencia.ufpr.br\/portal\/wp-content\/uploads\/2022\/10\/306644068_6290032828627_8582860156859646195_n-3.jpg","width":1280,"height":720},{"@type":"BreadcrumbList","@id":"https:\/\/ciencia.ufpr.br\/portal\/ultimos-dias-para-participar-da-selecao-25-mulheres-na-ciencia-da-3m\/#breadcrumb","itemListElement":[{"@type":"ListItem","position":1,"name":"Home","item":"https:\/\/ciencia.ufpr.br\/portal\/"},{"@type":"ListItem","position":2,"name":"\u00daltimos dias para participar da sele\u00e7\u00e3o 25 Mulheres na Ci\u00eancia &#8211; Am\u00e9rica Latina"}]},{"@type":"WebSite","@id":"https:\/\/ciencia.ufpr.br\/portal\/#website","url":"https:\/\/ciencia.ufpr.br\/portal\/","name":"Ci\u00eancia UFPR","description":"Site de temas cient\u00edficos com foco no conhecimento produzido na Universidade Federal do Paran\u00e1 (UFPR). Baseado na Revista Ci\u00eancia UFPR.","publisher":{"@id":"https:\/\/ciencia.ufpr.br\/portal\/#organization"},"potentialAction":[{"@type":"SearchAction","target":{"@type":"EntryPoint","urlTemplate":"https:\/\/ciencia.ufpr.br\/portal\/?s={search_term_string}"},"query-input":{"@type":"PropertyValueSpecification","valueRequired":true,"valueName":"search_term_string"}}],"inLanguage":"pt-BR"},{"@type":"Organization","@id":"https:\/\/ciencia.ufpr.br\/portal\/#organization","name":"Revista Ci\u00eancia UFPR","url":"https:\/\/ciencia.ufpr.br\/portal\/","logo":{"@type":"ImageObject","inLanguage":"pt-BR","@id":"https:\/\/ciencia.ufpr.br\/portal\/#\/schema\/logo\/image\/","url":"https:\/\/ciencia.ufpr.br\/portal\/wp-content\/uploads\/2020\/12\/Revista-Ciencia-UFPR-vermelho.jpeg","contentUrl":"https:\/\/ciencia.ufpr.br\/portal\/wp-content\/uploads\/2020\/12\/Revista-Ciencia-UFPR-vermelho.jpeg","width":992,"height":714,"caption":"Revista Ci\u00eancia UFPR"},"image":{"@id":"https:\/\/ciencia.ufpr.br\/portal\/#\/schema\/logo\/image\/"},"sameAs":["https:\/\/www.facebook.com\/cienciaufproficial","https:\/\/x.com\/cienciaufpr","https:\/\/www.instagram.com\/revistacienciaufpr\/","https:\/\/www.linkedin.com\/company\/cienciaufproficial","https:\/\/br.pinterest.com\/cienciaufpr\/"]},{"@type":"Person","@id":"https:\/\/ciencia.ufpr.br\/portal\/#\/schema\/person\/667496d81ec02b6172c2caededef2737","name":"Revista Ci\u00eancia UFPR","description":"Site de jornalismo e divulga\u00e7\u00e3o cient\u00edficos sobre o conhecimento produzido na Universidade Federal do Paran\u00e1 (UFPR). Baseado na Revista Ci\u00eancia UFPR, editada pela Superintend\u00eancia de Comunica\u00e7\u00e3o (Sucom) desde 2016.","sameAs":["https:\/\/ciencia.ufpr.br\/portal\/","https:\/\/facebook.com\/cienciaufproficial\/","https:\/\/www.instagram.com\/revistacienciaufpr\/","https:\/\/br.pinterest.com\/cienciaufpr\/","https:\/\/x.com\/cienciaufpr","https:\/\/soundcloud.com\/revista-ciencia-ufpr"],"url":"https:\/\/ciencia.ufpr.br\/portal\/author\/revistaciencia\/"}]}},"views":778,"jetpack_sharing_enabled":true,"jetpack_featured_media_url":"https:\/\/ciencia.ufpr.br\/portal\/wp-content\/uploads\/2022\/10\/306644068_6290032828627_8582860156859646195_n-3.jpg","_links":{"self":[{"href":"https:\/\/ciencia.ufpr.br\/portal\/wp-json\/wp\/v2\/posts\/22718"}],"collection":[{"href":"https:\/\/ciencia.ufpr.br\/portal\/wp-json\/wp\/v2\/posts"}],"about":[{"href":"https:\/\/ciencia.ufpr.br\/portal\/wp-json\/wp\/v2\/types\/post"}],"author":[{"embeddable":true,"href":"https:\/\/ciencia.ufpr.br\/portal\/wp-json\/wp\/v2\/users\/2801"}],"replies":[{"embeddable":true,"href":"https:\/\/ciencia.ufpr.br\/portal\/wp-json\/wp\/v2\/comments?post=22718"}],"version-history":[{"count":4,"href":"https:\/\/ciencia.ufpr.br\/portal\/wp-json\/wp\/v2\/posts\/22718\/revisions"}],"predecessor-version":[{"id":22726,"href":"https:\/\/ciencia.ufpr.br\/portal\/wp-json\/wp\/v2\/posts\/22718\/revisions\/22726"}],"wp:featuredmedia":[{"embeddable":true,"href":"https:\/\/ciencia.ufpr.br\/portal\/wp-json\/wp\/v2\/media\/22724"}],"wp:attachment":[{"href":"https:\/\/ciencia.ufpr.br\/portal\/wp-json\/wp\/v2\/media?parent=22718"}],"wp:term":[{"taxonomy":"category","embeddable":true,"href":"https:\/\/ciencia.ufpr.br\/portal\/wp-json\/wp\/v2\/categories?post=22718"},{"taxonomy":"post_tag","embeddable":true,"href":"https:\/\/ciencia.ufpr.br\/portal\/wp-json\/wp\/v2\/tags?post=22718"}],"curies":[{"name":"wp","href":"https:\/\/api.w.org\/{rel}","templated":true}]}}