{"id":21695,"date":"2026-04-10T08:22:15","date_gmt":"2026-04-10T11:22:15","guid":{"rendered":"https:\/\/ciencia.ufpr.br\/portal\/?p=21695"},"modified":"2026-04-23T17:45:54","modified_gmt":"2026-04-23T20:45:54","slug":"%f0%9f%8c%8e-o-alerta-da-ra-cachorro-sobre-agrotoxicos-a-base-de-glifosato","status":"publish","type":"post","link":"https:\/\/ciencia.ufpr.br\/portal\/%f0%9f%8c%8e-o-alerta-da-ra-cachorro-sobre-agrotoxicos-a-base-de-glifosato\/","title":{"rendered":"\ud83c\udf0e O alerta da r\u00e3-cachorro sobre agrot\u00f3xicos \u00e0 base de glifosato"},"content":{"rendered":"<h2><a href=\"https:\/\/ciencia.ufpr.br\/portal\/editoria\/especiais\/ponte-ciencia\/\"><img loading=\"lazy\" decoding=\"async\" class=\"alignleft wp-image-23592\" src=\"https:\/\/ciencia.ufpr.br\/portal\/wp-content\/uploads\/2022\/04\/7-scaled-e1690395714743-300x167.jpg\" alt=\"\" width=\"100\" height=\"56\" srcset=\"https:\/\/ciencia.ufpr.br\/portal\/wp-content\/uploads\/2022\/04\/7-scaled-e1690395714743-300x167.jpg 300w, https:\/\/ciencia.ufpr.br\/portal\/wp-content\/uploads\/2022\/04\/7-scaled-e1690395714743-1024x571.jpg 1024w, https:\/\/ciencia.ufpr.br\/portal\/wp-content\/uploads\/2022\/04\/7-scaled-e1690395714743-768x428.jpg 768w, https:\/\/ciencia.ufpr.br\/portal\/wp-content\/uploads\/2022\/04\/7-scaled-e1690395714743-1536x856.jpg 1536w, https:\/\/ciencia.ufpr.br\/portal\/wp-content\/uploads\/2022\/04\/7-scaled-e1690395714743-2048x1142.jpg 2048w, https:\/\/ciencia.ufpr.br\/portal\/wp-content\/uploads\/2022\/04\/7-scaled-e1690395714743-150x84.jpg 150w\" sizes=\"(max-width: 100px) 100vw, 100px\" \/><\/a><\/h2>\n<h6>Errata: O conte\u00fado abaixo foi alterado \u00e0s 12h52 de 18\/4\/26 para corre\u00e7\u00e3o de informa\u00e7\u00e3o incorreta no segundo gr\u00e1fico, que traz uma linha do tempo sobre as normativas que tratam de glifosato.<\/h6>\n<p>H\u00e1 quest\u00f5es na vida que s\u00e3o falsas dicotomias. Um exemplo \u00e9 a ideia de que se n\u00e3o aumentarmos a \u00e1rea plantada, n\u00e3o haver\u00e1 alimentos para todos. Ou ainda, a de que se n\u00e3o se usar agrot\u00f3xico, n\u00e3o h\u00e1 como produzir alimentos em grande quantidade. S\u00e3o pol\u00eamicas infundadas porque \u00e9 poss\u00edvel ter uma \u00e1rea plantada grande, diversificada e saud\u00e1vel, com uso de menos insumos. Mas isso implicaria a mudan\u00e7a da l\u00f3gica dominante de plantio, a l\u00f3gica do agroneg\u00f3cio.<\/p>\n<p><a href=\"https:\/\/ciencia.ufpr.br\/portal\/wp-content\/uploads\/2026\/04\/Physalaemus-cuvieri-frente.-Foto-herpeto.org_-e1775836074746.jpg\"><img loading=\"lazy\" decoding=\"async\" class=\"alignleft\" style=\"float: left;margin-right: 15px;width: 130px;height: auto\" src=\"https:\/\/ciencia.ufpr.br\/portal\/wp-content\/uploads\/2026\/04\/Physalaemus-cuvieri-frente.-Foto-herpeto.org_-e1775836074746.jpg\" alt=\"\" width=\"130\" height=\"98\" \/><\/a>Esse modelo, que recebe fartos incentivos fiscais, privilegia a produ\u00e7\u00e3o de <em>commodities<\/em>, produtos de origem prim\u00e1ria, de baixo valor agregado e voltados para exporta\u00e7\u00e3o, al\u00e9m do aumento do capital privado em vez da preserva\u00e7\u00e3o da natureza e da seguran\u00e7a e soberania alimentar das popula\u00e7\u00f5es.<\/p>\n<p>A quest\u00e3o dos agrot\u00f3xicos \u00e9 particularmente sens\u00edvel porque afeta o sistema de produ\u00e7\u00e3o em todos os n\u00edveis e tem um peso econ\u00f4mico gigante com diversos interesses associados. O uso dos agrot\u00f3xicos tamb\u00e9m tem impacto na sa\u00fade humana e de uma diversidade de outros organismos. Ent\u00e3o, a equa\u00e7\u00e3o n\u00e3o \u00e9 simples.<\/p>\n<p><a href=\"https:\/\/ciencia.ufpr.br\/portal\/wp-content\/uploads\/2026\/04\/Physalaemus-cuvieri-perfil.-Foto-herpeto.org_-e1775836176826.jpg\"><img loading=\"lazy\" decoding=\"async\" class=\"alignright\" style=\"float: right;margin-left: 15px;width: 130px;height: auto\" src=\"https:\/\/ciencia.ufpr.br\/portal\/wp-content\/uploads\/2026\/04\/Physalaemus-cuvieri-perfil.-Foto-herpeto.org_-e1775836176826.jpg\" alt=\"\" width=\"130\" height=\"94\" \/><\/a>Os organismos vivos s\u00e3o bastante complexos e o grande desafio da qu\u00edmica, de f\u00e1rmacos ou agrot\u00f3xicos \u00e9 ser preciso quanto ao alvo de atua\u00e7\u00e3o de seus produtos. A ind\u00fastria dos agrot\u00f3xicos desenvolve produtos t\u00f3xicos e que potencialmente envolvem riscos aos organismos vivos e aos ambientes ao quais est\u00e3o associados.<\/p>\n<p>O alto incentivo ao aumento do uso de agrot\u00f3xicos denota que essa ind\u00fastria pouco considera tais efeitos nocivos. Estudos que avaliam a seguran\u00e7a dos agrot\u00f3xicos s\u00e3o de responsabilidade das pr\u00f3prias empresas desenvolvedoras, o que abre espa\u00e7o para a\u00e7\u00f5es que garantam seus interesses, como o ac\u00famulo de capital.<\/p>\n<p>Uma forma de evitar esse conflito de interesse seria um processo de controle externo, acompanhado e determinado pelo Estado. Entretanto, no Brasil, os grandes latifundi\u00e1rios e as multinacionais do agroneg\u00f3cio possuem um forte poder pol\u00edtico, tornando o pa\u00eds permissivo aos interesses desse setor.<\/p>\n<h5><strong>GALERIA <span style=\"color: #cf6777\">|<\/span><\/strong> Conhe\u00e7a a r\u00e3-cachorro, um anf\u00edbio que aproveita a \u00e1gua em diversos habitats<br \/>\n<\/h5>\n<p>\u00c9 claro que um exame do comportamento ecotoxicol\u00f3gico das subst\u00e2ncias sob todas as combina\u00e7\u00f5es poss\u00edveis de fatores influentes \u00e9 praticamente imposs\u00edvel e certamente invi\u00e1vel. Fato que demonstra que os estudos utilizados nos processos de avalia\u00e7\u00e3o de risco e libera\u00e7\u00e3o de uso s\u00e3o insuficientes, especialmente quando se tratam de subst\u00e2ncias utilizadas de maneira difusa, em grande escala.<\/p>\n<p>Mas, dentro desse contexto, o princ\u00edpio da precau\u00e7\u00e3o deveria prevalecer. Esse \u00e9 um princ\u00edpio moral e pol\u00edtico que determina que, se h\u00e1 d\u00favidas sobre uma a\u00e7\u00e3o que pode originar um dano socioambiental severo, \u00e9 recomend\u00e1vel que ela n\u00e3o ocorra. Nesse sentido, \u00e9 necess\u00e1rio mostrar os efeitos nocivos em diversos grupos de organismos e de ecossistemas, for\u00e7ando uma discuss\u00e3o ampla.<\/p>\n<h2>R\u00e3s-cachorro s\u00e3o vulner\u00e1veis \u00e0 contamina\u00e7\u00e3o da \u00e1gua<\/h2>\n<p>Como os organismos usualmente encontrados nos cultivos n\u00e3o se queixam, esse artigo tem por finalidade buscar ouvir as queixas de um deles, a r\u00e3-cachorro (<em>Physalaemus cuvieri<\/em>), sobre as a\u00e7\u00f5es de um herbicida com base de glifosato.<\/p>\n<p>Esse anf\u00edbio est\u00e1 amplamente distribu\u00eddo pela Am\u00e9rica do Sul e muito embora tenham popula\u00e7\u00f5es grandes e est\u00e1veis, encontra-se localmente amea\u00e7ado na Argentina, especialmente devido \u00e0 perda e contamina\u00e7\u00e3o de \u00e1reas de ocorr\u00eancia desta esp\u00e9cie pelo agroneg\u00f3cio.<\/p>\n<h5><strong>\u00c1UDIO <span style=\"color: #cf6777\">|<\/span><\/strong> Voc\u00ea com certeza j\u00e1 ouviu a r\u00e3-cachorro \ud83d\udc42\ud83c\udffd<\/h5>\n<!--[if lt IE 9]><script>document.createElement('audio');<\/script><![endif]-->\n<audio class=\"wp-audio-shortcode\" id=\"audio-21695-1\" preload=\"none\" style=\"width: 100%;\" controls=\"controls\"><source type=\"audio\/mpeg\" src=\"https:\/\/ciencia.ufpr.br\/portal\/wp-content\/uploads\/2026\/04\/O-nome-cientifico-desta-especie-e-Physalaemus-cuvieri_-mas-popularmente-e-chamada-de-ra-cachorro.mp3?_=1\" \/><a href=\"https:\/\/ciencia.ufpr.br\/portal\/wp-content\/uploads\/2026\/04\/O-nome-cientifico-desta-especie-e-Physalaemus-cuvieri_-mas-popularmente-e-chamada-de-ra-cachorro.mp3\">https:\/\/ciencia.ufpr.br\/portal\/wp-content\/uploads\/2026\/04\/O-nome-cientifico-desta-especie-e-Physalaemus-cuvieri_-mas-popularmente-e-chamada-de-ra-cachorro.mp3<\/a><\/audio>\n<h6 style=\"text-align: right\">Fonte: @herpetocapixaba\/Instagram<\/h6>\n<p>Os anf\u00edbios anuros (sapos, r\u00e3s e pererecas) s\u00e3o organismos com caracter\u00edsticas bem particulares. O grupo recebe esse nome por possuir duas fases em seu ciclo de vida, uma aqu\u00e1tica e outra terrestre. Os anf\u00edbios foram os primeiros animais vertebrados terrestres e sobreviveram \u00e0s grandes extin\u00e7\u00f5es, incluindo aquela que extinguiu os dinossauros.<\/p>\n<blockquote><p>Mesmo com essa hist\u00f3ria de sucesso, hoje \u00e9 o grupo de vertebrados com mais risco de desaparecer, com aproximadamente 41% das esp\u00e9cies amea\u00e7adas.<\/p><\/blockquote>\n<p>As <a href=\"https:\/\/ciencia.ufpr.br\/portal\/estudo-estima-que-16-mil-animais-morrem-por-ano-em-rodovia-de-curitiba\/\">atividades antropog\u00eanicas (aquelas derivadas das atividades humanas)<\/a> s\u00e3o respons\u00e1veis por uma grande parcela do desaparecimento populacional. E, dentre estas atividades, o agroneg\u00f3cio tem grande import\u00e2ncia, tanto pela expans\u00e3o da fronteira agr\u00edcola (redu\u00e7\u00e3o e fragmenta\u00e7\u00e3o das paisagens naturais) quanto pela utiliza\u00e7\u00e3o do controle qu\u00edmico nos plantios (contamina\u00e7\u00e3o).<\/p>\n<p>A contamina\u00e7\u00e3o por agrot\u00f3xicos talvez seja a mais agravante, uma vez que essas subst\u00e2ncias s\u00e3o formuladas para eliminar formas de vida e causam efeitos nocivos, que, nesse caso espec\u00edfico, podem passar despercebidos a grande parte das pessoas.<\/p>\n<p>Os anf\u00edbios anuros s\u00e3o particularmente suscept\u00edveis, justamente por possu\u00edrem uma fase aqu\u00e1tica e outra terrestre, o que aumenta a probabilidade de contamina\u00e7\u00e3o. Al\u00e9m disso, possuem a pele altamente perme\u00e1vel, o que facilita a absor\u00e7\u00e3o de diversas subst\u00e2ncias, incluindo os agrot\u00f3xicos.<\/p>\n<p>Considerando que as po\u00e7as dentro de cultivos ou no seu entorno t\u00eam pouco volume de \u00e1gua, os girinos nesses ambientes podem ser expostos a doses muito altas de agrot\u00f3xicos,\u00a0 que s\u00e3o prontamente absorvidas, como o observado no caso do glifosato. Uma vez absorvido, o glifosato e produtos formulados possuem como efeito final para os girinos, o aumento da mortalidade, dist\u00farbios no desenvolvimento, ou mesmo indu\u00e7\u00e3o de malforma\u00e7\u00f5es, o que levar\u00e1 a um menor sucesso reprodutivo do indiv\u00edduo adulto.<\/p>\n<p>Esses efeitos s\u00f3 ocorrem se o agrot\u00f3xico interferir nos processos naturais de forma\u00e7\u00e3o e manuten\u00e7\u00e3o do funcionamento do corpo dos organismos. Independentemente do efeito, a mensagem \u00e9 direta: um produto qu\u00edmico pode alterar vias metab\u00f3licas de um organismo de maneira danosa.<\/p>\n<h2>Glifo o qu\u00ea?<\/h2>\n<p>O glifosato \u00e9 o agrot\u00f3xico mais utilizado no Brasil e no mundo, e um dos mais controversos com rela\u00e7\u00e3o \u00e0s suas propriedades toxicol\u00f3gicas e ecotoxicol\u00f3gicas. O volume de glifosato aplicado em campo tem aumentado expressivamente e assimetricamente em rela\u00e7\u00e3o \u00e0 \u00e1rea plantada nos \u00faltimos anos, principalmente ap\u00f3s o desenvolvimento de cultivos transg\u00eanicos resistentes a esse herbicida.<\/p>\n<div class=\"flourish-embed flourish-chart\" data-src=\"visualisation\/28467962\"><img decoding=\"async\" src=\"https:\/\/public.flourish.studio\/visualisation\/28467962\/thumbnail\" width=\"100%\" alt=\"visualization\" \/><\/div>\n<p>At\u00e9 o momento, os dados n\u00e3o demonstraram haver uma correla\u00e7\u00e3o positiva entre o uso desse herbicida e o aumento da produtividade agr\u00edcola. Pelo contr\u00e1rio, em um per\u00edodo de 12 anos, o uso do glifosato por hectares aumentou 124%, enquanto a produtividade cresceu 9,5%.<\/p>\n<p>Existem ainda correla\u00e7\u00f5es positivas significativas em estudos epidemiol\u00f3gicos de casos de malforma\u00e7\u00e3o e abortos em humanos que est\u00e3o pr\u00f3ximos a \u00e1reas de aplica\u00e7\u00e3o de herbicidas a base de glifosato. Em adi\u00e7\u00e3o, estudos experimentais t\u00eam demonstrado efeitos de disrup\u00e7\u00e3o end\u00f3crina, tumores em mamas e danos nos rins e f\u00edgado.<\/p>\n<p>O glifosato n\u00e3o \u00e9 utilizado de forma isolada. Existem mais de 750 formula\u00e7\u00f5es comerciais, mas usamos no estudo o mais consumido em n\u00edvel mundial. Embora alguns desses efeitos t\u00f3xicol\u00f3gicos sejam exclusivos do princ\u00edpio ativo (o glifosato), ingredientes contidos nas formula\u00e7\u00f5es muitas vezes possuem tamb\u00e9m a sua pr\u00f3pria toxicidade.<\/p>\n<p>Desse modo, os estudos que avaliam exclusivamente o glifosato n\u00e3o garantem a seguran\u00e7a dos seus produtos formulados, como realizado muitas vezes pelas ag\u00eancias reguladoras. Res\u00edduos de glifosato j\u00e1 foram encontrados em amostras do ar, da \u00e1gua da chuva e do abastecimento p\u00fablico, nos alimentos, no sangue, urina e leite humano, em v\u00e1rias regi\u00f5es do mundo, incluindo o Brasil.<\/p>\n<div class=\"flourish-embed flourish-chart\" data-src=\"visualisation\/28468546\"><img decoding=\"async\" src=\"https:\/\/public.flourish.studio\/visualisation\/28468546\/thumbnail\" width=\"100%\" alt=\"visualization\" \/><\/div>\n<p>Embora os resultados na literatura cient\u00edfica independente (n\u00e3o vinculados \u00e0 ind\u00fastria de venenos) e da ci\u00eancia regulat\u00f3ria (oficial) sejam muitas vezes controversos, crescem as evid\u00eancias dos efeitos adversos do glifosato e seus produtos formulados sobre a sa\u00fade humana e de muitos outros organismos.<\/p>\n<p>Com base nessas evid\u00eancias, a Ag\u00eancia Internacional de Pesquisa sobre o C\u00e2ncer (IARC), \u00f3rg\u00e3o da Organiza\u00e7\u00e3o Mundial da Sa\u00fade (OMS), <a href=\"https:\/\/www.iarc.who.int\/featured-news\/media-centre-iarc-news-glyphosate\/\" target=\"_blank\" rel=\"noopener\">reclassificou o glifosato como prov\u00e1vel carcin\u00f3geno em humanos<\/a>. No Brasil, no entanto, ap\u00f3s ter permanecido ao longo de dez anos em reavalia\u00e7\u00e3o, o glifosato teve sua manuten\u00e7\u00e3o no mercado brasileiro mantida pela Ag\u00eancia Nacional de Vigil\u00e2ncia Sanit\u00e1ria, em 2019.<\/p>\n<p>Portanto, dada a escassez de estudos e as incertezas dos impactos desses pacotes tecnol\u00f3gicos sobre o conjunto de seres vivos e do ambiente ao qual est\u00e3o associados, torna-se necess\u00e1rio ampliar nossos conhecimentos sobre os efeitos destas subst\u00e2ncias. Com isso, espera-se fortalecer os debates e decis\u00f5es em torno da libera\u00e7\u00e3o de uso destas subst\u00e2ncias, com base em novas evid\u00eancias. Para abordar essa quest\u00e3o, pretendemos determinar o efeito do agrot\u00f3xico sobre atributos da hist\u00f3ria de vida e incid\u00eancia de malforma\u00e7\u00f5es em girinos de r\u00e3-cachorro.<\/p>\n<h2>Como fizemos nosso estudo?<\/h2>\n<p>Foi realizado um experimento de 12 dias, com o intuito de avaliar efeitos que possam aparecer ao longo do desenvolvimento das r\u00e3s, como malforma\u00e7\u00f5es e altera\u00e7\u00f5es da forma. Nesse experimento, repetido 5 vezes, foram utilizados tr\u00eas aqu\u00e1rios de vidro contendo as seguintes concentra\u00e7\u00f5es de glifosato:<\/p>\n<p>T1 = 0.28mg.L-1;<br \/>\nT 2 = 2.8mg.L-1;<br \/>\nT 3= 4mg.L-1.<\/p>\n<p>Al\u00e9m de um grupo controle negativo (CN), sem a exposi\u00e7\u00e3o ao agrot\u00f3xico, que possibilita analisar os poss\u00edveis desvios da normalidade. Essas dosagens representam concentra\u00e7\u00f5es ambientalmente relevantes, ou seja, poss\u00edveis de serem encontradas nos ambientes que esses organismos ocupam e onde se reproduzem.<\/p>\n<p>Para o estudo de malforma\u00e7\u00f5es e desenvolvimento, um total de 80 indiv\u00edduos foram analisados atrav\u00e9s da utiliza\u00e7\u00e3o de uma lupa e paqu\u00edmetro (instrumento utilizado para medi\u00e7\u00f5es). Em cada girino, foram avaliados quatro par\u00e2metros:<\/p>\n<p>1) Desenvolvimento;<br \/>\n2) Crescimento;<br \/>\n3) Morfologia do disco oral;<br \/>\n4) Pigmenta\u00e7\u00e3o.<\/p>\n<p>Esse par\u00e2metros foram escolhidos por possu\u00edrem impacto na sobreviv\u00eancia dos girinos e no sucesso reprodutivo dos adultos.<\/p>\n<h2>O que descobrimos?<\/h2>\n<p>O agrot\u00f3xico foi capaz de afetar igualmente as taxas de desenvolvimento e crescimento dos girinos, de forma que, quanto maior a dose, menor e mais novo era o girino. Ou seja, maior era o efeito do agrot\u00f3xico sobre essas caracter\u00edsticas. Ainda, observamos um aumento na incid\u00eancia de deformidades no disco oral, como dequeratiniza\u00e7\u00e3o, fus\u00e3o de l\u00e1bios ou aus\u00eancia de l\u00e1bios, dent\u00edculos e papilas.<\/p>\n<p>Da mesma forma, foram notadas diferen\u00e7as na pigmenta\u00e7\u00e3o da pele dos girinos. Essas diferen\u00e7as est\u00e3o relacionadas ao tamanho, morfologia e desenvolvimento das expans\u00f5es ramificadas (processos dendr\u00edticos) das c\u00e9lulas pigmentares.<\/p>\n<h2>Mas o que dizem esses resultados?<\/h2>\n<p>Indicam que o agrot\u00f3xico foi capaz de alterar as taxas de crescimento, desenvolvimento e produzir deformidades em girinos de r\u00e3-cachorro. E como o agrot\u00f3xico afeta o crescimento e o desenvolvimento? Uma possibilidade s\u00e3o os custos da detoxifica\u00e7\u00e3o e repara\u00e7\u00e3o de tecidos, pois os danos causados pelo agrot\u00f3xico nos tecidos, como br\u00e2nquias, f\u00edgado e rins, t\u00eam como consequ\u00eancia um deslocamento energ\u00e9tico para a repara\u00e7\u00e3o desses danos.<\/p>\n<p>Este processo leva a uma grande redu\u00e7\u00e3o das reservas energ\u00e9ticas, que podem trazer preju\u00edzos para outros processos fisiol\u00f3gicos importantes, processos esses que envolvem o funcionamento e a manuten\u00e7\u00e3o da vida, como o crescimento e o desenvolvimento.<\/p>\n<p>Outra possibilidade \u00e9 a quebra das vias neuro-end\u00f3crinas, j\u00e1 que o glifosato \u00e9 considerado um desregulador end\u00f3crino. Essas vias bioqu\u00edmicas regulam diversos processos que est\u00e3o tamb\u00e9m relacionados, dentre outras fun\u00e7\u00f5es, ao crescimento e desenvolvimento.<\/p>\n<p>E, com rela\u00e7\u00e3o \u00e0s altera\u00e7\u00f5es nas c\u00e9lulas pigmentares e malforma\u00e7\u00e3o do aparato bucal? As altera\u00e7\u00f5es nas c\u00e9lulas pigmentares encontradas est\u00e3o relacionadas a danos provocados pelo Roundup no citoesqueleto, o que prejudica a forma\u00e7\u00e3o das expans\u00f5es dendr\u00edticas e consequentemente o transporte dos pigmentos no interior das c\u00e9lulas. Dessa forma h\u00e1 uma redu\u00e7\u00e3o da cobertura pigmentar.<\/p>\n<p>E qual seria o impacto? A pigmenta\u00e7\u00e3o tem fun\u00e7\u00e3o ecol\u00f3gica sob diversos aspectos, como a camuflagem. Altera\u00e7\u00f5es no padr\u00e3o de pigmenta\u00e7\u00e3o podem alterar intera\u00e7\u00f5es ecol\u00f3gicas, como a preda\u00e7\u00e3o e a sele\u00e7\u00e3o sexual. J\u00e1 as malforma\u00e7\u00f5es no aparato bucal impactam tanto a alimenta\u00e7\u00e3o quanto fun\u00e7\u00f5es sensoriais. Portanto, quebras nos padr\u00f5es biol\u00f3gicos encontrados podem levar a mudan\u00e7as de alto significado ecol\u00f3gico para os indiv\u00edduos, com implica\u00e7\u00f5es na sobreviv\u00eancia dos girinos e no sucesso reprodutivo dos adultos e assim afetar a din\u00e2mica populacional. Esses impactos podem tamb\u00e9m interferir em outros n\u00edveis da hierarquia ecol\u00f3gica, como as comunidades e os ecossistemas.<\/p>\n<p>Independentemente se \u00e9 poss\u00edvel ou n\u00e3o relacionar os mecanismos bioqu\u00edmicos e fisiol\u00f3gicos de atua\u00e7\u00e3o do agrot\u00f3xico sobre as altera\u00e7\u00f5es morfol\u00f3gicas e de crescimento encontradas, o fato \u00e9 que existe um efeito nocivo potencial do agrot\u00f3xico da marca testada nos girinos.<\/p>\n<p>Isso demonstra que organismos n\u00e3o alvo podem ser afetados pelo agrot\u00f3xico. Embora n\u00e3o contemplados na maioria das legisla\u00e7\u00f5es mundiais, os anuros podem ser um grupo importante a ser avaliado, especialmente devido \u00e0s suas caracter\u00edsticas particulares e seu grau de vulnerabilidade.<\/p>\n<p>A cada conhecimento adicional relacionado aos fatores que afetam a sobreviv\u00eancia e reprodu\u00e7\u00e3o dos indiv\u00edduos desse grupo que sofre taxas alarmantes de extin\u00e7\u00e3o, s\u00e3o importantes em uma abordagem da preserva\u00e7\u00e3o das esp\u00e9cies e ambientes associados. Al\u00e9m disso, como s\u00e3o componentes fundamentais dos ambientes aqu\u00e1ticos, possuem potencial para serem utilizados como bioindicadores da sa\u00fade desses sistemas.<\/p>\n<h5><strong>Autores<\/strong><\/h5>\n<h5>EDSON ANTONIO TANHOFFER \u00e9 docente no Departamento de Anatomia da UFPR<\/h5>\n<h5>LUANA WUNSCHE DE ALMEIDA \u00e9 bi\u00f3loga e mestra em Ecologia e Conserva\u00e7\u00e3o pela UFPR<\/h5>\n<h5>MARTA MARGARETE CESTARI \u00e9 professora titular no Departamento de Gen\u00e9tica da UFPR, onde coordena o Laborat\u00f3rio de Citogen\u00e9tica Animal e Mutag\u00eanese Ambiental (Labmuta)<\/h5>\n<h5>MAURICIO MOURA \u00e9 professor no Departamento de Zoologia da UFPR e coordenador do Laborat\u00f3rio de Din\u00e2micas Ecol\u00f3gicas<\/h5>\n<h5 style=\"text-align: right\"><span style=\"font-weight: 400\">\u2795 Leia detalhes na disserta\u00e7\u00e3o <a href=\"https:\/\/acervodigital.ufpr.br\/handle\/1884\/97624\" target=\"_blank\" rel=\"noopener\">&#8220;Efeito do Roundup sobre as varia\u00e7\u00f5es morfol\u00f3gicas de girinos de r\u00e3-cachorro (Physalaemus cuvieri Fitzinger, 1826)<\/a><\/span><span style=\"font-weight: 400\">&#8220;, defendida por Luana Wunsche de Almeida no Programa de P\u00f3s-Gradua\u00e7\u00e3o em Ecologia e Conserva\u00e7\u00e3o (PPGEco) da UFPR<\/span><\/h5>\n<hr \/>\n<h6 style=\"text-align: right\"><span style=\"font-weight: 400\">\ud83d\udccc Conte\u00fado elaborado na disciplina de divulga\u00e7\u00e3o cient\u00edfica do PPGEco\/UFPR<\/span><\/h6>\n<h6 style=\"text-align: right\"><em>\ud83c\udf0e A Ponte com a Ci\u00eancia \u00e9 a editoria especializada em divulga\u00e7\u00e3o cient\u00edfica da Ci\u00eancia UFPR. Nela, cientistas da UFPR puxam conversas sobre temas de seus estudos. Textos e argumenta\u00e7\u00f5es s\u00e3o pr\u00f3prias dos autores. Saiba como <a href=\"https:\/\/ciencia.ufpr.br\/portal\/envie-sua-pauta\/\">enviar seu texto\u00a0<\/a><\/em><\/h6>\n","protected":false},"excerpt":{"rendered":"<p>Errata: O conte\u00fado abaixo foi alterado \u00e0s 12h52 de 18\/4\/26 para corre\u00e7\u00e3o de informa\u00e7\u00e3o incorreta no segundo gr\u00e1fico, que traz&#8230;<\/p>\n","protected":false},"author":2815,"featured_media":21709,"comment_status":"open","ping_status":"open","sticky":false,"template":"","format":"standard","meta":{"_acf_changed":false,"footnotes":"","fifu_image_url":"","fifu_image_alt":"","_jetpack_memberships_contains_paid_content":false},"categories":[1609,1622,1612,2134],"tags":[2854,2146,2149,1184,1734,2148,2147,2150,2151],"acf":[],"yoast_head":"<!-- This site is optimized with the Yoast SEO plugin v23.5 - https:\/\/yoast.com\/wordpress\/plugins\/seo\/ -->\n<title>\ud83c\udf0e O alerta da r\u00e3-cachorro sobre agrot\u00f3xicos \u00e0 base de glifosato - Ci\u00eancia UFPR<\/title>\n<meta name=\"description\" content=\"Estudo da UFPR sugere que agrot\u00f3xico mais vendido no pa\u00eds pode alterar crescimento, desenvolvimento e provocar deformidades em girinos.\" \/>\n<meta name=\"robots\" content=\"index, follow, max-snippet:-1, max-image-preview:large, max-video-preview:-1\" \/>\n<link rel=\"canonical\" href=\"https:\/\/ciencia.ufpr.br\/portal\/\ud83c\udf0e-o-alerta-da-ra-cachorro-sobre-agrotoxicos-a-base-de-glifosato\/\" \/>\n<meta property=\"og:locale\" content=\"pt_BR\" \/>\n<meta property=\"og:type\" content=\"article\" \/>\n<meta property=\"og:title\" content=\"\ud83c\udf0e O alerta da r\u00e3-cachorro sobre agrot\u00f3xicos \u00e0 base de glifosato - Ci\u00eancia UFPR\" \/>\n<meta property=\"og:description\" content=\"Estudo da UFPR sugere que agrot\u00f3xico mais vendido no pa\u00eds pode alterar crescimento, desenvolvimento e provocar deformidades em girinos.\" \/>\n<meta property=\"og:url\" content=\"https:\/\/ciencia.ufpr.br\/portal\/\ud83c\udf0e-o-alerta-da-ra-cachorro-sobre-agrotoxicos-a-base-de-glifosato\/\" \/>\n<meta property=\"og:site_name\" content=\"Ci\u00eancia UFPR\" \/>\n<meta property=\"article:publisher\" content=\"https:\/\/www.facebook.com\/cienciaufproficial\" \/>\n<meta property=\"article:published_time\" content=\"2026-04-10T11:22:15+00:00\" \/>\n<meta property=\"article:modified_time\" content=\"2026-04-23T20:45:54+00:00\" \/>\n<meta property=\"og:image\" content=\"https:\/\/ciencia.ufpr.br\/portal\/wp-content\/uploads\/2022\/04\/Cuvieri-dorso-scaled-Herpto.org1_.jpg\" \/>\n\t<meta property=\"og:image:width\" content=\"640\" \/>\n\t<meta property=\"og:image:height\" content=\"360\" \/>\n\t<meta property=\"og:image:type\" content=\"image\/jpeg\" \/>\n<meta name=\"author\" content=\"Especial para a Ci\u00eancia UFPR\" \/>\n<meta name=\"twitter:card\" content=\"summary_large_image\" \/>\n<meta name=\"twitter:creator\" content=\"@cienciaufpr\" \/>\n<meta name=\"twitter:site\" content=\"@cienciaufpr\" \/>\n<meta name=\"twitter:label1\" content=\"Escrito por\" \/>\n\t<meta name=\"twitter:data1\" content=\"Especial para a Ci\u00eancia UFPR\" \/>\n\t<meta name=\"twitter:label2\" content=\"Est. tempo de leitura\" \/>\n\t<meta name=\"twitter:data2\" content=\"12 minutos\" \/>\n<script type=\"application\/ld+json\" class=\"yoast-schema-graph\">{\"@context\":\"https:\/\/schema.org\",\"@graph\":[{\"@type\":\"Article\",\"@id\":\"https:\/\/ciencia.ufpr.br\/portal\/%f0%9f%8c%8e-o-alerta-da-ra-cachorro-sobre-agrotoxicos-a-base-de-glifosato\/#article\",\"isPartOf\":{\"@id\":\"https:\/\/ciencia.ufpr.br\/portal\/%f0%9f%8c%8e-o-alerta-da-ra-cachorro-sobre-agrotoxicos-a-base-de-glifosato\/\"},\"author\":{\"name\":\"Especial para a Ci\u00eancia UFPR\",\"@id\":\"https:\/\/ciencia.ufpr.br\/portal\/#\/schema\/person\/316014abff3618b73da10c2e6b64691d\"},\"headline\":\"\ud83c\udf0e O alerta da r\u00e3-cachorro sobre agrot\u00f3xicos \u00e0 base de glifosato\",\"datePublished\":\"2026-04-10T11:22:15+00:00\",\"dateModified\":\"2026-04-23T20:45:54+00:00\",\"mainEntityOfPage\":{\"@id\":\"https:\/\/ciencia.ufpr.br\/portal\/%f0%9f%8c%8e-o-alerta-da-ra-cachorro-sobre-agrotoxicos-a-base-de-glifosato\/\"},\"wordCount\":2511,\"commentCount\":0,\"publisher\":{\"@id\":\"https:\/\/ciencia.ufpr.br\/portal\/#organization\"},\"image\":{\"@id\":\"https:\/\/ciencia.ufpr.br\/portal\/%f0%9f%8c%8e-o-alerta-da-ra-cachorro-sobre-agrotoxicos-a-base-de-glifosato\/#primaryimage\"},\"thumbnailUrl\":\"https:\/\/ciencia.ufpr.br\/portal\/wp-content\/uploads\/2022\/04\/Cuvieri-dorso-scaled-Herpto.org1_.jpg\",\"keywords\":[\"2026\",\"agrot\u00f3xicos\",\"anf\u00edbios\",\"destaque\",\"ecologia\",\"glifosato\",\"herbicidas\",\"herpetologia\",\"r\u00e3-cachorro\"],\"articleSection\":[\"\u00c1udios\",\"Galeria\",\"Meio ambiente\",\"Ponte com a Ci\u00eancia\"],\"inLanguage\":\"pt-BR\",\"potentialAction\":[{\"@type\":\"CommentAction\",\"name\":\"Comment\",\"target\":[\"https:\/\/ciencia.ufpr.br\/portal\/%f0%9f%8c%8e-o-alerta-da-ra-cachorro-sobre-agrotoxicos-a-base-de-glifosato\/#respond\"]}]},{\"@type\":\"WebPage\",\"@id\":\"https:\/\/ciencia.ufpr.br\/portal\/%f0%9f%8c%8e-o-alerta-da-ra-cachorro-sobre-agrotoxicos-a-base-de-glifosato\/\",\"url\":\"https:\/\/ciencia.ufpr.br\/portal\/%f0%9f%8c%8e-o-alerta-da-ra-cachorro-sobre-agrotoxicos-a-base-de-glifosato\/\",\"name\":\"\ud83c\udf0e O alerta da r\u00e3-cachorro sobre agrot\u00f3xicos \u00e0 base de glifosato - Ci\u00eancia UFPR\",\"isPartOf\":{\"@id\":\"https:\/\/ciencia.ufpr.br\/portal\/#website\"},\"primaryImageOfPage\":{\"@id\":\"https:\/\/ciencia.ufpr.br\/portal\/%f0%9f%8c%8e-o-alerta-da-ra-cachorro-sobre-agrotoxicos-a-base-de-glifosato\/#primaryimage\"},\"image\":{\"@id\":\"https:\/\/ciencia.ufpr.br\/portal\/%f0%9f%8c%8e-o-alerta-da-ra-cachorro-sobre-agrotoxicos-a-base-de-glifosato\/#primaryimage\"},\"thumbnailUrl\":\"https:\/\/ciencia.ufpr.br\/portal\/wp-content\/uploads\/2022\/04\/Cuvieri-dorso-scaled-Herpto.org1_.jpg\",\"datePublished\":\"2026-04-10T11:22:15+00:00\",\"dateModified\":\"2026-04-23T20:45:54+00:00\",\"description\":\"Estudo da UFPR sugere que agrot\u00f3xico mais vendido no pa\u00eds pode alterar crescimento, desenvolvimento e provocar deformidades em girinos.\",\"breadcrumb\":{\"@id\":\"https:\/\/ciencia.ufpr.br\/portal\/%f0%9f%8c%8e-o-alerta-da-ra-cachorro-sobre-agrotoxicos-a-base-de-glifosato\/#breadcrumb\"},\"inLanguage\":\"pt-BR\",\"potentialAction\":[{\"@type\":\"ReadAction\",\"target\":[\"https:\/\/ciencia.ufpr.br\/portal\/%f0%9f%8c%8e-o-alerta-da-ra-cachorro-sobre-agrotoxicos-a-base-de-glifosato\/\"]}]},{\"@type\":\"ImageObject\",\"inLanguage\":\"pt-BR\",\"@id\":\"https:\/\/ciencia.ufpr.br\/portal\/%f0%9f%8c%8e-o-alerta-da-ra-cachorro-sobre-agrotoxicos-a-base-de-glifosato\/#primaryimage\",\"url\":\"https:\/\/ciencia.ufpr.br\/portal\/wp-content\/uploads\/2022\/04\/Cuvieri-dorso-scaled-Herpto.org1_.jpg\",\"contentUrl\":\"https:\/\/ciencia.ufpr.br\/portal\/wp-content\/uploads\/2022\/04\/Cuvieri-dorso-scaled-Herpto.org1_.jpg\",\"width\":640,\"height\":360,\"caption\":\"Anf\u00edbios anuros s\u00e3o mais vulner\u00e1veis a poluentes por terem fase aqu\u00e1tica e outra terrestre, o que aumenta risco de contamina\u00e7\u00e3o. Na foto, subesp\u00e9cies de r\u00e3 Physalaemus cuvieri. Fotos: Herpto.org\/Reprodu\u00e7\u00e3o\"},{\"@type\":\"BreadcrumbList\",\"@id\":\"https:\/\/ciencia.ufpr.br\/portal\/%f0%9f%8c%8e-o-alerta-da-ra-cachorro-sobre-agrotoxicos-a-base-de-glifosato\/#breadcrumb\",\"itemListElement\":[{\"@type\":\"ListItem\",\"position\":1,\"name\":\"Home\",\"item\":\"https:\/\/ciencia.ufpr.br\/portal\/\"},{\"@type\":\"ListItem\",\"position\":2,\"name\":\"\ud83c\udf0e O alerta da r\u00e3-cachorro sobre agrot\u00f3xicos \u00e0 base de glifosato\"}]},{\"@type\":\"WebSite\",\"@id\":\"https:\/\/ciencia.ufpr.br\/portal\/#website\",\"url\":\"https:\/\/ciencia.ufpr.br\/portal\/\",\"name\":\"Ci\u00eancia UFPR\",\"description\":\"Site de temas cient\u00edficos com foco no conhecimento produzido na Universidade Federal do Paran\u00e1 (UFPR). Baseado na Revista Ci\u00eancia UFPR.\",\"publisher\":{\"@id\":\"https:\/\/ciencia.ufpr.br\/portal\/#organization\"},\"potentialAction\":[{\"@type\":\"SearchAction\",\"target\":{\"@type\":\"EntryPoint\",\"urlTemplate\":\"https:\/\/ciencia.ufpr.br\/portal\/?s={search_term_string}\"},\"query-input\":{\"@type\":\"PropertyValueSpecification\",\"valueRequired\":true,\"valueName\":\"search_term_string\"}}],\"inLanguage\":\"pt-BR\"},{\"@type\":\"Organization\",\"@id\":\"https:\/\/ciencia.ufpr.br\/portal\/#organization\",\"name\":\"Revista Ci\u00eancia UFPR\",\"url\":\"https:\/\/ciencia.ufpr.br\/portal\/\",\"logo\":{\"@type\":\"ImageObject\",\"inLanguage\":\"pt-BR\",\"@id\":\"https:\/\/ciencia.ufpr.br\/portal\/#\/schema\/logo\/image\/\",\"url\":\"https:\/\/ciencia.ufpr.br\/portal\/wp-content\/uploads\/2020\/12\/Revista-Ciencia-UFPR-vermelho.jpeg\",\"contentUrl\":\"https:\/\/ciencia.ufpr.br\/portal\/wp-content\/uploads\/2020\/12\/Revista-Ciencia-UFPR-vermelho.jpeg\",\"width\":992,\"height\":714,\"caption\":\"Revista Ci\u00eancia UFPR\"},\"image\":{\"@id\":\"https:\/\/ciencia.ufpr.br\/portal\/#\/schema\/logo\/image\/\"},\"sameAs\":[\"https:\/\/www.facebook.com\/cienciaufproficial\",\"https:\/\/x.com\/cienciaufpr\",\"https:\/\/www.instagram.com\/revistacienciaufpr\/\",\"https:\/\/www.linkedin.com\/company\/cienciaufproficial\",\"https:\/\/br.pinterest.com\/cienciaufpr\/\"]},{\"@type\":\"Person\",\"@id\":\"https:\/\/ciencia.ufpr.br\/portal\/#\/schema\/person\/316014abff3618b73da10c2e6b64691d\",\"name\":\"Especial para a Ci\u00eancia UFPR\",\"description\":\"Colaboradores da revista em conte\u00fados especiais\",\"url\":\"https:\/\/ciencia.ufpr.br\/portal\/author\/especial\/\"}]}<\/script>\n<!-- \/ Yoast SEO plugin. -->","yoast_head_json":{"title":"\ud83c\udf0e O alerta da r\u00e3-cachorro sobre agrot\u00f3xicos \u00e0 base de glifosato - Ci\u00eancia UFPR","description":"Estudo da UFPR sugere que agrot\u00f3xico mais vendido no pa\u00eds pode alterar crescimento, desenvolvimento e provocar deformidades em girinos.","robots":{"index":"index","follow":"follow","max-snippet":"max-snippet:-1","max-image-preview":"max-image-preview:large","max-video-preview":"max-video-preview:-1"},"canonical":"https:\/\/ciencia.ufpr.br\/portal\/\ud83c\udf0e-o-alerta-da-ra-cachorro-sobre-agrotoxicos-a-base-de-glifosato\/","og_locale":"pt_BR","og_type":"article","og_title":"\ud83c\udf0e O alerta da r\u00e3-cachorro sobre agrot\u00f3xicos \u00e0 base de glifosato - Ci\u00eancia UFPR","og_description":"Estudo da UFPR sugere que agrot\u00f3xico mais vendido no pa\u00eds pode alterar crescimento, desenvolvimento e provocar deformidades em girinos.","og_url":"https:\/\/ciencia.ufpr.br\/portal\/\ud83c\udf0e-o-alerta-da-ra-cachorro-sobre-agrotoxicos-a-base-de-glifosato\/","og_site_name":"Ci\u00eancia UFPR","article_publisher":"https:\/\/www.facebook.com\/cienciaufproficial","article_published_time":"2026-04-10T11:22:15+00:00","article_modified_time":"2026-04-23T20:45:54+00:00","og_image":[{"width":640,"height":360,"url":"https:\/\/ciencia.ufpr.br\/portal\/wp-content\/uploads\/2022\/04\/Cuvieri-dorso-scaled-Herpto.org1_.jpg","type":"image\/jpeg"}],"author":"Especial para a Ci\u00eancia UFPR","twitter_card":"summary_large_image","twitter_creator":"@cienciaufpr","twitter_site":"@cienciaufpr","twitter_misc":{"Escrito por":"Especial para a Ci\u00eancia UFPR","Est. tempo de leitura":"12 minutos"},"schema":{"@context":"https:\/\/schema.org","@graph":[{"@type":"Article","@id":"https:\/\/ciencia.ufpr.br\/portal\/%f0%9f%8c%8e-o-alerta-da-ra-cachorro-sobre-agrotoxicos-a-base-de-glifosato\/#article","isPartOf":{"@id":"https:\/\/ciencia.ufpr.br\/portal\/%f0%9f%8c%8e-o-alerta-da-ra-cachorro-sobre-agrotoxicos-a-base-de-glifosato\/"},"author":{"name":"Especial para a Ci\u00eancia UFPR","@id":"https:\/\/ciencia.ufpr.br\/portal\/#\/schema\/person\/316014abff3618b73da10c2e6b64691d"},"headline":"\ud83c\udf0e O alerta da r\u00e3-cachorro sobre agrot\u00f3xicos \u00e0 base de glifosato","datePublished":"2026-04-10T11:22:15+00:00","dateModified":"2026-04-23T20:45:54+00:00","mainEntityOfPage":{"@id":"https:\/\/ciencia.ufpr.br\/portal\/%f0%9f%8c%8e-o-alerta-da-ra-cachorro-sobre-agrotoxicos-a-base-de-glifosato\/"},"wordCount":2511,"commentCount":0,"publisher":{"@id":"https:\/\/ciencia.ufpr.br\/portal\/#organization"},"image":{"@id":"https:\/\/ciencia.ufpr.br\/portal\/%f0%9f%8c%8e-o-alerta-da-ra-cachorro-sobre-agrotoxicos-a-base-de-glifosato\/#primaryimage"},"thumbnailUrl":"https:\/\/ciencia.ufpr.br\/portal\/wp-content\/uploads\/2022\/04\/Cuvieri-dorso-scaled-Herpto.org1_.jpg","keywords":["2026","agrot\u00f3xicos","anf\u00edbios","destaque","ecologia","glifosato","herbicidas","herpetologia","r\u00e3-cachorro"],"articleSection":["\u00c1udios","Galeria","Meio ambiente","Ponte com a Ci\u00eancia"],"inLanguage":"pt-BR","potentialAction":[{"@type":"CommentAction","name":"Comment","target":["https:\/\/ciencia.ufpr.br\/portal\/%f0%9f%8c%8e-o-alerta-da-ra-cachorro-sobre-agrotoxicos-a-base-de-glifosato\/#respond"]}]},{"@type":"WebPage","@id":"https:\/\/ciencia.ufpr.br\/portal\/%f0%9f%8c%8e-o-alerta-da-ra-cachorro-sobre-agrotoxicos-a-base-de-glifosato\/","url":"https:\/\/ciencia.ufpr.br\/portal\/%f0%9f%8c%8e-o-alerta-da-ra-cachorro-sobre-agrotoxicos-a-base-de-glifosato\/","name":"\ud83c\udf0e O alerta da r\u00e3-cachorro sobre agrot\u00f3xicos \u00e0 base de glifosato - Ci\u00eancia UFPR","isPartOf":{"@id":"https:\/\/ciencia.ufpr.br\/portal\/#website"},"primaryImageOfPage":{"@id":"https:\/\/ciencia.ufpr.br\/portal\/%f0%9f%8c%8e-o-alerta-da-ra-cachorro-sobre-agrotoxicos-a-base-de-glifosato\/#primaryimage"},"image":{"@id":"https:\/\/ciencia.ufpr.br\/portal\/%f0%9f%8c%8e-o-alerta-da-ra-cachorro-sobre-agrotoxicos-a-base-de-glifosato\/#primaryimage"},"thumbnailUrl":"https:\/\/ciencia.ufpr.br\/portal\/wp-content\/uploads\/2022\/04\/Cuvieri-dorso-scaled-Herpto.org1_.jpg","datePublished":"2026-04-10T11:22:15+00:00","dateModified":"2026-04-23T20:45:54+00:00","description":"Estudo da UFPR sugere que agrot\u00f3xico mais vendido no pa\u00eds pode alterar crescimento, desenvolvimento e provocar deformidades em girinos.","breadcrumb":{"@id":"https:\/\/ciencia.ufpr.br\/portal\/%f0%9f%8c%8e-o-alerta-da-ra-cachorro-sobre-agrotoxicos-a-base-de-glifosato\/#breadcrumb"},"inLanguage":"pt-BR","potentialAction":[{"@type":"ReadAction","target":["https:\/\/ciencia.ufpr.br\/portal\/%f0%9f%8c%8e-o-alerta-da-ra-cachorro-sobre-agrotoxicos-a-base-de-glifosato\/"]}]},{"@type":"ImageObject","inLanguage":"pt-BR","@id":"https:\/\/ciencia.ufpr.br\/portal\/%f0%9f%8c%8e-o-alerta-da-ra-cachorro-sobre-agrotoxicos-a-base-de-glifosato\/#primaryimage","url":"https:\/\/ciencia.ufpr.br\/portal\/wp-content\/uploads\/2022\/04\/Cuvieri-dorso-scaled-Herpto.org1_.jpg","contentUrl":"https:\/\/ciencia.ufpr.br\/portal\/wp-content\/uploads\/2022\/04\/Cuvieri-dorso-scaled-Herpto.org1_.jpg","width":640,"height":360,"caption":"Anf\u00edbios anuros s\u00e3o mais vulner\u00e1veis a poluentes por terem fase aqu\u00e1tica e outra terrestre, o que aumenta risco de contamina\u00e7\u00e3o. Na foto, subesp\u00e9cies de r\u00e3 Physalaemus cuvieri. Fotos: Herpto.org\/Reprodu\u00e7\u00e3o"},{"@type":"BreadcrumbList","@id":"https:\/\/ciencia.ufpr.br\/portal\/%f0%9f%8c%8e-o-alerta-da-ra-cachorro-sobre-agrotoxicos-a-base-de-glifosato\/#breadcrumb","itemListElement":[{"@type":"ListItem","position":1,"name":"Home","item":"https:\/\/ciencia.ufpr.br\/portal\/"},{"@type":"ListItem","position":2,"name":"\ud83c\udf0e O alerta da r\u00e3-cachorro sobre agrot\u00f3xicos \u00e0 base de glifosato"}]},{"@type":"WebSite","@id":"https:\/\/ciencia.ufpr.br\/portal\/#website","url":"https:\/\/ciencia.ufpr.br\/portal\/","name":"Ci\u00eancia UFPR","description":"Site de temas cient\u00edficos com foco no conhecimento produzido na Universidade Federal do Paran\u00e1 (UFPR). Baseado na Revista Ci\u00eancia UFPR.","publisher":{"@id":"https:\/\/ciencia.ufpr.br\/portal\/#organization"},"potentialAction":[{"@type":"SearchAction","target":{"@type":"EntryPoint","urlTemplate":"https:\/\/ciencia.ufpr.br\/portal\/?s={search_term_string}"},"query-input":{"@type":"PropertyValueSpecification","valueRequired":true,"valueName":"search_term_string"}}],"inLanguage":"pt-BR"},{"@type":"Organization","@id":"https:\/\/ciencia.ufpr.br\/portal\/#organization","name":"Revista Ci\u00eancia UFPR","url":"https:\/\/ciencia.ufpr.br\/portal\/","logo":{"@type":"ImageObject","inLanguage":"pt-BR","@id":"https:\/\/ciencia.ufpr.br\/portal\/#\/schema\/logo\/image\/","url":"https:\/\/ciencia.ufpr.br\/portal\/wp-content\/uploads\/2020\/12\/Revista-Ciencia-UFPR-vermelho.jpeg","contentUrl":"https:\/\/ciencia.ufpr.br\/portal\/wp-content\/uploads\/2020\/12\/Revista-Ciencia-UFPR-vermelho.jpeg","width":992,"height":714,"caption":"Revista Ci\u00eancia UFPR"},"image":{"@id":"https:\/\/ciencia.ufpr.br\/portal\/#\/schema\/logo\/image\/"},"sameAs":["https:\/\/www.facebook.com\/cienciaufproficial","https:\/\/x.com\/cienciaufpr","https:\/\/www.instagram.com\/revistacienciaufpr\/","https:\/\/www.linkedin.com\/company\/cienciaufproficial","https:\/\/br.pinterest.com\/cienciaufpr\/"]},{"@type":"Person","@id":"https:\/\/ciencia.ufpr.br\/portal\/#\/schema\/person\/316014abff3618b73da10c2e6b64691d","name":"Especial para a Ci\u00eancia UFPR","description":"Colaboradores da revista em conte\u00fados especiais","url":"https:\/\/ciencia.ufpr.br\/portal\/author\/especial\/"}]}},"views":418,"jetpack_sharing_enabled":true,"jetpack_featured_media_url":"https:\/\/ciencia.ufpr.br\/portal\/wp-content\/uploads\/2022\/04\/Cuvieri-dorso-scaled-Herpto.org1_.jpg","_links":{"self":[{"href":"https:\/\/ciencia.ufpr.br\/portal\/wp-json\/wp\/v2\/posts\/21695"}],"collection":[{"href":"https:\/\/ciencia.ufpr.br\/portal\/wp-json\/wp\/v2\/posts"}],"about":[{"href":"https:\/\/ciencia.ufpr.br\/portal\/wp-json\/wp\/v2\/types\/post"}],"author":[{"embeddable":true,"href":"https:\/\/ciencia.ufpr.br\/portal\/wp-json\/wp\/v2\/users\/2815"}],"replies":[{"embeddable":true,"href":"https:\/\/ciencia.ufpr.br\/portal\/wp-json\/wp\/v2\/comments?post=21695"}],"version-history":[{"count":48,"href":"https:\/\/ciencia.ufpr.br\/portal\/wp-json\/wp\/v2\/posts\/21695\/revisions"}],"predecessor-version":[{"id":29002,"href":"https:\/\/ciencia.ufpr.br\/portal\/wp-json\/wp\/v2\/posts\/21695\/revisions\/29002"}],"wp:featuredmedia":[{"embeddable":true,"href":"https:\/\/ciencia.ufpr.br\/portal\/wp-json\/wp\/v2\/media\/21709"}],"wp:attachment":[{"href":"https:\/\/ciencia.ufpr.br\/portal\/wp-json\/wp\/v2\/media?parent=21695"}],"wp:term":[{"taxonomy":"category","embeddable":true,"href":"https:\/\/ciencia.ufpr.br\/portal\/wp-json\/wp\/v2\/categories?post=21695"},{"taxonomy":"post_tag","embeddable":true,"href":"https:\/\/ciencia.ufpr.br\/portal\/wp-json\/wp\/v2\/tags?post=21695"}],"curies":[{"name":"wp","href":"https:\/\/api.w.org\/{rel}","templated":true}]}}