{"id":21504,"date":"2022-03-08T17:07:12","date_gmt":"2022-03-08T20:07:12","guid":{"rendered":"https:\/\/ciencia.ufpr.br\/portal\/?p=21504"},"modified":"2022-03-13T17:18:21","modified_gmt":"2022-03-13T20:18:21","slug":"abertas-as-inscricoes-para-o-35o-premio-paranaense-de-ciencia-e-tecnologia","status":"publish","type":"post","link":"https:\/\/ciencia.ufpr.br\/portal\/abertas-as-inscricoes-para-o-35o-premio-paranaense-de-ciencia-e-tecnologia\/","title":{"rendered":"Abertas as inscri\u00e7\u00f5es para o 35\u00ba Pr\u00eamio Paranaense de Ci\u00eancia e Tecnologia"},"content":{"rendered":"<p>Destacar as a\u00e7\u00f5es de pesquisa e extens\u00e3o e estimular a produ\u00e7\u00e3o cient\u00edfica e tecnol\u00f3gica desenvolvida no Paran\u00e1. Esse \u00e9 o objetivo do 35\u00ba Pr\u00eamio Paranaense de Ci\u00eancia e Tecnologia do Governo do Estado do Paran\u00e1, que vai conceder uma premia\u00e7\u00e3o superior a R$ 254 mil para pesquisadores e cientistas.<\/p>\n<p>As inscri\u00e7\u00f5es seguem at\u00e9 30 de junho. Edital e formul\u00e1rio de inscri\u00e7\u00e3o est\u00e3o dispon\u00edveis <a href=\"http:\/\/premioseti.pr.gov.br\/premioseti\/\" target=\"_blank\" rel=\"noopener\">no site do pr\u00eamio<\/a>.<\/p>\n<p>A premia\u00e7\u00e3o \u00e9 coordenada pela Superintend\u00eancia Geral de Ci\u00eancia, Tecnologia e Ensino Superior (Seti), que neste ano completa 35 anos como principal \u00f3rg\u00e3o da administra\u00e7\u00e3o direta estadual para formula\u00e7\u00e3o e implementa\u00e7\u00e3o de pol\u00edticas p\u00fablicas de Ci\u00eancia e Tecnologia.<\/p>\n<p>Nesta edi\u00e7\u00e3o, ser\u00e3o avaliados projetos de Ci\u00eancias Exatas e da Terra e Ci\u00eancias da Sa\u00fade, conforme as \u00e1reas do conhecimento, definidas pela Coordena\u00e7\u00e3o de Aperfei\u00e7oamento de Pessoal de N\u00edvel Superior (Capes) e pelo Conselho Nacional de Desenvolvimento Cient\u00edfico e Tecnol\u00f3gico (CNPq), institui\u00e7\u00f5es ligadas aos minist\u00e9rios da Educa\u00e7\u00e3o (MEC) e da Ci\u00eancia, Tecnologia e Inova\u00e7\u00f5es (MCTI), respectivamente.<\/p>\n<p>A categoria Ci\u00eancias Exatas e da Terra envolve as \u00e1reas de Astronomia; Ci\u00eancia da Computa\u00e7\u00e3o; Estat\u00edstica; F\u00edsica; Geologia; Matem\u00e1tica; Oceanografia; Qu\u00edmica; e correlatas.<\/p>\n<p>Na modalidade Ci\u00eancias da Sa\u00fade, os trabalhos abrangem as \u00e1reas de Educa\u00e7\u00e3o F\u00edsica; Enfermagem; Farm\u00e1cia; Fisioterapia; Fonoaudiologia; Medicina; Nutri\u00e7\u00e3o; Odontologia; Psiquiatria; Radiologia M\u00e9dica; Terapia Ocupacional; e correlatas.<\/p>\n<h2>Tr\u00eas categorias s\u00e3o espec\u00edficas para vinculados a institui\u00e7\u00f5es de ensino superior localizadas no Paran\u00e1<\/h2>\n<p>Para cada \u00e1rea do conhecimento, o Pr\u00eamio Paranaense de Ci\u00eancia e Tecnologia contempla cinco categorias: Pesquisador; Pesquisador-extensionista; Estudante de Gradua\u00e7\u00e3o; Inventor Independente; e Jornalismo Cient\u00edfico. Com exce\u00e7\u00e3o dessas duas \u00faltimas modalidades, os trabalhos submetidos devem ter sido publicados ou aprovados entre janeiro de 2020 e junho de 2022.<\/p>\n<p>Nas duas primeiras categorias, os candidatos devem comprovar v\u00ednculo com institui\u00e7\u00f5es de ensino superior ou de pesquisa cient\u00edfica e tecnol\u00f3gica do Paran\u00e1, assim como o desenvolvimento de atividades nas respectivas \u00e1reas. J\u00e1 os estudantes devem apresentar carta de indica\u00e7\u00e3o assinada por representante de institui\u00e7\u00e3o de ensino superior sediada no territ\u00f3rio estadual e credenciada pelo MEC e o Conselho Estadual de Educa\u00e7\u00e3o (CEE-PR).<\/p>\n<p>A categoria de inventores abrange quaisquer pessoas domiciliadas no Paran\u00e1, sem v\u00ednculo empregat\u00edcio com institui\u00e7\u00f5es de ensino ou de pesquisa.<\/p>\n<p>J\u00e1 a \u00faltima modalidade, exclusiva para jornalistas, contempla reportagens pautadas em ci\u00eancia, tecnologia e inova\u00e7\u00e3o, em uma das duas \u00e1reas desta edi\u00e7\u00e3o do pr\u00eamio. As mat\u00e9rias devem ter sido veiculadas em meios de comunica\u00e7\u00e3o (emissoras de TV e r\u00e1dio, jornais impressos, portais de not\u00edcias e revistas), localizados em um dos 399 munic\u00edpios paranaenses, no per\u00edodo de janeiro de 2021 a junho de 2022.<\/p>\n<p>Os trabalhos ser\u00e3o avaliados por comiss\u00f5es julgadoras, compostas por profissionais especializados nas \u00e1reas correspondentes, vinculados a organiza\u00e7\u00f5es de outros estados brasileiros.<\/p>\n<p><strong>Servi\u00e7o<\/strong><br \/>\n35\u00ba Pr\u00eamio Paranaense de Ci\u00eancia e Tecnologia<br \/>\nEdital e inscri\u00e7\u00f5es: <a href=\"http:\/\/premioseti.pr.gov.br\/premioseti\/\" target=\"_blank\" rel=\"noopener\">premioseti.pr.gov.br\/premioseti<\/a><br \/>\nInscri\u00e7\u00f5es: 7 de mar\u00e7o a 30 de junho de 2022<br \/>\nHomologa\u00e7\u00e3o de inscritos: at\u00e9 29 de julho de 2022<br \/>\nDivulga\u00e7\u00e3o e entrega das premia\u00e7\u00f5es: at\u00e9 30 de novembro de 2022<\/p>\n<h6 style=\"text-align: right;\">\ud83d\udd0a\u00a0Informa\u00e7\u00f5es da Ag\u00eancia Estadual de Not\u00edcias (AEN-PR).<\/h6>\n","protected":false},"excerpt":{"rendered":"<p>Destacar as a\u00e7\u00f5es de pesquisa e extens\u00e3o e estimular a produ\u00e7\u00e3o cient\u00edfica e tecnol\u00f3gica desenvolvida no Paran\u00e1. Esse \u00e9 o&#8230;<\/p>\n","protected":false},"author":2806,"featured_media":21534,"comment_status":"open","ping_status":"open","sticky":false,"template":"","format":"standard","meta":{"_acf_changed":false,"footnotes":"","fifu_image_url":"","fifu_image_alt":"","_jetpack_memberships_contains_paid_content":false},"categories":[1144,1607],"tags":[1748,1980,2118],"acf":[],"yoast_head":"<!-- This site is optimized with the Yoast SEO plugin v23.5 - https:\/\/yoast.com\/wordpress\/plugins\/seo\/ -->\n<title>Abertas as inscri\u00e7\u00f5es para o 35\u00ba Pr\u00eamio Paranaense de Ci\u00eancia e Tecnologia - Ci\u00eancia UFPR<\/title>\n<meta name=\"description\" content=\"Edi\u00e7\u00e3o abrange projetos de Ci\u00eancias Exatas e da Terra e Ci\u00eancias da Sa\u00fade. Inscri\u00e7\u00f5es at\u00e9 30 de junho.\" \/>\n<meta name=\"robots\" content=\"index, follow, max-snippet:-1, max-image-preview:large, max-video-preview:-1\" \/>\n<link rel=\"canonical\" href=\"https:\/\/ciencia.ufpr.br\/portal\/abertas-as-inscricoes-para-o-35o-premio-paranaense-de-ciencia-e-tecnologia\/\" \/>\n<meta property=\"og:locale\" content=\"pt_BR\" \/>\n<meta property=\"og:type\" content=\"article\" \/>\n<meta property=\"og:title\" content=\"Abertas as inscri\u00e7\u00f5es para o 35\u00ba Pr\u00eamio Paranaense de Ci\u00eancia e Tecnologia - Ci\u00eancia UFPR\" \/>\n<meta property=\"og:description\" content=\"Edi\u00e7\u00e3o abrange projetos de Ci\u00eancias Exatas e da Terra e Ci\u00eancias da Sa\u00fade. Inscri\u00e7\u00f5es at\u00e9 30 de junho.\" \/>\n<meta property=\"og:url\" content=\"https:\/\/ciencia.ufpr.br\/portal\/abertas-as-inscricoes-para-o-35o-premio-paranaense-de-ciencia-e-tecnologia\/\" \/>\n<meta property=\"og:site_name\" content=\"Ci\u00eancia UFPR\" \/>\n<meta property=\"article:publisher\" content=\"https:\/\/www.facebook.com\/cienciaufproficial\" \/>\n<meta property=\"article:author\" content=\"https:\/\/facebook.com\/cienciaufproficial\/\" \/>\n<meta property=\"article:published_time\" content=\"2022-03-08T20:07:12+00:00\" \/>\n<meta property=\"article:modified_time\" content=\"2022-03-13T20:18:21+00:00\" \/>\n<meta property=\"og:image\" content=\"https:\/\/ciencia.ufpr.br\/portal\/wp-content\/uploads\/2022\/03\/AF_CapaFacebook_34PremioTc-1.jpg\" \/>\n\t<meta property=\"og:image:width\" content=\"1920\" \/>\n\t<meta property=\"og:image:height\" content=\"1080\" \/>\n\t<meta property=\"og:image:type\" content=\"image\/jpeg\" \/>\n<meta name=\"author\" content=\"Reda\u00e7\u00e3o Ci\u00eancia UFPR\" \/>\n<meta name=\"twitter:card\" content=\"summary_large_image\" \/>\n<meta name=\"twitter:creator\" content=\"@cienciaufpr\" \/>\n<meta name=\"twitter:site\" content=\"@cienciaufpr\" \/>\n<meta name=\"twitter:label1\" content=\"Escrito por\" \/>\n\t<meta name=\"twitter:data1\" content=\"Reda\u00e7\u00e3o Ci\u00eancia UFPR\" \/>\n\t<meta name=\"twitter:label2\" content=\"Est. tempo de leitura\" \/>\n\t<meta name=\"twitter:data2\" content=\"3 minutos\" \/>\n<script type=\"application\/ld+json\" class=\"yoast-schema-graph\">{\"@context\":\"https:\/\/schema.org\",\"@graph\":[{\"@type\":\"Article\",\"@id\":\"https:\/\/ciencia.ufpr.br\/portal\/abertas-as-inscricoes-para-o-35o-premio-paranaense-de-ciencia-e-tecnologia\/#article\",\"isPartOf\":{\"@id\":\"https:\/\/ciencia.ufpr.br\/portal\/abertas-as-inscricoes-para-o-35o-premio-paranaense-de-ciencia-e-tecnologia\/\"},\"author\":{\"name\":\"Reda\u00e7\u00e3o Ci\u00eancia UFPR\",\"@id\":\"https:\/\/ciencia.ufpr.br\/portal\/#\/schema\/person\/562217e00c1aa3a8c132639249490a83\"},\"headline\":\"Abertas as inscri\u00e7\u00f5es para o 35\u00ba Pr\u00eamio Paranaense de Ci\u00eancia e Tecnologia\",\"datePublished\":\"2022-03-08T20:07:12+00:00\",\"dateModified\":\"2022-03-13T20:18:21+00:00\",\"mainEntityOfPage\":{\"@id\":\"https:\/\/ciencia.ufpr.br\/portal\/abertas-as-inscricoes-para-o-35o-premio-paranaense-de-ciencia-e-tecnologia\/\"},\"wordCount\":585,\"commentCount\":0,\"publisher\":{\"@id\":\"https:\/\/ciencia.ufpr.br\/portal\/#organization\"},\"image\":{\"@id\":\"https:\/\/ciencia.ufpr.br\/portal\/abertas-as-inscricoes-para-o-35o-premio-paranaense-de-ciencia-e-tecnologia\/#primaryimage\"},\"thumbnailUrl\":\"https:\/\/ciencia.ufpr.br\/portal\/wp-content\/uploads\/2022\/03\/AF_CapaFacebook_34PremioTc-1.jpg\",\"keywords\":[\"Paran\u00e1\",\"Pr\u00eamio Paranaense de Ci\u00eancia e Tecnologia\",\"Seti\"],\"articleSection\":[\"Agenda\",\"Pr\u00eamios\"],\"inLanguage\":\"pt-BR\",\"potentialAction\":[{\"@type\":\"CommentAction\",\"name\":\"Comment\",\"target\":[\"https:\/\/ciencia.ufpr.br\/portal\/abertas-as-inscricoes-para-o-35o-premio-paranaense-de-ciencia-e-tecnologia\/#respond\"]}]},{\"@type\":\"WebPage\",\"@id\":\"https:\/\/ciencia.ufpr.br\/portal\/abertas-as-inscricoes-para-o-35o-premio-paranaense-de-ciencia-e-tecnologia\/\",\"url\":\"https:\/\/ciencia.ufpr.br\/portal\/abertas-as-inscricoes-para-o-35o-premio-paranaense-de-ciencia-e-tecnologia\/\",\"name\":\"Abertas as inscri\u00e7\u00f5es para o 35\u00ba Pr\u00eamio Paranaense de Ci\u00eancia e Tecnologia - Ci\u00eancia UFPR\",\"isPartOf\":{\"@id\":\"https:\/\/ciencia.ufpr.br\/portal\/#website\"},\"primaryImageOfPage\":{\"@id\":\"https:\/\/ciencia.ufpr.br\/portal\/abertas-as-inscricoes-para-o-35o-premio-paranaense-de-ciencia-e-tecnologia\/#primaryimage\"},\"image\":{\"@id\":\"https:\/\/ciencia.ufpr.br\/portal\/abertas-as-inscricoes-para-o-35o-premio-paranaense-de-ciencia-e-tecnologia\/#primaryimage\"},\"thumbnailUrl\":\"https:\/\/ciencia.ufpr.br\/portal\/wp-content\/uploads\/2022\/03\/AF_CapaFacebook_34PremioTc-1.jpg\",\"datePublished\":\"2022-03-08T20:07:12+00:00\",\"dateModified\":\"2022-03-13T20:18:21+00:00\",\"description\":\"Edi\u00e7\u00e3o abrange projetos de Ci\u00eancias Exatas e da Terra e Ci\u00eancias da Sa\u00fade. Inscri\u00e7\u00f5es at\u00e9 30 de junho.\",\"breadcrumb\":{\"@id\":\"https:\/\/ciencia.ufpr.br\/portal\/abertas-as-inscricoes-para-o-35o-premio-paranaense-de-ciencia-e-tecnologia\/#breadcrumb\"},\"inLanguage\":\"pt-BR\",\"potentialAction\":[{\"@type\":\"ReadAction\",\"target\":[\"https:\/\/ciencia.ufpr.br\/portal\/abertas-as-inscricoes-para-o-35o-premio-paranaense-de-ciencia-e-tecnologia\/\"]}]},{\"@type\":\"ImageObject\",\"inLanguage\":\"pt-BR\",\"@id\":\"https:\/\/ciencia.ufpr.br\/portal\/abertas-as-inscricoes-para-o-35o-premio-paranaense-de-ciencia-e-tecnologia\/#primaryimage\",\"url\":\"https:\/\/ciencia.ufpr.br\/portal\/wp-content\/uploads\/2022\/03\/AF_CapaFacebook_34PremioTc-1.jpg\",\"contentUrl\":\"https:\/\/ciencia.ufpr.br\/portal\/wp-content\/uploads\/2022\/03\/AF_CapaFacebook_34PremioTc-1.jpg\",\"width\":1920,\"height\":1080},{\"@type\":\"BreadcrumbList\",\"@id\":\"https:\/\/ciencia.ufpr.br\/portal\/abertas-as-inscricoes-para-o-35o-premio-paranaense-de-ciencia-e-tecnologia\/#breadcrumb\",\"itemListElement\":[{\"@type\":\"ListItem\",\"position\":1,\"name\":\"Home\",\"item\":\"https:\/\/ciencia.ufpr.br\/portal\/\"},{\"@type\":\"ListItem\",\"position\":2,\"name\":\"Abertas as inscri\u00e7\u00f5es para o 35\u00ba Pr\u00eamio Paranaense de Ci\u00eancia e Tecnologia\"}]},{\"@type\":\"WebSite\",\"@id\":\"https:\/\/ciencia.ufpr.br\/portal\/#website\",\"url\":\"https:\/\/ciencia.ufpr.br\/portal\/\",\"name\":\"Ci\u00eancia UFPR\",\"description\":\"Site de temas cient\u00edficos com foco no conhecimento produzido na Universidade Federal do Paran\u00e1 (UFPR). Baseado na Revista Ci\u00eancia UFPR.\",\"publisher\":{\"@id\":\"https:\/\/ciencia.ufpr.br\/portal\/#organization\"},\"potentialAction\":[{\"@type\":\"SearchAction\",\"target\":{\"@type\":\"EntryPoint\",\"urlTemplate\":\"https:\/\/ciencia.ufpr.br\/portal\/?s={search_term_string}\"},\"query-input\":{\"@type\":\"PropertyValueSpecification\",\"valueRequired\":true,\"valueName\":\"search_term_string\"}}],\"inLanguage\":\"pt-BR\"},{\"@type\":\"Organization\",\"@id\":\"https:\/\/ciencia.ufpr.br\/portal\/#organization\",\"name\":\"Revista Ci\u00eancia UFPR\",\"url\":\"https:\/\/ciencia.ufpr.br\/portal\/\",\"logo\":{\"@type\":\"ImageObject\",\"inLanguage\":\"pt-BR\",\"@id\":\"https:\/\/ciencia.ufpr.br\/portal\/#\/schema\/logo\/image\/\",\"url\":\"https:\/\/ciencia.ufpr.br\/portal\/wp-content\/uploads\/2020\/12\/Revista-Ciencia-UFPR-vermelho.jpeg\",\"contentUrl\":\"https:\/\/ciencia.ufpr.br\/portal\/wp-content\/uploads\/2020\/12\/Revista-Ciencia-UFPR-vermelho.jpeg\",\"width\":992,\"height\":714,\"caption\":\"Revista Ci\u00eancia UFPR\"},\"image\":{\"@id\":\"https:\/\/ciencia.ufpr.br\/portal\/#\/schema\/logo\/image\/\"},\"sameAs\":[\"https:\/\/www.facebook.com\/cienciaufproficial\",\"https:\/\/x.com\/cienciaufpr\",\"https:\/\/www.instagram.com\/revistacienciaufpr\/\",\"https:\/\/www.linkedin.com\/company\/cienciaufproficial\",\"https:\/\/br.pinterest.com\/cienciaufpr\/\"]},{\"@type\":\"Person\",\"@id\":\"https:\/\/ciencia.ufpr.br\/portal\/#\/schema\/person\/562217e00c1aa3a8c132639249490a83\",\"name\":\"Reda\u00e7\u00e3o Ci\u00eancia UFPR\",\"description\":\"Site de jornalismo e divulga\u00e7\u00e3o cient\u00edficos sobre o conhecimento produzido na Universidade Federal do Paran\u00e1 (UFPR). Baseado na Revista Ci\u00eancia UFPR, editada pela Superintend\u00eancia de Comunica\u00e7\u00e3o (Sucom) desde 2016.\",\"sameAs\":[\"https:\/\/facebook.com\/cienciaufproficial\/\",\"https:\/\/www.instagram.com\/revistacienciaufpr\/\",\"https:\/\/x.com\/cienciaufpr\"],\"url\":\"https:\/\/ciencia.ufpr.br\/portal\/author\/revistacienciaufpr\/\"}]}<\/script>\n<!-- \/ Yoast SEO plugin. -->","yoast_head_json":{"title":"Abertas as inscri\u00e7\u00f5es para o 35\u00ba Pr\u00eamio Paranaense de Ci\u00eancia e Tecnologia - Ci\u00eancia UFPR","description":"Edi\u00e7\u00e3o abrange projetos de Ci\u00eancias Exatas e da Terra e Ci\u00eancias da Sa\u00fade. Inscri\u00e7\u00f5es at\u00e9 30 de junho.","robots":{"index":"index","follow":"follow","max-snippet":"max-snippet:-1","max-image-preview":"max-image-preview:large","max-video-preview":"max-video-preview:-1"},"canonical":"https:\/\/ciencia.ufpr.br\/portal\/abertas-as-inscricoes-para-o-35o-premio-paranaense-de-ciencia-e-tecnologia\/","og_locale":"pt_BR","og_type":"article","og_title":"Abertas as inscri\u00e7\u00f5es para o 35\u00ba Pr\u00eamio Paranaense de Ci\u00eancia e Tecnologia - Ci\u00eancia UFPR","og_description":"Edi\u00e7\u00e3o abrange projetos de Ci\u00eancias Exatas e da Terra e Ci\u00eancias da Sa\u00fade. Inscri\u00e7\u00f5es at\u00e9 30 de junho.","og_url":"https:\/\/ciencia.ufpr.br\/portal\/abertas-as-inscricoes-para-o-35o-premio-paranaense-de-ciencia-e-tecnologia\/","og_site_name":"Ci\u00eancia UFPR","article_publisher":"https:\/\/www.facebook.com\/cienciaufproficial","article_author":"https:\/\/facebook.com\/cienciaufproficial\/","article_published_time":"2022-03-08T20:07:12+00:00","article_modified_time":"2022-03-13T20:18:21+00:00","og_image":[{"width":1920,"height":1080,"url":"https:\/\/ciencia.ufpr.br\/portal\/wp-content\/uploads\/2022\/03\/AF_CapaFacebook_34PremioTc-1.jpg","type":"image\/jpeg"}],"author":"Reda\u00e7\u00e3o Ci\u00eancia UFPR","twitter_card":"summary_large_image","twitter_creator":"@cienciaufpr","twitter_site":"@cienciaufpr","twitter_misc":{"Escrito por":"Reda\u00e7\u00e3o Ci\u00eancia UFPR","Est. tempo de leitura":"3 minutos"},"schema":{"@context":"https:\/\/schema.org","@graph":[{"@type":"Article","@id":"https:\/\/ciencia.ufpr.br\/portal\/abertas-as-inscricoes-para-o-35o-premio-paranaense-de-ciencia-e-tecnologia\/#article","isPartOf":{"@id":"https:\/\/ciencia.ufpr.br\/portal\/abertas-as-inscricoes-para-o-35o-premio-paranaense-de-ciencia-e-tecnologia\/"},"author":{"name":"Reda\u00e7\u00e3o Ci\u00eancia UFPR","@id":"https:\/\/ciencia.ufpr.br\/portal\/#\/schema\/person\/562217e00c1aa3a8c132639249490a83"},"headline":"Abertas as inscri\u00e7\u00f5es para o 35\u00ba Pr\u00eamio Paranaense de Ci\u00eancia e Tecnologia","datePublished":"2022-03-08T20:07:12+00:00","dateModified":"2022-03-13T20:18:21+00:00","mainEntityOfPage":{"@id":"https:\/\/ciencia.ufpr.br\/portal\/abertas-as-inscricoes-para-o-35o-premio-paranaense-de-ciencia-e-tecnologia\/"},"wordCount":585,"commentCount":0,"publisher":{"@id":"https:\/\/ciencia.ufpr.br\/portal\/#organization"},"image":{"@id":"https:\/\/ciencia.ufpr.br\/portal\/abertas-as-inscricoes-para-o-35o-premio-paranaense-de-ciencia-e-tecnologia\/#primaryimage"},"thumbnailUrl":"https:\/\/ciencia.ufpr.br\/portal\/wp-content\/uploads\/2022\/03\/AF_CapaFacebook_34PremioTc-1.jpg","keywords":["Paran\u00e1","Pr\u00eamio Paranaense de Ci\u00eancia e Tecnologia","Seti"],"articleSection":["Agenda","Pr\u00eamios"],"inLanguage":"pt-BR","potentialAction":[{"@type":"CommentAction","name":"Comment","target":["https:\/\/ciencia.ufpr.br\/portal\/abertas-as-inscricoes-para-o-35o-premio-paranaense-de-ciencia-e-tecnologia\/#respond"]}]},{"@type":"WebPage","@id":"https:\/\/ciencia.ufpr.br\/portal\/abertas-as-inscricoes-para-o-35o-premio-paranaense-de-ciencia-e-tecnologia\/","url":"https:\/\/ciencia.ufpr.br\/portal\/abertas-as-inscricoes-para-o-35o-premio-paranaense-de-ciencia-e-tecnologia\/","name":"Abertas as inscri\u00e7\u00f5es para o 35\u00ba Pr\u00eamio Paranaense de Ci\u00eancia e Tecnologia - Ci\u00eancia UFPR","isPartOf":{"@id":"https:\/\/ciencia.ufpr.br\/portal\/#website"},"primaryImageOfPage":{"@id":"https:\/\/ciencia.ufpr.br\/portal\/abertas-as-inscricoes-para-o-35o-premio-paranaense-de-ciencia-e-tecnologia\/#primaryimage"},"image":{"@id":"https:\/\/ciencia.ufpr.br\/portal\/abertas-as-inscricoes-para-o-35o-premio-paranaense-de-ciencia-e-tecnologia\/#primaryimage"},"thumbnailUrl":"https:\/\/ciencia.ufpr.br\/portal\/wp-content\/uploads\/2022\/03\/AF_CapaFacebook_34PremioTc-1.jpg","datePublished":"2022-03-08T20:07:12+00:00","dateModified":"2022-03-13T20:18:21+00:00","description":"Edi\u00e7\u00e3o abrange projetos de Ci\u00eancias Exatas e da Terra e Ci\u00eancias da Sa\u00fade. Inscri\u00e7\u00f5es at\u00e9 30 de junho.","breadcrumb":{"@id":"https:\/\/ciencia.ufpr.br\/portal\/abertas-as-inscricoes-para-o-35o-premio-paranaense-de-ciencia-e-tecnologia\/#breadcrumb"},"inLanguage":"pt-BR","potentialAction":[{"@type":"ReadAction","target":["https:\/\/ciencia.ufpr.br\/portal\/abertas-as-inscricoes-para-o-35o-premio-paranaense-de-ciencia-e-tecnologia\/"]}]},{"@type":"ImageObject","inLanguage":"pt-BR","@id":"https:\/\/ciencia.ufpr.br\/portal\/abertas-as-inscricoes-para-o-35o-premio-paranaense-de-ciencia-e-tecnologia\/#primaryimage","url":"https:\/\/ciencia.ufpr.br\/portal\/wp-content\/uploads\/2022\/03\/AF_CapaFacebook_34PremioTc-1.jpg","contentUrl":"https:\/\/ciencia.ufpr.br\/portal\/wp-content\/uploads\/2022\/03\/AF_CapaFacebook_34PremioTc-1.jpg","width":1920,"height":1080},{"@type":"BreadcrumbList","@id":"https:\/\/ciencia.ufpr.br\/portal\/abertas-as-inscricoes-para-o-35o-premio-paranaense-de-ciencia-e-tecnologia\/#breadcrumb","itemListElement":[{"@type":"ListItem","position":1,"name":"Home","item":"https:\/\/ciencia.ufpr.br\/portal\/"},{"@type":"ListItem","position":2,"name":"Abertas as inscri\u00e7\u00f5es para o 35\u00ba Pr\u00eamio Paranaense de Ci\u00eancia e Tecnologia"}]},{"@type":"WebSite","@id":"https:\/\/ciencia.ufpr.br\/portal\/#website","url":"https:\/\/ciencia.ufpr.br\/portal\/","name":"Ci\u00eancia UFPR","description":"Site de temas cient\u00edficos com foco no conhecimento produzido na Universidade Federal do Paran\u00e1 (UFPR). Baseado na Revista Ci\u00eancia UFPR.","publisher":{"@id":"https:\/\/ciencia.ufpr.br\/portal\/#organization"},"potentialAction":[{"@type":"SearchAction","target":{"@type":"EntryPoint","urlTemplate":"https:\/\/ciencia.ufpr.br\/portal\/?s={search_term_string}"},"query-input":{"@type":"PropertyValueSpecification","valueRequired":true,"valueName":"search_term_string"}}],"inLanguage":"pt-BR"},{"@type":"Organization","@id":"https:\/\/ciencia.ufpr.br\/portal\/#organization","name":"Revista Ci\u00eancia UFPR","url":"https:\/\/ciencia.ufpr.br\/portal\/","logo":{"@type":"ImageObject","inLanguage":"pt-BR","@id":"https:\/\/ciencia.ufpr.br\/portal\/#\/schema\/logo\/image\/","url":"https:\/\/ciencia.ufpr.br\/portal\/wp-content\/uploads\/2020\/12\/Revista-Ciencia-UFPR-vermelho.jpeg","contentUrl":"https:\/\/ciencia.ufpr.br\/portal\/wp-content\/uploads\/2020\/12\/Revista-Ciencia-UFPR-vermelho.jpeg","width":992,"height":714,"caption":"Revista Ci\u00eancia UFPR"},"image":{"@id":"https:\/\/ciencia.ufpr.br\/portal\/#\/schema\/logo\/image\/"},"sameAs":["https:\/\/www.facebook.com\/cienciaufproficial","https:\/\/x.com\/cienciaufpr","https:\/\/www.instagram.com\/revistacienciaufpr\/","https:\/\/www.linkedin.com\/company\/cienciaufproficial","https:\/\/br.pinterest.com\/cienciaufpr\/"]},{"@type":"Person","@id":"https:\/\/ciencia.ufpr.br\/portal\/#\/schema\/person\/562217e00c1aa3a8c132639249490a83","name":"Reda\u00e7\u00e3o Ci\u00eancia UFPR","description":"Site de jornalismo e divulga\u00e7\u00e3o cient\u00edficos sobre o conhecimento produzido na Universidade Federal do Paran\u00e1 (UFPR). Baseado na Revista Ci\u00eancia UFPR, editada pela Superintend\u00eancia de Comunica\u00e7\u00e3o (Sucom) desde 2016.","sameAs":["https:\/\/facebook.com\/cienciaufproficial\/","https:\/\/www.instagram.com\/revistacienciaufpr\/","https:\/\/x.com\/cienciaufpr"],"url":"https:\/\/ciencia.ufpr.br\/portal\/author\/revistacienciaufpr\/"}]}},"views":730,"jetpack_sharing_enabled":true,"jetpack_featured_media_url":"https:\/\/ciencia.ufpr.br\/portal\/wp-content\/uploads\/2022\/03\/AF_CapaFacebook_34PremioTc-1.jpg","_links":{"self":[{"href":"https:\/\/ciencia.ufpr.br\/portal\/wp-json\/wp\/v2\/posts\/21504"}],"collection":[{"href":"https:\/\/ciencia.ufpr.br\/portal\/wp-json\/wp\/v2\/posts"}],"about":[{"href":"https:\/\/ciencia.ufpr.br\/portal\/wp-json\/wp\/v2\/types\/post"}],"author":[{"embeddable":true,"href":"https:\/\/ciencia.ufpr.br\/portal\/wp-json\/wp\/v2\/users\/2806"}],"replies":[{"embeddable":true,"href":"https:\/\/ciencia.ufpr.br\/portal\/wp-json\/wp\/v2\/comments?post=21504"}],"version-history":[{"count":3,"href":"https:\/\/ciencia.ufpr.br\/portal\/wp-json\/wp\/v2\/posts\/21504\/revisions"}],"predecessor-version":[{"id":21507,"href":"https:\/\/ciencia.ufpr.br\/portal\/wp-json\/wp\/v2\/posts\/21504\/revisions\/21507"}],"wp:featuredmedia":[{"embeddable":true,"href":"https:\/\/ciencia.ufpr.br\/portal\/wp-json\/wp\/v2\/media\/21534"}],"wp:attachment":[{"href":"https:\/\/ciencia.ufpr.br\/portal\/wp-json\/wp\/v2\/media?parent=21504"}],"wp:term":[{"taxonomy":"category","embeddable":true,"href":"https:\/\/ciencia.ufpr.br\/portal\/wp-json\/wp\/v2\/categories?post=21504"},{"taxonomy":"post_tag","embeddable":true,"href":"https:\/\/ciencia.ufpr.br\/portal\/wp-json\/wp\/v2\/tags?post=21504"}],"curies":[{"name":"wp","href":"https:\/\/api.w.org\/{rel}","templated":true}]}}