{"id":21204,"date":"2022-01-12T14:29:19","date_gmt":"2022-01-12T17:29:19","guid":{"rendered":"https:\/\/ciencia.ufpr.br\/portal\/?p=21204"},"modified":"2022-01-11T14:38:48","modified_gmt":"2022-01-11T17:38:48","slug":"alzheimers-drug-discovery-foundation-seleciona-estudos-para-fomento-veja-datas-em-2022","status":"publish","type":"post","link":"https:\/\/ciencia.ufpr.br\/portal\/alzheimers-drug-discovery-foundation-seleciona-estudos-para-fomento-veja-datas-em-2022\/","title":{"rendered":"Alzheimer&#8217;s Drug Discovery Foundation seleciona estudos para fomento; veja datas em 2022"},"content":{"rendered":"<p>A <a href=\"https:\/\/www.alzdiscovery.org\/\" target=\"_blank\" rel=\"noopener\">Alzheimer&#8217;s Drug Discovery Foundation<\/a> (ADDF), organiza\u00e7\u00e3o filantr\u00f3pica dos Estados Unidos que financia pesquisas acad\u00eamicas e na ind\u00fastria de biotecnologia relacionadas a Alzheimer, dem\u00eancia e decl\u00ednio cognitivo, informou tr\u00eas datas para o envio de propostas de estudos neste ano, a fim de que participem das suas sele\u00e7\u00f5es de fomento.<\/p>\n<p>A entidade estabeleceu prazos para o recebimento de cartas de inten\u00e7\u00e3o em 2022: 4 de fevereiro, 20 de maio e 30 de setembro. As regras e as condi\u00e7\u00f5es est\u00e3o descritas <a href=\"https:\/\/www.alzdiscovery.org\/research-and-grants\/funding-opportunities\/prevention-pipeline\" target=\"_blank\" rel=\"noopener\">aqui<\/a>.<\/p>\n<p>Os temas de interesse da associa\u00e7\u00e3o s\u00e3o: estudos para prevenir ou tratar condi\u00e7\u00f5es de decl\u00ednio cognitivo e redu\u00e7\u00e3o de risco (inclui epidemiologia ou ensaios cl\u00ednicos); pesquisas comparativas de efic\u00e1cia de medicamentos; e estudos epidemiol\u00f3gicos que incrementem o <a href=\"https:\/\/www.alzdiscovery.org\/research-and-grants\/funding-opportunities\/capa-consortium\" target=\"_blank\" rel=\"noopener\">Consortium of Cohorts for Alzheimer&#8217;s Prevention Action<\/a> (Capa).<\/p>\n<h2>Pr\u00eamios s\u00e3o definidos de acordo com o est\u00e1gio e o escopo da pesquisa<\/h2>\n<p>Podem participar pesquisadores e m\u00e9dicos do mundo todo, que atuem em centros m\u00e9dicos acad\u00eamicos, universidades e organiza\u00e7\u00f5es sem fins lucrativos, e empresas de biotecnologia, j\u00e1 existentes ou startups.<\/p>\n<p>A ADDF prev\u00ea pr\u00eamios de at\u00e9 3 mil d\u00f3lares para custos diretos com ensaios cl\u00ednicos, definidos com base no est\u00e1gio e no escopo da pesquisa, e liberados a partir de metas. Recursos adicionais precisam ter contrapartida de outras ag\u00eancias de financiamento ou investidores.<\/p>\n<h6 style=\"text-align: right;\">\ud83d\udd0a Com informa\u00e7\u00f5es da Alzheimer&#8217;s Drug Discovery Foundation.<\/h6>\n","protected":false},"excerpt":{"rendered":"<p>A Alzheimer&#8217;s Drug Discovery Foundation (ADDF), organiza\u00e7\u00e3o filantr\u00f3pica dos Estados Unidos que financia pesquisas acad\u00eamicas e na ind\u00fastria de biotecnologia&#8230;<\/p>\n","protected":false},"author":2806,"featured_media":21205,"comment_status":"open","ping_status":"open","sticky":false,"template":"","format":"standard","meta":{"_acf_changed":false,"footnotes":"","fifu_image_url":"","fifu_image_alt":"","_jetpack_memberships_contains_paid_content":false},"categories":[1144,1607],"tags":[2072,1657,2073,1664,1858],"acf":[],"yoast_head":"<!-- This site is optimized with the Yoast SEO plugin v23.5 - https:\/\/yoast.com\/wordpress\/plugins\/seo\/ -->\n<title>Alzheimer&#039;s Drug Discovery Foundation seleciona estudos para fomento; veja datas em 2022 - Ci\u00eancia UFPR<\/title>\n<meta name=\"description\" content=\"Pesquisadores e m\u00e9dicos do mundo todo podem submeter propostas em tr\u00eas datas no ano, em fevereiro, maio e setembro.\" \/>\n<meta name=\"robots\" content=\"index, follow, max-snippet:-1, max-image-preview:large, max-video-preview:-1\" \/>\n<link rel=\"canonical\" href=\"https:\/\/ciencia.ufpr.br\/portal\/alzheimers-drug-discovery-foundation-seleciona-estudos-para-fomento-veja-datas-em-2022\/\" \/>\n<meta property=\"og:locale\" content=\"pt_BR\" \/>\n<meta property=\"og:type\" content=\"article\" \/>\n<meta property=\"og:title\" content=\"Alzheimer&#039;s Drug Discovery Foundation seleciona estudos para fomento; veja datas em 2022 - Ci\u00eancia UFPR\" \/>\n<meta property=\"og:description\" content=\"Pesquisadores e m\u00e9dicos do mundo todo podem submeter propostas em tr\u00eas datas no ano, em fevereiro, maio e setembro.\" \/>\n<meta property=\"og:url\" content=\"https:\/\/ciencia.ufpr.br\/portal\/alzheimers-drug-discovery-foundation-seleciona-estudos-para-fomento-veja-datas-em-2022\/\" \/>\n<meta property=\"og:site_name\" content=\"Ci\u00eancia UFPR\" \/>\n<meta property=\"article:publisher\" content=\"https:\/\/www.facebook.com\/cienciaufproficial\" \/>\n<meta property=\"article:author\" content=\"https:\/\/facebook.com\/cienciaufproficial\/\" \/>\n<meta property=\"article:published_time\" content=\"2022-01-12T17:29:19+00:00\" \/>\n<meta property=\"article:modified_time\" content=\"2022-01-11T17:38:48+00:00\" \/>\n<meta property=\"og:image\" content=\"https:\/\/ciencia.ufpr.br\/portal\/wp-content\/uploads\/2022\/01\/Patients-with-Alzheimers-disease.png\" \/>\n\t<meta property=\"og:image:width\" content=\"640\" \/>\n\t<meta property=\"og:image:height\" content=\"360\" \/>\n\t<meta property=\"og:image:type\" content=\"image\/png\" \/>\n<meta name=\"author\" content=\"Reda\u00e7\u00e3o Ci\u00eancia UFPR\" \/>\n<meta name=\"twitter:card\" content=\"summary_large_image\" \/>\n<meta name=\"twitter:creator\" content=\"@cienciaufpr\" \/>\n<meta name=\"twitter:site\" content=\"@cienciaufpr\" \/>\n<meta name=\"twitter:label1\" content=\"Escrito por\" \/>\n\t<meta name=\"twitter:data1\" content=\"Reda\u00e7\u00e3o Ci\u00eancia UFPR\" \/>\n\t<meta name=\"twitter:label2\" content=\"Est. tempo de leitura\" \/>\n\t<meta name=\"twitter:data2\" content=\"2 minutos\" \/>\n<script type=\"application\/ld+json\" class=\"yoast-schema-graph\">{\"@context\":\"https:\/\/schema.org\",\"@graph\":[{\"@type\":\"Article\",\"@id\":\"https:\/\/ciencia.ufpr.br\/portal\/alzheimers-drug-discovery-foundation-seleciona-estudos-para-fomento-veja-datas-em-2022\/#article\",\"isPartOf\":{\"@id\":\"https:\/\/ciencia.ufpr.br\/portal\/alzheimers-drug-discovery-foundation-seleciona-estudos-para-fomento-veja-datas-em-2022\/\"},\"author\":{\"name\":\"Reda\u00e7\u00e3o Ci\u00eancia UFPR\",\"@id\":\"https:\/\/ciencia.ufpr.br\/portal\/#\/schema\/person\/562217e00c1aa3a8c132639249490a83\"},\"headline\":\"Alzheimer&#8217;s Drug Discovery Foundation seleciona estudos para fomento; veja datas em 2022\",\"datePublished\":\"2022-01-12T17:29:19+00:00\",\"dateModified\":\"2022-01-11T17:38:48+00:00\",\"mainEntityOfPage\":{\"@id\":\"https:\/\/ciencia.ufpr.br\/portal\/alzheimers-drug-discovery-foundation-seleciona-estudos-para-fomento-veja-datas-em-2022\/\"},\"wordCount\":258,\"commentCount\":0,\"publisher\":{\"@id\":\"https:\/\/ciencia.ufpr.br\/portal\/#organization\"},\"image\":{\"@id\":\"https:\/\/ciencia.ufpr.br\/portal\/alzheimers-drug-discovery-foundation-seleciona-estudos-para-fomento-veja-datas-em-2022\/#primaryimage\"},\"thumbnailUrl\":\"https:\/\/ciencia.ufpr.br\/portal\/wp-content\/uploads\/2022\/01\/Patients-with-Alzheimers-disease.png\",\"keywords\":[\"Alzheimer\",\"biotecnologia\",\"dem\u00eancia\",\"epidemiologia\",\"fomento\"],\"articleSection\":[\"Agenda\",\"Pr\u00eamios\"],\"inLanguage\":\"pt-BR\",\"potentialAction\":[{\"@type\":\"CommentAction\",\"name\":\"Comment\",\"target\":[\"https:\/\/ciencia.ufpr.br\/portal\/alzheimers-drug-discovery-foundation-seleciona-estudos-para-fomento-veja-datas-em-2022\/#respond\"]}]},{\"@type\":\"WebPage\",\"@id\":\"https:\/\/ciencia.ufpr.br\/portal\/alzheimers-drug-discovery-foundation-seleciona-estudos-para-fomento-veja-datas-em-2022\/\",\"url\":\"https:\/\/ciencia.ufpr.br\/portal\/alzheimers-drug-discovery-foundation-seleciona-estudos-para-fomento-veja-datas-em-2022\/\",\"name\":\"Alzheimer's Drug Discovery Foundation seleciona estudos para fomento; veja datas em 2022 - Ci\u00eancia UFPR\",\"isPartOf\":{\"@id\":\"https:\/\/ciencia.ufpr.br\/portal\/#website\"},\"primaryImageOfPage\":{\"@id\":\"https:\/\/ciencia.ufpr.br\/portal\/alzheimers-drug-discovery-foundation-seleciona-estudos-para-fomento-veja-datas-em-2022\/#primaryimage\"},\"image\":{\"@id\":\"https:\/\/ciencia.ufpr.br\/portal\/alzheimers-drug-discovery-foundation-seleciona-estudos-para-fomento-veja-datas-em-2022\/#primaryimage\"},\"thumbnailUrl\":\"https:\/\/ciencia.ufpr.br\/portal\/wp-content\/uploads\/2022\/01\/Patients-with-Alzheimers-disease.png\",\"datePublished\":\"2022-01-12T17:29:19+00:00\",\"dateModified\":\"2022-01-11T17:38:48+00:00\",\"description\":\"Pesquisadores e m\u00e9dicos do mundo todo podem submeter propostas em tr\u00eas datas no ano, em fevereiro, maio e setembro.\",\"breadcrumb\":{\"@id\":\"https:\/\/ciencia.ufpr.br\/portal\/alzheimers-drug-discovery-foundation-seleciona-estudos-para-fomento-veja-datas-em-2022\/#breadcrumb\"},\"inLanguage\":\"pt-BR\",\"potentialAction\":[{\"@type\":\"ReadAction\",\"target\":[\"https:\/\/ciencia.ufpr.br\/portal\/alzheimers-drug-discovery-foundation-seleciona-estudos-para-fomento-veja-datas-em-2022\/\"]}]},{\"@type\":\"ImageObject\",\"inLanguage\":\"pt-BR\",\"@id\":\"https:\/\/ciencia.ufpr.br\/portal\/alzheimers-drug-discovery-foundation-seleciona-estudos-para-fomento-veja-datas-em-2022\/#primaryimage\",\"url\":\"https:\/\/ciencia.ufpr.br\/portal\/wp-content\/uploads\/2022\/01\/Patients-with-Alzheimers-disease.png\",\"contentUrl\":\"https:\/\/ciencia.ufpr.br\/portal\/wp-content\/uploads\/2022\/01\/Patients-with-Alzheimers-disease.png\",\"width\":640,\"height\":360,\"caption\":\"Ilustra\u00e7\u00e3o: pch.vector\/Freepik\"},{\"@type\":\"BreadcrumbList\",\"@id\":\"https:\/\/ciencia.ufpr.br\/portal\/alzheimers-drug-discovery-foundation-seleciona-estudos-para-fomento-veja-datas-em-2022\/#breadcrumb\",\"itemListElement\":[{\"@type\":\"ListItem\",\"position\":1,\"name\":\"Home\",\"item\":\"https:\/\/ciencia.ufpr.br\/portal\/\"},{\"@type\":\"ListItem\",\"position\":2,\"name\":\"Alzheimer&#8217;s Drug Discovery Foundation seleciona estudos para fomento; veja datas em 2022\"}]},{\"@type\":\"WebSite\",\"@id\":\"https:\/\/ciencia.ufpr.br\/portal\/#website\",\"url\":\"https:\/\/ciencia.ufpr.br\/portal\/\",\"name\":\"Ci\u00eancia UFPR\",\"description\":\"Site de temas cient\u00edficos com foco no conhecimento produzido na Universidade Federal do Paran\u00e1 (UFPR). Baseado na Revista Ci\u00eancia UFPR.\",\"publisher\":{\"@id\":\"https:\/\/ciencia.ufpr.br\/portal\/#organization\"},\"potentialAction\":[{\"@type\":\"SearchAction\",\"target\":{\"@type\":\"EntryPoint\",\"urlTemplate\":\"https:\/\/ciencia.ufpr.br\/portal\/?s={search_term_string}\"},\"query-input\":{\"@type\":\"PropertyValueSpecification\",\"valueRequired\":true,\"valueName\":\"search_term_string\"}}],\"inLanguage\":\"pt-BR\"},{\"@type\":\"Organization\",\"@id\":\"https:\/\/ciencia.ufpr.br\/portal\/#organization\",\"name\":\"Revista Ci\u00eancia UFPR\",\"url\":\"https:\/\/ciencia.ufpr.br\/portal\/\",\"logo\":{\"@type\":\"ImageObject\",\"inLanguage\":\"pt-BR\",\"@id\":\"https:\/\/ciencia.ufpr.br\/portal\/#\/schema\/logo\/image\/\",\"url\":\"https:\/\/ciencia.ufpr.br\/portal\/wp-content\/uploads\/2020\/12\/Revista-Ciencia-UFPR-vermelho.jpeg\",\"contentUrl\":\"https:\/\/ciencia.ufpr.br\/portal\/wp-content\/uploads\/2020\/12\/Revista-Ciencia-UFPR-vermelho.jpeg\",\"width\":992,\"height\":714,\"caption\":\"Revista Ci\u00eancia UFPR\"},\"image\":{\"@id\":\"https:\/\/ciencia.ufpr.br\/portal\/#\/schema\/logo\/image\/\"},\"sameAs\":[\"https:\/\/www.facebook.com\/cienciaufproficial\",\"https:\/\/x.com\/cienciaufpr\",\"https:\/\/www.instagram.com\/revistacienciaufpr\/\",\"https:\/\/www.linkedin.com\/company\/cienciaufproficial\",\"https:\/\/br.pinterest.com\/cienciaufpr\/\"]},{\"@type\":\"Person\",\"@id\":\"https:\/\/ciencia.ufpr.br\/portal\/#\/schema\/person\/562217e00c1aa3a8c132639249490a83\",\"name\":\"Reda\u00e7\u00e3o Ci\u00eancia UFPR\",\"description\":\"Site de jornalismo e divulga\u00e7\u00e3o cient\u00edficos sobre o conhecimento produzido na Universidade Federal do Paran\u00e1 (UFPR). Baseado na Revista Ci\u00eancia UFPR, editada pela Superintend\u00eancia de Comunica\u00e7\u00e3o (Sucom) desde 2016.\",\"sameAs\":[\"https:\/\/facebook.com\/cienciaufproficial\/\",\"https:\/\/www.instagram.com\/revistacienciaufpr\/\",\"https:\/\/x.com\/cienciaufpr\"],\"url\":\"https:\/\/ciencia.ufpr.br\/portal\/author\/revistacienciaufpr\/\"}]}<\/script>\n<!-- \/ Yoast SEO plugin. -->","yoast_head_json":{"title":"Alzheimer's Drug Discovery Foundation seleciona estudos para fomento; veja datas em 2022 - Ci\u00eancia UFPR","description":"Pesquisadores e m\u00e9dicos do mundo todo podem submeter propostas em tr\u00eas datas no ano, em fevereiro, maio e setembro.","robots":{"index":"index","follow":"follow","max-snippet":"max-snippet:-1","max-image-preview":"max-image-preview:large","max-video-preview":"max-video-preview:-1"},"canonical":"https:\/\/ciencia.ufpr.br\/portal\/alzheimers-drug-discovery-foundation-seleciona-estudos-para-fomento-veja-datas-em-2022\/","og_locale":"pt_BR","og_type":"article","og_title":"Alzheimer's Drug Discovery Foundation seleciona estudos para fomento; veja datas em 2022 - Ci\u00eancia UFPR","og_description":"Pesquisadores e m\u00e9dicos do mundo todo podem submeter propostas em tr\u00eas datas no ano, em fevereiro, maio e setembro.","og_url":"https:\/\/ciencia.ufpr.br\/portal\/alzheimers-drug-discovery-foundation-seleciona-estudos-para-fomento-veja-datas-em-2022\/","og_site_name":"Ci\u00eancia UFPR","article_publisher":"https:\/\/www.facebook.com\/cienciaufproficial","article_author":"https:\/\/facebook.com\/cienciaufproficial\/","article_published_time":"2022-01-12T17:29:19+00:00","article_modified_time":"2022-01-11T17:38:48+00:00","og_image":[{"width":640,"height":360,"url":"https:\/\/ciencia.ufpr.br\/portal\/wp-content\/uploads\/2022\/01\/Patients-with-Alzheimers-disease.png","type":"image\/png"}],"author":"Reda\u00e7\u00e3o Ci\u00eancia UFPR","twitter_card":"summary_large_image","twitter_creator":"@cienciaufpr","twitter_site":"@cienciaufpr","twitter_misc":{"Escrito por":"Reda\u00e7\u00e3o Ci\u00eancia UFPR","Est. tempo de leitura":"2 minutos"},"schema":{"@context":"https:\/\/schema.org","@graph":[{"@type":"Article","@id":"https:\/\/ciencia.ufpr.br\/portal\/alzheimers-drug-discovery-foundation-seleciona-estudos-para-fomento-veja-datas-em-2022\/#article","isPartOf":{"@id":"https:\/\/ciencia.ufpr.br\/portal\/alzheimers-drug-discovery-foundation-seleciona-estudos-para-fomento-veja-datas-em-2022\/"},"author":{"name":"Reda\u00e7\u00e3o Ci\u00eancia UFPR","@id":"https:\/\/ciencia.ufpr.br\/portal\/#\/schema\/person\/562217e00c1aa3a8c132639249490a83"},"headline":"Alzheimer&#8217;s Drug Discovery Foundation seleciona estudos para fomento; veja datas em 2022","datePublished":"2022-01-12T17:29:19+00:00","dateModified":"2022-01-11T17:38:48+00:00","mainEntityOfPage":{"@id":"https:\/\/ciencia.ufpr.br\/portal\/alzheimers-drug-discovery-foundation-seleciona-estudos-para-fomento-veja-datas-em-2022\/"},"wordCount":258,"commentCount":0,"publisher":{"@id":"https:\/\/ciencia.ufpr.br\/portal\/#organization"},"image":{"@id":"https:\/\/ciencia.ufpr.br\/portal\/alzheimers-drug-discovery-foundation-seleciona-estudos-para-fomento-veja-datas-em-2022\/#primaryimage"},"thumbnailUrl":"https:\/\/ciencia.ufpr.br\/portal\/wp-content\/uploads\/2022\/01\/Patients-with-Alzheimers-disease.png","keywords":["Alzheimer","biotecnologia","dem\u00eancia","epidemiologia","fomento"],"articleSection":["Agenda","Pr\u00eamios"],"inLanguage":"pt-BR","potentialAction":[{"@type":"CommentAction","name":"Comment","target":["https:\/\/ciencia.ufpr.br\/portal\/alzheimers-drug-discovery-foundation-seleciona-estudos-para-fomento-veja-datas-em-2022\/#respond"]}]},{"@type":"WebPage","@id":"https:\/\/ciencia.ufpr.br\/portal\/alzheimers-drug-discovery-foundation-seleciona-estudos-para-fomento-veja-datas-em-2022\/","url":"https:\/\/ciencia.ufpr.br\/portal\/alzheimers-drug-discovery-foundation-seleciona-estudos-para-fomento-veja-datas-em-2022\/","name":"Alzheimer's Drug Discovery Foundation seleciona estudos para fomento; veja datas em 2022 - Ci\u00eancia UFPR","isPartOf":{"@id":"https:\/\/ciencia.ufpr.br\/portal\/#website"},"primaryImageOfPage":{"@id":"https:\/\/ciencia.ufpr.br\/portal\/alzheimers-drug-discovery-foundation-seleciona-estudos-para-fomento-veja-datas-em-2022\/#primaryimage"},"image":{"@id":"https:\/\/ciencia.ufpr.br\/portal\/alzheimers-drug-discovery-foundation-seleciona-estudos-para-fomento-veja-datas-em-2022\/#primaryimage"},"thumbnailUrl":"https:\/\/ciencia.ufpr.br\/portal\/wp-content\/uploads\/2022\/01\/Patients-with-Alzheimers-disease.png","datePublished":"2022-01-12T17:29:19+00:00","dateModified":"2022-01-11T17:38:48+00:00","description":"Pesquisadores e m\u00e9dicos do mundo todo podem submeter propostas em tr\u00eas datas no ano, em fevereiro, maio e setembro.","breadcrumb":{"@id":"https:\/\/ciencia.ufpr.br\/portal\/alzheimers-drug-discovery-foundation-seleciona-estudos-para-fomento-veja-datas-em-2022\/#breadcrumb"},"inLanguage":"pt-BR","potentialAction":[{"@type":"ReadAction","target":["https:\/\/ciencia.ufpr.br\/portal\/alzheimers-drug-discovery-foundation-seleciona-estudos-para-fomento-veja-datas-em-2022\/"]}]},{"@type":"ImageObject","inLanguage":"pt-BR","@id":"https:\/\/ciencia.ufpr.br\/portal\/alzheimers-drug-discovery-foundation-seleciona-estudos-para-fomento-veja-datas-em-2022\/#primaryimage","url":"https:\/\/ciencia.ufpr.br\/portal\/wp-content\/uploads\/2022\/01\/Patients-with-Alzheimers-disease.png","contentUrl":"https:\/\/ciencia.ufpr.br\/portal\/wp-content\/uploads\/2022\/01\/Patients-with-Alzheimers-disease.png","width":640,"height":360,"caption":"Ilustra\u00e7\u00e3o: pch.vector\/Freepik"},{"@type":"BreadcrumbList","@id":"https:\/\/ciencia.ufpr.br\/portal\/alzheimers-drug-discovery-foundation-seleciona-estudos-para-fomento-veja-datas-em-2022\/#breadcrumb","itemListElement":[{"@type":"ListItem","position":1,"name":"Home","item":"https:\/\/ciencia.ufpr.br\/portal\/"},{"@type":"ListItem","position":2,"name":"Alzheimer&#8217;s Drug Discovery Foundation seleciona estudos para fomento; veja datas em 2022"}]},{"@type":"WebSite","@id":"https:\/\/ciencia.ufpr.br\/portal\/#website","url":"https:\/\/ciencia.ufpr.br\/portal\/","name":"Ci\u00eancia UFPR","description":"Site de temas cient\u00edficos com foco no conhecimento produzido na Universidade Federal do Paran\u00e1 (UFPR). Baseado na Revista Ci\u00eancia UFPR.","publisher":{"@id":"https:\/\/ciencia.ufpr.br\/portal\/#organization"},"potentialAction":[{"@type":"SearchAction","target":{"@type":"EntryPoint","urlTemplate":"https:\/\/ciencia.ufpr.br\/portal\/?s={search_term_string}"},"query-input":{"@type":"PropertyValueSpecification","valueRequired":true,"valueName":"search_term_string"}}],"inLanguage":"pt-BR"},{"@type":"Organization","@id":"https:\/\/ciencia.ufpr.br\/portal\/#organization","name":"Revista Ci\u00eancia UFPR","url":"https:\/\/ciencia.ufpr.br\/portal\/","logo":{"@type":"ImageObject","inLanguage":"pt-BR","@id":"https:\/\/ciencia.ufpr.br\/portal\/#\/schema\/logo\/image\/","url":"https:\/\/ciencia.ufpr.br\/portal\/wp-content\/uploads\/2020\/12\/Revista-Ciencia-UFPR-vermelho.jpeg","contentUrl":"https:\/\/ciencia.ufpr.br\/portal\/wp-content\/uploads\/2020\/12\/Revista-Ciencia-UFPR-vermelho.jpeg","width":992,"height":714,"caption":"Revista Ci\u00eancia UFPR"},"image":{"@id":"https:\/\/ciencia.ufpr.br\/portal\/#\/schema\/logo\/image\/"},"sameAs":["https:\/\/www.facebook.com\/cienciaufproficial","https:\/\/x.com\/cienciaufpr","https:\/\/www.instagram.com\/revistacienciaufpr\/","https:\/\/www.linkedin.com\/company\/cienciaufproficial","https:\/\/br.pinterest.com\/cienciaufpr\/"]},{"@type":"Person","@id":"https:\/\/ciencia.ufpr.br\/portal\/#\/schema\/person\/562217e00c1aa3a8c132639249490a83","name":"Reda\u00e7\u00e3o Ci\u00eancia UFPR","description":"Site de jornalismo e divulga\u00e7\u00e3o cient\u00edficos sobre o conhecimento produzido na Universidade Federal do Paran\u00e1 (UFPR). Baseado na Revista Ci\u00eancia UFPR, editada pela Superintend\u00eancia de Comunica\u00e7\u00e3o (Sucom) desde 2016.","sameAs":["https:\/\/facebook.com\/cienciaufproficial\/","https:\/\/www.instagram.com\/revistacienciaufpr\/","https:\/\/x.com\/cienciaufpr"],"url":"https:\/\/ciencia.ufpr.br\/portal\/author\/revistacienciaufpr\/"}]}},"views":690,"jetpack_sharing_enabled":true,"jetpack_featured_media_url":"https:\/\/ciencia.ufpr.br\/portal\/wp-content\/uploads\/2022\/01\/Patients-with-Alzheimers-disease.png","_links":{"self":[{"href":"https:\/\/ciencia.ufpr.br\/portal\/wp-json\/wp\/v2\/posts\/21204"}],"collection":[{"href":"https:\/\/ciencia.ufpr.br\/portal\/wp-json\/wp\/v2\/posts"}],"about":[{"href":"https:\/\/ciencia.ufpr.br\/portal\/wp-json\/wp\/v2\/types\/post"}],"author":[{"embeddable":true,"href":"https:\/\/ciencia.ufpr.br\/portal\/wp-json\/wp\/v2\/users\/2806"}],"replies":[{"embeddable":true,"href":"https:\/\/ciencia.ufpr.br\/portal\/wp-json\/wp\/v2\/comments?post=21204"}],"version-history":[{"count":5,"href":"https:\/\/ciencia.ufpr.br\/portal\/wp-json\/wp\/v2\/posts\/21204\/revisions"}],"predecessor-version":[{"id":21210,"href":"https:\/\/ciencia.ufpr.br\/portal\/wp-json\/wp\/v2\/posts\/21204\/revisions\/21210"}],"wp:featuredmedia":[{"embeddable":true,"href":"https:\/\/ciencia.ufpr.br\/portal\/wp-json\/wp\/v2\/media\/21205"}],"wp:attachment":[{"href":"https:\/\/ciencia.ufpr.br\/portal\/wp-json\/wp\/v2\/media?parent=21204"}],"wp:term":[{"taxonomy":"category","embeddable":true,"href":"https:\/\/ciencia.ufpr.br\/portal\/wp-json\/wp\/v2\/categories?post=21204"},{"taxonomy":"post_tag","embeddable":true,"href":"https:\/\/ciencia.ufpr.br\/portal\/wp-json\/wp\/v2\/tags?post=21204"}],"curies":[{"name":"wp","href":"https:\/\/api.w.org\/{rel}","templated":true}]}}