{"id":20210,"date":"2021-06-25T02:17:13","date_gmt":"2021-06-25T05:17:13","guid":{"rendered":"https:\/\/ciencia.ufpr.br\/portal\/?p=20210"},"modified":"2021-11-19T18:44:11","modified_gmt":"2021-11-19T21:44:11","slug":"cnpq-chamamento-publico-sobre-terapias-avancadas-recebe-propostas-ate-19-8","status":"publish","type":"post","link":"https:\/\/ciencia.ufpr.br\/portal\/cnpq-chamamento-publico-sobre-terapias-avancadas-recebe-propostas-ate-19-8\/","title":{"rendered":"CNPq: chamamento p\u00fablico sobre terapias avan\u00e7adas recebe propostas at\u00e9 19\/8"},"content":{"rendered":"<p>O Conselho Nacional de Desenvolvimento Cient\u00edfico e Tecnol\u00f3gico (CNPq) lan\u00e7ou um chamamento de prospec\u00e7\u00e3o de projetos de pesquisa, desenvolvimento e inova\u00e7\u00e3o em terapias avan\u00e7adas, com objetivo de identificar, para eventual financiamento, estudos com ensaios pr\u00e9-cl\u00ednicos em fases I, II ou III nas \u00e1reas de terapia g\u00eanica, terapia celular avan\u00e7ada e produtos de engenharia tecidual.<\/p>\n<p>As submiss\u00f5es de propostas podem ser realizadas at\u00e9 o dia 19 de agosto.<\/p>\n<p>O edital pode ser consultado <a href=\"http:\/\/memoria2.cnpq.br\/web\/guest\/chamadas-publicas?p_p_id=resultadosportlet_WAR_resultadoscnpqportlet_INSTANCE_0ZaM&amp;filtro=abertas&amp;detalha=chamadaDivulgada&amp;idDivulgacao=10182\" target=\"_blank\" rel=\"noopener\">no site do conselho<\/a>.<\/p>\n<p>De acordo com o edital, o objetivo da chamada \u00e9 identificar, para eventual financiamento pelo Minist\u00e9rio da Ci\u00eancia, Tecnologia e Inova\u00e7\u00f5es (MCTI) e parceiros, projetos com ensaios pr\u00e9-cl\u00ednicos, ensaios cl\u00ednicos fase I, fase II ou fase I\/II, em andamento ou finalizados, com produtos de Terapias Avan\u00e7adas que sejam de especial interesse nacional no \u00e2mbito da <a href=\"http:\/\/www.finep.gov.br\/images\/a-finep\/Politica\/16_03_2018_Estrategia_Nacional_de_Ciencia_Tecnologia_e_Inovacao_2016_2022.pdf\" target=\"_blank\" rel=\"noopener\">Estrat\u00e9gia Nacional de Ci\u00eancia, Tecnologia e Inova\u00e7\u00e3o 2016-2022<\/a>.<\/p>\n<h6 style=\"text-align: right;\">\ud83d\udd0a\u00a0Com informa\u00e7\u00f5es do CNPq.<\/h6>\n","protected":false},"excerpt":{"rendered":"<p>O Conselho Nacional de Desenvolvimento Cient\u00edfico e Tecnol\u00f3gico (CNPq) lan\u00e7ou um chamamento de prospec\u00e7\u00e3o de projetos de pesquisa, desenvolvimento e&#8230;<\/p>\n","protected":false},"author":2806,"featured_media":20212,"comment_status":"open","ping_status":"open","sticky":false,"template":"","format":"standard","meta":{"_acf_changed":false,"footnotes":"","fifu_image_url":"","fifu_image_alt":"","_jetpack_memberships_contains_paid_content":false},"categories":[1144,1145],"tags":[1976,1652,1978,1977],"acf":[],"yoast_head":"<!-- This site is optimized with the Yoast SEO plugin v23.5 - https:\/\/yoast.com\/wordpress\/plugins\/seo\/ -->\n<title>CNPq: chamamento p\u00fablico sobre terapias avan\u00e7adas recebe propostas at\u00e9 19\/8 - Ci\u00eancia UFPR<\/title>\n<meta name=\"description\" content=\"Foco s\u00e3o estudos com ensaios pr\u00e9-cl\u00ednicos nas \u00e1reas de terapia g\u00eanica, terapia celular avan\u00e7ada e produtos de engenharia tecidual.\" \/>\n<meta name=\"robots\" content=\"index, follow, max-snippet:-1, max-image-preview:large, max-video-preview:-1\" \/>\n<link rel=\"canonical\" href=\"https:\/\/ciencia.ufpr.br\/portal\/cnpq-chamamento-publico-sobre-terapias-avancadas-recebe-propostas-ate-19-8\/\" \/>\n<meta property=\"og:locale\" content=\"pt_BR\" \/>\n<meta property=\"og:type\" content=\"article\" \/>\n<meta property=\"og:title\" content=\"CNPq: chamamento p\u00fablico sobre terapias avan\u00e7adas recebe propostas at\u00e9 19\/8 - Ci\u00eancia UFPR\" \/>\n<meta property=\"og:description\" content=\"Foco s\u00e3o estudos com ensaios pr\u00e9-cl\u00ednicos nas \u00e1reas de terapia g\u00eanica, terapia celular avan\u00e7ada e produtos de engenharia tecidual.\" \/>\n<meta property=\"og:url\" content=\"https:\/\/ciencia.ufpr.br\/portal\/cnpq-chamamento-publico-sobre-terapias-avancadas-recebe-propostas-ate-19-8\/\" \/>\n<meta property=\"og:site_name\" content=\"Ci\u00eancia UFPR\" \/>\n<meta property=\"article:publisher\" content=\"https:\/\/www.facebook.com\/cienciaufproficial\" \/>\n<meta property=\"article:author\" content=\"https:\/\/facebook.com\/cienciaufproficial\/\" \/>\n<meta property=\"article:published_time\" content=\"2021-06-25T05:17:13+00:00\" \/>\n<meta property=\"article:modified_time\" content=\"2021-11-19T21:44:11+00:00\" \/>\n<meta property=\"og:image\" content=\"https:\/\/ciencia.ufpr.br\/portal\/wp-content\/uploads\/2021\/06\/ONKJC60.jpg\" \/>\n\t<meta property=\"og:image:width\" content=\"1920\" \/>\n\t<meta property=\"og:image:height\" content=\"1080\" \/>\n\t<meta property=\"og:image:type\" content=\"image\/jpeg\" \/>\n<meta name=\"author\" content=\"Reda\u00e7\u00e3o Ci\u00eancia UFPR\" \/>\n<meta name=\"twitter:card\" content=\"summary_large_image\" \/>\n<meta name=\"twitter:creator\" content=\"@cienciaufpr\" \/>\n<meta name=\"twitter:site\" content=\"@cienciaufpr\" \/>\n<meta name=\"twitter:label1\" content=\"Escrito por\" \/>\n\t<meta name=\"twitter:data1\" content=\"Reda\u00e7\u00e3o Ci\u00eancia UFPR\" \/>\n\t<meta name=\"twitter:label2\" content=\"Est. tempo de leitura\" \/>\n\t<meta name=\"twitter:data2\" content=\"1 minuto\" \/>\n<script type=\"application\/ld+json\" class=\"yoast-schema-graph\">{\"@context\":\"https:\/\/schema.org\",\"@graph\":[{\"@type\":\"Article\",\"@id\":\"https:\/\/ciencia.ufpr.br\/portal\/cnpq-chamamento-publico-sobre-terapias-avancadas-recebe-propostas-ate-19-8\/#article\",\"isPartOf\":{\"@id\":\"https:\/\/ciencia.ufpr.br\/portal\/cnpq-chamamento-publico-sobre-terapias-avancadas-recebe-propostas-ate-19-8\/\"},\"author\":{\"name\":\"Reda\u00e7\u00e3o Ci\u00eancia UFPR\",\"@id\":\"https:\/\/ciencia.ufpr.br\/portal\/#\/schema\/person\/562217e00c1aa3a8c132639249490a83\"},\"headline\":\"CNPq: chamamento p\u00fablico sobre terapias avan\u00e7adas recebe propostas at\u00e9 19\/8\",\"datePublished\":\"2021-06-25T05:17:13+00:00\",\"dateModified\":\"2021-11-19T21:44:11+00:00\",\"mainEntityOfPage\":{\"@id\":\"https:\/\/ciencia.ufpr.br\/portal\/cnpq-chamamento-publico-sobre-terapias-avancadas-recebe-propostas-ate-19-8\/\"},\"wordCount\":175,\"commentCount\":0,\"publisher\":{\"@id\":\"https:\/\/ciencia.ufpr.br\/portal\/#organization\"},\"image\":{\"@id\":\"https:\/\/ciencia.ufpr.br\/portal\/cnpq-chamamento-publico-sobre-terapias-avancadas-recebe-propostas-ate-19-8\/#primaryimage\"},\"thumbnailUrl\":\"https:\/\/ciencia.ufpr.br\/portal\/wp-content\/uploads\/2021\/06\/ONKJC60.jpg\",\"keywords\":[\"2021\",\"gen\u00e9tica\",\"terapia g\u00eanica\",\"terapias avan\u00e7adas\"],\"articleSection\":[\"Agenda\",\"Chamadas\"],\"inLanguage\":\"pt-BR\",\"potentialAction\":[{\"@type\":\"CommentAction\",\"name\":\"Comment\",\"target\":[\"https:\/\/ciencia.ufpr.br\/portal\/cnpq-chamamento-publico-sobre-terapias-avancadas-recebe-propostas-ate-19-8\/#respond\"]}]},{\"@type\":\"WebPage\",\"@id\":\"https:\/\/ciencia.ufpr.br\/portal\/cnpq-chamamento-publico-sobre-terapias-avancadas-recebe-propostas-ate-19-8\/\",\"url\":\"https:\/\/ciencia.ufpr.br\/portal\/cnpq-chamamento-publico-sobre-terapias-avancadas-recebe-propostas-ate-19-8\/\",\"name\":\"CNPq: chamamento p\u00fablico sobre terapias avan\u00e7adas recebe propostas at\u00e9 19\/8 - Ci\u00eancia UFPR\",\"isPartOf\":{\"@id\":\"https:\/\/ciencia.ufpr.br\/portal\/#website\"},\"primaryImageOfPage\":{\"@id\":\"https:\/\/ciencia.ufpr.br\/portal\/cnpq-chamamento-publico-sobre-terapias-avancadas-recebe-propostas-ate-19-8\/#primaryimage\"},\"image\":{\"@id\":\"https:\/\/ciencia.ufpr.br\/portal\/cnpq-chamamento-publico-sobre-terapias-avancadas-recebe-propostas-ate-19-8\/#primaryimage\"},\"thumbnailUrl\":\"https:\/\/ciencia.ufpr.br\/portal\/wp-content\/uploads\/2021\/06\/ONKJC60.jpg\",\"datePublished\":\"2021-06-25T05:17:13+00:00\",\"dateModified\":\"2021-11-19T21:44:11+00:00\",\"description\":\"Foco s\u00e3o estudos com ensaios pr\u00e9-cl\u00ednicos nas \u00e1reas de terapia g\u00eanica, terapia celular avan\u00e7ada e produtos de engenharia tecidual.\",\"breadcrumb\":{\"@id\":\"https:\/\/ciencia.ufpr.br\/portal\/cnpq-chamamento-publico-sobre-terapias-avancadas-recebe-propostas-ate-19-8\/#breadcrumb\"},\"inLanguage\":\"pt-BR\",\"potentialAction\":[{\"@type\":\"ReadAction\",\"target\":[\"https:\/\/ciencia.ufpr.br\/portal\/cnpq-chamamento-publico-sobre-terapias-avancadas-recebe-propostas-ate-19-8\/\"]}]},{\"@type\":\"ImageObject\",\"inLanguage\":\"pt-BR\",\"@id\":\"https:\/\/ciencia.ufpr.br\/portal\/cnpq-chamamento-publico-sobre-terapias-avancadas-recebe-propostas-ate-19-8\/#primaryimage\",\"url\":\"https:\/\/ciencia.ufpr.br\/portal\/wp-content\/uploads\/2021\/06\/ONKJC60.jpg\",\"contentUrl\":\"https:\/\/ciencia.ufpr.br\/portal\/wp-content\/uploads\/2021\/06\/ONKJC60.jpg\",\"width\":1920,\"height\":1080,\"caption\":\"Ilustra\u00e7\u00e3o: Vectorarte\/Freepik\"},{\"@type\":\"BreadcrumbList\",\"@id\":\"https:\/\/ciencia.ufpr.br\/portal\/cnpq-chamamento-publico-sobre-terapias-avancadas-recebe-propostas-ate-19-8\/#breadcrumb\",\"itemListElement\":[{\"@type\":\"ListItem\",\"position\":1,\"name\":\"Home\",\"item\":\"https:\/\/ciencia.ufpr.br\/portal\/\"},{\"@type\":\"ListItem\",\"position\":2,\"name\":\"CNPq: chamamento p\u00fablico sobre terapias avan\u00e7adas recebe propostas at\u00e9 19\/8\"}]},{\"@type\":\"WebSite\",\"@id\":\"https:\/\/ciencia.ufpr.br\/portal\/#website\",\"url\":\"https:\/\/ciencia.ufpr.br\/portal\/\",\"name\":\"Ci\u00eancia UFPR\",\"description\":\"Site de temas cient\u00edficos com foco no conhecimento produzido na Universidade Federal do Paran\u00e1 (UFPR). Baseado na Revista Ci\u00eancia UFPR.\",\"publisher\":{\"@id\":\"https:\/\/ciencia.ufpr.br\/portal\/#organization\"},\"potentialAction\":[{\"@type\":\"SearchAction\",\"target\":{\"@type\":\"EntryPoint\",\"urlTemplate\":\"https:\/\/ciencia.ufpr.br\/portal\/?s={search_term_string}\"},\"query-input\":{\"@type\":\"PropertyValueSpecification\",\"valueRequired\":true,\"valueName\":\"search_term_string\"}}],\"inLanguage\":\"pt-BR\"},{\"@type\":\"Organization\",\"@id\":\"https:\/\/ciencia.ufpr.br\/portal\/#organization\",\"name\":\"Revista Ci\u00eancia UFPR\",\"url\":\"https:\/\/ciencia.ufpr.br\/portal\/\",\"logo\":{\"@type\":\"ImageObject\",\"inLanguage\":\"pt-BR\",\"@id\":\"https:\/\/ciencia.ufpr.br\/portal\/#\/schema\/logo\/image\/\",\"url\":\"https:\/\/ciencia.ufpr.br\/portal\/wp-content\/uploads\/2020\/12\/Revista-Ciencia-UFPR-vermelho.jpeg\",\"contentUrl\":\"https:\/\/ciencia.ufpr.br\/portal\/wp-content\/uploads\/2020\/12\/Revista-Ciencia-UFPR-vermelho.jpeg\",\"width\":992,\"height\":714,\"caption\":\"Revista Ci\u00eancia UFPR\"},\"image\":{\"@id\":\"https:\/\/ciencia.ufpr.br\/portal\/#\/schema\/logo\/image\/\"},\"sameAs\":[\"https:\/\/www.facebook.com\/cienciaufproficial\",\"https:\/\/x.com\/cienciaufpr\",\"https:\/\/www.instagram.com\/revistacienciaufpr\/\",\"https:\/\/www.linkedin.com\/company\/cienciaufproficial\",\"https:\/\/br.pinterest.com\/cienciaufpr\/\"]},{\"@type\":\"Person\",\"@id\":\"https:\/\/ciencia.ufpr.br\/portal\/#\/schema\/person\/562217e00c1aa3a8c132639249490a83\",\"name\":\"Reda\u00e7\u00e3o Ci\u00eancia UFPR\",\"description\":\"Site de jornalismo e divulga\u00e7\u00e3o cient\u00edficos sobre o conhecimento produzido na Universidade Federal do Paran\u00e1 (UFPR). Baseado na Revista Ci\u00eancia UFPR, editada pela Superintend\u00eancia de Comunica\u00e7\u00e3o (Sucom) desde 2016.\",\"sameAs\":[\"https:\/\/facebook.com\/cienciaufproficial\/\",\"https:\/\/www.instagram.com\/revistacienciaufpr\/\",\"https:\/\/x.com\/cienciaufpr\"],\"url\":\"https:\/\/ciencia.ufpr.br\/portal\/author\/revistacienciaufpr\/\"}]}<\/script>\n<!-- \/ Yoast SEO plugin. -->","yoast_head_json":{"title":"CNPq: chamamento p\u00fablico sobre terapias avan\u00e7adas recebe propostas at\u00e9 19\/8 - Ci\u00eancia UFPR","description":"Foco s\u00e3o estudos com ensaios pr\u00e9-cl\u00ednicos nas \u00e1reas de terapia g\u00eanica, terapia celular avan\u00e7ada e produtos de engenharia tecidual.","robots":{"index":"index","follow":"follow","max-snippet":"max-snippet:-1","max-image-preview":"max-image-preview:large","max-video-preview":"max-video-preview:-1"},"canonical":"https:\/\/ciencia.ufpr.br\/portal\/cnpq-chamamento-publico-sobre-terapias-avancadas-recebe-propostas-ate-19-8\/","og_locale":"pt_BR","og_type":"article","og_title":"CNPq: chamamento p\u00fablico sobre terapias avan\u00e7adas recebe propostas at\u00e9 19\/8 - Ci\u00eancia UFPR","og_description":"Foco s\u00e3o estudos com ensaios pr\u00e9-cl\u00ednicos nas \u00e1reas de terapia g\u00eanica, terapia celular avan\u00e7ada e produtos de engenharia tecidual.","og_url":"https:\/\/ciencia.ufpr.br\/portal\/cnpq-chamamento-publico-sobre-terapias-avancadas-recebe-propostas-ate-19-8\/","og_site_name":"Ci\u00eancia UFPR","article_publisher":"https:\/\/www.facebook.com\/cienciaufproficial","article_author":"https:\/\/facebook.com\/cienciaufproficial\/","article_published_time":"2021-06-25T05:17:13+00:00","article_modified_time":"2021-11-19T21:44:11+00:00","og_image":[{"width":1920,"height":1080,"url":"https:\/\/ciencia.ufpr.br\/portal\/wp-content\/uploads\/2021\/06\/ONKJC60.jpg","type":"image\/jpeg"}],"author":"Reda\u00e7\u00e3o Ci\u00eancia UFPR","twitter_card":"summary_large_image","twitter_creator":"@cienciaufpr","twitter_site":"@cienciaufpr","twitter_misc":{"Escrito por":"Reda\u00e7\u00e3o Ci\u00eancia UFPR","Est. tempo de leitura":"1 minuto"},"schema":{"@context":"https:\/\/schema.org","@graph":[{"@type":"Article","@id":"https:\/\/ciencia.ufpr.br\/portal\/cnpq-chamamento-publico-sobre-terapias-avancadas-recebe-propostas-ate-19-8\/#article","isPartOf":{"@id":"https:\/\/ciencia.ufpr.br\/portal\/cnpq-chamamento-publico-sobre-terapias-avancadas-recebe-propostas-ate-19-8\/"},"author":{"name":"Reda\u00e7\u00e3o Ci\u00eancia UFPR","@id":"https:\/\/ciencia.ufpr.br\/portal\/#\/schema\/person\/562217e00c1aa3a8c132639249490a83"},"headline":"CNPq: chamamento p\u00fablico sobre terapias avan\u00e7adas recebe propostas at\u00e9 19\/8","datePublished":"2021-06-25T05:17:13+00:00","dateModified":"2021-11-19T21:44:11+00:00","mainEntityOfPage":{"@id":"https:\/\/ciencia.ufpr.br\/portal\/cnpq-chamamento-publico-sobre-terapias-avancadas-recebe-propostas-ate-19-8\/"},"wordCount":175,"commentCount":0,"publisher":{"@id":"https:\/\/ciencia.ufpr.br\/portal\/#organization"},"image":{"@id":"https:\/\/ciencia.ufpr.br\/portal\/cnpq-chamamento-publico-sobre-terapias-avancadas-recebe-propostas-ate-19-8\/#primaryimage"},"thumbnailUrl":"https:\/\/ciencia.ufpr.br\/portal\/wp-content\/uploads\/2021\/06\/ONKJC60.jpg","keywords":["2021","gen\u00e9tica","terapia g\u00eanica","terapias avan\u00e7adas"],"articleSection":["Agenda","Chamadas"],"inLanguage":"pt-BR","potentialAction":[{"@type":"CommentAction","name":"Comment","target":["https:\/\/ciencia.ufpr.br\/portal\/cnpq-chamamento-publico-sobre-terapias-avancadas-recebe-propostas-ate-19-8\/#respond"]}]},{"@type":"WebPage","@id":"https:\/\/ciencia.ufpr.br\/portal\/cnpq-chamamento-publico-sobre-terapias-avancadas-recebe-propostas-ate-19-8\/","url":"https:\/\/ciencia.ufpr.br\/portal\/cnpq-chamamento-publico-sobre-terapias-avancadas-recebe-propostas-ate-19-8\/","name":"CNPq: chamamento p\u00fablico sobre terapias avan\u00e7adas recebe propostas at\u00e9 19\/8 - Ci\u00eancia UFPR","isPartOf":{"@id":"https:\/\/ciencia.ufpr.br\/portal\/#website"},"primaryImageOfPage":{"@id":"https:\/\/ciencia.ufpr.br\/portal\/cnpq-chamamento-publico-sobre-terapias-avancadas-recebe-propostas-ate-19-8\/#primaryimage"},"image":{"@id":"https:\/\/ciencia.ufpr.br\/portal\/cnpq-chamamento-publico-sobre-terapias-avancadas-recebe-propostas-ate-19-8\/#primaryimage"},"thumbnailUrl":"https:\/\/ciencia.ufpr.br\/portal\/wp-content\/uploads\/2021\/06\/ONKJC60.jpg","datePublished":"2021-06-25T05:17:13+00:00","dateModified":"2021-11-19T21:44:11+00:00","description":"Foco s\u00e3o estudos com ensaios pr\u00e9-cl\u00ednicos nas \u00e1reas de terapia g\u00eanica, terapia celular avan\u00e7ada e produtos de engenharia tecidual.","breadcrumb":{"@id":"https:\/\/ciencia.ufpr.br\/portal\/cnpq-chamamento-publico-sobre-terapias-avancadas-recebe-propostas-ate-19-8\/#breadcrumb"},"inLanguage":"pt-BR","potentialAction":[{"@type":"ReadAction","target":["https:\/\/ciencia.ufpr.br\/portal\/cnpq-chamamento-publico-sobre-terapias-avancadas-recebe-propostas-ate-19-8\/"]}]},{"@type":"ImageObject","inLanguage":"pt-BR","@id":"https:\/\/ciencia.ufpr.br\/portal\/cnpq-chamamento-publico-sobre-terapias-avancadas-recebe-propostas-ate-19-8\/#primaryimage","url":"https:\/\/ciencia.ufpr.br\/portal\/wp-content\/uploads\/2021\/06\/ONKJC60.jpg","contentUrl":"https:\/\/ciencia.ufpr.br\/portal\/wp-content\/uploads\/2021\/06\/ONKJC60.jpg","width":1920,"height":1080,"caption":"Ilustra\u00e7\u00e3o: Vectorarte\/Freepik"},{"@type":"BreadcrumbList","@id":"https:\/\/ciencia.ufpr.br\/portal\/cnpq-chamamento-publico-sobre-terapias-avancadas-recebe-propostas-ate-19-8\/#breadcrumb","itemListElement":[{"@type":"ListItem","position":1,"name":"Home","item":"https:\/\/ciencia.ufpr.br\/portal\/"},{"@type":"ListItem","position":2,"name":"CNPq: chamamento p\u00fablico sobre terapias avan\u00e7adas recebe propostas at\u00e9 19\/8"}]},{"@type":"WebSite","@id":"https:\/\/ciencia.ufpr.br\/portal\/#website","url":"https:\/\/ciencia.ufpr.br\/portal\/","name":"Ci\u00eancia UFPR","description":"Site de temas cient\u00edficos com foco no conhecimento produzido na Universidade Federal do Paran\u00e1 (UFPR). Baseado na Revista Ci\u00eancia UFPR.","publisher":{"@id":"https:\/\/ciencia.ufpr.br\/portal\/#organization"},"potentialAction":[{"@type":"SearchAction","target":{"@type":"EntryPoint","urlTemplate":"https:\/\/ciencia.ufpr.br\/portal\/?s={search_term_string}"},"query-input":{"@type":"PropertyValueSpecification","valueRequired":true,"valueName":"search_term_string"}}],"inLanguage":"pt-BR"},{"@type":"Organization","@id":"https:\/\/ciencia.ufpr.br\/portal\/#organization","name":"Revista Ci\u00eancia UFPR","url":"https:\/\/ciencia.ufpr.br\/portal\/","logo":{"@type":"ImageObject","inLanguage":"pt-BR","@id":"https:\/\/ciencia.ufpr.br\/portal\/#\/schema\/logo\/image\/","url":"https:\/\/ciencia.ufpr.br\/portal\/wp-content\/uploads\/2020\/12\/Revista-Ciencia-UFPR-vermelho.jpeg","contentUrl":"https:\/\/ciencia.ufpr.br\/portal\/wp-content\/uploads\/2020\/12\/Revista-Ciencia-UFPR-vermelho.jpeg","width":992,"height":714,"caption":"Revista Ci\u00eancia UFPR"},"image":{"@id":"https:\/\/ciencia.ufpr.br\/portal\/#\/schema\/logo\/image\/"},"sameAs":["https:\/\/www.facebook.com\/cienciaufproficial","https:\/\/x.com\/cienciaufpr","https:\/\/www.instagram.com\/revistacienciaufpr\/","https:\/\/www.linkedin.com\/company\/cienciaufproficial","https:\/\/br.pinterest.com\/cienciaufpr\/"]},{"@type":"Person","@id":"https:\/\/ciencia.ufpr.br\/portal\/#\/schema\/person\/562217e00c1aa3a8c132639249490a83","name":"Reda\u00e7\u00e3o Ci\u00eancia UFPR","description":"Site de jornalismo e divulga\u00e7\u00e3o cient\u00edficos sobre o conhecimento produzido na Universidade Federal do Paran\u00e1 (UFPR). Baseado na Revista Ci\u00eancia UFPR, editada pela Superintend\u00eancia de Comunica\u00e7\u00e3o (Sucom) desde 2016.","sameAs":["https:\/\/facebook.com\/cienciaufproficial\/","https:\/\/www.instagram.com\/revistacienciaufpr\/","https:\/\/x.com\/cienciaufpr"],"url":"https:\/\/ciencia.ufpr.br\/portal\/author\/revistacienciaufpr\/"}]}},"views":1189,"jetpack_sharing_enabled":true,"jetpack_featured_media_url":"https:\/\/ciencia.ufpr.br\/portal\/wp-content\/uploads\/2021\/06\/ONKJC60.jpg","_links":{"self":[{"href":"https:\/\/ciencia.ufpr.br\/portal\/wp-json\/wp\/v2\/posts\/20210"}],"collection":[{"href":"https:\/\/ciencia.ufpr.br\/portal\/wp-json\/wp\/v2\/posts"}],"about":[{"href":"https:\/\/ciencia.ufpr.br\/portal\/wp-json\/wp\/v2\/types\/post"}],"author":[{"embeddable":true,"href":"https:\/\/ciencia.ufpr.br\/portal\/wp-json\/wp\/v2\/users\/2806"}],"replies":[{"embeddable":true,"href":"https:\/\/ciencia.ufpr.br\/portal\/wp-json\/wp\/v2\/comments?post=20210"}],"version-history":[{"count":3,"href":"https:\/\/ciencia.ufpr.br\/portal\/wp-json\/wp\/v2\/posts\/20210\/revisions"}],"predecessor-version":[{"id":20219,"href":"https:\/\/ciencia.ufpr.br\/portal\/wp-json\/wp\/v2\/posts\/20210\/revisions\/20219"}],"wp:featuredmedia":[{"embeddable":true,"href":"https:\/\/ciencia.ufpr.br\/portal\/wp-json\/wp\/v2\/media\/20212"}],"wp:attachment":[{"href":"https:\/\/ciencia.ufpr.br\/portal\/wp-json\/wp\/v2\/media?parent=20210"}],"wp:term":[{"taxonomy":"category","embeddable":true,"href":"https:\/\/ciencia.ufpr.br\/portal\/wp-json\/wp\/v2\/categories?post=20210"},{"taxonomy":"post_tag","embeddable":true,"href":"https:\/\/ciencia.ufpr.br\/portal\/wp-json\/wp\/v2\/tags?post=20210"}],"curies":[{"name":"wp","href":"https:\/\/api.w.org\/{rel}","templated":true}]}}