{"id":19381,"date":"2017-12-23T03:03:38","date_gmt":"2017-12-23T05:03:38","guid":{"rendered":"https:\/\/ciencia.ufpr.br\/portal\/?p=19381"},"modified":"2022-02-07T20:01:23","modified_gmt":"2022-02-07T23:01:23","slug":"visitas-domiciliares-auxiliam-no-diagnostico-precoce-do-cancer-de-boca","status":"publish","type":"post","link":"https:\/\/ciencia.ufpr.br\/portal\/visitas-domiciliares-auxiliam-no-diagnostico-precoce-do-cancer-de-boca\/","title":{"rendered":"Visitas domiciliares auxiliam no diagn\u00f3stico precoce do c\u00e2ncer de boca"},"content":{"rendered":"<p>Segundo o Instituto Nacional de C\u00e2ncer (Inca), todos os anos mais de 12 milh\u00f5es de pessoas s\u00e3o diagnosticadas com a doen\u00e7a \u2014 e 8 milh\u00f5es morrem. No Brasil, o instituto estima 596 mil novos casos de c\u00e2ncer em 2016, dos quais 15.490 devem ser c\u00e2ncer de boca \u2014 11.140 homens e 4.350 mulheres. Para tentar frear estes n\u00fameros, acelerando o diagn\u00f3stico, estudantes da Universidade Federal do Paran\u00e1 (UFPR) passaram um ano fazendo visitas domiciliares para prevenir o c\u00e2ncer bucal.<\/p>\n<blockquote class=\"alignright\"><p>&#8220;O c\u00e2ncer da boca, ou da regi\u00e3o da cabe\u00e7a e pesco\u00e7o, sofre pela aus\u00eancia de crit\u00e9rios preventivos mais claros que possam ser seguidos para diagn\u00f3stico\u201d<\/p>\n<footer><cite>Cassius Pereira, professor do Programa de P\u00f3s-Gradua\u00e7\u00e3o em Odontologia da UFPR<\/cite><\/footer>\n<\/blockquote>\n<p>A iniciativa faz parte da pesquisa de mestrado de Allana Pivovar, intitulada &#8220;<a href=\"https:\/\/acervodigital.ufpr.br\/handle\/1884\/45236\" target=\"_blank\" rel=\"noopener noreferrer\">Rastreamento ativo de c\u00e2ncer bucal orientado para tabagistas na aten\u00e7\u00e3o b\u00e1sica<\/a>&#8220;, que foi realizada sob a orienta\u00e7\u00e3o do professor Cassius Carvalho Torres Pereira, do Programa de P\u00f3s-Gradua\u00e7\u00e3o em Odontologia (PPG-Odonto) da UFPR, e se tornou um projeto de extens\u00e3o envolvendo estudantes da gradua\u00e7\u00e3o em Odontologia da UFPR e de outras universidades. A Campanha de Rastreamento Ativo do C\u00e2ncer de Boca realizou cerca de mil visitas domiciliares e 500 entrevistas com homens na faixa et\u00e1ria de risco (50 a 65 anos) cadastrados no territ\u00f3rio da Unidade de Sa\u00fade Trindade II, no bairro Cajuru, em Curitiba.<\/p>\n<p>De 250 exames, foram encontradas 60 les\u00f5es suspeitas e um caso de c\u00e2ncer bucal. Esse n\u00famero equivale a 28% dos avaliados, m\u00e9dia muito superior a outros exemplos encontrados na literatura cient\u00edfica. \u201cEm outros artigos e propostas de rastreamento, esse n\u00famero fica em torno de 3 a 4%. Ou seja, esse valor alt\u00edssimo \u00e9 porque estamos sabendo buscar onde os casos realmente est\u00e3o\u201d, explica Allana.<\/p>\n<p>\u201cIdentificamos que para v\u00e1rios tipos de c\u00e2ncer existem abordagens preventivas bem estabelecidas, com protocolos bem rigorosos. Por exemplo, tumores de mama e de colo do \u00fatero nas mulheres e na pr\u00f3stata nos homens t\u00eam guias de conduta que s\u00e3o bem semelhantes no mundo todo\u201d, conta Pereira. \u201cE o c\u00e2ncer da boca, ou da regi\u00e3o da cabe\u00e7a e pesco\u00e7o, se formos pensar mais amplamente, sofre um pouco pela aus\u00eancia de crit\u00e9rios preventivos mais claros que possam ser seguidos pelos profissionais\u201d.<\/p>\n<h2>Metodologia direcionada explica percentual maior de casos<\/h2>\n<p>Envolvendo a forma\u00e7\u00e3o dos participantes, a presta\u00e7\u00e3o de servi\u00e7os \u00e0 comunidade e o desenvolvimento de um m\u00e9todo que possa ser usado em grande escala pelo Sistema \u00danico de Sa\u00fade, o projeto abrange ensino, pesquisa e extens\u00e3o. Na primeira etapa, o p\u00fablico-alvo \u2013 homens entre 50 e 65 anos, fumantes e ex-fumantes \u2014 foi selecionado dentro da popula\u00e7\u00e3o escolhida para o estudo. Estes passaram, ent\u00e3o, por exames mais aprofundados e aqueles que apresentaram les\u00f5es foram encaminhados para uma bi\u00f3psia.<\/p>\n<figure id=\"attachment_19393\" aria-describedby=\"caption-attachment-19393\" style=\"width: 810px\" class=\"wp-caption aligncenter\"><a href=\"https:\/\/ciencia.ufpr.br\/portal\/wp-content\/uploads\/2021\/01\/MICRO-Sa\u00fade-C\u00e2ncer-de-boca-1.jpg\"><img loading=\"lazy\" decoding=\"async\" class=\"size-large wp-image-19393\" src=\"https:\/\/ciencia.ufpr.br\/portal\/wp-content\/uploads\/2021\/01\/MICRO-Sa\u00fade-C\u00e2ncer-de-boca-1-1024x576.jpg\" alt=\"A campanha realizou cerca de mil visitas domiciliares e 500 entrevistas com homens na faixa et\u00e1ria de risco em Curitiba. Foto: PPG-Odonto\/Acervo\" width=\"810\" height=\"456\" srcset=\"https:\/\/ciencia.ufpr.br\/portal\/wp-content\/uploads\/2021\/01\/MICRO-Sa\u00fade-C\u00e2ncer-de-boca-1-1024x576.jpg 1024w, https:\/\/ciencia.ufpr.br\/portal\/wp-content\/uploads\/2021\/01\/MICRO-Sa\u00fade-C\u00e2ncer-de-boca-1-300x169.jpg 300w, https:\/\/ciencia.ufpr.br\/portal\/wp-content\/uploads\/2021\/01\/MICRO-Sa\u00fade-C\u00e2ncer-de-boca-1-768x432.jpg 768w, https:\/\/ciencia.ufpr.br\/portal\/wp-content\/uploads\/2021\/01\/MICRO-Sa\u00fade-C\u00e2ncer-de-boca-1-1536x864.jpg 1536w, https:\/\/ciencia.ufpr.br\/portal\/wp-content\/uploads\/2021\/01\/MICRO-Sa\u00fade-C\u00e2ncer-de-boca-1.jpg 1920w\" sizes=\"(max-width: 810px) 100vw, 810px\" \/><\/a><figcaption id=\"caption-attachment-19393\" class=\"wp-caption-text\">A campanha realizou cerca de mil visitas domiciliares e 500 entrevistas com homens na faixa et\u00e1ria de risco em Curitiba. Foto: PPG-Odonto\/Acervo<\/figcaption><\/figure>\n<p>A campanha realizou cerca de mil visitas domiciliares e 500 entrevistas com homens na faixa et\u00e1ria de risco em Curitiba. Foto: PPG-Odonto\/AcervoSegundo o pesquisador, basta um exame visual e de toque para identificar les\u00f5es que possam apresentar riscos aos pacientes\u00a0\u201c\u00c9 muito mais acess\u00edvel quando comparado com outros exames como a mamografia, que exige equipamentos, aumentando seu custo\u201d. J\u00e1 que as feridas n\u00e3o causam muita dor, os pacientes com c\u00e2ncer de boca acabam chegando at\u00e9 o atendimento de sa\u00fade com a doen\u00e7a j\u00e1 em est\u00e1gios avan\u00e7ados, o tratamento precisa ser mais agressivo e a sobrevida das pessoas piora.<\/p>\n<p>Por isso, come\u00e7a a crescer a cultura de buscar os pacientes, especialmente nos casos em que j\u00e1 exista um hist\u00f3rico de sa\u00fade ou comportamental prejudicial \u2014 como o tabagismo, que agrava muito os riscos do c\u00e2ncer de boca. \u201cAl\u00e9m de o Brasil ter \u00edndices de ocorr\u00eancia [da doen\u00e7a] maiores do que outros pa\u00edses, o Sul do Brasil tamb\u00e9m se destaca em rela\u00e7\u00e3o ao restante do pa\u00eds, por ter maiores \u00edndices de tabagismo\u201d, aponta a mestranda.<\/p>\n<p>\u201cA nossa hip\u00f3tese era que por conta do atraso [em buscar ajuda m\u00e9dica], dos sintomas muito tardios e da dificuldade do profissional [m\u00e9dico ou dentista] de ter o olhar direcionado para o exame da boca, ir at\u00e9 a casa das pessoas em faixa de risco poderia representar chances de encontrar as les\u00f5es mais cedo, e, por consequ\u00eancia, come\u00e7ar o tratamento mais cedo\u201d, diz o professor.<\/p>\n<h6 style=\"text-align: right;\">\ud83d\udcd6 Publicado originalmente na Revista Ci\u00eancia UFPR (V. 1, n\u00ba 2,\u00a02016).<\/h6>\n","protected":false},"excerpt":{"rendered":"<p>Segundo o Instituto Nacional de C\u00e2ncer (Inca), todos os anos mais de 12 milh\u00f5es de pessoas s\u00e3o diagnosticadas com a&#8230;<\/p>\n","protected":false},"author":2806,"featured_media":19392,"comment_status":"open","ping_status":"open","sticky":false,"template":"","format":"standard","meta":{"_acf_changed":false,"footnotes":"","fifu_image_url":"","fifu_image_alt":"","_jetpack_memberships_contains_paid_content":false},"categories":[1126,1,1684,1610],"tags":[1727,1896,1853],"acf":[],"yoast_head":"<!-- This site is optimized with the Yoast SEO plugin v23.5 - https:\/\/yoast.com\/wordpress\/plugins\/seo\/ -->\n<title>Visitas domiciliares auxiliam no diagn\u00f3stico precoce do c\u00e2ncer de boca - Ci\u00eancia UFPR<\/title>\n<meta name=\"description\" content=\"M\u00e9todo direcionado a grupo de risco apontou ocorr\u00eancia de 28% de les\u00f5es suspeitas enquanto outros programas de rastreamento t\u00eam m\u00e9dia de 4%.\" \/>\n<meta name=\"robots\" content=\"index, follow, max-snippet:-1, max-image-preview:large, max-video-preview:-1\" \/>\n<link rel=\"canonical\" href=\"https:\/\/ciencia.ufpr.br\/portal\/visitas-domiciliares-auxiliam-no-diagnostico-precoce-do-cancer-de-boca\/\" \/>\n<meta property=\"og:locale\" content=\"pt_BR\" \/>\n<meta property=\"og:type\" content=\"article\" \/>\n<meta property=\"og:title\" content=\"Visitas domiciliares auxiliam no diagn\u00f3stico precoce do c\u00e2ncer de boca - Ci\u00eancia UFPR\" \/>\n<meta property=\"og:description\" content=\"M\u00e9todo direcionado a grupo de risco apontou ocorr\u00eancia de 28% de les\u00f5es suspeitas enquanto outros programas de rastreamento t\u00eam m\u00e9dia de 4%.\" \/>\n<meta property=\"og:url\" content=\"https:\/\/ciencia.ufpr.br\/portal\/visitas-domiciliares-auxiliam-no-diagnostico-precoce-do-cancer-de-boca\/\" \/>\n<meta property=\"og:site_name\" content=\"Ci\u00eancia UFPR\" \/>\n<meta property=\"article:publisher\" content=\"https:\/\/www.facebook.com\/cienciaufproficial\" \/>\n<meta property=\"article:author\" content=\"https:\/\/facebook.com\/cienciaufproficial\/\" \/>\n<meta property=\"article:published_time\" content=\"2017-12-23T05:03:38+00:00\" \/>\n<meta property=\"article:modified_time\" content=\"2022-02-07T23:01:23+00:00\" \/>\n<meta property=\"og:image\" content=\"https:\/\/ciencia.ufpr.br\/portal\/wp-content\/uploads\/2021\/01\/Boca-masculina.-Will-Keightley-Flicjr-2007.jpg\" \/>\n\t<meta property=\"og:image:width\" content=\"1920\" \/>\n\t<meta property=\"og:image:height\" content=\"1080\" \/>\n\t<meta property=\"og:image:type\" content=\"image\/jpeg\" \/>\n<meta name=\"author\" content=\"Reda\u00e7\u00e3o Ci\u00eancia UFPR\" \/>\n<meta name=\"twitter:card\" content=\"summary_large_image\" \/>\n<meta name=\"twitter:creator\" content=\"@cienciaufpr\" \/>\n<meta name=\"twitter:site\" content=\"@cienciaufpr\" \/>\n<meta name=\"twitter:label1\" content=\"Escrito por\" \/>\n\t<meta name=\"twitter:data1\" content=\"Reda\u00e7\u00e3o Ci\u00eancia UFPR\" \/>\n\t<meta name=\"twitter:label2\" content=\"Est. tempo de leitura\" \/>\n\t<meta name=\"twitter:data2\" content=\"4 minutos\" \/>\n<script type=\"application\/ld+json\" class=\"yoast-schema-graph\">{\"@context\":\"https:\/\/schema.org\",\"@graph\":[{\"@type\":\"Article\",\"@id\":\"https:\/\/ciencia.ufpr.br\/portal\/visitas-domiciliares-auxiliam-no-diagnostico-precoce-do-cancer-de-boca\/#article\",\"isPartOf\":{\"@id\":\"https:\/\/ciencia.ufpr.br\/portal\/visitas-domiciliares-auxiliam-no-diagnostico-precoce-do-cancer-de-boca\/\"},\"author\":{\"name\":\"Reda\u00e7\u00e3o Ci\u00eancia UFPR\",\"@id\":\"https:\/\/ciencia.ufpr.br\/portal\/#\/schema\/person\/562217e00c1aa3a8c132639249490a83\"},\"headline\":\"Visitas domiciliares auxiliam no diagn\u00f3stico precoce do c\u00e2ncer de boca\",\"datePublished\":\"2017-12-23T05:03:38+00:00\",\"dateModified\":\"2022-02-07T23:01:23+00:00\",\"mainEntityOfPage\":{\"@id\":\"https:\/\/ciencia.ufpr.br\/portal\/visitas-domiciliares-auxiliam-no-diagnostico-precoce-do-cancer-de-boca\/\"},\"wordCount\":800,\"commentCount\":0,\"publisher\":{\"@id\":\"https:\/\/ciencia.ufpr.br\/portal\/#organization\"},\"image\":{\"@id\":\"https:\/\/ciencia.ufpr.br\/portal\/visitas-domiciliares-auxiliam-no-diagnostico-precoce-do-cancer-de-boca\/#primaryimage\"},\"thumbnailUrl\":\"https:\/\/ciencia.ufpr.br\/portal\/wp-content\/uploads\/2021\/01\/Boca-masculina.-Will-Keightley-Flicjr-2007.jpg\",\"keywords\":[\"c\u00e2ncer\",\"odontologia\",\"V. 1 n\u00ba 2 (2016)\"],\"articleSection\":[\"Comunidade\",\"Reportagem\",\"Revista\",\"Sa\u00fade\"],\"inLanguage\":\"pt-BR\",\"potentialAction\":[{\"@type\":\"CommentAction\",\"name\":\"Comment\",\"target\":[\"https:\/\/ciencia.ufpr.br\/portal\/visitas-domiciliares-auxiliam-no-diagnostico-precoce-do-cancer-de-boca\/#respond\"]}]},{\"@type\":\"WebPage\",\"@id\":\"https:\/\/ciencia.ufpr.br\/portal\/visitas-domiciliares-auxiliam-no-diagnostico-precoce-do-cancer-de-boca\/\",\"url\":\"https:\/\/ciencia.ufpr.br\/portal\/visitas-domiciliares-auxiliam-no-diagnostico-precoce-do-cancer-de-boca\/\",\"name\":\"Visitas domiciliares auxiliam no diagn\u00f3stico precoce do c\u00e2ncer de boca - Ci\u00eancia UFPR\",\"isPartOf\":{\"@id\":\"https:\/\/ciencia.ufpr.br\/portal\/#website\"},\"primaryImageOfPage\":{\"@id\":\"https:\/\/ciencia.ufpr.br\/portal\/visitas-domiciliares-auxiliam-no-diagnostico-precoce-do-cancer-de-boca\/#primaryimage\"},\"image\":{\"@id\":\"https:\/\/ciencia.ufpr.br\/portal\/visitas-domiciliares-auxiliam-no-diagnostico-precoce-do-cancer-de-boca\/#primaryimage\"},\"thumbnailUrl\":\"https:\/\/ciencia.ufpr.br\/portal\/wp-content\/uploads\/2021\/01\/Boca-masculina.-Will-Keightley-Flicjr-2007.jpg\",\"datePublished\":\"2017-12-23T05:03:38+00:00\",\"dateModified\":\"2022-02-07T23:01:23+00:00\",\"description\":\"M\u00e9todo direcionado a grupo de risco apontou ocorr\u00eancia de 28% de les\u00f5es suspeitas enquanto outros programas de rastreamento t\u00eam m\u00e9dia de 4%.\",\"breadcrumb\":{\"@id\":\"https:\/\/ciencia.ufpr.br\/portal\/visitas-domiciliares-auxiliam-no-diagnostico-precoce-do-cancer-de-boca\/#breadcrumb\"},\"inLanguage\":\"pt-BR\",\"potentialAction\":[{\"@type\":\"ReadAction\",\"target\":[\"https:\/\/ciencia.ufpr.br\/portal\/visitas-domiciliares-auxiliam-no-diagnostico-precoce-do-cancer-de-boca\/\"]}]},{\"@type\":\"ImageObject\",\"inLanguage\":\"pt-BR\",\"@id\":\"https:\/\/ciencia.ufpr.br\/portal\/visitas-domiciliares-auxiliam-no-diagnostico-precoce-do-cancer-de-boca\/#primaryimage\",\"url\":\"https:\/\/ciencia.ufpr.br\/portal\/wp-content\/uploads\/2021\/01\/Boca-masculina.-Will-Keightley-Flicjr-2007.jpg\",\"contentUrl\":\"https:\/\/ciencia.ufpr.br\/portal\/wp-content\/uploads\/2021\/01\/Boca-masculina.-Will-Keightley-Flicjr-2007.jpg\",\"width\":1920,\"height\":1080,\"caption\":\"Silencioso porque marcado por les\u00f5es em geral apenas inc\u00f4modas, o c\u00e2ncer de boca acomete mais homens de meia idade e com hist\u00f3rico de tabagismo. Foto: Will Keightley\/Flickr, 2007\"},{\"@type\":\"BreadcrumbList\",\"@id\":\"https:\/\/ciencia.ufpr.br\/portal\/visitas-domiciliares-auxiliam-no-diagnostico-precoce-do-cancer-de-boca\/#breadcrumb\",\"itemListElement\":[{\"@type\":\"ListItem\",\"position\":1,\"name\":\"Home\",\"item\":\"https:\/\/ciencia.ufpr.br\/portal\/\"},{\"@type\":\"ListItem\",\"position\":2,\"name\":\"Visitas domiciliares auxiliam no diagn\u00f3stico precoce do c\u00e2ncer de boca\"}]},{\"@type\":\"WebSite\",\"@id\":\"https:\/\/ciencia.ufpr.br\/portal\/#website\",\"url\":\"https:\/\/ciencia.ufpr.br\/portal\/\",\"name\":\"Ci\u00eancia UFPR\",\"description\":\"Site de temas cient\u00edficos com foco no conhecimento produzido na Universidade Federal do Paran\u00e1 (UFPR). Baseado na Revista Ci\u00eancia UFPR.\",\"publisher\":{\"@id\":\"https:\/\/ciencia.ufpr.br\/portal\/#organization\"},\"potentialAction\":[{\"@type\":\"SearchAction\",\"target\":{\"@type\":\"EntryPoint\",\"urlTemplate\":\"https:\/\/ciencia.ufpr.br\/portal\/?s={search_term_string}\"},\"query-input\":{\"@type\":\"PropertyValueSpecification\",\"valueRequired\":true,\"valueName\":\"search_term_string\"}}],\"inLanguage\":\"pt-BR\"},{\"@type\":\"Organization\",\"@id\":\"https:\/\/ciencia.ufpr.br\/portal\/#organization\",\"name\":\"Revista Ci\u00eancia UFPR\",\"url\":\"https:\/\/ciencia.ufpr.br\/portal\/\",\"logo\":{\"@type\":\"ImageObject\",\"inLanguage\":\"pt-BR\",\"@id\":\"https:\/\/ciencia.ufpr.br\/portal\/#\/schema\/logo\/image\/\",\"url\":\"https:\/\/ciencia.ufpr.br\/portal\/wp-content\/uploads\/2020\/12\/Revista-Ciencia-UFPR-vermelho.jpeg\",\"contentUrl\":\"https:\/\/ciencia.ufpr.br\/portal\/wp-content\/uploads\/2020\/12\/Revista-Ciencia-UFPR-vermelho.jpeg\",\"width\":992,\"height\":714,\"caption\":\"Revista Ci\u00eancia UFPR\"},\"image\":{\"@id\":\"https:\/\/ciencia.ufpr.br\/portal\/#\/schema\/logo\/image\/\"},\"sameAs\":[\"https:\/\/www.facebook.com\/cienciaufproficial\",\"https:\/\/x.com\/cienciaufpr\",\"https:\/\/www.instagram.com\/revistacienciaufpr\/\",\"https:\/\/www.linkedin.com\/company\/cienciaufproficial\",\"https:\/\/br.pinterest.com\/cienciaufpr\/\"]},{\"@type\":\"Person\",\"@id\":\"https:\/\/ciencia.ufpr.br\/portal\/#\/schema\/person\/562217e00c1aa3a8c132639249490a83\",\"name\":\"Reda\u00e7\u00e3o Ci\u00eancia UFPR\",\"description\":\"Site de jornalismo e divulga\u00e7\u00e3o cient\u00edficos sobre o conhecimento produzido na Universidade Federal do Paran\u00e1 (UFPR). Baseado na Revista Ci\u00eancia UFPR, editada pela Superintend\u00eancia de Comunica\u00e7\u00e3o (Sucom) desde 2016.\",\"sameAs\":[\"https:\/\/facebook.com\/cienciaufproficial\/\",\"https:\/\/www.instagram.com\/revistacienciaufpr\/\",\"https:\/\/x.com\/cienciaufpr\"],\"url\":\"https:\/\/ciencia.ufpr.br\/portal\/author\/revistacienciaufpr\/\"}]}<\/script>\n<!-- \/ Yoast SEO plugin. -->","yoast_head_json":{"title":"Visitas domiciliares auxiliam no diagn\u00f3stico precoce do c\u00e2ncer de boca - Ci\u00eancia UFPR","description":"M\u00e9todo direcionado a grupo de risco apontou ocorr\u00eancia de 28% de les\u00f5es suspeitas enquanto outros programas de rastreamento t\u00eam m\u00e9dia de 4%.","robots":{"index":"index","follow":"follow","max-snippet":"max-snippet:-1","max-image-preview":"max-image-preview:large","max-video-preview":"max-video-preview:-1"},"canonical":"https:\/\/ciencia.ufpr.br\/portal\/visitas-domiciliares-auxiliam-no-diagnostico-precoce-do-cancer-de-boca\/","og_locale":"pt_BR","og_type":"article","og_title":"Visitas domiciliares auxiliam no diagn\u00f3stico precoce do c\u00e2ncer de boca - Ci\u00eancia UFPR","og_description":"M\u00e9todo direcionado a grupo de risco apontou ocorr\u00eancia de 28% de les\u00f5es suspeitas enquanto outros programas de rastreamento t\u00eam m\u00e9dia de 4%.","og_url":"https:\/\/ciencia.ufpr.br\/portal\/visitas-domiciliares-auxiliam-no-diagnostico-precoce-do-cancer-de-boca\/","og_site_name":"Ci\u00eancia UFPR","article_publisher":"https:\/\/www.facebook.com\/cienciaufproficial","article_author":"https:\/\/facebook.com\/cienciaufproficial\/","article_published_time":"2017-12-23T05:03:38+00:00","article_modified_time":"2022-02-07T23:01:23+00:00","og_image":[{"width":1920,"height":1080,"url":"https:\/\/ciencia.ufpr.br\/portal\/wp-content\/uploads\/2021\/01\/Boca-masculina.-Will-Keightley-Flicjr-2007.jpg","type":"image\/jpeg"}],"author":"Reda\u00e7\u00e3o Ci\u00eancia UFPR","twitter_card":"summary_large_image","twitter_creator":"@cienciaufpr","twitter_site":"@cienciaufpr","twitter_misc":{"Escrito por":"Reda\u00e7\u00e3o Ci\u00eancia UFPR","Est. tempo de leitura":"4 minutos"},"schema":{"@context":"https:\/\/schema.org","@graph":[{"@type":"Article","@id":"https:\/\/ciencia.ufpr.br\/portal\/visitas-domiciliares-auxiliam-no-diagnostico-precoce-do-cancer-de-boca\/#article","isPartOf":{"@id":"https:\/\/ciencia.ufpr.br\/portal\/visitas-domiciliares-auxiliam-no-diagnostico-precoce-do-cancer-de-boca\/"},"author":{"name":"Reda\u00e7\u00e3o Ci\u00eancia UFPR","@id":"https:\/\/ciencia.ufpr.br\/portal\/#\/schema\/person\/562217e00c1aa3a8c132639249490a83"},"headline":"Visitas domiciliares auxiliam no diagn\u00f3stico precoce do c\u00e2ncer de boca","datePublished":"2017-12-23T05:03:38+00:00","dateModified":"2022-02-07T23:01:23+00:00","mainEntityOfPage":{"@id":"https:\/\/ciencia.ufpr.br\/portal\/visitas-domiciliares-auxiliam-no-diagnostico-precoce-do-cancer-de-boca\/"},"wordCount":800,"commentCount":0,"publisher":{"@id":"https:\/\/ciencia.ufpr.br\/portal\/#organization"},"image":{"@id":"https:\/\/ciencia.ufpr.br\/portal\/visitas-domiciliares-auxiliam-no-diagnostico-precoce-do-cancer-de-boca\/#primaryimage"},"thumbnailUrl":"https:\/\/ciencia.ufpr.br\/portal\/wp-content\/uploads\/2021\/01\/Boca-masculina.-Will-Keightley-Flicjr-2007.jpg","keywords":["c\u00e2ncer","odontologia","V. 1 n\u00ba 2 (2016)"],"articleSection":["Comunidade","Reportagem","Revista","Sa\u00fade"],"inLanguage":"pt-BR","potentialAction":[{"@type":"CommentAction","name":"Comment","target":["https:\/\/ciencia.ufpr.br\/portal\/visitas-domiciliares-auxiliam-no-diagnostico-precoce-do-cancer-de-boca\/#respond"]}]},{"@type":"WebPage","@id":"https:\/\/ciencia.ufpr.br\/portal\/visitas-domiciliares-auxiliam-no-diagnostico-precoce-do-cancer-de-boca\/","url":"https:\/\/ciencia.ufpr.br\/portal\/visitas-domiciliares-auxiliam-no-diagnostico-precoce-do-cancer-de-boca\/","name":"Visitas domiciliares auxiliam no diagn\u00f3stico precoce do c\u00e2ncer de boca - Ci\u00eancia UFPR","isPartOf":{"@id":"https:\/\/ciencia.ufpr.br\/portal\/#website"},"primaryImageOfPage":{"@id":"https:\/\/ciencia.ufpr.br\/portal\/visitas-domiciliares-auxiliam-no-diagnostico-precoce-do-cancer-de-boca\/#primaryimage"},"image":{"@id":"https:\/\/ciencia.ufpr.br\/portal\/visitas-domiciliares-auxiliam-no-diagnostico-precoce-do-cancer-de-boca\/#primaryimage"},"thumbnailUrl":"https:\/\/ciencia.ufpr.br\/portal\/wp-content\/uploads\/2021\/01\/Boca-masculina.-Will-Keightley-Flicjr-2007.jpg","datePublished":"2017-12-23T05:03:38+00:00","dateModified":"2022-02-07T23:01:23+00:00","description":"M\u00e9todo direcionado a grupo de risco apontou ocorr\u00eancia de 28% de les\u00f5es suspeitas enquanto outros programas de rastreamento t\u00eam m\u00e9dia de 4%.","breadcrumb":{"@id":"https:\/\/ciencia.ufpr.br\/portal\/visitas-domiciliares-auxiliam-no-diagnostico-precoce-do-cancer-de-boca\/#breadcrumb"},"inLanguage":"pt-BR","potentialAction":[{"@type":"ReadAction","target":["https:\/\/ciencia.ufpr.br\/portal\/visitas-domiciliares-auxiliam-no-diagnostico-precoce-do-cancer-de-boca\/"]}]},{"@type":"ImageObject","inLanguage":"pt-BR","@id":"https:\/\/ciencia.ufpr.br\/portal\/visitas-domiciliares-auxiliam-no-diagnostico-precoce-do-cancer-de-boca\/#primaryimage","url":"https:\/\/ciencia.ufpr.br\/portal\/wp-content\/uploads\/2021\/01\/Boca-masculina.-Will-Keightley-Flicjr-2007.jpg","contentUrl":"https:\/\/ciencia.ufpr.br\/portal\/wp-content\/uploads\/2021\/01\/Boca-masculina.-Will-Keightley-Flicjr-2007.jpg","width":1920,"height":1080,"caption":"Silencioso porque marcado por les\u00f5es em geral apenas inc\u00f4modas, o c\u00e2ncer de boca acomete mais homens de meia idade e com hist\u00f3rico de tabagismo. Foto: Will Keightley\/Flickr, 2007"},{"@type":"BreadcrumbList","@id":"https:\/\/ciencia.ufpr.br\/portal\/visitas-domiciliares-auxiliam-no-diagnostico-precoce-do-cancer-de-boca\/#breadcrumb","itemListElement":[{"@type":"ListItem","position":1,"name":"Home","item":"https:\/\/ciencia.ufpr.br\/portal\/"},{"@type":"ListItem","position":2,"name":"Visitas domiciliares auxiliam no diagn\u00f3stico precoce do c\u00e2ncer de boca"}]},{"@type":"WebSite","@id":"https:\/\/ciencia.ufpr.br\/portal\/#website","url":"https:\/\/ciencia.ufpr.br\/portal\/","name":"Ci\u00eancia UFPR","description":"Site de temas cient\u00edficos com foco no conhecimento produzido na Universidade Federal do Paran\u00e1 (UFPR). Baseado na Revista Ci\u00eancia UFPR.","publisher":{"@id":"https:\/\/ciencia.ufpr.br\/portal\/#organization"},"potentialAction":[{"@type":"SearchAction","target":{"@type":"EntryPoint","urlTemplate":"https:\/\/ciencia.ufpr.br\/portal\/?s={search_term_string}"},"query-input":{"@type":"PropertyValueSpecification","valueRequired":true,"valueName":"search_term_string"}}],"inLanguage":"pt-BR"},{"@type":"Organization","@id":"https:\/\/ciencia.ufpr.br\/portal\/#organization","name":"Revista Ci\u00eancia UFPR","url":"https:\/\/ciencia.ufpr.br\/portal\/","logo":{"@type":"ImageObject","inLanguage":"pt-BR","@id":"https:\/\/ciencia.ufpr.br\/portal\/#\/schema\/logo\/image\/","url":"https:\/\/ciencia.ufpr.br\/portal\/wp-content\/uploads\/2020\/12\/Revista-Ciencia-UFPR-vermelho.jpeg","contentUrl":"https:\/\/ciencia.ufpr.br\/portal\/wp-content\/uploads\/2020\/12\/Revista-Ciencia-UFPR-vermelho.jpeg","width":992,"height":714,"caption":"Revista Ci\u00eancia UFPR"},"image":{"@id":"https:\/\/ciencia.ufpr.br\/portal\/#\/schema\/logo\/image\/"},"sameAs":["https:\/\/www.facebook.com\/cienciaufproficial","https:\/\/x.com\/cienciaufpr","https:\/\/www.instagram.com\/revistacienciaufpr\/","https:\/\/www.linkedin.com\/company\/cienciaufproficial","https:\/\/br.pinterest.com\/cienciaufpr\/"]},{"@type":"Person","@id":"https:\/\/ciencia.ufpr.br\/portal\/#\/schema\/person\/562217e00c1aa3a8c132639249490a83","name":"Reda\u00e7\u00e3o Ci\u00eancia UFPR","description":"Site de jornalismo e divulga\u00e7\u00e3o cient\u00edficos sobre o conhecimento produzido na Universidade Federal do Paran\u00e1 (UFPR). Baseado na Revista Ci\u00eancia UFPR, editada pela Superintend\u00eancia de Comunica\u00e7\u00e3o (Sucom) desde 2016.","sameAs":["https:\/\/facebook.com\/cienciaufproficial\/","https:\/\/www.instagram.com\/revistacienciaufpr\/","https:\/\/x.com\/cienciaufpr"],"url":"https:\/\/ciencia.ufpr.br\/portal\/author\/revistacienciaufpr\/"}]}},"views":814,"jetpack_sharing_enabled":true,"jetpack_featured_media_url":"https:\/\/ciencia.ufpr.br\/portal\/wp-content\/uploads\/2021\/01\/Boca-masculina.-Will-Keightley-Flicjr-2007.jpg","_links":{"self":[{"href":"https:\/\/ciencia.ufpr.br\/portal\/wp-json\/wp\/v2\/posts\/19381"}],"collection":[{"href":"https:\/\/ciencia.ufpr.br\/portal\/wp-json\/wp\/v2\/posts"}],"about":[{"href":"https:\/\/ciencia.ufpr.br\/portal\/wp-json\/wp\/v2\/types\/post"}],"author":[{"embeddable":true,"href":"https:\/\/ciencia.ufpr.br\/portal\/wp-json\/wp\/v2\/users\/2806"}],"replies":[{"embeddable":true,"href":"https:\/\/ciencia.ufpr.br\/portal\/wp-json\/wp\/v2\/comments?post=19381"}],"version-history":[{"count":6,"href":"https:\/\/ciencia.ufpr.br\/portal\/wp-json\/wp\/v2\/posts\/19381\/revisions"}],"predecessor-version":[{"id":19397,"href":"https:\/\/ciencia.ufpr.br\/portal\/wp-json\/wp\/v2\/posts\/19381\/revisions\/19397"}],"wp:featuredmedia":[{"embeddable":true,"href":"https:\/\/ciencia.ufpr.br\/portal\/wp-json\/wp\/v2\/media\/19392"}],"wp:attachment":[{"href":"https:\/\/ciencia.ufpr.br\/portal\/wp-json\/wp\/v2\/media?parent=19381"}],"wp:term":[{"taxonomy":"category","embeddable":true,"href":"https:\/\/ciencia.ufpr.br\/portal\/wp-json\/wp\/v2\/categories?post=19381"},{"taxonomy":"post_tag","embeddable":true,"href":"https:\/\/ciencia.ufpr.br\/portal\/wp-json\/wp\/v2\/tags?post=19381"}],"curies":[{"name":"wp","href":"https:\/\/api.w.org\/{rel}","templated":true}]}}