{"id":19283,"date":"2021-01-19T18:41:36","date_gmt":"2021-01-19T21:41:36","guid":{"rendered":"https:\/\/ciencia.ufpr.br\/portal\/?p=19283"},"modified":"2022-05-14T09:19:15","modified_gmt":"2022-05-14T12:19:15","slug":"sistema-usa-triangulacao-de-ondas-para-prever-e-detectar-locais-atingidos-por-raios","status":"publish","type":"post","link":"https:\/\/ciencia.ufpr.br\/portal\/sistema-usa-triangulacao-de-ondas-para-prever-e-detectar-locais-atingidos-por-raios\/","title":{"rendered":"Sistema usa triangula\u00e7\u00e3o de ondas de r\u00e1dio para prever e detectar locais atingidos por raios"},"content":{"rendered":"<h5><b>BOLETIM UFPR <\/b><span style=\"color: #cf6766;\"><b>|<\/b><\/span> <span style=\"font-weight: 400;\">\u00c9 poss\u00edvel &#8220;prever&#8221; raios?<\/span><\/h5>\n<p><iframe loading=\"lazy\" style=\"border-radius: 12px;\" src=\"https:\/\/open.spotify.com\/embed\/episode\/6cdn2FHvOiyUvbP2xgzAZs?utm_source=generator&amp;theme=0\" width=\"100%\" height=\"232\" frameborder=\"0\" allowfullscreen=\"allowfullscreen\"><\/iframe><\/p>\n<p>Um sistema de monitoramento de tempestade com raios est\u00e1 em fase final de desenvolvimento pelo Grupo de Fen\u00f4menos da Eletricidade Atmosf\u00e9rica (FEA), da Universidade Federal do Paran\u00e1 (UFPR). Chamado de StormDetector Sensor, o sistema de baixo custo \u00e9 capaz de informar a localiza\u00e7\u00e3o do impacto de raios a curta dist\u00e2ncia, por meio da triangula\u00e7\u00e3o das ondas eletromagn\u00e9ticas.<\/p>\n<p>A rede tamb\u00e9m poder\u00e1 apontar graficamente a probabilidade e ocorr\u00eancia de raios na regi\u00e3o, bem como uma estimativa do deslocamento das descargas atmosf\u00e9ricas, com base nos dados de raios previamente detectados.<\/p>\n<blockquote class=\"alignright\"><p>&#8220;A proposta da rede StormDetector \u00e9 oferecer uma alternativa ao monitoramento em tempo real para regi\u00f5es onde a comunica\u00e7\u00e3o \u00e9 um grande problema&#8221;<br \/>\n<cite class=\"autorcita\">Armando Heilmann, professor do Departamento de Engenharia El\u00e9trica da UFPR e coordenador do grupo de pesquisa<\/cite><\/p><\/blockquote>\n<p>Formado por estudantes e professores do curso de Engenharia El\u00e9trica da UFPR, o FEA realiza o estudo h\u00e1 dois anos. O projeto de Inicia\u00e7\u00e3o Cient\u00edfica correlacionou os dados de raios com outras redes de monitoramento para conhecimento da efici\u00eancia e precis\u00e3o dos sensores de raios. A etapa de aferi\u00e7\u00e3o utilizou dados do Paran\u00e1, levantados por uma rede europeia de detec\u00e7\u00e3o de raios e cedidos pela Universidade de S\u00e3o Paulo (USP).<\/p>\n<p>\u201cA proposta inicial da rede StormDetector \u00e9 oferecer uma alternativa ao monitoramento em tempo real para regi\u00f5es onde a comunica\u00e7\u00e3o \u00e9 um grande problema, tais como \u00e1reas rurais, esta\u00e7\u00f5es de energia el\u00e9trica, refinarias, aeroportos, \u00e1reas tur\u00edsticas e pr\u00f3ximas de regi\u00f5es montanhosas, oferecendo caracter\u00edsticas de desempenho similares aos das atuais redes de monitoramento\u201d, explica o coordenador do grupo, professor Armando Heilmann.<\/p>\n<p>O projeto est\u00e1 em fase de desenvolvimento da interface baseada em simula\u00e7\u00f5es. Para a temporada de ver\u00e3o 2020\/2021, o grupo pretende instalar seis sensores StormDetector pela regi\u00e3o de Curitiba e testar efetivamente como os equipamentos dever\u00e3o operar em rede.<\/p>\n<p>Heilmann destaca que, devido \u00e0 pandemia, foi necess\u00e1rio reinventar a forma de fazer ci\u00eancia, transformando as atividades de laborat\u00f3rio para um formato mais dom\u00e9stico, como por exemplo, o processo de desenvolvimento de antenas para a rede, idealmente testadas em laborat\u00f3rio.<\/p>\n<blockquote><p>\u201cA pandemia nos for\u00e7ou a criar uma vers\u00e3o caseira desses equipamentos para conseguir ao menos fazer os testes preliminares das antenas. Deu certo\u201d.<\/p><\/blockquote>\n<p>O StormDetector Sensor poder\u00e1 somar-se aos atuais sistemas de monitoramento de raios, como uma alternativa para tempestades com raios mais localizadas.<\/p>\n<p>\u201cNada impede que a rede se estenda por todo o estado do Paran\u00e1, vindo a cobrir uma \u00e1rea muito maior. O principal diferencial do StormDetector \u00e9, al\u00e9m do desempenho similar \u00e0s reconhecidas redes de monitoramento, a facilidade de compreens\u00e3o das informa\u00e7\u00f5es mostradas, possibilitando a tomada de a\u00e7\u00f5es efetivas e r\u00e1pidas de acordo com o desenvolvimento da tempestade e das descargas atmosf\u00e9ricas\u201d.<\/p>\n<p>Uma das utilidades apontadas \u00e9 voltada para o gerenciamento de risco de pessoas em locais abertos, como o litoral paranaense durante a temporada de ver\u00e3o.<\/p>\n<p>O estudante Augusto Mathias Adams, integrante do projeto, destaca que o desenvolvimento de uma rede de detec\u00e7\u00e3o de raios para curtas dist\u00e2ncias proporciona oportunidades \u00fanicas de aprendizado.<\/p>\n<p>\u201cNossa pesquisa se estende para aplica\u00e7\u00e3o na sociedade. Isso \u00e9 gratificante do ponto de vista social e cient\u00edfico. Podemos ver a aplica\u00e7\u00e3o em um contexto que tamb\u00e9m pode auxiliar os \u00f3rg\u00e3os que gerenciam os riscos de raios sobre determinados locais do estado\u201d.<\/p>\n<h2><strong>Como funciona a rede StormDetector<\/strong><\/h2>\n<p>O sistema de detec\u00e7\u00e3o de raios a curtas dist\u00e2ncias consiste em um ambiente gr\u00e1fico, que recebe os dados de detec\u00e7\u00e3o dos raios e os transforma em informa\u00e7\u00f5es gr\u00e1ficas, como um mapa que cont\u00e9m pontos em que os raios est\u00e3o ocorrendo. A tabela caracteriza o n\u00edvel de alerta de raios, representando a probabilidade de deslocamento e ocorr\u00eancia dos raios sobre a regi\u00e3o monitorada.<\/p>\n<div id=\"nbag-76a7850429\" class=\"nbag-wrapper nbag-gallery nbag-design-simple\" data-settings=\"{&quot;template&quot;:&quot;simple&quot;,&quot;nonce&quot;:&quot;76a7850429&quot;}\" data-atts=\"{&quot;order&quot;:&quot;ASC&quot;,&quot;orderby&quot;:&quot;post__in&quot;,&quot;id&quot;:19283,&quot;itemtag&quot;:&quot;figure&quot;,&quot;icontag&quot;:&quot;div&quot;,&quot;captiontag&quot;:&quot;figcaption&quot;,&quot;columns&quot;:3,&quot;size&quot;:&quot;thumbnail&quot;,&quot;include&quot;:&quot;19287,19286&quot;,&quot;exclude&quot;:&quot;&quot;,&quot;link&quot;:&quot;file&quot;,&quot;type&quot;:&quot;default&quot;,&quot;ids&quot;:&quot;19287,19286&quot;}\"><div class=\"nbag-pholder nbag-pholder-overlay\" data-nbag=\"holder\"><div class=\"nbag-pholder-i\" data-nbag=\"holder\"><div class=\"thumb-o nbag-pholder-bg\"><div class=\"thumb-w\"><img loading=\"lazy\" decoding=\"async\" width=\"800\" height=\"430\" src=\"https:\/\/ciencia.ufpr.br\/portal\/wp-content\/uploads\/2021\/01\/Simulacao-de-raios-sendo-detecados-pelo-StormDetector-e-a-area-circulos-com-maior-probabilidade-de-raios-800x430-1.png\" class=\"attachment-large size-large\" alt=\"\" srcset=\"https:\/\/ciencia.ufpr.br\/portal\/wp-content\/uploads\/2021\/01\/Simulacao-de-raios-sendo-detecados-pelo-StormDetector-e-a-area-circulos-com-maior-probabilidade-de-raios-800x430-1.png 800w, https:\/\/ciencia.ufpr.br\/portal\/wp-content\/uploads\/2021\/01\/Simulacao-de-raios-sendo-detecados-pelo-StormDetector-e-a-area-circulos-com-maior-probabilidade-de-raios-800x430-1-300x161.png 300w, https:\/\/ciencia.ufpr.br\/portal\/wp-content\/uploads\/2021\/01\/Simulacao-de-raios-sendo-detecados-pelo-StormDetector-e-a-area-circulos-com-maior-probabilidade-de-raios-800x430-1-768x413.png 768w\" sizes=\"(max-width: 800px) 100vw, 800px\" \/><\/div><\/div><div class=\"nbag-pholder-c\"><div class=\"nbag-info\"><span class=\"nbag-count\">2<\/span> <span class=\"nbag-count-text\">Imagens<\/span><\/div><\/div><\/div><div class=\"nbag-actions\"><ul><li><a href=\"javascript:void(0)\" data-view=\"slideshow\" class=\"btn btn-default btn-block\"><i class=\"ti__gallery\"><\/i> Mostrar galeria<\/a><\/li><\/ul><\/div><\/div><\/div>\n<p>Trata-se de um sistema composto de antenas de detec\u00e7\u00e3o de raios, que ligados em rede, enviam informa\u00e7\u00f5es de detec\u00e7\u00e3o dos raios para a nuvem. Dali, um algoritmo processa e interpreta as informa\u00e7\u00f5es como dados de localiza\u00e7\u00e3o, n\u00edvel de alerta de raios e probabilidade de ocorr\u00eancia local de descargas atmosf\u00e9ricas.<\/p>\n<p>O Brasil \u00e9 o pa\u00eds campe\u00e3o mundial em incid\u00eancia de raios, com cerca de 77,8 milh\u00f5es de raios por ano, segundo dados do Instituto Nacional de Pesquisas Espaciais (INPE). Entre os motivos est\u00e1 o fato de ser o maior pa\u00eds da zona tropical do planeta, onde o clima \u00e9 quente e favor\u00e1vel \u00e0 forma\u00e7\u00e3o de tempestades e raios.<\/p>\n<p>De acordo com o professor Heilmann, os estudos apontam que a temporada de ver\u00e3o 2020\/2021 ser\u00e1 mais quente e, portanto, espera-se que haja mais tempestades com raios.<\/p>\n<h6 style=\"text-align: right;\">\u21aa\ufe0f Publicado originalmente no Portal da UFPR (www.ufpr.br).<\/h6>\n","protected":false},"excerpt":{"rendered":"<p>BOLETIM UFPR | \u00c9 poss\u00edvel &#8220;prever&#8221; raios? Um sistema de monitoramento de tempestade com raios est\u00e1 em fase final de&#8230;<\/p>\n","protected":false},"author":2810,"featured_media":18326,"comment_status":"open","ping_status":"open","sticky":false,"template":"","format":"standard","meta":{"_acf_changed":false,"footnotes":"","fifu_image_url":"","fifu_image_alt":"","_jetpack_memberships_contains_paid_content":false},"categories":[1617,1620,1,1613,1795],"tags":[1976,1642,1797,1641,1956,2157],"acf":[],"yoast_head":"<!-- This site is optimized with the Yoast SEO plugin v23.5 - https:\/\/yoast.com\/wordpress\/plugins\/seo\/ -->\n<title>Sistema usa triangula\u00e7\u00e3o de ondas de r\u00e1dio para prever e detectar locais atingidos por raios - Ci\u00eancia UFPR<\/title>\n<meta name=\"description\" content=\"Grupo de pesquisa est\u00e1 na fase final de desenvolvimento do projeto que ser\u00e1 testado na Grande Curitiba na temporada de ver\u00e3o 2020\/2021.\" \/>\n<meta name=\"robots\" content=\"index, follow, max-snippet:-1, max-image-preview:large, max-video-preview:-1\" \/>\n<link rel=\"canonical\" href=\"https:\/\/ciencia.ufpr.br\/portal\/sistema-usa-triangulacao-de-ondas-para-prever-e-detectar-locais-atingidos-por-raios\/\" \/>\n<meta property=\"og:locale\" content=\"pt_BR\" \/>\n<meta property=\"og:type\" content=\"article\" \/>\n<meta property=\"og:title\" content=\"Sistema usa triangula\u00e7\u00e3o de ondas de r\u00e1dio para prever e detectar locais atingidos por raios - Ci\u00eancia UFPR\" \/>\n<meta property=\"og:description\" content=\"Grupo de pesquisa est\u00e1 na fase final de desenvolvimento do projeto que ser\u00e1 testado na Grande Curitiba na temporada de ver\u00e3o 2020\/2021.\" \/>\n<meta property=\"og:url\" content=\"https:\/\/ciencia.ufpr.br\/portal\/sistema-usa-triangulacao-de-ondas-para-prever-e-detectar-locais-atingidos-por-raios\/\" \/>\n<meta property=\"og:site_name\" content=\"Ci\u00eancia UFPR\" \/>\n<meta property=\"article:publisher\" content=\"https:\/\/www.facebook.com\/cienciaufproficial\" \/>\n<meta property=\"article:published_time\" content=\"2021-01-19T21:41:36+00:00\" \/>\n<meta property=\"article:modified_time\" content=\"2022-05-14T12:19:15+00:00\" \/>\n<meta property=\"og:image\" content=\"https:\/\/ciencia.ufpr.br\/portal\/wp-content\/uploads\/2021\/01\/chutipon-pattanatitinon-LG8Mt7f7lXQ-unsplash.jpg\" \/>\n\t<meta property=\"og:image:width\" content=\"1920\" \/>\n\t<meta property=\"og:image:height\" content=\"1080\" \/>\n\t<meta property=\"og:image:type\" content=\"image\/jpeg\" \/>\n<meta name=\"author\" content=\"Aline Fernandes Fran\u00e7a\" \/>\n<meta name=\"twitter:card\" content=\"summary_large_image\" \/>\n<meta name=\"twitter:image\" content=\"https:\/\/ciencia.ufpr.br\/portal\/wp-content\/uploads\/2021\/01\/chutipon-pattanatitinon-LG8Mt7f7lXQ-unsplash.jpg\" \/>\n<meta name=\"twitter:creator\" content=\"@cienciaufpr\" \/>\n<meta name=\"twitter:site\" content=\"@cienciaufpr\" \/>\n<meta name=\"twitter:label1\" content=\"Escrito por\" \/>\n\t<meta name=\"twitter:data1\" content=\"Aline Fernandes Fran\u00e7a\" \/>\n\t<meta name=\"twitter:label2\" content=\"Est. tempo de leitura\" \/>\n\t<meta name=\"twitter:data2\" content=\"5 minutos\" \/>\n<script type=\"application\/ld+json\" class=\"yoast-schema-graph\">{\"@context\":\"https:\/\/schema.org\",\"@graph\":[{\"@type\":\"Article\",\"@id\":\"https:\/\/ciencia.ufpr.br\/portal\/sistema-usa-triangulacao-de-ondas-para-prever-e-detectar-locais-atingidos-por-raios\/#article\",\"isPartOf\":{\"@id\":\"https:\/\/ciencia.ufpr.br\/portal\/sistema-usa-triangulacao-de-ondas-para-prever-e-detectar-locais-atingidos-por-raios\/\"},\"author\":{\"name\":\"Aline Fernandes Fran\u00e7a\",\"@id\":\"https:\/\/ciencia.ufpr.br\/portal\/#\/schema\/person\/6ad1bd43be8e06328f01e945a560bba3\"},\"headline\":\"Sistema usa triangula\u00e7\u00e3o de ondas de r\u00e1dio para prever e detectar locais atingidos por raios\",\"datePublished\":\"2021-01-19T21:41:36+00:00\",\"dateModified\":\"2022-05-14T12:19:15+00:00\",\"mainEntityOfPage\":{\"@id\":\"https:\/\/ciencia.ufpr.br\/portal\/sistema-usa-triangulacao-de-ondas-para-prever-e-detectar-locais-atingidos-por-raios\/\"},\"wordCount\":838,\"commentCount\":1,\"publisher\":{\"@id\":\"https:\/\/ciencia.ufpr.br\/portal\/#organization\"},\"image\":{\"@id\":\"https:\/\/ciencia.ufpr.br\/portal\/sistema-usa-triangulacao-de-ondas-para-prever-e-detectar-locais-atingidos-por-raios\/#primaryimage\"},\"thumbnailUrl\":\"https:\/\/ciencia.ufpr.br\/portal\/wp-content\/uploads\/2020\/12\/Hnet.com-image-3.gif\",\"keywords\":[\"2021\",\"clima\",\"engenharia el\u00e9trica\",\"meteorologia\",\"previs\u00e3o clim\u00e1tica\",\"StormDetector\"],\"articleSection\":[\"Exatas\",\"Inova\u00e7\u00e3o\",\"Reportagem\",\"Tecnologia\",\"\ud83c\udf99 Boletim UFPR\"],\"inLanguage\":\"pt-BR\",\"potentialAction\":[{\"@type\":\"CommentAction\",\"name\":\"Comment\",\"target\":[\"https:\/\/ciencia.ufpr.br\/portal\/sistema-usa-triangulacao-de-ondas-para-prever-e-detectar-locais-atingidos-por-raios\/#respond\"]}]},{\"@type\":\"WebPage\",\"@id\":\"https:\/\/ciencia.ufpr.br\/portal\/sistema-usa-triangulacao-de-ondas-para-prever-e-detectar-locais-atingidos-por-raios\/\",\"url\":\"https:\/\/ciencia.ufpr.br\/portal\/sistema-usa-triangulacao-de-ondas-para-prever-e-detectar-locais-atingidos-por-raios\/\",\"name\":\"Sistema usa triangula\u00e7\u00e3o de ondas de r\u00e1dio para prever e detectar locais atingidos por raios - Ci\u00eancia UFPR\",\"isPartOf\":{\"@id\":\"https:\/\/ciencia.ufpr.br\/portal\/#website\"},\"primaryImageOfPage\":{\"@id\":\"https:\/\/ciencia.ufpr.br\/portal\/sistema-usa-triangulacao-de-ondas-para-prever-e-detectar-locais-atingidos-por-raios\/#primaryimage\"},\"image\":{\"@id\":\"https:\/\/ciencia.ufpr.br\/portal\/sistema-usa-triangulacao-de-ondas-para-prever-e-detectar-locais-atingidos-por-raios\/#primaryimage\"},\"thumbnailUrl\":\"https:\/\/ciencia.ufpr.br\/portal\/wp-content\/uploads\/2020\/12\/Hnet.com-image-3.gif\",\"datePublished\":\"2021-01-19T21:41:36+00:00\",\"dateModified\":\"2022-05-14T12:19:15+00:00\",\"description\":\"Grupo de pesquisa est\u00e1 na fase final de desenvolvimento do projeto que ser\u00e1 testado na Grande Curitiba na temporada de ver\u00e3o 2020\/2021.\",\"breadcrumb\":{\"@id\":\"https:\/\/ciencia.ufpr.br\/portal\/sistema-usa-triangulacao-de-ondas-para-prever-e-detectar-locais-atingidos-por-raios\/#breadcrumb\"},\"inLanguage\":\"pt-BR\",\"potentialAction\":[{\"@type\":\"ReadAction\",\"target\":[\"https:\/\/ciencia.ufpr.br\/portal\/sistema-usa-triangulacao-de-ondas-para-prever-e-detectar-locais-atingidos-por-raios\/\"]}]},{\"@type\":\"ImageObject\",\"inLanguage\":\"pt-BR\",\"@id\":\"https:\/\/ciencia.ufpr.br\/portal\/sistema-usa-triangulacao-de-ondas-para-prever-e-detectar-locais-atingidos-por-raios\/#primaryimage\",\"url\":\"https:\/\/ciencia.ufpr.br\/portal\/wp-content\/uploads\/2020\/12\/Hnet.com-image-3.gif\",\"contentUrl\":\"https:\/\/ciencia.ufpr.br\/portal\/wp-content\/uploads\/2020\/12\/Hnet.com-image-3.gif\",\"width\":822,\"height\":462,\"caption\":\"Uma das utilidades do sistema apontadas pelos desenvolvedores \u00e9 permitir o gerenciamento de risco para pessoas em locais abertos, como o litoral no Ver\u00e3o. V\u00eddeo: Ricardo Esquivel\/Pexels, 2019\"},{\"@type\":\"BreadcrumbList\",\"@id\":\"https:\/\/ciencia.ufpr.br\/portal\/sistema-usa-triangulacao-de-ondas-para-prever-e-detectar-locais-atingidos-por-raios\/#breadcrumb\",\"itemListElement\":[{\"@type\":\"ListItem\",\"position\":1,\"name\":\"Home\",\"item\":\"https:\/\/ciencia.ufpr.br\/portal\/\"},{\"@type\":\"ListItem\",\"position\":2,\"name\":\"Sistema usa triangula\u00e7\u00e3o de ondas de r\u00e1dio para prever e detectar locais atingidos por raios\"}]},{\"@type\":\"WebSite\",\"@id\":\"https:\/\/ciencia.ufpr.br\/portal\/#website\",\"url\":\"https:\/\/ciencia.ufpr.br\/portal\/\",\"name\":\"Ci\u00eancia UFPR\",\"description\":\"Site de temas cient\u00edficos com foco no conhecimento produzido na Universidade Federal do Paran\u00e1 (UFPR). Baseado na Revista Ci\u00eancia UFPR.\",\"publisher\":{\"@id\":\"https:\/\/ciencia.ufpr.br\/portal\/#organization\"},\"potentialAction\":[{\"@type\":\"SearchAction\",\"target\":{\"@type\":\"EntryPoint\",\"urlTemplate\":\"https:\/\/ciencia.ufpr.br\/portal\/?s={search_term_string}\"},\"query-input\":{\"@type\":\"PropertyValueSpecification\",\"valueRequired\":true,\"valueName\":\"search_term_string\"}}],\"inLanguage\":\"pt-BR\"},{\"@type\":\"Organization\",\"@id\":\"https:\/\/ciencia.ufpr.br\/portal\/#organization\",\"name\":\"Revista Ci\u00eancia UFPR\",\"url\":\"https:\/\/ciencia.ufpr.br\/portal\/\",\"logo\":{\"@type\":\"ImageObject\",\"inLanguage\":\"pt-BR\",\"@id\":\"https:\/\/ciencia.ufpr.br\/portal\/#\/schema\/logo\/image\/\",\"url\":\"https:\/\/ciencia.ufpr.br\/portal\/wp-content\/uploads\/2020\/12\/Revista-Ciencia-UFPR-vermelho.jpeg\",\"contentUrl\":\"https:\/\/ciencia.ufpr.br\/portal\/wp-content\/uploads\/2020\/12\/Revista-Ciencia-UFPR-vermelho.jpeg\",\"width\":992,\"height\":714,\"caption\":\"Revista Ci\u00eancia UFPR\"},\"image\":{\"@id\":\"https:\/\/ciencia.ufpr.br\/portal\/#\/schema\/logo\/image\/\"},\"sameAs\":[\"https:\/\/www.facebook.com\/cienciaufproficial\",\"https:\/\/x.com\/cienciaufpr\",\"https:\/\/www.instagram.com\/revistacienciaufpr\/\",\"https:\/\/www.linkedin.com\/company\/cienciaufproficial\",\"https:\/\/br.pinterest.com\/cienciaufpr\/\"]},{\"@type\":\"Person\",\"@id\":\"https:\/\/ciencia.ufpr.br\/portal\/#\/schema\/person\/6ad1bd43be8e06328f01e945a560bba3\",\"name\":\"Aline Fernandes Fran\u00e7a\",\"description\":\"Formada em jornalismo (UEPG), com especializa\u00e7\u00e3o em m\u00eddia, pol\u00edtica e atores sociais (UEPG). Jornalista na UFPR.\",\"url\":\"https:\/\/ciencia.ufpr.br\/portal\/author\/alinefernandes\/\"}]}<\/script>\n<!-- \/ Yoast SEO plugin. -->","yoast_head_json":{"title":"Sistema usa triangula\u00e7\u00e3o de ondas de r\u00e1dio para prever e detectar locais atingidos por raios - Ci\u00eancia UFPR","description":"Grupo de pesquisa est\u00e1 na fase final de desenvolvimento do projeto que ser\u00e1 testado na Grande Curitiba na temporada de ver\u00e3o 2020\/2021.","robots":{"index":"index","follow":"follow","max-snippet":"max-snippet:-1","max-image-preview":"max-image-preview:large","max-video-preview":"max-video-preview:-1"},"canonical":"https:\/\/ciencia.ufpr.br\/portal\/sistema-usa-triangulacao-de-ondas-para-prever-e-detectar-locais-atingidos-por-raios\/","og_locale":"pt_BR","og_type":"article","og_title":"Sistema usa triangula\u00e7\u00e3o de ondas de r\u00e1dio para prever e detectar locais atingidos por raios - Ci\u00eancia UFPR","og_description":"Grupo de pesquisa est\u00e1 na fase final de desenvolvimento do projeto que ser\u00e1 testado na Grande Curitiba na temporada de ver\u00e3o 2020\/2021.","og_url":"https:\/\/ciencia.ufpr.br\/portal\/sistema-usa-triangulacao-de-ondas-para-prever-e-detectar-locais-atingidos-por-raios\/","og_site_name":"Ci\u00eancia UFPR","article_publisher":"https:\/\/www.facebook.com\/cienciaufproficial","article_published_time":"2021-01-19T21:41:36+00:00","article_modified_time":"2022-05-14T12:19:15+00:00","og_image":[{"width":1920,"height":1080,"url":"https:\/\/ciencia.ufpr.br\/portal\/wp-content\/uploads\/2021\/01\/chutipon-pattanatitinon-LG8Mt7f7lXQ-unsplash.jpg","type":"image\/jpeg"}],"author":"Aline Fernandes Fran\u00e7a","twitter_card":"summary_large_image","twitter_image":"https:\/\/ciencia.ufpr.br\/portal\/wp-content\/uploads\/2021\/01\/chutipon-pattanatitinon-LG8Mt7f7lXQ-unsplash.jpg","twitter_creator":"@cienciaufpr","twitter_site":"@cienciaufpr","twitter_misc":{"Escrito por":"Aline Fernandes Fran\u00e7a","Est. tempo de leitura":"5 minutos"},"schema":{"@context":"https:\/\/schema.org","@graph":[{"@type":"Article","@id":"https:\/\/ciencia.ufpr.br\/portal\/sistema-usa-triangulacao-de-ondas-para-prever-e-detectar-locais-atingidos-por-raios\/#article","isPartOf":{"@id":"https:\/\/ciencia.ufpr.br\/portal\/sistema-usa-triangulacao-de-ondas-para-prever-e-detectar-locais-atingidos-por-raios\/"},"author":{"name":"Aline Fernandes Fran\u00e7a","@id":"https:\/\/ciencia.ufpr.br\/portal\/#\/schema\/person\/6ad1bd43be8e06328f01e945a560bba3"},"headline":"Sistema usa triangula\u00e7\u00e3o de ondas de r\u00e1dio para prever e detectar locais atingidos por raios","datePublished":"2021-01-19T21:41:36+00:00","dateModified":"2022-05-14T12:19:15+00:00","mainEntityOfPage":{"@id":"https:\/\/ciencia.ufpr.br\/portal\/sistema-usa-triangulacao-de-ondas-para-prever-e-detectar-locais-atingidos-por-raios\/"},"wordCount":838,"commentCount":1,"publisher":{"@id":"https:\/\/ciencia.ufpr.br\/portal\/#organization"},"image":{"@id":"https:\/\/ciencia.ufpr.br\/portal\/sistema-usa-triangulacao-de-ondas-para-prever-e-detectar-locais-atingidos-por-raios\/#primaryimage"},"thumbnailUrl":"https:\/\/ciencia.ufpr.br\/portal\/wp-content\/uploads\/2020\/12\/Hnet.com-image-3.gif","keywords":["2021","clima","engenharia el\u00e9trica","meteorologia","previs\u00e3o clim\u00e1tica","StormDetector"],"articleSection":["Exatas","Inova\u00e7\u00e3o","Reportagem","Tecnologia","\ud83c\udf99 Boletim UFPR"],"inLanguage":"pt-BR","potentialAction":[{"@type":"CommentAction","name":"Comment","target":["https:\/\/ciencia.ufpr.br\/portal\/sistema-usa-triangulacao-de-ondas-para-prever-e-detectar-locais-atingidos-por-raios\/#respond"]}]},{"@type":"WebPage","@id":"https:\/\/ciencia.ufpr.br\/portal\/sistema-usa-triangulacao-de-ondas-para-prever-e-detectar-locais-atingidos-por-raios\/","url":"https:\/\/ciencia.ufpr.br\/portal\/sistema-usa-triangulacao-de-ondas-para-prever-e-detectar-locais-atingidos-por-raios\/","name":"Sistema usa triangula\u00e7\u00e3o de ondas de r\u00e1dio para prever e detectar locais atingidos por raios - Ci\u00eancia UFPR","isPartOf":{"@id":"https:\/\/ciencia.ufpr.br\/portal\/#website"},"primaryImageOfPage":{"@id":"https:\/\/ciencia.ufpr.br\/portal\/sistema-usa-triangulacao-de-ondas-para-prever-e-detectar-locais-atingidos-por-raios\/#primaryimage"},"image":{"@id":"https:\/\/ciencia.ufpr.br\/portal\/sistema-usa-triangulacao-de-ondas-para-prever-e-detectar-locais-atingidos-por-raios\/#primaryimage"},"thumbnailUrl":"https:\/\/ciencia.ufpr.br\/portal\/wp-content\/uploads\/2020\/12\/Hnet.com-image-3.gif","datePublished":"2021-01-19T21:41:36+00:00","dateModified":"2022-05-14T12:19:15+00:00","description":"Grupo de pesquisa est\u00e1 na fase final de desenvolvimento do projeto que ser\u00e1 testado na Grande Curitiba na temporada de ver\u00e3o 2020\/2021.","breadcrumb":{"@id":"https:\/\/ciencia.ufpr.br\/portal\/sistema-usa-triangulacao-de-ondas-para-prever-e-detectar-locais-atingidos-por-raios\/#breadcrumb"},"inLanguage":"pt-BR","potentialAction":[{"@type":"ReadAction","target":["https:\/\/ciencia.ufpr.br\/portal\/sistema-usa-triangulacao-de-ondas-para-prever-e-detectar-locais-atingidos-por-raios\/"]}]},{"@type":"ImageObject","inLanguage":"pt-BR","@id":"https:\/\/ciencia.ufpr.br\/portal\/sistema-usa-triangulacao-de-ondas-para-prever-e-detectar-locais-atingidos-por-raios\/#primaryimage","url":"https:\/\/ciencia.ufpr.br\/portal\/wp-content\/uploads\/2020\/12\/Hnet.com-image-3.gif","contentUrl":"https:\/\/ciencia.ufpr.br\/portal\/wp-content\/uploads\/2020\/12\/Hnet.com-image-3.gif","width":822,"height":462,"caption":"Uma das utilidades do sistema apontadas pelos desenvolvedores \u00e9 permitir o gerenciamento de risco para pessoas em locais abertos, como o litoral no Ver\u00e3o. V\u00eddeo: Ricardo Esquivel\/Pexels, 2019"},{"@type":"BreadcrumbList","@id":"https:\/\/ciencia.ufpr.br\/portal\/sistema-usa-triangulacao-de-ondas-para-prever-e-detectar-locais-atingidos-por-raios\/#breadcrumb","itemListElement":[{"@type":"ListItem","position":1,"name":"Home","item":"https:\/\/ciencia.ufpr.br\/portal\/"},{"@type":"ListItem","position":2,"name":"Sistema usa triangula\u00e7\u00e3o de ondas de r\u00e1dio para prever e detectar locais atingidos por raios"}]},{"@type":"WebSite","@id":"https:\/\/ciencia.ufpr.br\/portal\/#website","url":"https:\/\/ciencia.ufpr.br\/portal\/","name":"Ci\u00eancia UFPR","description":"Site de temas cient\u00edficos com foco no conhecimento produzido na Universidade Federal do Paran\u00e1 (UFPR). Baseado na Revista Ci\u00eancia UFPR.","publisher":{"@id":"https:\/\/ciencia.ufpr.br\/portal\/#organization"},"potentialAction":[{"@type":"SearchAction","target":{"@type":"EntryPoint","urlTemplate":"https:\/\/ciencia.ufpr.br\/portal\/?s={search_term_string}"},"query-input":{"@type":"PropertyValueSpecification","valueRequired":true,"valueName":"search_term_string"}}],"inLanguage":"pt-BR"},{"@type":"Organization","@id":"https:\/\/ciencia.ufpr.br\/portal\/#organization","name":"Revista Ci\u00eancia UFPR","url":"https:\/\/ciencia.ufpr.br\/portal\/","logo":{"@type":"ImageObject","inLanguage":"pt-BR","@id":"https:\/\/ciencia.ufpr.br\/portal\/#\/schema\/logo\/image\/","url":"https:\/\/ciencia.ufpr.br\/portal\/wp-content\/uploads\/2020\/12\/Revista-Ciencia-UFPR-vermelho.jpeg","contentUrl":"https:\/\/ciencia.ufpr.br\/portal\/wp-content\/uploads\/2020\/12\/Revista-Ciencia-UFPR-vermelho.jpeg","width":992,"height":714,"caption":"Revista Ci\u00eancia UFPR"},"image":{"@id":"https:\/\/ciencia.ufpr.br\/portal\/#\/schema\/logo\/image\/"},"sameAs":["https:\/\/www.facebook.com\/cienciaufproficial","https:\/\/x.com\/cienciaufpr","https:\/\/www.instagram.com\/revistacienciaufpr\/","https:\/\/www.linkedin.com\/company\/cienciaufproficial","https:\/\/br.pinterest.com\/cienciaufpr\/"]},{"@type":"Person","@id":"https:\/\/ciencia.ufpr.br\/portal\/#\/schema\/person\/6ad1bd43be8e06328f01e945a560bba3","name":"Aline Fernandes Fran\u00e7a","description":"Formada em jornalismo (UEPG), com especializa\u00e7\u00e3o em m\u00eddia, pol\u00edtica e atores sociais (UEPG). Jornalista na UFPR.","url":"https:\/\/ciencia.ufpr.br\/portal\/author\/alinefernandes\/"}]}},"views":1934,"jetpack_sharing_enabled":true,"jetpack_featured_media_url":"https:\/\/ciencia.ufpr.br\/portal\/wp-content\/uploads\/2020\/12\/Hnet.com-image-3.gif","_links":{"self":[{"href":"https:\/\/ciencia.ufpr.br\/portal\/wp-json\/wp\/v2\/posts\/19283"}],"collection":[{"href":"https:\/\/ciencia.ufpr.br\/portal\/wp-json\/wp\/v2\/posts"}],"about":[{"href":"https:\/\/ciencia.ufpr.br\/portal\/wp-json\/wp\/v2\/types\/post"}],"author":[{"embeddable":true,"href":"https:\/\/ciencia.ufpr.br\/portal\/wp-json\/wp\/v2\/users\/2810"}],"replies":[{"embeddable":true,"href":"https:\/\/ciencia.ufpr.br\/portal\/wp-json\/wp\/v2\/comments?post=19283"}],"version-history":[{"count":20,"href":"https:\/\/ciencia.ufpr.br\/portal\/wp-json\/wp\/v2\/posts\/19283\/revisions"}],"predecessor-version":[{"id":19293,"href":"https:\/\/ciencia.ufpr.br\/portal\/wp-json\/wp\/v2\/posts\/19283\/revisions\/19293"}],"wp:featuredmedia":[{"embeddable":true,"href":"https:\/\/ciencia.ufpr.br\/portal\/wp-json\/wp\/v2\/media\/18326"}],"wp:attachment":[{"href":"https:\/\/ciencia.ufpr.br\/portal\/wp-json\/wp\/v2\/media?parent=19283"}],"wp:term":[{"taxonomy":"category","embeddable":true,"href":"https:\/\/ciencia.ufpr.br\/portal\/wp-json\/wp\/v2\/categories?post=19283"},{"taxonomy":"post_tag","embeddable":true,"href":"https:\/\/ciencia.ufpr.br\/portal\/wp-json\/wp\/v2\/tags?post=19283"}],"curies":[{"name":"wp","href":"https:\/\/api.w.org\/{rel}","templated":true}]}}