{"id":18716,"date":"2018-12-28T19:20:46","date_gmt":"2018-12-28T21:20:46","guid":{"rendered":"https:\/\/ciencia.ufpr.br\/portal\/?p=18716"},"modified":"2023-11-11T02:56:58","modified_gmt":"2023-11-11T05:56:58","slug":"colocacao-pronominal","status":"publish","type":"post","link":"https:\/\/ciencia.ufpr.br\/portal\/colocacao-pronominal\/","title":{"rendered":"A verborr\u00e1gica hist\u00f3ria da coloca\u00e7\u00e3o pronominal no portugu\u00eas brasileiro"},"content":{"rendered":"<p>No poema \u201cPronominais\u201d, de 1925, Oswald de Andrade registrava que o brasileiro tinha duas formas de pedir um cigarro: os letrados dizem \u201cd\u00ea-me um cigarro\u201d e \u201co bom negro e o bom branco\u201d falam \u201cme d\u00e1 um cigarro\u201d. Em sua pesquisa de p\u00f3s-doutorado apresentada no Programa de P\u00f3s-Gradua\u00e7\u00e3o em Letras da Universidade Federal do Paran\u00e1 (UFPR), o pesquisador Marcelo Limeira dos Anjos endossa a constata\u00e7\u00e3o de que as regras de coloca\u00e7\u00e3o pronominal do portugu\u00eas brasileiro t\u00eam ra\u00edzes no uso da linguagem como crit\u00e9rio de diferencia\u00e7\u00e3o de classes. Mais: al\u00e9m da origem classista, a hist\u00f3ria da norma sugere que outros fatores, como quest\u00f5es pol\u00edticas e at\u00e9 inimizades entre autores, ajudam a explicar o porqu\u00ea de o pa\u00eds ter regras t\u00e3o r\u00edgidas no posicionamento de pronomes obl\u00edquos \u00e1tonos (me, te, se, o, a, lhe, nos, vos e seus eventuais plurais) frente a verbos.<\/p>\n<blockquote class=\"alignright\"><p>A\u00a0gram\u00e1tica brasileira mais disseminada traz obriga\u00e7\u00f5es quanto \u00e0 coloca\u00e7\u00e3o de pronomes, o que n\u00e3o ocorre na gram\u00e1tica portuguesa<\/p><\/blockquote>\n<p>A pesquisa, que segue perspectiva lingu\u00edstica (ou seja, n\u00e3o da gram\u00e1tica tradicional, que assume outro tipo de vis\u00e3o), destaca o fato de, apesar da falta de consenso entre os te\u00f3ricos sobre essas normas, que perdura at\u00e9 hoje, em geral a gram\u00e1tica brasileira mais disseminada traz obriga\u00e7\u00f5es quanto \u00e0 coloca\u00e7\u00e3o de pronomes, o que n\u00e3o ocorre na gram\u00e1tica portuguesa. \u201cO tema n\u00e3o atormenta os portugueses como aos brasileiros. Em tese, at\u00e9 mesmo a proibi\u00e7\u00e3o do pronome em in\u00edcio de ora\u00e7\u00e3o s\u00f3 faz sentido para n\u00f3s\u201d, diz Anjos.<\/p>\n<p>Entre esses impeditivos mencionados pelo pesquisador est\u00e1 o uso do pronome antes do verbo (pr\u00f3clise) em in\u00edcio de frase, que inspirou Oswald de Andrade. Outro \u00e9 a \u201catra\u00e7\u00e3o\u201d que certas palavras, como os adv\u00e9rbios ou as de sentido negativo, exerceriam sobre o pronome, o que for\u00e7aria a pr\u00f3clise (caso de \u201cnunca te vi\u201d ser o correto em rela\u00e7\u00e3o a \u201cnunca vi-te\u201d).<\/p>\n<blockquote class=\"alignright\"><p>Pesquisa concluiu que maioria das regras foi inventada em solo brasileiro e, depois de levantadas em longas e acaloradas discuss\u00f5es liter\u00e1rias, acabou imposta pelo ensino formal<\/p><\/blockquote>\n<p>Anjos estudou a hist\u00f3ria das regras de coloca\u00e7\u00e3o pronominal e concluiu que a maioria delas foi inventada e, depois de levantadas em discuss\u00f5es intelectuais, acabou imposta pelo ensino formal. Na historiografia levantada pela pesquisa, consta que as gram\u00e1ticas do s\u00e9culo XVIII, por exemplo, apenas citavam a exist\u00eancia da pr\u00f3clise e da \u00eanclise.<\/p>\n<p>Foi nos s\u00e9culos XIX e XX, com a dissemina\u00e7\u00e3o da imprensa, que as discuss\u00f5es se acaloraram e chegaram aos jornais, onde a verborragia ganhou impulso. Com isso, as defini\u00e7\u00f5es teriam ficado mais aleat\u00f3rias. \u201c\u00c9 tudo muito impression\u00edstico\u201d, avalia o pesquisador, considerando que h\u00e1 mais opini\u00e3o do que fatos nas normas que foram surgindo.<\/p>\n<h2>N\u00famero de &#8220;part\u00edculas atrativas&#8221; multiplicou a partir do s\u00e9culo XIX<\/h2>\n<p>Uma amostra disso \u00e9 a l\u00f3gica do fator atrativo de certas palavras, cuja presen\u00e7a na frase define a pr\u00f3clise. A cren\u00e7a de que existem palavras e express\u00f5es que atraem pronomes estava impl\u00edcita nas gram\u00e1ticas do s\u00e9culo XIX, mas Jo\u00e3o Batista Ribeiro de Andrade Fernandes, em 1889, foi o primeiro a abordar isso expressamente. Para o fil\u00f3logo brasileiro, havia \u201cuma certa attrac\u00e7\u00e3o do sujeito ou do adv\u00e9rbio de nega\u00e7\u00e3o, quantidade e tempo, para com o pronome obliquo\u201d. Nota-se que a \u201csensa\u00e7\u00e3o\u201d teve mais valor na regra de Ribeiro do que aspectos lingu\u00edsticos.<\/p>\n<p>A discuss\u00e3o rendeu frutos e, ao longo do processo da l\u00f3gica atrativa, ocorreu um crescimento exponencial na quantidade de \u201cpalavras atrativas\u201d. Na d\u00e9cada de 1870, Feliciano de Castilho Assim afirma que as palavras atrativas de pronome s\u00e3o os adv\u00e9rbios \u2014 12 mais todos os terminados em \u201cmente\u201d. Em 1880, Arthur Barreiros falava de 31 palavras, de v\u00e1rias classes gramaticais, que devem ser antepostas ao pronome. No mesmo ano, Pinheiro J\u00fanior enumera 53 voc\u00e1bulos que obrigam a pr\u00f3clise.<\/p>\n<p>Hoje a regra cobrada em provas escolares abrange uma centena de palavras, j\u00e1 que incluem adv\u00e9rbios, pronomes indefinidos (como \u201ctudo\u201d ou \u201cnada\u201d), pronomes interrogativos, pronomes relativos, pronomes demonstrativos e conjun\u00e7\u00f5es subordinativas.<\/p>\n<blockquote class=\"alignright\"><p>Lista de mais de cem voc\u00e1bulos, que devem ser decorados desde a escola, hoje define posi\u00e7\u00e3o do pronome \u00e1tono para antes do verbo<\/p><\/blockquote>\n<p>\u201cIsso definiu a \u2018tirania da pr\u00f3clise\u2019 no Brasil: listas e listas de voc\u00e1bulos atrativos que devem ser decorados pelos estudantes sem muita contesta\u00e7\u00e3o\u201d, analisa o pesquisador.<\/p>\n<p>Em sua pesquisa, o professor registra tamb\u00e9m o uso pol\u00edtico da discuss\u00e3o sobre gram\u00e1tica na figura da \u201cbatalha\u201d travada entre Castilho (aliado do imperador Dom Pedro II) e o pol\u00edtico e escritor Jos\u00e9 de Alencar em fasc\u00edculos publicados na imprensa em 1871 e 1872. Sob o pseud\u00f4nimo \u201cCincinato\u201d, Feliciano fez uma an\u00e1lise impiedosa da obra \u201cO Ga\u00facho\u201d, de Alencar.<\/p>\n<p>\u201cN\u00e3o escapava nada: a obra, o estilo, a linguagem. Tudo era um meio para criticar o pol\u00edtico. O intuito era mesmo o de ridicularizar Alencar e a mat\u00e9ria lingu\u00edstica caia como uma luva para esses prop\u00f3sitos\u201d, conta Anjos.<\/p>\n<h2>Regras deixam impl\u00edcita ideia de que o brasileiro escreve e fala pior<\/h2>\n<p>\u00c9 ineg\u00e1vel, tamb\u00e9m, que a necessidade de condenar o uso brasileiro dos pronomes obl\u00edquos tenha guiado boa parte dessas regras. Na fala coloquial, at\u00e9 hoje \u00e9 mais comum um brasileiro errar a coloca\u00e7\u00e3o pronominal do que acertar, mas as regras continuam firmes e fortes.<\/p>\n<p>Te\u00f3ricos j\u00e1 chamaram a forma como o brasileiro usa pronomes obl\u00edquos de \u201canomalias\u201d, \u201cbrasileirismos a serem evitados\u201d, ou \u201cviciosa coloca\u00e7\u00e3o de pronomes que muita gente usa no Brasil\u201d. \u201cDe l\u00e1 para c\u00e1, ainda somos acusados de n\u00e3o sabermos colocar os pronomes\u201d, resume Anjos.<\/p>\n<p>Fora da pesquisa, outros livros mostram que te\u00f3ricos como Arthur Barreiras, Feliciano de Castilho e Gama e Castro criticaram abertamente os usos brasileiros. O marco, por\u00e9m, foi C\u00e2ndido de Figueiredo, que escreveu especificamente sobre a coloca\u00e7\u00e3o pronominal e, no in\u00edcio do s\u00e9culo XX, decretou o banimento da forma brasileira de falar, que classificou como um amontoado de \u201cerros crassos\u201d frente ao \u201cleg\u00edtimo\u201d portugu\u00eas de Portugal.<\/p>\n<p>Uma das respostas mais contundentes a Figueiredo foi a de Paulino de Brito, na obra \u201cBrasileirismos\u201d, de 1908. \u201cA verdade \u00e9 que brasileiros e portuguezes collocam os pronomes da mesma f\u00f3rma, salvo pequenas vari\u00e2ntes\u201d, ponderou.<\/p>\n<p>Para Anjos, o fato de Figueiredo ser hoje considerado por muitos um s\u00edmbolo do preconceito lingu\u00edstico n\u00e3o significa que sua influ\u00eancia seja nula. \u201cAcreditamos que a voz do fil\u00f3logo portugu\u00eas ecoa ainda hoje em muitos materiais, sobretudo aqueles de qualidade bem duvidosa\u201d.<\/p>\n<h2>&#8220;Super-corre\u00e7\u00e3o&#8221;, o erro que surge da percep\u00e7\u00e3o sobre o excesso de regras<\/h2>\n<p>O professor Carlos Alberto Faraco, que supervisionou a pesquisa de Marcelo dos Anjos, acredita que entender a hist\u00f3ria das regras gramaticais \u00e9 um caminho para um ensino mais cr\u00edtico da L\u00edngua Portuguesa, especialmente no caso das coloca\u00e7\u00f5es pronominais.<\/p>\n<blockquote class=\"alignright\"><p>&#8220;Regras gramaticais muitas vezes s\u00e3o tiradas do entendimento de que o povo \u2018destroi\u2019 a l\u00edngua&#8221;<\/p>\n<footer><cite>Carlos Alberto Faraco, professor titular de Letras na UFPR e supervisor da pesquisa<\/cite><\/footer>\n<\/blockquote>\n<footer><span style=\"font-family: Cardo, Georgia, Times;\">\u201cA vantagem de um trabalho como este \u00e9 compreender que essas regras, primeiro, n\u00e3o ca\u00edram do c\u00e9u; depois, n\u00e3o resultaram de sistematiza\u00e7\u00e3o, al\u00e9m de serem muitas vezes aleat\u00f3rias e tiradas do entendimento de que o povo \u2018destroi\u2019 a l\u00edngua\u201d, afirma. \u201cTamb\u00e9m s\u00e3o autorit\u00e1rias, porque querem coagir pessoas que \u2018falam errado\u2019\u201d.<\/span><\/footer>\n<p>Faraco lembra que as regras gramaticais que subordinam uma l\u00edngua costumam gerar um efeito adverso, o excesso de corre\u00e7\u00e3o. \u201cVoc\u00ea l\u00ea tanto sobre isso e aquilo ser errado, que incorpora\u201d, explica.<\/p>\n<p>Assim, diz o linguista, surgem constru\u00e7\u00f5es que n\u00e3o t\u00eam amparo nem na regra nem no coloquialismo. \u00c9 o que ocorre quando, em vez de optar pelo coloquial \u201cvi ele na rua\u201d ou pelo culto \u201cvi-o na rua\u201d, o escritor escolhe \u201co vi na rua\u201d. \u201c\u00c9 um registro que s\u00f3 existe por causa da mega-hiper-corre\u00e7\u00e3o\u201d.<\/p>\n","protected":false},"excerpt":{"rendered":"<p>No poema \u201cPronominais\u201d, de 1925, Oswald de Andrade registrava que o brasileiro tinha duas formas de pedir um cigarro: os&#8230;<\/p>\n","protected":false},"author":2800,"featured_media":22063,"comment_status":"open","ping_status":"open","sticky":false,"template":"","format":"standard","meta":{"_acf_changed":false,"footnotes":"","fifu_image_url":"","fifu_image_alt":"","_jetpack_memberships_contains_paid_content":false},"categories":[1618,1],"tags":[1851,1840,1711,1807,1837,1839,2119],"acf":[],"yoast_head":"<!-- This site is optimized with the Yoast SEO plugin v23.5 - https:\/\/yoast.com\/wordpress\/plugins\/seo\/ -->\n<title>A verborr\u00e1gica hist\u00f3ria da coloca\u00e7\u00e3o pronominal no portugu\u00eas brasileiro - Ci\u00eancia UFPR<\/title>\n<meta name=\"description\" content=\"Discutidas \u00e0 exaust\u00e3o na imprensa, regras de coloca\u00e7\u00e3o pronominal no portugu\u00eas brasileiro t\u00eam origem em classismo e at\u00e9 em brigas pol\u00edticas, diz pesquisador.\" \/>\n<meta name=\"robots\" content=\"index, follow, max-snippet:-1, max-image-preview:large, max-video-preview:-1\" \/>\n<link rel=\"canonical\" href=\"https:\/\/ciencia.ufpr.br\/portal\/colocacao-pronominal\/\" \/>\n<meta property=\"og:locale\" content=\"pt_BR\" \/>\n<meta property=\"og:type\" content=\"article\" \/>\n<meta property=\"og:title\" content=\"A verborr\u00e1gica hist\u00f3ria da coloca\u00e7\u00e3o pronominal no portugu\u00eas brasileiro - Ci\u00eancia UFPR\" \/>\n<meta property=\"og:description\" content=\"Discutidas \u00e0 exaust\u00e3o na imprensa, regras de coloca\u00e7\u00e3o pronominal no portugu\u00eas brasileiro t\u00eam origem em classismo e at\u00e9 em brigas pol\u00edticas, diz pesquisador.\" \/>\n<meta property=\"og:url\" content=\"https:\/\/ciencia.ufpr.br\/portal\/colocacao-pronominal\/\" \/>\n<meta property=\"og:site_name\" content=\"Ci\u00eancia UFPR\" \/>\n<meta property=\"article:publisher\" content=\"https:\/\/www.facebook.com\/cienciaufproficial\" \/>\n<meta property=\"article:published_time\" content=\"2018-12-28T21:20:46+00:00\" \/>\n<meta property=\"article:modified_time\" content=\"2023-11-11T05:56:58+00:00\" \/>\n<meta property=\"og:image\" content=\"https:\/\/ciencia.ufpr.br\/portal\/wp-content\/uploads\/2022\/06\/Candido-Figueiredo-Joao-Ribeiro-Jose-de-Alencar-e-Feliciano-de-Castilho-que-tinha-deficiencia-visual.-Fotos-Commons-2-e1654544016862.jpg\" \/>\n\t<meta property=\"og:image:width\" content=\"1737\" \/>\n\t<meta property=\"og:image:height\" content=\"864\" \/>\n\t<meta property=\"og:image:type\" content=\"image\/jpeg\" \/>\n<meta name=\"author\" content=\"Camille Bropp\" \/>\n<meta name=\"twitter:card\" content=\"summary_large_image\" \/>\n<meta name=\"twitter:creator\" content=\"@cienciaufpr\" \/>\n<meta name=\"twitter:site\" content=\"@cienciaufpr\" \/>\n<meta name=\"twitter:label1\" content=\"Escrito por\" \/>\n\t<meta name=\"twitter:data1\" content=\"Camille Bropp\" \/>\n\t<meta name=\"twitter:label2\" content=\"Est. tempo de leitura\" \/>\n\t<meta name=\"twitter:data2\" content=\"7 minutos\" \/>\n<script type=\"application\/ld+json\" class=\"yoast-schema-graph\">{\"@context\":\"https:\/\/schema.org\",\"@graph\":[{\"@type\":\"Article\",\"@id\":\"https:\/\/ciencia.ufpr.br\/portal\/colocacao-pronominal\/#article\",\"isPartOf\":{\"@id\":\"https:\/\/ciencia.ufpr.br\/portal\/colocacao-pronominal\/\"},\"author\":{\"name\":\"Camille Bropp\",\"@id\":\"https:\/\/ciencia.ufpr.br\/portal\/#\/schema\/person\/b2d3b2036ea31f22ae6f5f6424e9c020\"},\"headline\":\"A verborr\u00e1gica hist\u00f3ria da coloca\u00e7\u00e3o pronominal no portugu\u00eas brasileiro\",\"datePublished\":\"2018-12-28T21:20:46+00:00\",\"dateModified\":\"2023-11-11T05:56:58+00:00\",\"mainEntityOfPage\":{\"@id\":\"https:\/\/ciencia.ufpr.br\/portal\/colocacao-pronominal\/\"},\"wordCount\":1397,\"commentCount\":5,\"publisher\":{\"@id\":\"https:\/\/ciencia.ufpr.br\/portal\/#organization\"},\"image\":{\"@id\":\"https:\/\/ciencia.ufpr.br\/portal\/colocacao-pronominal\/#primaryimage\"},\"thumbnailUrl\":\"https:\/\/ciencia.ufpr.br\/portal\/wp-content\/uploads\/2022\/06\/Candido-Figueiredo-Joao-Ribeiro-Jose-de-Alencar-e-Feliciano-de-Castilho-que-tinha-deficiencia-visual.-Fotos-Commons-2-e1654544016862.jpg\",\"keywords\":[\"2018\",\"gram\u00e1tica\",\"hist\u00f3ria\",\"letras\",\"l\u00edngua portuguesa\",\"lingu\u00edstica\",\"mais lidas\"],\"articleSection\":[\"Humanas\",\"Reportagem\"],\"inLanguage\":\"pt-BR\",\"potentialAction\":[{\"@type\":\"CommentAction\",\"name\":\"Comment\",\"target\":[\"https:\/\/ciencia.ufpr.br\/portal\/colocacao-pronominal\/#respond\"]}]},{\"@type\":\"WebPage\",\"@id\":\"https:\/\/ciencia.ufpr.br\/portal\/colocacao-pronominal\/\",\"url\":\"https:\/\/ciencia.ufpr.br\/portal\/colocacao-pronominal\/\",\"name\":\"A verborr\u00e1gica hist\u00f3ria da coloca\u00e7\u00e3o pronominal no portugu\u00eas brasileiro - Ci\u00eancia UFPR\",\"isPartOf\":{\"@id\":\"https:\/\/ciencia.ufpr.br\/portal\/#website\"},\"primaryImageOfPage\":{\"@id\":\"https:\/\/ciencia.ufpr.br\/portal\/colocacao-pronominal\/#primaryimage\"},\"image\":{\"@id\":\"https:\/\/ciencia.ufpr.br\/portal\/colocacao-pronominal\/#primaryimage\"},\"thumbnailUrl\":\"https:\/\/ciencia.ufpr.br\/portal\/wp-content\/uploads\/2022\/06\/Candido-Figueiredo-Joao-Ribeiro-Jose-de-Alencar-e-Feliciano-de-Castilho-que-tinha-deficiencia-visual.-Fotos-Commons-2-e1654544016862.jpg\",\"datePublished\":\"2018-12-28T21:20:46+00:00\",\"dateModified\":\"2023-11-11T05:56:58+00:00\",\"description\":\"Discutidas \u00e0 exaust\u00e3o na imprensa, regras de coloca\u00e7\u00e3o pronominal no portugu\u00eas brasileiro t\u00eam origem em classismo e at\u00e9 em brigas pol\u00edticas, diz pesquisador.\",\"breadcrumb\":{\"@id\":\"https:\/\/ciencia.ufpr.br\/portal\/colocacao-pronominal\/#breadcrumb\"},\"inLanguage\":\"pt-BR\",\"potentialAction\":[{\"@type\":\"ReadAction\",\"target\":[\"https:\/\/ciencia.ufpr.br\/portal\/colocacao-pronominal\/\"]}]},{\"@type\":\"ImageObject\",\"inLanguage\":\"pt-BR\",\"@id\":\"https:\/\/ciencia.ufpr.br\/portal\/colocacao-pronominal\/#primaryimage\",\"url\":\"https:\/\/ciencia.ufpr.br\/portal\/wp-content\/uploads\/2022\/06\/Candido-Figueiredo-Joao-Ribeiro-Jose-de-Alencar-e-Feliciano-de-Castilho-que-tinha-deficiencia-visual.-Fotos-Commons-2-e1654544016862.jpg\",\"contentUrl\":\"https:\/\/ciencia.ufpr.br\/portal\/wp-content\/uploads\/2022\/06\/Candido-Figueiredo-Joao-Ribeiro-Jose-de-Alencar-e-Feliciano-de-Castilho-que-tinha-deficiencia-visual.-Fotos-Commons-2-e1654544016862.jpg\",\"width\":1737,\"height\":864,\"caption\":\"Linguistas, escritores e jornalistas que deram palpites sobre o tema: Feliciano de Castilho; C\u00e2ndido Figueiredo; Jos\u00e9 de Alencar; e Jo\u00e3o Ribeiro. Fotos: Reprodu\u00e7\u00e3o\/Wikimedia Commons\"},{\"@type\":\"BreadcrumbList\",\"@id\":\"https:\/\/ciencia.ufpr.br\/portal\/colocacao-pronominal\/#breadcrumb\",\"itemListElement\":[{\"@type\":\"ListItem\",\"position\":1,\"name\":\"Home\",\"item\":\"https:\/\/ciencia.ufpr.br\/portal\/\"},{\"@type\":\"ListItem\",\"position\":2,\"name\":\"A verborr\u00e1gica hist\u00f3ria da coloca\u00e7\u00e3o pronominal no portugu\u00eas brasileiro\"}]},{\"@type\":\"WebSite\",\"@id\":\"https:\/\/ciencia.ufpr.br\/portal\/#website\",\"url\":\"https:\/\/ciencia.ufpr.br\/portal\/\",\"name\":\"Ci\u00eancia UFPR\",\"description\":\"Site de temas cient\u00edficos com foco no conhecimento produzido na Universidade Federal do Paran\u00e1 (UFPR). Baseado na Revista Ci\u00eancia UFPR.\",\"publisher\":{\"@id\":\"https:\/\/ciencia.ufpr.br\/portal\/#organization\"},\"potentialAction\":[{\"@type\":\"SearchAction\",\"target\":{\"@type\":\"EntryPoint\",\"urlTemplate\":\"https:\/\/ciencia.ufpr.br\/portal\/?s={search_term_string}\"},\"query-input\":{\"@type\":\"PropertyValueSpecification\",\"valueRequired\":true,\"valueName\":\"search_term_string\"}}],\"inLanguage\":\"pt-BR\"},{\"@type\":\"Organization\",\"@id\":\"https:\/\/ciencia.ufpr.br\/portal\/#organization\",\"name\":\"Revista Ci\u00eancia UFPR\",\"url\":\"https:\/\/ciencia.ufpr.br\/portal\/\",\"logo\":{\"@type\":\"ImageObject\",\"inLanguage\":\"pt-BR\",\"@id\":\"https:\/\/ciencia.ufpr.br\/portal\/#\/schema\/logo\/image\/\",\"url\":\"https:\/\/ciencia.ufpr.br\/portal\/wp-content\/uploads\/2020\/12\/Revista-Ciencia-UFPR-vermelho.jpeg\",\"contentUrl\":\"https:\/\/ciencia.ufpr.br\/portal\/wp-content\/uploads\/2020\/12\/Revista-Ciencia-UFPR-vermelho.jpeg\",\"width\":992,\"height\":714,\"caption\":\"Revista Ci\u00eancia UFPR\"},\"image\":{\"@id\":\"https:\/\/ciencia.ufpr.br\/portal\/#\/schema\/logo\/image\/\"},\"sameAs\":[\"https:\/\/www.facebook.com\/cienciaufproficial\",\"https:\/\/x.com\/cienciaufpr\",\"https:\/\/www.instagram.com\/revistacienciaufpr\/\",\"https:\/\/www.linkedin.com\/company\/cienciaufproficial\",\"https:\/\/br.pinterest.com\/cienciaufpr\/\"]},{\"@type\":\"Person\",\"@id\":\"https:\/\/ciencia.ufpr.br\/portal\/#\/schema\/person\/b2d3b2036ea31f22ae6f5f6424e9c020\",\"name\":\"Camille Bropp\",\"description\":\"Formada em jornalismo (UFSC), com especializa\u00e7\u00e3o em sociologia pol\u00edtica (UFPR) e mestra em Divulga\u00e7\u00e3o Cient\u00edfica e Cultural (Unicamp). Jornalista na UFPR.\",\"sameAs\":[\"https:\/\/www.linkedin.com\/in\/camille-b-cardoso-1b229b21\/\"],\"url\":\"https:\/\/ciencia.ufpr.br\/portal\/author\/camille-bropp\/\"}]}<\/script>\n<!-- \/ Yoast SEO plugin. -->","yoast_head_json":{"title":"A verborr\u00e1gica hist\u00f3ria da coloca\u00e7\u00e3o pronominal no portugu\u00eas brasileiro - Ci\u00eancia UFPR","description":"Discutidas \u00e0 exaust\u00e3o na imprensa, regras de coloca\u00e7\u00e3o pronominal no portugu\u00eas brasileiro t\u00eam origem em classismo e at\u00e9 em brigas pol\u00edticas, diz pesquisador.","robots":{"index":"index","follow":"follow","max-snippet":"max-snippet:-1","max-image-preview":"max-image-preview:large","max-video-preview":"max-video-preview:-1"},"canonical":"https:\/\/ciencia.ufpr.br\/portal\/colocacao-pronominal\/","og_locale":"pt_BR","og_type":"article","og_title":"A verborr\u00e1gica hist\u00f3ria da coloca\u00e7\u00e3o pronominal no portugu\u00eas brasileiro - Ci\u00eancia UFPR","og_description":"Discutidas \u00e0 exaust\u00e3o na imprensa, regras de coloca\u00e7\u00e3o pronominal no portugu\u00eas brasileiro t\u00eam origem em classismo e at\u00e9 em brigas pol\u00edticas, diz pesquisador.","og_url":"https:\/\/ciencia.ufpr.br\/portal\/colocacao-pronominal\/","og_site_name":"Ci\u00eancia UFPR","article_publisher":"https:\/\/www.facebook.com\/cienciaufproficial","article_published_time":"2018-12-28T21:20:46+00:00","article_modified_time":"2023-11-11T05:56:58+00:00","og_image":[{"width":1737,"height":864,"url":"https:\/\/ciencia.ufpr.br\/portal\/wp-content\/uploads\/2022\/06\/Candido-Figueiredo-Joao-Ribeiro-Jose-de-Alencar-e-Feliciano-de-Castilho-que-tinha-deficiencia-visual.-Fotos-Commons-2-e1654544016862.jpg","type":"image\/jpeg"}],"author":"Camille Bropp","twitter_card":"summary_large_image","twitter_creator":"@cienciaufpr","twitter_site":"@cienciaufpr","twitter_misc":{"Escrito por":"Camille Bropp","Est. tempo de leitura":"7 minutos"},"schema":{"@context":"https:\/\/schema.org","@graph":[{"@type":"Article","@id":"https:\/\/ciencia.ufpr.br\/portal\/colocacao-pronominal\/#article","isPartOf":{"@id":"https:\/\/ciencia.ufpr.br\/portal\/colocacao-pronominal\/"},"author":{"name":"Camille Bropp","@id":"https:\/\/ciencia.ufpr.br\/portal\/#\/schema\/person\/b2d3b2036ea31f22ae6f5f6424e9c020"},"headline":"A verborr\u00e1gica hist\u00f3ria da coloca\u00e7\u00e3o pronominal no portugu\u00eas brasileiro","datePublished":"2018-12-28T21:20:46+00:00","dateModified":"2023-11-11T05:56:58+00:00","mainEntityOfPage":{"@id":"https:\/\/ciencia.ufpr.br\/portal\/colocacao-pronominal\/"},"wordCount":1397,"commentCount":5,"publisher":{"@id":"https:\/\/ciencia.ufpr.br\/portal\/#organization"},"image":{"@id":"https:\/\/ciencia.ufpr.br\/portal\/colocacao-pronominal\/#primaryimage"},"thumbnailUrl":"https:\/\/ciencia.ufpr.br\/portal\/wp-content\/uploads\/2022\/06\/Candido-Figueiredo-Joao-Ribeiro-Jose-de-Alencar-e-Feliciano-de-Castilho-que-tinha-deficiencia-visual.-Fotos-Commons-2-e1654544016862.jpg","keywords":["2018","gram\u00e1tica","hist\u00f3ria","letras","l\u00edngua portuguesa","lingu\u00edstica","mais lidas"],"articleSection":["Humanas","Reportagem"],"inLanguage":"pt-BR","potentialAction":[{"@type":"CommentAction","name":"Comment","target":["https:\/\/ciencia.ufpr.br\/portal\/colocacao-pronominal\/#respond"]}]},{"@type":"WebPage","@id":"https:\/\/ciencia.ufpr.br\/portal\/colocacao-pronominal\/","url":"https:\/\/ciencia.ufpr.br\/portal\/colocacao-pronominal\/","name":"A verborr\u00e1gica hist\u00f3ria da coloca\u00e7\u00e3o pronominal no portugu\u00eas brasileiro - Ci\u00eancia UFPR","isPartOf":{"@id":"https:\/\/ciencia.ufpr.br\/portal\/#website"},"primaryImageOfPage":{"@id":"https:\/\/ciencia.ufpr.br\/portal\/colocacao-pronominal\/#primaryimage"},"image":{"@id":"https:\/\/ciencia.ufpr.br\/portal\/colocacao-pronominal\/#primaryimage"},"thumbnailUrl":"https:\/\/ciencia.ufpr.br\/portal\/wp-content\/uploads\/2022\/06\/Candido-Figueiredo-Joao-Ribeiro-Jose-de-Alencar-e-Feliciano-de-Castilho-que-tinha-deficiencia-visual.-Fotos-Commons-2-e1654544016862.jpg","datePublished":"2018-12-28T21:20:46+00:00","dateModified":"2023-11-11T05:56:58+00:00","description":"Discutidas \u00e0 exaust\u00e3o na imprensa, regras de coloca\u00e7\u00e3o pronominal no portugu\u00eas brasileiro t\u00eam origem em classismo e at\u00e9 em brigas pol\u00edticas, diz pesquisador.","breadcrumb":{"@id":"https:\/\/ciencia.ufpr.br\/portal\/colocacao-pronominal\/#breadcrumb"},"inLanguage":"pt-BR","potentialAction":[{"@type":"ReadAction","target":["https:\/\/ciencia.ufpr.br\/portal\/colocacao-pronominal\/"]}]},{"@type":"ImageObject","inLanguage":"pt-BR","@id":"https:\/\/ciencia.ufpr.br\/portal\/colocacao-pronominal\/#primaryimage","url":"https:\/\/ciencia.ufpr.br\/portal\/wp-content\/uploads\/2022\/06\/Candido-Figueiredo-Joao-Ribeiro-Jose-de-Alencar-e-Feliciano-de-Castilho-que-tinha-deficiencia-visual.-Fotos-Commons-2-e1654544016862.jpg","contentUrl":"https:\/\/ciencia.ufpr.br\/portal\/wp-content\/uploads\/2022\/06\/Candido-Figueiredo-Joao-Ribeiro-Jose-de-Alencar-e-Feliciano-de-Castilho-que-tinha-deficiencia-visual.-Fotos-Commons-2-e1654544016862.jpg","width":1737,"height":864,"caption":"Linguistas, escritores e jornalistas que deram palpites sobre o tema: Feliciano de Castilho; C\u00e2ndido Figueiredo; Jos\u00e9 de Alencar; e Jo\u00e3o Ribeiro. Fotos: Reprodu\u00e7\u00e3o\/Wikimedia Commons"},{"@type":"BreadcrumbList","@id":"https:\/\/ciencia.ufpr.br\/portal\/colocacao-pronominal\/#breadcrumb","itemListElement":[{"@type":"ListItem","position":1,"name":"Home","item":"https:\/\/ciencia.ufpr.br\/portal\/"},{"@type":"ListItem","position":2,"name":"A verborr\u00e1gica hist\u00f3ria da coloca\u00e7\u00e3o pronominal no portugu\u00eas brasileiro"}]},{"@type":"WebSite","@id":"https:\/\/ciencia.ufpr.br\/portal\/#website","url":"https:\/\/ciencia.ufpr.br\/portal\/","name":"Ci\u00eancia UFPR","description":"Site de temas cient\u00edficos com foco no conhecimento produzido na Universidade Federal do Paran\u00e1 (UFPR). Baseado na Revista Ci\u00eancia UFPR.","publisher":{"@id":"https:\/\/ciencia.ufpr.br\/portal\/#organization"},"potentialAction":[{"@type":"SearchAction","target":{"@type":"EntryPoint","urlTemplate":"https:\/\/ciencia.ufpr.br\/portal\/?s={search_term_string}"},"query-input":{"@type":"PropertyValueSpecification","valueRequired":true,"valueName":"search_term_string"}}],"inLanguage":"pt-BR"},{"@type":"Organization","@id":"https:\/\/ciencia.ufpr.br\/portal\/#organization","name":"Revista Ci\u00eancia UFPR","url":"https:\/\/ciencia.ufpr.br\/portal\/","logo":{"@type":"ImageObject","inLanguage":"pt-BR","@id":"https:\/\/ciencia.ufpr.br\/portal\/#\/schema\/logo\/image\/","url":"https:\/\/ciencia.ufpr.br\/portal\/wp-content\/uploads\/2020\/12\/Revista-Ciencia-UFPR-vermelho.jpeg","contentUrl":"https:\/\/ciencia.ufpr.br\/portal\/wp-content\/uploads\/2020\/12\/Revista-Ciencia-UFPR-vermelho.jpeg","width":992,"height":714,"caption":"Revista Ci\u00eancia UFPR"},"image":{"@id":"https:\/\/ciencia.ufpr.br\/portal\/#\/schema\/logo\/image\/"},"sameAs":["https:\/\/www.facebook.com\/cienciaufproficial","https:\/\/x.com\/cienciaufpr","https:\/\/www.instagram.com\/revistacienciaufpr\/","https:\/\/www.linkedin.com\/company\/cienciaufproficial","https:\/\/br.pinterest.com\/cienciaufpr\/"]},{"@type":"Person","@id":"https:\/\/ciencia.ufpr.br\/portal\/#\/schema\/person\/b2d3b2036ea31f22ae6f5f6424e9c020","name":"Camille Bropp","description":"Formada em jornalismo (UFSC), com especializa\u00e7\u00e3o em sociologia pol\u00edtica (UFPR) e mestra em Divulga\u00e7\u00e3o Cient\u00edfica e Cultural (Unicamp). Jornalista na UFPR.","sameAs":["https:\/\/www.linkedin.com\/in\/camille-b-cardoso-1b229b21\/"],"url":"https:\/\/ciencia.ufpr.br\/portal\/author\/camille-bropp\/"}]}},"views":14421,"jetpack_sharing_enabled":true,"jetpack_featured_media_url":"https:\/\/ciencia.ufpr.br\/portal\/wp-content\/uploads\/2022\/06\/Candido-Figueiredo-Joao-Ribeiro-Jose-de-Alencar-e-Feliciano-de-Castilho-que-tinha-deficiencia-visual.-Fotos-Commons-2-e1654544016862.jpg","_links":{"self":[{"href":"https:\/\/ciencia.ufpr.br\/portal\/wp-json\/wp\/v2\/posts\/18716"}],"collection":[{"href":"https:\/\/ciencia.ufpr.br\/portal\/wp-json\/wp\/v2\/posts"}],"about":[{"href":"https:\/\/ciencia.ufpr.br\/portal\/wp-json\/wp\/v2\/types\/post"}],"author":[{"embeddable":true,"href":"https:\/\/ciencia.ufpr.br\/portal\/wp-json\/wp\/v2\/users\/2800"}],"replies":[{"embeddable":true,"href":"https:\/\/ciencia.ufpr.br\/portal\/wp-json\/wp\/v2\/comments?post=18716"}],"version-history":[{"count":28,"href":"https:\/\/ciencia.ufpr.br\/portal\/wp-json\/wp\/v2\/posts\/18716\/revisions"}],"predecessor-version":[{"id":22733,"href":"https:\/\/ciencia.ufpr.br\/portal\/wp-json\/wp\/v2\/posts\/18716\/revisions\/22733"}],"wp:featuredmedia":[{"embeddable":true,"href":"https:\/\/ciencia.ufpr.br\/portal\/wp-json\/wp\/v2\/media\/22063"}],"wp:attachment":[{"href":"https:\/\/ciencia.ufpr.br\/portal\/wp-json\/wp\/v2\/media?parent=18716"}],"wp:term":[{"taxonomy":"category","embeddable":true,"href":"https:\/\/ciencia.ufpr.br\/portal\/wp-json\/wp\/v2\/categories?post=18716"},{"taxonomy":"post_tag","embeddable":true,"href":"https:\/\/ciencia.ufpr.br\/portal\/wp-json\/wp\/v2\/tags?post=18716"}],"curies":[{"name":"wp","href":"https:\/\/api.w.org\/{rel}","templated":true}]}}