{"id":18593,"date":"2020-12-31T07:23:14","date_gmt":"2020-12-31T10:23:14","guid":{"rendered":"https:\/\/ciencia.ufpr.br\/portal\/?p=18593"},"modified":"2023-06-06T13:01:06","modified_gmt":"2023-06-06T16:01:06","slug":"a-especie-de-caracol-que-nasceu-com-as-ilhas-dos-currais-paraiso-marinho-do-parana","status":"publish","type":"post","link":"https:\/\/ciencia.ufpr.br\/portal\/a-especie-de-caracol-que-nasceu-com-as-ilhas-dos-currais-paraiso-marinho-do-parana\/","title":{"rendered":"O caracol que nasceu com as Ilhas dos Currais, para\u00edso marinho do Paran\u00e1"},"content":{"rendered":"<p>O Parque Nacional Marinho das Ilhas dos Currais, em Pontal do Paran\u00e1, \u00e9 o habitat de uma esp\u00e9cie de caracol descoberta por pesquisadores da Universidade Federal do Paran\u00e1 (UFPR). Nomeado <em>Drymaeus currais<\/em> em homenagem ao parque, o invertebrado \u00e9 nativo da ilha paranaense e restrito a esse local, por isso est\u00e1 amea\u00e7ado de extin\u00e7\u00e3o. O estudo feito pelos cientistas, <a href=\"https:\/\/www.revistas.usp.br\/paz\/article\/view\/168527\" target=\"_blank\" rel=\"noopener noreferrer\">publicado na revista cient\u00edfica <em>Pap\u00e9is Avulsos de Zoologia<\/em><\/a>, do Museu de Zoologia da Universidade de S\u00e3o Paulo (USP), revela que a esp\u00e9cie resulta de um processo evolutivo que a tornou distinta do <em>Drymaeus castilhensis<\/em>, molusco natural da Ilha de Castilho, que fica a aproximadamente 70 quil\u00f4metros ao norte do parque.<\/p>\n<blockquote class=\"alignright\"><p>Presen\u00e7a de moluscos terrestres em\u00a0 local de grande variedade de invertebrados marinhos despertou curiosidade sobre a origem daqueles animais e como chegaram \u00e0s Ilhas dos Currais<\/p><\/blockquote>\n<p>Apesar da concha rajada muito similar \u00e0 do <em>Drymaeus castilhensis<\/em>, um estudo anat\u00f4mico complementar demonstrou importantes diferen\u00e7as que permitiram a separa\u00e7\u00e3o espec\u00edfica. As principais caracter\u00edsticas exclusivas da esp\u00e9cie foram observadas nos \u00f3rg\u00e3os genitais e nos intestinais. A pesquisa \u00e9 conduzida pelo professor Carlos Eduardo Belz, do Centro de Estudos do Mar (CEM) e pelo pesquisador Marcos de Vasconcellos Gernet, do Programa de P\u00f3s-Gradua\u00e7\u00e3o em Zoologia da UFPR, em parceria com o professor Luiz Ricardo Simone, da USP.<\/p>\n<p>\u201cPela semelhan\u00e7a visual com o <em>Drymaeus castilhensis<\/em>, pensamos se tratar da mesma esp\u00e9cie e ficamos intrigados. Moluscos terrestres s\u00e3o organismos muito sens\u00edveis, por isso \u00e9 dif\u00edcil imaginar que um indiv\u00edduo pudesse ter chegado at\u00e9 a regi\u00e3o flutuando em alguma coisa ou carregado por aves marinhas\u201d, explica Belz.<\/p>\n<p>Quando os cientistas identificaram moluscos terrestres em um local que possui grande variedade de invertebrados marinhos, ficaram curiosos sobre a origem desses animais e como chegaram at\u00e9 a ilha.<\/p>\n<h5><strong>GALERIA<\/strong> <span style=\"color: #cf6777;\">|<\/span> Conhe\u00e7a o habitat do <em>Drymaeus castilhensis<br \/>\n<\/em><\/h5>\n<p>Os ind\u00edcios levam a acreditar que o invertebrado iniciou o processo de especia\u00e7\u00e3o, isto \u00e9, de evolu\u00e7\u00e3o h\u00e1 centenas de anos, quando o mar de toda a costa brasileira era muito mais recuado.<\/p>\n<p>\u201cNessa \u00e9poca, Currais ainda n\u00e3o era um arquip\u00e9lago e pertencia ao continente. Provavelmente esp\u00e9cies similares circularam por essa regi\u00e3o e, com o avan\u00e7o do mar e da linha de praia, as ilhas ficaram isoladas e isolaram tamb\u00e9m essa popula\u00e7\u00e3o de molusco\u201d, conta o professor. Ap\u00f3s centenas de anos em que os animais ficaram se reproduzindo entre eles, aconteceu a divis\u00e3o das linhagens.<\/p>\n<h2>Carac\u00f3is da esp\u00e9cie dependem da umidade do clima<\/h2>\n<p>Para Gernet, um dos aspectos mais interessantes e, ao mesmo tempo, preocupantes da descoberta \u00e9 o fato de o habitat da esp\u00e9cie ser reduzido a um ambiente insular t\u00e3o pequeno.<\/p>\n<figure style=\"width: 822px\" class=\"wp-caption aligncenter\"><img loading=\"lazy\" decoding=\"async\" class=\"size-large\" src=\"https:\/\/ciencia.ufpr.br\/portal\/wp-content\/uploads\/2020\/12\/Caracol-sobre-tronco-de-arvore-Andre-Filgueira-Sucom-UFPR.gif\" alt=\"Com uma concha de cerca de dois cent\u00edmetros, o caracol terrestre foi encontrado em \u00e1rea sombreada, habitando troncos e folhas das \u00e1rvores e nas brom\u00e9lias dos cost\u00f5es rochosos das Ilhas dos Currais\" width=\"822\" height=\"462\" \/><figcaption class=\"wp-caption-text\">Com uma concha de cerca de dois cent\u00edmetros, o caracol terrestre foi encontrado em \u00e1rea sombreada, habitando troncos e folhas das \u00e1rvores e nas brom\u00e9lias dos cost\u00f5es rochosos das Ilhas dos Currais<\/figcaption><\/figure>\n<p>At\u00e9 mesmo a estiagem pela qual o estado est\u00e1 passando \u00e9 um fator de risco para esses caramujos, que dependem da umidade para sobreviver e, na ilha, basicamente a umidade a que t\u00eam acesso \u00e9 proveniente da chuva. \u201cOs indiv\u00edduos est\u00e3o limitados a essa ilha, nem nas outras ilhas desse mesmo arquip\u00e9lago foram localizados exemplares. Por isso, esse pequeno ambiente tem extrema import\u00e2ncia para a manuten\u00e7\u00e3o dos animais dessa classe. Qualquer interfer\u00eancia ou desequil\u00edbrio que ocorra nessa ilha, como uma queimada na vegeta\u00e7\u00e3o, implica o desaparecimento da esp\u00e9cie\u201d.<\/p>\n<p>O g\u00eanero <em>Drymaeus<\/em> pertence \u00e0 fam\u00edlia <em>bulimulidae<\/em>, moluscos gastr\u00f3podes como carac\u00f3is e lesmas, e possui cerca de 300 esp\u00e9cies, das quais 49 ocorrem no Brasil. O caracol terrestre descrito pela equipe \u00e9 exclusivo do Arquip\u00e9lago de Currais e foi encontrado em \u00e1rea sombreada, habitando troncos e folhas da vegeta\u00e7\u00e3o arb\u00f3rea da floresta e nas brom\u00e9lias dos cost\u00f5es rochosos presentes na regi\u00e3o.<\/p>\n<p><iframe title=\"Spotify Embed: Descoberta esp\u00e9cie de molusco que s\u00f3 existe em arquip\u00e9lago paranaense \" style=\"border-radius: 12px\" width=\"100%\" height=\"152\" frameborder=\"0\" allowfullscreen allow=\"autoplay; clipboard-write; encrypted-media; fullscreen; picture-in-picture\" loading=\"lazy\" src=\"https:\/\/open.spotify.com\/embed\/episode\/1aNfrkXN0vBZ8yMGj614D0?si=fRFV4NOjRoGEqN_kQmhYxg&#038;utm_source=oembed\"><\/iframe><\/p>\n<p>A descoberta do molusco \u00e9 importante para a biodiversidade do litoral paranaense e sugere que o ambiente est\u00e1 favorecendo o aparecimento de novas esp\u00e9cies. De acordo com os pesquisadores, o estudo, que iniciou em 2017, aponta para a exist\u00eancia de diferen\u00e7as anat\u00f4micas entre duas popula\u00e7\u00f5es de conchas quase indistingu\u00edveis e indica, portanto, a necessidade de explorar o m\u00e1ximo poss\u00edvel as caracter\u00edsticas al\u00e9m da concha nesses organismos.<\/p>\n<h2>Como as Ilhas dos Currais se tornaram parque nacional marinho<\/h2>\n<p><a href=\"https:\/\/www.icmbio.gov.br\/portal\/ultimas-noticias\/20-geral\/4081-brasil-ganha-mais-um-parque-nacional-marinho\" target=\"_blank\" rel=\"noopener noreferrer\">Criado em 2013<\/a>, o Arquip\u00e9lago de Currais \u00e9 o terceiro Parque Nacional Marinho do Brasil. A \u00e1rea tem extrema import\u00e2ncia para a biodiversidade marinha do litoral do Paran\u00e1, apesar de ser pouco conhecida pela popula\u00e7\u00e3o e de ainda n\u00e3o ser objeto de muitos estudos.<\/p>\n<p>O Arquip\u00e9lago est\u00e1 localizado na por\u00e7\u00e3o central do litoral paranaense, a aproximadamente seis milhas n\u00e1uticas do munic\u00edpio de Pontal do Paran\u00e1. Constitu\u00eddo por um grupo de tr\u00eas pequenos ilh\u00e9us rochosos, a Ilha do Grapir\u00e1 representa 81% da sua \u00e1rea total, que possui 1.357,7 hectares.<\/p>\n<p>Para Belz, a descri\u00e7\u00e3o de novas esp\u00e9cies end\u00eamicas de uma ilha relativamente pequena refor\u00e7a a necessidade de prote\u00e7\u00e3o ambiental do Arquip\u00e9lago de Currais. \u201c\u00c9 muito importante o fato dessa nova esp\u00e9cie estar em um Parque Nacional Marinho paranaense e que ainda tem pouco conhecimento gerado a seu respeito. Isso valoriza o parque, que precisa de apoio e divulga\u00e7\u00e3o\u201d.<\/p>\n","protected":false},"excerpt":{"rendered":"<p>O Parque Nacional Marinho das Ilhas dos Currais, em Pontal do Paran\u00e1, \u00e9 o habitat de uma esp\u00e9cie de caracol&#8230;<\/p>\n","protected":false},"author":2805,"featured_media":18615,"comment_status":"open","ping_status":"open","sticky":false,"template":"","format":"standard","meta":{"_acf_changed":false,"footnotes":"","fifu_image_url":"","fifu_image_alt":"","_jetpack_memberships_contains_paid_content":false},"categories":[1609,1608,1622,1612,1795],"tags":[1834,1831,1830,1833,1832,1748,1665],"acf":[],"yoast_head":"<!-- This site is optimized with the Yoast SEO plugin v23.5 - https:\/\/yoast.com\/wordpress\/plugins\/seo\/ -->\n<title>O caracol que nasceu com as Ilhas dos Currais, para\u00edso marinho do Paran\u00e1 - Ci\u00eancia UFPR<\/title>\n<meta name=\"description\" content=\"Cientistas do Centro de Estudos do Mar da UFPR descrevem molusco que s\u00f3 existe nas Ilhas dos Currais (PR), um dos tr\u00eas parques nacionais marinhos do Brasil.\" \/>\n<meta name=\"robots\" content=\"index, follow, max-snippet:-1, max-image-preview:large, max-video-preview:-1\" \/>\n<link rel=\"canonical\" href=\"https:\/\/ciencia.ufpr.br\/portal\/blog\/2020\/12\/31\/a-especie-de-caracol-que-nasceu-com-as-ilhas-dos-currais-paraiso-marinho-do-parana\/\" \/>\n<meta property=\"og:locale\" content=\"pt_BR\" \/>\n<meta property=\"og:type\" content=\"article\" \/>\n<meta property=\"og:title\" content=\"O caracol que nasceu com as Ilhas dos Currais, para\u00edso marinho do Paran\u00e1 - Ci\u00eancia UFPR\" \/>\n<meta property=\"og:description\" content=\"Cientistas do Centro de Estudos do Mar da UFPR descrevem molusco que s\u00f3 existe nas Ilhas dos Currais (PR), um dos tr\u00eas parques nacionais marinhos do Brasil.\" \/>\n<meta property=\"og:url\" content=\"https:\/\/ciencia.ufpr.br\/portal\/blog\/2020\/12\/31\/a-especie-de-caracol-que-nasceu-com-as-ilhas-dos-currais-paraiso-marinho-do-parana\/\" \/>\n<meta property=\"og:site_name\" content=\"Ci\u00eancia UFPR\" \/>\n<meta property=\"article:publisher\" content=\"https:\/\/www.facebook.com\/cienciaufproficial\" \/>\n<meta property=\"article:published_time\" content=\"2020-12-31T10:23:14+00:00\" \/>\n<meta property=\"article:modified_time\" content=\"2023-06-06T16:01:06+00:00\" \/>\n<meta property=\"og:image\" content=\"https:\/\/ciencia.ufpr.br\/portal\/wp-content\/uploads\/2020\/12\/DSC_42031-invert-m.png\" \/>\n\t<meta property=\"og:image:width\" content=\"1920\" \/>\n\t<meta property=\"og:image:height\" content=\"1080\" \/>\n\t<meta property=\"og:image:type\" content=\"image\/png\" \/>\n<meta name=\"author\" content=\"J\u00e9ssica Tokarski\" \/>\n<meta name=\"twitter:card\" content=\"summary_large_image\" \/>\n<meta name=\"twitter:creator\" content=\"@cienciaufpr\" \/>\n<meta name=\"twitter:site\" content=\"@cienciaufpr\" \/>\n<meta name=\"twitter:label1\" content=\"Escrito por\" \/>\n\t<meta name=\"twitter:data1\" content=\"J\u00e9ssica Tokarski\" \/>\n\t<meta name=\"twitter:label2\" content=\"Est. tempo de leitura\" \/>\n\t<meta name=\"twitter:data2\" content=\"5 minutos\" \/>\n<script type=\"application\/ld+json\" class=\"yoast-schema-graph\">{\"@context\":\"https:\/\/schema.org\",\"@graph\":[{\"@type\":\"Article\",\"@id\":\"https:\/\/ciencia.ufpr.br\/portal\/blog\/2020\/12\/31\/a-especie-de-caracol-que-nasceu-com-as-ilhas-dos-currais-paraiso-marinho-do-parana\/#article\",\"isPartOf\":{\"@id\":\"https:\/\/ciencia.ufpr.br\/portal\/a-especie-de-caracol-que-nasceu-com-as-ilhas-dos-currais-paraiso-marinho-do-parana\/\"},\"author\":{\"name\":\"J\u00e9ssica Tokarski\",\"@id\":\"https:\/\/ciencia.ufpr.br\/portal\/#\/schema\/person\/e85d61d7e7853aeee7c3a597e5f23e43\"},\"headline\":\"O caracol que nasceu com as Ilhas dos Currais, para\u00edso marinho do Paran\u00e1\",\"datePublished\":\"2020-12-31T10:23:14+00:00\",\"dateModified\":\"2023-06-06T16:01:06+00:00\",\"mainEntityOfPage\":{\"@id\":\"https:\/\/ciencia.ufpr.br\/portal\/a-especie-de-caracol-que-nasceu-com-as-ilhas-dos-currais-paraiso-marinho-do-parana\/\"},\"wordCount\":940,\"commentCount\":0,\"publisher\":{\"@id\":\"https:\/\/ciencia.ufpr.br\/portal\/#organization\"},\"image\":{\"@id\":\"https:\/\/ciencia.ufpr.br\/portal\/blog\/2020\/12\/31\/a-especie-de-caracol-que-nasceu-com-as-ilhas-dos-currais-paraiso-marinho-do-parana\/#primaryimage\"},\"thumbnailUrl\":\"https:\/\/ciencia.ufpr.br\/portal\/wp-content\/uploads\/2020\/12\/DSC_42031-invert-m.png\",\"keywords\":[\"Centro de Estudos do Mar\",\"esp\u00e9cie\",\"Ilhas dos Currais\",\"invertebrado\",\"molusco\",\"Paran\u00e1\",\"zoologia\"],\"articleSection\":[\"\u00c1udios\",\"Biol\u00f3gicas\",\"Galeria\",\"Meio ambiente\",\"\ud83c\udf99 Boletim UFPR\"],\"inLanguage\":\"pt-BR\",\"potentialAction\":[{\"@type\":\"CommentAction\",\"name\":\"Comment\",\"target\":[\"https:\/\/ciencia.ufpr.br\/portal\/blog\/2020\/12\/31\/a-especie-de-caracol-que-nasceu-com-as-ilhas-dos-currais-paraiso-marinho-do-parana\/#respond\"]}]},{\"@type\":\"WebPage\",\"@id\":\"https:\/\/ciencia.ufpr.br\/portal\/a-especie-de-caracol-que-nasceu-com-as-ilhas-dos-currais-paraiso-marinho-do-parana\/\",\"url\":\"https:\/\/ciencia.ufpr.br\/portal\/blog\/2020\/12\/31\/a-especie-de-caracol-que-nasceu-com-as-ilhas-dos-currais-paraiso-marinho-do-parana\/\",\"name\":\"O caracol que nasceu com as Ilhas dos Currais, para\u00edso marinho do Paran\u00e1 - Ci\u00eancia UFPR\",\"isPartOf\":{\"@id\":\"https:\/\/ciencia.ufpr.br\/portal\/#website\"},\"primaryImageOfPage\":{\"@id\":\"https:\/\/ciencia.ufpr.br\/portal\/blog\/2020\/12\/31\/a-especie-de-caracol-que-nasceu-com-as-ilhas-dos-currais-paraiso-marinho-do-parana\/#primaryimage\"},\"image\":{\"@id\":\"https:\/\/ciencia.ufpr.br\/portal\/blog\/2020\/12\/31\/a-especie-de-caracol-que-nasceu-com-as-ilhas-dos-currais-paraiso-marinho-do-parana\/#primaryimage\"},\"thumbnailUrl\":\"https:\/\/ciencia.ufpr.br\/portal\/wp-content\/uploads\/2020\/12\/DSC_42031-invert-m.png\",\"datePublished\":\"2020-12-31T10:23:14+00:00\",\"dateModified\":\"2023-06-06T16:01:06+00:00\",\"description\":\"Cientistas do Centro de Estudos do Mar da UFPR descrevem molusco que s\u00f3 existe nas Ilhas dos Currais (PR), um dos tr\u00eas parques nacionais marinhos do Brasil.\",\"breadcrumb\":{\"@id\":\"https:\/\/ciencia.ufpr.br\/portal\/blog\/2020\/12\/31\/a-especie-de-caracol-que-nasceu-com-as-ilhas-dos-currais-paraiso-marinho-do-parana\/#breadcrumb\"},\"inLanguage\":\"pt-BR\",\"potentialAction\":[{\"@type\":\"ReadAction\",\"target\":[\"https:\/\/ciencia.ufpr.br\/portal\/blog\/2020\/12\/31\/a-especie-de-caracol-que-nasceu-com-as-ilhas-dos-currais-paraiso-marinho-do-parana\/\"]}]},{\"@type\":\"ImageObject\",\"inLanguage\":\"pt-BR\",\"@id\":\"https:\/\/ciencia.ufpr.br\/portal\/blog\/2020\/12\/31\/a-especie-de-caracol-que-nasceu-com-as-ilhas-dos-currais-paraiso-marinho-do-parana\/#primaryimage\",\"url\":\"https:\/\/ciencia.ufpr.br\/portal\/wp-content\/uploads\/2020\/12\/DSC_42031-invert-m.png\",\"contentUrl\":\"https:\/\/ciencia.ufpr.br\/portal\/wp-content\/uploads\/2020\/12\/DSC_42031-invert-m.png\",\"width\":1920,\"height\":1080,\"caption\":\"O caracol Drymaeus currais \u00e9 nativo das Ilhas dos Currais e restrito a esse local, por isso est\u00e1 amea\u00e7ado de extin\u00e7\u00e3o. Foto: Andr\u00e9 Filgueira\/Sucom-UFPR\"},{\"@type\":\"BreadcrumbList\",\"@id\":\"https:\/\/ciencia.ufpr.br\/portal\/blog\/2020\/12\/31\/a-especie-de-caracol-que-nasceu-com-as-ilhas-dos-currais-paraiso-marinho-do-parana\/#breadcrumb\",\"itemListElement\":[{\"@type\":\"ListItem\",\"position\":1,\"name\":\"Home\",\"item\":\"https:\/\/ciencia.ufpr.br\/portal\/\"},{\"@type\":\"ListItem\",\"position\":2,\"name\":\"O caracol que nasceu com as Ilhas dos Currais, para\u00edso marinho do Paran\u00e1\"}]},{\"@type\":\"WebSite\",\"@id\":\"https:\/\/ciencia.ufpr.br\/portal\/#website\",\"url\":\"https:\/\/ciencia.ufpr.br\/portal\/\",\"name\":\"Ci\u00eancia UFPR\",\"description\":\"Site de temas cient\u00edficos com foco no conhecimento produzido na Universidade Federal do Paran\u00e1 (UFPR). Baseado na Revista Ci\u00eancia UFPR.\",\"publisher\":{\"@id\":\"https:\/\/ciencia.ufpr.br\/portal\/#organization\"},\"potentialAction\":[{\"@type\":\"SearchAction\",\"target\":{\"@type\":\"EntryPoint\",\"urlTemplate\":\"https:\/\/ciencia.ufpr.br\/portal\/?s={search_term_string}\"},\"query-input\":{\"@type\":\"PropertyValueSpecification\",\"valueRequired\":true,\"valueName\":\"search_term_string\"}}],\"inLanguage\":\"pt-BR\"},{\"@type\":\"Organization\",\"@id\":\"https:\/\/ciencia.ufpr.br\/portal\/#organization\",\"name\":\"Revista Ci\u00eancia UFPR\",\"url\":\"https:\/\/ciencia.ufpr.br\/portal\/\",\"logo\":{\"@type\":\"ImageObject\",\"inLanguage\":\"pt-BR\",\"@id\":\"https:\/\/ciencia.ufpr.br\/portal\/#\/schema\/logo\/image\/\",\"url\":\"https:\/\/ciencia.ufpr.br\/portal\/wp-content\/uploads\/2020\/12\/Revista-Ciencia-UFPR-vermelho.jpeg\",\"contentUrl\":\"https:\/\/ciencia.ufpr.br\/portal\/wp-content\/uploads\/2020\/12\/Revista-Ciencia-UFPR-vermelho.jpeg\",\"width\":992,\"height\":714,\"caption\":\"Revista Ci\u00eancia UFPR\"},\"image\":{\"@id\":\"https:\/\/ciencia.ufpr.br\/portal\/#\/schema\/logo\/image\/\"},\"sameAs\":[\"https:\/\/www.facebook.com\/cienciaufproficial\",\"https:\/\/x.com\/cienciaufpr\",\"https:\/\/www.instagram.com\/revistacienciaufpr\/\",\"https:\/\/www.linkedin.com\/company\/cienciaufproficial\",\"https:\/\/br.pinterest.com\/cienciaufpr\/\"]},{\"@type\":\"Person\",\"@id\":\"https:\/\/ciencia.ufpr.br\/portal\/#\/schema\/person\/e85d61d7e7853aeee7c3a597e5f23e43\",\"name\":\"J\u00e9ssica Tokarski\",\"url\":\"https:\/\/ciencia.ufpr.br\/portal\/author\/jessicatokarski\/\"}]}<\/script>\n<!-- \/ Yoast SEO plugin. -->","yoast_head_json":{"title":"O caracol que nasceu com as Ilhas dos Currais, para\u00edso marinho do Paran\u00e1 - Ci\u00eancia UFPR","description":"Cientistas do Centro de Estudos do Mar da UFPR descrevem molusco que s\u00f3 existe nas Ilhas dos Currais (PR), um dos tr\u00eas parques nacionais marinhos do Brasil.","robots":{"index":"index","follow":"follow","max-snippet":"max-snippet:-1","max-image-preview":"max-image-preview:large","max-video-preview":"max-video-preview:-1"},"canonical":"https:\/\/ciencia.ufpr.br\/portal\/blog\/2020\/12\/31\/a-especie-de-caracol-que-nasceu-com-as-ilhas-dos-currais-paraiso-marinho-do-parana\/","og_locale":"pt_BR","og_type":"article","og_title":"O caracol que nasceu com as Ilhas dos Currais, para\u00edso marinho do Paran\u00e1 - Ci\u00eancia UFPR","og_description":"Cientistas do Centro de Estudos do Mar da UFPR descrevem molusco que s\u00f3 existe nas Ilhas dos Currais (PR), um dos tr\u00eas parques nacionais marinhos do Brasil.","og_url":"https:\/\/ciencia.ufpr.br\/portal\/blog\/2020\/12\/31\/a-especie-de-caracol-que-nasceu-com-as-ilhas-dos-currais-paraiso-marinho-do-parana\/","og_site_name":"Ci\u00eancia UFPR","article_publisher":"https:\/\/www.facebook.com\/cienciaufproficial","article_published_time":"2020-12-31T10:23:14+00:00","article_modified_time":"2023-06-06T16:01:06+00:00","og_image":[{"width":1920,"height":1080,"url":"https:\/\/ciencia.ufpr.br\/portal\/wp-content\/uploads\/2020\/12\/DSC_42031-invert-m.png","type":"image\/png"}],"author":"J\u00e9ssica Tokarski","twitter_card":"summary_large_image","twitter_creator":"@cienciaufpr","twitter_site":"@cienciaufpr","twitter_misc":{"Escrito por":"J\u00e9ssica Tokarski","Est. tempo de leitura":"5 minutos"},"schema":{"@context":"https:\/\/schema.org","@graph":[{"@type":"Article","@id":"https:\/\/ciencia.ufpr.br\/portal\/blog\/2020\/12\/31\/a-especie-de-caracol-que-nasceu-com-as-ilhas-dos-currais-paraiso-marinho-do-parana\/#article","isPartOf":{"@id":"https:\/\/ciencia.ufpr.br\/portal\/a-especie-de-caracol-que-nasceu-com-as-ilhas-dos-currais-paraiso-marinho-do-parana\/"},"author":{"name":"J\u00e9ssica Tokarski","@id":"https:\/\/ciencia.ufpr.br\/portal\/#\/schema\/person\/e85d61d7e7853aeee7c3a597e5f23e43"},"headline":"O caracol que nasceu com as Ilhas dos Currais, para\u00edso marinho do Paran\u00e1","datePublished":"2020-12-31T10:23:14+00:00","dateModified":"2023-06-06T16:01:06+00:00","mainEntityOfPage":{"@id":"https:\/\/ciencia.ufpr.br\/portal\/a-especie-de-caracol-que-nasceu-com-as-ilhas-dos-currais-paraiso-marinho-do-parana\/"},"wordCount":940,"commentCount":0,"publisher":{"@id":"https:\/\/ciencia.ufpr.br\/portal\/#organization"},"image":{"@id":"https:\/\/ciencia.ufpr.br\/portal\/blog\/2020\/12\/31\/a-especie-de-caracol-que-nasceu-com-as-ilhas-dos-currais-paraiso-marinho-do-parana\/#primaryimage"},"thumbnailUrl":"https:\/\/ciencia.ufpr.br\/portal\/wp-content\/uploads\/2020\/12\/DSC_42031-invert-m.png","keywords":["Centro de Estudos do Mar","esp\u00e9cie","Ilhas dos Currais","invertebrado","molusco","Paran\u00e1","zoologia"],"articleSection":["\u00c1udios","Biol\u00f3gicas","Galeria","Meio ambiente","\ud83c\udf99 Boletim UFPR"],"inLanguage":"pt-BR","potentialAction":[{"@type":"CommentAction","name":"Comment","target":["https:\/\/ciencia.ufpr.br\/portal\/blog\/2020\/12\/31\/a-especie-de-caracol-que-nasceu-com-as-ilhas-dos-currais-paraiso-marinho-do-parana\/#respond"]}]},{"@type":"WebPage","@id":"https:\/\/ciencia.ufpr.br\/portal\/a-especie-de-caracol-que-nasceu-com-as-ilhas-dos-currais-paraiso-marinho-do-parana\/","url":"https:\/\/ciencia.ufpr.br\/portal\/blog\/2020\/12\/31\/a-especie-de-caracol-que-nasceu-com-as-ilhas-dos-currais-paraiso-marinho-do-parana\/","name":"O caracol que nasceu com as Ilhas dos Currais, para\u00edso marinho do Paran\u00e1 - Ci\u00eancia UFPR","isPartOf":{"@id":"https:\/\/ciencia.ufpr.br\/portal\/#website"},"primaryImageOfPage":{"@id":"https:\/\/ciencia.ufpr.br\/portal\/blog\/2020\/12\/31\/a-especie-de-caracol-que-nasceu-com-as-ilhas-dos-currais-paraiso-marinho-do-parana\/#primaryimage"},"image":{"@id":"https:\/\/ciencia.ufpr.br\/portal\/blog\/2020\/12\/31\/a-especie-de-caracol-que-nasceu-com-as-ilhas-dos-currais-paraiso-marinho-do-parana\/#primaryimage"},"thumbnailUrl":"https:\/\/ciencia.ufpr.br\/portal\/wp-content\/uploads\/2020\/12\/DSC_42031-invert-m.png","datePublished":"2020-12-31T10:23:14+00:00","dateModified":"2023-06-06T16:01:06+00:00","description":"Cientistas do Centro de Estudos do Mar da UFPR descrevem molusco que s\u00f3 existe nas Ilhas dos Currais (PR), um dos tr\u00eas parques nacionais marinhos do Brasil.","breadcrumb":{"@id":"https:\/\/ciencia.ufpr.br\/portal\/blog\/2020\/12\/31\/a-especie-de-caracol-que-nasceu-com-as-ilhas-dos-currais-paraiso-marinho-do-parana\/#breadcrumb"},"inLanguage":"pt-BR","potentialAction":[{"@type":"ReadAction","target":["https:\/\/ciencia.ufpr.br\/portal\/blog\/2020\/12\/31\/a-especie-de-caracol-que-nasceu-com-as-ilhas-dos-currais-paraiso-marinho-do-parana\/"]}]},{"@type":"ImageObject","inLanguage":"pt-BR","@id":"https:\/\/ciencia.ufpr.br\/portal\/blog\/2020\/12\/31\/a-especie-de-caracol-que-nasceu-com-as-ilhas-dos-currais-paraiso-marinho-do-parana\/#primaryimage","url":"https:\/\/ciencia.ufpr.br\/portal\/wp-content\/uploads\/2020\/12\/DSC_42031-invert-m.png","contentUrl":"https:\/\/ciencia.ufpr.br\/portal\/wp-content\/uploads\/2020\/12\/DSC_42031-invert-m.png","width":1920,"height":1080,"caption":"O caracol Drymaeus currais \u00e9 nativo das Ilhas dos Currais e restrito a esse local, por isso est\u00e1 amea\u00e7ado de extin\u00e7\u00e3o. Foto: Andr\u00e9 Filgueira\/Sucom-UFPR"},{"@type":"BreadcrumbList","@id":"https:\/\/ciencia.ufpr.br\/portal\/blog\/2020\/12\/31\/a-especie-de-caracol-que-nasceu-com-as-ilhas-dos-currais-paraiso-marinho-do-parana\/#breadcrumb","itemListElement":[{"@type":"ListItem","position":1,"name":"Home","item":"https:\/\/ciencia.ufpr.br\/portal\/"},{"@type":"ListItem","position":2,"name":"O caracol que nasceu com as Ilhas dos Currais, para\u00edso marinho do Paran\u00e1"}]},{"@type":"WebSite","@id":"https:\/\/ciencia.ufpr.br\/portal\/#website","url":"https:\/\/ciencia.ufpr.br\/portal\/","name":"Ci\u00eancia UFPR","description":"Site de temas cient\u00edficos com foco no conhecimento produzido na Universidade Federal do Paran\u00e1 (UFPR). Baseado na Revista Ci\u00eancia UFPR.","publisher":{"@id":"https:\/\/ciencia.ufpr.br\/portal\/#organization"},"potentialAction":[{"@type":"SearchAction","target":{"@type":"EntryPoint","urlTemplate":"https:\/\/ciencia.ufpr.br\/portal\/?s={search_term_string}"},"query-input":{"@type":"PropertyValueSpecification","valueRequired":true,"valueName":"search_term_string"}}],"inLanguage":"pt-BR"},{"@type":"Organization","@id":"https:\/\/ciencia.ufpr.br\/portal\/#organization","name":"Revista Ci\u00eancia UFPR","url":"https:\/\/ciencia.ufpr.br\/portal\/","logo":{"@type":"ImageObject","inLanguage":"pt-BR","@id":"https:\/\/ciencia.ufpr.br\/portal\/#\/schema\/logo\/image\/","url":"https:\/\/ciencia.ufpr.br\/portal\/wp-content\/uploads\/2020\/12\/Revista-Ciencia-UFPR-vermelho.jpeg","contentUrl":"https:\/\/ciencia.ufpr.br\/portal\/wp-content\/uploads\/2020\/12\/Revista-Ciencia-UFPR-vermelho.jpeg","width":992,"height":714,"caption":"Revista Ci\u00eancia UFPR"},"image":{"@id":"https:\/\/ciencia.ufpr.br\/portal\/#\/schema\/logo\/image\/"},"sameAs":["https:\/\/www.facebook.com\/cienciaufproficial","https:\/\/x.com\/cienciaufpr","https:\/\/www.instagram.com\/revistacienciaufpr\/","https:\/\/www.linkedin.com\/company\/cienciaufproficial","https:\/\/br.pinterest.com\/cienciaufpr\/"]},{"@type":"Person","@id":"https:\/\/ciencia.ufpr.br\/portal\/#\/schema\/person\/e85d61d7e7853aeee7c3a597e5f23e43","name":"J\u00e9ssica Tokarski","url":"https:\/\/ciencia.ufpr.br\/portal\/author\/jessicatokarski\/"}]}},"views":3982,"jetpack_sharing_enabled":true,"jetpack_featured_media_url":"https:\/\/ciencia.ufpr.br\/portal\/wp-content\/uploads\/2020\/12\/DSC_42031-invert-m.png","_links":{"self":[{"href":"https:\/\/ciencia.ufpr.br\/portal\/wp-json\/wp\/v2\/posts\/18593"}],"collection":[{"href":"https:\/\/ciencia.ufpr.br\/portal\/wp-json\/wp\/v2\/posts"}],"about":[{"href":"https:\/\/ciencia.ufpr.br\/portal\/wp-json\/wp\/v2\/types\/post"}],"author":[{"embeddable":true,"href":"https:\/\/ciencia.ufpr.br\/portal\/wp-json\/wp\/v2\/users\/2805"}],"replies":[{"embeddable":true,"href":"https:\/\/ciencia.ufpr.br\/portal\/wp-json\/wp\/v2\/comments?post=18593"}],"version-history":[{"count":44,"href":"https:\/\/ciencia.ufpr.br\/portal\/wp-json\/wp\/v2\/posts\/18593\/revisions"}],"predecessor-version":[{"id":23256,"href":"https:\/\/ciencia.ufpr.br\/portal\/wp-json\/wp\/v2\/posts\/18593\/revisions\/23256"}],"wp:featuredmedia":[{"embeddable":true,"href":"https:\/\/ciencia.ufpr.br\/portal\/wp-json\/wp\/v2\/media\/18615"}],"wp:attachment":[{"href":"https:\/\/ciencia.ufpr.br\/portal\/wp-json\/wp\/v2\/media?parent=18593"}],"wp:term":[{"taxonomy":"category","embeddable":true,"href":"https:\/\/ciencia.ufpr.br\/portal\/wp-json\/wp\/v2\/categories?post=18593"},{"taxonomy":"post_tag","embeddable":true,"href":"https:\/\/ciencia.ufpr.br\/portal\/wp-json\/wp\/v2\/tags?post=18593"}],"curies":[{"name":"wp","href":"https:\/\/api.w.org\/{rel}","templated":true}]}}