{"id":18303,"date":"2020-06-23T12:26:12","date_gmt":"2020-06-23T15:26:12","guid":{"rendered":"https:\/\/ciencia.ufpr.br\/portal\/?p=18303"},"modified":"2023-06-02T17:33:33","modified_gmt":"2023-06-02T20:33:33","slug":"as-pesquisas-em-energia-limpa-que-ajudam-a-mudar-o-cotidiano-da-ufpr","status":"publish","type":"post","link":"https:\/\/ciencia.ufpr.br\/portal\/as-pesquisas-em-energia-limpa-que-ajudam-a-mudar-o-cotidiano-da-ufpr\/","title":{"rendered":"As pesquisas sobre efici\u00eancia energ\u00e9tica que est\u00e3o mudando o consumo de energia na UFPR"},"content":{"rendered":"<p>Desenvolver minirredes com fontes de energia renov\u00e1veis n\u00e3o convencionais \u00e9 o objetivo central de um trabalho cient\u00edfico interdisciplinar realizado na Universidade Federal do Paran\u00e1 (UFPR), que reuniu diferentes frentes para construir, operar e controlar um microgrid, sistema composto por uma ou mais fontes de energia limpa distribu\u00edda. Pelo menos 19 professores da institui\u00e7\u00e3o se envolveram com a cria\u00e7\u00e3o de novas tecnologias e m\u00e9todos, pensando tamb\u00e9m em como ajudar a mitigar problemas ambientais.<\/p>\n<p>As pesquisas foram financiadas por uma chamada p\u00fablica intitulada \u201c<a href=\"https:\/\/www.ufpr.br\/portalufpr\/noticias\/ufpr-tera-a-maior-usina-solar-fotovoltaica-do-parana\/\" target=\"_blank\" rel=\"noopener noreferrer\">Efici\u00eancia Energ\u00e9tica e Minigera\u00e7\u00e3o em Institui\u00e7\u00f5es P\u00fablicas de Ensino Superior<\/a>\u201d, lan\u00e7ada em 2017 pela Companhia Paranaense de Energia (Copel), que criou uma demanda tanto em Pesquisa e Desenvolvimento (P&amp;D), quanto em Programa de Efici\u00eancia Energ\u00e9tica (PEE). De acordo com o coordenador do projeto, professor Gustavo Oliveira, do Departamento de Engenharia El\u00e9trica (Delt), enquanto uma das vertentes se ocupava em desenvolver ideias, metodologias e tecnologias originais, a outra podia ser efetivada em uma obra de engenharia (veja mais no box) eficiente.<\/p>\n<blockquote class=\"alignright\"><p>Estudos buscam impactar no setor el\u00e9trico e fomentar a produ\u00e7\u00e3o de conhecimento em torno do tema, que foi desmembrado em \u00e1reas que v\u00e3o da arquitetura ao monitoramento de dados<\/p><\/blockquote>\n<p>Sistemas eficientes s\u00e3o aqueles que melhor aproveitam as diferentes fontes de energia, gerando economia e tamb\u00e9m benef\u00edcios ao meio ambiente. No caso da UFPR, estas pesquisas buscam impactar no setor el\u00e9trico e fomentar a produ\u00e7\u00e3o de conhecimento em torno do tema, que foi desmembrado em \u00e1reas como arquitetura, tecnologias, energias alternativas, impacto ambiental, monitoramento de dados, entre outros. As a\u00e7\u00f5es est\u00e3o localizadas em um empreendimento na pr\u00f3pria institui\u00e7\u00e3o, mas tamb\u00e9m se espalham em perguntas de pesquisa que buscam solu\u00e7\u00f5es para diferentes realidades.<\/p>\n<p>\u201cN\u00f3s pensamos desde a aquisi\u00e7\u00e3o de dados, at\u00e9 a intera\u00e7\u00e3o da rede e tecnologias de opera\u00e7\u00e3o do microgrid. As pesquisas se preocupam com um campo em ascens\u00e3o, com a constru\u00e7\u00e3o de infra-estrutura\u201d, comenta Oliveira. \u201cUm dos grandes desafios \u00e9 justamente fazer com que uma equipe multidisciplinar que abrange v\u00e1rios setores da universidade trabalhe em rede\u201d, explica.<\/p>\n<figure id=\"attachment_18505\" aria-describedby=\"caption-attachment-18505\" style=\"width: 810px\" class=\"wp-caption aligncenter\"><img loading=\"lazy\" decoding=\"async\" class=\"size-large wp-image-18505\" src=\"https:\/\/ciencia.ufpr.br\/portal\/wp-content\/uploads\/2020\/06\/EngEletrica-2-1024x576.jpg\" alt=\"Parte do Laborat\u00f3rio de Gera\u00e7\u00e3o Distribu\u00edda (LabGD) da UFPR, que ser\u00e1 inaugurado em dezembro no Centro Polit\u00e9cnico. Foto: Marcos Solivan\/Sucom-UFPR\" width=\"810\" height=\"456\" srcset=\"https:\/\/ciencia.ufpr.br\/portal\/wp-content\/uploads\/2020\/06\/EngEletrica-2-1024x576.jpg 1024w, https:\/\/ciencia.ufpr.br\/portal\/wp-content\/uploads\/2020\/06\/EngEletrica-2-300x169.jpg 300w, https:\/\/ciencia.ufpr.br\/portal\/wp-content\/uploads\/2020\/06\/EngEletrica-2-768x432.jpg 768w, https:\/\/ciencia.ufpr.br\/portal\/wp-content\/uploads\/2020\/06\/EngEletrica-2-1536x864.jpg 1536w, https:\/\/ciencia.ufpr.br\/portal\/wp-content\/uploads\/2020\/06\/EngEletrica-2-2048x1152.jpg 2048w\" sizes=\"(max-width: 810px) 100vw, 810px\" \/><figcaption id=\"caption-attachment-18505\" class=\"wp-caption-text\">Parte do Laborat\u00f3rio de Gera\u00e7\u00e3o Distribu\u00edda (LabGD) da UFPR, que ser\u00e1 inaugurado em dezembro no Centro Polit\u00e9cnico<\/figcaption><\/figure>\n<p>Dois novo laborat\u00f3rios de ponta come\u00e7am a operar na UFPR por conta desses projetos em pesquisa e desenvolvimento. Al\u00e9m de servirem aos objetivos das pesquisas, tamb\u00e9m ser\u00e3o espa\u00e7os de ensino, conforme explica o professor Jo\u00e3o Am\u00e9rico Vilela, do departamento de Engenharia El\u00e9trica. Um deles, de gera\u00e7\u00e3o distribu\u00edda, far\u00e1 testes e avalia\u00e7\u00f5es de novas tecnologias em conversores est\u00e1ticos, al\u00e9m de monitorar mais de 100 medidores de qualidade de energia de forma precisa e com dados centralizados. \u201cN\u00f3s vamos ter o perfil de consumo da UFPR e mensurar as a\u00e7\u00f5es de efici\u00eancia\u201d, explica.<\/p>\n<blockquote class=\"alignright\"><p>Dois laborat\u00f3rios de ponta concentrar\u00e3o estudos sobre distribui\u00e7\u00e3o de energia e as microrredes, sistemas que permitem continuidade de alimenta\u00e7\u00e3o da rede el\u00e9trica<\/p><\/blockquote>\n<p>O outro laborat\u00f3rio, de microrredes, \u00e9 um dos mais modernos do pa\u00eds e se ocupa em estudar a gera\u00e7\u00e3o e armazenamento que caracterizam uma microrrede \u2014 sistemas que permitem servi\u00e7os para contribuir na melhoria da qualidade da energia el\u00e9trica e nos indicadores de continuidade. \u201cEles s\u00e3o uma alternativa, uma forma de se garantir a continuidade de alimenta\u00e7\u00e3o da rede principalmente em \u00e1reas extremas, como a rural\u201d, destaca.<\/p>\n<p>Para isso, os pesquisadores planejam uma s\u00e9rie de poss\u00edveis solu\u00e7\u00f5es, com sistemas combinados. \u201cO objetivo \u00e9 tornar a rede de distribui\u00e7\u00e3o de energia el\u00e9trica moderna e preparada para as novas necessidades, como a inser\u00e7\u00e3o dos carros el\u00e9tricos\u201d, informa. Um exemplo que ele utiliza para ilustrar a relev\u00e2ncia da pesquisa \u00e9 o de uma granja hipot\u00e9tica, de um pequeno produtor rural. A queda na energia pode comprometer a produ\u00e7\u00e3o, da\u00ed a import\u00e2ncia de se pensar em alternativas de opera\u00e7\u00e3o. \u201cEstes laborat\u00f3rios ser\u00e3o utilizados em uma s\u00e9rie de a\u00e7\u00f5es relevantes para buscar solu\u00e7\u00f5es para esse tipo de problema\u201d, pontua.<\/p>\n<h2>Projetos integrados em torno da energia limpa solar<\/h2>\n<p>Uma das frentes da pesquisa desenvolvida na UFPR \u00e9 executada pela equipe do professor Marlus Koehler, do Departamento de F\u00edsica. Eles realizam um estudo experimental que investe em materiais alternativos para projetos de c\u00e9lulas solares &#8211; neste caso, materiais polim\u00e9ricos. Em parceria com a professora Lucimara Stolz, do mesmo departamento, a investiga\u00e7\u00e3o levou \u00e0 instala\u00e7\u00e3o de c\u00e9lulas fotovoltaicas org\u00e2nicas, leves e transparentes, no pr\u00e9dio do Setor de Ci\u00eancias Exatas, no Campus Polit\u00e9cnico da UFPR.<\/p>\n<p>De acordo com o professor, as OPVs, sigla que identifica as placas, s\u00e3o uma alternativa \u00e0s placas de sil\u00edcio, e se caracterizam como uma esp\u00e9cie de folha-filme nos projetos. Por enquanto, elas ainda t\u00eam efici\u00eancia menor e geram cerca de 20% a menos de energia, da\u00ed a necessidade de testar e melhorar seu desempenho.<\/p>\n<div id=\"nbag-e28b4666bc\" class=\"nbag-wrapper nbag-gallery nbag-design-simple\" data-settings=\"{&quot;template&quot;:&quot;simple&quot;,&quot;nonce&quot;:&quot;e28b4666bc&quot;}\" data-atts=\"{&quot;order&quot;:&quot;ASC&quot;,&quot;orderby&quot;:&quot;post__in&quot;,&quot;id&quot;:18303,&quot;itemtag&quot;:&quot;figure&quot;,&quot;icontag&quot;:&quot;div&quot;,&quot;captiontag&quot;:&quot;figcaption&quot;,&quot;columns&quot;:3,&quot;size&quot;:&quot;thumbnail&quot;,&quot;include&quot;:&quot;18494,18507,18509&quot;,&quot;exclude&quot;:&quot;&quot;,&quot;link&quot;:&quot;file&quot;,&quot;type&quot;:&quot;default&quot;,&quot;ids&quot;:&quot;18494,18507,18509&quot;}\"><div class=\"nbag-pholder nbag-pholder-overlay\" data-nbag=\"holder\"><div class=\"nbag-pholder-i\" data-nbag=\"holder\"><div class=\"thumb-o nbag-pholder-bg\"><div class=\"thumb-w\"><img loading=\"lazy\" decoding=\"async\" width=\"770\" height=\"470\" src=\"https:\/\/ciencia.ufpr.br\/portal\/wp-content\/uploads\/2020\/06\/org_de27cff09f7906f9_1572637336000.jpg\" class=\"attachment-large size-large\" alt=\"\" srcset=\"https:\/\/ciencia.ufpr.br\/portal\/wp-content\/uploads\/2020\/06\/org_de27cff09f7906f9_1572637336000.jpg 770w, https:\/\/ciencia.ufpr.br\/portal\/wp-content\/uploads\/2020\/06\/org_de27cff09f7906f9_1572637336000-300x183.jpg 300w, https:\/\/ciencia.ufpr.br\/portal\/wp-content\/uploads\/2020\/06\/org_de27cff09f7906f9_1572637336000-768x469.jpg 768w\" sizes=\"(max-width: 770px) 100vw, 770px\" \/><\/div><\/div><div class=\"nbag-pholder-c\"><div class=\"nbag-info\"><span class=\"nbag-count\">3<\/span> <span class=\"nbag-count-text\">Imagens<\/span><\/div><\/div><\/div><div class=\"nbag-actions\"><ul><li><a href=\"javascript:void(0)\" data-view=\"slideshow\" class=\"btn btn-default btn-block\"><i class=\"ti__gallery\"><\/i> Mostrar galeria<\/a><\/li><\/ul><\/div><\/div><\/div>\n<p>\u201c\u00c9 um material muito flex\u00edvel e muito leve, semelhante a uma folha de pl\u00e1stico, que pode inclusive ser enrolado\u201d, explica Koehler. O produto vem sendo estudado desde 2006 e, no escopo do projeto das minirredes, a preocupa\u00e7\u00e3o \u00e9 entender, teoricamente, por meio de c\u00e1lculos qu\u00e2nticos e simula\u00e7\u00f5es, como os materiais podem ser combinados para atingir a efici\u00eancia.<\/p>\n<p>Uma das pesquisas pretende compreender o processo de &#8220;evapora\u00e7\u00e3o&#8221; dos filmes polim\u00e9ricos que s\u00e3o usados em c\u00e9lulas solares. A simula\u00e7\u00e3o em computador permite que se antecipe as propriedades do material para saber se ele pode ser promissor, sem a necessidade de produzir o filme no laborat\u00f3rio. \u201cIsso economiza tempo e material\u201d, destaca.<\/p>\n<p>Outra linha de investiga\u00e7\u00e3o da pesquisa \u00e9 conduzida pelo professor Alo\u00edsio Leoni Schmid, do Departamento de Arquitetura e Urbanismo. Ele e sua equipe investigam a possibilidade de compatibilizar projetos de arquitetura e instala\u00e7\u00f5es fotovoltaicas. Segundo o professor, a maior parte das instala\u00e7\u00f5es come\u00e7a com as constru\u00e7\u00f5es j\u00e1 conclu\u00eddas, o que gera perda de efici\u00eancia e tamb\u00e9m preju\u00edzos est\u00e9ticos.<\/p>\n<p>\u201cNossa ideia \u00e9 tentar compatibilizar projeto arquitet\u00f4nico e instala\u00e7\u00e3o fotovoltaica\u201d, explica. Para isso, uma das sa\u00eddas \u00e9 harmonizar as necessidades dos projetos com os recursos dispon\u00edveis. Na pesquisa, o professor e sua equipe atuam em duas dire\u00e7\u00f5es: na implanta\u00e7\u00e3o de um artefato que ir\u00e1 coletar dados da radia\u00e7\u00e3o solar sobre superf\u00edcies com diferentes orienta\u00e7\u00f5es e na an\u00e1lise de bons exemplos constru\u00eddos na Alemanha e na Su\u00ed\u00e7a que conjugam efici\u00eancia e arquitetura.<\/p>\n<h2>Produ\u00e7\u00e3o e uso do hidrog\u00eanio em c\u00e9lulas a combust\u00edvel em Palotina<\/h2>\n<p>No campus da UFPR em Palotina, a equipe do professor Helton Jos\u00e9 Alves tem atuado com a produ\u00e7\u00e3o e o uso do hidrog\u00eanio em c\u00e9lulas a combust\u00edvel \u2014 dispositivo capaz de converter a energia qu\u00edmica das mol\u00e9culas de hidrog\u00eanio e oxig\u00eanio em energia el\u00e9trica \u2014 uma possibilidade para atenuar oscila\u00e7\u00f5es da usina solar em um sistema de minirredes.<\/p>\n<p>\u201cH\u00e1 v\u00e1rias formas de produzir hidrog\u00eanio, como separ\u00e1-lo da mol\u00e9cula de H2O ou a partir do g\u00e1s natural. N\u00f3s escolhemos trabalhar com uma op\u00e7\u00e3o renov\u00e1vel envolvendo a biomassa, extraindo o hidrog\u00eanio do biog\u00e1s\u201d, explica Alves. O biog\u00e1s \u00e9 rico em metano e CO2, dois dos gases do efeito estufa. Quando em contato com o catalisador, inserido no reator desenvolvido pela equipe, as mol\u00e9culas reagem e se produz o g\u00e1s hidrog\u00eanio, que precisaria ser purificado.<\/p>\n<p>O pesquisador lembra que o primeiro passo foi desenvolver o reator e o segundo foi sintetizar um catalisador adequado. Quando ambos operaram de forma est\u00e1vel, o estudo deu um passo al\u00e9m, j\u00e1 que est\u00e1 sendo constru\u00eddo um sistema de purifica\u00e7\u00e3o para uso direto do hidrog\u00eanio na c\u00e9lula a combust\u00edvel. \u201cNossa ideia \u00e9 desenvolver e demonstrar uma tecnologia que n\u00e3o est\u00e1 dispon\u00edvel hoje\u201d. A unidade piloto \u00e9 capaz de alimentar a c\u00e9lula combust\u00edvel (250 watts de pot\u00eancia) com cerca de 20 litros de hidrog\u00eanio por hora.<\/p>\n<figure style=\"width: 640px\" class=\"wp-caption aligncenter\"><img loading=\"lazy\" decoding=\"async\" class=\"size-large\" src=\"https:\/\/ciencia.ufpr.br\/portal\/wp-content\/uploads\/2020\/06\/Hnet-image-6.gif\" width=\"640\" height=\"360\" \/><figcaption class=\"wp-caption-text\">Usina solar recebe radia\u00e7\u00e3o que incide em pain\u00e9is instalados sobre estacionamento (na imagem) e telhados de pr\u00e9dios. V\u00eddeo: Alexandria\/Divulga\u00e7\u00e3o<\/figcaption><\/figure>\n<h2><span style=\"color: #cf6766;\">MAIOR USINA SOLAR DO PARAN\u00c1 E PR\u00c9DIO PILOTO AUTOSSUFICIENTE, DUAS IDEIAS PARA O FUTURO<\/span><\/h2>\n<p>Ensino, pesquisa, extens\u00e3o e inova\u00e7\u00e3o caminham juntas no Programa de Efici\u00eancia Energ\u00e9tica (PEE) da UFPR. Financiado pela Copel e Aneel, o programa ir\u00e1 resultar em economias da ordem de R$ 1,5 milh\u00f5es por ano.<\/p>\n<p>Os n\u00fameros expressivos n\u00e3o param por a\u00ed. Segundo explica o professor Jo\u00e3o Dias, coordenador do programa, 56 mil l\u00e2mpadas convencionais foram substitu\u00eddas, somente nos campi de Curitiba, por outras mais modernas e eficientes. Al\u00e9m disso, o projeto tamb\u00e9m contempla a implanta\u00e7\u00e3o de uma Usina Fotovoltaica de 1,2 Megawatts \u2013 a maior do Paran\u00e1, situada no estacionamento do pr\u00e9dio de Biol\u00f3gicas, no Polit\u00e9cnico.<\/p>\n<blockquote class=\"alignright\"><p>A usina alimentar\u00e1 pr\u00e9dio no Campus Polit\u00e9cnico projetado para ser autossuficiente em energia<\/p><\/blockquote>\n<p>\u201cEssa usina \u00e9 a maior usina do Brasil em uma institui\u00e7\u00e3o p\u00fablica de ensino e pesquisa; maior Usina Solar Fotovoltaica em Carpot do Paran\u00e1; segunda maior do Paran\u00e1\u201d, enumera Dias. O projeto ainda inclui a instala\u00e7\u00e3o de equipamentos que permitir\u00e3o um maior controle e otimiza\u00e7\u00e3o dos gastos em todos os pr\u00e9dios da UFPR Curitiba, a\u00e7\u00f5es de etiquetagem implementa\u00e7\u00e3o da norma ISO 50.001 de Gest\u00e3o Energ\u00e9tica, e a cria\u00e7\u00e3o da Comiss\u00e3o Interna de Conserva\u00e7\u00e3o de Energia (CICE).<\/p>\n<p>O projeto foi executado pela Funpar, com participa\u00e7\u00e3o do Departamento de Engenharia El\u00e9trica, e Arquitetura da UFPR e Suinfra, envolvendo cerca de 500 pessoas. De acordo com Dias, trata-se de um recurso bem aplicado, pois, al\u00e9m de gerar economia, tamb\u00e9m permite que o espa\u00e7o seja utilizado para fins pedag\u00f3gicos e de inova\u00e7\u00e3o. \u201cCom isso, geramos trabalho e tamb\u00e9m impacto social\u201d, pontua.<\/p>\n<p>A usina ir\u00e1 alimentar o pr\u00e9dio do Departamento de Engenharia El\u00e9trica (Delt), no Campus Polit\u00e9cnico, projetado para ser autossuficiente em energia. Considerado \u201ctubo de ensaio\u201d do plano de gest\u00e3o de energia que ser\u00e1 estendido a todos os campi de Curitiba, o edif\u00edcio \u00e9 o primeiro a reunir as a\u00e7\u00f5es previstas em busca de economia e efici\u00eancia, com ensino e inova\u00e7\u00e3o: s\u00e3o l\u00e2mpadas de LED, medidores de energia \u201cinteligentes\u201d e abastecimento com energia solar.<\/p>\n<p>\u201cEsses projetos, al\u00e9m de fomentarem a pesquisa e gerarem economia de recursos para a UFPR, tamb\u00e9m visam contribuir para criar na universidade uma cultura de racionalidade no uso de energia\u201d, explica o professor Jo\u00e3o da Silva Dias.<\/p>\n<figure id=\"attachment_18515\" aria-describedby=\"caption-attachment-18515\" style=\"width: 810px\" class=\"wp-caption aligncenter\"><img loading=\"lazy\" decoding=\"async\" class=\"size-large wp-image-18515\" src=\"https:\/\/ciencia.ufpr.br\/portal\/wp-content\/uploads\/2020\/06\/UHE-em-Jirau-2014-PAC-m-1024x680.jpg\" alt=\"A Usina Hidrel\u00e9trica (UHE) de Jirau, localizada no Rio Madeira, a cerca de 120 quil\u00f4metros de Porto Velho, teve processos melhorados com atua\u00e7\u00e3o de pesquisadores da UFPR. Foto: Governo Federal\/Flickr\/Divulga\u00e7\u00e3o, 2014\" width=\"810\" height=\"538\" srcset=\"https:\/\/ciencia.ufpr.br\/portal\/wp-content\/uploads\/2020\/06\/UHE-em-Jirau-2014-PAC-m-1024x680.jpg 1024w, https:\/\/ciencia.ufpr.br\/portal\/wp-content\/uploads\/2020\/06\/UHE-em-Jirau-2014-PAC-m-300x199.jpg 300w, https:\/\/ciencia.ufpr.br\/portal\/wp-content\/uploads\/2020\/06\/UHE-em-Jirau-2014-PAC-m-768x510.jpg 768w, https:\/\/ciencia.ufpr.br\/portal\/wp-content\/uploads\/2020\/06\/UHE-em-Jirau-2014-PAC-m-1536x1020.jpg 1536w, https:\/\/ciencia.ufpr.br\/portal\/wp-content\/uploads\/2020\/06\/UHE-em-Jirau-2014-PAC-m.jpg 2048w\" sizes=\"(max-width: 810px) 100vw, 810px\" \/><figcaption id=\"caption-attachment-18515\" class=\"wp-caption-text\">A Usina Hidrel\u00e9trica (UHE) de Jirau, localizada no Rio Madeira, a cerca de 120 quil\u00f4metros de Porto Velho, teve processos melhorados com atua\u00e7\u00e3o de pesquisadores da UFPR. Foto: Governo Federal\/Flickr\/Divulga\u00e7\u00e3o, 2014<\/figcaption><\/figure>\n<h2><span style=\"color: #cf6766;\">MODELAGEM COMPUTACIONAL AJUDOU A PREVER PROBLEMAS NA USINA DE JIRAU<\/span><\/h2>\n<p>Al\u00e9m de se preocupar com a gera\u00e7\u00e3o e consumo de energia no seu pr\u00f3prio campus, pesquisadores da UFPR tamb\u00e9m est\u00e3o atentos a problemas nacionais do setor el\u00e9trico. Um deles foi identificado na usina hidrel\u00e9trica de Jirau, localizada no Rio Madeira, a cerca de 120 km de Porto Velho, em Rond\u00f4nia. Contemplados por um projeto de pesquisa regulamentado pela Aneel, um grupo de pesquisadores da UFPR criou um modelo com o objetivo de descobrir porque transformadores de potencial indutivo (TP) falhavam, gerando uma cadeia de gastos que poderiam ser evitados.<\/p>\n<p>O impacto da pesquisa, al\u00e9m da inova\u00e7\u00e3o possibilitada por uma nova metodologia, poder\u00e1 ser aproveitado em outras usinas e at\u00e9 mesmo pelos fabricantes do equipamento. O professor do Departamento de Engenharia El\u00e9trica, Gustavo Henrique da Costa Oliveira, coordenador do trabalho, explica que a usina de Jirau \u00e9 um das principais do pa\u00eds &#8211; e sua energia \u00e9 respons\u00e1vel pelo abastecimento de outras regi\u00f5es do Brasil.<\/p>\n<blockquote class=\"alignright\"><p>A equipe da UFPR investiu no desenvolvimento de um modelo capaz de simular, com precis\u00e3o, o que ocorre na subesta\u00e7\u00e3o para provocar a falha nos transformadores<\/p><\/blockquote>\n<p>Localizado no Rio Madeira, o empreendimento tem como peculiaridade o fato de n\u00e3o necessitar de queda d\u2019\u00e1gua para a gera\u00e7\u00e3o de energia, j\u00e1 que \u00e9 a for\u00e7a das \u00e1guas do rio que suprem a demanda. A UHE come\u00e7ou a operar em 2013 e est\u00e1 entre as maiores do pa\u00eds, em capacidade instalada.<\/p>\n<p>Os TPIs, que constituem o problema central de pesquisa da equipe da UFPR, s\u00e3o equipamentos instalados nas subesta\u00e7\u00f5es das hidrel\u00e9tricas, com o objetivo de medir a tens\u00e3o em diversos pontos da instala\u00e7\u00e3o e informar \u00e0 central de controle as condi\u00e7\u00f5es de operativas da usina. \u201cSe eles sofrem uma falha, isto \u00e9, param de operar, existe um impacto financeiro para a usina\u201d, comenta Oliveira.<\/p>\n<p>A subesta\u00e7\u00e3o isolada a g\u00e1s da usina, onde est\u00e3o os TPIs, \u00e9 o ponto que faz a interface entre a gera\u00e7\u00e3o de energia e o sistema el\u00e9trico. No trabalho realizado pela UFPR, a \u00e1rea tamb\u00e9m passa por um processo de modelagem computacional.<\/p>\n<p>A equipe da UFPR, que envolveu bolsistas de p\u00f3s-gradua\u00e7\u00e3o, investiu no desenvolvimento de um modelo capaz de simular, com precis\u00e3o, o que ocorre na subesta\u00e7\u00e3o para provocar a falha nos transformadores. O trabalho tamb\u00e9m inclui um m\u00f3dulo que permite que o TPI possa ser incorporado em um modelo da subesta\u00e7\u00e3o. \u201cN\u00f3s entramos como frente de trabalho para pensar em um modelo ultra fiel que pudesse ser inclu\u00eddo no modelo da subesta\u00e7\u00e3o da usina, para que o conjunto fosse o mais pr\u00f3ximo poss\u00edvel da realidade\u201d.<\/p>\n<p>O modelo, implementado em um software, permite que se chegue a conclus\u00f5es sobre o problema e se aponte solu\u00e7\u00f5es, etapa de trabalho que ainda est\u00e1 em andamento. Para chegar at\u00e9 esse ponto, a pesquisa aplicou inova\u00e7\u00f5es metodol\u00f3gicas, com t\u00e9cnicas de medi\u00e7\u00e3o das telecomunica\u00e7\u00f5es.<\/p>\n<p>De acordo com o professor, a pesquisa tem potencial para contribuir com a melhoria na confiabilidade de equipamentos para o setor el\u00e9trico, al\u00e9m de ter rendido um aperfei\u00e7oamento no estado da arte. \u201cFizemos o nosso papel, buscando produzir conhecimento a partir de uma aplica\u00e7\u00e3o bem palp\u00e1vel\u201d, diz.<\/p>\n<p>O estudo, em fase final, permite que se projete diferentes vari\u00e1veis a partir da simula\u00e7\u00e3o. Al\u00e9m das in\u00fameras visitas a Jirau, os cientistas tamb\u00e9m viajaram para o Jap\u00e3o e a Coreia do Sul, em busca de informa\u00e7\u00f5es sobre os fabricantes do equipamento.<\/p>\n<h6 style=\"text-align: right;\">\ud83d\udcd6 Publicado originalmente na edi\u00e7\u00e3o 6, ano 4, da Revista Ci\u00eancia UFPR (2020).<\/h6>\n","protected":false},"excerpt":{"rendered":"<p>Desenvolver minirredes com fontes de energia renov\u00e1veis n\u00e3o convencionais \u00e9 o objetivo central de um trabalho cient\u00edfico interdisciplinar realizado na&#8230;<\/p>\n","protected":false},"author":2804,"featured_media":18498,"comment_status":"open","ping_status":"open","sticky":false,"template":"","format":"standard","meta":{"_acf_changed":false,"footnotes":"","fifu_image_url":"","fifu_image_alt":"","_jetpack_memberships_contains_paid_content":false},"categories":[1617,2258,1620,1,1613],"tags":[1796,1797,1729,1762],"acf":[],"yoast_head":"<!-- This site is optimized with the Yoast SEO plugin v23.5 - https:\/\/yoast.com\/wordpress\/plugins\/seo\/ -->\n<title>As pesquisas sobre efici\u00eancia energ\u00e9tica que est\u00e3o mudando o consumo de energia na UFPR - Ci\u00eancia UFPR<\/title>\n<meta name=\"description\" content=\"Com projetos em P&amp;D e em energia limpa, pesquisadores de diversas \u00e1reas do conhecimento investem na solu\u00e7\u00e3o de problemas locais e miram tecnologias de ponta.\" \/>\n<meta name=\"robots\" content=\"index, follow, max-snippet:-1, max-image-preview:large, max-video-preview:-1\" \/>\n<link rel=\"canonical\" href=\"https:\/\/ciencia.ufpr.br\/portal\/as-pesquisas-em-energia-limpa-que-ajudam-a-mudar-o-cotidiano-da-ufpr\/\" \/>\n<meta property=\"og:locale\" content=\"pt_BR\" \/>\n<meta property=\"og:type\" content=\"article\" \/>\n<meta property=\"og:title\" content=\"As pesquisas sobre efici\u00eancia energ\u00e9tica que est\u00e3o mudando o consumo de energia na UFPR - Ci\u00eancia UFPR\" \/>\n<meta property=\"og:description\" content=\"Com projetos em P&amp;D e em energia limpa, pesquisadores de diversas \u00e1reas do conhecimento investem na solu\u00e7\u00e3o de problemas locais e miram tecnologias de ponta.\" \/>\n<meta property=\"og:url\" content=\"https:\/\/ciencia.ufpr.br\/portal\/as-pesquisas-em-energia-limpa-que-ajudam-a-mudar-o-cotidiano-da-ufpr\/\" \/>\n<meta property=\"og:site_name\" content=\"Ci\u00eancia UFPR\" \/>\n<meta property=\"article:publisher\" content=\"https:\/\/www.facebook.com\/cienciaufproficial\" \/>\n<meta property=\"article:published_time\" content=\"2020-06-23T15:26:12+00:00\" \/>\n<meta property=\"article:modified_time\" content=\"2023-06-02T20:33:33+00:00\" \/>\n<meta property=\"og:image\" content=\"https:\/\/ciencia.ufpr.br\/portal\/wp-content\/uploads\/2020\/06\/DJI_0018-scaled.jpg\" \/>\n\t<meta property=\"og:image:width\" content=\"2560\" \/>\n\t<meta property=\"og:image:height\" content=\"1440\" \/>\n\t<meta property=\"og:image:type\" content=\"image\/jpeg\" \/>\n<meta name=\"author\" content=\"Amanda Miranda\" \/>\n<meta name=\"twitter:card\" content=\"summary_large_image\" \/>\n<meta name=\"twitter:image\" content=\"https:\/\/ciencia.ufpr.br\/portal\/wp-content\/uploads\/2020\/06\/DJI_0018-scaled.jpg\" \/>\n<meta name=\"twitter:creator\" content=\"@cienciaufpr\" \/>\n<meta name=\"twitter:site\" content=\"@cienciaufpr\" \/>\n<meta name=\"twitter:label1\" content=\"Escrito por\" \/>\n\t<meta name=\"twitter:data1\" content=\"Amanda Miranda\" \/>\n\t<meta name=\"twitter:label2\" content=\"Est. tempo de leitura\" \/>\n\t<meta name=\"twitter:data2\" content=\"13 minutos\" \/>\n<script type=\"application\/ld+json\" class=\"yoast-schema-graph\">{\"@context\":\"https:\/\/schema.org\",\"@graph\":[{\"@type\":\"Article\",\"@id\":\"https:\/\/ciencia.ufpr.br\/portal\/as-pesquisas-em-energia-limpa-que-ajudam-a-mudar-o-cotidiano-da-ufpr\/#article\",\"isPartOf\":{\"@id\":\"https:\/\/ciencia.ufpr.br\/portal\/as-pesquisas-em-energia-limpa-que-ajudam-a-mudar-o-cotidiano-da-ufpr\/\"},\"author\":{\"name\":\"Amanda Miranda\",\"@id\":\"https:\/\/ciencia.ufpr.br\/portal\/#\/schema\/person\/a80df8f0778fd2a1c3826dcd99fd6097\"},\"headline\":\"As pesquisas sobre efici\u00eancia energ\u00e9tica que est\u00e3o mudando o consumo de energia na UFPR\",\"datePublished\":\"2020-06-23T15:26:12+00:00\",\"dateModified\":\"2023-06-02T20:33:33+00:00\",\"mainEntityOfPage\":{\"@id\":\"https:\/\/ciencia.ufpr.br\/portal\/as-pesquisas-em-energia-limpa-que-ajudam-a-mudar-o-cotidiano-da-ufpr\/\"},\"wordCount\":2529,\"commentCount\":0,\"publisher\":{\"@id\":\"https:\/\/ciencia.ufpr.br\/portal\/#organization\"},\"image\":{\"@id\":\"https:\/\/ciencia.ufpr.br\/portal\/as-pesquisas-em-energia-limpa-que-ajudam-a-mudar-o-cotidiano-da-ufpr\/#primaryimage\"},\"thumbnailUrl\":\"https:\/\/ciencia.ufpr.br\/portal\/wp-content\/uploads\/2020\/06\/DJI_0018-scaled.jpg\",\"keywords\":[\"efici\u00eancia energ\u00e9tica\",\"engenharia el\u00e9trica\",\"revista\",\"V. 5 n\u00ba 6 (2020)\"],\"articleSection\":[\"Exatas\",\"Impressa\",\"Inova\u00e7\u00e3o\",\"Reportagem\",\"Tecnologia\"],\"inLanguage\":\"pt-BR\",\"potentialAction\":[{\"@type\":\"CommentAction\",\"name\":\"Comment\",\"target\":[\"https:\/\/ciencia.ufpr.br\/portal\/as-pesquisas-em-energia-limpa-que-ajudam-a-mudar-o-cotidiano-da-ufpr\/#respond\"]}]},{\"@type\":\"WebPage\",\"@id\":\"https:\/\/ciencia.ufpr.br\/portal\/as-pesquisas-em-energia-limpa-que-ajudam-a-mudar-o-cotidiano-da-ufpr\/\",\"url\":\"https:\/\/ciencia.ufpr.br\/portal\/as-pesquisas-em-energia-limpa-que-ajudam-a-mudar-o-cotidiano-da-ufpr\/\",\"name\":\"As pesquisas sobre efici\u00eancia energ\u00e9tica que est\u00e3o mudando o consumo de energia na UFPR - Ci\u00eancia UFPR\",\"isPartOf\":{\"@id\":\"https:\/\/ciencia.ufpr.br\/portal\/#website\"},\"primaryImageOfPage\":{\"@id\":\"https:\/\/ciencia.ufpr.br\/portal\/as-pesquisas-em-energia-limpa-que-ajudam-a-mudar-o-cotidiano-da-ufpr\/#primaryimage\"},\"image\":{\"@id\":\"https:\/\/ciencia.ufpr.br\/portal\/as-pesquisas-em-energia-limpa-que-ajudam-a-mudar-o-cotidiano-da-ufpr\/#primaryimage\"},\"thumbnailUrl\":\"https:\/\/ciencia.ufpr.br\/portal\/wp-content\/uploads\/2020\/06\/DJI_0018-scaled.jpg\",\"datePublished\":\"2020-06-23T15:26:12+00:00\",\"dateModified\":\"2023-06-02T20:33:33+00:00\",\"description\":\"Com projetos em P&D e em energia limpa, pesquisadores de diversas \u00e1reas do conhecimento investem na solu\u00e7\u00e3o de problemas locais e miram tecnologias de ponta.\",\"breadcrumb\":{\"@id\":\"https:\/\/ciencia.ufpr.br\/portal\/as-pesquisas-em-energia-limpa-que-ajudam-a-mudar-o-cotidiano-da-ufpr\/#breadcrumb\"},\"inLanguage\":\"pt-BR\",\"potentialAction\":[{\"@type\":\"ReadAction\",\"target\":[\"https:\/\/ciencia.ufpr.br\/portal\/as-pesquisas-em-energia-limpa-que-ajudam-a-mudar-o-cotidiano-da-ufpr\/\"]}]},{\"@type\":\"ImageObject\",\"inLanguage\":\"pt-BR\",\"@id\":\"https:\/\/ciencia.ufpr.br\/portal\/as-pesquisas-em-energia-limpa-que-ajudam-a-mudar-o-cotidiano-da-ufpr\/#primaryimage\",\"url\":\"https:\/\/ciencia.ufpr.br\/portal\/wp-content\/uploads\/2020\/06\/DJI_0018-scaled.jpg\",\"contentUrl\":\"https:\/\/ciencia.ufpr.br\/portal\/wp-content\/uploads\/2020\/06\/DJI_0018-scaled.jpg\",\"width\":2560,\"height\":1440,\"caption\":\"Maior usina solar do Paran\u00e1 foi constru\u00edda sobre estacionamento no Campus Polit\u00e9cnico da UFPR, em Curitiba. Fotos: Marcos Solivan\/Sucom-UFPR\"},{\"@type\":\"BreadcrumbList\",\"@id\":\"https:\/\/ciencia.ufpr.br\/portal\/as-pesquisas-em-energia-limpa-que-ajudam-a-mudar-o-cotidiano-da-ufpr\/#breadcrumb\",\"itemListElement\":[{\"@type\":\"ListItem\",\"position\":1,\"name\":\"Home\",\"item\":\"https:\/\/ciencia.ufpr.br\/portal\/\"},{\"@type\":\"ListItem\",\"position\":2,\"name\":\"As pesquisas sobre efici\u00eancia energ\u00e9tica que est\u00e3o mudando o consumo de energia na UFPR\"}]},{\"@type\":\"WebSite\",\"@id\":\"https:\/\/ciencia.ufpr.br\/portal\/#website\",\"url\":\"https:\/\/ciencia.ufpr.br\/portal\/\",\"name\":\"Ci\u00eancia UFPR\",\"description\":\"Site de temas cient\u00edficos com foco no conhecimento produzido na Universidade Federal do Paran\u00e1 (UFPR). Baseado na Revista Ci\u00eancia UFPR.\",\"publisher\":{\"@id\":\"https:\/\/ciencia.ufpr.br\/portal\/#organization\"},\"potentialAction\":[{\"@type\":\"SearchAction\",\"target\":{\"@type\":\"EntryPoint\",\"urlTemplate\":\"https:\/\/ciencia.ufpr.br\/portal\/?s={search_term_string}\"},\"query-input\":{\"@type\":\"PropertyValueSpecification\",\"valueRequired\":true,\"valueName\":\"search_term_string\"}}],\"inLanguage\":\"pt-BR\"},{\"@type\":\"Organization\",\"@id\":\"https:\/\/ciencia.ufpr.br\/portal\/#organization\",\"name\":\"Revista Ci\u00eancia UFPR\",\"url\":\"https:\/\/ciencia.ufpr.br\/portal\/\",\"logo\":{\"@type\":\"ImageObject\",\"inLanguage\":\"pt-BR\",\"@id\":\"https:\/\/ciencia.ufpr.br\/portal\/#\/schema\/logo\/image\/\",\"url\":\"https:\/\/ciencia.ufpr.br\/portal\/wp-content\/uploads\/2020\/12\/Revista-Ciencia-UFPR-vermelho.jpeg\",\"contentUrl\":\"https:\/\/ciencia.ufpr.br\/portal\/wp-content\/uploads\/2020\/12\/Revista-Ciencia-UFPR-vermelho.jpeg\",\"width\":992,\"height\":714,\"caption\":\"Revista Ci\u00eancia UFPR\"},\"image\":{\"@id\":\"https:\/\/ciencia.ufpr.br\/portal\/#\/schema\/logo\/image\/\"},\"sameAs\":[\"https:\/\/www.facebook.com\/cienciaufproficial\",\"https:\/\/x.com\/cienciaufpr\",\"https:\/\/www.instagram.com\/revistacienciaufpr\/\",\"https:\/\/www.linkedin.com\/company\/cienciaufproficial\",\"https:\/\/br.pinterest.com\/cienciaufpr\/\"]},{\"@type\":\"Person\",\"@id\":\"https:\/\/ciencia.ufpr.br\/portal\/#\/schema\/person\/a80df8f0778fd2a1c3826dcd99fd6097\",\"name\":\"Amanda Miranda\",\"url\":\"https:\/\/ciencia.ufpr.br\/portal\/author\/amandamiranda\/\"}]}<\/script>\n<!-- \/ Yoast SEO plugin. -->","yoast_head_json":{"title":"As pesquisas sobre efici\u00eancia energ\u00e9tica que est\u00e3o mudando o consumo de energia na UFPR - Ci\u00eancia UFPR","description":"Com projetos em P&D e em energia limpa, pesquisadores de diversas \u00e1reas do conhecimento investem na solu\u00e7\u00e3o de problemas locais e miram tecnologias de ponta.","robots":{"index":"index","follow":"follow","max-snippet":"max-snippet:-1","max-image-preview":"max-image-preview:large","max-video-preview":"max-video-preview:-1"},"canonical":"https:\/\/ciencia.ufpr.br\/portal\/as-pesquisas-em-energia-limpa-que-ajudam-a-mudar-o-cotidiano-da-ufpr\/","og_locale":"pt_BR","og_type":"article","og_title":"As pesquisas sobre efici\u00eancia energ\u00e9tica que est\u00e3o mudando o consumo de energia na UFPR - Ci\u00eancia UFPR","og_description":"Com projetos em P&D e em energia limpa, pesquisadores de diversas \u00e1reas do conhecimento investem na solu\u00e7\u00e3o de problemas locais e miram tecnologias de ponta.","og_url":"https:\/\/ciencia.ufpr.br\/portal\/as-pesquisas-em-energia-limpa-que-ajudam-a-mudar-o-cotidiano-da-ufpr\/","og_site_name":"Ci\u00eancia UFPR","article_publisher":"https:\/\/www.facebook.com\/cienciaufproficial","article_published_time":"2020-06-23T15:26:12+00:00","article_modified_time":"2023-06-02T20:33:33+00:00","og_image":[{"width":2560,"height":1440,"url":"https:\/\/ciencia.ufpr.br\/portal\/wp-content\/uploads\/2020\/06\/DJI_0018-scaled.jpg","type":"image\/jpeg"}],"author":"Amanda Miranda","twitter_card":"summary_large_image","twitter_image":"https:\/\/ciencia.ufpr.br\/portal\/wp-content\/uploads\/2020\/06\/DJI_0018-scaled.jpg","twitter_creator":"@cienciaufpr","twitter_site":"@cienciaufpr","twitter_misc":{"Escrito por":"Amanda Miranda","Est. tempo de leitura":"13 minutos"},"schema":{"@context":"https:\/\/schema.org","@graph":[{"@type":"Article","@id":"https:\/\/ciencia.ufpr.br\/portal\/as-pesquisas-em-energia-limpa-que-ajudam-a-mudar-o-cotidiano-da-ufpr\/#article","isPartOf":{"@id":"https:\/\/ciencia.ufpr.br\/portal\/as-pesquisas-em-energia-limpa-que-ajudam-a-mudar-o-cotidiano-da-ufpr\/"},"author":{"name":"Amanda Miranda","@id":"https:\/\/ciencia.ufpr.br\/portal\/#\/schema\/person\/a80df8f0778fd2a1c3826dcd99fd6097"},"headline":"As pesquisas sobre efici\u00eancia energ\u00e9tica que est\u00e3o mudando o consumo de energia na UFPR","datePublished":"2020-06-23T15:26:12+00:00","dateModified":"2023-06-02T20:33:33+00:00","mainEntityOfPage":{"@id":"https:\/\/ciencia.ufpr.br\/portal\/as-pesquisas-em-energia-limpa-que-ajudam-a-mudar-o-cotidiano-da-ufpr\/"},"wordCount":2529,"commentCount":0,"publisher":{"@id":"https:\/\/ciencia.ufpr.br\/portal\/#organization"},"image":{"@id":"https:\/\/ciencia.ufpr.br\/portal\/as-pesquisas-em-energia-limpa-que-ajudam-a-mudar-o-cotidiano-da-ufpr\/#primaryimage"},"thumbnailUrl":"https:\/\/ciencia.ufpr.br\/portal\/wp-content\/uploads\/2020\/06\/DJI_0018-scaled.jpg","keywords":["efici\u00eancia energ\u00e9tica","engenharia el\u00e9trica","revista","V. 5 n\u00ba 6 (2020)"],"articleSection":["Exatas","Impressa","Inova\u00e7\u00e3o","Reportagem","Tecnologia"],"inLanguage":"pt-BR","potentialAction":[{"@type":"CommentAction","name":"Comment","target":["https:\/\/ciencia.ufpr.br\/portal\/as-pesquisas-em-energia-limpa-que-ajudam-a-mudar-o-cotidiano-da-ufpr\/#respond"]}]},{"@type":"WebPage","@id":"https:\/\/ciencia.ufpr.br\/portal\/as-pesquisas-em-energia-limpa-que-ajudam-a-mudar-o-cotidiano-da-ufpr\/","url":"https:\/\/ciencia.ufpr.br\/portal\/as-pesquisas-em-energia-limpa-que-ajudam-a-mudar-o-cotidiano-da-ufpr\/","name":"As pesquisas sobre efici\u00eancia energ\u00e9tica que est\u00e3o mudando o consumo de energia na UFPR - Ci\u00eancia UFPR","isPartOf":{"@id":"https:\/\/ciencia.ufpr.br\/portal\/#website"},"primaryImageOfPage":{"@id":"https:\/\/ciencia.ufpr.br\/portal\/as-pesquisas-em-energia-limpa-que-ajudam-a-mudar-o-cotidiano-da-ufpr\/#primaryimage"},"image":{"@id":"https:\/\/ciencia.ufpr.br\/portal\/as-pesquisas-em-energia-limpa-que-ajudam-a-mudar-o-cotidiano-da-ufpr\/#primaryimage"},"thumbnailUrl":"https:\/\/ciencia.ufpr.br\/portal\/wp-content\/uploads\/2020\/06\/DJI_0018-scaled.jpg","datePublished":"2020-06-23T15:26:12+00:00","dateModified":"2023-06-02T20:33:33+00:00","description":"Com projetos em P&D e em energia limpa, pesquisadores de diversas \u00e1reas do conhecimento investem na solu\u00e7\u00e3o de problemas locais e miram tecnologias de ponta.","breadcrumb":{"@id":"https:\/\/ciencia.ufpr.br\/portal\/as-pesquisas-em-energia-limpa-que-ajudam-a-mudar-o-cotidiano-da-ufpr\/#breadcrumb"},"inLanguage":"pt-BR","potentialAction":[{"@type":"ReadAction","target":["https:\/\/ciencia.ufpr.br\/portal\/as-pesquisas-em-energia-limpa-que-ajudam-a-mudar-o-cotidiano-da-ufpr\/"]}]},{"@type":"ImageObject","inLanguage":"pt-BR","@id":"https:\/\/ciencia.ufpr.br\/portal\/as-pesquisas-em-energia-limpa-que-ajudam-a-mudar-o-cotidiano-da-ufpr\/#primaryimage","url":"https:\/\/ciencia.ufpr.br\/portal\/wp-content\/uploads\/2020\/06\/DJI_0018-scaled.jpg","contentUrl":"https:\/\/ciencia.ufpr.br\/portal\/wp-content\/uploads\/2020\/06\/DJI_0018-scaled.jpg","width":2560,"height":1440,"caption":"Maior usina solar do Paran\u00e1 foi constru\u00edda sobre estacionamento no Campus Polit\u00e9cnico da UFPR, em Curitiba. Fotos: Marcos Solivan\/Sucom-UFPR"},{"@type":"BreadcrumbList","@id":"https:\/\/ciencia.ufpr.br\/portal\/as-pesquisas-em-energia-limpa-que-ajudam-a-mudar-o-cotidiano-da-ufpr\/#breadcrumb","itemListElement":[{"@type":"ListItem","position":1,"name":"Home","item":"https:\/\/ciencia.ufpr.br\/portal\/"},{"@type":"ListItem","position":2,"name":"As pesquisas sobre efici\u00eancia energ\u00e9tica que est\u00e3o mudando o consumo de energia na UFPR"}]},{"@type":"WebSite","@id":"https:\/\/ciencia.ufpr.br\/portal\/#website","url":"https:\/\/ciencia.ufpr.br\/portal\/","name":"Ci\u00eancia UFPR","description":"Site de temas cient\u00edficos com foco no conhecimento produzido na Universidade Federal do Paran\u00e1 (UFPR). Baseado na Revista Ci\u00eancia UFPR.","publisher":{"@id":"https:\/\/ciencia.ufpr.br\/portal\/#organization"},"potentialAction":[{"@type":"SearchAction","target":{"@type":"EntryPoint","urlTemplate":"https:\/\/ciencia.ufpr.br\/portal\/?s={search_term_string}"},"query-input":{"@type":"PropertyValueSpecification","valueRequired":true,"valueName":"search_term_string"}}],"inLanguage":"pt-BR"},{"@type":"Organization","@id":"https:\/\/ciencia.ufpr.br\/portal\/#organization","name":"Revista Ci\u00eancia UFPR","url":"https:\/\/ciencia.ufpr.br\/portal\/","logo":{"@type":"ImageObject","inLanguage":"pt-BR","@id":"https:\/\/ciencia.ufpr.br\/portal\/#\/schema\/logo\/image\/","url":"https:\/\/ciencia.ufpr.br\/portal\/wp-content\/uploads\/2020\/12\/Revista-Ciencia-UFPR-vermelho.jpeg","contentUrl":"https:\/\/ciencia.ufpr.br\/portal\/wp-content\/uploads\/2020\/12\/Revista-Ciencia-UFPR-vermelho.jpeg","width":992,"height":714,"caption":"Revista Ci\u00eancia UFPR"},"image":{"@id":"https:\/\/ciencia.ufpr.br\/portal\/#\/schema\/logo\/image\/"},"sameAs":["https:\/\/www.facebook.com\/cienciaufproficial","https:\/\/x.com\/cienciaufpr","https:\/\/www.instagram.com\/revistacienciaufpr\/","https:\/\/www.linkedin.com\/company\/cienciaufproficial","https:\/\/br.pinterest.com\/cienciaufpr\/"]},{"@type":"Person","@id":"https:\/\/ciencia.ufpr.br\/portal\/#\/schema\/person\/a80df8f0778fd2a1c3826dcd99fd6097","name":"Amanda Miranda","url":"https:\/\/ciencia.ufpr.br\/portal\/author\/amandamiranda\/"}]}},"views":2697,"jetpack_sharing_enabled":true,"jetpack_featured_media_url":"https:\/\/ciencia.ufpr.br\/portal\/wp-content\/uploads\/2020\/06\/DJI_0018-scaled.jpg","_links":{"self":[{"href":"https:\/\/ciencia.ufpr.br\/portal\/wp-json\/wp\/v2\/posts\/18303"}],"collection":[{"href":"https:\/\/ciencia.ufpr.br\/portal\/wp-json\/wp\/v2\/posts"}],"about":[{"href":"https:\/\/ciencia.ufpr.br\/portal\/wp-json\/wp\/v2\/types\/post"}],"author":[{"embeddable":true,"href":"https:\/\/ciencia.ufpr.br\/portal\/wp-json\/wp\/v2\/users\/2804"}],"replies":[{"embeddable":true,"href":"https:\/\/ciencia.ufpr.br\/portal\/wp-json\/wp\/v2\/comments?post=18303"}],"version-history":[{"count":34,"href":"https:\/\/ciencia.ufpr.br\/portal\/wp-json\/wp\/v2\/posts\/18303\/revisions"}],"predecessor-version":[{"id":18596,"href":"https:\/\/ciencia.ufpr.br\/portal\/wp-json\/wp\/v2\/posts\/18303\/revisions\/18596"}],"wp:featuredmedia":[{"embeddable":true,"href":"https:\/\/ciencia.ufpr.br\/portal\/wp-json\/wp\/v2\/media\/18498"}],"wp:attachment":[{"href":"https:\/\/ciencia.ufpr.br\/portal\/wp-json\/wp\/v2\/media?parent=18303"}],"wp:term":[{"taxonomy":"category","embeddable":true,"href":"https:\/\/ciencia.ufpr.br\/portal\/wp-json\/wp\/v2\/categories?post=18303"},{"taxonomy":"post_tag","embeddable":true,"href":"https:\/\/ciencia.ufpr.br\/portal\/wp-json\/wp\/v2\/tags?post=18303"}],"curies":[{"name":"wp","href":"https:\/\/api.w.org\/{rel}","templated":true}]}}