{"id":18235,"date":"2020-06-23T08:03:57","date_gmt":"2020-06-23T11:03:57","guid":{"rendered":"https:\/\/ciencia.ufpr.br\/portal\/?p=18235"},"modified":"2024-07-16T19:45:44","modified_gmt":"2024-07-16T22:45:44","slug":"e-se-a-carne-celular-se-tornasse-comum-estudo-avalia-cenarios-sobre-o-tema","status":"publish","type":"post","link":"https:\/\/ciencia.ufpr.br\/portal\/e-se-a-carne-celular-se-tornasse-comum-estudo-avalia-cenarios-sobre-o-tema\/","title":{"rendered":"E se a carne celular se tornasse comum? Estudo avalia cen\u00e1rios sobre o tema"},"content":{"rendered":"<p>Reproduzir c\u00e9lulas animais em laborat\u00f3rio at\u00e9 se tornarem tecido, depois quilos de carne, para da\u00ed vend\u00ea-la no atacado e no varejo at\u00e9 que vire bife na mesa. Em um pa\u00eds como o Brasil, que produz 15% da carne de frango do mundo, 16% da bovina e 3% da su\u00edna, a consolida\u00e7\u00e3o desse processo, que est\u00e1 na contram\u00e3o do que se conhece sobre pecu\u00e1ria, poderia trazer mudan\u00e7as profundas para a forma como as pessoas veem a sua alimenta\u00e7\u00e3o e os pr\u00f3prios animais. Essas constata\u00e7\u00f5es est\u00e3o em uma disserta\u00e7\u00e3o de mestrado defendida em maio no Programa de P\u00f3s-gradua\u00e7\u00e3o em Ci\u00eancias Veterin\u00e1rias da Universidade Federal do Paran\u00e1 (UFPR).<\/p>\n<p>H\u00e1 em todo mundo por volta de 60 startups trabalhando em v\u00e1rias vertentes do tema e se estima que os primeiros produtos com carne celular sejam comercializados ao p\u00fablico em menos de cinco anos. Apesar disso, o Brasil ainda se mant\u00e9m conservador em rela\u00e7\u00e3o \u00e0 inclus\u00e3o da pesquisa no pa\u00eds. Em \u201c<a href=\"https:\/\/www.prppg.ufpr.br\/siga\/visitante\/trabalhoConclusaoWS?idpessoal=78830&amp;idprograma=40001016023P3&amp;anobase=2020&amp;idtc=1343\" target=\"_blank\" rel=\"noopener noreferrer\">Carne celular: percep\u00e7\u00e3o profissional e consequ\u00eancias para o bem-estar animal<\/a>\u201d, a pesquisadora Marina Heidemann analisou impactos e buscou solu\u00e7\u00f5es para eventuais obst\u00e1culos que verificou \u00e0 populariza\u00e7\u00e3o da carne de laborat\u00f3rio.<\/p>\n<p>Para essas investiga\u00e7\u00f5es, o trabalho partiu de uma proje\u00e7\u00e3o &#8220;conservadora&#8221;, <a href=\"http:\/\/media.enfasis.com\/adjuntos\/146\/documentos\/000\/132\/0000132740.pdf\" target=\"_blank\" rel=\"noopener noreferrer\">proposta por uma consultoria de mercado em 2019<\/a>, que projeta uma queda no consumo de carne convencional para 40% do mercado, ap\u00f3s aumento da procura pela carne celular e pelas carnes \u00e0 base de plantas.<\/p>\n<blockquote class=\"alignright\"><p>Se disseminada, a carne de laborat\u00f3rio poderia mudar percep\u00e7\u00e3o utilitarista sobre a vida dos animais, conclui pesquisa<\/p><\/blockquote>\n<p>\u201cCom a poss\u00edvel amplia\u00e7\u00e3o da comercializa\u00e7\u00e3o da carne celular, prevemos redu\u00e7\u00e3o no sofrimento de animais de produ\u00e7\u00e3o devido \u00e0 diminui\u00e7\u00e3o do n\u00famero de animais envolvidos na produ\u00e7\u00e3o de alimentos. E parece prov\u00e1vel que haver\u00e1 menos aceita\u00e7\u00e3o da necessidade de sofrimento dos animais nos sistemas produtivos quando a produ\u00e7\u00e3o de carne for desacoplada da cria\u00e7\u00e3o e abate de animais, com a redu\u00e7\u00e3o de barreiras relevantes \u00e0 prote\u00e7\u00e3o dos animais\u201d, afirma Marina, que foi orientada pelos professores Carla Molento, do Laborat\u00f3rio de Bem-estar Animal da UFPR, e Germano Reis, do Programa de P\u00f3s-Gradua\u00e7\u00e3o em Administra\u00e7\u00e3o.<\/p>\n<h2>Carne artificial ou natural<\/h2>\n<p>Cultivar c\u00e9lulas para produzir carne \u00e9 uma inova\u00e7\u00e3o que pode mudar a cadeia da carne, especialmente o setor de produ\u00e7\u00e3o animal. A t\u00e9cnica consiste em extrair c\u00e9lulas de tecido muscular de um animal e promover a prolifera\u00e7\u00e3o e diferencia\u00e7\u00e3o in vitro das c\u00e9lulas em carne, em meio de cultura apropriado.<\/p>\n<p>Apesar de parecer algo sa\u00eddo da fic\u00e7\u00e3o cient\u00edfica, basicamente \u00e9 uma nova aplica\u00e7\u00e3o de m\u00e9todos milenares de prolifera\u00e7\u00e3o de c\u00e9lulas, utilizados no processo de produ\u00e7\u00e3o de iogurtes, queijos e cervejas. O Departamento de Zootecnia da UFPR passou a abordar a carne celular no segundo semestre de 2020, com a disciplina Zootecnia Celular.<\/p>\n<p>Atrav\u00e9s de question\u00e1rios, Marina constatou que a falta de conhecimento sobre o tema e a associa\u00e7\u00e3o com a artificialidade foram destacados como pontos negativos da carne celular. Dessa forma, as estrat\u00e9gias propostas para reduzir essa resist\u00eancia foram o ensino de ponta e a motiva\u00e7\u00e3o para especialistas em produ\u00e7\u00e3o animal se engajarem e contribu\u00edrem para a nova cadeia.<\/p>\n<p>Al\u00e9m disso, como lembra Carla Molento, a ideia de artificialidade \u00e9 subjetiva, uma vez que mesmo a produ\u00e7\u00e3o de carne nos moldes atuais n\u00e3o \u00e9 \u201cnatural\u201d, tendo alto grau de altera\u00e7\u00e3o gen\u00e9tica dos animais e controles r\u00edgidos de todas as etapas de vida animal.<\/p>\n<h2>Adapta\u00e7\u00f5es do setor econ\u00f4mico<\/h2>\n<p>Do ponto de vista econ\u00f4mico, o professor Germano Reis ressalta que, sendo o Brasil um dos maiores exportadores de carne do mundo, ficar fora de uma inova\u00e7\u00e3o como essa pode causar preju\u00edzos \u00e0 economia nacional. A tend\u00eancia, portanto, \u00e9 que as grandes empresas da \u00e1rea se engajem nos projetos existentes ou criem os seus pr\u00f3prios.<\/p>\n<p>\u201cExistem v\u00e1rias possibilidades econ\u00f4micas em torno do produto, desde as mais convencionais at\u00e9 as mais inusitadas. Em Israel, uma empresa est\u00e1 elaborando modelos de franquias para produ\u00e7\u00e3o de carne celular em pequena escala, na forma de a\u00e7ougues de bairro. Esse \u00e9 s\u00f3 um exemplo\u201d, conta ele.<\/p>\n<blockquote class=\"alignright\"><p>At\u00e9 agora, o sucesso obtido com a carne celular nas pesquisas levou \u00e0 produ\u00e7\u00e3o de amostras pequenas, que lembram carne mo\u00edda<\/p><\/blockquote>\n<p>A perspectiva de ter a carne celular difundida no mundo, com pre\u00e7os competitivos como \u00e9 esperado, leva \u00e0 discuss\u00e3o de aspectos \u00e9ticos. O abate do animal como aceit\u00e1vel para a alimenta\u00e7\u00e3o humana pode ser um tema submetido a uma rean\u00e1lise n\u00e3o apenas comportamental, mas jur\u00eddica.<\/p>\n<p>\u201cAo se ter a possibilidade de consumir a carne sem abater o animal, as pessoas talvez visualizem os animais com outros olhos. Ainda, poderemos finalmente esperar uma legisla\u00e7\u00e3o que considere os animais n\u00e3o como coisas, mas como sujeitos de direito, inclusive com direito \u00e0 vida\u201d, analisa Carla.<\/p>\n<h2>Desafio \u00e9 reproduzir &#8220;mix&#8221; de tecidos<\/h2>\n<p>At\u00e9 agora, o sucesso obtido com a carne celular nas pesquisas levou \u00e0 produ\u00e7\u00e3o de amostras pequenas, que lembram carne mo\u00edda. Produzido a partir de c\u00e9lulas de tecido muscular, o primeiro hamb\u00farguer celular foi apresentado em 2013. O resultado foi descrito como um \u00adproduto meio seco e com paladar estranho, explica a pesquisadora Marina Heidemann.<\/p>\n<p>\u201cQuando consumimos uma carne, ela nunca \u00e9 apenas um s\u00f3 tecido. Al\u00e9m da fibra muscular, tem gordura, ossos, cartilagem, flu\u00eddos. Juntando tudo isso temos o resultado que conhecemos no paladar. A carne celular tende a evoluir para isso, produzindo a partir de c\u00e9lulas variadas e ent\u00e3o criando um mix\u201d, diz.<\/p>\n<p>Entre as startups que est\u00e3o na pesquisa \u00adatualmente, muitas delas no Vale do Sil\u00edcio americano, h\u00e1 produ\u00e7\u00f5es com frango, peixe e carne bovina. O desafio \u00e9 alimentar as c\u00e9lulas e conseguir a prolifera\u00e7\u00e3o r\u00e1pida. Segundo Marina, \u201cexiste uma perspectiva de que os primeiros nuggets de frango celular cheguem ao mercado gourmet da \u00c1sia nos pr\u00f3ximos dois anos. N\u00e3o \u00adsabemos, por\u00e9m, se a pandemia pode atrasar esse lan\u00e7amento\u201d.<\/p>\n<h6 style=\"text-align: right;\">\ud83d\udcd6 Publicado originalmente na edi\u00e7\u00e3o 6, ano 4, da Revista Ci\u00eancia UFPR (2020).<\/h6>\n","protected":false},"excerpt":{"rendered":"<p>Reproduzir c\u00e9lulas animais em laborat\u00f3rio at\u00e9 se tornarem tecido, depois quilos de carne, para da\u00ed vend\u00ea-la no atacado e no&#8230;<\/p>\n","protected":false},"author":2807,"featured_media":18242,"comment_status":"open","ping_status":"open","sticky":false,"template":"","format":"standard","meta":{"_acf_changed":false,"footnotes":"","fifu_image_url":"","fifu_image_alt":"","_jetpack_memberships_contains_paid_content":false},"categories":[1619,2258,1],"tags":[1789,1791,1790,1625,1729,1762],"acf":[],"yoast_head":"<!-- This site is optimized with the Yoast SEO plugin v23.5 - https:\/\/yoast.com\/wordpress\/plugins\/seo\/ -->\n<title>E se a carne celular se tornasse comum? Estudo avalia cen\u00e1rios sobre o tema - Ci\u00eancia UFPR<\/title>\n<meta name=\"description\" content=\"Disserta\u00e7\u00e3o defendida no Programa de P\u00f3s-Gradua\u00e7\u00e3o em Ci\u00eancias Veterin\u00e1rias da UFPR analisou impactos e prop\u00f4s solu\u00e7\u00f5es para obst\u00e1culos \u00e0 populariza\u00e7\u00e3o da carne de laborat\u00f3rio\" \/>\n<meta name=\"robots\" content=\"index, follow, max-snippet:-1, max-image-preview:large, max-video-preview:-1\" \/>\n<link rel=\"canonical\" href=\"https:\/\/ciencia.ufpr.br\/portal\/e-se-a-carne-celular-se-tornasse-comum-estudo-avalia-cenarios-sobre-o-tema\/\" \/>\n<meta property=\"og:locale\" content=\"pt_BR\" \/>\n<meta property=\"og:type\" content=\"article\" \/>\n<meta property=\"og:title\" content=\"E se a carne celular se tornasse comum? Estudo avalia cen\u00e1rios sobre o tema - Ci\u00eancia UFPR\" \/>\n<meta property=\"og:description\" content=\"Disserta\u00e7\u00e3o defendida no Programa de P\u00f3s-Gradua\u00e7\u00e3o em Ci\u00eancias Veterin\u00e1rias da UFPR analisou impactos e prop\u00f4s solu\u00e7\u00f5es para obst\u00e1culos \u00e0 populariza\u00e7\u00e3o da carne de laborat\u00f3rio\" \/>\n<meta property=\"og:url\" content=\"https:\/\/ciencia.ufpr.br\/portal\/e-se-a-carne-celular-se-tornasse-comum-estudo-avalia-cenarios-sobre-o-tema\/\" \/>\n<meta property=\"og:site_name\" content=\"Ci\u00eancia UFPR\" \/>\n<meta property=\"article:publisher\" content=\"https:\/\/www.facebook.com\/cienciaufproficial\" \/>\n<meta property=\"article:published_time\" content=\"2020-06-23T11:03:57+00:00\" \/>\n<meta property=\"article:modified_time\" content=\"2024-07-16T22:45:44+00:00\" \/>\n<meta property=\"og:image\" content=\"https:\/\/ciencia.ufpr.br\/portal\/wp-content\/uploads\/2020\/12\/First_cultured_hamburger_baked-scaled.jpg\" \/>\n\t<meta property=\"og:image:width\" content=\"2560\" \/>\n\t<meta property=\"og:image:height\" content=\"1440\" \/>\n\t<meta property=\"og:image:type\" content=\"image\/jpeg\" \/>\n<meta name=\"author\" content=\"Simone Meirelles\" \/>\n<meta name=\"twitter:card\" content=\"summary_large_image\" \/>\n<meta name=\"twitter:image\" content=\"https:\/\/ciencia.ufpr.br\/portal\/wp-content\/uploads\/2020\/12\/First_cultured_hamburger_baked-scaled.jpg\" \/>\n<meta name=\"twitter:creator\" content=\"@cienciaufpr\" \/>\n<meta name=\"twitter:site\" content=\"@cienciaufpr\" \/>\n<meta name=\"twitter:label1\" content=\"Escrito por\" \/>\n\t<meta name=\"twitter:data1\" content=\"Simone Meirelles\" \/>\n\t<meta name=\"twitter:label2\" content=\"Est. tempo de leitura\" \/>\n\t<meta name=\"twitter:data2\" content=\"5 minutos\" \/>\n<script type=\"application\/ld+json\" class=\"yoast-schema-graph\">{\"@context\":\"https:\/\/schema.org\",\"@graph\":[{\"@type\":\"Article\",\"@id\":\"https:\/\/ciencia.ufpr.br\/portal\/e-se-a-carne-celular-se-tornasse-comum-estudo-avalia-cenarios-sobre-o-tema\/#article\",\"isPartOf\":{\"@id\":\"https:\/\/ciencia.ufpr.br\/portal\/e-se-a-carne-celular-se-tornasse-comum-estudo-avalia-cenarios-sobre-o-tema\/\"},\"author\":{\"name\":\"Simone Meirelles\",\"@id\":\"https:\/\/ciencia.ufpr.br\/portal\/#\/schema\/person\/23f8e3fd92b5e9b61486f42b141b1495\"},\"headline\":\"E se a carne celular se tornasse comum? Estudo avalia cen\u00e1rios sobre o tema\",\"datePublished\":\"2020-06-23T11:03:57+00:00\",\"dateModified\":\"2024-07-16T22:45:44+00:00\",\"mainEntityOfPage\":{\"@id\":\"https:\/\/ciencia.ufpr.br\/portal\/e-se-a-carne-celular-se-tornasse-comum-estudo-avalia-cenarios-sobre-o-tema\/\"},\"wordCount\":1065,\"commentCount\":1,\"publisher\":{\"@id\":\"https:\/\/ciencia.ufpr.br\/portal\/#organization\"},\"image\":{\"@id\":\"https:\/\/ciencia.ufpr.br\/portal\/e-se-a-carne-celular-se-tornasse-comum-estudo-avalia-cenarios-sobre-o-tema\/#primaryimage\"},\"thumbnailUrl\":\"https:\/\/ciencia.ufpr.br\/portal\/wp-content\/uploads\/2020\/12\/First_cultured_hamburger_baked-scaled.jpg\",\"keywords\":[\"bem-estar animal\",\"carne celular\",\"disserta\u00e7\u00e3o\",\"medicina veterin\u00e1ria\",\"revista\",\"V. 5 n\u00ba 6 (2020)\"],\"articleSection\":[\"Agr\u00e1rias\",\"Impressa\",\"Reportagem\"],\"inLanguage\":\"pt-BR\",\"potentialAction\":[{\"@type\":\"CommentAction\",\"name\":\"Comment\",\"target\":[\"https:\/\/ciencia.ufpr.br\/portal\/e-se-a-carne-celular-se-tornasse-comum-estudo-avalia-cenarios-sobre-o-tema\/#respond\"]}]},{\"@type\":\"WebPage\",\"@id\":\"https:\/\/ciencia.ufpr.br\/portal\/e-se-a-carne-celular-se-tornasse-comum-estudo-avalia-cenarios-sobre-o-tema\/\",\"url\":\"https:\/\/ciencia.ufpr.br\/portal\/e-se-a-carne-celular-se-tornasse-comum-estudo-avalia-cenarios-sobre-o-tema\/\",\"name\":\"E se a carne celular se tornasse comum? Estudo avalia cen\u00e1rios sobre o tema - Ci\u00eancia UFPR\",\"isPartOf\":{\"@id\":\"https:\/\/ciencia.ufpr.br\/portal\/#website\"},\"primaryImageOfPage\":{\"@id\":\"https:\/\/ciencia.ufpr.br\/portal\/e-se-a-carne-celular-se-tornasse-comum-estudo-avalia-cenarios-sobre-o-tema\/#primaryimage\"},\"image\":{\"@id\":\"https:\/\/ciencia.ufpr.br\/portal\/e-se-a-carne-celular-se-tornasse-comum-estudo-avalia-cenarios-sobre-o-tema\/#primaryimage\"},\"thumbnailUrl\":\"https:\/\/ciencia.ufpr.br\/portal\/wp-content\/uploads\/2020\/12\/First_cultured_hamburger_baked-scaled.jpg\",\"datePublished\":\"2020-06-23T11:03:57+00:00\",\"dateModified\":\"2024-07-16T22:45:44+00:00\",\"description\":\"Disserta\u00e7\u00e3o defendida no Programa de P\u00f3s-Gradua\u00e7\u00e3o em Ci\u00eancias Veterin\u00e1rias da UFPR analisou impactos e prop\u00f4s solu\u00e7\u00f5es para obst\u00e1culos \u00e0 populariza\u00e7\u00e3o da carne de laborat\u00f3rio\",\"breadcrumb\":{\"@id\":\"https:\/\/ciencia.ufpr.br\/portal\/e-se-a-carne-celular-se-tornasse-comum-estudo-avalia-cenarios-sobre-o-tema\/#breadcrumb\"},\"inLanguage\":\"pt-BR\",\"potentialAction\":[{\"@type\":\"ReadAction\",\"target\":[\"https:\/\/ciencia.ufpr.br\/portal\/e-se-a-carne-celular-se-tornasse-comum-estudo-avalia-cenarios-sobre-o-tema\/\"]}]},{\"@type\":\"ImageObject\",\"inLanguage\":\"pt-BR\",\"@id\":\"https:\/\/ciencia.ufpr.br\/portal\/e-se-a-carne-celular-se-tornasse-comum-estudo-avalia-cenarios-sobre-o-tema\/#primaryimage\",\"url\":\"https:\/\/ciencia.ufpr.br\/portal\/wp-content\/uploads\/2020\/12\/First_cultured_hamburger_baked-scaled.jpg\",\"contentUrl\":\"https:\/\/ciencia.ufpr.br\/portal\/wp-content\/uploads\/2020\/12\/First_cultured_hamburger_baked-scaled.jpg\",\"width\":2560,\"height\":1440,\"caption\":\"Trabalho partiu de uma proje\u00e7\u00e3o de queda no consumo de carne convencional at\u00e9 2040. Na foto, primeiro hamb\u00farguer de carne de laborat\u00f3rio, desenvolvido por cientistas da Universidade Maastricht, apresentado \u00e0 imprensa londrina em 2013. Foto: Wikimedia Commons\"},{\"@type\":\"BreadcrumbList\",\"@id\":\"https:\/\/ciencia.ufpr.br\/portal\/e-se-a-carne-celular-se-tornasse-comum-estudo-avalia-cenarios-sobre-o-tema\/#breadcrumb\",\"itemListElement\":[{\"@type\":\"ListItem\",\"position\":1,\"name\":\"Home\",\"item\":\"https:\/\/ciencia.ufpr.br\/portal\/\"},{\"@type\":\"ListItem\",\"position\":2,\"name\":\"E se a carne celular se tornasse comum? Estudo avalia cen\u00e1rios sobre o tema\"}]},{\"@type\":\"WebSite\",\"@id\":\"https:\/\/ciencia.ufpr.br\/portal\/#website\",\"url\":\"https:\/\/ciencia.ufpr.br\/portal\/\",\"name\":\"Ci\u00eancia UFPR\",\"description\":\"Site de temas cient\u00edficos com foco no conhecimento produzido na Universidade Federal do Paran\u00e1 (UFPR). Baseado na Revista Ci\u00eancia UFPR.\",\"publisher\":{\"@id\":\"https:\/\/ciencia.ufpr.br\/portal\/#organization\"},\"potentialAction\":[{\"@type\":\"SearchAction\",\"target\":{\"@type\":\"EntryPoint\",\"urlTemplate\":\"https:\/\/ciencia.ufpr.br\/portal\/?s={search_term_string}\"},\"query-input\":{\"@type\":\"PropertyValueSpecification\",\"valueRequired\":true,\"valueName\":\"search_term_string\"}}],\"inLanguage\":\"pt-BR\"},{\"@type\":\"Organization\",\"@id\":\"https:\/\/ciencia.ufpr.br\/portal\/#organization\",\"name\":\"Revista Ci\u00eancia UFPR\",\"url\":\"https:\/\/ciencia.ufpr.br\/portal\/\",\"logo\":{\"@type\":\"ImageObject\",\"inLanguage\":\"pt-BR\",\"@id\":\"https:\/\/ciencia.ufpr.br\/portal\/#\/schema\/logo\/image\/\",\"url\":\"https:\/\/ciencia.ufpr.br\/portal\/wp-content\/uploads\/2020\/12\/Revista-Ciencia-UFPR-vermelho.jpeg\",\"contentUrl\":\"https:\/\/ciencia.ufpr.br\/portal\/wp-content\/uploads\/2020\/12\/Revista-Ciencia-UFPR-vermelho.jpeg\",\"width\":992,\"height\":714,\"caption\":\"Revista Ci\u00eancia UFPR\"},\"image\":{\"@id\":\"https:\/\/ciencia.ufpr.br\/portal\/#\/schema\/logo\/image\/\"},\"sameAs\":[\"https:\/\/www.facebook.com\/cienciaufproficial\",\"https:\/\/x.com\/cienciaufpr\",\"https:\/\/www.instagram.com\/revistacienciaufpr\/\",\"https:\/\/www.linkedin.com\/company\/cienciaufproficial\",\"https:\/\/br.pinterest.com\/cienciaufpr\/\"]},{\"@type\":\"Person\",\"@id\":\"https:\/\/ciencia.ufpr.br\/portal\/#\/schema\/person\/23f8e3fd92b5e9b61486f42b141b1495\",\"name\":\"Simone Meirelles\",\"url\":\"https:\/\/ciencia.ufpr.br\/portal\/author\/simonemeirelles\/\"}]}<\/script>\n<!-- \/ Yoast SEO plugin. -->","yoast_head_json":{"title":"E se a carne celular se tornasse comum? Estudo avalia cen\u00e1rios sobre o tema - Ci\u00eancia UFPR","description":"Disserta\u00e7\u00e3o defendida no Programa de P\u00f3s-Gradua\u00e7\u00e3o em Ci\u00eancias Veterin\u00e1rias da UFPR analisou impactos e prop\u00f4s solu\u00e7\u00f5es para obst\u00e1culos \u00e0 populariza\u00e7\u00e3o da carne de laborat\u00f3rio","robots":{"index":"index","follow":"follow","max-snippet":"max-snippet:-1","max-image-preview":"max-image-preview:large","max-video-preview":"max-video-preview:-1"},"canonical":"https:\/\/ciencia.ufpr.br\/portal\/e-se-a-carne-celular-se-tornasse-comum-estudo-avalia-cenarios-sobre-o-tema\/","og_locale":"pt_BR","og_type":"article","og_title":"E se a carne celular se tornasse comum? Estudo avalia cen\u00e1rios sobre o tema - Ci\u00eancia UFPR","og_description":"Disserta\u00e7\u00e3o defendida no Programa de P\u00f3s-Gradua\u00e7\u00e3o em Ci\u00eancias Veterin\u00e1rias da UFPR analisou impactos e prop\u00f4s solu\u00e7\u00f5es para obst\u00e1culos \u00e0 populariza\u00e7\u00e3o da carne de laborat\u00f3rio","og_url":"https:\/\/ciencia.ufpr.br\/portal\/e-se-a-carne-celular-se-tornasse-comum-estudo-avalia-cenarios-sobre-o-tema\/","og_site_name":"Ci\u00eancia UFPR","article_publisher":"https:\/\/www.facebook.com\/cienciaufproficial","article_published_time":"2020-06-23T11:03:57+00:00","article_modified_time":"2024-07-16T22:45:44+00:00","og_image":[{"width":2560,"height":1440,"url":"https:\/\/ciencia.ufpr.br\/portal\/wp-content\/uploads\/2020\/12\/First_cultured_hamburger_baked-scaled.jpg","type":"image\/jpeg"}],"author":"Simone Meirelles","twitter_card":"summary_large_image","twitter_image":"https:\/\/ciencia.ufpr.br\/portal\/wp-content\/uploads\/2020\/12\/First_cultured_hamburger_baked-scaled.jpg","twitter_creator":"@cienciaufpr","twitter_site":"@cienciaufpr","twitter_misc":{"Escrito por":"Simone Meirelles","Est. tempo de leitura":"5 minutos"},"schema":{"@context":"https:\/\/schema.org","@graph":[{"@type":"Article","@id":"https:\/\/ciencia.ufpr.br\/portal\/e-se-a-carne-celular-se-tornasse-comum-estudo-avalia-cenarios-sobre-o-tema\/#article","isPartOf":{"@id":"https:\/\/ciencia.ufpr.br\/portal\/e-se-a-carne-celular-se-tornasse-comum-estudo-avalia-cenarios-sobre-o-tema\/"},"author":{"name":"Simone Meirelles","@id":"https:\/\/ciencia.ufpr.br\/portal\/#\/schema\/person\/23f8e3fd92b5e9b61486f42b141b1495"},"headline":"E se a carne celular se tornasse comum? Estudo avalia cen\u00e1rios sobre o tema","datePublished":"2020-06-23T11:03:57+00:00","dateModified":"2024-07-16T22:45:44+00:00","mainEntityOfPage":{"@id":"https:\/\/ciencia.ufpr.br\/portal\/e-se-a-carne-celular-se-tornasse-comum-estudo-avalia-cenarios-sobre-o-tema\/"},"wordCount":1065,"commentCount":1,"publisher":{"@id":"https:\/\/ciencia.ufpr.br\/portal\/#organization"},"image":{"@id":"https:\/\/ciencia.ufpr.br\/portal\/e-se-a-carne-celular-se-tornasse-comum-estudo-avalia-cenarios-sobre-o-tema\/#primaryimage"},"thumbnailUrl":"https:\/\/ciencia.ufpr.br\/portal\/wp-content\/uploads\/2020\/12\/First_cultured_hamburger_baked-scaled.jpg","keywords":["bem-estar animal","carne celular","disserta\u00e7\u00e3o","medicina veterin\u00e1ria","revista","V. 5 n\u00ba 6 (2020)"],"articleSection":["Agr\u00e1rias","Impressa","Reportagem"],"inLanguage":"pt-BR","potentialAction":[{"@type":"CommentAction","name":"Comment","target":["https:\/\/ciencia.ufpr.br\/portal\/e-se-a-carne-celular-se-tornasse-comum-estudo-avalia-cenarios-sobre-o-tema\/#respond"]}]},{"@type":"WebPage","@id":"https:\/\/ciencia.ufpr.br\/portal\/e-se-a-carne-celular-se-tornasse-comum-estudo-avalia-cenarios-sobre-o-tema\/","url":"https:\/\/ciencia.ufpr.br\/portal\/e-se-a-carne-celular-se-tornasse-comum-estudo-avalia-cenarios-sobre-o-tema\/","name":"E se a carne celular se tornasse comum? Estudo avalia cen\u00e1rios sobre o tema - Ci\u00eancia UFPR","isPartOf":{"@id":"https:\/\/ciencia.ufpr.br\/portal\/#website"},"primaryImageOfPage":{"@id":"https:\/\/ciencia.ufpr.br\/portal\/e-se-a-carne-celular-se-tornasse-comum-estudo-avalia-cenarios-sobre-o-tema\/#primaryimage"},"image":{"@id":"https:\/\/ciencia.ufpr.br\/portal\/e-se-a-carne-celular-se-tornasse-comum-estudo-avalia-cenarios-sobre-o-tema\/#primaryimage"},"thumbnailUrl":"https:\/\/ciencia.ufpr.br\/portal\/wp-content\/uploads\/2020\/12\/First_cultured_hamburger_baked-scaled.jpg","datePublished":"2020-06-23T11:03:57+00:00","dateModified":"2024-07-16T22:45:44+00:00","description":"Disserta\u00e7\u00e3o defendida no Programa de P\u00f3s-Gradua\u00e7\u00e3o em Ci\u00eancias Veterin\u00e1rias da UFPR analisou impactos e prop\u00f4s solu\u00e7\u00f5es para obst\u00e1culos \u00e0 populariza\u00e7\u00e3o da carne de laborat\u00f3rio","breadcrumb":{"@id":"https:\/\/ciencia.ufpr.br\/portal\/e-se-a-carne-celular-se-tornasse-comum-estudo-avalia-cenarios-sobre-o-tema\/#breadcrumb"},"inLanguage":"pt-BR","potentialAction":[{"@type":"ReadAction","target":["https:\/\/ciencia.ufpr.br\/portal\/e-se-a-carne-celular-se-tornasse-comum-estudo-avalia-cenarios-sobre-o-tema\/"]}]},{"@type":"ImageObject","inLanguage":"pt-BR","@id":"https:\/\/ciencia.ufpr.br\/portal\/e-se-a-carne-celular-se-tornasse-comum-estudo-avalia-cenarios-sobre-o-tema\/#primaryimage","url":"https:\/\/ciencia.ufpr.br\/portal\/wp-content\/uploads\/2020\/12\/First_cultured_hamburger_baked-scaled.jpg","contentUrl":"https:\/\/ciencia.ufpr.br\/portal\/wp-content\/uploads\/2020\/12\/First_cultured_hamburger_baked-scaled.jpg","width":2560,"height":1440,"caption":"Trabalho partiu de uma proje\u00e7\u00e3o de queda no consumo de carne convencional at\u00e9 2040. Na foto, primeiro hamb\u00farguer de carne de laborat\u00f3rio, desenvolvido por cientistas da Universidade Maastricht, apresentado \u00e0 imprensa londrina em 2013. Foto: Wikimedia Commons"},{"@type":"BreadcrumbList","@id":"https:\/\/ciencia.ufpr.br\/portal\/e-se-a-carne-celular-se-tornasse-comum-estudo-avalia-cenarios-sobre-o-tema\/#breadcrumb","itemListElement":[{"@type":"ListItem","position":1,"name":"Home","item":"https:\/\/ciencia.ufpr.br\/portal\/"},{"@type":"ListItem","position":2,"name":"E se a carne celular se tornasse comum? Estudo avalia cen\u00e1rios sobre o tema"}]},{"@type":"WebSite","@id":"https:\/\/ciencia.ufpr.br\/portal\/#website","url":"https:\/\/ciencia.ufpr.br\/portal\/","name":"Ci\u00eancia UFPR","description":"Site de temas cient\u00edficos com foco no conhecimento produzido na Universidade Federal do Paran\u00e1 (UFPR). Baseado na Revista Ci\u00eancia UFPR.","publisher":{"@id":"https:\/\/ciencia.ufpr.br\/portal\/#organization"},"potentialAction":[{"@type":"SearchAction","target":{"@type":"EntryPoint","urlTemplate":"https:\/\/ciencia.ufpr.br\/portal\/?s={search_term_string}"},"query-input":{"@type":"PropertyValueSpecification","valueRequired":true,"valueName":"search_term_string"}}],"inLanguage":"pt-BR"},{"@type":"Organization","@id":"https:\/\/ciencia.ufpr.br\/portal\/#organization","name":"Revista Ci\u00eancia UFPR","url":"https:\/\/ciencia.ufpr.br\/portal\/","logo":{"@type":"ImageObject","inLanguage":"pt-BR","@id":"https:\/\/ciencia.ufpr.br\/portal\/#\/schema\/logo\/image\/","url":"https:\/\/ciencia.ufpr.br\/portal\/wp-content\/uploads\/2020\/12\/Revista-Ciencia-UFPR-vermelho.jpeg","contentUrl":"https:\/\/ciencia.ufpr.br\/portal\/wp-content\/uploads\/2020\/12\/Revista-Ciencia-UFPR-vermelho.jpeg","width":992,"height":714,"caption":"Revista Ci\u00eancia UFPR"},"image":{"@id":"https:\/\/ciencia.ufpr.br\/portal\/#\/schema\/logo\/image\/"},"sameAs":["https:\/\/www.facebook.com\/cienciaufproficial","https:\/\/x.com\/cienciaufpr","https:\/\/www.instagram.com\/revistacienciaufpr\/","https:\/\/www.linkedin.com\/company\/cienciaufproficial","https:\/\/br.pinterest.com\/cienciaufpr\/"]},{"@type":"Person","@id":"https:\/\/ciencia.ufpr.br\/portal\/#\/schema\/person\/23f8e3fd92b5e9b61486f42b141b1495","name":"Simone Meirelles","url":"https:\/\/ciencia.ufpr.br\/portal\/author\/simonemeirelles\/"}]}},"views":2724,"jetpack_sharing_enabled":true,"jetpack_featured_media_url":"https:\/\/ciencia.ufpr.br\/portal\/wp-content\/uploads\/2020\/12\/First_cultured_hamburger_baked-scaled.jpg","_links":{"self":[{"href":"https:\/\/ciencia.ufpr.br\/portal\/wp-json\/wp\/v2\/posts\/18235"}],"collection":[{"href":"https:\/\/ciencia.ufpr.br\/portal\/wp-json\/wp\/v2\/posts"}],"about":[{"href":"https:\/\/ciencia.ufpr.br\/portal\/wp-json\/wp\/v2\/types\/post"}],"author":[{"embeddable":true,"href":"https:\/\/ciencia.ufpr.br\/portal\/wp-json\/wp\/v2\/users\/2807"}],"replies":[{"embeddable":true,"href":"https:\/\/ciencia.ufpr.br\/portal\/wp-json\/wp\/v2\/comments?post=18235"}],"version-history":[{"count":14,"href":"https:\/\/ciencia.ufpr.br\/portal\/wp-json\/wp\/v2\/posts\/18235\/revisions"}],"predecessor-version":[{"id":18246,"href":"https:\/\/ciencia.ufpr.br\/portal\/wp-json\/wp\/v2\/posts\/18235\/revisions\/18246"}],"wp:featuredmedia":[{"embeddable":true,"href":"https:\/\/ciencia.ufpr.br\/portal\/wp-json\/wp\/v2\/media\/18242"}],"wp:attachment":[{"href":"https:\/\/ciencia.ufpr.br\/portal\/wp-json\/wp\/v2\/media?parent=18235"}],"wp:term":[{"taxonomy":"category","embeddable":true,"href":"https:\/\/ciencia.ufpr.br\/portal\/wp-json\/wp\/v2\/categories?post=18235"},{"taxonomy":"post_tag","embeddable":true,"href":"https:\/\/ciencia.ufpr.br\/portal\/wp-json\/wp\/v2\/tags?post=18235"}],"curies":[{"name":"wp","href":"https:\/\/api.w.org\/{rel}","templated":true}]}}