{"id":18137,"date":"2020-07-27T18:43:50","date_gmt":"2020-07-27T21:43:50","guid":{"rendered":"https:\/\/ciencia.ufpr.br\/portal\/?p=18137"},"modified":"2021-11-26T15:10:06","modified_gmt":"2021-11-26T18:10:06","slug":"inversao-de-cenarios-contrapoe-capitais-do-sul-e-do-nordeste-no-4o-mes-de-pandemia","status":"publish","type":"post","link":"https:\/\/ciencia.ufpr.br\/portal\/inversao-de-cenarios-contrapoe-capitais-do-sul-e-do-nordeste-no-4o-mes-de-pandemia\/","title":{"rendered":"Invers\u00e3o de cen\u00e1rios contrap\u00f5e capitais do Sul e do Nordeste no 4\u00ba m\u00eas de pandemia"},"content":{"rendered":"<h6 style=\"padding-left: 30px;\"><strong><span style=\"background-color: #ffd700;\">Aten\u00e7\u00e3o: temas referentes \u00e0 pandemia de Covid-19 precisam ser contextualizados de acordo com a data de publica\u00e7\u00e3o da reportagem, n\u00e3o de leitura.<\/span><\/strong><\/h6>\n<p>Curitiba, Porto Alegre e Florian\u00f3polis est\u00e3o entre as capitais brasileiras que mostram, nesta segunda metade de julho, dist\u00e2ncia em rela\u00e7\u00e3o ao pico da mortalidade por Covid-19, o que indica retra\u00e7\u00e3o do combate \u00e0 pandemia. A an\u00e1lise \u00e9 baseada no <a href=\"http:\/\/fisica.ufpr.br\/modinterv\/\" target=\"_blank\" rel=\"noopener noreferrer\">ModInterv<\/a>, sistema para proje\u00e7\u00f5es criado por pesquisadores de \u00e1reas de Exatas das universidades federais do Paran\u00e1 (UFPR), Pernambuco (UFPE) e Sergipe (UFS). Segundo o sistema, a situa\u00e7\u00e3o ocorre tamb\u00e9m com outras cinco capitais: Goi\u00e2nia, Belo Horizonte, Campo Grande, Jo\u00e3o Pessoa e Bras\u00edlia. A avalia\u00e7\u00e3o foi registrada <a href=\"https:\/\/preprints.scielo.org\/index.php\/scielo\/preprint\/view\/1001\" target=\"_blank\" rel=\"noopener noreferrer\">em artigo no banco de pr\u00e9-prints da Scielo<\/a> e considera a situa\u00e7\u00e3o das 27 capitais no dia 19 de julho \u2014 que vem se mantendo desde ent\u00e3o.<\/p>\n<p>Segundo os cientistas, as oito capitais mencionadas est\u00e3o com a curva acumulada de mortalidade em ascens\u00e3o, seja ela mais ou menos acentuada. Considerando que todos os estados brasileiros tinham mortes confirmadas por Covid-19 j\u00e1 na primeira quinzena de abril, o cen\u00e1rio sugere que as cidades est\u00e3o falhando nas medidas de combate (o que faz com que a curva permane\u00e7a ascendente desde o in\u00edcio) ou houve retrocessos no combate ao v\u00edrus por causa do afrouxamento de medidas de preven\u00e7\u00e3o.<\/p>\n<blockquote class=\"alignright\"><p>\u201cA curva de \u00f3bitos de Curitiba parecia perto de ponto de inflex\u00e3o para formar o plat\u00f4 e houve a \u2018relargada\u2019 no fim de junho. \u00c9 um quadro parecido com o das outras capitais do Sul\u201d<\/p>\n<footer><cite>Giovani Vasconcelos, professor do Departamento de F\u00edsica da UFPR, e membro da Rede Cooperativa de Pesquisa em Modelagem da Epidemia de Covid-19 e Interven\u00e7\u00f5es n\u00e3o Farmacol\u00f3gicas (Modinterv)<\/cite><span style=\"font-family: Cardo, Georgia, Times;\">\u00a0<\/span><\/footer>\n<\/blockquote>\n<p>Nesse \u00faltimo caso, \u00e9 poss\u00edvel notar uma mudan\u00e7a de rumo na curva dos gr\u00e1ficos de mortalidade que os autores do trabalho chamaram de \u201crelargada\u201d.<\/p>\n<p>\u201cEm Curitiba foi o que aconteceu, certamente, porque a curva de \u00f3bitos da cidade parecia perto de ponto de inflex\u00e3o para formar o plat\u00f4 e houve a \u2018relargada\u2019 no fim de junho. \u00c9 um quadro parecido com o das outras capitais do Sul\u201d, avalia o professor Giovani Vasconcelos, do Departamento de F\u00edsica da UFPR, que faz parte da Rede Cooperativa de Pesquisa em Modelagem da Epidemia de Covid-19 e Interven\u00e7\u00f5es n\u00e3o Farmacol\u00f3gicas (Modinterv), criadora do sistema. \u201c\u00c9 diferente de cidades que est\u00e3o na mesma situa\u00e7\u00e3o porque a curva sempre mostrou crescimento, caso de Jo\u00e3o Pessoa\u201d.<\/p>\n<h2>O que \u00e9 o ponto de satura\u00e7\u00e3o<\/h2>\n<p>Recife e Bel\u00e9m s\u00e3o as \u00fanicas capitais j\u00e1 na fase de satura\u00e7\u00e3o, ou seja, que atingiram o pico de mortes, o que significa que o gr\u00e1fico de \u00f3bitos tende a formar um plat\u00f4 que aponta regress\u00e3o da pandemia \u2014 a linha reta significa que as mortes pela pandemia pararam de se acumular. As outras 17 capitais se encontram em situa\u00e7\u00e3o de combate \u00e0 pandemia (curvas de \u00f3bitos em ritmo desacelerado, pr\u00f3ximas do ponto de inflex\u00e3o).<\/p>\n<p><iframe loading=\"lazy\" title=\"Por que certas capitais brasileiras retrocederam no combate \u00e0 covid em julho by Revista Ci\u00eancia UFPR\" width=\"810\" height=\"400\" scrolling=\"no\" frameborder=\"no\" src=\"https:\/\/w.soundcloud.com\/player\/?visual=true&#038;url=https%3A%2F%2Fapi.soundcloud.com%2Ftracks%2F947709499&#038;show_artwork=true&#038;maxheight=1000&#038;maxwidth=810\"><\/iframe><\/p>\n<p>Desse \u00faltimo grupo, Macei\u00f3 \u00e9 a que parece mais propensa a alcan\u00e7ar a mesma situa\u00e7\u00e3o das outras duas cidades nordestinas. \u00c9 preciso cautela, por\u00e9m, j\u00e1 que a piora do cen\u00e1rio tem se mostrado mais r\u00e1pida e f\u00e1cil do que o contr\u00e1rio. \u201cO gr\u00e1fico da capital alagoana \u00e9 exemplo de como a situa\u00e7\u00e3o \u00e9 din\u00e2mica: no domingo passado, o modelo que prev\u00ea satura\u00e7\u00e3o ainda n\u00e3o \u2018convergia\u2019 para Macei\u00f3\u201d, explica Vasconcelos. A instabilidade fica mais clara quando se analisa o motivo pelo qual Macei\u00f3 ainda n\u00e3o faz parte do mesmo grupo que Recife e Bel\u00e9m: aumentos espor\u00e1dicos no n\u00famero de mortes neste fim de julho, que t\u00eam adiado a inflex\u00e3o da curva de \u00f3bitos e a forma\u00e7\u00e3o do plat\u00f4.<\/p>\n<h2>Mudan\u00e7as bruscas, t\u00edpicas de cen\u00e1rios inst\u00e1veis<\/h2>\n<p>Da mesma forma Recife e Bel\u00e9m devem manter cautela, afirma o professor Raydonal Ospina, do Departamento de Estat\u00edstica da UFPE e membro da rede de pesquisa. Entre as duas cidades, Recife tem n\u00fameros melhores no que diz respeito \u00e0 taxa de mortalidade por milh\u00e3o de habitantes (126,63 \u00f3bitos por 100 mil habitantes no \u00faltimo dia 26, contra 137,93 de Bel\u00e9m segundo a <a href=\"https:\/\/brasil.io\/home\/\" target=\"_blank\" rel=\"noopener noreferrer\">plataforma Brasil.io<\/a>) e apresenta uma aproxima\u00e7\u00e3o mais r\u00e1pida em rela\u00e7\u00e3o ao que se pode considerar o fim da pandemia. Ospina ressalta que a capital pernambucana Implementou em meados de maio um \u201clockdown\u201d, com fechamento de escolas, com\u00e9rcio e servi\u00e7os n\u00e3o essenciais, assim como do acesso \u00e0s praias.<\/p>\n<p>O munic\u00edpio tamb\u00e9m fez campanhas de conscientiza\u00e7\u00e3o \u2014 obtendo altos \u00edndices de cidad\u00e3os adeptos do isolamento social \u2014 e criou grupos de trabalho com a participa\u00e7\u00e3o de cientistas para planejar a rea\u00e7\u00e3o \u00e0 escalada de mortes. Para o professor, os resultados dessas medidas parecem se refletir nas estat\u00edsticas. Por outro lado, h\u00e1 o risco de uma reabertura precoce, como a decretada neste m\u00eas, suscitar uma \u201crelargada\u201d como a vivenciada pelas capitais sulistas.<\/p>\n<p>\u201cTer chegado ao plat\u00f4 ou \u00e0 fase de satura\u00e7\u00e3o n\u00e3o implica que estamos terminando. Indica que as medidas de preven\u00e7\u00e3o t\u00eam sido adequadas a fim de manter o n\u00famero de \u00f3bitos controlados. Mas isso assumindo que as condi\u00e7\u00f5es se mantenham. Se mudar as medidas de conten\u00e7\u00e3o da doen\u00e7a, por exemplo, relaxando o quadro, a doen\u00e7a pode recrudescer. Sem vacina fica muito dif\u00edcil pensar em fim de epidemia\u201d, analisa.<\/p>\n<h2>Proje\u00e7\u00f5es acess\u00edveis por meio de aplicativo<\/h2>\n<p>O sistema ModInterv se baseia em um modelo matem\u00e1tica descrito em um <a href=\"https:\/\/www.ufpr.br\/portalufpr\/noticias\/estudo-com-participacao-da-ufpr-aponta-como-demora-pode-fazer-cair-a-eficacia-de-medidas-contra-a-covid-19\/\" target=\"_blank\" rel=\"noopener noreferrer\">artigo cient\u00edfico publicado em maio na revista \u201cPeerJ\u201d<\/a>, focada em ci\u00eancias da vida e ambientais. A inova\u00e7\u00e3o do modelo \u00e9 a capacidade de adapta\u00e7\u00e3o da sua f\u00f3rmula, que permite fazer proje\u00e7\u00f5es em diferentes cen\u00e1rios e localidades, desde que a hip\u00f3tese de um tratamento farmacol\u00f3gico espec\u00edfico para a doen\u00e7a esteja fora da equa\u00e7\u00e3o.<\/p>\n<p>Em breve o ModInterv poder\u00e1 ser acessado, por qualquer interessado, <a href=\"https:\/\/www.ufpr.br\/portalufpr\/noticias\/estudo-com-participacao-da-ufpr-aponta-como-demora-pode-fazer-cair-a-eficacia-de-medidas-contra-a-covid-19\/\" target=\"_blank\" rel=\"noopener noreferrer\">por meio de um aplicativo para celulares<\/a> batizado com o nome do sistema. Assim como na ferramenta on-line, o aplicativo permitir\u00e1 escolher curva (cont\u00e1gio ou \u00f3bitos) e localidade (cidade, estado ou pa\u00eds). H\u00e1 ainda a op\u00e7\u00e3o de gerar imagens dos gr\u00e1ficos para download.<\/p>\n<p>O aplicativo foi desenvolvido por p\u00f3s-graduandos dos programas de F\u00edsica da UFPE e pesquisadores dos Departamentos de F\u00edsica da UFS e da UFPR. O lan\u00e7amento ocorreu durante um semin\u00e1rio on-line, em junho. Atualmente o app est\u00e1 em fase de avalia\u00e7\u00e3o pela Google Play Store.<\/p>\n<h6 style=\"text-align: right;\">\u21aa\ufe0f Publicado originalmente no Portal da UFPR (www.ufpr.br).<\/h6>\n","protected":false},"excerpt":{"rendered":"<p>Aten\u00e7\u00e3o: temas referentes \u00e0 pandemia de Covid-19 precisam ser contextualizados de acordo com a data de publica\u00e7\u00e3o da reportagem, n\u00e3o&#8230;<\/p>\n","protected":false},"author":2800,"featured_media":18141,"comment_status":"open","ping_status":"open","sticky":false,"template":"","format":"audio","meta":{"_acf_changed":false,"footnotes":"","fifu_image_url":"","fifu_image_alt":"","_jetpack_memberships_contains_paid_content":false},"categories":[1609,1710,1131,1617,1606,1],"tags":[1737,1778,1779,1138,1780],"acf":[],"yoast_head":"<!-- This site is optimized with the Yoast SEO plugin v23.5 - https:\/\/yoast.com\/wordpress\/plugins\/seo\/ -->\n<title>Invers\u00e3o de cen\u00e1rios contrap\u00f5e capitais do Sul e do Nordeste no 4\u00ba m\u00eas de pandemia - Ci\u00eancia UFPR<\/title>\n<meta name=\"description\" content=\"Oito capitais brasileiras, incluindo as do Sul, est\u00e3o longe do pico de mortalidade de Covid-19, indica sistema ModInterv. Modelo matem\u00e1tico foi criado por grupo de pesquisa que re\u00fane f\u00edsicos da UFPR, UFPE e UFS.\" \/>\n<meta name=\"robots\" content=\"index, follow, max-snippet:-1, max-image-preview:large, max-video-preview:-1\" \/>\n<link rel=\"canonical\" href=\"https:\/\/ciencia.ufpr.br\/portal\/inversao-de-cenarios-contrapoe-capitais-do-sul-e-do-nordeste-no-4o-mes-de-pandemia\/\" \/>\n<meta property=\"og:locale\" content=\"pt_BR\" \/>\n<meta property=\"og:type\" content=\"article\" \/>\n<meta property=\"og:title\" content=\"Invers\u00e3o de cen\u00e1rios contrap\u00f5e capitais do Sul e do Nordeste no 4\u00ba m\u00eas de pandemia - Ci\u00eancia UFPR\" \/>\n<meta property=\"og:description\" content=\"Oito capitais brasileiras, incluindo as do Sul, est\u00e3o longe do pico de mortalidade de Covid-19, indica sistema ModInterv. Modelo matem\u00e1tico foi criado por grupo de pesquisa que re\u00fane f\u00edsicos da UFPR, UFPE e UFS.\" \/>\n<meta property=\"og:url\" content=\"https:\/\/ciencia.ufpr.br\/portal\/inversao-de-cenarios-contrapoe-capitais-do-sul-e-do-nordeste-no-4o-mes-de-pandemia\/\" \/>\n<meta property=\"og:site_name\" content=\"Ci\u00eancia UFPR\" \/>\n<meta property=\"article:publisher\" content=\"https:\/\/www.facebook.com\/cienciaufproficial\" \/>\n<meta property=\"article:published_time\" content=\"2020-07-27T21:43:50+00:00\" \/>\n<meta property=\"article:modified_time\" content=\"2021-11-26T18:10:06+00:00\" \/>\n<meta property=\"og:image\" content=\"https:\/\/ciencia.ufpr.br\/portal\/wp-content\/uploads\/2020\/07\/Hnet.com-image-1-768x768.gif\" \/>\n\t<meta property=\"og:image:width\" content=\"768\" \/>\n\t<meta property=\"og:image:height\" content=\"768\" \/>\n\t<meta property=\"og:image:type\" content=\"image\/gif\" \/>\n<meta name=\"author\" content=\"Camille Bropp\" \/>\n<meta name=\"twitter:card\" content=\"summary_large_image\" \/>\n<meta name=\"twitter:creator\" content=\"@cienciaufpr\" \/>\n<meta name=\"twitter:site\" content=\"@cienciaufpr\" \/>\n<meta name=\"twitter:label1\" content=\"Escrito por\" \/>\n\t<meta name=\"twitter:data1\" content=\"Camille Bropp\" \/>\n\t<meta name=\"twitter:label2\" content=\"Est. tempo de leitura\" \/>\n\t<meta name=\"twitter:data2\" content=\"6 minutos\" \/>\n<script type=\"application\/ld+json\" class=\"yoast-schema-graph\">{\"@context\":\"https:\/\/schema.org\",\"@graph\":[{\"@type\":\"Article\",\"@id\":\"https:\/\/ciencia.ufpr.br\/portal\/inversao-de-cenarios-contrapoe-capitais-do-sul-e-do-nordeste-no-4o-mes-de-pandemia\/#article\",\"isPartOf\":{\"@id\":\"https:\/\/ciencia.ufpr.br\/portal\/inversao-de-cenarios-contrapoe-capitais-do-sul-e-do-nordeste-no-4o-mes-de-pandemia\/\"},\"author\":{\"name\":\"Camille Bropp\",\"@id\":\"https:\/\/ciencia.ufpr.br\/portal\/#\/schema\/person\/b2d3b2036ea31f22ae6f5f6424e9c020\"},\"headline\":\"Invers\u00e3o de cen\u00e1rios contrap\u00f5e capitais do Sul e do Nordeste no 4\u00ba m\u00eas de pandemia\",\"datePublished\":\"2020-07-27T21:43:50+00:00\",\"dateModified\":\"2021-11-26T18:10:06+00:00\",\"mainEntityOfPage\":{\"@id\":\"https:\/\/ciencia.ufpr.br\/portal\/inversao-de-cenarios-contrapoe-capitais-do-sul-e-do-nordeste-no-4o-mes-de-pandemia\/\"},\"wordCount\":1148,\"commentCount\":0,\"publisher\":{\"@id\":\"https:\/\/ciencia.ufpr.br\/portal\/#organization\"},\"image\":{\"@id\":\"https:\/\/ciencia.ufpr.br\/portal\/inversao-de-cenarios-contrapoe-capitais-do-sul-e-do-nordeste-no-4o-mes-de-pandemia\/#primaryimage\"},\"thumbnailUrl\":\"https:\/\/ciencia.ufpr.br\/portal\/wp-content\/uploads\/2020\/07\/Hnet.com-image-1.gif\",\"keywords\":[\"\u00e1udios\",\"f\u00edsica\",\"modelo matem\u00e1tico\",\"pandemia\",\"proje\u00e7\u00e3o\"],\"articleSection\":[\"\u00c1udios\",\"Covid\",\"Especiais\",\"Exatas\",\"Multim\u00eddia\",\"Reportagem\"],\"inLanguage\":\"pt-BR\",\"potentialAction\":[{\"@type\":\"CommentAction\",\"name\":\"Comment\",\"target\":[\"https:\/\/ciencia.ufpr.br\/portal\/inversao-de-cenarios-contrapoe-capitais-do-sul-e-do-nordeste-no-4o-mes-de-pandemia\/#respond\"]}]},{\"@type\":\"WebPage\",\"@id\":\"https:\/\/ciencia.ufpr.br\/portal\/inversao-de-cenarios-contrapoe-capitais-do-sul-e-do-nordeste-no-4o-mes-de-pandemia\/\",\"url\":\"https:\/\/ciencia.ufpr.br\/portal\/inversao-de-cenarios-contrapoe-capitais-do-sul-e-do-nordeste-no-4o-mes-de-pandemia\/\",\"name\":\"Invers\u00e3o de cen\u00e1rios contrap\u00f5e capitais do Sul e do Nordeste no 4\u00ba m\u00eas de pandemia - Ci\u00eancia UFPR\",\"isPartOf\":{\"@id\":\"https:\/\/ciencia.ufpr.br\/portal\/#website\"},\"primaryImageOfPage\":{\"@id\":\"https:\/\/ciencia.ufpr.br\/portal\/inversao-de-cenarios-contrapoe-capitais-do-sul-e-do-nordeste-no-4o-mes-de-pandemia\/#primaryimage\"},\"image\":{\"@id\":\"https:\/\/ciencia.ufpr.br\/portal\/inversao-de-cenarios-contrapoe-capitais-do-sul-e-do-nordeste-no-4o-mes-de-pandemia\/#primaryimage\"},\"thumbnailUrl\":\"https:\/\/ciencia.ufpr.br\/portal\/wp-content\/uploads\/2020\/07\/Hnet.com-image-1.gif\",\"datePublished\":\"2020-07-27T21:43:50+00:00\",\"dateModified\":\"2021-11-26T18:10:06+00:00\",\"description\":\"Oito capitais brasileiras, incluindo as do Sul, est\u00e3o longe do pico de mortalidade de Covid-19, indica sistema ModInterv. Modelo matem\u00e1tico foi criado por grupo de pesquisa que re\u00fane f\u00edsicos da UFPR, UFPE e UFS.\",\"breadcrumb\":{\"@id\":\"https:\/\/ciencia.ufpr.br\/portal\/inversao-de-cenarios-contrapoe-capitais-do-sul-e-do-nordeste-no-4o-mes-de-pandemia\/#breadcrumb\"},\"inLanguage\":\"pt-BR\",\"potentialAction\":[{\"@type\":\"ReadAction\",\"target\":[\"https:\/\/ciencia.ufpr.br\/portal\/inversao-de-cenarios-contrapoe-capitais-do-sul-e-do-nordeste-no-4o-mes-de-pandemia\/\"]}]},{\"@type\":\"ImageObject\",\"inLanguage\":\"pt-BR\",\"@id\":\"https:\/\/ciencia.ufpr.br\/portal\/inversao-de-cenarios-contrapoe-capitais-do-sul-e-do-nordeste-no-4o-mes-de-pandemia\/#primaryimage\",\"url\":\"https:\/\/ciencia.ufpr.br\/portal\/wp-content\/uploads\/2020\/07\/Hnet.com-image-1.gif\",\"contentUrl\":\"https:\/\/ciencia.ufpr.br\/portal\/wp-content\/uploads\/2020\/07\/Hnet.com-image-1.gif\",\"width\":822,\"height\":822,\"caption\":\"Para pesquisadores da Rede ModInterv, Curitiba teve retrocessos no combate \u00e0 mortalidade por Covid-19 aparentes no gr\u00e1fico no fim de junho e passou a ter um ritmo de crescimento ainda maior do que no in\u00edcio da pandemia. V\u00eddeo: Prefeitura de Curitiba\/Divulga\u00e7\u00e3o\"},{\"@type\":\"BreadcrumbList\",\"@id\":\"https:\/\/ciencia.ufpr.br\/portal\/inversao-de-cenarios-contrapoe-capitais-do-sul-e-do-nordeste-no-4o-mes-de-pandemia\/#breadcrumb\",\"itemListElement\":[{\"@type\":\"ListItem\",\"position\":1,\"name\":\"Home\",\"item\":\"https:\/\/ciencia.ufpr.br\/portal\/\"},{\"@type\":\"ListItem\",\"position\":2,\"name\":\"Invers\u00e3o de cen\u00e1rios contrap\u00f5e capitais do Sul e do Nordeste no 4\u00ba m\u00eas de pandemia\"}]},{\"@type\":\"WebSite\",\"@id\":\"https:\/\/ciencia.ufpr.br\/portal\/#website\",\"url\":\"https:\/\/ciencia.ufpr.br\/portal\/\",\"name\":\"Ci\u00eancia UFPR\",\"description\":\"Site de temas cient\u00edficos com foco no conhecimento produzido na Universidade Federal do Paran\u00e1 (UFPR). Baseado na Revista Ci\u00eancia UFPR.\",\"publisher\":{\"@id\":\"https:\/\/ciencia.ufpr.br\/portal\/#organization\"},\"potentialAction\":[{\"@type\":\"SearchAction\",\"target\":{\"@type\":\"EntryPoint\",\"urlTemplate\":\"https:\/\/ciencia.ufpr.br\/portal\/?s={search_term_string}\"},\"query-input\":{\"@type\":\"PropertyValueSpecification\",\"valueRequired\":true,\"valueName\":\"search_term_string\"}}],\"inLanguage\":\"pt-BR\"},{\"@type\":\"Organization\",\"@id\":\"https:\/\/ciencia.ufpr.br\/portal\/#organization\",\"name\":\"Revista Ci\u00eancia UFPR\",\"url\":\"https:\/\/ciencia.ufpr.br\/portal\/\",\"logo\":{\"@type\":\"ImageObject\",\"inLanguage\":\"pt-BR\",\"@id\":\"https:\/\/ciencia.ufpr.br\/portal\/#\/schema\/logo\/image\/\",\"url\":\"https:\/\/ciencia.ufpr.br\/portal\/wp-content\/uploads\/2020\/12\/Revista-Ciencia-UFPR-vermelho.jpeg\",\"contentUrl\":\"https:\/\/ciencia.ufpr.br\/portal\/wp-content\/uploads\/2020\/12\/Revista-Ciencia-UFPR-vermelho.jpeg\",\"width\":992,\"height\":714,\"caption\":\"Revista Ci\u00eancia UFPR\"},\"image\":{\"@id\":\"https:\/\/ciencia.ufpr.br\/portal\/#\/schema\/logo\/image\/\"},\"sameAs\":[\"https:\/\/www.facebook.com\/cienciaufproficial\",\"https:\/\/x.com\/cienciaufpr\",\"https:\/\/www.instagram.com\/revistacienciaufpr\/\",\"https:\/\/www.linkedin.com\/company\/cienciaufproficial\",\"https:\/\/br.pinterest.com\/cienciaufpr\/\"]},{\"@type\":\"Person\",\"@id\":\"https:\/\/ciencia.ufpr.br\/portal\/#\/schema\/person\/b2d3b2036ea31f22ae6f5f6424e9c020\",\"name\":\"Camille Bropp\",\"description\":\"Formada em jornalismo (UFSC), com especializa\u00e7\u00e3o em sociologia pol\u00edtica (UFPR) e mestra em Divulga\u00e7\u00e3o Cient\u00edfica e Cultural (Unicamp). Jornalista na UFPR.\",\"sameAs\":[\"https:\/\/www.linkedin.com\/in\/camille-b-cardoso-1b229b21\/\"],\"url\":\"https:\/\/ciencia.ufpr.br\/portal\/author\/camille-bropp\/\"}]}<\/script>\n<!-- \/ Yoast SEO plugin. -->","yoast_head_json":{"title":"Invers\u00e3o de cen\u00e1rios contrap\u00f5e capitais do Sul e do Nordeste no 4\u00ba m\u00eas de pandemia - Ci\u00eancia UFPR","description":"Oito capitais brasileiras, incluindo as do Sul, est\u00e3o longe do pico de mortalidade de Covid-19, indica sistema ModInterv. Modelo matem\u00e1tico foi criado por grupo de pesquisa que re\u00fane f\u00edsicos da UFPR, UFPE e UFS.","robots":{"index":"index","follow":"follow","max-snippet":"max-snippet:-1","max-image-preview":"max-image-preview:large","max-video-preview":"max-video-preview:-1"},"canonical":"https:\/\/ciencia.ufpr.br\/portal\/inversao-de-cenarios-contrapoe-capitais-do-sul-e-do-nordeste-no-4o-mes-de-pandemia\/","og_locale":"pt_BR","og_type":"article","og_title":"Invers\u00e3o de cen\u00e1rios contrap\u00f5e capitais do Sul e do Nordeste no 4\u00ba m\u00eas de pandemia - Ci\u00eancia UFPR","og_description":"Oito capitais brasileiras, incluindo as do Sul, est\u00e3o longe do pico de mortalidade de Covid-19, indica sistema ModInterv. Modelo matem\u00e1tico foi criado por grupo de pesquisa que re\u00fane f\u00edsicos da UFPR, UFPE e UFS.","og_url":"https:\/\/ciencia.ufpr.br\/portal\/inversao-de-cenarios-contrapoe-capitais-do-sul-e-do-nordeste-no-4o-mes-de-pandemia\/","og_site_name":"Ci\u00eancia UFPR","article_publisher":"https:\/\/www.facebook.com\/cienciaufproficial","article_published_time":"2020-07-27T21:43:50+00:00","article_modified_time":"2021-11-26T18:10:06+00:00","og_image":[{"width":768,"height":768,"url":"https:\/\/ciencia.ufpr.br\/portal\/wp-content\/uploads\/2020\/07\/Hnet.com-image-1-768x768.gif","type":"image\/gif"}],"author":"Camille Bropp","twitter_card":"summary_large_image","twitter_creator":"@cienciaufpr","twitter_site":"@cienciaufpr","twitter_misc":{"Escrito por":"Camille Bropp","Est. tempo de leitura":"6 minutos"},"schema":{"@context":"https:\/\/schema.org","@graph":[{"@type":"Article","@id":"https:\/\/ciencia.ufpr.br\/portal\/inversao-de-cenarios-contrapoe-capitais-do-sul-e-do-nordeste-no-4o-mes-de-pandemia\/#article","isPartOf":{"@id":"https:\/\/ciencia.ufpr.br\/portal\/inversao-de-cenarios-contrapoe-capitais-do-sul-e-do-nordeste-no-4o-mes-de-pandemia\/"},"author":{"name":"Camille Bropp","@id":"https:\/\/ciencia.ufpr.br\/portal\/#\/schema\/person\/b2d3b2036ea31f22ae6f5f6424e9c020"},"headline":"Invers\u00e3o de cen\u00e1rios contrap\u00f5e capitais do Sul e do Nordeste no 4\u00ba m\u00eas de pandemia","datePublished":"2020-07-27T21:43:50+00:00","dateModified":"2021-11-26T18:10:06+00:00","mainEntityOfPage":{"@id":"https:\/\/ciencia.ufpr.br\/portal\/inversao-de-cenarios-contrapoe-capitais-do-sul-e-do-nordeste-no-4o-mes-de-pandemia\/"},"wordCount":1148,"commentCount":0,"publisher":{"@id":"https:\/\/ciencia.ufpr.br\/portal\/#organization"},"image":{"@id":"https:\/\/ciencia.ufpr.br\/portal\/inversao-de-cenarios-contrapoe-capitais-do-sul-e-do-nordeste-no-4o-mes-de-pandemia\/#primaryimage"},"thumbnailUrl":"https:\/\/ciencia.ufpr.br\/portal\/wp-content\/uploads\/2020\/07\/Hnet.com-image-1.gif","keywords":["\u00e1udios","f\u00edsica","modelo matem\u00e1tico","pandemia","proje\u00e7\u00e3o"],"articleSection":["\u00c1udios","Covid","Especiais","Exatas","Multim\u00eddia","Reportagem"],"inLanguage":"pt-BR","potentialAction":[{"@type":"CommentAction","name":"Comment","target":["https:\/\/ciencia.ufpr.br\/portal\/inversao-de-cenarios-contrapoe-capitais-do-sul-e-do-nordeste-no-4o-mes-de-pandemia\/#respond"]}]},{"@type":"WebPage","@id":"https:\/\/ciencia.ufpr.br\/portal\/inversao-de-cenarios-contrapoe-capitais-do-sul-e-do-nordeste-no-4o-mes-de-pandemia\/","url":"https:\/\/ciencia.ufpr.br\/portal\/inversao-de-cenarios-contrapoe-capitais-do-sul-e-do-nordeste-no-4o-mes-de-pandemia\/","name":"Invers\u00e3o de cen\u00e1rios contrap\u00f5e capitais do Sul e do Nordeste no 4\u00ba m\u00eas de pandemia - Ci\u00eancia UFPR","isPartOf":{"@id":"https:\/\/ciencia.ufpr.br\/portal\/#website"},"primaryImageOfPage":{"@id":"https:\/\/ciencia.ufpr.br\/portal\/inversao-de-cenarios-contrapoe-capitais-do-sul-e-do-nordeste-no-4o-mes-de-pandemia\/#primaryimage"},"image":{"@id":"https:\/\/ciencia.ufpr.br\/portal\/inversao-de-cenarios-contrapoe-capitais-do-sul-e-do-nordeste-no-4o-mes-de-pandemia\/#primaryimage"},"thumbnailUrl":"https:\/\/ciencia.ufpr.br\/portal\/wp-content\/uploads\/2020\/07\/Hnet.com-image-1.gif","datePublished":"2020-07-27T21:43:50+00:00","dateModified":"2021-11-26T18:10:06+00:00","description":"Oito capitais brasileiras, incluindo as do Sul, est\u00e3o longe do pico de mortalidade de Covid-19, indica sistema ModInterv. Modelo matem\u00e1tico foi criado por grupo de pesquisa que re\u00fane f\u00edsicos da UFPR, UFPE e UFS.","breadcrumb":{"@id":"https:\/\/ciencia.ufpr.br\/portal\/inversao-de-cenarios-contrapoe-capitais-do-sul-e-do-nordeste-no-4o-mes-de-pandemia\/#breadcrumb"},"inLanguage":"pt-BR","potentialAction":[{"@type":"ReadAction","target":["https:\/\/ciencia.ufpr.br\/portal\/inversao-de-cenarios-contrapoe-capitais-do-sul-e-do-nordeste-no-4o-mes-de-pandemia\/"]}]},{"@type":"ImageObject","inLanguage":"pt-BR","@id":"https:\/\/ciencia.ufpr.br\/portal\/inversao-de-cenarios-contrapoe-capitais-do-sul-e-do-nordeste-no-4o-mes-de-pandemia\/#primaryimage","url":"https:\/\/ciencia.ufpr.br\/portal\/wp-content\/uploads\/2020\/07\/Hnet.com-image-1.gif","contentUrl":"https:\/\/ciencia.ufpr.br\/portal\/wp-content\/uploads\/2020\/07\/Hnet.com-image-1.gif","width":822,"height":822,"caption":"Para pesquisadores da Rede ModInterv, Curitiba teve retrocessos no combate \u00e0 mortalidade por Covid-19 aparentes no gr\u00e1fico no fim de junho e passou a ter um ritmo de crescimento ainda maior do que no in\u00edcio da pandemia. V\u00eddeo: Prefeitura de Curitiba\/Divulga\u00e7\u00e3o"},{"@type":"BreadcrumbList","@id":"https:\/\/ciencia.ufpr.br\/portal\/inversao-de-cenarios-contrapoe-capitais-do-sul-e-do-nordeste-no-4o-mes-de-pandemia\/#breadcrumb","itemListElement":[{"@type":"ListItem","position":1,"name":"Home","item":"https:\/\/ciencia.ufpr.br\/portal\/"},{"@type":"ListItem","position":2,"name":"Invers\u00e3o de cen\u00e1rios contrap\u00f5e capitais do Sul e do Nordeste no 4\u00ba m\u00eas de pandemia"}]},{"@type":"WebSite","@id":"https:\/\/ciencia.ufpr.br\/portal\/#website","url":"https:\/\/ciencia.ufpr.br\/portal\/","name":"Ci\u00eancia UFPR","description":"Site de temas cient\u00edficos com foco no conhecimento produzido na Universidade Federal do Paran\u00e1 (UFPR). Baseado na Revista Ci\u00eancia UFPR.","publisher":{"@id":"https:\/\/ciencia.ufpr.br\/portal\/#organization"},"potentialAction":[{"@type":"SearchAction","target":{"@type":"EntryPoint","urlTemplate":"https:\/\/ciencia.ufpr.br\/portal\/?s={search_term_string}"},"query-input":{"@type":"PropertyValueSpecification","valueRequired":true,"valueName":"search_term_string"}}],"inLanguage":"pt-BR"},{"@type":"Organization","@id":"https:\/\/ciencia.ufpr.br\/portal\/#organization","name":"Revista Ci\u00eancia UFPR","url":"https:\/\/ciencia.ufpr.br\/portal\/","logo":{"@type":"ImageObject","inLanguage":"pt-BR","@id":"https:\/\/ciencia.ufpr.br\/portal\/#\/schema\/logo\/image\/","url":"https:\/\/ciencia.ufpr.br\/portal\/wp-content\/uploads\/2020\/12\/Revista-Ciencia-UFPR-vermelho.jpeg","contentUrl":"https:\/\/ciencia.ufpr.br\/portal\/wp-content\/uploads\/2020\/12\/Revista-Ciencia-UFPR-vermelho.jpeg","width":992,"height":714,"caption":"Revista Ci\u00eancia UFPR"},"image":{"@id":"https:\/\/ciencia.ufpr.br\/portal\/#\/schema\/logo\/image\/"},"sameAs":["https:\/\/www.facebook.com\/cienciaufproficial","https:\/\/x.com\/cienciaufpr","https:\/\/www.instagram.com\/revistacienciaufpr\/","https:\/\/www.linkedin.com\/company\/cienciaufproficial","https:\/\/br.pinterest.com\/cienciaufpr\/"]},{"@type":"Person","@id":"https:\/\/ciencia.ufpr.br\/portal\/#\/schema\/person\/b2d3b2036ea31f22ae6f5f6424e9c020","name":"Camille Bropp","description":"Formada em jornalismo (UFSC), com especializa\u00e7\u00e3o em sociologia pol\u00edtica (UFPR) e mestra em Divulga\u00e7\u00e3o Cient\u00edfica e Cultural (Unicamp). Jornalista na UFPR.","sameAs":["https:\/\/www.linkedin.com\/in\/camille-b-cardoso-1b229b21\/"],"url":"https:\/\/ciencia.ufpr.br\/portal\/author\/camille-bropp\/"}]}},"views":814,"jetpack_sharing_enabled":true,"jetpack_featured_media_url":"https:\/\/ciencia.ufpr.br\/portal\/wp-content\/uploads\/2020\/07\/Hnet.com-image-1.gif","_links":{"self":[{"href":"https:\/\/ciencia.ufpr.br\/portal\/wp-json\/wp\/v2\/posts\/18137"}],"collection":[{"href":"https:\/\/ciencia.ufpr.br\/portal\/wp-json\/wp\/v2\/posts"}],"about":[{"href":"https:\/\/ciencia.ufpr.br\/portal\/wp-json\/wp\/v2\/types\/post"}],"author":[{"embeddable":true,"href":"https:\/\/ciencia.ufpr.br\/portal\/wp-json\/wp\/v2\/users\/2800"}],"replies":[{"embeddable":true,"href":"https:\/\/ciencia.ufpr.br\/portal\/wp-json\/wp\/v2\/comments?post=18137"}],"version-history":[{"count":14,"href":"https:\/\/ciencia.ufpr.br\/portal\/wp-json\/wp\/v2\/posts\/18137\/revisions"}],"predecessor-version":[{"id":20995,"href":"https:\/\/ciencia.ufpr.br\/portal\/wp-json\/wp\/v2\/posts\/18137\/revisions\/20995"}],"wp:featuredmedia":[{"embeddable":true,"href":"https:\/\/ciencia.ufpr.br\/portal\/wp-json\/wp\/v2\/media\/18141"}],"wp:attachment":[{"href":"https:\/\/ciencia.ufpr.br\/portal\/wp-json\/wp\/v2\/media?parent=18137"}],"wp:term":[{"taxonomy":"category","embeddable":true,"href":"https:\/\/ciencia.ufpr.br\/portal\/wp-json\/wp\/v2\/categories?post=18137"},{"taxonomy":"post_tag","embeddable":true,"href":"https:\/\/ciencia.ufpr.br\/portal\/wp-json\/wp\/v2\/tags?post=18137"}],"curies":[{"name":"wp","href":"https:\/\/api.w.org\/{rel}","templated":true}]}}