{"id":18069,"date":"2019-12-20T12:03:09","date_gmt":"2019-12-20T15:03:09","guid":{"rendered":"https:\/\/ciencia.ufpr.br\/portal\/?p=18069"},"modified":"2023-06-02T17:35:48","modified_gmt":"2023-06-02T20:35:48","slug":"microuniversos-em-preto-e-branco-imagens-intrigantes-reveladas-por-microscopios","status":"publish","type":"post","link":"https:\/\/ciencia.ufpr.br\/portal\/microuniversos-em-preto-e-branco-imagens-intrigantes-reveladas-por-microscopios\/","title":{"rendered":"Microuniversos em preto e branco: imagens intrigantes reveladas por microsc\u00f3pios"},"content":{"rendered":"<div id='gallery-1' class='flexslider wp-flexslider gallery-flexslider' data-flex-settings='{&quot;animation&quot;:&quot;slide&quot;,&quot;slideshow&quot;:false,&quot;animationLoop&quot;:false,&quot;animationSpeed&quot;:600,&quot;slideshowSpeed&quot;:7000,&quot;directionNav&quot;:true,&quot;controlNav&quot;:true,&quot;smoothHeight&quot;:false,&quot;prevText&quot;:&quot;&lt;span&gt;&lt;i class=\\&quot;ti__angle-thin-left\\&quot;&gt;&lt;\\\/i&gt;&lt;\\\/span&gt;&quot;,&quot;nextText&quot;:&quot;&lt;span&gt;&lt;i class=\\&quot;ti__angle-thin-right\\&quot;&gt;&lt;\\\/i&gt;&lt;\\\/span&gt;&quot;}'>\r\n\t\t\t<ul class='slides'><li><div class=\"flex-slide\"><a href='https:\/\/ciencia.ufpr.br\/portal\/wp-content\/uploads\/2019\/06\/2-1B_22_20kx-mayara-fornari.png'><img loading=\"lazy\" decoding=\"async\" width=\"810\" height=\"539\" src=\"https:\/\/ciencia.ufpr.br\/portal\/wp-content\/uploads\/2019\/06\/2-1B_22_20kx-mayara-fornari-1024x682.png\" class=\"attachment-large size-large\" alt=\"SEDAS A imagem foi feita durante uma pesquisa em andamento no Programa de P\u00f3s-Gradua\u00e7\u00e3o em Qu\u00edmica que busca desenvolver dispositivos armazenadores de energia a partir de um rejeito industrial poluente, a casca esgotada da planta ac\u00e1cia negra. A casca \u00e9 o que sobra da extra\u00e7\u00e3o do tanino, usado na fabrica\u00e7\u00e3o de solventes. Ao analisar as amostras de uma rea\u00e7\u00e3o qu\u00edmica feita para o estudo, com amplia\u00e7\u00e3o de 200 vezes, a pesquisadora Mayara Fornari percebeu que algumas subst\u00e2ncias formaram uma esp\u00e9cie de tecido. \u201cDescobrimos depois que eram os \u00f3xidos de mangan\u00eas que pareciam seda\u201d. Foto: Mayara Fornari\/PPGQ\/UFPR\" srcset=\"https:\/\/ciencia.ufpr.br\/portal\/wp-content\/uploads\/2019\/06\/2-1B_22_20kx-mayara-fornari-1024x682.png 1024w, https:\/\/ciencia.ufpr.br\/portal\/wp-content\/uploads\/2019\/06\/2-1B_22_20kx-mayara-fornari-300x200.png 300w, https:\/\/ciencia.ufpr.br\/portal\/wp-content\/uploads\/2019\/06\/2-1B_22_20kx-mayara-fornari-768x511.png 768w, https:\/\/ciencia.ufpr.br\/portal\/wp-content\/uploads\/2019\/06\/2-1B_22_20kx-mayara-fornari-1536x1022.png 1536w, https:\/\/ciencia.ufpr.br\/portal\/wp-content\/uploads\/2019\/06\/2-1B_22_20kx-mayara-fornari.png 2004w\" sizes=\"(max-width: 810px) 100vw, 810px\" \/><\/a><div class=\"flex-caption\"><div class=\"gallery-excerpt\">SEDAS A imagem foi feita durante uma pesquisa em andamento no Programa de P\u00f3s-Gradua\u00e7\u00e3o em Qu\u00edmica que busca desenvolver dispositivos armazenadores de energia a partir de um rejeito industrial poluente, a casca esgotada da planta ac\u00e1cia negra. A casca \u00e9 o que sobra da extra\u00e7\u00e3o do tanino, usado na fabrica\u00e7\u00e3o de solventes. Ao analisar as amostras de uma rea\u00e7\u00e3o qu\u00edmica feita para o estudo, com amplia\u00e7\u00e3o de 200 vezes, a pesquisadora Mayara Fornari percebeu que algumas subst\u00e2ncias formaram uma esp\u00e9cie de tecido. \u201cDescobrimos depois que eram os \u00f3xidos de mangan\u00eas que pareciam seda\u201d. Foto: Mayara Fornari\/PPGQ\/UFPR<\/div><\/div><\/div><\/li><li><div class=\"flex-slide\"><a href='https:\/\/ciencia.ufpr.br\/portal\/wp-content\/uploads\/2020\/12\/1-ABRE-cristalino-retina-peixe-Maritana-Mela.png'><img loading=\"lazy\" decoding=\"async\" width=\"810\" height=\"608\" src=\"https:\/\/ciencia.ufpr.br\/portal\/wp-content\/uploads\/2020\/12\/1-ABRE-cristalino-retina-peixe-Maritana-Mela-1024x768.png\" class=\"attachment-large size-large\" alt=\"\" srcset=\"https:\/\/ciencia.ufpr.br\/portal\/wp-content\/uploads\/2020\/12\/1-ABRE-cristalino-retina-peixe-Maritana-Mela-1024x768.png 1024w, https:\/\/ciencia.ufpr.br\/portal\/wp-content\/uploads\/2020\/12\/1-ABRE-cristalino-retina-peixe-Maritana-Mela-300x225.png 300w, https:\/\/ciencia.ufpr.br\/portal\/wp-content\/uploads\/2020\/12\/1-ABRE-cristalino-retina-peixe-Maritana-Mela-768x576.png 768w, https:\/\/ciencia.ufpr.br\/portal\/wp-content\/uploads\/2020\/12\/1-ABRE-cristalino-retina-peixe-Maritana-Mela.png 1280w\" sizes=\"(max-width: 810px) 100vw, 810px\" \/><\/a><div class=\"flex-caption\"><div class=\"gallery-excerpt\">OLHO A professora Maritana Mela Prodocimo, do Laborat\u00f3rio de Toxicologia Celular, analisou o impacto dos poluentes do Rio Igua\u00e7u sobre a retina das til\u00e1pias-do-nilo (usados na piscicultura no Brasil) quando foi atra\u00edda por uma estrutura \u2014 o cristalino, na imagem com amplia\u00e7\u00e3o em 500 vezes. \u201cResolvi fotograf\u00e1-lo para registrar a sua beleza\u201d, conta. A foto deixa vis\u00edvel a constitui\u00e7\u00e3o dessa lente do olho por c\u00e9lulas organizadas longitudinalmente que perdem organelas durante a forma\u00e7\u00e3o, como uma cebola que perde camadas de casca \u2014 assim o cristalino se mant\u00e9m sempre transparente. Foto: Maritana Prodocimo\/LabToxCel\/UFPR<\/div><\/div><\/div><\/li><li><div class=\"flex-slide\"><a href='https:\/\/ciencia.ufpr.br\/portal\/wp-content\/uploads\/2020\/12\/Diatom\u00e1cea-em-Microscopia-de-Transmiss\u00e3o.png'><img loading=\"lazy\" decoding=\"async\" width=\"810\" height=\"539\" src=\"https:\/\/ciencia.ufpr.br\/portal\/wp-content\/uploads\/2020\/12\/Diatom\u00e1cea-em-Microscopia-de-Transmiss\u00e3o-1024x681.png\" class=\"attachment-large size-large\" alt=\"\" srcset=\"https:\/\/ciencia.ufpr.br\/portal\/wp-content\/uploads\/2020\/12\/Diatom\u00e1cea-em-Microscopia-de-Transmiss\u00e3o-1024x681.png 1024w, https:\/\/ciencia.ufpr.br\/portal\/wp-content\/uploads\/2020\/12\/Diatom\u00e1cea-em-Microscopia-de-Transmiss\u00e3o-300x199.png 300w, https:\/\/ciencia.ufpr.br\/portal\/wp-content\/uploads\/2020\/12\/Diatom\u00e1cea-em-Microscopia-de-Transmiss\u00e3o-768x510.png 768w, https:\/\/ciencia.ufpr.br\/portal\/wp-content\/uploads\/2020\/12\/Diatom\u00e1cea-em-Microscopia-de-Transmiss\u00e3o-1536x1021.png 1536w, https:\/\/ciencia.ufpr.br\/portal\/wp-content\/uploads\/2020\/12\/Diatom\u00e1cea-em-Microscopia-de-Transmiss\u00e3o.png 2004w\" sizes=\"(max-width: 810px) 100vw, 810px\" \/><\/a><div class=\"flex-caption\"><div class=\"gallery-excerpt\">ALGA As diatom\u00e1ceas s\u00e3o microalgas com um papel importante na natureza. Al\u00e9m de estarem na base da cadeia alimentar de diversas esp\u00e9cies, t\u00eam fun\u00e7\u00e3o no ciclo do carbono (absorvendo g\u00e1s carb\u00f4nico por fotoss\u00edntese) e para cientistas que monitoram a vida em ambientes aqu\u00e1ticos. Muito pouco ainda se sabe sobre as diatom\u00e1ceas brasileiras \u2014 h\u00e1 s\u00f3 cinco esp\u00e9cies documentadas. A da imagem foi coletada no Parque Nacional da Serra da Bodoquena (MS) e representa uma nova esp\u00e9cie classificada em um estudo no Programa de P\u00f3s-Gradua\u00e7\u00e3o em Bot\u00e2nica. Foto: Thelma Ludwig\/CEM\/UFPR<\/div><\/div><\/div><\/li><li><div class=\"flex-slide\"><a href='https:\/\/ciencia.ufpr.br\/portal\/wp-content\/uploads\/2020\/12\/Fogaca_Simposio-Jo\u00e3o-Manuel-Foga\u00e7a.png'><img loading=\"lazy\" decoding=\"async\" width=\"810\" height=\"608\" src=\"https:\/\/ciencia.ufpr.br\/portal\/wp-content\/uploads\/2020\/12\/Fogaca_Simposio-Jo\u00e3o-Manuel-Foga\u00e7a-1024x768.png\" class=\"attachment-large size-large\" alt=\"\" srcset=\"https:\/\/ciencia.ufpr.br\/portal\/wp-content\/uploads\/2020\/12\/Fogaca_Simposio-Jo\u00e3o-Manuel-Foga\u00e7a-1024x768.png 1024w, https:\/\/ciencia.ufpr.br\/portal\/wp-content\/uploads\/2020\/12\/Fogaca_Simposio-Jo\u00e3o-Manuel-Foga\u00e7a-300x225.png 300w, https:\/\/ciencia.ufpr.br\/portal\/wp-content\/uploads\/2020\/12\/Fogaca_Simposio-Jo\u00e3o-Manuel-Foga\u00e7a-768x576.png 768w, https:\/\/ciencia.ufpr.br\/portal\/wp-content\/uploads\/2020\/12\/Fogaca_Simposio-Jo\u00e3o-Manuel-Foga\u00e7a.png 1280w\" sizes=\"(max-width: 810px) 100vw, 810px\" \/><\/a><div class=\"flex-caption\"><div class=\"gallery-excerpt\">FLORES Nos d\u00edpteros (moscas e mosquitos), o formato da prob\u00f3scide (ou boca) pode diferenciar insetos predadores de visitantes de flores. A imagem mostra a prob\u00f3scide de um novo g\u00eanero de moscas, batizado de Sumapazomyia, descoberto em estudo recente no Programa de Zoologia. As moscas analisadas pelo pesquisador Jo\u00e3o Manuel Foga\u00e7a, pelo professor Claudio de Carvalho e outros pesquisadores brasileiros e colombianos s\u00e3o end\u00eamicas da regi\u00e3o colombiana de P\u00e1ramos, que fica acima de 3 mil metros de altitude. Ao contr\u00e1rio das demais moscas da fam\u00edlia onde est\u00e3o inseridas, essas t\u00eam prob\u00f3scide t\u00edpica de visitantes florais. Foto: Jo\u00e3o Foga\u00e7a\/PPGZoo\/UFPR<\/div><\/div><\/div><\/li><li><div class=\"flex-slide\"><a href='https:\/\/ciencia.ufpr.br\/portal\/wp-content\/uploads\/2020\/12\/EAC10__03_10kx-Bruno-Henrique.png'><img loading=\"lazy\" decoding=\"async\" width=\"810\" height=\"905\" src=\"https:\/\/ciencia.ufpr.br\/portal\/wp-content\/uploads\/2020\/12\/EAC10__03_10kx-Bruno-Henrique-917x1024.png\" class=\"attachment-large size-large\" alt=\"\" srcset=\"https:\/\/ciencia.ufpr.br\/portal\/wp-content\/uploads\/2020\/12\/EAC10__03_10kx-Bruno-Henrique-917x1024.png 917w, https:\/\/ciencia.ufpr.br\/portal\/wp-content\/uploads\/2020\/12\/EAC10__03_10kx-Bruno-Henrique-269x300.png 269w, https:\/\/ciencia.ufpr.br\/portal\/wp-content\/uploads\/2020\/12\/EAC10__03_10kx-Bruno-Henrique-768x858.png 768w, https:\/\/ciencia.ufpr.br\/portal\/wp-content\/uploads\/2020\/12\/EAC10__03_10kx-Bruno-Henrique.png 1024w\" sizes=\"(max-width: 810px) 100vw, 810px\" \/><\/a><div class=\"flex-caption\"><div class=\"gallery-excerpt\">COLMEIA Ao investigar uma matriz renov\u00e1vel para a produ\u00e7\u00e3o do poliestireno, que \u00e9 um pol\u00edmero usado no mundo todo, o pesquisador Bruno Lattmann obteve a imagem acima. Feita para checar a homogeneidade da mistura, ela mostra o estireno na base e um \u00e1cido graxo que n\u00e3o reagiu e ficou acumulado entre as camadas do pol\u00edmero, formando favos. Sob orienta\u00e7\u00e3o de S\u00f4nia Zawadzki, do Programa de P\u00f3s-Gradua\u00e7\u00e3o em Qu\u00edmica, Lattmann concluiu que o oleato de alila \u2014 um composto org\u00e2nico retirado do \u00f3leo de milho \u2014 pode ser uma base de f\u00e1cil sintetiza\u00e7\u00e3o e baixo custo para o poliestireno. Foto: Bruno Lattmann\/PPGQ\/UFPR<\/div><\/div><\/div><\/li><li><div class=\"flex-slide\"><a href='https:\/\/ciencia.ufpr.br\/portal\/wp-content\/uploads\/2020\/12\/471.2.4-L\u00edvia-Oliveira.jpg'><img loading=\"lazy\" decoding=\"async\" width=\"810\" height=\"608\" src=\"https:\/\/ciencia.ufpr.br\/portal\/wp-content\/uploads\/2020\/12\/471.2.4-L\u00edvia-Oliveira-1024x768.jpg\" class=\"attachment-large size-large\" alt=\"\" srcset=\"https:\/\/ciencia.ufpr.br\/portal\/wp-content\/uploads\/2020\/12\/471.2.4-L\u00edvia-Oliveira-1024x768.jpg 1024w, https:\/\/ciencia.ufpr.br\/portal\/wp-content\/uploads\/2020\/12\/471.2.4-L\u00edvia-Oliveira-300x225.jpg 300w, https:\/\/ciencia.ufpr.br\/portal\/wp-content\/uploads\/2020\/12\/471.2.4-L\u00edvia-Oliveira-768x576.jpg 768w, https:\/\/ciencia.ufpr.br\/portal\/wp-content\/uploads\/2020\/12\/471.2.4-L\u00edvia-Oliveira.jpg 1280w\" sizes=\"(max-width: 810px) 100vw, 810px\" \/><\/a><div class=\"flex-caption\"><div class=\"gallery-excerpt\">ESP\u00cdCULAS A imagem mostra esp\u00edculas de uma esp\u00e9cie de invertebrado marinho chamado asc\u00eddia, coletado no s\u00e9culo XIX no Oceano Pac\u00edfico, a Didemnum membranaceum Sluiter, ampliadas 800 vezes. Foi feita como comparativo em um estudo no Programa de Zoologia, orientado pela professora Rosana Rocha, para descrever asc\u00eddias da costa brasileira e identificar esp\u00e9cies cr\u00edpticas (parecidas \u00e0 primeira vista, mas diferentes morfologicamente). A pesquisadora Livia Oliveira conta que o \u00e2ngulo foi escolhido por mostrar detalhes das esp\u00edculas, como formato, tamanho e n\u00famero de raios. \u201cElas s\u00e3o indicadoras confi\u00e1veis de identidade de esp\u00e9cies\u201d, diz. Foto: L\u00edvia Oliveira\/PPGZoo\/UFPR<\/div><\/div><\/div><\/li><\/ul>\r\n\t\t\t<\/div>\n\n<p>A curiosidade moveu o ser humano na busca por explica\u00e7\u00f5es para fen\u00f4menos naturais e continua sendo o motor do cientista. \u00c9 ela que estimula pesquisadores a notarem diferen\u00e7as em meio \u00e0 rotina de repeti\u00e7\u00e3o de experimentos. \u00c0s vezes essas rupturas deixam registros, caso das imagens desta reportagem, feitas pelos microsc\u00f3pios do Centro de Microscopia Eletr\u00f4nica (CME) da Universidade Federal do Paran\u00e1 (UFPR), em Curitiba, devido a pesquisas dos programas de p\u00f3s-gradua\u00e7\u00e3o.<\/p>\n<p>As fotos revelam detalhes que definiram pesquisas (confirmando ou descartando hip\u00f3teses), mas tamb\u00e9m s\u00e3o interessantes por serem inusitadas ou belas.<\/p>\n<blockquote class=\"alignright\"><p>Em cerca de 40% da produ\u00e7\u00e3o cient\u00edfica da UFPR s\u00e3o utilizados equipamentos do Centro de Microscopia Eletr\u00f4nica, criado em 1968<\/p><\/blockquote>\n<p>Pelo CME passam 40% da produ\u00e7\u00e3o cient\u00edfica da universidade, consequ\u00eancia de uma caracter\u00edstica que acompanha o centro desde a inaugura\u00e7\u00e3o h\u00e1 50 anos \u2014 foi criado para uso por pesquisadores de v\u00e1rias \u00e1reas, o que hoje se chama de multiusu\u00e1rio.<\/p>\n<p>Assim, as imagens geradas no pr\u00e9dio de Curitiba mostram microdetalhes dos objetos de pesquisa mais diversos, de animais a rea\u00e7\u00f5es qu\u00edmicas. Atualmente a capacidade de amplia\u00e7\u00e3o alcan\u00e7ada pelos microsc\u00f3pios chega a um milh\u00e3o de vezes (no caso, com o microsc\u00f3pio de varredura de alta resolu\u00e7\u00e3o, obtido em 2013).<\/p>\n<h6 style=\"text-align: right;\">\ud83d\udcd6 Publicado originalmente na edi\u00e7\u00e3o 5, ano 3, da Revista Ci\u00eancia UFPR (2019).<\/h6>\n","protected":false},"excerpt":{"rendered":"<p>A curiosidade moveu o ser humano na busca por explica\u00e7\u00f5es para fen\u00f4menos naturais e continua sendo o motor do cientista&#8230;.<\/p>\n","protected":false},"author":2800,"featured_media":18082,"comment_status":"open","ping_status":"open","sticky":false,"template":"","format":"gallery","meta":{"_acf_changed":false,"footnotes":"","fifu_image_url":"","fifu_image_alt":"","_jetpack_memberships_contains_paid_content":false},"categories":[1608,1617,1622,2258,1606,1],"tags":[1849,1736,1777,1729,1794],"acf":[],"yoast_head":"<!-- This site is optimized with the Yoast SEO plugin v23.5 - https:\/\/yoast.com\/wordpress\/plugins\/seo\/ -->\n<title>Microuniversos em preto e branco: imagens intrigantes reveladas por microsc\u00f3pios - Ci\u00eancia UFPR<\/title>\n<meta name=\"description\" content=\"Fotografias feitas no Centro de Microscopia Eletr\u00f4nica da UFPR exp\u00f5em um mundo em que detalhes de seres vivos e rea\u00e7\u00f5es qu\u00edmicas tomam forma.\" \/>\n<meta name=\"robots\" content=\"index, follow, max-snippet:-1, max-image-preview:large, max-video-preview:-1\" \/>\n<link rel=\"canonical\" href=\"https:\/\/ciencia.ufpr.br\/portal\/microuniversos-em-preto-e-branco-imagens-intrigantes-reveladas-por-microscopios\/\" \/>\n<meta property=\"og:locale\" content=\"pt_BR\" \/>\n<meta property=\"og:type\" content=\"article\" \/>\n<meta property=\"og:title\" content=\"Microuniversos em preto e branco: imagens intrigantes reveladas por microsc\u00f3pios - Ci\u00eancia UFPR\" \/>\n<meta property=\"og:description\" content=\"Fotografias feitas no Centro de Microscopia Eletr\u00f4nica da UFPR exp\u00f5em um mundo em que detalhes de seres vivos e rea\u00e7\u00f5es qu\u00edmicas tomam forma.\" \/>\n<meta property=\"og:url\" content=\"https:\/\/ciencia.ufpr.br\/portal\/microuniversos-em-preto-e-branco-imagens-intrigantes-reveladas-por-microscopios\/\" \/>\n<meta property=\"og:site_name\" content=\"Ci\u00eancia UFPR\" \/>\n<meta property=\"article:publisher\" content=\"https:\/\/www.facebook.com\/cienciaufproficial\" \/>\n<meta property=\"article:published_time\" content=\"2019-12-20T15:03:09+00:00\" \/>\n<meta property=\"article:modified_time\" content=\"2023-06-02T20:35:48+00:00\" \/>\n<meta property=\"og:image\" content=\"https:\/\/ciencia.ufpr.br\/portal\/wp-content\/uploads\/2019\/06\/2-1B_22_20kx-mayara-fornari-1024x682.png\" \/>\n\t<meta property=\"og:image:width\" content=\"1024\" \/>\n\t<meta property=\"og:image:height\" content=\"682\" \/>\n\t<meta property=\"og:image:type\" content=\"image\/png\" \/>\n<meta name=\"author\" content=\"Camille Bropp\" \/>\n<meta name=\"twitter:card\" content=\"summary_large_image\" \/>\n<meta name=\"twitter:creator\" content=\"@cienciaufpr\" \/>\n<meta name=\"twitter:site\" content=\"@cienciaufpr\" \/>\n<meta name=\"twitter:label1\" content=\"Escrito por\" \/>\n\t<meta name=\"twitter:data1\" content=\"Camille Bropp\" \/>\n\t<meta name=\"twitter:label2\" content=\"Est. tempo de leitura\" \/>\n\t<meta name=\"twitter:data2\" content=\"1 minuto\" \/>\n<script type=\"application\/ld+json\" class=\"yoast-schema-graph\">{\"@context\":\"https:\/\/schema.org\",\"@graph\":[{\"@type\":\"Article\",\"@id\":\"https:\/\/ciencia.ufpr.br\/portal\/microuniversos-em-preto-e-branco-imagens-intrigantes-reveladas-por-microscopios\/#article\",\"isPartOf\":{\"@id\":\"https:\/\/ciencia.ufpr.br\/portal\/microuniversos-em-preto-e-branco-imagens-intrigantes-reveladas-por-microscopios\/\"},\"author\":{\"name\":\"Camille Bropp\",\"@id\":\"https:\/\/ciencia.ufpr.br\/portal\/#\/schema\/person\/b2d3b2036ea31f22ae6f5f6424e9c020\"},\"headline\":\"Microuniversos em preto e branco: imagens intrigantes reveladas por microsc\u00f3pios\",\"datePublished\":\"2019-12-20T15:03:09+00:00\",\"dateModified\":\"2023-06-02T20:35:48+00:00\",\"mainEntityOfPage\":{\"@id\":\"https:\/\/ciencia.ufpr.br\/portal\/microuniversos-em-preto-e-branco-imagens-intrigantes-reveladas-por-microscopios\/\"},\"wordCount\":252,\"commentCount\":0,\"publisher\":{\"@id\":\"https:\/\/ciencia.ufpr.br\/portal\/#organization\"},\"image\":{\"@id\":\"https:\/\/ciencia.ufpr.br\/portal\/microuniversos-em-preto-e-branco-imagens-intrigantes-reveladas-por-microscopios\/#primaryimage\"},\"thumbnailUrl\":\"https:\/\/ciencia.ufpr.br\/portal\/wp-content\/uploads\/2019\/06\/2-1B_22_20kx-mayara-fornari.png\",\"keywords\":[\"2019\",\"galeria\",\"microscopia\",\"revista\",\"V. 4 n\u00ba 5 (2019)\"],\"articleSection\":[\"Biol\u00f3gicas\",\"Exatas\",\"Galeria\",\"Impressa\",\"Multim\u00eddia\",\"Reportagem\"],\"inLanguage\":\"pt-BR\",\"potentialAction\":[{\"@type\":\"CommentAction\",\"name\":\"Comment\",\"target\":[\"https:\/\/ciencia.ufpr.br\/portal\/microuniversos-em-preto-e-branco-imagens-intrigantes-reveladas-por-microscopios\/#respond\"]}]},{\"@type\":\"WebPage\",\"@id\":\"https:\/\/ciencia.ufpr.br\/portal\/microuniversos-em-preto-e-branco-imagens-intrigantes-reveladas-por-microscopios\/\",\"url\":\"https:\/\/ciencia.ufpr.br\/portal\/microuniversos-em-preto-e-branco-imagens-intrigantes-reveladas-por-microscopios\/\",\"name\":\"Microuniversos em preto e branco: imagens intrigantes reveladas por microsc\u00f3pios - Ci\u00eancia UFPR\",\"isPartOf\":{\"@id\":\"https:\/\/ciencia.ufpr.br\/portal\/#website\"},\"primaryImageOfPage\":{\"@id\":\"https:\/\/ciencia.ufpr.br\/portal\/microuniversos-em-preto-e-branco-imagens-intrigantes-reveladas-por-microscopios\/#primaryimage\"},\"image\":{\"@id\":\"https:\/\/ciencia.ufpr.br\/portal\/microuniversos-em-preto-e-branco-imagens-intrigantes-reveladas-por-microscopios\/#primaryimage\"},\"thumbnailUrl\":\"https:\/\/ciencia.ufpr.br\/portal\/wp-content\/uploads\/2019\/06\/2-1B_22_20kx-mayara-fornari.png\",\"datePublished\":\"2019-12-20T15:03:09+00:00\",\"dateModified\":\"2023-06-02T20:35:48+00:00\",\"description\":\"Fotografias feitas no Centro de Microscopia Eletr\u00f4nica da UFPR exp\u00f5em um mundo em que detalhes de seres vivos e rea\u00e7\u00f5es qu\u00edmicas tomam forma.\",\"breadcrumb\":{\"@id\":\"https:\/\/ciencia.ufpr.br\/portal\/microuniversos-em-preto-e-branco-imagens-intrigantes-reveladas-por-microscopios\/#breadcrumb\"},\"inLanguage\":\"pt-BR\",\"potentialAction\":[{\"@type\":\"ReadAction\",\"target\":[\"https:\/\/ciencia.ufpr.br\/portal\/microuniversos-em-preto-e-branco-imagens-intrigantes-reveladas-por-microscopios\/\"]}]},{\"@type\":\"ImageObject\",\"inLanguage\":\"pt-BR\",\"@id\":\"https:\/\/ciencia.ufpr.br\/portal\/microuniversos-em-preto-e-branco-imagens-intrigantes-reveladas-por-microscopios\/#primaryimage\",\"url\":\"https:\/\/ciencia.ufpr.br\/portal\/wp-content\/uploads\/2019\/06\/2-1B_22_20kx-mayara-fornari.png\",\"contentUrl\":\"https:\/\/ciencia.ufpr.br\/portal\/wp-content\/uploads\/2019\/06\/2-1B_22_20kx-mayara-fornari.png\",\"width\":2004,\"height\":1334,\"caption\":\"SEDAS A imagem foi feita durante uma pesquisa em andamento no Programa de P\u00f3s-Gradua\u00e7\u00e3o em Qu\u00edmica que busca desenvolver dispositivos armazenadores de energia a partir de um rejeito industrial poluente, a casca esgotada da planta ac\u00e1cia negra. A casca \u00e9 o que sobra da extra\u00e7\u00e3o do tanino, usado na fabrica\u00e7\u00e3o de solventes. Ao analisar as amostras de uma rea\u00e7\u00e3o qu\u00edmica feita para o estudo, com amplia\u00e7\u00e3o de 200 vezes, a pesquisadora Mayara Fornari percebeu que algumas subst\u00e2ncias formaram uma esp\u00e9cie de tecido. \u201cDescobrimos depois que eram os \u00f3xidos de mangan\u00eas que pareciam seda\u201d. Foto: Mayara Fornari\/PPGQ\/UFPR\"},{\"@type\":\"BreadcrumbList\",\"@id\":\"https:\/\/ciencia.ufpr.br\/portal\/microuniversos-em-preto-e-branco-imagens-intrigantes-reveladas-por-microscopios\/#breadcrumb\",\"itemListElement\":[{\"@type\":\"ListItem\",\"position\":1,\"name\":\"Home\",\"item\":\"https:\/\/ciencia.ufpr.br\/portal\/\"},{\"@type\":\"ListItem\",\"position\":2,\"name\":\"Microuniversos em preto e branco: imagens intrigantes reveladas por microsc\u00f3pios\"}]},{\"@type\":\"WebSite\",\"@id\":\"https:\/\/ciencia.ufpr.br\/portal\/#website\",\"url\":\"https:\/\/ciencia.ufpr.br\/portal\/\",\"name\":\"Ci\u00eancia UFPR\",\"description\":\"Site de temas cient\u00edficos com foco no conhecimento produzido na Universidade Federal do Paran\u00e1 (UFPR). Baseado na Revista Ci\u00eancia UFPR.\",\"publisher\":{\"@id\":\"https:\/\/ciencia.ufpr.br\/portal\/#organization\"},\"potentialAction\":[{\"@type\":\"SearchAction\",\"target\":{\"@type\":\"EntryPoint\",\"urlTemplate\":\"https:\/\/ciencia.ufpr.br\/portal\/?s={search_term_string}\"},\"query-input\":{\"@type\":\"PropertyValueSpecification\",\"valueRequired\":true,\"valueName\":\"search_term_string\"}}],\"inLanguage\":\"pt-BR\"},{\"@type\":\"Organization\",\"@id\":\"https:\/\/ciencia.ufpr.br\/portal\/#organization\",\"name\":\"Revista Ci\u00eancia UFPR\",\"url\":\"https:\/\/ciencia.ufpr.br\/portal\/\",\"logo\":{\"@type\":\"ImageObject\",\"inLanguage\":\"pt-BR\",\"@id\":\"https:\/\/ciencia.ufpr.br\/portal\/#\/schema\/logo\/image\/\",\"url\":\"https:\/\/ciencia.ufpr.br\/portal\/wp-content\/uploads\/2020\/12\/Revista-Ciencia-UFPR-vermelho.jpeg\",\"contentUrl\":\"https:\/\/ciencia.ufpr.br\/portal\/wp-content\/uploads\/2020\/12\/Revista-Ciencia-UFPR-vermelho.jpeg\",\"width\":992,\"height\":714,\"caption\":\"Revista Ci\u00eancia UFPR\"},\"image\":{\"@id\":\"https:\/\/ciencia.ufpr.br\/portal\/#\/schema\/logo\/image\/\"},\"sameAs\":[\"https:\/\/www.facebook.com\/cienciaufproficial\",\"https:\/\/x.com\/cienciaufpr\",\"https:\/\/www.instagram.com\/revistacienciaufpr\/\",\"https:\/\/www.linkedin.com\/company\/cienciaufproficial\",\"https:\/\/br.pinterest.com\/cienciaufpr\/\"]},{\"@type\":\"Person\",\"@id\":\"https:\/\/ciencia.ufpr.br\/portal\/#\/schema\/person\/b2d3b2036ea31f22ae6f5f6424e9c020\",\"name\":\"Camille Bropp\",\"description\":\"Formada em jornalismo (UFSC), com especializa\u00e7\u00e3o em sociologia pol\u00edtica (UFPR) e mestra em Divulga\u00e7\u00e3o Cient\u00edfica e Cultural (Unicamp). Jornalista na UFPR.\",\"sameAs\":[\"https:\/\/www.linkedin.com\/in\/camille-b-cardoso-1b229b21\/\"],\"url\":\"https:\/\/ciencia.ufpr.br\/portal\/author\/camille-bropp\/\"}]}<\/script>\n<!-- \/ Yoast SEO plugin. -->","yoast_head_json":{"title":"Microuniversos em preto e branco: imagens intrigantes reveladas por microsc\u00f3pios - Ci\u00eancia UFPR","description":"Fotografias feitas no Centro de Microscopia Eletr\u00f4nica da UFPR exp\u00f5em um mundo em que detalhes de seres vivos e rea\u00e7\u00f5es qu\u00edmicas tomam forma.","robots":{"index":"index","follow":"follow","max-snippet":"max-snippet:-1","max-image-preview":"max-image-preview:large","max-video-preview":"max-video-preview:-1"},"canonical":"https:\/\/ciencia.ufpr.br\/portal\/microuniversos-em-preto-e-branco-imagens-intrigantes-reveladas-por-microscopios\/","og_locale":"pt_BR","og_type":"article","og_title":"Microuniversos em preto e branco: imagens intrigantes reveladas por microsc\u00f3pios - Ci\u00eancia UFPR","og_description":"Fotografias feitas no Centro de Microscopia Eletr\u00f4nica da UFPR exp\u00f5em um mundo em que detalhes de seres vivos e rea\u00e7\u00f5es qu\u00edmicas tomam forma.","og_url":"https:\/\/ciencia.ufpr.br\/portal\/microuniversos-em-preto-e-branco-imagens-intrigantes-reveladas-por-microscopios\/","og_site_name":"Ci\u00eancia UFPR","article_publisher":"https:\/\/www.facebook.com\/cienciaufproficial","article_published_time":"2019-12-20T15:03:09+00:00","article_modified_time":"2023-06-02T20:35:48+00:00","og_image":[{"width":1024,"height":682,"url":"https:\/\/ciencia.ufpr.br\/portal\/wp-content\/uploads\/2019\/06\/2-1B_22_20kx-mayara-fornari-1024x682.png","type":"image\/png"}],"author":"Camille Bropp","twitter_card":"summary_large_image","twitter_creator":"@cienciaufpr","twitter_site":"@cienciaufpr","twitter_misc":{"Escrito por":"Camille Bropp","Est. tempo de leitura":"1 minuto"},"schema":{"@context":"https:\/\/schema.org","@graph":[{"@type":"Article","@id":"https:\/\/ciencia.ufpr.br\/portal\/microuniversos-em-preto-e-branco-imagens-intrigantes-reveladas-por-microscopios\/#article","isPartOf":{"@id":"https:\/\/ciencia.ufpr.br\/portal\/microuniversos-em-preto-e-branco-imagens-intrigantes-reveladas-por-microscopios\/"},"author":{"name":"Camille Bropp","@id":"https:\/\/ciencia.ufpr.br\/portal\/#\/schema\/person\/b2d3b2036ea31f22ae6f5f6424e9c020"},"headline":"Microuniversos em preto e branco: imagens intrigantes reveladas por microsc\u00f3pios","datePublished":"2019-12-20T15:03:09+00:00","dateModified":"2023-06-02T20:35:48+00:00","mainEntityOfPage":{"@id":"https:\/\/ciencia.ufpr.br\/portal\/microuniversos-em-preto-e-branco-imagens-intrigantes-reveladas-por-microscopios\/"},"wordCount":252,"commentCount":0,"publisher":{"@id":"https:\/\/ciencia.ufpr.br\/portal\/#organization"},"image":{"@id":"https:\/\/ciencia.ufpr.br\/portal\/microuniversos-em-preto-e-branco-imagens-intrigantes-reveladas-por-microscopios\/#primaryimage"},"thumbnailUrl":"https:\/\/ciencia.ufpr.br\/portal\/wp-content\/uploads\/2019\/06\/2-1B_22_20kx-mayara-fornari.png","keywords":["2019","galeria","microscopia","revista","V. 4 n\u00ba 5 (2019)"],"articleSection":["Biol\u00f3gicas","Exatas","Galeria","Impressa","Multim\u00eddia","Reportagem"],"inLanguage":"pt-BR","potentialAction":[{"@type":"CommentAction","name":"Comment","target":["https:\/\/ciencia.ufpr.br\/portal\/microuniversos-em-preto-e-branco-imagens-intrigantes-reveladas-por-microscopios\/#respond"]}]},{"@type":"WebPage","@id":"https:\/\/ciencia.ufpr.br\/portal\/microuniversos-em-preto-e-branco-imagens-intrigantes-reveladas-por-microscopios\/","url":"https:\/\/ciencia.ufpr.br\/portal\/microuniversos-em-preto-e-branco-imagens-intrigantes-reveladas-por-microscopios\/","name":"Microuniversos em preto e branco: imagens intrigantes reveladas por microsc\u00f3pios - Ci\u00eancia UFPR","isPartOf":{"@id":"https:\/\/ciencia.ufpr.br\/portal\/#website"},"primaryImageOfPage":{"@id":"https:\/\/ciencia.ufpr.br\/portal\/microuniversos-em-preto-e-branco-imagens-intrigantes-reveladas-por-microscopios\/#primaryimage"},"image":{"@id":"https:\/\/ciencia.ufpr.br\/portal\/microuniversos-em-preto-e-branco-imagens-intrigantes-reveladas-por-microscopios\/#primaryimage"},"thumbnailUrl":"https:\/\/ciencia.ufpr.br\/portal\/wp-content\/uploads\/2019\/06\/2-1B_22_20kx-mayara-fornari.png","datePublished":"2019-12-20T15:03:09+00:00","dateModified":"2023-06-02T20:35:48+00:00","description":"Fotografias feitas no Centro de Microscopia Eletr\u00f4nica da UFPR exp\u00f5em um mundo em que detalhes de seres vivos e rea\u00e7\u00f5es qu\u00edmicas tomam forma.","breadcrumb":{"@id":"https:\/\/ciencia.ufpr.br\/portal\/microuniversos-em-preto-e-branco-imagens-intrigantes-reveladas-por-microscopios\/#breadcrumb"},"inLanguage":"pt-BR","potentialAction":[{"@type":"ReadAction","target":["https:\/\/ciencia.ufpr.br\/portal\/microuniversos-em-preto-e-branco-imagens-intrigantes-reveladas-por-microscopios\/"]}]},{"@type":"ImageObject","inLanguage":"pt-BR","@id":"https:\/\/ciencia.ufpr.br\/portal\/microuniversos-em-preto-e-branco-imagens-intrigantes-reveladas-por-microscopios\/#primaryimage","url":"https:\/\/ciencia.ufpr.br\/portal\/wp-content\/uploads\/2019\/06\/2-1B_22_20kx-mayara-fornari.png","contentUrl":"https:\/\/ciencia.ufpr.br\/portal\/wp-content\/uploads\/2019\/06\/2-1B_22_20kx-mayara-fornari.png","width":2004,"height":1334,"caption":"SEDAS A imagem foi feita durante uma pesquisa em andamento no Programa de P\u00f3s-Gradua\u00e7\u00e3o em Qu\u00edmica que busca desenvolver dispositivos armazenadores de energia a partir de um rejeito industrial poluente, a casca esgotada da planta ac\u00e1cia negra. A casca \u00e9 o que sobra da extra\u00e7\u00e3o do tanino, usado na fabrica\u00e7\u00e3o de solventes. Ao analisar as amostras de uma rea\u00e7\u00e3o qu\u00edmica feita para o estudo, com amplia\u00e7\u00e3o de 200 vezes, a pesquisadora Mayara Fornari percebeu que algumas subst\u00e2ncias formaram uma esp\u00e9cie de tecido. \u201cDescobrimos depois que eram os \u00f3xidos de mangan\u00eas que pareciam seda\u201d. Foto: Mayara Fornari\/PPGQ\/UFPR"},{"@type":"BreadcrumbList","@id":"https:\/\/ciencia.ufpr.br\/portal\/microuniversos-em-preto-e-branco-imagens-intrigantes-reveladas-por-microscopios\/#breadcrumb","itemListElement":[{"@type":"ListItem","position":1,"name":"Home","item":"https:\/\/ciencia.ufpr.br\/portal\/"},{"@type":"ListItem","position":2,"name":"Microuniversos em preto e branco: imagens intrigantes reveladas por microsc\u00f3pios"}]},{"@type":"WebSite","@id":"https:\/\/ciencia.ufpr.br\/portal\/#website","url":"https:\/\/ciencia.ufpr.br\/portal\/","name":"Ci\u00eancia UFPR","description":"Site de temas cient\u00edficos com foco no conhecimento produzido na Universidade Federal do Paran\u00e1 (UFPR). Baseado na Revista Ci\u00eancia UFPR.","publisher":{"@id":"https:\/\/ciencia.ufpr.br\/portal\/#organization"},"potentialAction":[{"@type":"SearchAction","target":{"@type":"EntryPoint","urlTemplate":"https:\/\/ciencia.ufpr.br\/portal\/?s={search_term_string}"},"query-input":{"@type":"PropertyValueSpecification","valueRequired":true,"valueName":"search_term_string"}}],"inLanguage":"pt-BR"},{"@type":"Organization","@id":"https:\/\/ciencia.ufpr.br\/portal\/#organization","name":"Revista Ci\u00eancia UFPR","url":"https:\/\/ciencia.ufpr.br\/portal\/","logo":{"@type":"ImageObject","inLanguage":"pt-BR","@id":"https:\/\/ciencia.ufpr.br\/portal\/#\/schema\/logo\/image\/","url":"https:\/\/ciencia.ufpr.br\/portal\/wp-content\/uploads\/2020\/12\/Revista-Ciencia-UFPR-vermelho.jpeg","contentUrl":"https:\/\/ciencia.ufpr.br\/portal\/wp-content\/uploads\/2020\/12\/Revista-Ciencia-UFPR-vermelho.jpeg","width":992,"height":714,"caption":"Revista Ci\u00eancia UFPR"},"image":{"@id":"https:\/\/ciencia.ufpr.br\/portal\/#\/schema\/logo\/image\/"},"sameAs":["https:\/\/www.facebook.com\/cienciaufproficial","https:\/\/x.com\/cienciaufpr","https:\/\/www.instagram.com\/revistacienciaufpr\/","https:\/\/www.linkedin.com\/company\/cienciaufproficial","https:\/\/br.pinterest.com\/cienciaufpr\/"]},{"@type":"Person","@id":"https:\/\/ciencia.ufpr.br\/portal\/#\/schema\/person\/b2d3b2036ea31f22ae6f5f6424e9c020","name":"Camille Bropp","description":"Formada em jornalismo (UFSC), com especializa\u00e7\u00e3o em sociologia pol\u00edtica (UFPR) e mestra em Divulga\u00e7\u00e3o Cient\u00edfica e Cultural (Unicamp). Jornalista na UFPR.","sameAs":["https:\/\/www.linkedin.com\/in\/camille-b-cardoso-1b229b21\/"],"url":"https:\/\/ciencia.ufpr.br\/portal\/author\/camille-bropp\/"}]}},"views":1987,"jetpack_sharing_enabled":true,"jetpack_featured_media_url":"https:\/\/ciencia.ufpr.br\/portal\/wp-content\/uploads\/2019\/06\/2-1B_22_20kx-mayara-fornari.png","_links":{"self":[{"href":"https:\/\/ciencia.ufpr.br\/portal\/wp-json\/wp\/v2\/posts\/18069"}],"collection":[{"href":"https:\/\/ciencia.ufpr.br\/portal\/wp-json\/wp\/v2\/posts"}],"about":[{"href":"https:\/\/ciencia.ufpr.br\/portal\/wp-json\/wp\/v2\/types\/post"}],"author":[{"embeddable":true,"href":"https:\/\/ciencia.ufpr.br\/portal\/wp-json\/wp\/v2\/users\/2800"}],"replies":[{"embeddable":true,"href":"https:\/\/ciencia.ufpr.br\/portal\/wp-json\/wp\/v2\/comments?post=18069"}],"version-history":[{"count":8,"href":"https:\/\/ciencia.ufpr.br\/portal\/wp-json\/wp\/v2\/posts\/18069\/revisions"}],"predecessor-version":[{"id":18812,"href":"https:\/\/ciencia.ufpr.br\/portal\/wp-json\/wp\/v2\/posts\/18069\/revisions\/18812"}],"wp:featuredmedia":[{"embeddable":true,"href":"https:\/\/ciencia.ufpr.br\/portal\/wp-json\/wp\/v2\/media\/18082"}],"wp:attachment":[{"href":"https:\/\/ciencia.ufpr.br\/portal\/wp-json\/wp\/v2\/media?parent=18069"}],"wp:term":[{"taxonomy":"category","embeddable":true,"href":"https:\/\/ciencia.ufpr.br\/portal\/wp-json\/wp\/v2\/categories?post=18069"},{"taxonomy":"post_tag","embeddable":true,"href":"https:\/\/ciencia.ufpr.br\/portal\/wp-json\/wp\/v2\/tags?post=18069"}],"curies":[{"name":"wp","href":"https:\/\/api.w.org\/{rel}","templated":true}]}}