{"id":17665,"date":"2019-12-23T06:54:20","date_gmt":"2019-12-23T09:54:20","guid":{"rendered":"https:\/\/ciencia.ufpr.br\/portal\/?p=17665"},"modified":"2023-06-02T17:35:03","modified_gmt":"2023-06-02T20:35:03","slug":"danuncia-urban-a-abelha-mestra-do-departamento-de-zoologia","status":"publish","type":"post","link":"https:\/\/ciencia.ufpr.br\/portal\/danuncia-urban-a-abelha-mestra-do-departamento-de-zoologia\/","title":{"rendered":"Danuncia Urban, a abelha-mestra do Departamento de Zoologia da UFPR"},"content":{"rendered":"<p>Dentro de sua sala no Setor de Ci\u00eancias Biol\u00f3gicas da Universidade Federal do Paran\u00e1 (UFPR), em Curitiba, cercada dos equipamentos de estudiosos de abelhas \u2014 microsc\u00f3pio, lupa e pu\u00e7\u00e1, por exemplo \u2014 a professora Danuncia Urban construiu um silencioso reinado. Depois de aposentada da universidade, o que ocorreu em 1991, ela continuou por mais de dez anos uma das principais catalogadoras das abelhas da regi\u00e3o neotropical do planeta. Em 2007, era a sexta principal taxonomista desse tipo de inseto.<\/p>\n<p>Seis anos depois \u2014 quando saiu o \u201cCatalogue of bees in the neotropical region\u201d, da Sociedade Brasileira de Entomologia (ela \u00e9 uma das organizadoras), Danuncia tinha 80 anos e havia subido para o quinto lugar devido aos 13 papers que publicara no per\u00edodo.<\/p>\n<p>Cada um dos mais de cem artigos da cientista traz as t\u00edpicas descri\u00e7\u00f5es ultra-minuciosas da morfologia das esp\u00e9cies. Chama a aten\u00e7\u00e3o, por\u00e9m, o fato de a maioria ter um \u201cagradecimento\u201d no p\u00e9 do texto \u2014 o que n\u00e3o \u00e9 t\u00e3o incomum, mas geralmente direcionado a financiadores. J\u00e1 ela agradecia colegas por fotos cedidas, bibliografia emprestada e at\u00e9 por sugest\u00f5es de nome para novas esp\u00e9cies.<\/p>\n<h2>&#8220;N\u00e3o era uma pesquisadora vaidosa para se auto-divulgar&#8221;<\/h2>\n<p>\u201cA Danuncia n\u00e3o era muito famosa porque n\u00e3o era vaidosa para se auto-divulgar. Era quietinha, agrad\u00e1vel, mesmo sendo a \u2018cacicona\u2019 das abelhas do g\u00eanero dela\u201d, conta Olaf Mielke, de 77 anos, professor do Departamento de Zoologia da UFPR, que batizou uma borboleta com o nome da colega que n\u00e3o gostava de viajar de avi\u00e3o. Aos n\u00e3o entomologistas, uma amostra da relev\u00e2ncia de Danuncia est\u00e1 \u00e0 dist\u00e2ncia de uma pesquisa no Google \u2014 <a href=\"https:\/\/www.ufpr.br\/portalufpr\/noticias\/cnpq-destaca-professoras-da-ufpr-entre-pioneiras-da-ciencia-no-brasil\/\" target=\"_blank\" rel=\"noopener noreferrer\">a biografia no portal <em>Pioneiras da Ci\u00eancia no Brasil<\/em>, do CNPq<\/a>.<\/p>\n<p>A pesquisadora nasceu em Curitiba em 1933, em uma fam\u00edlia de agricultores poloneses que deixaram S\u00e3o Paulo pelo Paran\u00e1. Na \u00e9poca, a capital era uma cidade ainda separada em bairros \u00e9tnicos. A pr\u00f3pria Danuncia falou apenas polon\u00eas at\u00e9 entrar na escola \u2014 a hist\u00f3ria est\u00e1 no artigo \u201c<a href=\"https:\/\/www.researchgate.net\/publication\/282849113_Danuncia_Urban_a_life_devoted_to_Entomology\" target=\"_blank\" rel=\"noopener noreferrer\">Danuncia Urban: a life devoted to Entomology<\/a>\u201d. A vida acad\u00eamica come\u00e7ou por convite do <a href=\"https:\/\/www.scielo.br\/scielo.php?script=sci_arttext&amp;pid=S0085-56262010000300026\" target=\"_blank\" rel=\"noopener noreferrer\">Padre Jesus Santiago Moure, fundador da Zoologia na UFPR<\/a>, de quem ela foi ajudante at\u00e9 ingressar na doc\u00eancia.<\/p>\n<p>Presen\u00e7a ass\u00eddua na UFPR at\u00e9 meados dos anos 2000, a pesquisadora parou de frequentar o Polit\u00e9cnico s\u00f3 quando a mem\u00f3ria come\u00e7ou a falhar severamente. At\u00e9 hoje h\u00e1 quem sinta falta dela no departamento. \u201cEra minha parceira de almo\u00e7o. Sempre sinto saudade dela ao meio-dia\u201d, conta a professora Mirna Casagrande.<\/p>\n<p>De qualquer forma, Danuncia continua divertindo amigos e familiares no seu apartamento em Curitiba, onde conta hist\u00f3rias como a do dia em que escapou de ser assaltada por distra\u00e7\u00e3o: achou que o ladr\u00e3o era um pedinte e ofereceu a ele uma \u201cbala\u201d que estava na sua bolsa \u2014 e ele saiu correndo.<\/p>\n<h6 style=\"text-align: right;\">\ud83d\udcd6 Publicado originalmente na edi\u00e7\u00e3o 5, ano 3, da Revista Ci\u00eancia UFPR (2019).<\/h6>\n","protected":false},"excerpt":{"rendered":"<p>Dentro de sua sala no Setor de Ci\u00eancias Biol\u00f3gicas da Universidade Federal do Paran\u00e1 (UFPR), em Curitiba, cercada dos equipamentos&#8230;<\/p>\n","protected":false},"author":2800,"featured_media":17747,"comment_status":"open","ping_status":"open","sticky":false,"template":"","format":"standard","meta":{"_acf_changed":false,"footnotes":"","fifu_image_url":"","fifu_image_alt":"","_jetpack_memberships_contains_paid_content":false},"categories":[1608,1128,2258,1130],"tags":[1849,1669,1706,1761,1760,1794,1665],"acf":[],"yoast_head":"<!-- This site is optimized with the Yoast SEO plugin v23.5 - https:\/\/yoast.com\/wordpress\/plugins\/seo\/ -->\n<title>Danuncia Urban, a abelha-mestra do Departamento de Zoologia da UFPR - Ci\u00eancia UFPR<\/title>\n<meta name=\"description\" content=\"Depois de aposentada da UFPR, em 1991, a professora continuou por mais de dez anos uma das principais catalogadoras das abelhas da regi\u00e3o neotropical do planeta.\" \/>\n<meta name=\"robots\" content=\"index, follow, max-snippet:-1, max-image-preview:large, max-video-preview:-1\" \/>\n<link rel=\"canonical\" href=\"https:\/\/ciencia.ufpr.br\/portal\/danuncia-urban-a-abelha-mestra-do-departamento-de-zoologia\/\" \/>\n<meta property=\"og:locale\" content=\"pt_BR\" \/>\n<meta property=\"og:type\" content=\"article\" \/>\n<meta property=\"og:title\" content=\"Danuncia Urban, a abelha-mestra do Departamento de Zoologia da UFPR - Ci\u00eancia UFPR\" \/>\n<meta property=\"og:description\" content=\"Depois de aposentada da UFPR, em 1991, a professora continuou por mais de dez anos uma das principais catalogadoras das abelhas da regi\u00e3o neotropical do planeta.\" \/>\n<meta property=\"og:url\" content=\"https:\/\/ciencia.ufpr.br\/portal\/danuncia-urban-a-abelha-mestra-do-departamento-de-zoologia\/\" \/>\n<meta property=\"og:site_name\" content=\"Ci\u00eancia UFPR\" \/>\n<meta property=\"article:publisher\" content=\"https:\/\/www.facebook.com\/cienciaufproficial\" \/>\n<meta property=\"article:published_time\" content=\"2019-12-23T09:54:20+00:00\" \/>\n<meta property=\"article:modified_time\" content=\"2023-06-02T20:35:03+00:00\" \/>\n<meta property=\"og:image\" content=\"https:\/\/ciencia.ufpr.br\/portal\/wp-content\/uploads\/2019\/06\/30460408498_f0de0e1752_o1-scaled.jpg\" \/>\n\t<meta property=\"og:image:width\" content=\"2560\" \/>\n\t<meta property=\"og:image:height\" content=\"1440\" \/>\n\t<meta property=\"og:image:type\" content=\"image\/jpeg\" \/>\n<meta name=\"author\" content=\"Camille Bropp\" \/>\n<meta name=\"twitter:card\" content=\"summary_large_image\" \/>\n<meta name=\"twitter:creator\" content=\"@cienciaufpr\" \/>\n<meta name=\"twitter:site\" content=\"@cienciaufpr\" \/>\n<meta name=\"twitter:label1\" content=\"Escrito por\" \/>\n\t<meta name=\"twitter:data1\" content=\"Camille Bropp\" \/>\n\t<meta name=\"twitter:label2\" content=\"Est. tempo de leitura\" \/>\n\t<meta name=\"twitter:data2\" content=\"3 minutos\" \/>\n<script type=\"application\/ld+json\" class=\"yoast-schema-graph\">{\"@context\":\"https:\/\/schema.org\",\"@graph\":[{\"@type\":\"Article\",\"@id\":\"https:\/\/ciencia.ufpr.br\/portal\/danuncia-urban-a-abelha-mestra-do-departamento-de-zoologia\/#article\",\"isPartOf\":{\"@id\":\"https:\/\/ciencia.ufpr.br\/portal\/danuncia-urban-a-abelha-mestra-do-departamento-de-zoologia\/\"},\"author\":{\"name\":\"Camille Bropp\",\"@id\":\"https:\/\/ciencia.ufpr.br\/portal\/#\/schema\/person\/b2d3b2036ea31f22ae6f5f6424e9c020\"},\"headline\":\"Danuncia Urban, a abelha-mestra do Departamento de Zoologia da UFPR\",\"datePublished\":\"2019-12-23T09:54:20+00:00\",\"dateModified\":\"2023-06-02T20:35:03+00:00\",\"mainEntityOfPage\":{\"@id\":\"https:\/\/ciencia.ufpr.br\/portal\/danuncia-urban-a-abelha-mestra-do-departamento-de-zoologia\/\"},\"wordCount\":503,\"commentCount\":0,\"publisher\":{\"@id\":\"https:\/\/ciencia.ufpr.br\/portal\/#organization\"},\"image\":{\"@id\":\"https:\/\/ciencia.ufpr.br\/portal\/danuncia-urban-a-abelha-mestra-do-departamento-de-zoologia\/#primaryimage\"},\"thumbnailUrl\":\"https:\/\/ciencia.ufpr.br\/portal\/wp-content\/uploads\/2019\/06\/30460408498_f0de0e1752_o1-scaled.jpg\",\"keywords\":[\"2019\",\"entomologia\",\"ideias\",\"mem\u00f3ria\",\"perfil\",\"V. 4 n\u00ba 5 (2019)\",\"zoologia\"],\"articleSection\":[\"Biol\u00f3gicas\",\"Ideias\",\"Impressa\",\"Mem\u00f3ria\"],\"inLanguage\":\"pt-BR\",\"potentialAction\":[{\"@type\":\"CommentAction\",\"name\":\"Comment\",\"target\":[\"https:\/\/ciencia.ufpr.br\/portal\/danuncia-urban-a-abelha-mestra-do-departamento-de-zoologia\/#respond\"]}]},{\"@type\":\"WebPage\",\"@id\":\"https:\/\/ciencia.ufpr.br\/portal\/danuncia-urban-a-abelha-mestra-do-departamento-de-zoologia\/\",\"url\":\"https:\/\/ciencia.ufpr.br\/portal\/danuncia-urban-a-abelha-mestra-do-departamento-de-zoologia\/\",\"name\":\"Danuncia Urban, a abelha-mestra do Departamento de Zoologia da UFPR - Ci\u00eancia UFPR\",\"isPartOf\":{\"@id\":\"https:\/\/ciencia.ufpr.br\/portal\/#website\"},\"primaryImageOfPage\":{\"@id\":\"https:\/\/ciencia.ufpr.br\/portal\/danuncia-urban-a-abelha-mestra-do-departamento-de-zoologia\/#primaryimage\"},\"image\":{\"@id\":\"https:\/\/ciencia.ufpr.br\/portal\/danuncia-urban-a-abelha-mestra-do-departamento-de-zoologia\/#primaryimage\"},\"thumbnailUrl\":\"https:\/\/ciencia.ufpr.br\/portal\/wp-content\/uploads\/2019\/06\/30460408498_f0de0e1752_o1-scaled.jpg\",\"datePublished\":\"2019-12-23T09:54:20+00:00\",\"dateModified\":\"2023-06-02T20:35:03+00:00\",\"description\":\"Depois de aposentada da UFPR, em 1991, a professora continuou por mais de dez anos uma das principais catalogadoras das abelhas da regi\u00e3o neotropical do planeta.\",\"breadcrumb\":{\"@id\":\"https:\/\/ciencia.ufpr.br\/portal\/danuncia-urban-a-abelha-mestra-do-departamento-de-zoologia\/#breadcrumb\"},\"inLanguage\":\"pt-BR\",\"potentialAction\":[{\"@type\":\"ReadAction\",\"target\":[\"https:\/\/ciencia.ufpr.br\/portal\/danuncia-urban-a-abelha-mestra-do-departamento-de-zoologia\/\"]}]},{\"@type\":\"ImageObject\",\"inLanguage\":\"pt-BR\",\"@id\":\"https:\/\/ciencia.ufpr.br\/portal\/danuncia-urban-a-abelha-mestra-do-departamento-de-zoologia\/#primaryimage\",\"url\":\"https:\/\/ciencia.ufpr.br\/portal\/wp-content\/uploads\/2019\/06\/30460408498_f0de0e1752_o1-scaled.jpg\",\"contentUrl\":\"https:\/\/ciencia.ufpr.br\/portal\/wp-content\/uploads\/2019\/06\/30460408498_f0de0e1752_o1-scaled.jpg\",\"width\":2560,\"height\":1440,\"caption\":\"A cientista, aos 85 anos, em seu apartamento em Curitiba, em fotografia feita em agosto de 2018. Foto: Marcos Solivan\/Sucom-UFPR\"},{\"@type\":\"BreadcrumbList\",\"@id\":\"https:\/\/ciencia.ufpr.br\/portal\/danuncia-urban-a-abelha-mestra-do-departamento-de-zoologia\/#breadcrumb\",\"itemListElement\":[{\"@type\":\"ListItem\",\"position\":1,\"name\":\"Home\",\"item\":\"https:\/\/ciencia.ufpr.br\/portal\/\"},{\"@type\":\"ListItem\",\"position\":2,\"name\":\"Danuncia Urban, a abelha-mestra do Departamento de Zoologia da UFPR\"}]},{\"@type\":\"WebSite\",\"@id\":\"https:\/\/ciencia.ufpr.br\/portal\/#website\",\"url\":\"https:\/\/ciencia.ufpr.br\/portal\/\",\"name\":\"Ci\u00eancia UFPR\",\"description\":\"Site de temas cient\u00edficos com foco no conhecimento produzido na Universidade Federal do Paran\u00e1 (UFPR). Baseado na Revista Ci\u00eancia UFPR.\",\"publisher\":{\"@id\":\"https:\/\/ciencia.ufpr.br\/portal\/#organization\"},\"potentialAction\":[{\"@type\":\"SearchAction\",\"target\":{\"@type\":\"EntryPoint\",\"urlTemplate\":\"https:\/\/ciencia.ufpr.br\/portal\/?s={search_term_string}\"},\"query-input\":{\"@type\":\"PropertyValueSpecification\",\"valueRequired\":true,\"valueName\":\"search_term_string\"}}],\"inLanguage\":\"pt-BR\"},{\"@type\":\"Organization\",\"@id\":\"https:\/\/ciencia.ufpr.br\/portal\/#organization\",\"name\":\"Revista Ci\u00eancia UFPR\",\"url\":\"https:\/\/ciencia.ufpr.br\/portal\/\",\"logo\":{\"@type\":\"ImageObject\",\"inLanguage\":\"pt-BR\",\"@id\":\"https:\/\/ciencia.ufpr.br\/portal\/#\/schema\/logo\/image\/\",\"url\":\"https:\/\/ciencia.ufpr.br\/portal\/wp-content\/uploads\/2020\/12\/Revista-Ciencia-UFPR-vermelho.jpeg\",\"contentUrl\":\"https:\/\/ciencia.ufpr.br\/portal\/wp-content\/uploads\/2020\/12\/Revista-Ciencia-UFPR-vermelho.jpeg\",\"width\":992,\"height\":714,\"caption\":\"Revista Ci\u00eancia UFPR\"},\"image\":{\"@id\":\"https:\/\/ciencia.ufpr.br\/portal\/#\/schema\/logo\/image\/\"},\"sameAs\":[\"https:\/\/www.facebook.com\/cienciaufproficial\",\"https:\/\/x.com\/cienciaufpr\",\"https:\/\/www.instagram.com\/revistacienciaufpr\/\",\"https:\/\/www.linkedin.com\/company\/cienciaufproficial\",\"https:\/\/br.pinterest.com\/cienciaufpr\/\"]},{\"@type\":\"Person\",\"@id\":\"https:\/\/ciencia.ufpr.br\/portal\/#\/schema\/person\/b2d3b2036ea31f22ae6f5f6424e9c020\",\"name\":\"Camille Bropp\",\"description\":\"Formada em jornalismo (UFSC), com especializa\u00e7\u00e3o em sociologia pol\u00edtica (UFPR) e mestra em Divulga\u00e7\u00e3o Cient\u00edfica e Cultural (Unicamp). Jornalista na UFPR.\",\"sameAs\":[\"https:\/\/www.linkedin.com\/in\/camille-b-cardoso-1b229b21\/\"],\"url\":\"https:\/\/ciencia.ufpr.br\/portal\/author\/camille-bropp\/\"}]}<\/script>\n<!-- \/ Yoast SEO plugin. -->","yoast_head_json":{"title":"Danuncia Urban, a abelha-mestra do Departamento de Zoologia da UFPR - Ci\u00eancia UFPR","description":"Depois de aposentada da UFPR, em 1991, a professora continuou por mais de dez anos uma das principais catalogadoras das abelhas da regi\u00e3o neotropical do planeta.","robots":{"index":"index","follow":"follow","max-snippet":"max-snippet:-1","max-image-preview":"max-image-preview:large","max-video-preview":"max-video-preview:-1"},"canonical":"https:\/\/ciencia.ufpr.br\/portal\/danuncia-urban-a-abelha-mestra-do-departamento-de-zoologia\/","og_locale":"pt_BR","og_type":"article","og_title":"Danuncia Urban, a abelha-mestra do Departamento de Zoologia da UFPR - Ci\u00eancia UFPR","og_description":"Depois de aposentada da UFPR, em 1991, a professora continuou por mais de dez anos uma das principais catalogadoras das abelhas da regi\u00e3o neotropical do planeta.","og_url":"https:\/\/ciencia.ufpr.br\/portal\/danuncia-urban-a-abelha-mestra-do-departamento-de-zoologia\/","og_site_name":"Ci\u00eancia UFPR","article_publisher":"https:\/\/www.facebook.com\/cienciaufproficial","article_published_time":"2019-12-23T09:54:20+00:00","article_modified_time":"2023-06-02T20:35:03+00:00","og_image":[{"width":2560,"height":1440,"url":"https:\/\/ciencia.ufpr.br\/portal\/wp-content\/uploads\/2019\/06\/30460408498_f0de0e1752_o1-scaled.jpg","type":"image\/jpeg"}],"author":"Camille Bropp","twitter_card":"summary_large_image","twitter_creator":"@cienciaufpr","twitter_site":"@cienciaufpr","twitter_misc":{"Escrito por":"Camille Bropp","Est. tempo de leitura":"3 minutos"},"schema":{"@context":"https:\/\/schema.org","@graph":[{"@type":"Article","@id":"https:\/\/ciencia.ufpr.br\/portal\/danuncia-urban-a-abelha-mestra-do-departamento-de-zoologia\/#article","isPartOf":{"@id":"https:\/\/ciencia.ufpr.br\/portal\/danuncia-urban-a-abelha-mestra-do-departamento-de-zoologia\/"},"author":{"name":"Camille Bropp","@id":"https:\/\/ciencia.ufpr.br\/portal\/#\/schema\/person\/b2d3b2036ea31f22ae6f5f6424e9c020"},"headline":"Danuncia Urban, a abelha-mestra do Departamento de Zoologia da UFPR","datePublished":"2019-12-23T09:54:20+00:00","dateModified":"2023-06-02T20:35:03+00:00","mainEntityOfPage":{"@id":"https:\/\/ciencia.ufpr.br\/portal\/danuncia-urban-a-abelha-mestra-do-departamento-de-zoologia\/"},"wordCount":503,"commentCount":0,"publisher":{"@id":"https:\/\/ciencia.ufpr.br\/portal\/#organization"},"image":{"@id":"https:\/\/ciencia.ufpr.br\/portal\/danuncia-urban-a-abelha-mestra-do-departamento-de-zoologia\/#primaryimage"},"thumbnailUrl":"https:\/\/ciencia.ufpr.br\/portal\/wp-content\/uploads\/2019\/06\/30460408498_f0de0e1752_o1-scaled.jpg","keywords":["2019","entomologia","ideias","mem\u00f3ria","perfil","V. 4 n\u00ba 5 (2019)","zoologia"],"articleSection":["Biol\u00f3gicas","Ideias","Impressa","Mem\u00f3ria"],"inLanguage":"pt-BR","potentialAction":[{"@type":"CommentAction","name":"Comment","target":["https:\/\/ciencia.ufpr.br\/portal\/danuncia-urban-a-abelha-mestra-do-departamento-de-zoologia\/#respond"]}]},{"@type":"WebPage","@id":"https:\/\/ciencia.ufpr.br\/portal\/danuncia-urban-a-abelha-mestra-do-departamento-de-zoologia\/","url":"https:\/\/ciencia.ufpr.br\/portal\/danuncia-urban-a-abelha-mestra-do-departamento-de-zoologia\/","name":"Danuncia Urban, a abelha-mestra do Departamento de Zoologia da UFPR - Ci\u00eancia UFPR","isPartOf":{"@id":"https:\/\/ciencia.ufpr.br\/portal\/#website"},"primaryImageOfPage":{"@id":"https:\/\/ciencia.ufpr.br\/portal\/danuncia-urban-a-abelha-mestra-do-departamento-de-zoologia\/#primaryimage"},"image":{"@id":"https:\/\/ciencia.ufpr.br\/portal\/danuncia-urban-a-abelha-mestra-do-departamento-de-zoologia\/#primaryimage"},"thumbnailUrl":"https:\/\/ciencia.ufpr.br\/portal\/wp-content\/uploads\/2019\/06\/30460408498_f0de0e1752_o1-scaled.jpg","datePublished":"2019-12-23T09:54:20+00:00","dateModified":"2023-06-02T20:35:03+00:00","description":"Depois de aposentada da UFPR, em 1991, a professora continuou por mais de dez anos uma das principais catalogadoras das abelhas da regi\u00e3o neotropical do planeta.","breadcrumb":{"@id":"https:\/\/ciencia.ufpr.br\/portal\/danuncia-urban-a-abelha-mestra-do-departamento-de-zoologia\/#breadcrumb"},"inLanguage":"pt-BR","potentialAction":[{"@type":"ReadAction","target":["https:\/\/ciencia.ufpr.br\/portal\/danuncia-urban-a-abelha-mestra-do-departamento-de-zoologia\/"]}]},{"@type":"ImageObject","inLanguage":"pt-BR","@id":"https:\/\/ciencia.ufpr.br\/portal\/danuncia-urban-a-abelha-mestra-do-departamento-de-zoologia\/#primaryimage","url":"https:\/\/ciencia.ufpr.br\/portal\/wp-content\/uploads\/2019\/06\/30460408498_f0de0e1752_o1-scaled.jpg","contentUrl":"https:\/\/ciencia.ufpr.br\/portal\/wp-content\/uploads\/2019\/06\/30460408498_f0de0e1752_o1-scaled.jpg","width":2560,"height":1440,"caption":"A cientista, aos 85 anos, em seu apartamento em Curitiba, em fotografia feita em agosto de 2018. Foto: Marcos Solivan\/Sucom-UFPR"},{"@type":"BreadcrumbList","@id":"https:\/\/ciencia.ufpr.br\/portal\/danuncia-urban-a-abelha-mestra-do-departamento-de-zoologia\/#breadcrumb","itemListElement":[{"@type":"ListItem","position":1,"name":"Home","item":"https:\/\/ciencia.ufpr.br\/portal\/"},{"@type":"ListItem","position":2,"name":"Danuncia Urban, a abelha-mestra do Departamento de Zoologia da UFPR"}]},{"@type":"WebSite","@id":"https:\/\/ciencia.ufpr.br\/portal\/#website","url":"https:\/\/ciencia.ufpr.br\/portal\/","name":"Ci\u00eancia UFPR","description":"Site de temas cient\u00edficos com foco no conhecimento produzido na Universidade Federal do Paran\u00e1 (UFPR). Baseado na Revista Ci\u00eancia UFPR.","publisher":{"@id":"https:\/\/ciencia.ufpr.br\/portal\/#organization"},"potentialAction":[{"@type":"SearchAction","target":{"@type":"EntryPoint","urlTemplate":"https:\/\/ciencia.ufpr.br\/portal\/?s={search_term_string}"},"query-input":{"@type":"PropertyValueSpecification","valueRequired":true,"valueName":"search_term_string"}}],"inLanguage":"pt-BR"},{"@type":"Organization","@id":"https:\/\/ciencia.ufpr.br\/portal\/#organization","name":"Revista Ci\u00eancia UFPR","url":"https:\/\/ciencia.ufpr.br\/portal\/","logo":{"@type":"ImageObject","inLanguage":"pt-BR","@id":"https:\/\/ciencia.ufpr.br\/portal\/#\/schema\/logo\/image\/","url":"https:\/\/ciencia.ufpr.br\/portal\/wp-content\/uploads\/2020\/12\/Revista-Ciencia-UFPR-vermelho.jpeg","contentUrl":"https:\/\/ciencia.ufpr.br\/portal\/wp-content\/uploads\/2020\/12\/Revista-Ciencia-UFPR-vermelho.jpeg","width":992,"height":714,"caption":"Revista Ci\u00eancia UFPR"},"image":{"@id":"https:\/\/ciencia.ufpr.br\/portal\/#\/schema\/logo\/image\/"},"sameAs":["https:\/\/www.facebook.com\/cienciaufproficial","https:\/\/x.com\/cienciaufpr","https:\/\/www.instagram.com\/revistacienciaufpr\/","https:\/\/www.linkedin.com\/company\/cienciaufproficial","https:\/\/br.pinterest.com\/cienciaufpr\/"]},{"@type":"Person","@id":"https:\/\/ciencia.ufpr.br\/portal\/#\/schema\/person\/b2d3b2036ea31f22ae6f5f6424e9c020","name":"Camille Bropp","description":"Formada em jornalismo (UFSC), com especializa\u00e7\u00e3o em sociologia pol\u00edtica (UFPR) e mestra em Divulga\u00e7\u00e3o Cient\u00edfica e Cultural (Unicamp). Jornalista na UFPR.","sameAs":["https:\/\/www.linkedin.com\/in\/camille-b-cardoso-1b229b21\/"],"url":"https:\/\/ciencia.ufpr.br\/portal\/author\/camille-bropp\/"}]}},"views":2188,"jetpack_sharing_enabled":true,"jetpack_featured_media_url":"https:\/\/ciencia.ufpr.br\/portal\/wp-content\/uploads\/2019\/06\/30460408498_f0de0e1752_o1-scaled.jpg","_links":{"self":[{"href":"https:\/\/ciencia.ufpr.br\/portal\/wp-json\/wp\/v2\/posts\/17665"}],"collection":[{"href":"https:\/\/ciencia.ufpr.br\/portal\/wp-json\/wp\/v2\/posts"}],"about":[{"href":"https:\/\/ciencia.ufpr.br\/portal\/wp-json\/wp\/v2\/types\/post"}],"author":[{"embeddable":true,"href":"https:\/\/ciencia.ufpr.br\/portal\/wp-json\/wp\/v2\/users\/2800"}],"replies":[{"embeddable":true,"href":"https:\/\/ciencia.ufpr.br\/portal\/wp-json\/wp\/v2\/comments?post=17665"}],"version-history":[{"count":15,"href":"https:\/\/ciencia.ufpr.br\/portal\/wp-json\/wp\/v2\/posts\/17665\/revisions"}],"predecessor-version":[{"id":22635,"href":"https:\/\/ciencia.ufpr.br\/portal\/wp-json\/wp\/v2\/posts\/17665\/revisions\/22635"}],"wp:featuredmedia":[{"embeddable":true,"href":"https:\/\/ciencia.ufpr.br\/portal\/wp-json\/wp\/v2\/media\/17747"}],"wp:attachment":[{"href":"https:\/\/ciencia.ufpr.br\/portal\/wp-json\/wp\/v2\/media?parent=17665"}],"wp:term":[{"taxonomy":"category","embeddable":true,"href":"https:\/\/ciencia.ufpr.br\/portal\/wp-json\/wp\/v2\/categories?post=17665"},{"taxonomy":"post_tag","embeddable":true,"href":"https:\/\/ciencia.ufpr.br\/portal\/wp-json\/wp\/v2\/tags?post=17665"}],"curies":[{"name":"wp","href":"https:\/\/api.w.org\/{rel}","templated":true}]}}