{"id":17528,"date":"2020-06-23T06:12:34","date_gmt":"2020-06-23T09:12:34","guid":{"rendered":"https:\/\/ciencia.ufpr.br\/portal\/?p=17528"},"modified":"2026-02-02T15:08:59","modified_gmt":"2026-02-02T18:08:59","slug":"pesquisa-busca-reduzir-dias-de-espera-por-diagnostico-de-sepse-neonatal","status":"publish","type":"post","link":"https:\/\/ciencia.ufpr.br\/portal\/pesquisa-busca-reduzir-dias-de-espera-por-diagnostico-de-sepse-neonatal\/","title":{"rendered":"Pesquisa busca reduzir dias de espera por diagn\u00f3stico de sepse neonatal"},"content":{"rendered":"<p>A espera de um a tr\u00eas dias para o resultado do exame que diagnostica uma infec\u00e7\u00e3o frequente em rec\u00e9m-nascidos pode mudar para 15 a 20 minutos. A rapidez permite tratamento direcionado com agilidade. O resultado \u00e9 a possibilidade de diminuir o tempo de interna\u00e7\u00e3o e a mortalidade de beb\u00eas por sepse neonatal. \u00c9 o que mostra pesquisa de inicia\u00e7\u00e3o cient\u00edfica da Universidade Federal do Paran\u00e1 (UFPR) que usa teste de aglutina\u00e7\u00e3o em l\u00e1tex para prote\u00ednas A para agilizar a identifica\u00e7\u00e3o da bact\u00e9ria <em>Staphylococcus aureus<\/em>, causadora da sepse neonatal.<\/p>\n<p>O estudo da rec\u00e9m-graduada em Medicina Carolina Labigalini Sampaio, orientada pela professora Keite da Silva Nogueira, do Departamento de Patologia B\u00e1sica da UFPR, analisa a efic\u00e1cia do teste em l\u00e1tex para identificar a bact\u00e9ria em apenas de 15 a 20 minutos. O m\u00e9todo usado normalmente para caracterizar o agente patog\u00eanico \u00e9 a hemocultura, que detecta a presen\u00e7a de bact\u00e9rias ou fungos no sangue, seguida do antibiograma, que permite a identifica\u00e7\u00e3o do antibi\u00f3tico mais adequado para o tratamento. O procedimento costuma demorar de 24 a 72 horas.<\/p>\n<blockquote class=\"alignright\"><p>\u201c\u00c9 uma infec\u00e7\u00e3o frequente e grave e deve ser diagnosticada e tratada rapida\u00admente\u201d<\/p>\n<footer><cite>Keite da Silva Nogueira, do Departamento de Patologia B\u00e1sica da UFPR, orientadora do estudo<\/cite><\/footer>\n<p>&nbsp;<\/p><\/blockquote>\n<p>\u201cNossa proposta \u00e9 avaliar a performance de um teste simples, j\u00e1 feito em laborat\u00f3rios, e que n\u00e3o necessita de equipamentos para identificar a bact\u00e9ria causadora de sepse neonatal a partir do caldo de hemocultura positiva\u201d, explica a professora Keite.<\/p>\n<p>De acordo com os dados mais recentes publicados pelo Minist\u00e9rio da Sa\u00fade, a sepse \u00e9 uma das principais causas de mortalidade por doen\u00e7as no per\u00edodo neonatal. A incid\u00eancia varia de um a oito casos por mil nascidos vivos, sendo a taxa de mortalidade em m\u00e9dia de 25%, em 2014.<\/p>\n<p>\u201c\u00c9 uma condi\u00e7\u00e3o grave respons\u00e1vel por grande parcela das mortes em rec\u00e9m-nascidos. Escolhi esse tema com intuito de tentar ajudar no atendimento desses pequenos pacientes atrav\u00e9s dos resultados da pesquisa\u201d, conta Carolina. \u201c\u00c9 uma infec\u00e7\u00e3o frequente e grave e deve ser diagnosticada e tratada rapida\u00admente\u201d, acrescenta a professora Keite.<\/p>\n<h2>Adapta\u00e7\u00e3o de kit diagn\u00f3stico j\u00e1 existente<\/h2>\n<p>A metodologia normalmente usada para o teste de aglutina\u00e7\u00e3o em l\u00e1tex \u00e9 fazer a an\u00e1lise ap\u00f3s isolamento bacteriano em meio s\u00f3lido. O estudo da UFPR mudou a forma de realizar o teste, utilizando direto o meio l\u00edquido, antes do subcultivo da hemocultura. O teste usa part\u00edculas de l\u00e1tex ligadas a anticorpos que reagem com a prote\u00edna A da bact\u00e9ria <em>Staphylococcus aureus<\/em>, respons\u00e1vel por infec\u00e7\u00f5es mais graves na corrente sangu\u00ednea. Quando a rea\u00e7\u00e3o ocorre formam-se pequenas part\u00edculas que indicam um teste positivo.<\/p>\n<p>As pesquisadoras sugerem que o teste r\u00e1pido avaliado seja feito enquanto o resultado da hemocultura n\u00e3o fica pronto e se der positivo, pode guiar a escolha do antimicrobiano. \u201cExistem m\u00e9todos mais avan\u00e7ados como espectrometria de massa ou biologia molecular, mas avaliamos esse teste que \u00e9 mais barato e pode ser realizado sem a aquisi\u00e7\u00e3o de equipamentos\u201d, explica a professora Keite.<\/p>\n<figure id=\"attachment_17532\" aria-describedby=\"caption-attachment-17532\" style=\"width: 236px\" class=\"wp-caption alignleft\"><img loading=\"lazy\" decoding=\"async\" class=\"wp-image-17532 size-medium\" src=\"https:\/\/ciencia.ufpr.br\/portal\/wp-content\/uploads\/2020\/12\/Teste-em-l\u00e1tex-236x300.jpeg\" alt=\"Teste usa part\u00edculas de l\u00e1tex ligadas a anticorpos que reagem com a prote\u00edna A da bact\u00e9ria Staphylococcus aureus. Foto: Acervo Pessoal\" width=\"236\" height=\"300\" srcset=\"https:\/\/ciencia.ufpr.br\/portal\/wp-content\/uploads\/2020\/12\/Teste-em-l\u00e1tex-236x300.jpeg 236w, https:\/\/ciencia.ufpr.br\/portal\/wp-content\/uploads\/2020\/12\/Teste-em-l\u00e1tex-804x1024.jpeg 804w, https:\/\/ciencia.ufpr.br\/portal\/wp-content\/uploads\/2020\/12\/Teste-em-l\u00e1tex-768x978.jpeg 768w, https:\/\/ciencia.ufpr.br\/portal\/wp-content\/uploads\/2020\/12\/Teste-em-l\u00e1tex.jpeg 1005w\" sizes=\"(max-width: 236px) 100vw, 236px\" \/><figcaption id=\"caption-attachment-17532\" class=\"wp-caption-text\">Teste usa part\u00edculas de l\u00e1tex ligadas a anticorpos que reagem com a prote\u00edna A da bact\u00e9ria Staphylococcus aureus. Foto: Acervo Pessoal<\/figcaption><\/figure>\n<p>\u201cHoje existem equipamentos r\u00e1pidos e mais acurados que o teste em quest\u00e3o e que a hemocultura, por\u00e9m de alto custo. Sabemos que a maior parte dos servi\u00e7os no \u00adBrasil n\u00e3o t\u00eam condi\u00e7\u00f5es de adquirir esses equipamentos. Ent\u00e3o o teste r\u00e1pido \u00e9 uma alternativa barata, de f\u00e1cil utiliza\u00e7\u00e3o, capaz de direcionar melhor e mais rapidamente o tratamento quando positivo\u201d, acrescenta Carolina.<\/p>\n<p>Para o estudo, foram feitos 50 testes iniciais dos caldos de hemocultura dos pacientes internados na Unidade de Terapia Intensiva Neonatal do Complexo Hospital de Cl\u00ednicas (CHC) da UFPR de abril a julho do ano passado. A professora Keite esclarece que um n\u00famero maior de amostras precisa ser testada para garantir a sensibilidade e especificidade do m\u00e9todo.<\/p>\n<p>\u201cApenas ap\u00f3s um n\u00famero significativo de testes poder\u00edamos passar a reportar esses resultados para os cl\u00ednicos\u201d, diz.<\/p>\n<p>Ap\u00f3s a valida\u00e7\u00e3o do teste em l\u00e1tex para uso na identifica\u00e7\u00e3o de Staphylococcus aureus, a mesma metodologia pode ser usada identifica\u00e7\u00e3o de outras esp\u00e9cies de bact\u00e9rias de sepse neonatal, como Streptococcus, beta-lactamases e outros. As pesquisadoras comentam que Staphylococcus \u00e9 o g\u00eanero mais frequente em infec\u00e7\u00f5es de corrente sangu\u00ednea e unidade neonatais. \u201cApesar de outras esp\u00e9cies como o Staphylococcus epidermidis serem mais frequentes que o Staphylococcus aureus, o aureus \u00e9 respons\u00e1vel por infec\u00e7\u00f5es mais graves\u201d, explica Keite.<\/p>\n<h2>Benef\u00edcios da inicia\u00e7\u00e3o cient\u00edfica para a forma\u00e7\u00e3o<\/h2>\n<p>Carolina Labigalini Sampaio \u00e9 formada pela primeira turma de Medicina que colou grau online pela UFPR em maio deste ano devido \u00e0 pandemia de Covid-19. Durante a gradua\u00e7\u00e3o, ela come\u00e7ou a fazer pesquisa em 2018 em inicia\u00e7\u00e3o cient\u00edfica orientada pela professora Keite tamb\u00e9m estudando a sepse neonatal.<\/p>\n<p>Para Carolina, a forma\u00e7\u00e3o envolvendo a inicia\u00e7\u00e3o cient\u00edfica auxiliou tanto na compreens\u00e3o de como funciona uma pesquisa quanto no conhecimento de como funciona o laborat\u00f3rio de um hospital. \u201cAl\u00e9m de todo conhecimento te\u00f3rico que adquiri revisando o tema do estudo, aprendi muito sobre como funciona uma pesquisa, como planej\u00e1-la, como conduzi-la e como escrever um artigo cient\u00edfico\u201d.<\/p>\n<p>\u201cTamb\u00e9m foi essencial para entender como funciona o laborat\u00f3rio do hospital, quais os passos para obter o resultado de um exame, quanto tempo demora, como solicitar corretamente, como deve ser coletada uma amostra adequada\u201d, complementa.<\/p>\n<p>A experi\u00eancia vista como uma oportunidade foi adquirida com a participa\u00e7\u00e3o em todas as etapas da pesquisa. \u201cA orientadora me ajudou a planejar o estudo, a conseguir os testes e me ensinou como us\u00e1-los. Fiz a testagem das amostras, computei os resultados, fiz a an\u00e1lise estat\u00edstica e escrevi o trabalho. Eu s\u00f3 tenho a agradecer \u00e0 UFPR e \u00e0 professora Keite pela oportunidade.<\/p>\n<p>Agrade\u00e7o muito tamb\u00e9m a todos que trabalham no Laborat\u00f3rio de An\u00e1lises Cl\u00ednicas do CHC por toda ajuda durante esses anos\u201d, diz Carolina.<\/p>\n<h5 style=\"text-align: right;\">Por Chirlei Kohls.<\/h5>\n<h6 style=\"text-align: right;\">\ud83d\udcd6 Publicado originalmente na Revista Ci\u00eancia UFPR (V. 5, n\u00ba 6,\u00a02020).<\/h6>\n","protected":false},"excerpt":{"rendered":"<p>A espera de um a tr\u00eas dias para o resultado do exame que diagnostica uma infec\u00e7\u00e3o frequente em rec\u00e9m-nascidos pode&#8230;<\/p>\n","protected":false},"author":2806,"featured_media":17533,"comment_status":"open","ping_status":"open","sticky":false,"template":"","format":"standard","meta":{"_acf_changed":false,"footnotes":"","fifu_image_url":"","fifu_image_alt":"","_jetpack_memberships_contains_paid_content":false},"categories":[1608,2258,1,1610],"tags":[1865,2860,1753,1744,1729,1688,1762],"acf":[],"yoast_head":"<!-- This site is optimized with the Yoast SEO plugin v23.5 - https:\/\/yoast.com\/wordpress\/plugins\/seo\/ -->\n<title>Pesquisa busca reduzir dias de espera por diagn\u00f3stico de sepse neonatal - Ci\u00eancia UFPR<\/title>\n<meta name=\"description\" content=\"Estudado no Departamento de Patologia B\u00e1sica da UFPR, teste que usa aglutina\u00e7\u00e3o em l\u00e1tex agiliza identifica\u00e7\u00e3o de bact\u00e9ria para diminuir mortalidade de beb\u00eas rec\u00e9m-nascidos nos hospitais.\" \/>\n<meta name=\"robots\" content=\"index, follow, max-snippet:-1, max-image-preview:large, max-video-preview:-1\" \/>\n<link rel=\"canonical\" href=\"https:\/\/ciencia.ufpr.br\/portal\/pesquisa-busca-reduzir-dias-de-espera-por-diagnostico-de-sepse-neonatal\/\" \/>\n<meta property=\"og:locale\" content=\"pt_BR\" \/>\n<meta property=\"og:type\" content=\"article\" \/>\n<meta property=\"og:title\" content=\"Pesquisa busca reduzir dias de espera por diagn\u00f3stico de sepse neonatal - Ci\u00eancia UFPR\" \/>\n<meta property=\"og:description\" content=\"Estudado no Departamento de Patologia B\u00e1sica da UFPR, teste que usa aglutina\u00e7\u00e3o em l\u00e1tex agiliza identifica\u00e7\u00e3o de bact\u00e9ria para diminuir mortalidade de beb\u00eas rec\u00e9m-nascidos nos hospitais.\" \/>\n<meta property=\"og:url\" content=\"https:\/\/ciencia.ufpr.br\/portal\/pesquisa-busca-reduzir-dias-de-espera-por-diagnostico-de-sepse-neonatal\/\" \/>\n<meta property=\"og:site_name\" content=\"Ci\u00eancia UFPR\" \/>\n<meta property=\"article:publisher\" content=\"https:\/\/www.facebook.com\/cienciaufproficial\" \/>\n<meta property=\"article:author\" content=\"https:\/\/facebook.com\/cienciaufproficial\/\" \/>\n<meta property=\"article:published_time\" content=\"2020-06-23T09:12:34+00:00\" \/>\n<meta property=\"article:modified_time\" content=\"2026-02-02T18:08:59+00:00\" \/>\n<meta property=\"og:image\" content=\"https:\/\/ciencia.ufpr.br\/portal\/wp-content\/uploads\/2020\/12\/Servicio-de-Neonatolog\u00eda-del-Hospital-Sant-Joan-de-D\u00e9u-de-Barcelona.-Ariadna-Creus-i-\u00c0ngel-Garc\u00eda-Flickr-2019.jpg\" \/>\n\t<meta property=\"og:image:width\" content=\"1200\" \/>\n\t<meta property=\"og:image:height\" content=\"800\" \/>\n\t<meta property=\"og:image:type\" content=\"image\/jpeg\" \/>\n<meta name=\"author\" content=\"Reda\u00e7\u00e3o Ci\u00eancia UFPR\" \/>\n<meta name=\"twitter:card\" content=\"summary_large_image\" \/>\n<meta name=\"twitter:creator\" content=\"@cienciaufpr\" \/>\n<meta name=\"twitter:site\" content=\"@cienciaufpr\" \/>\n<meta name=\"twitter:label1\" content=\"Escrito por\" \/>\n\t<meta name=\"twitter:data1\" content=\"Reda\u00e7\u00e3o Ci\u00eancia UFPR\" \/>\n\t<meta name=\"twitter:label2\" content=\"Est. tempo de leitura\" \/>\n\t<meta name=\"twitter:data2\" content=\"6 minutos\" \/>\n<script type=\"application\/ld+json\" class=\"yoast-schema-graph\">{\"@context\":\"https:\/\/schema.org\",\"@graph\":[{\"@type\":\"Article\",\"@id\":\"https:\/\/ciencia.ufpr.br\/portal\/pesquisa-busca-reduzir-dias-de-espera-por-diagnostico-de-sepse-neonatal\/#article\",\"isPartOf\":{\"@id\":\"https:\/\/ciencia.ufpr.br\/portal\/pesquisa-busca-reduzir-dias-de-espera-por-diagnostico-de-sepse-neonatal\/\"},\"author\":{\"name\":\"Reda\u00e7\u00e3o Ci\u00eancia UFPR\",\"@id\":\"https:\/\/ciencia.ufpr.br\/portal\/#\/schema\/person\/562217e00c1aa3a8c132639249490a83\"},\"headline\":\"Pesquisa busca reduzir dias de espera por diagn\u00f3stico de sepse neonatal\",\"datePublished\":\"2020-06-23T09:12:34+00:00\",\"dateModified\":\"2026-02-02T18:08:59+00:00\",\"mainEntityOfPage\":{\"@id\":\"https:\/\/ciencia.ufpr.br\/portal\/pesquisa-busca-reduzir-dias-de-espera-por-diagnostico-de-sepse-neonatal\/\"},\"wordCount\":1081,\"commentCount\":0,\"publisher\":{\"@id\":\"https:\/\/ciencia.ufpr.br\/portal\/#organization\"},\"image\":{\"@id\":\"https:\/\/ciencia.ufpr.br\/portal\/pesquisa-busca-reduzir-dias-de-espera-por-diagnostico-de-sepse-neonatal\/#primaryimage\"},\"thumbnailUrl\":\"https:\/\/ciencia.ufpr.br\/portal\/wp-content\/uploads\/2020\/12\/Servicio-de-Neonatolog\u00eda-del-Hospital-Sant-Joan-de-D\u00e9u-de-Barcelona.-Ariadna-Creus-i-\u00c0ngel-Garc\u00eda-Flickr-2019.jpg\",\"keywords\":[\"2020\",\"hospitais universit\u00e1rios\",\"inf\u00e2ncia\",\"patologia\",\"revista\",\"sa\u00fade p\u00fablica\",\"V. 5 n\u00ba 6 (2020)\"],\"articleSection\":[\"Biol\u00f3gicas\",\"Impressa\",\"Reportagem\",\"Sa\u00fade\"],\"inLanguage\":\"pt-BR\",\"potentialAction\":[{\"@type\":\"CommentAction\",\"name\":\"Comment\",\"target\":[\"https:\/\/ciencia.ufpr.br\/portal\/pesquisa-busca-reduzir-dias-de-espera-por-diagnostico-de-sepse-neonatal\/#respond\"]}]},{\"@type\":\"WebPage\",\"@id\":\"https:\/\/ciencia.ufpr.br\/portal\/pesquisa-busca-reduzir-dias-de-espera-por-diagnostico-de-sepse-neonatal\/\",\"url\":\"https:\/\/ciencia.ufpr.br\/portal\/pesquisa-busca-reduzir-dias-de-espera-por-diagnostico-de-sepse-neonatal\/\",\"name\":\"Pesquisa busca reduzir dias de espera por diagn\u00f3stico de sepse neonatal - Ci\u00eancia UFPR\",\"isPartOf\":{\"@id\":\"https:\/\/ciencia.ufpr.br\/portal\/#website\"},\"primaryImageOfPage\":{\"@id\":\"https:\/\/ciencia.ufpr.br\/portal\/pesquisa-busca-reduzir-dias-de-espera-por-diagnostico-de-sepse-neonatal\/#primaryimage\"},\"image\":{\"@id\":\"https:\/\/ciencia.ufpr.br\/portal\/pesquisa-busca-reduzir-dias-de-espera-por-diagnostico-de-sepse-neonatal\/#primaryimage\"},\"thumbnailUrl\":\"https:\/\/ciencia.ufpr.br\/portal\/wp-content\/uploads\/2020\/12\/Servicio-de-Neonatolog\u00eda-del-Hospital-Sant-Joan-de-D\u00e9u-de-Barcelona.-Ariadna-Creus-i-\u00c0ngel-Garc\u00eda-Flickr-2019.jpg\",\"datePublished\":\"2020-06-23T09:12:34+00:00\",\"dateModified\":\"2026-02-02T18:08:59+00:00\",\"description\":\"Estudado no Departamento de Patologia B\u00e1sica da UFPR, teste que usa aglutina\u00e7\u00e3o em l\u00e1tex agiliza identifica\u00e7\u00e3o de bact\u00e9ria para diminuir mortalidade de beb\u00eas rec\u00e9m-nascidos nos hospitais.\",\"breadcrumb\":{\"@id\":\"https:\/\/ciencia.ufpr.br\/portal\/pesquisa-busca-reduzir-dias-de-espera-por-diagnostico-de-sepse-neonatal\/#breadcrumb\"},\"inLanguage\":\"pt-BR\",\"potentialAction\":[{\"@type\":\"ReadAction\",\"target\":[\"https:\/\/ciencia.ufpr.br\/portal\/pesquisa-busca-reduzir-dias-de-espera-por-diagnostico-de-sepse-neonatal\/\"]}]},{\"@type\":\"ImageObject\",\"inLanguage\":\"pt-BR\",\"@id\":\"https:\/\/ciencia.ufpr.br\/portal\/pesquisa-busca-reduzir-dias-de-espera-por-diagnostico-de-sepse-neonatal\/#primaryimage\",\"url\":\"https:\/\/ciencia.ufpr.br\/portal\/wp-content\/uploads\/2020\/12\/Servicio-de-Neonatolog\u00eda-del-Hospital-Sant-Joan-de-D\u00e9u-de-Barcelona.-Ariadna-Creus-i-\u00c0ngel-Garc\u00eda-Flickr-2019.jpg\",\"contentUrl\":\"https:\/\/ciencia.ufpr.br\/portal\/wp-content\/uploads\/2020\/12\/Servicio-de-Neonatolog\u00eda-del-Hospital-Sant-Joan-de-D\u00e9u-de-Barcelona.-Ariadna-Creus-i-\u00c0ngel-Garc\u00eda-Flickr-2019.jpg\",\"width\":1200,\"height\":800,\"caption\":\"A taxa de mortalidade por sepse entre nascidos vivos no Brasil \u00e9, em m\u00e9dia, de 25%, segundo dado de 2014. Foto: A. Creus\/Divulga\u00e7\u00e3o, 2019\"},{\"@type\":\"BreadcrumbList\",\"@id\":\"https:\/\/ciencia.ufpr.br\/portal\/pesquisa-busca-reduzir-dias-de-espera-por-diagnostico-de-sepse-neonatal\/#breadcrumb\",\"itemListElement\":[{\"@type\":\"ListItem\",\"position\":1,\"name\":\"Home\",\"item\":\"https:\/\/ciencia.ufpr.br\/portal\/\"},{\"@type\":\"ListItem\",\"position\":2,\"name\":\"Pesquisa busca reduzir dias de espera por diagn\u00f3stico de sepse neonatal\"}]},{\"@type\":\"WebSite\",\"@id\":\"https:\/\/ciencia.ufpr.br\/portal\/#website\",\"url\":\"https:\/\/ciencia.ufpr.br\/portal\/\",\"name\":\"Ci\u00eancia UFPR\",\"description\":\"Site de temas cient\u00edficos com foco no conhecimento produzido na Universidade Federal do Paran\u00e1 (UFPR). Baseado na Revista Ci\u00eancia UFPR.\",\"publisher\":{\"@id\":\"https:\/\/ciencia.ufpr.br\/portal\/#organization\"},\"potentialAction\":[{\"@type\":\"SearchAction\",\"target\":{\"@type\":\"EntryPoint\",\"urlTemplate\":\"https:\/\/ciencia.ufpr.br\/portal\/?s={search_term_string}\"},\"query-input\":{\"@type\":\"PropertyValueSpecification\",\"valueRequired\":true,\"valueName\":\"search_term_string\"}}],\"inLanguage\":\"pt-BR\"},{\"@type\":\"Organization\",\"@id\":\"https:\/\/ciencia.ufpr.br\/portal\/#organization\",\"name\":\"Revista Ci\u00eancia UFPR\",\"url\":\"https:\/\/ciencia.ufpr.br\/portal\/\",\"logo\":{\"@type\":\"ImageObject\",\"inLanguage\":\"pt-BR\",\"@id\":\"https:\/\/ciencia.ufpr.br\/portal\/#\/schema\/logo\/image\/\",\"url\":\"https:\/\/ciencia.ufpr.br\/portal\/wp-content\/uploads\/2020\/12\/Revista-Ciencia-UFPR-vermelho.jpeg\",\"contentUrl\":\"https:\/\/ciencia.ufpr.br\/portal\/wp-content\/uploads\/2020\/12\/Revista-Ciencia-UFPR-vermelho.jpeg\",\"width\":992,\"height\":714,\"caption\":\"Revista Ci\u00eancia UFPR\"},\"image\":{\"@id\":\"https:\/\/ciencia.ufpr.br\/portal\/#\/schema\/logo\/image\/\"},\"sameAs\":[\"https:\/\/www.facebook.com\/cienciaufproficial\",\"https:\/\/x.com\/cienciaufpr\",\"https:\/\/www.instagram.com\/revistacienciaufpr\/\",\"https:\/\/www.linkedin.com\/company\/cienciaufproficial\",\"https:\/\/br.pinterest.com\/cienciaufpr\/\"]},{\"@type\":\"Person\",\"@id\":\"https:\/\/ciencia.ufpr.br\/portal\/#\/schema\/person\/562217e00c1aa3a8c132639249490a83\",\"name\":\"Reda\u00e7\u00e3o Ci\u00eancia UFPR\",\"description\":\"Site de jornalismo e divulga\u00e7\u00e3o cient\u00edficos sobre o conhecimento produzido na Universidade Federal do Paran\u00e1 (UFPR). Baseado na Revista Ci\u00eancia UFPR, editada pela Superintend\u00eancia de Comunica\u00e7\u00e3o (Sucom) desde 2016.\",\"sameAs\":[\"https:\/\/facebook.com\/cienciaufproficial\/\",\"https:\/\/www.instagram.com\/revistacienciaufpr\/\",\"https:\/\/x.com\/cienciaufpr\"],\"url\":\"https:\/\/ciencia.ufpr.br\/portal\/author\/revistacienciaufpr\/\"}]}<\/script>\n<!-- \/ Yoast SEO plugin. -->","yoast_head_json":{"title":"Pesquisa busca reduzir dias de espera por diagn\u00f3stico de sepse neonatal - Ci\u00eancia UFPR","description":"Estudado no Departamento de Patologia B\u00e1sica da UFPR, teste que usa aglutina\u00e7\u00e3o em l\u00e1tex agiliza identifica\u00e7\u00e3o de bact\u00e9ria para diminuir mortalidade de beb\u00eas rec\u00e9m-nascidos nos hospitais.","robots":{"index":"index","follow":"follow","max-snippet":"max-snippet:-1","max-image-preview":"max-image-preview:large","max-video-preview":"max-video-preview:-1"},"canonical":"https:\/\/ciencia.ufpr.br\/portal\/pesquisa-busca-reduzir-dias-de-espera-por-diagnostico-de-sepse-neonatal\/","og_locale":"pt_BR","og_type":"article","og_title":"Pesquisa busca reduzir dias de espera por diagn\u00f3stico de sepse neonatal - Ci\u00eancia UFPR","og_description":"Estudado no Departamento de Patologia B\u00e1sica da UFPR, teste que usa aglutina\u00e7\u00e3o em l\u00e1tex agiliza identifica\u00e7\u00e3o de bact\u00e9ria para diminuir mortalidade de beb\u00eas rec\u00e9m-nascidos nos hospitais.","og_url":"https:\/\/ciencia.ufpr.br\/portal\/pesquisa-busca-reduzir-dias-de-espera-por-diagnostico-de-sepse-neonatal\/","og_site_name":"Ci\u00eancia UFPR","article_publisher":"https:\/\/www.facebook.com\/cienciaufproficial","article_author":"https:\/\/facebook.com\/cienciaufproficial\/","article_published_time":"2020-06-23T09:12:34+00:00","article_modified_time":"2026-02-02T18:08:59+00:00","og_image":[{"width":1200,"height":800,"url":"https:\/\/ciencia.ufpr.br\/portal\/wp-content\/uploads\/2020\/12\/Servicio-de-Neonatolog\u00eda-del-Hospital-Sant-Joan-de-D\u00e9u-de-Barcelona.-Ariadna-Creus-i-\u00c0ngel-Garc\u00eda-Flickr-2019.jpg","type":"image\/jpeg"}],"author":"Reda\u00e7\u00e3o Ci\u00eancia UFPR","twitter_card":"summary_large_image","twitter_creator":"@cienciaufpr","twitter_site":"@cienciaufpr","twitter_misc":{"Escrito por":"Reda\u00e7\u00e3o Ci\u00eancia UFPR","Est. tempo de leitura":"6 minutos"},"schema":{"@context":"https:\/\/schema.org","@graph":[{"@type":"Article","@id":"https:\/\/ciencia.ufpr.br\/portal\/pesquisa-busca-reduzir-dias-de-espera-por-diagnostico-de-sepse-neonatal\/#article","isPartOf":{"@id":"https:\/\/ciencia.ufpr.br\/portal\/pesquisa-busca-reduzir-dias-de-espera-por-diagnostico-de-sepse-neonatal\/"},"author":{"name":"Reda\u00e7\u00e3o Ci\u00eancia UFPR","@id":"https:\/\/ciencia.ufpr.br\/portal\/#\/schema\/person\/562217e00c1aa3a8c132639249490a83"},"headline":"Pesquisa busca reduzir dias de espera por diagn\u00f3stico de sepse neonatal","datePublished":"2020-06-23T09:12:34+00:00","dateModified":"2026-02-02T18:08:59+00:00","mainEntityOfPage":{"@id":"https:\/\/ciencia.ufpr.br\/portal\/pesquisa-busca-reduzir-dias-de-espera-por-diagnostico-de-sepse-neonatal\/"},"wordCount":1081,"commentCount":0,"publisher":{"@id":"https:\/\/ciencia.ufpr.br\/portal\/#organization"},"image":{"@id":"https:\/\/ciencia.ufpr.br\/portal\/pesquisa-busca-reduzir-dias-de-espera-por-diagnostico-de-sepse-neonatal\/#primaryimage"},"thumbnailUrl":"https:\/\/ciencia.ufpr.br\/portal\/wp-content\/uploads\/2020\/12\/Servicio-de-Neonatolog\u00eda-del-Hospital-Sant-Joan-de-D\u00e9u-de-Barcelona.-Ariadna-Creus-i-\u00c0ngel-Garc\u00eda-Flickr-2019.jpg","keywords":["2020","hospitais universit\u00e1rios","inf\u00e2ncia","patologia","revista","sa\u00fade p\u00fablica","V. 5 n\u00ba 6 (2020)"],"articleSection":["Biol\u00f3gicas","Impressa","Reportagem","Sa\u00fade"],"inLanguage":"pt-BR","potentialAction":[{"@type":"CommentAction","name":"Comment","target":["https:\/\/ciencia.ufpr.br\/portal\/pesquisa-busca-reduzir-dias-de-espera-por-diagnostico-de-sepse-neonatal\/#respond"]}]},{"@type":"WebPage","@id":"https:\/\/ciencia.ufpr.br\/portal\/pesquisa-busca-reduzir-dias-de-espera-por-diagnostico-de-sepse-neonatal\/","url":"https:\/\/ciencia.ufpr.br\/portal\/pesquisa-busca-reduzir-dias-de-espera-por-diagnostico-de-sepse-neonatal\/","name":"Pesquisa busca reduzir dias de espera por diagn\u00f3stico de sepse neonatal - Ci\u00eancia UFPR","isPartOf":{"@id":"https:\/\/ciencia.ufpr.br\/portal\/#website"},"primaryImageOfPage":{"@id":"https:\/\/ciencia.ufpr.br\/portal\/pesquisa-busca-reduzir-dias-de-espera-por-diagnostico-de-sepse-neonatal\/#primaryimage"},"image":{"@id":"https:\/\/ciencia.ufpr.br\/portal\/pesquisa-busca-reduzir-dias-de-espera-por-diagnostico-de-sepse-neonatal\/#primaryimage"},"thumbnailUrl":"https:\/\/ciencia.ufpr.br\/portal\/wp-content\/uploads\/2020\/12\/Servicio-de-Neonatolog\u00eda-del-Hospital-Sant-Joan-de-D\u00e9u-de-Barcelona.-Ariadna-Creus-i-\u00c0ngel-Garc\u00eda-Flickr-2019.jpg","datePublished":"2020-06-23T09:12:34+00:00","dateModified":"2026-02-02T18:08:59+00:00","description":"Estudado no Departamento de Patologia B\u00e1sica da UFPR, teste que usa aglutina\u00e7\u00e3o em l\u00e1tex agiliza identifica\u00e7\u00e3o de bact\u00e9ria para diminuir mortalidade de beb\u00eas rec\u00e9m-nascidos nos hospitais.","breadcrumb":{"@id":"https:\/\/ciencia.ufpr.br\/portal\/pesquisa-busca-reduzir-dias-de-espera-por-diagnostico-de-sepse-neonatal\/#breadcrumb"},"inLanguage":"pt-BR","potentialAction":[{"@type":"ReadAction","target":["https:\/\/ciencia.ufpr.br\/portal\/pesquisa-busca-reduzir-dias-de-espera-por-diagnostico-de-sepse-neonatal\/"]}]},{"@type":"ImageObject","inLanguage":"pt-BR","@id":"https:\/\/ciencia.ufpr.br\/portal\/pesquisa-busca-reduzir-dias-de-espera-por-diagnostico-de-sepse-neonatal\/#primaryimage","url":"https:\/\/ciencia.ufpr.br\/portal\/wp-content\/uploads\/2020\/12\/Servicio-de-Neonatolog\u00eda-del-Hospital-Sant-Joan-de-D\u00e9u-de-Barcelona.-Ariadna-Creus-i-\u00c0ngel-Garc\u00eda-Flickr-2019.jpg","contentUrl":"https:\/\/ciencia.ufpr.br\/portal\/wp-content\/uploads\/2020\/12\/Servicio-de-Neonatolog\u00eda-del-Hospital-Sant-Joan-de-D\u00e9u-de-Barcelona.-Ariadna-Creus-i-\u00c0ngel-Garc\u00eda-Flickr-2019.jpg","width":1200,"height":800,"caption":"A taxa de mortalidade por sepse entre nascidos vivos no Brasil \u00e9, em m\u00e9dia, de 25%, segundo dado de 2014. Foto: A. Creus\/Divulga\u00e7\u00e3o, 2019"},{"@type":"BreadcrumbList","@id":"https:\/\/ciencia.ufpr.br\/portal\/pesquisa-busca-reduzir-dias-de-espera-por-diagnostico-de-sepse-neonatal\/#breadcrumb","itemListElement":[{"@type":"ListItem","position":1,"name":"Home","item":"https:\/\/ciencia.ufpr.br\/portal\/"},{"@type":"ListItem","position":2,"name":"Pesquisa busca reduzir dias de espera por diagn\u00f3stico de sepse neonatal"}]},{"@type":"WebSite","@id":"https:\/\/ciencia.ufpr.br\/portal\/#website","url":"https:\/\/ciencia.ufpr.br\/portal\/","name":"Ci\u00eancia UFPR","description":"Site de temas cient\u00edficos com foco no conhecimento produzido na Universidade Federal do Paran\u00e1 (UFPR). Baseado na Revista Ci\u00eancia UFPR.","publisher":{"@id":"https:\/\/ciencia.ufpr.br\/portal\/#organization"},"potentialAction":[{"@type":"SearchAction","target":{"@type":"EntryPoint","urlTemplate":"https:\/\/ciencia.ufpr.br\/portal\/?s={search_term_string}"},"query-input":{"@type":"PropertyValueSpecification","valueRequired":true,"valueName":"search_term_string"}}],"inLanguage":"pt-BR"},{"@type":"Organization","@id":"https:\/\/ciencia.ufpr.br\/portal\/#organization","name":"Revista Ci\u00eancia UFPR","url":"https:\/\/ciencia.ufpr.br\/portal\/","logo":{"@type":"ImageObject","inLanguage":"pt-BR","@id":"https:\/\/ciencia.ufpr.br\/portal\/#\/schema\/logo\/image\/","url":"https:\/\/ciencia.ufpr.br\/portal\/wp-content\/uploads\/2020\/12\/Revista-Ciencia-UFPR-vermelho.jpeg","contentUrl":"https:\/\/ciencia.ufpr.br\/portal\/wp-content\/uploads\/2020\/12\/Revista-Ciencia-UFPR-vermelho.jpeg","width":992,"height":714,"caption":"Revista Ci\u00eancia UFPR"},"image":{"@id":"https:\/\/ciencia.ufpr.br\/portal\/#\/schema\/logo\/image\/"},"sameAs":["https:\/\/www.facebook.com\/cienciaufproficial","https:\/\/x.com\/cienciaufpr","https:\/\/www.instagram.com\/revistacienciaufpr\/","https:\/\/www.linkedin.com\/company\/cienciaufproficial","https:\/\/br.pinterest.com\/cienciaufpr\/"]},{"@type":"Person","@id":"https:\/\/ciencia.ufpr.br\/portal\/#\/schema\/person\/562217e00c1aa3a8c132639249490a83","name":"Reda\u00e7\u00e3o Ci\u00eancia UFPR","description":"Site de jornalismo e divulga\u00e7\u00e3o cient\u00edficos sobre o conhecimento produzido na Universidade Federal do Paran\u00e1 (UFPR). Baseado na Revista Ci\u00eancia UFPR, editada pela Superintend\u00eancia de Comunica\u00e7\u00e3o (Sucom) desde 2016.","sameAs":["https:\/\/facebook.com\/cienciaufproficial\/","https:\/\/www.instagram.com\/revistacienciaufpr\/","https:\/\/x.com\/cienciaufpr"],"url":"https:\/\/ciencia.ufpr.br\/portal\/author\/revistacienciaufpr\/"}]}},"views":1333,"jetpack_sharing_enabled":true,"jetpack_featured_media_url":"https:\/\/ciencia.ufpr.br\/portal\/wp-content\/uploads\/2020\/12\/Servicio-de-Neonatolog\u00eda-del-Hospital-Sant-Joan-de-D\u00e9u-de-Barcelona.-Ariadna-Creus-i-\u00c0ngel-Garc\u00eda-Flickr-2019.jpg","_links":{"self":[{"href":"https:\/\/ciencia.ufpr.br\/portal\/wp-json\/wp\/v2\/posts\/17528"}],"collection":[{"href":"https:\/\/ciencia.ufpr.br\/portal\/wp-json\/wp\/v2\/posts"}],"about":[{"href":"https:\/\/ciencia.ufpr.br\/portal\/wp-json\/wp\/v2\/types\/post"}],"author":[{"embeddable":true,"href":"https:\/\/ciencia.ufpr.br\/portal\/wp-json\/wp\/v2\/users\/2806"}],"replies":[{"embeddable":true,"href":"https:\/\/ciencia.ufpr.br\/portal\/wp-json\/wp\/v2\/comments?post=17528"}],"version-history":[{"count":14,"href":"https:\/\/ciencia.ufpr.br\/portal\/wp-json\/wp\/v2\/posts\/17528\/revisions"}],"predecessor-version":[{"id":21731,"href":"https:\/\/ciencia.ufpr.br\/portal\/wp-json\/wp\/v2\/posts\/17528\/revisions\/21731"}],"wp:featuredmedia":[{"embeddable":true,"href":"https:\/\/ciencia.ufpr.br\/portal\/wp-json\/wp\/v2\/media\/17533"}],"wp:attachment":[{"href":"https:\/\/ciencia.ufpr.br\/portal\/wp-json\/wp\/v2\/media?parent=17528"}],"wp:term":[{"taxonomy":"category","embeddable":true,"href":"https:\/\/ciencia.ufpr.br\/portal\/wp-json\/wp\/v2\/categories?post=17528"},{"taxonomy":"post_tag","embeddable":true,"href":"https:\/\/ciencia.ufpr.br\/portal\/wp-json\/wp\/v2\/tags?post=17528"}],"curies":[{"name":"wp","href":"https:\/\/api.w.org\/{rel}","templated":true}]}}