{"id":17333,"date":"2020-08-07T11:56:50","date_gmt":"2020-08-07T14:56:50","guid":{"rendered":"https:\/\/ciencia.ufpr.br\/portal\/?p=17333"},"modified":"2023-03-29T01:26:52","modified_gmt":"2023-03-29T04:26:52","slug":"projeto%e2%80%8c-%e2%80%8cpermite%e2%80%8c-%e2%80%8cque%e2%80%8c-%e2%80%8ccidadaos%e2%80%8c-%e2%80%8cmonitorem%e2%80%8c-%e2%80%8ca-qualidade-do%e2%80%8c-%e2%80%8car%e2%80%8c-de%e2%80%8c-%e2%80%8ccurit","status":"publish","type":"post","link":"https:\/\/ciencia.ufpr.br\/portal\/projeto%e2%80%8c-%e2%80%8cpermite%e2%80%8c-%e2%80%8cque%e2%80%8c-%e2%80%8ccidadaos%e2%80%8c-%e2%80%8cmonitorem%e2%80%8c-%e2%80%8ca-qualidade-do%e2%80%8c-%e2%80%8car%e2%80%8c-de%e2%80%8c-%e2%80%8ccurit\/","title":{"rendered":"Projeto\u200c \u200cpermite\u200c \u200cque\u200c \u200ccidad\u00e3os\u200c \u200cmonitorem\u200c \u200ca qualidade do\u200c \u200car\u200c de\u200c \u200cCuritiba"},"content":{"rendered":"<p>Um projeto da Universidade Federal do Paran\u00e1, com colabora\u00e7\u00e3o da Estonian University of Life Sciences (EM\u00dc), localizada em Tartu, na Est\u00f4nia, investe no monitoramento da qualidade do ar e na conscientiza\u00e7\u00e3o dos moradores de Curitiba para deixar a cidade mais sustent\u00e1vel. Intitulada \u201cCuritiba, o Ar que voc\u00ea respira\u201d, a iniciativa tem gerado dados mensais sobre a polui\u00e7\u00e3o ambiental em oito esta\u00e7\u00f5es da cidade, mas pretende se expandir a partir da consolida\u00e7\u00e3o de uma rede partilhada pelos cidad\u00e3os.<\/p>\n<p>O CWBreathe faz parte da pesquisa \u201cMonitoramento e estudo de rela\u00e7\u00f5es entre material particulado e vari\u00e1veis meteorol\u00f3gicas em Curitiba\u201d, do Laborat\u00f3rio de Computa\u00e7\u00e3o e Tecnologia em Engenharia Ambiental (Lactea), que tem como objetivo criar uma rede de monitoramento da qualidade do ar na capital. Maior capital do Sul do Brasil em popula\u00e7\u00e3o, Curitiba \u00e9 a oitava cidade do pa\u00eds em n\u00famero de habitantes, com 1,93 milh\u00e3o de moradores, segundo estimativa divulgada em 2019 pelo Instituto Brasileiro de Geografia e Estat\u00edstica (IBGE).<\/p>\n<p><iframe loading=\"lazy\" title=\"Projeto cient\u00edfico da UFPR busca criar rede de monitoramento do ar em Curitiba by Revista Ci\u00eancia UFPR\" width=\"810\" height=\"400\" scrolling=\"no\" frameborder=\"no\" src=\"https:\/\/w.soundcloud.com\/player\/?visual=true&#038;url=https%3A%2F%2Fapi.soundcloud.com%2Ftracks%2F942457033&#038;show_artwork=true&#038;maxheight=1000&#038;maxwidth=810\"><\/iframe><\/p>\n<p>O professor do departamento de Engenharia Ambiental, Em\u00edlio Graciliano Ferreira Mercuri, conta que o processo come\u00e7ou h\u00e1 tr\u00eas anos, quando, com recursos do programa de internacionaliza\u00e7\u00e3o Erasmus, conheceu, na Est\u00f4nia, o trabalho do pesquisador Steffen Noe: o SMEAR Estonia. L\u00e1, o monitoramento \u00e9 realizado a partir de uma torre de 300 metros e investiga a polui\u00e7\u00e3o dos ecossistemas de um ponto de vista abrangente.<\/p>\n<p>A pesquisa foi constru\u00edda a partir desta parceria, que rendeu programas de mobilidade internacional e ter\u00e1 desdobramentos nos pr\u00f3ximos anos. \u201cA ideia \u00e9 construir uma rede complementar de monitoramento e gerar um \u00edndice de qualidade do ar que possa ser monitorado diariamente\u201d, explica Mercuri. Para isso, no entanto, \u00e9 preciso que os moradores da cidade partilhem da iniciativa, levando \u00e0 pr\u00e1tica o conceito de ci\u00eancia cidad\u00e3. \u201cA ci\u00eancia cidad\u00e3 \u00e9 baseada na participa\u00e7\u00e3o, consciente e volunt\u00e1ria, dos cidad\u00e3os que geram grandes quantidades de dados, partilham o seu conhecimento e discutem e apresentam os resultados\u201d.<\/p>\n<h2>Controle popular est\u00e1 no cerne do projeto<\/h2>\n<p>Esse engajamento dos cidad\u00e3os tamb\u00e9m poder\u00e1 ser obtido por meio elabora\u00e7\u00e3o de sensores que gerem indicadores para o banco de dados do projeto. Os equipamentos podem ser feitos espontaneamente a partir de um tutorial disponibilizado pelo projeto. Outra possibilidade \u00e9 que os interessados participem da chamada que ir\u00e1 selecionar aqueles que receber\u00e3o um kit mais completo de monitoramento.<\/p>\n<p>\u201cElaboramos um conjunto de sensores que vai dentro de uma caixa de impress\u00e3o 3D feita na UFPR, com a logo do projeto, e que envia os dados para o nosso banco de dados. Basicamente solicitaremos \u00e0s pessoas que forne\u00e7am energia el\u00e9trica e internet para o funcionamento dos sensores em suas pr\u00f3prias casas. Em troca elas estar\u00e3o colaborando com o monitoramento da qualidade do ar do seu bairro\u201d, pontua Mercuri.<\/p>\n<div id=\"nbag-0fe462ea8a\" class=\"nbag-wrapper nbag-gallery nbag-design-simple\" data-settings=\"{&quot;template&quot;:&quot;simple&quot;,&quot;nonce&quot;:&quot;0fe462ea8a&quot;}\" data-atts=\"{&quot;order&quot;:&quot;ASC&quot;,&quot;orderby&quot;:&quot;post__in&quot;,&quot;id&quot;:17333,&quot;itemtag&quot;:&quot;figure&quot;,&quot;icontag&quot;:&quot;div&quot;,&quot;captiontag&quot;:&quot;figcaption&quot;,&quot;columns&quot;:3,&quot;size&quot;:&quot;medium&quot;,&quot;include&quot;:&quot;17347,17348&quot;,&quot;exclude&quot;:&quot;&quot;,&quot;link&quot;:&quot;file&quot;,&quot;type&quot;:&quot;default&quot;,&quot;ids&quot;:&quot;17347,17348&quot;}\"><div class=\"nbag-pholder nbag-pholder-overlay\" data-nbag=\"holder\"><div class=\"nbag-pholder-i\" data-nbag=\"holder\"><div class=\"thumb-o nbag-pholder-bg\"><div class=\"thumb-w\"><img loading=\"lazy\" decoding=\"async\" width=\"768\" height=\"1024\" src=\"https:\/\/ciencia.ufpr.br\/portal\/wp-content\/uploads\/2020\/08\/Esta\u00e7\u00e3o-meteorol\u00f3gica-do-IAT-em-Ponta-Grossa-tem-sensor-do-projeto-instalado-para-compara\u00e7\u00e3o-Foto-Divulga\u00e7\u00e3o-CWBreathe-tiny-768x1024.jpg\" class=\"attachment-large size-large\" alt=\"Esta\u00e7\u00e3o meteorol\u00f3gica do IAT (Instituto de \u00c1gua e Terra, antigo Instituto Ambiental do Paran\u00e1 IAP) em Ponta Grossa tem sensor do projeto instalado para compara\u00e7\u00e3o Fotos: CWBreathe\/Divulga\u00e7\u00e3o\" srcset=\"https:\/\/ciencia.ufpr.br\/portal\/wp-content\/uploads\/2020\/08\/Esta\u00e7\u00e3o-meteorol\u00f3gica-do-IAT-em-Ponta-Grossa-tem-sensor-do-projeto-instalado-para-compara\u00e7\u00e3o-Foto-Divulga\u00e7\u00e3o-CWBreathe-tiny-768x1024.jpg 768w, https:\/\/ciencia.ufpr.br\/portal\/wp-content\/uploads\/2020\/08\/Esta\u00e7\u00e3o-meteorol\u00f3gica-do-IAT-em-Ponta-Grossa-tem-sensor-do-projeto-instalado-para-compara\u00e7\u00e3o-Foto-Divulga\u00e7\u00e3o-CWBreathe-tiny-225x300.jpg 225w, https:\/\/ciencia.ufpr.br\/portal\/wp-content\/uploads\/2020\/08\/Esta\u00e7\u00e3o-meteorol\u00f3gica-do-IAT-em-Ponta-Grossa-tem-sensor-do-projeto-instalado-para-compara\u00e7\u00e3o-Foto-Divulga\u00e7\u00e3o-CWBreathe-tiny-1152x1536.jpg 1152w, https:\/\/ciencia.ufpr.br\/portal\/wp-content\/uploads\/2020\/08\/Esta\u00e7\u00e3o-meteorol\u00f3gica-do-IAT-em-Ponta-Grossa-tem-sensor-do-projeto-instalado-para-compara\u00e7\u00e3o-Foto-Divulga\u00e7\u00e3o-CWBreathe-tiny.jpg 1200w\" sizes=\"(max-width: 768px) 100vw, 768px\" \/><\/div><\/div><div class=\"nbag-pholder-c\"><div class=\"nbag-info\"><span class=\"nbag-count\">2<\/span> <span class=\"nbag-count-text\">Imagens<\/span><\/div><\/div><\/div><div class=\"nbag-actions\"><ul><li><a href=\"javascript:void(0)\" data-view=\"slideshow\" class=\"btn btn-default btn-block\"><i class=\"ti__gallery\"><\/i> Mostrar galeria<\/a><\/li><\/ul><\/div><\/div><\/div>\n<p>Um outro eixo da iniciativa \u00e9, a partir dos indicadores, refor\u00e7ar aspectos relacionados \u00e0 sustentabilidade. A ideia \u00e9 produzir conte\u00fado em redes sociais e conduzir palestras, cursos e oficinas em escolas de ensino fundamental e m\u00e9dio de Curitiba e Regi\u00e3o Metropolitana. De acordo com o professor, as atividades ir\u00e3o abordar a polui\u00e7\u00e3o do ar e as ilhas de calor nas cidades, com din\u00e2micas em grupo que instruam as pessoas a constru\u00edrem seus pr\u00f3prios kits de sensores de qualidade do ar, somando-se \u00e0 rede.<\/p>\n<p>Segundo o professor Steffen Manfred Noe, cujo trabalho, na Est\u00f4nia, inspirou o projeto da UFPR, o objetivo \u00e9 intensificar a coopera\u00e7\u00e3o e a transfer\u00eancia bilateral de conhecimento. Ele explica que a esta\u00e7\u00e3o SMEAR faz parte de uma rede global, que tem como objetivo encontrar respostas para desafios ambientais. O projeto de qualidade do ar de Curitiba poderia ser a semente para algo semelhante. \u201cIsso permitiria um trabalho pioneiro, pois seria primeira esta\u00e7\u00e3o do tipo SMEAR operando na Am\u00e9rica do Sul\u201d.<\/p>\n<p>Eda Tursk, especialista em rela\u00e7\u00f5es internacionais da Universidade da Est\u00f4nia, lembra que a coopera\u00e7\u00e3o entre as institui\u00e7\u00f5es come\u00e7ou em 2015, com alunos de interc\u00e2mbio, e que Mercuri foi o primeiro professor da UFPR a visitar a EMU. \u201cMais visitas e mobilidades estudantis ser\u00e3o realizadas nos pr\u00f3ximos semestres\u201d, projeta.<\/p>\n<h2>Qualidade do ar est\u00e1 boa nos pontos monitorados<\/h2>\n<p>O monitoramento de material particulado (MP) em Curitiba e regi\u00e3o indica, segundo o relat\u00f3rio do m\u00eas de junho disponibilizado pelo projeto, que a qualidade do ar na regi\u00e3o metropolitana estava relativamente boa, com exce\u00e7\u00e3o da regi\u00e3o de Campo Largo, com classifica\u00e7\u00e3o moderada. Em 13 dos dias monitorados o \u00edndice no munic\u00edpio excedeu os limites do Conselho Nacional do Meio Ambiente (Conama), mas o relat\u00f3rio destaca que ainda \u00e9 necess\u00e1rio ampliar os pontos de medi\u00e7\u00e3o. Segundo Mercuri, at\u00e9 uma estrada de terra pode influenciar os indicadores.<\/p>\n<p>Tecnicamente, o relat\u00f3rio trabalha com a an\u00e1lise de material particulado 2,5 e 10 presentes no ar, esses indicadores representam a\u202ffra\u00e7\u00e3o das part\u00edculas totais em suspens\u00e3o com di\u00e2metro\u202fde at\u00e9 2,5 e 10 micr\u00f4metros, respectivamente. Se enquadram nesta categoria subst\u00e2ncias como poeira, neblina, aerossol, fuligem, entre outros. Segundo o padr\u00e3o do Conama, ao longo do dia, o limite de MP 2,5 n\u00e3o pode ser superior a 25 micr\u00f4metros por metro c\u00fabico e o de MP 10 deve ser menor do que a m\u00e9dia de 50 micr\u00f4metros por metro c\u00fabico.<\/p>\n<p>De acordo com o professor, os sensores que o CWBreathe pretende disseminar s\u00e3o capazes de medir o material com precis\u00e3o razo\u00e1vel, fornecendo aos munic\u00edpios informa\u00e7\u00f5es importantes, como a detec\u00e7\u00e3o de fontes de polui\u00e7\u00e3o e a exposi\u00e7\u00e3o humana aos poluentes do ar. \u201cA ideia \u00e9 justamente ser uma rede complementar de monitoramento\u201d, explica. Os pontos avaliados na cidade est\u00e3o em Arauc\u00e1ria, Batel, Boa Vista, Campo Largo, Jardim Bot\u00e2nico, Jardim das Am\u00e9ricas, Merc\u00eas e Orleans. Os dados s\u00e3o coletados em uma frequ\u00eancia de 5 segundos e armazenados em arquivos de texto para cada hora de monitoramento.<\/p>\n<p>Quanto a uma poss\u00edvel altera\u00e7\u00e3o nos dados causados em decorr\u00eancia da desacelera\u00e7\u00e3o de atividades por conta da pandemia, Mercuri avalia que houve uma redu\u00e7\u00e3o de aproximadamente 50% no total de part\u00edculas suspensas no ar nas duas primeiras semanas ap\u00f3s o fechamento do com\u00e9rcio, que ocorreu no dia 20 de mar\u00e7o de 2020. Essa redu\u00e7\u00e3o est\u00e1 diretamente associada \u00e0 diminui\u00e7\u00e3o da circula\u00e7\u00e3o de ve\u00edculos, que s\u00e3o a principal fonte de material particulado na capital paranaense.<\/p>\n<h6 style=\"text-align: right;\">Publicado originalmente no Portal da UFPR (www.ufpr.br).<\/h6>\n","protected":false},"excerpt":{"rendered":"<p>Um projeto da Universidade Federal do Paran\u00e1, com colabora\u00e7\u00e3o da Estonian University of Life Sciences (EM\u00dc), localizada em Tartu, na&#8230;<\/p>\n","protected":false},"author":2804,"featured_media":17335,"comment_status":"open","ping_status":"open","sticky":false,"template":"","format":"audio","meta":{"_acf_changed":false,"footnotes":"","fifu_image_url":"","fifu_image_alt":"","_jetpack_memberships_contains_paid_content":false},"categories":[1609,1126,1612,1,1613],"tags":[1737,1738,1742,1739,2035,1741,1691,1740,1730],"acf":[],"yoast_head":"<!-- This site is optimized with the Yoast SEO plugin v23.5 - https:\/\/yoast.com\/wordpress\/plugins\/seo\/ -->\n<title>Projeto\u200c \u200cpermite\u200c \u200cque\u200c \u200ccidad\u00e3os\u200c \u200cmonitorem\u200c \u200ca qualidade do\u200c \u200car\u200c de\u200c \u200cCuritiba - Ci\u00eancia UFPR<\/title>\n<meta name=\"description\" content=\"Chamado de CWBreathe, iniciativa de pesquisa e extens\u00e3o gera dados mensais sobre a polui\u00e7\u00e3o do ar na capital, de cerca de 2 milh\u00f5es de habitantes, por meio de oito esta\u00e7\u00f5es.\" \/>\n<meta name=\"robots\" content=\"index, follow, max-snippet:-1, max-image-preview:large, max-video-preview:-1\" \/>\n<link rel=\"canonical\" href=\"https:\/\/ciencia.ufpr.br\/portal\/projeto\u200c-\u200cpermite\u200c-\u200cque\u200c-\u200ccidadaos\u200c-\u200cmonitorem\u200c-\u200ca-qualidade-do\u200c-\u200car\u200c-de\u200c-\u200ccurit\/\" \/>\n<meta property=\"og:locale\" content=\"pt_BR\" \/>\n<meta property=\"og:type\" content=\"article\" \/>\n<meta property=\"og:title\" content=\"Projeto\u200c \u200cpermite\u200c \u200cque\u200c \u200ccidad\u00e3os\u200c \u200cmonitorem\u200c \u200ca qualidade do\u200c \u200car\u200c de\u200c \u200cCuritiba - Ci\u00eancia UFPR\" \/>\n<meta property=\"og:description\" content=\"Chamado de CWBreathe, iniciativa de pesquisa e extens\u00e3o gera dados mensais sobre a polui\u00e7\u00e3o do ar na capital, de cerca de 2 milh\u00f5es de habitantes, por meio de oito esta\u00e7\u00f5es.\" \/>\n<meta property=\"og:url\" content=\"https:\/\/ciencia.ufpr.br\/portal\/projeto\u200c-\u200cpermite\u200c-\u200cque\u200c-\u200ccidadaos\u200c-\u200cmonitorem\u200c-\u200ca-qualidade-do\u200c-\u200car\u200c-de\u200c-\u200ccurit\/\" \/>\n<meta property=\"og:site_name\" content=\"Ci\u00eancia UFPR\" \/>\n<meta property=\"article:publisher\" content=\"https:\/\/www.facebook.com\/cienciaufproficial\" \/>\n<meta property=\"article:published_time\" content=\"2020-08-07T14:56:50+00:00\" \/>\n<meta property=\"article:modified_time\" content=\"2023-03-29T04:26:52+00:00\" \/>\n<meta property=\"og:image\" content=\"https:\/\/ciencia.ufpr.br\/portal\/wp-content\/uploads\/2020\/08\/Aerea-Curitiba-Leonel-Albuquerque-www.fotoaereabrasil.com-19-12-2009.jpg\" \/>\n\t<meta property=\"og:image:width\" content=\"1280\" \/>\n\t<meta property=\"og:image:height\" content=\"720\" \/>\n\t<meta property=\"og:image:type\" content=\"image\/jpeg\" \/>\n<meta name=\"author\" content=\"Amanda Miranda\" \/>\n<meta name=\"twitter:card\" content=\"summary_large_image\" \/>\n<meta name=\"twitter:creator\" content=\"@cienciaufpr\" \/>\n<meta name=\"twitter:site\" content=\"@cienciaufpr\" \/>\n<meta name=\"twitter:label1\" content=\"Escrito por\" \/>\n\t<meta name=\"twitter:data1\" content=\"Amanda Miranda\" \/>\n\t<meta name=\"twitter:label2\" content=\"Est. tempo de leitura\" \/>\n\t<meta name=\"twitter:data2\" content=\"6 minutos\" \/>\n<script type=\"application\/ld+json\" class=\"yoast-schema-graph\">{\"@context\":\"https:\/\/schema.org\",\"@graph\":[{\"@type\":\"Article\",\"@id\":\"https:\/\/ciencia.ufpr.br\/portal\/projeto%e2%80%8c-%e2%80%8cpermite%e2%80%8c-%e2%80%8cque%e2%80%8c-%e2%80%8ccidadaos%e2%80%8c-%e2%80%8cmonitorem%e2%80%8c-%e2%80%8ca-qualidade-do%e2%80%8c-%e2%80%8car%e2%80%8c-de%e2%80%8c-%e2%80%8ccurit\/#article\",\"isPartOf\":{\"@id\":\"https:\/\/ciencia.ufpr.br\/portal\/projeto%e2%80%8c-%e2%80%8cpermite%e2%80%8c-%e2%80%8cque%e2%80%8c-%e2%80%8ccidadaos%e2%80%8c-%e2%80%8cmonitorem%e2%80%8c-%e2%80%8ca-qualidade-do%e2%80%8c-%e2%80%8car%e2%80%8c-de%e2%80%8c-%e2%80%8ccurit\/\"},\"author\":{\"name\":\"Amanda Miranda\",\"@id\":\"https:\/\/ciencia.ufpr.br\/portal\/#\/schema\/person\/a80df8f0778fd2a1c3826dcd99fd6097\"},\"headline\":\"Projeto\u200c \u200cpermite\u200c \u200cque\u200c \u200ccidad\u00e3os\u200c \u200cmonitorem\u200c \u200ca qualidade do\u200c \u200car\u200c de\u200c \u200cCuritiba\",\"datePublished\":\"2020-08-07T14:56:50+00:00\",\"dateModified\":\"2023-03-29T04:26:52+00:00\",\"mainEntityOfPage\":{\"@id\":\"https:\/\/ciencia.ufpr.br\/portal\/projeto%e2%80%8c-%e2%80%8cpermite%e2%80%8c-%e2%80%8cque%e2%80%8c-%e2%80%8ccidadaos%e2%80%8c-%e2%80%8cmonitorem%e2%80%8c-%e2%80%8ca-qualidade-do%e2%80%8c-%e2%80%8car%e2%80%8c-de%e2%80%8c-%e2%80%8ccurit\/\"},\"wordCount\":1128,\"commentCount\":0,\"publisher\":{\"@id\":\"https:\/\/ciencia.ufpr.br\/portal\/#organization\"},\"image\":{\"@id\":\"https:\/\/ciencia.ufpr.br\/portal\/projeto%e2%80%8c-%e2%80%8cpermite%e2%80%8c-%e2%80%8cque%e2%80%8c-%e2%80%8ccidadaos%e2%80%8c-%e2%80%8cmonitorem%e2%80%8c-%e2%80%8ca-qualidade-do%e2%80%8c-%e2%80%8car%e2%80%8c-de%e2%80%8c-%e2%80%8ccurit\/#primaryimage\"},\"thumbnailUrl\":\"https:\/\/ciencia.ufpr.br\/portal\/wp-content\/uploads\/2020\/08\/Aerea-Curitiba-Leonel-Albuquerque-www.fotoaereabrasil.com-19-12-2009.jpg\",\"keywords\":[\"\u00e1udios\",\"cidades\",\"computa\u00e7\u00e3o\",\"controle social\",\"Curitiba\",\"engenharia ambiental\",\"extens\u00e3o\",\"internacionaliza\u00e7\u00e3o\",\"polui\u00e7\u00e3o\"],\"articleSection\":[\"\u00c1udios\",\"Comunidade\",\"Meio ambiente\",\"Reportagem\",\"Tecnologia\"],\"inLanguage\":\"pt-BR\",\"potentialAction\":[{\"@type\":\"CommentAction\",\"name\":\"Comment\",\"target\":[\"https:\/\/ciencia.ufpr.br\/portal\/projeto%e2%80%8c-%e2%80%8cpermite%e2%80%8c-%e2%80%8cque%e2%80%8c-%e2%80%8ccidadaos%e2%80%8c-%e2%80%8cmonitorem%e2%80%8c-%e2%80%8ca-qualidade-do%e2%80%8c-%e2%80%8car%e2%80%8c-de%e2%80%8c-%e2%80%8ccurit\/#respond\"]}]},{\"@type\":\"WebPage\",\"@id\":\"https:\/\/ciencia.ufpr.br\/portal\/projeto%e2%80%8c-%e2%80%8cpermite%e2%80%8c-%e2%80%8cque%e2%80%8c-%e2%80%8ccidadaos%e2%80%8c-%e2%80%8cmonitorem%e2%80%8c-%e2%80%8ca-qualidade-do%e2%80%8c-%e2%80%8car%e2%80%8c-de%e2%80%8c-%e2%80%8ccurit\/\",\"url\":\"https:\/\/ciencia.ufpr.br\/portal\/projeto%e2%80%8c-%e2%80%8cpermite%e2%80%8c-%e2%80%8cque%e2%80%8c-%e2%80%8ccidadaos%e2%80%8c-%e2%80%8cmonitorem%e2%80%8c-%e2%80%8ca-qualidade-do%e2%80%8c-%e2%80%8car%e2%80%8c-de%e2%80%8c-%e2%80%8ccurit\/\",\"name\":\"Projeto\u200c \u200cpermite\u200c \u200cque\u200c \u200ccidad\u00e3os\u200c \u200cmonitorem\u200c \u200ca qualidade do\u200c \u200car\u200c de\u200c \u200cCuritiba - Ci\u00eancia UFPR\",\"isPartOf\":{\"@id\":\"https:\/\/ciencia.ufpr.br\/portal\/#website\"},\"primaryImageOfPage\":{\"@id\":\"https:\/\/ciencia.ufpr.br\/portal\/projeto%e2%80%8c-%e2%80%8cpermite%e2%80%8c-%e2%80%8cque%e2%80%8c-%e2%80%8ccidadaos%e2%80%8c-%e2%80%8cmonitorem%e2%80%8c-%e2%80%8ca-qualidade-do%e2%80%8c-%e2%80%8car%e2%80%8c-de%e2%80%8c-%e2%80%8ccurit\/#primaryimage\"},\"image\":{\"@id\":\"https:\/\/ciencia.ufpr.br\/portal\/projeto%e2%80%8c-%e2%80%8cpermite%e2%80%8c-%e2%80%8cque%e2%80%8c-%e2%80%8ccidadaos%e2%80%8c-%e2%80%8cmonitorem%e2%80%8c-%e2%80%8ca-qualidade-do%e2%80%8c-%e2%80%8car%e2%80%8c-de%e2%80%8c-%e2%80%8ccurit\/#primaryimage\"},\"thumbnailUrl\":\"https:\/\/ciencia.ufpr.br\/portal\/wp-content\/uploads\/2020\/08\/Aerea-Curitiba-Leonel-Albuquerque-www.fotoaereabrasil.com-19-12-2009.jpg\",\"datePublished\":\"2020-08-07T14:56:50+00:00\",\"dateModified\":\"2023-03-29T04:26:52+00:00\",\"description\":\"Chamado de CWBreathe, iniciativa de pesquisa e extens\u00e3o gera dados mensais sobre a polui\u00e7\u00e3o do ar na capital, de cerca de 2 milh\u00f5es de habitantes, por meio de oito esta\u00e7\u00f5es.\",\"breadcrumb\":{\"@id\":\"https:\/\/ciencia.ufpr.br\/portal\/projeto%e2%80%8c-%e2%80%8cpermite%e2%80%8c-%e2%80%8cque%e2%80%8c-%e2%80%8ccidadaos%e2%80%8c-%e2%80%8cmonitorem%e2%80%8c-%e2%80%8ca-qualidade-do%e2%80%8c-%e2%80%8car%e2%80%8c-de%e2%80%8c-%e2%80%8ccurit\/#breadcrumb\"},\"inLanguage\":\"pt-BR\",\"potentialAction\":[{\"@type\":\"ReadAction\",\"target\":[\"https:\/\/ciencia.ufpr.br\/portal\/projeto%e2%80%8c-%e2%80%8cpermite%e2%80%8c-%e2%80%8cque%e2%80%8c-%e2%80%8ccidadaos%e2%80%8c-%e2%80%8cmonitorem%e2%80%8c-%e2%80%8ca-qualidade-do%e2%80%8c-%e2%80%8car%e2%80%8c-de%e2%80%8c-%e2%80%8ccurit\/\"]}]},{\"@type\":\"ImageObject\",\"inLanguage\":\"pt-BR\",\"@id\":\"https:\/\/ciencia.ufpr.br\/portal\/projeto%e2%80%8c-%e2%80%8cpermite%e2%80%8c-%e2%80%8cque%e2%80%8c-%e2%80%8ccidadaos%e2%80%8c-%e2%80%8cmonitorem%e2%80%8c-%e2%80%8ca-qualidade-do%e2%80%8c-%e2%80%8car%e2%80%8c-de%e2%80%8c-%e2%80%8ccurit\/#primaryimage\",\"url\":\"https:\/\/ciencia.ufpr.br\/portal\/wp-content\/uploads\/2020\/08\/Aerea-Curitiba-Leonel-Albuquerque-www.fotoaereabrasil.com-19-12-2009.jpg\",\"contentUrl\":\"https:\/\/ciencia.ufpr.br\/portal\/wp-content\/uploads\/2020\/08\/Aerea-Curitiba-Leonel-Albuquerque-www.fotoaereabrasil.com-19-12-2009.jpg\",\"width\":1280,\"height\":720,\"caption\":\"O ar de Curitiba, que tem a maior popula\u00e7\u00e3o do Sul do Brasil, est\u00e1 sendo monitorado por esta\u00e7\u00f5es que geram boletins informativos mensais. Foto: Leonel Albuquerque\/www.fotoaereabrasil.com, 19\/12\/2009\"},{\"@type\":\"BreadcrumbList\",\"@id\":\"https:\/\/ciencia.ufpr.br\/portal\/projeto%e2%80%8c-%e2%80%8cpermite%e2%80%8c-%e2%80%8cque%e2%80%8c-%e2%80%8ccidadaos%e2%80%8c-%e2%80%8cmonitorem%e2%80%8c-%e2%80%8ca-qualidade-do%e2%80%8c-%e2%80%8car%e2%80%8c-de%e2%80%8c-%e2%80%8ccurit\/#breadcrumb\",\"itemListElement\":[{\"@type\":\"ListItem\",\"position\":1,\"name\":\"Home\",\"item\":\"https:\/\/ciencia.ufpr.br\/portal\/\"},{\"@type\":\"ListItem\",\"position\":2,\"name\":\"Projeto\u200c \u200cpermite\u200c \u200cque\u200c \u200ccidad\u00e3os\u200c \u200cmonitorem\u200c \u200ca qualidade do\u200c \u200car\u200c de\u200c \u200cCuritiba\"}]},{\"@type\":\"WebSite\",\"@id\":\"https:\/\/ciencia.ufpr.br\/portal\/#website\",\"url\":\"https:\/\/ciencia.ufpr.br\/portal\/\",\"name\":\"Ci\u00eancia UFPR\",\"description\":\"Site de temas cient\u00edficos com foco no conhecimento produzido na Universidade Federal do Paran\u00e1 (UFPR). Baseado na Revista Ci\u00eancia UFPR.\",\"publisher\":{\"@id\":\"https:\/\/ciencia.ufpr.br\/portal\/#organization\"},\"potentialAction\":[{\"@type\":\"SearchAction\",\"target\":{\"@type\":\"EntryPoint\",\"urlTemplate\":\"https:\/\/ciencia.ufpr.br\/portal\/?s={search_term_string}\"},\"query-input\":{\"@type\":\"PropertyValueSpecification\",\"valueRequired\":true,\"valueName\":\"search_term_string\"}}],\"inLanguage\":\"pt-BR\"},{\"@type\":\"Organization\",\"@id\":\"https:\/\/ciencia.ufpr.br\/portal\/#organization\",\"name\":\"Revista Ci\u00eancia UFPR\",\"url\":\"https:\/\/ciencia.ufpr.br\/portal\/\",\"logo\":{\"@type\":\"ImageObject\",\"inLanguage\":\"pt-BR\",\"@id\":\"https:\/\/ciencia.ufpr.br\/portal\/#\/schema\/logo\/image\/\",\"url\":\"https:\/\/ciencia.ufpr.br\/portal\/wp-content\/uploads\/2020\/12\/Revista-Ciencia-UFPR-vermelho.jpeg\",\"contentUrl\":\"https:\/\/ciencia.ufpr.br\/portal\/wp-content\/uploads\/2020\/12\/Revista-Ciencia-UFPR-vermelho.jpeg\",\"width\":992,\"height\":714,\"caption\":\"Revista Ci\u00eancia UFPR\"},\"image\":{\"@id\":\"https:\/\/ciencia.ufpr.br\/portal\/#\/schema\/logo\/image\/\"},\"sameAs\":[\"https:\/\/www.facebook.com\/cienciaufproficial\",\"https:\/\/x.com\/cienciaufpr\",\"https:\/\/www.instagram.com\/revistacienciaufpr\/\",\"https:\/\/www.linkedin.com\/company\/cienciaufproficial\",\"https:\/\/br.pinterest.com\/cienciaufpr\/\"]},{\"@type\":\"Person\",\"@id\":\"https:\/\/ciencia.ufpr.br\/portal\/#\/schema\/person\/a80df8f0778fd2a1c3826dcd99fd6097\",\"name\":\"Amanda Miranda\",\"url\":\"https:\/\/ciencia.ufpr.br\/portal\/author\/amandamiranda\/\"}]}<\/script>\n<!-- \/ Yoast SEO plugin. -->","yoast_head_json":{"title":"Projeto\u200c \u200cpermite\u200c \u200cque\u200c \u200ccidad\u00e3os\u200c \u200cmonitorem\u200c \u200ca qualidade do\u200c \u200car\u200c de\u200c \u200cCuritiba - Ci\u00eancia UFPR","description":"Chamado de CWBreathe, iniciativa de pesquisa e extens\u00e3o gera dados mensais sobre a polui\u00e7\u00e3o do ar na capital, de cerca de 2 milh\u00f5es de habitantes, por meio de oito esta\u00e7\u00f5es.","robots":{"index":"index","follow":"follow","max-snippet":"max-snippet:-1","max-image-preview":"max-image-preview:large","max-video-preview":"max-video-preview:-1"},"canonical":"https:\/\/ciencia.ufpr.br\/portal\/projeto\u200c-\u200cpermite\u200c-\u200cque\u200c-\u200ccidadaos\u200c-\u200cmonitorem\u200c-\u200ca-qualidade-do\u200c-\u200car\u200c-de\u200c-\u200ccurit\/","og_locale":"pt_BR","og_type":"article","og_title":"Projeto\u200c \u200cpermite\u200c \u200cque\u200c \u200ccidad\u00e3os\u200c \u200cmonitorem\u200c \u200ca qualidade do\u200c \u200car\u200c de\u200c \u200cCuritiba - Ci\u00eancia UFPR","og_description":"Chamado de CWBreathe, iniciativa de pesquisa e extens\u00e3o gera dados mensais sobre a polui\u00e7\u00e3o do ar na capital, de cerca de 2 milh\u00f5es de habitantes, por meio de oito esta\u00e7\u00f5es.","og_url":"https:\/\/ciencia.ufpr.br\/portal\/projeto\u200c-\u200cpermite\u200c-\u200cque\u200c-\u200ccidadaos\u200c-\u200cmonitorem\u200c-\u200ca-qualidade-do\u200c-\u200car\u200c-de\u200c-\u200ccurit\/","og_site_name":"Ci\u00eancia UFPR","article_publisher":"https:\/\/www.facebook.com\/cienciaufproficial","article_published_time":"2020-08-07T14:56:50+00:00","article_modified_time":"2023-03-29T04:26:52+00:00","og_image":[{"width":1280,"height":720,"url":"https:\/\/ciencia.ufpr.br\/portal\/wp-content\/uploads\/2020\/08\/Aerea-Curitiba-Leonel-Albuquerque-www.fotoaereabrasil.com-19-12-2009.jpg","type":"image\/jpeg"}],"author":"Amanda Miranda","twitter_card":"summary_large_image","twitter_creator":"@cienciaufpr","twitter_site":"@cienciaufpr","twitter_misc":{"Escrito por":"Amanda Miranda","Est. tempo de leitura":"6 minutos"},"schema":{"@context":"https:\/\/schema.org","@graph":[{"@type":"Article","@id":"https:\/\/ciencia.ufpr.br\/portal\/projeto%e2%80%8c-%e2%80%8cpermite%e2%80%8c-%e2%80%8cque%e2%80%8c-%e2%80%8ccidadaos%e2%80%8c-%e2%80%8cmonitorem%e2%80%8c-%e2%80%8ca-qualidade-do%e2%80%8c-%e2%80%8car%e2%80%8c-de%e2%80%8c-%e2%80%8ccurit\/#article","isPartOf":{"@id":"https:\/\/ciencia.ufpr.br\/portal\/projeto%e2%80%8c-%e2%80%8cpermite%e2%80%8c-%e2%80%8cque%e2%80%8c-%e2%80%8ccidadaos%e2%80%8c-%e2%80%8cmonitorem%e2%80%8c-%e2%80%8ca-qualidade-do%e2%80%8c-%e2%80%8car%e2%80%8c-de%e2%80%8c-%e2%80%8ccurit\/"},"author":{"name":"Amanda Miranda","@id":"https:\/\/ciencia.ufpr.br\/portal\/#\/schema\/person\/a80df8f0778fd2a1c3826dcd99fd6097"},"headline":"Projeto\u200c \u200cpermite\u200c \u200cque\u200c \u200ccidad\u00e3os\u200c \u200cmonitorem\u200c \u200ca qualidade do\u200c \u200car\u200c de\u200c \u200cCuritiba","datePublished":"2020-08-07T14:56:50+00:00","dateModified":"2023-03-29T04:26:52+00:00","mainEntityOfPage":{"@id":"https:\/\/ciencia.ufpr.br\/portal\/projeto%e2%80%8c-%e2%80%8cpermite%e2%80%8c-%e2%80%8cque%e2%80%8c-%e2%80%8ccidadaos%e2%80%8c-%e2%80%8cmonitorem%e2%80%8c-%e2%80%8ca-qualidade-do%e2%80%8c-%e2%80%8car%e2%80%8c-de%e2%80%8c-%e2%80%8ccurit\/"},"wordCount":1128,"commentCount":0,"publisher":{"@id":"https:\/\/ciencia.ufpr.br\/portal\/#organization"},"image":{"@id":"https:\/\/ciencia.ufpr.br\/portal\/projeto%e2%80%8c-%e2%80%8cpermite%e2%80%8c-%e2%80%8cque%e2%80%8c-%e2%80%8ccidadaos%e2%80%8c-%e2%80%8cmonitorem%e2%80%8c-%e2%80%8ca-qualidade-do%e2%80%8c-%e2%80%8car%e2%80%8c-de%e2%80%8c-%e2%80%8ccurit\/#primaryimage"},"thumbnailUrl":"https:\/\/ciencia.ufpr.br\/portal\/wp-content\/uploads\/2020\/08\/Aerea-Curitiba-Leonel-Albuquerque-www.fotoaereabrasil.com-19-12-2009.jpg","keywords":["\u00e1udios","cidades","computa\u00e7\u00e3o","controle social","Curitiba","engenharia ambiental","extens\u00e3o","internacionaliza\u00e7\u00e3o","polui\u00e7\u00e3o"],"articleSection":["\u00c1udios","Comunidade","Meio ambiente","Reportagem","Tecnologia"],"inLanguage":"pt-BR","potentialAction":[{"@type":"CommentAction","name":"Comment","target":["https:\/\/ciencia.ufpr.br\/portal\/projeto%e2%80%8c-%e2%80%8cpermite%e2%80%8c-%e2%80%8cque%e2%80%8c-%e2%80%8ccidadaos%e2%80%8c-%e2%80%8cmonitorem%e2%80%8c-%e2%80%8ca-qualidade-do%e2%80%8c-%e2%80%8car%e2%80%8c-de%e2%80%8c-%e2%80%8ccurit\/#respond"]}]},{"@type":"WebPage","@id":"https:\/\/ciencia.ufpr.br\/portal\/projeto%e2%80%8c-%e2%80%8cpermite%e2%80%8c-%e2%80%8cque%e2%80%8c-%e2%80%8ccidadaos%e2%80%8c-%e2%80%8cmonitorem%e2%80%8c-%e2%80%8ca-qualidade-do%e2%80%8c-%e2%80%8car%e2%80%8c-de%e2%80%8c-%e2%80%8ccurit\/","url":"https:\/\/ciencia.ufpr.br\/portal\/projeto%e2%80%8c-%e2%80%8cpermite%e2%80%8c-%e2%80%8cque%e2%80%8c-%e2%80%8ccidadaos%e2%80%8c-%e2%80%8cmonitorem%e2%80%8c-%e2%80%8ca-qualidade-do%e2%80%8c-%e2%80%8car%e2%80%8c-de%e2%80%8c-%e2%80%8ccurit\/","name":"Projeto\u200c \u200cpermite\u200c \u200cque\u200c \u200ccidad\u00e3os\u200c \u200cmonitorem\u200c \u200ca qualidade do\u200c \u200car\u200c de\u200c \u200cCuritiba - Ci\u00eancia UFPR","isPartOf":{"@id":"https:\/\/ciencia.ufpr.br\/portal\/#website"},"primaryImageOfPage":{"@id":"https:\/\/ciencia.ufpr.br\/portal\/projeto%e2%80%8c-%e2%80%8cpermite%e2%80%8c-%e2%80%8cque%e2%80%8c-%e2%80%8ccidadaos%e2%80%8c-%e2%80%8cmonitorem%e2%80%8c-%e2%80%8ca-qualidade-do%e2%80%8c-%e2%80%8car%e2%80%8c-de%e2%80%8c-%e2%80%8ccurit\/#primaryimage"},"image":{"@id":"https:\/\/ciencia.ufpr.br\/portal\/projeto%e2%80%8c-%e2%80%8cpermite%e2%80%8c-%e2%80%8cque%e2%80%8c-%e2%80%8ccidadaos%e2%80%8c-%e2%80%8cmonitorem%e2%80%8c-%e2%80%8ca-qualidade-do%e2%80%8c-%e2%80%8car%e2%80%8c-de%e2%80%8c-%e2%80%8ccurit\/#primaryimage"},"thumbnailUrl":"https:\/\/ciencia.ufpr.br\/portal\/wp-content\/uploads\/2020\/08\/Aerea-Curitiba-Leonel-Albuquerque-www.fotoaereabrasil.com-19-12-2009.jpg","datePublished":"2020-08-07T14:56:50+00:00","dateModified":"2023-03-29T04:26:52+00:00","description":"Chamado de CWBreathe, iniciativa de pesquisa e extens\u00e3o gera dados mensais sobre a polui\u00e7\u00e3o do ar na capital, de cerca de 2 milh\u00f5es de habitantes, por meio de oito esta\u00e7\u00f5es.","breadcrumb":{"@id":"https:\/\/ciencia.ufpr.br\/portal\/projeto%e2%80%8c-%e2%80%8cpermite%e2%80%8c-%e2%80%8cque%e2%80%8c-%e2%80%8ccidadaos%e2%80%8c-%e2%80%8cmonitorem%e2%80%8c-%e2%80%8ca-qualidade-do%e2%80%8c-%e2%80%8car%e2%80%8c-de%e2%80%8c-%e2%80%8ccurit\/#breadcrumb"},"inLanguage":"pt-BR","potentialAction":[{"@type":"ReadAction","target":["https:\/\/ciencia.ufpr.br\/portal\/projeto%e2%80%8c-%e2%80%8cpermite%e2%80%8c-%e2%80%8cque%e2%80%8c-%e2%80%8ccidadaos%e2%80%8c-%e2%80%8cmonitorem%e2%80%8c-%e2%80%8ca-qualidade-do%e2%80%8c-%e2%80%8car%e2%80%8c-de%e2%80%8c-%e2%80%8ccurit\/"]}]},{"@type":"ImageObject","inLanguage":"pt-BR","@id":"https:\/\/ciencia.ufpr.br\/portal\/projeto%e2%80%8c-%e2%80%8cpermite%e2%80%8c-%e2%80%8cque%e2%80%8c-%e2%80%8ccidadaos%e2%80%8c-%e2%80%8cmonitorem%e2%80%8c-%e2%80%8ca-qualidade-do%e2%80%8c-%e2%80%8car%e2%80%8c-de%e2%80%8c-%e2%80%8ccurit\/#primaryimage","url":"https:\/\/ciencia.ufpr.br\/portal\/wp-content\/uploads\/2020\/08\/Aerea-Curitiba-Leonel-Albuquerque-www.fotoaereabrasil.com-19-12-2009.jpg","contentUrl":"https:\/\/ciencia.ufpr.br\/portal\/wp-content\/uploads\/2020\/08\/Aerea-Curitiba-Leonel-Albuquerque-www.fotoaereabrasil.com-19-12-2009.jpg","width":1280,"height":720,"caption":"O ar de Curitiba, que tem a maior popula\u00e7\u00e3o do Sul do Brasil, est\u00e1 sendo monitorado por esta\u00e7\u00f5es que geram boletins informativos mensais. Foto: Leonel Albuquerque\/www.fotoaereabrasil.com, 19\/12\/2009"},{"@type":"BreadcrumbList","@id":"https:\/\/ciencia.ufpr.br\/portal\/projeto%e2%80%8c-%e2%80%8cpermite%e2%80%8c-%e2%80%8cque%e2%80%8c-%e2%80%8ccidadaos%e2%80%8c-%e2%80%8cmonitorem%e2%80%8c-%e2%80%8ca-qualidade-do%e2%80%8c-%e2%80%8car%e2%80%8c-de%e2%80%8c-%e2%80%8ccurit\/#breadcrumb","itemListElement":[{"@type":"ListItem","position":1,"name":"Home","item":"https:\/\/ciencia.ufpr.br\/portal\/"},{"@type":"ListItem","position":2,"name":"Projeto\u200c \u200cpermite\u200c \u200cque\u200c \u200ccidad\u00e3os\u200c \u200cmonitorem\u200c \u200ca qualidade do\u200c \u200car\u200c de\u200c \u200cCuritiba"}]},{"@type":"WebSite","@id":"https:\/\/ciencia.ufpr.br\/portal\/#website","url":"https:\/\/ciencia.ufpr.br\/portal\/","name":"Ci\u00eancia UFPR","description":"Site de temas cient\u00edficos com foco no conhecimento produzido na Universidade Federal do Paran\u00e1 (UFPR). Baseado na Revista Ci\u00eancia UFPR.","publisher":{"@id":"https:\/\/ciencia.ufpr.br\/portal\/#organization"},"potentialAction":[{"@type":"SearchAction","target":{"@type":"EntryPoint","urlTemplate":"https:\/\/ciencia.ufpr.br\/portal\/?s={search_term_string}"},"query-input":{"@type":"PropertyValueSpecification","valueRequired":true,"valueName":"search_term_string"}}],"inLanguage":"pt-BR"},{"@type":"Organization","@id":"https:\/\/ciencia.ufpr.br\/portal\/#organization","name":"Revista Ci\u00eancia UFPR","url":"https:\/\/ciencia.ufpr.br\/portal\/","logo":{"@type":"ImageObject","inLanguage":"pt-BR","@id":"https:\/\/ciencia.ufpr.br\/portal\/#\/schema\/logo\/image\/","url":"https:\/\/ciencia.ufpr.br\/portal\/wp-content\/uploads\/2020\/12\/Revista-Ciencia-UFPR-vermelho.jpeg","contentUrl":"https:\/\/ciencia.ufpr.br\/portal\/wp-content\/uploads\/2020\/12\/Revista-Ciencia-UFPR-vermelho.jpeg","width":992,"height":714,"caption":"Revista Ci\u00eancia UFPR"},"image":{"@id":"https:\/\/ciencia.ufpr.br\/portal\/#\/schema\/logo\/image\/"},"sameAs":["https:\/\/www.facebook.com\/cienciaufproficial","https:\/\/x.com\/cienciaufpr","https:\/\/www.instagram.com\/revistacienciaufpr\/","https:\/\/www.linkedin.com\/company\/cienciaufproficial","https:\/\/br.pinterest.com\/cienciaufpr\/"]},{"@type":"Person","@id":"https:\/\/ciencia.ufpr.br\/portal\/#\/schema\/person\/a80df8f0778fd2a1c3826dcd99fd6097","name":"Amanda Miranda","url":"https:\/\/ciencia.ufpr.br\/portal\/author\/amandamiranda\/"}]}},"views":1885,"jetpack_sharing_enabled":true,"jetpack_featured_media_url":"https:\/\/ciencia.ufpr.br\/portal\/wp-content\/uploads\/2020\/08\/Aerea-Curitiba-Leonel-Albuquerque-www.fotoaereabrasil.com-19-12-2009.jpg","_links":{"self":[{"href":"https:\/\/ciencia.ufpr.br\/portal\/wp-json\/wp\/v2\/posts\/17333"}],"collection":[{"href":"https:\/\/ciencia.ufpr.br\/portal\/wp-json\/wp\/v2\/posts"}],"about":[{"href":"https:\/\/ciencia.ufpr.br\/portal\/wp-json\/wp\/v2\/types\/post"}],"author":[{"embeddable":true,"href":"https:\/\/ciencia.ufpr.br\/portal\/wp-json\/wp\/v2\/users\/2804"}],"replies":[{"embeddable":true,"href":"https:\/\/ciencia.ufpr.br\/portal\/wp-json\/wp\/v2\/comments?post=17333"}],"version-history":[{"count":5,"href":"https:\/\/ciencia.ufpr.br\/portal\/wp-json\/wp\/v2\/posts\/17333\/revisions"}],"predecessor-version":[{"id":17350,"href":"https:\/\/ciencia.ufpr.br\/portal\/wp-json\/wp\/v2\/posts\/17333\/revisions\/17350"}],"wp:featuredmedia":[{"embeddable":true,"href":"https:\/\/ciencia.ufpr.br\/portal\/wp-json\/wp\/v2\/media\/17335"}],"wp:attachment":[{"href":"https:\/\/ciencia.ufpr.br\/portal\/wp-json\/wp\/v2\/media?parent=17333"}],"wp:term":[{"taxonomy":"category","embeddable":true,"href":"https:\/\/ciencia.ufpr.br\/portal\/wp-json\/wp\/v2\/categories?post=17333"},{"taxonomy":"post_tag","embeddable":true,"href":"https:\/\/ciencia.ufpr.br\/portal\/wp-json\/wp\/v2\/tags?post=17333"}],"curies":[{"name":"wp","href":"https:\/\/api.w.org\/{rel}","templated":true}]}}