{"id":16566,"date":"2020-08-25T00:14:33","date_gmt":"2020-08-25T03:14:33","guid":{"rendered":"https:\/\/ciencia.ufpr.br\/portal\/?p=16566"},"modified":"2020-12-12T11:23:51","modified_gmt":"2020-12-12T14:23:51","slug":"reviravolta-local-edital-de-apoio-a-negocios-locais-de-curitiba","status":"publish","type":"post","link":"https:\/\/ciencia.ufpr.br\/portal\/reviravolta-local-edital-de-apoio-a-negocios-locais-de-curitiba\/","title":{"rendered":"Reviravolta Local: edital de apoio a neg\u00f3cios inovadores de Curitiba"},"content":{"rendered":"<p>A pandemia do novo coronav\u00edrus trouxe impactos sociais de diversas escalas, prejudicando n\u00e3o apenas a sa\u00fade da popula\u00e7\u00e3o brasileira, mas tamb\u00e9m o setor produtivo com graves consequ\u00eancias para economia. Com o objetivo de apoiar os neg\u00f3cios locais e proporcionar condi\u00e7\u00f5es para que empreendedores criativos, inovadores e sustent\u00e1veis superem a crise, um grupo de profissionais e empresas lan\u00e7ou a iniciativa Reviravolta Local. Por meio de edital, o programa vai selecionar at\u00e9 cem neg\u00f3cios inovadores e oferecer uma s\u00e9rie de benef\u00edcios para supera\u00e7\u00e3o da crise e adapta\u00e7\u00e3o \u00e0s mudan\u00e7as impostas pela pandemia de Covid-19.<\/p>\n<p>Para participar, basta se inscrever no <a href=\"https:\/\/itupava1299.com.br\/\" target=\"_blank\" rel=\"noopener noreferrer\">formul\u00e1rio online<\/a>. Podem submeter MEIs, startups, restaurantes, lojas f\u00edsicas e colaborativas, profissionais aut\u00f4nomos, organiza\u00e7\u00f5es sociais, galerias e caf\u00e9s.<\/p>\n<blockquote class=\"alignright\"><p>Entre os benef\u00edcios previstos est\u00e3o consultorias, capacita\u00e7\u00e3o e subs\u00eddio a aluguel<\/p><\/blockquote>\n<p>A inscri\u00e7\u00e3o \u00e9 gratuita, mas os interessados devem cumprir pelo menos uma de tr\u00eas contrapartidas: consumo m\u00ednimo de R$ 100 em neg\u00f3cios locais; compra de duas cestas agroecol\u00f3gicas da agricultura familiar para doa\u00e7\u00e3o a pessoas em situa\u00e7\u00e3o de vulnerabilidade social e econ\u00f4mica; ou assinatura do plano anual de R$ 50,00 mensais da <a href=\"http:\/\/propulsaolocal.com.br\/\" target=\"_blank\" rel=\"noopener noreferrer\">Rede Propuls\u00e3o Local<\/a>. As inscri\u00e7\u00f5es v\u00e3o at\u00e9 o dia 15 de outubro.<\/p>\n<p>Entre os benef\u00edcios para os selecionados em edital, est\u00e3o consultorias estrat\u00e9gicas, servi\u00e7os de capacita\u00e7\u00e3o, al\u00e9m de direito de acesso \u00e0 infraestrutura de espa\u00e7o f\u00edsico para instala\u00e7\u00e3o de lojas e escrit\u00f3rios, com subs\u00eddio de at\u00e9 100% do aluguel por um ano. Al\u00e9m disso, os empreendedores e empreendedoras passam a ser conhecidos por uma carteira de investidores que podem vir a apoiar suas ideias.<\/p>\n<h6>Rede de apoio m\u00fatuo<\/h6>\n<p>O Reviravolta Local prop\u00f5e mais que um incentivo pontual ao empreendedorismo de Curitiba. A iniciativa integra os neg\u00f3cios selecionados a uma rede de apoio m\u00fatuo, com troca de experi\u00eancias com empresas e profissionais e acesso a um mix de ideias modernas e sustent\u00e1veis. Quem ingressa no projeto desfruta de divulga\u00e7\u00e3o nos canais de comunica\u00e7\u00e3o da iniciativa e se compromete a consumir das empresas parceiras.<\/p>\n<p>\u201cA liberdade criativa pulsa, surgem muitos sonhos e propostas inovadoras e vamos impulsionando uns aos outros rumo ao crescimento; \u00e9 a supera\u00e7\u00e3o da competi\u00e7\u00e3o por meio da colabora\u00e7\u00e3o\u201d, afirma Jo\u00e3o Paulo Mehl, coordenador da iniciativa e gestor do ecossistema composto por Itupava 1299 \u2013 que vai abrigar os selecionados com espa\u00e7o f\u00edsico e infraestrutura subsidiada, Terra\u00e7o Verde e Propuls\u00e3o Local. Tamb\u00e9m assinam a proposta o Instituto Local Biz e Social Ideias.<\/p>\n","protected":false},"excerpt":{"rendered":"<p>A pandemia do novo coronav\u00edrus trouxe impactos sociais de diversas escalas, prejudicando n\u00e3o apenas a sa\u00fade da popula\u00e7\u00e3o brasileira, mas&#8230;<\/p>\n","protected":false},"author":2806,"featured_media":16722,"comment_status":"open","ping_status":"open","sticky":false,"template":"","format":"image","meta":{"_acf_changed":false,"footnotes":"","fifu_image_url":"","fifu_image_alt":"","_jetpack_memberships_contains_paid_content":false},"categories":[1144,1145],"tags":[1696],"acf":[],"yoast_head":"<!-- This site is optimized with the Yoast SEO plugin v23.5 - https:\/\/yoast.com\/wordpress\/plugins\/seo\/ -->\n<title>Reviravolta Local: edital de apoio a neg\u00f3cios locais de Curitiba<\/title>\n<meta name=\"description\" content=\"Programa da iniciativa privada, Reviravolta Local auxiliar\u00e1 at\u00e9 cem neg\u00f3cios locais inovadores a superar crise p\u00f3s-pandemia. Inscri\u00e7\u00f5es at\u00e9 15\/10.\" \/>\n<meta name=\"robots\" content=\"index, follow, max-snippet:-1, max-image-preview:large, max-video-preview:-1\" \/>\n<link rel=\"canonical\" href=\"https:\/\/ciencia.ufpr.br\/portal\/reviravolta-local-edital-de-apoio-a-negocios-locais-de-curitiba\/\" \/>\n<meta property=\"og:locale\" content=\"pt_BR\" \/>\n<meta property=\"og:type\" content=\"article\" \/>\n<meta property=\"og:title\" content=\"Reviravolta Local: edital de apoio a neg\u00f3cios locais de Curitiba\" \/>\n<meta property=\"og:description\" content=\"Programa da iniciativa privada, Reviravolta Local auxiliar\u00e1 at\u00e9 cem neg\u00f3cios locais inovadores a superar crise p\u00f3s-pandemia. Inscri\u00e7\u00f5es at\u00e9 15\/10.\" \/>\n<meta property=\"og:url\" content=\"https:\/\/ciencia.ufpr.br\/portal\/reviravolta-local-edital-de-apoio-a-negocios-locais-de-curitiba\/\" \/>\n<meta property=\"og:site_name\" content=\"Ci\u00eancia UFPR\" \/>\n<meta property=\"article:publisher\" content=\"https:\/\/www.facebook.com\/cienciaufproficial\" \/>\n<meta property=\"article:author\" content=\"https:\/\/facebook.com\/cienciaufproficial\/\" \/>\n<meta property=\"article:published_time\" content=\"2020-08-25T03:14:33+00:00\" \/>\n<meta property=\"article:modified_time\" content=\"2020-12-12T14:23:51+00:00\" \/>\n<meta property=\"og:image\" content=\"https:\/\/ciencia.ufpr.br\/portal\/wp-content\/uploads\/2020\/09\/SERVI\u00c7O-neg\u00f3cios-locais-Ilustra\u00e7\u00e3o-Freepik-min-dream.jpg\" \/>\n\t<meta property=\"og:image:width\" content=\"800\" \/>\n\t<meta property=\"og:image:height\" content=\"450\" \/>\n\t<meta property=\"og:image:type\" content=\"image\/jpeg\" \/>\n<meta name=\"author\" content=\"Reda\u00e7\u00e3o Ci\u00eancia UFPR\" \/>\n<meta name=\"twitter:card\" content=\"summary_large_image\" \/>\n<meta name=\"twitter:creator\" content=\"@cienciaufpr\" \/>\n<meta name=\"twitter:site\" content=\"@cienciaufpr\" \/>\n<meta name=\"twitter:label1\" content=\"Escrito por\" \/>\n\t<meta name=\"twitter:data1\" content=\"Reda\u00e7\u00e3o Ci\u00eancia UFPR\" \/>\n\t<meta name=\"twitter:label2\" content=\"Est. tempo de leitura\" \/>\n\t<meta name=\"twitter:data2\" content=\"2 minutos\" \/>\n<script type=\"application\/ld+json\" class=\"yoast-schema-graph\">{\"@context\":\"https:\/\/schema.org\",\"@graph\":[{\"@type\":\"Article\",\"@id\":\"https:\/\/ciencia.ufpr.br\/portal\/reviravolta-local-edital-de-apoio-a-negocios-locais-de-curitiba\/#article\",\"isPartOf\":{\"@id\":\"https:\/\/ciencia.ufpr.br\/portal\/reviravolta-local-edital-de-apoio-a-negocios-locais-de-curitiba\/\"},\"author\":{\"name\":\"Reda\u00e7\u00e3o Ci\u00eancia UFPR\",\"@id\":\"https:\/\/ciencia.ufpr.br\/portal\/#\/schema\/person\/562217e00c1aa3a8c132639249490a83\"},\"headline\":\"Reviravolta Local: edital de apoio a neg\u00f3cios inovadores de Curitiba\",\"datePublished\":\"2020-08-25T03:14:33+00:00\",\"dateModified\":\"2020-12-12T14:23:51+00:00\",\"mainEntityOfPage\":{\"@id\":\"https:\/\/ciencia.ufpr.br\/portal\/reviravolta-local-edital-de-apoio-a-negocios-locais-de-curitiba\/\"},\"wordCount\":459,\"commentCount\":0,\"publisher\":{\"@id\":\"https:\/\/ciencia.ufpr.br\/portal\/#organization\"},\"image\":{\"@id\":\"https:\/\/ciencia.ufpr.br\/portal\/reviravolta-local-edital-de-apoio-a-negocios-locais-de-curitiba\/#primaryimage\"},\"thumbnailUrl\":\"https:\/\/ciencia.ufpr.br\/portal\/wp-content\/uploads\/2020\/09\/SERVI\u00c7O-neg\u00f3cios-locais-Ilustra\u00e7\u00e3o-Freepik-min-dream.jpg\",\"keywords\":[\"neg\u00f3cios\"],\"articleSection\":[\"Agenda\",\"Chamadas\"],\"inLanguage\":\"pt-BR\",\"potentialAction\":[{\"@type\":\"CommentAction\",\"name\":\"Comment\",\"target\":[\"https:\/\/ciencia.ufpr.br\/portal\/reviravolta-local-edital-de-apoio-a-negocios-locais-de-curitiba\/#respond\"]}]},{\"@type\":\"WebPage\",\"@id\":\"https:\/\/ciencia.ufpr.br\/portal\/reviravolta-local-edital-de-apoio-a-negocios-locais-de-curitiba\/\",\"url\":\"https:\/\/ciencia.ufpr.br\/portal\/reviravolta-local-edital-de-apoio-a-negocios-locais-de-curitiba\/\",\"name\":\"Reviravolta Local: edital de apoio a neg\u00f3cios locais de Curitiba\",\"isPartOf\":{\"@id\":\"https:\/\/ciencia.ufpr.br\/portal\/#website\"},\"primaryImageOfPage\":{\"@id\":\"https:\/\/ciencia.ufpr.br\/portal\/reviravolta-local-edital-de-apoio-a-negocios-locais-de-curitiba\/#primaryimage\"},\"image\":{\"@id\":\"https:\/\/ciencia.ufpr.br\/portal\/reviravolta-local-edital-de-apoio-a-negocios-locais-de-curitiba\/#primaryimage\"},\"thumbnailUrl\":\"https:\/\/ciencia.ufpr.br\/portal\/wp-content\/uploads\/2020\/09\/SERVI\u00c7O-neg\u00f3cios-locais-Ilustra\u00e7\u00e3o-Freepik-min-dream.jpg\",\"datePublished\":\"2020-08-25T03:14:33+00:00\",\"dateModified\":\"2020-12-12T14:23:51+00:00\",\"description\":\"Programa da iniciativa privada, Reviravolta Local auxiliar\u00e1 at\u00e9 cem neg\u00f3cios locais inovadores a superar crise p\u00f3s-pandemia. Inscri\u00e7\u00f5es at\u00e9 15\/10.\",\"breadcrumb\":{\"@id\":\"https:\/\/ciencia.ufpr.br\/portal\/reviravolta-local-edital-de-apoio-a-negocios-locais-de-curitiba\/#breadcrumb\"},\"inLanguage\":\"pt-BR\",\"potentialAction\":[{\"@type\":\"ReadAction\",\"target\":[\"https:\/\/ciencia.ufpr.br\/portal\/reviravolta-local-edital-de-apoio-a-negocios-locais-de-curitiba\/\"]}]},{\"@type\":\"ImageObject\",\"inLanguage\":\"pt-BR\",\"@id\":\"https:\/\/ciencia.ufpr.br\/portal\/reviravolta-local-edital-de-apoio-a-negocios-locais-de-curitiba\/#primaryimage\",\"url\":\"https:\/\/ciencia.ufpr.br\/portal\/wp-content\/uploads\/2020\/09\/SERVI\u00c7O-neg\u00f3cios-locais-Ilustra\u00e7\u00e3o-Freepik-min-dream.jpg\",\"contentUrl\":\"https:\/\/ciencia.ufpr.br\/portal\/wp-content\/uploads\/2020\/09\/SERVI\u00c7O-neg\u00f3cios-locais-Ilustra\u00e7\u00e3o-Freepik-min-dream.jpg\",\"width\":800,\"height\":450},{\"@type\":\"BreadcrumbList\",\"@id\":\"https:\/\/ciencia.ufpr.br\/portal\/reviravolta-local-edital-de-apoio-a-negocios-locais-de-curitiba\/#breadcrumb\",\"itemListElement\":[{\"@type\":\"ListItem\",\"position\":1,\"name\":\"Home\",\"item\":\"https:\/\/ciencia.ufpr.br\/portal\/\"},{\"@type\":\"ListItem\",\"position\":2,\"name\":\"Reviravolta Local: edital de apoio a neg\u00f3cios inovadores de Curitiba\"}]},{\"@type\":\"WebSite\",\"@id\":\"https:\/\/ciencia.ufpr.br\/portal\/#website\",\"url\":\"https:\/\/ciencia.ufpr.br\/portal\/\",\"name\":\"Ci\u00eancia UFPR\",\"description\":\"Site de temas cient\u00edficos com foco no conhecimento produzido na Universidade Federal do Paran\u00e1 (UFPR). Baseado na Revista Ci\u00eancia UFPR.\",\"publisher\":{\"@id\":\"https:\/\/ciencia.ufpr.br\/portal\/#organization\"},\"potentialAction\":[{\"@type\":\"SearchAction\",\"target\":{\"@type\":\"EntryPoint\",\"urlTemplate\":\"https:\/\/ciencia.ufpr.br\/portal\/?s={search_term_string}\"},\"query-input\":{\"@type\":\"PropertyValueSpecification\",\"valueRequired\":true,\"valueName\":\"search_term_string\"}}],\"inLanguage\":\"pt-BR\"},{\"@type\":\"Organization\",\"@id\":\"https:\/\/ciencia.ufpr.br\/portal\/#organization\",\"name\":\"Revista Ci\u00eancia UFPR\",\"url\":\"https:\/\/ciencia.ufpr.br\/portal\/\",\"logo\":{\"@type\":\"ImageObject\",\"inLanguage\":\"pt-BR\",\"@id\":\"https:\/\/ciencia.ufpr.br\/portal\/#\/schema\/logo\/image\/\",\"url\":\"https:\/\/ciencia.ufpr.br\/portal\/wp-content\/uploads\/2020\/12\/Revista-Ciencia-UFPR-vermelho.jpeg\",\"contentUrl\":\"https:\/\/ciencia.ufpr.br\/portal\/wp-content\/uploads\/2020\/12\/Revista-Ciencia-UFPR-vermelho.jpeg\",\"width\":992,\"height\":714,\"caption\":\"Revista Ci\u00eancia UFPR\"},\"image\":{\"@id\":\"https:\/\/ciencia.ufpr.br\/portal\/#\/schema\/logo\/image\/\"},\"sameAs\":[\"https:\/\/www.facebook.com\/cienciaufproficial\",\"https:\/\/x.com\/cienciaufpr\",\"https:\/\/www.instagram.com\/revistacienciaufpr\/\",\"https:\/\/www.linkedin.com\/company\/cienciaufproficial\",\"https:\/\/br.pinterest.com\/cienciaufpr\/\"]},{\"@type\":\"Person\",\"@id\":\"https:\/\/ciencia.ufpr.br\/portal\/#\/schema\/person\/562217e00c1aa3a8c132639249490a83\",\"name\":\"Reda\u00e7\u00e3o Ci\u00eancia UFPR\",\"description\":\"Site de jornalismo e divulga\u00e7\u00e3o cient\u00edficos sobre o conhecimento produzido na Universidade Federal do Paran\u00e1 (UFPR). Baseado na Revista Ci\u00eancia UFPR, editada pela Superintend\u00eancia de Comunica\u00e7\u00e3o (Sucom) desde 2016.\",\"sameAs\":[\"https:\/\/facebook.com\/cienciaufproficial\/\",\"https:\/\/www.instagram.com\/revistacienciaufpr\/\",\"https:\/\/x.com\/cienciaufpr\"],\"url\":\"https:\/\/ciencia.ufpr.br\/portal\/author\/revistacienciaufpr\/\"}]}<\/script>\n<!-- \/ Yoast SEO plugin. -->","yoast_head_json":{"title":"Reviravolta Local: edital de apoio a neg\u00f3cios locais de Curitiba","description":"Programa da iniciativa privada, Reviravolta Local auxiliar\u00e1 at\u00e9 cem neg\u00f3cios locais inovadores a superar crise p\u00f3s-pandemia. Inscri\u00e7\u00f5es at\u00e9 15\/10.","robots":{"index":"index","follow":"follow","max-snippet":"max-snippet:-1","max-image-preview":"max-image-preview:large","max-video-preview":"max-video-preview:-1"},"canonical":"https:\/\/ciencia.ufpr.br\/portal\/reviravolta-local-edital-de-apoio-a-negocios-locais-de-curitiba\/","og_locale":"pt_BR","og_type":"article","og_title":"Reviravolta Local: edital de apoio a neg\u00f3cios locais de Curitiba","og_description":"Programa da iniciativa privada, Reviravolta Local auxiliar\u00e1 at\u00e9 cem neg\u00f3cios locais inovadores a superar crise p\u00f3s-pandemia. Inscri\u00e7\u00f5es at\u00e9 15\/10.","og_url":"https:\/\/ciencia.ufpr.br\/portal\/reviravolta-local-edital-de-apoio-a-negocios-locais-de-curitiba\/","og_site_name":"Ci\u00eancia UFPR","article_publisher":"https:\/\/www.facebook.com\/cienciaufproficial","article_author":"https:\/\/facebook.com\/cienciaufproficial\/","article_published_time":"2020-08-25T03:14:33+00:00","article_modified_time":"2020-12-12T14:23:51+00:00","og_image":[{"width":800,"height":450,"url":"https:\/\/ciencia.ufpr.br\/portal\/wp-content\/uploads\/2020\/09\/SERVI\u00c7O-neg\u00f3cios-locais-Ilustra\u00e7\u00e3o-Freepik-min-dream.jpg","type":"image\/jpeg"}],"author":"Reda\u00e7\u00e3o Ci\u00eancia UFPR","twitter_card":"summary_large_image","twitter_creator":"@cienciaufpr","twitter_site":"@cienciaufpr","twitter_misc":{"Escrito por":"Reda\u00e7\u00e3o Ci\u00eancia UFPR","Est. tempo de leitura":"2 minutos"},"schema":{"@context":"https:\/\/schema.org","@graph":[{"@type":"Article","@id":"https:\/\/ciencia.ufpr.br\/portal\/reviravolta-local-edital-de-apoio-a-negocios-locais-de-curitiba\/#article","isPartOf":{"@id":"https:\/\/ciencia.ufpr.br\/portal\/reviravolta-local-edital-de-apoio-a-negocios-locais-de-curitiba\/"},"author":{"name":"Reda\u00e7\u00e3o Ci\u00eancia UFPR","@id":"https:\/\/ciencia.ufpr.br\/portal\/#\/schema\/person\/562217e00c1aa3a8c132639249490a83"},"headline":"Reviravolta Local: edital de apoio a neg\u00f3cios inovadores de Curitiba","datePublished":"2020-08-25T03:14:33+00:00","dateModified":"2020-12-12T14:23:51+00:00","mainEntityOfPage":{"@id":"https:\/\/ciencia.ufpr.br\/portal\/reviravolta-local-edital-de-apoio-a-negocios-locais-de-curitiba\/"},"wordCount":459,"commentCount":0,"publisher":{"@id":"https:\/\/ciencia.ufpr.br\/portal\/#organization"},"image":{"@id":"https:\/\/ciencia.ufpr.br\/portal\/reviravolta-local-edital-de-apoio-a-negocios-locais-de-curitiba\/#primaryimage"},"thumbnailUrl":"https:\/\/ciencia.ufpr.br\/portal\/wp-content\/uploads\/2020\/09\/SERVI\u00c7O-neg\u00f3cios-locais-Ilustra\u00e7\u00e3o-Freepik-min-dream.jpg","keywords":["neg\u00f3cios"],"articleSection":["Agenda","Chamadas"],"inLanguage":"pt-BR","potentialAction":[{"@type":"CommentAction","name":"Comment","target":["https:\/\/ciencia.ufpr.br\/portal\/reviravolta-local-edital-de-apoio-a-negocios-locais-de-curitiba\/#respond"]}]},{"@type":"WebPage","@id":"https:\/\/ciencia.ufpr.br\/portal\/reviravolta-local-edital-de-apoio-a-negocios-locais-de-curitiba\/","url":"https:\/\/ciencia.ufpr.br\/portal\/reviravolta-local-edital-de-apoio-a-negocios-locais-de-curitiba\/","name":"Reviravolta Local: edital de apoio a neg\u00f3cios locais de Curitiba","isPartOf":{"@id":"https:\/\/ciencia.ufpr.br\/portal\/#website"},"primaryImageOfPage":{"@id":"https:\/\/ciencia.ufpr.br\/portal\/reviravolta-local-edital-de-apoio-a-negocios-locais-de-curitiba\/#primaryimage"},"image":{"@id":"https:\/\/ciencia.ufpr.br\/portal\/reviravolta-local-edital-de-apoio-a-negocios-locais-de-curitiba\/#primaryimage"},"thumbnailUrl":"https:\/\/ciencia.ufpr.br\/portal\/wp-content\/uploads\/2020\/09\/SERVI\u00c7O-neg\u00f3cios-locais-Ilustra\u00e7\u00e3o-Freepik-min-dream.jpg","datePublished":"2020-08-25T03:14:33+00:00","dateModified":"2020-12-12T14:23:51+00:00","description":"Programa da iniciativa privada, Reviravolta Local auxiliar\u00e1 at\u00e9 cem neg\u00f3cios locais inovadores a superar crise p\u00f3s-pandemia. Inscri\u00e7\u00f5es at\u00e9 15\/10.","breadcrumb":{"@id":"https:\/\/ciencia.ufpr.br\/portal\/reviravolta-local-edital-de-apoio-a-negocios-locais-de-curitiba\/#breadcrumb"},"inLanguage":"pt-BR","potentialAction":[{"@type":"ReadAction","target":["https:\/\/ciencia.ufpr.br\/portal\/reviravolta-local-edital-de-apoio-a-negocios-locais-de-curitiba\/"]}]},{"@type":"ImageObject","inLanguage":"pt-BR","@id":"https:\/\/ciencia.ufpr.br\/portal\/reviravolta-local-edital-de-apoio-a-negocios-locais-de-curitiba\/#primaryimage","url":"https:\/\/ciencia.ufpr.br\/portal\/wp-content\/uploads\/2020\/09\/SERVI\u00c7O-neg\u00f3cios-locais-Ilustra\u00e7\u00e3o-Freepik-min-dream.jpg","contentUrl":"https:\/\/ciencia.ufpr.br\/portal\/wp-content\/uploads\/2020\/09\/SERVI\u00c7O-neg\u00f3cios-locais-Ilustra\u00e7\u00e3o-Freepik-min-dream.jpg","width":800,"height":450},{"@type":"BreadcrumbList","@id":"https:\/\/ciencia.ufpr.br\/portal\/reviravolta-local-edital-de-apoio-a-negocios-locais-de-curitiba\/#breadcrumb","itemListElement":[{"@type":"ListItem","position":1,"name":"Home","item":"https:\/\/ciencia.ufpr.br\/portal\/"},{"@type":"ListItem","position":2,"name":"Reviravolta Local: edital de apoio a neg\u00f3cios inovadores de Curitiba"}]},{"@type":"WebSite","@id":"https:\/\/ciencia.ufpr.br\/portal\/#website","url":"https:\/\/ciencia.ufpr.br\/portal\/","name":"Ci\u00eancia UFPR","description":"Site de temas cient\u00edficos com foco no conhecimento produzido na Universidade Federal do Paran\u00e1 (UFPR). Baseado na Revista Ci\u00eancia UFPR.","publisher":{"@id":"https:\/\/ciencia.ufpr.br\/portal\/#organization"},"potentialAction":[{"@type":"SearchAction","target":{"@type":"EntryPoint","urlTemplate":"https:\/\/ciencia.ufpr.br\/portal\/?s={search_term_string}"},"query-input":{"@type":"PropertyValueSpecification","valueRequired":true,"valueName":"search_term_string"}}],"inLanguage":"pt-BR"},{"@type":"Organization","@id":"https:\/\/ciencia.ufpr.br\/portal\/#organization","name":"Revista Ci\u00eancia UFPR","url":"https:\/\/ciencia.ufpr.br\/portal\/","logo":{"@type":"ImageObject","inLanguage":"pt-BR","@id":"https:\/\/ciencia.ufpr.br\/portal\/#\/schema\/logo\/image\/","url":"https:\/\/ciencia.ufpr.br\/portal\/wp-content\/uploads\/2020\/12\/Revista-Ciencia-UFPR-vermelho.jpeg","contentUrl":"https:\/\/ciencia.ufpr.br\/portal\/wp-content\/uploads\/2020\/12\/Revista-Ciencia-UFPR-vermelho.jpeg","width":992,"height":714,"caption":"Revista Ci\u00eancia UFPR"},"image":{"@id":"https:\/\/ciencia.ufpr.br\/portal\/#\/schema\/logo\/image\/"},"sameAs":["https:\/\/www.facebook.com\/cienciaufproficial","https:\/\/x.com\/cienciaufpr","https:\/\/www.instagram.com\/revistacienciaufpr\/","https:\/\/www.linkedin.com\/company\/cienciaufproficial","https:\/\/br.pinterest.com\/cienciaufpr\/"]},{"@type":"Person","@id":"https:\/\/ciencia.ufpr.br\/portal\/#\/schema\/person\/562217e00c1aa3a8c132639249490a83","name":"Reda\u00e7\u00e3o Ci\u00eancia UFPR","description":"Site de jornalismo e divulga\u00e7\u00e3o cient\u00edficos sobre o conhecimento produzido na Universidade Federal do Paran\u00e1 (UFPR). Baseado na Revista Ci\u00eancia UFPR, editada pela Superintend\u00eancia de Comunica\u00e7\u00e3o (Sucom) desde 2016.","sameAs":["https:\/\/facebook.com\/cienciaufproficial\/","https:\/\/www.instagram.com\/revistacienciaufpr\/","https:\/\/x.com\/cienciaufpr"],"url":"https:\/\/ciencia.ufpr.br\/portal\/author\/revistacienciaufpr\/"}]}},"views":443,"jetpack_sharing_enabled":true,"jetpack_featured_media_url":"https:\/\/ciencia.ufpr.br\/portal\/wp-content\/uploads\/2020\/09\/SERVI\u00c7O-neg\u00f3cios-locais-Ilustra\u00e7\u00e3o-Freepik-min-dream.jpg","_links":{"self":[{"href":"https:\/\/ciencia.ufpr.br\/portal\/wp-json\/wp\/v2\/posts\/16566"}],"collection":[{"href":"https:\/\/ciencia.ufpr.br\/portal\/wp-json\/wp\/v2\/posts"}],"about":[{"href":"https:\/\/ciencia.ufpr.br\/portal\/wp-json\/wp\/v2\/types\/post"}],"author":[{"embeddable":true,"href":"https:\/\/ciencia.ufpr.br\/portal\/wp-json\/wp\/v2\/users\/2806"}],"replies":[{"embeddable":true,"href":"https:\/\/ciencia.ufpr.br\/portal\/wp-json\/wp\/v2\/comments?post=16566"}],"version-history":[{"count":7,"href":"https:\/\/ciencia.ufpr.br\/portal\/wp-json\/wp\/v2\/posts\/16566\/revisions"}],"predecessor-version":[{"id":16576,"href":"https:\/\/ciencia.ufpr.br\/portal\/wp-json\/wp\/v2\/posts\/16566\/revisions\/16576"}],"wp:featuredmedia":[{"embeddable":true,"href":"https:\/\/ciencia.ufpr.br\/portal\/wp-json\/wp\/v2\/media\/16722"}],"wp:attachment":[{"href":"https:\/\/ciencia.ufpr.br\/portal\/wp-json\/wp\/v2\/media?parent=16566"}],"wp:term":[{"taxonomy":"category","embeddable":true,"href":"https:\/\/ciencia.ufpr.br\/portal\/wp-json\/wp\/v2\/categories?post=16566"},{"taxonomy":"post_tag","embeddable":true,"href":"https:\/\/ciencia.ufpr.br\/portal\/wp-json\/wp\/v2\/tags?post=16566"}],"curies":[{"name":"wp","href":"https:\/\/api.w.org\/{rel}","templated":true}]}}