{"id":15807,"date":"2020-06-10T00:22:21","date_gmt":"2020-06-10T03:22:21","guid":{"rendered":"https:\/\/ciencia.ufpr.br\/portal\/?p=15807"},"modified":"2023-10-16T18:55:52","modified_gmt":"2023-10-16T21:55:52","slug":"startup-incubada-na-ufpr-busca-fixadores-naturais-de-nitrogenio-para-cereais","status":"publish","type":"post","link":"https:\/\/ciencia.ufpr.br\/portal\/startup-incubada-na-ufpr-busca-fixadores-naturais-de-nitrogenio-para-cereais\/","title":{"rendered":"Startup incubada na UFPR busca fixadores naturais de nitrog\u00eanio para cereais"},"content":{"rendered":"<p>Avan\u00e7ar no conhecimento sobre bact\u00e9rias capazes de promover a fixa\u00e7\u00e3o de nitrog\u00eanio em cultivos de cereais, um desafio cient\u00edfico dos \u00faltimos 50 anos, est\u00e1 nos planos da startup de biotecnologia GoGenetic, incubada no Departamento de Bioqu\u00edmica e Biologia Molecular da Universidade Federal do Paran\u00e1 (UFPR). Essa proposta, que ajudaria a reduzir o impacto ambiental ao mesmo tempo em que traria ganho de produtividade \u00e0 cerealicultura, ganhou impulso importante em maio. Com a inclus\u00e3o do projeto na lista de 23 selecionados pelo Instituto Serrapilheira em sua terceira chamada p\u00fablica para cientistas, divulgada no dia 29, uma etapa do plano da empresa ser\u00e1 subsidiada.<\/p>\n<p>\u00danica startup da lista, a GoGenetic prop\u00f4s investigar microrganismos que ajudam plantas da Mata Atl\u00e2ntica e de planta\u00e7\u00f5es de cultivo org\u00e2nico a captar nitrog\u00eanio do ar para sua nutri\u00e7\u00e3o. Para isso, os cientistas querem observar o ciclo do nitrog\u00eanio nessa floresta e identificar o elemento qu\u00edmico por meio de uma de suas formas, o 15N2, usado como ferramenta para determinar sua presen\u00e7a.<\/p>\n<p>Segundo a pesquisadora-chefe do projeto, Vania Pankievicz, a inova\u00e7\u00e3o est\u00e1 no objetivo de correlacionar o 15N2 com os microrganismos (microbioma) em locais em que ele possui presen\u00e7a natural, caso da Mata Atl\u00e2ntica e dos cultivos com e sem aditivos qu\u00edmicos do Paran\u00e1. A ideia \u00e9 usar o sequenciamento gen\u00e9tico dos microrganismos e de seus rastros (chamados de metatranscriptomas) para compreender melhor como essa cadeia complexa atua no crescimento das plantas.<\/p>\n<p>Por meio da an\u00e1lise gen\u00e9tica, a empresa pretende descrever que micro-organismos desses ambientes s\u00e3o fixadores de nitrog\u00eanio, ou seja, atuam na fixa\u00e7\u00e3o do nitrog\u00eanio, formando um adubo natural de am\u00f4nia e promovendo o crescimento da planta.<\/p>\n<p>\u201cNosso objetivo est\u00e1 direcionado na descoberta da biodiversidade natural de fixadores em solos agr\u00edcolas e solos sustent\u00e1veis, bem como quais as caracter\u00edsticas moleculares fazem destes microrganismos fixadores eficientes\u201d, explica a pesquisadora, tamb\u00e9m uma das fundadoras da startup.<\/p>\n<p><strong>Biodiversidade<\/strong><\/p>\n<p>Dessa forma, a pesquisa conseguiria destacar fixadores naturais de nitrog\u00eanio dispon\u00edveis na biodiversidade brasileira, em ambientes sustent\u00e1veis, e que seriam alternativas naturais aos aditivos qu\u00edmicos largamente usados na agricultura convencional. Tamb\u00e9m ajudaria a preencher uma lacuna, uma vez que faltam processos biol\u00f3gicos para a fixa\u00e7\u00e3o de nitrog\u00eanio em cereais.<\/p>\n<p>Desde os anos 70 as bact\u00e9rias riz\u00f3bias s\u00e3o utilizadas na cultura de legumes, como a soja. Mas faltam op\u00e7\u00f5es para outras culturas populares no mundo, entre as quais milho, arroz e trigo. A inova\u00e7\u00e3o teria impacto tamb\u00e9m para a agricultura brasileira. De acordo com o Sistema IBGE de Recupera\u00e7\u00e3o Autom\u00e1tica (Sidra), foram colhidos em 2019 no Brasil cerca de 10 milh\u00f5es de toneladas de arroz e 98 milh\u00f5es de toneladas de milho. No Paran\u00e1, a colheita foi de 134,6 mil toneladas de arroz e quase 16,6 milh\u00f5es de toneladas de milho.<\/p>\n<figure id=\"attachment_15810\" aria-describedby=\"caption-attachment-15810\" style=\"width: 810px\" class=\"wp-caption aligncenter\"><img loading=\"lazy\" decoding=\"async\" class=\"size-large wp-image-15810\" src=\"https:\/\/ciencia.ufpr.br\/portal\/wp-content\/uploads\/2020\/07\/Cr\u00e9dito-Eduardo-Balsanelli-cultivo-feito-em-laborat\u00f3rio-apartir-de-isolados-do-solo-1-1024x576.jpg\" alt=\"Projeto pretende analisar microrganismos que s\u00e3o potencialmente fixadores de nitrog\u00eanio em plantas da Mata Atll\u00e2ntica e de fazendas de cultivo org\u00e2nico no Paran\u00e1. Na foto, cultivo feito em laborat\u00f3rio a partir de isolados do solo. Foto: Eduardo Balsanelli\/Divulga\u00e7\u00e3o\" width=\"810\" height=\"456\" srcset=\"https:\/\/ciencia.ufpr.br\/portal\/wp-content\/uploads\/2020\/07\/Cr\u00e9dito-Eduardo-Balsanelli-cultivo-feito-em-laborat\u00f3rio-apartir-de-isolados-do-solo-1-1024x576.jpg 1024w, https:\/\/ciencia.ufpr.br\/portal\/wp-content\/uploads\/2020\/07\/Cr\u00e9dito-Eduardo-Balsanelli-cultivo-feito-em-laborat\u00f3rio-apartir-de-isolados-do-solo-1-300x169.jpg 300w, https:\/\/ciencia.ufpr.br\/portal\/wp-content\/uploads\/2020\/07\/Cr\u00e9dito-Eduardo-Balsanelli-cultivo-feito-em-laborat\u00f3rio-apartir-de-isolados-do-solo-1-768x432.jpg 768w, https:\/\/ciencia.ufpr.br\/portal\/wp-content\/uploads\/2020\/07\/Cr\u00e9dito-Eduardo-Balsanelli-cultivo-feito-em-laborat\u00f3rio-apartir-de-isolados-do-solo-1.jpg 1280w\" sizes=\"(max-width: 810px) 100vw, 810px\" \/><figcaption id=\"caption-attachment-15810\" class=\"wp-caption-text\">Projeto pretende analisar microrganismos que s\u00e3o potencialmente fixadores de nitrog\u00eanio em plantas da Mata Atll\u00e2ntica e de fazendas de cultivo org\u00e2nico no Paran\u00e1. Na foto, cultivo feito em laborat\u00f3rio a partir de isolados do solo. Foto: Eduardo Balsanelli\/Divulga\u00e7\u00e3o<\/figcaption><\/figure>\n<p>\u201cAt\u00e9 onde sabemos, n\u00e3o h\u00e1 na literatura trabalhos que descrevam de forma ampla o efeito entre a incorpora\u00e7\u00e3o de nitrog\u00eanio no ambiente e o microbioma. Nossa pergunta mais ambiciosa foi como pensar de forma cr\u00edtica e criativa para entender como a pr\u00f3pria natureza desenvolveu seus meios de manter a diversidade de ecossistemas naturais de modo autossustent\u00e1vel, sempre focando na fixa\u00e7\u00e3o biol\u00f3gica de nitrog\u00eanio em cereais\u201d, afirma V\u00e2nia, que fez mestrado e doutorado no Setor de Ci\u00eancias Biol\u00f3gicas da UFPR e hoje est\u00e1 atuando nos Estados Unidos.<\/p>\n<p><strong>Sobre o edital<\/strong><\/p>\n<p>O edital do Serrapilheira prev\u00ea duas etapas. A lista divulgada no fim de maio corresponde \u00e0 primeira fase, que garante investimento de R$ 100 mil para jovens cientistas que buscam \u201cresponder perguntas ambiciosas\u201d por meio de \u201cestrat\u00e9gias de risco\u201d. Ap\u00f3s um ano, a pr\u00f3xima etapa prev\u00ea novo afunilamento para a sele\u00e7\u00e3o de projetos que receber\u00e3o R$ 1 milh\u00e3o ao longo de quatro anos.<\/p>\n<p>No caso da GoGenetic, o investimento da primeira etapa deve garantir que o projeto compre equipamentos pequenos, como balan\u00e7a anal\u00edtica de alta precis\u00e3o, e materiais para gerar dados de sequenciamento gen\u00e9tico. Tamb\u00e9m ser\u00e1 contratado um pesquisador. A maioria das fases tem previs\u00e3o de ser desenvolvida em Curitiba, seja no Laborat\u00f3rio de Fixa\u00e7\u00e3o de Nitrog\u00eanio da UFPR, para o sequenciamento gen\u00e9tico, seja no Tecnoparque da PUC, onde s\u00e3o preparadas as amostras. J\u00e1 a an\u00e1lise de amostras de nitrog\u00eanio deve ocorrer na Universidade de Wisconsin.<\/p>\n<p>Em fase mais avan\u00e7ada, a startup planeja se debru\u00e7ar sobre altera\u00e7\u00f5es gen\u00e9ticas nas bact\u00e9rias que as tornem capazes de ampliar a capacidade de fixa\u00e7\u00e3o de nitrog\u00eanio em plantas, dentro do conceito de microbioma. \u201c\u00c9 uma tend\u00eancia internacional atual focar em grupos de microrganismos que beneficiam as plantas, ao inv\u00e9s de um \u00fanico microrganismo\u201d, diz V\u00e2nia.<\/p>\n<p>[vc_text_separator title=&#8221;Publicado originalmente no Portal da UFPR (www.ufpr.br).&#8221; i_type=&#8221;openiconic&#8221; i_icon_openiconic=&#8221;vc-oi vc-oi-link&#8221; i_color=&#8221;grey&#8221; i_size=&#8221;sm&#8221; title_align=&#8221;separator_align_right&#8221; align=&#8221;align_right&#8221; style=&#8221;dotted&#8221; el_width=&#8221;80&#8243; add_icon=&#8221;true&#8221;]<\/p>\n","protected":false},"excerpt":{"rendered":"<p>Avan\u00e7ar no conhecimento sobre bact\u00e9rias capazes de promover a fixa\u00e7\u00e3o de nitrog\u00eanio em cultivos de cereais, um desafio cient\u00edfico dos&#8230;<\/p>\n","protected":false},"author":2800,"featured_media":15811,"comment_status":"open","ping_status":"open","sticky":false,"template":"","format":"standard","meta":{"_acf_changed":false,"footnotes":"","fifu_image_url":"","fifu_image_alt":"","_jetpack_memberships_contains_paid_content":false},"categories":[1619,1620,1],"tags":[1865,1654,1657,1653,1652,1656,1655],"acf":[],"yoast_head":"<!-- This site is optimized with the Yoast SEO plugin v23.5 - https:\/\/yoast.com\/wordpress\/plugins\/seo\/ -->\n<title>Startup incubada na UFPR busca fixadores naturais de nitrog\u00eanio para cereais - Ci\u00eancia UFPR<\/title>\n<meta name=\"description\" content=\"Avan\u00e7ar no conhecimento sobre bact\u00e9rias capazes de promover a fixa\u00e7\u00e3o de nitrog\u00eanio em cultivos de cereais est\u00e1 nos planos da startup de biotecnologia GoGenetic, incubada na Universidade Federal do Paran\u00e1 (UFPR).\" \/>\n<meta name=\"robots\" content=\"index, follow, max-snippet:-1, max-image-preview:large, max-video-preview:-1\" \/>\n<link rel=\"canonical\" href=\"https:\/\/ciencia.ufpr.br\/portal\/startup-incubada-na-ufpr-busca-fixadores-naturais-de-nitrogenio-para-cereais\/\" \/>\n<meta property=\"og:locale\" content=\"pt_BR\" \/>\n<meta property=\"og:type\" content=\"article\" \/>\n<meta property=\"og:title\" content=\"Startup incubada na UFPR busca fixadores naturais de nitrog\u00eanio para cereais - Ci\u00eancia UFPR\" \/>\n<meta property=\"og:description\" content=\"Avan\u00e7ar no conhecimento sobre bact\u00e9rias capazes de promover a fixa\u00e7\u00e3o de nitrog\u00eanio em cultivos de cereais est\u00e1 nos planos da startup de biotecnologia GoGenetic, incubada na Universidade Federal do Paran\u00e1 (UFPR).\" \/>\n<meta property=\"og:url\" content=\"https:\/\/ciencia.ufpr.br\/portal\/startup-incubada-na-ufpr-busca-fixadores-naturais-de-nitrogenio-para-cereais\/\" \/>\n<meta property=\"og:site_name\" content=\"Ci\u00eancia UFPR\" \/>\n<meta property=\"article:publisher\" content=\"https:\/\/www.facebook.com\/cienciaufproficial\" \/>\n<meta property=\"article:published_time\" content=\"2020-06-10T03:22:21+00:00\" \/>\n<meta property=\"article:modified_time\" content=\"2023-10-16T21:55:52+00:00\" \/>\n<meta property=\"og:image\" content=\"https:\/\/ciencia.ufpr.br\/portal\/wp-content\/uploads\/2020\/07\/Milho-Guilherme-Storck-Flickr.jpg\" \/>\n\t<meta property=\"og:image:width\" content=\"1280\" \/>\n\t<meta property=\"og:image:height\" content=\"720\" \/>\n\t<meta property=\"og:image:type\" content=\"image\/jpeg\" \/>\n<meta name=\"author\" content=\"Camille Bropp\" \/>\n<meta name=\"twitter:card\" content=\"summary_large_image\" \/>\n<meta name=\"twitter:creator\" content=\"@cienciaufpr\" \/>\n<meta name=\"twitter:site\" content=\"@cienciaufpr\" \/>\n<meta name=\"twitter:label1\" content=\"Escrito por\" \/>\n\t<meta name=\"twitter:data1\" content=\"Camille Bropp\" \/>\n\t<meta name=\"twitter:label2\" content=\"Est. tempo de leitura\" \/>\n\t<meta name=\"twitter:data2\" content=\"5 minutos\" \/>\n<script type=\"application\/ld+json\" class=\"yoast-schema-graph\">{\"@context\":\"https:\/\/schema.org\",\"@graph\":[{\"@type\":\"Article\",\"@id\":\"https:\/\/ciencia.ufpr.br\/portal\/startup-incubada-na-ufpr-busca-fixadores-naturais-de-nitrogenio-para-cereais\/#article\",\"isPartOf\":{\"@id\":\"https:\/\/ciencia.ufpr.br\/portal\/startup-incubada-na-ufpr-busca-fixadores-naturais-de-nitrogenio-para-cereais\/\"},\"author\":{\"name\":\"Camille Bropp\",\"@id\":\"https:\/\/ciencia.ufpr.br\/portal\/#\/schema\/person\/b2d3b2036ea31f22ae6f5f6424e9c020\"},\"headline\":\"Startup incubada na UFPR busca fixadores naturais de nitrog\u00eanio para cereais\",\"datePublished\":\"2020-06-10T03:22:21+00:00\",\"dateModified\":\"2023-10-16T21:55:52+00:00\",\"mainEntityOfPage\":{\"@id\":\"https:\/\/ciencia.ufpr.br\/portal\/startup-incubada-na-ufpr-busca-fixadores-naturais-de-nitrogenio-para-cereais\/\"},\"wordCount\":922,\"commentCount\":0,\"publisher\":{\"@id\":\"https:\/\/ciencia.ufpr.br\/portal\/#organization\"},\"image\":{\"@id\":\"https:\/\/ciencia.ufpr.br\/portal\/startup-incubada-na-ufpr-busca-fixadores-naturais-de-nitrogenio-para-cereais\/#primaryimage\"},\"thumbnailUrl\":\"https:\/\/ciencia.ufpr.br\/portal\/wp-content\/uploads\/2020\/07\/Milho-Guilherme-Storck-Flickr.jpg\",\"keywords\":[\"2020\",\"agricultura\",\"biotecnologia\",\"fixa\u00e7\u00e3o de nitrog\u00eanio\",\"gen\u00e9tica\",\"microbiomas\",\"startup\"],\"articleSection\":[\"Agr\u00e1rias\",\"Inova\u00e7\u00e3o\",\"Reportagem\"],\"inLanguage\":\"pt-BR\",\"potentialAction\":[{\"@type\":\"CommentAction\",\"name\":\"Comment\",\"target\":[\"https:\/\/ciencia.ufpr.br\/portal\/startup-incubada-na-ufpr-busca-fixadores-naturais-de-nitrogenio-para-cereais\/#respond\"]}]},{\"@type\":\"WebPage\",\"@id\":\"https:\/\/ciencia.ufpr.br\/portal\/startup-incubada-na-ufpr-busca-fixadores-naturais-de-nitrogenio-para-cereais\/\",\"url\":\"https:\/\/ciencia.ufpr.br\/portal\/startup-incubada-na-ufpr-busca-fixadores-naturais-de-nitrogenio-para-cereais\/\",\"name\":\"Startup incubada na UFPR busca fixadores naturais de nitrog\u00eanio para cereais - Ci\u00eancia UFPR\",\"isPartOf\":{\"@id\":\"https:\/\/ciencia.ufpr.br\/portal\/#website\"},\"primaryImageOfPage\":{\"@id\":\"https:\/\/ciencia.ufpr.br\/portal\/startup-incubada-na-ufpr-busca-fixadores-naturais-de-nitrogenio-para-cereais\/#primaryimage\"},\"image\":{\"@id\":\"https:\/\/ciencia.ufpr.br\/portal\/startup-incubada-na-ufpr-busca-fixadores-naturais-de-nitrogenio-para-cereais\/#primaryimage\"},\"thumbnailUrl\":\"https:\/\/ciencia.ufpr.br\/portal\/wp-content\/uploads\/2020\/07\/Milho-Guilherme-Storck-Flickr.jpg\",\"datePublished\":\"2020-06-10T03:22:21+00:00\",\"dateModified\":\"2023-10-16T21:55:52+00:00\",\"description\":\"Avan\u00e7ar no conhecimento sobre bact\u00e9rias capazes de promover a fixa\u00e7\u00e3o de nitrog\u00eanio em cultivos de cereais est\u00e1 nos planos da startup de biotecnologia GoGenetic, incubada na Universidade Federal do Paran\u00e1 (UFPR).\",\"breadcrumb\":{\"@id\":\"https:\/\/ciencia.ufpr.br\/portal\/startup-incubada-na-ufpr-busca-fixadores-naturais-de-nitrogenio-para-cereais\/#breadcrumb\"},\"inLanguage\":\"pt-BR\",\"potentialAction\":[{\"@type\":\"ReadAction\",\"target\":[\"https:\/\/ciencia.ufpr.br\/portal\/startup-incubada-na-ufpr-busca-fixadores-naturais-de-nitrogenio-para-cereais\/\"]}]},{\"@type\":\"ImageObject\",\"inLanguage\":\"pt-BR\",\"@id\":\"https:\/\/ciencia.ufpr.br\/portal\/startup-incubada-na-ufpr-busca-fixadores-naturais-de-nitrogenio-para-cereais\/#primaryimage\",\"url\":\"https:\/\/ciencia.ufpr.br\/portal\/wp-content\/uploads\/2020\/07\/Milho-Guilherme-Storck-Flickr.jpg\",\"contentUrl\":\"https:\/\/ciencia.ufpr.br\/portal\/wp-content\/uploads\/2020\/07\/Milho-Guilherme-Storck-Flickr.jpg\",\"width\":1280,\"height\":720,\"caption\":\"Ideia pode ajudar a reduzir impacto ambiental e aumentar produtividade da cerealicultura brasileira, focada nos cultivos de milho e arroz. Na foto, milharal no Paran\u00e1. Foto: Guilherme Storcl\/Flick\"},{\"@type\":\"BreadcrumbList\",\"@id\":\"https:\/\/ciencia.ufpr.br\/portal\/startup-incubada-na-ufpr-busca-fixadores-naturais-de-nitrogenio-para-cereais\/#breadcrumb\",\"itemListElement\":[{\"@type\":\"ListItem\",\"position\":1,\"name\":\"Home\",\"item\":\"https:\/\/ciencia.ufpr.br\/portal\/\"},{\"@type\":\"ListItem\",\"position\":2,\"name\":\"Startup incubada na UFPR busca fixadores naturais de nitrog\u00eanio para cereais\"}]},{\"@type\":\"WebSite\",\"@id\":\"https:\/\/ciencia.ufpr.br\/portal\/#website\",\"url\":\"https:\/\/ciencia.ufpr.br\/portal\/\",\"name\":\"Ci\u00eancia UFPR\",\"description\":\"Site de temas cient\u00edficos com foco no conhecimento produzido na Universidade Federal do Paran\u00e1 (UFPR). Baseado na Revista Ci\u00eancia UFPR.\",\"publisher\":{\"@id\":\"https:\/\/ciencia.ufpr.br\/portal\/#organization\"},\"potentialAction\":[{\"@type\":\"SearchAction\",\"target\":{\"@type\":\"EntryPoint\",\"urlTemplate\":\"https:\/\/ciencia.ufpr.br\/portal\/?s={search_term_string}\"},\"query-input\":{\"@type\":\"PropertyValueSpecification\",\"valueRequired\":true,\"valueName\":\"search_term_string\"}}],\"inLanguage\":\"pt-BR\"},{\"@type\":\"Organization\",\"@id\":\"https:\/\/ciencia.ufpr.br\/portal\/#organization\",\"name\":\"Revista Ci\u00eancia UFPR\",\"url\":\"https:\/\/ciencia.ufpr.br\/portal\/\",\"logo\":{\"@type\":\"ImageObject\",\"inLanguage\":\"pt-BR\",\"@id\":\"https:\/\/ciencia.ufpr.br\/portal\/#\/schema\/logo\/image\/\",\"url\":\"https:\/\/ciencia.ufpr.br\/portal\/wp-content\/uploads\/2020\/12\/Revista-Ciencia-UFPR-vermelho.jpeg\",\"contentUrl\":\"https:\/\/ciencia.ufpr.br\/portal\/wp-content\/uploads\/2020\/12\/Revista-Ciencia-UFPR-vermelho.jpeg\",\"width\":992,\"height\":714,\"caption\":\"Revista Ci\u00eancia UFPR\"},\"image\":{\"@id\":\"https:\/\/ciencia.ufpr.br\/portal\/#\/schema\/logo\/image\/\"},\"sameAs\":[\"https:\/\/www.facebook.com\/cienciaufproficial\",\"https:\/\/x.com\/cienciaufpr\",\"https:\/\/www.instagram.com\/revistacienciaufpr\/\",\"https:\/\/www.linkedin.com\/company\/cienciaufproficial\",\"https:\/\/br.pinterest.com\/cienciaufpr\/\"]},{\"@type\":\"Person\",\"@id\":\"https:\/\/ciencia.ufpr.br\/portal\/#\/schema\/person\/b2d3b2036ea31f22ae6f5f6424e9c020\",\"name\":\"Camille Bropp\",\"description\":\"Formada em jornalismo (UFSC), com especializa\u00e7\u00e3o em sociologia pol\u00edtica (UFPR) e mestra em Divulga\u00e7\u00e3o Cient\u00edfica e Cultural (Unicamp). Jornalista na UFPR.\",\"sameAs\":[\"https:\/\/www.linkedin.com\/in\/camille-b-cardoso-1b229b21\/\"],\"url\":\"https:\/\/ciencia.ufpr.br\/portal\/author\/camille-bropp\/\"}]}<\/script>\n<!-- \/ Yoast SEO plugin. -->","yoast_head_json":{"title":"Startup incubada na UFPR busca fixadores naturais de nitrog\u00eanio para cereais - Ci\u00eancia UFPR","description":"Avan\u00e7ar no conhecimento sobre bact\u00e9rias capazes de promover a fixa\u00e7\u00e3o de nitrog\u00eanio em cultivos de cereais est\u00e1 nos planos da startup de biotecnologia GoGenetic, incubada na Universidade Federal do Paran\u00e1 (UFPR).","robots":{"index":"index","follow":"follow","max-snippet":"max-snippet:-1","max-image-preview":"max-image-preview:large","max-video-preview":"max-video-preview:-1"},"canonical":"https:\/\/ciencia.ufpr.br\/portal\/startup-incubada-na-ufpr-busca-fixadores-naturais-de-nitrogenio-para-cereais\/","og_locale":"pt_BR","og_type":"article","og_title":"Startup incubada na UFPR busca fixadores naturais de nitrog\u00eanio para cereais - Ci\u00eancia UFPR","og_description":"Avan\u00e7ar no conhecimento sobre bact\u00e9rias capazes de promover a fixa\u00e7\u00e3o de nitrog\u00eanio em cultivos de cereais est\u00e1 nos planos da startup de biotecnologia GoGenetic, incubada na Universidade Federal do Paran\u00e1 (UFPR).","og_url":"https:\/\/ciencia.ufpr.br\/portal\/startup-incubada-na-ufpr-busca-fixadores-naturais-de-nitrogenio-para-cereais\/","og_site_name":"Ci\u00eancia UFPR","article_publisher":"https:\/\/www.facebook.com\/cienciaufproficial","article_published_time":"2020-06-10T03:22:21+00:00","article_modified_time":"2023-10-16T21:55:52+00:00","og_image":[{"width":1280,"height":720,"url":"https:\/\/ciencia.ufpr.br\/portal\/wp-content\/uploads\/2020\/07\/Milho-Guilherme-Storck-Flickr.jpg","type":"image\/jpeg"}],"author":"Camille Bropp","twitter_card":"summary_large_image","twitter_creator":"@cienciaufpr","twitter_site":"@cienciaufpr","twitter_misc":{"Escrito por":"Camille Bropp","Est. tempo de leitura":"5 minutos"},"schema":{"@context":"https:\/\/schema.org","@graph":[{"@type":"Article","@id":"https:\/\/ciencia.ufpr.br\/portal\/startup-incubada-na-ufpr-busca-fixadores-naturais-de-nitrogenio-para-cereais\/#article","isPartOf":{"@id":"https:\/\/ciencia.ufpr.br\/portal\/startup-incubada-na-ufpr-busca-fixadores-naturais-de-nitrogenio-para-cereais\/"},"author":{"name":"Camille Bropp","@id":"https:\/\/ciencia.ufpr.br\/portal\/#\/schema\/person\/b2d3b2036ea31f22ae6f5f6424e9c020"},"headline":"Startup incubada na UFPR busca fixadores naturais de nitrog\u00eanio para cereais","datePublished":"2020-06-10T03:22:21+00:00","dateModified":"2023-10-16T21:55:52+00:00","mainEntityOfPage":{"@id":"https:\/\/ciencia.ufpr.br\/portal\/startup-incubada-na-ufpr-busca-fixadores-naturais-de-nitrogenio-para-cereais\/"},"wordCount":922,"commentCount":0,"publisher":{"@id":"https:\/\/ciencia.ufpr.br\/portal\/#organization"},"image":{"@id":"https:\/\/ciencia.ufpr.br\/portal\/startup-incubada-na-ufpr-busca-fixadores-naturais-de-nitrogenio-para-cereais\/#primaryimage"},"thumbnailUrl":"https:\/\/ciencia.ufpr.br\/portal\/wp-content\/uploads\/2020\/07\/Milho-Guilherme-Storck-Flickr.jpg","keywords":["2020","agricultura","biotecnologia","fixa\u00e7\u00e3o de nitrog\u00eanio","gen\u00e9tica","microbiomas","startup"],"articleSection":["Agr\u00e1rias","Inova\u00e7\u00e3o","Reportagem"],"inLanguage":"pt-BR","potentialAction":[{"@type":"CommentAction","name":"Comment","target":["https:\/\/ciencia.ufpr.br\/portal\/startup-incubada-na-ufpr-busca-fixadores-naturais-de-nitrogenio-para-cereais\/#respond"]}]},{"@type":"WebPage","@id":"https:\/\/ciencia.ufpr.br\/portal\/startup-incubada-na-ufpr-busca-fixadores-naturais-de-nitrogenio-para-cereais\/","url":"https:\/\/ciencia.ufpr.br\/portal\/startup-incubada-na-ufpr-busca-fixadores-naturais-de-nitrogenio-para-cereais\/","name":"Startup incubada na UFPR busca fixadores naturais de nitrog\u00eanio para cereais - Ci\u00eancia UFPR","isPartOf":{"@id":"https:\/\/ciencia.ufpr.br\/portal\/#website"},"primaryImageOfPage":{"@id":"https:\/\/ciencia.ufpr.br\/portal\/startup-incubada-na-ufpr-busca-fixadores-naturais-de-nitrogenio-para-cereais\/#primaryimage"},"image":{"@id":"https:\/\/ciencia.ufpr.br\/portal\/startup-incubada-na-ufpr-busca-fixadores-naturais-de-nitrogenio-para-cereais\/#primaryimage"},"thumbnailUrl":"https:\/\/ciencia.ufpr.br\/portal\/wp-content\/uploads\/2020\/07\/Milho-Guilherme-Storck-Flickr.jpg","datePublished":"2020-06-10T03:22:21+00:00","dateModified":"2023-10-16T21:55:52+00:00","description":"Avan\u00e7ar no conhecimento sobre bact\u00e9rias capazes de promover a fixa\u00e7\u00e3o de nitrog\u00eanio em cultivos de cereais est\u00e1 nos planos da startup de biotecnologia GoGenetic, incubada na Universidade Federal do Paran\u00e1 (UFPR).","breadcrumb":{"@id":"https:\/\/ciencia.ufpr.br\/portal\/startup-incubada-na-ufpr-busca-fixadores-naturais-de-nitrogenio-para-cereais\/#breadcrumb"},"inLanguage":"pt-BR","potentialAction":[{"@type":"ReadAction","target":["https:\/\/ciencia.ufpr.br\/portal\/startup-incubada-na-ufpr-busca-fixadores-naturais-de-nitrogenio-para-cereais\/"]}]},{"@type":"ImageObject","inLanguage":"pt-BR","@id":"https:\/\/ciencia.ufpr.br\/portal\/startup-incubada-na-ufpr-busca-fixadores-naturais-de-nitrogenio-para-cereais\/#primaryimage","url":"https:\/\/ciencia.ufpr.br\/portal\/wp-content\/uploads\/2020\/07\/Milho-Guilherme-Storck-Flickr.jpg","contentUrl":"https:\/\/ciencia.ufpr.br\/portal\/wp-content\/uploads\/2020\/07\/Milho-Guilherme-Storck-Flickr.jpg","width":1280,"height":720,"caption":"Ideia pode ajudar a reduzir impacto ambiental e aumentar produtividade da cerealicultura brasileira, focada nos cultivos de milho e arroz. Na foto, milharal no Paran\u00e1. Foto: Guilherme Storcl\/Flick"},{"@type":"BreadcrumbList","@id":"https:\/\/ciencia.ufpr.br\/portal\/startup-incubada-na-ufpr-busca-fixadores-naturais-de-nitrogenio-para-cereais\/#breadcrumb","itemListElement":[{"@type":"ListItem","position":1,"name":"Home","item":"https:\/\/ciencia.ufpr.br\/portal\/"},{"@type":"ListItem","position":2,"name":"Startup incubada na UFPR busca fixadores naturais de nitrog\u00eanio para cereais"}]},{"@type":"WebSite","@id":"https:\/\/ciencia.ufpr.br\/portal\/#website","url":"https:\/\/ciencia.ufpr.br\/portal\/","name":"Ci\u00eancia UFPR","description":"Site de temas cient\u00edficos com foco no conhecimento produzido na Universidade Federal do Paran\u00e1 (UFPR). Baseado na Revista Ci\u00eancia UFPR.","publisher":{"@id":"https:\/\/ciencia.ufpr.br\/portal\/#organization"},"potentialAction":[{"@type":"SearchAction","target":{"@type":"EntryPoint","urlTemplate":"https:\/\/ciencia.ufpr.br\/portal\/?s={search_term_string}"},"query-input":{"@type":"PropertyValueSpecification","valueRequired":true,"valueName":"search_term_string"}}],"inLanguage":"pt-BR"},{"@type":"Organization","@id":"https:\/\/ciencia.ufpr.br\/portal\/#organization","name":"Revista Ci\u00eancia UFPR","url":"https:\/\/ciencia.ufpr.br\/portal\/","logo":{"@type":"ImageObject","inLanguage":"pt-BR","@id":"https:\/\/ciencia.ufpr.br\/portal\/#\/schema\/logo\/image\/","url":"https:\/\/ciencia.ufpr.br\/portal\/wp-content\/uploads\/2020\/12\/Revista-Ciencia-UFPR-vermelho.jpeg","contentUrl":"https:\/\/ciencia.ufpr.br\/portal\/wp-content\/uploads\/2020\/12\/Revista-Ciencia-UFPR-vermelho.jpeg","width":992,"height":714,"caption":"Revista Ci\u00eancia UFPR"},"image":{"@id":"https:\/\/ciencia.ufpr.br\/portal\/#\/schema\/logo\/image\/"},"sameAs":["https:\/\/www.facebook.com\/cienciaufproficial","https:\/\/x.com\/cienciaufpr","https:\/\/www.instagram.com\/revistacienciaufpr\/","https:\/\/www.linkedin.com\/company\/cienciaufproficial","https:\/\/br.pinterest.com\/cienciaufpr\/"]},{"@type":"Person","@id":"https:\/\/ciencia.ufpr.br\/portal\/#\/schema\/person\/b2d3b2036ea31f22ae6f5f6424e9c020","name":"Camille Bropp","description":"Formada em jornalismo (UFSC), com especializa\u00e7\u00e3o em sociologia pol\u00edtica (UFPR) e mestra em Divulga\u00e7\u00e3o Cient\u00edfica e Cultural (Unicamp). Jornalista na UFPR.","sameAs":["https:\/\/www.linkedin.com\/in\/camille-b-cardoso-1b229b21\/"],"url":"https:\/\/ciencia.ufpr.br\/portal\/author\/camille-bropp\/"}]}},"views":841,"jetpack_sharing_enabled":true,"jetpack_featured_media_url":"https:\/\/ciencia.ufpr.br\/portal\/wp-content\/uploads\/2020\/07\/Milho-Guilherme-Storck-Flickr.jpg","_links":{"self":[{"href":"https:\/\/ciencia.ufpr.br\/portal\/wp-json\/wp\/v2\/posts\/15807"}],"collection":[{"href":"https:\/\/ciencia.ufpr.br\/portal\/wp-json\/wp\/v2\/posts"}],"about":[{"href":"https:\/\/ciencia.ufpr.br\/portal\/wp-json\/wp\/v2\/types\/post"}],"author":[{"embeddable":true,"href":"https:\/\/ciencia.ufpr.br\/portal\/wp-json\/wp\/v2\/users\/2800"}],"replies":[{"embeddable":true,"href":"https:\/\/ciencia.ufpr.br\/portal\/wp-json\/wp\/v2\/comments?post=15807"}],"version-history":[{"count":3,"href":"https:\/\/ciencia.ufpr.br\/portal\/wp-json\/wp\/v2\/posts\/15807\/revisions"}],"predecessor-version":[{"id":16437,"href":"https:\/\/ciencia.ufpr.br\/portal\/wp-json\/wp\/v2\/posts\/15807\/revisions\/16437"}],"wp:featuredmedia":[{"embeddable":true,"href":"https:\/\/ciencia.ufpr.br\/portal\/wp-json\/wp\/v2\/media\/15811"}],"wp:attachment":[{"href":"https:\/\/ciencia.ufpr.br\/portal\/wp-json\/wp\/v2\/media?parent=15807"}],"wp:term":[{"taxonomy":"category","embeddable":true,"href":"https:\/\/ciencia.ufpr.br\/portal\/wp-json\/wp\/v2\/categories?post=15807"},{"taxonomy":"post_tag","embeddable":true,"href":"https:\/\/ciencia.ufpr.br\/portal\/wp-json\/wp\/v2\/tags?post=15807"}],"curies":[{"name":"wp","href":"https:\/\/api.w.org\/{rel}","templated":true}]}}