{"id":895,"date":"2021-08-24T08:27:25","date_gmt":"2021-08-24T11:27:25","guid":{"rendered":"https:\/\/ciencia.ufpr.br\/portal\/es\/?p=895"},"modified":"2024-01-24T20:36:08","modified_gmt":"2024-01-24T23:36:08","slug":"asocian-molecula-de-region-poco-estudiada-del-adn-con-el-cancer-de-mama","status":"publish","type":"post","link":"https:\/\/ciencia.ufpr.br\/portal\/es\/asocian-molecula-de-region-poco-estudiada-del-adn-con-el-cancer-de-mama\/","title":{"rendered":"Asocian mol\u00e9cula de regi\u00f3n poco estudiada del ADN con el c\u00e1ncer de mama"},"content":{"rendered":"<h5>Traducci\u00f3n de <strong>Melissa Maciel Paiva<\/strong> en <strong>julio de 2023 | <\/strong><a href=\"https:\/\/ciencia.ufpr.br\/portal\/molecula-de-regiao-pouco-estudada-do-dna-e-associada-ao-cancer-de-mama\/\">Texto original en portugu\u00e9s<\/a><\/h5>\n<p>Una investigaci\u00f3n llevada a cabo por cient\u00edficas de la Universidad Federal de Paran\u00e1 (UFPR) identifica, por primera vez, la mol\u00e9cula de ARN Lnc-uc.147, producida en una regi\u00f3n del ADN que antes se consideraba \u00abbasura\u00bb, es decir, sin funcionalidad en la expresi\u00f3n gen\u00e9tica del ser humano. Esta mol\u00e9cula est\u00e1 implicada en el desarrollo del c\u00e1ncer de mama y puede contribuir a nuevas opciones de tratamiento para la enfermedad.<\/p>\n<p>Los resultados se encuentran en el art\u00edculo <a href=\"https:\/\/www.tandfonline.com\/doi\/full\/10.1080\/15476286.2021.1952757\"><em>A novel lncRNA derived from an ultraconserved region: lnc-uc.147, a potential biomarker in luminal A breast cancer<\/em><\/a>, publicado en la revista RNA Biology, escrito por \u00c9rika Pereira Zambalde, doctora en Gen\u00e9tica por la UFPR, bajo la coordinaci\u00f3n de la profesora Jaqueline Carvalho de Oliveira.<\/p>\n<p>Las pruebas gen\u00e9ticas ayudan a elegir el m\u00e9todo de tratamiento m\u00e1s adecuado en el combate del c\u00e1ncer de mama. Sin embargo, estas pruebas abarcan una parte del ADN que solo corresponde al 2% de nuestra informaci\u00f3n gen\u00e9tica completa.<\/p>\n<p>Las cient\u00edficas investigaron otras partes del material gen\u00e9tico que pudieran influir en los tumores. Fue en el momento en que iniciaron el estudio de las regiones ultraconservadas (UCRs), que, a lo largo de la evoluci\u00f3n, mantuvieron su estructura en humanos y en otros animales, como ratas y ratones.<\/p>\n<blockquote><p>Puesto que las mol\u00e9culas de estas regiones no participan en la producci\u00f3n de prote\u00ednas, se las consideraban \u201cADN basura\u201d (\u201ctrash DNA\u201d o \u201cjunk DNA\u201d, en ingl\u00e9s) y no fueron estudiadas m\u00e1s a fondo.<\/p><\/blockquote>\n<p>Otros estudios ya hab\u00edan se\u00f1alado el papel de las UCRs en los procesos celulares, como el metabolismo, la resistencia a los medicamentos y la progresi\u00f3n de c\u00e1nceres. Sin embargo, por primera vez, un grupo de investigaci\u00f3n estudi\u00f3 en profundidad todas las mol\u00e9culas ultraconservadas y su relaci\u00f3n con el c\u00e1ncer de mama.<\/p>\n<p>El punto de partida fue buscar en bases de datos internacionales cu\u00e1les UCRs pudieran estar relacionadas con el c\u00e1ncer de mama. \u00c9rika verific\u00f3 que m\u00e1s de la mitad de las 481 mol\u00e9culas de las UCRs del genoma humano podr\u00edan asociarse con al menos un par\u00e1metro cl\u00ednico de este c\u00e1ncer.<\/p>\n<p>Las cient\u00edficas eligieron de este grupo la Lnc-uc.147 a fin de profundizar sus estudios en el Laboratorio de Citogen\u00e9tica y Oncogen\u00e9tica Humana de la UFPR y en el MD Anderson Cancer Center, de la Universidad de Texas (Estados Unidos), donde \u00c9rika hizo an\u00e1lisis complementarios de la mol\u00e9cula y aprendi\u00f3 tecnolog\u00edas para introducir en Brasil.<\/p>\n<p>Al paso que se inhib\u00eda el ARN Lnc-uc. 147, tambi\u00e9n se disminu\u00eda el crecimiento de las c\u00e9lulas de c\u00e1ncer de mama. Con ello, se comprob\u00f3 que la mol\u00e9cula act\u00faa en las c\u00e9lulas tumorales.<\/p>\n<p>\u00abLa mol\u00e9cula desempe\u00f1a un papel en el control de la tasa de crecimiento y muerte de las c\u00e9lulas. Cuando se encuentra en mayor cantidad, el c\u00e1ncer del paciente es m\u00e1s agresivo\u00bb, explica \u00c9rika.<\/p>\n<h2>El descubrimiento abre posibilidades a la indicaci\u00f3n de tratamiento<\/h2>\n<p>Al momento del diagn\u00f3stico, los tumores mamarios se clasifican para orientar el tratamiento m\u00e1s adecuado. El hallazgo de la Lnc-uc.147 es prometedor, pues podr\u00e1 modificar los par\u00e1metros de clasificaci\u00f3n actuales. Los casos que actualmente se consideran f\u00e1ciles de tratar pueden evolucionar a la malignidad debido a la presencia de esta mol\u00e9cula.<\/p>\n<p>\u201cCuando observamos un grupo que actualmente est\u00e1 clasificado como el m\u00e1s f\u00e1cil de tratar, todav\u00eda hay pacientes a los que les va mal. El estudio de esta nueva mol\u00e9cula puede ayudar a identificar a estos pacientes en el momento del diagn\u00f3stico y servir como marcador complementario a los que ya existen\u201d, destaca la profesora Jaqueline.<\/p>\n<blockquote><p>\u00abEl an\u00e1lisis de la mol\u00e9cula puede servir para clasificar a los pacientes con un c\u00e1ncer menos o m\u00e1s agresivo. Eso ayuda en el tratamiento, una vez que podemos evitarles la quimioterapia, lo que aumenta su calidad de vida\u00bb, concluye \u00c9rika.<\/p><\/blockquote>\n<p>Por lo tanto, transformar la Lnc-uc.147 en un marcador en las pruebas gen\u00e9ticas del c\u00e1ncer de mama es una posible v\u00eda para futuros estudios. Asimismo, otras investigaciones podr\u00e1n analizar el uso de esta mol\u00e9cula como objetivo terap\u00e9utico, a fin de descubrir un f\u00e1rmaco que se vincule a ella y ayude en el tratamiento del c\u00e1ncer.<\/p>\n<p>Seg\u00fan el Instituto Nacional del C\u00e1ncer (Inca), \u00f3rgano auxiliar del Ministerio de Sanidad de Brasil, la tasa de incidencia del c\u00e1ncer de mama en el pa\u00eds fue de 43,64 casos por 100.000 mujeres en 2020, lo que lo convierte en el segundo c\u00e1ncer m\u00e1s frecuente entre mujeres, detr\u00e1s de los tumores de piel. Sin embargo, es el c\u00e1ncer que proporcionalmente m\u00e1s mata a las mujeres en casi todas las regiones de Brasil (excepto en la regi\u00f3n Norte). Se registra un promedio de 14,23 muertes por cada 100.000 mujeres por c\u00e1ncer de mama (los datos son de 2019).<\/p>\n<p>La investigaci\u00f3n con la Lnc-uc.147 recibi\u00f3 el premio \u00abCurta Ci\u00eancia\u201d 2020, coordinado por la Pro-Rector\u00eda de Investigaci\u00f3n y Posgrado (PRPPG) de la UFPR y fue nominado para el premio Capes (Coordinaci\u00f3n de la formaci\u00f3n de personal de nivel superior) de Tesis Doctorales de 2021.<\/p>\n","protected":false},"excerpt":{"rendered":"<p>Traducci\u00f3n de Melissa Maciel Paiva en julio de 2023 | Texto original en portugu\u00e9s Una investigaci\u00f3n llevada a cabo por cient\u00edficas de la Universidad Federal de Paran\u00e1 (UFPR) identifica, por&#8230;<\/p>\n","protected":false},"author":2814,"featured_media":897,"comment_status":"open","ping_status":"open","sticky":false,"template":"","format":"standard","meta":{"_acf_changed":false,"footnotes":"","fifu_image_url":"https:\/\/ciencia.ufpr.br\/portal\/wp-content\/uploads\/2021\/08\/Destaque-DNA-Lixo-mm-1.png","fifu_image_alt":"","_jetpack_memberships_contains_paid_content":false},"categories":[86,153,83,94],"tags":[124,121,123,122,125,193,126],"acf":[],"yoast_head":"<!-- This site is optimized with the Yoast SEO plugin v23.5 - https:\/\/yoast.com\/wordpress\/plugins\/seo\/ -->\n<title>Asocian mol\u00e9cula de regi\u00f3n poco estudiada del ADN con el c\u00e1ncer de mama - Ci\u00eancia UFPR Edici\u00f3n en espa\u00f1ol<\/title>\n<meta name=\"robots\" content=\"index, follow, max-snippet:-1, max-image-preview:large, max-video-preview:-1\" \/>\n<link rel=\"canonical\" href=\"https:\/\/ciencia.ufpr.br\/portal\/es\/asocian-molecula-de-region-poco-estudiada-del-adn-con-el-cancer-de-mama\/\" \/>\n<meta property=\"og:locale\" content=\"es_ES\" \/>\n<meta property=\"og:type\" content=\"article\" \/>\n<meta property=\"og:title\" content=\"Asocian mol\u00e9cula de regi\u00f3n poco estudiada del ADN con el c\u00e1ncer de mama - Ci\u00eancia UFPR Edici\u00f3n en espa\u00f1ol\" \/>\n<meta property=\"og:description\" content=\"Traducci\u00f3n de Melissa Maciel Paiva en julio de 2023 | Texto original en portugu\u00e9s Una investigaci\u00f3n llevada a cabo por cient\u00edficas de la Universidad Federal de Paran\u00e1 (UFPR) identifica, por...\" \/>\n<meta property=\"og:url\" content=\"https:\/\/ciencia.ufpr.br\/portal\/es\/asocian-molecula-de-region-poco-estudiada-del-adn-con-el-cancer-de-mama\/\" \/>\n<meta property=\"og:site_name\" content=\"Ci\u00eancia UFPR Edici\u00f3n en espa\u00f1ol\" \/>\n<meta property=\"article:published_time\" content=\"2021-08-24T11:27:25+00:00\" \/>\n<meta property=\"article:modified_time\" content=\"2024-01-24T23:36:08+00:00\" \/>\n<meta property=\"og:image\" content=\"https:\/\/ciencia.ufpr.br\/portal\/wp-content\/uploads\/2021\/08\/Destaque-DNA-Lixo-mm-1.png\" \/>\n<meta name=\"author\" content=\"Jo\u00e3o Cubas\" \/>\n<meta name=\"twitter:card\" content=\"summary_large_image\" \/>\n<meta name=\"twitter:image\" content=\"https:\/\/ciencia.ufpr.br\/portal\/wp-content\/uploads\/2021\/08\/Destaque-DNA-Lixo-mm-1.png\" \/>\n<meta name=\"twitter:label1\" content=\"Escrito por\" \/>\n\t<meta name=\"twitter:data1\" content=\"Jo\u00e3o Cubas\" \/>\n\t<meta name=\"twitter:label2\" content=\"Tiempo de lectura\" \/>\n\t<meta name=\"twitter:data2\" content=\"4 minutos\" \/>\n<script type=\"application\/ld+json\" class=\"yoast-schema-graph\">{\"@context\":\"https:\/\/schema.org\",\"@graph\":[{\"@type\":\"WebPage\",\"@id\":\"https:\/\/ciencia.ufpr.br\/portal\/es\/asocian-molecula-de-region-poco-estudiada-del-adn-con-el-cancer-de-mama\/\",\"url\":\"https:\/\/ciencia.ufpr.br\/portal\/es\/asocian-molecula-de-region-poco-estudiada-del-adn-con-el-cancer-de-mama\/\",\"name\":\"Asocian mol\u00e9cula de regi\u00f3n poco estudiada del ADN con el c\u00e1ncer de mama - Ci\u00eancia UFPR Edici\u00f3n en espa\u00f1ol\",\"isPartOf\":{\"@id\":\"https:\/\/ciencia.ufpr.br\/portal\/es\/#website\"},\"primaryImageOfPage\":{\"@id\":\"https:\/\/ciencia.ufpr.br\/portal\/es\/asocian-molecula-de-region-poco-estudiada-del-adn-con-el-cancer-de-mama\/#primaryimage\"},\"image\":{\"@id\":\"https:\/\/ciencia.ufpr.br\/portal\/es\/asocian-molecula-de-region-poco-estudiada-del-adn-con-el-cancer-de-mama\/#primaryimage\"},\"thumbnailUrl\":\"https:\/\/ciencia.ufpr.br\/portal\/wp-content\/uploads\/2021\/08\/Destaque-DNA-Lixo-mm-1.png\",\"datePublished\":\"2021-08-24T11:27:25+00:00\",\"dateModified\":\"2024-01-24T23:36:08+00:00\",\"author\":{\"@id\":\"https:\/\/ciencia.ufpr.br\/portal\/es\/#\/schema\/person\/2413a72e1bc45ca047848d0b1035b98a\"},\"breadcrumb\":{\"@id\":\"https:\/\/ciencia.ufpr.br\/portal\/es\/asocian-molecula-de-region-poco-estudiada-del-adn-con-el-cancer-de-mama\/#breadcrumb\"},\"inLanguage\":\"es\",\"potentialAction\":[{\"@type\":\"ReadAction\",\"target\":[\"https:\/\/ciencia.ufpr.br\/portal\/es\/asocian-molecula-de-region-poco-estudiada-del-adn-con-el-cancer-de-mama\/\"]}]},{\"@type\":\"ImageObject\",\"inLanguage\":\"es\",\"@id\":\"https:\/\/ciencia.ufpr.br\/portal\/es\/asocian-molecula-de-region-poco-estudiada-del-adn-con-el-cancer-de-mama\/#primaryimage\",\"url\":\"https:\/\/ciencia.ufpr.br\/portal\/wp-content\/uploads\/2021\/08\/Destaque-DNA-Lixo-mm-1.png\",\"contentUrl\":\"https:\/\/ciencia.ufpr.br\/portal\/wp-content\/uploads\/2021\/08\/Destaque-DNA-Lixo-mm-1.png\",\"width\":\"2000\",\"height\":\"1125\",\"caption\":\"Foto: NCI\/Unsplash (modificada)\"},{\"@type\":\"BreadcrumbList\",\"@id\":\"https:\/\/ciencia.ufpr.br\/portal\/es\/asocian-molecula-de-region-poco-estudiada-del-adn-con-el-cancer-de-mama\/#breadcrumb\",\"itemListElement\":[{\"@type\":\"ListItem\",\"position\":1,\"name\":\"In\u00edcio\",\"item\":\"https:\/\/ciencia.ufpr.br\/portal\/es\/\"},{\"@type\":\"ListItem\",\"position\":2,\"name\":\"Asocian mol\u00e9cula de regi\u00f3n poco estudiada del ADN con el c\u00e1ncer de mama\"}]},{\"@type\":\"WebSite\",\"@id\":\"https:\/\/ciencia.ufpr.br\/portal\/es\/#website\",\"url\":\"https:\/\/ciencia.ufpr.br\/portal\/es\/\",\"name\":\"Ci\u00eancia UFPR Edici\u00f3n en espa\u00f1ol\",\"description\":\"Portal de periodismo y divulgaci\u00f3n cient\u00edfica sobre el conocimiento producido en la Universidad Federal de Paran\u00e1 (UFPR). Basado en revista Ciencia UFPR.\",\"potentialAction\":[{\"@type\":\"SearchAction\",\"target\":{\"@type\":\"EntryPoint\",\"urlTemplate\":\"https:\/\/ciencia.ufpr.br\/portal\/es\/?s={search_term_string}\"},\"query-input\":{\"@type\":\"PropertyValueSpecification\",\"valueRequired\":true,\"valueName\":\"search_term_string\"}}],\"inLanguage\":\"es\"},{\"@type\":\"Person\",\"@id\":\"https:\/\/ciencia.ufpr.br\/portal\/es\/#\/schema\/person\/2413a72e1bc45ca047848d0b1035b98a\",\"name\":\"Jo\u00e3o Cubas\",\"image\":{\"@type\":\"ImageObject\",\"inLanguage\":\"es\",\"@id\":\"https:\/\/ciencia.ufpr.br\/portal\/es\/#\/schema\/person\/image\/\",\"url\":\"https:\/\/secure.gravatar.com\/avatar\/e9cab1c6b0e58270e5b9d2cd40eaa234?s=96&d=mm&r=g\",\"contentUrl\":\"https:\/\/secure.gravatar.com\/avatar\/e9cab1c6b0e58270e5b9d2cd40eaa234?s=96&d=mm&r=g\",\"caption\":\"Jo\u00e3o Cubas\"},\"url\":\"https:\/\/ciencia.ufpr.br\/portal\/es\/author\/joaocubas\/\"}]}<\/script>\n<!-- \/ Yoast SEO plugin. -->","yoast_head_json":{"title":"Asocian mol\u00e9cula de regi\u00f3n poco estudiada del ADN con el c\u00e1ncer de mama - Ci\u00eancia UFPR Edici\u00f3n en espa\u00f1ol","robots":{"index":"index","follow":"follow","max-snippet":"max-snippet:-1","max-image-preview":"max-image-preview:large","max-video-preview":"max-video-preview:-1"},"canonical":"https:\/\/ciencia.ufpr.br\/portal\/es\/asocian-molecula-de-region-poco-estudiada-del-adn-con-el-cancer-de-mama\/","og_locale":"es_ES","og_type":"article","og_title":"Asocian mol\u00e9cula de regi\u00f3n poco estudiada del ADN con el c\u00e1ncer de mama - Ci\u00eancia UFPR Edici\u00f3n en espa\u00f1ol","og_description":"Traducci\u00f3n de Melissa Maciel Paiva en julio de 2023 | Texto original en portugu\u00e9s Una investigaci\u00f3n llevada a cabo por cient\u00edficas de la Universidad Federal de Paran\u00e1 (UFPR) identifica, por...","og_url":"https:\/\/ciencia.ufpr.br\/portal\/es\/asocian-molecula-de-region-poco-estudiada-del-adn-con-el-cancer-de-mama\/","og_site_name":"Ci\u00eancia UFPR Edici\u00f3n en espa\u00f1ol","article_published_time":"2021-08-24T11:27:25+00:00","article_modified_time":"2024-01-24T23:36:08+00:00","og_image":[{"url":"https:\/\/ciencia.ufpr.br\/portal\/wp-content\/uploads\/2021\/08\/Destaque-DNA-Lixo-mm-1.png"}],"author":"Jo\u00e3o Cubas","twitter_card":"summary_large_image","twitter_image":"https:\/\/ciencia.ufpr.br\/portal\/wp-content\/uploads\/2021\/08\/Destaque-DNA-Lixo-mm-1.png","twitter_misc":{"Escrito por":"Jo\u00e3o Cubas","Tiempo de lectura":"4 minutos"},"schema":{"@context":"https:\/\/schema.org","@graph":[{"@type":"WebPage","@id":"https:\/\/ciencia.ufpr.br\/portal\/es\/asocian-molecula-de-region-poco-estudiada-del-adn-con-el-cancer-de-mama\/","url":"https:\/\/ciencia.ufpr.br\/portal\/es\/asocian-molecula-de-region-poco-estudiada-del-adn-con-el-cancer-de-mama\/","name":"Asocian mol\u00e9cula de regi\u00f3n poco estudiada del ADN con el c\u00e1ncer de mama - Ci\u00eancia UFPR Edici\u00f3n en espa\u00f1ol","isPartOf":{"@id":"https:\/\/ciencia.ufpr.br\/portal\/es\/#website"},"primaryImageOfPage":{"@id":"https:\/\/ciencia.ufpr.br\/portal\/es\/asocian-molecula-de-region-poco-estudiada-del-adn-con-el-cancer-de-mama\/#primaryimage"},"image":{"@id":"https:\/\/ciencia.ufpr.br\/portal\/es\/asocian-molecula-de-region-poco-estudiada-del-adn-con-el-cancer-de-mama\/#primaryimage"},"thumbnailUrl":"https:\/\/ciencia.ufpr.br\/portal\/wp-content\/uploads\/2021\/08\/Destaque-DNA-Lixo-mm-1.png","datePublished":"2021-08-24T11:27:25+00:00","dateModified":"2024-01-24T23:36:08+00:00","author":{"@id":"https:\/\/ciencia.ufpr.br\/portal\/es\/#\/schema\/person\/2413a72e1bc45ca047848d0b1035b98a"},"breadcrumb":{"@id":"https:\/\/ciencia.ufpr.br\/portal\/es\/asocian-molecula-de-region-poco-estudiada-del-adn-con-el-cancer-de-mama\/#breadcrumb"},"inLanguage":"es","potentialAction":[{"@type":"ReadAction","target":["https:\/\/ciencia.ufpr.br\/portal\/es\/asocian-molecula-de-region-poco-estudiada-del-adn-con-el-cancer-de-mama\/"]}]},{"@type":"ImageObject","inLanguage":"es","@id":"https:\/\/ciencia.ufpr.br\/portal\/es\/asocian-molecula-de-region-poco-estudiada-del-adn-con-el-cancer-de-mama\/#primaryimage","url":"https:\/\/ciencia.ufpr.br\/portal\/wp-content\/uploads\/2021\/08\/Destaque-DNA-Lixo-mm-1.png","contentUrl":"https:\/\/ciencia.ufpr.br\/portal\/wp-content\/uploads\/2021\/08\/Destaque-DNA-Lixo-mm-1.png","width":"2000","height":"1125","caption":"Foto: NCI\/Unsplash (modificada)"},{"@type":"BreadcrumbList","@id":"https:\/\/ciencia.ufpr.br\/portal\/es\/asocian-molecula-de-region-poco-estudiada-del-adn-con-el-cancer-de-mama\/#breadcrumb","itemListElement":[{"@type":"ListItem","position":1,"name":"In\u00edcio","item":"https:\/\/ciencia.ufpr.br\/portal\/es\/"},{"@type":"ListItem","position":2,"name":"Asocian mol\u00e9cula de regi\u00f3n poco estudiada del ADN con el c\u00e1ncer de mama"}]},{"@type":"WebSite","@id":"https:\/\/ciencia.ufpr.br\/portal\/es\/#website","url":"https:\/\/ciencia.ufpr.br\/portal\/es\/","name":"Ci\u00eancia UFPR Edici\u00f3n en espa\u00f1ol","description":"Portal de periodismo y divulgaci\u00f3n cient\u00edfica sobre el conocimiento producido en la Universidad Federal de Paran\u00e1 (UFPR). Basado en revista Ciencia UFPR.","potentialAction":[{"@type":"SearchAction","target":{"@type":"EntryPoint","urlTemplate":"https:\/\/ciencia.ufpr.br\/portal\/es\/?s={search_term_string}"},"query-input":{"@type":"PropertyValueSpecification","valueRequired":true,"valueName":"search_term_string"}}],"inLanguage":"es"},{"@type":"Person","@id":"https:\/\/ciencia.ufpr.br\/portal\/es\/#\/schema\/person\/2413a72e1bc45ca047848d0b1035b98a","name":"Jo\u00e3o Cubas","image":{"@type":"ImageObject","inLanguage":"es","@id":"https:\/\/ciencia.ufpr.br\/portal\/es\/#\/schema\/person\/image\/","url":"https:\/\/secure.gravatar.com\/avatar\/e9cab1c6b0e58270e5b9d2cd40eaa234?s=96&d=mm&r=g","contentUrl":"https:\/\/secure.gravatar.com\/avatar\/e9cab1c6b0e58270e5b9d2cd40eaa234?s=96&d=mm&r=g","caption":"Jo\u00e3o Cubas"},"url":"https:\/\/ciencia.ufpr.br\/portal\/es\/author\/joaocubas\/"}]}},"views":674,"jetpack_sharing_enabled":true,"jetpack_featured_media_url":"https:\/\/ciencia.ufpr.br\/portal\/wp-content\/uploads\/2021\/08\/Destaque-DNA-Lixo-mm-1.png","amp_enabled":true,"_links":{"self":[{"href":"https:\/\/ciencia.ufpr.br\/portal\/es\/wp-json\/wp\/v2\/posts\/895"}],"collection":[{"href":"https:\/\/ciencia.ufpr.br\/portal\/es\/wp-json\/wp\/v2\/posts"}],"about":[{"href":"https:\/\/ciencia.ufpr.br\/portal\/es\/wp-json\/wp\/v2\/types\/post"}],"author":[{"embeddable":true,"href":"https:\/\/ciencia.ufpr.br\/portal\/es\/wp-json\/wp\/v2\/users\/2814"}],"replies":[{"embeddable":true,"href":"https:\/\/ciencia.ufpr.br\/portal\/es\/wp-json\/wp\/v2\/comments?post=895"}],"version-history":[{"count":12,"href":"https:\/\/ciencia.ufpr.br\/portal\/es\/wp-json\/wp\/v2\/posts\/895\/revisions"}],"predecessor-version":[{"id":1606,"href":"https:\/\/ciencia.ufpr.br\/portal\/es\/wp-json\/wp\/v2\/posts\/895\/revisions\/1606"}],"wp:featuredmedia":[{"embeddable":true,"href":"https:\/\/ciencia.ufpr.br\/portal\/es\/wp-json\/wp\/v2\/media\/897"}],"wp:attachment":[{"href":"https:\/\/ciencia.ufpr.br\/portal\/es\/wp-json\/wp\/v2\/media?parent=895"}],"wp:term":[{"taxonomy":"category","embeddable":true,"href":"https:\/\/ciencia.ufpr.br\/portal\/es\/wp-json\/wp\/v2\/categories?post=895"},{"taxonomy":"post_tag","embeddable":true,"href":"https:\/\/ciencia.ufpr.br\/portal\/es\/wp-json\/wp\/v2\/tags?post=895"}],"curies":[{"name":"wp","href":"https:\/\/api.w.org\/{rel}","templated":true}]}}