{"id":854,"date":"2020-06-16T18:40:19","date_gmt":"2020-06-16T21:40:19","guid":{"rendered":"https:\/\/ciencia.ufpr.br\/portal\/es\/?p=854"},"modified":"2024-01-25T18:43:07","modified_gmt":"2024-01-25T21:43:07","slug":"una-nueva-historia-de-la-humanidad-escrita-a-piedra-fabio-parenti","status":"publish","type":"post","link":"https:\/\/ciencia.ufpr.br\/portal\/es\/una-nueva-historia-de-la-humanidad-escrita-a-piedra-fabio-parenti\/","title":{"rendered":"Una nueva historia de la humanidad escrita a piedra | Fabio Parenti"},"content":{"rendered":"<h5>Traducci\u00f3n de <strong>Giovana Torres Garc\u00eda<\/strong> publicada en <strong>julio de 2023<\/strong> | <a href=\"https:\/\/ciencia.ufpr.br\/portal\/uma-nova-historia-da-humanidade-escrita-a-pedra-fabio-parenti\/\">Texto original en portugu\u00e9s<\/a><\/h5>\n<p>El profesor y arque\u00f3logo Fabio Parenti, del Departamento de Antropolog\u00eda de la Universidad Federal de Paran\u00e1 (UFPR), lider\u00f3 el equipo responsable por la parte arqueol\u00f3gica que descubri\u00f3 herramientas de piedra astillada que pueden relatar la trayectoria evolutiva de la humanidad. Las dataciones revelaron en 2019 que las piezas tienen entre 1,9 y 2,4 millones de a\u00f1os de antig\u00fcedad y, por lo tanto, sugieren que la primera especie del g\u00e9nero Homo en abandonar \u00c1frica fue el Homo habilis, porque el Homo erectus, la especie que se cre\u00eda ser la primera, no hab\u00eda surgido en aquel momento.<\/p>\n<p>Parenti, que es especialista en el reconocimiento de artefactos como los encontrados en el valle del r\u00edo Zarqa en Jordania, explica que estas interpretaciones se entrelazan en diferentes posiciones en el campo de la arqueolog\u00eda, incluso algunas l\u00edneas de estudio discuten la divisi\u00f3n de las especies, sin embargo, seg\u00fan notas del profesor Walter Neves (Universidad de S\u00e3o Paulo \u2013 USP), que coordin\u00f3 el equipo, esta interpretaci\u00f3n explicar\u00eda una serie de descubrimientos f\u00f3siles que se hicieron anteriormente en el Medio Oriente, Europa y Asia.<\/p>\n<div><\/div>\n<p>El primer contacto de Parenti con el sitio fue en 1996, cuando todav\u00eda era un arque\u00f3logo independiente en su Italia natal, en el momento en que un equipo italiano lo excavaba. Al establecerse en Brasil, tuvo la oportunidad de reanudar el trabajo que se hab\u00eda dado por concluido. El profesor ha tenido una fuerte conexi\u00f3n con Brasil desde su doctorado, realizado a partir de excavaciones en los sitios de <em>Pedra Furada<\/em>, en el <em>Parque da Serra da Capivara (Piau\u00ed)<\/em>, de gran riqueza arqueol\u00f3gica y paleontol\u00f3gica. Parenti ayud\u00f3 a estudiar estos sitios en colaboraci\u00f3n, que se mantiene hasta el d\u00eda de hoy, con la <em>Funda\u00e7\u00e3o do Homem Americano (Piau\u00ed)<\/em>.<\/p>\n<p>En esta entrevista concedida a la revista Ci\u00eancia UFPR, habla m\u00e1s sobre su carrera y su \u00e1rea de conocimiento.<\/p>\n<p><strong>Para empezar, \u00bfpodr\u00eda hablar un poco sobre su trabajo en Piau\u00ed y sobre los sitios en el parque da Serra da Capivara?<\/strong><\/p>\n<p>Mi doctorado fue publicado hace 30 a\u00f1os, por lo tanto, es un trabajo del pasado, congelado en el tiempo. Para m\u00ed fue un trabajo maravilloso, muy bueno, yo estaba bastante aislado, con poca gente, la Funda\u00e7\u00e3o do Homem Americano se hab\u00eda creado en 1987 por lo que era muy reciente, los investigadores aparec\u00edan espor\u00e1dicamente, ahora tenemos una rotatividad mayor, resultando en m\u00e1s volumen y masa cr\u00edtica de investigaci\u00f3n. En aquel momento era pr\u00e1cticamente solo arqueolog\u00eda y lo que ayudaba mucho a la fundaci\u00f3n era la parte de salud p\u00fablica con la presencia de Fiocruz [Fundaci\u00f3n Oswaldo Cruz], de R\u00edo de Janeiro. Adem\u00e1s de esto, a finales de la d\u00e9cada de 1980 hubo una contribuci\u00f3n italiana de cooperaci\u00f3n para la educaci\u00f3n, por lo que se establecieron escuelas y centros de salud, lo que ayud\u00f3 mucho a poner en marcha el \u00e1rea del parque, declarada patrimonio de la Unesco en 1991. A lo largo de los a\u00f1os segu\u00ed excavando all\u00ed por varias veces, publicamos alrededor de 25 trabajos en cooperaci\u00f3n con estudiantes brasile\u00f1os y con colegas italianos. Hay m\u00e1s de 1.500 sitios registrados en un \u00e1rea peque\u00f1a, por lo que es una densidad enorme, hay alrededor de 25 a 30 sitios excavados y es quiz\u00e1s la mayor colecci\u00f3n de f\u00f3siles del Pleistoceno [per\u00edodo entre 2,6 millones y 12 mil a\u00f1os atr\u00e1s] en Brasil y tal vez una de las m\u00e1s grandes de Am\u00e9rica Latina. Comparable a la que est\u00e1 en Argentina, en el Museo de La Plata. Es una enorme colecci\u00f3n de mam\u00edferos f\u00f3siles, maravillosamente conservados en S\u00e3o Raimundo Nonato, muy bien estudiados por un equipo franc\u00e9s. Otros hallazgos importantes son las dataciones de antiguas capas arqueol\u00f3gicas, estudios clim\u00e1ticos, estudios de arte rupestre, que es muy rico en todo el noreste de Brasil, estudios de antropolog\u00eda realizados tanto por Walter Neves como por otros investigadores. Actualmente se est\u00e1 extrayendo el material gen\u00e9tico de los esqueletos que fueron encontrados all\u00ed, por lo que es un centro de investigaci\u00f3n de referencia donde se pueden hacer muchas cosas en diversas direcciones.<\/p>\n<p><strong>\u00bfC\u00f3mo se formaron los sitios en el valle de Zarqa y cu\u00e1l es su relaci\u00f3n con la dataci\u00f3n de las piezas?<\/strong><\/p>\n<p>Los sitios se formaron llenando un valle que se hab\u00eda creado entre 4 y 5 millones de a\u00f1os antes. Primero se llen\u00f3 con basalto de Siria, luego con sedimentos fluviales, los sedimentos tambi\u00e9n conten\u00edan restos de animales y artefactos, por lo que todo est\u00e1 mezclado. El r\u00edo trae este material que se deposita no solo en la ladera, sino tambi\u00e9n en las riberas, los animales y los humanos van all\u00ed porque hay un recurso muy importante, el agua, especialmente en una regi\u00f3n \u00e1rida, entonces en ese lugar se re\u00fane toda la vida de la regi\u00f3n. De ese modo se formaron los sitios, que tienen aproximadamente entre 7 a 8 kil\u00f3metros cuadrados llenos de materiales, son bastantes grandes. Esta formaci\u00f3n es importante para la dataci\u00f3n porque en la base tenemos minerales volc\u00e1nicos, que nos permiten saber cu\u00e1ndo fueron depositados, en el medio, d\u00f3nde est\u00e1n los artefactos, es posible datar a trav\u00e9s del paleomagnetismo, comprobando las marcas dejadas por los cambios de polaridad magn\u00e9tica de la Tierra, y en la parte superior hay uranio y plomo contenidos en piedra caliza.<\/p>\n<p>El uranio comienza a perder is\u00f3topos con el tiempo y con esto es posible calcular cu\u00e1ndo se deposit\u00f3, esta es una t\u00e9cnica bastante nueva capaz de hacer una medici\u00f3n incluso con una cantidad m\u00ednima de material. La t\u00e9cnica es a\u00fan un poco experimental, fue desarrollada por un laboratorio alem\u00e1n, el \u00fanico capaz de realizarla hasta ahora en per\u00edodos tan recientes (geol\u00f3gicamente). Esto permiti\u00f3 datar la parte superior de la secuencia que conten\u00eda esta c\u00e1scara de carbonato de calcio, dura como el cemento, que fue la que preserv\u00f3 los sitios. Son estos tres m\u00e9todos los que permiten obtener con una buena aproximaci\u00f3n la edad en la que se deposit\u00f3 todo este material y as\u00ed conocer la antig\u00fcedad de las piezas encontradas. De ese modo relacionamos ese paquete de sedimentos a una edad de entre dos o dos millones y medio de a\u00f1os.<\/p>\n<p><strong>\u00bfPodr\u00eda hablar sobre el impacto de este estudio? \u00bfQu\u00e9 llev\u00f3 a toda esta repercusi\u00f3n?<\/strong><\/p>\n<p>Bueno, esto sucedi\u00f3 porque involucra indirectamente la evoluci\u00f3n humana, pero, f\u00edjese, el descubrimiento de objetos es algo antiguo, hace 23 a\u00f1os, la dataci\u00f3n es una cosa m\u00e1s reciente, de los \u00faltimos a\u00f1os, y la publicaci\u00f3n es m\u00e1s reciente a\u00fan, hacer las dataciones lleva meses de trabajo, los descubrimientos son hechos casuales y el estudio dura mucho tiempo, y de hecho a\u00fan no se ha terminado, sin embargo, con dataciones confiables, como esta, la cosa tiene una perspectiva m\u00e1s encantadora, despu\u00e9s de todo el arque\u00f3logo busca entender cosas antiguas, por lo que la edad es fundamental. El estudio tuvo esta repercusi\u00f3n porque, seg\u00fan Walter [Neves], explicar\u00eda la gran diversidad de f\u00f3siles encontrados en Asia. \u00bfPor qu\u00e9 hay tanta diversidad? Eso es raro. De hecho, con estos resultados estamos documentando un momento muy precoz, muy antiguo, de la expansi\u00f3n fuera de \u00c1frica. Que sea el [Homo] habilis es dif\u00edcil decir, incluso los arque\u00f3logos discuten la existencia misma del Homo habilis como tax\u00f3n independiente, pero esto no me pertenece, justamente no nos pertenece, porque no tenemos f\u00f3siles, por lo que todo es abstracto; solo tenemos piedras, \u00bfqui\u00e9n hizo esas piedras? No lo sabemos. \u00bfPodr\u00eda ser el habilis? S\u00ed, o algo equivalente en edad, que ser\u00eda el predecesor de lo que se descubri\u00f3 all\u00ed en China hace 2,1 millones de a\u00f1os.<\/p>\n<p><strong>Profesor, \u00bfpodr\u00eda hablar un poco sobre su especialidad que es el astillamiento de las piedras por parte de los primates?<\/strong><\/p>\n<p>Esa caracter\u00edstica, esa tendencia a golpear y tallar es antigua evolutivamente. Nosotros astillamos rocas durante al menos dos millones de a\u00f1os. Otros primates de Am\u00e9rica, que son distantes de nosotros, cosa de millones de a\u00f1os, tambi\u00e9n tienen esta tendencia, por lo que es posible pensar que es algo com\u00fan a muchos g\u00e9neros de primates en el mundo. He observado el material relacionado con el estudio publicado en Nature sobre las piezas de Piau\u00ed realizadas por Cebus, que son primates actuales, que son muy simples porque son el resultado de un astillamiento involuntario, y tienen algo de parecido a las antiguas industrias [las primeras piedras astilladas utilizadas por los antepasados del ser humano actual].<\/p>\n<p><strong>Pero, \u00bflas piezas que fueron encontradas en el valle de Zarqa se diferencian mucho de estas astilladas involuntariamente? \u00bfEs posible saber para qu\u00e9 se utilizaban?<\/strong><\/p>\n<p>Estas piezas han sido astilladas de una manera muy sofisticada que ning\u00fan chimpanc\u00e9, ning\u00fan Cebus actual lo podr\u00eda hacer, por lo que son, como suelen decir, humanos, pero no sabemos qu\u00e9 Homo; el uso es dif\u00edcil de determinar porque las piezas ruedan mucho dentro del torrente, salvo unas pocas, esto borra cualquier rastro de uso, por lo que lo que se buscar\u00e1 en 2020 son lugares, partes de afloramientos, donde las piezas est\u00e9n bien conservadas, poco rodadas, precisamente para hacer estos ex\u00e1menes microsc\u00f3picos. Nuestro objetivo es encontrar lugares de baja energ\u00eda cuando se cubri\u00f3 el valle.<br \/>\nPero a pesar de que no se sepa exactamente c\u00f3mo se utilizaban las piedras, se tiene una idea de para qu\u00e9 serv\u00edan, como rasgar carro\u00f1as de animales, \u00bfes cierto?<\/p>\n<p>S\u00ed, o descarnar animales ya muertos, despellejar, sacar la m\u00e9dula para alimentarse, es lo m\u00e1s probable. Por supuesto, decir que eran cazadores depende de c\u00f3mo se interprete el t\u00e9rmino, porque la depredaci\u00f3n, es decir, comer otros animales, es algo que hacen muchos primates, incluidos los chimpanc\u00e9s. No obstante, somos omn\u00edvoros, as\u00ed cazar como se entiende com\u00fanmente, es decir, matar a trav\u00e9s de instrumentos, es un hecho m\u00e1s reciente en la historia evolutiva, tal vez este sea el momento, un tiempo entre 2 y 1 mill\u00f3n de a\u00f1os atr\u00e1s, cuando uno comienza a usar las piedras para hacer algo, lo primero es lanzar, antes de que vean una lanza, es decir, un objeto sim\u00e9trico afilado y penetrante, esto lleva tiempo, pero puedes lanzar guijarros para romper el cr\u00e1neo de una gacela, un herb\u00edvoro. Un guijarro balanceado es un arma poderosa, pero aparte de eso, la mayor\u00eda de estos individuos probablemente se aprovech\u00f3 de cad\u00e1veres que ya hab\u00edan sido cazados por otros predadores. Aqu\u00ed viene el problema de la competencia, no se debe molestar a un gran predador mientras este se alimenta porque se vuelve, como dicen, una fiera, por lo que todo esto implica un conocimiento del contexto de los predadores de la \u00e9poca, o sea, de la paleontolog\u00eda, y no lo tenemos, no encontramos ning\u00fan f\u00f3sil de carn\u00edvoros en aquel sitio. Tenemos en otros lugares, de otras edades, pero entonces la comparaci\u00f3n es dif\u00edcil, de nada sirve saber lo que hab\u00eda en \u00c1frica al mismo tiempo, porque \u00c1frica, la grieta africana, est\u00e1 a 4.000 kil\u00f3metros de distancia. Es como comparar la poblaci\u00f3n de aqu\u00ed [Brasil] con la poblaci\u00f3n, no s\u00e9, de Detroit o de M\u00e9xico, demasiado lejos. Entonces, para decirte cu\u00e1l era la poblaci\u00f3n carn\u00edvora, necesitar\u00edamos encontrar huesos de carn\u00edvoros en aquella regi\u00f3n, con aquella edad, y luego, \u00a1buena suerte!<\/p>\n<p><strong>Entonces, \u00bfhab\u00eda una relaci\u00f3n de dependencia entre estos predadores?<\/strong><\/p>\n<p>Bueno, si quieres enterarte del trabajo de otras personas, hay que tener a alguien a quien sondear, es decir, alguien que haya tenido el trabajo de matar a un caballo, matar a una gacela joven o, no s\u00e9, a un elefante. Un elefante era muy codiciado porque ten\u00eda mucho material, pero nadie mata a un elefante apedre\u00e1ndolo, tendr\u00eda que ser un hermoso tigre o una pantera para hacer el trabajo, luego cualquier cazador o recolector podr\u00eda escudri\u00f1ar lo ocurrido. Un elefante en la actualidad solo se mata con armas de fuego, por lo que necesitamos ser prudentes al imaginar c\u00f3mo era la caza, a no ser que sean animales medianos o peque\u00f1os, que s\u00ed, como lo hacen los chimpanc\u00e9s, que cazan animales peque\u00f1os, comen ratas o cosas parecidas. No es peligroso cazar una gacela peque\u00f1a, que aqu\u00ed [en Brasil] equivaldr\u00eda a un carpincho a un pecar\u00ed de collar. Los animales medianos o peque\u00f1os, no los carn\u00edvoros, son una gran oportunidad para un grupo de cazadores no especializados y sin armas, o utilizando un trozo de madera, porque un palo de madera puede ser un arma muy efectiva, pero, por supuesto, no en contra&#8230; de un tigre dientes de sable, por ejemplo.<\/p>\n<p><strong>\u00bfEs posible hablar de saltos o momentos de gran aceleraci\u00f3n evolutiva?<\/strong><\/p>\n<p>S\u00ed, hay momentos de aceleraci\u00f3n evolutiva, tanto f\u00edsica como cultural, si piensas en el bipedismo, el crecimiento cerebral, con una explosi\u00f3n muy grande al final del Pleistoceno inferior, en el uso de artefactos, en la invenci\u00f3n del fuego, todo lo que figura en los libros de la escuela primaria es realmente muy importante. La invenci\u00f3n del fuego, la pirotecnolog\u00eda, como es llamada, cambia todo radicalmente, se puede tener acceso a una gran cantidad de alimentos y transformar la materia de muchas maneras. As\u00ed que podemos decir que hay aceleraciones, en verdad, para nosotros es casi obvio decir que las aceleraciones son muy r\u00e1pidas. En los \u00faltimos 200 a\u00f1os los cambios en las estructuras f\u00edsicas y en nuestra vida social son muy cercanos unos a otros, piense en el paso entre la construcci\u00f3n de los ferrocarriles y la digitalizaci\u00f3n del mundo, solo han pasado 150 a\u00f1os. Esto no es nada en t\u00e9rminos evolutivos, son cinco generaciones. Y es algo muy peculiar, incluso arqueol\u00f3gicamente, tanto que hablamos de Antropoceno. Los dep\u00f3sitos provocados por estas transformaciones, lo que se est\u00e1 deponiendo de pl\u00e1stico en la tierra, dejar\u00e1 huellas obvias en el registro sedimentario, son transformaciones recientes aterradoras, realmente es muy r\u00e1pido. En el mundo campesino en Europa hace 300 a\u00f1os la gente pr\u00e1cticamente mor\u00eda en ese mismo tipo de ambiente t\u00e9cnico al que hab\u00edan sido expuestos desde el nacimiento, sus hijos de manera igual, pod\u00edan inventar un arado ligeramente diferente, pero era casi lo mismo. Desde el Neol\u00edtico hasta la Revoluci\u00f3n Industrial todo se qued\u00f3 un poco paralizado, hoy en d\u00eda, a cada tres a\u00f1os, hay que cambiar los programas inform\u00e1ticos, incluso tenemos que aprender nuevas relaciones sociales. Parafraseando al gran bi\u00f3logo estadounidense, Edward Wilson, tenemos cuerpos e instintos paleol\u00edticos, con instituciones y creencias medievales y posibilidades astron\u00e1uticas. Las posibilidades son maravillosas, pero arrastramos viejas instituciones, si pensamos en nuestras instituciones sociales, creencias y todo, y tenemos una estructura instintiva de cazadores y recolectores, porque pasamos 3 millones de a\u00f1os cazando, la agricultura es una actividad muy reciente, de los \u00faltimos 10 mil a\u00f1os, por lo que es todo muy contradictorio.<\/p>\n","protected":false},"excerpt":{"rendered":"<p>Traducci\u00f3n de Giovana Torres Garc\u00eda publicada en julio de 2023 | Texto original en portugu\u00e9s El profesor y arque\u00f3logo Fabio Parenti, del Departamento de Antropolog\u00eda de la Universidad Federal de&#8230;<\/p>\n","protected":false},"author":2799,"featured_media":866,"comment_status":"open","ping_status":"open","sticky":false,"template":"","format":"standard","meta":{"_acf_changed":false,"footnotes":"","fifu_image_url":"https:\/\/ciencia.ufpr.br\/portal\/wp-content\/uploads\/2020\/06\/Pedra_Lascada_255-19_Foto-Cec\u00edlia-Bastos-13-2048x1152.jpg","fifu_image_alt":"","_jetpack_memberships_contains_paid_content":false},"categories":[89,145,88],"tags":[105,106,107,108,109,110,111,112],"acf":[],"yoast_head":"<!-- This site is optimized with the Yoast SEO plugin v23.5 - https:\/\/yoast.com\/wordpress\/plugins\/seo\/ -->\n<title>Una nueva historia de la humanidad escrita a piedra | Fabio Parenti - Ci\u00eancia UFPR Edici\u00f3n en espa\u00f1ol<\/title>\n<meta name=\"robots\" content=\"index, follow, max-snippet:-1, max-image-preview:large, max-video-preview:-1\" \/>\n<link rel=\"canonical\" href=\"https:\/\/ciencia.ufpr.br\/portal\/es\/una-nueva-historia-de-la-humanidad-escrita-a-piedra-fabio-parenti\/\" \/>\n<meta property=\"og:locale\" content=\"es_ES\" \/>\n<meta property=\"og:type\" content=\"article\" \/>\n<meta property=\"og:title\" content=\"Una nueva historia de la humanidad escrita a piedra | Fabio Parenti - Ci\u00eancia UFPR Edici\u00f3n en espa\u00f1ol\" \/>\n<meta property=\"og:description\" content=\"Traducci\u00f3n de Giovana Torres Garc\u00eda publicada en julio de 2023 | Texto original en portugu\u00e9s El profesor y arque\u00f3logo Fabio Parenti, del Departamento de Antropolog\u00eda de la Universidad Federal de...\" \/>\n<meta property=\"og:url\" content=\"https:\/\/ciencia.ufpr.br\/portal\/es\/una-nueva-historia-de-la-humanidad-escrita-a-piedra-fabio-parenti\/\" \/>\n<meta property=\"og:site_name\" content=\"Ci\u00eancia UFPR Edici\u00f3n en espa\u00f1ol\" \/>\n<meta property=\"article:published_time\" content=\"2020-06-16T21:40:19+00:00\" \/>\n<meta property=\"article:modified_time\" content=\"2024-01-25T21:43:07+00:00\" \/>\n<meta property=\"og:image\" content=\"https:\/\/ciencia.ufpr.br\/portal\/wp-content\/uploads\/2020\/06\/Pedra_Lascada_255-19_Foto-Cec\u00edlia-Bastos-13-2048x1152.jpg\" \/>\n<meta name=\"author\" content=\"Rodrigo Choinski\" \/>\n<meta name=\"twitter:card\" content=\"summary_large_image\" \/>\n<meta name=\"twitter:image\" content=\"https:\/\/ciencia.ufpr.br\/portal\/wp-content\/uploads\/2020\/06\/Pedra_Lascada_255-19_Foto-Cec\u00edlia-Bastos-13-2048x1152.jpg\" \/>\n<meta name=\"twitter:label1\" content=\"Escrito por\" \/>\n\t<meta name=\"twitter:data1\" content=\"Rodrigo Choinski\" \/>\n\t<meta name=\"twitter:label2\" content=\"Tiempo de lectura\" \/>\n\t<meta name=\"twitter:data2\" content=\"12 minutos\" \/>\n<script type=\"application\/ld+json\" class=\"yoast-schema-graph\">{\"@context\":\"https:\/\/schema.org\",\"@graph\":[{\"@type\":\"WebPage\",\"@id\":\"https:\/\/ciencia.ufpr.br\/portal\/es\/una-nueva-historia-de-la-humanidad-escrita-a-piedra-fabio-parenti\/\",\"url\":\"https:\/\/ciencia.ufpr.br\/portal\/es\/una-nueva-historia-de-la-humanidad-escrita-a-piedra-fabio-parenti\/\",\"name\":\"Una nueva historia de la humanidad escrita a piedra | Fabio Parenti - Ci\u00eancia UFPR Edici\u00f3n en espa\u00f1ol\",\"isPartOf\":{\"@id\":\"https:\/\/ciencia.ufpr.br\/portal\/es\/#website\"},\"primaryImageOfPage\":{\"@id\":\"https:\/\/ciencia.ufpr.br\/portal\/es\/una-nueva-historia-de-la-humanidad-escrita-a-piedra-fabio-parenti\/#primaryimage\"},\"image\":{\"@id\":\"https:\/\/ciencia.ufpr.br\/portal\/es\/una-nueva-historia-de-la-humanidad-escrita-a-piedra-fabio-parenti\/#primaryimage\"},\"thumbnailUrl\":\"https:\/\/ciencia.ufpr.br\/portal\/wp-content\/uploads\/2020\/06\/Pedra_Lascada_255-19_Foto-Cec\u00edlia-Bastos-13-2048x1152.jpg\",\"datePublished\":\"2020-06-16T21:40:19+00:00\",\"dateModified\":\"2024-01-25T21:43:07+00:00\",\"author\":{\"@id\":\"https:\/\/ciencia.ufpr.br\/portal\/es\/#\/schema\/person\/89d17255c82fd8b58e008c4a4418177b\"},\"breadcrumb\":{\"@id\":\"https:\/\/ciencia.ufpr.br\/portal\/es\/una-nueva-historia-de-la-humanidad-escrita-a-piedra-fabio-parenti\/#breadcrumb\"},\"inLanguage\":\"es\",\"potentialAction\":[{\"@type\":\"ReadAction\",\"target\":[\"https:\/\/ciencia.ufpr.br\/portal\/es\/una-nueva-historia-de-la-humanidad-escrita-a-piedra-fabio-parenti\/\"]}]},{\"@type\":\"ImageObject\",\"inLanguage\":\"es\",\"@id\":\"https:\/\/ciencia.ufpr.br\/portal\/es\/una-nueva-historia-de-la-humanidad-escrita-a-piedra-fabio-parenti\/#primaryimage\",\"url\":\"https:\/\/ciencia.ufpr.br\/portal\/wp-content\/uploads\/2020\/06\/Pedra_Lascada_255-19_Foto-Cec\u00edlia-Bastos-13-2048x1152.jpg\",\"contentUrl\":\"https:\/\/ciencia.ufpr.br\/portal\/wp-content\/uploads\/2020\/06\/Pedra_Lascada_255-19_Foto-Cec\u00edlia-Bastos-13-2048x1152.jpg\",\"width\":\"2048\",\"height\":\"1152\",\"caption\":\"Piezas encontradas en el valle del r\u00edo Zarqa, que fundamentan el descubrimiento. Foto: Cec\u00edlia Bastos\/IMAGEN USP\"},{\"@type\":\"BreadcrumbList\",\"@id\":\"https:\/\/ciencia.ufpr.br\/portal\/es\/una-nueva-historia-de-la-humanidad-escrita-a-piedra-fabio-parenti\/#breadcrumb\",\"itemListElement\":[{\"@type\":\"ListItem\",\"position\":1,\"name\":\"In\u00edcio\",\"item\":\"https:\/\/ciencia.ufpr.br\/portal\/es\/\"},{\"@type\":\"ListItem\",\"position\":2,\"name\":\"Una nueva historia de la humanidad escrita a piedra | Fabio Parenti\"}]},{\"@type\":\"WebSite\",\"@id\":\"https:\/\/ciencia.ufpr.br\/portal\/es\/#website\",\"url\":\"https:\/\/ciencia.ufpr.br\/portal\/es\/\",\"name\":\"Ci\u00eancia UFPR Edici\u00f3n en espa\u00f1ol\",\"description\":\"Portal de periodismo y divulgaci\u00f3n cient\u00edfica sobre el conocimiento producido en la Universidad Federal de Paran\u00e1 (UFPR). Basado en revista Ciencia UFPR.\",\"potentialAction\":[{\"@type\":\"SearchAction\",\"target\":{\"@type\":\"EntryPoint\",\"urlTemplate\":\"https:\/\/ciencia.ufpr.br\/portal\/es\/?s={search_term_string}\"},\"query-input\":{\"@type\":\"PropertyValueSpecification\",\"valueRequired\":true,\"valueName\":\"search_term_string\"}}],\"inLanguage\":\"es\"},{\"@type\":\"Person\",\"@id\":\"https:\/\/ciencia.ufpr.br\/portal\/es\/#\/schema\/person\/89d17255c82fd8b58e008c4a4418177b\",\"name\":\"Rodrigo Choinski\",\"image\":{\"@type\":\"ImageObject\",\"inLanguage\":\"es\",\"@id\":\"https:\/\/ciencia.ufpr.br\/portal\/es\/#\/schema\/person\/image\/\",\"url\":\"https:\/\/secure.gravatar.com\/avatar\/96e9baff84150d29200602d3a837931c?s=96&d=mm&r=g\",\"contentUrl\":\"https:\/\/secure.gravatar.com\/avatar\/96e9baff84150d29200602d3a837931c?s=96&d=mm&r=g\",\"caption\":\"Rodrigo Choinski\"},\"description\":\"Jornalista e mestre em sociologia pela Universidade Federal do Paran\u00e1 (UFPR). Trabalhou na TV Brasil e no Programa de Recupera\u00e7\u00e3o da Biodiversidade Marinha. Pesquisa a obra do fil\u00f3sofo h\u00fangaro Istv\u00e1n M\u00e9sz\u00e1ros. Jornalista na UFPR.\",\"url\":\"https:\/\/ciencia.ufpr.br\/portal\/es\/author\/rodrigo-choinski\/\"}]}<\/script>\n<!-- \/ Yoast SEO plugin. -->","yoast_head_json":{"title":"Una nueva historia de la humanidad escrita a piedra | Fabio Parenti - Ci\u00eancia UFPR Edici\u00f3n en espa\u00f1ol","robots":{"index":"index","follow":"follow","max-snippet":"max-snippet:-1","max-image-preview":"max-image-preview:large","max-video-preview":"max-video-preview:-1"},"canonical":"https:\/\/ciencia.ufpr.br\/portal\/es\/una-nueva-historia-de-la-humanidad-escrita-a-piedra-fabio-parenti\/","og_locale":"es_ES","og_type":"article","og_title":"Una nueva historia de la humanidad escrita a piedra | Fabio Parenti - Ci\u00eancia UFPR Edici\u00f3n en espa\u00f1ol","og_description":"Traducci\u00f3n de Giovana Torres Garc\u00eda publicada en julio de 2023 | Texto original en portugu\u00e9s El profesor y arque\u00f3logo Fabio Parenti, del Departamento de Antropolog\u00eda de la Universidad Federal de...","og_url":"https:\/\/ciencia.ufpr.br\/portal\/es\/una-nueva-historia-de-la-humanidad-escrita-a-piedra-fabio-parenti\/","og_site_name":"Ci\u00eancia UFPR Edici\u00f3n en espa\u00f1ol","article_published_time":"2020-06-16T21:40:19+00:00","article_modified_time":"2024-01-25T21:43:07+00:00","og_image":[{"url":"https:\/\/ciencia.ufpr.br\/portal\/wp-content\/uploads\/2020\/06\/Pedra_Lascada_255-19_Foto-Cec\u00edlia-Bastos-13-2048x1152.jpg"}],"author":"Rodrigo Choinski","twitter_card":"summary_large_image","twitter_image":"https:\/\/ciencia.ufpr.br\/portal\/wp-content\/uploads\/2020\/06\/Pedra_Lascada_255-19_Foto-Cec\u00edlia-Bastos-13-2048x1152.jpg","twitter_misc":{"Escrito por":"Rodrigo Choinski","Tiempo de lectura":"12 minutos"},"schema":{"@context":"https:\/\/schema.org","@graph":[{"@type":"WebPage","@id":"https:\/\/ciencia.ufpr.br\/portal\/es\/una-nueva-historia-de-la-humanidad-escrita-a-piedra-fabio-parenti\/","url":"https:\/\/ciencia.ufpr.br\/portal\/es\/una-nueva-historia-de-la-humanidad-escrita-a-piedra-fabio-parenti\/","name":"Una nueva historia de la humanidad escrita a piedra | Fabio Parenti - Ci\u00eancia UFPR Edici\u00f3n en espa\u00f1ol","isPartOf":{"@id":"https:\/\/ciencia.ufpr.br\/portal\/es\/#website"},"primaryImageOfPage":{"@id":"https:\/\/ciencia.ufpr.br\/portal\/es\/una-nueva-historia-de-la-humanidad-escrita-a-piedra-fabio-parenti\/#primaryimage"},"image":{"@id":"https:\/\/ciencia.ufpr.br\/portal\/es\/una-nueva-historia-de-la-humanidad-escrita-a-piedra-fabio-parenti\/#primaryimage"},"thumbnailUrl":"https:\/\/ciencia.ufpr.br\/portal\/wp-content\/uploads\/2020\/06\/Pedra_Lascada_255-19_Foto-Cec\u00edlia-Bastos-13-2048x1152.jpg","datePublished":"2020-06-16T21:40:19+00:00","dateModified":"2024-01-25T21:43:07+00:00","author":{"@id":"https:\/\/ciencia.ufpr.br\/portal\/es\/#\/schema\/person\/89d17255c82fd8b58e008c4a4418177b"},"breadcrumb":{"@id":"https:\/\/ciencia.ufpr.br\/portal\/es\/una-nueva-historia-de-la-humanidad-escrita-a-piedra-fabio-parenti\/#breadcrumb"},"inLanguage":"es","potentialAction":[{"@type":"ReadAction","target":["https:\/\/ciencia.ufpr.br\/portal\/es\/una-nueva-historia-de-la-humanidad-escrita-a-piedra-fabio-parenti\/"]}]},{"@type":"ImageObject","inLanguage":"es","@id":"https:\/\/ciencia.ufpr.br\/portal\/es\/una-nueva-historia-de-la-humanidad-escrita-a-piedra-fabio-parenti\/#primaryimage","url":"https:\/\/ciencia.ufpr.br\/portal\/wp-content\/uploads\/2020\/06\/Pedra_Lascada_255-19_Foto-Cec\u00edlia-Bastos-13-2048x1152.jpg","contentUrl":"https:\/\/ciencia.ufpr.br\/portal\/wp-content\/uploads\/2020\/06\/Pedra_Lascada_255-19_Foto-Cec\u00edlia-Bastos-13-2048x1152.jpg","width":"2048","height":"1152","caption":"Piezas encontradas en el valle del r\u00edo Zarqa, que fundamentan el descubrimiento. Foto: Cec\u00edlia Bastos\/IMAGEN USP"},{"@type":"BreadcrumbList","@id":"https:\/\/ciencia.ufpr.br\/portal\/es\/una-nueva-historia-de-la-humanidad-escrita-a-piedra-fabio-parenti\/#breadcrumb","itemListElement":[{"@type":"ListItem","position":1,"name":"In\u00edcio","item":"https:\/\/ciencia.ufpr.br\/portal\/es\/"},{"@type":"ListItem","position":2,"name":"Una nueva historia de la humanidad escrita a piedra | Fabio Parenti"}]},{"@type":"WebSite","@id":"https:\/\/ciencia.ufpr.br\/portal\/es\/#website","url":"https:\/\/ciencia.ufpr.br\/portal\/es\/","name":"Ci\u00eancia UFPR Edici\u00f3n en espa\u00f1ol","description":"Portal de periodismo y divulgaci\u00f3n cient\u00edfica sobre el conocimiento producido en la Universidad Federal de Paran\u00e1 (UFPR). Basado en revista Ciencia UFPR.","potentialAction":[{"@type":"SearchAction","target":{"@type":"EntryPoint","urlTemplate":"https:\/\/ciencia.ufpr.br\/portal\/es\/?s={search_term_string}"},"query-input":{"@type":"PropertyValueSpecification","valueRequired":true,"valueName":"search_term_string"}}],"inLanguage":"es"},{"@type":"Person","@id":"https:\/\/ciencia.ufpr.br\/portal\/es\/#\/schema\/person\/89d17255c82fd8b58e008c4a4418177b","name":"Rodrigo Choinski","image":{"@type":"ImageObject","inLanguage":"es","@id":"https:\/\/ciencia.ufpr.br\/portal\/es\/#\/schema\/person\/image\/","url":"https:\/\/secure.gravatar.com\/avatar\/96e9baff84150d29200602d3a837931c?s=96&d=mm&r=g","contentUrl":"https:\/\/secure.gravatar.com\/avatar\/96e9baff84150d29200602d3a837931c?s=96&d=mm&r=g","caption":"Rodrigo Choinski"},"description":"Jornalista e mestre em sociologia pela Universidade Federal do Paran\u00e1 (UFPR). Trabalhou na TV Brasil e no Programa de Recupera\u00e7\u00e3o da Biodiversidade Marinha. Pesquisa a obra do fil\u00f3sofo h\u00fangaro Istv\u00e1n M\u00e9sz\u00e1ros. Jornalista na UFPR.","url":"https:\/\/ciencia.ufpr.br\/portal\/es\/author\/rodrigo-choinski\/"}]}},"views":776,"jetpack_sharing_enabled":true,"jetpack_featured_media_url":"https:\/\/ciencia.ufpr.br\/portal\/wp-content\/uploads\/2020\/06\/Pedra_Lascada_255-19_Foto-Cec\u00edlia-Bastos-13-2048x1152.jpg","amp_enabled":true,"_links":{"self":[{"href":"https:\/\/ciencia.ufpr.br\/portal\/es\/wp-json\/wp\/v2\/posts\/854"}],"collection":[{"href":"https:\/\/ciencia.ufpr.br\/portal\/es\/wp-json\/wp\/v2\/posts"}],"about":[{"href":"https:\/\/ciencia.ufpr.br\/portal\/es\/wp-json\/wp\/v2\/types\/post"}],"author":[{"embeddable":true,"href":"https:\/\/ciencia.ufpr.br\/portal\/es\/wp-json\/wp\/v2\/users\/2799"}],"replies":[{"embeddable":true,"href":"https:\/\/ciencia.ufpr.br\/portal\/es\/wp-json\/wp\/v2\/comments?post=854"}],"version-history":[{"count":11,"href":"https:\/\/ciencia.ufpr.br\/portal\/es\/wp-json\/wp\/v2\/posts\/854\/revisions"}],"predecessor-version":[{"id":1641,"href":"https:\/\/ciencia.ufpr.br\/portal\/es\/wp-json\/wp\/v2\/posts\/854\/revisions\/1641"}],"wp:featuredmedia":[{"embeddable":true,"href":"https:\/\/ciencia.ufpr.br\/portal\/es\/wp-json\/wp\/v2\/media\/866"}],"wp:attachment":[{"href":"https:\/\/ciencia.ufpr.br\/portal\/es\/wp-json\/wp\/v2\/media?parent=854"}],"wp:term":[{"taxonomy":"category","embeddable":true,"href":"https:\/\/ciencia.ufpr.br\/portal\/es\/wp-json\/wp\/v2\/categories?post=854"},{"taxonomy":"post_tag","embeddable":true,"href":"https:\/\/ciencia.ufpr.br\/portal\/es\/wp-json\/wp\/v2\/tags?post=854"}],"curies":[{"name":"wp","href":"https:\/\/api.w.org\/{rel}","templated":true}]}}