{"id":1684,"date":"2024-09-06T22:03:26","date_gmt":"2024-09-07T01:03:26","guid":{"rendered":"https:\/\/ciencia.ufpr.br\/portal\/es\/?p=1684"},"modified":"2024-09-06T22:46:44","modified_gmt":"2024-09-07T01:46:44","slug":"investigadores-descubren-rocas-formadas-por-plastico-en-la-isla-de-trinidad","status":"publish","type":"post","link":"https:\/\/ciencia.ufpr.br\/portal\/es\/investigadores-descubren-rocas-formadas-por-plastico-en-la-isla-de-trinidad\/","title":{"rendered":"Investigadores descubren rocas formadas por pl\u00e1stico en la Isla de Trinidad"},"content":{"rendered":"<h5>Traducido por <strong>Gabriel Camargo Onesko\u00a0<\/strong>y publicado en <strong>septiembre de 2024<\/strong> | <a href=\"https:\/\/ciencia.ufpr.br\/portal\/pesquisadores-encontram-rochas-formadas-por-plastico-na-ilha-da-trindade\/\">Texto original en portugu\u00e9s<\/a><\/h5>\n<p>El aumento de la producci\u00f3n y el consumo de nuevos materiales, procedentes del desarrollo tecnol\u00f3gico, han incrementado la capacidad de los seres humanos para influir en el ciclo geol\u00f3gico de la Tierra, haci\u00e9ndonos capaces de cambiar irreversiblemente estos procesos. La contaminaci\u00f3n, presente sobre todo en el medio marino y causada en gran parte por los materiales pl\u00e1sticos, puede alterar incluso la fauna y la flora del medio terrestre.<\/p>\n<p>Es lo que sugiere un art\u00edculo publicado por cient\u00edficos de la Universidad Federal de Paran\u00e1 (UFPR) y otras instituciones brasile\u00f1as en la revista Marine Pollution Bulletin, de la plataforma ScienceDirect (Elsevier). Los autores encontraron nuevos datos que comprueban que el hombre est\u00e1 actuando como agente geol\u00f3gico y provocando la generaci\u00f3n de nuevas rocas, a partir de la contaminaci\u00f3n marina.<\/p>\n<blockquote class=\"alignright\"><p><b>Antropoceno<\/b><\/p>\n<p>El impacto humano en el planeta Tierra es el campo de estudio de los investigadores del Antropoceno, una perspectiva que representa el momento en que la humanidad se est\u00e1 convirtiendo en el agente geol\u00f3gico activo de los procesos geol\u00f3gicos actuales. El tiempo geol\u00f3gico sustenta importantes teor\u00edas fundamentales de la ciencia moderna, como la Teor\u00eda de la Evoluci\u00f3n, y representa el reconocimiento de una escala cronol\u00f3gica que subdivide los 4.500 millones de a\u00f1os de historia de la Tierra y es crucial para comprender la evoluci\u00f3n del planeta, desde sus inicios hasta c\u00f3mo lo conocemos hoy.<\/p><\/blockquote>\n<p>El estudio se\u00f1ala la aparici\u00f3n de rocas id\u00e9nticas a las naturales pero compuestas de pl\u00e1stico en el \u201cParcel das Tartarugas\u00bb, una regi\u00f3n de la Isla de Trinidad &#8211; isla volc\u00e1nica ubicada a 1.140 kil\u00f3metros de Vit\u00f3ria (Esp\u00edrito Santo, Brasil) y administrada por la Marina brasile\u00f1a. El lugar es una importante reserva marina del Atl\u00e1ntico Sur y una Unidad de Monumento Natural Brasile\u00f1o. Las rocas de pl\u00e1stico se identificaron cerca de la mayor zona de desove de la tortuga verde (Chelonia mydas) y de arrecifes de caracoles marinos de Brasil.<\/p>\n<p>Perteneciente a la llamada Amazonia Azul \u2013 una zona con abundantes riquezas naturales y minerales que solo Brasil puede explotar econ\u00f3micamente\u2013, la isla es el h\u00e1bitat natural de aves marinas y alberga un ecosistema fr\u00e1gil y \u00fanico que incluye especies end\u00e9micas de peces y distintos grupos de arrecifes.<\/p>\n<p>El descubrimiento de Fernanda Avelar Santos, estudiante de doctorado en el Programa de Posgrado en Geolog\u00eda de la UFPR, se hizo durante las actividades de cartograf\u00eda geol\u00f3gica en la isla.<\/p>\n<p>\u00abIdentificamos cuatro tipos de formas de residuos pl\u00e1sticos, distintos en composici\u00f3n y aspecto. Los dep\u00f3sitos de pl\u00e1stico en la plataforma costera cubr\u00edan rocas volc\u00e1nicas; sedimentos de la playa actual compuestos por gravas y arenas; y rocas de playa con una superficie irregular debido a la erosi\u00f3n hidrodin\u00e1mica\u00bb, describe la investigadora.<\/p>\n<p><strong>GALER\u00cdA<\/strong> | Vea im\u00e1genes de la Isla en el Atl\u00e1ntico Sur<\/p>\n\n<p>Los plastiglomerados, an\u00e1logos a las rocas sedimentarias, se registraron por primera vez en Haw\u00e1i en 2014. Otro material identificado en la isla brasile\u00f1a fue el plastitone, material similar a las rocas \u00edgneas y con una composici\u00f3n predominantemente pl\u00e1stica. El elemento se encontr\u00f3 recubriendo rocas volc\u00e1nicas existentes en la regi\u00f3n, que registran el \u00faltimo episodio de vulcanismo activo en Brasil.<\/p>\n<p>\u00abAdem\u00e1s, observamos piropl\u00e1sticos, descritos por primera vez en las costas de Inglaterra\u00bb, revela Fernanda<\/p>\n<p>Los materiales presentados en el art\u00edculo fueron visualizados sobre el terreno en 2019 y tienen como m\u00e1ximo dos d\u00e9cadas de existencia. Las muestras recogidas fueron sometidas a an\u00e1lisis de laboratorio que permitieron reconocer diferentes formas de residuos pl\u00e1sticos. La autora explica que el fen\u00f3meno local-\u00fanico se produce sobre dos tipos diferentes de sustratos &#8211; que establecen el v\u00ednculo entre el sustrato geol\u00f3gico y las formas pl\u00e1sticas.<\/p>\n<h2>Antropoceno: la era de las consecuencias provocadas por el hombre en el tiempo geol\u00f3gico<\/h2>\n<p>El principal aporte del art\u00edculo es el reconocimiento de que los seres humanos se est\u00e1n portando como agentes geol\u00f3gicos e influyendo en los dep\u00f3sitos sedimentarios. Considerando las intervenciones humanas, los autores advierten de que es necesario cuestionar qu\u00e9 es verdaderamente natural.<\/p>\n<p>Para la investigadora y coautora Giovana Di\u00f3rio, estudiante de Maestr\u00eda en Geolog\u00eda en la UFPR, el comportamiento actual de las personas en relaci\u00f3n con la contaminaci\u00f3n marina est\u00e1 provocando un cambio de paradigma en la Geolog\u00eda cl\u00e1sica, que tiene una perspectiva preantropoc\u00e9nica, es decir, que entiende los procesos antiguos de la historia de la Tierra a partir de una concepci\u00f3n basada en el per\u00edodo anterior a la interferencia significativa de los seres humanos en los procesos naturales.<\/p>\n<blockquote><p>\u00abLos acontecimientos demuestran que el impacto humano, as\u00ed como sus residuos, est\u00e1n tan presentes en el medio ambiente que han empezado a influir en procesos antes considerados esencialmente naturales, como la formaci\u00f3n de rocas\u00bb, reflexiona Giovana.<\/p><\/blockquote>\n<p>\u00abA lo largo del tiempo geol\u00f3gico, los principales agentes transformadores de los registros de la Tierra fueron naturales. Por ejemplo, los procesos tect\u00f3nicos y el cambio clim\u00e1tico. Sin embargo, la acci\u00f3n humana en la actualidad es tan penetrante que est\u00e1 cambiando el planeta de forma m\u00e1s acelerada que los procesos naturales\u00bb, afirma la autora principal del art\u00edculo, que ejemplifica: \u00abcuando destruimos monta\u00f1as para la exploraci\u00f3n de minerales o llevamos a cabo la construcci\u00f3n de carreteras, en semanas o pocos a\u00f1os esa monta\u00f1a puede quedar aplanada. En un contexto de erosi\u00f3n natural, este proceso llevar\u00eda miles o millones de a\u00f1os\u00bb.<\/p>\n<p>El proceso de formaci\u00f3n de una roca a partir de la contaminaci\u00f3n marina, por ejemplo, es r\u00e1pido y depende de tres etapas, en las que el ser humano act\u00faa como principal agente geol\u00f3gico: disponibilidad de desechos pl\u00e1sticos en el medio marino o costero; ordenaci\u00f3n y deposici\u00f3n de los desechos en un lugar de la playa, que se produce cuando la gente recoge los desechos para deshacerse de ellos o hacer una hoguera; y aumento de la temperatura del medio a trav\u00e9s del fuego, que derrite el pl\u00e1stico, interact\u00faa con los sedimentos de la playa formando cemento pl\u00e1stico y, en consecuencia, estas rocas.<\/p>\n<p><a href=\"https:\/\/ciencia.ufpr.br\/portal\/es\/wp-content\/uploads\/sites\/3\/2024\/09\/Info-Rochas-plasticas-sugestao.jpg\"><img loading=\"lazy\" decoding=\"async\" class=\"alignleft size-full wp-image-1695\" src=\"https:\/\/ciencia.ufpr.br\/portal\/es\/wp-content\/uploads\/sites\/3\/2024\/09\/Info-Rochas-plasticas-sugestao.jpg\" alt=\"\" width=\"840\" height=\"1745\" srcset=\"https:\/\/ciencia.ufpr.br\/portal\/es\/wp-content\/uploads\/sites\/3\/2024\/09\/Info-Rochas-plasticas-sugestao.jpg 840w, https:\/\/ciencia.ufpr.br\/portal\/es\/wp-content\/uploads\/sites\/3\/2024\/09\/Info-Rochas-plasticas-sugestao-144x300.jpg 144w, https:\/\/ciencia.ufpr.br\/portal\/es\/wp-content\/uploads\/sites\/3\/2024\/09\/Info-Rochas-plasticas-sugestao-493x1024.jpg 493w, https:\/\/ciencia.ufpr.br\/portal\/es\/wp-content\/uploads\/sites\/3\/2024\/09\/Info-Rochas-plasticas-sugestao-768x1595.jpg 768w, https:\/\/ciencia.ufpr.br\/portal\/es\/wp-content\/uploads\/sites\/3\/2024\/09\/Info-Rochas-plasticas-sugestao-739x1536.jpg 739w, https:\/\/ciencia.ufpr.br\/portal\/es\/wp-content\/uploads\/sites\/3\/2024\/09\/Info-Rochas-plasticas-sugestao-150x312.jpg 150w\" sizes=\"(max-width: 840px) 100vw, 840px\" \/><\/a>Para el ge\u00f3logo Carlos Conforti Ferreira Guedes, profesor del departamento de Geolog\u00eda de la UFPR y colaborador en el art\u00edculo publicado, es necesario preservar de manera estratigr\u00e1fica el impacto humano en la Tierra. El an\u00e1lisis sedimentario y estratigr\u00e1fico es el estudio y descripci\u00f3n de sedimentos y rocas sedimentarias para interpretar c\u00f3mo se formaron.<\/p>\n<p>Explica que, al aparecer indiscriminadamente en la naturaleza materiales no naturales, como la basura y los pl\u00e1sticos, empezaron a participar en los procesos sedimentarios y a acumularse junto a las rocas cl\u00e1sicas, conserv\u00e1ndose en lo que se denomina el registro geol\u00f3gico. \u00abCuando los futuros ge\u00f3logos analicen las rocas de este periodo, podr\u00e1n reconocer el impacto humano en la Tierra identificando estos materiales no naturales junto a los materiales naturales\u00bb, reflexiona.<\/p>\n<p>Aunque a\u00fan no sea posible definir los impactos de estas rocas de composici\u00f3n pl\u00e1stica en el medio ambiente y c\u00f3mo se comportar\u00e1n en el registro geol\u00f3gico, Fernanda sugiere que las Geociencias empiecen a considerar la acci\u00f3n humana, as\u00ed como los materiales antropog\u00e9nicos, como atributos fundamentales en los procesos recientes.<\/p>\n<blockquote><p>\u00abActualmente, los conceptos cl\u00e1sicos de la Geolog\u00eda consideran solo los factores naturales como preponderantes para definir t\u00e9rminos, como la definici\u00f3n de roca. En la perspectiva del Antropoceno, es necesario actualizar estos criterios e integrar la acci\u00f3n humana como aspecto fundamental. De esta forma, podremos entender c\u00f3mo estamos impactando en el actual sistema terrestre y buscar soluciones para atenuar y construir un futuro geol\u00f3gico en armon\u00eda con los sistemas naturales\u00bb, advierte la cient\u00edfica.<\/p><\/blockquote>\n<p>El impacto humano en el planeta Tierra es el campo de estudio de los investigadores del Antropoceno, una perspectiva que representa el momento en que la humanidad se est\u00e1 convirtiendo en el agente geol\u00f3gico activo de los procesos geol\u00f3gicos actuales.<\/p>\n<p>El tiempo geol\u00f3gico sustenta importantes teor\u00edas fundamentales de la ciencia moderna, como la Teor\u00eda de la Evoluci\u00f3n, y representa el reconocimiento de una escala cronol\u00f3gica que subdivide los 4.500 millones de a\u00f1os de historia de la Tierra y es crucial para comprender la evoluci\u00f3n del planeta, desde sus inicios hasta c\u00f3mo lo conocemos hoy.<\/p>\n<h5 style=\"text-align: right;\">Por <strong>J\u00e9ssica Tokarski<\/strong> | Edicci\u00f3n: <strong>Rodrigo Choinski<\/strong><\/h5>\n","protected":false},"excerpt":{"rendered":"<p>Traducido por Gabriel Camargo Onesko\u00a0y publicado en septiembre de 2024 | Texto original en portugu\u00e9s El aumento de la producci\u00f3n y el consumo de nuevos materiales, procedentes del desarrollo tecnol\u00f3gico,&#8230;<\/p>\n","protected":false},"author":2801,"featured_media":1685,"comment_status":"open","ping_status":"open","sticky":false,"template":"","format":"standard","meta":{"_acf_changed":false,"footnotes":"","fifu_image_url":"https:\/\/ciencia.ufpr.br\/portal\/wp-content\/uploads\/2023\/01\/download-ilha-1536x864.jpeg","fifu_image_alt":"","_jetpack_memberships_contains_paid_content":false},"categories":[82,132,131,87,83,129],"tags":[204,134,93,205,206,136,207,208,209],"acf":[],"yoast_head":"<!-- This site is optimized with the Yoast SEO plugin v23.5 - https:\/\/yoast.com\/wordpress\/plugins\/seo\/ -->\n<title>Investigadores descubren rocas formadas por pl\u00e1stico en la Isla de Trinidad - Ci\u00eancia UFPR Edici\u00f3n en espa\u00f1ol<\/title>\n<meta name=\"robots\" content=\"index, follow, max-snippet:-1, max-image-preview:large, max-video-preview:-1\" \/>\n<link rel=\"canonical\" href=\"https:\/\/ciencia.ufpr.br\/portal\/es\/investigadores-descubren-rocas-formadas-por-plastico-en-la-isla-de-trinidad\/\" \/>\n<meta property=\"og:locale\" content=\"es_ES\" \/>\n<meta property=\"og:type\" content=\"article\" \/>\n<meta property=\"og:title\" content=\"Investigadores descubren rocas formadas por pl\u00e1stico en la Isla de Trinidad - Ci\u00eancia UFPR Edici\u00f3n en espa\u00f1ol\" \/>\n<meta property=\"og:description\" content=\"Traducido por Gabriel Camargo Onesko\u00a0y publicado en septiembre de 2024 | Texto original en portugu\u00e9s El aumento de la producci\u00f3n y el consumo de nuevos materiales, procedentes del desarrollo tecnol\u00f3gico,...\" \/>\n<meta property=\"og:url\" content=\"https:\/\/ciencia.ufpr.br\/portal\/es\/investigadores-descubren-rocas-formadas-por-plastico-en-la-isla-de-trinidad\/\" \/>\n<meta property=\"og:site_name\" content=\"Ci\u00eancia UFPR Edici\u00f3n en espa\u00f1ol\" \/>\n<meta property=\"article:author\" content=\"https:\/\/facebook.com\/cienciaufproficial\/\" \/>\n<meta property=\"article:published_time\" content=\"2024-09-07T01:03:26+00:00\" \/>\n<meta property=\"article:modified_time\" content=\"2024-09-07T01:46:44+00:00\" \/>\n<meta property=\"og:image\" content=\"https:\/\/ciencia.ufpr.br\/portal\/wp-content\/uploads\/2023\/01\/download-ilha-1536x864.jpeg\" \/>\n<meta name=\"author\" content=\"Revista Ci\u00eancia UFPR\" \/>\n<meta name=\"twitter:card\" content=\"summary_large_image\" \/>\n<meta name=\"twitter:image\" content=\"https:\/\/ciencia.ufpr.br\/portal\/wp-content\/uploads\/2023\/01\/download-ilha-1536x864.jpeg\" \/>\n<meta name=\"twitter:creator\" content=\"@cienciaufpr\" \/>\n<meta name=\"twitter:label1\" content=\"Escrito por\" \/>\n\t<meta name=\"twitter:data1\" content=\"Revista Ci\u00eancia UFPR\" \/>\n\t<meta name=\"twitter:label2\" content=\"Tiempo de lectura\" \/>\n\t<meta name=\"twitter:data2\" content=\"6 minutos\" \/>\n<script type=\"application\/ld+json\" class=\"yoast-schema-graph\">{\"@context\":\"https:\/\/schema.org\",\"@graph\":[{\"@type\":\"WebPage\",\"@id\":\"https:\/\/ciencia.ufpr.br\/portal\/es\/investigadores-descubren-rocas-formadas-por-plastico-en-la-isla-de-trinidad\/\",\"url\":\"https:\/\/ciencia.ufpr.br\/portal\/es\/investigadores-descubren-rocas-formadas-por-plastico-en-la-isla-de-trinidad\/\",\"name\":\"Investigadores descubren rocas formadas por pl\u00e1stico en la Isla de Trinidad - Ci\u00eancia UFPR Edici\u00f3n en espa\u00f1ol\",\"isPartOf\":{\"@id\":\"https:\/\/ciencia.ufpr.br\/portal\/es\/#website\"},\"primaryImageOfPage\":{\"@id\":\"https:\/\/ciencia.ufpr.br\/portal\/es\/investigadores-descubren-rocas-formadas-por-plastico-en-la-isla-de-trinidad\/#primaryimage\"},\"image\":{\"@id\":\"https:\/\/ciencia.ufpr.br\/portal\/es\/investigadores-descubren-rocas-formadas-por-plastico-en-la-isla-de-trinidad\/#primaryimage\"},\"thumbnailUrl\":\"https:\/\/ciencia.ufpr.br\/portal\/wp-content\/uploads\/2023\/01\/download-ilha-1536x864.jpeg\",\"datePublished\":\"2024-09-07T01:03:26+00:00\",\"dateModified\":\"2024-09-07T01:46:44+00:00\",\"author\":{\"@id\":\"https:\/\/ciencia.ufpr.br\/portal\/es\/#\/schema\/person\/667496d81ec02b6172c2caededef2737\"},\"breadcrumb\":{\"@id\":\"https:\/\/ciencia.ufpr.br\/portal\/es\/investigadores-descubren-rocas-formadas-por-plastico-en-la-isla-de-trinidad\/#breadcrumb\"},\"inLanguage\":\"es\",\"potentialAction\":[{\"@type\":\"ReadAction\",\"target\":[\"https:\/\/ciencia.ufpr.br\/portal\/es\/investigadores-descubren-rocas-formadas-por-plastico-en-la-isla-de-trinidad\/\"]}]},{\"@type\":\"ImageObject\",\"inLanguage\":\"es\",\"@id\":\"https:\/\/ciencia.ufpr.br\/portal\/es\/investigadores-descubren-rocas-formadas-por-plastico-en-la-isla-de-trinidad\/#primaryimage\",\"url\":\"https:\/\/ciencia.ufpr.br\/portal\/wp-content\/uploads\/2023\/01\/download-ilha-1536x864.jpeg\",\"contentUrl\":\"https:\/\/ciencia.ufpr.br\/portal\/wp-content\/uploads\/2023\/01\/download-ilha-1536x864.jpeg\",\"width\":\"1536\",\"height\":\"864\"},{\"@type\":\"BreadcrumbList\",\"@id\":\"https:\/\/ciencia.ufpr.br\/portal\/es\/investigadores-descubren-rocas-formadas-por-plastico-en-la-isla-de-trinidad\/#breadcrumb\",\"itemListElement\":[{\"@type\":\"ListItem\",\"position\":1,\"name\":\"In\u00edcio\",\"item\":\"https:\/\/ciencia.ufpr.br\/portal\/es\/\"},{\"@type\":\"ListItem\",\"position\":2,\"name\":\"Investigadores descubren rocas formadas por pl\u00e1stico en la Isla de Trinidad\"}]},{\"@type\":\"WebSite\",\"@id\":\"https:\/\/ciencia.ufpr.br\/portal\/es\/#website\",\"url\":\"https:\/\/ciencia.ufpr.br\/portal\/es\/\",\"name\":\"Ci\u00eancia UFPR Edici\u00f3n en espa\u00f1ol\",\"description\":\"Portal de periodismo y divulgaci\u00f3n cient\u00edfica sobre el conocimiento producido en la Universidad Federal de Paran\u00e1 (UFPR). Basado en revista Ciencia UFPR.\",\"potentialAction\":[{\"@type\":\"SearchAction\",\"target\":{\"@type\":\"EntryPoint\",\"urlTemplate\":\"https:\/\/ciencia.ufpr.br\/portal\/es\/?s={search_term_string}\"},\"query-input\":{\"@type\":\"PropertyValueSpecification\",\"valueRequired\":true,\"valueName\":\"search_term_string\"}}],\"inLanguage\":\"es\"},{\"@type\":\"Person\",\"@id\":\"https:\/\/ciencia.ufpr.br\/portal\/es\/#\/schema\/person\/667496d81ec02b6172c2caededef2737\",\"name\":\"Revista Ci\u00eancia UFPR\",\"image\":{\"@type\":\"ImageObject\",\"inLanguage\":\"es\",\"@id\":\"https:\/\/ciencia.ufpr.br\/portal\/es\/#\/schema\/person\/image\/\",\"url\":\"https:\/\/secure.gravatar.com\/avatar\/f318479c96dbe1ab1a1127569c408ea6?s=96&d=mm&r=g\",\"contentUrl\":\"https:\/\/secure.gravatar.com\/avatar\/f318479c96dbe1ab1a1127569c408ea6?s=96&d=mm&r=g\",\"caption\":\"Revista Ci\u00eancia UFPR\"},\"description\":\"Site de jornalismo e divulga\u00e7\u00e3o cient\u00edficos sobre o conhecimento produzido na Universidade Federal do Paran\u00e1 (UFPR). Baseado na Revista Ci\u00eancia UFPR, editada pela Superintend\u00eancia de Comunica\u00e7\u00e3o (Sucom) desde 2016.\",\"sameAs\":[\"https:\/\/ciencia.ufpr.br\/portal\/\",\"https:\/\/facebook.com\/cienciaufproficial\/\",\"https:\/\/www.instagram.com\/revistacienciaufpr\/\",\"https:\/\/br.pinterest.com\/cienciaufpr\/\",\"https:\/\/x.com\/cienciaufpr\",\"https:\/\/soundcloud.com\/revista-ciencia-ufpr\"],\"url\":\"https:\/\/ciencia.ufpr.br\/portal\/es\/author\/revistaciencia\/\"}]}<\/script>\n<!-- \/ Yoast SEO plugin. -->","yoast_head_json":{"title":"Investigadores descubren rocas formadas por pl\u00e1stico en la Isla de Trinidad - Ci\u00eancia UFPR Edici\u00f3n en espa\u00f1ol","robots":{"index":"index","follow":"follow","max-snippet":"max-snippet:-1","max-image-preview":"max-image-preview:large","max-video-preview":"max-video-preview:-1"},"canonical":"https:\/\/ciencia.ufpr.br\/portal\/es\/investigadores-descubren-rocas-formadas-por-plastico-en-la-isla-de-trinidad\/","og_locale":"es_ES","og_type":"article","og_title":"Investigadores descubren rocas formadas por pl\u00e1stico en la Isla de Trinidad - Ci\u00eancia UFPR Edici\u00f3n en espa\u00f1ol","og_description":"Traducido por Gabriel Camargo Onesko\u00a0y publicado en septiembre de 2024 | Texto original en portugu\u00e9s El aumento de la producci\u00f3n y el consumo de nuevos materiales, procedentes del desarrollo tecnol\u00f3gico,...","og_url":"https:\/\/ciencia.ufpr.br\/portal\/es\/investigadores-descubren-rocas-formadas-por-plastico-en-la-isla-de-trinidad\/","og_site_name":"Ci\u00eancia UFPR Edici\u00f3n en espa\u00f1ol","article_author":"https:\/\/facebook.com\/cienciaufproficial\/","article_published_time":"2024-09-07T01:03:26+00:00","article_modified_time":"2024-09-07T01:46:44+00:00","og_image":[{"url":"https:\/\/ciencia.ufpr.br\/portal\/wp-content\/uploads\/2023\/01\/download-ilha-1536x864.jpeg"}],"author":"Revista Ci\u00eancia UFPR","twitter_card":"summary_large_image","twitter_image":"https:\/\/ciencia.ufpr.br\/portal\/wp-content\/uploads\/2023\/01\/download-ilha-1536x864.jpeg","twitter_creator":"@cienciaufpr","twitter_misc":{"Escrito por":"Revista Ci\u00eancia UFPR","Tiempo de lectura":"6 minutos"},"schema":{"@context":"https:\/\/schema.org","@graph":[{"@type":"WebPage","@id":"https:\/\/ciencia.ufpr.br\/portal\/es\/investigadores-descubren-rocas-formadas-por-plastico-en-la-isla-de-trinidad\/","url":"https:\/\/ciencia.ufpr.br\/portal\/es\/investigadores-descubren-rocas-formadas-por-plastico-en-la-isla-de-trinidad\/","name":"Investigadores descubren rocas formadas por pl\u00e1stico en la Isla de Trinidad - Ci\u00eancia UFPR Edici\u00f3n en espa\u00f1ol","isPartOf":{"@id":"https:\/\/ciencia.ufpr.br\/portal\/es\/#website"},"primaryImageOfPage":{"@id":"https:\/\/ciencia.ufpr.br\/portal\/es\/investigadores-descubren-rocas-formadas-por-plastico-en-la-isla-de-trinidad\/#primaryimage"},"image":{"@id":"https:\/\/ciencia.ufpr.br\/portal\/es\/investigadores-descubren-rocas-formadas-por-plastico-en-la-isla-de-trinidad\/#primaryimage"},"thumbnailUrl":"https:\/\/ciencia.ufpr.br\/portal\/wp-content\/uploads\/2023\/01\/download-ilha-1536x864.jpeg","datePublished":"2024-09-07T01:03:26+00:00","dateModified":"2024-09-07T01:46:44+00:00","author":{"@id":"https:\/\/ciencia.ufpr.br\/portal\/es\/#\/schema\/person\/667496d81ec02b6172c2caededef2737"},"breadcrumb":{"@id":"https:\/\/ciencia.ufpr.br\/portal\/es\/investigadores-descubren-rocas-formadas-por-plastico-en-la-isla-de-trinidad\/#breadcrumb"},"inLanguage":"es","potentialAction":[{"@type":"ReadAction","target":["https:\/\/ciencia.ufpr.br\/portal\/es\/investigadores-descubren-rocas-formadas-por-plastico-en-la-isla-de-trinidad\/"]}]},{"@type":"ImageObject","inLanguage":"es","@id":"https:\/\/ciencia.ufpr.br\/portal\/es\/investigadores-descubren-rocas-formadas-por-plastico-en-la-isla-de-trinidad\/#primaryimage","url":"https:\/\/ciencia.ufpr.br\/portal\/wp-content\/uploads\/2023\/01\/download-ilha-1536x864.jpeg","contentUrl":"https:\/\/ciencia.ufpr.br\/portal\/wp-content\/uploads\/2023\/01\/download-ilha-1536x864.jpeg","width":"1536","height":"864"},{"@type":"BreadcrumbList","@id":"https:\/\/ciencia.ufpr.br\/portal\/es\/investigadores-descubren-rocas-formadas-por-plastico-en-la-isla-de-trinidad\/#breadcrumb","itemListElement":[{"@type":"ListItem","position":1,"name":"In\u00edcio","item":"https:\/\/ciencia.ufpr.br\/portal\/es\/"},{"@type":"ListItem","position":2,"name":"Investigadores descubren rocas formadas por pl\u00e1stico en la Isla de Trinidad"}]},{"@type":"WebSite","@id":"https:\/\/ciencia.ufpr.br\/portal\/es\/#website","url":"https:\/\/ciencia.ufpr.br\/portal\/es\/","name":"Ci\u00eancia UFPR Edici\u00f3n en espa\u00f1ol","description":"Portal de periodismo y divulgaci\u00f3n cient\u00edfica sobre el conocimiento producido en la Universidad Federal de Paran\u00e1 (UFPR). Basado en revista Ciencia UFPR.","potentialAction":[{"@type":"SearchAction","target":{"@type":"EntryPoint","urlTemplate":"https:\/\/ciencia.ufpr.br\/portal\/es\/?s={search_term_string}"},"query-input":{"@type":"PropertyValueSpecification","valueRequired":true,"valueName":"search_term_string"}}],"inLanguage":"es"},{"@type":"Person","@id":"https:\/\/ciencia.ufpr.br\/portal\/es\/#\/schema\/person\/667496d81ec02b6172c2caededef2737","name":"Revista Ci\u00eancia UFPR","image":{"@type":"ImageObject","inLanguage":"es","@id":"https:\/\/ciencia.ufpr.br\/portal\/es\/#\/schema\/person\/image\/","url":"https:\/\/secure.gravatar.com\/avatar\/f318479c96dbe1ab1a1127569c408ea6?s=96&d=mm&r=g","contentUrl":"https:\/\/secure.gravatar.com\/avatar\/f318479c96dbe1ab1a1127569c408ea6?s=96&d=mm&r=g","caption":"Revista Ci\u00eancia UFPR"},"description":"Site de jornalismo e divulga\u00e7\u00e3o cient\u00edficos sobre o conhecimento produzido na Universidade Federal do Paran\u00e1 (UFPR). Baseado na Revista Ci\u00eancia UFPR, editada pela Superintend\u00eancia de Comunica\u00e7\u00e3o (Sucom) desde 2016.","sameAs":["https:\/\/ciencia.ufpr.br\/portal\/","https:\/\/facebook.com\/cienciaufproficial\/","https:\/\/www.instagram.com\/revistacienciaufpr\/","https:\/\/br.pinterest.com\/cienciaufpr\/","https:\/\/x.com\/cienciaufpr","https:\/\/soundcloud.com\/revista-ciencia-ufpr"],"url":"https:\/\/ciencia.ufpr.br\/portal\/es\/author\/revistaciencia\/"}]}},"views":1052,"jetpack_sharing_enabled":true,"jetpack_featured_media_url":"https:\/\/ciencia.ufpr.br\/portal\/wp-content\/uploads\/2023\/01\/download-ilha-1536x864.jpeg","amp_enabled":true,"_links":{"self":[{"href":"https:\/\/ciencia.ufpr.br\/portal\/es\/wp-json\/wp\/v2\/posts\/1684"}],"collection":[{"href":"https:\/\/ciencia.ufpr.br\/portal\/es\/wp-json\/wp\/v2\/posts"}],"about":[{"href":"https:\/\/ciencia.ufpr.br\/portal\/es\/wp-json\/wp\/v2\/types\/post"}],"author":[{"embeddable":true,"href":"https:\/\/ciencia.ufpr.br\/portal\/es\/wp-json\/wp\/v2\/users\/2801"}],"replies":[{"embeddable":true,"href":"https:\/\/ciencia.ufpr.br\/portal\/es\/wp-json\/wp\/v2\/comments?post=1684"}],"version-history":[{"count":10,"href":"https:\/\/ciencia.ufpr.br\/portal\/es\/wp-json\/wp\/v2\/posts\/1684\/revisions"}],"predecessor-version":[{"id":1709,"href":"https:\/\/ciencia.ufpr.br\/portal\/es\/wp-json\/wp\/v2\/posts\/1684\/revisions\/1709"}],"wp:featuredmedia":[{"embeddable":true,"href":"https:\/\/ciencia.ufpr.br\/portal\/es\/wp-json\/wp\/v2\/media\/1685"}],"wp:attachment":[{"href":"https:\/\/ciencia.ufpr.br\/portal\/es\/wp-json\/wp\/v2\/media?parent=1684"}],"wp:term":[{"taxonomy":"category","embeddable":true,"href":"https:\/\/ciencia.ufpr.br\/portal\/es\/wp-json\/wp\/v2\/categories?post=1684"},{"taxonomy":"post_tag","embeddable":true,"href":"https:\/\/ciencia.ufpr.br\/portal\/es\/wp-json\/wp\/v2\/tags?post=1684"}],"curies":[{"name":"wp","href":"https:\/\/api.w.org\/{rel}","templated":true}]}}